{"id":29742,"date":"2016-06-02T19:01:45","date_gmt":"2016-06-02T17:31:45","guid":{"rendered":"http:\/\/candas365.es\/noticias\/?p=29742"},"modified":"2016-06-02T19:01:45","modified_gmt":"2016-06-02T17:31:45","slug":"cristiano-participa-en-el-ultimo-video-de-hyundai-para-la-eurocopa-2016","status":"publish","type":"post","link":"https:\/\/candas365.es\/noticias\/cristiano-participa-en-el-ultimo-video-de-hyundai-para-la-eurocopa-2016\/","title":{"rendered":"Cristiano participa en el \u00faltimo v\u00eddeo de Hyundai para la Eurocopa 2016"},"content":{"rendered":"<p><img fetchpriority=\"high\" decoding=\"async\" class=\"alignleft size-medium wp-image-29743\" src=\"https:\/\/candas365.es\/noticias\/wp-content\/uploads\/2016\/06\/1464866781_CristianoRonaldo_Hyundai-360x195.jpg\" alt=\"1464866781_CristianoRonaldo_Hyundai\" width=\"360\" height=\"195\" srcset=\"https:\/\/candas365.es\/noticias\/wp-content\/uploads\/2016\/06\/1464866781_CristianoRonaldo_Hyundai-360x195.jpg 360w, https:\/\/candas365.es\/noticias\/wp-content\/uploads\/2016\/06\/1464866781_CristianoRonaldo_Hyundai-650x352.jpg 650w, https:\/\/candas365.es\/noticias\/wp-content\/uploads\/2016\/06\/1464866781_CristianoRonaldo_Hyundai-768x416.jpg 768w, https:\/\/candas365.es\/noticias\/wp-content\/uploads\/2016\/06\/1464866781_CristianoRonaldo_Hyundai-150x81.jpg 150w, https:\/\/candas365.es\/noticias\/wp-content\/uploads\/2016\/06\/1464866781_CristianoRonaldo_Hyundai-450x244.jpg 450w, https:\/\/candas365.es\/noticias\/wp-content\/uploads\/2016\/06\/1464866781_CristianoRonaldo_Hyundai-655x355.jpg 655w, https:\/\/candas365.es\/noticias\/wp-content\/uploads\/2016\/06\/1464866781_CristianoRonaldo_Hyundai-696x377.jpg 696w, https:\/\/candas365.es\/noticias\/wp-content\/uploads\/2016\/06\/1464866781_CristianoRonaldo_Hyundai.jpg 771w\" sizes=\"(max-width: 360px) 100vw, 360px\" \/>El jugador Cristiano Ronaldo participa en el segundo v\u00eddeo de la campa\u00f1a \u2018Real Fans Euro 2016\u2019 de Hyundai, cuyo primer v\u00eddeo de lanzamiento lleva m\u00e1s de 34 millones de visitas en todo el mundo. Como patrocinador oficial de la Eurocopa 2016 el gigante coreano presenta as\u00ed la segunda parte de esta campa\u00f1a, The wait, que muestra a dos fans muy diferentes pero a la vez unidos por su pasi\u00f3n por el f\u00fatbol y los colores de su selecci\u00f3n.<\/p>\n<p><iframe src=\"https:\/\/www.youtube.com\/embed\/GBuPeSTfBpI\" width=\"650\" height=\"599\" frameborder=\"0\" allowfullscreen=\"allowfullscreen\"><\/iframe><\/p>\n<p>En el v\u00eddeo, tanto la ni\u00f1a como el se\u00f1or mayor llegan tarde al encuentro de su equipo en la Eurocopa 2016 debido al tr\u00e1fico. Sin embargo, las estrellas del f\u00fatbol, entre ellas el jugador del Real Madrid Cristiano Ronaldo, le piden al \u00e1rbitro retrasar el partido hasta que lleguen los que faltan. Y es que los que faltan son dos verdaderos fans, como a todos los que Hyundai quiere premiar durante esta Eurocopa 2016.<\/p>\n<p>Hyundai ya present\u00f3 en el primer v\u00eddeo de esta campa\u00f1a, \u2018Euro 2016 is coming\u2019, el Fan Park, una plataforma online en ya se est\u00e1n regalando entradas a los verdaderos fans. Los seguidores deben subir una foto mostrando el apoyo a sus selecciones, y los que m\u00e1s votos consigan en sus im\u00e1genes tienen la oportunidad de ganar entradas. Para los que tengan la suerte de tener su pase para alg\u00fan partido de la Eurocopa 2016, Hyundai les ofrece la oportunidad de ganar una experiencia premium con ch\u00f3fer que les llevar\u00e1 desde el hotel hasta el estadio \u00a1con mucho estilo!<\/p>\n<p>Si t\u00fa tambi\u00e9n quieres tener la oportunidad de ganar entradas para la Eurocopa 2016 y experiencias premiums durante la cita del f\u00fatbol europeo, entra en la plataforma Real Fans de Hyundai y \u00a1demuestra tus ganas de asistir a la Eurocopa 2016!<\/p>\n","protected":false},"excerpt":{"rendered":"<p>El jugador Cristiano Ronaldo participa en el segundo v\u00eddeo de la campa\u00f1a \u2018Real Fans Euro 2016\u2019 de Hyundai, cuyo primer v\u00eddeo de lanzamiento lleva m\u00e1s de 34 millones de visitas en todo el mundo. Como patrocinador oficial de la Eurocopa 2016 el gigante coreano presenta as\u00ed la segunda parte de esta campa\u00f1a, The wait, que<\/p>\n","protected":false},"author":1,"featured_media":29743,"comment_status":"closed","ping_status":"closed","sticky":false,"template":"","format":"standard","meta":{"footnotes":""},"categories":[343],"tags":[],"class_list":{"0":"post-29742","1":"post","2":"type-post","3":"status-publish","4":"format-standard","5":"has-post-thumbnail","7":"category-actualidad"},"aioseo_notices":[],"aioseo_head":"\n\t\t<!-- All in One SEO Pro 4.9.6.2 - aioseo.com -->\n\t<meta name=\"description\" content=\"El jugador Cristiano Ronaldo participa en el segundo v\u00eddeo de la campa\u00f1a \u2018Real Fans Euro 2016\u2019 de Hyundai, cuyo primer v\u00eddeo de lanzamiento lleva m\u00e1s de 34 millones de visitas en todo el mundo. Como patrocinador oficial de la Eurocopa 2016 el gigante coreano presenta as\u00ed la segunda parte de esta campa\u00f1a, The wait, que\" \/>\n\t<meta name=\"robots\" content=\"max-image-preview:large\" \/>\n\t<meta name=\"author\" content=\"Cand\u00e1s 365\"\/>\n\t<meta name=\"google-site-verification\" content=\"UA-32230408-1\" \/>\n\t<meta name=\"msvalidate.01\" content=\"354F3CDFB2DA171B47FBE9ABF1F88D5\" \/>\n\t<meta name=\"keywords\" content=\"actualidad\" \/>\n\t<link rel=\"canonical\" href=\"https:\/\/candas365.es\/noticias\/cristiano-participa-en-el-ultimo-video-de-hyundai-para-la-eurocopa-2016\/\" \/>\n\t<meta name=\"generator\" content=\"All in One SEO Pro (AIOSEO) 4.9.6.2\" \/>\n\t\t<meta property=\"og:locale\" content=\"es_ES\" \/>\n\t\t<meta property=\"og:site_name\" content=\"Cand\u00e1s 365\" \/>\n\t\t<meta property=\"og:type\" content=\"article\" \/>\n\t\t<meta property=\"og:title\" content=\"Cristiano participa en el \u00faltimo v\u00eddeo de Hyundai para la Eurocopa 2016 | Cand\u00e1s 365\" \/>\n\t\t<meta property=\"og:description\" content=\"El jugador Cristiano Ronaldo participa en el segundo v\u00eddeo de la campa\u00f1a \u2018Real Fans Euro 2016\u2019 de Hyundai, cuyo primer v\u00eddeo de lanzamiento lleva m\u00e1s de 34 millones de visitas en todo el mundo. Como patrocinador oficial de la Eurocopa 2016 el gigante coreano presenta as\u00ed la segunda parte de esta campa\u00f1a, The wait, que\" \/>\n\t\t<meta property=\"og:url\" content=\"https:\/\/candas365.es\/noticias\/cristiano-participa-en-el-ultimo-video-de-hyundai-para-la-eurocopa-2016\/\" \/>\n\t\t<meta property=\"og:image\" content=\"https:\/\/candas365.es\/noticias\/wp-content\/uploads\/2016\/06\/1464866781_CristianoRonaldo_Hyundai.jpg\" \/>\n\t\t<meta property=\"og:image:secure_url\" content=\"https:\/\/candas365.es\/noticias\/wp-content\/uploads\/2016\/06\/1464866781_CristianoRonaldo_Hyundai.jpg\" \/>\n\t\t<meta property=\"og:image:width\" content=\"771\" \/>\n\t\t<meta property=\"og:image:height\" content=\"418\" \/>\n\t\t<meta property=\"article:published_time\" content=\"2016-06-02T17:31:45+00:00\" \/>\n\t\t<meta property=\"article:modified_time\" content=\"2016-06-02T17:31:45+00:00\" \/>\n\t\t<meta property=\"article:publisher\" content=\"https:\/\/www.facebook.com\/Nachofdezber\" \/>\n\t\t<meta property=\"article:author\" content=\"https:\/\/www.facebook.com\/carrenoactualidad\" \/>\n\t\t<meta name=\"twitter:card\" content=\"summary_large_image\" \/>\n\t\t<meta name=\"twitter:site\" content=\"@NabercoDigital\" \/>\n\t\t<meta name=\"twitter:title\" content=\"Cristiano participa en el \u00faltimo v\u00eddeo de Hyundai para la Eurocopa 2016 | Cand\u00e1s 365\" \/>\n\t\t<meta name=\"twitter:description\" content=\"El jugador Cristiano Ronaldo participa en el segundo v\u00eddeo de la campa\u00f1a \u2018Real Fans Euro 2016\u2019 de Hyundai, cuyo primer v\u00eddeo de lanzamiento lleva m\u00e1s de 34 millones de visitas en todo el mundo. Como patrocinador oficial de la Eurocopa 2016 el gigante coreano presenta as\u00ed la segunda parte de esta campa\u00f1a, The wait, que\" \/>\n\t\t<meta name=\"twitter:creator\" content=\"@nbasturias\" \/>\n\t\t<meta name=\"twitter:image\" content=\"https:\/\/candas365.es\/noticias\/wp-content\/uploads\/2016\/06\/1464866781_CristianoRonaldo_Hyundai.jpg\" \/>\n\t\t<meta name=\"twitter:label1\" content=\"Escrito por\" \/>\n\t\t<meta name=\"twitter:data1\" content=\"Cand\u00e1s 365\" \/>\n\t\t<meta name=\"twitter:label2\" content=\"Tiempo de lectura estimado\" \/>\n\t\t<meta name=\"twitter:data2\" content=\"2 minutos\" \/>\n\t\t<script type=\"application\/ld+json\" class=\"aioseo-schema\">\n\t\t\t{\"@context\":\"https:\\\/\\\/schema.org\",\"@graph\":[{\"@type\":\"BreadcrumbList\",\"@id\":\"https:\\\/\\\/candas365.es\\\/noticias\\\/cristiano-participa-en-el-ultimo-video-de-hyundai-para-la-eurocopa-2016\\\/#breadcrumblist\",\"itemListElement\":[{\"@type\":\"ListItem\",\"@id\":\"https:\\\/\\\/candas365.es\\\/noticias#listItem\",\"position\":1,\"name\":\"Home\",\"item\":\"https:\\\/\\\/candas365.es\\\/noticias\",\"nextItem\":{\"@type\":\"ListItem\",\"@id\":\"https:\\\/\\\/candas365.es\\\/noticias\\\/category\\\/actualidad\\\/#listItem\",\"name\":\"Actualidad\"}},{\"@type\":\"ListItem\",\"@id\":\"https:\\\/\\\/candas365.es\\\/noticias\\\/category\\\/actualidad\\\/#listItem\",\"position\":2,\"name\":\"Actualidad\",\"item\":\"https:\\\/\\\/candas365.es\\\/noticias\\\/category\\\/actualidad\\\/\",\"nextItem\":{\"@type\":\"ListItem\",\"@id\":\"https:\\\/\\\/candas365.es\\\/noticias\\\/cristiano-participa-en-el-ultimo-video-de-hyundai-para-la-eurocopa-2016\\\/#listItem\",\"name\":\"Cristiano participa en el \\u00faltimo v\\u00eddeo de Hyundai para la Eurocopa 2016\"},\"previousItem\":{\"@type\":\"ListItem\",\"@id\":\"https:\\\/\\\/candas365.es\\\/noticias#listItem\",\"name\":\"Home\"}},{\"@type\":\"ListItem\",\"@id\":\"https:\\\/\\\/candas365.es\\\/noticias\\\/cristiano-participa-en-el-ultimo-video-de-hyundai-para-la-eurocopa-2016\\\/#listItem\",\"position\":3,\"name\":\"Cristiano participa en el \\u00faltimo v\\u00eddeo de Hyundai para la Eurocopa 2016\",\"previousItem\":{\"@type\":\"ListItem\",\"@id\":\"https:\\\/\\\/candas365.es\\\/noticias\\\/category\\\/actualidad\\\/#listItem\",\"name\":\"Actualidad\"}}]},{\"@type\":\"NewsArticle\",\"@id\":\"https:\\\/\\\/candas365.es\\\/noticias\\\/cristiano-participa-en-el-ultimo-video-de-hyundai-para-la-eurocopa-2016\\\/#newsarticle\",\"name\":\"Cristiano participa en el \\u00faltimo v\\u00eddeo de Hyundai para la Eurocopa 2016 | Cand\\u00e1s 365\",\"headline\":\"Cristiano participa en el \\u00faltimo v\\u00eddeo de Hyundai para la Eurocopa 2016\",\"author\":{\"@id\":\"https:\\\/\\\/candas365.es\\\/noticias\\\/author\\\/admin\\\/#author\"},\"publisher\":{\"@id\":\"https:\\\/\\\/candas365.es\\\/noticias\\\/#organization\"},\"image\":{\"@type\":\"ImageObject\",\"url\":\"https:\\\/\\\/candas365.es\\\/noticias\\\/wp-content\\\/uploads\\\/2016\\\/06\\\/1464866781_CristianoRonaldo_Hyundai.jpg\",\"width\":771,\"height\":418},\"datePublished\":\"2016-06-02T19:01:45+02:00\",\"dateModified\":\"2016-06-02T19:01:45+02:00\",\"inLanguage\":\"es-ES\",\"mainEntityOfPage\":{\"@id\":\"https:\\\/\\\/candas365.es\\\/noticias\\\/cristiano-participa-en-el-ultimo-video-de-hyundai-para-la-eurocopa-2016\\\/#webpage\"},\"isPartOf\":{\"@id\":\"https:\\\/\\\/candas365.es\\\/noticias\\\/cristiano-participa-en-el-ultimo-video-de-hyundai-para-la-eurocopa-2016\\\/#webpage\"},\"articleSection\":\"Actualidad\",\"dateline\":\"Publicado el junio 2, 2016.\"},{\"@type\":\"Organization\",\"@id\":\"https:\\\/\\\/candas365.es\\\/noticias\\\/#organization\",\"name\":\"Cand\\u00e1s 365\",\"description\":\"Cand\\u00e1s 365 es un diario digital independiente, fundado en 2012, con base en Asturias. Informamos con rigor sobre actualidad, sociedad, cultura y ocio, con una mirada local y global.\",\"url\":\"https:\\\/\\\/candas365.es\\\/noticias\\\/\",\"email\":\"info@candas365.es\",\"telephone\":\"+34652131393\",\"foundingDate\":\"2012-06-10\",\"logo\":{\"@type\":\"ImageObject\",\"url\":\"https:\\\/\\\/candas365.es\\\/noticias\\\/wp-content\\\/uploads\\\/2024\\\/09\\\/Candas-365-Redes.jpg\",\"@id\":\"https:\\\/\\\/candas365.es\\\/noticias\\\/cristiano-participa-en-el-ultimo-video-de-hyundai-para-la-eurocopa-2016\\\/#organizationLogo\",\"width\":1152,\"height\":864,\"caption\":\"Cand\\u00e1s 365 Redes\"},\"image\":{\"@id\":\"https:\\\/\\\/candas365.es\\\/noticias\\\/cristiano-participa-en-el-ultimo-video-de-hyundai-para-la-eurocopa-2016\\\/#organizationLogo\"},\"sameAs\":[\"https:\\\/\\\/www.facebook.com\\\/Nachofdezber\",\"https:\\\/\\\/x.com\\\/NabercoDigital\",\"https:\\\/\\\/www.instagram.com\\\/nachofdezber\\\/\",\"https:\\\/\\\/www.youtube.com\\\/channel\\\/UCZP-2wLEB9Rv6erhFmqVnvg\"],\"address\":{\"@id\":\"https:\\\/\\\/candas365.es\\\/noticias\\\/#postaladdress\",\"@type\":\"PostalAddress\",\"streetAddress\":\"san antonio 4, san antonio 4\",\"postalCode\":\"33430\",\"addressLocality\":\"Cand\\u00e1s\",\"addressRegion\":\"Asturias\",\"addressCountry\":\"ES\"}},{\"@type\":\"Person\",\"@id\":\"https:\\\/\\\/candas365.es\\\/noticias\\\/author\\\/admin\\\/#author\",\"url\":\"https:\\\/\\\/candas365.es\\\/noticias\\\/author\\\/admin\\\/\",\"name\":\"Cand\\u00e1s 365\",\"image\":{\"@type\":\"ImageObject\",\"@id\":\"https:\\\/\\\/candas365.es\\\/noticias\\\/cristiano-participa-en-el-ultimo-video-de-hyundai-para-la-eurocopa-2016\\\/#authorImage\",\"url\":\"https:\\\/\\\/secure.gravatar.com\\\/avatar\\\/496a8e03d0c493ede1718b7934145dbdf8d89be1036b0eec9544e1094c9de390?s=96&d=mm&r=g\",\"width\":96,\"height\":96,\"caption\":\"Cand\\u00e1s 365\"},\"sameAs\":[\"https:\\\/\\\/www.facebook.com\\\/carrenoactualidad\",\"https:\\\/\\\/twitter.com\\\/nbasturias\",\"https:\\\/\\\/www.instagram.com\\\/nachofdezber\\\/\",\"https:\\\/\\\/www.youtube.com\\\/channel\\\/UCZP-2wLEB9Rv6erhFmqVnvg\"]},{\"@type\":\"WebPage\",\"@id\":\"https:\\\/\\\/candas365.es\\\/noticias\\\/cristiano-participa-en-el-ultimo-video-de-hyundai-para-la-eurocopa-2016\\\/#webpage\",\"url\":\"https:\\\/\\\/candas365.es\\\/noticias\\\/cristiano-participa-en-el-ultimo-video-de-hyundai-para-la-eurocopa-2016\\\/\",\"name\":\"Cristiano participa en el \\u00faltimo v\\u00eddeo de Hyundai para la Eurocopa 2016 | Cand\\u00e1s 365\",\"description\":\"El jugador Cristiano Ronaldo participa en el segundo v\\u00eddeo de la campa\\u00f1a \\u2018Real Fans Euro 2016\\u2019 de Hyundai, cuyo primer v\\u00eddeo de lanzamiento lleva m\\u00e1s de 34 millones de visitas en todo el mundo. Como patrocinador oficial de la Eurocopa 2016 el gigante coreano presenta as\\u00ed la segunda parte de esta campa\\u00f1a, The wait, que\",\"inLanguage\":\"es-ES\",\"isPartOf\":{\"@id\":\"https:\\\/\\\/candas365.es\\\/noticias\\\/#website\"},\"breadcrumb\":{\"@id\":\"https:\\\/\\\/candas365.es\\\/noticias\\\/cristiano-participa-en-el-ultimo-video-de-hyundai-para-la-eurocopa-2016\\\/#breadcrumblist\"},\"author\":{\"@id\":\"https:\\\/\\\/candas365.es\\\/noticias\\\/author\\\/admin\\\/#author\"},\"creator\":{\"@id\":\"https:\\\/\\\/candas365.es\\\/noticias\\\/author\\\/admin\\\/#author\"},\"image\":{\"@type\":\"ImageObject\",\"url\":\"https:\\\/\\\/candas365.es\\\/noticias\\\/wp-content\\\/uploads\\\/2016\\\/06\\\/1464866781_CristianoRonaldo_Hyundai.jpg\",\"@id\":\"https:\\\/\\\/candas365.es\\\/noticias\\\/cristiano-participa-en-el-ultimo-video-de-hyundai-para-la-eurocopa-2016\\\/#mainImage\",\"width\":771,\"height\":418},\"primaryImageOfPage\":{\"@id\":\"https:\\\/\\\/candas365.es\\\/noticias\\\/cristiano-participa-en-el-ultimo-video-de-hyundai-para-la-eurocopa-2016\\\/#mainImage\"},\"datePublished\":\"2016-06-02T19:01:45+02:00\",\"dateModified\":\"2016-06-02T19:01:45+02:00\"},{\"@type\":\"WebSite\",\"@id\":\"https:\\\/\\\/candas365.es\\\/noticias\\\/#website\",\"url\":\"https:\\\/\\\/candas365.es\\\/noticias\\\/\",\"name\":\"Cand\\u00e1s 365\",\"alternateName\":\"Cand\\u00e1s 365 Noticias\",\"description\":\"Actualidad desde Carre\\u00f1o para el mundo\",\"inLanguage\":\"es-ES\",\"publisher\":{\"@id\":\"https:\\\/\\\/candas365.es\\\/noticias\\\/#organization\"}}]}\n\t\t<\/script>\n\t\t<!-- All in One SEO Pro -->\r\n\t\t<title>Cristiano participa en el \u00faltimo v\u00eddeo de Hyundai para la Eurocopa 2016 | Cand\u00e1s 365<\/title>\n\n","aioseo_head_json":{"title":"Cristiano participa en el \u00faltimo v\u00eddeo de Hyundai para la Eurocopa 2016 | Cand\u00e1s 365","description":"El jugador Cristiano Ronaldo participa en el segundo v\u00eddeo de la campa\u00f1a \u2018Real Fans Euro 2016\u2019 de Hyundai, cuyo primer v\u00eddeo de lanzamiento lleva m\u00e1s de 34 millones de visitas en todo el mundo. Como patrocinador oficial de la Eurocopa 2016 el gigante coreano presenta as\u00ed la segunda parte de esta campa\u00f1a, The wait, que","canonical_url":"https:\/\/candas365.es\/noticias\/cristiano-participa-en-el-ultimo-video-de-hyundai-para-la-eurocopa-2016\/","robots":"max-image-preview:large","keywords":"actualidad","webmasterTools":{"google-site-verification":"UA-32230408-1","msvalidate.01":"354F3CDFB2DA171B47FBE9ABF1F88D5","miscellaneous":""},"schema":{"@context":"https:\/\/schema.org","@graph":[{"@type":"BreadcrumbList","@id":"https:\/\/candas365.es\/noticias\/cristiano-participa-en-el-ultimo-video-de-hyundai-para-la-eurocopa-2016\/#breadcrumblist","itemListElement":[{"@type":"ListItem","@id":"https:\/\/candas365.es\/noticias#listItem","position":1,"name":"Home","item":"https:\/\/candas365.es\/noticias","nextItem":{"@type":"ListItem","@id":"https:\/\/candas365.es\/noticias\/category\/actualidad\/#listItem","name":"Actualidad"}},{"@type":"ListItem","@id":"https:\/\/candas365.es\/noticias\/category\/actualidad\/#listItem","position":2,"name":"Actualidad","item":"https:\/\/candas365.es\/noticias\/category\/actualidad\/","nextItem":{"@type":"ListItem","@id":"https:\/\/candas365.es\/noticias\/cristiano-participa-en-el-ultimo-video-de-hyundai-para-la-eurocopa-2016\/#listItem","name":"Cristiano participa en el \u00faltimo v\u00eddeo de Hyundai para la Eurocopa 2016"},"previousItem":{"@type":"ListItem","@id":"https:\/\/candas365.es\/noticias#listItem","name":"Home"}},{"@type":"ListItem","@id":"https:\/\/candas365.es\/noticias\/cristiano-participa-en-el-ultimo-video-de-hyundai-para-la-eurocopa-2016\/#listItem","position":3,"name":"Cristiano participa en el \u00faltimo v\u00eddeo de Hyundai para la Eurocopa 2016","previousItem":{"@type":"ListItem","@id":"https:\/\/candas365.es\/noticias\/category\/actualidad\/#listItem","name":"Actualidad"}}]},{"@type":"NewsArticle","@id":"https:\/\/candas365.es\/noticias\/cristiano-participa-en-el-ultimo-video-de-hyundai-para-la-eurocopa-2016\/#newsarticle","name":"Cristiano participa en el \u00faltimo v\u00eddeo de Hyundai para la Eurocopa 2016 | Cand\u00e1s 365","headline":"Cristiano participa en el \u00faltimo v\u00eddeo de Hyundai para la Eurocopa 2016","author":{"@id":"https:\/\/candas365.es\/noticias\/author\/admin\/#author"},"publisher":{"@id":"https:\/\/candas365.es\/noticias\/#organization"},"image":{"@type":"ImageObject","url":"https:\/\/candas365.es\/noticias\/wp-content\/uploads\/2016\/06\/1464866781_CristianoRonaldo_Hyundai.jpg","width":771,"height":418},"datePublished":"2016-06-02T19:01:45+02:00","dateModified":"2016-06-02T19:01:45+02:00","inLanguage":"es-ES","mainEntityOfPage":{"@id":"https:\/\/candas365.es\/noticias\/cristiano-participa-en-el-ultimo-video-de-hyundai-para-la-eurocopa-2016\/#webpage"},"isPartOf":{"@id":"https:\/\/candas365.es\/noticias\/cristiano-participa-en-el-ultimo-video-de-hyundai-para-la-eurocopa-2016\/#webpage"},"articleSection":"Actualidad","dateline":"Publicado el junio 2, 2016."},{"@type":"Organization","@id":"https:\/\/candas365.es\/noticias\/#organization","name":"Cand\u00e1s 365","description":"Cand\u00e1s 365 es un diario digital independiente, fundado en 2012, con base en Asturias. Informamos con rigor sobre actualidad, sociedad, cultura y ocio, con una mirada local y global.","url":"https:\/\/candas365.es\/noticias\/","email":"info@candas365.es","telephone":"+34652131393","foundingDate":"2012-06-10","logo":{"@type":"ImageObject","url":"https:\/\/candas365.es\/noticias\/wp-content\/uploads\/2024\/09\/Candas-365-Redes.jpg","@id":"https:\/\/candas365.es\/noticias\/cristiano-participa-en-el-ultimo-video-de-hyundai-para-la-eurocopa-2016\/#organizationLogo","width":1152,"height":864,"caption":"Cand\u00e1s 365 Redes"},"image":{"@id":"https:\/\/candas365.es\/noticias\/cristiano-participa-en-el-ultimo-video-de-hyundai-para-la-eurocopa-2016\/#organizationLogo"},"sameAs":["https:\/\/www.facebook.com\/Nachofdezber","https:\/\/x.com\/NabercoDigital","https:\/\/www.instagram.com\/nachofdezber\/","https:\/\/www.youtube.com\/channel\/UCZP-2wLEB9Rv6erhFmqVnvg"],"address":{"@id":"https:\/\/candas365.es\/noticias\/#postaladdress","@type":"PostalAddress","streetAddress":"san antonio 4, san antonio 4","postalCode":"33430","addressLocality":"Cand\u00e1s","addressRegion":"Asturias","addressCountry":"ES"}},{"@type":"Person","@id":"https:\/\/candas365.es\/noticias\/author\/admin\/#author","url":"https:\/\/candas365.es\/noticias\/author\/admin\/","name":"Cand\u00e1s 365","image":{"@type":"ImageObject","@id":"https:\/\/candas365.es\/noticias\/cristiano-participa-en-el-ultimo-video-de-hyundai-para-la-eurocopa-2016\/#authorImage","url":"https:\/\/secure.gravatar.com\/avatar\/496a8e03d0c493ede1718b7934145dbdf8d89be1036b0eec9544e1094c9de390?s=96&d=mm&r=g","width":96,"height":96,"caption":"Cand\u00e1s 365"},"sameAs":["https:\/\/www.facebook.com\/carrenoactualidad","https:\/\/twitter.com\/nbasturias","https:\/\/www.instagram.com\/nachofdezber\/","https:\/\/www.youtube.com\/channel\/UCZP-2wLEB9Rv6erhFmqVnvg"]},{"@type":"WebPage","@id":"https:\/\/candas365.es\/noticias\/cristiano-participa-en-el-ultimo-video-de-hyundai-para-la-eurocopa-2016\/#webpage","url":"https:\/\/candas365.es\/noticias\/cristiano-participa-en-el-ultimo-video-de-hyundai-para-la-eurocopa-2016\/","name":"Cristiano participa en el \u00faltimo v\u00eddeo de Hyundai para la Eurocopa 2016 | Cand\u00e1s 365","description":"El jugador Cristiano Ronaldo participa en el segundo v\u00eddeo de la campa\u00f1a \u2018Real Fans Euro 2016\u2019 de Hyundai, cuyo primer v\u00eddeo de lanzamiento lleva m\u00e1s de 34 millones de visitas en todo el mundo. Como patrocinador oficial de la Eurocopa 2016 el gigante coreano presenta as\u00ed la segunda parte de esta campa\u00f1a, The wait, que","inLanguage":"es-ES","isPartOf":{"@id":"https:\/\/candas365.es\/noticias\/#website"},"breadcrumb":{"@id":"https:\/\/candas365.es\/noticias\/cristiano-participa-en-el-ultimo-video-de-hyundai-para-la-eurocopa-2016\/#breadcrumblist"},"author":{"@id":"https:\/\/candas365.es\/noticias\/author\/admin\/#author"},"creator":{"@id":"https:\/\/candas365.es\/noticias\/author\/admin\/#author"},"image":{"@type":"ImageObject","url":"https:\/\/candas365.es\/noticias\/wp-content\/uploads\/2016\/06\/1464866781_CristianoRonaldo_Hyundai.jpg","@id":"https:\/\/candas365.es\/noticias\/cristiano-participa-en-el-ultimo-video-de-hyundai-para-la-eurocopa-2016\/#mainImage","width":771,"height":418},"primaryImageOfPage":{"@id":"https:\/\/candas365.es\/noticias\/cristiano-participa-en-el-ultimo-video-de-hyundai-para-la-eurocopa-2016\/#mainImage"},"datePublished":"2016-06-02T19:01:45+02:00","dateModified":"2016-06-02T19:01:45+02:00"},{"@type":"WebSite","@id":"https:\/\/candas365.es\/noticias\/#website","url":"https:\/\/candas365.es\/noticias\/","name":"Cand\u00e1s 365","alternateName":"Cand\u00e1s 365 Noticias","description":"Actualidad desde Carre\u00f1o para el mundo","inLanguage":"es-ES","publisher":{"@id":"https:\/\/candas365.es\/noticias\/#organization"}}]},"og:locale":"es_ES","og:site_name":"Cand\u00e1s 365","og:type":"article","og:title":"Cristiano participa en el \u00faltimo v\u00eddeo de Hyundai para la Eurocopa 2016 | Cand\u00e1s 365","og:description":"El jugador Cristiano Ronaldo participa en el segundo v\u00eddeo de la campa\u00f1a \u2018Real Fans Euro 2016\u2019 de Hyundai, cuyo primer v\u00eddeo de lanzamiento lleva m\u00e1s de 34 millones de visitas en todo el mundo. Como patrocinador oficial de la Eurocopa 2016 el gigante coreano presenta as\u00ed la segunda parte de esta campa\u00f1a, The wait, que","og:url":"https:\/\/candas365.es\/noticias\/cristiano-participa-en-el-ultimo-video-de-hyundai-para-la-eurocopa-2016\/","og:image":"https:\/\/candas365.es\/noticias\/wp-content\/uploads\/2016\/06\/1464866781_CristianoRonaldo_Hyundai.jpg","og:image:secure_url":"https:\/\/candas365.es\/noticias\/wp-content\/uploads\/2016\/06\/1464866781_CristianoRonaldo_Hyundai.jpg","og:image:width":771,"og:image:height":418,"article:published_time":"2016-06-02T17:31:45+00:00","article:modified_time":"2016-06-02T17:31:45+00:00","article:publisher":"https:\/\/www.facebook.com\/Nachofdezber","article:author":"https:\/\/www.facebook.com\/carrenoactualidad","twitter:card":"summary_large_image","twitter:site":"@NabercoDigital","twitter:title":"Cristiano participa en el \u00faltimo v\u00eddeo de Hyundai para la Eurocopa 2016 | Cand\u00e1s 365","twitter:description":"El jugador Cristiano Ronaldo participa en el segundo v\u00eddeo de la campa\u00f1a \u2018Real Fans Euro 2016\u2019 de Hyundai, cuyo primer v\u00eddeo de lanzamiento lleva m\u00e1s de 34 millones de visitas en todo el mundo. Como patrocinador oficial de la Eurocopa 2016 el gigante coreano presenta as\u00ed la segunda parte de esta campa\u00f1a, The wait, que","twitter:creator":"@nbasturias","twitter:image":"https:\/\/candas365.es\/noticias\/wp-content\/uploads\/2016\/06\/1464866781_CristianoRonaldo_Hyundai.jpg","twitter:label1":"Escrito por","twitter:data1":"Cand\u00e1s 365","twitter:label2":"Tiempo de lectura estimado","twitter:data2":"2 minutos"},"aioseo_meta_data":{"post_id":"29742","title":null,"description":null,"keywords":null,"keyphrases":null,"primary_term":null,"canonical_url":null,"og_title":null,"og_description":null,"og_object_type":"default","og_image_type":"default","og_image_url":null,"og_image_width":null,"og_image_height":null,"og_image_custom_url":null,"og_image_custom_fields":null,"og_video":null,"og_custom_url":null,"og_article_section":null,"og_article_tags":null,"twitter_use_og":false,"twitter_card":"default","twitter_image_type":"default","twitter_image_url":null,"twitter_image_custom_url":null,"twitter_image_custom_fields":null,"twitter_title":null,"twitter_description":null,"schema":{"blockGraphs":[],"customGraphs":[],"default":{"data":{"Article":[],"Course":[],"Dataset":[],"FAQPage":[],"Movie":[],"Person":[],"Product":[],"ProductReview":[],"Car":[],"Recipe":[],"Service":[],"SoftwareApplication":[],"WebPage":[]},"graphName":"","isEnabled":true},"graphs":[],"defaultGraph":"","defaultPostTypeGraph":""},"schema_type":null,"schema_type_options":null,"pillar_content":false,"robots_default":true,"robots_noindex":false,"robots_noarchive":false,"robots_nosnippet":false,"robots_nofollow":false,"robots_noimageindex":false,"robots_noodp":false,"robots_notranslate":false,"robots_max_snippet":null,"robots_max_videopreview":null,"robots_max_imagepreview":"large","priority":null,"frequency":null,"location":null,"local_seo":null,"seo_analyzer_scan_date":"2025-08-24 11:37:19","breadcrumb_settings":null,"limit_modified_date":false,"reviewed_by":null,"open_ai":null,"ai":null,"created":"2020-12-21 12:56:10","updated":"2025-08-24 11:37:19"},"aioseo_breadcrumb":"<div class=\"aioseo-breadcrumbs\"><span class=\"aioseo-breadcrumb\">\n\t<a href=\"https:\/\/candas365.es\/noticias\" title=\"Home\">Home<\/a>\n<\/span><span class=\"aioseo-breadcrumb-separator\">&ndash;<\/span><span class=\"aioseo-breadcrumb\">\n\t<a href=\"https:\/\/candas365.es\/noticias\/category\/actualidad\/\" title=\"Actualidad\">Actualidad<\/a>\n<\/span><span class=\"aioseo-breadcrumb-separator\">&ndash;<\/span><span class=\"aioseo-breadcrumb\">\n\tCristiano participa en el \u00faltimo v\u00eddeo de Hyundai para la Eurocopa 2016\n<\/span><\/div>","aioseo_breadcrumb_json":[{"label":"Home","link":"https:\/\/candas365.es\/noticias"},{"label":"Actualidad","link":"https:\/\/candas365.es\/noticias\/category\/actualidad\/"},{"label":"Cristiano participa en el \u00faltimo v\u00eddeo de Hyundai para la Eurocopa 2016","link":"https:\/\/candas365.es\/noticias\/cristiano-participa-en-el-ultimo-video-de-hyundai-para-la-eurocopa-2016\/"}],"_links":{"self":[{"href":"https:\/\/candas365.es\/noticias\/wp-json\/wp\/v2\/posts\/29742","targetHints":{"allow":["GET"]}}],"collection":[{"href":"https:\/\/candas365.es\/noticias\/wp-json\/wp\/v2\/posts"}],"about":[{"href":"https:\/\/candas365.es\/noticias\/wp-json\/wp\/v2\/types\/post"}],"author":[{"embeddable":true,"href":"https:\/\/candas365.es\/noticias\/wp-json\/wp\/v2\/users\/1"}],"replies":[{"embeddable":true,"href":"https:\/\/candas365.es\/noticias\/wp-json\/wp\/v2\/comments?post=29742"}],"version-history":[{"count":0,"href":"https:\/\/candas365.es\/noticias\/wp-json\/wp\/v2\/posts\/29742\/revisions"}],"wp:featuredmedia":[{"embeddable":true,"href":"https:\/\/candas365.es\/noticias\/wp-json\/wp\/v2\/media\/29743"}],"wp:attachment":[{"href":"https:\/\/candas365.es\/noticias\/wp-json\/wp\/v2\/media?parent=29742"}],"wp:term":[{"taxonomy":"category","embeddable":true,"href":"https:\/\/candas365.es\/noticias\/wp-json\/wp\/v2\/categories?post=29742"},{"taxonomy":"post_tag","embeddable":true,"href":"https:\/\/candas365.es\/noticias\/wp-json\/wp\/v2\/tags?post=29742"}],"curies":[{"name":"wp","href":"https:\/\/api.w.org\/{rel}","templated":true}]}}