{"id":29739,"date":"2016-06-02T18:57:33","date_gmt":"2016-06-02T17:27:33","guid":{"rendered":"http:\/\/candas365.es\/noticias\/?p=29739"},"modified":"2016-06-02T18:57:33","modified_gmt":"2016-06-02T17:27:33","slug":"carlos-sainz-el-interes-de-ferrari-no-son-mas-que-rumores-sin-base","status":"publish","type":"post","link":"https:\/\/candas365.es\/noticias\/carlos-sainz-el-interes-de-ferrari-no-son-mas-que-rumores-sin-base\/","title":{"rendered":"Carlos Sainz: \u00abEl inter\u00e9s de Ferrari no son m\u00e1s que rumores sin base\u00bb"},"content":{"rendered":"<p><img fetchpriority=\"high\" decoding=\"async\" class=\"alignleft size-medium wp-image-29740\" src=\"https:\/\/candas365.es\/noticias\/wp-content\/uploads\/2016\/06\/fotonoticia_20160601170605_800-360x239.jpg\" alt=\"fotonoticia_20160601170605_800\" width=\"360\" height=\"239\" srcset=\"https:\/\/candas365.es\/noticias\/wp-content\/uploads\/2016\/06\/fotonoticia_20160601170605_800-360x239.jpg 360w, https:\/\/candas365.es\/noticias\/wp-content\/uploads\/2016\/06\/fotonoticia_20160601170605_800-650x431.jpg 650w, https:\/\/candas365.es\/noticias\/wp-content\/uploads\/2016\/06\/fotonoticia_20160601170605_800-768x509.jpg 768w, https:\/\/candas365.es\/noticias\/wp-content\/uploads\/2016\/06\/fotonoticia_20160601170605_800-150x99.jpg 150w, https:\/\/candas365.es\/noticias\/wp-content\/uploads\/2016\/06\/fotonoticia_20160601170605_800-450x298.jpg 450w, https:\/\/candas365.es\/noticias\/wp-content\/uploads\/2016\/06\/fotonoticia_20160601170605_800-655x434.jpg 655w, https:\/\/candas365.es\/noticias\/wp-content\/uploads\/2016\/06\/fotonoticia_20160601170605_800-696x461.jpg 696w, https:\/\/candas365.es\/noticias\/wp-content\/uploads\/2016\/06\/fotonoticia_20160601170605_800-634x420.jpg 634w, https:\/\/candas365.es\/noticias\/wp-content\/uploads\/2016\/06\/fotonoticia_20160601170605_800-84x55.jpg 84w, https:\/\/candas365.es\/noticias\/wp-content\/uploads\/2016\/06\/fotonoticia_20160601170605_800.jpg 800w\" sizes=\"(max-width: 360px) 100vw, 360px\" \/>El piloto de F\u00f3rmula 1 Carlos Sainz (Toro Rosso) asegur\u00f3 que las informaciones sobre un posible inter\u00e9s de Ferrari en ficharle para la pr\u00f3xima temporada \u00abno son m\u00e1s que rumores\u00bb e insisti\u00f3 que su deseo es conseguir dar el salto a Red Bull.<\/p>\n<p>\u00abNo son m\u00e1s que rumores. No es malo porque quiere decir que la gente me est\u00e1 teniendo m\u00e1s en cuenta pero no tiene ninguna base, nada importante. Me toca seguir trabajando, hacer lo que estoy haciendo y la oportunidad ya llegar\u00e1, espero que lo haga de parte de Red Bull que es como ya he dicho con los que quiero triunfar a corto plazo en la F\u00f3rmula 1\u00bb, declar\u00f3 Sainz este mi\u00e9rcoles tras ser nombrado embajador del &#8216;Legado de Mar\u00eda Villota&#8217;.<\/p>\n<p>No obstante, el madrile\u00f1o indic\u00f3 que a cualquiera le apetecer\u00eda contar con el inter\u00e9s de Ferrari, pero que no es su futuro \u00abm\u00e1s inmediato\u00bb. \u00abLo veo m\u00e1s con Red Bull d\u00e1ndome una oportunidad. Si sigo as\u00ed no tardar\u00e1 en llegar y ojal\u00e1 sea m\u00e1s pronto que tarde\u00bb, a\u00f1adi\u00f3.<\/p>\n<p>Por otra parte, se\u00f1al\u00f3 el \u00abpaso adelante\u00bb que desde el equipo han dado tras el Gran Premio de Espa\u00f1a donde dejaron de sucederle \u00abcosas\u00bb y que le ha permitido coger \u00abinercia\u00bb con dos fines de semana \u00abmuy buenos\u00bb en los que quiere centrarse para encarar otros dos que ser\u00e1n unos de los \u00abm\u00e1s duros\u00bb.<\/p>\n<p>\u00abVamos con unas expectativas que sabemos que van a ser unos Grandes Premios m\u00e1s complicados que los anteriores. Canad\u00e1 es el primero en el que las cosas se deber\u00edan complicar mucho, pero hay que darlo todo por si alguien falla y coger los &#8216;puntitos&#8217;. S\u00e9 que ser\u00e1n fines de semana complicados\u00bb, agreg\u00f3.<\/p>\n<p>Tambi\u00e9n destac\u00f3 la dificultad del circuito norteamericano debido al gran \u00abn\u00famero de rectas\u00bb con el que cuenta, algo que har\u00e1 que a Toro Rosso e vaya a \u00abtocar sufrir\u00bb. \u00abPero como siempre, positivo y a intentar hacer lo m\u00e1ximo\u00bb, continu\u00f3.<\/p>\n<p>No obstante, afirm\u00f3 que tras la carrera de M\u00f3naco, donde no pudo optar a podio, tanto \u00e9l como sus compa\u00f1eros de equipo se quedaron con \u00absabor agridulce\u00bb ya que cree que ten\u00edan potencial para conseguirlo y rest\u00f3 importancia a la estrategia del equipo de la que no se queja.<\/p>\n<p>\u00abFue la correcta, paramos casi las mismas vueltas que Sergio P\u00e9rez (Force India) y \u00e9l hizo un podio. Pero con lo bien que hab\u00edamos mejorado los &#8216;pit stop&#8217; este a\u00f1o justo falla cuando nos jugamos un podio, pero hay que olvidarse y centrarse en todo lo que se puede mejorar\u00bb, asever\u00f3.<\/p>\n<p>En ese aspecto, confirm\u00f3 que inicialmente intent\u00f3 hacer la misma estrategia que Lewis Hamilton (Mercedes), pero que el &#8216;pit stop&#8217; y con pilotos como Sebastian Vettel (Ferrari) a \u00abmuchos segundos\u00bb le llevaron a no poder aspirar al tercer puesto. \u00abNo sali\u00f3 como ten\u00eda que haber salido, es una faena pero esto a veces es as\u00ed\u00bb, lament\u00f3.<\/p>\n<p>Adem\u00e1s, Sainz defendi\u00f3 su decisi\u00f3n de no adelantar, ya que todos los que lo intentaron acabaron mal en un circuito en el que su amigo Fernando Alonso (McLaren) hizo una \u00abbuena carrera\u00bb ya que en M\u00f3naco \u00abel piloto cuenta un poco m\u00e1s\u00bb y el asturiano \u00abest\u00e1 para &#8216;pescar&#8217; en cuanto puede\u00bb.<\/p>\n<p>Finalmente, el piloto espa\u00f1ol advirti\u00f3 que desde Toro Rosso est\u00e1n demostrando que hacen las cosas \u00abbien\u00bb y que a pesar de los fallos iniciales espera acabar la temporada en posiciones como las dos \u00faltimas que es donde cree que debe estar.<\/p>\n<p>\u00abEstas \u00faltimas dos carreras estoy donde creo que debo estar, donde me merezco estar y esta \u00faltima no ha ido como hubi\u00e9semos querido pero me han dejado de pasar cosas y estamos demostrando que estamos haciendo las cosas bien\u00bb, concluy\u00f3.<\/p>\n<p>&nbsp;<\/p>\n","protected":false},"excerpt":{"rendered":"<p>El piloto de F\u00f3rmula 1 Carlos Sainz (Toro Rosso) asegur\u00f3 que las informaciones sobre un posible inter\u00e9s de Ferrari en ficharle para la pr\u00f3xima temporada \u00abno son m\u00e1s que rumores\u00bb e insisti\u00f3 que su deseo es conseguir dar el salto a Red Bull. \u00abNo son m\u00e1s que rumores. No es malo porque quiere decir que<\/p>\n","protected":false},"author":1,"featured_media":29740,"comment_status":"closed","ping_status":"closed","sticky":false,"template":"","format":"standard","meta":{"footnotes":""},"categories":[343],"tags":[],"class_list":{"0":"post-29739","1":"post","2":"type-post","3":"status-publish","4":"format-standard","5":"has-post-thumbnail","7":"category-actualidad"},"aioseo_notices":[],"aioseo_head":"\n\t\t<!-- All in One SEO Pro 4.9.6.2 - aioseo.com -->\n\t<meta name=\"description\" content=\"El piloto de F\u00f3rmula 1 Carlos Sainz (Toro Rosso) asegur\u00f3 que las informaciones sobre un posible inter\u00e9s de Ferrari en ficharle para la pr\u00f3xima temporada &quot;no son m\u00e1s que rumores&quot; e insisti\u00f3 que su deseo es conseguir dar el salto a Red Bull. &quot;No son m\u00e1s que rumores. No es malo porque quiere decir que\" \/>\n\t<meta name=\"robots\" content=\"max-image-preview:large\" \/>\n\t<meta name=\"author\" content=\"Cand\u00e1s 365\"\/>\n\t<meta name=\"google-site-verification\" content=\"UA-32230408-1\" \/>\n\t<meta name=\"msvalidate.01\" content=\"354F3CDFB2DA171B47FBE9ABF1F88D5\" \/>\n\t<meta name=\"keywords\" content=\"actualidad\" \/>\n\t<link rel=\"canonical\" href=\"https:\/\/candas365.es\/noticias\/carlos-sainz-el-interes-de-ferrari-no-son-mas-que-rumores-sin-base\/\" \/>\n\t<meta name=\"generator\" content=\"All in One SEO Pro (AIOSEO) 4.9.6.2\" \/>\n\t\t<meta property=\"og:locale\" content=\"es_ES\" \/>\n\t\t<meta property=\"og:site_name\" content=\"Cand\u00e1s 365\" \/>\n\t\t<meta property=\"og:type\" content=\"article\" \/>\n\t\t<meta property=\"og:title\" content=\"Carlos Sainz: \u00abEl inter\u00e9s de Ferrari no son m\u00e1s que rumores sin base\u00bb | Cand\u00e1s 365\" \/>\n\t\t<meta property=\"og:description\" content=\"El piloto de F\u00f3rmula 1 Carlos Sainz (Toro Rosso) asegur\u00f3 que las informaciones sobre un posible inter\u00e9s de Ferrari en ficharle para la pr\u00f3xima temporada &quot;no son m\u00e1s que rumores&quot; e insisti\u00f3 que su deseo es conseguir dar el salto a Red Bull. &quot;No son m\u00e1s que rumores. No es malo porque quiere decir que\" \/>\n\t\t<meta property=\"og:url\" content=\"https:\/\/candas365.es\/noticias\/carlos-sainz-el-interes-de-ferrari-no-son-mas-que-rumores-sin-base\/\" \/>\n\t\t<meta property=\"og:image\" content=\"https:\/\/candas365.es\/noticias\/wp-content\/uploads\/2016\/06\/fotonoticia_20160601170605_800.jpg\" \/>\n\t\t<meta property=\"og:image:secure_url\" content=\"https:\/\/candas365.es\/noticias\/wp-content\/uploads\/2016\/06\/fotonoticia_20160601170605_800.jpg\" \/>\n\t\t<meta property=\"og:image:width\" content=\"800\" \/>\n\t\t<meta property=\"og:image:height\" content=\"530\" \/>\n\t\t<meta property=\"article:published_time\" content=\"2016-06-02T17:27:33+00:00\" \/>\n\t\t<meta property=\"article:modified_time\" content=\"2016-06-02T17:27:33+00:00\" \/>\n\t\t<meta property=\"article:publisher\" content=\"https:\/\/www.facebook.com\/Nachofdezber\" \/>\n\t\t<meta property=\"article:author\" content=\"https:\/\/www.facebook.com\/carrenoactualidad\" \/>\n\t\t<meta name=\"twitter:card\" content=\"summary_large_image\" \/>\n\t\t<meta name=\"twitter:site\" content=\"@NabercoDigital\" \/>\n\t\t<meta name=\"twitter:title\" content=\"Carlos Sainz: \u00abEl inter\u00e9s de Ferrari no son m\u00e1s que rumores sin base\u00bb | Cand\u00e1s 365\" \/>\n\t\t<meta name=\"twitter:description\" content=\"El piloto de F\u00f3rmula 1 Carlos Sainz (Toro Rosso) asegur\u00f3 que las informaciones sobre un posible inter\u00e9s de Ferrari en ficharle para la pr\u00f3xima temporada &quot;no son m\u00e1s que rumores&quot; e insisti\u00f3 que su deseo es conseguir dar el salto a Red Bull. &quot;No son m\u00e1s que rumores. No es malo porque quiere decir que\" \/>\n\t\t<meta name=\"twitter:creator\" content=\"@nbasturias\" \/>\n\t\t<meta name=\"twitter:image\" content=\"https:\/\/candas365.es\/noticias\/wp-content\/uploads\/2016\/06\/fotonoticia_20160601170605_800.jpg\" \/>\n\t\t<meta name=\"twitter:label1\" content=\"Escrito por\" \/>\n\t\t<meta name=\"twitter:data1\" content=\"Cand\u00e1s 365\" \/>\n\t\t<meta name=\"twitter:label2\" content=\"Tiempo de lectura estimado\" \/>\n\t\t<meta name=\"twitter:data2\" content=\"3 minutos\" \/>\n\t\t<script type=\"application\/ld+json\" class=\"aioseo-schema\">\n\t\t\t{\"@context\":\"https:\\\/\\\/schema.org\",\"@graph\":[{\"@type\":\"BreadcrumbList\",\"@id\":\"https:\\\/\\\/candas365.es\\\/noticias\\\/carlos-sainz-el-interes-de-ferrari-no-son-mas-que-rumores-sin-base\\\/#breadcrumblist\",\"itemListElement\":[{\"@type\":\"ListItem\",\"@id\":\"https:\\\/\\\/candas365.es\\\/noticias#listItem\",\"position\":1,\"name\":\"Home\",\"item\":\"https:\\\/\\\/candas365.es\\\/noticias\",\"nextItem\":{\"@type\":\"ListItem\",\"@id\":\"https:\\\/\\\/candas365.es\\\/noticias\\\/category\\\/actualidad\\\/#listItem\",\"name\":\"Actualidad\"}},{\"@type\":\"ListItem\",\"@id\":\"https:\\\/\\\/candas365.es\\\/noticias\\\/category\\\/actualidad\\\/#listItem\",\"position\":2,\"name\":\"Actualidad\",\"item\":\"https:\\\/\\\/candas365.es\\\/noticias\\\/category\\\/actualidad\\\/\",\"nextItem\":{\"@type\":\"ListItem\",\"@id\":\"https:\\\/\\\/candas365.es\\\/noticias\\\/carlos-sainz-el-interes-de-ferrari-no-son-mas-que-rumores-sin-base\\\/#listItem\",\"name\":\"Carlos Sainz: \\u00abEl inter\\u00e9s de Ferrari no son m\\u00e1s que rumores sin base\\u00bb\"},\"previousItem\":{\"@type\":\"ListItem\",\"@id\":\"https:\\\/\\\/candas365.es\\\/noticias#listItem\",\"name\":\"Home\"}},{\"@type\":\"ListItem\",\"@id\":\"https:\\\/\\\/candas365.es\\\/noticias\\\/carlos-sainz-el-interes-de-ferrari-no-son-mas-que-rumores-sin-base\\\/#listItem\",\"position\":3,\"name\":\"Carlos Sainz: \\u00abEl inter\\u00e9s de Ferrari no son m\\u00e1s que rumores sin base\\u00bb\",\"previousItem\":{\"@type\":\"ListItem\",\"@id\":\"https:\\\/\\\/candas365.es\\\/noticias\\\/category\\\/actualidad\\\/#listItem\",\"name\":\"Actualidad\"}}]},{\"@type\":\"NewsArticle\",\"@id\":\"https:\\\/\\\/candas365.es\\\/noticias\\\/carlos-sainz-el-interes-de-ferrari-no-son-mas-que-rumores-sin-base\\\/#newsarticle\",\"name\":\"Carlos Sainz: \\u00abEl inter\\u00e9s de Ferrari no son m\\u00e1s que rumores sin base\\u00bb | Cand\\u00e1s 365\",\"headline\":\"Carlos Sainz: \\u00abEl inter\\u00e9s de Ferrari no son m\\u00e1s que rumores sin base\\u00bb\",\"author\":{\"@id\":\"https:\\\/\\\/candas365.es\\\/noticias\\\/author\\\/admin\\\/#author\"},\"publisher\":{\"@id\":\"https:\\\/\\\/candas365.es\\\/noticias\\\/#organization\"},\"image\":{\"@type\":\"ImageObject\",\"url\":\"https:\\\/\\\/candas365.es\\\/noticias\\\/wp-content\\\/uploads\\\/2016\\\/06\\\/fotonoticia_20160601170605_800.jpg\",\"width\":800,\"height\":530},\"datePublished\":\"2016-06-02T18:57:33+02:00\",\"dateModified\":\"2016-06-02T18:57:33+02:00\",\"inLanguage\":\"es-ES\",\"mainEntityOfPage\":{\"@id\":\"https:\\\/\\\/candas365.es\\\/noticias\\\/carlos-sainz-el-interes-de-ferrari-no-son-mas-que-rumores-sin-base\\\/#webpage\"},\"isPartOf\":{\"@id\":\"https:\\\/\\\/candas365.es\\\/noticias\\\/carlos-sainz-el-interes-de-ferrari-no-son-mas-que-rumores-sin-base\\\/#webpage\"},\"articleSection\":\"Actualidad\",\"dateline\":\"Publicado el junio 2, 2016.\"},{\"@type\":\"Organization\",\"@id\":\"https:\\\/\\\/candas365.es\\\/noticias\\\/#organization\",\"name\":\"Cand\\u00e1s 365\",\"description\":\"Cand\\u00e1s 365 es un diario digital independiente, fundado en 2012, con base en Asturias. Informamos con rigor sobre actualidad, sociedad, cultura y ocio, con una mirada local y global.\",\"url\":\"https:\\\/\\\/candas365.es\\\/noticias\\\/\",\"email\":\"info@candas365.es\",\"telephone\":\"+34652131393\",\"foundingDate\":\"2012-06-10\",\"logo\":{\"@type\":\"ImageObject\",\"url\":\"https:\\\/\\\/candas365.es\\\/noticias\\\/wp-content\\\/uploads\\\/2024\\\/09\\\/Candas-365-Redes.jpg\",\"@id\":\"https:\\\/\\\/candas365.es\\\/noticias\\\/carlos-sainz-el-interes-de-ferrari-no-son-mas-que-rumores-sin-base\\\/#organizationLogo\",\"width\":1152,\"height\":864,\"caption\":\"Cand\\u00e1s 365 Redes\"},\"image\":{\"@id\":\"https:\\\/\\\/candas365.es\\\/noticias\\\/carlos-sainz-el-interes-de-ferrari-no-son-mas-que-rumores-sin-base\\\/#organizationLogo\"},\"sameAs\":[\"https:\\\/\\\/www.facebook.com\\\/Nachofdezber\",\"https:\\\/\\\/x.com\\\/NabercoDigital\",\"https:\\\/\\\/www.instagram.com\\\/nachofdezber\\\/\",\"https:\\\/\\\/www.youtube.com\\\/channel\\\/UCZP-2wLEB9Rv6erhFmqVnvg\"],\"address\":{\"@id\":\"https:\\\/\\\/candas365.es\\\/noticias\\\/#postaladdress\",\"@type\":\"PostalAddress\",\"streetAddress\":\"san antonio 4, san antonio 4\",\"postalCode\":\"33430\",\"addressLocality\":\"Cand\\u00e1s\",\"addressRegion\":\"Asturias\",\"addressCountry\":\"ES\"}},{\"@type\":\"Person\",\"@id\":\"https:\\\/\\\/candas365.es\\\/noticias\\\/author\\\/admin\\\/#author\",\"url\":\"https:\\\/\\\/candas365.es\\\/noticias\\\/author\\\/admin\\\/\",\"name\":\"Cand\\u00e1s 365\",\"image\":{\"@type\":\"ImageObject\",\"@id\":\"https:\\\/\\\/candas365.es\\\/noticias\\\/carlos-sainz-el-interes-de-ferrari-no-son-mas-que-rumores-sin-base\\\/#authorImage\",\"url\":\"https:\\\/\\\/secure.gravatar.com\\\/avatar\\\/496a8e03d0c493ede1718b7934145dbdf8d89be1036b0eec9544e1094c9de390?s=96&d=mm&r=g\",\"width\":96,\"height\":96,\"caption\":\"Cand\\u00e1s 365\"},\"sameAs\":[\"https:\\\/\\\/www.facebook.com\\\/carrenoactualidad\",\"https:\\\/\\\/twitter.com\\\/nbasturias\",\"https:\\\/\\\/www.instagram.com\\\/nachofdezber\\\/\",\"https:\\\/\\\/www.youtube.com\\\/channel\\\/UCZP-2wLEB9Rv6erhFmqVnvg\"]},{\"@type\":\"WebPage\",\"@id\":\"https:\\\/\\\/candas365.es\\\/noticias\\\/carlos-sainz-el-interes-de-ferrari-no-son-mas-que-rumores-sin-base\\\/#webpage\",\"url\":\"https:\\\/\\\/candas365.es\\\/noticias\\\/carlos-sainz-el-interes-de-ferrari-no-son-mas-que-rumores-sin-base\\\/\",\"name\":\"Carlos Sainz: \\u00abEl inter\\u00e9s de Ferrari no son m\\u00e1s que rumores sin base\\u00bb | Cand\\u00e1s 365\",\"description\":\"El piloto de F\\u00f3rmula 1 Carlos Sainz (Toro Rosso) asegur\\u00f3 que las informaciones sobre un posible inter\\u00e9s de Ferrari en ficharle para la pr\\u00f3xima temporada \\\"no son m\\u00e1s que rumores\\\" e insisti\\u00f3 que su deseo es conseguir dar el salto a Red Bull. \\\"No son m\\u00e1s que rumores. No es malo porque quiere decir que\",\"inLanguage\":\"es-ES\",\"isPartOf\":{\"@id\":\"https:\\\/\\\/candas365.es\\\/noticias\\\/#website\"},\"breadcrumb\":{\"@id\":\"https:\\\/\\\/candas365.es\\\/noticias\\\/carlos-sainz-el-interes-de-ferrari-no-son-mas-que-rumores-sin-base\\\/#breadcrumblist\"},\"author\":{\"@id\":\"https:\\\/\\\/candas365.es\\\/noticias\\\/author\\\/admin\\\/#author\"},\"creator\":{\"@id\":\"https:\\\/\\\/candas365.es\\\/noticias\\\/author\\\/admin\\\/#author\"},\"image\":{\"@type\":\"ImageObject\",\"url\":\"https:\\\/\\\/candas365.es\\\/noticias\\\/wp-content\\\/uploads\\\/2016\\\/06\\\/fotonoticia_20160601170605_800.jpg\",\"@id\":\"https:\\\/\\\/candas365.es\\\/noticias\\\/carlos-sainz-el-interes-de-ferrari-no-son-mas-que-rumores-sin-base\\\/#mainImage\",\"width\":800,\"height\":530},\"primaryImageOfPage\":{\"@id\":\"https:\\\/\\\/candas365.es\\\/noticias\\\/carlos-sainz-el-interes-de-ferrari-no-son-mas-que-rumores-sin-base\\\/#mainImage\"},\"datePublished\":\"2016-06-02T18:57:33+02:00\",\"dateModified\":\"2016-06-02T18:57:33+02:00\"},{\"@type\":\"WebSite\",\"@id\":\"https:\\\/\\\/candas365.es\\\/noticias\\\/#website\",\"url\":\"https:\\\/\\\/candas365.es\\\/noticias\\\/\",\"name\":\"Cand\\u00e1s 365\",\"alternateName\":\"Cand\\u00e1s 365 Noticias\",\"description\":\"Actualidad desde Carre\\u00f1o para el mundo\",\"inLanguage\":\"es-ES\",\"publisher\":{\"@id\":\"https:\\\/\\\/candas365.es\\\/noticias\\\/#organization\"}}]}\n\t\t<\/script>\n\t\t<!-- All in One SEO Pro -->\r\n\t\t<title>Carlos Sainz: \u00abEl inter\u00e9s de Ferrari no son m\u00e1s que rumores sin base\u00bb | Cand\u00e1s 365<\/title>\n\n","aioseo_head_json":{"title":"Carlos Sainz: \u00abEl inter\u00e9s de Ferrari no son m\u00e1s que rumores sin base\u00bb | Cand\u00e1s 365","description":"El piloto de F\u00f3rmula 1 Carlos Sainz (Toro Rosso) asegur\u00f3 que las informaciones sobre un posible inter\u00e9s de Ferrari en ficharle para la pr\u00f3xima temporada \"no son m\u00e1s que rumores\" e insisti\u00f3 que su deseo es conseguir dar el salto a Red Bull. \"No son m\u00e1s que rumores. No es malo porque quiere decir que","canonical_url":"https:\/\/candas365.es\/noticias\/carlos-sainz-el-interes-de-ferrari-no-son-mas-que-rumores-sin-base\/","robots":"max-image-preview:large","keywords":"actualidad","webmasterTools":{"google-site-verification":"UA-32230408-1","msvalidate.01":"354F3CDFB2DA171B47FBE9ABF1F88D5","miscellaneous":""},"schema":{"@context":"https:\/\/schema.org","@graph":[{"@type":"BreadcrumbList","@id":"https:\/\/candas365.es\/noticias\/carlos-sainz-el-interes-de-ferrari-no-son-mas-que-rumores-sin-base\/#breadcrumblist","itemListElement":[{"@type":"ListItem","@id":"https:\/\/candas365.es\/noticias#listItem","position":1,"name":"Home","item":"https:\/\/candas365.es\/noticias","nextItem":{"@type":"ListItem","@id":"https:\/\/candas365.es\/noticias\/category\/actualidad\/#listItem","name":"Actualidad"}},{"@type":"ListItem","@id":"https:\/\/candas365.es\/noticias\/category\/actualidad\/#listItem","position":2,"name":"Actualidad","item":"https:\/\/candas365.es\/noticias\/category\/actualidad\/","nextItem":{"@type":"ListItem","@id":"https:\/\/candas365.es\/noticias\/carlos-sainz-el-interes-de-ferrari-no-son-mas-que-rumores-sin-base\/#listItem","name":"Carlos Sainz: \u00abEl inter\u00e9s de Ferrari no son m\u00e1s que rumores sin base\u00bb"},"previousItem":{"@type":"ListItem","@id":"https:\/\/candas365.es\/noticias#listItem","name":"Home"}},{"@type":"ListItem","@id":"https:\/\/candas365.es\/noticias\/carlos-sainz-el-interes-de-ferrari-no-son-mas-que-rumores-sin-base\/#listItem","position":3,"name":"Carlos Sainz: \u00abEl inter\u00e9s de Ferrari no son m\u00e1s que rumores sin base\u00bb","previousItem":{"@type":"ListItem","@id":"https:\/\/candas365.es\/noticias\/category\/actualidad\/#listItem","name":"Actualidad"}}]},{"@type":"NewsArticle","@id":"https:\/\/candas365.es\/noticias\/carlos-sainz-el-interes-de-ferrari-no-son-mas-que-rumores-sin-base\/#newsarticle","name":"Carlos Sainz: \u00abEl inter\u00e9s de Ferrari no son m\u00e1s que rumores sin base\u00bb | Cand\u00e1s 365","headline":"Carlos Sainz: \u00abEl inter\u00e9s de Ferrari no son m\u00e1s que rumores sin base\u00bb","author":{"@id":"https:\/\/candas365.es\/noticias\/author\/admin\/#author"},"publisher":{"@id":"https:\/\/candas365.es\/noticias\/#organization"},"image":{"@type":"ImageObject","url":"https:\/\/candas365.es\/noticias\/wp-content\/uploads\/2016\/06\/fotonoticia_20160601170605_800.jpg","width":800,"height":530},"datePublished":"2016-06-02T18:57:33+02:00","dateModified":"2016-06-02T18:57:33+02:00","inLanguage":"es-ES","mainEntityOfPage":{"@id":"https:\/\/candas365.es\/noticias\/carlos-sainz-el-interes-de-ferrari-no-son-mas-que-rumores-sin-base\/#webpage"},"isPartOf":{"@id":"https:\/\/candas365.es\/noticias\/carlos-sainz-el-interes-de-ferrari-no-son-mas-que-rumores-sin-base\/#webpage"},"articleSection":"Actualidad","dateline":"Publicado el junio 2, 2016."},{"@type":"Organization","@id":"https:\/\/candas365.es\/noticias\/#organization","name":"Cand\u00e1s 365","description":"Cand\u00e1s 365 es un diario digital independiente, fundado en 2012, con base en Asturias. Informamos con rigor sobre actualidad, sociedad, cultura y ocio, con una mirada local y global.","url":"https:\/\/candas365.es\/noticias\/","email":"info@candas365.es","telephone":"+34652131393","foundingDate":"2012-06-10","logo":{"@type":"ImageObject","url":"https:\/\/candas365.es\/noticias\/wp-content\/uploads\/2024\/09\/Candas-365-Redes.jpg","@id":"https:\/\/candas365.es\/noticias\/carlos-sainz-el-interes-de-ferrari-no-son-mas-que-rumores-sin-base\/#organizationLogo","width":1152,"height":864,"caption":"Cand\u00e1s 365 Redes"},"image":{"@id":"https:\/\/candas365.es\/noticias\/carlos-sainz-el-interes-de-ferrari-no-son-mas-que-rumores-sin-base\/#organizationLogo"},"sameAs":["https:\/\/www.facebook.com\/Nachofdezber","https:\/\/x.com\/NabercoDigital","https:\/\/www.instagram.com\/nachofdezber\/","https:\/\/www.youtube.com\/channel\/UCZP-2wLEB9Rv6erhFmqVnvg"],"address":{"@id":"https:\/\/candas365.es\/noticias\/#postaladdress","@type":"PostalAddress","streetAddress":"san antonio 4, san antonio 4","postalCode":"33430","addressLocality":"Cand\u00e1s","addressRegion":"Asturias","addressCountry":"ES"}},{"@type":"Person","@id":"https:\/\/candas365.es\/noticias\/author\/admin\/#author","url":"https:\/\/candas365.es\/noticias\/author\/admin\/","name":"Cand\u00e1s 365","image":{"@type":"ImageObject","@id":"https:\/\/candas365.es\/noticias\/carlos-sainz-el-interes-de-ferrari-no-son-mas-que-rumores-sin-base\/#authorImage","url":"https:\/\/secure.gravatar.com\/avatar\/496a8e03d0c493ede1718b7934145dbdf8d89be1036b0eec9544e1094c9de390?s=96&d=mm&r=g","width":96,"height":96,"caption":"Cand\u00e1s 365"},"sameAs":["https:\/\/www.facebook.com\/carrenoactualidad","https:\/\/twitter.com\/nbasturias","https:\/\/www.instagram.com\/nachofdezber\/","https:\/\/www.youtube.com\/channel\/UCZP-2wLEB9Rv6erhFmqVnvg"]},{"@type":"WebPage","@id":"https:\/\/candas365.es\/noticias\/carlos-sainz-el-interes-de-ferrari-no-son-mas-que-rumores-sin-base\/#webpage","url":"https:\/\/candas365.es\/noticias\/carlos-sainz-el-interes-de-ferrari-no-son-mas-que-rumores-sin-base\/","name":"Carlos Sainz: \u00abEl inter\u00e9s de Ferrari no son m\u00e1s que rumores sin base\u00bb | Cand\u00e1s 365","description":"El piloto de F\u00f3rmula 1 Carlos Sainz (Toro Rosso) asegur\u00f3 que las informaciones sobre un posible inter\u00e9s de Ferrari en ficharle para la pr\u00f3xima temporada \"no son m\u00e1s que rumores\" e insisti\u00f3 que su deseo es conseguir dar el salto a Red Bull. \"No son m\u00e1s que rumores. No es malo porque quiere decir que","inLanguage":"es-ES","isPartOf":{"@id":"https:\/\/candas365.es\/noticias\/#website"},"breadcrumb":{"@id":"https:\/\/candas365.es\/noticias\/carlos-sainz-el-interes-de-ferrari-no-son-mas-que-rumores-sin-base\/#breadcrumblist"},"author":{"@id":"https:\/\/candas365.es\/noticias\/author\/admin\/#author"},"creator":{"@id":"https:\/\/candas365.es\/noticias\/author\/admin\/#author"},"image":{"@type":"ImageObject","url":"https:\/\/candas365.es\/noticias\/wp-content\/uploads\/2016\/06\/fotonoticia_20160601170605_800.jpg","@id":"https:\/\/candas365.es\/noticias\/carlos-sainz-el-interes-de-ferrari-no-son-mas-que-rumores-sin-base\/#mainImage","width":800,"height":530},"primaryImageOfPage":{"@id":"https:\/\/candas365.es\/noticias\/carlos-sainz-el-interes-de-ferrari-no-son-mas-que-rumores-sin-base\/#mainImage"},"datePublished":"2016-06-02T18:57:33+02:00","dateModified":"2016-06-02T18:57:33+02:00"},{"@type":"WebSite","@id":"https:\/\/candas365.es\/noticias\/#website","url":"https:\/\/candas365.es\/noticias\/","name":"Cand\u00e1s 365","alternateName":"Cand\u00e1s 365 Noticias","description":"Actualidad desde Carre\u00f1o para el mundo","inLanguage":"es-ES","publisher":{"@id":"https:\/\/candas365.es\/noticias\/#organization"}}]},"og:locale":"es_ES","og:site_name":"Cand\u00e1s 365","og:type":"article","og:title":"Carlos Sainz: \u00abEl inter\u00e9s de Ferrari no son m\u00e1s que rumores sin base\u00bb | Cand\u00e1s 365","og:description":"El piloto de F\u00f3rmula 1 Carlos Sainz (Toro Rosso) asegur\u00f3 que las informaciones sobre un posible inter\u00e9s de Ferrari en ficharle para la pr\u00f3xima temporada &quot;no son m\u00e1s que rumores&quot; e insisti\u00f3 que su deseo es conseguir dar el salto a Red Bull. &quot;No son m\u00e1s que rumores. No es malo porque quiere decir que","og:url":"https:\/\/candas365.es\/noticias\/carlos-sainz-el-interes-de-ferrari-no-son-mas-que-rumores-sin-base\/","og:image":"https:\/\/candas365.es\/noticias\/wp-content\/uploads\/2016\/06\/fotonoticia_20160601170605_800.jpg","og:image:secure_url":"https:\/\/candas365.es\/noticias\/wp-content\/uploads\/2016\/06\/fotonoticia_20160601170605_800.jpg","og:image:width":800,"og:image:height":530,"article:published_time":"2016-06-02T17:27:33+00:00","article:modified_time":"2016-06-02T17:27:33+00:00","article:publisher":"https:\/\/www.facebook.com\/Nachofdezber","article:author":"https:\/\/www.facebook.com\/carrenoactualidad","twitter:card":"summary_large_image","twitter:site":"@NabercoDigital","twitter:title":"Carlos Sainz: \u00abEl inter\u00e9s de Ferrari no son m\u00e1s que rumores sin base\u00bb | Cand\u00e1s 365","twitter:description":"El piloto de F\u00f3rmula 1 Carlos Sainz (Toro Rosso) asegur\u00f3 que las informaciones sobre un posible inter\u00e9s de Ferrari en ficharle para la pr\u00f3xima temporada &quot;no son m\u00e1s que rumores&quot; e insisti\u00f3 que su deseo es conseguir dar el salto a Red Bull. &quot;No son m\u00e1s que rumores. No es malo porque quiere decir que","twitter:creator":"@nbasturias","twitter:image":"https:\/\/candas365.es\/noticias\/wp-content\/uploads\/2016\/06\/fotonoticia_20160601170605_800.jpg","twitter:label1":"Escrito por","twitter:data1":"Cand\u00e1s 365","twitter:label2":"Tiempo de lectura estimado","twitter:data2":"3 minutos"},"aioseo_meta_data":{"post_id":"29739","title":null,"description":null,"keywords":null,"keyphrases":null,"primary_term":null,"canonical_url":null,"og_title":null,"og_description":null,"og_object_type":"default","og_image_type":"default","og_image_url":null,"og_image_width":null,"og_image_height":null,"og_image_custom_url":null,"og_image_custom_fields":null,"og_video":null,"og_custom_url":null,"og_article_section":null,"og_article_tags":null,"twitter_use_og":false,"twitter_card":"default","twitter_image_type":"default","twitter_image_url":null,"twitter_image_custom_url":null,"twitter_image_custom_fields":null,"twitter_title":null,"twitter_description":null,"schema":{"blockGraphs":[],"customGraphs":[],"default":{"data":{"Article":[],"Course":[],"Dataset":[],"FAQPage":[],"Movie":[],"Person":[],"Product":[],"ProductReview":[],"Car":[],"Recipe":[],"Service":[],"SoftwareApplication":[],"WebPage":[]},"graphName":"","isEnabled":true},"graphs":[]},"schema_type":null,"schema_type_options":null,"pillar_content":false,"robots_default":true,"robots_noindex":false,"robots_noarchive":false,"robots_nosnippet":false,"robots_nofollow":false,"robots_noimageindex":false,"robots_noodp":false,"robots_notranslate":false,"robots_max_snippet":null,"robots_max_videopreview":null,"robots_max_imagepreview":"large","priority":null,"frequency":null,"location":null,"local_seo":null,"seo_analyzer_scan_date":"2025-08-24 11:37:18","breadcrumb_settings":null,"limit_modified_date":false,"reviewed_by":null,"open_ai":null,"ai":null,"created":"2020-12-21 12:56:10","updated":"2025-08-24 11:37:18"},"aioseo_breadcrumb":"<div class=\"aioseo-breadcrumbs\"><span class=\"aioseo-breadcrumb\">\n\t<a href=\"https:\/\/candas365.es\/noticias\" title=\"Home\">Home<\/a>\n<\/span><span class=\"aioseo-breadcrumb-separator\">&ndash;<\/span><span class=\"aioseo-breadcrumb\">\n\t<a href=\"https:\/\/candas365.es\/noticias\/category\/actualidad\/\" title=\"Actualidad\">Actualidad<\/a>\n<\/span><span class=\"aioseo-breadcrumb-separator\">&ndash;<\/span><span class=\"aioseo-breadcrumb\">\n\tCarlos Sainz: \u00abEl inter\u00e9s de Ferrari no son m\u00e1s que rumores sin base\u00bb\n<\/span><\/div>","aioseo_breadcrumb_json":[{"label":"Home","link":"https:\/\/candas365.es\/noticias"},{"label":"Actualidad","link":"https:\/\/candas365.es\/noticias\/category\/actualidad\/"},{"label":"Carlos Sainz: \u00abEl inter\u00e9s de Ferrari no son m\u00e1s que rumores sin base\u00bb","link":"https:\/\/candas365.es\/noticias\/carlos-sainz-el-interes-de-ferrari-no-son-mas-que-rumores-sin-base\/"}],"_links":{"self":[{"href":"https:\/\/candas365.es\/noticias\/wp-json\/wp\/v2\/posts\/29739","targetHints":{"allow":["GET"]}}],"collection":[{"href":"https:\/\/candas365.es\/noticias\/wp-json\/wp\/v2\/posts"}],"about":[{"href":"https:\/\/candas365.es\/noticias\/wp-json\/wp\/v2\/types\/post"}],"author":[{"embeddable":true,"href":"https:\/\/candas365.es\/noticias\/wp-json\/wp\/v2\/users\/1"}],"replies":[{"embeddable":true,"href":"https:\/\/candas365.es\/noticias\/wp-json\/wp\/v2\/comments?post=29739"}],"version-history":[{"count":0,"href":"https:\/\/candas365.es\/noticias\/wp-json\/wp\/v2\/posts\/29739\/revisions"}],"wp:featuredmedia":[{"embeddable":true,"href":"https:\/\/candas365.es\/noticias\/wp-json\/wp\/v2\/media\/29740"}],"wp:attachment":[{"href":"https:\/\/candas365.es\/noticias\/wp-json\/wp\/v2\/media?parent=29739"}],"wp:term":[{"taxonomy":"category","embeddable":true,"href":"https:\/\/candas365.es\/noticias\/wp-json\/wp\/v2\/categories?post=29739"},{"taxonomy":"post_tag","embeddable":true,"href":"https:\/\/candas365.es\/noticias\/wp-json\/wp\/v2\/tags?post=29739"}],"curies":[{"name":"wp","href":"https:\/\/api.w.org\/{rel}","templated":true}]}}