{"id":28,"date":"2014-09-15T06:12:43","date_gmt":"2014-09-15T08:12:43","guid":{"rendered":"http:\/\/candas365.es\/noticias\/?p=28"},"modified":"2014-09-15T06:12:43","modified_gmt":"2014-09-15T08:12:43","slug":"el-escaso-plan-calidad-del-aire-de-gijon-y-carreno%e2%80%8f","status":"publish","type":"post","link":"https:\/\/candas365.es\/noticias\/el-escaso-plan-calidad-del-aire-de-gijon-y-carreno%e2%80%8f\/","title":{"rendered":"El escaso plan calidad del aire de Gij\u00f3n y Carre\u00f1o\u200f"},"content":{"rendered":"<p><img fetchpriority=\"high\" decoding=\"async\" class=\"alignleft size-medium wp-image-29\" src=\"https:\/\/candas365.es\/noticias\/wp-content\/uploads\/2014\/09\/Arcelor-Verina-10-360x270.jpg\" alt=\"Arcelor Verina 10\" width=\"360\" height=\"270\" srcset=\"https:\/\/candas365.es\/noticias\/wp-content\/uploads\/2014\/09\/Arcelor-Verina-10-360x270.jpg 360w, https:\/\/candas365.es\/noticias\/wp-content\/uploads\/2014\/09\/Arcelor-Verina-10-640x480.jpg 640w, https:\/\/candas365.es\/noticias\/wp-content\/uploads\/2014\/09\/Arcelor-Verina-10-768x576.jpg 768w, https:\/\/candas365.es\/noticias\/wp-content\/uploads\/2014\/09\/Arcelor-Verina-10-1536x1152.jpg 1536w, https:\/\/candas365.es\/noticias\/wp-content\/uploads\/2014\/09\/Arcelor-Verina-10-150x113.jpg 150w, https:\/\/candas365.es\/noticias\/wp-content\/uploads\/2014\/09\/Arcelor-Verina-10-450x338.jpg 450w, https:\/\/candas365.es\/noticias\/wp-content\/uploads\/2014\/09\/Arcelor-Verina-10-1200x900.jpg 1200w, https:\/\/candas365.es\/noticias\/wp-content\/uploads\/2014\/09\/Arcelor-Verina-10-1920x1440.jpg 1920w, https:\/\/candas365.es\/noticias\/wp-content\/uploads\/2014\/09\/Arcelor-Verina-10-80x60.jpg 80w, https:\/\/candas365.es\/noticias\/wp-content\/uploads\/2014\/09\/Arcelor-Verina-10-265x198.jpg 265w, https:\/\/candas365.es\/noticias\/wp-content\/uploads\/2014\/09\/Arcelor-Verina-10-696x522.jpg 696w, https:\/\/candas365.es\/noticias\/wp-content\/uploads\/2014\/09\/Arcelor-Verina-10-1068x801.jpg 1068w, https:\/\/candas365.es\/noticias\/wp-content\/uploads\/2014\/09\/Arcelor-Verina-10-560x420.jpg 560w, https:\/\/candas365.es\/noticias\/wp-content\/uploads\/2014\/09\/Arcelor-Verina-10-90x67.jpg 90w, https:\/\/candas365.es\/noticias\/wp-content\/uploads\/2014\/09\/Arcelor-Verina-10.jpg 2048w\" sizes=\"(max-width: 360px) 100vw, 360px\" \/>La Coordinadora Ecoloxista lamenta que aparezca hoy en el Bopa el mal llamado Plan para la mejora de la calidad del aire de la aglomeraci\u00f3n de Gij\u00f3n, que abarca terrenos de los terrenos de Gij\u00f3n y Carre\u00f1o, se haya hecho sin contestar a quienes presentamos fundamentadas alegaciones a este importante tr\u00e1mite.<\/p>\n<p>A pesar que a Directiva Europea 2008\/50\/CE obliga a implementar Planes de Mejora de la Calidad del Aire cuando en determinadas zonas o aglomeraciones, donde los niveles de contaminaci\u00f3n del aire ambiente superen cualquier valor l\u00edmite u objetivo. El Principado a renunciado a realizar en todos estos a\u00f1os hacerlo en la comarca, ahora cuando lo saca lo limita a una peque\u00f1a zona, de Gij\u00f3n y Carre\u00f1o, olvid\u00e1ndose del resto de vecinos afectados de ambos concejos<\/p>\n<p>Gran parte de las propuestas realizadas ya estaban incluidas en otros planes, por lo que no podemos hablar de novedad alguna y como obliga la norma se tiene que quitar de este plan de mejoras, porque son repeticiones, solo est\u00e1n para engordar la propuesta, pero no son nuevas medidas muchas veces anunciadas y pocas veces puestas en marcha:<\/p>\n<p>A la vista de las escasas novedades de medidas reales, que no sean repeticiones de programas o compromisos anteriores, entendemos que el Plan no solo es escaso por el tama\u00f1o geogr\u00e1fico que abarca, sino claramente insuficiente porque no propone medidas para otras instalaciones industriales que tiene un fuerte impacto ambiental, que no est\u00e1n cumpliendo las condiciones ambientales de sus correspondientes autorizaciones ambientales integradas.<\/p>\n<p>Hay que recordar que si hemos llegado a este grave problema de salud es porque el Gobierno de Asturias ha renunciado durante d\u00e9cadas en exigir a las empresas el cumplimiento de las condiciones ambientales obligatorias.<\/p>\n<p>En cuanto a la contaminaci\u00f3n por part\u00edculas PM10:<\/p>\n<p>El pasado a\u00f1o todas las estaciones de Gij\u00f3n y Carre\u00f1o o superan el valor de 20 \u00b5g\/m3 para part\u00edculas PM10 de menos de 10 micras, valor recomendado como m\u00e1ximo de promedio anual por la Organizaci\u00f3n Mundial de la Salud (OMS) y varias de ellas superaron las medias anuales de la norma espa\u00f1ola de valor limite que fueron;<\/p>\n<p>En Gij\u00f3n destacan las medias anuales 53 \u00b5g\/m3 en la estaci\u00f3n de Monteana, 45 \u00b5g\/m3 en la de Trema\u00f1es, 42 \u00b5g\/m3en la de Avenida Argentina, 32 \u00b5g\/m3 en la de Serin, 30 \u00b5g\/m3 en Avenida de la Constituci\u00f3n, 30 \u00b5g\/m3 en la de Jove, 30 \u00b5g\/m3 en Hermanos Felgueroso y 29 \u00b5g\/m3 en Plaza Castilla.<\/p>\n<p>En Carre\u00f1o 44 \u00b5g\/m3 en Tam\u00f3n, 40 \u00b5g\/m3 en Longueras.<\/p>\n<p>Tambi\u00e9n el pasado a\u00f1o, en varias estaciones no se cumple el valor l\u00edmite diario de protecci\u00f3n a la salud establecido por la norma espa\u00f1ola, que prev\u00e9 un l\u00edmite de 35 superaciones al a\u00f1o del valor de 50 \u00b5g\/m3:<\/p>\n<p>En Gij\u00f3n en las estaci\u00f3n de Monteana, Trema\u00f1es y Avenida de la Argentina, se produjeron el pasado a\u00f1o en estas estaciones las siguientes superaciones; 119 d\u00edas superados, 101 y 86 superaciones respectivamente.<\/p>\n<p>En Carre\u00f1o se produjeron 118 superaciones en la estaci\u00f3n de Tam\u00f3n, 98 superaciones en la de Xivares, 62 superaciones en el Tranqueru.<\/p>\n<p>La OMS estableci\u00f3 en 2005 unos valores l\u00edmite para part\u00edculas PM10 a\u00fan m\u00e1s restrictivos que los vigentes en la Uni\u00f3n Europea, en sus Gu\u00edas de Calidad del Aire. As\u00ed, mientras Espa\u00f1a considera un valor l\u00edmite promedio anual de 40 \u00b5g\/m3 la OMS lo establece en 20 \u00b5g\/m3.<\/p>\n<p>Hay que recordar que la zona central asturiana es la \u00fanica zona de Espa\u00f1a que supera desde hace varios a\u00f1os el umbral de protecci\u00f3n de la salud en part\u00edculas todo el a\u00f1o que esta fijado en una media anual de de 40 \u00b5g\/m3.<\/p>\n<p>Vamos a seguir exigiendo para que se ponga un verdadero Plan de Mejora de Calidad del Aire de Gij\u00f3n y Carre\u00f1o, que tanto se necesita desde hace d\u00e9cadas, porque esta ausencia la estamos pagando con la salud.<\/p>\n<p><strong>Coordinadora Ecoloxista d\u2019Asturies<\/strong><\/p>\n","protected":false},"excerpt":{"rendered":"<p>La Coordinadora Ecoloxista lamenta que aparezca hoy en el Bopa el mal llamado Plan para la mejora de la calidad del aire de la aglomeraci\u00f3n de Gij\u00f3n, que abarca terrenos de los terrenos de Gij\u00f3n y Carre\u00f1o, se haya hecho sin contestar a quienes presentamos fundamentadas alegaciones a este importante tr\u00e1mite. A pesar que a<\/p>\n","protected":false},"author":1,"featured_media":29,"comment_status":"closed","ping_status":"closed","sticky":false,"template":"","format":"standard","meta":{"footnotes":""},"categories":[1],"tags":[],"class_list":{"0":"post-28","1":"post","2":"type-post","3":"status-publish","4":"format-standard","5":"has-post-thumbnail","7":"category-agenda"},"aioseo_notices":[],"aioseo_head":"\n\t\t<!-- All in One SEO Pro 4.9.6.2 - aioseo.com -->\n\t<meta name=\"description\" content=\"La Coordinadora Ecoloxista lamenta que aparezca hoy en el Bopa el mal llamado Plan para la mejora de la calidad del aire de la aglomeraci\u00f3n de Gij\u00f3n, que abarca terrenos de los terrenos de Gij\u00f3n y Carre\u00f1o, se haya hecho sin contestar a quienes presentamos fundamentadas alegaciones a este importante tr\u00e1mite. A pesar que a\" \/>\n\t<meta name=\"robots\" content=\"max-image-preview:large\" \/>\n\t<meta name=\"author\" content=\"Cand\u00e1s 365\"\/>\n\t<meta name=\"google-site-verification\" content=\"UA-32230408-1\" \/>\n\t<meta name=\"msvalidate.01\" content=\"354F3CDFB2DA171B47FBE9ABF1F88D5\" \/>\n\t<meta name=\"keywords\" content=\"agenda\" \/>\n\t<link rel=\"canonical\" href=\"https:\/\/candas365.es\/noticias\/el-escaso-plan-calidad-del-aire-de-gijon-y-carreno%e2%80%8f\/\" \/>\n\t<meta name=\"generator\" content=\"All in One SEO Pro (AIOSEO) 4.9.6.2\" \/>\n\t\t<meta property=\"og:locale\" content=\"es_ES\" \/>\n\t\t<meta property=\"og:site_name\" content=\"Cand\u00e1s 365\" \/>\n\t\t<meta property=\"og:type\" content=\"article\" \/>\n\t\t<meta property=\"og:title\" content=\"El escaso plan calidad del aire de Gij\u00f3n y Carre\u00f1o\u200f | Cand\u00e1s 365\" \/>\n\t\t<meta property=\"og:description\" content=\"La Coordinadora Ecoloxista lamenta que aparezca hoy en el Bopa el mal llamado Plan para la mejora de la calidad del aire de la aglomeraci\u00f3n de Gij\u00f3n, que abarca terrenos de los terrenos de Gij\u00f3n y Carre\u00f1o, se haya hecho sin contestar a quienes presentamos fundamentadas alegaciones a este importante tr\u00e1mite. A pesar que a\" \/>\n\t\t<meta property=\"og:url\" content=\"https:\/\/candas365.es\/noticias\/el-escaso-plan-calidad-del-aire-de-gijon-y-carreno%e2%80%8f\/\" \/>\n\t\t<meta property=\"og:image\" content=\"https:\/\/candas365.es\/noticias\/wp-content\/uploads\/2014\/09\/Arcelor-Verina-10.jpg\" \/>\n\t\t<meta property=\"og:image:secure_url\" content=\"https:\/\/candas365.es\/noticias\/wp-content\/uploads\/2014\/09\/Arcelor-Verina-10.jpg\" \/>\n\t\t<meta property=\"og:image:width\" content=\"2048\" \/>\n\t\t<meta property=\"og:image:height\" content=\"1536\" \/>\n\t\t<meta property=\"article:published_time\" content=\"2014-09-15T08:12:43+00:00\" \/>\n\t\t<meta property=\"article:modified_time\" content=\"2014-09-15T08:12:43+00:00\" \/>\n\t\t<meta property=\"article:publisher\" content=\"https:\/\/www.facebook.com\/Nachofdezber\" \/>\n\t\t<meta property=\"article:author\" content=\"https:\/\/www.facebook.com\/carrenoactualidad\" \/>\n\t\t<meta name=\"twitter:card\" content=\"summary_large_image\" \/>\n\t\t<meta name=\"twitter:site\" content=\"@NabercoDigital\" \/>\n\t\t<meta name=\"twitter:title\" content=\"El escaso plan calidad del aire de Gij\u00f3n y Carre\u00f1o\u200f | Cand\u00e1s 365\" \/>\n\t\t<meta name=\"twitter:description\" content=\"La Coordinadora Ecoloxista lamenta que aparezca hoy en el Bopa el mal llamado Plan para la mejora de la calidad del aire de la aglomeraci\u00f3n de Gij\u00f3n, que abarca terrenos de los terrenos de Gij\u00f3n y Carre\u00f1o, se haya hecho sin contestar a quienes presentamos fundamentadas alegaciones a este importante tr\u00e1mite. A pesar que a\" \/>\n\t\t<meta name=\"twitter:creator\" content=\"@nbasturias\" \/>\n\t\t<meta name=\"twitter:image\" content=\"https:\/\/candas365.es\/noticias\/wp-content\/uploads\/2014\/09\/Arcelor-Verina-10.jpg\" \/>\n\t\t<meta name=\"twitter:label1\" content=\"Escrito por\" \/>\n\t\t<meta name=\"twitter:data1\" content=\"Cand\u00e1s 365\" \/>\n\t\t<meta name=\"twitter:label2\" content=\"Tiempo de lectura estimado\" \/>\n\t\t<meta name=\"twitter:data2\" content=\"3 minutos\" \/>\n\t\t<script type=\"application\/ld+json\" class=\"aioseo-schema\">\n\t\t\t{\"@context\":\"https:\\\/\\\/schema.org\",\"@graph\":[{\"@type\":\"BreadcrumbList\",\"@id\":\"https:\\\/\\\/candas365.es\\\/noticias\\\/el-escaso-plan-calidad-del-aire-de-gijon-y-carreno%e2%80%8f\\\/#breadcrumblist\",\"itemListElement\":[{\"@type\":\"ListItem\",\"@id\":\"https:\\\/\\\/candas365.es\\\/noticias#listItem\",\"position\":1,\"name\":\"Home\",\"item\":\"https:\\\/\\\/candas365.es\\\/noticias\",\"nextItem\":{\"@type\":\"ListItem\",\"@id\":\"https:\\\/\\\/candas365.es\\\/noticias\\\/category\\\/agenda\\\/#listItem\",\"name\":\"Agenda\"}},{\"@type\":\"ListItem\",\"@id\":\"https:\\\/\\\/candas365.es\\\/noticias\\\/category\\\/agenda\\\/#listItem\",\"position\":2,\"name\":\"Agenda\",\"item\":\"https:\\\/\\\/candas365.es\\\/noticias\\\/category\\\/agenda\\\/\",\"nextItem\":{\"@type\":\"ListItem\",\"@id\":\"https:\\\/\\\/candas365.es\\\/noticias\\\/el-escaso-plan-calidad-del-aire-de-gijon-y-carreno%e2%80%8f\\\/#listItem\",\"name\":\"El escaso plan calidad del aire de Gij\\u00f3n y Carre\\u00f1o\\u200f\"},\"previousItem\":{\"@type\":\"ListItem\",\"@id\":\"https:\\\/\\\/candas365.es\\\/noticias#listItem\",\"name\":\"Home\"}},{\"@type\":\"ListItem\",\"@id\":\"https:\\\/\\\/candas365.es\\\/noticias\\\/el-escaso-plan-calidad-del-aire-de-gijon-y-carreno%e2%80%8f\\\/#listItem\",\"position\":3,\"name\":\"El escaso plan calidad del aire de Gij\\u00f3n y Carre\\u00f1o\\u200f\",\"previousItem\":{\"@type\":\"ListItem\",\"@id\":\"https:\\\/\\\/candas365.es\\\/noticias\\\/category\\\/agenda\\\/#listItem\",\"name\":\"Agenda\"}}]},{\"@type\":\"NewsArticle\",\"@id\":\"https:\\\/\\\/candas365.es\\\/noticias\\\/el-escaso-plan-calidad-del-aire-de-gijon-y-carreno%e2%80%8f\\\/#newsarticle\",\"name\":\"El escaso plan calidad del aire de Gij\\u00f3n y Carre\\u00f1o\\u200f | Cand\\u00e1s 365\",\"headline\":\"El escaso plan calidad del aire de Gij\\u00f3n y Carre\\u00f1o\\u200f\",\"author\":{\"@id\":\"https:\\\/\\\/candas365.es\\\/noticias\\\/author\\\/admin\\\/#author\"},\"publisher\":{\"@id\":\"https:\\\/\\\/candas365.es\\\/noticias\\\/#organization\"},\"image\":{\"@type\":\"ImageObject\",\"url\":\"https:\\\/\\\/candas365.es\\\/noticias\\\/wp-content\\\/uploads\\\/2014\\\/09\\\/Arcelor-Verina-10.jpg\",\"width\":2048,\"height\":1536},\"datePublished\":\"2014-09-15T06:12:43+02:00\",\"dateModified\":\"2014-09-15T06:12:43+02:00\",\"inLanguage\":\"es-ES\",\"mainEntityOfPage\":{\"@id\":\"https:\\\/\\\/candas365.es\\\/noticias\\\/el-escaso-plan-calidad-del-aire-de-gijon-y-carreno%e2%80%8f\\\/#webpage\"},\"isPartOf\":{\"@id\":\"https:\\\/\\\/candas365.es\\\/noticias\\\/el-escaso-plan-calidad-del-aire-de-gijon-y-carreno%e2%80%8f\\\/#webpage\"},\"articleSection\":\"Agenda\",\"dateline\":\"Publicado el septiembre 15, 2014.\"},{\"@type\":\"Organization\",\"@id\":\"https:\\\/\\\/candas365.es\\\/noticias\\\/#organization\",\"name\":\"Cand\\u00e1s 365\",\"description\":\"Cand\\u00e1s 365 es un diario digital independiente, fundado en 2012, con base en Asturias. Informamos con rigor sobre actualidad, sociedad, cultura y ocio, con una mirada local y global.\",\"url\":\"https:\\\/\\\/candas365.es\\\/noticias\\\/\",\"email\":\"info@candas365.es\",\"telephone\":\"+34652131393\",\"foundingDate\":\"2012-06-10\",\"logo\":{\"@type\":\"ImageObject\",\"url\":\"https:\\\/\\\/candas365.es\\\/noticias\\\/wp-content\\\/uploads\\\/2024\\\/09\\\/Candas-365-Redes.jpg\",\"@id\":\"https:\\\/\\\/candas365.es\\\/noticias\\\/el-escaso-plan-calidad-del-aire-de-gijon-y-carreno%e2%80%8f\\\/#organizationLogo\",\"width\":1152,\"height\":864,\"caption\":\"Cand\\u00e1s 365 Redes\"},\"image\":{\"@id\":\"https:\\\/\\\/candas365.es\\\/noticias\\\/el-escaso-plan-calidad-del-aire-de-gijon-y-carreno%e2%80%8f\\\/#organizationLogo\"},\"sameAs\":[\"https:\\\/\\\/www.facebook.com\\\/Nachofdezber\",\"https:\\\/\\\/x.com\\\/NabercoDigital\",\"https:\\\/\\\/www.instagram.com\\\/nachofdezber\\\/\",\"https:\\\/\\\/www.youtube.com\\\/channel\\\/UCZP-2wLEB9Rv6erhFmqVnvg\"],\"address\":{\"@id\":\"https:\\\/\\\/candas365.es\\\/noticias\\\/#postaladdress\",\"@type\":\"PostalAddress\",\"streetAddress\":\"san antonio 4, san antonio 4\",\"postalCode\":\"33430\",\"addressLocality\":\"Cand\\u00e1s\",\"addressRegion\":\"Asturias\",\"addressCountry\":\"ES\"}},{\"@type\":\"Person\",\"@id\":\"https:\\\/\\\/candas365.es\\\/noticias\\\/author\\\/admin\\\/#author\",\"url\":\"https:\\\/\\\/candas365.es\\\/noticias\\\/author\\\/admin\\\/\",\"name\":\"Cand\\u00e1s 365\",\"image\":{\"@type\":\"ImageObject\",\"@id\":\"https:\\\/\\\/candas365.es\\\/noticias\\\/el-escaso-plan-calidad-del-aire-de-gijon-y-carreno%e2%80%8f\\\/#authorImage\",\"url\":\"https:\\\/\\\/secure.gravatar.com\\\/avatar\\\/496a8e03d0c493ede1718b7934145dbdf8d89be1036b0eec9544e1094c9de390?s=96&d=mm&r=g\",\"width\":96,\"height\":96,\"caption\":\"Cand\\u00e1s 365\"},\"sameAs\":[\"https:\\\/\\\/www.facebook.com\\\/carrenoactualidad\",\"https:\\\/\\\/twitter.com\\\/nbasturias\",\"https:\\\/\\\/www.instagram.com\\\/nachofdezber\\\/\",\"https:\\\/\\\/www.youtube.com\\\/channel\\\/UCZP-2wLEB9Rv6erhFmqVnvg\"]},{\"@type\":\"WebPage\",\"@id\":\"https:\\\/\\\/candas365.es\\\/noticias\\\/el-escaso-plan-calidad-del-aire-de-gijon-y-carreno%e2%80%8f\\\/#webpage\",\"url\":\"https:\\\/\\\/candas365.es\\\/noticias\\\/el-escaso-plan-calidad-del-aire-de-gijon-y-carreno%e2%80%8f\\\/\",\"name\":\"El escaso plan calidad del aire de Gij\\u00f3n y Carre\\u00f1o\\u200f | Cand\\u00e1s 365\",\"description\":\"La Coordinadora Ecoloxista lamenta que aparezca hoy en el Bopa el mal llamado Plan para la mejora de la calidad del aire de la aglomeraci\\u00f3n de Gij\\u00f3n, que abarca terrenos de los terrenos de Gij\\u00f3n y Carre\\u00f1o, se haya hecho sin contestar a quienes presentamos fundamentadas alegaciones a este importante tr\\u00e1mite. A pesar que a\",\"inLanguage\":\"es-ES\",\"isPartOf\":{\"@id\":\"https:\\\/\\\/candas365.es\\\/noticias\\\/#website\"},\"breadcrumb\":{\"@id\":\"https:\\\/\\\/candas365.es\\\/noticias\\\/el-escaso-plan-calidad-del-aire-de-gijon-y-carreno%e2%80%8f\\\/#breadcrumblist\"},\"author\":{\"@id\":\"https:\\\/\\\/candas365.es\\\/noticias\\\/author\\\/admin\\\/#author\"},\"creator\":{\"@id\":\"https:\\\/\\\/candas365.es\\\/noticias\\\/author\\\/admin\\\/#author\"},\"image\":{\"@type\":\"ImageObject\",\"url\":\"https:\\\/\\\/candas365.es\\\/noticias\\\/wp-content\\\/uploads\\\/2014\\\/09\\\/Arcelor-Verina-10.jpg\",\"@id\":\"https:\\\/\\\/candas365.es\\\/noticias\\\/el-escaso-plan-calidad-del-aire-de-gijon-y-carreno%e2%80%8f\\\/#mainImage\",\"width\":2048,\"height\":1536},\"primaryImageOfPage\":{\"@id\":\"https:\\\/\\\/candas365.es\\\/noticias\\\/el-escaso-plan-calidad-del-aire-de-gijon-y-carreno%e2%80%8f\\\/#mainImage\"},\"datePublished\":\"2014-09-15T06:12:43+02:00\",\"dateModified\":\"2014-09-15T06:12:43+02:00\"},{\"@type\":\"WebSite\",\"@id\":\"https:\\\/\\\/candas365.es\\\/noticias\\\/#website\",\"url\":\"https:\\\/\\\/candas365.es\\\/noticias\\\/\",\"name\":\"Cand\\u00e1s 365\",\"alternateName\":\"Cand\\u00e1s 365 Noticias\",\"description\":\"Actualidad desde Carre\\u00f1o para el mundo\",\"inLanguage\":\"es-ES\",\"publisher\":{\"@id\":\"https:\\\/\\\/candas365.es\\\/noticias\\\/#organization\"}}]}\n\t\t<\/script>\n\t\t<!-- All in One SEO Pro -->\r\n\t\t<title>El escaso plan calidad del aire de Gij\u00f3n y Carre\u00f1o\u200f | Cand\u00e1s 365<\/title>\n\n","aioseo_head_json":{"title":"El escaso plan calidad del aire de Gij\u00f3n y Carre\u00f1o\u200f | Cand\u00e1s 365","description":"La Coordinadora Ecoloxista lamenta que aparezca hoy en el Bopa el mal llamado Plan para la mejora de la calidad del aire de la aglomeraci\u00f3n de Gij\u00f3n, que abarca terrenos de los terrenos de Gij\u00f3n y Carre\u00f1o, se haya hecho sin contestar a quienes presentamos fundamentadas alegaciones a este importante tr\u00e1mite. A pesar que a","canonical_url":"https:\/\/candas365.es\/noticias\/el-escaso-plan-calidad-del-aire-de-gijon-y-carreno%e2%80%8f\/","robots":"max-image-preview:large","keywords":"agenda","webmasterTools":{"google-site-verification":"UA-32230408-1","msvalidate.01":"354F3CDFB2DA171B47FBE9ABF1F88D5","miscellaneous":""},"schema":{"@context":"https:\/\/schema.org","@graph":[{"@type":"BreadcrumbList","@id":"https:\/\/candas365.es\/noticias\/el-escaso-plan-calidad-del-aire-de-gijon-y-carreno%e2%80%8f\/#breadcrumblist","itemListElement":[{"@type":"ListItem","@id":"https:\/\/candas365.es\/noticias#listItem","position":1,"name":"Home","item":"https:\/\/candas365.es\/noticias","nextItem":{"@type":"ListItem","@id":"https:\/\/candas365.es\/noticias\/category\/agenda\/#listItem","name":"Agenda"}},{"@type":"ListItem","@id":"https:\/\/candas365.es\/noticias\/category\/agenda\/#listItem","position":2,"name":"Agenda","item":"https:\/\/candas365.es\/noticias\/category\/agenda\/","nextItem":{"@type":"ListItem","@id":"https:\/\/candas365.es\/noticias\/el-escaso-plan-calidad-del-aire-de-gijon-y-carreno%e2%80%8f\/#listItem","name":"El escaso plan calidad del aire de Gij\u00f3n y Carre\u00f1o\u200f"},"previousItem":{"@type":"ListItem","@id":"https:\/\/candas365.es\/noticias#listItem","name":"Home"}},{"@type":"ListItem","@id":"https:\/\/candas365.es\/noticias\/el-escaso-plan-calidad-del-aire-de-gijon-y-carreno%e2%80%8f\/#listItem","position":3,"name":"El escaso plan calidad del aire de Gij\u00f3n y Carre\u00f1o\u200f","previousItem":{"@type":"ListItem","@id":"https:\/\/candas365.es\/noticias\/category\/agenda\/#listItem","name":"Agenda"}}]},{"@type":"NewsArticle","@id":"https:\/\/candas365.es\/noticias\/el-escaso-plan-calidad-del-aire-de-gijon-y-carreno%e2%80%8f\/#newsarticle","name":"El escaso plan calidad del aire de Gij\u00f3n y Carre\u00f1o\u200f | Cand\u00e1s 365","headline":"El escaso plan calidad del aire de Gij\u00f3n y Carre\u00f1o\u200f","author":{"@id":"https:\/\/candas365.es\/noticias\/author\/admin\/#author"},"publisher":{"@id":"https:\/\/candas365.es\/noticias\/#organization"},"image":{"@type":"ImageObject","url":"https:\/\/candas365.es\/noticias\/wp-content\/uploads\/2014\/09\/Arcelor-Verina-10.jpg","width":2048,"height":1536},"datePublished":"2014-09-15T06:12:43+02:00","dateModified":"2014-09-15T06:12:43+02:00","inLanguage":"es-ES","mainEntityOfPage":{"@id":"https:\/\/candas365.es\/noticias\/el-escaso-plan-calidad-del-aire-de-gijon-y-carreno%e2%80%8f\/#webpage"},"isPartOf":{"@id":"https:\/\/candas365.es\/noticias\/el-escaso-plan-calidad-del-aire-de-gijon-y-carreno%e2%80%8f\/#webpage"},"articleSection":"Agenda","dateline":"Publicado el septiembre 15, 2014."},{"@type":"Organization","@id":"https:\/\/candas365.es\/noticias\/#organization","name":"Cand\u00e1s 365","description":"Cand\u00e1s 365 es un diario digital independiente, fundado en 2012, con base en Asturias. Informamos con rigor sobre actualidad, sociedad, cultura y ocio, con una mirada local y global.","url":"https:\/\/candas365.es\/noticias\/","email":"info@candas365.es","telephone":"+34652131393","foundingDate":"2012-06-10","logo":{"@type":"ImageObject","url":"https:\/\/candas365.es\/noticias\/wp-content\/uploads\/2024\/09\/Candas-365-Redes.jpg","@id":"https:\/\/candas365.es\/noticias\/el-escaso-plan-calidad-del-aire-de-gijon-y-carreno%e2%80%8f\/#organizationLogo","width":1152,"height":864,"caption":"Cand\u00e1s 365 Redes"},"image":{"@id":"https:\/\/candas365.es\/noticias\/el-escaso-plan-calidad-del-aire-de-gijon-y-carreno%e2%80%8f\/#organizationLogo"},"sameAs":["https:\/\/www.facebook.com\/Nachofdezber","https:\/\/x.com\/NabercoDigital","https:\/\/www.instagram.com\/nachofdezber\/","https:\/\/www.youtube.com\/channel\/UCZP-2wLEB9Rv6erhFmqVnvg"],"address":{"@id":"https:\/\/candas365.es\/noticias\/#postaladdress","@type":"PostalAddress","streetAddress":"san antonio 4, san antonio 4","postalCode":"33430","addressLocality":"Cand\u00e1s","addressRegion":"Asturias","addressCountry":"ES"}},{"@type":"Person","@id":"https:\/\/candas365.es\/noticias\/author\/admin\/#author","url":"https:\/\/candas365.es\/noticias\/author\/admin\/","name":"Cand\u00e1s 365","image":{"@type":"ImageObject","@id":"https:\/\/candas365.es\/noticias\/el-escaso-plan-calidad-del-aire-de-gijon-y-carreno%e2%80%8f\/#authorImage","url":"https:\/\/secure.gravatar.com\/avatar\/496a8e03d0c493ede1718b7934145dbdf8d89be1036b0eec9544e1094c9de390?s=96&d=mm&r=g","width":96,"height":96,"caption":"Cand\u00e1s 365"},"sameAs":["https:\/\/www.facebook.com\/carrenoactualidad","https:\/\/twitter.com\/nbasturias","https:\/\/www.instagram.com\/nachofdezber\/","https:\/\/www.youtube.com\/channel\/UCZP-2wLEB9Rv6erhFmqVnvg"]},{"@type":"WebPage","@id":"https:\/\/candas365.es\/noticias\/el-escaso-plan-calidad-del-aire-de-gijon-y-carreno%e2%80%8f\/#webpage","url":"https:\/\/candas365.es\/noticias\/el-escaso-plan-calidad-del-aire-de-gijon-y-carreno%e2%80%8f\/","name":"El escaso plan calidad del aire de Gij\u00f3n y Carre\u00f1o\u200f | Cand\u00e1s 365","description":"La Coordinadora Ecoloxista lamenta que aparezca hoy en el Bopa el mal llamado Plan para la mejora de la calidad del aire de la aglomeraci\u00f3n de Gij\u00f3n, que abarca terrenos de los terrenos de Gij\u00f3n y Carre\u00f1o, se haya hecho sin contestar a quienes presentamos fundamentadas alegaciones a este importante tr\u00e1mite. A pesar que a","inLanguage":"es-ES","isPartOf":{"@id":"https:\/\/candas365.es\/noticias\/#website"},"breadcrumb":{"@id":"https:\/\/candas365.es\/noticias\/el-escaso-plan-calidad-del-aire-de-gijon-y-carreno%e2%80%8f\/#breadcrumblist"},"author":{"@id":"https:\/\/candas365.es\/noticias\/author\/admin\/#author"},"creator":{"@id":"https:\/\/candas365.es\/noticias\/author\/admin\/#author"},"image":{"@type":"ImageObject","url":"https:\/\/candas365.es\/noticias\/wp-content\/uploads\/2014\/09\/Arcelor-Verina-10.jpg","@id":"https:\/\/candas365.es\/noticias\/el-escaso-plan-calidad-del-aire-de-gijon-y-carreno%e2%80%8f\/#mainImage","width":2048,"height":1536},"primaryImageOfPage":{"@id":"https:\/\/candas365.es\/noticias\/el-escaso-plan-calidad-del-aire-de-gijon-y-carreno%e2%80%8f\/#mainImage"},"datePublished":"2014-09-15T06:12:43+02:00","dateModified":"2014-09-15T06:12:43+02:00"},{"@type":"WebSite","@id":"https:\/\/candas365.es\/noticias\/#website","url":"https:\/\/candas365.es\/noticias\/","name":"Cand\u00e1s 365","alternateName":"Cand\u00e1s 365 Noticias","description":"Actualidad desde Carre\u00f1o para el mundo","inLanguage":"es-ES","publisher":{"@id":"https:\/\/candas365.es\/noticias\/#organization"}}]},"og:locale":"es_ES","og:site_name":"Cand\u00e1s 365","og:type":"article","og:title":"El escaso plan calidad del aire de Gij\u00f3n y Carre\u00f1o\u200f | Cand\u00e1s 365","og:description":"La Coordinadora Ecoloxista lamenta que aparezca hoy en el Bopa el mal llamado Plan para la mejora de la calidad del aire de la aglomeraci\u00f3n de Gij\u00f3n, que abarca terrenos de los terrenos de Gij\u00f3n y Carre\u00f1o, se haya hecho sin contestar a quienes presentamos fundamentadas alegaciones a este importante tr\u00e1mite. A pesar que a","og:url":"https:\/\/candas365.es\/noticias\/el-escaso-plan-calidad-del-aire-de-gijon-y-carreno%e2%80%8f\/","og:image":"https:\/\/candas365.es\/noticias\/wp-content\/uploads\/2014\/09\/Arcelor-Verina-10.jpg","og:image:secure_url":"https:\/\/candas365.es\/noticias\/wp-content\/uploads\/2014\/09\/Arcelor-Verina-10.jpg","og:image:width":2048,"og:image:height":1536,"article:published_time":"2014-09-15T08:12:43+00:00","article:modified_time":"2014-09-15T08:12:43+00:00","article:publisher":"https:\/\/www.facebook.com\/Nachofdezber","article:author":"https:\/\/www.facebook.com\/carrenoactualidad","twitter:card":"summary_large_image","twitter:site":"@NabercoDigital","twitter:title":"El escaso plan calidad del aire de Gij\u00f3n y Carre\u00f1o\u200f | Cand\u00e1s 365","twitter:description":"La Coordinadora Ecoloxista lamenta que aparezca hoy en el Bopa el mal llamado Plan para la mejora de la calidad del aire de la aglomeraci\u00f3n de Gij\u00f3n, que abarca terrenos de los terrenos de Gij\u00f3n y Carre\u00f1o, se haya hecho sin contestar a quienes presentamos fundamentadas alegaciones a este importante tr\u00e1mite. A pesar que a","twitter:creator":"@nbasturias","twitter:image":"https:\/\/candas365.es\/noticias\/wp-content\/uploads\/2014\/09\/Arcelor-Verina-10.jpg","twitter:label1":"Escrito por","twitter:data1":"Cand\u00e1s 365","twitter:label2":"Tiempo de lectura estimado","twitter:data2":"3 minutos"},"aioseo_meta_data":{"post_id":"28","title":null,"description":null,"keywords":null,"keyphrases":null,"primary_term":null,"canonical_url":null,"og_title":null,"og_description":null,"og_object_type":"default","og_image_type":"default","og_image_url":null,"og_image_width":null,"og_image_height":null,"og_image_custom_url":null,"og_image_custom_fields":null,"og_video":null,"og_custom_url":null,"og_article_section":null,"og_article_tags":null,"twitter_use_og":false,"twitter_card":"default","twitter_image_type":"default","twitter_image_url":null,"twitter_image_custom_url":null,"twitter_image_custom_fields":null,"twitter_title":null,"twitter_description":null,"schema":{"blockGraphs":[],"customGraphs":[],"default":{"data":{"Article":[],"Course":[],"Dataset":[],"FAQPage":[],"Movie":[],"Person":[],"Product":[],"ProductReview":[],"Car":[],"Recipe":[],"Service":[],"SoftwareApplication":[],"WebPage":[]},"graphName":"","isEnabled":true},"graphs":[],"defaultGraph":"","defaultPostTypeGraph":""},"schema_type":null,"schema_type_options":null,"pillar_content":false,"robots_default":true,"robots_noindex":false,"robots_noarchive":false,"robots_nosnippet":false,"robots_nofollow":false,"robots_noimageindex":false,"robots_noodp":false,"robots_notranslate":false,"robots_max_snippet":null,"robots_max_videopreview":null,"robots_max_imagepreview":"large","priority":null,"frequency":null,"location":null,"local_seo":null,"seo_analyzer_scan_date":"2025-08-22 19:56:10","breadcrumb_settings":null,"limit_modified_date":false,"reviewed_by":null,"open_ai":null,"ai":null,"created":"2020-12-21 10:36:59","updated":"2025-08-22 19:56:10"},"aioseo_breadcrumb":"<div class=\"aioseo-breadcrumbs\"><span class=\"aioseo-breadcrumb\">\n\t<a href=\"https:\/\/candas365.es\/noticias\" title=\"Home\">Home<\/a>\n<\/span><span class=\"aioseo-breadcrumb-separator\">&ndash;<\/span><span class=\"aioseo-breadcrumb\">\n\t<a href=\"https:\/\/candas365.es\/noticias\/category\/agenda\/\" title=\"Agenda\">Agenda<\/a>\n<\/span><span class=\"aioseo-breadcrumb-separator\">&ndash;<\/span><span class=\"aioseo-breadcrumb\">\n\tEl escaso plan calidad del aire de Gij\u00f3n y Carre\u00f1o\u200f\n<\/span><\/div>","aioseo_breadcrumb_json":[{"label":"Home","link":"https:\/\/candas365.es\/noticias"},{"label":"Agenda","link":"https:\/\/candas365.es\/noticias\/category\/agenda\/"},{"label":"El escaso plan calidad del aire de Gij\u00f3n y Carre\u00f1o\u200f","link":"https:\/\/candas365.es\/noticias\/el-escaso-plan-calidad-del-aire-de-gijon-y-carreno%e2%80%8f\/"}],"_links":{"self":[{"href":"https:\/\/candas365.es\/noticias\/wp-json\/wp\/v2\/posts\/28","targetHints":{"allow":["GET"]}}],"collection":[{"href":"https:\/\/candas365.es\/noticias\/wp-json\/wp\/v2\/posts"}],"about":[{"href":"https:\/\/candas365.es\/noticias\/wp-json\/wp\/v2\/types\/post"}],"author":[{"embeddable":true,"href":"https:\/\/candas365.es\/noticias\/wp-json\/wp\/v2\/users\/1"}],"replies":[{"embeddable":true,"href":"https:\/\/candas365.es\/noticias\/wp-json\/wp\/v2\/comments?post=28"}],"version-history":[{"count":0,"href":"https:\/\/candas365.es\/noticias\/wp-json\/wp\/v2\/posts\/28\/revisions"}],"wp:featuredmedia":[{"embeddable":true,"href":"https:\/\/candas365.es\/noticias\/wp-json\/wp\/v2\/media\/29"}],"wp:attachment":[{"href":"https:\/\/candas365.es\/noticias\/wp-json\/wp\/v2\/media?parent=28"}],"wp:term":[{"taxonomy":"category","embeddable":true,"href":"https:\/\/candas365.es\/noticias\/wp-json\/wp\/v2\/categories?post=28"},{"taxonomy":"post_tag","embeddable":true,"href":"https:\/\/candas365.es\/noticias\/wp-json\/wp\/v2\/tags?post=28"}],"curies":[{"name":"wp","href":"https:\/\/api.w.org\/{rel}","templated":true}]}}