{"id":27051,"date":"2016-02-29T00:16:37","date_gmt":"2016-02-28T22:46:37","guid":{"rendered":"http:\/\/candas365.es\/noticias\/?p=27051"},"modified":"2016-02-29T00:16:37","modified_gmt":"2016-02-28T22:46:37","slug":"unos-2000-esquiadores-se-acercan-a-las-pistas-asturianas-durante-el-fin-de-semana","status":"publish","type":"post","link":"https:\/\/candas365.es\/noticias\/unos-2000-esquiadores-se-acercan-a-las-pistas-asturianas-durante-el-fin-de-semana\/","title":{"rendered":"Unos 2000 esquiadores se acercan a las pistas asturianas durante el fin de semana"},"content":{"rendered":"<p><img fetchpriority=\"high\" decoding=\"async\" class=\"alignleft size-medium wp-image-27052\" src=\"https:\/\/candas365.es\/noticias\/wp-content\/uploads\/2016\/02\/fotonoticia_20160228173858_800-360x270.jpg\" alt=\"fotonoticia_20160228173858_800\" width=\"360\" height=\"270\" srcset=\"https:\/\/candas365.es\/noticias\/wp-content\/uploads\/2016\/02\/fotonoticia_20160228173858_800-360x270.jpg 360w, https:\/\/candas365.es\/noticias\/wp-content\/uploads\/2016\/02\/fotonoticia_20160228173858_800-640x480.jpg 640w, https:\/\/candas365.es\/noticias\/wp-content\/uploads\/2016\/02\/fotonoticia_20160228173858_800-768x576.jpg 768w, https:\/\/candas365.es\/noticias\/wp-content\/uploads\/2016\/02\/fotonoticia_20160228173858_800-150x113.jpg 150w, https:\/\/candas365.es\/noticias\/wp-content\/uploads\/2016\/02\/fotonoticia_20160228173858_800-450x338.jpg 450w, https:\/\/candas365.es\/noticias\/wp-content\/uploads\/2016\/02\/fotonoticia_20160228173858_800-80x60.jpg 80w, https:\/\/candas365.es\/noticias\/wp-content\/uploads\/2016\/02\/fotonoticia_20160228173858_800-265x198.jpg 265w, https:\/\/candas365.es\/noticias\/wp-content\/uploads\/2016\/02\/fotonoticia_20160228173858_800-696x522.jpg 696w, https:\/\/candas365.es\/noticias\/wp-content\/uploads\/2016\/02\/fotonoticia_20160228173858_800-560x420.jpg 560w, https:\/\/candas365.es\/noticias\/wp-content\/uploads\/2016\/02\/fotonoticia_20160228173858_800-90x67.jpg 90w, https:\/\/candas365.es\/noticias\/wp-content\/uploads\/2016\/02\/fotonoticia_20160228173858_800.jpg 800w\" sizes=\"(max-width: 360px) 100vw, 360px\" \/>Este ha sido un complicado fin de semana para la pr\u00e1ctica del esqu\u00ed en las estaciones del Principado, debido a las malas condiciones meteorol\u00f3gicas. El fuerte viento impidi\u00f3 la apertura de los remontes de las zonas altas en ambas estaciones. A pesar de las dificultades, casi dos mil esquiadores hicieron uso de las instalaciones durante el fin de semana en el conjunto de las dos estaciones.<\/p>\n<p>Seg\u00fan han informado los responsables de las estaciones, durante la jornada dominical, Pajares permaneci\u00f3 cerrada debido al temporal. Los accesos por carretera tambi\u00e9n tuvieron su punto de dificultad por la nieve ca\u00edda.<\/p>\n<p>Como nota positiva se destaca que las pistas han podido incrementar los espesores de nieve, que ya estaban con valores muy ajustados.<\/p>\n<p>As\u00ed, la oferta conjunta fue de algo m\u00e1s de 6 kil\u00f3metros, durante el s\u00e1bado, y de 3,5 kil\u00f3metros durante el domingo, al estar abierta solamente Fuentes de Invierno.<\/p>\n<p>Para los pr\u00f3ximos d\u00edas se espera una mejor\u00eda del tiempo, lo que permitir\u00e1 ir abriendo los diferentes sectores de ambas estaciones.<\/p>\n<p>Como es habitual, a primera hora de la ma\u00f1ana, en sus p\u00e1ginas web y redes sociales, se confirmar\u00e1 la apertura definitiva de pistas y remontes en cada estaci\u00f3n.<\/p>\n<p>&nbsp;<\/p>\n","protected":false},"excerpt":{"rendered":"<p>Este ha sido un complicado fin de semana para la pr\u00e1ctica del esqu\u00ed en las estaciones del Principado, debido a las malas condiciones meteorol\u00f3gicas. El fuerte viento impidi\u00f3 la apertura de los remontes de las zonas altas en ambas estaciones. A pesar de las dificultades, casi dos mil esquiadores hicieron uso de las instalaciones durante<\/p>\n","protected":false},"author":1,"featured_media":27052,"comment_status":"closed","ping_status":"closed","sticky":false,"template":"","format":"standard","meta":{"footnotes":""},"categories":[343],"tags":[],"class_list":{"0":"post-27051","1":"post","2":"type-post","3":"status-publish","4":"format-standard","5":"has-post-thumbnail","7":"category-actualidad"},"aioseo_notices":[],"aioseo_head":"\n\t\t<!-- All in One SEO Pro 4.9.6.2 - aioseo.com -->\n\t<meta name=\"description\" content=\"Este ha sido un complicado fin de semana para la pr\u00e1ctica del esqu\u00ed en las estaciones del Principado, debido a las malas condiciones meteorol\u00f3gicas. El fuerte viento impidi\u00f3 la apertura de los remontes de las zonas altas en ambas estaciones. A pesar de las dificultades, casi dos mil esquiadores hicieron uso de las instalaciones durante\" \/>\n\t<meta name=\"robots\" content=\"max-image-preview:large\" \/>\n\t<meta name=\"author\" content=\"Cand\u00e1s 365\"\/>\n\t<meta name=\"google-site-verification\" content=\"UA-32230408-1\" \/>\n\t<meta name=\"msvalidate.01\" content=\"354F3CDFB2DA171B47FBE9ABF1F88D5\" \/>\n\t<meta name=\"keywords\" content=\"actualidad\" \/>\n\t<link rel=\"canonical\" href=\"https:\/\/candas365.es\/noticias\/unos-2000-esquiadores-se-acercan-a-las-pistas-asturianas-durante-el-fin-de-semana\/\" \/>\n\t<meta name=\"generator\" content=\"All in One SEO Pro (AIOSEO) 4.9.6.2\" \/>\n\t\t<meta property=\"og:locale\" content=\"es_ES\" \/>\n\t\t<meta property=\"og:site_name\" content=\"Cand\u00e1s 365\" \/>\n\t\t<meta property=\"og:type\" content=\"article\" \/>\n\t\t<meta property=\"og:title\" content=\"Unos 2000 esquiadores se acercan a las pistas asturianas durante el fin de semana | Cand\u00e1s 365\" \/>\n\t\t<meta property=\"og:description\" content=\"Este ha sido un complicado fin de semana para la pr\u00e1ctica del esqu\u00ed en las estaciones del Principado, debido a las malas condiciones meteorol\u00f3gicas. El fuerte viento impidi\u00f3 la apertura de los remontes de las zonas altas en ambas estaciones. A pesar de las dificultades, casi dos mil esquiadores hicieron uso de las instalaciones durante\" \/>\n\t\t<meta property=\"og:url\" content=\"https:\/\/candas365.es\/noticias\/unos-2000-esquiadores-se-acercan-a-las-pistas-asturianas-durante-el-fin-de-semana\/\" \/>\n\t\t<meta property=\"og:image\" content=\"https:\/\/candas365.es\/noticias\/wp-content\/uploads\/2016\/02\/fotonoticia_20160228173858_800.jpg\" \/>\n\t\t<meta property=\"og:image:secure_url\" content=\"https:\/\/candas365.es\/noticias\/wp-content\/uploads\/2016\/02\/fotonoticia_20160228173858_800.jpg\" \/>\n\t\t<meta property=\"og:image:width\" content=\"800\" \/>\n\t\t<meta property=\"og:image:height\" content=\"600\" \/>\n\t\t<meta property=\"article:published_time\" content=\"2016-02-28T22:46:37+00:00\" \/>\n\t\t<meta property=\"article:modified_time\" content=\"2016-02-28T22:46:37+00:00\" \/>\n\t\t<meta property=\"article:publisher\" content=\"https:\/\/www.facebook.com\/Nachofdezber\" \/>\n\t\t<meta property=\"article:author\" content=\"https:\/\/www.facebook.com\/carrenoactualidad\" \/>\n\t\t<meta name=\"twitter:card\" content=\"summary_large_image\" \/>\n\t\t<meta name=\"twitter:site\" content=\"@NabercoDigital\" \/>\n\t\t<meta name=\"twitter:title\" content=\"Unos 2000 esquiadores se acercan a las pistas asturianas durante el fin de semana | Cand\u00e1s 365\" \/>\n\t\t<meta name=\"twitter:description\" content=\"Este ha sido un complicado fin de semana para la pr\u00e1ctica del esqu\u00ed en las estaciones del Principado, debido a las malas condiciones meteorol\u00f3gicas. El fuerte viento impidi\u00f3 la apertura de los remontes de las zonas altas en ambas estaciones. A pesar de las dificultades, casi dos mil esquiadores hicieron uso de las instalaciones durante\" \/>\n\t\t<meta name=\"twitter:creator\" content=\"@nbasturias\" \/>\n\t\t<meta name=\"twitter:image\" content=\"https:\/\/candas365.es\/noticias\/wp-content\/uploads\/2016\/02\/fotonoticia_20160228173858_800.jpg\" \/>\n\t\t<meta name=\"twitter:label1\" content=\"Escrito por\" \/>\n\t\t<meta name=\"twitter:data1\" content=\"Cand\u00e1s 365\" \/>\n\t\t<meta name=\"twitter:label2\" content=\"Tiempo de lectura estimado\" \/>\n\t\t<meta name=\"twitter:data2\" content=\"1 minuto\" \/>\n\t\t<script type=\"application\/ld+json\" class=\"aioseo-schema\">\n\t\t\t{\"@context\":\"https:\\\/\\\/schema.org\",\"@graph\":[{\"@type\":\"BreadcrumbList\",\"@id\":\"https:\\\/\\\/candas365.es\\\/noticias\\\/unos-2000-esquiadores-se-acercan-a-las-pistas-asturianas-durante-el-fin-de-semana\\\/#breadcrumblist\",\"itemListElement\":[{\"@type\":\"ListItem\",\"@id\":\"https:\\\/\\\/candas365.es\\\/noticias#listItem\",\"position\":1,\"name\":\"Home\",\"item\":\"https:\\\/\\\/candas365.es\\\/noticias\",\"nextItem\":{\"@type\":\"ListItem\",\"@id\":\"https:\\\/\\\/candas365.es\\\/noticias\\\/category\\\/actualidad\\\/#listItem\",\"name\":\"Actualidad\"}},{\"@type\":\"ListItem\",\"@id\":\"https:\\\/\\\/candas365.es\\\/noticias\\\/category\\\/actualidad\\\/#listItem\",\"position\":2,\"name\":\"Actualidad\",\"item\":\"https:\\\/\\\/candas365.es\\\/noticias\\\/category\\\/actualidad\\\/\",\"nextItem\":{\"@type\":\"ListItem\",\"@id\":\"https:\\\/\\\/candas365.es\\\/noticias\\\/unos-2000-esquiadores-se-acercan-a-las-pistas-asturianas-durante-el-fin-de-semana\\\/#listItem\",\"name\":\"Unos 2000 esquiadores se acercan a las pistas asturianas durante el fin de semana\"},\"previousItem\":{\"@type\":\"ListItem\",\"@id\":\"https:\\\/\\\/candas365.es\\\/noticias#listItem\",\"name\":\"Home\"}},{\"@type\":\"ListItem\",\"@id\":\"https:\\\/\\\/candas365.es\\\/noticias\\\/unos-2000-esquiadores-se-acercan-a-las-pistas-asturianas-durante-el-fin-de-semana\\\/#listItem\",\"position\":3,\"name\":\"Unos 2000 esquiadores se acercan a las pistas asturianas durante el fin de semana\",\"previousItem\":{\"@type\":\"ListItem\",\"@id\":\"https:\\\/\\\/candas365.es\\\/noticias\\\/category\\\/actualidad\\\/#listItem\",\"name\":\"Actualidad\"}}]},{\"@type\":\"NewsArticle\",\"@id\":\"https:\\\/\\\/candas365.es\\\/noticias\\\/unos-2000-esquiadores-se-acercan-a-las-pistas-asturianas-durante-el-fin-de-semana\\\/#newsarticle\",\"name\":\"Unos 2000 esquiadores se acercan a las pistas asturianas durante el fin de semana | Cand\\u00e1s 365\",\"headline\":\"Unos 2000 esquiadores se acercan a las pistas asturianas durante el fin de semana\",\"author\":{\"@id\":\"https:\\\/\\\/candas365.es\\\/noticias\\\/author\\\/admin\\\/#author\"},\"publisher\":{\"@id\":\"https:\\\/\\\/candas365.es\\\/noticias\\\/#organization\"},\"image\":{\"@type\":\"ImageObject\",\"url\":\"https:\\\/\\\/candas365.es\\\/noticias\\\/wp-content\\\/uploads\\\/2016\\\/02\\\/fotonoticia_20160228173858_800.jpg\",\"width\":800,\"height\":600},\"datePublished\":\"2016-02-29T00:16:37+01:00\",\"dateModified\":\"2016-02-29T00:16:37+01:00\",\"inLanguage\":\"es-ES\",\"mainEntityOfPage\":{\"@id\":\"https:\\\/\\\/candas365.es\\\/noticias\\\/unos-2000-esquiadores-se-acercan-a-las-pistas-asturianas-durante-el-fin-de-semana\\\/#webpage\"},\"isPartOf\":{\"@id\":\"https:\\\/\\\/candas365.es\\\/noticias\\\/unos-2000-esquiadores-se-acercan-a-las-pistas-asturianas-durante-el-fin-de-semana\\\/#webpage\"},\"articleSection\":\"Actualidad\",\"dateline\":\"Publicado el febrero 29, 2016.\"},{\"@type\":\"Organization\",\"@id\":\"https:\\\/\\\/candas365.es\\\/noticias\\\/#organization\",\"name\":\"Cand\\u00e1s 365\",\"description\":\"Cand\\u00e1s 365 es un diario digital independiente, fundado en 2012, con base en Asturias. Informamos con rigor sobre actualidad, sociedad, cultura y ocio, con una mirada local y global.\",\"url\":\"https:\\\/\\\/candas365.es\\\/noticias\\\/\",\"email\":\"info@candas365.es\",\"telephone\":\"+34652131393\",\"foundingDate\":\"2012-06-10\",\"logo\":{\"@type\":\"ImageObject\",\"url\":\"https:\\\/\\\/candas365.es\\\/noticias\\\/wp-content\\\/uploads\\\/2024\\\/09\\\/Candas-365-Redes.jpg\",\"@id\":\"https:\\\/\\\/candas365.es\\\/noticias\\\/unos-2000-esquiadores-se-acercan-a-las-pistas-asturianas-durante-el-fin-de-semana\\\/#organizationLogo\",\"width\":1152,\"height\":864,\"caption\":\"Cand\\u00e1s 365 Redes\"},\"image\":{\"@id\":\"https:\\\/\\\/candas365.es\\\/noticias\\\/unos-2000-esquiadores-se-acercan-a-las-pistas-asturianas-durante-el-fin-de-semana\\\/#organizationLogo\"},\"sameAs\":[\"https:\\\/\\\/www.facebook.com\\\/Nachofdezber\",\"https:\\\/\\\/x.com\\\/NabercoDigital\",\"https:\\\/\\\/www.instagram.com\\\/nachofdezber\\\/\",\"https:\\\/\\\/www.youtube.com\\\/channel\\\/UCZP-2wLEB9Rv6erhFmqVnvg\"],\"address\":{\"@id\":\"https:\\\/\\\/candas365.es\\\/noticias\\\/#postaladdress\",\"@type\":\"PostalAddress\",\"streetAddress\":\"san antonio 4, san antonio 4\",\"postalCode\":\"33430\",\"addressLocality\":\"Cand\\u00e1s\",\"addressRegion\":\"Asturias\",\"addressCountry\":\"ES\"}},{\"@type\":\"Person\",\"@id\":\"https:\\\/\\\/candas365.es\\\/noticias\\\/author\\\/admin\\\/#author\",\"url\":\"https:\\\/\\\/candas365.es\\\/noticias\\\/author\\\/admin\\\/\",\"name\":\"Cand\\u00e1s 365\",\"image\":{\"@type\":\"ImageObject\",\"@id\":\"https:\\\/\\\/candas365.es\\\/noticias\\\/unos-2000-esquiadores-se-acercan-a-las-pistas-asturianas-durante-el-fin-de-semana\\\/#authorImage\",\"url\":\"https:\\\/\\\/secure.gravatar.com\\\/avatar\\\/496a8e03d0c493ede1718b7934145dbdf8d89be1036b0eec9544e1094c9de390?s=96&d=mm&r=g\",\"width\":96,\"height\":96,\"caption\":\"Cand\\u00e1s 365\"},\"sameAs\":[\"https:\\\/\\\/www.facebook.com\\\/carrenoactualidad\",\"https:\\\/\\\/twitter.com\\\/nbasturias\",\"https:\\\/\\\/www.instagram.com\\\/nachofdezber\\\/\",\"https:\\\/\\\/www.youtube.com\\\/channel\\\/UCZP-2wLEB9Rv6erhFmqVnvg\"]},{\"@type\":\"WebPage\",\"@id\":\"https:\\\/\\\/candas365.es\\\/noticias\\\/unos-2000-esquiadores-se-acercan-a-las-pistas-asturianas-durante-el-fin-de-semana\\\/#webpage\",\"url\":\"https:\\\/\\\/candas365.es\\\/noticias\\\/unos-2000-esquiadores-se-acercan-a-las-pistas-asturianas-durante-el-fin-de-semana\\\/\",\"name\":\"Unos 2000 esquiadores se acercan a las pistas asturianas durante el fin de semana | Cand\\u00e1s 365\",\"description\":\"Este ha sido un complicado fin de semana para la pr\\u00e1ctica del esqu\\u00ed en las estaciones del Principado, debido a las malas condiciones meteorol\\u00f3gicas. El fuerte viento impidi\\u00f3 la apertura de los remontes de las zonas altas en ambas estaciones. A pesar de las dificultades, casi dos mil esquiadores hicieron uso de las instalaciones durante\",\"inLanguage\":\"es-ES\",\"isPartOf\":{\"@id\":\"https:\\\/\\\/candas365.es\\\/noticias\\\/#website\"},\"breadcrumb\":{\"@id\":\"https:\\\/\\\/candas365.es\\\/noticias\\\/unos-2000-esquiadores-se-acercan-a-las-pistas-asturianas-durante-el-fin-de-semana\\\/#breadcrumblist\"},\"author\":{\"@id\":\"https:\\\/\\\/candas365.es\\\/noticias\\\/author\\\/admin\\\/#author\"},\"creator\":{\"@id\":\"https:\\\/\\\/candas365.es\\\/noticias\\\/author\\\/admin\\\/#author\"},\"image\":{\"@type\":\"ImageObject\",\"url\":\"https:\\\/\\\/candas365.es\\\/noticias\\\/wp-content\\\/uploads\\\/2016\\\/02\\\/fotonoticia_20160228173858_800.jpg\",\"@id\":\"https:\\\/\\\/candas365.es\\\/noticias\\\/unos-2000-esquiadores-se-acercan-a-las-pistas-asturianas-durante-el-fin-de-semana\\\/#mainImage\",\"width\":800,\"height\":600},\"primaryImageOfPage\":{\"@id\":\"https:\\\/\\\/candas365.es\\\/noticias\\\/unos-2000-esquiadores-se-acercan-a-las-pistas-asturianas-durante-el-fin-de-semana\\\/#mainImage\"},\"datePublished\":\"2016-02-29T00:16:37+01:00\",\"dateModified\":\"2016-02-29T00:16:37+01:00\"},{\"@type\":\"WebSite\",\"@id\":\"https:\\\/\\\/candas365.es\\\/noticias\\\/#website\",\"url\":\"https:\\\/\\\/candas365.es\\\/noticias\\\/\",\"name\":\"Cand\\u00e1s 365\",\"alternateName\":\"Cand\\u00e1s 365 Noticias\",\"description\":\"Actualidad desde Carre\\u00f1o para el mundo\",\"inLanguage\":\"es-ES\",\"publisher\":{\"@id\":\"https:\\\/\\\/candas365.es\\\/noticias\\\/#organization\"}}]}\n\t\t<\/script>\n\t\t<!-- All in One SEO Pro -->\r\n\t\t<title>Unos 2000 esquiadores se acercan a las pistas asturianas durante el fin de semana | Cand\u00e1s 365<\/title>\n\n","aioseo_head_json":{"title":"Unos 2000 esquiadores se acercan a las pistas asturianas durante el fin de semana | Cand\u00e1s 365","description":"Este ha sido un complicado fin de semana para la pr\u00e1ctica del esqu\u00ed en las estaciones del Principado, debido a las malas condiciones meteorol\u00f3gicas. El fuerte viento impidi\u00f3 la apertura de los remontes de las zonas altas en ambas estaciones. A pesar de las dificultades, casi dos mil esquiadores hicieron uso de las instalaciones durante","canonical_url":"https:\/\/candas365.es\/noticias\/unos-2000-esquiadores-se-acercan-a-las-pistas-asturianas-durante-el-fin-de-semana\/","robots":"max-image-preview:large","keywords":"actualidad","webmasterTools":{"google-site-verification":"UA-32230408-1","msvalidate.01":"354F3CDFB2DA171B47FBE9ABF1F88D5","miscellaneous":""},"schema":{"@context":"https:\/\/schema.org","@graph":[{"@type":"BreadcrumbList","@id":"https:\/\/candas365.es\/noticias\/unos-2000-esquiadores-se-acercan-a-las-pistas-asturianas-durante-el-fin-de-semana\/#breadcrumblist","itemListElement":[{"@type":"ListItem","@id":"https:\/\/candas365.es\/noticias#listItem","position":1,"name":"Home","item":"https:\/\/candas365.es\/noticias","nextItem":{"@type":"ListItem","@id":"https:\/\/candas365.es\/noticias\/category\/actualidad\/#listItem","name":"Actualidad"}},{"@type":"ListItem","@id":"https:\/\/candas365.es\/noticias\/category\/actualidad\/#listItem","position":2,"name":"Actualidad","item":"https:\/\/candas365.es\/noticias\/category\/actualidad\/","nextItem":{"@type":"ListItem","@id":"https:\/\/candas365.es\/noticias\/unos-2000-esquiadores-se-acercan-a-las-pistas-asturianas-durante-el-fin-de-semana\/#listItem","name":"Unos 2000 esquiadores se acercan a las pistas asturianas durante el fin de semana"},"previousItem":{"@type":"ListItem","@id":"https:\/\/candas365.es\/noticias#listItem","name":"Home"}},{"@type":"ListItem","@id":"https:\/\/candas365.es\/noticias\/unos-2000-esquiadores-se-acercan-a-las-pistas-asturianas-durante-el-fin-de-semana\/#listItem","position":3,"name":"Unos 2000 esquiadores se acercan a las pistas asturianas durante el fin de semana","previousItem":{"@type":"ListItem","@id":"https:\/\/candas365.es\/noticias\/category\/actualidad\/#listItem","name":"Actualidad"}}]},{"@type":"NewsArticle","@id":"https:\/\/candas365.es\/noticias\/unos-2000-esquiadores-se-acercan-a-las-pistas-asturianas-durante-el-fin-de-semana\/#newsarticle","name":"Unos 2000 esquiadores se acercan a las pistas asturianas durante el fin de semana | Cand\u00e1s 365","headline":"Unos 2000 esquiadores se acercan a las pistas asturianas durante el fin de semana","author":{"@id":"https:\/\/candas365.es\/noticias\/author\/admin\/#author"},"publisher":{"@id":"https:\/\/candas365.es\/noticias\/#organization"},"image":{"@type":"ImageObject","url":"https:\/\/candas365.es\/noticias\/wp-content\/uploads\/2016\/02\/fotonoticia_20160228173858_800.jpg","width":800,"height":600},"datePublished":"2016-02-29T00:16:37+01:00","dateModified":"2016-02-29T00:16:37+01:00","inLanguage":"es-ES","mainEntityOfPage":{"@id":"https:\/\/candas365.es\/noticias\/unos-2000-esquiadores-se-acercan-a-las-pistas-asturianas-durante-el-fin-de-semana\/#webpage"},"isPartOf":{"@id":"https:\/\/candas365.es\/noticias\/unos-2000-esquiadores-se-acercan-a-las-pistas-asturianas-durante-el-fin-de-semana\/#webpage"},"articleSection":"Actualidad","dateline":"Publicado el febrero 29, 2016."},{"@type":"Organization","@id":"https:\/\/candas365.es\/noticias\/#organization","name":"Cand\u00e1s 365","description":"Cand\u00e1s 365 es un diario digital independiente, fundado en 2012, con base en Asturias. Informamos con rigor sobre actualidad, sociedad, cultura y ocio, con una mirada local y global.","url":"https:\/\/candas365.es\/noticias\/","email":"info@candas365.es","telephone":"+34652131393","foundingDate":"2012-06-10","logo":{"@type":"ImageObject","url":"https:\/\/candas365.es\/noticias\/wp-content\/uploads\/2024\/09\/Candas-365-Redes.jpg","@id":"https:\/\/candas365.es\/noticias\/unos-2000-esquiadores-se-acercan-a-las-pistas-asturianas-durante-el-fin-de-semana\/#organizationLogo","width":1152,"height":864,"caption":"Cand\u00e1s 365 Redes"},"image":{"@id":"https:\/\/candas365.es\/noticias\/unos-2000-esquiadores-se-acercan-a-las-pistas-asturianas-durante-el-fin-de-semana\/#organizationLogo"},"sameAs":["https:\/\/www.facebook.com\/Nachofdezber","https:\/\/x.com\/NabercoDigital","https:\/\/www.instagram.com\/nachofdezber\/","https:\/\/www.youtube.com\/channel\/UCZP-2wLEB9Rv6erhFmqVnvg"],"address":{"@id":"https:\/\/candas365.es\/noticias\/#postaladdress","@type":"PostalAddress","streetAddress":"san antonio 4, san antonio 4","postalCode":"33430","addressLocality":"Cand\u00e1s","addressRegion":"Asturias","addressCountry":"ES"}},{"@type":"Person","@id":"https:\/\/candas365.es\/noticias\/author\/admin\/#author","url":"https:\/\/candas365.es\/noticias\/author\/admin\/","name":"Cand\u00e1s 365","image":{"@type":"ImageObject","@id":"https:\/\/candas365.es\/noticias\/unos-2000-esquiadores-se-acercan-a-las-pistas-asturianas-durante-el-fin-de-semana\/#authorImage","url":"https:\/\/secure.gravatar.com\/avatar\/496a8e03d0c493ede1718b7934145dbdf8d89be1036b0eec9544e1094c9de390?s=96&d=mm&r=g","width":96,"height":96,"caption":"Cand\u00e1s 365"},"sameAs":["https:\/\/www.facebook.com\/carrenoactualidad","https:\/\/twitter.com\/nbasturias","https:\/\/www.instagram.com\/nachofdezber\/","https:\/\/www.youtube.com\/channel\/UCZP-2wLEB9Rv6erhFmqVnvg"]},{"@type":"WebPage","@id":"https:\/\/candas365.es\/noticias\/unos-2000-esquiadores-se-acercan-a-las-pistas-asturianas-durante-el-fin-de-semana\/#webpage","url":"https:\/\/candas365.es\/noticias\/unos-2000-esquiadores-se-acercan-a-las-pistas-asturianas-durante-el-fin-de-semana\/","name":"Unos 2000 esquiadores se acercan a las pistas asturianas durante el fin de semana | Cand\u00e1s 365","description":"Este ha sido un complicado fin de semana para la pr\u00e1ctica del esqu\u00ed en las estaciones del Principado, debido a las malas condiciones meteorol\u00f3gicas. El fuerte viento impidi\u00f3 la apertura de los remontes de las zonas altas en ambas estaciones. A pesar de las dificultades, casi dos mil esquiadores hicieron uso de las instalaciones durante","inLanguage":"es-ES","isPartOf":{"@id":"https:\/\/candas365.es\/noticias\/#website"},"breadcrumb":{"@id":"https:\/\/candas365.es\/noticias\/unos-2000-esquiadores-se-acercan-a-las-pistas-asturianas-durante-el-fin-de-semana\/#breadcrumblist"},"author":{"@id":"https:\/\/candas365.es\/noticias\/author\/admin\/#author"},"creator":{"@id":"https:\/\/candas365.es\/noticias\/author\/admin\/#author"},"image":{"@type":"ImageObject","url":"https:\/\/candas365.es\/noticias\/wp-content\/uploads\/2016\/02\/fotonoticia_20160228173858_800.jpg","@id":"https:\/\/candas365.es\/noticias\/unos-2000-esquiadores-se-acercan-a-las-pistas-asturianas-durante-el-fin-de-semana\/#mainImage","width":800,"height":600},"primaryImageOfPage":{"@id":"https:\/\/candas365.es\/noticias\/unos-2000-esquiadores-se-acercan-a-las-pistas-asturianas-durante-el-fin-de-semana\/#mainImage"},"datePublished":"2016-02-29T00:16:37+01:00","dateModified":"2016-02-29T00:16:37+01:00"},{"@type":"WebSite","@id":"https:\/\/candas365.es\/noticias\/#website","url":"https:\/\/candas365.es\/noticias\/","name":"Cand\u00e1s 365","alternateName":"Cand\u00e1s 365 Noticias","description":"Actualidad desde Carre\u00f1o para el mundo","inLanguage":"es-ES","publisher":{"@id":"https:\/\/candas365.es\/noticias\/#organization"}}]},"og:locale":"es_ES","og:site_name":"Cand\u00e1s 365","og:type":"article","og:title":"Unos 2000 esquiadores se acercan a las pistas asturianas durante el fin de semana | Cand\u00e1s 365","og:description":"Este ha sido un complicado fin de semana para la pr\u00e1ctica del esqu\u00ed en las estaciones del Principado, debido a las malas condiciones meteorol\u00f3gicas. El fuerte viento impidi\u00f3 la apertura de los remontes de las zonas altas en ambas estaciones. A pesar de las dificultades, casi dos mil esquiadores hicieron uso de las instalaciones durante","og:url":"https:\/\/candas365.es\/noticias\/unos-2000-esquiadores-se-acercan-a-las-pistas-asturianas-durante-el-fin-de-semana\/","og:image":"https:\/\/candas365.es\/noticias\/wp-content\/uploads\/2016\/02\/fotonoticia_20160228173858_800.jpg","og:image:secure_url":"https:\/\/candas365.es\/noticias\/wp-content\/uploads\/2016\/02\/fotonoticia_20160228173858_800.jpg","og:image:width":800,"og:image:height":600,"article:published_time":"2016-02-28T22:46:37+00:00","article:modified_time":"2016-02-28T22:46:37+00:00","article:publisher":"https:\/\/www.facebook.com\/Nachofdezber","article:author":"https:\/\/www.facebook.com\/carrenoactualidad","twitter:card":"summary_large_image","twitter:site":"@NabercoDigital","twitter:title":"Unos 2000 esquiadores se acercan a las pistas asturianas durante el fin de semana | Cand\u00e1s 365","twitter:description":"Este ha sido un complicado fin de semana para la pr\u00e1ctica del esqu\u00ed en las estaciones del Principado, debido a las malas condiciones meteorol\u00f3gicas. El fuerte viento impidi\u00f3 la apertura de los remontes de las zonas altas en ambas estaciones. A pesar de las dificultades, casi dos mil esquiadores hicieron uso de las instalaciones durante","twitter:creator":"@nbasturias","twitter:image":"https:\/\/candas365.es\/noticias\/wp-content\/uploads\/2016\/02\/fotonoticia_20160228173858_800.jpg","twitter:label1":"Escrito por","twitter:data1":"Cand\u00e1s 365","twitter:label2":"Tiempo de lectura estimado","twitter:data2":"1 minuto"},"aioseo_meta_data":{"post_id":"27051","title":null,"description":null,"keywords":null,"keyphrases":null,"primary_term":null,"canonical_url":null,"og_title":null,"og_description":null,"og_object_type":"default","og_image_type":"default","og_image_url":null,"og_image_width":null,"og_image_height":null,"og_image_custom_url":null,"og_image_custom_fields":null,"og_video":null,"og_custom_url":null,"og_article_section":null,"og_article_tags":null,"twitter_use_og":false,"twitter_card":"default","twitter_image_type":"default","twitter_image_url":null,"twitter_image_custom_url":null,"twitter_image_custom_fields":null,"twitter_title":null,"twitter_description":null,"schema":{"blockGraphs":[],"customGraphs":[],"default":{"data":{"Article":[],"Course":[],"Dataset":[],"FAQPage":[],"Movie":[],"Person":[],"Product":[],"ProductReview":[],"Car":[],"Recipe":[],"Service":[],"SoftwareApplication":[],"WebPage":[]},"graphName":"","isEnabled":true},"graphs":[],"defaultGraph":"","defaultPostTypeGraph":""},"schema_type":null,"schema_type_options":null,"pillar_content":false,"robots_default":true,"robots_noindex":false,"robots_noarchive":false,"robots_nosnippet":false,"robots_nofollow":false,"robots_noimageindex":false,"robots_noodp":false,"robots_notranslate":false,"robots_max_snippet":null,"robots_max_videopreview":null,"robots_max_imagepreview":"large","priority":null,"frequency":null,"location":null,"local_seo":null,"seo_analyzer_scan_date":"2025-08-24 08:07:17","breadcrumb_settings":null,"limit_modified_date":false,"reviewed_by":null,"open_ai":null,"ai":null,"created":"2020-12-21 12:40:57","updated":"2025-08-24 08:07:17"},"aioseo_breadcrumb":"<div class=\"aioseo-breadcrumbs\"><span class=\"aioseo-breadcrumb\">\n\t<a href=\"https:\/\/candas365.es\/noticias\" title=\"Home\">Home<\/a>\n<\/span><span class=\"aioseo-breadcrumb-separator\">&ndash;<\/span><span class=\"aioseo-breadcrumb\">\n\t<a href=\"https:\/\/candas365.es\/noticias\/category\/actualidad\/\" title=\"Actualidad\">Actualidad<\/a>\n<\/span><span class=\"aioseo-breadcrumb-separator\">&ndash;<\/span><span class=\"aioseo-breadcrumb\">\n\tUnos 2000 esquiadores se acercan a las pistas asturianas durante el fin de semana\n<\/span><\/div>","aioseo_breadcrumb_json":[{"label":"Home","link":"https:\/\/candas365.es\/noticias"},{"label":"Actualidad","link":"https:\/\/candas365.es\/noticias\/category\/actualidad\/"},{"label":"Unos 2000 esquiadores se acercan a las pistas asturianas durante el fin de semana","link":"https:\/\/candas365.es\/noticias\/unos-2000-esquiadores-se-acercan-a-las-pistas-asturianas-durante-el-fin-de-semana\/"}],"_links":{"self":[{"href":"https:\/\/candas365.es\/noticias\/wp-json\/wp\/v2\/posts\/27051","targetHints":{"allow":["GET"]}}],"collection":[{"href":"https:\/\/candas365.es\/noticias\/wp-json\/wp\/v2\/posts"}],"about":[{"href":"https:\/\/candas365.es\/noticias\/wp-json\/wp\/v2\/types\/post"}],"author":[{"embeddable":true,"href":"https:\/\/candas365.es\/noticias\/wp-json\/wp\/v2\/users\/1"}],"replies":[{"embeddable":true,"href":"https:\/\/candas365.es\/noticias\/wp-json\/wp\/v2\/comments?post=27051"}],"version-history":[{"count":0,"href":"https:\/\/candas365.es\/noticias\/wp-json\/wp\/v2\/posts\/27051\/revisions"}],"wp:featuredmedia":[{"embeddable":true,"href":"https:\/\/candas365.es\/noticias\/wp-json\/wp\/v2\/media\/27052"}],"wp:attachment":[{"href":"https:\/\/candas365.es\/noticias\/wp-json\/wp\/v2\/media?parent=27051"}],"wp:term":[{"taxonomy":"category","embeddable":true,"href":"https:\/\/candas365.es\/noticias\/wp-json\/wp\/v2\/categories?post=27051"},{"taxonomy":"post_tag","embeddable":true,"href":"https:\/\/candas365.es\/noticias\/wp-json\/wp\/v2\/tags?post=27051"}],"curies":[{"name":"wp","href":"https:\/\/api.w.org\/{rel}","templated":true}]}}