{"id":26961,"date":"2016-02-19T02:32:00","date_gmt":"2016-02-19T01:02:00","guid":{"rendered":"http:\/\/candas365.es\/noticias\/?p=26961"},"modified":"2016-02-19T02:32:00","modified_gmt":"2016-02-19T01:02:00","slug":"intu-asturias-se-viste-de-alta-costura-para-inaugurar-el-evento-estamos-de-moda","status":"publish","type":"post","link":"https:\/\/candas365.es\/noticias\/intu-asturias-se-viste-de-alta-costura-para-inaugurar-el-evento-estamos-de-moda\/","title":{"rendered":"Intu asturias se viste de alta costura para inaugurar el evento &#8216;Estamos de moda&#8217;"},"content":{"rendered":"<p><img fetchpriority=\"high\" decoding=\"async\" class=\"alignleft size-medium wp-image-26962\" src=\"https:\/\/candas365.es\/noticias\/wp-content\/uploads\/2016\/02\/fotonoticia_20160218172438_800-360x241.jpg\" alt=\"fotonoticia_20160218172438_800\" width=\"360\" height=\"241\" srcset=\"https:\/\/candas365.es\/noticias\/wp-content\/uploads\/2016\/02\/fotonoticia_20160218172438_800-360x241.jpg 360w, https:\/\/candas365.es\/noticias\/wp-content\/uploads\/2016\/02\/fotonoticia_20160218172438_800-650x435.jpg 650w, https:\/\/candas365.es\/noticias\/wp-content\/uploads\/2016\/02\/fotonoticia_20160218172438_800-768x514.jpg 768w, https:\/\/candas365.es\/noticias\/wp-content\/uploads\/2016\/02\/fotonoticia_20160218172438_800-150x100.jpg 150w, https:\/\/candas365.es\/noticias\/wp-content\/uploads\/2016\/02\/fotonoticia_20160218172438_800-450x301.jpg 450w, https:\/\/candas365.es\/noticias\/wp-content\/uploads\/2016\/02\/fotonoticia_20160218172438_800-655x438.jpg 655w, https:\/\/candas365.es\/noticias\/wp-content\/uploads\/2016\/02\/fotonoticia_20160218172438_800-696x465.jpg 696w, https:\/\/candas365.es\/noticias\/wp-content\/uploads\/2016\/02\/fotonoticia_20160218172438_800-628x420.jpg 628w, https:\/\/candas365.es\/noticias\/wp-content\/uploads\/2016\/02\/fotonoticia_20160218172438_800-84x55.jpg 84w, https:\/\/candas365.es\/noticias\/wp-content\/uploads\/2016\/02\/fotonoticia_20160218172438_800.jpg 800w\" sizes=\"(max-width: 360px) 100vw, 360px\" \/>Intu Asturias ha presentado este jueves la exposici\u00f3n &#8216;Estamos de Moda&#8217;, en la cual una serie de mu\u00f1ecas barbie ofrecen un recorrido por la historia de la moda. Adem\u00e1s, los visitantes del centro \u00abpodr\u00e1n disfrutar de la evoluci\u00f3n del traje desde los primeros patrones del neol\u00edtico, pasando por el imperio espa\u00f1ol o Titanic\u00bb.<\/p>\n<p>Seg\u00fan informa Intu en una nota de prensa, las barbies lucir\u00e1n dise\u00f1os de grandes creadores tanto nacionales como internacionales, entre los que se encuentra Dior, Chanel, Valentino, Lacroix, Balenciaga, Yves Saint Laurent o Ion Fiz.<\/p>\n<p>Asimismo, los fines de semana se organizar\u00e1n charlas y talleres a cargo de expertos en el mundo de la moda en el escenario central, situado en la Plaza del Agua. \u00c9ste emplazamiento se convertir\u00e1 durante todo un mes en el punto de encuentro donde los interesados por la moda y las \u00faltimas tendencias podr\u00e1n compartir su experiencia. Tambi\u00e9n habr\u00e1 concursos y sorteos.<\/p>\n","protected":false},"excerpt":{"rendered":"<p>Intu Asturias ha presentado este jueves la exposici\u00f3n &#8216;Estamos de Moda&#8217;, en la cual una serie de mu\u00f1ecas barbie ofrecen un recorrido por la historia de la moda. Adem\u00e1s, los visitantes del centro \u00abpodr\u00e1n disfrutar de la evoluci\u00f3n del traje desde los primeros patrones del neol\u00edtico, pasando por el imperio espa\u00f1ol o Titanic\u00bb. Seg\u00fan informa<\/p>\n","protected":false},"author":1,"featured_media":26962,"comment_status":"closed","ping_status":"closed","sticky":false,"template":"","format":"standard","meta":{"footnotes":""},"categories":[343],"tags":[],"class_list":{"0":"post-26961","1":"post","2":"type-post","3":"status-publish","4":"format-standard","5":"has-post-thumbnail","7":"category-actualidad"},"aioseo_notices":[],"aioseo_head":"\n\t\t<!-- All in One SEO Pro 4.9.6.2 - aioseo.com -->\n\t<meta name=\"description\" content=\"Intu Asturias ha presentado este jueves la exposici\u00f3n &#039;Estamos de Moda&#039;, en la cual una serie de mu\u00f1ecas barbie ofrecen un recorrido por la historia de la moda. Adem\u00e1s, los visitantes del centro &quot;podr\u00e1n disfrutar de la evoluci\u00f3n del traje desde los primeros patrones del neol\u00edtico, pasando por el imperio espa\u00f1ol o Titanic&quot;. Seg\u00fan informa\" \/>\n\t<meta name=\"robots\" content=\"max-image-preview:large\" \/>\n\t<meta name=\"author\" content=\"Cand\u00e1s 365\"\/>\n\t<meta name=\"google-site-verification\" content=\"UA-32230408-1\" \/>\n\t<meta name=\"msvalidate.01\" content=\"354F3CDFB2DA171B47FBE9ABF1F88D5\" \/>\n\t<meta name=\"keywords\" content=\"actualidad\" \/>\n\t<link rel=\"canonical\" href=\"https:\/\/candas365.es\/noticias\/intu-asturias-se-viste-de-alta-costura-para-inaugurar-el-evento-estamos-de-moda\/\" \/>\n\t<meta name=\"generator\" content=\"All in One SEO Pro (AIOSEO) 4.9.6.2\" \/>\n\t\t<meta property=\"og:locale\" content=\"es_ES\" \/>\n\t\t<meta property=\"og:site_name\" content=\"Cand\u00e1s 365\" \/>\n\t\t<meta property=\"og:type\" content=\"article\" \/>\n\t\t<meta property=\"og:title\" content=\"Intu asturias se viste de alta costura para inaugurar el evento \u2018Estamos de moda\u2019 | Cand\u00e1s 365\" \/>\n\t\t<meta property=\"og:description\" content=\"Intu Asturias ha presentado este jueves la exposici\u00f3n &#039;Estamos de Moda&#039;, en la cual una serie de mu\u00f1ecas barbie ofrecen un recorrido por la historia de la moda. Adem\u00e1s, los visitantes del centro &quot;podr\u00e1n disfrutar de la evoluci\u00f3n del traje desde los primeros patrones del neol\u00edtico, pasando por el imperio espa\u00f1ol o Titanic&quot;. Seg\u00fan informa\" \/>\n\t\t<meta property=\"og:url\" content=\"https:\/\/candas365.es\/noticias\/intu-asturias-se-viste-de-alta-costura-para-inaugurar-el-evento-estamos-de-moda\/\" \/>\n\t\t<meta property=\"og:image\" content=\"https:\/\/candas365.es\/noticias\/wp-content\/uploads\/2016\/02\/fotonoticia_20160218172438_800.jpg\" \/>\n\t\t<meta property=\"og:image:secure_url\" content=\"https:\/\/candas365.es\/noticias\/wp-content\/uploads\/2016\/02\/fotonoticia_20160218172438_800.jpg\" \/>\n\t\t<meta property=\"og:image:width\" content=\"800\" \/>\n\t\t<meta property=\"og:image:height\" content=\"535\" \/>\n\t\t<meta property=\"article:published_time\" content=\"2016-02-19T01:02:00+00:00\" \/>\n\t\t<meta property=\"article:modified_time\" content=\"2016-02-19T01:02:00+00:00\" \/>\n\t\t<meta property=\"article:publisher\" content=\"https:\/\/www.facebook.com\/Nachofdezber\" \/>\n\t\t<meta property=\"article:author\" content=\"https:\/\/www.facebook.com\/carrenoactualidad\" \/>\n\t\t<meta name=\"twitter:card\" content=\"summary_large_image\" \/>\n\t\t<meta name=\"twitter:site\" content=\"@NabercoDigital\" \/>\n\t\t<meta name=\"twitter:title\" content=\"Intu asturias se viste de alta costura para inaugurar el evento \u2018Estamos de moda\u2019 | Cand\u00e1s 365\" \/>\n\t\t<meta name=\"twitter:description\" content=\"Intu Asturias ha presentado este jueves la exposici\u00f3n &#039;Estamos de Moda&#039;, en la cual una serie de mu\u00f1ecas barbie ofrecen un recorrido por la historia de la moda. Adem\u00e1s, los visitantes del centro &quot;podr\u00e1n disfrutar de la evoluci\u00f3n del traje desde los primeros patrones del neol\u00edtico, pasando por el imperio espa\u00f1ol o Titanic&quot;. Seg\u00fan informa\" \/>\n\t\t<meta name=\"twitter:creator\" content=\"@nbasturias\" \/>\n\t\t<meta name=\"twitter:image\" content=\"https:\/\/candas365.es\/noticias\/wp-content\/uploads\/2016\/02\/fotonoticia_20160218172438_800.jpg\" \/>\n\t\t<meta name=\"twitter:label1\" content=\"Escrito por\" \/>\n\t\t<meta name=\"twitter:data1\" content=\"Cand\u00e1s 365\" \/>\n\t\t<meta name=\"twitter:label2\" content=\"Tiempo de lectura estimado\" \/>\n\t\t<meta name=\"twitter:data2\" content=\"1 minuto\" \/>\n\t\t<script type=\"application\/ld+json\" class=\"aioseo-schema\">\n\t\t\t{\"@context\":\"https:\\\/\\\/schema.org\",\"@graph\":[{\"@type\":\"BreadcrumbList\",\"@id\":\"https:\\\/\\\/candas365.es\\\/noticias\\\/intu-asturias-se-viste-de-alta-costura-para-inaugurar-el-evento-estamos-de-moda\\\/#breadcrumblist\",\"itemListElement\":[{\"@type\":\"ListItem\",\"@id\":\"https:\\\/\\\/candas365.es\\\/noticias#listItem\",\"position\":1,\"name\":\"Home\",\"item\":\"https:\\\/\\\/candas365.es\\\/noticias\",\"nextItem\":{\"@type\":\"ListItem\",\"@id\":\"https:\\\/\\\/candas365.es\\\/noticias\\\/category\\\/actualidad\\\/#listItem\",\"name\":\"Actualidad\"}},{\"@type\":\"ListItem\",\"@id\":\"https:\\\/\\\/candas365.es\\\/noticias\\\/category\\\/actualidad\\\/#listItem\",\"position\":2,\"name\":\"Actualidad\",\"item\":\"https:\\\/\\\/candas365.es\\\/noticias\\\/category\\\/actualidad\\\/\",\"nextItem\":{\"@type\":\"ListItem\",\"@id\":\"https:\\\/\\\/candas365.es\\\/noticias\\\/intu-asturias-se-viste-de-alta-costura-para-inaugurar-el-evento-estamos-de-moda\\\/#listItem\",\"name\":\"Intu asturias se viste de alta costura para inaugurar el evento &#8216;Estamos de moda&#8217;\"},\"previousItem\":{\"@type\":\"ListItem\",\"@id\":\"https:\\\/\\\/candas365.es\\\/noticias#listItem\",\"name\":\"Home\"}},{\"@type\":\"ListItem\",\"@id\":\"https:\\\/\\\/candas365.es\\\/noticias\\\/intu-asturias-se-viste-de-alta-costura-para-inaugurar-el-evento-estamos-de-moda\\\/#listItem\",\"position\":3,\"name\":\"Intu asturias se viste de alta costura para inaugurar el evento &#8216;Estamos de moda&#8217;\",\"previousItem\":{\"@type\":\"ListItem\",\"@id\":\"https:\\\/\\\/candas365.es\\\/noticias\\\/category\\\/actualidad\\\/#listItem\",\"name\":\"Actualidad\"}}]},{\"@type\":\"NewsArticle\",\"@id\":\"https:\\\/\\\/candas365.es\\\/noticias\\\/intu-asturias-se-viste-de-alta-costura-para-inaugurar-el-evento-estamos-de-moda\\\/#newsarticle\",\"name\":\"Intu asturias se viste de alta costura para inaugurar el evento \\u2018Estamos de moda\\u2019 | Cand\\u00e1s 365\",\"headline\":\"Intu asturias se viste de alta costura para inaugurar el evento &#8216;Estamos de moda&#8217;\",\"author\":{\"@id\":\"https:\\\/\\\/candas365.es\\\/noticias\\\/author\\\/admin\\\/#author\"},\"publisher\":{\"@id\":\"https:\\\/\\\/candas365.es\\\/noticias\\\/#organization\"},\"image\":{\"@type\":\"ImageObject\",\"url\":\"https:\\\/\\\/candas365.es\\\/noticias\\\/wp-content\\\/uploads\\\/2016\\\/02\\\/fotonoticia_20160218172438_800.jpg\",\"width\":800,\"height\":535},\"datePublished\":\"2016-02-19T02:32:00+01:00\",\"dateModified\":\"2016-02-19T02:32:00+01:00\",\"inLanguage\":\"es-ES\",\"mainEntityOfPage\":{\"@id\":\"https:\\\/\\\/candas365.es\\\/noticias\\\/intu-asturias-se-viste-de-alta-costura-para-inaugurar-el-evento-estamos-de-moda\\\/#webpage\"},\"isPartOf\":{\"@id\":\"https:\\\/\\\/candas365.es\\\/noticias\\\/intu-asturias-se-viste-de-alta-costura-para-inaugurar-el-evento-estamos-de-moda\\\/#webpage\"},\"articleSection\":\"Actualidad\",\"dateline\":\"Publicado el febrero 19, 2016.\"},{\"@type\":\"Organization\",\"@id\":\"https:\\\/\\\/candas365.es\\\/noticias\\\/#organization\",\"name\":\"Cand\\u00e1s 365\",\"description\":\"Cand\\u00e1s 365 es un diario digital independiente, fundado en 2012, con base en Asturias. Informamos con rigor sobre actualidad, sociedad, cultura y ocio, con una mirada local y global.\",\"url\":\"https:\\\/\\\/candas365.es\\\/noticias\\\/\",\"email\":\"info@candas365.es\",\"telephone\":\"+34652131393\",\"foundingDate\":\"2012-06-10\",\"logo\":{\"@type\":\"ImageObject\",\"url\":\"https:\\\/\\\/candas365.es\\\/noticias\\\/wp-content\\\/uploads\\\/2024\\\/09\\\/Candas-365-Redes.jpg\",\"@id\":\"https:\\\/\\\/candas365.es\\\/noticias\\\/intu-asturias-se-viste-de-alta-costura-para-inaugurar-el-evento-estamos-de-moda\\\/#organizationLogo\",\"width\":1152,\"height\":864,\"caption\":\"Cand\\u00e1s 365 Redes\"},\"image\":{\"@id\":\"https:\\\/\\\/candas365.es\\\/noticias\\\/intu-asturias-se-viste-de-alta-costura-para-inaugurar-el-evento-estamos-de-moda\\\/#organizationLogo\"},\"sameAs\":[\"https:\\\/\\\/www.facebook.com\\\/Nachofdezber\",\"https:\\\/\\\/x.com\\\/NabercoDigital\",\"https:\\\/\\\/www.instagram.com\\\/nachofdezber\\\/\",\"https:\\\/\\\/www.youtube.com\\\/channel\\\/UCZP-2wLEB9Rv6erhFmqVnvg\"],\"address\":{\"@id\":\"https:\\\/\\\/candas365.es\\\/noticias\\\/#postaladdress\",\"@type\":\"PostalAddress\",\"streetAddress\":\"san antonio 4, san antonio 4\",\"postalCode\":\"33430\",\"addressLocality\":\"Cand\\u00e1s\",\"addressRegion\":\"Asturias\",\"addressCountry\":\"ES\"}},{\"@type\":\"Person\",\"@id\":\"https:\\\/\\\/candas365.es\\\/noticias\\\/author\\\/admin\\\/#author\",\"url\":\"https:\\\/\\\/candas365.es\\\/noticias\\\/author\\\/admin\\\/\",\"name\":\"Cand\\u00e1s 365\",\"image\":{\"@type\":\"ImageObject\",\"@id\":\"https:\\\/\\\/candas365.es\\\/noticias\\\/intu-asturias-se-viste-de-alta-costura-para-inaugurar-el-evento-estamos-de-moda\\\/#authorImage\",\"url\":\"https:\\\/\\\/secure.gravatar.com\\\/avatar\\\/496a8e03d0c493ede1718b7934145dbdf8d89be1036b0eec9544e1094c9de390?s=96&d=mm&r=g\",\"width\":96,\"height\":96,\"caption\":\"Cand\\u00e1s 365\"},\"sameAs\":[\"https:\\\/\\\/www.facebook.com\\\/carrenoactualidad\",\"https:\\\/\\\/twitter.com\\\/nbasturias\",\"https:\\\/\\\/www.instagram.com\\\/nachofdezber\\\/\",\"https:\\\/\\\/www.youtube.com\\\/channel\\\/UCZP-2wLEB9Rv6erhFmqVnvg\"]},{\"@type\":\"WebPage\",\"@id\":\"https:\\\/\\\/candas365.es\\\/noticias\\\/intu-asturias-se-viste-de-alta-costura-para-inaugurar-el-evento-estamos-de-moda\\\/#webpage\",\"url\":\"https:\\\/\\\/candas365.es\\\/noticias\\\/intu-asturias-se-viste-de-alta-costura-para-inaugurar-el-evento-estamos-de-moda\\\/\",\"name\":\"Intu asturias se viste de alta costura para inaugurar el evento \\u2018Estamos de moda\\u2019 | Cand\\u00e1s 365\",\"description\":\"Intu Asturias ha presentado este jueves la exposici\\u00f3n 'Estamos de Moda', en la cual una serie de mu\\u00f1ecas barbie ofrecen un recorrido por la historia de la moda. Adem\\u00e1s, los visitantes del centro \\\"podr\\u00e1n disfrutar de la evoluci\\u00f3n del traje desde los primeros patrones del neol\\u00edtico, pasando por el imperio espa\\u00f1ol o Titanic\\\". Seg\\u00fan informa\",\"inLanguage\":\"es-ES\",\"isPartOf\":{\"@id\":\"https:\\\/\\\/candas365.es\\\/noticias\\\/#website\"},\"breadcrumb\":{\"@id\":\"https:\\\/\\\/candas365.es\\\/noticias\\\/intu-asturias-se-viste-de-alta-costura-para-inaugurar-el-evento-estamos-de-moda\\\/#breadcrumblist\"},\"author\":{\"@id\":\"https:\\\/\\\/candas365.es\\\/noticias\\\/author\\\/admin\\\/#author\"},\"creator\":{\"@id\":\"https:\\\/\\\/candas365.es\\\/noticias\\\/author\\\/admin\\\/#author\"},\"image\":{\"@type\":\"ImageObject\",\"url\":\"https:\\\/\\\/candas365.es\\\/noticias\\\/wp-content\\\/uploads\\\/2016\\\/02\\\/fotonoticia_20160218172438_800.jpg\",\"@id\":\"https:\\\/\\\/candas365.es\\\/noticias\\\/intu-asturias-se-viste-de-alta-costura-para-inaugurar-el-evento-estamos-de-moda\\\/#mainImage\",\"width\":800,\"height\":535},\"primaryImageOfPage\":{\"@id\":\"https:\\\/\\\/candas365.es\\\/noticias\\\/intu-asturias-se-viste-de-alta-costura-para-inaugurar-el-evento-estamos-de-moda\\\/#mainImage\"},\"datePublished\":\"2016-02-19T02:32:00+01:00\",\"dateModified\":\"2016-02-19T02:32:00+01:00\"},{\"@type\":\"WebSite\",\"@id\":\"https:\\\/\\\/candas365.es\\\/noticias\\\/#website\",\"url\":\"https:\\\/\\\/candas365.es\\\/noticias\\\/\",\"name\":\"Cand\\u00e1s 365\",\"alternateName\":\"Cand\\u00e1s 365 Noticias\",\"description\":\"Actualidad desde Carre\\u00f1o para el mundo\",\"inLanguage\":\"es-ES\",\"publisher\":{\"@id\":\"https:\\\/\\\/candas365.es\\\/noticias\\\/#organization\"}}]}\n\t\t<\/script>\n\t\t<!-- All in One SEO Pro -->\r\n\t\t<title>Intu asturias se viste de alta costura para inaugurar el evento \u2018Estamos de moda\u2019 | Cand\u00e1s 365<\/title>\n\n","aioseo_head_json":{"title":"Intu asturias se viste de alta costura para inaugurar el evento \u2018Estamos de moda\u2019 | Cand\u00e1s 365","description":"Intu Asturias ha presentado este jueves la exposici\u00f3n 'Estamos de Moda', en la cual una serie de mu\u00f1ecas barbie ofrecen un recorrido por la historia de la moda. Adem\u00e1s, los visitantes del centro \"podr\u00e1n disfrutar de la evoluci\u00f3n del traje desde los primeros patrones del neol\u00edtico, pasando por el imperio espa\u00f1ol o Titanic\". Seg\u00fan informa","canonical_url":"https:\/\/candas365.es\/noticias\/intu-asturias-se-viste-de-alta-costura-para-inaugurar-el-evento-estamos-de-moda\/","robots":"max-image-preview:large","keywords":"actualidad","webmasterTools":{"google-site-verification":"UA-32230408-1","msvalidate.01":"354F3CDFB2DA171B47FBE9ABF1F88D5","miscellaneous":""},"schema":{"@context":"https:\/\/schema.org","@graph":[{"@type":"BreadcrumbList","@id":"https:\/\/candas365.es\/noticias\/intu-asturias-se-viste-de-alta-costura-para-inaugurar-el-evento-estamos-de-moda\/#breadcrumblist","itemListElement":[{"@type":"ListItem","@id":"https:\/\/candas365.es\/noticias#listItem","position":1,"name":"Home","item":"https:\/\/candas365.es\/noticias","nextItem":{"@type":"ListItem","@id":"https:\/\/candas365.es\/noticias\/category\/actualidad\/#listItem","name":"Actualidad"}},{"@type":"ListItem","@id":"https:\/\/candas365.es\/noticias\/category\/actualidad\/#listItem","position":2,"name":"Actualidad","item":"https:\/\/candas365.es\/noticias\/category\/actualidad\/","nextItem":{"@type":"ListItem","@id":"https:\/\/candas365.es\/noticias\/intu-asturias-se-viste-de-alta-costura-para-inaugurar-el-evento-estamos-de-moda\/#listItem","name":"Intu asturias se viste de alta costura para inaugurar el evento &#8216;Estamos de moda&#8217;"},"previousItem":{"@type":"ListItem","@id":"https:\/\/candas365.es\/noticias#listItem","name":"Home"}},{"@type":"ListItem","@id":"https:\/\/candas365.es\/noticias\/intu-asturias-se-viste-de-alta-costura-para-inaugurar-el-evento-estamos-de-moda\/#listItem","position":3,"name":"Intu asturias se viste de alta costura para inaugurar el evento &#8216;Estamos de moda&#8217;","previousItem":{"@type":"ListItem","@id":"https:\/\/candas365.es\/noticias\/category\/actualidad\/#listItem","name":"Actualidad"}}]},{"@type":"NewsArticle","@id":"https:\/\/candas365.es\/noticias\/intu-asturias-se-viste-de-alta-costura-para-inaugurar-el-evento-estamos-de-moda\/#newsarticle","name":"Intu asturias se viste de alta costura para inaugurar el evento \u2018Estamos de moda\u2019 | Cand\u00e1s 365","headline":"Intu asturias se viste de alta costura para inaugurar el evento &#8216;Estamos de moda&#8217;","author":{"@id":"https:\/\/candas365.es\/noticias\/author\/admin\/#author"},"publisher":{"@id":"https:\/\/candas365.es\/noticias\/#organization"},"image":{"@type":"ImageObject","url":"https:\/\/candas365.es\/noticias\/wp-content\/uploads\/2016\/02\/fotonoticia_20160218172438_800.jpg","width":800,"height":535},"datePublished":"2016-02-19T02:32:00+01:00","dateModified":"2016-02-19T02:32:00+01:00","inLanguage":"es-ES","mainEntityOfPage":{"@id":"https:\/\/candas365.es\/noticias\/intu-asturias-se-viste-de-alta-costura-para-inaugurar-el-evento-estamos-de-moda\/#webpage"},"isPartOf":{"@id":"https:\/\/candas365.es\/noticias\/intu-asturias-se-viste-de-alta-costura-para-inaugurar-el-evento-estamos-de-moda\/#webpage"},"articleSection":"Actualidad","dateline":"Publicado el febrero 19, 2016."},{"@type":"Organization","@id":"https:\/\/candas365.es\/noticias\/#organization","name":"Cand\u00e1s 365","description":"Cand\u00e1s 365 es un diario digital independiente, fundado en 2012, con base en Asturias. Informamos con rigor sobre actualidad, sociedad, cultura y ocio, con una mirada local y global.","url":"https:\/\/candas365.es\/noticias\/","email":"info@candas365.es","telephone":"+34652131393","foundingDate":"2012-06-10","logo":{"@type":"ImageObject","url":"https:\/\/candas365.es\/noticias\/wp-content\/uploads\/2024\/09\/Candas-365-Redes.jpg","@id":"https:\/\/candas365.es\/noticias\/intu-asturias-se-viste-de-alta-costura-para-inaugurar-el-evento-estamos-de-moda\/#organizationLogo","width":1152,"height":864,"caption":"Cand\u00e1s 365 Redes"},"image":{"@id":"https:\/\/candas365.es\/noticias\/intu-asturias-se-viste-de-alta-costura-para-inaugurar-el-evento-estamos-de-moda\/#organizationLogo"},"sameAs":["https:\/\/www.facebook.com\/Nachofdezber","https:\/\/x.com\/NabercoDigital","https:\/\/www.instagram.com\/nachofdezber\/","https:\/\/www.youtube.com\/channel\/UCZP-2wLEB9Rv6erhFmqVnvg"],"address":{"@id":"https:\/\/candas365.es\/noticias\/#postaladdress","@type":"PostalAddress","streetAddress":"san antonio 4, san antonio 4","postalCode":"33430","addressLocality":"Cand\u00e1s","addressRegion":"Asturias","addressCountry":"ES"}},{"@type":"Person","@id":"https:\/\/candas365.es\/noticias\/author\/admin\/#author","url":"https:\/\/candas365.es\/noticias\/author\/admin\/","name":"Cand\u00e1s 365","image":{"@type":"ImageObject","@id":"https:\/\/candas365.es\/noticias\/intu-asturias-se-viste-de-alta-costura-para-inaugurar-el-evento-estamos-de-moda\/#authorImage","url":"https:\/\/secure.gravatar.com\/avatar\/496a8e03d0c493ede1718b7934145dbdf8d89be1036b0eec9544e1094c9de390?s=96&d=mm&r=g","width":96,"height":96,"caption":"Cand\u00e1s 365"},"sameAs":["https:\/\/www.facebook.com\/carrenoactualidad","https:\/\/twitter.com\/nbasturias","https:\/\/www.instagram.com\/nachofdezber\/","https:\/\/www.youtube.com\/channel\/UCZP-2wLEB9Rv6erhFmqVnvg"]},{"@type":"WebPage","@id":"https:\/\/candas365.es\/noticias\/intu-asturias-se-viste-de-alta-costura-para-inaugurar-el-evento-estamos-de-moda\/#webpage","url":"https:\/\/candas365.es\/noticias\/intu-asturias-se-viste-de-alta-costura-para-inaugurar-el-evento-estamos-de-moda\/","name":"Intu asturias se viste de alta costura para inaugurar el evento \u2018Estamos de moda\u2019 | Cand\u00e1s 365","description":"Intu Asturias ha presentado este jueves la exposici\u00f3n 'Estamos de Moda', en la cual una serie de mu\u00f1ecas barbie ofrecen un recorrido por la historia de la moda. Adem\u00e1s, los visitantes del centro \"podr\u00e1n disfrutar de la evoluci\u00f3n del traje desde los primeros patrones del neol\u00edtico, pasando por el imperio espa\u00f1ol o Titanic\". Seg\u00fan informa","inLanguage":"es-ES","isPartOf":{"@id":"https:\/\/candas365.es\/noticias\/#website"},"breadcrumb":{"@id":"https:\/\/candas365.es\/noticias\/intu-asturias-se-viste-de-alta-costura-para-inaugurar-el-evento-estamos-de-moda\/#breadcrumblist"},"author":{"@id":"https:\/\/candas365.es\/noticias\/author\/admin\/#author"},"creator":{"@id":"https:\/\/candas365.es\/noticias\/author\/admin\/#author"},"image":{"@type":"ImageObject","url":"https:\/\/candas365.es\/noticias\/wp-content\/uploads\/2016\/02\/fotonoticia_20160218172438_800.jpg","@id":"https:\/\/candas365.es\/noticias\/intu-asturias-se-viste-de-alta-costura-para-inaugurar-el-evento-estamos-de-moda\/#mainImage","width":800,"height":535},"primaryImageOfPage":{"@id":"https:\/\/candas365.es\/noticias\/intu-asturias-se-viste-de-alta-costura-para-inaugurar-el-evento-estamos-de-moda\/#mainImage"},"datePublished":"2016-02-19T02:32:00+01:00","dateModified":"2016-02-19T02:32:00+01:00"},{"@type":"WebSite","@id":"https:\/\/candas365.es\/noticias\/#website","url":"https:\/\/candas365.es\/noticias\/","name":"Cand\u00e1s 365","alternateName":"Cand\u00e1s 365 Noticias","description":"Actualidad desde Carre\u00f1o para el mundo","inLanguage":"es-ES","publisher":{"@id":"https:\/\/candas365.es\/noticias\/#organization"}}]},"og:locale":"es_ES","og:site_name":"Cand\u00e1s 365","og:type":"article","og:title":"Intu asturias se viste de alta costura para inaugurar el evento \u2018Estamos de moda\u2019 | Cand\u00e1s 365","og:description":"Intu Asturias ha presentado este jueves la exposici\u00f3n 'Estamos de Moda', en la cual una serie de mu\u00f1ecas barbie ofrecen un recorrido por la historia de la moda. Adem\u00e1s, los visitantes del centro &quot;podr\u00e1n disfrutar de la evoluci\u00f3n del traje desde los primeros patrones del neol\u00edtico, pasando por el imperio espa\u00f1ol o Titanic&quot;. Seg\u00fan informa","og:url":"https:\/\/candas365.es\/noticias\/intu-asturias-se-viste-de-alta-costura-para-inaugurar-el-evento-estamos-de-moda\/","og:image":"https:\/\/candas365.es\/noticias\/wp-content\/uploads\/2016\/02\/fotonoticia_20160218172438_800.jpg","og:image:secure_url":"https:\/\/candas365.es\/noticias\/wp-content\/uploads\/2016\/02\/fotonoticia_20160218172438_800.jpg","og:image:width":800,"og:image:height":535,"article:published_time":"2016-02-19T01:02:00+00:00","article:modified_time":"2016-02-19T01:02:00+00:00","article:publisher":"https:\/\/www.facebook.com\/Nachofdezber","article:author":"https:\/\/www.facebook.com\/carrenoactualidad","twitter:card":"summary_large_image","twitter:site":"@NabercoDigital","twitter:title":"Intu asturias se viste de alta costura para inaugurar el evento \u2018Estamos de moda\u2019 | Cand\u00e1s 365","twitter:description":"Intu Asturias ha presentado este jueves la exposici\u00f3n 'Estamos de Moda', en la cual una serie de mu\u00f1ecas barbie ofrecen un recorrido por la historia de la moda. Adem\u00e1s, los visitantes del centro &quot;podr\u00e1n disfrutar de la evoluci\u00f3n del traje desde los primeros patrones del neol\u00edtico, pasando por el imperio espa\u00f1ol o Titanic&quot;. Seg\u00fan informa","twitter:creator":"@nbasturias","twitter:image":"https:\/\/candas365.es\/noticias\/wp-content\/uploads\/2016\/02\/fotonoticia_20160218172438_800.jpg","twitter:label1":"Escrito por","twitter:data1":"Cand\u00e1s 365","twitter:label2":"Tiempo de lectura estimado","twitter:data2":"1 minuto"},"aioseo_meta_data":{"post_id":"26961","title":null,"description":null,"keywords":null,"keyphrases":null,"primary_term":null,"canonical_url":null,"og_title":null,"og_description":null,"og_object_type":"default","og_image_type":"default","og_image_url":null,"og_image_width":null,"og_image_height":null,"og_image_custom_url":null,"og_image_custom_fields":null,"og_video":null,"og_custom_url":null,"og_article_section":null,"og_article_tags":null,"twitter_use_og":false,"twitter_card":"default","twitter_image_type":"default","twitter_image_url":null,"twitter_image_custom_url":null,"twitter_image_custom_fields":null,"twitter_title":null,"twitter_description":null,"schema":{"blockGraphs":[],"customGraphs":[],"default":{"data":{"Article":[],"Course":[],"Dataset":[],"FAQPage":[],"Movie":[],"Person":[],"Product":[],"ProductReview":[],"Car":[],"Recipe":[],"Service":[],"SoftwareApplication":[],"WebPage":[]},"graphName":"","isEnabled":true},"graphs":[]},"schema_type":null,"schema_type_options":null,"pillar_content":false,"robots_default":true,"robots_noindex":false,"robots_noarchive":false,"robots_nosnippet":false,"robots_nofollow":false,"robots_noimageindex":false,"robots_noodp":false,"robots_notranslate":false,"robots_max_snippet":null,"robots_max_videopreview":null,"robots_max_imagepreview":"large","priority":null,"frequency":null,"location":null,"local_seo":null,"seo_analyzer_scan_date":"2025-08-24 08:00:13","breadcrumb_settings":null,"limit_modified_date":false,"reviewed_by":null,"open_ai":null,"ai":null,"created":"2020-12-21 12:39:59","updated":"2025-08-24 08:00:13"},"aioseo_breadcrumb":"<div class=\"aioseo-breadcrumbs\"><span class=\"aioseo-breadcrumb\">\n\t<a href=\"https:\/\/candas365.es\/noticias\" title=\"Home\">Home<\/a>\n<\/span><span class=\"aioseo-breadcrumb-separator\">&ndash;<\/span><span class=\"aioseo-breadcrumb\">\n\t<a href=\"https:\/\/candas365.es\/noticias\/category\/actualidad\/\" title=\"Actualidad\">Actualidad<\/a>\n<\/span><span class=\"aioseo-breadcrumb-separator\">&ndash;<\/span><span class=\"aioseo-breadcrumb\">\n\tIntu asturias se viste de alta costura para inaugurar el evento \u2018Estamos de moda\u2019\n<\/span><\/div>","aioseo_breadcrumb_json":[{"label":"Home","link":"https:\/\/candas365.es\/noticias"},{"label":"Actualidad","link":"https:\/\/candas365.es\/noticias\/category\/actualidad\/"},{"label":"Intu asturias se viste de alta costura para inaugurar el evento &#8216;Estamos de moda&#8217;","link":"https:\/\/candas365.es\/noticias\/intu-asturias-se-viste-de-alta-costura-para-inaugurar-el-evento-estamos-de-moda\/"}],"_links":{"self":[{"href":"https:\/\/candas365.es\/noticias\/wp-json\/wp\/v2\/posts\/26961","targetHints":{"allow":["GET"]}}],"collection":[{"href":"https:\/\/candas365.es\/noticias\/wp-json\/wp\/v2\/posts"}],"about":[{"href":"https:\/\/candas365.es\/noticias\/wp-json\/wp\/v2\/types\/post"}],"author":[{"embeddable":true,"href":"https:\/\/candas365.es\/noticias\/wp-json\/wp\/v2\/users\/1"}],"replies":[{"embeddable":true,"href":"https:\/\/candas365.es\/noticias\/wp-json\/wp\/v2\/comments?post=26961"}],"version-history":[{"count":0,"href":"https:\/\/candas365.es\/noticias\/wp-json\/wp\/v2\/posts\/26961\/revisions"}],"wp:featuredmedia":[{"embeddable":true,"href":"https:\/\/candas365.es\/noticias\/wp-json\/wp\/v2\/media\/26962"}],"wp:attachment":[{"href":"https:\/\/candas365.es\/noticias\/wp-json\/wp\/v2\/media?parent=26961"}],"wp:term":[{"taxonomy":"category","embeddable":true,"href":"https:\/\/candas365.es\/noticias\/wp-json\/wp\/v2\/categories?post=26961"},{"taxonomy":"post_tag","embeddable":true,"href":"https:\/\/candas365.es\/noticias\/wp-json\/wp\/v2\/tags?post=26961"}],"curies":[{"name":"wp","href":"https:\/\/api.w.org\/{rel}","templated":true}]}}