{"id":26524,"date":"2016-02-14T19:32:02","date_gmt":"2016-02-14T18:02:02","guid":{"rendered":"http:\/\/candas365.es\/noticias\/?p=26524"},"modified":"2016-02-14T19:32:02","modified_gmt":"2016-02-14T18:02:02","slug":"la-pelicula-chilena-rara-en-la-berlinale","status":"publish","type":"post","link":"https:\/\/candas365.es\/noticias\/la-pelicula-chilena-rara-en-la-berlinale\/","title":{"rendered":"La pel\u00edcula chilena \u00abRara\u00bb en la Berlinale"},"content":{"rendered":"<p>Berl\u00edn, 14 feb (dpa) &#8211; La pel\u00edcula chilena \u00abRara\u00bb, de Pepa San Mart\u00edn, acerc\u00f3 al p\u00fablico m\u00e1s joven de la Berlinale la batalla legal de un padre y una madre emparejada con otra mujer por sus dos hijas desde la perspectiva infantil.<\/p>\n<p>El primer largometraje de San Mart\u00edn, que tuvo su estreno mundial hoy en la secci\u00f3n Generation, gira en torno a Sara, una ni\u00f1a de 13 a\u00f1os que ve c\u00f3mo su mundo est\u00e1 cambiando y c\u00f3mo su padre cree que un entorno familiar formado por dos mujeres no es el mejor ambiente para que crezcan sus dos hijas peque\u00f1as.<\/p>\n<p>Sin embargo, la cineasta chilena no buscaba mostrar una pel\u00edcula centrada s\u00f3lo en la uni\u00f3n de esas dos mujeres. \u00abEs la historia de una familia, que incluye esta homoparentalidad que tiene su madre, pero es m\u00e1s que eso. Se trata de la vida de una adolescente que empieza a ver que su mundo est\u00e1 cambiando\u00bb, explica a dpa San Mart\u00edn.<\/p>\n<p>\u00abLo que para ella era normal, en un minuto la sociedad la lleva a verlo de diferente forma\u00bb, apunta sobre un film inspirado en un hecho real que pas\u00f3 en Chile hace doce a\u00f1os cuando una mujer perdi\u00f3 la custodia de sus hijos por convivir con otra mujer.<\/p>\n<p>\u00abHace dos a\u00f1os fue el veredicto de la Corte Interamericana de Derechos Humanos y oblig\u00f3 a Chile a pedir disculpas por este acto. Ahora tenemos una ley de Uni\u00f3n Civil\u00bb, explica.<\/p>\n<p>Pero para San Mart\u00edn, no se trata s\u00f3lo de una cuesti\u00f3n de leyes, sino que es importante humanizarlas. \u00abLa discriminaci\u00f3n m\u00e1s importante es la que se da en el interior de las familias\u00bb, alerta.<\/p>\n<p>La tem\u00e1tica de su \u00f3pera prima no es nueva para esta cineasta nacida en Curic\u00f3. \u00abEs una tem\u00e1tica que vengo trabajando en cortos anteriores\u00bb, comenta.<\/p>\n<p>San Mart\u00edn, ganadora del premio de la DAAD de la Berlinale por su corto \u00abLa ducha\u00bb en 2012, que la llev\u00f3 a vivir tres meses en la capital alemana, busca reflejar los derechos humanos a trav\u00e9s de sus trabajos, pero \u00abno s\u00f3lo como leyes, sino los derechos humanos callejeros, los derechos humanos de la cotidianeidad, del interior de las casas\u00bb.<\/p>\n<p>Y para ello se vale de la inocente mirada de los ni\u00f1os. \u00abCreo que no se muestran suficiente los temas desde una mirada infantil. Los ni\u00f1os est\u00e1n muy afectados por las decisiones de los adultos y creo que tenemos que tener cada vez m\u00e1s conciencia de eso, de c\u00f3mo hacemos que de nuestros prejuicios se hagan cargo las generaciones que vienen. Tenemos que ser conscientes y responsables de eso\u00bb, afirma.<\/p>\n<p>El film muestra el rechazo que viven las dos mujeres, algo que no se reduce a Chile en opini\u00f3n de San Mart\u00edn. \u00abHay muchos lugares en el mundo donde todav\u00eda sigue siendo un delito. Hay gente que va presa y la pueden matar\u00bb, recuerda.<\/p>\n<p>\u00abEs un camino muy largo que a\u00fan debemos recorrer. Esta pel\u00edcula es s\u00f3lo un grano de arena a una lucha pol\u00edtica que hay en el mundo\u00bb, agrega sobre su film que espera poder estrenar en junio en Chile.<\/p>\n<p><span class=\" readonly\" title=\"\"><em>Por Almudena de Cabo <\/em><\/span><\/p>\n","protected":false},"excerpt":{"rendered":"<p>Berl\u00edn, 14 feb (dpa) &#8211; La pel\u00edcula chilena \u00abRara\u00bb, de Pepa San Mart\u00edn, acerc\u00f3 al p\u00fablico m\u00e1s joven de la Berlinale la batalla legal de un padre y una madre emparejada con otra mujer por sus dos hijas desde la perspectiva infantil. El primer largometraje de San Mart\u00edn, que tuvo su estreno mundial hoy en<\/p>\n","protected":false},"author":1,"featured_media":18980,"comment_status":"closed","ping_status":"closed","sticky":false,"template":"","format":"standard","meta":{"footnotes":""},"categories":[343],"tags":[],"class_list":{"0":"post-26524","1":"post","2":"type-post","3":"status-publish","4":"format-standard","5":"has-post-thumbnail","7":"category-actualidad"},"aioseo_notices":[],"aioseo_head":"\n\t\t<!-- All in One SEO Pro 4.9.6.2 - aioseo.com -->\n\t<meta name=\"description\" content=\"Berl\u00edn, 14 feb (dpa) - La pel\u00edcula chilena &quot;Rara&quot;, de Pepa San Mart\u00edn, acerc\u00f3 al p\u00fablico m\u00e1s joven de la Berlinale la batalla legal de un padre y una madre emparejada con otra mujer por sus dos hijas desde la perspectiva infantil. El primer largometraje de San Mart\u00edn, que tuvo su estreno mundial hoy en\" \/>\n\t<meta name=\"robots\" content=\"max-image-preview:large\" \/>\n\t<meta name=\"author\" content=\"Cand\u00e1s 365\"\/>\n\t<meta name=\"google-site-verification\" content=\"UA-32230408-1\" \/>\n\t<meta name=\"msvalidate.01\" content=\"354F3CDFB2DA171B47FBE9ABF1F88D5\" \/>\n\t<meta name=\"keywords\" content=\"actualidad\" \/>\n\t<link rel=\"canonical\" href=\"https:\/\/candas365.es\/noticias\/la-pelicula-chilena-rara-en-la-berlinale\/\" \/>\n\t<meta name=\"generator\" content=\"All in One SEO Pro (AIOSEO) 4.9.6.2\" \/>\n\t\t<meta property=\"og:locale\" content=\"es_ES\" \/>\n\t\t<meta property=\"og:site_name\" content=\"Cand\u00e1s 365\" \/>\n\t\t<meta property=\"og:type\" content=\"article\" \/>\n\t\t<meta property=\"og:title\" content=\"La pel\u00edcula chilena \u00abRara\u00bb en la Berlinale | Cand\u00e1s 365\" \/>\n\t\t<meta property=\"og:description\" content=\"Berl\u00edn, 14 feb (dpa) - La pel\u00edcula chilena &quot;Rara&quot;, de Pepa San Mart\u00edn, acerc\u00f3 al p\u00fablico m\u00e1s joven de la Berlinale la batalla legal de un padre y una madre emparejada con otra mujer por sus dos hijas desde la perspectiva infantil. El primer largometraje de San Mart\u00edn, que tuvo su estreno mundial hoy en\" \/>\n\t\t<meta property=\"og:url\" content=\"https:\/\/candas365.es\/noticias\/la-pelicula-chilena-rara-en-la-berlinale\/\" \/>\n\t\t<meta property=\"og:image\" content=\"https:\/\/candas365.es\/noticias\/wp-content\/uploads\/2015\/11\/Grada-cine.jpg\" \/>\n\t\t<meta property=\"og:image:secure_url\" content=\"https:\/\/candas365.es\/noticias\/wp-content\/uploads\/2015\/11\/Grada-cine.jpg\" \/>\n\t\t<meta property=\"og:image:width\" content=\"655\" \/>\n\t\t<meta property=\"og:image:height\" content=\"360\" \/>\n\t\t<meta property=\"article:published_time\" content=\"2016-02-14T18:02:02+00:00\" \/>\n\t\t<meta property=\"article:modified_time\" content=\"2016-02-14T18:02:02+00:00\" \/>\n\t\t<meta property=\"article:publisher\" content=\"https:\/\/www.facebook.com\/Nachofdezber\" \/>\n\t\t<meta property=\"article:author\" content=\"https:\/\/www.facebook.com\/carrenoactualidad\" \/>\n\t\t<meta name=\"twitter:card\" content=\"summary_large_image\" \/>\n\t\t<meta name=\"twitter:site\" content=\"@NabercoDigital\" \/>\n\t\t<meta name=\"twitter:title\" content=\"La pel\u00edcula chilena \u00abRara\u00bb en la Berlinale | Cand\u00e1s 365\" \/>\n\t\t<meta name=\"twitter:description\" content=\"Berl\u00edn, 14 feb (dpa) - La pel\u00edcula chilena &quot;Rara&quot;, de Pepa San Mart\u00edn, acerc\u00f3 al p\u00fablico m\u00e1s joven de la Berlinale la batalla legal de un padre y una madre emparejada con otra mujer por sus dos hijas desde la perspectiva infantil. El primer largometraje de San Mart\u00edn, que tuvo su estreno mundial hoy en\" \/>\n\t\t<meta name=\"twitter:creator\" content=\"@nbasturias\" \/>\n\t\t<meta name=\"twitter:image\" content=\"https:\/\/candas365.es\/noticias\/wp-content\/uploads\/2015\/11\/Grada-cine.jpg\" \/>\n\t\t<meta name=\"twitter:label1\" content=\"Escrito por\" \/>\n\t\t<meta name=\"twitter:data1\" content=\"Cand\u00e1s 365\" \/>\n\t\t<meta name=\"twitter:label2\" content=\"Tiempo de lectura estimado\" \/>\n\t\t<meta name=\"twitter:data2\" content=\"3 minutos\" \/>\n\t\t<script type=\"application\/ld+json\" class=\"aioseo-schema\">\n\t\t\t{\"@context\":\"https:\\\/\\\/schema.org\",\"@graph\":[{\"@type\":\"BreadcrumbList\",\"@id\":\"https:\\\/\\\/candas365.es\\\/noticias\\\/la-pelicula-chilena-rara-en-la-berlinale\\\/#breadcrumblist\",\"itemListElement\":[{\"@type\":\"ListItem\",\"@id\":\"https:\\\/\\\/candas365.es\\\/noticias#listItem\",\"position\":1,\"name\":\"Home\",\"item\":\"https:\\\/\\\/candas365.es\\\/noticias\",\"nextItem\":{\"@type\":\"ListItem\",\"@id\":\"https:\\\/\\\/candas365.es\\\/noticias\\\/category\\\/actualidad\\\/#listItem\",\"name\":\"Actualidad\"}},{\"@type\":\"ListItem\",\"@id\":\"https:\\\/\\\/candas365.es\\\/noticias\\\/category\\\/actualidad\\\/#listItem\",\"position\":2,\"name\":\"Actualidad\",\"item\":\"https:\\\/\\\/candas365.es\\\/noticias\\\/category\\\/actualidad\\\/\",\"nextItem\":{\"@type\":\"ListItem\",\"@id\":\"https:\\\/\\\/candas365.es\\\/noticias\\\/la-pelicula-chilena-rara-en-la-berlinale\\\/#listItem\",\"name\":\"La pel\\u00edcula chilena \\u00abRara\\u00bb en la Berlinale\"},\"previousItem\":{\"@type\":\"ListItem\",\"@id\":\"https:\\\/\\\/candas365.es\\\/noticias#listItem\",\"name\":\"Home\"}},{\"@type\":\"ListItem\",\"@id\":\"https:\\\/\\\/candas365.es\\\/noticias\\\/la-pelicula-chilena-rara-en-la-berlinale\\\/#listItem\",\"position\":3,\"name\":\"La pel\\u00edcula chilena \\u00abRara\\u00bb en la Berlinale\",\"previousItem\":{\"@type\":\"ListItem\",\"@id\":\"https:\\\/\\\/candas365.es\\\/noticias\\\/category\\\/actualidad\\\/#listItem\",\"name\":\"Actualidad\"}}]},{\"@type\":\"NewsArticle\",\"@id\":\"https:\\\/\\\/candas365.es\\\/noticias\\\/la-pelicula-chilena-rara-en-la-berlinale\\\/#newsarticle\",\"name\":\"La pel\\u00edcula chilena \\u00abRara\\u00bb en la Berlinale | Cand\\u00e1s 365\",\"headline\":\"La pel\\u00edcula chilena \\u00abRara\\u00bb en la Berlinale\",\"author\":{\"@id\":\"https:\\\/\\\/candas365.es\\\/noticias\\\/author\\\/admin\\\/#author\"},\"publisher\":{\"@id\":\"https:\\\/\\\/candas365.es\\\/noticias\\\/#organization\"},\"image\":{\"@type\":\"ImageObject\",\"url\":\"https:\\\/\\\/candas365.es\\\/noticias\\\/wp-content\\\/uploads\\\/2015\\\/11\\\/Grada-cine.jpg\",\"width\":655,\"height\":360},\"datePublished\":\"2016-02-14T19:32:02+01:00\",\"dateModified\":\"2016-02-14T19:32:02+01:00\",\"inLanguage\":\"es-ES\",\"mainEntityOfPage\":{\"@id\":\"https:\\\/\\\/candas365.es\\\/noticias\\\/la-pelicula-chilena-rara-en-la-berlinale\\\/#webpage\"},\"isPartOf\":{\"@id\":\"https:\\\/\\\/candas365.es\\\/noticias\\\/la-pelicula-chilena-rara-en-la-berlinale\\\/#webpage\"},\"articleSection\":\"Actualidad\",\"dateline\":\"Publicado el febrero 14, 2016.\"},{\"@type\":\"Organization\",\"@id\":\"https:\\\/\\\/candas365.es\\\/noticias\\\/#organization\",\"name\":\"Cand\\u00e1s 365\",\"description\":\"Cand\\u00e1s 365 es un diario digital independiente, fundado en 2012, con base en Asturias. Informamos con rigor sobre actualidad, sociedad, cultura y ocio, con una mirada local y global.\",\"url\":\"https:\\\/\\\/candas365.es\\\/noticias\\\/\",\"email\":\"info@candas365.es\",\"telephone\":\"+34652131393\",\"foundingDate\":\"2012-06-10\",\"logo\":{\"@type\":\"ImageObject\",\"url\":\"https:\\\/\\\/candas365.es\\\/noticias\\\/wp-content\\\/uploads\\\/2024\\\/09\\\/Candas-365-Redes.jpg\",\"@id\":\"https:\\\/\\\/candas365.es\\\/noticias\\\/la-pelicula-chilena-rara-en-la-berlinale\\\/#organizationLogo\",\"width\":1152,\"height\":864,\"caption\":\"Cand\\u00e1s 365 Redes\"},\"image\":{\"@id\":\"https:\\\/\\\/candas365.es\\\/noticias\\\/la-pelicula-chilena-rara-en-la-berlinale\\\/#organizationLogo\"},\"sameAs\":[\"https:\\\/\\\/www.facebook.com\\\/Nachofdezber\",\"https:\\\/\\\/x.com\\\/NabercoDigital\",\"https:\\\/\\\/www.instagram.com\\\/nachofdezber\\\/\",\"https:\\\/\\\/www.youtube.com\\\/channel\\\/UCZP-2wLEB9Rv6erhFmqVnvg\"],\"address\":{\"@id\":\"https:\\\/\\\/candas365.es\\\/noticias\\\/#postaladdress\",\"@type\":\"PostalAddress\",\"streetAddress\":\"san antonio 4, san antonio 4\",\"postalCode\":\"33430\",\"addressLocality\":\"Cand\\u00e1s\",\"addressRegion\":\"Asturias\",\"addressCountry\":\"ES\"}},{\"@type\":\"Person\",\"@id\":\"https:\\\/\\\/candas365.es\\\/noticias\\\/author\\\/admin\\\/#author\",\"url\":\"https:\\\/\\\/candas365.es\\\/noticias\\\/author\\\/admin\\\/\",\"name\":\"Cand\\u00e1s 365\",\"image\":{\"@type\":\"ImageObject\",\"@id\":\"https:\\\/\\\/candas365.es\\\/noticias\\\/la-pelicula-chilena-rara-en-la-berlinale\\\/#authorImage\",\"url\":\"https:\\\/\\\/secure.gravatar.com\\\/avatar\\\/496a8e03d0c493ede1718b7934145dbdf8d89be1036b0eec9544e1094c9de390?s=96&d=mm&r=g\",\"width\":96,\"height\":96,\"caption\":\"Cand\\u00e1s 365\"},\"sameAs\":[\"https:\\\/\\\/www.facebook.com\\\/carrenoactualidad\",\"https:\\\/\\\/twitter.com\\\/nbasturias\",\"https:\\\/\\\/www.instagram.com\\\/nachofdezber\\\/\",\"https:\\\/\\\/www.youtube.com\\\/channel\\\/UCZP-2wLEB9Rv6erhFmqVnvg\"]},{\"@type\":\"WebPage\",\"@id\":\"https:\\\/\\\/candas365.es\\\/noticias\\\/la-pelicula-chilena-rara-en-la-berlinale\\\/#webpage\",\"url\":\"https:\\\/\\\/candas365.es\\\/noticias\\\/la-pelicula-chilena-rara-en-la-berlinale\\\/\",\"name\":\"La pel\\u00edcula chilena \\u00abRara\\u00bb en la Berlinale | Cand\\u00e1s 365\",\"description\":\"Berl\\u00edn, 14 feb (dpa) - La pel\\u00edcula chilena \\\"Rara\\\", de Pepa San Mart\\u00edn, acerc\\u00f3 al p\\u00fablico m\\u00e1s joven de la Berlinale la batalla legal de un padre y una madre emparejada con otra mujer por sus dos hijas desde la perspectiva infantil. El primer largometraje de San Mart\\u00edn, que tuvo su estreno mundial hoy en\",\"inLanguage\":\"es-ES\",\"isPartOf\":{\"@id\":\"https:\\\/\\\/candas365.es\\\/noticias\\\/#website\"},\"breadcrumb\":{\"@id\":\"https:\\\/\\\/candas365.es\\\/noticias\\\/la-pelicula-chilena-rara-en-la-berlinale\\\/#breadcrumblist\"},\"author\":{\"@id\":\"https:\\\/\\\/candas365.es\\\/noticias\\\/author\\\/admin\\\/#author\"},\"creator\":{\"@id\":\"https:\\\/\\\/candas365.es\\\/noticias\\\/author\\\/admin\\\/#author\"},\"image\":{\"@type\":\"ImageObject\",\"url\":\"https:\\\/\\\/candas365.es\\\/noticias\\\/wp-content\\\/uploads\\\/2015\\\/11\\\/Grada-cine.jpg\",\"@id\":\"https:\\\/\\\/candas365.es\\\/noticias\\\/la-pelicula-chilena-rara-en-la-berlinale\\\/#mainImage\",\"width\":655,\"height\":360},\"primaryImageOfPage\":{\"@id\":\"https:\\\/\\\/candas365.es\\\/noticias\\\/la-pelicula-chilena-rara-en-la-berlinale\\\/#mainImage\"},\"datePublished\":\"2016-02-14T19:32:02+01:00\",\"dateModified\":\"2016-02-14T19:32:02+01:00\"},{\"@type\":\"WebSite\",\"@id\":\"https:\\\/\\\/candas365.es\\\/noticias\\\/#website\",\"url\":\"https:\\\/\\\/candas365.es\\\/noticias\\\/\",\"name\":\"Cand\\u00e1s 365\",\"alternateName\":\"Cand\\u00e1s 365 Noticias\",\"description\":\"Actualidad desde Carre\\u00f1o para el mundo\",\"inLanguage\":\"es-ES\",\"publisher\":{\"@id\":\"https:\\\/\\\/candas365.es\\\/noticias\\\/#organization\"}}]}\n\t\t<\/script>\n\t\t<!-- All in One SEO Pro -->\r\n\t\t<title>La pel\u00edcula chilena \u00abRara\u00bb en la Berlinale | Cand\u00e1s 365<\/title>\n\n","aioseo_head_json":{"title":"La pel\u00edcula chilena \u00abRara\u00bb en la Berlinale | Cand\u00e1s 365","description":"Berl\u00edn, 14 feb (dpa) - La pel\u00edcula chilena \"Rara\", de Pepa San Mart\u00edn, acerc\u00f3 al p\u00fablico m\u00e1s joven de la Berlinale la batalla legal de un padre y una madre emparejada con otra mujer por sus dos hijas desde la perspectiva infantil. El primer largometraje de San Mart\u00edn, que tuvo su estreno mundial hoy en","canonical_url":"https:\/\/candas365.es\/noticias\/la-pelicula-chilena-rara-en-la-berlinale\/","robots":"max-image-preview:large","keywords":"actualidad","webmasterTools":{"google-site-verification":"UA-32230408-1","msvalidate.01":"354F3CDFB2DA171B47FBE9ABF1F88D5","miscellaneous":""},"schema":{"@context":"https:\/\/schema.org","@graph":[{"@type":"BreadcrumbList","@id":"https:\/\/candas365.es\/noticias\/la-pelicula-chilena-rara-en-la-berlinale\/#breadcrumblist","itemListElement":[{"@type":"ListItem","@id":"https:\/\/candas365.es\/noticias#listItem","position":1,"name":"Home","item":"https:\/\/candas365.es\/noticias","nextItem":{"@type":"ListItem","@id":"https:\/\/candas365.es\/noticias\/category\/actualidad\/#listItem","name":"Actualidad"}},{"@type":"ListItem","@id":"https:\/\/candas365.es\/noticias\/category\/actualidad\/#listItem","position":2,"name":"Actualidad","item":"https:\/\/candas365.es\/noticias\/category\/actualidad\/","nextItem":{"@type":"ListItem","@id":"https:\/\/candas365.es\/noticias\/la-pelicula-chilena-rara-en-la-berlinale\/#listItem","name":"La pel\u00edcula chilena \u00abRara\u00bb en la Berlinale"},"previousItem":{"@type":"ListItem","@id":"https:\/\/candas365.es\/noticias#listItem","name":"Home"}},{"@type":"ListItem","@id":"https:\/\/candas365.es\/noticias\/la-pelicula-chilena-rara-en-la-berlinale\/#listItem","position":3,"name":"La pel\u00edcula chilena \u00abRara\u00bb en la Berlinale","previousItem":{"@type":"ListItem","@id":"https:\/\/candas365.es\/noticias\/category\/actualidad\/#listItem","name":"Actualidad"}}]},{"@type":"NewsArticle","@id":"https:\/\/candas365.es\/noticias\/la-pelicula-chilena-rara-en-la-berlinale\/#newsarticle","name":"La pel\u00edcula chilena \u00abRara\u00bb en la Berlinale | Cand\u00e1s 365","headline":"La pel\u00edcula chilena \u00abRara\u00bb en la Berlinale","author":{"@id":"https:\/\/candas365.es\/noticias\/author\/admin\/#author"},"publisher":{"@id":"https:\/\/candas365.es\/noticias\/#organization"},"image":{"@type":"ImageObject","url":"https:\/\/candas365.es\/noticias\/wp-content\/uploads\/2015\/11\/Grada-cine.jpg","width":655,"height":360},"datePublished":"2016-02-14T19:32:02+01:00","dateModified":"2016-02-14T19:32:02+01:00","inLanguage":"es-ES","mainEntityOfPage":{"@id":"https:\/\/candas365.es\/noticias\/la-pelicula-chilena-rara-en-la-berlinale\/#webpage"},"isPartOf":{"@id":"https:\/\/candas365.es\/noticias\/la-pelicula-chilena-rara-en-la-berlinale\/#webpage"},"articleSection":"Actualidad","dateline":"Publicado el febrero 14, 2016."},{"@type":"Organization","@id":"https:\/\/candas365.es\/noticias\/#organization","name":"Cand\u00e1s 365","description":"Cand\u00e1s 365 es un diario digital independiente, fundado en 2012, con base en Asturias. Informamos con rigor sobre actualidad, sociedad, cultura y ocio, con una mirada local y global.","url":"https:\/\/candas365.es\/noticias\/","email":"info@candas365.es","telephone":"+34652131393","foundingDate":"2012-06-10","logo":{"@type":"ImageObject","url":"https:\/\/candas365.es\/noticias\/wp-content\/uploads\/2024\/09\/Candas-365-Redes.jpg","@id":"https:\/\/candas365.es\/noticias\/la-pelicula-chilena-rara-en-la-berlinale\/#organizationLogo","width":1152,"height":864,"caption":"Cand\u00e1s 365 Redes"},"image":{"@id":"https:\/\/candas365.es\/noticias\/la-pelicula-chilena-rara-en-la-berlinale\/#organizationLogo"},"sameAs":["https:\/\/www.facebook.com\/Nachofdezber","https:\/\/x.com\/NabercoDigital","https:\/\/www.instagram.com\/nachofdezber\/","https:\/\/www.youtube.com\/channel\/UCZP-2wLEB9Rv6erhFmqVnvg"],"address":{"@id":"https:\/\/candas365.es\/noticias\/#postaladdress","@type":"PostalAddress","streetAddress":"san antonio 4, san antonio 4","postalCode":"33430","addressLocality":"Cand\u00e1s","addressRegion":"Asturias","addressCountry":"ES"}},{"@type":"Person","@id":"https:\/\/candas365.es\/noticias\/author\/admin\/#author","url":"https:\/\/candas365.es\/noticias\/author\/admin\/","name":"Cand\u00e1s 365","image":{"@type":"ImageObject","@id":"https:\/\/candas365.es\/noticias\/la-pelicula-chilena-rara-en-la-berlinale\/#authorImage","url":"https:\/\/secure.gravatar.com\/avatar\/496a8e03d0c493ede1718b7934145dbdf8d89be1036b0eec9544e1094c9de390?s=96&d=mm&r=g","width":96,"height":96,"caption":"Cand\u00e1s 365"},"sameAs":["https:\/\/www.facebook.com\/carrenoactualidad","https:\/\/twitter.com\/nbasturias","https:\/\/www.instagram.com\/nachofdezber\/","https:\/\/www.youtube.com\/channel\/UCZP-2wLEB9Rv6erhFmqVnvg"]},{"@type":"WebPage","@id":"https:\/\/candas365.es\/noticias\/la-pelicula-chilena-rara-en-la-berlinale\/#webpage","url":"https:\/\/candas365.es\/noticias\/la-pelicula-chilena-rara-en-la-berlinale\/","name":"La pel\u00edcula chilena \u00abRara\u00bb en la Berlinale | Cand\u00e1s 365","description":"Berl\u00edn, 14 feb (dpa) - La pel\u00edcula chilena \"Rara\", de Pepa San Mart\u00edn, acerc\u00f3 al p\u00fablico m\u00e1s joven de la Berlinale la batalla legal de un padre y una madre emparejada con otra mujer por sus dos hijas desde la perspectiva infantil. El primer largometraje de San Mart\u00edn, que tuvo su estreno mundial hoy en","inLanguage":"es-ES","isPartOf":{"@id":"https:\/\/candas365.es\/noticias\/#website"},"breadcrumb":{"@id":"https:\/\/candas365.es\/noticias\/la-pelicula-chilena-rara-en-la-berlinale\/#breadcrumblist"},"author":{"@id":"https:\/\/candas365.es\/noticias\/author\/admin\/#author"},"creator":{"@id":"https:\/\/candas365.es\/noticias\/author\/admin\/#author"},"image":{"@type":"ImageObject","url":"https:\/\/candas365.es\/noticias\/wp-content\/uploads\/2015\/11\/Grada-cine.jpg","@id":"https:\/\/candas365.es\/noticias\/la-pelicula-chilena-rara-en-la-berlinale\/#mainImage","width":655,"height":360},"primaryImageOfPage":{"@id":"https:\/\/candas365.es\/noticias\/la-pelicula-chilena-rara-en-la-berlinale\/#mainImage"},"datePublished":"2016-02-14T19:32:02+01:00","dateModified":"2016-02-14T19:32:02+01:00"},{"@type":"WebSite","@id":"https:\/\/candas365.es\/noticias\/#website","url":"https:\/\/candas365.es\/noticias\/","name":"Cand\u00e1s 365","alternateName":"Cand\u00e1s 365 Noticias","description":"Actualidad desde Carre\u00f1o para el mundo","inLanguage":"es-ES","publisher":{"@id":"https:\/\/candas365.es\/noticias\/#organization"}}]},"og:locale":"es_ES","og:site_name":"Cand\u00e1s 365","og:type":"article","og:title":"La pel\u00edcula chilena \u00abRara\u00bb en la Berlinale | Cand\u00e1s 365","og:description":"Berl\u00edn, 14 feb (dpa) - La pel\u00edcula chilena &quot;Rara&quot;, de Pepa San Mart\u00edn, acerc\u00f3 al p\u00fablico m\u00e1s joven de la Berlinale la batalla legal de un padre y una madre emparejada con otra mujer por sus dos hijas desde la perspectiva infantil. El primer largometraje de San Mart\u00edn, que tuvo su estreno mundial hoy en","og:url":"https:\/\/candas365.es\/noticias\/la-pelicula-chilena-rara-en-la-berlinale\/","og:image":"https:\/\/candas365.es\/noticias\/wp-content\/uploads\/2015\/11\/Grada-cine.jpg","og:image:secure_url":"https:\/\/candas365.es\/noticias\/wp-content\/uploads\/2015\/11\/Grada-cine.jpg","og:image:width":655,"og:image:height":360,"article:published_time":"2016-02-14T18:02:02+00:00","article:modified_time":"2016-02-14T18:02:02+00:00","article:publisher":"https:\/\/www.facebook.com\/Nachofdezber","article:author":"https:\/\/www.facebook.com\/carrenoactualidad","twitter:card":"summary_large_image","twitter:site":"@NabercoDigital","twitter:title":"La pel\u00edcula chilena \u00abRara\u00bb en la Berlinale | Cand\u00e1s 365","twitter:description":"Berl\u00edn, 14 feb (dpa) - La pel\u00edcula chilena &quot;Rara&quot;, de Pepa San Mart\u00edn, acerc\u00f3 al p\u00fablico m\u00e1s joven de la Berlinale la batalla legal de un padre y una madre emparejada con otra mujer por sus dos hijas desde la perspectiva infantil. El primer largometraje de San Mart\u00edn, que tuvo su estreno mundial hoy en","twitter:creator":"@nbasturias","twitter:image":"https:\/\/candas365.es\/noticias\/wp-content\/uploads\/2015\/11\/Grada-cine.jpg","twitter:label1":"Escrito por","twitter:data1":"Cand\u00e1s 365","twitter:label2":"Tiempo de lectura estimado","twitter:data2":"3 minutos"},"aioseo_meta_data":{"post_id":"26524","title":null,"description":null,"keywords":null,"keyphrases":null,"primary_term":null,"canonical_url":null,"og_title":null,"og_description":null,"og_object_type":"default","og_image_type":"default","og_image_url":null,"og_image_width":null,"og_image_height":null,"og_image_custom_url":null,"og_image_custom_fields":null,"og_video":null,"og_custom_url":null,"og_article_section":null,"og_article_tags":null,"twitter_use_og":false,"twitter_card":"default","twitter_image_type":"default","twitter_image_url":null,"twitter_image_custom_url":null,"twitter_image_custom_fields":null,"twitter_title":null,"twitter_description":null,"schema":{"blockGraphs":[],"customGraphs":[],"default":{"data":{"Article":[],"Course":[],"Dataset":[],"FAQPage":[],"Movie":[],"Person":[],"Product":[],"ProductReview":[],"Car":[],"Recipe":[],"Service":[],"SoftwareApplication":[],"WebPage":[]},"graphName":"","isEnabled":true},"graphs":[],"defaultGraph":"","defaultPostTypeGraph":""},"schema_type":null,"schema_type_options":null,"pillar_content":false,"robots_default":true,"robots_noindex":false,"robots_noarchive":false,"robots_nosnippet":false,"robots_nofollow":false,"robots_noimageindex":false,"robots_noodp":false,"robots_notranslate":false,"robots_max_snippet":null,"robots_max_videopreview":null,"robots_max_imagepreview":"large","priority":null,"frequency":null,"location":null,"local_seo":null,"seo_analyzer_scan_date":"2025-08-24 07:23:17","breadcrumb_settings":null,"limit_modified_date":false,"reviewed_by":null,"open_ai":null,"ai":null,"created":"2020-12-21 12:37:00","updated":"2025-08-24 07:23:17"},"aioseo_breadcrumb":"<div class=\"aioseo-breadcrumbs\"><span class=\"aioseo-breadcrumb\">\n\t<a href=\"https:\/\/candas365.es\/noticias\" title=\"Home\">Home<\/a>\n<\/span><span class=\"aioseo-breadcrumb-separator\">&ndash;<\/span><span class=\"aioseo-breadcrumb\">\n\t<a href=\"https:\/\/candas365.es\/noticias\/category\/actualidad\/\" title=\"Actualidad\">Actualidad<\/a>\n<\/span><span class=\"aioseo-breadcrumb-separator\">&ndash;<\/span><span class=\"aioseo-breadcrumb\">\n\tLa pel\u00edcula chilena \u00abRara\u00bb en la Berlinale\n<\/span><\/div>","aioseo_breadcrumb_json":[{"label":"Home","link":"https:\/\/candas365.es\/noticias"},{"label":"Actualidad","link":"https:\/\/candas365.es\/noticias\/category\/actualidad\/"},{"label":"La pel\u00edcula chilena \u00abRara\u00bb en la Berlinale","link":"https:\/\/candas365.es\/noticias\/la-pelicula-chilena-rara-en-la-berlinale\/"}],"_links":{"self":[{"href":"https:\/\/candas365.es\/noticias\/wp-json\/wp\/v2\/posts\/26524","targetHints":{"allow":["GET"]}}],"collection":[{"href":"https:\/\/candas365.es\/noticias\/wp-json\/wp\/v2\/posts"}],"about":[{"href":"https:\/\/candas365.es\/noticias\/wp-json\/wp\/v2\/types\/post"}],"author":[{"embeddable":true,"href":"https:\/\/candas365.es\/noticias\/wp-json\/wp\/v2\/users\/1"}],"replies":[{"embeddable":true,"href":"https:\/\/candas365.es\/noticias\/wp-json\/wp\/v2\/comments?post=26524"}],"version-history":[{"count":0,"href":"https:\/\/candas365.es\/noticias\/wp-json\/wp\/v2\/posts\/26524\/revisions"}],"wp:featuredmedia":[{"embeddable":true,"href":"https:\/\/candas365.es\/noticias\/wp-json\/wp\/v2\/media\/18980"}],"wp:attachment":[{"href":"https:\/\/candas365.es\/noticias\/wp-json\/wp\/v2\/media?parent=26524"}],"wp:term":[{"taxonomy":"category","embeddable":true,"href":"https:\/\/candas365.es\/noticias\/wp-json\/wp\/v2\/categories?post=26524"},{"taxonomy":"post_tag","embeddable":true,"href":"https:\/\/candas365.es\/noticias\/wp-json\/wp\/v2\/tags?post=26524"}],"curies":[{"name":"wp","href":"https:\/\/api.w.org\/{rel}","templated":true}]}}