{"id":26470,"date":"2016-02-13T23:13:52","date_gmt":"2016-02-13T21:43:52","guid":{"rendered":"http:\/\/candas365.es\/noticias\/?p=26470"},"modified":"2016-02-13T23:13:52","modified_gmt":"2016-02-13T21:43:52","slug":"los-pagos-con-cargo-a-fondos-agricolas-europeos-suman-3-723-millones","status":"publish","type":"post","link":"https:\/\/candas365.es\/noticias\/los-pagos-con-cargo-a-fondos-agricolas-europeos-suman-3-723-millones\/","title":{"rendered":"Los pagos con cargo a fondos agr\u00edcolas europeos suman 3.723 millones"},"content":{"rendered":"<p><img fetchpriority=\"high\" decoding=\"async\" class=\"alignleft size-medium wp-image-4695\" src=\"https:\/\/candas365.es\/noticias\/wp-content\/uploads\/2014\/10\/fotonoticia_20141030112155_800-360x270.jpg\" alt=\"vaca\" width=\"360\" height=\"270\" srcset=\"https:\/\/candas365.es\/noticias\/wp-content\/uploads\/2014\/10\/fotonoticia_20141030112155_800-360x270.jpg 360w, https:\/\/candas365.es\/noticias\/wp-content\/uploads\/2014\/10\/fotonoticia_20141030112155_800-640x480.jpg 640w, https:\/\/candas365.es\/noticias\/wp-content\/uploads\/2014\/10\/fotonoticia_20141030112155_800-768x576.jpg 768w, https:\/\/candas365.es\/noticias\/wp-content\/uploads\/2014\/10\/fotonoticia_20141030112155_800-150x113.jpg 150w, https:\/\/candas365.es\/noticias\/wp-content\/uploads\/2014\/10\/fotonoticia_20141030112155_800-450x338.jpg 450w, https:\/\/candas365.es\/noticias\/wp-content\/uploads\/2014\/10\/fotonoticia_20141030112155_800-80x60.jpg 80w, https:\/\/candas365.es\/noticias\/wp-content\/uploads\/2014\/10\/fotonoticia_20141030112155_800-265x198.jpg 265w, https:\/\/candas365.es\/noticias\/wp-content\/uploads\/2014\/10\/fotonoticia_20141030112155_800-696x522.jpg 696w, https:\/\/candas365.es\/noticias\/wp-content\/uploads\/2014\/10\/fotonoticia_20141030112155_800-560x420.jpg 560w, https:\/\/candas365.es\/noticias\/wp-content\/uploads\/2014\/10\/fotonoticia_20141030112155_800-90x67.jpg 90w, https:\/\/candas365.es\/noticias\/wp-content\/uploads\/2014\/10\/fotonoticia_20141030112155_800.jpg 800w\" sizes=\"(max-width: 360px) 100vw, 360px\" \/>Los pagos acumulados hasta finales de enero con cargo a los fondos agr\u00edcolas europeos Feaga (Fondo Europeo Agr\u00edcola de Garant\u00eda) y Feader (Fondo Europeo Agr\u00edcola de Desarrollo Rural) suman en Espa\u00f1a un total de 3.723 millones de euros.<\/p>\n<p>Se trata de los pagos efectuados correspondientes al presente ejercicio, que va desde el 16 de octubre de 2015, al 15 de igual mes de este a\u00f1o 2016.<\/p>\n<p>Del total de esos pagos, 3.551,05 millones de euros corresponden al Feaga, y representan un 62,94% de lo pagado en todo el ejercicio anterior que se elev\u00f3 a 5.642,4 millones de euros, seg\u00fan los datos del Fondo Espa\u00f1ol de Garant\u00eda Agraria, consultados por OTR\/Press.<\/p>\n<p>Del total de pagos acumulados con cargo al Feaga, destaca el importe abonado al R\u00e9gimen de pago b\u00e1sico, que alcanzan los 2.036,8 millones de euros, y el pago a pr\u00e1cticas beneficiosas para el clima y el medio ambiente (1.034,2 millones).<\/p>\n<p>Les siguen en importancia los pagos correspondientes a la ayuda asociada voluntaria (158,36 millones); R\u00e9gimen de peque\u00f1os agricultores<\/p>\n<p>(153,66 millones); y Programa de Opciones Espec\u00edficas para las Islas Canarias (Poseican), con 90,5 millones de euros, que representa el 34,4% de lo abonado en todo el ejercicio anterior (263,3 millones).<\/p>\n<p>Por comunidades aut\u00f3nomas, Castilla y Le\u00f3n, Asturias, Navarra, Catalu\u00f1a, Arag\u00f3n, Andaluc\u00eda y Extremadura han pagado m\u00e1s del 62,94% del importe pagado por cada una de ellas durante todo el ejercicio anterior.<\/p>\n<p>Les siguen, Galicia, Baleares, Castilla-la Mancha, Comunidad Valenciana, Madrid, La Rioja, Pa\u00eds Vasco, Canarias y Cantabria, que han pagado entre el 59,53% y el 34,01%, y Murcia y el FEGA (Fondo Espa\u00f1ol de Garant\u00eda Agraria), con pagos situados entre el 17,73% y el 17,16%, respectivamente.<\/p>\n<p>FEADER<\/p>\n<p>En cuanto a los pagos realizados con cargo al Fondo Europeo Agr\u00edcola de Desarrollo Rural (Feader), el acumulado a 31 de enero suma 172,08 millones de euros, lo que representa el 9,16% de la previsi\u00f3n media del per\u00edodo 2014 a 2020 (1.878,86 millones euros\/a\u00f1o).<\/p>\n<p>Por medidas, destacan los pagos correspondientes a los Pagos a zonas con limitaciones naturales u otras limitaciones espec\u00edficas (48,94 millones euros), que representan el 28,44% del total.<\/p>\n<p>Le sigue la medida Agroambiente y clima (37,29 millones de euros) representando el 21,67%; y las medidas relativas a inversiones en activos f\u00edsicos (28,19 millones) e inversiones en el desarrollo de zonas forestales y mejora de la viabilidad de los bosques (24,17 millones), que conjuntamente representan el 30,42% del total.<\/p>\n<p>Por Programas, superan el promedio del 9,16% los pagos correspondientes a Castilla y Le\u00f3n (35,50%), Asturias (29,92%), La Rioja (28,92%) y Navarra (28,23%).<\/p>\n<p>Por debajo del promedio se encuentran los programas de Castilla-La Mancha (8,76%), Catalu\u00f1a (6,80%), Arag\u00f3n (4,71%), Cantabria (2,57%), el Programa Nacional de Desarrollo Rural (1,53%) y Comunidad Valenciana (0,16%).<\/p>\n","protected":false},"excerpt":{"rendered":"<p>Los pagos acumulados hasta finales de enero con cargo a los fondos agr\u00edcolas europeos Feaga (Fondo Europeo Agr\u00edcola de Garant\u00eda) y Feader (Fondo Europeo Agr\u00edcola de Desarrollo Rural) suman en Espa\u00f1a un total de 3.723 millones de euros. Se trata de los pagos efectuados correspondientes al presente ejercicio, que va desde el 16 de octubre<\/p>\n","protected":false},"author":1,"featured_media":4695,"comment_status":"closed","ping_status":"closed","sticky":false,"template":"","format":"standard","meta":{"footnotes":""},"categories":[343],"tags":[],"class_list":{"0":"post-26470","1":"post","2":"type-post","3":"status-publish","4":"format-standard","5":"has-post-thumbnail","7":"category-actualidad"},"aioseo_notices":[],"aioseo_head":"\n\t\t<!-- All in One SEO Pro 4.9.6.2 - aioseo.com -->\n\t<meta name=\"description\" content=\"Los pagos acumulados hasta finales de enero con cargo a los fondos agr\u00edcolas europeos Feaga (Fondo Europeo Agr\u00edcola de Garant\u00eda) y Feader (Fondo Europeo Agr\u00edcola de Desarrollo Rural) suman en Espa\u00f1a un total de 3.723 millones de euros. Se trata de los pagos efectuados correspondientes al presente ejercicio, que va desde el 16 de octubre\" \/>\n\t<meta name=\"robots\" content=\"max-image-preview:large\" \/>\n\t<meta name=\"author\" content=\"Cand\u00e1s 365\"\/>\n\t<meta name=\"google-site-verification\" content=\"UA-32230408-1\" \/>\n\t<meta name=\"msvalidate.01\" content=\"354F3CDFB2DA171B47FBE9ABF1F88D5\" \/>\n\t<meta name=\"keywords\" content=\"actualidad\" \/>\n\t<link rel=\"canonical\" href=\"https:\/\/candas365.es\/noticias\/los-pagos-con-cargo-a-fondos-agricolas-europeos-suman-3-723-millones\/\" \/>\n\t<meta name=\"generator\" content=\"All in One SEO Pro (AIOSEO) 4.9.6.2\" \/>\n\t\t<meta property=\"og:locale\" content=\"es_ES\" \/>\n\t\t<meta property=\"og:site_name\" content=\"Cand\u00e1s 365\" \/>\n\t\t<meta property=\"og:type\" content=\"article\" \/>\n\t\t<meta property=\"og:title\" content=\"Los pagos con cargo a fondos agr\u00edcolas europeos suman 3.723 millones | Cand\u00e1s 365\" \/>\n\t\t<meta property=\"og:description\" content=\"Los pagos acumulados hasta finales de enero con cargo a los fondos agr\u00edcolas europeos Feaga (Fondo Europeo Agr\u00edcola de Garant\u00eda) y Feader (Fondo Europeo Agr\u00edcola de Desarrollo Rural) suman en Espa\u00f1a un total de 3.723 millones de euros. Se trata de los pagos efectuados correspondientes al presente ejercicio, que va desde el 16 de octubre\" \/>\n\t\t<meta property=\"og:url\" content=\"https:\/\/candas365.es\/noticias\/los-pagos-con-cargo-a-fondos-agricolas-europeos-suman-3-723-millones\/\" \/>\n\t\t<meta property=\"og:image\" content=\"https:\/\/candas365.es\/noticias\/wp-content\/uploads\/2014\/10\/fotonoticia_20141030112155_800.jpg\" \/>\n\t\t<meta property=\"og:image:secure_url\" content=\"https:\/\/candas365.es\/noticias\/wp-content\/uploads\/2014\/10\/fotonoticia_20141030112155_800.jpg\" \/>\n\t\t<meta property=\"og:image:width\" content=\"800\" \/>\n\t\t<meta property=\"og:image:height\" content=\"600\" \/>\n\t\t<meta property=\"article:published_time\" content=\"2016-02-13T21:43:52+00:00\" \/>\n\t\t<meta property=\"article:modified_time\" content=\"2016-02-13T21:43:52+00:00\" \/>\n\t\t<meta property=\"article:publisher\" content=\"https:\/\/www.facebook.com\/Nachofdezber\" \/>\n\t\t<meta property=\"article:author\" content=\"https:\/\/www.facebook.com\/carrenoactualidad\" \/>\n\t\t<meta name=\"twitter:card\" content=\"summary_large_image\" \/>\n\t\t<meta name=\"twitter:site\" content=\"@NabercoDigital\" \/>\n\t\t<meta name=\"twitter:title\" content=\"Los pagos con cargo a fondos agr\u00edcolas europeos suman 3.723 millones | Cand\u00e1s 365\" \/>\n\t\t<meta name=\"twitter:description\" content=\"Los pagos acumulados hasta finales de enero con cargo a los fondos agr\u00edcolas europeos Feaga (Fondo Europeo Agr\u00edcola de Garant\u00eda) y Feader (Fondo Europeo Agr\u00edcola de Desarrollo Rural) suman en Espa\u00f1a un total de 3.723 millones de euros. Se trata de los pagos efectuados correspondientes al presente ejercicio, que va desde el 16 de octubre\" \/>\n\t\t<meta name=\"twitter:creator\" content=\"@nbasturias\" \/>\n\t\t<meta name=\"twitter:image\" content=\"https:\/\/candas365.es\/noticias\/wp-content\/uploads\/2014\/10\/fotonoticia_20141030112155_800.jpg\" \/>\n\t\t<meta name=\"twitter:label1\" content=\"Escrito por\" \/>\n\t\t<meta name=\"twitter:data1\" content=\"Cand\u00e1s 365\" \/>\n\t\t<meta name=\"twitter:label2\" content=\"Tiempo de lectura estimado\" \/>\n\t\t<meta name=\"twitter:data2\" content=\"2 minutos\" \/>\n\t\t<script type=\"application\/ld+json\" class=\"aioseo-schema\">\n\t\t\t{\"@context\":\"https:\\\/\\\/schema.org\",\"@graph\":[{\"@type\":\"BreadcrumbList\",\"@id\":\"https:\\\/\\\/candas365.es\\\/noticias\\\/los-pagos-con-cargo-a-fondos-agricolas-europeos-suman-3-723-millones\\\/#breadcrumblist\",\"itemListElement\":[{\"@type\":\"ListItem\",\"@id\":\"https:\\\/\\\/candas365.es\\\/noticias#listItem\",\"position\":1,\"name\":\"Home\",\"item\":\"https:\\\/\\\/candas365.es\\\/noticias\",\"nextItem\":{\"@type\":\"ListItem\",\"@id\":\"https:\\\/\\\/candas365.es\\\/noticias\\\/category\\\/actualidad\\\/#listItem\",\"name\":\"Actualidad\"}},{\"@type\":\"ListItem\",\"@id\":\"https:\\\/\\\/candas365.es\\\/noticias\\\/category\\\/actualidad\\\/#listItem\",\"position\":2,\"name\":\"Actualidad\",\"item\":\"https:\\\/\\\/candas365.es\\\/noticias\\\/category\\\/actualidad\\\/\",\"nextItem\":{\"@type\":\"ListItem\",\"@id\":\"https:\\\/\\\/candas365.es\\\/noticias\\\/los-pagos-con-cargo-a-fondos-agricolas-europeos-suman-3-723-millones\\\/#listItem\",\"name\":\"Los pagos con cargo a fondos agr\\u00edcolas europeos suman 3.723 millones\"},\"previousItem\":{\"@type\":\"ListItem\",\"@id\":\"https:\\\/\\\/candas365.es\\\/noticias#listItem\",\"name\":\"Home\"}},{\"@type\":\"ListItem\",\"@id\":\"https:\\\/\\\/candas365.es\\\/noticias\\\/los-pagos-con-cargo-a-fondos-agricolas-europeos-suman-3-723-millones\\\/#listItem\",\"position\":3,\"name\":\"Los pagos con cargo a fondos agr\\u00edcolas europeos suman 3.723 millones\",\"previousItem\":{\"@type\":\"ListItem\",\"@id\":\"https:\\\/\\\/candas365.es\\\/noticias\\\/category\\\/actualidad\\\/#listItem\",\"name\":\"Actualidad\"}}]},{\"@type\":\"NewsArticle\",\"@id\":\"https:\\\/\\\/candas365.es\\\/noticias\\\/los-pagos-con-cargo-a-fondos-agricolas-europeos-suman-3-723-millones\\\/#newsarticle\",\"name\":\"Los pagos con cargo a fondos agr\\u00edcolas europeos suman 3.723 millones | Cand\\u00e1s 365\",\"headline\":\"Los pagos con cargo a fondos agr\\u00edcolas europeos suman 3.723 millones\",\"author\":{\"@id\":\"https:\\\/\\\/candas365.es\\\/noticias\\\/author\\\/admin\\\/#author\"},\"publisher\":{\"@id\":\"https:\\\/\\\/candas365.es\\\/noticias\\\/#organization\"},\"image\":{\"@type\":\"ImageObject\",\"url\":\"https:\\\/\\\/candas365.es\\\/noticias\\\/wp-content\\\/uploads\\\/2014\\\/10\\\/fotonoticia_20141030112155_800.jpg\",\"width\":800,\"height\":600},\"datePublished\":\"2016-02-13T23:13:52+01:00\",\"dateModified\":\"2016-02-13T23:13:52+01:00\",\"inLanguage\":\"es-ES\",\"mainEntityOfPage\":{\"@id\":\"https:\\\/\\\/candas365.es\\\/noticias\\\/los-pagos-con-cargo-a-fondos-agricolas-europeos-suman-3-723-millones\\\/#webpage\"},\"isPartOf\":{\"@id\":\"https:\\\/\\\/candas365.es\\\/noticias\\\/los-pagos-con-cargo-a-fondos-agricolas-europeos-suman-3-723-millones\\\/#webpage\"},\"articleSection\":\"Actualidad\",\"dateline\":\"Publicado el febrero 13, 2016.\"},{\"@type\":\"Organization\",\"@id\":\"https:\\\/\\\/candas365.es\\\/noticias\\\/#organization\",\"name\":\"Cand\\u00e1s 365\",\"description\":\"Cand\\u00e1s 365 es un diario digital independiente, fundado en 2012, con base en Asturias. Informamos con rigor sobre actualidad, sociedad, cultura y ocio, con una mirada local y global.\",\"url\":\"https:\\\/\\\/candas365.es\\\/noticias\\\/\",\"email\":\"info@candas365.es\",\"telephone\":\"+34652131393\",\"foundingDate\":\"2012-06-10\",\"logo\":{\"@type\":\"ImageObject\",\"url\":\"https:\\\/\\\/candas365.es\\\/noticias\\\/wp-content\\\/uploads\\\/2024\\\/09\\\/Candas-365-Redes.jpg\",\"@id\":\"https:\\\/\\\/candas365.es\\\/noticias\\\/los-pagos-con-cargo-a-fondos-agricolas-europeos-suman-3-723-millones\\\/#organizationLogo\",\"width\":1152,\"height\":864,\"caption\":\"Cand\\u00e1s 365 Redes\"},\"image\":{\"@id\":\"https:\\\/\\\/candas365.es\\\/noticias\\\/los-pagos-con-cargo-a-fondos-agricolas-europeos-suman-3-723-millones\\\/#organizationLogo\"},\"sameAs\":[\"https:\\\/\\\/www.facebook.com\\\/Nachofdezber\",\"https:\\\/\\\/x.com\\\/NabercoDigital\",\"https:\\\/\\\/www.instagram.com\\\/nachofdezber\\\/\",\"https:\\\/\\\/www.youtube.com\\\/channel\\\/UCZP-2wLEB9Rv6erhFmqVnvg\"],\"address\":{\"@id\":\"https:\\\/\\\/candas365.es\\\/noticias\\\/#postaladdress\",\"@type\":\"PostalAddress\",\"streetAddress\":\"san antonio 4, san antonio 4\",\"postalCode\":\"33430\",\"addressLocality\":\"Cand\\u00e1s\",\"addressRegion\":\"Asturias\",\"addressCountry\":\"ES\"}},{\"@type\":\"Person\",\"@id\":\"https:\\\/\\\/candas365.es\\\/noticias\\\/author\\\/admin\\\/#author\",\"url\":\"https:\\\/\\\/candas365.es\\\/noticias\\\/author\\\/admin\\\/\",\"name\":\"Cand\\u00e1s 365\",\"image\":{\"@type\":\"ImageObject\",\"@id\":\"https:\\\/\\\/candas365.es\\\/noticias\\\/los-pagos-con-cargo-a-fondos-agricolas-europeos-suman-3-723-millones\\\/#authorImage\",\"url\":\"https:\\\/\\\/secure.gravatar.com\\\/avatar\\\/496a8e03d0c493ede1718b7934145dbdf8d89be1036b0eec9544e1094c9de390?s=96&d=mm&r=g\",\"width\":96,\"height\":96,\"caption\":\"Cand\\u00e1s 365\"},\"sameAs\":[\"https:\\\/\\\/www.facebook.com\\\/carrenoactualidad\",\"https:\\\/\\\/twitter.com\\\/nbasturias\",\"https:\\\/\\\/www.instagram.com\\\/nachofdezber\\\/\",\"https:\\\/\\\/www.youtube.com\\\/channel\\\/UCZP-2wLEB9Rv6erhFmqVnvg\"]},{\"@type\":\"WebPage\",\"@id\":\"https:\\\/\\\/candas365.es\\\/noticias\\\/los-pagos-con-cargo-a-fondos-agricolas-europeos-suman-3-723-millones\\\/#webpage\",\"url\":\"https:\\\/\\\/candas365.es\\\/noticias\\\/los-pagos-con-cargo-a-fondos-agricolas-europeos-suman-3-723-millones\\\/\",\"name\":\"Los pagos con cargo a fondos agr\\u00edcolas europeos suman 3.723 millones | Cand\\u00e1s 365\",\"description\":\"Los pagos acumulados hasta finales de enero con cargo a los fondos agr\\u00edcolas europeos Feaga (Fondo Europeo Agr\\u00edcola de Garant\\u00eda) y Feader (Fondo Europeo Agr\\u00edcola de Desarrollo Rural) suman en Espa\\u00f1a un total de 3.723 millones de euros. Se trata de los pagos efectuados correspondientes al presente ejercicio, que va desde el 16 de octubre\",\"inLanguage\":\"es-ES\",\"isPartOf\":{\"@id\":\"https:\\\/\\\/candas365.es\\\/noticias\\\/#website\"},\"breadcrumb\":{\"@id\":\"https:\\\/\\\/candas365.es\\\/noticias\\\/los-pagos-con-cargo-a-fondos-agricolas-europeos-suman-3-723-millones\\\/#breadcrumblist\"},\"author\":{\"@id\":\"https:\\\/\\\/candas365.es\\\/noticias\\\/author\\\/admin\\\/#author\"},\"creator\":{\"@id\":\"https:\\\/\\\/candas365.es\\\/noticias\\\/author\\\/admin\\\/#author\"},\"image\":{\"@type\":\"ImageObject\",\"url\":\"https:\\\/\\\/candas365.es\\\/noticias\\\/wp-content\\\/uploads\\\/2014\\\/10\\\/fotonoticia_20141030112155_800.jpg\",\"@id\":\"https:\\\/\\\/candas365.es\\\/noticias\\\/los-pagos-con-cargo-a-fondos-agricolas-europeos-suman-3-723-millones\\\/#mainImage\",\"width\":800,\"height\":600},\"primaryImageOfPage\":{\"@id\":\"https:\\\/\\\/candas365.es\\\/noticias\\\/los-pagos-con-cargo-a-fondos-agricolas-europeos-suman-3-723-millones\\\/#mainImage\"},\"datePublished\":\"2016-02-13T23:13:52+01:00\",\"dateModified\":\"2016-02-13T23:13:52+01:00\"},{\"@type\":\"WebSite\",\"@id\":\"https:\\\/\\\/candas365.es\\\/noticias\\\/#website\",\"url\":\"https:\\\/\\\/candas365.es\\\/noticias\\\/\",\"name\":\"Cand\\u00e1s 365\",\"alternateName\":\"Cand\\u00e1s 365 Noticias\",\"description\":\"Actualidad desde Carre\\u00f1o para el mundo\",\"inLanguage\":\"es-ES\",\"publisher\":{\"@id\":\"https:\\\/\\\/candas365.es\\\/noticias\\\/#organization\"}}]}\n\t\t<\/script>\n\t\t<!-- All in One SEO Pro -->\r\n\t\t<title>Los pagos con cargo a fondos agr\u00edcolas europeos suman 3.723 millones | Cand\u00e1s 365<\/title>\n\n","aioseo_head_json":{"title":"Los pagos con cargo a fondos agr\u00edcolas europeos suman 3.723 millones | Cand\u00e1s 365","description":"Los pagos acumulados hasta finales de enero con cargo a los fondos agr\u00edcolas europeos Feaga (Fondo Europeo Agr\u00edcola de Garant\u00eda) y Feader (Fondo Europeo Agr\u00edcola de Desarrollo Rural) suman en Espa\u00f1a un total de 3.723 millones de euros. Se trata de los pagos efectuados correspondientes al presente ejercicio, que va desde el 16 de octubre","canonical_url":"https:\/\/candas365.es\/noticias\/los-pagos-con-cargo-a-fondos-agricolas-europeos-suman-3-723-millones\/","robots":"max-image-preview:large","keywords":"actualidad","webmasterTools":{"google-site-verification":"UA-32230408-1","msvalidate.01":"354F3CDFB2DA171B47FBE9ABF1F88D5","miscellaneous":""},"schema":{"@context":"https:\/\/schema.org","@graph":[{"@type":"BreadcrumbList","@id":"https:\/\/candas365.es\/noticias\/los-pagos-con-cargo-a-fondos-agricolas-europeos-suman-3-723-millones\/#breadcrumblist","itemListElement":[{"@type":"ListItem","@id":"https:\/\/candas365.es\/noticias#listItem","position":1,"name":"Home","item":"https:\/\/candas365.es\/noticias","nextItem":{"@type":"ListItem","@id":"https:\/\/candas365.es\/noticias\/category\/actualidad\/#listItem","name":"Actualidad"}},{"@type":"ListItem","@id":"https:\/\/candas365.es\/noticias\/category\/actualidad\/#listItem","position":2,"name":"Actualidad","item":"https:\/\/candas365.es\/noticias\/category\/actualidad\/","nextItem":{"@type":"ListItem","@id":"https:\/\/candas365.es\/noticias\/los-pagos-con-cargo-a-fondos-agricolas-europeos-suman-3-723-millones\/#listItem","name":"Los pagos con cargo a fondos agr\u00edcolas europeos suman 3.723 millones"},"previousItem":{"@type":"ListItem","@id":"https:\/\/candas365.es\/noticias#listItem","name":"Home"}},{"@type":"ListItem","@id":"https:\/\/candas365.es\/noticias\/los-pagos-con-cargo-a-fondos-agricolas-europeos-suman-3-723-millones\/#listItem","position":3,"name":"Los pagos con cargo a fondos agr\u00edcolas europeos suman 3.723 millones","previousItem":{"@type":"ListItem","@id":"https:\/\/candas365.es\/noticias\/category\/actualidad\/#listItem","name":"Actualidad"}}]},{"@type":"NewsArticle","@id":"https:\/\/candas365.es\/noticias\/los-pagos-con-cargo-a-fondos-agricolas-europeos-suman-3-723-millones\/#newsarticle","name":"Los pagos con cargo a fondos agr\u00edcolas europeos suman 3.723 millones | Cand\u00e1s 365","headline":"Los pagos con cargo a fondos agr\u00edcolas europeos suman 3.723 millones","author":{"@id":"https:\/\/candas365.es\/noticias\/author\/admin\/#author"},"publisher":{"@id":"https:\/\/candas365.es\/noticias\/#organization"},"image":{"@type":"ImageObject","url":"https:\/\/candas365.es\/noticias\/wp-content\/uploads\/2014\/10\/fotonoticia_20141030112155_800.jpg","width":800,"height":600},"datePublished":"2016-02-13T23:13:52+01:00","dateModified":"2016-02-13T23:13:52+01:00","inLanguage":"es-ES","mainEntityOfPage":{"@id":"https:\/\/candas365.es\/noticias\/los-pagos-con-cargo-a-fondos-agricolas-europeos-suman-3-723-millones\/#webpage"},"isPartOf":{"@id":"https:\/\/candas365.es\/noticias\/los-pagos-con-cargo-a-fondos-agricolas-europeos-suman-3-723-millones\/#webpage"},"articleSection":"Actualidad","dateline":"Publicado el febrero 13, 2016."},{"@type":"Organization","@id":"https:\/\/candas365.es\/noticias\/#organization","name":"Cand\u00e1s 365","description":"Cand\u00e1s 365 es un diario digital independiente, fundado en 2012, con base en Asturias. Informamos con rigor sobre actualidad, sociedad, cultura y ocio, con una mirada local y global.","url":"https:\/\/candas365.es\/noticias\/","email":"info@candas365.es","telephone":"+34652131393","foundingDate":"2012-06-10","logo":{"@type":"ImageObject","url":"https:\/\/candas365.es\/noticias\/wp-content\/uploads\/2024\/09\/Candas-365-Redes.jpg","@id":"https:\/\/candas365.es\/noticias\/los-pagos-con-cargo-a-fondos-agricolas-europeos-suman-3-723-millones\/#organizationLogo","width":1152,"height":864,"caption":"Cand\u00e1s 365 Redes"},"image":{"@id":"https:\/\/candas365.es\/noticias\/los-pagos-con-cargo-a-fondos-agricolas-europeos-suman-3-723-millones\/#organizationLogo"},"sameAs":["https:\/\/www.facebook.com\/Nachofdezber","https:\/\/x.com\/NabercoDigital","https:\/\/www.instagram.com\/nachofdezber\/","https:\/\/www.youtube.com\/channel\/UCZP-2wLEB9Rv6erhFmqVnvg"],"address":{"@id":"https:\/\/candas365.es\/noticias\/#postaladdress","@type":"PostalAddress","streetAddress":"san antonio 4, san antonio 4","postalCode":"33430","addressLocality":"Cand\u00e1s","addressRegion":"Asturias","addressCountry":"ES"}},{"@type":"Person","@id":"https:\/\/candas365.es\/noticias\/author\/admin\/#author","url":"https:\/\/candas365.es\/noticias\/author\/admin\/","name":"Cand\u00e1s 365","image":{"@type":"ImageObject","@id":"https:\/\/candas365.es\/noticias\/los-pagos-con-cargo-a-fondos-agricolas-europeos-suman-3-723-millones\/#authorImage","url":"https:\/\/secure.gravatar.com\/avatar\/496a8e03d0c493ede1718b7934145dbdf8d89be1036b0eec9544e1094c9de390?s=96&d=mm&r=g","width":96,"height":96,"caption":"Cand\u00e1s 365"},"sameAs":["https:\/\/www.facebook.com\/carrenoactualidad","https:\/\/twitter.com\/nbasturias","https:\/\/www.instagram.com\/nachofdezber\/","https:\/\/www.youtube.com\/channel\/UCZP-2wLEB9Rv6erhFmqVnvg"]},{"@type":"WebPage","@id":"https:\/\/candas365.es\/noticias\/los-pagos-con-cargo-a-fondos-agricolas-europeos-suman-3-723-millones\/#webpage","url":"https:\/\/candas365.es\/noticias\/los-pagos-con-cargo-a-fondos-agricolas-europeos-suman-3-723-millones\/","name":"Los pagos con cargo a fondos agr\u00edcolas europeos suman 3.723 millones | Cand\u00e1s 365","description":"Los pagos acumulados hasta finales de enero con cargo a los fondos agr\u00edcolas europeos Feaga (Fondo Europeo Agr\u00edcola de Garant\u00eda) y Feader (Fondo Europeo Agr\u00edcola de Desarrollo Rural) suman en Espa\u00f1a un total de 3.723 millones de euros. Se trata de los pagos efectuados correspondientes al presente ejercicio, que va desde el 16 de octubre","inLanguage":"es-ES","isPartOf":{"@id":"https:\/\/candas365.es\/noticias\/#website"},"breadcrumb":{"@id":"https:\/\/candas365.es\/noticias\/los-pagos-con-cargo-a-fondos-agricolas-europeos-suman-3-723-millones\/#breadcrumblist"},"author":{"@id":"https:\/\/candas365.es\/noticias\/author\/admin\/#author"},"creator":{"@id":"https:\/\/candas365.es\/noticias\/author\/admin\/#author"},"image":{"@type":"ImageObject","url":"https:\/\/candas365.es\/noticias\/wp-content\/uploads\/2014\/10\/fotonoticia_20141030112155_800.jpg","@id":"https:\/\/candas365.es\/noticias\/los-pagos-con-cargo-a-fondos-agricolas-europeos-suman-3-723-millones\/#mainImage","width":800,"height":600},"primaryImageOfPage":{"@id":"https:\/\/candas365.es\/noticias\/los-pagos-con-cargo-a-fondos-agricolas-europeos-suman-3-723-millones\/#mainImage"},"datePublished":"2016-02-13T23:13:52+01:00","dateModified":"2016-02-13T23:13:52+01:00"},{"@type":"WebSite","@id":"https:\/\/candas365.es\/noticias\/#website","url":"https:\/\/candas365.es\/noticias\/","name":"Cand\u00e1s 365","alternateName":"Cand\u00e1s 365 Noticias","description":"Actualidad desde Carre\u00f1o para el mundo","inLanguage":"es-ES","publisher":{"@id":"https:\/\/candas365.es\/noticias\/#organization"}}]},"og:locale":"es_ES","og:site_name":"Cand\u00e1s 365","og:type":"article","og:title":"Los pagos con cargo a fondos agr\u00edcolas europeos suman 3.723 millones | Cand\u00e1s 365","og:description":"Los pagos acumulados hasta finales de enero con cargo a los fondos agr\u00edcolas europeos Feaga (Fondo Europeo Agr\u00edcola de Garant\u00eda) y Feader (Fondo Europeo Agr\u00edcola de Desarrollo Rural) suman en Espa\u00f1a un total de 3.723 millones de euros. Se trata de los pagos efectuados correspondientes al presente ejercicio, que va desde el 16 de octubre","og:url":"https:\/\/candas365.es\/noticias\/los-pagos-con-cargo-a-fondos-agricolas-europeos-suman-3-723-millones\/","og:image":"https:\/\/candas365.es\/noticias\/wp-content\/uploads\/2014\/10\/fotonoticia_20141030112155_800.jpg","og:image:secure_url":"https:\/\/candas365.es\/noticias\/wp-content\/uploads\/2014\/10\/fotonoticia_20141030112155_800.jpg","og:image:width":800,"og:image:height":600,"article:published_time":"2016-02-13T21:43:52+00:00","article:modified_time":"2016-02-13T21:43:52+00:00","article:publisher":"https:\/\/www.facebook.com\/Nachofdezber","article:author":"https:\/\/www.facebook.com\/carrenoactualidad","twitter:card":"summary_large_image","twitter:site":"@NabercoDigital","twitter:title":"Los pagos con cargo a fondos agr\u00edcolas europeos suman 3.723 millones | Cand\u00e1s 365","twitter:description":"Los pagos acumulados hasta finales de enero con cargo a los fondos agr\u00edcolas europeos Feaga (Fondo Europeo Agr\u00edcola de Garant\u00eda) y Feader (Fondo Europeo Agr\u00edcola de Desarrollo Rural) suman en Espa\u00f1a un total de 3.723 millones de euros. Se trata de los pagos efectuados correspondientes al presente ejercicio, que va desde el 16 de octubre","twitter:creator":"@nbasturias","twitter:image":"https:\/\/candas365.es\/noticias\/wp-content\/uploads\/2014\/10\/fotonoticia_20141030112155_800.jpg","twitter:label1":"Escrito por","twitter:data1":"Cand\u00e1s 365","twitter:label2":"Tiempo de lectura estimado","twitter:data2":"2 minutos"},"aioseo_meta_data":{"post_id":"26470","title":null,"description":null,"keywords":null,"keyphrases":null,"primary_term":null,"canonical_url":null,"og_title":null,"og_description":null,"og_object_type":"default","og_image_type":"default","og_image_url":null,"og_image_width":null,"og_image_height":null,"og_image_custom_url":null,"og_image_custom_fields":null,"og_video":null,"og_custom_url":null,"og_article_section":null,"og_article_tags":null,"twitter_use_og":false,"twitter_card":"default","twitter_image_type":"default","twitter_image_url":null,"twitter_image_custom_url":null,"twitter_image_custom_fields":null,"twitter_title":null,"twitter_description":null,"schema":{"blockGraphs":[],"customGraphs":[],"default":{"data":{"Article":[],"Course":[],"Dataset":[],"FAQPage":[],"Movie":[],"Person":[],"Product":[],"ProductReview":[],"Car":[],"Recipe":[],"Service":[],"SoftwareApplication":[],"WebPage":[]},"graphName":"","isEnabled":true},"graphs":[],"defaultGraph":"","defaultPostTypeGraph":""},"schema_type":null,"schema_type_options":null,"pillar_content":false,"robots_default":true,"robots_noindex":false,"robots_noarchive":false,"robots_nosnippet":false,"robots_nofollow":false,"robots_noimageindex":false,"robots_noodp":false,"robots_notranslate":false,"robots_max_snippet":null,"robots_max_videopreview":null,"robots_max_imagepreview":"large","priority":null,"frequency":null,"location":null,"local_seo":null,"seo_analyzer_scan_date":"2025-08-24 07:19:17","breadcrumb_settings":null,"limit_modified_date":false,"reviewed_by":null,"open_ai":null,"ai":null,"created":"2020-12-21 12:36:05","updated":"2025-08-24 07:19:17"},"aioseo_breadcrumb":"<div class=\"aioseo-breadcrumbs\"><span class=\"aioseo-breadcrumb\">\n\t<a href=\"https:\/\/candas365.es\/noticias\" title=\"Home\">Home<\/a>\n<\/span><span class=\"aioseo-breadcrumb-separator\">&ndash;<\/span><span class=\"aioseo-breadcrumb\">\n\t<a href=\"https:\/\/candas365.es\/noticias\/category\/actualidad\/\" title=\"Actualidad\">Actualidad<\/a>\n<\/span><span class=\"aioseo-breadcrumb-separator\">&ndash;<\/span><span class=\"aioseo-breadcrumb\">\n\tLos pagos con cargo a fondos agr\u00edcolas europeos suman 3.723 millones\n<\/span><\/div>","aioseo_breadcrumb_json":[{"label":"Home","link":"https:\/\/candas365.es\/noticias"},{"label":"Actualidad","link":"https:\/\/candas365.es\/noticias\/category\/actualidad\/"},{"label":"Los pagos con cargo a fondos agr\u00edcolas europeos suman 3.723 millones","link":"https:\/\/candas365.es\/noticias\/los-pagos-con-cargo-a-fondos-agricolas-europeos-suman-3-723-millones\/"}],"_links":{"self":[{"href":"https:\/\/candas365.es\/noticias\/wp-json\/wp\/v2\/posts\/26470","targetHints":{"allow":["GET"]}}],"collection":[{"href":"https:\/\/candas365.es\/noticias\/wp-json\/wp\/v2\/posts"}],"about":[{"href":"https:\/\/candas365.es\/noticias\/wp-json\/wp\/v2\/types\/post"}],"author":[{"embeddable":true,"href":"https:\/\/candas365.es\/noticias\/wp-json\/wp\/v2\/users\/1"}],"replies":[{"embeddable":true,"href":"https:\/\/candas365.es\/noticias\/wp-json\/wp\/v2\/comments?post=26470"}],"version-history":[{"count":0,"href":"https:\/\/candas365.es\/noticias\/wp-json\/wp\/v2\/posts\/26470\/revisions"}],"wp:featuredmedia":[{"embeddable":true,"href":"https:\/\/candas365.es\/noticias\/wp-json\/wp\/v2\/media\/4695"}],"wp:attachment":[{"href":"https:\/\/candas365.es\/noticias\/wp-json\/wp\/v2\/media?parent=26470"}],"wp:term":[{"taxonomy":"category","embeddable":true,"href":"https:\/\/candas365.es\/noticias\/wp-json\/wp\/v2\/categories?post=26470"},{"taxonomy":"post_tag","embeddable":true,"href":"https:\/\/candas365.es\/noticias\/wp-json\/wp\/v2\/tags?post=26470"}],"curies":[{"name":"wp","href":"https:\/\/api.w.org\/{rel}","templated":true}]}}