{"id":26464,"date":"2016-02-13T23:11:12","date_gmt":"2016-02-13T21:41:12","guid":{"rendered":"http:\/\/candas365.es\/noticias\/?p=26464"},"modified":"2016-02-13T23:11:12","modified_gmt":"2016-02-13T21:41:12","slug":"luis-enrique-lo-unico-que-me-importa-de-la-final-de-copa-es-que-estamos-nosotros","status":"publish","type":"post","link":"https:\/\/candas365.es\/noticias\/luis-enrique-lo-unico-que-me-importa-de-la-final-de-copa-es-que-estamos-nosotros\/","title":{"rendered":"Luis Enrique \u00abLo \u00fanico que me importa de la final de Copa es que estamos nosotros\u00bb"},"content":{"rendered":"<p><img fetchpriority=\"high\" decoding=\"async\" class=\"alignleft size-medium wp-image-26465\" src=\"https:\/\/candas365.es\/noticias\/wp-content\/uploads\/2016\/02\/fotonoticia_20160213134135_800-360x203.jpg\" alt=\"fotonoticia_20160213134135_800\" width=\"360\" height=\"203\" srcset=\"https:\/\/candas365.es\/noticias\/wp-content\/uploads\/2016\/02\/fotonoticia_20160213134135_800-360x203.jpg 360w, https:\/\/candas365.es\/noticias\/wp-content\/uploads\/2016\/02\/fotonoticia_20160213134135_800-650x366.jpg 650w, https:\/\/candas365.es\/noticias\/wp-content\/uploads\/2016\/02\/fotonoticia_20160213134135_800-768x432.jpg 768w, https:\/\/candas365.es\/noticias\/wp-content\/uploads\/2016\/02\/fotonoticia_20160213134135_800-150x84.jpg 150w, https:\/\/candas365.es\/noticias\/wp-content\/uploads\/2016\/02\/fotonoticia_20160213134135_800-450x253.jpg 450w, https:\/\/candas365.es\/noticias\/wp-content\/uploads\/2016\/02\/fotonoticia_20160213134135_800-655x368.jpg 655w, https:\/\/candas365.es\/noticias\/wp-content\/uploads\/2016\/02\/fotonoticia_20160213134135_800-696x392.jpg 696w, https:\/\/candas365.es\/noticias\/wp-content\/uploads\/2016\/02\/fotonoticia_20160213134135_800-747x420.jpg 747w, https:\/\/candas365.es\/noticias\/wp-content\/uploads\/2016\/02\/fotonoticia_20160213134135_800-499x280.jpg 499w, https:\/\/candas365.es\/noticias\/wp-content\/uploads\/2016\/02\/fotonoticia_20160213134135_800.jpg 800w\" sizes=\"(max-width: 360px) 100vw, 360px\" \/>El entrenador del FC Barcelona, Luis Enrique Mart\u00ednez, ha asegurado que lo \u00fanico que le importa de la final de Copa del Rey, cuya sede se decidir\u00e1 en las pr\u00f3ximas fechas, es que est\u00e1 su equipo, y ha evitado pronunciarse sobre qu\u00e9 estadio prefiere para disputarla.<\/p>\n<p>\u00abLo \u00fanico que me importa de la final de Copa es que estamos nosotros y que el Sevilla ser\u00e1 nuestro rival. Lo dem\u00e1s depende de vosotros\u00bb, declar\u00f3 en la rueda de prensa previa al partido de este domingo ante el RC Celta de Vigo en el Camp Nou (20.30 horas).<\/p>\n<p>El conjunto azulgrana elimin\u00f3 al Valencia en semifinales tras endosarle un 7-0 en el encuentro de ida y empatar 1-1 en Mestalla. Por su parte, el Sevilla dobleg\u00f3 al Celta por 4-0 en el primer choque en el S\u00e1nchez Pizju\u00e1n y empat\u00f3 en Bala\u00eddos (2-2).<\/p>\n<p>El FC Barcelona disputar\u00e1 la sexta final de la Copa del Rey en las \u00faltimas ocho temporadas, ganando tres al Athletic Club (2008-09, 2011-12 y 2014-15) y perdiendo dos ante el Real Madrid (2010-11 y 2013-14). El Sevilla luchar\u00e1 por su sexto trofeo tras ganarlo en 1935, 1939, 1948, 2007 y 2010.<\/p>\n","protected":false},"excerpt":{"rendered":"<p>El entrenador del FC Barcelona, Luis Enrique Mart\u00ednez, ha asegurado que lo \u00fanico que le importa de la final de Copa del Rey, cuya sede se decidir\u00e1 en las pr\u00f3ximas fechas, es que est\u00e1 su equipo, y ha evitado pronunciarse sobre qu\u00e9 estadio prefiere para disputarla. \u00abLo \u00fanico que me importa de la final de<\/p>\n","protected":false},"author":1,"featured_media":26465,"comment_status":"closed","ping_status":"closed","sticky":false,"template":"","format":"standard","meta":{"footnotes":""},"categories":[343],"tags":[],"class_list":{"0":"post-26464","1":"post","2":"type-post","3":"status-publish","4":"format-standard","5":"has-post-thumbnail","7":"category-actualidad"},"aioseo_notices":[],"aioseo_head":"\n\t\t<!-- All in One SEO Pro 4.9.6.2 - aioseo.com -->\n\t<meta name=\"description\" content=\"El entrenador del FC Barcelona, Luis Enrique Mart\u00ednez, ha asegurado que lo \u00fanico que le importa de la final de Copa del Rey, cuya sede se decidir\u00e1 en las pr\u00f3ximas fechas, es que est\u00e1 su equipo, y ha evitado pronunciarse sobre qu\u00e9 estadio prefiere para disputarla. &quot;Lo \u00fanico que me importa de la final de\" \/>\n\t<meta name=\"robots\" content=\"max-image-preview:large\" \/>\n\t<meta name=\"author\" content=\"Cand\u00e1s 365\"\/>\n\t<meta name=\"google-site-verification\" content=\"UA-32230408-1\" \/>\n\t<meta name=\"msvalidate.01\" content=\"354F3CDFB2DA171B47FBE9ABF1F88D5\" \/>\n\t<meta name=\"keywords\" content=\"actualidad\" \/>\n\t<link rel=\"canonical\" href=\"https:\/\/candas365.es\/noticias\/luis-enrique-lo-unico-que-me-importa-de-la-final-de-copa-es-que-estamos-nosotros\/\" \/>\n\t<meta name=\"generator\" content=\"All in One SEO Pro (AIOSEO) 4.9.6.2\" \/>\n\t\t<meta property=\"og:locale\" content=\"es_ES\" \/>\n\t\t<meta property=\"og:site_name\" content=\"Cand\u00e1s 365\" \/>\n\t\t<meta property=\"og:type\" content=\"article\" \/>\n\t\t<meta property=\"og:title\" content=\"Luis Enrique \u00abLo \u00fanico que me importa de la final de Copa es que estamos nosotros\u00bb | Cand\u00e1s 365\" \/>\n\t\t<meta property=\"og:description\" content=\"El entrenador del FC Barcelona, Luis Enrique Mart\u00ednez, ha asegurado que lo \u00fanico que le importa de la final de Copa del Rey, cuya sede se decidir\u00e1 en las pr\u00f3ximas fechas, es que est\u00e1 su equipo, y ha evitado pronunciarse sobre qu\u00e9 estadio prefiere para disputarla. &quot;Lo \u00fanico que me importa de la final de\" \/>\n\t\t<meta property=\"og:url\" content=\"https:\/\/candas365.es\/noticias\/luis-enrique-lo-unico-que-me-importa-de-la-final-de-copa-es-que-estamos-nosotros\/\" \/>\n\t\t<meta property=\"og:image\" content=\"https:\/\/candas365.es\/noticias\/wp-content\/uploads\/2016\/02\/fotonoticia_20160213134135_800.jpg\" \/>\n\t\t<meta property=\"og:image:secure_url\" content=\"https:\/\/candas365.es\/noticias\/wp-content\/uploads\/2016\/02\/fotonoticia_20160213134135_800.jpg\" \/>\n\t\t<meta property=\"og:image:width\" content=\"800\" \/>\n\t\t<meta property=\"og:image:height\" content=\"450\" \/>\n\t\t<meta property=\"article:published_time\" content=\"2016-02-13T21:41:12+00:00\" \/>\n\t\t<meta property=\"article:modified_time\" content=\"2016-02-13T21:41:12+00:00\" \/>\n\t\t<meta property=\"article:publisher\" content=\"https:\/\/www.facebook.com\/Nachofdezber\" \/>\n\t\t<meta property=\"article:author\" content=\"https:\/\/www.facebook.com\/carrenoactualidad\" \/>\n\t\t<meta name=\"twitter:card\" content=\"summary_large_image\" \/>\n\t\t<meta name=\"twitter:site\" content=\"@NabercoDigital\" \/>\n\t\t<meta name=\"twitter:title\" content=\"Luis Enrique \u00abLo \u00fanico que me importa de la final de Copa es que estamos nosotros\u00bb | Cand\u00e1s 365\" \/>\n\t\t<meta name=\"twitter:description\" content=\"El entrenador del FC Barcelona, Luis Enrique Mart\u00ednez, ha asegurado que lo \u00fanico que le importa de la final de Copa del Rey, cuya sede se decidir\u00e1 en las pr\u00f3ximas fechas, es que est\u00e1 su equipo, y ha evitado pronunciarse sobre qu\u00e9 estadio prefiere para disputarla. &quot;Lo \u00fanico que me importa de la final de\" \/>\n\t\t<meta name=\"twitter:creator\" content=\"@nbasturias\" \/>\n\t\t<meta name=\"twitter:image\" content=\"https:\/\/candas365.es\/noticias\/wp-content\/uploads\/2016\/02\/fotonoticia_20160213134135_800.jpg\" \/>\n\t\t<meta name=\"twitter:label1\" content=\"Escrito por\" \/>\n\t\t<meta name=\"twitter:data1\" content=\"Cand\u00e1s 365\" \/>\n\t\t<meta name=\"twitter:label2\" content=\"Tiempo de lectura estimado\" \/>\n\t\t<meta name=\"twitter:data2\" content=\"1 minuto\" \/>\n\t\t<script type=\"application\/ld+json\" class=\"aioseo-schema\">\n\t\t\t{\"@context\":\"https:\\\/\\\/schema.org\",\"@graph\":[{\"@type\":\"BreadcrumbList\",\"@id\":\"https:\\\/\\\/candas365.es\\\/noticias\\\/luis-enrique-lo-unico-que-me-importa-de-la-final-de-copa-es-que-estamos-nosotros\\\/#breadcrumblist\",\"itemListElement\":[{\"@type\":\"ListItem\",\"@id\":\"https:\\\/\\\/candas365.es\\\/noticias#listItem\",\"position\":1,\"name\":\"Home\",\"item\":\"https:\\\/\\\/candas365.es\\\/noticias\",\"nextItem\":{\"@type\":\"ListItem\",\"@id\":\"https:\\\/\\\/candas365.es\\\/noticias\\\/category\\\/actualidad\\\/#listItem\",\"name\":\"Actualidad\"}},{\"@type\":\"ListItem\",\"@id\":\"https:\\\/\\\/candas365.es\\\/noticias\\\/category\\\/actualidad\\\/#listItem\",\"position\":2,\"name\":\"Actualidad\",\"item\":\"https:\\\/\\\/candas365.es\\\/noticias\\\/category\\\/actualidad\\\/\",\"nextItem\":{\"@type\":\"ListItem\",\"@id\":\"https:\\\/\\\/candas365.es\\\/noticias\\\/luis-enrique-lo-unico-que-me-importa-de-la-final-de-copa-es-que-estamos-nosotros\\\/#listItem\",\"name\":\"Luis Enrique \\u00abLo \\u00fanico que me importa de la final de Copa es que estamos nosotros\\u00bb\"},\"previousItem\":{\"@type\":\"ListItem\",\"@id\":\"https:\\\/\\\/candas365.es\\\/noticias#listItem\",\"name\":\"Home\"}},{\"@type\":\"ListItem\",\"@id\":\"https:\\\/\\\/candas365.es\\\/noticias\\\/luis-enrique-lo-unico-que-me-importa-de-la-final-de-copa-es-que-estamos-nosotros\\\/#listItem\",\"position\":3,\"name\":\"Luis Enrique \\u00abLo \\u00fanico que me importa de la final de Copa es que estamos nosotros\\u00bb\",\"previousItem\":{\"@type\":\"ListItem\",\"@id\":\"https:\\\/\\\/candas365.es\\\/noticias\\\/category\\\/actualidad\\\/#listItem\",\"name\":\"Actualidad\"}}]},{\"@type\":\"NewsArticle\",\"@id\":\"https:\\\/\\\/candas365.es\\\/noticias\\\/luis-enrique-lo-unico-que-me-importa-de-la-final-de-copa-es-que-estamos-nosotros\\\/#newsarticle\",\"name\":\"Luis Enrique \\u00abLo \\u00fanico que me importa de la final de Copa es que estamos nosotros\\u00bb | Cand\\u00e1s 365\",\"headline\":\"Luis Enrique \\u00abLo \\u00fanico que me importa de la final de Copa es que estamos nosotros\\u00bb\",\"author\":{\"@id\":\"https:\\\/\\\/candas365.es\\\/noticias\\\/author\\\/admin\\\/#author\"},\"publisher\":{\"@id\":\"https:\\\/\\\/candas365.es\\\/noticias\\\/#organization\"},\"image\":{\"@type\":\"ImageObject\",\"url\":\"https:\\\/\\\/candas365.es\\\/noticias\\\/wp-content\\\/uploads\\\/2016\\\/02\\\/fotonoticia_20160213134135_800.jpg\",\"width\":800,\"height\":450},\"datePublished\":\"2016-02-13T23:11:12+01:00\",\"dateModified\":\"2016-02-13T23:11:12+01:00\",\"inLanguage\":\"es-ES\",\"mainEntityOfPage\":{\"@id\":\"https:\\\/\\\/candas365.es\\\/noticias\\\/luis-enrique-lo-unico-que-me-importa-de-la-final-de-copa-es-que-estamos-nosotros\\\/#webpage\"},\"isPartOf\":{\"@id\":\"https:\\\/\\\/candas365.es\\\/noticias\\\/luis-enrique-lo-unico-que-me-importa-de-la-final-de-copa-es-que-estamos-nosotros\\\/#webpage\"},\"articleSection\":\"Actualidad\",\"dateline\":\"Publicado el febrero 13, 2016.\"},{\"@type\":\"Organization\",\"@id\":\"https:\\\/\\\/candas365.es\\\/noticias\\\/#organization\",\"name\":\"Cand\\u00e1s 365\",\"description\":\"Cand\\u00e1s 365 es un diario digital independiente, fundado en 2012, con base en Asturias. Informamos con rigor sobre actualidad, sociedad, cultura y ocio, con una mirada local y global.\",\"url\":\"https:\\\/\\\/candas365.es\\\/noticias\\\/\",\"email\":\"info@candas365.es\",\"telephone\":\"+34652131393\",\"foundingDate\":\"2012-06-10\",\"logo\":{\"@type\":\"ImageObject\",\"url\":\"https:\\\/\\\/candas365.es\\\/noticias\\\/wp-content\\\/uploads\\\/2024\\\/09\\\/Candas-365-Redes.jpg\",\"@id\":\"https:\\\/\\\/candas365.es\\\/noticias\\\/luis-enrique-lo-unico-que-me-importa-de-la-final-de-copa-es-que-estamos-nosotros\\\/#organizationLogo\",\"width\":1152,\"height\":864,\"caption\":\"Cand\\u00e1s 365 Redes\"},\"image\":{\"@id\":\"https:\\\/\\\/candas365.es\\\/noticias\\\/luis-enrique-lo-unico-que-me-importa-de-la-final-de-copa-es-que-estamos-nosotros\\\/#organizationLogo\"},\"sameAs\":[\"https:\\\/\\\/www.facebook.com\\\/Nachofdezber\",\"https:\\\/\\\/x.com\\\/NabercoDigital\",\"https:\\\/\\\/www.instagram.com\\\/nachofdezber\\\/\",\"https:\\\/\\\/www.youtube.com\\\/channel\\\/UCZP-2wLEB9Rv6erhFmqVnvg\"],\"address\":{\"@id\":\"https:\\\/\\\/candas365.es\\\/noticias\\\/#postaladdress\",\"@type\":\"PostalAddress\",\"streetAddress\":\"san antonio 4, san antonio 4\",\"postalCode\":\"33430\",\"addressLocality\":\"Cand\\u00e1s\",\"addressRegion\":\"Asturias\",\"addressCountry\":\"ES\"}},{\"@type\":\"Person\",\"@id\":\"https:\\\/\\\/candas365.es\\\/noticias\\\/author\\\/admin\\\/#author\",\"url\":\"https:\\\/\\\/candas365.es\\\/noticias\\\/author\\\/admin\\\/\",\"name\":\"Cand\\u00e1s 365\",\"image\":{\"@type\":\"ImageObject\",\"@id\":\"https:\\\/\\\/candas365.es\\\/noticias\\\/luis-enrique-lo-unico-que-me-importa-de-la-final-de-copa-es-que-estamos-nosotros\\\/#authorImage\",\"url\":\"https:\\\/\\\/secure.gravatar.com\\\/avatar\\\/496a8e03d0c493ede1718b7934145dbdf8d89be1036b0eec9544e1094c9de390?s=96&d=mm&r=g\",\"width\":96,\"height\":96,\"caption\":\"Cand\\u00e1s 365\"},\"sameAs\":[\"https:\\\/\\\/www.facebook.com\\\/carrenoactualidad\",\"https:\\\/\\\/twitter.com\\\/nbasturias\",\"https:\\\/\\\/www.instagram.com\\\/nachofdezber\\\/\",\"https:\\\/\\\/www.youtube.com\\\/channel\\\/UCZP-2wLEB9Rv6erhFmqVnvg\"]},{\"@type\":\"WebPage\",\"@id\":\"https:\\\/\\\/candas365.es\\\/noticias\\\/luis-enrique-lo-unico-que-me-importa-de-la-final-de-copa-es-que-estamos-nosotros\\\/#webpage\",\"url\":\"https:\\\/\\\/candas365.es\\\/noticias\\\/luis-enrique-lo-unico-que-me-importa-de-la-final-de-copa-es-que-estamos-nosotros\\\/\",\"name\":\"Luis Enrique \\u00abLo \\u00fanico que me importa de la final de Copa es que estamos nosotros\\u00bb | Cand\\u00e1s 365\",\"description\":\"El entrenador del FC Barcelona, Luis Enrique Mart\\u00ednez, ha asegurado que lo \\u00fanico que le importa de la final de Copa del Rey, cuya sede se decidir\\u00e1 en las pr\\u00f3ximas fechas, es que est\\u00e1 su equipo, y ha evitado pronunciarse sobre qu\\u00e9 estadio prefiere para disputarla. \\\"Lo \\u00fanico que me importa de la final de\",\"inLanguage\":\"es-ES\",\"isPartOf\":{\"@id\":\"https:\\\/\\\/candas365.es\\\/noticias\\\/#website\"},\"breadcrumb\":{\"@id\":\"https:\\\/\\\/candas365.es\\\/noticias\\\/luis-enrique-lo-unico-que-me-importa-de-la-final-de-copa-es-que-estamos-nosotros\\\/#breadcrumblist\"},\"author\":{\"@id\":\"https:\\\/\\\/candas365.es\\\/noticias\\\/author\\\/admin\\\/#author\"},\"creator\":{\"@id\":\"https:\\\/\\\/candas365.es\\\/noticias\\\/author\\\/admin\\\/#author\"},\"image\":{\"@type\":\"ImageObject\",\"url\":\"https:\\\/\\\/candas365.es\\\/noticias\\\/wp-content\\\/uploads\\\/2016\\\/02\\\/fotonoticia_20160213134135_800.jpg\",\"@id\":\"https:\\\/\\\/candas365.es\\\/noticias\\\/luis-enrique-lo-unico-que-me-importa-de-la-final-de-copa-es-que-estamos-nosotros\\\/#mainImage\",\"width\":800,\"height\":450},\"primaryImageOfPage\":{\"@id\":\"https:\\\/\\\/candas365.es\\\/noticias\\\/luis-enrique-lo-unico-que-me-importa-de-la-final-de-copa-es-que-estamos-nosotros\\\/#mainImage\"},\"datePublished\":\"2016-02-13T23:11:12+01:00\",\"dateModified\":\"2016-02-13T23:11:12+01:00\"},{\"@type\":\"WebSite\",\"@id\":\"https:\\\/\\\/candas365.es\\\/noticias\\\/#website\",\"url\":\"https:\\\/\\\/candas365.es\\\/noticias\\\/\",\"name\":\"Cand\\u00e1s 365\",\"alternateName\":\"Cand\\u00e1s 365 Noticias\",\"description\":\"Actualidad desde Carre\\u00f1o para el mundo\",\"inLanguage\":\"es-ES\",\"publisher\":{\"@id\":\"https:\\\/\\\/candas365.es\\\/noticias\\\/#organization\"}}]}\n\t\t<\/script>\n\t\t<!-- All in One SEO Pro -->\r\n\t\t<title>Luis Enrique \u00abLo \u00fanico que me importa de la final de Copa es que estamos nosotros\u00bb | Cand\u00e1s 365<\/title>\n\n","aioseo_head_json":{"title":"Luis Enrique \u00abLo \u00fanico que me importa de la final de Copa es que estamos nosotros\u00bb | Cand\u00e1s 365","description":"El entrenador del FC Barcelona, Luis Enrique Mart\u00ednez, ha asegurado que lo \u00fanico que le importa de la final de Copa del Rey, cuya sede se decidir\u00e1 en las pr\u00f3ximas fechas, es que est\u00e1 su equipo, y ha evitado pronunciarse sobre qu\u00e9 estadio prefiere para disputarla. \"Lo \u00fanico que me importa de la final de","canonical_url":"https:\/\/candas365.es\/noticias\/luis-enrique-lo-unico-que-me-importa-de-la-final-de-copa-es-que-estamos-nosotros\/","robots":"max-image-preview:large","keywords":"actualidad","webmasterTools":{"google-site-verification":"UA-32230408-1","msvalidate.01":"354F3CDFB2DA171B47FBE9ABF1F88D5","miscellaneous":""},"schema":{"@context":"https:\/\/schema.org","@graph":[{"@type":"BreadcrumbList","@id":"https:\/\/candas365.es\/noticias\/luis-enrique-lo-unico-que-me-importa-de-la-final-de-copa-es-que-estamos-nosotros\/#breadcrumblist","itemListElement":[{"@type":"ListItem","@id":"https:\/\/candas365.es\/noticias#listItem","position":1,"name":"Home","item":"https:\/\/candas365.es\/noticias","nextItem":{"@type":"ListItem","@id":"https:\/\/candas365.es\/noticias\/category\/actualidad\/#listItem","name":"Actualidad"}},{"@type":"ListItem","@id":"https:\/\/candas365.es\/noticias\/category\/actualidad\/#listItem","position":2,"name":"Actualidad","item":"https:\/\/candas365.es\/noticias\/category\/actualidad\/","nextItem":{"@type":"ListItem","@id":"https:\/\/candas365.es\/noticias\/luis-enrique-lo-unico-que-me-importa-de-la-final-de-copa-es-que-estamos-nosotros\/#listItem","name":"Luis Enrique \u00abLo \u00fanico que me importa de la final de Copa es que estamos nosotros\u00bb"},"previousItem":{"@type":"ListItem","@id":"https:\/\/candas365.es\/noticias#listItem","name":"Home"}},{"@type":"ListItem","@id":"https:\/\/candas365.es\/noticias\/luis-enrique-lo-unico-que-me-importa-de-la-final-de-copa-es-que-estamos-nosotros\/#listItem","position":3,"name":"Luis Enrique \u00abLo \u00fanico que me importa de la final de Copa es que estamos nosotros\u00bb","previousItem":{"@type":"ListItem","@id":"https:\/\/candas365.es\/noticias\/category\/actualidad\/#listItem","name":"Actualidad"}}]},{"@type":"NewsArticle","@id":"https:\/\/candas365.es\/noticias\/luis-enrique-lo-unico-que-me-importa-de-la-final-de-copa-es-que-estamos-nosotros\/#newsarticle","name":"Luis Enrique \u00abLo \u00fanico que me importa de la final de Copa es que estamos nosotros\u00bb | Cand\u00e1s 365","headline":"Luis Enrique \u00abLo \u00fanico que me importa de la final de Copa es que estamos nosotros\u00bb","author":{"@id":"https:\/\/candas365.es\/noticias\/author\/admin\/#author"},"publisher":{"@id":"https:\/\/candas365.es\/noticias\/#organization"},"image":{"@type":"ImageObject","url":"https:\/\/candas365.es\/noticias\/wp-content\/uploads\/2016\/02\/fotonoticia_20160213134135_800.jpg","width":800,"height":450},"datePublished":"2016-02-13T23:11:12+01:00","dateModified":"2016-02-13T23:11:12+01:00","inLanguage":"es-ES","mainEntityOfPage":{"@id":"https:\/\/candas365.es\/noticias\/luis-enrique-lo-unico-que-me-importa-de-la-final-de-copa-es-que-estamos-nosotros\/#webpage"},"isPartOf":{"@id":"https:\/\/candas365.es\/noticias\/luis-enrique-lo-unico-que-me-importa-de-la-final-de-copa-es-que-estamos-nosotros\/#webpage"},"articleSection":"Actualidad","dateline":"Publicado el febrero 13, 2016."},{"@type":"Organization","@id":"https:\/\/candas365.es\/noticias\/#organization","name":"Cand\u00e1s 365","description":"Cand\u00e1s 365 es un diario digital independiente, fundado en 2012, con base en Asturias. Informamos con rigor sobre actualidad, sociedad, cultura y ocio, con una mirada local y global.","url":"https:\/\/candas365.es\/noticias\/","email":"info@candas365.es","telephone":"+34652131393","foundingDate":"2012-06-10","logo":{"@type":"ImageObject","url":"https:\/\/candas365.es\/noticias\/wp-content\/uploads\/2024\/09\/Candas-365-Redes.jpg","@id":"https:\/\/candas365.es\/noticias\/luis-enrique-lo-unico-que-me-importa-de-la-final-de-copa-es-que-estamos-nosotros\/#organizationLogo","width":1152,"height":864,"caption":"Cand\u00e1s 365 Redes"},"image":{"@id":"https:\/\/candas365.es\/noticias\/luis-enrique-lo-unico-que-me-importa-de-la-final-de-copa-es-que-estamos-nosotros\/#organizationLogo"},"sameAs":["https:\/\/www.facebook.com\/Nachofdezber","https:\/\/x.com\/NabercoDigital","https:\/\/www.instagram.com\/nachofdezber\/","https:\/\/www.youtube.com\/channel\/UCZP-2wLEB9Rv6erhFmqVnvg"],"address":{"@id":"https:\/\/candas365.es\/noticias\/#postaladdress","@type":"PostalAddress","streetAddress":"san antonio 4, san antonio 4","postalCode":"33430","addressLocality":"Cand\u00e1s","addressRegion":"Asturias","addressCountry":"ES"}},{"@type":"Person","@id":"https:\/\/candas365.es\/noticias\/author\/admin\/#author","url":"https:\/\/candas365.es\/noticias\/author\/admin\/","name":"Cand\u00e1s 365","image":{"@type":"ImageObject","@id":"https:\/\/candas365.es\/noticias\/luis-enrique-lo-unico-que-me-importa-de-la-final-de-copa-es-que-estamos-nosotros\/#authorImage","url":"https:\/\/secure.gravatar.com\/avatar\/496a8e03d0c493ede1718b7934145dbdf8d89be1036b0eec9544e1094c9de390?s=96&d=mm&r=g","width":96,"height":96,"caption":"Cand\u00e1s 365"},"sameAs":["https:\/\/www.facebook.com\/carrenoactualidad","https:\/\/twitter.com\/nbasturias","https:\/\/www.instagram.com\/nachofdezber\/","https:\/\/www.youtube.com\/channel\/UCZP-2wLEB9Rv6erhFmqVnvg"]},{"@type":"WebPage","@id":"https:\/\/candas365.es\/noticias\/luis-enrique-lo-unico-que-me-importa-de-la-final-de-copa-es-que-estamos-nosotros\/#webpage","url":"https:\/\/candas365.es\/noticias\/luis-enrique-lo-unico-que-me-importa-de-la-final-de-copa-es-que-estamos-nosotros\/","name":"Luis Enrique \u00abLo \u00fanico que me importa de la final de Copa es que estamos nosotros\u00bb | Cand\u00e1s 365","description":"El entrenador del FC Barcelona, Luis Enrique Mart\u00ednez, ha asegurado que lo \u00fanico que le importa de la final de Copa del Rey, cuya sede se decidir\u00e1 en las pr\u00f3ximas fechas, es que est\u00e1 su equipo, y ha evitado pronunciarse sobre qu\u00e9 estadio prefiere para disputarla. \"Lo \u00fanico que me importa de la final de","inLanguage":"es-ES","isPartOf":{"@id":"https:\/\/candas365.es\/noticias\/#website"},"breadcrumb":{"@id":"https:\/\/candas365.es\/noticias\/luis-enrique-lo-unico-que-me-importa-de-la-final-de-copa-es-que-estamos-nosotros\/#breadcrumblist"},"author":{"@id":"https:\/\/candas365.es\/noticias\/author\/admin\/#author"},"creator":{"@id":"https:\/\/candas365.es\/noticias\/author\/admin\/#author"},"image":{"@type":"ImageObject","url":"https:\/\/candas365.es\/noticias\/wp-content\/uploads\/2016\/02\/fotonoticia_20160213134135_800.jpg","@id":"https:\/\/candas365.es\/noticias\/luis-enrique-lo-unico-que-me-importa-de-la-final-de-copa-es-que-estamos-nosotros\/#mainImage","width":800,"height":450},"primaryImageOfPage":{"@id":"https:\/\/candas365.es\/noticias\/luis-enrique-lo-unico-que-me-importa-de-la-final-de-copa-es-que-estamos-nosotros\/#mainImage"},"datePublished":"2016-02-13T23:11:12+01:00","dateModified":"2016-02-13T23:11:12+01:00"},{"@type":"WebSite","@id":"https:\/\/candas365.es\/noticias\/#website","url":"https:\/\/candas365.es\/noticias\/","name":"Cand\u00e1s 365","alternateName":"Cand\u00e1s 365 Noticias","description":"Actualidad desde Carre\u00f1o para el mundo","inLanguage":"es-ES","publisher":{"@id":"https:\/\/candas365.es\/noticias\/#organization"}}]},"og:locale":"es_ES","og:site_name":"Cand\u00e1s 365","og:type":"article","og:title":"Luis Enrique \u00abLo \u00fanico que me importa de la final de Copa es que estamos nosotros\u00bb | Cand\u00e1s 365","og:description":"El entrenador del FC Barcelona, Luis Enrique Mart\u00ednez, ha asegurado que lo \u00fanico que le importa de la final de Copa del Rey, cuya sede se decidir\u00e1 en las pr\u00f3ximas fechas, es que est\u00e1 su equipo, y ha evitado pronunciarse sobre qu\u00e9 estadio prefiere para disputarla. &quot;Lo \u00fanico que me importa de la final de","og:url":"https:\/\/candas365.es\/noticias\/luis-enrique-lo-unico-que-me-importa-de-la-final-de-copa-es-que-estamos-nosotros\/","og:image":"https:\/\/candas365.es\/noticias\/wp-content\/uploads\/2016\/02\/fotonoticia_20160213134135_800.jpg","og:image:secure_url":"https:\/\/candas365.es\/noticias\/wp-content\/uploads\/2016\/02\/fotonoticia_20160213134135_800.jpg","og:image:width":800,"og:image:height":450,"article:published_time":"2016-02-13T21:41:12+00:00","article:modified_time":"2016-02-13T21:41:12+00:00","article:publisher":"https:\/\/www.facebook.com\/Nachofdezber","article:author":"https:\/\/www.facebook.com\/carrenoactualidad","twitter:card":"summary_large_image","twitter:site":"@NabercoDigital","twitter:title":"Luis Enrique \u00abLo \u00fanico que me importa de la final de Copa es que estamos nosotros\u00bb | Cand\u00e1s 365","twitter:description":"El entrenador del FC Barcelona, Luis Enrique Mart\u00ednez, ha asegurado que lo \u00fanico que le importa de la final de Copa del Rey, cuya sede se decidir\u00e1 en las pr\u00f3ximas fechas, es que est\u00e1 su equipo, y ha evitado pronunciarse sobre qu\u00e9 estadio prefiere para disputarla. &quot;Lo \u00fanico que me importa de la final de","twitter:creator":"@nbasturias","twitter:image":"https:\/\/candas365.es\/noticias\/wp-content\/uploads\/2016\/02\/fotonoticia_20160213134135_800.jpg","twitter:label1":"Escrito por","twitter:data1":"Cand\u00e1s 365","twitter:label2":"Tiempo de lectura estimado","twitter:data2":"1 minuto"},"aioseo_meta_data":{"post_id":"26464","title":null,"description":null,"keywords":null,"keyphrases":null,"primary_term":null,"canonical_url":null,"og_title":null,"og_description":null,"og_object_type":"default","og_image_type":"default","og_image_url":null,"og_image_width":null,"og_image_height":null,"og_image_custom_url":null,"og_image_custom_fields":null,"og_video":null,"og_custom_url":null,"og_article_section":null,"og_article_tags":null,"twitter_use_og":false,"twitter_card":"default","twitter_image_type":"default","twitter_image_url":null,"twitter_image_custom_url":null,"twitter_image_custom_fields":null,"twitter_title":null,"twitter_description":null,"schema":{"blockGraphs":[],"customGraphs":[],"default":{"data":{"Article":[],"Course":[],"Dataset":[],"FAQPage":[],"Movie":[],"Person":[],"Product":[],"ProductReview":[],"Car":[],"Recipe":[],"Service":[],"SoftwareApplication":[],"WebPage":[]},"graphName":"","isEnabled":true},"graphs":[],"defaultGraph":"","defaultPostTypeGraph":""},"schema_type":null,"schema_type_options":null,"pillar_content":false,"robots_default":true,"robots_noindex":false,"robots_noarchive":false,"robots_nosnippet":false,"robots_nofollow":false,"robots_noimageindex":false,"robots_noodp":false,"robots_notranslate":false,"robots_max_snippet":null,"robots_max_videopreview":null,"robots_max_imagepreview":"large","priority":null,"frequency":null,"location":null,"local_seo":null,"seo_analyzer_scan_date":"2025-08-24 07:18:13","breadcrumb_settings":null,"limit_modified_date":false,"reviewed_by":null,"open_ai":null,"ai":null,"created":"2020-12-21 12:36:05","updated":"2025-08-24 07:18:13"},"aioseo_breadcrumb":"<div class=\"aioseo-breadcrumbs\"><span class=\"aioseo-breadcrumb\">\n\t<a href=\"https:\/\/candas365.es\/noticias\" title=\"Home\">Home<\/a>\n<\/span><span class=\"aioseo-breadcrumb-separator\">&ndash;<\/span><span class=\"aioseo-breadcrumb\">\n\t<a href=\"https:\/\/candas365.es\/noticias\/category\/actualidad\/\" title=\"Actualidad\">Actualidad<\/a>\n<\/span><span class=\"aioseo-breadcrumb-separator\">&ndash;<\/span><span class=\"aioseo-breadcrumb\">\n\tLuis Enrique \u00abLo \u00fanico que me importa de la final de Copa es que estamos nosotros\u00bb\n<\/span><\/div>","aioseo_breadcrumb_json":[{"label":"Home","link":"https:\/\/candas365.es\/noticias"},{"label":"Actualidad","link":"https:\/\/candas365.es\/noticias\/category\/actualidad\/"},{"label":"Luis Enrique \u00abLo \u00fanico que me importa de la final de Copa es que estamos nosotros\u00bb","link":"https:\/\/candas365.es\/noticias\/luis-enrique-lo-unico-que-me-importa-de-la-final-de-copa-es-que-estamos-nosotros\/"}],"_links":{"self":[{"href":"https:\/\/candas365.es\/noticias\/wp-json\/wp\/v2\/posts\/26464","targetHints":{"allow":["GET"]}}],"collection":[{"href":"https:\/\/candas365.es\/noticias\/wp-json\/wp\/v2\/posts"}],"about":[{"href":"https:\/\/candas365.es\/noticias\/wp-json\/wp\/v2\/types\/post"}],"author":[{"embeddable":true,"href":"https:\/\/candas365.es\/noticias\/wp-json\/wp\/v2\/users\/1"}],"replies":[{"embeddable":true,"href":"https:\/\/candas365.es\/noticias\/wp-json\/wp\/v2\/comments?post=26464"}],"version-history":[{"count":0,"href":"https:\/\/candas365.es\/noticias\/wp-json\/wp\/v2\/posts\/26464\/revisions"}],"wp:featuredmedia":[{"embeddable":true,"href":"https:\/\/candas365.es\/noticias\/wp-json\/wp\/v2\/media\/26465"}],"wp:attachment":[{"href":"https:\/\/candas365.es\/noticias\/wp-json\/wp\/v2\/media?parent=26464"}],"wp:term":[{"taxonomy":"category","embeddable":true,"href":"https:\/\/candas365.es\/noticias\/wp-json\/wp\/v2\/categories?post=26464"},{"taxonomy":"post_tag","embeddable":true,"href":"https:\/\/candas365.es\/noticias\/wp-json\/wp\/v2\/tags?post=26464"}],"curies":[{"name":"wp","href":"https:\/\/api.w.org\/{rel}","templated":true}]}}