{"id":26443,"date":"2016-02-13T23:00:56","date_gmt":"2016-02-13T21:30:56","guid":{"rendered":"http:\/\/candas365.es\/noticias\/?p=26443"},"modified":"2016-02-13T23:00:56","modified_gmt":"2016-02-13T21:30:56","slug":"medvedev-advierte-de-nueva-guerra-fria-entre-occidente-y-rusia","status":"publish","type":"post","link":"https:\/\/candas365.es\/noticias\/medvedev-advierte-de-nueva-guerra-fria-entre-occidente-y-rusia\/","title":{"rendered":"Medvedev advierte de \u00abnueva guerra fr\u00eda\u00bb entre Occidente y Rusia"},"content":{"rendered":"<p>M\u00fanich, 13 feb (dpa) \u2013 Occidente y Rusia se encuentran enzarzados en una nueva guerra fr\u00eda, afirm\u00f3 hoy el primer ministro de Rusia, Dimitri Medvedev, d\u00edas despu\u00e9s de que la Organizaci\u00f3n del Tratado del Atl\u00e1ntico Norte (OTAN) acordara reforzar su presencia a lo largo de su frontera con Rusia.<\/p>\n<p>\u00abHemos ido cuesta abajo hacia los tiempos de una nueva guerra fr\u00eda\u00bb, dijo el jefe de gobierno ruso durante un coloquio en la Conferencia de Seguridad de M\u00fanich.<\/p>\n<p>\u00abCasi a diario se nos declara la mayor amenaza para la OTAN en su conjunto, o por separado para Europa o para Estados Unidos u otros pa\u00edses. Pero las verdaderas amenazas que existen en nuestro peque\u00f1o mundo, y espero que entiendan esto, consisten en algo bastante diferente\u00bb. <\/p>\n<p>Medvedev defini\u00f3 en t\u00e9rminos dr\u00e1sticos el estado de las relaciones de su pa\u00eds con Occidente y habl\u00f3 de relaciones \u00abestropeadas\u00bb con la Uni\u00f3n Europea. \u00ab\u00bfPuede ser que necesitemos una tercera conmoci\u00f3n mundial para entender cu\u00e1n necesaria es hoy la cooperaci\u00f3n en lugar de la confrontaci\u00f3n?\u00bb, se pregunt\u00f3.<\/p>\n<p>Al mismo tiempo, el mandatario ruso, que acudi\u00f3 a la cita anual de M\u00fanich en lugar del presidente Vladimir Putin, abog\u00f3 por recuperar la confianza. \u00abSer\u00e1 un proceso dif\u00edcil. Pero tenemos que empezar este proceso. Y sin que haya condiciones previas\u00bb.<\/p>\n<p>Medvedev opin\u00f3 que la situaci\u00f3n no es tan complicada como hace 40 a\u00f1os lo fue la Guerra Fr\u00eda. \u00abSoy optimista de que hoy somos m\u00e1s sabios, experimentados y m\u00e1s conscientes de nuestra responsabilidad\u00bb.<\/p>\n<p>El secretario general de la alianza militar occidental OTAN, Jens Stoltenberg, neg\u00f3 por su parte que el bloque est\u00e9 buscando la confrontaci\u00f3n. \u00abNo queremos una nueva guerra fr\u00eda\u00bb, asegur\u00f3.<\/p>\n<p>Medvedev acus\u00f3 a Occidente de este deterioro y record\u00f3 las advertencias lanzadas por Putin en la conferencia de M\u00fanich de 2007 a la OTAN de que sus planes de instalar un sistema de misiles en Europa Oriental podr\u00eda instigar a una nueva guerra fr\u00eda. Ahora, la situaci\u00f3n es \u00abmucho m\u00e1s sombr\u00eda\u00bb.<\/p>\n<p>Las relaciones de Rusia con Occidente se tensaron m\u00e1s tras la anexi\u00f3n de la pen\u00ednsula ucraniana de Crimea por parte de Rusia en 2014 y el apoyo de Mosc\u00fa a los separatistas del este de Ucrania, aunque Rusia lo niega.<\/p>\n<p>Las declaraciones de Medvedev se producen tres d\u00edas despu\u00e9s de que la OTAN anunciase un aumento del despliegue de fuerzas en el Mar Negro. El viernes, Stoltenberg y el ministro ruso de Relaciones Exteriores ruso, Sergei Lavrov, intentaron sin \u00e9xito acordar una reuni\u00f3n del Consejo OTAN-Rusia, que ha estado inactivo desde la anexi\u00f3n de Crimea.<\/p>\n<p>Las tropas rusas ocuparon Crimea, donde est\u00e1 asentada una base naval rusa de importancia estrat\u00e9gica, despu\u00e9s de que fuera derrocado el presidente Viktor Yanukovich en medio de protestas masivas que ped\u00edan estrechar los lazos con Occidente.<\/p>\n","protected":false},"excerpt":{"rendered":"<p>M\u00fanich, 13 feb (dpa) \u2013 Occidente y Rusia se encuentran enzarzados en una nueva guerra fr\u00eda, afirm\u00f3 hoy el primer ministro de Rusia, Dimitri Medvedev, d\u00edas despu\u00e9s de que la Organizaci\u00f3n del Tratado del Atl\u00e1ntico Norte (OTAN) acordara reforzar su presencia a lo largo de su frontera con Rusia. \u00abHemos ido cuesta abajo hacia los<\/p>\n","protected":false},"author":1,"featured_media":16457,"comment_status":"closed","ping_status":"closed","sticky":false,"template":"","format":"standard","meta":{"footnotes":""},"categories":[343],"tags":[],"class_list":{"0":"post-26443","1":"post","2":"type-post","3":"status-publish","4":"format-standard","5":"has-post-thumbnail","7":"category-actualidad"},"aioseo_notices":[],"aioseo_head":"\n\t\t<!-- All in One SEO Pro 4.9.6.2 - aioseo.com -->\n\t<meta name=\"description\" content=\"M\u00fanich, 13 feb (dpa) \u2013 Occidente y Rusia se encuentran enzarzados en una nueva guerra fr\u00eda, afirm\u00f3 hoy el primer ministro de Rusia, Dimitri Medvedev, d\u00edas despu\u00e9s de que la Organizaci\u00f3n del Tratado del Atl\u00e1ntico Norte (OTAN) acordara reforzar su presencia a lo largo de su frontera con Rusia. &quot;Hemos ido cuesta abajo hacia los\" \/>\n\t<meta name=\"robots\" content=\"max-image-preview:large\" \/>\n\t<meta name=\"author\" content=\"Cand\u00e1s 365\"\/>\n\t<meta name=\"google-site-verification\" content=\"UA-32230408-1\" \/>\n\t<meta name=\"msvalidate.01\" content=\"354F3CDFB2DA171B47FBE9ABF1F88D5\" \/>\n\t<meta name=\"keywords\" content=\"actualidad\" \/>\n\t<link rel=\"canonical\" href=\"https:\/\/candas365.es\/noticias\/medvedev-advierte-de-nueva-guerra-fria-entre-occidente-y-rusia\/\" \/>\n\t<meta name=\"generator\" content=\"All in One SEO Pro (AIOSEO) 4.9.6.2\" \/>\n\t\t<meta property=\"og:locale\" content=\"es_ES\" \/>\n\t\t<meta property=\"og:site_name\" content=\"Cand\u00e1s 365\" \/>\n\t\t<meta property=\"og:type\" content=\"article\" \/>\n\t\t<meta property=\"og:title\" content=\"Medvedev advierte de \u00abnueva guerra fr\u00eda\u00bb entre Occidente y Rusia | Cand\u00e1s 365\" \/>\n\t\t<meta property=\"og:description\" content=\"M\u00fanich, 13 feb (dpa) \u2013 Occidente y Rusia se encuentran enzarzados en una nueva guerra fr\u00eda, afirm\u00f3 hoy el primer ministro de Rusia, Dimitri Medvedev, d\u00edas despu\u00e9s de que la Organizaci\u00f3n del Tratado del Atl\u00e1ntico Norte (OTAN) acordara reforzar su presencia a lo largo de su frontera con Rusia. &quot;Hemos ido cuesta abajo hacia los\" \/>\n\t\t<meta property=\"og:url\" content=\"https:\/\/candas365.es\/noticias\/medvedev-advierte-de-nueva-guerra-fria-entre-occidente-y-rusia\/\" \/>\n\t\t<meta property=\"og:image\" content=\"https:\/\/candas365.es\/noticias\/wp-content\/uploads\/2015\/09\/c365noticias.jpg\" \/>\n\t\t<meta property=\"og:image:secure_url\" content=\"https:\/\/candas365.es\/noticias\/wp-content\/uploads\/2015\/09\/c365noticias.jpg\" \/>\n\t\t<meta property=\"og:image:width\" content=\"655\" \/>\n\t\t<meta property=\"og:image:height\" content=\"360\" \/>\n\t\t<meta property=\"article:published_time\" content=\"2016-02-13T21:30:56+00:00\" \/>\n\t\t<meta property=\"article:modified_time\" content=\"2016-02-13T21:30:56+00:00\" \/>\n\t\t<meta property=\"article:publisher\" content=\"https:\/\/www.facebook.com\/Nachofdezber\" \/>\n\t\t<meta property=\"article:author\" content=\"https:\/\/www.facebook.com\/carrenoactualidad\" \/>\n\t\t<meta name=\"twitter:card\" content=\"summary_large_image\" \/>\n\t\t<meta name=\"twitter:site\" content=\"@NabercoDigital\" \/>\n\t\t<meta name=\"twitter:title\" content=\"Medvedev advierte de \u00abnueva guerra fr\u00eda\u00bb entre Occidente y Rusia | Cand\u00e1s 365\" \/>\n\t\t<meta name=\"twitter:description\" content=\"M\u00fanich, 13 feb (dpa) \u2013 Occidente y Rusia se encuentran enzarzados en una nueva guerra fr\u00eda, afirm\u00f3 hoy el primer ministro de Rusia, Dimitri Medvedev, d\u00edas despu\u00e9s de que la Organizaci\u00f3n del Tratado del Atl\u00e1ntico Norte (OTAN) acordara reforzar su presencia a lo largo de su frontera con Rusia. &quot;Hemos ido cuesta abajo hacia los\" \/>\n\t\t<meta name=\"twitter:creator\" content=\"@nbasturias\" \/>\n\t\t<meta name=\"twitter:image\" content=\"https:\/\/candas365.es\/noticias\/wp-content\/uploads\/2015\/09\/c365noticias.jpg\" \/>\n\t\t<meta name=\"twitter:label1\" content=\"Escrito por\" \/>\n\t\t<meta name=\"twitter:data1\" content=\"Cand\u00e1s 365\" \/>\n\t\t<meta name=\"twitter:label2\" content=\"Tiempo de lectura estimado\" \/>\n\t\t<meta name=\"twitter:data2\" content=\"2 minutos\" \/>\n\t\t<script type=\"application\/ld+json\" class=\"aioseo-schema\">\n\t\t\t{\"@context\":\"https:\\\/\\\/schema.org\",\"@graph\":[{\"@type\":\"BreadcrumbList\",\"@id\":\"https:\\\/\\\/candas365.es\\\/noticias\\\/medvedev-advierte-de-nueva-guerra-fria-entre-occidente-y-rusia\\\/#breadcrumblist\",\"itemListElement\":[{\"@type\":\"ListItem\",\"@id\":\"https:\\\/\\\/candas365.es\\\/noticias#listItem\",\"position\":1,\"name\":\"Home\",\"item\":\"https:\\\/\\\/candas365.es\\\/noticias\",\"nextItem\":{\"@type\":\"ListItem\",\"@id\":\"https:\\\/\\\/candas365.es\\\/noticias\\\/category\\\/actualidad\\\/#listItem\",\"name\":\"Actualidad\"}},{\"@type\":\"ListItem\",\"@id\":\"https:\\\/\\\/candas365.es\\\/noticias\\\/category\\\/actualidad\\\/#listItem\",\"position\":2,\"name\":\"Actualidad\",\"item\":\"https:\\\/\\\/candas365.es\\\/noticias\\\/category\\\/actualidad\\\/\",\"nextItem\":{\"@type\":\"ListItem\",\"@id\":\"https:\\\/\\\/candas365.es\\\/noticias\\\/medvedev-advierte-de-nueva-guerra-fria-entre-occidente-y-rusia\\\/#listItem\",\"name\":\"Medvedev advierte de \\u00abnueva guerra fr\\u00eda\\u00bb entre Occidente y Rusia\"},\"previousItem\":{\"@type\":\"ListItem\",\"@id\":\"https:\\\/\\\/candas365.es\\\/noticias#listItem\",\"name\":\"Home\"}},{\"@type\":\"ListItem\",\"@id\":\"https:\\\/\\\/candas365.es\\\/noticias\\\/medvedev-advierte-de-nueva-guerra-fria-entre-occidente-y-rusia\\\/#listItem\",\"position\":3,\"name\":\"Medvedev advierte de \\u00abnueva guerra fr\\u00eda\\u00bb entre Occidente y Rusia\",\"previousItem\":{\"@type\":\"ListItem\",\"@id\":\"https:\\\/\\\/candas365.es\\\/noticias\\\/category\\\/actualidad\\\/#listItem\",\"name\":\"Actualidad\"}}]},{\"@type\":\"NewsArticle\",\"@id\":\"https:\\\/\\\/candas365.es\\\/noticias\\\/medvedev-advierte-de-nueva-guerra-fria-entre-occidente-y-rusia\\\/#newsarticle\",\"name\":\"Medvedev advierte de \\u00abnueva guerra fr\\u00eda\\u00bb entre Occidente y Rusia | Cand\\u00e1s 365\",\"headline\":\"Medvedev advierte de \\u00abnueva guerra fr\\u00eda\\u00bb entre Occidente y Rusia\",\"author\":{\"@id\":\"https:\\\/\\\/candas365.es\\\/noticias\\\/author\\\/admin\\\/#author\"},\"publisher\":{\"@id\":\"https:\\\/\\\/candas365.es\\\/noticias\\\/#organization\"},\"image\":{\"@type\":\"ImageObject\",\"url\":\"https:\\\/\\\/candas365.es\\\/noticias\\\/wp-content\\\/uploads\\\/2015\\\/09\\\/c365noticias.jpg\",\"width\":655,\"height\":360},\"datePublished\":\"2016-02-13T23:00:56+01:00\",\"dateModified\":\"2016-02-13T23:00:56+01:00\",\"inLanguage\":\"es-ES\",\"mainEntityOfPage\":{\"@id\":\"https:\\\/\\\/candas365.es\\\/noticias\\\/medvedev-advierte-de-nueva-guerra-fria-entre-occidente-y-rusia\\\/#webpage\"},\"isPartOf\":{\"@id\":\"https:\\\/\\\/candas365.es\\\/noticias\\\/medvedev-advierte-de-nueva-guerra-fria-entre-occidente-y-rusia\\\/#webpage\"},\"articleSection\":\"Actualidad\",\"dateline\":\"Publicado el febrero 13, 2016.\"},{\"@type\":\"Organization\",\"@id\":\"https:\\\/\\\/candas365.es\\\/noticias\\\/#organization\",\"name\":\"Cand\\u00e1s 365\",\"description\":\"Cand\\u00e1s 365 es un diario digital independiente, fundado en 2012, con base en Asturias. Informamos con rigor sobre actualidad, sociedad, cultura y ocio, con una mirada local y global.\",\"url\":\"https:\\\/\\\/candas365.es\\\/noticias\\\/\",\"email\":\"info@candas365.es\",\"telephone\":\"+34652131393\",\"foundingDate\":\"2012-06-10\",\"logo\":{\"@type\":\"ImageObject\",\"url\":\"https:\\\/\\\/candas365.es\\\/noticias\\\/wp-content\\\/uploads\\\/2024\\\/09\\\/Candas-365-Redes.jpg\",\"@id\":\"https:\\\/\\\/candas365.es\\\/noticias\\\/medvedev-advierte-de-nueva-guerra-fria-entre-occidente-y-rusia\\\/#organizationLogo\",\"width\":1152,\"height\":864,\"caption\":\"Cand\\u00e1s 365 Redes\"},\"image\":{\"@id\":\"https:\\\/\\\/candas365.es\\\/noticias\\\/medvedev-advierte-de-nueva-guerra-fria-entre-occidente-y-rusia\\\/#organizationLogo\"},\"sameAs\":[\"https:\\\/\\\/www.facebook.com\\\/Nachofdezber\",\"https:\\\/\\\/x.com\\\/NabercoDigital\",\"https:\\\/\\\/www.instagram.com\\\/nachofdezber\\\/\",\"https:\\\/\\\/www.youtube.com\\\/channel\\\/UCZP-2wLEB9Rv6erhFmqVnvg\"],\"address\":{\"@id\":\"https:\\\/\\\/candas365.es\\\/noticias\\\/#postaladdress\",\"@type\":\"PostalAddress\",\"streetAddress\":\"san antonio 4, san antonio 4\",\"postalCode\":\"33430\",\"addressLocality\":\"Cand\\u00e1s\",\"addressRegion\":\"Asturias\",\"addressCountry\":\"ES\"}},{\"@type\":\"Person\",\"@id\":\"https:\\\/\\\/candas365.es\\\/noticias\\\/author\\\/admin\\\/#author\",\"url\":\"https:\\\/\\\/candas365.es\\\/noticias\\\/author\\\/admin\\\/\",\"name\":\"Cand\\u00e1s 365\",\"image\":{\"@type\":\"ImageObject\",\"@id\":\"https:\\\/\\\/candas365.es\\\/noticias\\\/medvedev-advierte-de-nueva-guerra-fria-entre-occidente-y-rusia\\\/#authorImage\",\"url\":\"https:\\\/\\\/secure.gravatar.com\\\/avatar\\\/496a8e03d0c493ede1718b7934145dbdf8d89be1036b0eec9544e1094c9de390?s=96&d=mm&r=g\",\"width\":96,\"height\":96,\"caption\":\"Cand\\u00e1s 365\"},\"sameAs\":[\"https:\\\/\\\/www.facebook.com\\\/carrenoactualidad\",\"https:\\\/\\\/twitter.com\\\/nbasturias\",\"https:\\\/\\\/www.instagram.com\\\/nachofdezber\\\/\",\"https:\\\/\\\/www.youtube.com\\\/channel\\\/UCZP-2wLEB9Rv6erhFmqVnvg\"]},{\"@type\":\"WebPage\",\"@id\":\"https:\\\/\\\/candas365.es\\\/noticias\\\/medvedev-advierte-de-nueva-guerra-fria-entre-occidente-y-rusia\\\/#webpage\",\"url\":\"https:\\\/\\\/candas365.es\\\/noticias\\\/medvedev-advierte-de-nueva-guerra-fria-entre-occidente-y-rusia\\\/\",\"name\":\"Medvedev advierte de \\u00abnueva guerra fr\\u00eda\\u00bb entre Occidente y Rusia | Cand\\u00e1s 365\",\"description\":\"M\\u00fanich, 13 feb (dpa) \\u2013 Occidente y Rusia se encuentran enzarzados en una nueva guerra fr\\u00eda, afirm\\u00f3 hoy el primer ministro de Rusia, Dimitri Medvedev, d\\u00edas despu\\u00e9s de que la Organizaci\\u00f3n del Tratado del Atl\\u00e1ntico Norte (OTAN) acordara reforzar su presencia a lo largo de su frontera con Rusia. \\\"Hemos ido cuesta abajo hacia los\",\"inLanguage\":\"es-ES\",\"isPartOf\":{\"@id\":\"https:\\\/\\\/candas365.es\\\/noticias\\\/#website\"},\"breadcrumb\":{\"@id\":\"https:\\\/\\\/candas365.es\\\/noticias\\\/medvedev-advierte-de-nueva-guerra-fria-entre-occidente-y-rusia\\\/#breadcrumblist\"},\"author\":{\"@id\":\"https:\\\/\\\/candas365.es\\\/noticias\\\/author\\\/admin\\\/#author\"},\"creator\":{\"@id\":\"https:\\\/\\\/candas365.es\\\/noticias\\\/author\\\/admin\\\/#author\"},\"image\":{\"@type\":\"ImageObject\",\"url\":\"https:\\\/\\\/candas365.es\\\/noticias\\\/wp-content\\\/uploads\\\/2015\\\/09\\\/c365noticias.jpg\",\"@id\":\"https:\\\/\\\/candas365.es\\\/noticias\\\/medvedev-advierte-de-nueva-guerra-fria-entre-occidente-y-rusia\\\/#mainImage\",\"width\":655,\"height\":360},\"primaryImageOfPage\":{\"@id\":\"https:\\\/\\\/candas365.es\\\/noticias\\\/medvedev-advierte-de-nueva-guerra-fria-entre-occidente-y-rusia\\\/#mainImage\"},\"datePublished\":\"2016-02-13T23:00:56+01:00\",\"dateModified\":\"2016-02-13T23:00:56+01:00\"},{\"@type\":\"WebSite\",\"@id\":\"https:\\\/\\\/candas365.es\\\/noticias\\\/#website\",\"url\":\"https:\\\/\\\/candas365.es\\\/noticias\\\/\",\"name\":\"Cand\\u00e1s 365\",\"alternateName\":\"Cand\\u00e1s 365 Noticias\",\"description\":\"Actualidad desde Carre\\u00f1o para el mundo\",\"inLanguage\":\"es-ES\",\"publisher\":{\"@id\":\"https:\\\/\\\/candas365.es\\\/noticias\\\/#organization\"}}]}\n\t\t<\/script>\n\t\t<!-- All in One SEO Pro -->\r\n\t\t<title>Medvedev advierte de \u00abnueva guerra fr\u00eda\u00bb entre Occidente y Rusia | Cand\u00e1s 365<\/title>\n\n","aioseo_head_json":{"title":"Medvedev advierte de \u00abnueva guerra fr\u00eda\u00bb entre Occidente y Rusia | Cand\u00e1s 365","description":"M\u00fanich, 13 feb (dpa) \u2013 Occidente y Rusia se encuentran enzarzados en una nueva guerra fr\u00eda, afirm\u00f3 hoy el primer ministro de Rusia, Dimitri Medvedev, d\u00edas despu\u00e9s de que la Organizaci\u00f3n del Tratado del Atl\u00e1ntico Norte (OTAN) acordara reforzar su presencia a lo largo de su frontera con Rusia. \"Hemos ido cuesta abajo hacia los","canonical_url":"https:\/\/candas365.es\/noticias\/medvedev-advierte-de-nueva-guerra-fria-entre-occidente-y-rusia\/","robots":"max-image-preview:large","keywords":"actualidad","webmasterTools":{"google-site-verification":"UA-32230408-1","msvalidate.01":"354F3CDFB2DA171B47FBE9ABF1F88D5","miscellaneous":""},"schema":{"@context":"https:\/\/schema.org","@graph":[{"@type":"BreadcrumbList","@id":"https:\/\/candas365.es\/noticias\/medvedev-advierte-de-nueva-guerra-fria-entre-occidente-y-rusia\/#breadcrumblist","itemListElement":[{"@type":"ListItem","@id":"https:\/\/candas365.es\/noticias#listItem","position":1,"name":"Home","item":"https:\/\/candas365.es\/noticias","nextItem":{"@type":"ListItem","@id":"https:\/\/candas365.es\/noticias\/category\/actualidad\/#listItem","name":"Actualidad"}},{"@type":"ListItem","@id":"https:\/\/candas365.es\/noticias\/category\/actualidad\/#listItem","position":2,"name":"Actualidad","item":"https:\/\/candas365.es\/noticias\/category\/actualidad\/","nextItem":{"@type":"ListItem","@id":"https:\/\/candas365.es\/noticias\/medvedev-advierte-de-nueva-guerra-fria-entre-occidente-y-rusia\/#listItem","name":"Medvedev advierte de \u00abnueva guerra fr\u00eda\u00bb entre Occidente y Rusia"},"previousItem":{"@type":"ListItem","@id":"https:\/\/candas365.es\/noticias#listItem","name":"Home"}},{"@type":"ListItem","@id":"https:\/\/candas365.es\/noticias\/medvedev-advierte-de-nueva-guerra-fria-entre-occidente-y-rusia\/#listItem","position":3,"name":"Medvedev advierte de \u00abnueva guerra fr\u00eda\u00bb entre Occidente y Rusia","previousItem":{"@type":"ListItem","@id":"https:\/\/candas365.es\/noticias\/category\/actualidad\/#listItem","name":"Actualidad"}}]},{"@type":"NewsArticle","@id":"https:\/\/candas365.es\/noticias\/medvedev-advierte-de-nueva-guerra-fria-entre-occidente-y-rusia\/#newsarticle","name":"Medvedev advierte de \u00abnueva guerra fr\u00eda\u00bb entre Occidente y Rusia | Cand\u00e1s 365","headline":"Medvedev advierte de \u00abnueva guerra fr\u00eda\u00bb entre Occidente y Rusia","author":{"@id":"https:\/\/candas365.es\/noticias\/author\/admin\/#author"},"publisher":{"@id":"https:\/\/candas365.es\/noticias\/#organization"},"image":{"@type":"ImageObject","url":"https:\/\/candas365.es\/noticias\/wp-content\/uploads\/2015\/09\/c365noticias.jpg","width":655,"height":360},"datePublished":"2016-02-13T23:00:56+01:00","dateModified":"2016-02-13T23:00:56+01:00","inLanguage":"es-ES","mainEntityOfPage":{"@id":"https:\/\/candas365.es\/noticias\/medvedev-advierte-de-nueva-guerra-fria-entre-occidente-y-rusia\/#webpage"},"isPartOf":{"@id":"https:\/\/candas365.es\/noticias\/medvedev-advierte-de-nueva-guerra-fria-entre-occidente-y-rusia\/#webpage"},"articleSection":"Actualidad","dateline":"Publicado el febrero 13, 2016."},{"@type":"Organization","@id":"https:\/\/candas365.es\/noticias\/#organization","name":"Cand\u00e1s 365","description":"Cand\u00e1s 365 es un diario digital independiente, fundado en 2012, con base en Asturias. Informamos con rigor sobre actualidad, sociedad, cultura y ocio, con una mirada local y global.","url":"https:\/\/candas365.es\/noticias\/","email":"info@candas365.es","telephone":"+34652131393","foundingDate":"2012-06-10","logo":{"@type":"ImageObject","url":"https:\/\/candas365.es\/noticias\/wp-content\/uploads\/2024\/09\/Candas-365-Redes.jpg","@id":"https:\/\/candas365.es\/noticias\/medvedev-advierte-de-nueva-guerra-fria-entre-occidente-y-rusia\/#organizationLogo","width":1152,"height":864,"caption":"Cand\u00e1s 365 Redes"},"image":{"@id":"https:\/\/candas365.es\/noticias\/medvedev-advierte-de-nueva-guerra-fria-entre-occidente-y-rusia\/#organizationLogo"},"sameAs":["https:\/\/www.facebook.com\/Nachofdezber","https:\/\/x.com\/NabercoDigital","https:\/\/www.instagram.com\/nachofdezber\/","https:\/\/www.youtube.com\/channel\/UCZP-2wLEB9Rv6erhFmqVnvg"],"address":{"@id":"https:\/\/candas365.es\/noticias\/#postaladdress","@type":"PostalAddress","streetAddress":"san antonio 4, san antonio 4","postalCode":"33430","addressLocality":"Cand\u00e1s","addressRegion":"Asturias","addressCountry":"ES"}},{"@type":"Person","@id":"https:\/\/candas365.es\/noticias\/author\/admin\/#author","url":"https:\/\/candas365.es\/noticias\/author\/admin\/","name":"Cand\u00e1s 365","image":{"@type":"ImageObject","@id":"https:\/\/candas365.es\/noticias\/medvedev-advierte-de-nueva-guerra-fria-entre-occidente-y-rusia\/#authorImage","url":"https:\/\/secure.gravatar.com\/avatar\/496a8e03d0c493ede1718b7934145dbdf8d89be1036b0eec9544e1094c9de390?s=96&d=mm&r=g","width":96,"height":96,"caption":"Cand\u00e1s 365"},"sameAs":["https:\/\/www.facebook.com\/carrenoactualidad","https:\/\/twitter.com\/nbasturias","https:\/\/www.instagram.com\/nachofdezber\/","https:\/\/www.youtube.com\/channel\/UCZP-2wLEB9Rv6erhFmqVnvg"]},{"@type":"WebPage","@id":"https:\/\/candas365.es\/noticias\/medvedev-advierte-de-nueva-guerra-fria-entre-occidente-y-rusia\/#webpage","url":"https:\/\/candas365.es\/noticias\/medvedev-advierte-de-nueva-guerra-fria-entre-occidente-y-rusia\/","name":"Medvedev advierte de \u00abnueva guerra fr\u00eda\u00bb entre Occidente y Rusia | Cand\u00e1s 365","description":"M\u00fanich, 13 feb (dpa) \u2013 Occidente y Rusia se encuentran enzarzados en una nueva guerra fr\u00eda, afirm\u00f3 hoy el primer ministro de Rusia, Dimitri Medvedev, d\u00edas despu\u00e9s de que la Organizaci\u00f3n del Tratado del Atl\u00e1ntico Norte (OTAN) acordara reforzar su presencia a lo largo de su frontera con Rusia. \"Hemos ido cuesta abajo hacia los","inLanguage":"es-ES","isPartOf":{"@id":"https:\/\/candas365.es\/noticias\/#website"},"breadcrumb":{"@id":"https:\/\/candas365.es\/noticias\/medvedev-advierte-de-nueva-guerra-fria-entre-occidente-y-rusia\/#breadcrumblist"},"author":{"@id":"https:\/\/candas365.es\/noticias\/author\/admin\/#author"},"creator":{"@id":"https:\/\/candas365.es\/noticias\/author\/admin\/#author"},"image":{"@type":"ImageObject","url":"https:\/\/candas365.es\/noticias\/wp-content\/uploads\/2015\/09\/c365noticias.jpg","@id":"https:\/\/candas365.es\/noticias\/medvedev-advierte-de-nueva-guerra-fria-entre-occidente-y-rusia\/#mainImage","width":655,"height":360},"primaryImageOfPage":{"@id":"https:\/\/candas365.es\/noticias\/medvedev-advierte-de-nueva-guerra-fria-entre-occidente-y-rusia\/#mainImage"},"datePublished":"2016-02-13T23:00:56+01:00","dateModified":"2016-02-13T23:00:56+01:00"},{"@type":"WebSite","@id":"https:\/\/candas365.es\/noticias\/#website","url":"https:\/\/candas365.es\/noticias\/","name":"Cand\u00e1s 365","alternateName":"Cand\u00e1s 365 Noticias","description":"Actualidad desde Carre\u00f1o para el mundo","inLanguage":"es-ES","publisher":{"@id":"https:\/\/candas365.es\/noticias\/#organization"}}]},"og:locale":"es_ES","og:site_name":"Cand\u00e1s 365","og:type":"article","og:title":"Medvedev advierte de \u00abnueva guerra fr\u00eda\u00bb entre Occidente y Rusia | Cand\u00e1s 365","og:description":"M\u00fanich, 13 feb (dpa) \u2013 Occidente y Rusia se encuentran enzarzados en una nueva guerra fr\u00eda, afirm\u00f3 hoy el primer ministro de Rusia, Dimitri Medvedev, d\u00edas despu\u00e9s de que la Organizaci\u00f3n del Tratado del Atl\u00e1ntico Norte (OTAN) acordara reforzar su presencia a lo largo de su frontera con Rusia. &quot;Hemos ido cuesta abajo hacia los","og:url":"https:\/\/candas365.es\/noticias\/medvedev-advierte-de-nueva-guerra-fria-entre-occidente-y-rusia\/","og:image":"https:\/\/candas365.es\/noticias\/wp-content\/uploads\/2015\/09\/c365noticias.jpg","og:image:secure_url":"https:\/\/candas365.es\/noticias\/wp-content\/uploads\/2015\/09\/c365noticias.jpg","og:image:width":655,"og:image:height":360,"article:published_time":"2016-02-13T21:30:56+00:00","article:modified_time":"2016-02-13T21:30:56+00:00","article:publisher":"https:\/\/www.facebook.com\/Nachofdezber","article:author":"https:\/\/www.facebook.com\/carrenoactualidad","twitter:card":"summary_large_image","twitter:site":"@NabercoDigital","twitter:title":"Medvedev advierte de \u00abnueva guerra fr\u00eda\u00bb entre Occidente y Rusia | Cand\u00e1s 365","twitter:description":"M\u00fanich, 13 feb (dpa) \u2013 Occidente y Rusia se encuentran enzarzados en una nueva guerra fr\u00eda, afirm\u00f3 hoy el primer ministro de Rusia, Dimitri Medvedev, d\u00edas despu\u00e9s de que la Organizaci\u00f3n del Tratado del Atl\u00e1ntico Norte (OTAN) acordara reforzar su presencia a lo largo de su frontera con Rusia. &quot;Hemos ido cuesta abajo hacia los","twitter:creator":"@nbasturias","twitter:image":"https:\/\/candas365.es\/noticias\/wp-content\/uploads\/2015\/09\/c365noticias.jpg","twitter:label1":"Escrito por","twitter:data1":"Cand\u00e1s 365","twitter:label2":"Tiempo de lectura estimado","twitter:data2":"2 minutos"},"aioseo_meta_data":{"post_id":"26443","title":null,"description":null,"keywords":null,"keyphrases":null,"primary_term":null,"canonical_url":null,"og_title":null,"og_description":null,"og_object_type":"default","og_image_type":"default","og_image_url":null,"og_image_width":null,"og_image_height":null,"og_image_custom_url":null,"og_image_custom_fields":null,"og_video":null,"og_custom_url":null,"og_article_section":null,"og_article_tags":null,"twitter_use_og":false,"twitter_card":"default","twitter_image_type":"default","twitter_image_url":null,"twitter_image_custom_url":null,"twitter_image_custom_fields":null,"twitter_title":null,"twitter_description":null,"schema":{"blockGraphs":[],"customGraphs":[],"default":{"data":{"Article":[],"Course":[],"Dataset":[],"FAQPage":[],"Movie":[],"Person":[],"Product":[],"ProductReview":[],"Car":[],"Recipe":[],"Service":[],"SoftwareApplication":[],"WebPage":[]},"graphName":"","isEnabled":true},"graphs":[],"defaultGraph":"","defaultPostTypeGraph":""},"schema_type":null,"schema_type_options":null,"pillar_content":false,"robots_default":true,"robots_noindex":false,"robots_noarchive":false,"robots_nosnippet":false,"robots_nofollow":false,"robots_noimageindex":false,"robots_noodp":false,"robots_notranslate":false,"robots_max_snippet":null,"robots_max_videopreview":null,"robots_max_imagepreview":"large","priority":null,"frequency":null,"location":null,"local_seo":null,"seo_analyzer_scan_date":"2025-08-24 07:16:39","breadcrumb_settings":null,"limit_modified_date":false,"reviewed_by":null,"open_ai":null,"ai":null,"created":"2020-12-21 12:36:04","updated":"2025-08-24 07:16:39"},"aioseo_breadcrumb":"<div class=\"aioseo-breadcrumbs\"><span class=\"aioseo-breadcrumb\">\n\t<a href=\"https:\/\/candas365.es\/noticias\" title=\"Home\">Home<\/a>\n<\/span><span class=\"aioseo-breadcrumb-separator\">&ndash;<\/span><span class=\"aioseo-breadcrumb\">\n\t<a href=\"https:\/\/candas365.es\/noticias\/category\/actualidad\/\" title=\"Actualidad\">Actualidad<\/a>\n<\/span><span class=\"aioseo-breadcrumb-separator\">&ndash;<\/span><span class=\"aioseo-breadcrumb\">\n\tMedvedev advierte de \u00abnueva guerra fr\u00eda\u00bb entre Occidente y Rusia\n<\/span><\/div>","aioseo_breadcrumb_json":[{"label":"Home","link":"https:\/\/candas365.es\/noticias"},{"label":"Actualidad","link":"https:\/\/candas365.es\/noticias\/category\/actualidad\/"},{"label":"Medvedev advierte de \u00abnueva guerra fr\u00eda\u00bb entre Occidente y Rusia","link":"https:\/\/candas365.es\/noticias\/medvedev-advierte-de-nueva-guerra-fria-entre-occidente-y-rusia\/"}],"_links":{"self":[{"href":"https:\/\/candas365.es\/noticias\/wp-json\/wp\/v2\/posts\/26443","targetHints":{"allow":["GET"]}}],"collection":[{"href":"https:\/\/candas365.es\/noticias\/wp-json\/wp\/v2\/posts"}],"about":[{"href":"https:\/\/candas365.es\/noticias\/wp-json\/wp\/v2\/types\/post"}],"author":[{"embeddable":true,"href":"https:\/\/candas365.es\/noticias\/wp-json\/wp\/v2\/users\/1"}],"replies":[{"embeddable":true,"href":"https:\/\/candas365.es\/noticias\/wp-json\/wp\/v2\/comments?post=26443"}],"version-history":[{"count":0,"href":"https:\/\/candas365.es\/noticias\/wp-json\/wp\/v2\/posts\/26443\/revisions"}],"wp:featuredmedia":[{"embeddable":true,"href":"https:\/\/candas365.es\/noticias\/wp-json\/wp\/v2\/media\/16457"}],"wp:attachment":[{"href":"https:\/\/candas365.es\/noticias\/wp-json\/wp\/v2\/media?parent=26443"}],"wp:term":[{"taxonomy":"category","embeddable":true,"href":"https:\/\/candas365.es\/noticias\/wp-json\/wp\/v2\/categories?post=26443"},{"taxonomy":"post_tag","embeddable":true,"href":"https:\/\/candas365.es\/noticias\/wp-json\/wp\/v2\/tags?post=26443"}],"curies":[{"name":"wp","href":"https:\/\/api.w.org\/{rel}","templated":true}]}}