{"id":26439,"date":"2016-02-13T22:59:37","date_gmt":"2016-02-13T21:29:37","guid":{"rendered":"http:\/\/candas365.es\/noticias\/?p=26439"},"modified":"2016-02-13T22:59:37","modified_gmt":"2016-02-13T21:29:37","slug":"daniel-burman-berlin-es-una-experiencia-intransmisible","status":"publish","type":"post","link":"https:\/\/candas365.es\/noticias\/daniel-burman-berlin-es-una-experiencia-intransmisible\/","title":{"rendered":"Daniel Burman \u00abBerl\u00edn es una experiencia intransmisible\u00bb"},"content":{"rendered":"<p>Berlin, 13 feb (dpa) &#8211; Al director argentino Daniel Burman lo emociona sobremanera haber inaugurado este viernes con \u00abEl rey del once\u00bb la secci\u00f3n Panorama Special de la Berlinale, el certamen en el que debut\u00f3 y del que se ha llevado algunos de los mayores reconocimientos en su carrera.<\/p>\n<p>\u00abHace casi 20 a\u00f1os vine con mi primera pel\u00edcula (\u00abUn crisantemo estalla en cinco esquinas\u00bb), era muy joven, no conoc\u00eda Europa, no conoc\u00eda Berl\u00edn, era la primera vez que me sub\u00eda a un avi\u00f3n y fue el momento en el sent\u00ed que pod\u00eda (hacer cine)\u00bb, dijo el viernes en entrevista con dpa en la capital alemana. <\/p>\n<p>\u00abDespu\u00e9s volv\u00ed con otras pel\u00edculas, volv\u00ed con \u00abEl abrazo partido\u00bb gan\u00e9 un premio (el del Jurado, el segundo en importancia) que para m\u00ed fue una marca muy importante. Berl\u00edn me dio la confianza de que yo pod\u00eda hacerlo. Es un lugar al que me emociona much\u00edsimo volver y tener el honor de abrir Panorama Especial me tiene en un estado de satisfacci\u00f3n absoluta\u00bb, se\u00f1al\u00f3 el cineasta, quien considera que tiene un v\u00ednculo emocional con la capital alemana que va m\u00e1s all\u00e1 de su faceta como director.<\/p>\n<p>Berl\u00edn, insiste, \u00ababre una ventana a Europa y al mundo. Es un p\u00fablico tremendamente exigente y cari\u00f1oso a la vez. Es una experiencia intransmisible. Incluso me encanta el fr\u00edo, que la sala sea el lugar m\u00e1s c\u00e1lido en el que estar\u00bb, agreg\u00f3 el cineasta que presenta fuera de su Argentina natal -donde se estren\u00f3 el jueves- \u00abEl rey del once\u00bb, una pel\u00edcula sobre un joven argentino de origen jud\u00edo que reside en Nueva York y que regresa a Buenos Aires -m\u00e1s espec\u00edficamente al barrio de Once- para reencontrarse con su padre pero, m\u00e1s que nada, con sus or\u00edgenes.<\/p>\n<p>\u00abEs imprescindible volver\u00bb, afirm\u00f3 tajante el realizador. \u00abUno huye de la infancia, porque huye de los padres y como en cualquier huida, uno lleva unas herramientas y otras las dej\u00e1s en el camino. Y hay un momento, que para m\u00ed tiene que ver con la mediana edad, con la paternidad, que falta algo y eso que falta est\u00e1 en la infancia. Uno puede volver a la infancia pero para volver a una adultez m\u00e1s completa. En este caso no es melanc\u00f3lica\u00bb, se\u00f1al\u00f3 el director de \u00abDerecho de familia\u00bb, \u00abEl nido vac\u00edo\u00bb o \u00abEl misterio de la felicidad\u00bb. <\/p>\n<p>Por Mar\u00eda Luz Climent Mascarell <\/p>\n","protected":false},"excerpt":{"rendered":"<p>Berlin, 13 feb (dpa) &#8211; Al director argentino Daniel Burman lo emociona sobremanera haber inaugurado este viernes con \u00abEl rey del once\u00bb la secci\u00f3n Panorama Special de la Berlinale, el certamen en el que debut\u00f3 y del que se ha llevado algunos de los mayores reconocimientos en su carrera. \u00abHace casi 20 a\u00f1os vine con<\/p>\n","protected":false},"author":1,"featured_media":18980,"comment_status":"closed","ping_status":"closed","sticky":false,"template":"","format":"standard","meta":{"footnotes":""},"categories":[343],"tags":[],"class_list":{"0":"post-26439","1":"post","2":"type-post","3":"status-publish","4":"format-standard","5":"has-post-thumbnail","7":"category-actualidad"},"aioseo_notices":[],"aioseo_head":"\n\t\t<!-- All in One SEO Pro 4.9.6.2 - aioseo.com -->\n\t<meta name=\"description\" content=\"Berlin, 13 feb (dpa) - Al director argentino Daniel Burman lo emociona sobremanera haber inaugurado este viernes con &quot;El rey del once&quot; la secci\u00f3n Panorama Special de la Berlinale, el certamen en el que debut\u00f3 y del que se ha llevado algunos de los mayores reconocimientos en su carrera. &quot;Hace casi 20 a\u00f1os vine con\" \/>\n\t<meta name=\"robots\" content=\"max-image-preview:large\" \/>\n\t<meta name=\"author\" content=\"Cand\u00e1s 365\"\/>\n\t<meta name=\"google-site-verification\" content=\"UA-32230408-1\" \/>\n\t<meta name=\"msvalidate.01\" content=\"354F3CDFB2DA171B47FBE9ABF1F88D5\" \/>\n\t<meta name=\"keywords\" content=\"actualidad\" \/>\n\t<link rel=\"canonical\" href=\"https:\/\/candas365.es\/noticias\/daniel-burman-berlin-es-una-experiencia-intransmisible\/\" \/>\n\t<meta name=\"generator\" content=\"All in One SEO Pro (AIOSEO) 4.9.6.2\" \/>\n\t\t<meta property=\"og:locale\" content=\"es_ES\" \/>\n\t\t<meta property=\"og:site_name\" content=\"Cand\u00e1s 365\" \/>\n\t\t<meta property=\"og:type\" content=\"article\" \/>\n\t\t<meta property=\"og:title\" content=\"Daniel Burman \u00abBerl\u00edn es una experiencia intransmisible\u00bb | Cand\u00e1s 365\" \/>\n\t\t<meta property=\"og:description\" content=\"Berlin, 13 feb (dpa) - Al director argentino Daniel Burman lo emociona sobremanera haber inaugurado este viernes con &quot;El rey del once&quot; la secci\u00f3n Panorama Special de la Berlinale, el certamen en el que debut\u00f3 y del que se ha llevado algunos de los mayores reconocimientos en su carrera. &quot;Hace casi 20 a\u00f1os vine con\" \/>\n\t\t<meta property=\"og:url\" content=\"https:\/\/candas365.es\/noticias\/daniel-burman-berlin-es-una-experiencia-intransmisible\/\" \/>\n\t\t<meta property=\"og:image\" content=\"https:\/\/candas365.es\/noticias\/wp-content\/uploads\/2015\/11\/Grada-cine.jpg\" \/>\n\t\t<meta property=\"og:image:secure_url\" content=\"https:\/\/candas365.es\/noticias\/wp-content\/uploads\/2015\/11\/Grada-cine.jpg\" \/>\n\t\t<meta property=\"og:image:width\" content=\"655\" \/>\n\t\t<meta property=\"og:image:height\" content=\"360\" \/>\n\t\t<meta property=\"article:published_time\" content=\"2016-02-13T21:29:37+00:00\" \/>\n\t\t<meta property=\"article:modified_time\" content=\"2016-02-13T21:29:37+00:00\" \/>\n\t\t<meta property=\"article:publisher\" content=\"https:\/\/www.facebook.com\/Nachofdezber\" \/>\n\t\t<meta property=\"article:author\" content=\"https:\/\/www.facebook.com\/carrenoactualidad\" \/>\n\t\t<meta name=\"twitter:card\" content=\"summary_large_image\" \/>\n\t\t<meta name=\"twitter:site\" content=\"@NabercoDigital\" \/>\n\t\t<meta name=\"twitter:title\" content=\"Daniel Burman \u00abBerl\u00edn es una experiencia intransmisible\u00bb | Cand\u00e1s 365\" \/>\n\t\t<meta name=\"twitter:description\" content=\"Berlin, 13 feb (dpa) - Al director argentino Daniel Burman lo emociona sobremanera haber inaugurado este viernes con &quot;El rey del once&quot; la secci\u00f3n Panorama Special de la Berlinale, el certamen en el que debut\u00f3 y del que se ha llevado algunos de los mayores reconocimientos en su carrera. &quot;Hace casi 20 a\u00f1os vine con\" \/>\n\t\t<meta name=\"twitter:creator\" content=\"@nbasturias\" \/>\n\t\t<meta name=\"twitter:image\" content=\"https:\/\/candas365.es\/noticias\/wp-content\/uploads\/2015\/11\/Grada-cine.jpg\" \/>\n\t\t<meta name=\"twitter:label1\" content=\"Escrito por\" \/>\n\t\t<meta name=\"twitter:data1\" content=\"Cand\u00e1s 365\" \/>\n\t\t<meta name=\"twitter:label2\" content=\"Tiempo de lectura estimado\" \/>\n\t\t<meta name=\"twitter:data2\" content=\"2 minutos\" \/>\n\t\t<script type=\"application\/ld+json\" class=\"aioseo-schema\">\n\t\t\t{\"@context\":\"https:\\\/\\\/schema.org\",\"@graph\":[{\"@type\":\"BreadcrumbList\",\"@id\":\"https:\\\/\\\/candas365.es\\\/noticias\\\/daniel-burman-berlin-es-una-experiencia-intransmisible\\\/#breadcrumblist\",\"itemListElement\":[{\"@type\":\"ListItem\",\"@id\":\"https:\\\/\\\/candas365.es\\\/noticias#listItem\",\"position\":1,\"name\":\"Home\",\"item\":\"https:\\\/\\\/candas365.es\\\/noticias\",\"nextItem\":{\"@type\":\"ListItem\",\"@id\":\"https:\\\/\\\/candas365.es\\\/noticias\\\/category\\\/actualidad\\\/#listItem\",\"name\":\"Actualidad\"}},{\"@type\":\"ListItem\",\"@id\":\"https:\\\/\\\/candas365.es\\\/noticias\\\/category\\\/actualidad\\\/#listItem\",\"position\":2,\"name\":\"Actualidad\",\"item\":\"https:\\\/\\\/candas365.es\\\/noticias\\\/category\\\/actualidad\\\/\",\"nextItem\":{\"@type\":\"ListItem\",\"@id\":\"https:\\\/\\\/candas365.es\\\/noticias\\\/daniel-burman-berlin-es-una-experiencia-intransmisible\\\/#listItem\",\"name\":\"Daniel Burman \\u00abBerl\\u00edn es una experiencia intransmisible\\u00bb\"},\"previousItem\":{\"@type\":\"ListItem\",\"@id\":\"https:\\\/\\\/candas365.es\\\/noticias#listItem\",\"name\":\"Home\"}},{\"@type\":\"ListItem\",\"@id\":\"https:\\\/\\\/candas365.es\\\/noticias\\\/daniel-burman-berlin-es-una-experiencia-intransmisible\\\/#listItem\",\"position\":3,\"name\":\"Daniel Burman \\u00abBerl\\u00edn es una experiencia intransmisible\\u00bb\",\"previousItem\":{\"@type\":\"ListItem\",\"@id\":\"https:\\\/\\\/candas365.es\\\/noticias\\\/category\\\/actualidad\\\/#listItem\",\"name\":\"Actualidad\"}}]},{\"@type\":\"NewsArticle\",\"@id\":\"https:\\\/\\\/candas365.es\\\/noticias\\\/daniel-burman-berlin-es-una-experiencia-intransmisible\\\/#newsarticle\",\"name\":\"Daniel Burman \\u00abBerl\\u00edn es una experiencia intransmisible\\u00bb | Cand\\u00e1s 365\",\"headline\":\"Daniel Burman \\u00abBerl\\u00edn es una experiencia intransmisible\\u00bb\",\"author\":{\"@id\":\"https:\\\/\\\/candas365.es\\\/noticias\\\/author\\\/admin\\\/#author\"},\"publisher\":{\"@id\":\"https:\\\/\\\/candas365.es\\\/noticias\\\/#organization\"},\"image\":{\"@type\":\"ImageObject\",\"url\":\"https:\\\/\\\/candas365.es\\\/noticias\\\/wp-content\\\/uploads\\\/2015\\\/11\\\/Grada-cine.jpg\",\"width\":655,\"height\":360},\"datePublished\":\"2016-02-13T22:59:37+01:00\",\"dateModified\":\"2016-02-13T22:59:37+01:00\",\"inLanguage\":\"es-ES\",\"mainEntityOfPage\":{\"@id\":\"https:\\\/\\\/candas365.es\\\/noticias\\\/daniel-burman-berlin-es-una-experiencia-intransmisible\\\/#webpage\"},\"isPartOf\":{\"@id\":\"https:\\\/\\\/candas365.es\\\/noticias\\\/daniel-burman-berlin-es-una-experiencia-intransmisible\\\/#webpage\"},\"articleSection\":\"Actualidad\",\"dateline\":\"Publicado el febrero 13, 2016.\"},{\"@type\":\"Organization\",\"@id\":\"https:\\\/\\\/candas365.es\\\/noticias\\\/#organization\",\"name\":\"Cand\\u00e1s 365\",\"description\":\"Cand\\u00e1s 365 es un diario digital independiente, fundado en 2012, con base en Asturias. Informamos con rigor sobre actualidad, sociedad, cultura y ocio, con una mirada local y global.\",\"url\":\"https:\\\/\\\/candas365.es\\\/noticias\\\/\",\"email\":\"info@candas365.es\",\"telephone\":\"+34652131393\",\"foundingDate\":\"2012-06-10\",\"logo\":{\"@type\":\"ImageObject\",\"url\":\"https:\\\/\\\/candas365.es\\\/noticias\\\/wp-content\\\/uploads\\\/2024\\\/09\\\/Candas-365-Redes.jpg\",\"@id\":\"https:\\\/\\\/candas365.es\\\/noticias\\\/daniel-burman-berlin-es-una-experiencia-intransmisible\\\/#organizationLogo\",\"width\":1152,\"height\":864,\"caption\":\"Cand\\u00e1s 365 Redes\"},\"image\":{\"@id\":\"https:\\\/\\\/candas365.es\\\/noticias\\\/daniel-burman-berlin-es-una-experiencia-intransmisible\\\/#organizationLogo\"},\"sameAs\":[\"https:\\\/\\\/www.facebook.com\\\/Nachofdezber\",\"https:\\\/\\\/x.com\\\/NabercoDigital\",\"https:\\\/\\\/www.instagram.com\\\/nachofdezber\\\/\",\"https:\\\/\\\/www.youtube.com\\\/channel\\\/UCZP-2wLEB9Rv6erhFmqVnvg\"],\"address\":{\"@id\":\"https:\\\/\\\/candas365.es\\\/noticias\\\/#postaladdress\",\"@type\":\"PostalAddress\",\"streetAddress\":\"san antonio 4, san antonio 4\",\"postalCode\":\"33430\",\"addressLocality\":\"Cand\\u00e1s\",\"addressRegion\":\"Asturias\",\"addressCountry\":\"ES\"}},{\"@type\":\"Person\",\"@id\":\"https:\\\/\\\/candas365.es\\\/noticias\\\/author\\\/admin\\\/#author\",\"url\":\"https:\\\/\\\/candas365.es\\\/noticias\\\/author\\\/admin\\\/\",\"name\":\"Cand\\u00e1s 365\",\"image\":{\"@type\":\"ImageObject\",\"@id\":\"https:\\\/\\\/candas365.es\\\/noticias\\\/daniel-burman-berlin-es-una-experiencia-intransmisible\\\/#authorImage\",\"url\":\"https:\\\/\\\/secure.gravatar.com\\\/avatar\\\/496a8e03d0c493ede1718b7934145dbdf8d89be1036b0eec9544e1094c9de390?s=96&d=mm&r=g\",\"width\":96,\"height\":96,\"caption\":\"Cand\\u00e1s 365\"},\"sameAs\":[\"https:\\\/\\\/www.facebook.com\\\/carrenoactualidad\",\"https:\\\/\\\/twitter.com\\\/nbasturias\",\"https:\\\/\\\/www.instagram.com\\\/nachofdezber\\\/\",\"https:\\\/\\\/www.youtube.com\\\/channel\\\/UCZP-2wLEB9Rv6erhFmqVnvg\"]},{\"@type\":\"WebPage\",\"@id\":\"https:\\\/\\\/candas365.es\\\/noticias\\\/daniel-burman-berlin-es-una-experiencia-intransmisible\\\/#webpage\",\"url\":\"https:\\\/\\\/candas365.es\\\/noticias\\\/daniel-burman-berlin-es-una-experiencia-intransmisible\\\/\",\"name\":\"Daniel Burman \\u00abBerl\\u00edn es una experiencia intransmisible\\u00bb | Cand\\u00e1s 365\",\"description\":\"Berlin, 13 feb (dpa) - Al director argentino Daniel Burman lo emociona sobremanera haber inaugurado este viernes con \\\"El rey del once\\\" la secci\\u00f3n Panorama Special de la Berlinale, el certamen en el que debut\\u00f3 y del que se ha llevado algunos de los mayores reconocimientos en su carrera. \\\"Hace casi 20 a\\u00f1os vine con\",\"inLanguage\":\"es-ES\",\"isPartOf\":{\"@id\":\"https:\\\/\\\/candas365.es\\\/noticias\\\/#website\"},\"breadcrumb\":{\"@id\":\"https:\\\/\\\/candas365.es\\\/noticias\\\/daniel-burman-berlin-es-una-experiencia-intransmisible\\\/#breadcrumblist\"},\"author\":{\"@id\":\"https:\\\/\\\/candas365.es\\\/noticias\\\/author\\\/admin\\\/#author\"},\"creator\":{\"@id\":\"https:\\\/\\\/candas365.es\\\/noticias\\\/author\\\/admin\\\/#author\"},\"image\":{\"@type\":\"ImageObject\",\"url\":\"https:\\\/\\\/candas365.es\\\/noticias\\\/wp-content\\\/uploads\\\/2015\\\/11\\\/Grada-cine.jpg\",\"@id\":\"https:\\\/\\\/candas365.es\\\/noticias\\\/daniel-burman-berlin-es-una-experiencia-intransmisible\\\/#mainImage\",\"width\":655,\"height\":360},\"primaryImageOfPage\":{\"@id\":\"https:\\\/\\\/candas365.es\\\/noticias\\\/daniel-burman-berlin-es-una-experiencia-intransmisible\\\/#mainImage\"},\"datePublished\":\"2016-02-13T22:59:37+01:00\",\"dateModified\":\"2016-02-13T22:59:37+01:00\"},{\"@type\":\"WebSite\",\"@id\":\"https:\\\/\\\/candas365.es\\\/noticias\\\/#website\",\"url\":\"https:\\\/\\\/candas365.es\\\/noticias\\\/\",\"name\":\"Cand\\u00e1s 365\",\"alternateName\":\"Cand\\u00e1s 365 Noticias\",\"description\":\"Actualidad desde Carre\\u00f1o para el mundo\",\"inLanguage\":\"es-ES\",\"publisher\":{\"@id\":\"https:\\\/\\\/candas365.es\\\/noticias\\\/#organization\"}}]}\n\t\t<\/script>\n\t\t<!-- All in One SEO Pro -->\r\n\t\t<title>Daniel Burman \u00abBerl\u00edn es una experiencia intransmisible\u00bb | Cand\u00e1s 365<\/title>\n\n","aioseo_head_json":{"title":"Daniel Burman \u00abBerl\u00edn es una experiencia intransmisible\u00bb | Cand\u00e1s 365","description":"Berlin, 13 feb (dpa) - Al director argentino Daniel Burman lo emociona sobremanera haber inaugurado este viernes con \"El rey del once\" la secci\u00f3n Panorama Special de la Berlinale, el certamen en el que debut\u00f3 y del que se ha llevado algunos de los mayores reconocimientos en su carrera. \"Hace casi 20 a\u00f1os vine con","canonical_url":"https:\/\/candas365.es\/noticias\/daniel-burman-berlin-es-una-experiencia-intransmisible\/","robots":"max-image-preview:large","keywords":"actualidad","webmasterTools":{"google-site-verification":"UA-32230408-1","msvalidate.01":"354F3CDFB2DA171B47FBE9ABF1F88D5","miscellaneous":""},"schema":{"@context":"https:\/\/schema.org","@graph":[{"@type":"BreadcrumbList","@id":"https:\/\/candas365.es\/noticias\/daniel-burman-berlin-es-una-experiencia-intransmisible\/#breadcrumblist","itemListElement":[{"@type":"ListItem","@id":"https:\/\/candas365.es\/noticias#listItem","position":1,"name":"Home","item":"https:\/\/candas365.es\/noticias","nextItem":{"@type":"ListItem","@id":"https:\/\/candas365.es\/noticias\/category\/actualidad\/#listItem","name":"Actualidad"}},{"@type":"ListItem","@id":"https:\/\/candas365.es\/noticias\/category\/actualidad\/#listItem","position":2,"name":"Actualidad","item":"https:\/\/candas365.es\/noticias\/category\/actualidad\/","nextItem":{"@type":"ListItem","@id":"https:\/\/candas365.es\/noticias\/daniel-burman-berlin-es-una-experiencia-intransmisible\/#listItem","name":"Daniel Burman \u00abBerl\u00edn es una experiencia intransmisible\u00bb"},"previousItem":{"@type":"ListItem","@id":"https:\/\/candas365.es\/noticias#listItem","name":"Home"}},{"@type":"ListItem","@id":"https:\/\/candas365.es\/noticias\/daniel-burman-berlin-es-una-experiencia-intransmisible\/#listItem","position":3,"name":"Daniel Burman \u00abBerl\u00edn es una experiencia intransmisible\u00bb","previousItem":{"@type":"ListItem","@id":"https:\/\/candas365.es\/noticias\/category\/actualidad\/#listItem","name":"Actualidad"}}]},{"@type":"NewsArticle","@id":"https:\/\/candas365.es\/noticias\/daniel-burman-berlin-es-una-experiencia-intransmisible\/#newsarticle","name":"Daniel Burman \u00abBerl\u00edn es una experiencia intransmisible\u00bb | Cand\u00e1s 365","headline":"Daniel Burman \u00abBerl\u00edn es una experiencia intransmisible\u00bb","author":{"@id":"https:\/\/candas365.es\/noticias\/author\/admin\/#author"},"publisher":{"@id":"https:\/\/candas365.es\/noticias\/#organization"},"image":{"@type":"ImageObject","url":"https:\/\/candas365.es\/noticias\/wp-content\/uploads\/2015\/11\/Grada-cine.jpg","width":655,"height":360},"datePublished":"2016-02-13T22:59:37+01:00","dateModified":"2016-02-13T22:59:37+01:00","inLanguage":"es-ES","mainEntityOfPage":{"@id":"https:\/\/candas365.es\/noticias\/daniel-burman-berlin-es-una-experiencia-intransmisible\/#webpage"},"isPartOf":{"@id":"https:\/\/candas365.es\/noticias\/daniel-burman-berlin-es-una-experiencia-intransmisible\/#webpage"},"articleSection":"Actualidad","dateline":"Publicado el febrero 13, 2016."},{"@type":"Organization","@id":"https:\/\/candas365.es\/noticias\/#organization","name":"Cand\u00e1s 365","description":"Cand\u00e1s 365 es un diario digital independiente, fundado en 2012, con base en Asturias. Informamos con rigor sobre actualidad, sociedad, cultura y ocio, con una mirada local y global.","url":"https:\/\/candas365.es\/noticias\/","email":"info@candas365.es","telephone":"+34652131393","foundingDate":"2012-06-10","logo":{"@type":"ImageObject","url":"https:\/\/candas365.es\/noticias\/wp-content\/uploads\/2024\/09\/Candas-365-Redes.jpg","@id":"https:\/\/candas365.es\/noticias\/daniel-burman-berlin-es-una-experiencia-intransmisible\/#organizationLogo","width":1152,"height":864,"caption":"Cand\u00e1s 365 Redes"},"image":{"@id":"https:\/\/candas365.es\/noticias\/daniel-burman-berlin-es-una-experiencia-intransmisible\/#organizationLogo"},"sameAs":["https:\/\/www.facebook.com\/Nachofdezber","https:\/\/x.com\/NabercoDigital","https:\/\/www.instagram.com\/nachofdezber\/","https:\/\/www.youtube.com\/channel\/UCZP-2wLEB9Rv6erhFmqVnvg"],"address":{"@id":"https:\/\/candas365.es\/noticias\/#postaladdress","@type":"PostalAddress","streetAddress":"san antonio 4, san antonio 4","postalCode":"33430","addressLocality":"Cand\u00e1s","addressRegion":"Asturias","addressCountry":"ES"}},{"@type":"Person","@id":"https:\/\/candas365.es\/noticias\/author\/admin\/#author","url":"https:\/\/candas365.es\/noticias\/author\/admin\/","name":"Cand\u00e1s 365","image":{"@type":"ImageObject","@id":"https:\/\/candas365.es\/noticias\/daniel-burman-berlin-es-una-experiencia-intransmisible\/#authorImage","url":"https:\/\/secure.gravatar.com\/avatar\/496a8e03d0c493ede1718b7934145dbdf8d89be1036b0eec9544e1094c9de390?s=96&d=mm&r=g","width":96,"height":96,"caption":"Cand\u00e1s 365"},"sameAs":["https:\/\/www.facebook.com\/carrenoactualidad","https:\/\/twitter.com\/nbasturias","https:\/\/www.instagram.com\/nachofdezber\/","https:\/\/www.youtube.com\/channel\/UCZP-2wLEB9Rv6erhFmqVnvg"]},{"@type":"WebPage","@id":"https:\/\/candas365.es\/noticias\/daniel-burman-berlin-es-una-experiencia-intransmisible\/#webpage","url":"https:\/\/candas365.es\/noticias\/daniel-burman-berlin-es-una-experiencia-intransmisible\/","name":"Daniel Burman \u00abBerl\u00edn es una experiencia intransmisible\u00bb | Cand\u00e1s 365","description":"Berlin, 13 feb (dpa) - Al director argentino Daniel Burman lo emociona sobremanera haber inaugurado este viernes con \"El rey del once\" la secci\u00f3n Panorama Special de la Berlinale, el certamen en el que debut\u00f3 y del que se ha llevado algunos de los mayores reconocimientos en su carrera. \"Hace casi 20 a\u00f1os vine con","inLanguage":"es-ES","isPartOf":{"@id":"https:\/\/candas365.es\/noticias\/#website"},"breadcrumb":{"@id":"https:\/\/candas365.es\/noticias\/daniel-burman-berlin-es-una-experiencia-intransmisible\/#breadcrumblist"},"author":{"@id":"https:\/\/candas365.es\/noticias\/author\/admin\/#author"},"creator":{"@id":"https:\/\/candas365.es\/noticias\/author\/admin\/#author"},"image":{"@type":"ImageObject","url":"https:\/\/candas365.es\/noticias\/wp-content\/uploads\/2015\/11\/Grada-cine.jpg","@id":"https:\/\/candas365.es\/noticias\/daniel-burman-berlin-es-una-experiencia-intransmisible\/#mainImage","width":655,"height":360},"primaryImageOfPage":{"@id":"https:\/\/candas365.es\/noticias\/daniel-burman-berlin-es-una-experiencia-intransmisible\/#mainImage"},"datePublished":"2016-02-13T22:59:37+01:00","dateModified":"2016-02-13T22:59:37+01:00"},{"@type":"WebSite","@id":"https:\/\/candas365.es\/noticias\/#website","url":"https:\/\/candas365.es\/noticias\/","name":"Cand\u00e1s 365","alternateName":"Cand\u00e1s 365 Noticias","description":"Actualidad desde Carre\u00f1o para el mundo","inLanguage":"es-ES","publisher":{"@id":"https:\/\/candas365.es\/noticias\/#organization"}}]},"og:locale":"es_ES","og:site_name":"Cand\u00e1s 365","og:type":"article","og:title":"Daniel Burman \u00abBerl\u00edn es una experiencia intransmisible\u00bb | Cand\u00e1s 365","og:description":"Berlin, 13 feb (dpa) - Al director argentino Daniel Burman lo emociona sobremanera haber inaugurado este viernes con &quot;El rey del once&quot; la secci\u00f3n Panorama Special de la Berlinale, el certamen en el que debut\u00f3 y del que se ha llevado algunos de los mayores reconocimientos en su carrera. &quot;Hace casi 20 a\u00f1os vine con","og:url":"https:\/\/candas365.es\/noticias\/daniel-burman-berlin-es-una-experiencia-intransmisible\/","og:image":"https:\/\/candas365.es\/noticias\/wp-content\/uploads\/2015\/11\/Grada-cine.jpg","og:image:secure_url":"https:\/\/candas365.es\/noticias\/wp-content\/uploads\/2015\/11\/Grada-cine.jpg","og:image:width":655,"og:image:height":360,"article:published_time":"2016-02-13T21:29:37+00:00","article:modified_time":"2016-02-13T21:29:37+00:00","article:publisher":"https:\/\/www.facebook.com\/Nachofdezber","article:author":"https:\/\/www.facebook.com\/carrenoactualidad","twitter:card":"summary_large_image","twitter:site":"@NabercoDigital","twitter:title":"Daniel Burman \u00abBerl\u00edn es una experiencia intransmisible\u00bb | Cand\u00e1s 365","twitter:description":"Berlin, 13 feb (dpa) - Al director argentino Daniel Burman lo emociona sobremanera haber inaugurado este viernes con &quot;El rey del once&quot; la secci\u00f3n Panorama Special de la Berlinale, el certamen en el que debut\u00f3 y del que se ha llevado algunos de los mayores reconocimientos en su carrera. &quot;Hace casi 20 a\u00f1os vine con","twitter:creator":"@nbasturias","twitter:image":"https:\/\/candas365.es\/noticias\/wp-content\/uploads\/2015\/11\/Grada-cine.jpg","twitter:label1":"Escrito por","twitter:data1":"Cand\u00e1s 365","twitter:label2":"Tiempo de lectura estimado","twitter:data2":"2 minutos"},"aioseo_meta_data":{"post_id":"26439","title":null,"description":null,"keywords":null,"keyphrases":null,"primary_term":null,"canonical_url":null,"og_title":null,"og_description":null,"og_object_type":"default","og_image_type":"default","og_image_url":null,"og_image_width":null,"og_image_height":null,"og_image_custom_url":null,"og_image_custom_fields":null,"og_video":null,"og_custom_url":null,"og_article_section":null,"og_article_tags":null,"twitter_use_og":false,"twitter_card":"default","twitter_image_type":"default","twitter_image_url":null,"twitter_image_custom_url":null,"twitter_image_custom_fields":null,"twitter_title":null,"twitter_description":null,"schema":{"blockGraphs":[],"customGraphs":[],"default":{"data":{"Article":[],"Course":[],"Dataset":[],"FAQPage":[],"Movie":[],"Person":[],"Product":[],"ProductReview":[],"Car":[],"Recipe":[],"Service":[],"SoftwareApplication":[],"WebPage":[]},"graphName":"","isEnabled":true},"graphs":[],"defaultGraph":"","defaultPostTypeGraph":""},"schema_type":null,"schema_type_options":null,"pillar_content":false,"robots_default":true,"robots_noindex":false,"robots_noarchive":false,"robots_nosnippet":false,"robots_nofollow":false,"robots_noimageindex":false,"robots_noodp":false,"robots_notranslate":false,"robots_max_snippet":null,"robots_max_videopreview":null,"robots_max_imagepreview":"large","priority":null,"frequency":null,"location":null,"local_seo":null,"seo_analyzer_scan_date":"2025-08-24 07:16:38","breadcrumb_settings":null,"limit_modified_date":false,"reviewed_by":null,"open_ai":null,"ai":null,"created":"2020-12-21 12:36:04","updated":"2025-08-24 07:16:38"},"aioseo_breadcrumb":"<div class=\"aioseo-breadcrumbs\"><span class=\"aioseo-breadcrumb\">\n\t<a href=\"https:\/\/candas365.es\/noticias\" title=\"Home\">Home<\/a>\n<\/span><span class=\"aioseo-breadcrumb-separator\">&ndash;<\/span><span class=\"aioseo-breadcrumb\">\n\t<a href=\"https:\/\/candas365.es\/noticias\/category\/actualidad\/\" title=\"Actualidad\">Actualidad<\/a>\n<\/span><span class=\"aioseo-breadcrumb-separator\">&ndash;<\/span><span class=\"aioseo-breadcrumb\">\n\tDaniel Burman \u00abBerl\u00edn es una experiencia intransmisible\u00bb\n<\/span><\/div>","aioseo_breadcrumb_json":[{"label":"Home","link":"https:\/\/candas365.es\/noticias"},{"label":"Actualidad","link":"https:\/\/candas365.es\/noticias\/category\/actualidad\/"},{"label":"Daniel Burman \u00abBerl\u00edn es una experiencia intransmisible\u00bb","link":"https:\/\/candas365.es\/noticias\/daniel-burman-berlin-es-una-experiencia-intransmisible\/"}],"_links":{"self":[{"href":"https:\/\/candas365.es\/noticias\/wp-json\/wp\/v2\/posts\/26439","targetHints":{"allow":["GET"]}}],"collection":[{"href":"https:\/\/candas365.es\/noticias\/wp-json\/wp\/v2\/posts"}],"about":[{"href":"https:\/\/candas365.es\/noticias\/wp-json\/wp\/v2\/types\/post"}],"author":[{"embeddable":true,"href":"https:\/\/candas365.es\/noticias\/wp-json\/wp\/v2\/users\/1"}],"replies":[{"embeddable":true,"href":"https:\/\/candas365.es\/noticias\/wp-json\/wp\/v2\/comments?post=26439"}],"version-history":[{"count":0,"href":"https:\/\/candas365.es\/noticias\/wp-json\/wp\/v2\/posts\/26439\/revisions"}],"wp:featuredmedia":[{"embeddable":true,"href":"https:\/\/candas365.es\/noticias\/wp-json\/wp\/v2\/media\/18980"}],"wp:attachment":[{"href":"https:\/\/candas365.es\/noticias\/wp-json\/wp\/v2\/media?parent=26439"}],"wp:term":[{"taxonomy":"category","embeddable":true,"href":"https:\/\/candas365.es\/noticias\/wp-json\/wp\/v2\/categories?post=26439"},{"taxonomy":"post_tag","embeddable":true,"href":"https:\/\/candas365.es\/noticias\/wp-json\/wp\/v2\/tags?post=26439"}],"curies":[{"name":"wp","href":"https:\/\/api.w.org\/{rel}","templated":true}]}}