{"id":26437,"date":"2016-02-13T22:58:41","date_gmt":"2016-02-13T21:28:41","guid":{"rendered":"http:\/\/candas365.es\/noticias\/?p=26437"},"modified":"2016-02-13T22:58:41","modified_gmt":"2016-02-13T21:28:41","slug":"alemania-y-polonia-uniran-esfuerzos-para-evitar-el-brexit","status":"publish","type":"post","link":"https:\/\/candas365.es\/noticias\/alemania-y-polonia-uniran-esfuerzos-para-evitar-el-brexit\/","title":{"rendered":"Alemania y Polonia unir\u00e1n esfuerzos para evitar el \u00abBrexit\u00bb"},"content":{"rendered":"<p>Berl\u00edn, 13 feb (dpa) &#8211; Alemania y Polonia aunar\u00e1n esfuerzos para evitar la salida del Reino Unido de la Uni\u00f3n Europea, aseguraron este viernes la canciller alemana, Angela Merkel, y la primera ministra de Polonia, Beata Szydlo, al t\u00e9rmino de una reuni\u00f3n en Berl\u00edn.<\/p>\n<p>Merkel sostuvo que ambos pa\u00edses desean que Londres contin\u00fae formando parte del bloque. \u00abPor ello haremos todo lo posible por hallar una soluci\u00f3n con el Reino Unido, con David Cameron, respetando todos los principios que hacen a la Uni\u00f3n Europea, como por ejemplo el de la libre circulaci\u00f3n\u00bb, se\u00f1al\u00f3 la mandataria alemana. Szydlo record\u00f3 que muchos polacos trabajan en el Reino Unido.<\/p>\n<p>Szdylo lleg\u00f3 el viernes a Berl\u00edn en su primera visita oficial a Alemania. La mandataria conservadora comparti\u00f3 con Merkel un almuerzo de trabajo, tras el cual ambas se esforzaron en dar una imagen de concordia, destacaron sus puntos en com\u00fan y omitieron tocar temas cr\u00edticos.<\/p>\n<p>Merkel evit\u00f3 mencionar la pol\u00e9mica ley de medios de Polonia que deja en manos del ministerio de Econom\u00eda los nombramientos en los medios p\u00fablicos o las medidas para controlar al Tribunal Constitucional que han llevado a la Comisi\u00f3n Europea a abrir expediente contra Varsovia. <\/p>\n<p>Szydlo, por su parte, no repiti\u00f3 las declaraciones efectuadas en la antesala del encuentro al diario de masas \u00abBild\u00bb de que Alemania hab\u00eda perdido el control de la situaci\u00f3n por la llegada masiva de refugiados.<\/p>\n<p>Durante muchos a\u00f1os, la canciller Merkel fue uno de los principales interlocutores del gobierno de Polonia, pero las relaciones se tensaron con la llegada al poder de los conservadores nacionalistas. <\/p>\n<p>Szydlo, una pol\u00edtica moderada pero cercana al ultraconservador Jaroslaw Kaczynski, rompi\u00f3 con la tradici\u00f3n de jefes de gobierno de Polonia y Alemania de efectuar una visita oficial al pa\u00eds vecino poco despu\u00e9s de asumir. La n\u00famero dos del partido nacionalista conservador Ley y Justicia (PiS) asumi\u00f3 la jefatura de gobierno el 16 de noviembre de 2015.<\/p>\n","protected":false},"excerpt":{"rendered":"<p>Berl\u00edn, 13 feb (dpa) &#8211; Alemania y Polonia aunar\u00e1n esfuerzos para evitar la salida del Reino Unido de la Uni\u00f3n Europea, aseguraron este viernes la canciller alemana, Angela Merkel, y la primera ministra de Polonia, Beata Szydlo, al t\u00e9rmino de una reuni\u00f3n en Berl\u00edn. Merkel sostuvo que ambos pa\u00edses desean que Londres contin\u00fae formando parte<\/p>\n","protected":false},"author":1,"featured_media":16457,"comment_status":"closed","ping_status":"closed","sticky":false,"template":"","format":"standard","meta":{"footnotes":""},"categories":[343],"tags":[],"class_list":{"0":"post-26437","1":"post","2":"type-post","3":"status-publish","4":"format-standard","5":"has-post-thumbnail","7":"category-actualidad"},"aioseo_notices":[],"aioseo_head":"\n\t\t<!-- All in One SEO Pro 4.9.6.2 - aioseo.com -->\n\t<meta name=\"description\" content=\"Berl\u00edn, 13 feb (dpa) - Alemania y Polonia aunar\u00e1n esfuerzos para evitar la salida del Reino Unido de la Uni\u00f3n Europea, aseguraron este viernes la canciller alemana, Angela Merkel, y la primera ministra de Polonia, Beata Szydlo, al t\u00e9rmino de una reuni\u00f3n en Berl\u00edn. Merkel sostuvo que ambos pa\u00edses desean que Londres contin\u00fae formando parte\" \/>\n\t<meta name=\"robots\" content=\"max-image-preview:large\" \/>\n\t<meta name=\"author\" content=\"Cand\u00e1s 365\"\/>\n\t<meta name=\"google-site-verification\" content=\"UA-32230408-1\" \/>\n\t<meta name=\"msvalidate.01\" content=\"354F3CDFB2DA171B47FBE9ABF1F88D5\" \/>\n\t<meta name=\"keywords\" content=\"actualidad\" \/>\n\t<link rel=\"canonical\" href=\"https:\/\/candas365.es\/noticias\/alemania-y-polonia-uniran-esfuerzos-para-evitar-el-brexit\/\" \/>\n\t<meta name=\"generator\" content=\"All in One SEO Pro (AIOSEO) 4.9.6.2\" \/>\n\t\t<meta property=\"og:locale\" content=\"es_ES\" \/>\n\t\t<meta property=\"og:site_name\" content=\"Cand\u00e1s 365\" \/>\n\t\t<meta property=\"og:type\" content=\"article\" \/>\n\t\t<meta property=\"og:title\" content=\"Alemania y Polonia unir\u00e1n esfuerzos para evitar el \u00abBrexit\u00bb | Cand\u00e1s 365\" \/>\n\t\t<meta property=\"og:description\" content=\"Berl\u00edn, 13 feb (dpa) - Alemania y Polonia aunar\u00e1n esfuerzos para evitar la salida del Reino Unido de la Uni\u00f3n Europea, aseguraron este viernes la canciller alemana, Angela Merkel, y la primera ministra de Polonia, Beata Szydlo, al t\u00e9rmino de una reuni\u00f3n en Berl\u00edn. Merkel sostuvo que ambos pa\u00edses desean que Londres contin\u00fae formando parte\" \/>\n\t\t<meta property=\"og:url\" content=\"https:\/\/candas365.es\/noticias\/alemania-y-polonia-uniran-esfuerzos-para-evitar-el-brexit\/\" \/>\n\t\t<meta property=\"og:image\" content=\"https:\/\/candas365.es\/noticias\/wp-content\/uploads\/2015\/09\/c365noticias.jpg\" \/>\n\t\t<meta property=\"og:image:secure_url\" content=\"https:\/\/candas365.es\/noticias\/wp-content\/uploads\/2015\/09\/c365noticias.jpg\" \/>\n\t\t<meta property=\"og:image:width\" content=\"655\" \/>\n\t\t<meta property=\"og:image:height\" content=\"360\" \/>\n\t\t<meta property=\"article:published_time\" content=\"2016-02-13T21:28:41+00:00\" \/>\n\t\t<meta property=\"article:modified_time\" content=\"2016-02-13T21:28:41+00:00\" \/>\n\t\t<meta property=\"article:publisher\" content=\"https:\/\/www.facebook.com\/Nachofdezber\" \/>\n\t\t<meta property=\"article:author\" content=\"https:\/\/www.facebook.com\/carrenoactualidad\" \/>\n\t\t<meta name=\"twitter:card\" content=\"summary_large_image\" \/>\n\t\t<meta name=\"twitter:site\" content=\"@NabercoDigital\" \/>\n\t\t<meta name=\"twitter:title\" content=\"Alemania y Polonia unir\u00e1n esfuerzos para evitar el \u00abBrexit\u00bb | Cand\u00e1s 365\" \/>\n\t\t<meta name=\"twitter:description\" content=\"Berl\u00edn, 13 feb (dpa) - Alemania y Polonia aunar\u00e1n esfuerzos para evitar la salida del Reino Unido de la Uni\u00f3n Europea, aseguraron este viernes la canciller alemana, Angela Merkel, y la primera ministra de Polonia, Beata Szydlo, al t\u00e9rmino de una reuni\u00f3n en Berl\u00edn. Merkel sostuvo que ambos pa\u00edses desean que Londres contin\u00fae formando parte\" \/>\n\t\t<meta name=\"twitter:creator\" content=\"@nbasturias\" \/>\n\t\t<meta name=\"twitter:image\" content=\"https:\/\/candas365.es\/noticias\/wp-content\/uploads\/2015\/09\/c365noticias.jpg\" \/>\n\t\t<meta name=\"twitter:label1\" content=\"Escrito por\" \/>\n\t\t<meta name=\"twitter:data1\" content=\"Cand\u00e1s 365\" \/>\n\t\t<meta name=\"twitter:label2\" content=\"Tiempo de lectura estimado\" \/>\n\t\t<meta name=\"twitter:data2\" content=\"2 minutos\" \/>\n\t\t<script type=\"application\/ld+json\" class=\"aioseo-schema\">\n\t\t\t{\"@context\":\"https:\\\/\\\/schema.org\",\"@graph\":[{\"@type\":\"BreadcrumbList\",\"@id\":\"https:\\\/\\\/candas365.es\\\/noticias\\\/alemania-y-polonia-uniran-esfuerzos-para-evitar-el-brexit\\\/#breadcrumblist\",\"itemListElement\":[{\"@type\":\"ListItem\",\"@id\":\"https:\\\/\\\/candas365.es\\\/noticias#listItem\",\"position\":1,\"name\":\"Home\",\"item\":\"https:\\\/\\\/candas365.es\\\/noticias\",\"nextItem\":{\"@type\":\"ListItem\",\"@id\":\"https:\\\/\\\/candas365.es\\\/noticias\\\/category\\\/actualidad\\\/#listItem\",\"name\":\"Actualidad\"}},{\"@type\":\"ListItem\",\"@id\":\"https:\\\/\\\/candas365.es\\\/noticias\\\/category\\\/actualidad\\\/#listItem\",\"position\":2,\"name\":\"Actualidad\",\"item\":\"https:\\\/\\\/candas365.es\\\/noticias\\\/category\\\/actualidad\\\/\",\"nextItem\":{\"@type\":\"ListItem\",\"@id\":\"https:\\\/\\\/candas365.es\\\/noticias\\\/alemania-y-polonia-uniran-esfuerzos-para-evitar-el-brexit\\\/#listItem\",\"name\":\"Alemania y Polonia unir\\u00e1n esfuerzos para evitar el \\u00abBrexit\\u00bb\"},\"previousItem\":{\"@type\":\"ListItem\",\"@id\":\"https:\\\/\\\/candas365.es\\\/noticias#listItem\",\"name\":\"Home\"}},{\"@type\":\"ListItem\",\"@id\":\"https:\\\/\\\/candas365.es\\\/noticias\\\/alemania-y-polonia-uniran-esfuerzos-para-evitar-el-brexit\\\/#listItem\",\"position\":3,\"name\":\"Alemania y Polonia unir\\u00e1n esfuerzos para evitar el \\u00abBrexit\\u00bb\",\"previousItem\":{\"@type\":\"ListItem\",\"@id\":\"https:\\\/\\\/candas365.es\\\/noticias\\\/category\\\/actualidad\\\/#listItem\",\"name\":\"Actualidad\"}}]},{\"@type\":\"NewsArticle\",\"@id\":\"https:\\\/\\\/candas365.es\\\/noticias\\\/alemania-y-polonia-uniran-esfuerzos-para-evitar-el-brexit\\\/#newsarticle\",\"name\":\"Alemania y Polonia unir\\u00e1n esfuerzos para evitar el \\u00abBrexit\\u00bb | Cand\\u00e1s 365\",\"headline\":\"Alemania y Polonia unir\\u00e1n esfuerzos para evitar el \\u00abBrexit\\u00bb\",\"author\":{\"@id\":\"https:\\\/\\\/candas365.es\\\/noticias\\\/author\\\/admin\\\/#author\"},\"publisher\":{\"@id\":\"https:\\\/\\\/candas365.es\\\/noticias\\\/#organization\"},\"image\":{\"@type\":\"ImageObject\",\"url\":\"https:\\\/\\\/candas365.es\\\/noticias\\\/wp-content\\\/uploads\\\/2015\\\/09\\\/c365noticias.jpg\",\"width\":655,\"height\":360},\"datePublished\":\"2016-02-13T22:58:41+01:00\",\"dateModified\":\"2016-02-13T22:58:41+01:00\",\"inLanguage\":\"es-ES\",\"mainEntityOfPage\":{\"@id\":\"https:\\\/\\\/candas365.es\\\/noticias\\\/alemania-y-polonia-uniran-esfuerzos-para-evitar-el-brexit\\\/#webpage\"},\"isPartOf\":{\"@id\":\"https:\\\/\\\/candas365.es\\\/noticias\\\/alemania-y-polonia-uniran-esfuerzos-para-evitar-el-brexit\\\/#webpage\"},\"articleSection\":\"Actualidad\",\"dateline\":\"Publicado el febrero 13, 2016.\"},{\"@type\":\"Organization\",\"@id\":\"https:\\\/\\\/candas365.es\\\/noticias\\\/#organization\",\"name\":\"Cand\\u00e1s 365\",\"description\":\"Cand\\u00e1s 365 es un diario digital independiente, fundado en 2012, con base en Asturias. Informamos con rigor sobre actualidad, sociedad, cultura y ocio, con una mirada local y global.\",\"url\":\"https:\\\/\\\/candas365.es\\\/noticias\\\/\",\"email\":\"info@candas365.es\",\"telephone\":\"+34652131393\",\"foundingDate\":\"2012-06-10\",\"logo\":{\"@type\":\"ImageObject\",\"url\":\"https:\\\/\\\/candas365.es\\\/noticias\\\/wp-content\\\/uploads\\\/2024\\\/09\\\/Candas-365-Redes.jpg\",\"@id\":\"https:\\\/\\\/candas365.es\\\/noticias\\\/alemania-y-polonia-uniran-esfuerzos-para-evitar-el-brexit\\\/#organizationLogo\",\"width\":1152,\"height\":864,\"caption\":\"Cand\\u00e1s 365 Redes\"},\"image\":{\"@id\":\"https:\\\/\\\/candas365.es\\\/noticias\\\/alemania-y-polonia-uniran-esfuerzos-para-evitar-el-brexit\\\/#organizationLogo\"},\"sameAs\":[\"https:\\\/\\\/www.facebook.com\\\/Nachofdezber\",\"https:\\\/\\\/x.com\\\/NabercoDigital\",\"https:\\\/\\\/www.instagram.com\\\/nachofdezber\\\/\",\"https:\\\/\\\/www.youtube.com\\\/channel\\\/UCZP-2wLEB9Rv6erhFmqVnvg\"],\"address\":{\"@id\":\"https:\\\/\\\/candas365.es\\\/noticias\\\/#postaladdress\",\"@type\":\"PostalAddress\",\"streetAddress\":\"san antonio 4, san antonio 4\",\"postalCode\":\"33430\",\"addressLocality\":\"Cand\\u00e1s\",\"addressRegion\":\"Asturias\",\"addressCountry\":\"ES\"}},{\"@type\":\"Person\",\"@id\":\"https:\\\/\\\/candas365.es\\\/noticias\\\/author\\\/admin\\\/#author\",\"url\":\"https:\\\/\\\/candas365.es\\\/noticias\\\/author\\\/admin\\\/\",\"name\":\"Cand\\u00e1s 365\",\"image\":{\"@type\":\"ImageObject\",\"@id\":\"https:\\\/\\\/candas365.es\\\/noticias\\\/alemania-y-polonia-uniran-esfuerzos-para-evitar-el-brexit\\\/#authorImage\",\"url\":\"https:\\\/\\\/secure.gravatar.com\\\/avatar\\\/496a8e03d0c493ede1718b7934145dbdf8d89be1036b0eec9544e1094c9de390?s=96&d=mm&r=g\",\"width\":96,\"height\":96,\"caption\":\"Cand\\u00e1s 365\"},\"sameAs\":[\"https:\\\/\\\/www.facebook.com\\\/carrenoactualidad\",\"https:\\\/\\\/twitter.com\\\/nbasturias\",\"https:\\\/\\\/www.instagram.com\\\/nachofdezber\\\/\",\"https:\\\/\\\/www.youtube.com\\\/channel\\\/UCZP-2wLEB9Rv6erhFmqVnvg\"]},{\"@type\":\"WebPage\",\"@id\":\"https:\\\/\\\/candas365.es\\\/noticias\\\/alemania-y-polonia-uniran-esfuerzos-para-evitar-el-brexit\\\/#webpage\",\"url\":\"https:\\\/\\\/candas365.es\\\/noticias\\\/alemania-y-polonia-uniran-esfuerzos-para-evitar-el-brexit\\\/\",\"name\":\"Alemania y Polonia unir\\u00e1n esfuerzos para evitar el \\u00abBrexit\\u00bb | Cand\\u00e1s 365\",\"description\":\"Berl\\u00edn, 13 feb (dpa) - Alemania y Polonia aunar\\u00e1n esfuerzos para evitar la salida del Reino Unido de la Uni\\u00f3n Europea, aseguraron este viernes la canciller alemana, Angela Merkel, y la primera ministra de Polonia, Beata Szydlo, al t\\u00e9rmino de una reuni\\u00f3n en Berl\\u00edn. Merkel sostuvo que ambos pa\\u00edses desean que Londres contin\\u00fae formando parte\",\"inLanguage\":\"es-ES\",\"isPartOf\":{\"@id\":\"https:\\\/\\\/candas365.es\\\/noticias\\\/#website\"},\"breadcrumb\":{\"@id\":\"https:\\\/\\\/candas365.es\\\/noticias\\\/alemania-y-polonia-uniran-esfuerzos-para-evitar-el-brexit\\\/#breadcrumblist\"},\"author\":{\"@id\":\"https:\\\/\\\/candas365.es\\\/noticias\\\/author\\\/admin\\\/#author\"},\"creator\":{\"@id\":\"https:\\\/\\\/candas365.es\\\/noticias\\\/author\\\/admin\\\/#author\"},\"image\":{\"@type\":\"ImageObject\",\"url\":\"https:\\\/\\\/candas365.es\\\/noticias\\\/wp-content\\\/uploads\\\/2015\\\/09\\\/c365noticias.jpg\",\"@id\":\"https:\\\/\\\/candas365.es\\\/noticias\\\/alemania-y-polonia-uniran-esfuerzos-para-evitar-el-brexit\\\/#mainImage\",\"width\":655,\"height\":360},\"primaryImageOfPage\":{\"@id\":\"https:\\\/\\\/candas365.es\\\/noticias\\\/alemania-y-polonia-uniran-esfuerzos-para-evitar-el-brexit\\\/#mainImage\"},\"datePublished\":\"2016-02-13T22:58:41+01:00\",\"dateModified\":\"2016-02-13T22:58:41+01:00\"},{\"@type\":\"WebSite\",\"@id\":\"https:\\\/\\\/candas365.es\\\/noticias\\\/#website\",\"url\":\"https:\\\/\\\/candas365.es\\\/noticias\\\/\",\"name\":\"Cand\\u00e1s 365\",\"alternateName\":\"Cand\\u00e1s 365 Noticias\",\"description\":\"Actualidad desde Carre\\u00f1o para el mundo\",\"inLanguage\":\"es-ES\",\"publisher\":{\"@id\":\"https:\\\/\\\/candas365.es\\\/noticias\\\/#organization\"}}]}\n\t\t<\/script>\n\t\t<!-- All in One SEO Pro -->\r\n\t\t<title>Alemania y Polonia unir\u00e1n esfuerzos para evitar el \u00abBrexit\u00bb | Cand\u00e1s 365<\/title>\n\n","aioseo_head_json":{"title":"Alemania y Polonia unir\u00e1n esfuerzos para evitar el \u00abBrexit\u00bb | Cand\u00e1s 365","description":"Berl\u00edn, 13 feb (dpa) - Alemania y Polonia aunar\u00e1n esfuerzos para evitar la salida del Reino Unido de la Uni\u00f3n Europea, aseguraron este viernes la canciller alemana, Angela Merkel, y la primera ministra de Polonia, Beata Szydlo, al t\u00e9rmino de una reuni\u00f3n en Berl\u00edn. Merkel sostuvo que ambos pa\u00edses desean que Londres contin\u00fae formando parte","canonical_url":"https:\/\/candas365.es\/noticias\/alemania-y-polonia-uniran-esfuerzos-para-evitar-el-brexit\/","robots":"max-image-preview:large","keywords":"actualidad","webmasterTools":{"google-site-verification":"UA-32230408-1","msvalidate.01":"354F3CDFB2DA171B47FBE9ABF1F88D5","miscellaneous":""},"schema":{"@context":"https:\/\/schema.org","@graph":[{"@type":"BreadcrumbList","@id":"https:\/\/candas365.es\/noticias\/alemania-y-polonia-uniran-esfuerzos-para-evitar-el-brexit\/#breadcrumblist","itemListElement":[{"@type":"ListItem","@id":"https:\/\/candas365.es\/noticias#listItem","position":1,"name":"Home","item":"https:\/\/candas365.es\/noticias","nextItem":{"@type":"ListItem","@id":"https:\/\/candas365.es\/noticias\/category\/actualidad\/#listItem","name":"Actualidad"}},{"@type":"ListItem","@id":"https:\/\/candas365.es\/noticias\/category\/actualidad\/#listItem","position":2,"name":"Actualidad","item":"https:\/\/candas365.es\/noticias\/category\/actualidad\/","nextItem":{"@type":"ListItem","@id":"https:\/\/candas365.es\/noticias\/alemania-y-polonia-uniran-esfuerzos-para-evitar-el-brexit\/#listItem","name":"Alemania y Polonia unir\u00e1n esfuerzos para evitar el \u00abBrexit\u00bb"},"previousItem":{"@type":"ListItem","@id":"https:\/\/candas365.es\/noticias#listItem","name":"Home"}},{"@type":"ListItem","@id":"https:\/\/candas365.es\/noticias\/alemania-y-polonia-uniran-esfuerzos-para-evitar-el-brexit\/#listItem","position":3,"name":"Alemania y Polonia unir\u00e1n esfuerzos para evitar el \u00abBrexit\u00bb","previousItem":{"@type":"ListItem","@id":"https:\/\/candas365.es\/noticias\/category\/actualidad\/#listItem","name":"Actualidad"}}]},{"@type":"NewsArticle","@id":"https:\/\/candas365.es\/noticias\/alemania-y-polonia-uniran-esfuerzos-para-evitar-el-brexit\/#newsarticle","name":"Alemania y Polonia unir\u00e1n esfuerzos para evitar el \u00abBrexit\u00bb | Cand\u00e1s 365","headline":"Alemania y Polonia unir\u00e1n esfuerzos para evitar el \u00abBrexit\u00bb","author":{"@id":"https:\/\/candas365.es\/noticias\/author\/admin\/#author"},"publisher":{"@id":"https:\/\/candas365.es\/noticias\/#organization"},"image":{"@type":"ImageObject","url":"https:\/\/candas365.es\/noticias\/wp-content\/uploads\/2015\/09\/c365noticias.jpg","width":655,"height":360},"datePublished":"2016-02-13T22:58:41+01:00","dateModified":"2016-02-13T22:58:41+01:00","inLanguage":"es-ES","mainEntityOfPage":{"@id":"https:\/\/candas365.es\/noticias\/alemania-y-polonia-uniran-esfuerzos-para-evitar-el-brexit\/#webpage"},"isPartOf":{"@id":"https:\/\/candas365.es\/noticias\/alemania-y-polonia-uniran-esfuerzos-para-evitar-el-brexit\/#webpage"},"articleSection":"Actualidad","dateline":"Publicado el febrero 13, 2016."},{"@type":"Organization","@id":"https:\/\/candas365.es\/noticias\/#organization","name":"Cand\u00e1s 365","description":"Cand\u00e1s 365 es un diario digital independiente, fundado en 2012, con base en Asturias. Informamos con rigor sobre actualidad, sociedad, cultura y ocio, con una mirada local y global.","url":"https:\/\/candas365.es\/noticias\/","email":"info@candas365.es","telephone":"+34652131393","foundingDate":"2012-06-10","logo":{"@type":"ImageObject","url":"https:\/\/candas365.es\/noticias\/wp-content\/uploads\/2024\/09\/Candas-365-Redes.jpg","@id":"https:\/\/candas365.es\/noticias\/alemania-y-polonia-uniran-esfuerzos-para-evitar-el-brexit\/#organizationLogo","width":1152,"height":864,"caption":"Cand\u00e1s 365 Redes"},"image":{"@id":"https:\/\/candas365.es\/noticias\/alemania-y-polonia-uniran-esfuerzos-para-evitar-el-brexit\/#organizationLogo"},"sameAs":["https:\/\/www.facebook.com\/Nachofdezber","https:\/\/x.com\/NabercoDigital","https:\/\/www.instagram.com\/nachofdezber\/","https:\/\/www.youtube.com\/channel\/UCZP-2wLEB9Rv6erhFmqVnvg"],"address":{"@id":"https:\/\/candas365.es\/noticias\/#postaladdress","@type":"PostalAddress","streetAddress":"san antonio 4, san antonio 4","postalCode":"33430","addressLocality":"Cand\u00e1s","addressRegion":"Asturias","addressCountry":"ES"}},{"@type":"Person","@id":"https:\/\/candas365.es\/noticias\/author\/admin\/#author","url":"https:\/\/candas365.es\/noticias\/author\/admin\/","name":"Cand\u00e1s 365","image":{"@type":"ImageObject","@id":"https:\/\/candas365.es\/noticias\/alemania-y-polonia-uniran-esfuerzos-para-evitar-el-brexit\/#authorImage","url":"https:\/\/secure.gravatar.com\/avatar\/496a8e03d0c493ede1718b7934145dbdf8d89be1036b0eec9544e1094c9de390?s=96&d=mm&r=g","width":96,"height":96,"caption":"Cand\u00e1s 365"},"sameAs":["https:\/\/www.facebook.com\/carrenoactualidad","https:\/\/twitter.com\/nbasturias","https:\/\/www.instagram.com\/nachofdezber\/","https:\/\/www.youtube.com\/channel\/UCZP-2wLEB9Rv6erhFmqVnvg"]},{"@type":"WebPage","@id":"https:\/\/candas365.es\/noticias\/alemania-y-polonia-uniran-esfuerzos-para-evitar-el-brexit\/#webpage","url":"https:\/\/candas365.es\/noticias\/alemania-y-polonia-uniran-esfuerzos-para-evitar-el-brexit\/","name":"Alemania y Polonia unir\u00e1n esfuerzos para evitar el \u00abBrexit\u00bb | Cand\u00e1s 365","description":"Berl\u00edn, 13 feb (dpa) - Alemania y Polonia aunar\u00e1n esfuerzos para evitar la salida del Reino Unido de la Uni\u00f3n Europea, aseguraron este viernes la canciller alemana, Angela Merkel, y la primera ministra de Polonia, Beata Szydlo, al t\u00e9rmino de una reuni\u00f3n en Berl\u00edn. Merkel sostuvo que ambos pa\u00edses desean que Londres contin\u00fae formando parte","inLanguage":"es-ES","isPartOf":{"@id":"https:\/\/candas365.es\/noticias\/#website"},"breadcrumb":{"@id":"https:\/\/candas365.es\/noticias\/alemania-y-polonia-uniran-esfuerzos-para-evitar-el-brexit\/#breadcrumblist"},"author":{"@id":"https:\/\/candas365.es\/noticias\/author\/admin\/#author"},"creator":{"@id":"https:\/\/candas365.es\/noticias\/author\/admin\/#author"},"image":{"@type":"ImageObject","url":"https:\/\/candas365.es\/noticias\/wp-content\/uploads\/2015\/09\/c365noticias.jpg","@id":"https:\/\/candas365.es\/noticias\/alemania-y-polonia-uniran-esfuerzos-para-evitar-el-brexit\/#mainImage","width":655,"height":360},"primaryImageOfPage":{"@id":"https:\/\/candas365.es\/noticias\/alemania-y-polonia-uniran-esfuerzos-para-evitar-el-brexit\/#mainImage"},"datePublished":"2016-02-13T22:58:41+01:00","dateModified":"2016-02-13T22:58:41+01:00"},{"@type":"WebSite","@id":"https:\/\/candas365.es\/noticias\/#website","url":"https:\/\/candas365.es\/noticias\/","name":"Cand\u00e1s 365","alternateName":"Cand\u00e1s 365 Noticias","description":"Actualidad desde Carre\u00f1o para el mundo","inLanguage":"es-ES","publisher":{"@id":"https:\/\/candas365.es\/noticias\/#organization"}}]},"og:locale":"es_ES","og:site_name":"Cand\u00e1s 365","og:type":"article","og:title":"Alemania y Polonia unir\u00e1n esfuerzos para evitar el \u00abBrexit\u00bb | Cand\u00e1s 365","og:description":"Berl\u00edn, 13 feb (dpa) - Alemania y Polonia aunar\u00e1n esfuerzos para evitar la salida del Reino Unido de la Uni\u00f3n Europea, aseguraron este viernes la canciller alemana, Angela Merkel, y la primera ministra de Polonia, Beata Szydlo, al t\u00e9rmino de una reuni\u00f3n en Berl\u00edn. Merkel sostuvo que ambos pa\u00edses desean que Londres contin\u00fae formando parte","og:url":"https:\/\/candas365.es\/noticias\/alemania-y-polonia-uniran-esfuerzos-para-evitar-el-brexit\/","og:image":"https:\/\/candas365.es\/noticias\/wp-content\/uploads\/2015\/09\/c365noticias.jpg","og:image:secure_url":"https:\/\/candas365.es\/noticias\/wp-content\/uploads\/2015\/09\/c365noticias.jpg","og:image:width":655,"og:image:height":360,"article:published_time":"2016-02-13T21:28:41+00:00","article:modified_time":"2016-02-13T21:28:41+00:00","article:publisher":"https:\/\/www.facebook.com\/Nachofdezber","article:author":"https:\/\/www.facebook.com\/carrenoactualidad","twitter:card":"summary_large_image","twitter:site":"@NabercoDigital","twitter:title":"Alemania y Polonia unir\u00e1n esfuerzos para evitar el \u00abBrexit\u00bb | Cand\u00e1s 365","twitter:description":"Berl\u00edn, 13 feb (dpa) - Alemania y Polonia aunar\u00e1n esfuerzos para evitar la salida del Reino Unido de la Uni\u00f3n Europea, aseguraron este viernes la canciller alemana, Angela Merkel, y la primera ministra de Polonia, Beata Szydlo, al t\u00e9rmino de una reuni\u00f3n en Berl\u00edn. Merkel sostuvo que ambos pa\u00edses desean que Londres contin\u00fae formando parte","twitter:creator":"@nbasturias","twitter:image":"https:\/\/candas365.es\/noticias\/wp-content\/uploads\/2015\/09\/c365noticias.jpg","twitter:label1":"Escrito por","twitter:data1":"Cand\u00e1s 365","twitter:label2":"Tiempo de lectura estimado","twitter:data2":"2 minutos"},"aioseo_meta_data":{"post_id":"26437","title":null,"description":null,"keywords":null,"keyphrases":null,"primary_term":null,"canonical_url":null,"og_title":null,"og_description":null,"og_object_type":"default","og_image_type":"default","og_image_url":null,"og_image_width":null,"og_image_height":null,"og_image_custom_url":null,"og_image_custom_fields":null,"og_video":null,"og_custom_url":null,"og_article_section":null,"og_article_tags":null,"twitter_use_og":false,"twitter_card":"default","twitter_image_type":"default","twitter_image_url":null,"twitter_image_custom_url":null,"twitter_image_custom_fields":null,"twitter_title":null,"twitter_description":null,"schema":{"blockGraphs":[],"customGraphs":[],"default":{"data":{"Article":[],"Course":[],"Dataset":[],"FAQPage":[],"Movie":[],"Person":[],"Product":[],"ProductReview":[],"Car":[],"Recipe":[],"Service":[],"SoftwareApplication":[],"WebPage":[]},"graphName":"","isEnabled":true},"graphs":[],"defaultGraph":"","defaultPostTypeGraph":""},"schema_type":null,"schema_type_options":null,"pillar_content":false,"robots_default":true,"robots_noindex":false,"robots_noarchive":false,"robots_nosnippet":false,"robots_nofollow":false,"robots_noimageindex":false,"robots_noodp":false,"robots_notranslate":false,"robots_max_snippet":null,"robots_max_videopreview":null,"robots_max_imagepreview":"large","priority":null,"frequency":null,"location":null,"local_seo":null,"seo_analyzer_scan_date":"2025-08-24 07:16:35","breadcrumb_settings":null,"limit_modified_date":false,"reviewed_by":null,"open_ai":null,"ai":null,"created":"2020-12-21 12:36:04","updated":"2025-08-24 07:16:35"},"aioseo_breadcrumb":"<div class=\"aioseo-breadcrumbs\"><span class=\"aioseo-breadcrumb\">\n\t<a href=\"https:\/\/candas365.es\/noticias\" title=\"Home\">Home<\/a>\n<\/span><span class=\"aioseo-breadcrumb-separator\">&ndash;<\/span><span class=\"aioseo-breadcrumb\">\n\t<a href=\"https:\/\/candas365.es\/noticias\/category\/actualidad\/\" title=\"Actualidad\">Actualidad<\/a>\n<\/span><span class=\"aioseo-breadcrumb-separator\">&ndash;<\/span><span class=\"aioseo-breadcrumb\">\n\tAlemania y Polonia unir\u00e1n esfuerzos para evitar el \u00abBrexit\u00bb\n<\/span><\/div>","aioseo_breadcrumb_json":[{"label":"Home","link":"https:\/\/candas365.es\/noticias"},{"label":"Actualidad","link":"https:\/\/candas365.es\/noticias\/category\/actualidad\/"},{"label":"Alemania y Polonia unir\u00e1n esfuerzos para evitar el \u00abBrexit\u00bb","link":"https:\/\/candas365.es\/noticias\/alemania-y-polonia-uniran-esfuerzos-para-evitar-el-brexit\/"}],"_links":{"self":[{"href":"https:\/\/candas365.es\/noticias\/wp-json\/wp\/v2\/posts\/26437","targetHints":{"allow":["GET"]}}],"collection":[{"href":"https:\/\/candas365.es\/noticias\/wp-json\/wp\/v2\/posts"}],"about":[{"href":"https:\/\/candas365.es\/noticias\/wp-json\/wp\/v2\/types\/post"}],"author":[{"embeddable":true,"href":"https:\/\/candas365.es\/noticias\/wp-json\/wp\/v2\/users\/1"}],"replies":[{"embeddable":true,"href":"https:\/\/candas365.es\/noticias\/wp-json\/wp\/v2\/comments?post=26437"}],"version-history":[{"count":0,"href":"https:\/\/candas365.es\/noticias\/wp-json\/wp\/v2\/posts\/26437\/revisions"}],"wp:featuredmedia":[{"embeddable":true,"href":"https:\/\/candas365.es\/noticias\/wp-json\/wp\/v2\/media\/16457"}],"wp:attachment":[{"href":"https:\/\/candas365.es\/noticias\/wp-json\/wp\/v2\/media?parent=26437"}],"wp:term":[{"taxonomy":"category","embeddable":true,"href":"https:\/\/candas365.es\/noticias\/wp-json\/wp\/v2\/categories?post=26437"},{"taxonomy":"post_tag","embeddable":true,"href":"https:\/\/candas365.es\/noticias\/wp-json\/wp\/v2\/tags?post=26437"}],"curies":[{"name":"wp","href":"https:\/\/api.w.org\/{rel}","templated":true}]}}