{"id":26397,"date":"2016-02-13T02:20:50","date_gmt":"2016-02-13T00:50:50","guid":{"rendered":"http:\/\/candas365.es\/noticias\/?p=26397"},"modified":"2016-02-13T02:20:50","modified_gmt":"2016-02-13T00:50:50","slug":"los-asturianos-se-decantan-por-coches-menos-contaminantes","status":"publish","type":"post","link":"https:\/\/candas365.es\/noticias\/los-asturianos-se-decantan-por-coches-menos-contaminantes\/","title":{"rendered":"Los asturianos se decantan por coches menos contaminantes"},"content":{"rendered":"<p><img fetchpriority=\"high\" decoding=\"async\" class=\"alignleft size-medium wp-image-26398\" src=\"https:\/\/candas365.es\/noticias\/wp-content\/uploads\/2016\/02\/fotonoticia_20160212123157_800-360x240.jpg\" alt=\"fotonoticia_20160212123157_800\" width=\"360\" height=\"240\" srcset=\"https:\/\/candas365.es\/noticias\/wp-content\/uploads\/2016\/02\/fotonoticia_20160212123157_800-360x240.jpg 360w, https:\/\/candas365.es\/noticias\/wp-content\/uploads\/2016\/02\/fotonoticia_20160212123157_800-650x433.jpg 650w, https:\/\/candas365.es\/noticias\/wp-content\/uploads\/2016\/02\/fotonoticia_20160212123157_800-768x512.jpg 768w, https:\/\/candas365.es\/noticias\/wp-content\/uploads\/2016\/02\/fotonoticia_20160212123157_800-150x100.jpg 150w, https:\/\/candas365.es\/noticias\/wp-content\/uploads\/2016\/02\/fotonoticia_20160212123157_800-450x300.jpg 450w, https:\/\/candas365.es\/noticias\/wp-content\/uploads\/2016\/02\/fotonoticia_20160212123157_800-655x436.jpg 655w, https:\/\/candas365.es\/noticias\/wp-content\/uploads\/2016\/02\/fotonoticia_20160212123157_800-696x464.jpg 696w, https:\/\/candas365.es\/noticias\/wp-content\/uploads\/2016\/02\/fotonoticia_20160212123157_800-630x420.jpg 630w, https:\/\/candas365.es\/noticias\/wp-content\/uploads\/2016\/02\/fotonoticia_20160212123157_800-84x55.jpg 84w, https:\/\/candas365.es\/noticias\/wp-content\/uploads\/2016\/02\/fotonoticia_20160212123157_800.jpg 800w\" sizes=\"(max-width: 360px) 100vw, 360px\" \/>Las emisiones medias de los coches vendidos en Asturias en 2015 han ca\u00eddo un 2,5 por ciento respecto al ejercicio anterior seg\u00fan cifras de la consultora MSI para la Federaci\u00f3n de Asociaciones de Concesionarios de la Automoci\u00f3n (Faconauto).<\/p>\n<p>En concreto, las emisiones se situaron en los 114 gramos de di\u00f3xido de carbono por kil\u00f3metro recorrido. La patronal de los concesionarios considera que esta reducci\u00f3n se debe sobre todo a la influencia del Plan PIVE, que ha seguido vigente a lo largo de todo el a\u00f1o y que incentiva la adquisici\u00f3n de veh\u00edculos eficientes.<\/p>\n<p>De hecho, desde su puesta en marcha, las emisiones medias de di\u00f3xido de carbono de los coches matriculados han ca\u00eddo un 10 por ciento.<\/p>\n<p>Este dato se ha visto favorecido por el constante esfuerzo en desarrollos tecnol\u00f3gicos que est\u00e1n haciendo las marcas para acelerar estos recortes, as\u00ed como por el cambio que ha sufrido el mercado nacional en los \u00faltimos a\u00f1os, en los que los compradores han optado por modelos m\u00e1s peque\u00f1os y eficientes.<\/p>\n<p>Un a\u00f1o m\u00e1s, Espa\u00f1a vuelve a situarse como uno de los pa\u00edses de la UE en los que se adquieren coches m\u00e1s eficientes, quedando, un a\u00f1o m\u00e1s por debajo de la media europea que, seg\u00fan estimaciones de Faconauto, en 2015 fue de 120 gramos de di\u00f3xido de carbono por kil\u00f3metro recorrido.<\/p>\n","protected":false},"excerpt":{"rendered":"<p>Las emisiones medias de los coches vendidos en Asturias en 2015 han ca\u00eddo un 2,5 por ciento respecto al ejercicio anterior seg\u00fan cifras de la consultora MSI para la Federaci\u00f3n de Asociaciones de Concesionarios de la Automoci\u00f3n (Faconauto). En concreto, las emisiones se situaron en los 114 gramos de di\u00f3xido de carbono por kil\u00f3metro recorrido.<\/p>\n","protected":false},"author":1,"featured_media":26398,"comment_status":"closed","ping_status":"closed","sticky":false,"template":"","format":"standard","meta":{"footnotes":""},"categories":[343],"tags":[],"class_list":{"0":"post-26397","1":"post","2":"type-post","3":"status-publish","4":"format-standard","5":"has-post-thumbnail","7":"category-actualidad"},"aioseo_notices":[],"aioseo_head":"\n\t\t<!-- All in One SEO Pro 4.9.6.2 - aioseo.com -->\n\t<meta name=\"description\" content=\"Las emisiones medias de los coches vendidos en Asturias en 2015 han ca\u00eddo un 2,5 por ciento respecto al ejercicio anterior seg\u00fan cifras de la consultora MSI para la Federaci\u00f3n de Asociaciones de Concesionarios de la Automoci\u00f3n (Faconauto). En concreto, las emisiones se situaron en los 114 gramos de di\u00f3xido de carbono por kil\u00f3metro recorrido.\" \/>\n\t<meta name=\"robots\" content=\"max-image-preview:large\" \/>\n\t<meta name=\"author\" content=\"Cand\u00e1s 365\"\/>\n\t<meta name=\"google-site-verification\" content=\"UA-32230408-1\" \/>\n\t<meta name=\"msvalidate.01\" content=\"354F3CDFB2DA171B47FBE9ABF1F88D5\" \/>\n\t<meta name=\"keywords\" content=\"actualidad\" \/>\n\t<link rel=\"canonical\" href=\"https:\/\/candas365.es\/noticias\/los-asturianos-se-decantan-por-coches-menos-contaminantes\/\" \/>\n\t<meta name=\"generator\" content=\"All in One SEO Pro (AIOSEO) 4.9.6.2\" \/>\n\t\t<meta property=\"og:locale\" content=\"es_ES\" \/>\n\t\t<meta property=\"og:site_name\" content=\"Cand\u00e1s 365\" \/>\n\t\t<meta property=\"og:type\" content=\"article\" \/>\n\t\t<meta property=\"og:title\" content=\"Los asturianos se decantan por coches menos contaminantes | Cand\u00e1s 365\" \/>\n\t\t<meta property=\"og:description\" content=\"Las emisiones medias de los coches vendidos en Asturias en 2015 han ca\u00eddo un 2,5 por ciento respecto al ejercicio anterior seg\u00fan cifras de la consultora MSI para la Federaci\u00f3n de Asociaciones de Concesionarios de la Automoci\u00f3n (Faconauto). En concreto, las emisiones se situaron en los 114 gramos de di\u00f3xido de carbono por kil\u00f3metro recorrido.\" \/>\n\t\t<meta property=\"og:url\" content=\"https:\/\/candas365.es\/noticias\/los-asturianos-se-decantan-por-coches-menos-contaminantes\/\" \/>\n\t\t<meta property=\"og:image\" content=\"https:\/\/candas365.es\/noticias\/wp-content\/uploads\/2016\/02\/fotonoticia_20160212123157_800.jpg\" \/>\n\t\t<meta property=\"og:image:secure_url\" content=\"https:\/\/candas365.es\/noticias\/wp-content\/uploads\/2016\/02\/fotonoticia_20160212123157_800.jpg\" \/>\n\t\t<meta property=\"og:image:width\" content=\"800\" \/>\n\t\t<meta property=\"og:image:height\" content=\"533\" \/>\n\t\t<meta property=\"article:published_time\" content=\"2016-02-13T00:50:50+00:00\" \/>\n\t\t<meta property=\"article:modified_time\" content=\"2016-02-13T00:50:50+00:00\" \/>\n\t\t<meta property=\"article:publisher\" content=\"https:\/\/www.facebook.com\/Nachofdezber\" \/>\n\t\t<meta property=\"article:author\" content=\"https:\/\/www.facebook.com\/carrenoactualidad\" \/>\n\t\t<meta name=\"twitter:card\" content=\"summary_large_image\" \/>\n\t\t<meta name=\"twitter:site\" content=\"@NabercoDigital\" \/>\n\t\t<meta name=\"twitter:title\" content=\"Los asturianos se decantan por coches menos contaminantes | Cand\u00e1s 365\" \/>\n\t\t<meta name=\"twitter:description\" content=\"Las emisiones medias de los coches vendidos en Asturias en 2015 han ca\u00eddo un 2,5 por ciento respecto al ejercicio anterior seg\u00fan cifras de la consultora MSI para la Federaci\u00f3n de Asociaciones de Concesionarios de la Automoci\u00f3n (Faconauto). En concreto, las emisiones se situaron en los 114 gramos de di\u00f3xido de carbono por kil\u00f3metro recorrido.\" \/>\n\t\t<meta name=\"twitter:creator\" content=\"@nbasturias\" \/>\n\t\t<meta name=\"twitter:image\" content=\"https:\/\/candas365.es\/noticias\/wp-content\/uploads\/2016\/02\/fotonoticia_20160212123157_800.jpg\" \/>\n\t\t<meta name=\"twitter:label1\" content=\"Escrito por\" \/>\n\t\t<meta name=\"twitter:data1\" content=\"Cand\u00e1s 365\" \/>\n\t\t<meta name=\"twitter:label2\" content=\"Tiempo de lectura estimado\" \/>\n\t\t<meta name=\"twitter:data2\" content=\"1 minuto\" \/>\n\t\t<script type=\"application\/ld+json\" class=\"aioseo-schema\">\n\t\t\t{\"@context\":\"https:\\\/\\\/schema.org\",\"@graph\":[{\"@type\":\"BreadcrumbList\",\"@id\":\"https:\\\/\\\/candas365.es\\\/noticias\\\/los-asturianos-se-decantan-por-coches-menos-contaminantes\\\/#breadcrumblist\",\"itemListElement\":[{\"@type\":\"ListItem\",\"@id\":\"https:\\\/\\\/candas365.es\\\/noticias#listItem\",\"position\":1,\"name\":\"Home\",\"item\":\"https:\\\/\\\/candas365.es\\\/noticias\",\"nextItem\":{\"@type\":\"ListItem\",\"@id\":\"https:\\\/\\\/candas365.es\\\/noticias\\\/category\\\/actualidad\\\/#listItem\",\"name\":\"Actualidad\"}},{\"@type\":\"ListItem\",\"@id\":\"https:\\\/\\\/candas365.es\\\/noticias\\\/category\\\/actualidad\\\/#listItem\",\"position\":2,\"name\":\"Actualidad\",\"item\":\"https:\\\/\\\/candas365.es\\\/noticias\\\/category\\\/actualidad\\\/\",\"nextItem\":{\"@type\":\"ListItem\",\"@id\":\"https:\\\/\\\/candas365.es\\\/noticias\\\/los-asturianos-se-decantan-por-coches-menos-contaminantes\\\/#listItem\",\"name\":\"Los asturianos se decantan por coches menos contaminantes\"},\"previousItem\":{\"@type\":\"ListItem\",\"@id\":\"https:\\\/\\\/candas365.es\\\/noticias#listItem\",\"name\":\"Home\"}},{\"@type\":\"ListItem\",\"@id\":\"https:\\\/\\\/candas365.es\\\/noticias\\\/los-asturianos-se-decantan-por-coches-menos-contaminantes\\\/#listItem\",\"position\":3,\"name\":\"Los asturianos se decantan por coches menos contaminantes\",\"previousItem\":{\"@type\":\"ListItem\",\"@id\":\"https:\\\/\\\/candas365.es\\\/noticias\\\/category\\\/actualidad\\\/#listItem\",\"name\":\"Actualidad\"}}]},{\"@type\":\"NewsArticle\",\"@id\":\"https:\\\/\\\/candas365.es\\\/noticias\\\/los-asturianos-se-decantan-por-coches-menos-contaminantes\\\/#newsarticle\",\"name\":\"Los asturianos se decantan por coches menos contaminantes | Cand\\u00e1s 365\",\"headline\":\"Los asturianos se decantan por coches menos contaminantes\",\"author\":{\"@id\":\"https:\\\/\\\/candas365.es\\\/noticias\\\/author\\\/admin\\\/#author\"},\"publisher\":{\"@id\":\"https:\\\/\\\/candas365.es\\\/noticias\\\/#organization\"},\"image\":{\"@type\":\"ImageObject\",\"url\":\"https:\\\/\\\/candas365.es\\\/noticias\\\/wp-content\\\/uploads\\\/2016\\\/02\\\/fotonoticia_20160212123157_800.jpg\",\"width\":800,\"height\":533},\"datePublished\":\"2016-02-13T02:20:50+01:00\",\"dateModified\":\"2016-02-13T02:20:50+01:00\",\"inLanguage\":\"es-ES\",\"mainEntityOfPage\":{\"@id\":\"https:\\\/\\\/candas365.es\\\/noticias\\\/los-asturianos-se-decantan-por-coches-menos-contaminantes\\\/#webpage\"},\"isPartOf\":{\"@id\":\"https:\\\/\\\/candas365.es\\\/noticias\\\/los-asturianos-se-decantan-por-coches-menos-contaminantes\\\/#webpage\"},\"articleSection\":\"Actualidad\",\"dateline\":\"Publicado el febrero 13, 2016.\"},{\"@type\":\"Organization\",\"@id\":\"https:\\\/\\\/candas365.es\\\/noticias\\\/#organization\",\"name\":\"Cand\\u00e1s 365\",\"description\":\"Cand\\u00e1s 365 es un diario digital independiente, fundado en 2012, con base en Asturias. Informamos con rigor sobre actualidad, sociedad, cultura y ocio, con una mirada local y global.\",\"url\":\"https:\\\/\\\/candas365.es\\\/noticias\\\/\",\"email\":\"info@candas365.es\",\"telephone\":\"+34652131393\",\"foundingDate\":\"2012-06-10\",\"logo\":{\"@type\":\"ImageObject\",\"url\":\"https:\\\/\\\/candas365.es\\\/noticias\\\/wp-content\\\/uploads\\\/2024\\\/09\\\/Candas-365-Redes.jpg\",\"@id\":\"https:\\\/\\\/candas365.es\\\/noticias\\\/los-asturianos-se-decantan-por-coches-menos-contaminantes\\\/#organizationLogo\",\"width\":1152,\"height\":864,\"caption\":\"Cand\\u00e1s 365 Redes\"},\"image\":{\"@id\":\"https:\\\/\\\/candas365.es\\\/noticias\\\/los-asturianos-se-decantan-por-coches-menos-contaminantes\\\/#organizationLogo\"},\"sameAs\":[\"https:\\\/\\\/www.facebook.com\\\/Nachofdezber\",\"https:\\\/\\\/x.com\\\/NabercoDigital\",\"https:\\\/\\\/www.instagram.com\\\/nachofdezber\\\/\",\"https:\\\/\\\/www.youtube.com\\\/channel\\\/UCZP-2wLEB9Rv6erhFmqVnvg\"],\"address\":{\"@id\":\"https:\\\/\\\/candas365.es\\\/noticias\\\/#postaladdress\",\"@type\":\"PostalAddress\",\"streetAddress\":\"san antonio 4, san antonio 4\",\"postalCode\":\"33430\",\"addressLocality\":\"Cand\\u00e1s\",\"addressRegion\":\"Asturias\",\"addressCountry\":\"ES\"}},{\"@type\":\"Person\",\"@id\":\"https:\\\/\\\/candas365.es\\\/noticias\\\/author\\\/admin\\\/#author\",\"url\":\"https:\\\/\\\/candas365.es\\\/noticias\\\/author\\\/admin\\\/\",\"name\":\"Cand\\u00e1s 365\",\"image\":{\"@type\":\"ImageObject\",\"@id\":\"https:\\\/\\\/candas365.es\\\/noticias\\\/los-asturianos-se-decantan-por-coches-menos-contaminantes\\\/#authorImage\",\"url\":\"https:\\\/\\\/secure.gravatar.com\\\/avatar\\\/496a8e03d0c493ede1718b7934145dbdf8d89be1036b0eec9544e1094c9de390?s=96&d=mm&r=g\",\"width\":96,\"height\":96,\"caption\":\"Cand\\u00e1s 365\"},\"sameAs\":[\"https:\\\/\\\/www.facebook.com\\\/carrenoactualidad\",\"https:\\\/\\\/twitter.com\\\/nbasturias\",\"https:\\\/\\\/www.instagram.com\\\/nachofdezber\\\/\",\"https:\\\/\\\/www.youtube.com\\\/channel\\\/UCZP-2wLEB9Rv6erhFmqVnvg\"]},{\"@type\":\"WebPage\",\"@id\":\"https:\\\/\\\/candas365.es\\\/noticias\\\/los-asturianos-se-decantan-por-coches-menos-contaminantes\\\/#webpage\",\"url\":\"https:\\\/\\\/candas365.es\\\/noticias\\\/los-asturianos-se-decantan-por-coches-menos-contaminantes\\\/\",\"name\":\"Los asturianos se decantan por coches menos contaminantes | Cand\\u00e1s 365\",\"description\":\"Las emisiones medias de los coches vendidos en Asturias en 2015 han ca\\u00eddo un 2,5 por ciento respecto al ejercicio anterior seg\\u00fan cifras de la consultora MSI para la Federaci\\u00f3n de Asociaciones de Concesionarios de la Automoci\\u00f3n (Faconauto). En concreto, las emisiones se situaron en los 114 gramos de di\\u00f3xido de carbono por kil\\u00f3metro recorrido.\",\"inLanguage\":\"es-ES\",\"isPartOf\":{\"@id\":\"https:\\\/\\\/candas365.es\\\/noticias\\\/#website\"},\"breadcrumb\":{\"@id\":\"https:\\\/\\\/candas365.es\\\/noticias\\\/los-asturianos-se-decantan-por-coches-menos-contaminantes\\\/#breadcrumblist\"},\"author\":{\"@id\":\"https:\\\/\\\/candas365.es\\\/noticias\\\/author\\\/admin\\\/#author\"},\"creator\":{\"@id\":\"https:\\\/\\\/candas365.es\\\/noticias\\\/author\\\/admin\\\/#author\"},\"image\":{\"@type\":\"ImageObject\",\"url\":\"https:\\\/\\\/candas365.es\\\/noticias\\\/wp-content\\\/uploads\\\/2016\\\/02\\\/fotonoticia_20160212123157_800.jpg\",\"@id\":\"https:\\\/\\\/candas365.es\\\/noticias\\\/los-asturianos-se-decantan-por-coches-menos-contaminantes\\\/#mainImage\",\"width\":800,\"height\":533},\"primaryImageOfPage\":{\"@id\":\"https:\\\/\\\/candas365.es\\\/noticias\\\/los-asturianos-se-decantan-por-coches-menos-contaminantes\\\/#mainImage\"},\"datePublished\":\"2016-02-13T02:20:50+01:00\",\"dateModified\":\"2016-02-13T02:20:50+01:00\"},{\"@type\":\"WebSite\",\"@id\":\"https:\\\/\\\/candas365.es\\\/noticias\\\/#website\",\"url\":\"https:\\\/\\\/candas365.es\\\/noticias\\\/\",\"name\":\"Cand\\u00e1s 365\",\"alternateName\":\"Cand\\u00e1s 365 Noticias\",\"description\":\"Actualidad desde Carre\\u00f1o para el mundo\",\"inLanguage\":\"es-ES\",\"publisher\":{\"@id\":\"https:\\\/\\\/candas365.es\\\/noticias\\\/#organization\"}}]}\n\t\t<\/script>\n\t\t<!-- All in One SEO Pro -->\r\n\t\t<title>Los asturianos se decantan por coches menos contaminantes | Cand\u00e1s 365<\/title>\n\n","aioseo_head_json":{"title":"Los asturianos se decantan por coches menos contaminantes | Cand\u00e1s 365","description":"Las emisiones medias de los coches vendidos en Asturias en 2015 han ca\u00eddo un 2,5 por ciento respecto al ejercicio anterior seg\u00fan cifras de la consultora MSI para la Federaci\u00f3n de Asociaciones de Concesionarios de la Automoci\u00f3n (Faconauto). En concreto, las emisiones se situaron en los 114 gramos de di\u00f3xido de carbono por kil\u00f3metro recorrido.","canonical_url":"https:\/\/candas365.es\/noticias\/los-asturianos-se-decantan-por-coches-menos-contaminantes\/","robots":"max-image-preview:large","keywords":"actualidad","webmasterTools":{"google-site-verification":"UA-32230408-1","msvalidate.01":"354F3CDFB2DA171B47FBE9ABF1F88D5","miscellaneous":""},"schema":{"@context":"https:\/\/schema.org","@graph":[{"@type":"BreadcrumbList","@id":"https:\/\/candas365.es\/noticias\/los-asturianos-se-decantan-por-coches-menos-contaminantes\/#breadcrumblist","itemListElement":[{"@type":"ListItem","@id":"https:\/\/candas365.es\/noticias#listItem","position":1,"name":"Home","item":"https:\/\/candas365.es\/noticias","nextItem":{"@type":"ListItem","@id":"https:\/\/candas365.es\/noticias\/category\/actualidad\/#listItem","name":"Actualidad"}},{"@type":"ListItem","@id":"https:\/\/candas365.es\/noticias\/category\/actualidad\/#listItem","position":2,"name":"Actualidad","item":"https:\/\/candas365.es\/noticias\/category\/actualidad\/","nextItem":{"@type":"ListItem","@id":"https:\/\/candas365.es\/noticias\/los-asturianos-se-decantan-por-coches-menos-contaminantes\/#listItem","name":"Los asturianos se decantan por coches menos contaminantes"},"previousItem":{"@type":"ListItem","@id":"https:\/\/candas365.es\/noticias#listItem","name":"Home"}},{"@type":"ListItem","@id":"https:\/\/candas365.es\/noticias\/los-asturianos-se-decantan-por-coches-menos-contaminantes\/#listItem","position":3,"name":"Los asturianos se decantan por coches menos contaminantes","previousItem":{"@type":"ListItem","@id":"https:\/\/candas365.es\/noticias\/category\/actualidad\/#listItem","name":"Actualidad"}}]},{"@type":"NewsArticle","@id":"https:\/\/candas365.es\/noticias\/los-asturianos-se-decantan-por-coches-menos-contaminantes\/#newsarticle","name":"Los asturianos se decantan por coches menos contaminantes | Cand\u00e1s 365","headline":"Los asturianos se decantan por coches menos contaminantes","author":{"@id":"https:\/\/candas365.es\/noticias\/author\/admin\/#author"},"publisher":{"@id":"https:\/\/candas365.es\/noticias\/#organization"},"image":{"@type":"ImageObject","url":"https:\/\/candas365.es\/noticias\/wp-content\/uploads\/2016\/02\/fotonoticia_20160212123157_800.jpg","width":800,"height":533},"datePublished":"2016-02-13T02:20:50+01:00","dateModified":"2016-02-13T02:20:50+01:00","inLanguage":"es-ES","mainEntityOfPage":{"@id":"https:\/\/candas365.es\/noticias\/los-asturianos-se-decantan-por-coches-menos-contaminantes\/#webpage"},"isPartOf":{"@id":"https:\/\/candas365.es\/noticias\/los-asturianos-se-decantan-por-coches-menos-contaminantes\/#webpage"},"articleSection":"Actualidad","dateline":"Publicado el febrero 13, 2016."},{"@type":"Organization","@id":"https:\/\/candas365.es\/noticias\/#organization","name":"Cand\u00e1s 365","description":"Cand\u00e1s 365 es un diario digital independiente, fundado en 2012, con base en Asturias. Informamos con rigor sobre actualidad, sociedad, cultura y ocio, con una mirada local y global.","url":"https:\/\/candas365.es\/noticias\/","email":"info@candas365.es","telephone":"+34652131393","foundingDate":"2012-06-10","logo":{"@type":"ImageObject","url":"https:\/\/candas365.es\/noticias\/wp-content\/uploads\/2024\/09\/Candas-365-Redes.jpg","@id":"https:\/\/candas365.es\/noticias\/los-asturianos-se-decantan-por-coches-menos-contaminantes\/#organizationLogo","width":1152,"height":864,"caption":"Cand\u00e1s 365 Redes"},"image":{"@id":"https:\/\/candas365.es\/noticias\/los-asturianos-se-decantan-por-coches-menos-contaminantes\/#organizationLogo"},"sameAs":["https:\/\/www.facebook.com\/Nachofdezber","https:\/\/x.com\/NabercoDigital","https:\/\/www.instagram.com\/nachofdezber\/","https:\/\/www.youtube.com\/channel\/UCZP-2wLEB9Rv6erhFmqVnvg"],"address":{"@id":"https:\/\/candas365.es\/noticias\/#postaladdress","@type":"PostalAddress","streetAddress":"san antonio 4, san antonio 4","postalCode":"33430","addressLocality":"Cand\u00e1s","addressRegion":"Asturias","addressCountry":"ES"}},{"@type":"Person","@id":"https:\/\/candas365.es\/noticias\/author\/admin\/#author","url":"https:\/\/candas365.es\/noticias\/author\/admin\/","name":"Cand\u00e1s 365","image":{"@type":"ImageObject","@id":"https:\/\/candas365.es\/noticias\/los-asturianos-se-decantan-por-coches-menos-contaminantes\/#authorImage","url":"https:\/\/secure.gravatar.com\/avatar\/496a8e03d0c493ede1718b7934145dbdf8d89be1036b0eec9544e1094c9de390?s=96&d=mm&r=g","width":96,"height":96,"caption":"Cand\u00e1s 365"},"sameAs":["https:\/\/www.facebook.com\/carrenoactualidad","https:\/\/twitter.com\/nbasturias","https:\/\/www.instagram.com\/nachofdezber\/","https:\/\/www.youtube.com\/channel\/UCZP-2wLEB9Rv6erhFmqVnvg"]},{"@type":"WebPage","@id":"https:\/\/candas365.es\/noticias\/los-asturianos-se-decantan-por-coches-menos-contaminantes\/#webpage","url":"https:\/\/candas365.es\/noticias\/los-asturianos-se-decantan-por-coches-menos-contaminantes\/","name":"Los asturianos se decantan por coches menos contaminantes | Cand\u00e1s 365","description":"Las emisiones medias de los coches vendidos en Asturias en 2015 han ca\u00eddo un 2,5 por ciento respecto al ejercicio anterior seg\u00fan cifras de la consultora MSI para la Federaci\u00f3n de Asociaciones de Concesionarios de la Automoci\u00f3n (Faconauto). En concreto, las emisiones se situaron en los 114 gramos de di\u00f3xido de carbono por kil\u00f3metro recorrido.","inLanguage":"es-ES","isPartOf":{"@id":"https:\/\/candas365.es\/noticias\/#website"},"breadcrumb":{"@id":"https:\/\/candas365.es\/noticias\/los-asturianos-se-decantan-por-coches-menos-contaminantes\/#breadcrumblist"},"author":{"@id":"https:\/\/candas365.es\/noticias\/author\/admin\/#author"},"creator":{"@id":"https:\/\/candas365.es\/noticias\/author\/admin\/#author"},"image":{"@type":"ImageObject","url":"https:\/\/candas365.es\/noticias\/wp-content\/uploads\/2016\/02\/fotonoticia_20160212123157_800.jpg","@id":"https:\/\/candas365.es\/noticias\/los-asturianos-se-decantan-por-coches-menos-contaminantes\/#mainImage","width":800,"height":533},"primaryImageOfPage":{"@id":"https:\/\/candas365.es\/noticias\/los-asturianos-se-decantan-por-coches-menos-contaminantes\/#mainImage"},"datePublished":"2016-02-13T02:20:50+01:00","dateModified":"2016-02-13T02:20:50+01:00"},{"@type":"WebSite","@id":"https:\/\/candas365.es\/noticias\/#website","url":"https:\/\/candas365.es\/noticias\/","name":"Cand\u00e1s 365","alternateName":"Cand\u00e1s 365 Noticias","description":"Actualidad desde Carre\u00f1o para el mundo","inLanguage":"es-ES","publisher":{"@id":"https:\/\/candas365.es\/noticias\/#organization"}}]},"og:locale":"es_ES","og:site_name":"Cand\u00e1s 365","og:type":"article","og:title":"Los asturianos se decantan por coches menos contaminantes | Cand\u00e1s 365","og:description":"Las emisiones medias de los coches vendidos en Asturias en 2015 han ca\u00eddo un 2,5 por ciento respecto al ejercicio anterior seg\u00fan cifras de la consultora MSI para la Federaci\u00f3n de Asociaciones de Concesionarios de la Automoci\u00f3n (Faconauto). En concreto, las emisiones se situaron en los 114 gramos de di\u00f3xido de carbono por kil\u00f3metro recorrido.","og:url":"https:\/\/candas365.es\/noticias\/los-asturianos-se-decantan-por-coches-menos-contaminantes\/","og:image":"https:\/\/candas365.es\/noticias\/wp-content\/uploads\/2016\/02\/fotonoticia_20160212123157_800.jpg","og:image:secure_url":"https:\/\/candas365.es\/noticias\/wp-content\/uploads\/2016\/02\/fotonoticia_20160212123157_800.jpg","og:image:width":800,"og:image:height":533,"article:published_time":"2016-02-13T00:50:50+00:00","article:modified_time":"2016-02-13T00:50:50+00:00","article:publisher":"https:\/\/www.facebook.com\/Nachofdezber","article:author":"https:\/\/www.facebook.com\/carrenoactualidad","twitter:card":"summary_large_image","twitter:site":"@NabercoDigital","twitter:title":"Los asturianos se decantan por coches menos contaminantes | Cand\u00e1s 365","twitter:description":"Las emisiones medias de los coches vendidos en Asturias en 2015 han ca\u00eddo un 2,5 por ciento respecto al ejercicio anterior seg\u00fan cifras de la consultora MSI para la Federaci\u00f3n de Asociaciones de Concesionarios de la Automoci\u00f3n (Faconauto). En concreto, las emisiones se situaron en los 114 gramos de di\u00f3xido de carbono por kil\u00f3metro recorrido.","twitter:creator":"@nbasturias","twitter:image":"https:\/\/candas365.es\/noticias\/wp-content\/uploads\/2016\/02\/fotonoticia_20160212123157_800.jpg","twitter:label1":"Escrito por","twitter:data1":"Cand\u00e1s 365","twitter:label2":"Tiempo de lectura estimado","twitter:data2":"1 minuto"},"aioseo_meta_data":{"post_id":"26397","title":null,"description":null,"keywords":null,"keyphrases":null,"primary_term":null,"canonical_url":null,"og_title":null,"og_description":null,"og_object_type":"default","og_image_type":"default","og_image_url":null,"og_image_width":null,"og_image_height":null,"og_image_custom_url":null,"og_image_custom_fields":null,"og_video":null,"og_custom_url":null,"og_article_section":null,"og_article_tags":null,"twitter_use_og":false,"twitter_card":"default","twitter_image_type":"default","twitter_image_url":null,"twitter_image_custom_url":null,"twitter_image_custom_fields":null,"twitter_title":null,"twitter_description":null,"schema":{"blockGraphs":[],"customGraphs":[],"default":{"data":{"Article":[],"Course":[],"Dataset":[],"FAQPage":[],"Movie":[],"Person":[],"Product":[],"ProductReview":[],"Car":[],"Recipe":[],"Service":[],"SoftwareApplication":[],"WebPage":[]},"graphName":"","isEnabled":true},"graphs":[]},"schema_type":null,"schema_type_options":null,"pillar_content":false,"robots_default":true,"robots_noindex":false,"robots_noarchive":false,"robots_nosnippet":false,"robots_nofollow":false,"robots_noimageindex":false,"robots_noodp":false,"robots_notranslate":false,"robots_max_snippet":null,"robots_max_videopreview":null,"robots_max_imagepreview":"large","priority":null,"frequency":null,"location":null,"local_seo":null,"seo_analyzer_scan_date":"2025-08-24 07:13:13","breadcrumb_settings":null,"limit_modified_date":false,"reviewed_by":null,"open_ai":null,"ai":null,"created":"2020-12-21 12:35:04","updated":"2025-08-24 07:13:13"},"aioseo_breadcrumb":"<div class=\"aioseo-breadcrumbs\"><span class=\"aioseo-breadcrumb\">\n\t<a href=\"https:\/\/candas365.es\/noticias\" title=\"Home\">Home<\/a>\n<\/span><span class=\"aioseo-breadcrumb-separator\">&ndash;<\/span><span class=\"aioseo-breadcrumb\">\n\t<a href=\"https:\/\/candas365.es\/noticias\/category\/actualidad\/\" title=\"Actualidad\">Actualidad<\/a>\n<\/span><span class=\"aioseo-breadcrumb-separator\">&ndash;<\/span><span class=\"aioseo-breadcrumb\">\n\tLos asturianos se decantan por coches menos contaminantes\n<\/span><\/div>","aioseo_breadcrumb_json":[{"label":"Home","link":"https:\/\/candas365.es\/noticias"},{"label":"Actualidad","link":"https:\/\/candas365.es\/noticias\/category\/actualidad\/"},{"label":"Los asturianos se decantan por coches menos contaminantes","link":"https:\/\/candas365.es\/noticias\/los-asturianos-se-decantan-por-coches-menos-contaminantes\/"}],"_links":{"self":[{"href":"https:\/\/candas365.es\/noticias\/wp-json\/wp\/v2\/posts\/26397","targetHints":{"allow":["GET"]}}],"collection":[{"href":"https:\/\/candas365.es\/noticias\/wp-json\/wp\/v2\/posts"}],"about":[{"href":"https:\/\/candas365.es\/noticias\/wp-json\/wp\/v2\/types\/post"}],"author":[{"embeddable":true,"href":"https:\/\/candas365.es\/noticias\/wp-json\/wp\/v2\/users\/1"}],"replies":[{"embeddable":true,"href":"https:\/\/candas365.es\/noticias\/wp-json\/wp\/v2\/comments?post=26397"}],"version-history":[{"count":0,"href":"https:\/\/candas365.es\/noticias\/wp-json\/wp\/v2\/posts\/26397\/revisions"}],"wp:featuredmedia":[{"embeddable":true,"href":"https:\/\/candas365.es\/noticias\/wp-json\/wp\/v2\/media\/26398"}],"wp:attachment":[{"href":"https:\/\/candas365.es\/noticias\/wp-json\/wp\/v2\/media?parent=26397"}],"wp:term":[{"taxonomy":"category","embeddable":true,"href":"https:\/\/candas365.es\/noticias\/wp-json\/wp\/v2\/categories?post=26397"},{"taxonomy":"post_tag","embeddable":true,"href":"https:\/\/candas365.es\/noticias\/wp-json\/wp\/v2\/tags?post=26397"}],"curies":[{"name":"wp","href":"https:\/\/api.w.org\/{rel}","templated":true}]}}