{"id":26380,"date":"2016-02-13T02:13:41","date_gmt":"2016-02-13T00:43:41","guid":{"rendered":"http:\/\/candas365.es\/noticias\/?p=26380"},"modified":"2016-02-13T02:13:41","modified_gmt":"2016-02-13T00:43:41","slug":"el-mainz-vence-al-schalke-y-se-coloca-quinto-en-la-liga-alemana","status":"publish","type":"post","link":"https:\/\/candas365.es\/noticias\/el-mainz-vence-al-schalke-y-se-coloca-quinto-en-la-liga-alemana\/","title":{"rendered":"El Mainz vence al Schalke y se coloca quinto en la Liga alemana"},"content":{"rendered":"<p>Mainz (Alemania), 12 feb (dpa) &#8211; El Mainz se subi\u00f3 al quinto puesto de la Liga alemana de f\u00fatbol al derrotar hoy por 2-1 al Schalke, que de esa forma dej\u00f3 escapar la posibilidad de colocarse tercero, en el encuentro que abri\u00f3 la vig\u00e9simo primera fecha del torneo. <\/p>\n<p>El capit\u00e1n Julian Baumgartlinger, con su primer gol en 112 partidos con la camiseta del Mainz, le dio el triunfo a su equipo a 11 minutos del final, con un cabezazo por el segundo palo tras un centro desde la izquierda de Yunus Malli.<\/p>\n<p>El equipo local se hab\u00eda puesto en ventaja a los 33 minutos cuando Gaetan Bussmann captur\u00f3 un despeje y, con un disparo de volea, dej\u00f3 sin posibilidades al arquero Ralf Faehrmann. Para el defensor franc\u00e9s tambi\u00e9n fue su primer con la camiseta de Mainz en su cuarto partido en el equipo, despu\u00e9s de haber llegado esta temporada desde el Metz.<\/p>\n<p>En el inicio del segundo tiempo, el Schalke lleg\u00f3 al empate a trav\u00e9s de Younes Belhanda, que aprovech\u00f3 un rechazo sobre la l\u00ednea de Stefan Bell para anotar el primer gol en su debut como titular en el equipo.<\/p>\n<p>Con el triunfo, el Mainz lleg\u00f3 a 33 puntos y emparej\u00f3 la l\u00ednea del Schalke, que con la derrota no pudo superar al Hertha en la tercera posici\u00f3n.<\/p>\n<p>La vig\u00e9simo primera fecha de la Bundesliga continuar\u00e1 ma\u00f1ana con seis partidos, entre los que se destaca el choque del Borussia Dortmund, escolta a ocho puntos del Bayern M\u00fanich, ante el colista Hannover. El l\u00edder jugar\u00e1 el domingo, cuando visite al Augsburgo.<\/p>\n","protected":false},"excerpt":{"rendered":"<p>Mainz (Alemania), 12 feb (dpa) &#8211; El Mainz se subi\u00f3 al quinto puesto de la Liga alemana de f\u00fatbol al derrotar hoy por 2-1 al Schalke, que de esa forma dej\u00f3 escapar la posibilidad de colocarse tercero, en el encuentro que abri\u00f3 la vig\u00e9simo primera fecha del torneo. El capit\u00e1n Julian Baumgartlinger, con su primer<\/p>\n","protected":false},"author":1,"featured_media":5232,"comment_status":"closed","ping_status":"closed","sticky":false,"template":"","format":"standard","meta":{"footnotes":""},"categories":[343],"tags":[],"class_list":{"0":"post-26380","1":"post","2":"type-post","3":"status-publish","4":"format-standard","5":"has-post-thumbnail","7":"category-actualidad"},"aioseo_notices":[],"aioseo_head":"\n\t\t<!-- All in One SEO Pro 4.9.6.2 - aioseo.com -->\n\t<meta name=\"description\" content=\"Mainz (Alemania), 12 feb (dpa) - El Mainz se subi\u00f3 al quinto puesto de la Liga alemana de f\u00fatbol al derrotar hoy por 2-1 al Schalke, que de esa forma dej\u00f3 escapar la posibilidad de colocarse tercero, en el encuentro que abri\u00f3 la vig\u00e9simo primera fecha del torneo. El capit\u00e1n Julian Baumgartlinger, con su primer\" \/>\n\t<meta name=\"robots\" content=\"max-image-preview:large\" \/>\n\t<meta name=\"author\" content=\"Cand\u00e1s 365\"\/>\n\t<meta name=\"google-site-verification\" content=\"UA-32230408-1\" \/>\n\t<meta name=\"msvalidate.01\" content=\"354F3CDFB2DA171B47FBE9ABF1F88D5\" \/>\n\t<meta name=\"keywords\" content=\"actualidad\" \/>\n\t<link rel=\"canonical\" href=\"https:\/\/candas365.es\/noticias\/el-mainz-vence-al-schalke-y-se-coloca-quinto-en-la-liga-alemana\/\" \/>\n\t<meta name=\"generator\" content=\"All in One SEO Pro (AIOSEO) 4.9.6.2\" \/>\n\t\t<meta property=\"og:locale\" content=\"es_ES\" \/>\n\t\t<meta property=\"og:site_name\" content=\"Cand\u00e1s 365\" \/>\n\t\t<meta property=\"og:type\" content=\"article\" \/>\n\t\t<meta property=\"og:title\" content=\"El Mainz vence al Schalke y se coloca quinto en la Liga alemana | Cand\u00e1s 365\" \/>\n\t\t<meta property=\"og:description\" content=\"Mainz (Alemania), 12 feb (dpa) - El Mainz se subi\u00f3 al quinto puesto de la Liga alemana de f\u00fatbol al derrotar hoy por 2-1 al Schalke, que de esa forma dej\u00f3 escapar la posibilidad de colocarse tercero, en el encuentro que abri\u00f3 la vig\u00e9simo primera fecha del torneo. El capit\u00e1n Julian Baumgartlinger, con su primer\" \/>\n\t\t<meta property=\"og:url\" content=\"https:\/\/candas365.es\/noticias\/el-mainz-vence-al-schalke-y-se-coloca-quinto-en-la-liga-alemana\/\" \/>\n\t\t<meta property=\"og:image\" content=\"https:\/\/candas365.es\/noticias\/wp-content\/uploads\/2014\/11\/DEPORTES.jpg\" \/>\n\t\t<meta property=\"og:image:secure_url\" content=\"https:\/\/candas365.es\/noticias\/wp-content\/uploads\/2014\/11\/DEPORTES.jpg\" \/>\n\t\t<meta property=\"og:image:width\" content=\"336\" \/>\n\t\t<meta property=\"og:image:height\" content=\"280\" \/>\n\t\t<meta property=\"article:published_time\" content=\"2016-02-13T00:43:41+00:00\" \/>\n\t\t<meta property=\"article:modified_time\" content=\"2016-02-13T00:43:41+00:00\" \/>\n\t\t<meta property=\"article:publisher\" content=\"https:\/\/www.facebook.com\/Nachofdezber\" \/>\n\t\t<meta property=\"article:author\" content=\"https:\/\/www.facebook.com\/carrenoactualidad\" \/>\n\t\t<meta name=\"twitter:card\" content=\"summary_large_image\" \/>\n\t\t<meta name=\"twitter:site\" content=\"@NabercoDigital\" \/>\n\t\t<meta name=\"twitter:title\" content=\"El Mainz vence al Schalke y se coloca quinto en la Liga alemana | Cand\u00e1s 365\" \/>\n\t\t<meta name=\"twitter:description\" content=\"Mainz (Alemania), 12 feb (dpa) - El Mainz se subi\u00f3 al quinto puesto de la Liga alemana de f\u00fatbol al derrotar hoy por 2-1 al Schalke, que de esa forma dej\u00f3 escapar la posibilidad de colocarse tercero, en el encuentro que abri\u00f3 la vig\u00e9simo primera fecha del torneo. El capit\u00e1n Julian Baumgartlinger, con su primer\" \/>\n\t\t<meta name=\"twitter:creator\" content=\"@nbasturias\" \/>\n\t\t<meta name=\"twitter:image\" content=\"https:\/\/candas365.es\/noticias\/wp-content\/uploads\/2014\/11\/DEPORTES.jpg\" \/>\n\t\t<meta name=\"twitter:label1\" content=\"Escrito por\" \/>\n\t\t<meta name=\"twitter:data1\" content=\"Cand\u00e1s 365\" \/>\n\t\t<meta name=\"twitter:label2\" content=\"Tiempo de lectura estimado\" \/>\n\t\t<meta name=\"twitter:data2\" content=\"1 minuto\" \/>\n\t\t<script type=\"application\/ld+json\" class=\"aioseo-schema\">\n\t\t\t{\"@context\":\"https:\\\/\\\/schema.org\",\"@graph\":[{\"@type\":\"BreadcrumbList\",\"@id\":\"https:\\\/\\\/candas365.es\\\/noticias\\\/el-mainz-vence-al-schalke-y-se-coloca-quinto-en-la-liga-alemana\\\/#breadcrumblist\",\"itemListElement\":[{\"@type\":\"ListItem\",\"@id\":\"https:\\\/\\\/candas365.es\\\/noticias#listItem\",\"position\":1,\"name\":\"Home\",\"item\":\"https:\\\/\\\/candas365.es\\\/noticias\",\"nextItem\":{\"@type\":\"ListItem\",\"@id\":\"https:\\\/\\\/candas365.es\\\/noticias\\\/category\\\/actualidad\\\/#listItem\",\"name\":\"Actualidad\"}},{\"@type\":\"ListItem\",\"@id\":\"https:\\\/\\\/candas365.es\\\/noticias\\\/category\\\/actualidad\\\/#listItem\",\"position\":2,\"name\":\"Actualidad\",\"item\":\"https:\\\/\\\/candas365.es\\\/noticias\\\/category\\\/actualidad\\\/\",\"nextItem\":{\"@type\":\"ListItem\",\"@id\":\"https:\\\/\\\/candas365.es\\\/noticias\\\/el-mainz-vence-al-schalke-y-se-coloca-quinto-en-la-liga-alemana\\\/#listItem\",\"name\":\"El Mainz vence al Schalke y se coloca quinto en la Liga alemana\"},\"previousItem\":{\"@type\":\"ListItem\",\"@id\":\"https:\\\/\\\/candas365.es\\\/noticias#listItem\",\"name\":\"Home\"}},{\"@type\":\"ListItem\",\"@id\":\"https:\\\/\\\/candas365.es\\\/noticias\\\/el-mainz-vence-al-schalke-y-se-coloca-quinto-en-la-liga-alemana\\\/#listItem\",\"position\":3,\"name\":\"El Mainz vence al Schalke y se coloca quinto en la Liga alemana\",\"previousItem\":{\"@type\":\"ListItem\",\"@id\":\"https:\\\/\\\/candas365.es\\\/noticias\\\/category\\\/actualidad\\\/#listItem\",\"name\":\"Actualidad\"}}]},{\"@type\":\"NewsArticle\",\"@id\":\"https:\\\/\\\/candas365.es\\\/noticias\\\/el-mainz-vence-al-schalke-y-se-coloca-quinto-en-la-liga-alemana\\\/#newsarticle\",\"name\":\"El Mainz vence al Schalke y se coloca quinto en la Liga alemana | Cand\\u00e1s 365\",\"headline\":\"El Mainz vence al Schalke y se coloca quinto en la Liga alemana\",\"author\":{\"@id\":\"https:\\\/\\\/candas365.es\\\/noticias\\\/author\\\/admin\\\/#author\"},\"publisher\":{\"@id\":\"https:\\\/\\\/candas365.es\\\/noticias\\\/#organization\"},\"image\":{\"@type\":\"ImageObject\",\"url\":\"https:\\\/\\\/candas365.es\\\/noticias\\\/wp-content\\\/uploads\\\/2014\\\/11\\\/DEPORTES.jpg\",\"width\":336,\"height\":280},\"datePublished\":\"2016-02-13T02:13:41+01:00\",\"dateModified\":\"2016-02-13T02:13:41+01:00\",\"inLanguage\":\"es-ES\",\"mainEntityOfPage\":{\"@id\":\"https:\\\/\\\/candas365.es\\\/noticias\\\/el-mainz-vence-al-schalke-y-se-coloca-quinto-en-la-liga-alemana\\\/#webpage\"},\"isPartOf\":{\"@id\":\"https:\\\/\\\/candas365.es\\\/noticias\\\/el-mainz-vence-al-schalke-y-se-coloca-quinto-en-la-liga-alemana\\\/#webpage\"},\"articleSection\":\"Actualidad\",\"dateline\":\"Publicado el febrero 13, 2016.\"},{\"@type\":\"Organization\",\"@id\":\"https:\\\/\\\/candas365.es\\\/noticias\\\/#organization\",\"name\":\"Cand\\u00e1s 365\",\"description\":\"Cand\\u00e1s 365 es un diario digital independiente, fundado en 2012, con base en Asturias. Informamos con rigor sobre actualidad, sociedad, cultura y ocio, con una mirada local y global.\",\"url\":\"https:\\\/\\\/candas365.es\\\/noticias\\\/\",\"email\":\"info@candas365.es\",\"telephone\":\"+34652131393\",\"foundingDate\":\"2012-06-10\",\"logo\":{\"@type\":\"ImageObject\",\"url\":\"https:\\\/\\\/candas365.es\\\/noticias\\\/wp-content\\\/uploads\\\/2024\\\/09\\\/Candas-365-Redes.jpg\",\"@id\":\"https:\\\/\\\/candas365.es\\\/noticias\\\/el-mainz-vence-al-schalke-y-se-coloca-quinto-en-la-liga-alemana\\\/#organizationLogo\",\"width\":1152,\"height\":864,\"caption\":\"Cand\\u00e1s 365 Redes\"},\"image\":{\"@id\":\"https:\\\/\\\/candas365.es\\\/noticias\\\/el-mainz-vence-al-schalke-y-se-coloca-quinto-en-la-liga-alemana\\\/#organizationLogo\"},\"sameAs\":[\"https:\\\/\\\/www.facebook.com\\\/Nachofdezber\",\"https:\\\/\\\/x.com\\\/NabercoDigital\",\"https:\\\/\\\/www.instagram.com\\\/nachofdezber\\\/\",\"https:\\\/\\\/www.youtube.com\\\/channel\\\/UCZP-2wLEB9Rv6erhFmqVnvg\"],\"address\":{\"@id\":\"https:\\\/\\\/candas365.es\\\/noticias\\\/#postaladdress\",\"@type\":\"PostalAddress\",\"streetAddress\":\"san antonio 4, san antonio 4\",\"postalCode\":\"33430\",\"addressLocality\":\"Cand\\u00e1s\",\"addressRegion\":\"Asturias\",\"addressCountry\":\"ES\"}},{\"@type\":\"Person\",\"@id\":\"https:\\\/\\\/candas365.es\\\/noticias\\\/author\\\/admin\\\/#author\",\"url\":\"https:\\\/\\\/candas365.es\\\/noticias\\\/author\\\/admin\\\/\",\"name\":\"Cand\\u00e1s 365\",\"image\":{\"@type\":\"ImageObject\",\"@id\":\"https:\\\/\\\/candas365.es\\\/noticias\\\/el-mainz-vence-al-schalke-y-se-coloca-quinto-en-la-liga-alemana\\\/#authorImage\",\"url\":\"https:\\\/\\\/secure.gravatar.com\\\/avatar\\\/496a8e03d0c493ede1718b7934145dbdf8d89be1036b0eec9544e1094c9de390?s=96&d=mm&r=g\",\"width\":96,\"height\":96,\"caption\":\"Cand\\u00e1s 365\"},\"sameAs\":[\"https:\\\/\\\/www.facebook.com\\\/carrenoactualidad\",\"https:\\\/\\\/twitter.com\\\/nbasturias\",\"https:\\\/\\\/www.instagram.com\\\/nachofdezber\\\/\",\"https:\\\/\\\/www.youtube.com\\\/channel\\\/UCZP-2wLEB9Rv6erhFmqVnvg\"]},{\"@type\":\"WebPage\",\"@id\":\"https:\\\/\\\/candas365.es\\\/noticias\\\/el-mainz-vence-al-schalke-y-se-coloca-quinto-en-la-liga-alemana\\\/#webpage\",\"url\":\"https:\\\/\\\/candas365.es\\\/noticias\\\/el-mainz-vence-al-schalke-y-se-coloca-quinto-en-la-liga-alemana\\\/\",\"name\":\"El Mainz vence al Schalke y se coloca quinto en la Liga alemana | Cand\\u00e1s 365\",\"description\":\"Mainz (Alemania), 12 feb (dpa) - El Mainz se subi\\u00f3 al quinto puesto de la Liga alemana de f\\u00fatbol al derrotar hoy por 2-1 al Schalke, que de esa forma dej\\u00f3 escapar la posibilidad de colocarse tercero, en el encuentro que abri\\u00f3 la vig\\u00e9simo primera fecha del torneo. El capit\\u00e1n Julian Baumgartlinger, con su primer\",\"inLanguage\":\"es-ES\",\"isPartOf\":{\"@id\":\"https:\\\/\\\/candas365.es\\\/noticias\\\/#website\"},\"breadcrumb\":{\"@id\":\"https:\\\/\\\/candas365.es\\\/noticias\\\/el-mainz-vence-al-schalke-y-se-coloca-quinto-en-la-liga-alemana\\\/#breadcrumblist\"},\"author\":{\"@id\":\"https:\\\/\\\/candas365.es\\\/noticias\\\/author\\\/admin\\\/#author\"},\"creator\":{\"@id\":\"https:\\\/\\\/candas365.es\\\/noticias\\\/author\\\/admin\\\/#author\"},\"image\":{\"@type\":\"ImageObject\",\"url\":\"https:\\\/\\\/candas365.es\\\/noticias\\\/wp-content\\\/uploads\\\/2014\\\/11\\\/DEPORTES.jpg\",\"@id\":\"https:\\\/\\\/candas365.es\\\/noticias\\\/el-mainz-vence-al-schalke-y-se-coloca-quinto-en-la-liga-alemana\\\/#mainImage\",\"width\":336,\"height\":280},\"primaryImageOfPage\":{\"@id\":\"https:\\\/\\\/candas365.es\\\/noticias\\\/el-mainz-vence-al-schalke-y-se-coloca-quinto-en-la-liga-alemana\\\/#mainImage\"},\"datePublished\":\"2016-02-13T02:13:41+01:00\",\"dateModified\":\"2016-02-13T02:13:41+01:00\"},{\"@type\":\"WebSite\",\"@id\":\"https:\\\/\\\/candas365.es\\\/noticias\\\/#website\",\"url\":\"https:\\\/\\\/candas365.es\\\/noticias\\\/\",\"name\":\"Cand\\u00e1s 365\",\"alternateName\":\"Cand\\u00e1s 365 Noticias\",\"description\":\"Actualidad desde Carre\\u00f1o para el mundo\",\"inLanguage\":\"es-ES\",\"publisher\":{\"@id\":\"https:\\\/\\\/candas365.es\\\/noticias\\\/#organization\"}}]}\n\t\t<\/script>\n\t\t<!-- All in One SEO Pro -->\r\n\t\t<title>El Mainz vence al Schalke y se coloca quinto en la Liga alemana | Cand\u00e1s 365<\/title>\n\n","aioseo_head_json":{"title":"El Mainz vence al Schalke y se coloca quinto en la Liga alemana | Cand\u00e1s 365","description":"Mainz (Alemania), 12 feb (dpa) - El Mainz se subi\u00f3 al quinto puesto de la Liga alemana de f\u00fatbol al derrotar hoy por 2-1 al Schalke, que de esa forma dej\u00f3 escapar la posibilidad de colocarse tercero, en el encuentro que abri\u00f3 la vig\u00e9simo primera fecha del torneo. El capit\u00e1n Julian Baumgartlinger, con su primer","canonical_url":"https:\/\/candas365.es\/noticias\/el-mainz-vence-al-schalke-y-se-coloca-quinto-en-la-liga-alemana\/","robots":"max-image-preview:large","keywords":"actualidad","webmasterTools":{"google-site-verification":"UA-32230408-1","msvalidate.01":"354F3CDFB2DA171B47FBE9ABF1F88D5","miscellaneous":""},"schema":{"@context":"https:\/\/schema.org","@graph":[{"@type":"BreadcrumbList","@id":"https:\/\/candas365.es\/noticias\/el-mainz-vence-al-schalke-y-se-coloca-quinto-en-la-liga-alemana\/#breadcrumblist","itemListElement":[{"@type":"ListItem","@id":"https:\/\/candas365.es\/noticias#listItem","position":1,"name":"Home","item":"https:\/\/candas365.es\/noticias","nextItem":{"@type":"ListItem","@id":"https:\/\/candas365.es\/noticias\/category\/actualidad\/#listItem","name":"Actualidad"}},{"@type":"ListItem","@id":"https:\/\/candas365.es\/noticias\/category\/actualidad\/#listItem","position":2,"name":"Actualidad","item":"https:\/\/candas365.es\/noticias\/category\/actualidad\/","nextItem":{"@type":"ListItem","@id":"https:\/\/candas365.es\/noticias\/el-mainz-vence-al-schalke-y-se-coloca-quinto-en-la-liga-alemana\/#listItem","name":"El Mainz vence al Schalke y se coloca quinto en la Liga alemana"},"previousItem":{"@type":"ListItem","@id":"https:\/\/candas365.es\/noticias#listItem","name":"Home"}},{"@type":"ListItem","@id":"https:\/\/candas365.es\/noticias\/el-mainz-vence-al-schalke-y-se-coloca-quinto-en-la-liga-alemana\/#listItem","position":3,"name":"El Mainz vence al Schalke y se coloca quinto en la Liga alemana","previousItem":{"@type":"ListItem","@id":"https:\/\/candas365.es\/noticias\/category\/actualidad\/#listItem","name":"Actualidad"}}]},{"@type":"NewsArticle","@id":"https:\/\/candas365.es\/noticias\/el-mainz-vence-al-schalke-y-se-coloca-quinto-en-la-liga-alemana\/#newsarticle","name":"El Mainz vence al Schalke y se coloca quinto en la Liga alemana | Cand\u00e1s 365","headline":"El Mainz vence al Schalke y se coloca quinto en la Liga alemana","author":{"@id":"https:\/\/candas365.es\/noticias\/author\/admin\/#author"},"publisher":{"@id":"https:\/\/candas365.es\/noticias\/#organization"},"image":{"@type":"ImageObject","url":"https:\/\/candas365.es\/noticias\/wp-content\/uploads\/2014\/11\/DEPORTES.jpg","width":336,"height":280},"datePublished":"2016-02-13T02:13:41+01:00","dateModified":"2016-02-13T02:13:41+01:00","inLanguage":"es-ES","mainEntityOfPage":{"@id":"https:\/\/candas365.es\/noticias\/el-mainz-vence-al-schalke-y-se-coloca-quinto-en-la-liga-alemana\/#webpage"},"isPartOf":{"@id":"https:\/\/candas365.es\/noticias\/el-mainz-vence-al-schalke-y-se-coloca-quinto-en-la-liga-alemana\/#webpage"},"articleSection":"Actualidad","dateline":"Publicado el febrero 13, 2016."},{"@type":"Organization","@id":"https:\/\/candas365.es\/noticias\/#organization","name":"Cand\u00e1s 365","description":"Cand\u00e1s 365 es un diario digital independiente, fundado en 2012, con base en Asturias. Informamos con rigor sobre actualidad, sociedad, cultura y ocio, con una mirada local y global.","url":"https:\/\/candas365.es\/noticias\/","email":"info@candas365.es","telephone":"+34652131393","foundingDate":"2012-06-10","logo":{"@type":"ImageObject","url":"https:\/\/candas365.es\/noticias\/wp-content\/uploads\/2024\/09\/Candas-365-Redes.jpg","@id":"https:\/\/candas365.es\/noticias\/el-mainz-vence-al-schalke-y-se-coloca-quinto-en-la-liga-alemana\/#organizationLogo","width":1152,"height":864,"caption":"Cand\u00e1s 365 Redes"},"image":{"@id":"https:\/\/candas365.es\/noticias\/el-mainz-vence-al-schalke-y-se-coloca-quinto-en-la-liga-alemana\/#organizationLogo"},"sameAs":["https:\/\/www.facebook.com\/Nachofdezber","https:\/\/x.com\/NabercoDigital","https:\/\/www.instagram.com\/nachofdezber\/","https:\/\/www.youtube.com\/channel\/UCZP-2wLEB9Rv6erhFmqVnvg"],"address":{"@id":"https:\/\/candas365.es\/noticias\/#postaladdress","@type":"PostalAddress","streetAddress":"san antonio 4, san antonio 4","postalCode":"33430","addressLocality":"Cand\u00e1s","addressRegion":"Asturias","addressCountry":"ES"}},{"@type":"Person","@id":"https:\/\/candas365.es\/noticias\/author\/admin\/#author","url":"https:\/\/candas365.es\/noticias\/author\/admin\/","name":"Cand\u00e1s 365","image":{"@type":"ImageObject","@id":"https:\/\/candas365.es\/noticias\/el-mainz-vence-al-schalke-y-se-coloca-quinto-en-la-liga-alemana\/#authorImage","url":"https:\/\/secure.gravatar.com\/avatar\/496a8e03d0c493ede1718b7934145dbdf8d89be1036b0eec9544e1094c9de390?s=96&d=mm&r=g","width":96,"height":96,"caption":"Cand\u00e1s 365"},"sameAs":["https:\/\/www.facebook.com\/carrenoactualidad","https:\/\/twitter.com\/nbasturias","https:\/\/www.instagram.com\/nachofdezber\/","https:\/\/www.youtube.com\/channel\/UCZP-2wLEB9Rv6erhFmqVnvg"]},{"@type":"WebPage","@id":"https:\/\/candas365.es\/noticias\/el-mainz-vence-al-schalke-y-se-coloca-quinto-en-la-liga-alemana\/#webpage","url":"https:\/\/candas365.es\/noticias\/el-mainz-vence-al-schalke-y-se-coloca-quinto-en-la-liga-alemana\/","name":"El Mainz vence al Schalke y se coloca quinto en la Liga alemana | Cand\u00e1s 365","description":"Mainz (Alemania), 12 feb (dpa) - El Mainz se subi\u00f3 al quinto puesto de la Liga alemana de f\u00fatbol al derrotar hoy por 2-1 al Schalke, que de esa forma dej\u00f3 escapar la posibilidad de colocarse tercero, en el encuentro que abri\u00f3 la vig\u00e9simo primera fecha del torneo. El capit\u00e1n Julian Baumgartlinger, con su primer","inLanguage":"es-ES","isPartOf":{"@id":"https:\/\/candas365.es\/noticias\/#website"},"breadcrumb":{"@id":"https:\/\/candas365.es\/noticias\/el-mainz-vence-al-schalke-y-se-coloca-quinto-en-la-liga-alemana\/#breadcrumblist"},"author":{"@id":"https:\/\/candas365.es\/noticias\/author\/admin\/#author"},"creator":{"@id":"https:\/\/candas365.es\/noticias\/author\/admin\/#author"},"image":{"@type":"ImageObject","url":"https:\/\/candas365.es\/noticias\/wp-content\/uploads\/2014\/11\/DEPORTES.jpg","@id":"https:\/\/candas365.es\/noticias\/el-mainz-vence-al-schalke-y-se-coloca-quinto-en-la-liga-alemana\/#mainImage","width":336,"height":280},"primaryImageOfPage":{"@id":"https:\/\/candas365.es\/noticias\/el-mainz-vence-al-schalke-y-se-coloca-quinto-en-la-liga-alemana\/#mainImage"},"datePublished":"2016-02-13T02:13:41+01:00","dateModified":"2016-02-13T02:13:41+01:00"},{"@type":"WebSite","@id":"https:\/\/candas365.es\/noticias\/#website","url":"https:\/\/candas365.es\/noticias\/","name":"Cand\u00e1s 365","alternateName":"Cand\u00e1s 365 Noticias","description":"Actualidad desde Carre\u00f1o para el mundo","inLanguage":"es-ES","publisher":{"@id":"https:\/\/candas365.es\/noticias\/#organization"}}]},"og:locale":"es_ES","og:site_name":"Cand\u00e1s 365","og:type":"article","og:title":"El Mainz vence al Schalke y se coloca quinto en la Liga alemana | Cand\u00e1s 365","og:description":"Mainz (Alemania), 12 feb (dpa) - El Mainz se subi\u00f3 al quinto puesto de la Liga alemana de f\u00fatbol al derrotar hoy por 2-1 al Schalke, que de esa forma dej\u00f3 escapar la posibilidad de colocarse tercero, en el encuentro que abri\u00f3 la vig\u00e9simo primera fecha del torneo. El capit\u00e1n Julian Baumgartlinger, con su primer","og:url":"https:\/\/candas365.es\/noticias\/el-mainz-vence-al-schalke-y-se-coloca-quinto-en-la-liga-alemana\/","og:image":"https:\/\/candas365.es\/noticias\/wp-content\/uploads\/2014\/11\/DEPORTES.jpg","og:image:secure_url":"https:\/\/candas365.es\/noticias\/wp-content\/uploads\/2014\/11\/DEPORTES.jpg","og:image:width":336,"og:image:height":280,"article:published_time":"2016-02-13T00:43:41+00:00","article:modified_time":"2016-02-13T00:43:41+00:00","article:publisher":"https:\/\/www.facebook.com\/Nachofdezber","article:author":"https:\/\/www.facebook.com\/carrenoactualidad","twitter:card":"summary_large_image","twitter:site":"@NabercoDigital","twitter:title":"El Mainz vence al Schalke y se coloca quinto en la Liga alemana | Cand\u00e1s 365","twitter:description":"Mainz (Alemania), 12 feb (dpa) - El Mainz se subi\u00f3 al quinto puesto de la Liga alemana de f\u00fatbol al derrotar hoy por 2-1 al Schalke, que de esa forma dej\u00f3 escapar la posibilidad de colocarse tercero, en el encuentro que abri\u00f3 la vig\u00e9simo primera fecha del torneo. El capit\u00e1n Julian Baumgartlinger, con su primer","twitter:creator":"@nbasturias","twitter:image":"https:\/\/candas365.es\/noticias\/wp-content\/uploads\/2014\/11\/DEPORTES.jpg","twitter:label1":"Escrito por","twitter:data1":"Cand\u00e1s 365","twitter:label2":"Tiempo de lectura estimado","twitter:data2":"1 minuto"},"aioseo_meta_data":{"post_id":"26380","title":null,"description":null,"keywords":null,"keyphrases":null,"primary_term":null,"canonical_url":null,"og_title":null,"og_description":null,"og_object_type":"default","og_image_type":"default","og_image_url":null,"og_image_width":null,"og_image_height":null,"og_image_custom_url":null,"og_image_custom_fields":null,"og_video":null,"og_custom_url":null,"og_article_section":null,"og_article_tags":null,"twitter_use_og":false,"twitter_card":"default","twitter_image_type":"default","twitter_image_url":null,"twitter_image_custom_url":null,"twitter_image_custom_fields":null,"twitter_title":null,"twitter_description":null,"schema":{"blockGraphs":[],"customGraphs":[],"default":{"data":{"Article":[],"Course":[],"Dataset":[],"FAQPage":[],"Movie":[],"Person":[],"Product":[],"ProductReview":[],"Car":[],"Recipe":[],"Service":[],"SoftwareApplication":[],"WebPage":[]},"graphName":"","isEnabled":true},"graphs":[],"defaultGraph":"","defaultPostTypeGraph":""},"schema_type":null,"schema_type_options":null,"pillar_content":false,"robots_default":true,"robots_noindex":false,"robots_noarchive":false,"robots_nosnippet":false,"robots_nofollow":false,"robots_noimageindex":false,"robots_noodp":false,"robots_notranslate":false,"robots_max_snippet":null,"robots_max_videopreview":null,"robots_max_imagepreview":"large","priority":null,"frequency":null,"location":null,"local_seo":null,"seo_analyzer_scan_date":"2025-08-24 07:12:13","breadcrumb_settings":null,"limit_modified_date":false,"reviewed_by":null,"open_ai":null,"ai":null,"created":"2020-12-21 12:35:04","updated":"2025-08-24 07:12:13"},"aioseo_breadcrumb":"<div class=\"aioseo-breadcrumbs\"><span class=\"aioseo-breadcrumb\">\n\t<a href=\"https:\/\/candas365.es\/noticias\" title=\"Home\">Home<\/a>\n<\/span><span class=\"aioseo-breadcrumb-separator\">&ndash;<\/span><span class=\"aioseo-breadcrumb\">\n\t<a href=\"https:\/\/candas365.es\/noticias\/category\/actualidad\/\" title=\"Actualidad\">Actualidad<\/a>\n<\/span><span class=\"aioseo-breadcrumb-separator\">&ndash;<\/span><span class=\"aioseo-breadcrumb\">\n\tEl Mainz vence al Schalke y se coloca quinto en la Liga alemana\n<\/span><\/div>","aioseo_breadcrumb_json":[{"label":"Home","link":"https:\/\/candas365.es\/noticias"},{"label":"Actualidad","link":"https:\/\/candas365.es\/noticias\/category\/actualidad\/"},{"label":"El Mainz vence al Schalke y se coloca quinto en la Liga alemana","link":"https:\/\/candas365.es\/noticias\/el-mainz-vence-al-schalke-y-se-coloca-quinto-en-la-liga-alemana\/"}],"_links":{"self":[{"href":"https:\/\/candas365.es\/noticias\/wp-json\/wp\/v2\/posts\/26380","targetHints":{"allow":["GET"]}}],"collection":[{"href":"https:\/\/candas365.es\/noticias\/wp-json\/wp\/v2\/posts"}],"about":[{"href":"https:\/\/candas365.es\/noticias\/wp-json\/wp\/v2\/types\/post"}],"author":[{"embeddable":true,"href":"https:\/\/candas365.es\/noticias\/wp-json\/wp\/v2\/users\/1"}],"replies":[{"embeddable":true,"href":"https:\/\/candas365.es\/noticias\/wp-json\/wp\/v2\/comments?post=26380"}],"version-history":[{"count":0,"href":"https:\/\/candas365.es\/noticias\/wp-json\/wp\/v2\/posts\/26380\/revisions"}],"wp:featuredmedia":[{"embeddable":true,"href":"https:\/\/candas365.es\/noticias\/wp-json\/wp\/v2\/media\/5232"}],"wp:attachment":[{"href":"https:\/\/candas365.es\/noticias\/wp-json\/wp\/v2\/media?parent=26380"}],"wp:term":[{"taxonomy":"category","embeddable":true,"href":"https:\/\/candas365.es\/noticias\/wp-json\/wp\/v2\/categories?post=26380"},{"taxonomy":"post_tag","embeddable":true,"href":"https:\/\/candas365.es\/noticias\/wp-json\/wp\/v2\/tags?post=26380"}],"curies":[{"name":"wp","href":"https:\/\/api.w.org\/{rel}","templated":true}]}}