{"id":26376,"date":"2016-02-13T02:11:54","date_gmt":"2016-02-13T00:41:54","guid":{"rendered":"http:\/\/candas365.es\/noticias\/?p=26376"},"modified":"2016-02-13T02:11:54","modified_gmt":"2016-02-13T00:41:54","slug":"el-sankt-pauli-aleman-jugara-con-camiseta-antifascista","status":"publish","type":"post","link":"https:\/\/candas365.es\/noticias\/el-sankt-pauli-aleman-jugara-con-camiseta-antifascista\/","title":{"rendered":"El Sankt Pauli alem\u00e1n jugar\u00e1 con camiseta \u00abantifascista\u00bb"},"content":{"rendered":"<p>Hamburgo, 12 feb (dpa) &#8211; Los jugadores del Sankt Pauli de la segunda divisi\u00f3n del f\u00fatbol alem\u00e1n jugar\u00e1n este viernes en casa contra el l\u00edder RB Leipzig luciendo camisetas con el eslogan \u00abKein Fussball den Faschisten\u00bb (Ning\u00fan f\u00fatbol para los fascistas), seg\u00fan comunic\u00f3 el club.<\/p>\n<p>La iniciativa cierra una serie de eventos organizados por la secci\u00f3n de aficionados del club de culto hamburgu\u00e9s con motivo del d\u00eda internacional de conmemoraci\u00f3n de las v\u00edctimas del Holocausto. <\/p>\n<p>El d\u00eda recordatorio es el 27 de enero, pero la segunda divisi\u00f3n alemana lo celebra ahora debido a que retom\u00f3 sus actividades tras la pausa invernal el pasado fin de semana.<\/p>\n<p>El Sankt Pauli y su hinchada tienen una larga tradici\u00f3n de lucha contra el fascismo, el racismo y la discriminaci\u00f3n. El club ayuda a migrantes y refugiados.<\/p>\n<p>Una gran cartel con la inscripci\u00f3n antifascista adorna una tribuna del estadio del Sankt Pauli desde que fue remodelado en 2007. El eslogan surgi\u00f3 hace d\u00e9cadas en el seno de la afici\u00f3n y es sin\u00f3nimo de que el club asume su responsabilidad social, se\u00f1ala un comunicado.<\/p>\n","protected":false},"excerpt":{"rendered":"<p>Hamburgo, 12 feb (dpa) &#8211; Los jugadores del Sankt Pauli de la segunda divisi\u00f3n del f\u00fatbol alem\u00e1n jugar\u00e1n este viernes en casa contra el l\u00edder RB Leipzig luciendo camisetas con el eslogan \u00abKein Fussball den Faschisten\u00bb (Ning\u00fan f\u00fatbol para los fascistas), seg\u00fan comunic\u00f3 el club. La iniciativa cierra una serie de eventos organizados por la<\/p>\n","protected":false},"author":1,"featured_media":5232,"comment_status":"closed","ping_status":"closed","sticky":false,"template":"","format":"standard","meta":{"footnotes":""},"categories":[343],"tags":[],"class_list":{"0":"post-26376","1":"post","2":"type-post","3":"status-publish","4":"format-standard","5":"has-post-thumbnail","7":"category-actualidad"},"aioseo_notices":[],"aioseo_head":"\n\t\t<!-- All in One SEO Pro 4.9.6.2 - aioseo.com -->\n\t<meta name=\"description\" content=\"Hamburgo, 12 feb (dpa) - Los jugadores del Sankt Pauli de la segunda divisi\u00f3n del f\u00fatbol alem\u00e1n jugar\u00e1n este viernes en casa contra el l\u00edder RB Leipzig luciendo camisetas con el eslogan &quot;Kein Fussball den Faschisten&quot; (Ning\u00fan f\u00fatbol para los fascistas), seg\u00fan comunic\u00f3 el club. La iniciativa cierra una serie de eventos organizados por la\" \/>\n\t<meta name=\"robots\" content=\"max-image-preview:large\" \/>\n\t<meta name=\"author\" content=\"Cand\u00e1s 365\"\/>\n\t<meta name=\"google-site-verification\" content=\"UA-32230408-1\" \/>\n\t<meta name=\"msvalidate.01\" content=\"354F3CDFB2DA171B47FBE9ABF1F88D5\" \/>\n\t<meta name=\"keywords\" content=\"actualidad\" \/>\n\t<link rel=\"canonical\" href=\"https:\/\/candas365.es\/noticias\/el-sankt-pauli-aleman-jugara-con-camiseta-antifascista\/\" \/>\n\t<meta name=\"generator\" content=\"All in One SEO Pro (AIOSEO) 4.9.6.2\" \/>\n\t\t<meta property=\"og:locale\" content=\"es_ES\" \/>\n\t\t<meta property=\"og:site_name\" content=\"Cand\u00e1s 365\" \/>\n\t\t<meta property=\"og:type\" content=\"article\" \/>\n\t\t<meta property=\"og:title\" content=\"El Sankt Pauli alem\u00e1n jugar\u00e1 con camiseta \u00abantifascista\u00bb | Cand\u00e1s 365\" \/>\n\t\t<meta property=\"og:description\" content=\"Hamburgo, 12 feb (dpa) - Los jugadores del Sankt Pauli de la segunda divisi\u00f3n del f\u00fatbol alem\u00e1n jugar\u00e1n este viernes en casa contra el l\u00edder RB Leipzig luciendo camisetas con el eslogan &quot;Kein Fussball den Faschisten&quot; (Ning\u00fan f\u00fatbol para los fascistas), seg\u00fan comunic\u00f3 el club. La iniciativa cierra una serie de eventos organizados por la\" \/>\n\t\t<meta property=\"og:url\" content=\"https:\/\/candas365.es\/noticias\/el-sankt-pauli-aleman-jugara-con-camiseta-antifascista\/\" \/>\n\t\t<meta property=\"og:image\" content=\"https:\/\/candas365.es\/noticias\/wp-content\/uploads\/2014\/11\/DEPORTES.jpg\" \/>\n\t\t<meta property=\"og:image:secure_url\" content=\"https:\/\/candas365.es\/noticias\/wp-content\/uploads\/2014\/11\/DEPORTES.jpg\" \/>\n\t\t<meta property=\"og:image:width\" content=\"336\" \/>\n\t\t<meta property=\"og:image:height\" content=\"280\" \/>\n\t\t<meta property=\"article:published_time\" content=\"2016-02-13T00:41:54+00:00\" \/>\n\t\t<meta property=\"article:modified_time\" content=\"2016-02-13T00:41:54+00:00\" \/>\n\t\t<meta property=\"article:publisher\" content=\"https:\/\/www.facebook.com\/Nachofdezber\" \/>\n\t\t<meta property=\"article:author\" content=\"https:\/\/www.facebook.com\/carrenoactualidad\" \/>\n\t\t<meta name=\"twitter:card\" content=\"summary_large_image\" \/>\n\t\t<meta name=\"twitter:site\" content=\"@NabercoDigital\" \/>\n\t\t<meta name=\"twitter:title\" content=\"El Sankt Pauli alem\u00e1n jugar\u00e1 con camiseta \u00abantifascista\u00bb | Cand\u00e1s 365\" \/>\n\t\t<meta name=\"twitter:description\" content=\"Hamburgo, 12 feb (dpa) - Los jugadores del Sankt Pauli de la segunda divisi\u00f3n del f\u00fatbol alem\u00e1n jugar\u00e1n este viernes en casa contra el l\u00edder RB Leipzig luciendo camisetas con el eslogan &quot;Kein Fussball den Faschisten&quot; (Ning\u00fan f\u00fatbol para los fascistas), seg\u00fan comunic\u00f3 el club. La iniciativa cierra una serie de eventos organizados por la\" \/>\n\t\t<meta name=\"twitter:creator\" content=\"@nbasturias\" \/>\n\t\t<meta name=\"twitter:image\" content=\"https:\/\/candas365.es\/noticias\/wp-content\/uploads\/2014\/11\/DEPORTES.jpg\" \/>\n\t\t<meta name=\"twitter:label1\" content=\"Escrito por\" \/>\n\t\t<meta name=\"twitter:data1\" content=\"Cand\u00e1s 365\" \/>\n\t\t<meta name=\"twitter:label2\" content=\"Tiempo de lectura estimado\" \/>\n\t\t<meta name=\"twitter:data2\" content=\"1 minuto\" \/>\n\t\t<script type=\"application\/ld+json\" class=\"aioseo-schema\">\n\t\t\t{\"@context\":\"https:\\\/\\\/schema.org\",\"@graph\":[{\"@type\":\"BreadcrumbList\",\"@id\":\"https:\\\/\\\/candas365.es\\\/noticias\\\/el-sankt-pauli-aleman-jugara-con-camiseta-antifascista\\\/#breadcrumblist\",\"itemListElement\":[{\"@type\":\"ListItem\",\"@id\":\"https:\\\/\\\/candas365.es\\\/noticias#listItem\",\"position\":1,\"name\":\"Home\",\"item\":\"https:\\\/\\\/candas365.es\\\/noticias\",\"nextItem\":{\"@type\":\"ListItem\",\"@id\":\"https:\\\/\\\/candas365.es\\\/noticias\\\/category\\\/actualidad\\\/#listItem\",\"name\":\"Actualidad\"}},{\"@type\":\"ListItem\",\"@id\":\"https:\\\/\\\/candas365.es\\\/noticias\\\/category\\\/actualidad\\\/#listItem\",\"position\":2,\"name\":\"Actualidad\",\"item\":\"https:\\\/\\\/candas365.es\\\/noticias\\\/category\\\/actualidad\\\/\",\"nextItem\":{\"@type\":\"ListItem\",\"@id\":\"https:\\\/\\\/candas365.es\\\/noticias\\\/el-sankt-pauli-aleman-jugara-con-camiseta-antifascista\\\/#listItem\",\"name\":\"El Sankt Pauli alem\\u00e1n jugar\\u00e1 con camiseta \\u00abantifascista\\u00bb\"},\"previousItem\":{\"@type\":\"ListItem\",\"@id\":\"https:\\\/\\\/candas365.es\\\/noticias#listItem\",\"name\":\"Home\"}},{\"@type\":\"ListItem\",\"@id\":\"https:\\\/\\\/candas365.es\\\/noticias\\\/el-sankt-pauli-aleman-jugara-con-camiseta-antifascista\\\/#listItem\",\"position\":3,\"name\":\"El Sankt Pauli alem\\u00e1n jugar\\u00e1 con camiseta \\u00abantifascista\\u00bb\",\"previousItem\":{\"@type\":\"ListItem\",\"@id\":\"https:\\\/\\\/candas365.es\\\/noticias\\\/category\\\/actualidad\\\/#listItem\",\"name\":\"Actualidad\"}}]},{\"@type\":\"NewsArticle\",\"@id\":\"https:\\\/\\\/candas365.es\\\/noticias\\\/el-sankt-pauli-aleman-jugara-con-camiseta-antifascista\\\/#newsarticle\",\"name\":\"El Sankt Pauli alem\\u00e1n jugar\\u00e1 con camiseta \\u00abantifascista\\u00bb | Cand\\u00e1s 365\",\"headline\":\"El Sankt Pauli alem\\u00e1n jugar\\u00e1 con camiseta \\u00abantifascista\\u00bb\",\"author\":{\"@id\":\"https:\\\/\\\/candas365.es\\\/noticias\\\/author\\\/admin\\\/#author\"},\"publisher\":{\"@id\":\"https:\\\/\\\/candas365.es\\\/noticias\\\/#organization\"},\"image\":{\"@type\":\"ImageObject\",\"url\":\"https:\\\/\\\/candas365.es\\\/noticias\\\/wp-content\\\/uploads\\\/2014\\\/11\\\/DEPORTES.jpg\",\"width\":336,\"height\":280},\"datePublished\":\"2016-02-13T02:11:54+01:00\",\"dateModified\":\"2016-02-13T02:11:54+01:00\",\"inLanguage\":\"es-ES\",\"mainEntityOfPage\":{\"@id\":\"https:\\\/\\\/candas365.es\\\/noticias\\\/el-sankt-pauli-aleman-jugara-con-camiseta-antifascista\\\/#webpage\"},\"isPartOf\":{\"@id\":\"https:\\\/\\\/candas365.es\\\/noticias\\\/el-sankt-pauli-aleman-jugara-con-camiseta-antifascista\\\/#webpage\"},\"articleSection\":\"Actualidad\",\"dateline\":\"Publicado el febrero 13, 2016.\"},{\"@type\":\"Organization\",\"@id\":\"https:\\\/\\\/candas365.es\\\/noticias\\\/#organization\",\"name\":\"Cand\\u00e1s 365\",\"description\":\"Cand\\u00e1s 365 es un diario digital independiente, fundado en 2012, con base en Asturias. Informamos con rigor sobre actualidad, sociedad, cultura y ocio, con una mirada local y global.\",\"url\":\"https:\\\/\\\/candas365.es\\\/noticias\\\/\",\"email\":\"info@candas365.es\",\"telephone\":\"+34652131393\",\"foundingDate\":\"2012-06-10\",\"logo\":{\"@type\":\"ImageObject\",\"url\":\"https:\\\/\\\/candas365.es\\\/noticias\\\/wp-content\\\/uploads\\\/2024\\\/09\\\/Candas-365-Redes.jpg\",\"@id\":\"https:\\\/\\\/candas365.es\\\/noticias\\\/el-sankt-pauli-aleman-jugara-con-camiseta-antifascista\\\/#organizationLogo\",\"width\":1152,\"height\":864,\"caption\":\"Cand\\u00e1s 365 Redes\"},\"image\":{\"@id\":\"https:\\\/\\\/candas365.es\\\/noticias\\\/el-sankt-pauli-aleman-jugara-con-camiseta-antifascista\\\/#organizationLogo\"},\"sameAs\":[\"https:\\\/\\\/www.facebook.com\\\/Nachofdezber\",\"https:\\\/\\\/x.com\\\/NabercoDigital\",\"https:\\\/\\\/www.instagram.com\\\/nachofdezber\\\/\",\"https:\\\/\\\/www.youtube.com\\\/channel\\\/UCZP-2wLEB9Rv6erhFmqVnvg\"],\"address\":{\"@id\":\"https:\\\/\\\/candas365.es\\\/noticias\\\/#postaladdress\",\"@type\":\"PostalAddress\",\"streetAddress\":\"san antonio 4, san antonio 4\",\"postalCode\":\"33430\",\"addressLocality\":\"Cand\\u00e1s\",\"addressRegion\":\"Asturias\",\"addressCountry\":\"ES\"}},{\"@type\":\"Person\",\"@id\":\"https:\\\/\\\/candas365.es\\\/noticias\\\/author\\\/admin\\\/#author\",\"url\":\"https:\\\/\\\/candas365.es\\\/noticias\\\/author\\\/admin\\\/\",\"name\":\"Cand\\u00e1s 365\",\"image\":{\"@type\":\"ImageObject\",\"@id\":\"https:\\\/\\\/candas365.es\\\/noticias\\\/el-sankt-pauli-aleman-jugara-con-camiseta-antifascista\\\/#authorImage\",\"url\":\"https:\\\/\\\/secure.gravatar.com\\\/avatar\\\/496a8e03d0c493ede1718b7934145dbdf8d89be1036b0eec9544e1094c9de390?s=96&d=mm&r=g\",\"width\":96,\"height\":96,\"caption\":\"Cand\\u00e1s 365\"},\"sameAs\":[\"https:\\\/\\\/www.facebook.com\\\/carrenoactualidad\",\"https:\\\/\\\/twitter.com\\\/nbasturias\",\"https:\\\/\\\/www.instagram.com\\\/nachofdezber\\\/\",\"https:\\\/\\\/www.youtube.com\\\/channel\\\/UCZP-2wLEB9Rv6erhFmqVnvg\"]},{\"@type\":\"WebPage\",\"@id\":\"https:\\\/\\\/candas365.es\\\/noticias\\\/el-sankt-pauli-aleman-jugara-con-camiseta-antifascista\\\/#webpage\",\"url\":\"https:\\\/\\\/candas365.es\\\/noticias\\\/el-sankt-pauli-aleman-jugara-con-camiseta-antifascista\\\/\",\"name\":\"El Sankt Pauli alem\\u00e1n jugar\\u00e1 con camiseta \\u00abantifascista\\u00bb | Cand\\u00e1s 365\",\"description\":\"Hamburgo, 12 feb (dpa) - Los jugadores del Sankt Pauli de la segunda divisi\\u00f3n del f\\u00fatbol alem\\u00e1n jugar\\u00e1n este viernes en casa contra el l\\u00edder RB Leipzig luciendo camisetas con el eslogan \\\"Kein Fussball den Faschisten\\\" (Ning\\u00fan f\\u00fatbol para los fascistas), seg\\u00fan comunic\\u00f3 el club. La iniciativa cierra una serie de eventos organizados por la\",\"inLanguage\":\"es-ES\",\"isPartOf\":{\"@id\":\"https:\\\/\\\/candas365.es\\\/noticias\\\/#website\"},\"breadcrumb\":{\"@id\":\"https:\\\/\\\/candas365.es\\\/noticias\\\/el-sankt-pauli-aleman-jugara-con-camiseta-antifascista\\\/#breadcrumblist\"},\"author\":{\"@id\":\"https:\\\/\\\/candas365.es\\\/noticias\\\/author\\\/admin\\\/#author\"},\"creator\":{\"@id\":\"https:\\\/\\\/candas365.es\\\/noticias\\\/author\\\/admin\\\/#author\"},\"image\":{\"@type\":\"ImageObject\",\"url\":\"https:\\\/\\\/candas365.es\\\/noticias\\\/wp-content\\\/uploads\\\/2014\\\/11\\\/DEPORTES.jpg\",\"@id\":\"https:\\\/\\\/candas365.es\\\/noticias\\\/el-sankt-pauli-aleman-jugara-con-camiseta-antifascista\\\/#mainImage\",\"width\":336,\"height\":280},\"primaryImageOfPage\":{\"@id\":\"https:\\\/\\\/candas365.es\\\/noticias\\\/el-sankt-pauli-aleman-jugara-con-camiseta-antifascista\\\/#mainImage\"},\"datePublished\":\"2016-02-13T02:11:54+01:00\",\"dateModified\":\"2016-02-13T02:11:54+01:00\"},{\"@type\":\"WebSite\",\"@id\":\"https:\\\/\\\/candas365.es\\\/noticias\\\/#website\",\"url\":\"https:\\\/\\\/candas365.es\\\/noticias\\\/\",\"name\":\"Cand\\u00e1s 365\",\"alternateName\":\"Cand\\u00e1s 365 Noticias\",\"description\":\"Actualidad desde Carre\\u00f1o para el mundo\",\"inLanguage\":\"es-ES\",\"publisher\":{\"@id\":\"https:\\\/\\\/candas365.es\\\/noticias\\\/#organization\"}}]}\n\t\t<\/script>\n\t\t<!-- All in One SEO Pro -->\r\n\t\t<title>El Sankt Pauli alem\u00e1n jugar\u00e1 con camiseta \u00abantifascista\u00bb | Cand\u00e1s 365<\/title>\n\n","aioseo_head_json":{"title":"El Sankt Pauli alem\u00e1n jugar\u00e1 con camiseta \u00abantifascista\u00bb | Cand\u00e1s 365","description":"Hamburgo, 12 feb (dpa) - Los jugadores del Sankt Pauli de la segunda divisi\u00f3n del f\u00fatbol alem\u00e1n jugar\u00e1n este viernes en casa contra el l\u00edder RB Leipzig luciendo camisetas con el eslogan \"Kein Fussball den Faschisten\" (Ning\u00fan f\u00fatbol para los fascistas), seg\u00fan comunic\u00f3 el club. La iniciativa cierra una serie de eventos organizados por la","canonical_url":"https:\/\/candas365.es\/noticias\/el-sankt-pauli-aleman-jugara-con-camiseta-antifascista\/","robots":"max-image-preview:large","keywords":"actualidad","webmasterTools":{"google-site-verification":"UA-32230408-1","msvalidate.01":"354F3CDFB2DA171B47FBE9ABF1F88D5","miscellaneous":""},"schema":{"@context":"https:\/\/schema.org","@graph":[{"@type":"BreadcrumbList","@id":"https:\/\/candas365.es\/noticias\/el-sankt-pauli-aleman-jugara-con-camiseta-antifascista\/#breadcrumblist","itemListElement":[{"@type":"ListItem","@id":"https:\/\/candas365.es\/noticias#listItem","position":1,"name":"Home","item":"https:\/\/candas365.es\/noticias","nextItem":{"@type":"ListItem","@id":"https:\/\/candas365.es\/noticias\/category\/actualidad\/#listItem","name":"Actualidad"}},{"@type":"ListItem","@id":"https:\/\/candas365.es\/noticias\/category\/actualidad\/#listItem","position":2,"name":"Actualidad","item":"https:\/\/candas365.es\/noticias\/category\/actualidad\/","nextItem":{"@type":"ListItem","@id":"https:\/\/candas365.es\/noticias\/el-sankt-pauli-aleman-jugara-con-camiseta-antifascista\/#listItem","name":"El Sankt Pauli alem\u00e1n jugar\u00e1 con camiseta \u00abantifascista\u00bb"},"previousItem":{"@type":"ListItem","@id":"https:\/\/candas365.es\/noticias#listItem","name":"Home"}},{"@type":"ListItem","@id":"https:\/\/candas365.es\/noticias\/el-sankt-pauli-aleman-jugara-con-camiseta-antifascista\/#listItem","position":3,"name":"El Sankt Pauli alem\u00e1n jugar\u00e1 con camiseta \u00abantifascista\u00bb","previousItem":{"@type":"ListItem","@id":"https:\/\/candas365.es\/noticias\/category\/actualidad\/#listItem","name":"Actualidad"}}]},{"@type":"NewsArticle","@id":"https:\/\/candas365.es\/noticias\/el-sankt-pauli-aleman-jugara-con-camiseta-antifascista\/#newsarticle","name":"El Sankt Pauli alem\u00e1n jugar\u00e1 con camiseta \u00abantifascista\u00bb | Cand\u00e1s 365","headline":"El Sankt Pauli alem\u00e1n jugar\u00e1 con camiseta \u00abantifascista\u00bb","author":{"@id":"https:\/\/candas365.es\/noticias\/author\/admin\/#author"},"publisher":{"@id":"https:\/\/candas365.es\/noticias\/#organization"},"image":{"@type":"ImageObject","url":"https:\/\/candas365.es\/noticias\/wp-content\/uploads\/2014\/11\/DEPORTES.jpg","width":336,"height":280},"datePublished":"2016-02-13T02:11:54+01:00","dateModified":"2016-02-13T02:11:54+01:00","inLanguage":"es-ES","mainEntityOfPage":{"@id":"https:\/\/candas365.es\/noticias\/el-sankt-pauli-aleman-jugara-con-camiseta-antifascista\/#webpage"},"isPartOf":{"@id":"https:\/\/candas365.es\/noticias\/el-sankt-pauli-aleman-jugara-con-camiseta-antifascista\/#webpage"},"articleSection":"Actualidad","dateline":"Publicado el febrero 13, 2016."},{"@type":"Organization","@id":"https:\/\/candas365.es\/noticias\/#organization","name":"Cand\u00e1s 365","description":"Cand\u00e1s 365 es un diario digital independiente, fundado en 2012, con base en Asturias. Informamos con rigor sobre actualidad, sociedad, cultura y ocio, con una mirada local y global.","url":"https:\/\/candas365.es\/noticias\/","email":"info@candas365.es","telephone":"+34652131393","foundingDate":"2012-06-10","logo":{"@type":"ImageObject","url":"https:\/\/candas365.es\/noticias\/wp-content\/uploads\/2024\/09\/Candas-365-Redes.jpg","@id":"https:\/\/candas365.es\/noticias\/el-sankt-pauli-aleman-jugara-con-camiseta-antifascista\/#organizationLogo","width":1152,"height":864,"caption":"Cand\u00e1s 365 Redes"},"image":{"@id":"https:\/\/candas365.es\/noticias\/el-sankt-pauli-aleman-jugara-con-camiseta-antifascista\/#organizationLogo"},"sameAs":["https:\/\/www.facebook.com\/Nachofdezber","https:\/\/x.com\/NabercoDigital","https:\/\/www.instagram.com\/nachofdezber\/","https:\/\/www.youtube.com\/channel\/UCZP-2wLEB9Rv6erhFmqVnvg"],"address":{"@id":"https:\/\/candas365.es\/noticias\/#postaladdress","@type":"PostalAddress","streetAddress":"san antonio 4, san antonio 4","postalCode":"33430","addressLocality":"Cand\u00e1s","addressRegion":"Asturias","addressCountry":"ES"}},{"@type":"Person","@id":"https:\/\/candas365.es\/noticias\/author\/admin\/#author","url":"https:\/\/candas365.es\/noticias\/author\/admin\/","name":"Cand\u00e1s 365","image":{"@type":"ImageObject","@id":"https:\/\/candas365.es\/noticias\/el-sankt-pauli-aleman-jugara-con-camiseta-antifascista\/#authorImage","url":"https:\/\/secure.gravatar.com\/avatar\/496a8e03d0c493ede1718b7934145dbdf8d89be1036b0eec9544e1094c9de390?s=96&d=mm&r=g","width":96,"height":96,"caption":"Cand\u00e1s 365"},"sameAs":["https:\/\/www.facebook.com\/carrenoactualidad","https:\/\/twitter.com\/nbasturias","https:\/\/www.instagram.com\/nachofdezber\/","https:\/\/www.youtube.com\/channel\/UCZP-2wLEB9Rv6erhFmqVnvg"]},{"@type":"WebPage","@id":"https:\/\/candas365.es\/noticias\/el-sankt-pauli-aleman-jugara-con-camiseta-antifascista\/#webpage","url":"https:\/\/candas365.es\/noticias\/el-sankt-pauli-aleman-jugara-con-camiseta-antifascista\/","name":"El Sankt Pauli alem\u00e1n jugar\u00e1 con camiseta \u00abantifascista\u00bb | Cand\u00e1s 365","description":"Hamburgo, 12 feb (dpa) - Los jugadores del Sankt Pauli de la segunda divisi\u00f3n del f\u00fatbol alem\u00e1n jugar\u00e1n este viernes en casa contra el l\u00edder RB Leipzig luciendo camisetas con el eslogan \"Kein Fussball den Faschisten\" (Ning\u00fan f\u00fatbol para los fascistas), seg\u00fan comunic\u00f3 el club. La iniciativa cierra una serie de eventos organizados por la","inLanguage":"es-ES","isPartOf":{"@id":"https:\/\/candas365.es\/noticias\/#website"},"breadcrumb":{"@id":"https:\/\/candas365.es\/noticias\/el-sankt-pauli-aleman-jugara-con-camiseta-antifascista\/#breadcrumblist"},"author":{"@id":"https:\/\/candas365.es\/noticias\/author\/admin\/#author"},"creator":{"@id":"https:\/\/candas365.es\/noticias\/author\/admin\/#author"},"image":{"@type":"ImageObject","url":"https:\/\/candas365.es\/noticias\/wp-content\/uploads\/2014\/11\/DEPORTES.jpg","@id":"https:\/\/candas365.es\/noticias\/el-sankt-pauli-aleman-jugara-con-camiseta-antifascista\/#mainImage","width":336,"height":280},"primaryImageOfPage":{"@id":"https:\/\/candas365.es\/noticias\/el-sankt-pauli-aleman-jugara-con-camiseta-antifascista\/#mainImage"},"datePublished":"2016-02-13T02:11:54+01:00","dateModified":"2016-02-13T02:11:54+01:00"},{"@type":"WebSite","@id":"https:\/\/candas365.es\/noticias\/#website","url":"https:\/\/candas365.es\/noticias\/","name":"Cand\u00e1s 365","alternateName":"Cand\u00e1s 365 Noticias","description":"Actualidad desde Carre\u00f1o para el mundo","inLanguage":"es-ES","publisher":{"@id":"https:\/\/candas365.es\/noticias\/#organization"}}]},"og:locale":"es_ES","og:site_name":"Cand\u00e1s 365","og:type":"article","og:title":"El Sankt Pauli alem\u00e1n jugar\u00e1 con camiseta \u00abantifascista\u00bb | Cand\u00e1s 365","og:description":"Hamburgo, 12 feb (dpa) - Los jugadores del Sankt Pauli de la segunda divisi\u00f3n del f\u00fatbol alem\u00e1n jugar\u00e1n este viernes en casa contra el l\u00edder RB Leipzig luciendo camisetas con el eslogan &quot;Kein Fussball den Faschisten&quot; (Ning\u00fan f\u00fatbol para los fascistas), seg\u00fan comunic\u00f3 el club. La iniciativa cierra una serie de eventos organizados por la","og:url":"https:\/\/candas365.es\/noticias\/el-sankt-pauli-aleman-jugara-con-camiseta-antifascista\/","og:image":"https:\/\/candas365.es\/noticias\/wp-content\/uploads\/2014\/11\/DEPORTES.jpg","og:image:secure_url":"https:\/\/candas365.es\/noticias\/wp-content\/uploads\/2014\/11\/DEPORTES.jpg","og:image:width":336,"og:image:height":280,"article:published_time":"2016-02-13T00:41:54+00:00","article:modified_time":"2016-02-13T00:41:54+00:00","article:publisher":"https:\/\/www.facebook.com\/Nachofdezber","article:author":"https:\/\/www.facebook.com\/carrenoactualidad","twitter:card":"summary_large_image","twitter:site":"@NabercoDigital","twitter:title":"El Sankt Pauli alem\u00e1n jugar\u00e1 con camiseta \u00abantifascista\u00bb | Cand\u00e1s 365","twitter:description":"Hamburgo, 12 feb (dpa) - Los jugadores del Sankt Pauli de la segunda divisi\u00f3n del f\u00fatbol alem\u00e1n jugar\u00e1n este viernes en casa contra el l\u00edder RB Leipzig luciendo camisetas con el eslogan &quot;Kein Fussball den Faschisten&quot; (Ning\u00fan f\u00fatbol para los fascistas), seg\u00fan comunic\u00f3 el club. La iniciativa cierra una serie de eventos organizados por la","twitter:creator":"@nbasturias","twitter:image":"https:\/\/candas365.es\/noticias\/wp-content\/uploads\/2014\/11\/DEPORTES.jpg","twitter:label1":"Escrito por","twitter:data1":"Cand\u00e1s 365","twitter:label2":"Tiempo de lectura estimado","twitter:data2":"1 minuto"},"aioseo_meta_data":{"post_id":"26376","title":null,"description":null,"keywords":null,"keyphrases":null,"primary_term":null,"canonical_url":null,"og_title":null,"og_description":null,"og_object_type":"default","og_image_type":"default","og_image_url":null,"og_image_width":null,"og_image_height":null,"og_image_custom_url":null,"og_image_custom_fields":null,"og_video":null,"og_custom_url":null,"og_article_section":null,"og_article_tags":null,"twitter_use_og":false,"twitter_card":"default","twitter_image_type":"default","twitter_image_url":null,"twitter_image_custom_url":null,"twitter_image_custom_fields":null,"twitter_title":null,"twitter_description":null,"schema":{"blockGraphs":[],"customGraphs":[],"default":{"data":{"Article":[],"Course":[],"Dataset":[],"FAQPage":[],"Movie":[],"Person":[],"Product":[],"ProductReview":[],"Car":[],"Recipe":[],"Service":[],"SoftwareApplication":[],"WebPage":[]},"graphName":"","isEnabled":true},"graphs":[],"defaultGraph":"","defaultPostTypeGraph":""},"schema_type":null,"schema_type_options":null,"pillar_content":false,"robots_default":true,"robots_noindex":false,"robots_noarchive":false,"robots_nosnippet":false,"robots_nofollow":false,"robots_noimageindex":false,"robots_noodp":false,"robots_notranslate":false,"robots_max_snippet":null,"robots_max_videopreview":null,"robots_max_imagepreview":"large","priority":null,"frequency":null,"location":null,"local_seo":null,"seo_analyzer_scan_date":"2025-08-24 07:12:11","breadcrumb_settings":null,"limit_modified_date":false,"reviewed_by":null,"open_ai":null,"ai":null,"created":"2020-12-21 10:50:42","updated":"2025-08-24 07:12:11"},"aioseo_breadcrumb":"<div class=\"aioseo-breadcrumbs\"><span class=\"aioseo-breadcrumb\">\n\t<a href=\"https:\/\/candas365.es\/noticias\" title=\"Home\">Home<\/a>\n<\/span><span class=\"aioseo-breadcrumb-separator\">&ndash;<\/span><span class=\"aioseo-breadcrumb\">\n\t<a href=\"https:\/\/candas365.es\/noticias\/category\/actualidad\/\" title=\"Actualidad\">Actualidad<\/a>\n<\/span><span class=\"aioseo-breadcrumb-separator\">&ndash;<\/span><span class=\"aioseo-breadcrumb\">\n\tEl Sankt Pauli alem\u00e1n jugar\u00e1 con camiseta \u00abantifascista\u00bb\n<\/span><\/div>","aioseo_breadcrumb_json":[{"label":"Home","link":"https:\/\/candas365.es\/noticias"},{"label":"Actualidad","link":"https:\/\/candas365.es\/noticias\/category\/actualidad\/"},{"label":"El Sankt Pauli alem\u00e1n jugar\u00e1 con camiseta \u00abantifascista\u00bb","link":"https:\/\/candas365.es\/noticias\/el-sankt-pauli-aleman-jugara-con-camiseta-antifascista\/"}],"_links":{"self":[{"href":"https:\/\/candas365.es\/noticias\/wp-json\/wp\/v2\/posts\/26376","targetHints":{"allow":["GET"]}}],"collection":[{"href":"https:\/\/candas365.es\/noticias\/wp-json\/wp\/v2\/posts"}],"about":[{"href":"https:\/\/candas365.es\/noticias\/wp-json\/wp\/v2\/types\/post"}],"author":[{"embeddable":true,"href":"https:\/\/candas365.es\/noticias\/wp-json\/wp\/v2\/users\/1"}],"replies":[{"embeddable":true,"href":"https:\/\/candas365.es\/noticias\/wp-json\/wp\/v2\/comments?post=26376"}],"version-history":[{"count":0,"href":"https:\/\/candas365.es\/noticias\/wp-json\/wp\/v2\/posts\/26376\/revisions"}],"wp:featuredmedia":[{"embeddable":true,"href":"https:\/\/candas365.es\/noticias\/wp-json\/wp\/v2\/media\/5232"}],"wp:attachment":[{"href":"https:\/\/candas365.es\/noticias\/wp-json\/wp\/v2\/media?parent=26376"}],"wp:term":[{"taxonomy":"category","embeddable":true,"href":"https:\/\/candas365.es\/noticias\/wp-json\/wp\/v2\/categories?post=26376"},{"taxonomy":"post_tag","embeddable":true,"href":"https:\/\/candas365.es\/noticias\/wp-json\/wp\/v2\/tags?post=26376"}],"curies":[{"name":"wp","href":"https:\/\/api.w.org\/{rel}","templated":true}]}}