{"id":26374,"date":"2016-02-13T02:11:04","date_gmt":"2016-02-13T00:41:04","guid":{"rendered":"http:\/\/candas365.es\/noticias\/?p=26374"},"modified":"2016-02-13T02:12:23","modified_gmt":"2016-02-13T00:42:23","slug":"harting-campeon-olimpico-y-mundial-de-disco-vuelve-a-la-competicion","status":"publish","type":"post","link":"https:\/\/candas365.es\/noticias\/harting-campeon-olimpico-y-mundial-de-disco-vuelve-a-la-competicion\/","title":{"rendered":"Harting, campe\u00f3n ol\u00edmpico y mundial de disco, vuelve a la competici\u00f3n"},"content":{"rendered":"<p>Berl\u00edn, 12 feb (dpa) &#8211; El alem\u00e1n Robert Harting, campe\u00f3n ol\u00edmpico y mundial de lanzamiento de disco, volver\u00e1 ma\u00f1ana a competir despu\u00e9s de 531 d\u00edas fuera de las pistas por una grave lesi\u00f3n.<\/p>\n<p>\u00abNunca me quise rendir, siempre quise volver\u00bb, asegur\u00f3 el deportista en una entrevista con dpa, antes de participar ma\u00f1ana en una reuni\u00f3n atl\u00e9tica bajo techo en Berl\u00edn. <\/p>\n<p>Conocido por sus vistosas celebraciones arranc\u00e1ndose la camiseta, Harting ser\u00e1 una de las principales atracciones del ISTAF de este a\u00f1o en la capital alemana. <\/p>\n<p>Sin embargo, un torneo indoor para un lanzador de disco es poco menos que anecd\u00f3tico. Para Harting, esta temporada s\u00f3lo cuentan las competiciones al aire libre y los Juegos Ol\u00edmpicos en R\u00edo de Janeiro. <\/p>\n<p>\u00abAhora tengo que esforzarme y luchar. Ya lo he conseguido anteriormente\u00bb, afirm\u00f3 a dpa el tres veces campe\u00f3n mundial. \u00abEste a\u00f1o habr\u00e1 un campe\u00f3n ol\u00edmpico, y si soy yo, me alegrar\u00e9 much\u00edsimo. Si no, ser\u00e1 otro quien se alegre\u00bb. <\/p>\n<p>\u00abEn 2012 en Londres todo pasaba para m\u00ed por el oro. Me quit\u00e9 un peso de encima, fue un gran alivio. Si lo consiguiera otra vez ser\u00eda genial. Me alegrar\u00eda. Podr\u00eda disfrutarlo mucho m\u00e1s. Entonces era una obligaci\u00f3n, hoy es una posibilidad\u00bb, se\u00f1al\u00f3. <\/p>\n<p>En septiembre de 2014, el atleta se rompi\u00f3 el ligamento cruzado de su rodilla izquierda. Retras\u00f3 una y otra vez su vuelta a la competici\u00f3n para evitar cualquier riesgo de lesi\u00f3n, por lo que no particip\u00f3 en el Mundial de Pek\u00edn 2015, donde defend\u00eda t\u00edtulo. El atleta prefiri\u00f3 no arriesgar y asegurarse llegar en plena forma a los Juegos Ol\u00edmpicos de R\u00edo.<\/p>\n<p>\u00abLa palabra es pasi\u00f3n. Los alemanes tienen esa pasi\u00f3n por el \u00e9xito. Sin embargo, no todos muestran esa pasi\u00f3n cuando se trata de aguantar un tormento\u00bb, dijo el atleta m\u00e1s famoso del pa\u00eds. <\/p>\n<p>Harting, de 31 a\u00f1os, trabaja desde hace poco tambi\u00e9n con un psic\u00f3logo. \u00abNo me siento como un ganador del oro ol\u00edmpico, sino m\u00e1s bien como un principiante. Se trata de la cabeza, y eso es software. Mi software de momento no termina de funcionar de forma efectiva\u00bb, reconoce. <\/p>\n<p>El disc\u00f3bolo aprovecha su visibilidad para luchar contra el doping, una lucha en la que ya lleva tiempo inmerso y en la que, afirma, se deber\u00eda ser mucho m\u00e1s transparente a causa los recientes casos revelados, ya que \u00abel p\u00fablico que consume deporte en todo el mundo es cada vez m\u00e1s inteligente\u00bb. <\/p>\n","protected":false},"excerpt":{"rendered":"<p>Berl\u00edn, 12 feb (dpa) &#8211; El alem\u00e1n Robert Harting, campe\u00f3n ol\u00edmpico y mundial de lanzamiento de disco, volver\u00e1 ma\u00f1ana a competir despu\u00e9s de 531 d\u00edas fuera de las pistas por una grave lesi\u00f3n. \u00abNunca me quise rendir, siempre quise volver\u00bb, asegur\u00f3 el deportista en una entrevista con dpa, antes de participar ma\u00f1ana en una reuni\u00f3n<\/p>\n","protected":false},"author":1,"featured_media":5232,"comment_status":"closed","ping_status":"closed","sticky":false,"template":"","format":"standard","meta":{"footnotes":""},"categories":[343],"tags":[],"class_list":{"0":"post-26374","1":"post","2":"type-post","3":"status-publish","4":"format-standard","5":"has-post-thumbnail","7":"category-actualidad"},"aioseo_notices":[],"aioseo_head":"\n\t\t<!-- All in One SEO Pro 4.9.6.2 - aioseo.com -->\n\t<meta name=\"description\" content=\"Berl\u00edn, 12 feb (dpa) - El alem\u00e1n Robert Harting, campe\u00f3n ol\u00edmpico y mundial de lanzamiento de disco, volver\u00e1 ma\u00f1ana a competir despu\u00e9s de 531 d\u00edas fuera de las pistas por una grave lesi\u00f3n. &quot;Nunca me quise rendir, siempre quise volver&quot;, asegur\u00f3 el deportista en una entrevista con dpa, antes de participar ma\u00f1ana en una reuni\u00f3n\" \/>\n\t<meta name=\"robots\" content=\"max-image-preview:large\" \/>\n\t<meta name=\"author\" content=\"Cand\u00e1s 365\"\/>\n\t<meta name=\"google-site-verification\" content=\"UA-32230408-1\" \/>\n\t<meta name=\"msvalidate.01\" content=\"354F3CDFB2DA171B47FBE9ABF1F88D5\" \/>\n\t<meta name=\"keywords\" content=\"actualidad\" \/>\n\t<link rel=\"canonical\" href=\"https:\/\/candas365.es\/noticias\/harting-campeon-olimpico-y-mundial-de-disco-vuelve-a-la-competicion\/\" \/>\n\t<meta name=\"generator\" content=\"All in One SEO Pro (AIOSEO) 4.9.6.2\" \/>\n\t\t<meta property=\"og:locale\" content=\"es_ES\" \/>\n\t\t<meta property=\"og:site_name\" content=\"Cand\u00e1s 365\" \/>\n\t\t<meta property=\"og:type\" content=\"article\" \/>\n\t\t<meta property=\"og:title\" content=\"Harting, campe\u00f3n ol\u00edmpico y mundial de disco, vuelve a la competici\u00f3n | Cand\u00e1s 365\" \/>\n\t\t<meta property=\"og:description\" content=\"Berl\u00edn, 12 feb (dpa) - El alem\u00e1n Robert Harting, campe\u00f3n ol\u00edmpico y mundial de lanzamiento de disco, volver\u00e1 ma\u00f1ana a competir despu\u00e9s de 531 d\u00edas fuera de las pistas por una grave lesi\u00f3n. &quot;Nunca me quise rendir, siempre quise volver&quot;, asegur\u00f3 el deportista en una entrevista con dpa, antes de participar ma\u00f1ana en una reuni\u00f3n\" \/>\n\t\t<meta property=\"og:url\" content=\"https:\/\/candas365.es\/noticias\/harting-campeon-olimpico-y-mundial-de-disco-vuelve-a-la-competicion\/\" \/>\n\t\t<meta property=\"og:image\" content=\"https:\/\/candas365.es\/noticias\/wp-content\/uploads\/2014\/11\/DEPORTES.jpg\" \/>\n\t\t<meta property=\"og:image:secure_url\" content=\"https:\/\/candas365.es\/noticias\/wp-content\/uploads\/2014\/11\/DEPORTES.jpg\" \/>\n\t\t<meta property=\"og:image:width\" content=\"336\" \/>\n\t\t<meta property=\"og:image:height\" content=\"280\" \/>\n\t\t<meta property=\"article:published_time\" content=\"2016-02-13T00:41:04+00:00\" \/>\n\t\t<meta property=\"article:modified_time\" content=\"2016-02-13T00:42:23+00:00\" \/>\n\t\t<meta property=\"article:publisher\" content=\"https:\/\/www.facebook.com\/Nachofdezber\" \/>\n\t\t<meta property=\"article:author\" content=\"https:\/\/www.facebook.com\/carrenoactualidad\" \/>\n\t\t<meta name=\"twitter:card\" content=\"summary_large_image\" \/>\n\t\t<meta name=\"twitter:site\" content=\"@NabercoDigital\" \/>\n\t\t<meta name=\"twitter:title\" content=\"Harting, campe\u00f3n ol\u00edmpico y mundial de disco, vuelve a la competici\u00f3n | Cand\u00e1s 365\" \/>\n\t\t<meta name=\"twitter:description\" content=\"Berl\u00edn, 12 feb (dpa) - El alem\u00e1n Robert Harting, campe\u00f3n ol\u00edmpico y mundial de lanzamiento de disco, volver\u00e1 ma\u00f1ana a competir despu\u00e9s de 531 d\u00edas fuera de las pistas por una grave lesi\u00f3n. &quot;Nunca me quise rendir, siempre quise volver&quot;, asegur\u00f3 el deportista en una entrevista con dpa, antes de participar ma\u00f1ana en una reuni\u00f3n\" \/>\n\t\t<meta name=\"twitter:creator\" content=\"@nbasturias\" \/>\n\t\t<meta name=\"twitter:image\" content=\"https:\/\/candas365.es\/noticias\/wp-content\/uploads\/2014\/11\/DEPORTES.jpg\" \/>\n\t\t<meta name=\"twitter:label1\" content=\"Escrito por\" \/>\n\t\t<meta name=\"twitter:data1\" content=\"Cand\u00e1s 365\" \/>\n\t\t<meta name=\"twitter:label2\" content=\"Tiempo de lectura estimado\" \/>\n\t\t<meta name=\"twitter:data2\" content=\"2 minutos\" \/>\n\t\t<script type=\"application\/ld+json\" class=\"aioseo-schema\">\n\t\t\t{\"@context\":\"https:\\\/\\\/schema.org\",\"@graph\":[{\"@type\":\"BreadcrumbList\",\"@id\":\"https:\\\/\\\/candas365.es\\\/noticias\\\/harting-campeon-olimpico-y-mundial-de-disco-vuelve-a-la-competicion\\\/#breadcrumblist\",\"itemListElement\":[{\"@type\":\"ListItem\",\"@id\":\"https:\\\/\\\/candas365.es\\\/noticias#listItem\",\"position\":1,\"name\":\"Home\",\"item\":\"https:\\\/\\\/candas365.es\\\/noticias\",\"nextItem\":{\"@type\":\"ListItem\",\"@id\":\"https:\\\/\\\/candas365.es\\\/noticias\\\/category\\\/actualidad\\\/#listItem\",\"name\":\"Actualidad\"}},{\"@type\":\"ListItem\",\"@id\":\"https:\\\/\\\/candas365.es\\\/noticias\\\/category\\\/actualidad\\\/#listItem\",\"position\":2,\"name\":\"Actualidad\",\"item\":\"https:\\\/\\\/candas365.es\\\/noticias\\\/category\\\/actualidad\\\/\",\"nextItem\":{\"@type\":\"ListItem\",\"@id\":\"https:\\\/\\\/candas365.es\\\/noticias\\\/harting-campeon-olimpico-y-mundial-de-disco-vuelve-a-la-competicion\\\/#listItem\",\"name\":\"Harting, campe\\u00f3n ol\\u00edmpico y mundial de disco, vuelve a la competici\\u00f3n\"},\"previousItem\":{\"@type\":\"ListItem\",\"@id\":\"https:\\\/\\\/candas365.es\\\/noticias#listItem\",\"name\":\"Home\"}},{\"@type\":\"ListItem\",\"@id\":\"https:\\\/\\\/candas365.es\\\/noticias\\\/harting-campeon-olimpico-y-mundial-de-disco-vuelve-a-la-competicion\\\/#listItem\",\"position\":3,\"name\":\"Harting, campe\\u00f3n ol\\u00edmpico y mundial de disco, vuelve a la competici\\u00f3n\",\"previousItem\":{\"@type\":\"ListItem\",\"@id\":\"https:\\\/\\\/candas365.es\\\/noticias\\\/category\\\/actualidad\\\/#listItem\",\"name\":\"Actualidad\"}}]},{\"@type\":\"NewsArticle\",\"@id\":\"https:\\\/\\\/candas365.es\\\/noticias\\\/harting-campeon-olimpico-y-mundial-de-disco-vuelve-a-la-competicion\\\/#newsarticle\",\"name\":\"Harting, campe\\u00f3n ol\\u00edmpico y mundial de disco, vuelve a la competici\\u00f3n | Cand\\u00e1s 365\",\"headline\":\"Harting, campe\\u00f3n ol\\u00edmpico y mundial de disco, vuelve a la competici\\u00f3n\",\"author\":{\"@id\":\"https:\\\/\\\/candas365.es\\\/noticias\\\/author\\\/admin\\\/#author\"},\"publisher\":{\"@id\":\"https:\\\/\\\/candas365.es\\\/noticias\\\/#organization\"},\"image\":{\"@type\":\"ImageObject\",\"url\":\"https:\\\/\\\/candas365.es\\\/noticias\\\/wp-content\\\/uploads\\\/2014\\\/11\\\/DEPORTES.jpg\",\"width\":336,\"height\":280},\"datePublished\":\"2016-02-13T02:11:04+01:00\",\"dateModified\":\"2016-02-13T02:12:23+01:00\",\"inLanguage\":\"es-ES\",\"mainEntityOfPage\":{\"@id\":\"https:\\\/\\\/candas365.es\\\/noticias\\\/harting-campeon-olimpico-y-mundial-de-disco-vuelve-a-la-competicion\\\/#webpage\"},\"isPartOf\":{\"@id\":\"https:\\\/\\\/candas365.es\\\/noticias\\\/harting-campeon-olimpico-y-mundial-de-disco-vuelve-a-la-competicion\\\/#webpage\"},\"articleSection\":\"Actualidad\",\"dateline\":\"Publicado el febrero 13, 2016.\"},{\"@type\":\"Organization\",\"@id\":\"https:\\\/\\\/candas365.es\\\/noticias\\\/#organization\",\"name\":\"Cand\\u00e1s 365\",\"description\":\"Cand\\u00e1s 365 es un diario digital independiente, fundado en 2012, con base en Asturias. Informamos con rigor sobre actualidad, sociedad, cultura y ocio, con una mirada local y global.\",\"url\":\"https:\\\/\\\/candas365.es\\\/noticias\\\/\",\"email\":\"info@candas365.es\",\"telephone\":\"+34652131393\",\"foundingDate\":\"2012-06-10\",\"logo\":{\"@type\":\"ImageObject\",\"url\":\"https:\\\/\\\/candas365.es\\\/noticias\\\/wp-content\\\/uploads\\\/2024\\\/09\\\/Candas-365-Redes.jpg\",\"@id\":\"https:\\\/\\\/candas365.es\\\/noticias\\\/harting-campeon-olimpico-y-mundial-de-disco-vuelve-a-la-competicion\\\/#organizationLogo\",\"width\":1152,\"height\":864,\"caption\":\"Cand\\u00e1s 365 Redes\"},\"image\":{\"@id\":\"https:\\\/\\\/candas365.es\\\/noticias\\\/harting-campeon-olimpico-y-mundial-de-disco-vuelve-a-la-competicion\\\/#organizationLogo\"},\"sameAs\":[\"https:\\\/\\\/www.facebook.com\\\/Nachofdezber\",\"https:\\\/\\\/x.com\\\/NabercoDigital\",\"https:\\\/\\\/www.instagram.com\\\/nachofdezber\\\/\",\"https:\\\/\\\/www.youtube.com\\\/channel\\\/UCZP-2wLEB9Rv6erhFmqVnvg\"],\"address\":{\"@id\":\"https:\\\/\\\/candas365.es\\\/noticias\\\/#postaladdress\",\"@type\":\"PostalAddress\",\"streetAddress\":\"san antonio 4, san antonio 4\",\"postalCode\":\"33430\",\"addressLocality\":\"Cand\\u00e1s\",\"addressRegion\":\"Asturias\",\"addressCountry\":\"ES\"}},{\"@type\":\"Person\",\"@id\":\"https:\\\/\\\/candas365.es\\\/noticias\\\/author\\\/admin\\\/#author\",\"url\":\"https:\\\/\\\/candas365.es\\\/noticias\\\/author\\\/admin\\\/\",\"name\":\"Cand\\u00e1s 365\",\"image\":{\"@type\":\"ImageObject\",\"@id\":\"https:\\\/\\\/candas365.es\\\/noticias\\\/harting-campeon-olimpico-y-mundial-de-disco-vuelve-a-la-competicion\\\/#authorImage\",\"url\":\"https:\\\/\\\/secure.gravatar.com\\\/avatar\\\/496a8e03d0c493ede1718b7934145dbdf8d89be1036b0eec9544e1094c9de390?s=96&d=mm&r=g\",\"width\":96,\"height\":96,\"caption\":\"Cand\\u00e1s 365\"},\"sameAs\":[\"https:\\\/\\\/www.facebook.com\\\/carrenoactualidad\",\"https:\\\/\\\/twitter.com\\\/nbasturias\",\"https:\\\/\\\/www.instagram.com\\\/nachofdezber\\\/\",\"https:\\\/\\\/www.youtube.com\\\/channel\\\/UCZP-2wLEB9Rv6erhFmqVnvg\"]},{\"@type\":\"WebPage\",\"@id\":\"https:\\\/\\\/candas365.es\\\/noticias\\\/harting-campeon-olimpico-y-mundial-de-disco-vuelve-a-la-competicion\\\/#webpage\",\"url\":\"https:\\\/\\\/candas365.es\\\/noticias\\\/harting-campeon-olimpico-y-mundial-de-disco-vuelve-a-la-competicion\\\/\",\"name\":\"Harting, campe\\u00f3n ol\\u00edmpico y mundial de disco, vuelve a la competici\\u00f3n | Cand\\u00e1s 365\",\"description\":\"Berl\\u00edn, 12 feb (dpa) - El alem\\u00e1n Robert Harting, campe\\u00f3n ol\\u00edmpico y mundial de lanzamiento de disco, volver\\u00e1 ma\\u00f1ana a competir despu\\u00e9s de 531 d\\u00edas fuera de las pistas por una grave lesi\\u00f3n. \\\"Nunca me quise rendir, siempre quise volver\\\", asegur\\u00f3 el deportista en una entrevista con dpa, antes de participar ma\\u00f1ana en una reuni\\u00f3n\",\"inLanguage\":\"es-ES\",\"isPartOf\":{\"@id\":\"https:\\\/\\\/candas365.es\\\/noticias\\\/#website\"},\"breadcrumb\":{\"@id\":\"https:\\\/\\\/candas365.es\\\/noticias\\\/harting-campeon-olimpico-y-mundial-de-disco-vuelve-a-la-competicion\\\/#breadcrumblist\"},\"author\":{\"@id\":\"https:\\\/\\\/candas365.es\\\/noticias\\\/author\\\/admin\\\/#author\"},\"creator\":{\"@id\":\"https:\\\/\\\/candas365.es\\\/noticias\\\/author\\\/admin\\\/#author\"},\"image\":{\"@type\":\"ImageObject\",\"url\":\"https:\\\/\\\/candas365.es\\\/noticias\\\/wp-content\\\/uploads\\\/2014\\\/11\\\/DEPORTES.jpg\",\"@id\":\"https:\\\/\\\/candas365.es\\\/noticias\\\/harting-campeon-olimpico-y-mundial-de-disco-vuelve-a-la-competicion\\\/#mainImage\",\"width\":336,\"height\":280},\"primaryImageOfPage\":{\"@id\":\"https:\\\/\\\/candas365.es\\\/noticias\\\/harting-campeon-olimpico-y-mundial-de-disco-vuelve-a-la-competicion\\\/#mainImage\"},\"datePublished\":\"2016-02-13T02:11:04+01:00\",\"dateModified\":\"2016-02-13T02:12:23+01:00\"},{\"@type\":\"WebSite\",\"@id\":\"https:\\\/\\\/candas365.es\\\/noticias\\\/#website\",\"url\":\"https:\\\/\\\/candas365.es\\\/noticias\\\/\",\"name\":\"Cand\\u00e1s 365\",\"alternateName\":\"Cand\\u00e1s 365 Noticias\",\"description\":\"Actualidad desde Carre\\u00f1o para el mundo\",\"inLanguage\":\"es-ES\",\"publisher\":{\"@id\":\"https:\\\/\\\/candas365.es\\\/noticias\\\/#organization\"}}]}\n\t\t<\/script>\n\t\t<!-- All in One SEO Pro -->\r\n\t\t<title>Harting, campe\u00f3n ol\u00edmpico y mundial de disco, vuelve a la competici\u00f3n | Cand\u00e1s 365<\/title>\n\n","aioseo_head_json":{"title":"Harting, campe\u00f3n ol\u00edmpico y mundial de disco, vuelve a la competici\u00f3n | Cand\u00e1s 365","description":"Berl\u00edn, 12 feb (dpa) - El alem\u00e1n Robert Harting, campe\u00f3n ol\u00edmpico y mundial de lanzamiento de disco, volver\u00e1 ma\u00f1ana a competir despu\u00e9s de 531 d\u00edas fuera de las pistas por una grave lesi\u00f3n. \"Nunca me quise rendir, siempre quise volver\", asegur\u00f3 el deportista en una entrevista con dpa, antes de participar ma\u00f1ana en una reuni\u00f3n","canonical_url":"https:\/\/candas365.es\/noticias\/harting-campeon-olimpico-y-mundial-de-disco-vuelve-a-la-competicion\/","robots":"max-image-preview:large","keywords":"actualidad","webmasterTools":{"google-site-verification":"UA-32230408-1","msvalidate.01":"354F3CDFB2DA171B47FBE9ABF1F88D5","miscellaneous":""},"schema":{"@context":"https:\/\/schema.org","@graph":[{"@type":"BreadcrumbList","@id":"https:\/\/candas365.es\/noticias\/harting-campeon-olimpico-y-mundial-de-disco-vuelve-a-la-competicion\/#breadcrumblist","itemListElement":[{"@type":"ListItem","@id":"https:\/\/candas365.es\/noticias#listItem","position":1,"name":"Home","item":"https:\/\/candas365.es\/noticias","nextItem":{"@type":"ListItem","@id":"https:\/\/candas365.es\/noticias\/category\/actualidad\/#listItem","name":"Actualidad"}},{"@type":"ListItem","@id":"https:\/\/candas365.es\/noticias\/category\/actualidad\/#listItem","position":2,"name":"Actualidad","item":"https:\/\/candas365.es\/noticias\/category\/actualidad\/","nextItem":{"@type":"ListItem","@id":"https:\/\/candas365.es\/noticias\/harting-campeon-olimpico-y-mundial-de-disco-vuelve-a-la-competicion\/#listItem","name":"Harting, campe\u00f3n ol\u00edmpico y mundial de disco, vuelve a la competici\u00f3n"},"previousItem":{"@type":"ListItem","@id":"https:\/\/candas365.es\/noticias#listItem","name":"Home"}},{"@type":"ListItem","@id":"https:\/\/candas365.es\/noticias\/harting-campeon-olimpico-y-mundial-de-disco-vuelve-a-la-competicion\/#listItem","position":3,"name":"Harting, campe\u00f3n ol\u00edmpico y mundial de disco, vuelve a la competici\u00f3n","previousItem":{"@type":"ListItem","@id":"https:\/\/candas365.es\/noticias\/category\/actualidad\/#listItem","name":"Actualidad"}}]},{"@type":"NewsArticle","@id":"https:\/\/candas365.es\/noticias\/harting-campeon-olimpico-y-mundial-de-disco-vuelve-a-la-competicion\/#newsarticle","name":"Harting, campe\u00f3n ol\u00edmpico y mundial de disco, vuelve a la competici\u00f3n | Cand\u00e1s 365","headline":"Harting, campe\u00f3n ol\u00edmpico y mundial de disco, vuelve a la competici\u00f3n","author":{"@id":"https:\/\/candas365.es\/noticias\/author\/admin\/#author"},"publisher":{"@id":"https:\/\/candas365.es\/noticias\/#organization"},"image":{"@type":"ImageObject","url":"https:\/\/candas365.es\/noticias\/wp-content\/uploads\/2014\/11\/DEPORTES.jpg","width":336,"height":280},"datePublished":"2016-02-13T02:11:04+01:00","dateModified":"2016-02-13T02:12:23+01:00","inLanguage":"es-ES","mainEntityOfPage":{"@id":"https:\/\/candas365.es\/noticias\/harting-campeon-olimpico-y-mundial-de-disco-vuelve-a-la-competicion\/#webpage"},"isPartOf":{"@id":"https:\/\/candas365.es\/noticias\/harting-campeon-olimpico-y-mundial-de-disco-vuelve-a-la-competicion\/#webpage"},"articleSection":"Actualidad","dateline":"Publicado el febrero 13, 2016."},{"@type":"Organization","@id":"https:\/\/candas365.es\/noticias\/#organization","name":"Cand\u00e1s 365","description":"Cand\u00e1s 365 es un diario digital independiente, fundado en 2012, con base en Asturias. Informamos con rigor sobre actualidad, sociedad, cultura y ocio, con una mirada local y global.","url":"https:\/\/candas365.es\/noticias\/","email":"info@candas365.es","telephone":"+34652131393","foundingDate":"2012-06-10","logo":{"@type":"ImageObject","url":"https:\/\/candas365.es\/noticias\/wp-content\/uploads\/2024\/09\/Candas-365-Redes.jpg","@id":"https:\/\/candas365.es\/noticias\/harting-campeon-olimpico-y-mundial-de-disco-vuelve-a-la-competicion\/#organizationLogo","width":1152,"height":864,"caption":"Cand\u00e1s 365 Redes"},"image":{"@id":"https:\/\/candas365.es\/noticias\/harting-campeon-olimpico-y-mundial-de-disco-vuelve-a-la-competicion\/#organizationLogo"},"sameAs":["https:\/\/www.facebook.com\/Nachofdezber","https:\/\/x.com\/NabercoDigital","https:\/\/www.instagram.com\/nachofdezber\/","https:\/\/www.youtube.com\/channel\/UCZP-2wLEB9Rv6erhFmqVnvg"],"address":{"@id":"https:\/\/candas365.es\/noticias\/#postaladdress","@type":"PostalAddress","streetAddress":"san antonio 4, san antonio 4","postalCode":"33430","addressLocality":"Cand\u00e1s","addressRegion":"Asturias","addressCountry":"ES"}},{"@type":"Person","@id":"https:\/\/candas365.es\/noticias\/author\/admin\/#author","url":"https:\/\/candas365.es\/noticias\/author\/admin\/","name":"Cand\u00e1s 365","image":{"@type":"ImageObject","@id":"https:\/\/candas365.es\/noticias\/harting-campeon-olimpico-y-mundial-de-disco-vuelve-a-la-competicion\/#authorImage","url":"https:\/\/secure.gravatar.com\/avatar\/496a8e03d0c493ede1718b7934145dbdf8d89be1036b0eec9544e1094c9de390?s=96&d=mm&r=g","width":96,"height":96,"caption":"Cand\u00e1s 365"},"sameAs":["https:\/\/www.facebook.com\/carrenoactualidad","https:\/\/twitter.com\/nbasturias","https:\/\/www.instagram.com\/nachofdezber\/","https:\/\/www.youtube.com\/channel\/UCZP-2wLEB9Rv6erhFmqVnvg"]},{"@type":"WebPage","@id":"https:\/\/candas365.es\/noticias\/harting-campeon-olimpico-y-mundial-de-disco-vuelve-a-la-competicion\/#webpage","url":"https:\/\/candas365.es\/noticias\/harting-campeon-olimpico-y-mundial-de-disco-vuelve-a-la-competicion\/","name":"Harting, campe\u00f3n ol\u00edmpico y mundial de disco, vuelve a la competici\u00f3n | Cand\u00e1s 365","description":"Berl\u00edn, 12 feb (dpa) - El alem\u00e1n Robert Harting, campe\u00f3n ol\u00edmpico y mundial de lanzamiento de disco, volver\u00e1 ma\u00f1ana a competir despu\u00e9s de 531 d\u00edas fuera de las pistas por una grave lesi\u00f3n. \"Nunca me quise rendir, siempre quise volver\", asegur\u00f3 el deportista en una entrevista con dpa, antes de participar ma\u00f1ana en una reuni\u00f3n","inLanguage":"es-ES","isPartOf":{"@id":"https:\/\/candas365.es\/noticias\/#website"},"breadcrumb":{"@id":"https:\/\/candas365.es\/noticias\/harting-campeon-olimpico-y-mundial-de-disco-vuelve-a-la-competicion\/#breadcrumblist"},"author":{"@id":"https:\/\/candas365.es\/noticias\/author\/admin\/#author"},"creator":{"@id":"https:\/\/candas365.es\/noticias\/author\/admin\/#author"},"image":{"@type":"ImageObject","url":"https:\/\/candas365.es\/noticias\/wp-content\/uploads\/2014\/11\/DEPORTES.jpg","@id":"https:\/\/candas365.es\/noticias\/harting-campeon-olimpico-y-mundial-de-disco-vuelve-a-la-competicion\/#mainImage","width":336,"height":280},"primaryImageOfPage":{"@id":"https:\/\/candas365.es\/noticias\/harting-campeon-olimpico-y-mundial-de-disco-vuelve-a-la-competicion\/#mainImage"},"datePublished":"2016-02-13T02:11:04+01:00","dateModified":"2016-02-13T02:12:23+01:00"},{"@type":"WebSite","@id":"https:\/\/candas365.es\/noticias\/#website","url":"https:\/\/candas365.es\/noticias\/","name":"Cand\u00e1s 365","alternateName":"Cand\u00e1s 365 Noticias","description":"Actualidad desde Carre\u00f1o para el mundo","inLanguage":"es-ES","publisher":{"@id":"https:\/\/candas365.es\/noticias\/#organization"}}]},"og:locale":"es_ES","og:site_name":"Cand\u00e1s 365","og:type":"article","og:title":"Harting, campe\u00f3n ol\u00edmpico y mundial de disco, vuelve a la competici\u00f3n | Cand\u00e1s 365","og:description":"Berl\u00edn, 12 feb (dpa) - El alem\u00e1n Robert Harting, campe\u00f3n ol\u00edmpico y mundial de lanzamiento de disco, volver\u00e1 ma\u00f1ana a competir despu\u00e9s de 531 d\u00edas fuera de las pistas por una grave lesi\u00f3n. &quot;Nunca me quise rendir, siempre quise volver&quot;, asegur\u00f3 el deportista en una entrevista con dpa, antes de participar ma\u00f1ana en una reuni\u00f3n","og:url":"https:\/\/candas365.es\/noticias\/harting-campeon-olimpico-y-mundial-de-disco-vuelve-a-la-competicion\/","og:image":"https:\/\/candas365.es\/noticias\/wp-content\/uploads\/2014\/11\/DEPORTES.jpg","og:image:secure_url":"https:\/\/candas365.es\/noticias\/wp-content\/uploads\/2014\/11\/DEPORTES.jpg","og:image:width":336,"og:image:height":280,"article:published_time":"2016-02-13T00:41:04+00:00","article:modified_time":"2016-02-13T00:42:23+00:00","article:publisher":"https:\/\/www.facebook.com\/Nachofdezber","article:author":"https:\/\/www.facebook.com\/carrenoactualidad","twitter:card":"summary_large_image","twitter:site":"@NabercoDigital","twitter:title":"Harting, campe\u00f3n ol\u00edmpico y mundial de disco, vuelve a la competici\u00f3n | Cand\u00e1s 365","twitter:description":"Berl\u00edn, 12 feb (dpa) - El alem\u00e1n Robert Harting, campe\u00f3n ol\u00edmpico y mundial de lanzamiento de disco, volver\u00e1 ma\u00f1ana a competir despu\u00e9s de 531 d\u00edas fuera de las pistas por una grave lesi\u00f3n. &quot;Nunca me quise rendir, siempre quise volver&quot;, asegur\u00f3 el deportista en una entrevista con dpa, antes de participar ma\u00f1ana en una reuni\u00f3n","twitter:creator":"@nbasturias","twitter:image":"https:\/\/candas365.es\/noticias\/wp-content\/uploads\/2014\/11\/DEPORTES.jpg","twitter:label1":"Escrito por","twitter:data1":"Cand\u00e1s 365","twitter:label2":"Tiempo de lectura estimado","twitter:data2":"2 minutos"},"aioseo_meta_data":{"post_id":"26374","title":null,"description":null,"keywords":null,"keyphrases":null,"primary_term":null,"canonical_url":null,"og_title":null,"og_description":null,"og_object_type":"default","og_image_type":"default","og_image_url":null,"og_image_width":null,"og_image_height":null,"og_image_custom_url":null,"og_image_custom_fields":null,"og_video":null,"og_custom_url":null,"og_article_section":null,"og_article_tags":null,"twitter_use_og":false,"twitter_card":"default","twitter_image_type":"default","twitter_image_url":null,"twitter_image_custom_url":null,"twitter_image_custom_fields":null,"twitter_title":null,"twitter_description":null,"schema":{"blockGraphs":[],"customGraphs":[],"default":{"data":{"Article":[],"Course":[],"Dataset":[],"FAQPage":[],"Movie":[],"Person":[],"Product":[],"ProductReview":[],"Car":[],"Recipe":[],"Service":[],"SoftwareApplication":[],"WebPage":[]},"graphName":"","isEnabled":true},"graphs":[]},"schema_type":null,"schema_type_options":null,"pillar_content":false,"robots_default":true,"robots_noindex":false,"robots_noarchive":false,"robots_nosnippet":false,"robots_nofollow":false,"robots_noimageindex":false,"robots_noodp":false,"robots_notranslate":false,"robots_max_snippet":null,"robots_max_videopreview":null,"robots_max_imagepreview":"large","priority":null,"frequency":null,"location":null,"local_seo":null,"seo_analyzer_scan_date":"2025-08-24 07:10:25","breadcrumb_settings":null,"limit_modified_date":false,"reviewed_by":null,"open_ai":null,"ai":null,"created":"2020-12-21 12:35:04","updated":"2025-08-24 07:10:25"},"aioseo_breadcrumb":"<div class=\"aioseo-breadcrumbs\"><span class=\"aioseo-breadcrumb\">\n\t<a href=\"https:\/\/candas365.es\/noticias\" title=\"Home\">Home<\/a>\n<\/span><span class=\"aioseo-breadcrumb-separator\">&ndash;<\/span><span class=\"aioseo-breadcrumb\">\n\t<a href=\"https:\/\/candas365.es\/noticias\/category\/actualidad\/\" title=\"Actualidad\">Actualidad<\/a>\n<\/span><span class=\"aioseo-breadcrumb-separator\">&ndash;<\/span><span class=\"aioseo-breadcrumb\">\n\tHarting, campe\u00f3n ol\u00edmpico y mundial de disco, vuelve a la competici\u00f3n\n<\/span><\/div>","aioseo_breadcrumb_json":[{"label":"Home","link":"https:\/\/candas365.es\/noticias"},{"label":"Actualidad","link":"https:\/\/candas365.es\/noticias\/category\/actualidad\/"},{"label":"Harting, campe\u00f3n ol\u00edmpico y mundial de disco, vuelve a la competici\u00f3n","link":"https:\/\/candas365.es\/noticias\/harting-campeon-olimpico-y-mundial-de-disco-vuelve-a-la-competicion\/"}],"_links":{"self":[{"href":"https:\/\/candas365.es\/noticias\/wp-json\/wp\/v2\/posts\/26374","targetHints":{"allow":["GET"]}}],"collection":[{"href":"https:\/\/candas365.es\/noticias\/wp-json\/wp\/v2\/posts"}],"about":[{"href":"https:\/\/candas365.es\/noticias\/wp-json\/wp\/v2\/types\/post"}],"author":[{"embeddable":true,"href":"https:\/\/candas365.es\/noticias\/wp-json\/wp\/v2\/users\/1"}],"replies":[{"embeddable":true,"href":"https:\/\/candas365.es\/noticias\/wp-json\/wp\/v2\/comments?post=26374"}],"version-history":[{"count":0,"href":"https:\/\/candas365.es\/noticias\/wp-json\/wp\/v2\/posts\/26374\/revisions"}],"wp:featuredmedia":[{"embeddable":true,"href":"https:\/\/candas365.es\/noticias\/wp-json\/wp\/v2\/media\/5232"}],"wp:attachment":[{"href":"https:\/\/candas365.es\/noticias\/wp-json\/wp\/v2\/media?parent=26374"}],"wp:term":[{"taxonomy":"category","embeddable":true,"href":"https:\/\/candas365.es\/noticias\/wp-json\/wp\/v2\/categories?post=26374"},{"taxonomy":"post_tag","embeddable":true,"href":"https:\/\/candas365.es\/noticias\/wp-json\/wp\/v2\/tags?post=26374"}],"curies":[{"name":"wp","href":"https:\/\/api.w.org\/{rel}","templated":true}]}}