{"id":25327,"date":"2016-02-01T00:25:54","date_gmt":"2016-01-31T22:55:54","guid":{"rendered":"http:\/\/candas365.es\/noticias\/?p=25327"},"modified":"2016-02-01T00:25:54","modified_gmt":"2016-01-31T22:55:54","slug":"bmw-ultima-marca-alemana-que-abre-planta-de-motores-en-china","status":"publish","type":"post","link":"https:\/\/candas365.es\/noticias\/bmw-ultima-marca-alemana-que-abre-planta-de-motores-en-china\/","title":{"rendered":"BMW, \u00faltima marca alemana que abre planta de motores en China"},"content":{"rendered":"<p>Berl\u00edn, 31 ene (dpa) &#8211; BMW es el \u00faltimo fabricante alem\u00e1n de autom\u00f3viles de lujo que ha decidido implantar una f\u00e1brica de motores en China. Siguiendo la estela de Audi y Mercedes-Benz (Daimler), BMW inaugur\u00f3 una planta junto con su socio chino Brilliance Automotive.<\/p>\n<p>La f\u00e1brica de Shenyang, al noreste de China, est\u00e1 equipada con una fundici\u00f3n de metal ligero casi libre de emisiones para producir la \u00faltima generaci\u00f3n de motores turbo de gasolina de tres y cuatro cilindros de la marca. Tambi\u00e9n se fabricar\u00e1n bater\u00edas para los veh\u00edculos h\u00edbridos.<\/p>\n<p>Se espera que la factor\u00eda de BMW Brilliance Automotive BBA emplee a 2.000 trabajadores y que suministre motores a la empresa asociada Dadong y a las plantas de montaje de Tiexi.<\/p>\n<p>\u00abLa nueva planta de motores refuerza nuestro firme compromiso con el mercado chino\u00bb, dijo el jefe de producci\u00f3n de BMW, Oliver Zipse, en la reciente ceremonia de apertura de la f\u00e1brica.<\/p>\n<p>Los motores producidos en China utilizan el sistema de producci\u00f3n estandarizada de BMW para motores modulares que tambi\u00e9n se realizan en las plantas de M\u00fanich, Steyr en Austria y Hams Hall en Gran Breta\u00f1a. La marca persigue una estrategia de ahorro de costes a trav\u00e9s de econom\u00edas de escala.<\/p>\n","protected":false},"excerpt":{"rendered":"<p>Berl\u00edn, 31 ene (dpa) &#8211; BMW es el \u00faltimo fabricante alem\u00e1n de autom\u00f3viles de lujo que ha decidido implantar una f\u00e1brica de motores en China. Siguiendo la estela de Audi y Mercedes-Benz (Daimler), BMW inaugur\u00f3 una planta junto con su socio chino Brilliance Automotive. La f\u00e1brica de Shenyang, al noreste de China, est\u00e1 equipada con<\/p>\n","protected":false},"author":1,"featured_media":11776,"comment_status":"closed","ping_status":"closed","sticky":false,"template":"","format":"standard","meta":{"footnotes":""},"categories":[343],"tags":[],"class_list":{"0":"post-25327","1":"post","2":"type-post","3":"status-publish","4":"format-standard","5":"has-post-thumbnail","7":"category-actualidad"},"aioseo_notices":[],"aioseo_head":"\n\t\t<!-- All in One SEO Pro 4.9.6.2 - aioseo.com -->\n\t<meta name=\"description\" content=\"Berl\u00edn, 31 ene (dpa) - BMW es el \u00faltimo fabricante alem\u00e1n de autom\u00f3viles de lujo que ha decidido implantar una f\u00e1brica de motores en China. Siguiendo la estela de Audi y Mercedes-Benz (Daimler), BMW inaugur\u00f3 una planta junto con su socio chino Brilliance Automotive. La f\u00e1brica de Shenyang, al noreste de China, est\u00e1 equipada con\" \/>\n\t<meta name=\"robots\" content=\"max-image-preview:large\" \/>\n\t<meta name=\"author\" content=\"Cand\u00e1s 365\"\/>\n\t<meta name=\"google-site-verification\" content=\"UA-32230408-1\" \/>\n\t<meta name=\"msvalidate.01\" content=\"354F3CDFB2DA171B47FBE9ABF1F88D5\" \/>\n\t<meta name=\"keywords\" content=\"actualidad\" \/>\n\t<link rel=\"canonical\" href=\"https:\/\/candas365.es\/noticias\/bmw-ultima-marca-alemana-que-abre-planta-de-motores-en-china\/\" \/>\n\t<meta name=\"generator\" content=\"All in One SEO Pro (AIOSEO) 4.9.6.2\" \/>\n\t\t<meta property=\"og:locale\" content=\"es_ES\" \/>\n\t\t<meta property=\"og:site_name\" content=\"Cand\u00e1s 365\" \/>\n\t\t<meta property=\"og:type\" content=\"article\" \/>\n\t\t<meta property=\"og:title\" content=\"BMW, \u00faltima marca alemana que abre planta de motores en China | Cand\u00e1s 365\" \/>\n\t\t<meta property=\"og:description\" content=\"Berl\u00edn, 31 ene (dpa) - BMW es el \u00faltimo fabricante alem\u00e1n de autom\u00f3viles de lujo que ha decidido implantar una f\u00e1brica de motores en China. Siguiendo la estela de Audi y Mercedes-Benz (Daimler), BMW inaugur\u00f3 una planta junto con su socio chino Brilliance Automotive. La f\u00e1brica de Shenyang, al noreste de China, est\u00e1 equipada con\" \/>\n\t\t<meta property=\"og:url\" content=\"https:\/\/candas365.es\/noticias\/bmw-ultima-marca-alemana-que-abre-planta-de-motores-en-china\/\" \/>\n\t\t<meta property=\"og:image\" content=\"https:\/\/candas365.es\/noticias\/wp-content\/uploads\/2015\/06\/carretera.jpg\" \/>\n\t\t<meta property=\"og:image:secure_url\" content=\"https:\/\/candas365.es\/noticias\/wp-content\/uploads\/2015\/06\/carretera.jpg\" \/>\n\t\t<meta property=\"og:image:width\" content=\"655\" \/>\n\t\t<meta property=\"og:image:height\" content=\"360\" \/>\n\t\t<meta property=\"article:published_time\" content=\"2016-01-31T22:55:54+00:00\" \/>\n\t\t<meta property=\"article:modified_time\" content=\"2016-01-31T22:55:54+00:00\" \/>\n\t\t<meta property=\"article:publisher\" content=\"https:\/\/www.facebook.com\/Nachofdezber\" \/>\n\t\t<meta property=\"article:author\" content=\"https:\/\/www.facebook.com\/carrenoactualidad\" \/>\n\t\t<meta name=\"twitter:card\" content=\"summary_large_image\" \/>\n\t\t<meta name=\"twitter:site\" content=\"@NabercoDigital\" \/>\n\t\t<meta name=\"twitter:title\" content=\"BMW, \u00faltima marca alemana que abre planta de motores en China | Cand\u00e1s 365\" \/>\n\t\t<meta name=\"twitter:description\" content=\"Berl\u00edn, 31 ene (dpa) - BMW es el \u00faltimo fabricante alem\u00e1n de autom\u00f3viles de lujo que ha decidido implantar una f\u00e1brica de motores en China. Siguiendo la estela de Audi y Mercedes-Benz (Daimler), BMW inaugur\u00f3 una planta junto con su socio chino Brilliance Automotive. La f\u00e1brica de Shenyang, al noreste de China, est\u00e1 equipada con\" \/>\n\t\t<meta name=\"twitter:creator\" content=\"@nbasturias\" \/>\n\t\t<meta name=\"twitter:image\" content=\"https:\/\/candas365.es\/noticias\/wp-content\/uploads\/2015\/06\/carretera.jpg\" \/>\n\t\t<meta name=\"twitter:label1\" content=\"Escrito por\" \/>\n\t\t<meta name=\"twitter:data1\" content=\"Cand\u00e1s 365\" \/>\n\t\t<meta name=\"twitter:label2\" content=\"Tiempo de lectura estimado\" \/>\n\t\t<meta name=\"twitter:data2\" content=\"1 minuto\" \/>\n\t\t<script type=\"application\/ld+json\" class=\"aioseo-schema\">\n\t\t\t{\"@context\":\"https:\\\/\\\/schema.org\",\"@graph\":[{\"@type\":\"BreadcrumbList\",\"@id\":\"https:\\\/\\\/candas365.es\\\/noticias\\\/bmw-ultima-marca-alemana-que-abre-planta-de-motores-en-china\\\/#breadcrumblist\",\"itemListElement\":[{\"@type\":\"ListItem\",\"@id\":\"https:\\\/\\\/candas365.es\\\/noticias#listItem\",\"position\":1,\"name\":\"Home\",\"item\":\"https:\\\/\\\/candas365.es\\\/noticias\",\"nextItem\":{\"@type\":\"ListItem\",\"@id\":\"https:\\\/\\\/candas365.es\\\/noticias\\\/category\\\/actualidad\\\/#listItem\",\"name\":\"Actualidad\"}},{\"@type\":\"ListItem\",\"@id\":\"https:\\\/\\\/candas365.es\\\/noticias\\\/category\\\/actualidad\\\/#listItem\",\"position\":2,\"name\":\"Actualidad\",\"item\":\"https:\\\/\\\/candas365.es\\\/noticias\\\/category\\\/actualidad\\\/\",\"nextItem\":{\"@type\":\"ListItem\",\"@id\":\"https:\\\/\\\/candas365.es\\\/noticias\\\/bmw-ultima-marca-alemana-que-abre-planta-de-motores-en-china\\\/#listItem\",\"name\":\"BMW, \\u00faltima marca alemana que abre planta de motores en China\"},\"previousItem\":{\"@type\":\"ListItem\",\"@id\":\"https:\\\/\\\/candas365.es\\\/noticias#listItem\",\"name\":\"Home\"}},{\"@type\":\"ListItem\",\"@id\":\"https:\\\/\\\/candas365.es\\\/noticias\\\/bmw-ultima-marca-alemana-que-abre-planta-de-motores-en-china\\\/#listItem\",\"position\":3,\"name\":\"BMW, \\u00faltima marca alemana que abre planta de motores en China\",\"previousItem\":{\"@type\":\"ListItem\",\"@id\":\"https:\\\/\\\/candas365.es\\\/noticias\\\/category\\\/actualidad\\\/#listItem\",\"name\":\"Actualidad\"}}]},{\"@type\":\"NewsArticle\",\"@id\":\"https:\\\/\\\/candas365.es\\\/noticias\\\/bmw-ultima-marca-alemana-que-abre-planta-de-motores-en-china\\\/#newsarticle\",\"name\":\"BMW, \\u00faltima marca alemana que abre planta de motores en China | Cand\\u00e1s 365\",\"headline\":\"BMW, \\u00faltima marca alemana que abre planta de motores en China\",\"author\":{\"@id\":\"https:\\\/\\\/candas365.es\\\/noticias\\\/author\\\/admin\\\/#author\"},\"publisher\":{\"@id\":\"https:\\\/\\\/candas365.es\\\/noticias\\\/#organization\"},\"image\":{\"@type\":\"ImageObject\",\"url\":\"https:\\\/\\\/candas365.es\\\/noticias\\\/wp-content\\\/uploads\\\/2015\\\/06\\\/carretera.jpg\",\"width\":655,\"height\":360},\"datePublished\":\"2016-02-01T00:25:54+01:00\",\"dateModified\":\"2016-02-01T00:25:54+01:00\",\"inLanguage\":\"es-ES\",\"mainEntityOfPage\":{\"@id\":\"https:\\\/\\\/candas365.es\\\/noticias\\\/bmw-ultima-marca-alemana-que-abre-planta-de-motores-en-china\\\/#webpage\"},\"isPartOf\":{\"@id\":\"https:\\\/\\\/candas365.es\\\/noticias\\\/bmw-ultima-marca-alemana-que-abre-planta-de-motores-en-china\\\/#webpage\"},\"articleSection\":\"Actualidad\",\"dateline\":\"Publicado el febrero 1, 2016.\"},{\"@type\":\"Organization\",\"@id\":\"https:\\\/\\\/candas365.es\\\/noticias\\\/#organization\",\"name\":\"Cand\\u00e1s 365\",\"description\":\"Cand\\u00e1s 365 es un diario digital independiente, fundado en 2012, con base en Asturias. Informamos con rigor sobre actualidad, sociedad, cultura y ocio, con una mirada local y global.\",\"url\":\"https:\\\/\\\/candas365.es\\\/noticias\\\/\",\"email\":\"info@candas365.es\",\"telephone\":\"+34652131393\",\"foundingDate\":\"2012-06-10\",\"logo\":{\"@type\":\"ImageObject\",\"url\":\"https:\\\/\\\/candas365.es\\\/noticias\\\/wp-content\\\/uploads\\\/2024\\\/09\\\/Candas-365-Redes.jpg\",\"@id\":\"https:\\\/\\\/candas365.es\\\/noticias\\\/bmw-ultima-marca-alemana-que-abre-planta-de-motores-en-china\\\/#organizationLogo\",\"width\":1152,\"height\":864,\"caption\":\"Cand\\u00e1s 365 Redes\"},\"image\":{\"@id\":\"https:\\\/\\\/candas365.es\\\/noticias\\\/bmw-ultima-marca-alemana-que-abre-planta-de-motores-en-china\\\/#organizationLogo\"},\"sameAs\":[\"https:\\\/\\\/www.facebook.com\\\/Nachofdezber\",\"https:\\\/\\\/x.com\\\/NabercoDigital\",\"https:\\\/\\\/www.instagram.com\\\/nachofdezber\\\/\",\"https:\\\/\\\/www.youtube.com\\\/channel\\\/UCZP-2wLEB9Rv6erhFmqVnvg\"],\"address\":{\"@id\":\"https:\\\/\\\/candas365.es\\\/noticias\\\/#postaladdress\",\"@type\":\"PostalAddress\",\"streetAddress\":\"san antonio 4, san antonio 4\",\"postalCode\":\"33430\",\"addressLocality\":\"Cand\\u00e1s\",\"addressRegion\":\"Asturias\",\"addressCountry\":\"ES\"}},{\"@type\":\"Person\",\"@id\":\"https:\\\/\\\/candas365.es\\\/noticias\\\/author\\\/admin\\\/#author\",\"url\":\"https:\\\/\\\/candas365.es\\\/noticias\\\/author\\\/admin\\\/\",\"name\":\"Cand\\u00e1s 365\",\"image\":{\"@type\":\"ImageObject\",\"@id\":\"https:\\\/\\\/candas365.es\\\/noticias\\\/bmw-ultima-marca-alemana-que-abre-planta-de-motores-en-china\\\/#authorImage\",\"url\":\"https:\\\/\\\/secure.gravatar.com\\\/avatar\\\/496a8e03d0c493ede1718b7934145dbdf8d89be1036b0eec9544e1094c9de390?s=96&d=mm&r=g\",\"width\":96,\"height\":96,\"caption\":\"Cand\\u00e1s 365\"},\"sameAs\":[\"https:\\\/\\\/www.facebook.com\\\/carrenoactualidad\",\"https:\\\/\\\/twitter.com\\\/nbasturias\",\"https:\\\/\\\/www.instagram.com\\\/nachofdezber\\\/\",\"https:\\\/\\\/www.youtube.com\\\/channel\\\/UCZP-2wLEB9Rv6erhFmqVnvg\"]},{\"@type\":\"WebPage\",\"@id\":\"https:\\\/\\\/candas365.es\\\/noticias\\\/bmw-ultima-marca-alemana-que-abre-planta-de-motores-en-china\\\/#webpage\",\"url\":\"https:\\\/\\\/candas365.es\\\/noticias\\\/bmw-ultima-marca-alemana-que-abre-planta-de-motores-en-china\\\/\",\"name\":\"BMW, \\u00faltima marca alemana que abre planta de motores en China | Cand\\u00e1s 365\",\"description\":\"Berl\\u00edn, 31 ene (dpa) - BMW es el \\u00faltimo fabricante alem\\u00e1n de autom\\u00f3viles de lujo que ha decidido implantar una f\\u00e1brica de motores en China. Siguiendo la estela de Audi y Mercedes-Benz (Daimler), BMW inaugur\\u00f3 una planta junto con su socio chino Brilliance Automotive. La f\\u00e1brica de Shenyang, al noreste de China, est\\u00e1 equipada con\",\"inLanguage\":\"es-ES\",\"isPartOf\":{\"@id\":\"https:\\\/\\\/candas365.es\\\/noticias\\\/#website\"},\"breadcrumb\":{\"@id\":\"https:\\\/\\\/candas365.es\\\/noticias\\\/bmw-ultima-marca-alemana-que-abre-planta-de-motores-en-china\\\/#breadcrumblist\"},\"author\":{\"@id\":\"https:\\\/\\\/candas365.es\\\/noticias\\\/author\\\/admin\\\/#author\"},\"creator\":{\"@id\":\"https:\\\/\\\/candas365.es\\\/noticias\\\/author\\\/admin\\\/#author\"},\"image\":{\"@type\":\"ImageObject\",\"url\":\"https:\\\/\\\/candas365.es\\\/noticias\\\/wp-content\\\/uploads\\\/2015\\\/06\\\/carretera.jpg\",\"@id\":\"https:\\\/\\\/candas365.es\\\/noticias\\\/bmw-ultima-marca-alemana-que-abre-planta-de-motores-en-china\\\/#mainImage\",\"width\":655,\"height\":360},\"primaryImageOfPage\":{\"@id\":\"https:\\\/\\\/candas365.es\\\/noticias\\\/bmw-ultima-marca-alemana-que-abre-planta-de-motores-en-china\\\/#mainImage\"},\"datePublished\":\"2016-02-01T00:25:54+01:00\",\"dateModified\":\"2016-02-01T00:25:54+01:00\"},{\"@type\":\"WebSite\",\"@id\":\"https:\\\/\\\/candas365.es\\\/noticias\\\/#website\",\"url\":\"https:\\\/\\\/candas365.es\\\/noticias\\\/\",\"name\":\"Cand\\u00e1s 365\",\"alternateName\":\"Cand\\u00e1s 365 Noticias\",\"description\":\"Actualidad desde Carre\\u00f1o para el mundo\",\"inLanguage\":\"es-ES\",\"publisher\":{\"@id\":\"https:\\\/\\\/candas365.es\\\/noticias\\\/#organization\"}}]}\n\t\t<\/script>\n\t\t<!-- All in One SEO Pro -->\r\n\t\t<title>BMW, \u00faltima marca alemana que abre planta de motores en China | Cand\u00e1s 365<\/title>\n\n","aioseo_head_json":{"title":"BMW, \u00faltima marca alemana que abre planta de motores en China | Cand\u00e1s 365","description":"Berl\u00edn, 31 ene (dpa) - BMW es el \u00faltimo fabricante alem\u00e1n de autom\u00f3viles de lujo que ha decidido implantar una f\u00e1brica de motores en China. Siguiendo la estela de Audi y Mercedes-Benz (Daimler), BMW inaugur\u00f3 una planta junto con su socio chino Brilliance Automotive. La f\u00e1brica de Shenyang, al noreste de China, est\u00e1 equipada con","canonical_url":"https:\/\/candas365.es\/noticias\/bmw-ultima-marca-alemana-que-abre-planta-de-motores-en-china\/","robots":"max-image-preview:large","keywords":"actualidad","webmasterTools":{"google-site-verification":"UA-32230408-1","msvalidate.01":"354F3CDFB2DA171B47FBE9ABF1F88D5","miscellaneous":""},"schema":{"@context":"https:\/\/schema.org","@graph":[{"@type":"BreadcrumbList","@id":"https:\/\/candas365.es\/noticias\/bmw-ultima-marca-alemana-que-abre-planta-de-motores-en-china\/#breadcrumblist","itemListElement":[{"@type":"ListItem","@id":"https:\/\/candas365.es\/noticias#listItem","position":1,"name":"Home","item":"https:\/\/candas365.es\/noticias","nextItem":{"@type":"ListItem","@id":"https:\/\/candas365.es\/noticias\/category\/actualidad\/#listItem","name":"Actualidad"}},{"@type":"ListItem","@id":"https:\/\/candas365.es\/noticias\/category\/actualidad\/#listItem","position":2,"name":"Actualidad","item":"https:\/\/candas365.es\/noticias\/category\/actualidad\/","nextItem":{"@type":"ListItem","@id":"https:\/\/candas365.es\/noticias\/bmw-ultima-marca-alemana-que-abre-planta-de-motores-en-china\/#listItem","name":"BMW, \u00faltima marca alemana que abre planta de motores en China"},"previousItem":{"@type":"ListItem","@id":"https:\/\/candas365.es\/noticias#listItem","name":"Home"}},{"@type":"ListItem","@id":"https:\/\/candas365.es\/noticias\/bmw-ultima-marca-alemana-que-abre-planta-de-motores-en-china\/#listItem","position":3,"name":"BMW, \u00faltima marca alemana que abre planta de motores en China","previousItem":{"@type":"ListItem","@id":"https:\/\/candas365.es\/noticias\/category\/actualidad\/#listItem","name":"Actualidad"}}]},{"@type":"NewsArticle","@id":"https:\/\/candas365.es\/noticias\/bmw-ultima-marca-alemana-que-abre-planta-de-motores-en-china\/#newsarticle","name":"BMW, \u00faltima marca alemana que abre planta de motores en China | Cand\u00e1s 365","headline":"BMW, \u00faltima marca alemana que abre planta de motores en China","author":{"@id":"https:\/\/candas365.es\/noticias\/author\/admin\/#author"},"publisher":{"@id":"https:\/\/candas365.es\/noticias\/#organization"},"image":{"@type":"ImageObject","url":"https:\/\/candas365.es\/noticias\/wp-content\/uploads\/2015\/06\/carretera.jpg","width":655,"height":360},"datePublished":"2016-02-01T00:25:54+01:00","dateModified":"2016-02-01T00:25:54+01:00","inLanguage":"es-ES","mainEntityOfPage":{"@id":"https:\/\/candas365.es\/noticias\/bmw-ultima-marca-alemana-que-abre-planta-de-motores-en-china\/#webpage"},"isPartOf":{"@id":"https:\/\/candas365.es\/noticias\/bmw-ultima-marca-alemana-que-abre-planta-de-motores-en-china\/#webpage"},"articleSection":"Actualidad","dateline":"Publicado el febrero 1, 2016."},{"@type":"Organization","@id":"https:\/\/candas365.es\/noticias\/#organization","name":"Cand\u00e1s 365","description":"Cand\u00e1s 365 es un diario digital independiente, fundado en 2012, con base en Asturias. Informamos con rigor sobre actualidad, sociedad, cultura y ocio, con una mirada local y global.","url":"https:\/\/candas365.es\/noticias\/","email":"info@candas365.es","telephone":"+34652131393","foundingDate":"2012-06-10","logo":{"@type":"ImageObject","url":"https:\/\/candas365.es\/noticias\/wp-content\/uploads\/2024\/09\/Candas-365-Redes.jpg","@id":"https:\/\/candas365.es\/noticias\/bmw-ultima-marca-alemana-que-abre-planta-de-motores-en-china\/#organizationLogo","width":1152,"height":864,"caption":"Cand\u00e1s 365 Redes"},"image":{"@id":"https:\/\/candas365.es\/noticias\/bmw-ultima-marca-alemana-que-abre-planta-de-motores-en-china\/#organizationLogo"},"sameAs":["https:\/\/www.facebook.com\/Nachofdezber","https:\/\/x.com\/NabercoDigital","https:\/\/www.instagram.com\/nachofdezber\/","https:\/\/www.youtube.com\/channel\/UCZP-2wLEB9Rv6erhFmqVnvg"],"address":{"@id":"https:\/\/candas365.es\/noticias\/#postaladdress","@type":"PostalAddress","streetAddress":"san antonio 4, san antonio 4","postalCode":"33430","addressLocality":"Cand\u00e1s","addressRegion":"Asturias","addressCountry":"ES"}},{"@type":"Person","@id":"https:\/\/candas365.es\/noticias\/author\/admin\/#author","url":"https:\/\/candas365.es\/noticias\/author\/admin\/","name":"Cand\u00e1s 365","image":{"@type":"ImageObject","@id":"https:\/\/candas365.es\/noticias\/bmw-ultima-marca-alemana-que-abre-planta-de-motores-en-china\/#authorImage","url":"https:\/\/secure.gravatar.com\/avatar\/496a8e03d0c493ede1718b7934145dbdf8d89be1036b0eec9544e1094c9de390?s=96&d=mm&r=g","width":96,"height":96,"caption":"Cand\u00e1s 365"},"sameAs":["https:\/\/www.facebook.com\/carrenoactualidad","https:\/\/twitter.com\/nbasturias","https:\/\/www.instagram.com\/nachofdezber\/","https:\/\/www.youtube.com\/channel\/UCZP-2wLEB9Rv6erhFmqVnvg"]},{"@type":"WebPage","@id":"https:\/\/candas365.es\/noticias\/bmw-ultima-marca-alemana-que-abre-planta-de-motores-en-china\/#webpage","url":"https:\/\/candas365.es\/noticias\/bmw-ultima-marca-alemana-que-abre-planta-de-motores-en-china\/","name":"BMW, \u00faltima marca alemana que abre planta de motores en China | Cand\u00e1s 365","description":"Berl\u00edn, 31 ene (dpa) - BMW es el \u00faltimo fabricante alem\u00e1n de autom\u00f3viles de lujo que ha decidido implantar una f\u00e1brica de motores en China. Siguiendo la estela de Audi y Mercedes-Benz (Daimler), BMW inaugur\u00f3 una planta junto con su socio chino Brilliance Automotive. La f\u00e1brica de Shenyang, al noreste de China, est\u00e1 equipada con","inLanguage":"es-ES","isPartOf":{"@id":"https:\/\/candas365.es\/noticias\/#website"},"breadcrumb":{"@id":"https:\/\/candas365.es\/noticias\/bmw-ultima-marca-alemana-que-abre-planta-de-motores-en-china\/#breadcrumblist"},"author":{"@id":"https:\/\/candas365.es\/noticias\/author\/admin\/#author"},"creator":{"@id":"https:\/\/candas365.es\/noticias\/author\/admin\/#author"},"image":{"@type":"ImageObject","url":"https:\/\/candas365.es\/noticias\/wp-content\/uploads\/2015\/06\/carretera.jpg","@id":"https:\/\/candas365.es\/noticias\/bmw-ultima-marca-alemana-que-abre-planta-de-motores-en-china\/#mainImage","width":655,"height":360},"primaryImageOfPage":{"@id":"https:\/\/candas365.es\/noticias\/bmw-ultima-marca-alemana-que-abre-planta-de-motores-en-china\/#mainImage"},"datePublished":"2016-02-01T00:25:54+01:00","dateModified":"2016-02-01T00:25:54+01:00"},{"@type":"WebSite","@id":"https:\/\/candas365.es\/noticias\/#website","url":"https:\/\/candas365.es\/noticias\/","name":"Cand\u00e1s 365","alternateName":"Cand\u00e1s 365 Noticias","description":"Actualidad desde Carre\u00f1o para el mundo","inLanguage":"es-ES","publisher":{"@id":"https:\/\/candas365.es\/noticias\/#organization"}}]},"og:locale":"es_ES","og:site_name":"Cand\u00e1s 365","og:type":"article","og:title":"BMW, \u00faltima marca alemana que abre planta de motores en China | Cand\u00e1s 365","og:description":"Berl\u00edn, 31 ene (dpa) - BMW es el \u00faltimo fabricante alem\u00e1n de autom\u00f3viles de lujo que ha decidido implantar una f\u00e1brica de motores en China. Siguiendo la estela de Audi y Mercedes-Benz (Daimler), BMW inaugur\u00f3 una planta junto con su socio chino Brilliance Automotive. La f\u00e1brica de Shenyang, al noreste de China, est\u00e1 equipada con","og:url":"https:\/\/candas365.es\/noticias\/bmw-ultima-marca-alemana-que-abre-planta-de-motores-en-china\/","og:image":"https:\/\/candas365.es\/noticias\/wp-content\/uploads\/2015\/06\/carretera.jpg","og:image:secure_url":"https:\/\/candas365.es\/noticias\/wp-content\/uploads\/2015\/06\/carretera.jpg","og:image:width":655,"og:image:height":360,"article:published_time":"2016-01-31T22:55:54+00:00","article:modified_time":"2016-01-31T22:55:54+00:00","article:publisher":"https:\/\/www.facebook.com\/Nachofdezber","article:author":"https:\/\/www.facebook.com\/carrenoactualidad","twitter:card":"summary_large_image","twitter:site":"@NabercoDigital","twitter:title":"BMW, \u00faltima marca alemana que abre planta de motores en China | Cand\u00e1s 365","twitter:description":"Berl\u00edn, 31 ene (dpa) - BMW es el \u00faltimo fabricante alem\u00e1n de autom\u00f3viles de lujo que ha decidido implantar una f\u00e1brica de motores en China. Siguiendo la estela de Audi y Mercedes-Benz (Daimler), BMW inaugur\u00f3 una planta junto con su socio chino Brilliance Automotive. La f\u00e1brica de Shenyang, al noreste de China, est\u00e1 equipada con","twitter:creator":"@nbasturias","twitter:image":"https:\/\/candas365.es\/noticias\/wp-content\/uploads\/2015\/06\/carretera.jpg","twitter:label1":"Escrito por","twitter:data1":"Cand\u00e1s 365","twitter:label2":"Tiempo de lectura estimado","twitter:data2":"1 minuto"},"aioseo_meta_data":{"post_id":"25327","title":null,"description":null,"keywords":null,"keyphrases":null,"primary_term":null,"canonical_url":null,"og_title":null,"og_description":null,"og_object_type":"default","og_image_type":"default","og_image_url":null,"og_image_width":null,"og_image_height":null,"og_image_custom_url":null,"og_image_custom_fields":null,"og_video":null,"og_custom_url":null,"og_article_section":null,"og_article_tags":null,"twitter_use_og":false,"twitter_card":"default","twitter_image_type":"default","twitter_image_url":null,"twitter_image_custom_url":null,"twitter_image_custom_fields":null,"twitter_title":null,"twitter_description":null,"schema":{"blockGraphs":[],"customGraphs":[],"default":{"data":{"Article":[],"Course":[],"Dataset":[],"FAQPage":[],"Movie":[],"Person":[],"Product":[],"ProductReview":[],"Car":[],"Recipe":[],"Service":[],"SoftwareApplication":[],"WebPage":[]},"graphName":"","isEnabled":true},"graphs":[]},"schema_type":null,"schema_type_options":null,"pillar_content":false,"robots_default":true,"robots_noindex":false,"robots_noarchive":false,"robots_nosnippet":false,"robots_nofollow":false,"robots_noimageindex":false,"robots_noodp":false,"robots_notranslate":false,"robots_max_snippet":null,"robots_max_videopreview":null,"robots_max_imagepreview":"large","priority":null,"frequency":null,"location":null,"local_seo":null,"seo_analyzer_scan_date":"2025-08-24 05:43:12","breadcrumb_settings":null,"limit_modified_date":false,"reviewed_by":null,"open_ai":null,"ai":null,"created":"2020-12-21 12:25:57","updated":"2025-08-24 05:43:12"},"aioseo_breadcrumb":"<div class=\"aioseo-breadcrumbs\"><span class=\"aioseo-breadcrumb\">\n\t<a href=\"https:\/\/candas365.es\/noticias\" title=\"Home\">Home<\/a>\n<\/span><span class=\"aioseo-breadcrumb-separator\">&ndash;<\/span><span class=\"aioseo-breadcrumb\">\n\t<a href=\"https:\/\/candas365.es\/noticias\/category\/actualidad\/\" title=\"Actualidad\">Actualidad<\/a>\n<\/span><span class=\"aioseo-breadcrumb-separator\">&ndash;<\/span><span class=\"aioseo-breadcrumb\">\n\tBMW, \u00faltima marca alemana que abre planta de motores en China\n<\/span><\/div>","aioseo_breadcrumb_json":[{"label":"Home","link":"https:\/\/candas365.es\/noticias"},{"label":"Actualidad","link":"https:\/\/candas365.es\/noticias\/category\/actualidad\/"},{"label":"BMW, \u00faltima marca alemana que abre planta de motores en China","link":"https:\/\/candas365.es\/noticias\/bmw-ultima-marca-alemana-que-abre-planta-de-motores-en-china\/"}],"_links":{"self":[{"href":"https:\/\/candas365.es\/noticias\/wp-json\/wp\/v2\/posts\/25327","targetHints":{"allow":["GET"]}}],"collection":[{"href":"https:\/\/candas365.es\/noticias\/wp-json\/wp\/v2\/posts"}],"about":[{"href":"https:\/\/candas365.es\/noticias\/wp-json\/wp\/v2\/types\/post"}],"author":[{"embeddable":true,"href":"https:\/\/candas365.es\/noticias\/wp-json\/wp\/v2\/users\/1"}],"replies":[{"embeddable":true,"href":"https:\/\/candas365.es\/noticias\/wp-json\/wp\/v2\/comments?post=25327"}],"version-history":[{"count":0,"href":"https:\/\/candas365.es\/noticias\/wp-json\/wp\/v2\/posts\/25327\/revisions"}],"wp:featuredmedia":[{"embeddable":true,"href":"https:\/\/candas365.es\/noticias\/wp-json\/wp\/v2\/media\/11776"}],"wp:attachment":[{"href":"https:\/\/candas365.es\/noticias\/wp-json\/wp\/v2\/media?parent=25327"}],"wp:term":[{"taxonomy":"category","embeddable":true,"href":"https:\/\/candas365.es\/noticias\/wp-json\/wp\/v2\/categories?post=25327"},{"taxonomy":"post_tag","embeddable":true,"href":"https:\/\/candas365.es\/noticias\/wp-json\/wp\/v2\/tags?post=25327"}],"curies":[{"name":"wp","href":"https:\/\/api.w.org\/{rel}","templated":true}]}}