{"id":25283,"date":"2016-01-28T18:59:58","date_gmt":"2016-01-28T17:29:58","guid":{"rendered":"http:\/\/candas365.es\/noticias\/?p=25283"},"modified":"2016-01-28T18:59:58","modified_gmt":"2016-01-28T17:29:58","slug":"deutsche-bank-registra-perdidas-record","status":"publish","type":"post","link":"https:\/\/candas365.es\/noticias\/deutsche-bank-registra-perdidas-record\/","title":{"rendered":"Deutsche Bank registra p\u00e9rdidas r\u00e9cord"},"content":{"rendered":"<p>Fr\u00e1ncfort, 28 ene (dpa) &#8211; El mayor banco privado de Alemania, Deutsche Bank, registr\u00f3 p\u00e9rdidas de 2.100 millones de euros en el \u00faltimo trimestre de 2015, con un resultado negativo acumulado de 6.800 millones de euros (unos 7.400 millones de d\u00f3lares) en todo el a\u00f1o, seg\u00fan las cifras definitivas presentadas hoy en Fr\u00e1ncfort.<\/p>\n<p>\u00abHaremos lo posible por evitar p\u00e9rdidas en 2016 pero, por supuesto, no podemos asegurar a\u00fan que ser\u00e1 as\u00ed\u00bb, dijo el director financiero del la entidad, Marcus Schenck.<\/p>\n<p>Las de 2015 fueron las primeras p\u00e9rdidas anuales desde que comenz\u00f3 la crisis financiera en 2008. En 2014 Deutsche Bank obtuvo unos beneficios de 1.700 millones de euros.<\/p>\n<p>El banco ya anunci\u00f3 estas cifras rojas el mi\u00e9rcoles y se\u00f1al\u00f3 que los costos de litigios y de reestructuraci\u00f3n lastraron a la entidad en un ejercicio de malas noticias financieras sin precedentes.<\/p>\n<p>\u00abNos estamos centrando en 2016 y continuaremos trabajando duro para resolver los problemas legales\u00bb del banco, dijo hoy su consejero delegado, el brit\u00e1nico John Cryan.<\/p>\n<p>\u00abEl trabajo de reestructuraci\u00f3n y de inversi\u00f3n continuar\u00e1 durante el a\u00f1o\u00bb, asegur\u00f3 Cryan, que comparte la direcci\u00f3n con el alem\u00e1n J\u00fcrgen Fitschen.<\/p>\n<p>\u00abSabemos que los periodos de reestructuraci\u00f3n pueden ser exigentes\u00bb, dijo Cryan, \u00abpero tengo confianza en que continuaremos implementando nuestra estrategia de forma disciplinada y de que transformaremos el banco en una instituci\u00f3n m\u00e1s fuerte, m\u00e1s eficiente y mejor dirigida\u00bb.<\/p>\n<p>A pesar de estas palabras de confianza, las acciones de Deutsche Bank siguieron su espiral descendente, con p\u00e9rdidas de m\u00e1s del 4 por ciento en la bolsa de Fr\u00e1ncfort.<\/p>\n<p>Una novedad es que, esta vez, Deutsche Bank perdi\u00f3 dinero en sus principales focos de actividad, la banca de inversi\u00f3n y la banca comercial. Con sus negocios de inversi\u00f3n, el banco perdi\u00f3 1.150 millones de euros.<\/p>\n<p>Los ingresos totales en el \u00faltimo trimestre cayeron un 15 por ciento respecto del mismo periodo del a\u00f1o anterior, hasta los 6.600 millones de euros.<\/p>\n<p>Los costos legales ascendieron a 1.200 millones de euros en el trimestre. Durante el a\u00f1o sumaron 5.200 millones de euros, 3.200 millones m\u00e1s que en 2014.<\/p>\n<p>Deutsche Bank cree que los costos legales y de reestructuraci\u00f3n alcanzar\u00e1n sus m\u00e1ximos en 2016.<\/p>\n<p>Cryan anunci\u00f3 hoy que el banco suprimi\u00f3 las primas que paga a la directiva por los p\u00e9simos resultados del banco.<\/p>\n<p>Tambi\u00e9n ha reducido los fondos para las primas de los empleados en niveles m\u00e1s bajos.<\/p>\n<p>\u00abPagamos menos que nuestros competidores internacionales, pero yo creo que la mayor\u00eda lo entiende\u00bb, dijo Cryan, que sin embargo no mencion\u00f3 cantidades.<\/p>\n<p>En octubre, Deutsche Bank anunci\u00f3 recortes masivos de personal y el cierre de diversas filiales internacionales, incluidas la mayor\u00eda de las latinoamericanas.<\/p>\n","protected":false},"excerpt":{"rendered":"<p>Fr\u00e1ncfort, 28 ene (dpa) &#8211; El mayor banco privado de Alemania, Deutsche Bank, registr\u00f3 p\u00e9rdidas de 2.100 millones de euros en el \u00faltimo trimestre de 2015, con un resultado negativo acumulado de 6.800 millones de euros (unos 7.400 millones de d\u00f3lares) en todo el a\u00f1o, seg\u00fan las cifras definitivas presentadas hoy en Fr\u00e1ncfort. \u00abHaremos lo<\/p>\n","protected":false},"author":1,"featured_media":19556,"comment_status":"closed","ping_status":"closed","sticky":false,"template":"","format":"standard","meta":{"footnotes":""},"categories":[343],"tags":[],"class_list":{"0":"post-25283","1":"post","2":"type-post","3":"status-publish","4":"format-standard","5":"has-post-thumbnail","7":"category-actualidad"},"aioseo_notices":[],"aioseo_head":"\n\t\t<!-- All in One SEO Pro 4.9.6.2 - aioseo.com -->\n\t<meta name=\"description\" content=\"Fr\u00e1ncfort, 28 ene (dpa) - El mayor banco privado de Alemania, Deutsche Bank, registr\u00f3 p\u00e9rdidas de 2.100 millones de euros en el \u00faltimo trimestre de 2015, con un resultado negativo acumulado de 6.800 millones de euros (unos 7.400 millones de d\u00f3lares) en todo el a\u00f1o, seg\u00fan las cifras definitivas presentadas hoy en Fr\u00e1ncfort. &quot;Haremos lo\" \/>\n\t<meta name=\"robots\" content=\"max-image-preview:large\" \/>\n\t<meta name=\"author\" content=\"Cand\u00e1s 365\"\/>\n\t<meta name=\"google-site-verification\" content=\"UA-32230408-1\" \/>\n\t<meta name=\"msvalidate.01\" content=\"354F3CDFB2DA171B47FBE9ABF1F88D5\" \/>\n\t<meta name=\"keywords\" content=\"actualidad\" \/>\n\t<link rel=\"canonical\" href=\"https:\/\/candas365.es\/noticias\/deutsche-bank-registra-perdidas-record\/\" \/>\n\t<meta name=\"generator\" content=\"All in One SEO Pro (AIOSEO) 4.9.6.2\" \/>\n\t\t<meta property=\"og:locale\" content=\"es_ES\" \/>\n\t\t<meta property=\"og:site_name\" content=\"Cand\u00e1s 365\" \/>\n\t\t<meta property=\"og:type\" content=\"article\" \/>\n\t\t<meta property=\"og:title\" content=\"Deutsche Bank registra p\u00e9rdidas r\u00e9cord | Cand\u00e1s 365\" \/>\n\t\t<meta property=\"og:description\" content=\"Fr\u00e1ncfort, 28 ene (dpa) - El mayor banco privado de Alemania, Deutsche Bank, registr\u00f3 p\u00e9rdidas de 2.100 millones de euros en el \u00faltimo trimestre de 2015, con un resultado negativo acumulado de 6.800 millones de euros (unos 7.400 millones de d\u00f3lares) en todo el a\u00f1o, seg\u00fan las cifras definitivas presentadas hoy en Fr\u00e1ncfort. &quot;Haremos lo\" \/>\n\t\t<meta property=\"og:url\" content=\"https:\/\/candas365.es\/noticias\/deutsche-bank-registra-perdidas-record\/\" \/>\n\t\t<meta property=\"og:image\" content=\"https:\/\/candas365.es\/noticias\/wp-content\/uploads\/2015\/11\/euros.jpg\" \/>\n\t\t<meta property=\"og:image:secure_url\" content=\"https:\/\/candas365.es\/noticias\/wp-content\/uploads\/2015\/11\/euros.jpg\" \/>\n\t\t<meta property=\"og:image:width\" content=\"655\" \/>\n\t\t<meta property=\"og:image:height\" content=\"360\" \/>\n\t\t<meta property=\"article:published_time\" content=\"2016-01-28T17:29:58+00:00\" \/>\n\t\t<meta property=\"article:modified_time\" content=\"2016-01-28T17:29:58+00:00\" \/>\n\t\t<meta property=\"article:publisher\" content=\"https:\/\/www.facebook.com\/Nachofdezber\" \/>\n\t\t<meta property=\"article:author\" content=\"https:\/\/www.facebook.com\/carrenoactualidad\" \/>\n\t\t<meta name=\"twitter:card\" content=\"summary_large_image\" \/>\n\t\t<meta name=\"twitter:site\" content=\"@NabercoDigital\" \/>\n\t\t<meta name=\"twitter:title\" content=\"Deutsche Bank registra p\u00e9rdidas r\u00e9cord | Cand\u00e1s 365\" \/>\n\t\t<meta name=\"twitter:description\" content=\"Fr\u00e1ncfort, 28 ene (dpa) - El mayor banco privado de Alemania, Deutsche Bank, registr\u00f3 p\u00e9rdidas de 2.100 millones de euros en el \u00faltimo trimestre de 2015, con un resultado negativo acumulado de 6.800 millones de euros (unos 7.400 millones de d\u00f3lares) en todo el a\u00f1o, seg\u00fan las cifras definitivas presentadas hoy en Fr\u00e1ncfort. &quot;Haremos lo\" \/>\n\t\t<meta name=\"twitter:creator\" content=\"@nbasturias\" \/>\n\t\t<meta name=\"twitter:image\" content=\"https:\/\/candas365.es\/noticias\/wp-content\/uploads\/2015\/11\/euros.jpg\" \/>\n\t\t<meta name=\"twitter:label1\" content=\"Escrito por\" \/>\n\t\t<meta name=\"twitter:data1\" content=\"Cand\u00e1s 365\" \/>\n\t\t<meta name=\"twitter:label2\" content=\"Tiempo de lectura estimado\" \/>\n\t\t<meta name=\"twitter:data2\" content=\"2 minutos\" \/>\n\t\t<script type=\"application\/ld+json\" class=\"aioseo-schema\">\n\t\t\t{\"@context\":\"https:\\\/\\\/schema.org\",\"@graph\":[{\"@type\":\"BreadcrumbList\",\"@id\":\"https:\\\/\\\/candas365.es\\\/noticias\\\/deutsche-bank-registra-perdidas-record\\\/#breadcrumblist\",\"itemListElement\":[{\"@type\":\"ListItem\",\"@id\":\"https:\\\/\\\/candas365.es\\\/noticias#listItem\",\"position\":1,\"name\":\"Home\",\"item\":\"https:\\\/\\\/candas365.es\\\/noticias\",\"nextItem\":{\"@type\":\"ListItem\",\"@id\":\"https:\\\/\\\/candas365.es\\\/noticias\\\/category\\\/actualidad\\\/#listItem\",\"name\":\"Actualidad\"}},{\"@type\":\"ListItem\",\"@id\":\"https:\\\/\\\/candas365.es\\\/noticias\\\/category\\\/actualidad\\\/#listItem\",\"position\":2,\"name\":\"Actualidad\",\"item\":\"https:\\\/\\\/candas365.es\\\/noticias\\\/category\\\/actualidad\\\/\",\"nextItem\":{\"@type\":\"ListItem\",\"@id\":\"https:\\\/\\\/candas365.es\\\/noticias\\\/deutsche-bank-registra-perdidas-record\\\/#listItem\",\"name\":\"Deutsche Bank registra p\\u00e9rdidas r\\u00e9cord\"},\"previousItem\":{\"@type\":\"ListItem\",\"@id\":\"https:\\\/\\\/candas365.es\\\/noticias#listItem\",\"name\":\"Home\"}},{\"@type\":\"ListItem\",\"@id\":\"https:\\\/\\\/candas365.es\\\/noticias\\\/deutsche-bank-registra-perdidas-record\\\/#listItem\",\"position\":3,\"name\":\"Deutsche Bank registra p\\u00e9rdidas r\\u00e9cord\",\"previousItem\":{\"@type\":\"ListItem\",\"@id\":\"https:\\\/\\\/candas365.es\\\/noticias\\\/category\\\/actualidad\\\/#listItem\",\"name\":\"Actualidad\"}}]},{\"@type\":\"NewsArticle\",\"@id\":\"https:\\\/\\\/candas365.es\\\/noticias\\\/deutsche-bank-registra-perdidas-record\\\/#newsarticle\",\"name\":\"Deutsche Bank registra p\\u00e9rdidas r\\u00e9cord | Cand\\u00e1s 365\",\"headline\":\"Deutsche Bank registra p\\u00e9rdidas r\\u00e9cord\",\"author\":{\"@id\":\"https:\\\/\\\/candas365.es\\\/noticias\\\/author\\\/admin\\\/#author\"},\"publisher\":{\"@id\":\"https:\\\/\\\/candas365.es\\\/noticias\\\/#organization\"},\"image\":{\"@type\":\"ImageObject\",\"url\":\"https:\\\/\\\/candas365.es\\\/noticias\\\/wp-content\\\/uploads\\\/2015\\\/11\\\/euros.jpg\",\"width\":655,\"height\":360},\"datePublished\":\"2016-01-28T18:59:58+01:00\",\"dateModified\":\"2016-01-28T18:59:58+01:00\",\"inLanguage\":\"es-ES\",\"mainEntityOfPage\":{\"@id\":\"https:\\\/\\\/candas365.es\\\/noticias\\\/deutsche-bank-registra-perdidas-record\\\/#webpage\"},\"isPartOf\":{\"@id\":\"https:\\\/\\\/candas365.es\\\/noticias\\\/deutsche-bank-registra-perdidas-record\\\/#webpage\"},\"articleSection\":\"Actualidad\",\"dateline\":\"Publicado el enero 28, 2016.\"},{\"@type\":\"Organization\",\"@id\":\"https:\\\/\\\/candas365.es\\\/noticias\\\/#organization\",\"name\":\"Cand\\u00e1s 365\",\"description\":\"Cand\\u00e1s 365 es un diario digital independiente, fundado en 2012, con base en Asturias. Informamos con rigor sobre actualidad, sociedad, cultura y ocio, con una mirada local y global.\",\"url\":\"https:\\\/\\\/candas365.es\\\/noticias\\\/\",\"email\":\"info@candas365.es\",\"telephone\":\"+34652131393\",\"foundingDate\":\"2012-06-10\",\"logo\":{\"@type\":\"ImageObject\",\"url\":\"https:\\\/\\\/candas365.es\\\/noticias\\\/wp-content\\\/uploads\\\/2024\\\/09\\\/Candas-365-Redes.jpg\",\"@id\":\"https:\\\/\\\/candas365.es\\\/noticias\\\/deutsche-bank-registra-perdidas-record\\\/#organizationLogo\",\"width\":1152,\"height\":864,\"caption\":\"Cand\\u00e1s 365 Redes\"},\"image\":{\"@id\":\"https:\\\/\\\/candas365.es\\\/noticias\\\/deutsche-bank-registra-perdidas-record\\\/#organizationLogo\"},\"sameAs\":[\"https:\\\/\\\/www.facebook.com\\\/Nachofdezber\",\"https:\\\/\\\/x.com\\\/NabercoDigital\",\"https:\\\/\\\/www.instagram.com\\\/nachofdezber\\\/\",\"https:\\\/\\\/www.youtube.com\\\/channel\\\/UCZP-2wLEB9Rv6erhFmqVnvg\"],\"address\":{\"@id\":\"https:\\\/\\\/candas365.es\\\/noticias\\\/#postaladdress\",\"@type\":\"PostalAddress\",\"streetAddress\":\"san antonio 4, san antonio 4\",\"postalCode\":\"33430\",\"addressLocality\":\"Cand\\u00e1s\",\"addressRegion\":\"Asturias\",\"addressCountry\":\"ES\"}},{\"@type\":\"Person\",\"@id\":\"https:\\\/\\\/candas365.es\\\/noticias\\\/author\\\/admin\\\/#author\",\"url\":\"https:\\\/\\\/candas365.es\\\/noticias\\\/author\\\/admin\\\/\",\"name\":\"Cand\\u00e1s 365\",\"image\":{\"@type\":\"ImageObject\",\"@id\":\"https:\\\/\\\/candas365.es\\\/noticias\\\/deutsche-bank-registra-perdidas-record\\\/#authorImage\",\"url\":\"https:\\\/\\\/secure.gravatar.com\\\/avatar\\\/496a8e03d0c493ede1718b7934145dbdf8d89be1036b0eec9544e1094c9de390?s=96&d=mm&r=g\",\"width\":96,\"height\":96,\"caption\":\"Cand\\u00e1s 365\"},\"sameAs\":[\"https:\\\/\\\/www.facebook.com\\\/carrenoactualidad\",\"https:\\\/\\\/twitter.com\\\/nbasturias\",\"https:\\\/\\\/www.instagram.com\\\/nachofdezber\\\/\",\"https:\\\/\\\/www.youtube.com\\\/channel\\\/UCZP-2wLEB9Rv6erhFmqVnvg\"]},{\"@type\":\"WebPage\",\"@id\":\"https:\\\/\\\/candas365.es\\\/noticias\\\/deutsche-bank-registra-perdidas-record\\\/#webpage\",\"url\":\"https:\\\/\\\/candas365.es\\\/noticias\\\/deutsche-bank-registra-perdidas-record\\\/\",\"name\":\"Deutsche Bank registra p\\u00e9rdidas r\\u00e9cord | Cand\\u00e1s 365\",\"description\":\"Fr\\u00e1ncfort, 28 ene (dpa) - El mayor banco privado de Alemania, Deutsche Bank, registr\\u00f3 p\\u00e9rdidas de 2.100 millones de euros en el \\u00faltimo trimestre de 2015, con un resultado negativo acumulado de 6.800 millones de euros (unos 7.400 millones de d\\u00f3lares) en todo el a\\u00f1o, seg\\u00fan las cifras definitivas presentadas hoy en Fr\\u00e1ncfort. \\\"Haremos lo\",\"inLanguage\":\"es-ES\",\"isPartOf\":{\"@id\":\"https:\\\/\\\/candas365.es\\\/noticias\\\/#website\"},\"breadcrumb\":{\"@id\":\"https:\\\/\\\/candas365.es\\\/noticias\\\/deutsche-bank-registra-perdidas-record\\\/#breadcrumblist\"},\"author\":{\"@id\":\"https:\\\/\\\/candas365.es\\\/noticias\\\/author\\\/admin\\\/#author\"},\"creator\":{\"@id\":\"https:\\\/\\\/candas365.es\\\/noticias\\\/author\\\/admin\\\/#author\"},\"image\":{\"@type\":\"ImageObject\",\"url\":\"https:\\\/\\\/candas365.es\\\/noticias\\\/wp-content\\\/uploads\\\/2015\\\/11\\\/euros.jpg\",\"@id\":\"https:\\\/\\\/candas365.es\\\/noticias\\\/deutsche-bank-registra-perdidas-record\\\/#mainImage\",\"width\":655,\"height\":360},\"primaryImageOfPage\":{\"@id\":\"https:\\\/\\\/candas365.es\\\/noticias\\\/deutsche-bank-registra-perdidas-record\\\/#mainImage\"},\"datePublished\":\"2016-01-28T18:59:58+01:00\",\"dateModified\":\"2016-01-28T18:59:58+01:00\"},{\"@type\":\"WebSite\",\"@id\":\"https:\\\/\\\/candas365.es\\\/noticias\\\/#website\",\"url\":\"https:\\\/\\\/candas365.es\\\/noticias\\\/\",\"name\":\"Cand\\u00e1s 365\",\"alternateName\":\"Cand\\u00e1s 365 Noticias\",\"description\":\"Actualidad desde Carre\\u00f1o para el mundo\",\"inLanguage\":\"es-ES\",\"publisher\":{\"@id\":\"https:\\\/\\\/candas365.es\\\/noticias\\\/#organization\"}}]}\n\t\t<\/script>\n\t\t<!-- All in One SEO Pro -->\r\n\t\t<title>Deutsche Bank registra p\u00e9rdidas r\u00e9cord | Cand\u00e1s 365<\/title>\n\n","aioseo_head_json":{"title":"Deutsche Bank registra p\u00e9rdidas r\u00e9cord | Cand\u00e1s 365","description":"Fr\u00e1ncfort, 28 ene (dpa) - El mayor banco privado de Alemania, Deutsche Bank, registr\u00f3 p\u00e9rdidas de 2.100 millones de euros en el \u00faltimo trimestre de 2015, con un resultado negativo acumulado de 6.800 millones de euros (unos 7.400 millones de d\u00f3lares) en todo el a\u00f1o, seg\u00fan las cifras definitivas presentadas hoy en Fr\u00e1ncfort. \"Haremos lo","canonical_url":"https:\/\/candas365.es\/noticias\/deutsche-bank-registra-perdidas-record\/","robots":"max-image-preview:large","keywords":"actualidad","webmasterTools":{"google-site-verification":"UA-32230408-1","msvalidate.01":"354F3CDFB2DA171B47FBE9ABF1F88D5","miscellaneous":""},"schema":{"@context":"https:\/\/schema.org","@graph":[{"@type":"BreadcrumbList","@id":"https:\/\/candas365.es\/noticias\/deutsche-bank-registra-perdidas-record\/#breadcrumblist","itemListElement":[{"@type":"ListItem","@id":"https:\/\/candas365.es\/noticias#listItem","position":1,"name":"Home","item":"https:\/\/candas365.es\/noticias","nextItem":{"@type":"ListItem","@id":"https:\/\/candas365.es\/noticias\/category\/actualidad\/#listItem","name":"Actualidad"}},{"@type":"ListItem","@id":"https:\/\/candas365.es\/noticias\/category\/actualidad\/#listItem","position":2,"name":"Actualidad","item":"https:\/\/candas365.es\/noticias\/category\/actualidad\/","nextItem":{"@type":"ListItem","@id":"https:\/\/candas365.es\/noticias\/deutsche-bank-registra-perdidas-record\/#listItem","name":"Deutsche Bank registra p\u00e9rdidas r\u00e9cord"},"previousItem":{"@type":"ListItem","@id":"https:\/\/candas365.es\/noticias#listItem","name":"Home"}},{"@type":"ListItem","@id":"https:\/\/candas365.es\/noticias\/deutsche-bank-registra-perdidas-record\/#listItem","position":3,"name":"Deutsche Bank registra p\u00e9rdidas r\u00e9cord","previousItem":{"@type":"ListItem","@id":"https:\/\/candas365.es\/noticias\/category\/actualidad\/#listItem","name":"Actualidad"}}]},{"@type":"NewsArticle","@id":"https:\/\/candas365.es\/noticias\/deutsche-bank-registra-perdidas-record\/#newsarticle","name":"Deutsche Bank registra p\u00e9rdidas r\u00e9cord | Cand\u00e1s 365","headline":"Deutsche Bank registra p\u00e9rdidas r\u00e9cord","author":{"@id":"https:\/\/candas365.es\/noticias\/author\/admin\/#author"},"publisher":{"@id":"https:\/\/candas365.es\/noticias\/#organization"},"image":{"@type":"ImageObject","url":"https:\/\/candas365.es\/noticias\/wp-content\/uploads\/2015\/11\/euros.jpg","width":655,"height":360},"datePublished":"2016-01-28T18:59:58+01:00","dateModified":"2016-01-28T18:59:58+01:00","inLanguage":"es-ES","mainEntityOfPage":{"@id":"https:\/\/candas365.es\/noticias\/deutsche-bank-registra-perdidas-record\/#webpage"},"isPartOf":{"@id":"https:\/\/candas365.es\/noticias\/deutsche-bank-registra-perdidas-record\/#webpage"},"articleSection":"Actualidad","dateline":"Publicado el enero 28, 2016."},{"@type":"Organization","@id":"https:\/\/candas365.es\/noticias\/#organization","name":"Cand\u00e1s 365","description":"Cand\u00e1s 365 es un diario digital independiente, fundado en 2012, con base en Asturias. Informamos con rigor sobre actualidad, sociedad, cultura y ocio, con una mirada local y global.","url":"https:\/\/candas365.es\/noticias\/","email":"info@candas365.es","telephone":"+34652131393","foundingDate":"2012-06-10","logo":{"@type":"ImageObject","url":"https:\/\/candas365.es\/noticias\/wp-content\/uploads\/2024\/09\/Candas-365-Redes.jpg","@id":"https:\/\/candas365.es\/noticias\/deutsche-bank-registra-perdidas-record\/#organizationLogo","width":1152,"height":864,"caption":"Cand\u00e1s 365 Redes"},"image":{"@id":"https:\/\/candas365.es\/noticias\/deutsche-bank-registra-perdidas-record\/#organizationLogo"},"sameAs":["https:\/\/www.facebook.com\/Nachofdezber","https:\/\/x.com\/NabercoDigital","https:\/\/www.instagram.com\/nachofdezber\/","https:\/\/www.youtube.com\/channel\/UCZP-2wLEB9Rv6erhFmqVnvg"],"address":{"@id":"https:\/\/candas365.es\/noticias\/#postaladdress","@type":"PostalAddress","streetAddress":"san antonio 4, san antonio 4","postalCode":"33430","addressLocality":"Cand\u00e1s","addressRegion":"Asturias","addressCountry":"ES"}},{"@type":"Person","@id":"https:\/\/candas365.es\/noticias\/author\/admin\/#author","url":"https:\/\/candas365.es\/noticias\/author\/admin\/","name":"Cand\u00e1s 365","image":{"@type":"ImageObject","@id":"https:\/\/candas365.es\/noticias\/deutsche-bank-registra-perdidas-record\/#authorImage","url":"https:\/\/secure.gravatar.com\/avatar\/496a8e03d0c493ede1718b7934145dbdf8d89be1036b0eec9544e1094c9de390?s=96&d=mm&r=g","width":96,"height":96,"caption":"Cand\u00e1s 365"},"sameAs":["https:\/\/www.facebook.com\/carrenoactualidad","https:\/\/twitter.com\/nbasturias","https:\/\/www.instagram.com\/nachofdezber\/","https:\/\/www.youtube.com\/channel\/UCZP-2wLEB9Rv6erhFmqVnvg"]},{"@type":"WebPage","@id":"https:\/\/candas365.es\/noticias\/deutsche-bank-registra-perdidas-record\/#webpage","url":"https:\/\/candas365.es\/noticias\/deutsche-bank-registra-perdidas-record\/","name":"Deutsche Bank registra p\u00e9rdidas r\u00e9cord | Cand\u00e1s 365","description":"Fr\u00e1ncfort, 28 ene (dpa) - El mayor banco privado de Alemania, Deutsche Bank, registr\u00f3 p\u00e9rdidas de 2.100 millones de euros en el \u00faltimo trimestre de 2015, con un resultado negativo acumulado de 6.800 millones de euros (unos 7.400 millones de d\u00f3lares) en todo el a\u00f1o, seg\u00fan las cifras definitivas presentadas hoy en Fr\u00e1ncfort. \"Haremos lo","inLanguage":"es-ES","isPartOf":{"@id":"https:\/\/candas365.es\/noticias\/#website"},"breadcrumb":{"@id":"https:\/\/candas365.es\/noticias\/deutsche-bank-registra-perdidas-record\/#breadcrumblist"},"author":{"@id":"https:\/\/candas365.es\/noticias\/author\/admin\/#author"},"creator":{"@id":"https:\/\/candas365.es\/noticias\/author\/admin\/#author"},"image":{"@type":"ImageObject","url":"https:\/\/candas365.es\/noticias\/wp-content\/uploads\/2015\/11\/euros.jpg","@id":"https:\/\/candas365.es\/noticias\/deutsche-bank-registra-perdidas-record\/#mainImage","width":655,"height":360},"primaryImageOfPage":{"@id":"https:\/\/candas365.es\/noticias\/deutsche-bank-registra-perdidas-record\/#mainImage"},"datePublished":"2016-01-28T18:59:58+01:00","dateModified":"2016-01-28T18:59:58+01:00"},{"@type":"WebSite","@id":"https:\/\/candas365.es\/noticias\/#website","url":"https:\/\/candas365.es\/noticias\/","name":"Cand\u00e1s 365","alternateName":"Cand\u00e1s 365 Noticias","description":"Actualidad desde Carre\u00f1o para el mundo","inLanguage":"es-ES","publisher":{"@id":"https:\/\/candas365.es\/noticias\/#organization"}}]},"og:locale":"es_ES","og:site_name":"Cand\u00e1s 365","og:type":"article","og:title":"Deutsche Bank registra p\u00e9rdidas r\u00e9cord | Cand\u00e1s 365","og:description":"Fr\u00e1ncfort, 28 ene (dpa) - El mayor banco privado de Alemania, Deutsche Bank, registr\u00f3 p\u00e9rdidas de 2.100 millones de euros en el \u00faltimo trimestre de 2015, con un resultado negativo acumulado de 6.800 millones de euros (unos 7.400 millones de d\u00f3lares) en todo el a\u00f1o, seg\u00fan las cifras definitivas presentadas hoy en Fr\u00e1ncfort. &quot;Haremos lo","og:url":"https:\/\/candas365.es\/noticias\/deutsche-bank-registra-perdidas-record\/","og:image":"https:\/\/candas365.es\/noticias\/wp-content\/uploads\/2015\/11\/euros.jpg","og:image:secure_url":"https:\/\/candas365.es\/noticias\/wp-content\/uploads\/2015\/11\/euros.jpg","og:image:width":655,"og:image:height":360,"article:published_time":"2016-01-28T17:29:58+00:00","article:modified_time":"2016-01-28T17:29:58+00:00","article:publisher":"https:\/\/www.facebook.com\/Nachofdezber","article:author":"https:\/\/www.facebook.com\/carrenoactualidad","twitter:card":"summary_large_image","twitter:site":"@NabercoDigital","twitter:title":"Deutsche Bank registra p\u00e9rdidas r\u00e9cord | Cand\u00e1s 365","twitter:description":"Fr\u00e1ncfort, 28 ene (dpa) - El mayor banco privado de Alemania, Deutsche Bank, registr\u00f3 p\u00e9rdidas de 2.100 millones de euros en el \u00faltimo trimestre de 2015, con un resultado negativo acumulado de 6.800 millones de euros (unos 7.400 millones de d\u00f3lares) en todo el a\u00f1o, seg\u00fan las cifras definitivas presentadas hoy en Fr\u00e1ncfort. &quot;Haremos lo","twitter:creator":"@nbasturias","twitter:image":"https:\/\/candas365.es\/noticias\/wp-content\/uploads\/2015\/11\/euros.jpg","twitter:label1":"Escrito por","twitter:data1":"Cand\u00e1s 365","twitter:label2":"Tiempo de lectura estimado","twitter:data2":"2 minutos"},"aioseo_meta_data":{"post_id":"25283","title":null,"description":null,"keywords":null,"keyphrases":null,"primary_term":null,"canonical_url":null,"og_title":null,"og_description":null,"og_object_type":"default","og_image_type":"default","og_image_url":null,"og_image_width":null,"og_image_height":null,"og_image_custom_url":null,"og_image_custom_fields":null,"og_video":null,"og_custom_url":null,"og_article_section":null,"og_article_tags":null,"twitter_use_og":false,"twitter_card":"default","twitter_image_type":"default","twitter_image_url":null,"twitter_image_custom_url":null,"twitter_image_custom_fields":null,"twitter_title":null,"twitter_description":null,"schema":{"blockGraphs":[],"customGraphs":[],"default":{"data":{"Article":[],"Course":[],"Dataset":[],"FAQPage":[],"Movie":[],"Person":[],"Product":[],"ProductReview":[],"Car":[],"Recipe":[],"Service":[],"SoftwareApplication":[],"WebPage":[]},"graphName":"","isEnabled":true},"graphs":[],"defaultGraph":"","defaultPostTypeGraph":""},"schema_type":null,"schema_type_options":null,"pillar_content":false,"robots_default":true,"robots_noindex":false,"robots_noarchive":false,"robots_nosnippet":false,"robots_nofollow":false,"robots_noimageindex":false,"robots_noodp":false,"robots_notranslate":false,"robots_max_snippet":null,"robots_max_videopreview":null,"robots_max_imagepreview":"large","priority":null,"frequency":null,"location":null,"local_seo":null,"seo_analyzer_scan_date":"2025-08-24 05:39:16","breadcrumb_settings":null,"limit_modified_date":false,"reviewed_by":null,"open_ai":null,"ai":null,"created":"2020-12-21 12:25:56","updated":"2025-08-24 05:39:16"},"aioseo_breadcrumb":"<div class=\"aioseo-breadcrumbs\"><span class=\"aioseo-breadcrumb\">\n\t<a href=\"https:\/\/candas365.es\/noticias\" title=\"Home\">Home<\/a>\n<\/span><span class=\"aioseo-breadcrumb-separator\">&ndash;<\/span><span class=\"aioseo-breadcrumb\">\n\t<a href=\"https:\/\/candas365.es\/noticias\/category\/actualidad\/\" title=\"Actualidad\">Actualidad<\/a>\n<\/span><span class=\"aioseo-breadcrumb-separator\">&ndash;<\/span><span class=\"aioseo-breadcrumb\">\n\tDeutsche Bank registra p\u00e9rdidas r\u00e9cord\n<\/span><\/div>","aioseo_breadcrumb_json":[{"label":"Home","link":"https:\/\/candas365.es\/noticias"},{"label":"Actualidad","link":"https:\/\/candas365.es\/noticias\/category\/actualidad\/"},{"label":"Deutsche Bank registra p\u00e9rdidas r\u00e9cord","link":"https:\/\/candas365.es\/noticias\/deutsche-bank-registra-perdidas-record\/"}],"_links":{"self":[{"href":"https:\/\/candas365.es\/noticias\/wp-json\/wp\/v2\/posts\/25283","targetHints":{"allow":["GET"]}}],"collection":[{"href":"https:\/\/candas365.es\/noticias\/wp-json\/wp\/v2\/posts"}],"about":[{"href":"https:\/\/candas365.es\/noticias\/wp-json\/wp\/v2\/types\/post"}],"author":[{"embeddable":true,"href":"https:\/\/candas365.es\/noticias\/wp-json\/wp\/v2\/users\/1"}],"replies":[{"embeddable":true,"href":"https:\/\/candas365.es\/noticias\/wp-json\/wp\/v2\/comments?post=25283"}],"version-history":[{"count":0,"href":"https:\/\/candas365.es\/noticias\/wp-json\/wp\/v2\/posts\/25283\/revisions"}],"wp:featuredmedia":[{"embeddable":true,"href":"https:\/\/candas365.es\/noticias\/wp-json\/wp\/v2\/media\/19556"}],"wp:attachment":[{"href":"https:\/\/candas365.es\/noticias\/wp-json\/wp\/v2\/media?parent=25283"}],"wp:term":[{"taxonomy":"category","embeddable":true,"href":"https:\/\/candas365.es\/noticias\/wp-json\/wp\/v2\/categories?post=25283"},{"taxonomy":"post_tag","embeddable":true,"href":"https:\/\/candas365.es\/noticias\/wp-json\/wp\/v2\/tags?post=25283"}],"curies":[{"name":"wp","href":"https:\/\/api.w.org\/{rel}","templated":true}]}}