{"id":25279,"date":"2016-01-28T18:58:28","date_gmt":"2016-01-28T17:28:28","guid":{"rendered":"http:\/\/candas365.es\/noticias\/?p=25279"},"modified":"2016-01-28T18:58:28","modified_gmt":"2016-01-28T17:28:28","slug":"dfb-rechaza-comentar-nuevas-acusaciones-en-torno-al-mundial-de-2006","status":"publish","type":"post","link":"https:\/\/candas365.es\/noticias\/dfb-rechaza-comentar-nuevas-acusaciones-en-torno-al-mundial-de-2006\/","title":{"rendered":"DFB rechaza comentar nuevas acusaciones en torno al Mundial de 2006"},"content":{"rendered":"<p>Berl\u00edn, 28 ene (dpa) &#8211; La Federaci\u00f3n Alemana de F\u00fatbol (DFB) rechaz\u00f3 hoy comentar las nuevas informaciones que la acusan de haber encubierto de manera sistem\u00e1tica durante a\u00f1os negocios dudosos e incluso corrupci\u00f3n en torno a la adjudicaci\u00f3n del Mundial de f\u00fatbol 2006 a Alemania.<\/p>\n<p>\u00abLa DFB mantiene su postura\u00bb, inform\u00f3 el director de medios de comunicaci\u00f3n, Ralf K\u00f6ttker, al ser preguntado sobre las informaciones aparecidas en el diario \u00abS\u00fcddeutsche Zeitung\u00bb y las emisoras NDR y WDR.<\/p>\n<p>\u00abValoraremos y comentaremos cuando tengamos el informe completo de Freshfields\u00bb, afirm\u00f3 K\u00f6ttker.<\/p>\n<p>Los medios alemanes se hicieron eco de las investigaciones internas llevadas a cabo por el bufete de abogados Freshfields, que analiza todo el esc\u00e1ndalo del Mundial de 2006 a petici\u00f3n de la DFB y cuyo informe definitivo se espera para finales de febrero.<\/p>\n<p>En base a este informe, el antiguo presidente de la DFB Wolfgang Niersbach fue informado en mayo de 2015 por Fedor Radmann, antiguo miembro del comit\u00e9 de organizaci\u00f3n y hombre de confianza de Franz Beckenbauer, sobre las \u00abirregularidades\u00bb de un pago dudoso de 6,7 millones de euros (7,3 millones de d\u00f3lares) en torno a la adjudicaci\u00f3n del Mundial de 2006.<\/p>\n<p>Como reacci\u00f3n Niersbach solicit\u00f3 supuestamente, entre otros, al entonces vicesecretario general de la DFB Stefan Hans nuevas investigaciones, pero al mismo tiempo dej\u00f3 claro tambi\u00e9n que no se deb\u00eda incluir a ninguna otra persona en el asunto.<\/p>\n<p>Tras varios encuentros con Radmann, Hans, Beckenbauer o el secretario general de la DFB, Helmut Sandrock, en los meses de junio, julio y agosto de 2015, Niersbach sigui\u00f3 rechazando poner al corriente del proceso a la c\u00fapula directiva de la DFB.<\/p>\n<p>El esc\u00e1ndalo sobre el movimiento de dinero sin declarar en torno a la adjudicaci\u00f3n del Mundial sali\u00f3 a la luz el pasado 16 de octubre de la mano de la publicaci\u00f3n alemana \u00abDer Spiegel\u00bb. Apenas un mes despu\u00e9s Niersbach dej\u00f3 su puesto como presidente de la DFB. Mientras, su persona de confianza, Hans, dimiti\u00f3 en diciembre.<\/p>\n","protected":false},"excerpt":{"rendered":"<p>Berl\u00edn, 28 ene (dpa) &#8211; La Federaci\u00f3n Alemana de F\u00fatbol (DFB) rechaz\u00f3 hoy comentar las nuevas informaciones que la acusan de haber encubierto de manera sistem\u00e1tica durante a\u00f1os negocios dudosos e incluso corrupci\u00f3n en torno a la adjudicaci\u00f3n del Mundial de f\u00fatbol 2006 a Alemania. \u00abLa DFB mantiene su postura\u00bb, inform\u00f3 el director de medios<\/p>\n","protected":false},"author":1,"featured_media":5232,"comment_status":"closed","ping_status":"closed","sticky":false,"template":"","format":"standard","meta":{"footnotes":""},"categories":[343],"tags":[],"class_list":{"0":"post-25279","1":"post","2":"type-post","3":"status-publish","4":"format-standard","5":"has-post-thumbnail","7":"category-actualidad"},"aioseo_notices":[],"aioseo_head":"\n\t\t<!-- All in One SEO Pro 4.9.6.2 - aioseo.com -->\n\t<meta name=\"description\" content=\"Berl\u00edn, 28 ene (dpa) - La Federaci\u00f3n Alemana de F\u00fatbol (DFB) rechaz\u00f3 hoy comentar las nuevas informaciones que la acusan de haber encubierto de manera sistem\u00e1tica durante a\u00f1os negocios dudosos e incluso corrupci\u00f3n en torno a la adjudicaci\u00f3n del Mundial de f\u00fatbol 2006 a Alemania. &quot;La DFB mantiene su postura&quot;, inform\u00f3 el director de medios\" \/>\n\t<meta name=\"robots\" content=\"max-image-preview:large\" \/>\n\t<meta name=\"author\" content=\"Cand\u00e1s 365\"\/>\n\t<meta name=\"google-site-verification\" content=\"UA-32230408-1\" \/>\n\t<meta name=\"msvalidate.01\" content=\"354F3CDFB2DA171B47FBE9ABF1F88D5\" \/>\n\t<meta name=\"keywords\" content=\"actualidad\" \/>\n\t<link rel=\"canonical\" href=\"https:\/\/candas365.es\/noticias\/dfb-rechaza-comentar-nuevas-acusaciones-en-torno-al-mundial-de-2006\/\" \/>\n\t<meta name=\"generator\" content=\"All in One SEO Pro (AIOSEO) 4.9.6.2\" \/>\n\t\t<meta property=\"og:locale\" content=\"es_ES\" \/>\n\t\t<meta property=\"og:site_name\" content=\"Cand\u00e1s 365\" \/>\n\t\t<meta property=\"og:type\" content=\"article\" \/>\n\t\t<meta property=\"og:title\" content=\"DFB rechaza comentar nuevas acusaciones en torno al Mundial de 2006 | Cand\u00e1s 365\" \/>\n\t\t<meta property=\"og:description\" content=\"Berl\u00edn, 28 ene (dpa) - La Federaci\u00f3n Alemana de F\u00fatbol (DFB) rechaz\u00f3 hoy comentar las nuevas informaciones que la acusan de haber encubierto de manera sistem\u00e1tica durante a\u00f1os negocios dudosos e incluso corrupci\u00f3n en torno a la adjudicaci\u00f3n del Mundial de f\u00fatbol 2006 a Alemania. &quot;La DFB mantiene su postura&quot;, inform\u00f3 el director de medios\" \/>\n\t\t<meta property=\"og:url\" content=\"https:\/\/candas365.es\/noticias\/dfb-rechaza-comentar-nuevas-acusaciones-en-torno-al-mundial-de-2006\/\" \/>\n\t\t<meta property=\"og:image\" content=\"https:\/\/candas365.es\/noticias\/wp-content\/uploads\/2014\/11\/DEPORTES.jpg\" \/>\n\t\t<meta property=\"og:image:secure_url\" content=\"https:\/\/candas365.es\/noticias\/wp-content\/uploads\/2014\/11\/DEPORTES.jpg\" \/>\n\t\t<meta property=\"og:image:width\" content=\"336\" \/>\n\t\t<meta property=\"og:image:height\" content=\"280\" \/>\n\t\t<meta property=\"article:published_time\" content=\"2016-01-28T17:28:28+00:00\" \/>\n\t\t<meta property=\"article:modified_time\" content=\"2016-01-28T17:28:28+00:00\" \/>\n\t\t<meta property=\"article:publisher\" content=\"https:\/\/www.facebook.com\/Nachofdezber\" \/>\n\t\t<meta property=\"article:author\" content=\"https:\/\/www.facebook.com\/carrenoactualidad\" \/>\n\t\t<meta name=\"twitter:card\" content=\"summary_large_image\" \/>\n\t\t<meta name=\"twitter:site\" content=\"@NabercoDigital\" \/>\n\t\t<meta name=\"twitter:title\" content=\"DFB rechaza comentar nuevas acusaciones en torno al Mundial de 2006 | Cand\u00e1s 365\" \/>\n\t\t<meta name=\"twitter:description\" content=\"Berl\u00edn, 28 ene (dpa) - La Federaci\u00f3n Alemana de F\u00fatbol (DFB) rechaz\u00f3 hoy comentar las nuevas informaciones que la acusan de haber encubierto de manera sistem\u00e1tica durante a\u00f1os negocios dudosos e incluso corrupci\u00f3n en torno a la adjudicaci\u00f3n del Mundial de f\u00fatbol 2006 a Alemania. &quot;La DFB mantiene su postura&quot;, inform\u00f3 el director de medios\" \/>\n\t\t<meta name=\"twitter:creator\" content=\"@nbasturias\" \/>\n\t\t<meta name=\"twitter:image\" content=\"https:\/\/candas365.es\/noticias\/wp-content\/uploads\/2014\/11\/DEPORTES.jpg\" \/>\n\t\t<meta name=\"twitter:label1\" content=\"Escrito por\" \/>\n\t\t<meta name=\"twitter:data1\" content=\"Cand\u00e1s 365\" \/>\n\t\t<meta name=\"twitter:label2\" content=\"Tiempo de lectura estimado\" \/>\n\t\t<meta name=\"twitter:data2\" content=\"2 minutos\" \/>\n\t\t<script type=\"application\/ld+json\" class=\"aioseo-schema\">\n\t\t\t{\"@context\":\"https:\\\/\\\/schema.org\",\"@graph\":[{\"@type\":\"BreadcrumbList\",\"@id\":\"https:\\\/\\\/candas365.es\\\/noticias\\\/dfb-rechaza-comentar-nuevas-acusaciones-en-torno-al-mundial-de-2006\\\/#breadcrumblist\",\"itemListElement\":[{\"@type\":\"ListItem\",\"@id\":\"https:\\\/\\\/candas365.es\\\/noticias#listItem\",\"position\":1,\"name\":\"Home\",\"item\":\"https:\\\/\\\/candas365.es\\\/noticias\",\"nextItem\":{\"@type\":\"ListItem\",\"@id\":\"https:\\\/\\\/candas365.es\\\/noticias\\\/category\\\/actualidad\\\/#listItem\",\"name\":\"Actualidad\"}},{\"@type\":\"ListItem\",\"@id\":\"https:\\\/\\\/candas365.es\\\/noticias\\\/category\\\/actualidad\\\/#listItem\",\"position\":2,\"name\":\"Actualidad\",\"item\":\"https:\\\/\\\/candas365.es\\\/noticias\\\/category\\\/actualidad\\\/\",\"nextItem\":{\"@type\":\"ListItem\",\"@id\":\"https:\\\/\\\/candas365.es\\\/noticias\\\/dfb-rechaza-comentar-nuevas-acusaciones-en-torno-al-mundial-de-2006\\\/#listItem\",\"name\":\"DFB rechaza comentar nuevas acusaciones en torno al Mundial de 2006\"},\"previousItem\":{\"@type\":\"ListItem\",\"@id\":\"https:\\\/\\\/candas365.es\\\/noticias#listItem\",\"name\":\"Home\"}},{\"@type\":\"ListItem\",\"@id\":\"https:\\\/\\\/candas365.es\\\/noticias\\\/dfb-rechaza-comentar-nuevas-acusaciones-en-torno-al-mundial-de-2006\\\/#listItem\",\"position\":3,\"name\":\"DFB rechaza comentar nuevas acusaciones en torno al Mundial de 2006\",\"previousItem\":{\"@type\":\"ListItem\",\"@id\":\"https:\\\/\\\/candas365.es\\\/noticias\\\/category\\\/actualidad\\\/#listItem\",\"name\":\"Actualidad\"}}]},{\"@type\":\"NewsArticle\",\"@id\":\"https:\\\/\\\/candas365.es\\\/noticias\\\/dfb-rechaza-comentar-nuevas-acusaciones-en-torno-al-mundial-de-2006\\\/#newsarticle\",\"name\":\"DFB rechaza comentar nuevas acusaciones en torno al Mundial de 2006 | Cand\\u00e1s 365\",\"headline\":\"DFB rechaza comentar nuevas acusaciones en torno al Mundial de 2006\",\"author\":{\"@id\":\"https:\\\/\\\/candas365.es\\\/noticias\\\/author\\\/admin\\\/#author\"},\"publisher\":{\"@id\":\"https:\\\/\\\/candas365.es\\\/noticias\\\/#organization\"},\"image\":{\"@type\":\"ImageObject\",\"url\":\"https:\\\/\\\/candas365.es\\\/noticias\\\/wp-content\\\/uploads\\\/2014\\\/11\\\/DEPORTES.jpg\",\"width\":336,\"height\":280},\"datePublished\":\"2016-01-28T18:58:28+01:00\",\"dateModified\":\"2016-01-28T18:58:28+01:00\",\"inLanguage\":\"es-ES\",\"mainEntityOfPage\":{\"@id\":\"https:\\\/\\\/candas365.es\\\/noticias\\\/dfb-rechaza-comentar-nuevas-acusaciones-en-torno-al-mundial-de-2006\\\/#webpage\"},\"isPartOf\":{\"@id\":\"https:\\\/\\\/candas365.es\\\/noticias\\\/dfb-rechaza-comentar-nuevas-acusaciones-en-torno-al-mundial-de-2006\\\/#webpage\"},\"articleSection\":\"Actualidad\",\"dateline\":\"Publicado el enero 28, 2016.\"},{\"@type\":\"Organization\",\"@id\":\"https:\\\/\\\/candas365.es\\\/noticias\\\/#organization\",\"name\":\"Cand\\u00e1s 365\",\"description\":\"Cand\\u00e1s 365 es un diario digital independiente, fundado en 2012, con base en Asturias. Informamos con rigor sobre actualidad, sociedad, cultura y ocio, con una mirada local y global.\",\"url\":\"https:\\\/\\\/candas365.es\\\/noticias\\\/\",\"email\":\"info@candas365.es\",\"telephone\":\"+34652131393\",\"foundingDate\":\"2012-06-10\",\"logo\":{\"@type\":\"ImageObject\",\"url\":\"https:\\\/\\\/candas365.es\\\/noticias\\\/wp-content\\\/uploads\\\/2024\\\/09\\\/Candas-365-Redes.jpg\",\"@id\":\"https:\\\/\\\/candas365.es\\\/noticias\\\/dfb-rechaza-comentar-nuevas-acusaciones-en-torno-al-mundial-de-2006\\\/#organizationLogo\",\"width\":1152,\"height\":864,\"caption\":\"Cand\\u00e1s 365 Redes\"},\"image\":{\"@id\":\"https:\\\/\\\/candas365.es\\\/noticias\\\/dfb-rechaza-comentar-nuevas-acusaciones-en-torno-al-mundial-de-2006\\\/#organizationLogo\"},\"sameAs\":[\"https:\\\/\\\/www.facebook.com\\\/Nachofdezber\",\"https:\\\/\\\/x.com\\\/NabercoDigital\",\"https:\\\/\\\/www.instagram.com\\\/nachofdezber\\\/\",\"https:\\\/\\\/www.youtube.com\\\/channel\\\/UCZP-2wLEB9Rv6erhFmqVnvg\"],\"address\":{\"@id\":\"https:\\\/\\\/candas365.es\\\/noticias\\\/#postaladdress\",\"@type\":\"PostalAddress\",\"streetAddress\":\"san antonio 4, san antonio 4\",\"postalCode\":\"33430\",\"addressLocality\":\"Cand\\u00e1s\",\"addressRegion\":\"Asturias\",\"addressCountry\":\"ES\"}},{\"@type\":\"Person\",\"@id\":\"https:\\\/\\\/candas365.es\\\/noticias\\\/author\\\/admin\\\/#author\",\"url\":\"https:\\\/\\\/candas365.es\\\/noticias\\\/author\\\/admin\\\/\",\"name\":\"Cand\\u00e1s 365\",\"image\":{\"@type\":\"ImageObject\",\"@id\":\"https:\\\/\\\/candas365.es\\\/noticias\\\/dfb-rechaza-comentar-nuevas-acusaciones-en-torno-al-mundial-de-2006\\\/#authorImage\",\"url\":\"https:\\\/\\\/secure.gravatar.com\\\/avatar\\\/496a8e03d0c493ede1718b7934145dbdf8d89be1036b0eec9544e1094c9de390?s=96&d=mm&r=g\",\"width\":96,\"height\":96,\"caption\":\"Cand\\u00e1s 365\"},\"sameAs\":[\"https:\\\/\\\/www.facebook.com\\\/carrenoactualidad\",\"https:\\\/\\\/twitter.com\\\/nbasturias\",\"https:\\\/\\\/www.instagram.com\\\/nachofdezber\\\/\",\"https:\\\/\\\/www.youtube.com\\\/channel\\\/UCZP-2wLEB9Rv6erhFmqVnvg\"]},{\"@type\":\"WebPage\",\"@id\":\"https:\\\/\\\/candas365.es\\\/noticias\\\/dfb-rechaza-comentar-nuevas-acusaciones-en-torno-al-mundial-de-2006\\\/#webpage\",\"url\":\"https:\\\/\\\/candas365.es\\\/noticias\\\/dfb-rechaza-comentar-nuevas-acusaciones-en-torno-al-mundial-de-2006\\\/\",\"name\":\"DFB rechaza comentar nuevas acusaciones en torno al Mundial de 2006 | Cand\\u00e1s 365\",\"description\":\"Berl\\u00edn, 28 ene (dpa) - La Federaci\\u00f3n Alemana de F\\u00fatbol (DFB) rechaz\\u00f3 hoy comentar las nuevas informaciones que la acusan de haber encubierto de manera sistem\\u00e1tica durante a\\u00f1os negocios dudosos e incluso corrupci\\u00f3n en torno a la adjudicaci\\u00f3n del Mundial de f\\u00fatbol 2006 a Alemania. \\\"La DFB mantiene su postura\\\", inform\\u00f3 el director de medios\",\"inLanguage\":\"es-ES\",\"isPartOf\":{\"@id\":\"https:\\\/\\\/candas365.es\\\/noticias\\\/#website\"},\"breadcrumb\":{\"@id\":\"https:\\\/\\\/candas365.es\\\/noticias\\\/dfb-rechaza-comentar-nuevas-acusaciones-en-torno-al-mundial-de-2006\\\/#breadcrumblist\"},\"author\":{\"@id\":\"https:\\\/\\\/candas365.es\\\/noticias\\\/author\\\/admin\\\/#author\"},\"creator\":{\"@id\":\"https:\\\/\\\/candas365.es\\\/noticias\\\/author\\\/admin\\\/#author\"},\"image\":{\"@type\":\"ImageObject\",\"url\":\"https:\\\/\\\/candas365.es\\\/noticias\\\/wp-content\\\/uploads\\\/2014\\\/11\\\/DEPORTES.jpg\",\"@id\":\"https:\\\/\\\/candas365.es\\\/noticias\\\/dfb-rechaza-comentar-nuevas-acusaciones-en-torno-al-mundial-de-2006\\\/#mainImage\",\"width\":336,\"height\":280},\"primaryImageOfPage\":{\"@id\":\"https:\\\/\\\/candas365.es\\\/noticias\\\/dfb-rechaza-comentar-nuevas-acusaciones-en-torno-al-mundial-de-2006\\\/#mainImage\"},\"datePublished\":\"2016-01-28T18:58:28+01:00\",\"dateModified\":\"2016-01-28T18:58:28+01:00\"},{\"@type\":\"WebSite\",\"@id\":\"https:\\\/\\\/candas365.es\\\/noticias\\\/#website\",\"url\":\"https:\\\/\\\/candas365.es\\\/noticias\\\/\",\"name\":\"Cand\\u00e1s 365\",\"alternateName\":\"Cand\\u00e1s 365 Noticias\",\"description\":\"Actualidad desde Carre\\u00f1o para el mundo\",\"inLanguage\":\"es-ES\",\"publisher\":{\"@id\":\"https:\\\/\\\/candas365.es\\\/noticias\\\/#organization\"}}]}\n\t\t<\/script>\n\t\t<!-- All in One SEO Pro -->\r\n\t\t<title>DFB rechaza comentar nuevas acusaciones en torno al Mundial de 2006 | Cand\u00e1s 365<\/title>\n\n","aioseo_head_json":{"title":"DFB rechaza comentar nuevas acusaciones en torno al Mundial de 2006 | Cand\u00e1s 365","description":"Berl\u00edn, 28 ene (dpa) - La Federaci\u00f3n Alemana de F\u00fatbol (DFB) rechaz\u00f3 hoy comentar las nuevas informaciones que la acusan de haber encubierto de manera sistem\u00e1tica durante a\u00f1os negocios dudosos e incluso corrupci\u00f3n en torno a la adjudicaci\u00f3n del Mundial de f\u00fatbol 2006 a Alemania. \"La DFB mantiene su postura\", inform\u00f3 el director de medios","canonical_url":"https:\/\/candas365.es\/noticias\/dfb-rechaza-comentar-nuevas-acusaciones-en-torno-al-mundial-de-2006\/","robots":"max-image-preview:large","keywords":"actualidad","webmasterTools":{"google-site-verification":"UA-32230408-1","msvalidate.01":"354F3CDFB2DA171B47FBE9ABF1F88D5","miscellaneous":""},"schema":{"@context":"https:\/\/schema.org","@graph":[{"@type":"BreadcrumbList","@id":"https:\/\/candas365.es\/noticias\/dfb-rechaza-comentar-nuevas-acusaciones-en-torno-al-mundial-de-2006\/#breadcrumblist","itemListElement":[{"@type":"ListItem","@id":"https:\/\/candas365.es\/noticias#listItem","position":1,"name":"Home","item":"https:\/\/candas365.es\/noticias","nextItem":{"@type":"ListItem","@id":"https:\/\/candas365.es\/noticias\/category\/actualidad\/#listItem","name":"Actualidad"}},{"@type":"ListItem","@id":"https:\/\/candas365.es\/noticias\/category\/actualidad\/#listItem","position":2,"name":"Actualidad","item":"https:\/\/candas365.es\/noticias\/category\/actualidad\/","nextItem":{"@type":"ListItem","@id":"https:\/\/candas365.es\/noticias\/dfb-rechaza-comentar-nuevas-acusaciones-en-torno-al-mundial-de-2006\/#listItem","name":"DFB rechaza comentar nuevas acusaciones en torno al Mundial de 2006"},"previousItem":{"@type":"ListItem","@id":"https:\/\/candas365.es\/noticias#listItem","name":"Home"}},{"@type":"ListItem","@id":"https:\/\/candas365.es\/noticias\/dfb-rechaza-comentar-nuevas-acusaciones-en-torno-al-mundial-de-2006\/#listItem","position":3,"name":"DFB rechaza comentar nuevas acusaciones en torno al Mundial de 2006","previousItem":{"@type":"ListItem","@id":"https:\/\/candas365.es\/noticias\/category\/actualidad\/#listItem","name":"Actualidad"}}]},{"@type":"NewsArticle","@id":"https:\/\/candas365.es\/noticias\/dfb-rechaza-comentar-nuevas-acusaciones-en-torno-al-mundial-de-2006\/#newsarticle","name":"DFB rechaza comentar nuevas acusaciones en torno al Mundial de 2006 | Cand\u00e1s 365","headline":"DFB rechaza comentar nuevas acusaciones en torno al Mundial de 2006","author":{"@id":"https:\/\/candas365.es\/noticias\/author\/admin\/#author"},"publisher":{"@id":"https:\/\/candas365.es\/noticias\/#organization"},"image":{"@type":"ImageObject","url":"https:\/\/candas365.es\/noticias\/wp-content\/uploads\/2014\/11\/DEPORTES.jpg","width":336,"height":280},"datePublished":"2016-01-28T18:58:28+01:00","dateModified":"2016-01-28T18:58:28+01:00","inLanguage":"es-ES","mainEntityOfPage":{"@id":"https:\/\/candas365.es\/noticias\/dfb-rechaza-comentar-nuevas-acusaciones-en-torno-al-mundial-de-2006\/#webpage"},"isPartOf":{"@id":"https:\/\/candas365.es\/noticias\/dfb-rechaza-comentar-nuevas-acusaciones-en-torno-al-mundial-de-2006\/#webpage"},"articleSection":"Actualidad","dateline":"Publicado el enero 28, 2016."},{"@type":"Organization","@id":"https:\/\/candas365.es\/noticias\/#organization","name":"Cand\u00e1s 365","description":"Cand\u00e1s 365 es un diario digital independiente, fundado en 2012, con base en Asturias. Informamos con rigor sobre actualidad, sociedad, cultura y ocio, con una mirada local y global.","url":"https:\/\/candas365.es\/noticias\/","email":"info@candas365.es","telephone":"+34652131393","foundingDate":"2012-06-10","logo":{"@type":"ImageObject","url":"https:\/\/candas365.es\/noticias\/wp-content\/uploads\/2024\/09\/Candas-365-Redes.jpg","@id":"https:\/\/candas365.es\/noticias\/dfb-rechaza-comentar-nuevas-acusaciones-en-torno-al-mundial-de-2006\/#organizationLogo","width":1152,"height":864,"caption":"Cand\u00e1s 365 Redes"},"image":{"@id":"https:\/\/candas365.es\/noticias\/dfb-rechaza-comentar-nuevas-acusaciones-en-torno-al-mundial-de-2006\/#organizationLogo"},"sameAs":["https:\/\/www.facebook.com\/Nachofdezber","https:\/\/x.com\/NabercoDigital","https:\/\/www.instagram.com\/nachofdezber\/","https:\/\/www.youtube.com\/channel\/UCZP-2wLEB9Rv6erhFmqVnvg"],"address":{"@id":"https:\/\/candas365.es\/noticias\/#postaladdress","@type":"PostalAddress","streetAddress":"san antonio 4, san antonio 4","postalCode":"33430","addressLocality":"Cand\u00e1s","addressRegion":"Asturias","addressCountry":"ES"}},{"@type":"Person","@id":"https:\/\/candas365.es\/noticias\/author\/admin\/#author","url":"https:\/\/candas365.es\/noticias\/author\/admin\/","name":"Cand\u00e1s 365","image":{"@type":"ImageObject","@id":"https:\/\/candas365.es\/noticias\/dfb-rechaza-comentar-nuevas-acusaciones-en-torno-al-mundial-de-2006\/#authorImage","url":"https:\/\/secure.gravatar.com\/avatar\/496a8e03d0c493ede1718b7934145dbdf8d89be1036b0eec9544e1094c9de390?s=96&d=mm&r=g","width":96,"height":96,"caption":"Cand\u00e1s 365"},"sameAs":["https:\/\/www.facebook.com\/carrenoactualidad","https:\/\/twitter.com\/nbasturias","https:\/\/www.instagram.com\/nachofdezber\/","https:\/\/www.youtube.com\/channel\/UCZP-2wLEB9Rv6erhFmqVnvg"]},{"@type":"WebPage","@id":"https:\/\/candas365.es\/noticias\/dfb-rechaza-comentar-nuevas-acusaciones-en-torno-al-mundial-de-2006\/#webpage","url":"https:\/\/candas365.es\/noticias\/dfb-rechaza-comentar-nuevas-acusaciones-en-torno-al-mundial-de-2006\/","name":"DFB rechaza comentar nuevas acusaciones en torno al Mundial de 2006 | Cand\u00e1s 365","description":"Berl\u00edn, 28 ene (dpa) - La Federaci\u00f3n Alemana de F\u00fatbol (DFB) rechaz\u00f3 hoy comentar las nuevas informaciones que la acusan de haber encubierto de manera sistem\u00e1tica durante a\u00f1os negocios dudosos e incluso corrupci\u00f3n en torno a la adjudicaci\u00f3n del Mundial de f\u00fatbol 2006 a Alemania. \"La DFB mantiene su postura\", inform\u00f3 el director de medios","inLanguage":"es-ES","isPartOf":{"@id":"https:\/\/candas365.es\/noticias\/#website"},"breadcrumb":{"@id":"https:\/\/candas365.es\/noticias\/dfb-rechaza-comentar-nuevas-acusaciones-en-torno-al-mundial-de-2006\/#breadcrumblist"},"author":{"@id":"https:\/\/candas365.es\/noticias\/author\/admin\/#author"},"creator":{"@id":"https:\/\/candas365.es\/noticias\/author\/admin\/#author"},"image":{"@type":"ImageObject","url":"https:\/\/candas365.es\/noticias\/wp-content\/uploads\/2014\/11\/DEPORTES.jpg","@id":"https:\/\/candas365.es\/noticias\/dfb-rechaza-comentar-nuevas-acusaciones-en-torno-al-mundial-de-2006\/#mainImage","width":336,"height":280},"primaryImageOfPage":{"@id":"https:\/\/candas365.es\/noticias\/dfb-rechaza-comentar-nuevas-acusaciones-en-torno-al-mundial-de-2006\/#mainImage"},"datePublished":"2016-01-28T18:58:28+01:00","dateModified":"2016-01-28T18:58:28+01:00"},{"@type":"WebSite","@id":"https:\/\/candas365.es\/noticias\/#website","url":"https:\/\/candas365.es\/noticias\/","name":"Cand\u00e1s 365","alternateName":"Cand\u00e1s 365 Noticias","description":"Actualidad desde Carre\u00f1o para el mundo","inLanguage":"es-ES","publisher":{"@id":"https:\/\/candas365.es\/noticias\/#organization"}}]},"og:locale":"es_ES","og:site_name":"Cand\u00e1s 365","og:type":"article","og:title":"DFB rechaza comentar nuevas acusaciones en torno al Mundial de 2006 | Cand\u00e1s 365","og:description":"Berl\u00edn, 28 ene (dpa) - La Federaci\u00f3n Alemana de F\u00fatbol (DFB) rechaz\u00f3 hoy comentar las nuevas informaciones que la acusan de haber encubierto de manera sistem\u00e1tica durante a\u00f1os negocios dudosos e incluso corrupci\u00f3n en torno a la adjudicaci\u00f3n del Mundial de f\u00fatbol 2006 a Alemania. &quot;La DFB mantiene su postura&quot;, inform\u00f3 el director de medios","og:url":"https:\/\/candas365.es\/noticias\/dfb-rechaza-comentar-nuevas-acusaciones-en-torno-al-mundial-de-2006\/","og:image":"https:\/\/candas365.es\/noticias\/wp-content\/uploads\/2014\/11\/DEPORTES.jpg","og:image:secure_url":"https:\/\/candas365.es\/noticias\/wp-content\/uploads\/2014\/11\/DEPORTES.jpg","og:image:width":336,"og:image:height":280,"article:published_time":"2016-01-28T17:28:28+00:00","article:modified_time":"2016-01-28T17:28:28+00:00","article:publisher":"https:\/\/www.facebook.com\/Nachofdezber","article:author":"https:\/\/www.facebook.com\/carrenoactualidad","twitter:card":"summary_large_image","twitter:site":"@NabercoDigital","twitter:title":"DFB rechaza comentar nuevas acusaciones en torno al Mundial de 2006 | Cand\u00e1s 365","twitter:description":"Berl\u00edn, 28 ene (dpa) - La Federaci\u00f3n Alemana de F\u00fatbol (DFB) rechaz\u00f3 hoy comentar las nuevas informaciones que la acusan de haber encubierto de manera sistem\u00e1tica durante a\u00f1os negocios dudosos e incluso corrupci\u00f3n en torno a la adjudicaci\u00f3n del Mundial de f\u00fatbol 2006 a Alemania. &quot;La DFB mantiene su postura&quot;, inform\u00f3 el director de medios","twitter:creator":"@nbasturias","twitter:image":"https:\/\/candas365.es\/noticias\/wp-content\/uploads\/2014\/11\/DEPORTES.jpg","twitter:label1":"Escrito por","twitter:data1":"Cand\u00e1s 365","twitter:label2":"Tiempo de lectura estimado","twitter:data2":"2 minutos"},"aioseo_meta_data":{"post_id":"25279","title":null,"description":null,"keywords":null,"keyphrases":null,"primary_term":null,"canonical_url":null,"og_title":null,"og_description":null,"og_object_type":"default","og_image_type":"default","og_image_url":null,"og_image_width":null,"og_image_height":null,"og_image_custom_url":null,"og_image_custom_fields":null,"og_video":null,"og_custom_url":null,"og_article_section":null,"og_article_tags":null,"twitter_use_og":false,"twitter_card":"default","twitter_image_type":"default","twitter_image_url":null,"twitter_image_custom_url":null,"twitter_image_custom_fields":null,"twitter_title":null,"twitter_description":null,"schema":{"blockGraphs":[],"customGraphs":[],"default":{"data":{"Article":[],"Course":[],"Dataset":[],"FAQPage":[],"Movie":[],"Person":[],"Product":[],"ProductReview":[],"Car":[],"Recipe":[],"Service":[],"SoftwareApplication":[],"WebPage":[]},"graphName":"","isEnabled":true},"graphs":[],"defaultGraph":"","defaultPostTypeGraph":""},"schema_type":null,"schema_type_options":null,"pillar_content":false,"robots_default":true,"robots_noindex":false,"robots_noarchive":false,"robots_nosnippet":false,"robots_nofollow":false,"robots_noimageindex":false,"robots_noodp":false,"robots_notranslate":false,"robots_max_snippet":null,"robots_max_videopreview":null,"robots_max_imagepreview":"large","priority":null,"frequency":null,"location":null,"local_seo":null,"seo_analyzer_scan_date":"2025-08-24 05:39:14","breadcrumb_settings":null,"limit_modified_date":false,"reviewed_by":null,"open_ai":null,"ai":null,"created":"2020-12-21 12:25:56","updated":"2025-08-24 05:39:14"},"aioseo_breadcrumb":"<div class=\"aioseo-breadcrumbs\"><span class=\"aioseo-breadcrumb\">\n\t<a href=\"https:\/\/candas365.es\/noticias\" title=\"Home\">Home<\/a>\n<\/span><span class=\"aioseo-breadcrumb-separator\">&ndash;<\/span><span class=\"aioseo-breadcrumb\">\n\t<a href=\"https:\/\/candas365.es\/noticias\/category\/actualidad\/\" title=\"Actualidad\">Actualidad<\/a>\n<\/span><span class=\"aioseo-breadcrumb-separator\">&ndash;<\/span><span class=\"aioseo-breadcrumb\">\n\tDFB rechaza comentar nuevas acusaciones en torno al Mundial de 2006\n<\/span><\/div>","aioseo_breadcrumb_json":[{"label":"Home","link":"https:\/\/candas365.es\/noticias"},{"label":"Actualidad","link":"https:\/\/candas365.es\/noticias\/category\/actualidad\/"},{"label":"DFB rechaza comentar nuevas acusaciones en torno al Mundial de 2006","link":"https:\/\/candas365.es\/noticias\/dfb-rechaza-comentar-nuevas-acusaciones-en-torno-al-mundial-de-2006\/"}],"_links":{"self":[{"href":"https:\/\/candas365.es\/noticias\/wp-json\/wp\/v2\/posts\/25279","targetHints":{"allow":["GET"]}}],"collection":[{"href":"https:\/\/candas365.es\/noticias\/wp-json\/wp\/v2\/posts"}],"about":[{"href":"https:\/\/candas365.es\/noticias\/wp-json\/wp\/v2\/types\/post"}],"author":[{"embeddable":true,"href":"https:\/\/candas365.es\/noticias\/wp-json\/wp\/v2\/users\/1"}],"replies":[{"embeddable":true,"href":"https:\/\/candas365.es\/noticias\/wp-json\/wp\/v2\/comments?post=25279"}],"version-history":[{"count":0,"href":"https:\/\/candas365.es\/noticias\/wp-json\/wp\/v2\/posts\/25279\/revisions"}],"wp:featuredmedia":[{"embeddable":true,"href":"https:\/\/candas365.es\/noticias\/wp-json\/wp\/v2\/media\/5232"}],"wp:attachment":[{"href":"https:\/\/candas365.es\/noticias\/wp-json\/wp\/v2\/media?parent=25279"}],"wp:term":[{"taxonomy":"category","embeddable":true,"href":"https:\/\/candas365.es\/noticias\/wp-json\/wp\/v2\/categories?post=25279"},{"taxonomy":"post_tag","embeddable":true,"href":"https:\/\/candas365.es\/noticias\/wp-json\/wp\/v2\/tags?post=25279"}],"curies":[{"name":"wp","href":"https:\/\/api.w.org\/{rel}","templated":true}]}}