{"id":25273,"date":"2016-01-28T18:56:33","date_gmt":"2016-01-28T17:26:33","guid":{"rendered":"http:\/\/candas365.es\/noticias\/?p=25273"},"modified":"2016-01-28T18:56:33","modified_gmt":"2016-01-28T17:26:33","slug":"ong-alemana-se-siente-traicionada-por-invencion-de-muerte-refugiado","status":"publish","type":"post","link":"https:\/\/candas365.es\/noticias\/ong-alemana-se-siente-traicionada-por-invencion-de-muerte-refugiado\/","title":{"rendered":"ONG alemana se siente \u00abtraicionada\u00bb por invenci\u00f3n de muerte refugiado"},"content":{"rendered":"<p>Berl\u00edn, 28 ene (dpa) &#8211; La invenci\u00f3n de un voluntario de la organizaci\u00f3n \u00abMoabit hilft\u00bb (Moabit ayuda) de la muerte de un refugiado sirio despu\u00e9s de pasar d\u00edas enfermo a las puertas de los servicios sociales de Berl\u00edn ha conmocionado a la ONG, que asegur\u00f3 hoy que se siente \u00abtraicionada\u00bb.<\/p>\n<p>\u00abEl voluntario no recuerda exactamente todo, ya que en ese momento estaba ligeramente ebrio. Si eso tranquiliza su conciencia, la nuestra no\u00bb, afirmaron los responsables de la ONG berlinesa en una declaraci\u00f3n a los medios despu\u00e9s de que la Polic\u00eda desmintiera a \u00faltima hora del mi\u00e9rcoles la historia inventada por el voluntario y que conmocion\u00f3 a la capital alemana.<\/p>\n<p>\u00abNos sentimos traicionados\u00bb, asegur\u00f3 la fundadora Diana Henniges. \u00abLo sucedido tiene consecuencias en la confianza de todas las iniciativas de ayuda a los refugiados en Alemania\u00bb.<\/p>\n<p>El voluntario hab\u00eda publicado en Facebook que el martes se llev\u00f3 a su casa a un refugiado sirio de 24 a\u00f1os que padec\u00eda una fuerte fiebre y se encontraba haciendo cola a la intemperie en la Oficina de Sanidad y Asuntos Sociales (Lageso) de la capital alemana.<\/p>\n<p>Adem\u00e1s, dijo que despu\u00e9s de que su estado empeorara, una ambulancia acudi\u00f3 al domicilio para trasladarlo. Sin embargo, agreg\u00f3, el hombre sufri\u00f3 un paro cardiaco en el camino y en el hospital s\u00f3lo pudieron certificar su muerte.<\/p>\n<p>Despu\u00e9s de que la Polic\u00eda informara que el voluntario hab\u00eda reconocido en el interrogatorio que se lo hab\u00eda inventado, se disculp\u00f3 en su cuenta de Facebook. Posteriormente volvi\u00f3 a bloquear su perfil en la red social y actualmente no se puede contactar con \u00e9l. \u00abHa desaparecido\u00bb, indic\u00f3 Henniges.<\/p>\n<p>\u00abHemos originado una verdadera tonter\u00eda\u00bb, afirm\u00f3 sobre una historia que se extendi\u00f3 como la p\u00f3lvora sin dar tiempo a comprobar si realmente hab\u00eda o no un muerto. \u00abTodo el mundo se crey\u00f3 la historia\u00bb, record\u00f3. \u00abEsto quiere decir que un escenario as\u00ed no es tan improbable\u00bb, declar\u00f3. \u00abCualquier voluntario, pol\u00edtico o portavoz aqu\u00ed se lo puede imaginar\u00bb.<\/p>\n<p>En una primera reacci\u00f3n en Facebook de \u00abMoabit hilft\u00bb, la organizaci\u00f3n se mostr\u00f3 \u00abconsternada\u00bb y reconoci\u00f3 que no sabe qu\u00e9 es lo que pudo empujarle a inventarse una historia como \u00e9sta.<\/p>\n<p>El responsable de Interior de Berl\u00edn, Frank Henkel, reclam\u00f3 consecuencias legales contra \u00e9l. \u00abEs una de las acciones m\u00e1s miserable y p\u00e9rfida que yo haya vivido jam\u00e1s\u00bb, afirm\u00f3. \u00abLas autoridades de Berl\u00edn tuvieron que buscar al muerto inventado durante horas con gran presi\u00f3n\u00bb, agreg\u00f3.<\/p>\n<p>Sin embargo, un portavoz de la Polic\u00eda neg\u00f3 hoy que el voluntario cometiera delito alguno con su mentira.<\/p>\n<p>En los \u00faltimos meses la dram\u00e1tica situaci\u00f3n y condiciones en las que se encuentran los refugiados que deben hacer cola ha sido motivo de duras cr\u00edticas por parte de las ONGs. A principios de enero se extendi\u00f3 el rumor de que los refugiados padecen congelaciones y que se habr\u00edan tenido que amputar dedos. Sin embargo, esta informaci\u00f3n tambi\u00e9n result\u00f3 ser falsa.<\/p>\n","protected":false},"excerpt":{"rendered":"<p>Berl\u00edn, 28 ene (dpa) &#8211; La invenci\u00f3n de un voluntario de la organizaci\u00f3n \u00abMoabit hilft\u00bb (Moabit ayuda) de la muerte de un refugiado sirio despu\u00e9s de pasar d\u00edas enfermo a las puertas de los servicios sociales de Berl\u00edn ha conmocionado a la ONG, que asegur\u00f3 hoy que se siente \u00abtraicionada\u00bb. \u00abEl voluntario no recuerda exactamente<\/p>\n","protected":false},"author":1,"featured_media":16457,"comment_status":"closed","ping_status":"closed","sticky":false,"template":"","format":"standard","meta":{"footnotes":""},"categories":[343],"tags":[],"class_list":{"0":"post-25273","1":"post","2":"type-post","3":"status-publish","4":"format-standard","5":"has-post-thumbnail","7":"category-actualidad"},"aioseo_notices":[],"aioseo_head":"\n\t\t<!-- All in One SEO Pro 4.9.6.2 - aioseo.com -->\n\t<meta name=\"description\" content=\"Berl\u00edn, 28 ene (dpa) - La invenci\u00f3n de un voluntario de la organizaci\u00f3n &quot;Moabit hilft&quot; (Moabit ayuda) de la muerte de un refugiado sirio despu\u00e9s de pasar d\u00edas enfermo a las puertas de los servicios sociales de Berl\u00edn ha conmocionado a la ONG, que asegur\u00f3 hoy que se siente &quot;traicionada&quot;. &quot;El voluntario no recuerda exactamente\" \/>\n\t<meta name=\"robots\" content=\"max-image-preview:large\" \/>\n\t<meta name=\"author\" content=\"Cand\u00e1s 365\"\/>\n\t<meta name=\"google-site-verification\" content=\"UA-32230408-1\" \/>\n\t<meta name=\"msvalidate.01\" content=\"354F3CDFB2DA171B47FBE9ABF1F88D5\" \/>\n\t<meta name=\"keywords\" content=\"actualidad\" \/>\n\t<link rel=\"canonical\" href=\"https:\/\/candas365.es\/noticias\/ong-alemana-se-siente-traicionada-por-invencion-de-muerte-refugiado\/\" \/>\n\t<meta name=\"generator\" content=\"All in One SEO Pro (AIOSEO) 4.9.6.2\" \/>\n\t\t<meta property=\"og:locale\" content=\"es_ES\" \/>\n\t\t<meta property=\"og:site_name\" content=\"Cand\u00e1s 365\" \/>\n\t\t<meta property=\"og:type\" content=\"article\" \/>\n\t\t<meta property=\"og:title\" content=\"ONG alemana se siente \u00abtraicionada\u00bb por invenci\u00f3n de muerte refugiado | Cand\u00e1s 365\" \/>\n\t\t<meta property=\"og:description\" content=\"Berl\u00edn, 28 ene (dpa) - La invenci\u00f3n de un voluntario de la organizaci\u00f3n &quot;Moabit hilft&quot; (Moabit ayuda) de la muerte de un refugiado sirio despu\u00e9s de pasar d\u00edas enfermo a las puertas de los servicios sociales de Berl\u00edn ha conmocionado a la ONG, que asegur\u00f3 hoy que se siente &quot;traicionada&quot;. &quot;El voluntario no recuerda exactamente\" \/>\n\t\t<meta property=\"og:url\" content=\"https:\/\/candas365.es\/noticias\/ong-alemana-se-siente-traicionada-por-invencion-de-muerte-refugiado\/\" \/>\n\t\t<meta property=\"og:image\" content=\"https:\/\/candas365.es\/noticias\/wp-content\/uploads\/2015\/09\/c365noticias.jpg\" \/>\n\t\t<meta property=\"og:image:secure_url\" content=\"https:\/\/candas365.es\/noticias\/wp-content\/uploads\/2015\/09\/c365noticias.jpg\" \/>\n\t\t<meta property=\"og:image:width\" content=\"655\" \/>\n\t\t<meta property=\"og:image:height\" content=\"360\" \/>\n\t\t<meta property=\"article:published_time\" content=\"2016-01-28T17:26:33+00:00\" \/>\n\t\t<meta property=\"article:modified_time\" content=\"2016-01-28T17:26:33+00:00\" \/>\n\t\t<meta property=\"article:publisher\" content=\"https:\/\/www.facebook.com\/Nachofdezber\" \/>\n\t\t<meta property=\"article:author\" content=\"https:\/\/www.facebook.com\/carrenoactualidad\" \/>\n\t\t<meta name=\"twitter:card\" content=\"summary_large_image\" \/>\n\t\t<meta name=\"twitter:site\" content=\"@NabercoDigital\" \/>\n\t\t<meta name=\"twitter:title\" content=\"ONG alemana se siente \u00abtraicionada\u00bb por invenci\u00f3n de muerte refugiado | Cand\u00e1s 365\" \/>\n\t\t<meta name=\"twitter:description\" content=\"Berl\u00edn, 28 ene (dpa) - La invenci\u00f3n de un voluntario de la organizaci\u00f3n &quot;Moabit hilft&quot; (Moabit ayuda) de la muerte de un refugiado sirio despu\u00e9s de pasar d\u00edas enfermo a las puertas de los servicios sociales de Berl\u00edn ha conmocionado a la ONG, que asegur\u00f3 hoy que se siente &quot;traicionada&quot;. &quot;El voluntario no recuerda exactamente\" \/>\n\t\t<meta name=\"twitter:creator\" content=\"@nbasturias\" \/>\n\t\t<meta name=\"twitter:image\" content=\"https:\/\/candas365.es\/noticias\/wp-content\/uploads\/2015\/09\/c365noticias.jpg\" \/>\n\t\t<meta name=\"twitter:label1\" content=\"Escrito por\" \/>\n\t\t<meta name=\"twitter:data1\" content=\"Cand\u00e1s 365\" \/>\n\t\t<meta name=\"twitter:label2\" content=\"Tiempo de lectura estimado\" \/>\n\t\t<meta name=\"twitter:data2\" content=\"3 minutos\" \/>\n\t\t<script type=\"application\/ld+json\" class=\"aioseo-schema\">\n\t\t\t{\"@context\":\"https:\\\/\\\/schema.org\",\"@graph\":[{\"@type\":\"BreadcrumbList\",\"@id\":\"https:\\\/\\\/candas365.es\\\/noticias\\\/ong-alemana-se-siente-traicionada-por-invencion-de-muerte-refugiado\\\/#breadcrumblist\",\"itemListElement\":[{\"@type\":\"ListItem\",\"@id\":\"https:\\\/\\\/candas365.es\\\/noticias#listItem\",\"position\":1,\"name\":\"Home\",\"item\":\"https:\\\/\\\/candas365.es\\\/noticias\",\"nextItem\":{\"@type\":\"ListItem\",\"@id\":\"https:\\\/\\\/candas365.es\\\/noticias\\\/category\\\/actualidad\\\/#listItem\",\"name\":\"Actualidad\"}},{\"@type\":\"ListItem\",\"@id\":\"https:\\\/\\\/candas365.es\\\/noticias\\\/category\\\/actualidad\\\/#listItem\",\"position\":2,\"name\":\"Actualidad\",\"item\":\"https:\\\/\\\/candas365.es\\\/noticias\\\/category\\\/actualidad\\\/\",\"nextItem\":{\"@type\":\"ListItem\",\"@id\":\"https:\\\/\\\/candas365.es\\\/noticias\\\/ong-alemana-se-siente-traicionada-por-invencion-de-muerte-refugiado\\\/#listItem\",\"name\":\"ONG alemana se siente \\u00abtraicionada\\u00bb por invenci\\u00f3n de muerte refugiado\"},\"previousItem\":{\"@type\":\"ListItem\",\"@id\":\"https:\\\/\\\/candas365.es\\\/noticias#listItem\",\"name\":\"Home\"}},{\"@type\":\"ListItem\",\"@id\":\"https:\\\/\\\/candas365.es\\\/noticias\\\/ong-alemana-se-siente-traicionada-por-invencion-de-muerte-refugiado\\\/#listItem\",\"position\":3,\"name\":\"ONG alemana se siente \\u00abtraicionada\\u00bb por invenci\\u00f3n de muerte refugiado\",\"previousItem\":{\"@type\":\"ListItem\",\"@id\":\"https:\\\/\\\/candas365.es\\\/noticias\\\/category\\\/actualidad\\\/#listItem\",\"name\":\"Actualidad\"}}]},{\"@type\":\"NewsArticle\",\"@id\":\"https:\\\/\\\/candas365.es\\\/noticias\\\/ong-alemana-se-siente-traicionada-por-invencion-de-muerte-refugiado\\\/#newsarticle\",\"name\":\"ONG alemana se siente \\u00abtraicionada\\u00bb por invenci\\u00f3n de muerte refugiado | Cand\\u00e1s 365\",\"headline\":\"ONG alemana se siente \\u00abtraicionada\\u00bb por invenci\\u00f3n de muerte refugiado\",\"author\":{\"@id\":\"https:\\\/\\\/candas365.es\\\/noticias\\\/author\\\/admin\\\/#author\"},\"publisher\":{\"@id\":\"https:\\\/\\\/candas365.es\\\/noticias\\\/#organization\"},\"image\":{\"@type\":\"ImageObject\",\"url\":\"https:\\\/\\\/candas365.es\\\/noticias\\\/wp-content\\\/uploads\\\/2015\\\/09\\\/c365noticias.jpg\",\"width\":655,\"height\":360},\"datePublished\":\"2016-01-28T18:56:33+01:00\",\"dateModified\":\"2016-01-28T18:56:33+01:00\",\"inLanguage\":\"es-ES\",\"mainEntityOfPage\":{\"@id\":\"https:\\\/\\\/candas365.es\\\/noticias\\\/ong-alemana-se-siente-traicionada-por-invencion-de-muerte-refugiado\\\/#webpage\"},\"isPartOf\":{\"@id\":\"https:\\\/\\\/candas365.es\\\/noticias\\\/ong-alemana-se-siente-traicionada-por-invencion-de-muerte-refugiado\\\/#webpage\"},\"articleSection\":\"Actualidad\",\"dateline\":\"Publicado el enero 28, 2016.\"},{\"@type\":\"Organization\",\"@id\":\"https:\\\/\\\/candas365.es\\\/noticias\\\/#organization\",\"name\":\"Cand\\u00e1s 365\",\"description\":\"Cand\\u00e1s 365 es un diario digital independiente, fundado en 2012, con base en Asturias. Informamos con rigor sobre actualidad, sociedad, cultura y ocio, con una mirada local y global.\",\"url\":\"https:\\\/\\\/candas365.es\\\/noticias\\\/\",\"email\":\"info@candas365.es\",\"telephone\":\"+34652131393\",\"foundingDate\":\"2012-06-10\",\"logo\":{\"@type\":\"ImageObject\",\"url\":\"https:\\\/\\\/candas365.es\\\/noticias\\\/wp-content\\\/uploads\\\/2024\\\/09\\\/Candas-365-Redes.jpg\",\"@id\":\"https:\\\/\\\/candas365.es\\\/noticias\\\/ong-alemana-se-siente-traicionada-por-invencion-de-muerte-refugiado\\\/#organizationLogo\",\"width\":1152,\"height\":864,\"caption\":\"Cand\\u00e1s 365 Redes\"},\"image\":{\"@id\":\"https:\\\/\\\/candas365.es\\\/noticias\\\/ong-alemana-se-siente-traicionada-por-invencion-de-muerte-refugiado\\\/#organizationLogo\"},\"sameAs\":[\"https:\\\/\\\/www.facebook.com\\\/Nachofdezber\",\"https:\\\/\\\/x.com\\\/NabercoDigital\",\"https:\\\/\\\/www.instagram.com\\\/nachofdezber\\\/\",\"https:\\\/\\\/www.youtube.com\\\/channel\\\/UCZP-2wLEB9Rv6erhFmqVnvg\"],\"address\":{\"@id\":\"https:\\\/\\\/candas365.es\\\/noticias\\\/#postaladdress\",\"@type\":\"PostalAddress\",\"streetAddress\":\"san antonio 4, san antonio 4\",\"postalCode\":\"33430\",\"addressLocality\":\"Cand\\u00e1s\",\"addressRegion\":\"Asturias\",\"addressCountry\":\"ES\"}},{\"@type\":\"Person\",\"@id\":\"https:\\\/\\\/candas365.es\\\/noticias\\\/author\\\/admin\\\/#author\",\"url\":\"https:\\\/\\\/candas365.es\\\/noticias\\\/author\\\/admin\\\/\",\"name\":\"Cand\\u00e1s 365\",\"image\":{\"@type\":\"ImageObject\",\"@id\":\"https:\\\/\\\/candas365.es\\\/noticias\\\/ong-alemana-se-siente-traicionada-por-invencion-de-muerte-refugiado\\\/#authorImage\",\"url\":\"https:\\\/\\\/secure.gravatar.com\\\/avatar\\\/496a8e03d0c493ede1718b7934145dbdf8d89be1036b0eec9544e1094c9de390?s=96&d=mm&r=g\",\"width\":96,\"height\":96,\"caption\":\"Cand\\u00e1s 365\"},\"sameAs\":[\"https:\\\/\\\/www.facebook.com\\\/carrenoactualidad\",\"https:\\\/\\\/twitter.com\\\/nbasturias\",\"https:\\\/\\\/www.instagram.com\\\/nachofdezber\\\/\",\"https:\\\/\\\/www.youtube.com\\\/channel\\\/UCZP-2wLEB9Rv6erhFmqVnvg\"]},{\"@type\":\"WebPage\",\"@id\":\"https:\\\/\\\/candas365.es\\\/noticias\\\/ong-alemana-se-siente-traicionada-por-invencion-de-muerte-refugiado\\\/#webpage\",\"url\":\"https:\\\/\\\/candas365.es\\\/noticias\\\/ong-alemana-se-siente-traicionada-por-invencion-de-muerte-refugiado\\\/\",\"name\":\"ONG alemana se siente \\u00abtraicionada\\u00bb por invenci\\u00f3n de muerte refugiado | Cand\\u00e1s 365\",\"description\":\"Berl\\u00edn, 28 ene (dpa) - La invenci\\u00f3n de un voluntario de la organizaci\\u00f3n \\\"Moabit hilft\\\" (Moabit ayuda) de la muerte de un refugiado sirio despu\\u00e9s de pasar d\\u00edas enfermo a las puertas de los servicios sociales de Berl\\u00edn ha conmocionado a la ONG, que asegur\\u00f3 hoy que se siente \\\"traicionada\\\". \\\"El voluntario no recuerda exactamente\",\"inLanguage\":\"es-ES\",\"isPartOf\":{\"@id\":\"https:\\\/\\\/candas365.es\\\/noticias\\\/#website\"},\"breadcrumb\":{\"@id\":\"https:\\\/\\\/candas365.es\\\/noticias\\\/ong-alemana-se-siente-traicionada-por-invencion-de-muerte-refugiado\\\/#breadcrumblist\"},\"author\":{\"@id\":\"https:\\\/\\\/candas365.es\\\/noticias\\\/author\\\/admin\\\/#author\"},\"creator\":{\"@id\":\"https:\\\/\\\/candas365.es\\\/noticias\\\/author\\\/admin\\\/#author\"},\"image\":{\"@type\":\"ImageObject\",\"url\":\"https:\\\/\\\/candas365.es\\\/noticias\\\/wp-content\\\/uploads\\\/2015\\\/09\\\/c365noticias.jpg\",\"@id\":\"https:\\\/\\\/candas365.es\\\/noticias\\\/ong-alemana-se-siente-traicionada-por-invencion-de-muerte-refugiado\\\/#mainImage\",\"width\":655,\"height\":360},\"primaryImageOfPage\":{\"@id\":\"https:\\\/\\\/candas365.es\\\/noticias\\\/ong-alemana-se-siente-traicionada-por-invencion-de-muerte-refugiado\\\/#mainImage\"},\"datePublished\":\"2016-01-28T18:56:33+01:00\",\"dateModified\":\"2016-01-28T18:56:33+01:00\"},{\"@type\":\"WebSite\",\"@id\":\"https:\\\/\\\/candas365.es\\\/noticias\\\/#website\",\"url\":\"https:\\\/\\\/candas365.es\\\/noticias\\\/\",\"name\":\"Cand\\u00e1s 365\",\"alternateName\":\"Cand\\u00e1s 365 Noticias\",\"description\":\"Actualidad desde Carre\\u00f1o para el mundo\",\"inLanguage\":\"es-ES\",\"publisher\":{\"@id\":\"https:\\\/\\\/candas365.es\\\/noticias\\\/#organization\"}}]}\n\t\t<\/script>\n\t\t<!-- All in One SEO Pro -->\r\n\t\t<title>ONG alemana se siente \u00abtraicionada\u00bb por invenci\u00f3n de muerte refugiado | Cand\u00e1s 365<\/title>\n\n","aioseo_head_json":{"title":"ONG alemana se siente \u00abtraicionada\u00bb por invenci\u00f3n de muerte refugiado | Cand\u00e1s 365","description":"Berl\u00edn, 28 ene (dpa) - La invenci\u00f3n de un voluntario de la organizaci\u00f3n \"Moabit hilft\" (Moabit ayuda) de la muerte de un refugiado sirio despu\u00e9s de pasar d\u00edas enfermo a las puertas de los servicios sociales de Berl\u00edn ha conmocionado a la ONG, que asegur\u00f3 hoy que se siente \"traicionada\". \"El voluntario no recuerda exactamente","canonical_url":"https:\/\/candas365.es\/noticias\/ong-alemana-se-siente-traicionada-por-invencion-de-muerte-refugiado\/","robots":"max-image-preview:large","keywords":"actualidad","webmasterTools":{"google-site-verification":"UA-32230408-1","msvalidate.01":"354F3CDFB2DA171B47FBE9ABF1F88D5","miscellaneous":""},"schema":{"@context":"https:\/\/schema.org","@graph":[{"@type":"BreadcrumbList","@id":"https:\/\/candas365.es\/noticias\/ong-alemana-se-siente-traicionada-por-invencion-de-muerte-refugiado\/#breadcrumblist","itemListElement":[{"@type":"ListItem","@id":"https:\/\/candas365.es\/noticias#listItem","position":1,"name":"Home","item":"https:\/\/candas365.es\/noticias","nextItem":{"@type":"ListItem","@id":"https:\/\/candas365.es\/noticias\/category\/actualidad\/#listItem","name":"Actualidad"}},{"@type":"ListItem","@id":"https:\/\/candas365.es\/noticias\/category\/actualidad\/#listItem","position":2,"name":"Actualidad","item":"https:\/\/candas365.es\/noticias\/category\/actualidad\/","nextItem":{"@type":"ListItem","@id":"https:\/\/candas365.es\/noticias\/ong-alemana-se-siente-traicionada-por-invencion-de-muerte-refugiado\/#listItem","name":"ONG alemana se siente \u00abtraicionada\u00bb por invenci\u00f3n de muerte refugiado"},"previousItem":{"@type":"ListItem","@id":"https:\/\/candas365.es\/noticias#listItem","name":"Home"}},{"@type":"ListItem","@id":"https:\/\/candas365.es\/noticias\/ong-alemana-se-siente-traicionada-por-invencion-de-muerte-refugiado\/#listItem","position":3,"name":"ONG alemana se siente \u00abtraicionada\u00bb por invenci\u00f3n de muerte refugiado","previousItem":{"@type":"ListItem","@id":"https:\/\/candas365.es\/noticias\/category\/actualidad\/#listItem","name":"Actualidad"}}]},{"@type":"NewsArticle","@id":"https:\/\/candas365.es\/noticias\/ong-alemana-se-siente-traicionada-por-invencion-de-muerte-refugiado\/#newsarticle","name":"ONG alemana se siente \u00abtraicionada\u00bb por invenci\u00f3n de muerte refugiado | Cand\u00e1s 365","headline":"ONG alemana se siente \u00abtraicionada\u00bb por invenci\u00f3n de muerte refugiado","author":{"@id":"https:\/\/candas365.es\/noticias\/author\/admin\/#author"},"publisher":{"@id":"https:\/\/candas365.es\/noticias\/#organization"},"image":{"@type":"ImageObject","url":"https:\/\/candas365.es\/noticias\/wp-content\/uploads\/2015\/09\/c365noticias.jpg","width":655,"height":360},"datePublished":"2016-01-28T18:56:33+01:00","dateModified":"2016-01-28T18:56:33+01:00","inLanguage":"es-ES","mainEntityOfPage":{"@id":"https:\/\/candas365.es\/noticias\/ong-alemana-se-siente-traicionada-por-invencion-de-muerte-refugiado\/#webpage"},"isPartOf":{"@id":"https:\/\/candas365.es\/noticias\/ong-alemana-se-siente-traicionada-por-invencion-de-muerte-refugiado\/#webpage"},"articleSection":"Actualidad","dateline":"Publicado el enero 28, 2016."},{"@type":"Organization","@id":"https:\/\/candas365.es\/noticias\/#organization","name":"Cand\u00e1s 365","description":"Cand\u00e1s 365 es un diario digital independiente, fundado en 2012, con base en Asturias. Informamos con rigor sobre actualidad, sociedad, cultura y ocio, con una mirada local y global.","url":"https:\/\/candas365.es\/noticias\/","email":"info@candas365.es","telephone":"+34652131393","foundingDate":"2012-06-10","logo":{"@type":"ImageObject","url":"https:\/\/candas365.es\/noticias\/wp-content\/uploads\/2024\/09\/Candas-365-Redes.jpg","@id":"https:\/\/candas365.es\/noticias\/ong-alemana-se-siente-traicionada-por-invencion-de-muerte-refugiado\/#organizationLogo","width":1152,"height":864,"caption":"Cand\u00e1s 365 Redes"},"image":{"@id":"https:\/\/candas365.es\/noticias\/ong-alemana-se-siente-traicionada-por-invencion-de-muerte-refugiado\/#organizationLogo"},"sameAs":["https:\/\/www.facebook.com\/Nachofdezber","https:\/\/x.com\/NabercoDigital","https:\/\/www.instagram.com\/nachofdezber\/","https:\/\/www.youtube.com\/channel\/UCZP-2wLEB9Rv6erhFmqVnvg"],"address":{"@id":"https:\/\/candas365.es\/noticias\/#postaladdress","@type":"PostalAddress","streetAddress":"san antonio 4, san antonio 4","postalCode":"33430","addressLocality":"Cand\u00e1s","addressRegion":"Asturias","addressCountry":"ES"}},{"@type":"Person","@id":"https:\/\/candas365.es\/noticias\/author\/admin\/#author","url":"https:\/\/candas365.es\/noticias\/author\/admin\/","name":"Cand\u00e1s 365","image":{"@type":"ImageObject","@id":"https:\/\/candas365.es\/noticias\/ong-alemana-se-siente-traicionada-por-invencion-de-muerte-refugiado\/#authorImage","url":"https:\/\/secure.gravatar.com\/avatar\/496a8e03d0c493ede1718b7934145dbdf8d89be1036b0eec9544e1094c9de390?s=96&d=mm&r=g","width":96,"height":96,"caption":"Cand\u00e1s 365"},"sameAs":["https:\/\/www.facebook.com\/carrenoactualidad","https:\/\/twitter.com\/nbasturias","https:\/\/www.instagram.com\/nachofdezber\/","https:\/\/www.youtube.com\/channel\/UCZP-2wLEB9Rv6erhFmqVnvg"]},{"@type":"WebPage","@id":"https:\/\/candas365.es\/noticias\/ong-alemana-se-siente-traicionada-por-invencion-de-muerte-refugiado\/#webpage","url":"https:\/\/candas365.es\/noticias\/ong-alemana-se-siente-traicionada-por-invencion-de-muerte-refugiado\/","name":"ONG alemana se siente \u00abtraicionada\u00bb por invenci\u00f3n de muerte refugiado | Cand\u00e1s 365","description":"Berl\u00edn, 28 ene (dpa) - La invenci\u00f3n de un voluntario de la organizaci\u00f3n \"Moabit hilft\" (Moabit ayuda) de la muerte de un refugiado sirio despu\u00e9s de pasar d\u00edas enfermo a las puertas de los servicios sociales de Berl\u00edn ha conmocionado a la ONG, que asegur\u00f3 hoy que se siente \"traicionada\". \"El voluntario no recuerda exactamente","inLanguage":"es-ES","isPartOf":{"@id":"https:\/\/candas365.es\/noticias\/#website"},"breadcrumb":{"@id":"https:\/\/candas365.es\/noticias\/ong-alemana-se-siente-traicionada-por-invencion-de-muerte-refugiado\/#breadcrumblist"},"author":{"@id":"https:\/\/candas365.es\/noticias\/author\/admin\/#author"},"creator":{"@id":"https:\/\/candas365.es\/noticias\/author\/admin\/#author"},"image":{"@type":"ImageObject","url":"https:\/\/candas365.es\/noticias\/wp-content\/uploads\/2015\/09\/c365noticias.jpg","@id":"https:\/\/candas365.es\/noticias\/ong-alemana-se-siente-traicionada-por-invencion-de-muerte-refugiado\/#mainImage","width":655,"height":360},"primaryImageOfPage":{"@id":"https:\/\/candas365.es\/noticias\/ong-alemana-se-siente-traicionada-por-invencion-de-muerte-refugiado\/#mainImage"},"datePublished":"2016-01-28T18:56:33+01:00","dateModified":"2016-01-28T18:56:33+01:00"},{"@type":"WebSite","@id":"https:\/\/candas365.es\/noticias\/#website","url":"https:\/\/candas365.es\/noticias\/","name":"Cand\u00e1s 365","alternateName":"Cand\u00e1s 365 Noticias","description":"Actualidad desde Carre\u00f1o para el mundo","inLanguage":"es-ES","publisher":{"@id":"https:\/\/candas365.es\/noticias\/#organization"}}]},"og:locale":"es_ES","og:site_name":"Cand\u00e1s 365","og:type":"article","og:title":"ONG alemana se siente \u00abtraicionada\u00bb por invenci\u00f3n de muerte refugiado | Cand\u00e1s 365","og:description":"Berl\u00edn, 28 ene (dpa) - La invenci\u00f3n de un voluntario de la organizaci\u00f3n &quot;Moabit hilft&quot; (Moabit ayuda) de la muerte de un refugiado sirio despu\u00e9s de pasar d\u00edas enfermo a las puertas de los servicios sociales de Berl\u00edn ha conmocionado a la ONG, que asegur\u00f3 hoy que se siente &quot;traicionada&quot;. &quot;El voluntario no recuerda exactamente","og:url":"https:\/\/candas365.es\/noticias\/ong-alemana-se-siente-traicionada-por-invencion-de-muerte-refugiado\/","og:image":"https:\/\/candas365.es\/noticias\/wp-content\/uploads\/2015\/09\/c365noticias.jpg","og:image:secure_url":"https:\/\/candas365.es\/noticias\/wp-content\/uploads\/2015\/09\/c365noticias.jpg","og:image:width":655,"og:image:height":360,"article:published_time":"2016-01-28T17:26:33+00:00","article:modified_time":"2016-01-28T17:26:33+00:00","article:publisher":"https:\/\/www.facebook.com\/Nachofdezber","article:author":"https:\/\/www.facebook.com\/carrenoactualidad","twitter:card":"summary_large_image","twitter:site":"@NabercoDigital","twitter:title":"ONG alemana se siente \u00abtraicionada\u00bb por invenci\u00f3n de muerte refugiado | Cand\u00e1s 365","twitter:description":"Berl\u00edn, 28 ene (dpa) - La invenci\u00f3n de un voluntario de la organizaci\u00f3n &quot;Moabit hilft&quot; (Moabit ayuda) de la muerte de un refugiado sirio despu\u00e9s de pasar d\u00edas enfermo a las puertas de los servicios sociales de Berl\u00edn ha conmocionado a la ONG, que asegur\u00f3 hoy que se siente &quot;traicionada&quot;. &quot;El voluntario no recuerda exactamente","twitter:creator":"@nbasturias","twitter:image":"https:\/\/candas365.es\/noticias\/wp-content\/uploads\/2015\/09\/c365noticias.jpg","twitter:label1":"Escrito por","twitter:data1":"Cand\u00e1s 365","twitter:label2":"Tiempo de lectura estimado","twitter:data2":"3 minutos"},"aioseo_meta_data":{"post_id":"25273","title":null,"description":null,"keywords":null,"keyphrases":null,"primary_term":null,"canonical_url":null,"og_title":null,"og_description":null,"og_object_type":"default","og_image_type":"default","og_image_url":null,"og_image_width":null,"og_image_height":null,"og_image_custom_url":null,"og_image_custom_fields":null,"og_video":null,"og_custom_url":null,"og_article_section":null,"og_article_tags":null,"twitter_use_og":false,"twitter_card":"default","twitter_image_type":"default","twitter_image_url":null,"twitter_image_custom_url":null,"twitter_image_custom_fields":null,"twitter_title":null,"twitter_description":null,"schema":{"blockGraphs":[],"customGraphs":[],"default":{"data":{"Article":[],"Course":[],"Dataset":[],"FAQPage":[],"Movie":[],"Person":[],"Product":[],"ProductReview":[],"Car":[],"Recipe":[],"Service":[],"SoftwareApplication":[],"WebPage":[]},"graphName":"","isEnabled":true},"graphs":[],"defaultGraph":"","defaultPostTypeGraph":""},"schema_type":null,"schema_type_options":null,"pillar_content":false,"robots_default":true,"robots_noindex":false,"robots_noarchive":false,"robots_nosnippet":false,"robots_nofollow":false,"robots_noimageindex":false,"robots_noodp":false,"robots_notranslate":false,"robots_max_snippet":null,"robots_max_videopreview":null,"robots_max_imagepreview":"large","priority":null,"frequency":null,"location":null,"local_seo":null,"seo_analyzer_scan_date":"2025-08-24 05:37:15","breadcrumb_settings":null,"limit_modified_date":false,"reviewed_by":null,"open_ai":null,"ai":null,"created":"2020-12-21 12:25:56","updated":"2025-08-24 05:37:15"},"aioseo_breadcrumb":"<div class=\"aioseo-breadcrumbs\"><span class=\"aioseo-breadcrumb\">\n\t<a href=\"https:\/\/candas365.es\/noticias\" title=\"Home\">Home<\/a>\n<\/span><span class=\"aioseo-breadcrumb-separator\">&ndash;<\/span><span class=\"aioseo-breadcrumb\">\n\t<a href=\"https:\/\/candas365.es\/noticias\/category\/actualidad\/\" title=\"Actualidad\">Actualidad<\/a>\n<\/span><span class=\"aioseo-breadcrumb-separator\">&ndash;<\/span><span class=\"aioseo-breadcrumb\">\n\tONG alemana se siente \u00abtraicionada\u00bb por invenci\u00f3n de muerte refugiado\n<\/span><\/div>","aioseo_breadcrumb_json":[{"label":"Home","link":"https:\/\/candas365.es\/noticias"},{"label":"Actualidad","link":"https:\/\/candas365.es\/noticias\/category\/actualidad\/"},{"label":"ONG alemana se siente \u00abtraicionada\u00bb por invenci\u00f3n de muerte refugiado","link":"https:\/\/candas365.es\/noticias\/ong-alemana-se-siente-traicionada-por-invencion-de-muerte-refugiado\/"}],"_links":{"self":[{"href":"https:\/\/candas365.es\/noticias\/wp-json\/wp\/v2\/posts\/25273","targetHints":{"allow":["GET"]}}],"collection":[{"href":"https:\/\/candas365.es\/noticias\/wp-json\/wp\/v2\/posts"}],"about":[{"href":"https:\/\/candas365.es\/noticias\/wp-json\/wp\/v2\/types\/post"}],"author":[{"embeddable":true,"href":"https:\/\/candas365.es\/noticias\/wp-json\/wp\/v2\/users\/1"}],"replies":[{"embeddable":true,"href":"https:\/\/candas365.es\/noticias\/wp-json\/wp\/v2\/comments?post=25273"}],"version-history":[{"count":0,"href":"https:\/\/candas365.es\/noticias\/wp-json\/wp\/v2\/posts\/25273\/revisions"}],"wp:featuredmedia":[{"embeddable":true,"href":"https:\/\/candas365.es\/noticias\/wp-json\/wp\/v2\/media\/16457"}],"wp:attachment":[{"href":"https:\/\/candas365.es\/noticias\/wp-json\/wp\/v2\/media?parent=25273"}],"wp:term":[{"taxonomy":"category","embeddable":true,"href":"https:\/\/candas365.es\/noticias\/wp-json\/wp\/v2\/categories?post=25273"},{"taxonomy":"post_tag","embeddable":true,"href":"https:\/\/candas365.es\/noticias\/wp-json\/wp\/v2\/tags?post=25273"}],"curies":[{"name":"wp","href":"https:\/\/api.w.org\/{rel}","templated":true}]}}