{"id":25209,"date":"2016-01-27T02:24:52","date_gmt":"2016-01-27T00:54:52","guid":{"rendered":"http:\/\/candas365.es\/noticias\/?p=25209"},"modified":"2016-01-27T02:24:52","modified_gmt":"2016-01-27T00:54:52","slug":"bernhard-henrich-de-decorador-de-escaparates-a-candidato-al-oscar","status":"publish","type":"post","link":"https:\/\/candas365.es\/noticias\/bernhard-henrich-de-decorador-de-escaparates-a-candidato-al-oscar\/","title":{"rendered":"Bernhard Henrich, de decorador de escaparates a candidato al Oscar"},"content":{"rendered":"<p><img fetchpriority=\"high\" decoding=\"async\" class=\"alignleft size-medium wp-image-7573\" src=\"https:\/\/candas365.es\/noticias\/wp-content\/uploads\/2015\/02\/oscarcine-360x234.jpg\" alt=\"oscarcine\" width=\"360\" height=\"234\" \/>Berl\u00edn, 26 ene (dpa) &#8211; \u00abCuando le\u00ed mi nombre, me qued\u00e9 helado\u00bb, reconoce Bernhard Henrich, y a\u00fan no puede creer que ha sido nominado para el Oscar en la categor\u00eda \u00abDise\u00f1o de Producci\u00f3n\u00bb por la pel\u00edcula \u00abEl puente de los esp\u00edas\u00bb, dirigida nada menos que por Steven Spielberg.<\/p>\n<p>Henrich sigui\u00f3 la publicaci\u00f3n de la lista de nominados en Internet desde su apartamento berlin\u00e9s, y no tuvo mucho tiempo de reponerse de la sorpresa que le caus\u00f3 encontrarse entre los candidatos.<\/p>\n<p>\u00abDe repente son\u00f3 el tel\u00e9fono. Era Adam Stockhausen, el gran dise\u00f1ador de producci\u00f3n estadounidense. Me dijo que tambi\u00e9n tendr\u00eda que ir a Londres, a la ceremonia del premio brit\u00e1nico de cine Bafta. All\u00ed tambi\u00e9n estoy en la lista de nominados\u00bb, relata Henrich. \u00abAhora tendr\u00e9 que comprarme un smoking. La entrega de premios es en el palacio de Kensington, tal vez tambi\u00e9n est\u00e9n presentes miembros de la familia real\u00bb, agrega.<\/p>\n<p>Henrich naci\u00f3 en 1952 en el estado federado del Sarre, en el suroeste alem\u00e1n, y descubri\u00f3 desde peque\u00f1o su creatividad. Sus padres no estuvieron muy entusiasmados cuando el joven se inscribi\u00f3 como aprendiz de decorador de escaparates. M\u00e1s tarde, Henrich se radic\u00f3 en Berl\u00edn y trabaj\u00f3 en puestas en escena teatrales.<\/p>\n<p>A mediados de la d\u00e9cada del &#8217;70 ingres\u00f3 al mundo del cine como utilero, y logr\u00f3 su primer \u00e9xito a nivel internacional con la adaptaci\u00f3n de la novela de Thomas Mann \u00abLa monta\u00f1a m\u00e1gica\u00bb, dirigida por Hans W. Geissend\u00f6rfer.<\/p>\n<p>En los a\u00f1os noventa pas\u00f3 a ser \u00abset decorator\u00bb, tal como se lo denomina en la jerga cinematogr\u00e1fica en Estados Unidos. Mientras que el utilero s\u00f3lo es responsable de suministrar los objetos movibles requeridos en cada decorado, el dise\u00f1ador de escenograf\u00eda est\u00e1 ubicado un par de escalones m\u00e1s arriba en la jerarqu\u00eda. \u00abYo me ocupo con mucho detalle de que los decorados correspondan a la visi\u00f3n de la direcci\u00f3n art\u00edstica y del director\u00bb. Su trabajo incluye la selecci\u00f3n, el c\u00e1lculo de presupuesto y la ubicaci\u00f3n de todos los objetos de utiler\u00eda que apoyan al gui\u00f3n en el plano visual.<\/p>\n<p>Hoy en d\u00eda, Henrich es uno de los l\u00edderes del sector en Europa, y ha participado en 34 producciones, entre ellas \u00abMonuments Men\u00bb, dirigida por George Clooney, \u00abOperaci\u00f3n Valkiria\u00bb, con Tom Cruise y \u00abEl Caso Bourne\u00bb, con Matt Damon.<\/p>\n<p>El 14 de febrero, Henrich viajar\u00e1 a Londres para asistir a los premios del cine brit\u00e1nico, y dos semanas m\u00e1s tarde presenciar\u00e1 la entrega de los Oscars en Los Angeles. \u00abEstoy acostumbrado a tratar con las estrellas como George Clooney. Son todas personas normales y corrientes\u00bb, se\u00f1ala el dise\u00f1ador. \u00abPero los Oscar y los Bafta son para m\u00ed algo de otro mundo. Tengo que pellizcarme a menudo para convencerme de que no estoy so\u00f1ando\u00bb.<\/p>\n<p>Por Georg-Stefan Russew<\/p>\n","protected":false},"excerpt":{"rendered":"<p>Berl\u00edn, 26 ene (dpa) &#8211; \u00abCuando le\u00ed mi nombre, me qued\u00e9 helado\u00bb, reconoce Bernhard Henrich, y a\u00fan no puede creer que ha sido nominado para el Oscar en la categor\u00eda \u00abDise\u00f1o de Producci\u00f3n\u00bb por la pel\u00edcula \u00abEl puente de los esp\u00edas\u00bb, dirigida nada menos que por Steven Spielberg. Henrich sigui\u00f3 la publicaci\u00f3n de la lista<\/p>\n","protected":false},"author":1,"featured_media":18980,"comment_status":"closed","ping_status":"closed","sticky":false,"template":"","format":"standard","meta":{"footnotes":""},"categories":[343],"tags":[],"class_list":{"0":"post-25209","1":"post","2":"type-post","3":"status-publish","4":"format-standard","5":"has-post-thumbnail","7":"category-actualidad"},"aioseo_notices":[],"aioseo_head":"\n\t\t<!-- All in One SEO Pro 4.9.6.2 - aioseo.com -->\n\t<meta name=\"description\" content=\"Berl\u00edn, 26 ene (dpa) - &quot;Cuando le\u00ed mi nombre, me qued\u00e9 helado&quot;, reconoce Bernhard Henrich, y a\u00fan no puede creer que ha sido nominado para el Oscar en la categor\u00eda &quot;Dise\u00f1o de Producci\u00f3n&quot; por la pel\u00edcula &quot;El puente de los esp\u00edas&quot;, dirigida nada menos que por Steven Spielberg. Henrich sigui\u00f3 la publicaci\u00f3n de la lista\" \/>\n\t<meta name=\"robots\" content=\"max-image-preview:large\" \/>\n\t<meta name=\"author\" content=\"Cand\u00e1s 365\"\/>\n\t<meta name=\"google-site-verification\" content=\"UA-32230408-1\" \/>\n\t<meta name=\"msvalidate.01\" content=\"354F3CDFB2DA171B47FBE9ABF1F88D5\" \/>\n\t<meta name=\"keywords\" content=\"actualidad\" \/>\n\t<link rel=\"canonical\" href=\"https:\/\/candas365.es\/noticias\/bernhard-henrich-de-decorador-de-escaparates-a-candidato-al-oscar\/\" \/>\n\t<meta name=\"generator\" content=\"All in One SEO Pro (AIOSEO) 4.9.6.2\" \/>\n\t\t<meta property=\"og:locale\" content=\"es_ES\" \/>\n\t\t<meta property=\"og:site_name\" content=\"Cand\u00e1s 365\" \/>\n\t\t<meta property=\"og:type\" content=\"article\" \/>\n\t\t<meta property=\"og:title\" content=\"Bernhard Henrich, de decorador de escaparates a candidato al Oscar | Cand\u00e1s 365\" \/>\n\t\t<meta property=\"og:description\" content=\"Berl\u00edn, 26 ene (dpa) - &quot;Cuando le\u00ed mi nombre, me qued\u00e9 helado&quot;, reconoce Bernhard Henrich, y a\u00fan no puede creer que ha sido nominado para el Oscar en la categor\u00eda &quot;Dise\u00f1o de Producci\u00f3n&quot; por la pel\u00edcula &quot;El puente de los esp\u00edas&quot;, dirigida nada menos que por Steven Spielberg. Henrich sigui\u00f3 la publicaci\u00f3n de la lista\" \/>\n\t\t<meta property=\"og:url\" content=\"https:\/\/candas365.es\/noticias\/bernhard-henrich-de-decorador-de-escaparates-a-candidato-al-oscar\/\" \/>\n\t\t<meta property=\"og:image\" content=\"https:\/\/candas365.es\/noticias\/wp-content\/uploads\/2015\/11\/Grada-cine.jpg\" \/>\n\t\t<meta property=\"og:image:secure_url\" content=\"https:\/\/candas365.es\/noticias\/wp-content\/uploads\/2015\/11\/Grada-cine.jpg\" \/>\n\t\t<meta property=\"og:image:width\" content=\"655\" \/>\n\t\t<meta property=\"og:image:height\" content=\"360\" \/>\n\t\t<meta property=\"article:published_time\" content=\"2016-01-27T00:54:52+00:00\" \/>\n\t\t<meta property=\"article:modified_time\" content=\"2016-01-27T00:54:52+00:00\" \/>\n\t\t<meta property=\"article:publisher\" content=\"https:\/\/www.facebook.com\/Nachofdezber\" \/>\n\t\t<meta property=\"article:author\" content=\"https:\/\/www.facebook.com\/carrenoactualidad\" \/>\n\t\t<meta name=\"twitter:card\" content=\"summary_large_image\" \/>\n\t\t<meta name=\"twitter:site\" content=\"@NabercoDigital\" \/>\n\t\t<meta name=\"twitter:title\" content=\"Bernhard Henrich, de decorador de escaparates a candidato al Oscar | Cand\u00e1s 365\" \/>\n\t\t<meta name=\"twitter:description\" content=\"Berl\u00edn, 26 ene (dpa) - &quot;Cuando le\u00ed mi nombre, me qued\u00e9 helado&quot;, reconoce Bernhard Henrich, y a\u00fan no puede creer que ha sido nominado para el Oscar en la categor\u00eda &quot;Dise\u00f1o de Producci\u00f3n&quot; por la pel\u00edcula &quot;El puente de los esp\u00edas&quot;, dirigida nada menos que por Steven Spielberg. Henrich sigui\u00f3 la publicaci\u00f3n de la lista\" \/>\n\t\t<meta name=\"twitter:creator\" content=\"@nbasturias\" \/>\n\t\t<meta name=\"twitter:image\" content=\"https:\/\/candas365.es\/noticias\/wp-content\/uploads\/2015\/11\/Grada-cine.jpg\" \/>\n\t\t<meta name=\"twitter:label1\" content=\"Escrito por\" \/>\n\t\t<meta name=\"twitter:data1\" content=\"Cand\u00e1s 365\" \/>\n\t\t<meta name=\"twitter:label2\" content=\"Tiempo de lectura estimado\" \/>\n\t\t<meta name=\"twitter:data2\" content=\"3 minutos\" \/>\n\t\t<script type=\"application\/ld+json\" class=\"aioseo-schema\">\n\t\t\t{\"@context\":\"https:\\\/\\\/schema.org\",\"@graph\":[{\"@type\":\"BreadcrumbList\",\"@id\":\"https:\\\/\\\/candas365.es\\\/noticias\\\/bernhard-henrich-de-decorador-de-escaparates-a-candidato-al-oscar\\\/#breadcrumblist\",\"itemListElement\":[{\"@type\":\"ListItem\",\"@id\":\"https:\\\/\\\/candas365.es\\\/noticias#listItem\",\"position\":1,\"name\":\"Home\",\"item\":\"https:\\\/\\\/candas365.es\\\/noticias\",\"nextItem\":{\"@type\":\"ListItem\",\"@id\":\"https:\\\/\\\/candas365.es\\\/noticias\\\/category\\\/actualidad\\\/#listItem\",\"name\":\"Actualidad\"}},{\"@type\":\"ListItem\",\"@id\":\"https:\\\/\\\/candas365.es\\\/noticias\\\/category\\\/actualidad\\\/#listItem\",\"position\":2,\"name\":\"Actualidad\",\"item\":\"https:\\\/\\\/candas365.es\\\/noticias\\\/category\\\/actualidad\\\/\",\"nextItem\":{\"@type\":\"ListItem\",\"@id\":\"https:\\\/\\\/candas365.es\\\/noticias\\\/bernhard-henrich-de-decorador-de-escaparates-a-candidato-al-oscar\\\/#listItem\",\"name\":\"Bernhard Henrich, de decorador de escaparates a candidato al Oscar\"},\"previousItem\":{\"@type\":\"ListItem\",\"@id\":\"https:\\\/\\\/candas365.es\\\/noticias#listItem\",\"name\":\"Home\"}},{\"@type\":\"ListItem\",\"@id\":\"https:\\\/\\\/candas365.es\\\/noticias\\\/bernhard-henrich-de-decorador-de-escaparates-a-candidato-al-oscar\\\/#listItem\",\"position\":3,\"name\":\"Bernhard Henrich, de decorador de escaparates a candidato al Oscar\",\"previousItem\":{\"@type\":\"ListItem\",\"@id\":\"https:\\\/\\\/candas365.es\\\/noticias\\\/category\\\/actualidad\\\/#listItem\",\"name\":\"Actualidad\"}}]},{\"@type\":\"NewsArticle\",\"@id\":\"https:\\\/\\\/candas365.es\\\/noticias\\\/bernhard-henrich-de-decorador-de-escaparates-a-candidato-al-oscar\\\/#newsarticle\",\"name\":\"Bernhard Henrich, de decorador de escaparates a candidato al Oscar | Cand\\u00e1s 365\",\"headline\":\"Bernhard Henrich, de decorador de escaparates a candidato al Oscar\",\"author\":{\"@id\":\"https:\\\/\\\/candas365.es\\\/noticias\\\/author\\\/admin\\\/#author\"},\"publisher\":{\"@id\":\"https:\\\/\\\/candas365.es\\\/noticias\\\/#organization\"},\"image\":{\"@type\":\"ImageObject\",\"url\":\"https:\\\/\\\/candas365.es\\\/noticias\\\/wp-content\\\/uploads\\\/2015\\\/11\\\/Grada-cine.jpg\",\"width\":655,\"height\":360},\"datePublished\":\"2016-01-27T02:24:52+01:00\",\"dateModified\":\"2016-01-27T02:24:52+01:00\",\"inLanguage\":\"es-ES\",\"mainEntityOfPage\":{\"@id\":\"https:\\\/\\\/candas365.es\\\/noticias\\\/bernhard-henrich-de-decorador-de-escaparates-a-candidato-al-oscar\\\/#webpage\"},\"isPartOf\":{\"@id\":\"https:\\\/\\\/candas365.es\\\/noticias\\\/bernhard-henrich-de-decorador-de-escaparates-a-candidato-al-oscar\\\/#webpage\"},\"articleSection\":\"Actualidad\",\"dateline\":\"Publicado el enero 27, 2016.\"},{\"@type\":\"Organization\",\"@id\":\"https:\\\/\\\/candas365.es\\\/noticias\\\/#organization\",\"name\":\"Cand\\u00e1s 365\",\"description\":\"Cand\\u00e1s 365 es un diario digital independiente, fundado en 2012, con base en Asturias. Informamos con rigor sobre actualidad, sociedad, cultura y ocio, con una mirada local y global.\",\"url\":\"https:\\\/\\\/candas365.es\\\/noticias\\\/\",\"email\":\"info@candas365.es\",\"telephone\":\"+34652131393\",\"foundingDate\":\"2012-06-10\",\"logo\":{\"@type\":\"ImageObject\",\"url\":\"https:\\\/\\\/candas365.es\\\/noticias\\\/wp-content\\\/uploads\\\/2024\\\/09\\\/Candas-365-Redes.jpg\",\"@id\":\"https:\\\/\\\/candas365.es\\\/noticias\\\/bernhard-henrich-de-decorador-de-escaparates-a-candidato-al-oscar\\\/#organizationLogo\",\"width\":1152,\"height\":864,\"caption\":\"Cand\\u00e1s 365 Redes\"},\"image\":{\"@id\":\"https:\\\/\\\/candas365.es\\\/noticias\\\/bernhard-henrich-de-decorador-de-escaparates-a-candidato-al-oscar\\\/#organizationLogo\"},\"sameAs\":[\"https:\\\/\\\/www.facebook.com\\\/Nachofdezber\",\"https:\\\/\\\/x.com\\\/NabercoDigital\",\"https:\\\/\\\/www.instagram.com\\\/nachofdezber\\\/\",\"https:\\\/\\\/www.youtube.com\\\/channel\\\/UCZP-2wLEB9Rv6erhFmqVnvg\"],\"address\":{\"@id\":\"https:\\\/\\\/candas365.es\\\/noticias\\\/#postaladdress\",\"@type\":\"PostalAddress\",\"streetAddress\":\"san antonio 4, san antonio 4\",\"postalCode\":\"33430\",\"addressLocality\":\"Cand\\u00e1s\",\"addressRegion\":\"Asturias\",\"addressCountry\":\"ES\"}},{\"@type\":\"Person\",\"@id\":\"https:\\\/\\\/candas365.es\\\/noticias\\\/author\\\/admin\\\/#author\",\"url\":\"https:\\\/\\\/candas365.es\\\/noticias\\\/author\\\/admin\\\/\",\"name\":\"Cand\\u00e1s 365\",\"image\":{\"@type\":\"ImageObject\",\"@id\":\"https:\\\/\\\/candas365.es\\\/noticias\\\/bernhard-henrich-de-decorador-de-escaparates-a-candidato-al-oscar\\\/#authorImage\",\"url\":\"https:\\\/\\\/secure.gravatar.com\\\/avatar\\\/496a8e03d0c493ede1718b7934145dbdf8d89be1036b0eec9544e1094c9de390?s=96&d=mm&r=g\",\"width\":96,\"height\":96,\"caption\":\"Cand\\u00e1s 365\"},\"sameAs\":[\"https:\\\/\\\/www.facebook.com\\\/carrenoactualidad\",\"https:\\\/\\\/twitter.com\\\/nbasturias\",\"https:\\\/\\\/www.instagram.com\\\/nachofdezber\\\/\",\"https:\\\/\\\/www.youtube.com\\\/channel\\\/UCZP-2wLEB9Rv6erhFmqVnvg\"]},{\"@type\":\"WebPage\",\"@id\":\"https:\\\/\\\/candas365.es\\\/noticias\\\/bernhard-henrich-de-decorador-de-escaparates-a-candidato-al-oscar\\\/#webpage\",\"url\":\"https:\\\/\\\/candas365.es\\\/noticias\\\/bernhard-henrich-de-decorador-de-escaparates-a-candidato-al-oscar\\\/\",\"name\":\"Bernhard Henrich, de decorador de escaparates a candidato al Oscar | Cand\\u00e1s 365\",\"description\":\"Berl\\u00edn, 26 ene (dpa) - \\\"Cuando le\\u00ed mi nombre, me qued\\u00e9 helado\\\", reconoce Bernhard Henrich, y a\\u00fan no puede creer que ha sido nominado para el Oscar en la categor\\u00eda \\\"Dise\\u00f1o de Producci\\u00f3n\\\" por la pel\\u00edcula \\\"El puente de los esp\\u00edas\\\", dirigida nada menos que por Steven Spielberg. Henrich sigui\\u00f3 la publicaci\\u00f3n de la lista\",\"inLanguage\":\"es-ES\",\"isPartOf\":{\"@id\":\"https:\\\/\\\/candas365.es\\\/noticias\\\/#website\"},\"breadcrumb\":{\"@id\":\"https:\\\/\\\/candas365.es\\\/noticias\\\/bernhard-henrich-de-decorador-de-escaparates-a-candidato-al-oscar\\\/#breadcrumblist\"},\"author\":{\"@id\":\"https:\\\/\\\/candas365.es\\\/noticias\\\/author\\\/admin\\\/#author\"},\"creator\":{\"@id\":\"https:\\\/\\\/candas365.es\\\/noticias\\\/author\\\/admin\\\/#author\"},\"image\":{\"@type\":\"ImageObject\",\"url\":\"https:\\\/\\\/candas365.es\\\/noticias\\\/wp-content\\\/uploads\\\/2015\\\/11\\\/Grada-cine.jpg\",\"@id\":\"https:\\\/\\\/candas365.es\\\/noticias\\\/bernhard-henrich-de-decorador-de-escaparates-a-candidato-al-oscar\\\/#mainImage\",\"width\":655,\"height\":360},\"primaryImageOfPage\":{\"@id\":\"https:\\\/\\\/candas365.es\\\/noticias\\\/bernhard-henrich-de-decorador-de-escaparates-a-candidato-al-oscar\\\/#mainImage\"},\"datePublished\":\"2016-01-27T02:24:52+01:00\",\"dateModified\":\"2016-01-27T02:24:52+01:00\"},{\"@type\":\"WebSite\",\"@id\":\"https:\\\/\\\/candas365.es\\\/noticias\\\/#website\",\"url\":\"https:\\\/\\\/candas365.es\\\/noticias\\\/\",\"name\":\"Cand\\u00e1s 365\",\"alternateName\":\"Cand\\u00e1s 365 Noticias\",\"description\":\"Actualidad desde Carre\\u00f1o para el mundo\",\"inLanguage\":\"es-ES\",\"publisher\":{\"@id\":\"https:\\\/\\\/candas365.es\\\/noticias\\\/#organization\"}}]}\n\t\t<\/script>\n\t\t<!-- All in One SEO Pro -->\r\n\t\t<title>Bernhard Henrich, de decorador de escaparates a candidato al Oscar | Cand\u00e1s 365<\/title>\n\n","aioseo_head_json":{"title":"Bernhard Henrich, de decorador de escaparates a candidato al Oscar | Cand\u00e1s 365","description":"Berl\u00edn, 26 ene (dpa) - \"Cuando le\u00ed mi nombre, me qued\u00e9 helado\", reconoce Bernhard Henrich, y a\u00fan no puede creer que ha sido nominado para el Oscar en la categor\u00eda \"Dise\u00f1o de Producci\u00f3n\" por la pel\u00edcula \"El puente de los esp\u00edas\", dirigida nada menos que por Steven Spielberg. Henrich sigui\u00f3 la publicaci\u00f3n de la lista","canonical_url":"https:\/\/candas365.es\/noticias\/bernhard-henrich-de-decorador-de-escaparates-a-candidato-al-oscar\/","robots":"max-image-preview:large","keywords":"actualidad","webmasterTools":{"google-site-verification":"UA-32230408-1","msvalidate.01":"354F3CDFB2DA171B47FBE9ABF1F88D5","miscellaneous":""},"schema":{"@context":"https:\/\/schema.org","@graph":[{"@type":"BreadcrumbList","@id":"https:\/\/candas365.es\/noticias\/bernhard-henrich-de-decorador-de-escaparates-a-candidato-al-oscar\/#breadcrumblist","itemListElement":[{"@type":"ListItem","@id":"https:\/\/candas365.es\/noticias#listItem","position":1,"name":"Home","item":"https:\/\/candas365.es\/noticias","nextItem":{"@type":"ListItem","@id":"https:\/\/candas365.es\/noticias\/category\/actualidad\/#listItem","name":"Actualidad"}},{"@type":"ListItem","@id":"https:\/\/candas365.es\/noticias\/category\/actualidad\/#listItem","position":2,"name":"Actualidad","item":"https:\/\/candas365.es\/noticias\/category\/actualidad\/","nextItem":{"@type":"ListItem","@id":"https:\/\/candas365.es\/noticias\/bernhard-henrich-de-decorador-de-escaparates-a-candidato-al-oscar\/#listItem","name":"Bernhard Henrich, de decorador de escaparates a candidato al Oscar"},"previousItem":{"@type":"ListItem","@id":"https:\/\/candas365.es\/noticias#listItem","name":"Home"}},{"@type":"ListItem","@id":"https:\/\/candas365.es\/noticias\/bernhard-henrich-de-decorador-de-escaparates-a-candidato-al-oscar\/#listItem","position":3,"name":"Bernhard Henrich, de decorador de escaparates a candidato al Oscar","previousItem":{"@type":"ListItem","@id":"https:\/\/candas365.es\/noticias\/category\/actualidad\/#listItem","name":"Actualidad"}}]},{"@type":"NewsArticle","@id":"https:\/\/candas365.es\/noticias\/bernhard-henrich-de-decorador-de-escaparates-a-candidato-al-oscar\/#newsarticle","name":"Bernhard Henrich, de decorador de escaparates a candidato al Oscar | Cand\u00e1s 365","headline":"Bernhard Henrich, de decorador de escaparates a candidato al Oscar","author":{"@id":"https:\/\/candas365.es\/noticias\/author\/admin\/#author"},"publisher":{"@id":"https:\/\/candas365.es\/noticias\/#organization"},"image":{"@type":"ImageObject","url":"https:\/\/candas365.es\/noticias\/wp-content\/uploads\/2015\/11\/Grada-cine.jpg","width":655,"height":360},"datePublished":"2016-01-27T02:24:52+01:00","dateModified":"2016-01-27T02:24:52+01:00","inLanguage":"es-ES","mainEntityOfPage":{"@id":"https:\/\/candas365.es\/noticias\/bernhard-henrich-de-decorador-de-escaparates-a-candidato-al-oscar\/#webpage"},"isPartOf":{"@id":"https:\/\/candas365.es\/noticias\/bernhard-henrich-de-decorador-de-escaparates-a-candidato-al-oscar\/#webpage"},"articleSection":"Actualidad","dateline":"Publicado el enero 27, 2016."},{"@type":"Organization","@id":"https:\/\/candas365.es\/noticias\/#organization","name":"Cand\u00e1s 365","description":"Cand\u00e1s 365 es un diario digital independiente, fundado en 2012, con base en Asturias. Informamos con rigor sobre actualidad, sociedad, cultura y ocio, con una mirada local y global.","url":"https:\/\/candas365.es\/noticias\/","email":"info@candas365.es","telephone":"+34652131393","foundingDate":"2012-06-10","logo":{"@type":"ImageObject","url":"https:\/\/candas365.es\/noticias\/wp-content\/uploads\/2024\/09\/Candas-365-Redes.jpg","@id":"https:\/\/candas365.es\/noticias\/bernhard-henrich-de-decorador-de-escaparates-a-candidato-al-oscar\/#organizationLogo","width":1152,"height":864,"caption":"Cand\u00e1s 365 Redes"},"image":{"@id":"https:\/\/candas365.es\/noticias\/bernhard-henrich-de-decorador-de-escaparates-a-candidato-al-oscar\/#organizationLogo"},"sameAs":["https:\/\/www.facebook.com\/Nachofdezber","https:\/\/x.com\/NabercoDigital","https:\/\/www.instagram.com\/nachofdezber\/","https:\/\/www.youtube.com\/channel\/UCZP-2wLEB9Rv6erhFmqVnvg"],"address":{"@id":"https:\/\/candas365.es\/noticias\/#postaladdress","@type":"PostalAddress","streetAddress":"san antonio 4, san antonio 4","postalCode":"33430","addressLocality":"Cand\u00e1s","addressRegion":"Asturias","addressCountry":"ES"}},{"@type":"Person","@id":"https:\/\/candas365.es\/noticias\/author\/admin\/#author","url":"https:\/\/candas365.es\/noticias\/author\/admin\/","name":"Cand\u00e1s 365","image":{"@type":"ImageObject","@id":"https:\/\/candas365.es\/noticias\/bernhard-henrich-de-decorador-de-escaparates-a-candidato-al-oscar\/#authorImage","url":"https:\/\/secure.gravatar.com\/avatar\/496a8e03d0c493ede1718b7934145dbdf8d89be1036b0eec9544e1094c9de390?s=96&d=mm&r=g","width":96,"height":96,"caption":"Cand\u00e1s 365"},"sameAs":["https:\/\/www.facebook.com\/carrenoactualidad","https:\/\/twitter.com\/nbasturias","https:\/\/www.instagram.com\/nachofdezber\/","https:\/\/www.youtube.com\/channel\/UCZP-2wLEB9Rv6erhFmqVnvg"]},{"@type":"WebPage","@id":"https:\/\/candas365.es\/noticias\/bernhard-henrich-de-decorador-de-escaparates-a-candidato-al-oscar\/#webpage","url":"https:\/\/candas365.es\/noticias\/bernhard-henrich-de-decorador-de-escaparates-a-candidato-al-oscar\/","name":"Bernhard Henrich, de decorador de escaparates a candidato al Oscar | Cand\u00e1s 365","description":"Berl\u00edn, 26 ene (dpa) - \"Cuando le\u00ed mi nombre, me qued\u00e9 helado\", reconoce Bernhard Henrich, y a\u00fan no puede creer que ha sido nominado para el Oscar en la categor\u00eda \"Dise\u00f1o de Producci\u00f3n\" por la pel\u00edcula \"El puente de los esp\u00edas\", dirigida nada menos que por Steven Spielberg. Henrich sigui\u00f3 la publicaci\u00f3n de la lista","inLanguage":"es-ES","isPartOf":{"@id":"https:\/\/candas365.es\/noticias\/#website"},"breadcrumb":{"@id":"https:\/\/candas365.es\/noticias\/bernhard-henrich-de-decorador-de-escaparates-a-candidato-al-oscar\/#breadcrumblist"},"author":{"@id":"https:\/\/candas365.es\/noticias\/author\/admin\/#author"},"creator":{"@id":"https:\/\/candas365.es\/noticias\/author\/admin\/#author"},"image":{"@type":"ImageObject","url":"https:\/\/candas365.es\/noticias\/wp-content\/uploads\/2015\/11\/Grada-cine.jpg","@id":"https:\/\/candas365.es\/noticias\/bernhard-henrich-de-decorador-de-escaparates-a-candidato-al-oscar\/#mainImage","width":655,"height":360},"primaryImageOfPage":{"@id":"https:\/\/candas365.es\/noticias\/bernhard-henrich-de-decorador-de-escaparates-a-candidato-al-oscar\/#mainImage"},"datePublished":"2016-01-27T02:24:52+01:00","dateModified":"2016-01-27T02:24:52+01:00"},{"@type":"WebSite","@id":"https:\/\/candas365.es\/noticias\/#website","url":"https:\/\/candas365.es\/noticias\/","name":"Cand\u00e1s 365","alternateName":"Cand\u00e1s 365 Noticias","description":"Actualidad desde Carre\u00f1o para el mundo","inLanguage":"es-ES","publisher":{"@id":"https:\/\/candas365.es\/noticias\/#organization"}}]},"og:locale":"es_ES","og:site_name":"Cand\u00e1s 365","og:type":"article","og:title":"Bernhard Henrich, de decorador de escaparates a candidato al Oscar | Cand\u00e1s 365","og:description":"Berl\u00edn, 26 ene (dpa) - &quot;Cuando le\u00ed mi nombre, me qued\u00e9 helado&quot;, reconoce Bernhard Henrich, y a\u00fan no puede creer que ha sido nominado para el Oscar en la categor\u00eda &quot;Dise\u00f1o de Producci\u00f3n&quot; por la pel\u00edcula &quot;El puente de los esp\u00edas&quot;, dirigida nada menos que por Steven Spielberg. Henrich sigui\u00f3 la publicaci\u00f3n de la lista","og:url":"https:\/\/candas365.es\/noticias\/bernhard-henrich-de-decorador-de-escaparates-a-candidato-al-oscar\/","og:image":"https:\/\/candas365.es\/noticias\/wp-content\/uploads\/2015\/11\/Grada-cine.jpg","og:image:secure_url":"https:\/\/candas365.es\/noticias\/wp-content\/uploads\/2015\/11\/Grada-cine.jpg","og:image:width":655,"og:image:height":360,"article:published_time":"2016-01-27T00:54:52+00:00","article:modified_time":"2016-01-27T00:54:52+00:00","article:publisher":"https:\/\/www.facebook.com\/Nachofdezber","article:author":"https:\/\/www.facebook.com\/carrenoactualidad","twitter:card":"summary_large_image","twitter:site":"@NabercoDigital","twitter:title":"Bernhard Henrich, de decorador de escaparates a candidato al Oscar | Cand\u00e1s 365","twitter:description":"Berl\u00edn, 26 ene (dpa) - &quot;Cuando le\u00ed mi nombre, me qued\u00e9 helado&quot;, reconoce Bernhard Henrich, y a\u00fan no puede creer que ha sido nominado para el Oscar en la categor\u00eda &quot;Dise\u00f1o de Producci\u00f3n&quot; por la pel\u00edcula &quot;El puente de los esp\u00edas&quot;, dirigida nada menos que por Steven Spielberg. Henrich sigui\u00f3 la publicaci\u00f3n de la lista","twitter:creator":"@nbasturias","twitter:image":"https:\/\/candas365.es\/noticias\/wp-content\/uploads\/2015\/11\/Grada-cine.jpg","twitter:label1":"Escrito por","twitter:data1":"Cand\u00e1s 365","twitter:label2":"Tiempo de lectura estimado","twitter:data2":"3 minutos"},"aioseo_meta_data":{"post_id":"25209","title":null,"description":null,"keywords":null,"keyphrases":null,"primary_term":null,"canonical_url":null,"og_title":null,"og_description":null,"og_object_type":"default","og_image_type":"default","og_image_url":null,"og_image_width":null,"og_image_height":null,"og_image_custom_url":null,"og_image_custom_fields":null,"og_video":null,"og_custom_url":null,"og_article_section":null,"og_article_tags":null,"twitter_use_og":false,"twitter_card":"default","twitter_image_type":"default","twitter_image_url":null,"twitter_image_custom_url":null,"twitter_image_custom_fields":null,"twitter_title":null,"twitter_description":null,"schema":{"blockGraphs":[],"customGraphs":[],"default":{"data":{"Article":[],"Course":[],"Dataset":[],"FAQPage":[],"Movie":[],"Person":[],"Product":[],"ProductReview":[],"Car":[],"Recipe":[],"Service":[],"SoftwareApplication":[],"WebPage":[]},"graphName":"","isEnabled":true},"graphs":[]},"schema_type":null,"schema_type_options":null,"pillar_content":false,"robots_default":true,"robots_noindex":false,"robots_noarchive":false,"robots_nosnippet":false,"robots_nofollow":false,"robots_noimageindex":false,"robots_noodp":false,"robots_notranslate":false,"robots_max_snippet":null,"robots_max_videopreview":null,"robots_max_imagepreview":"large","priority":null,"frequency":null,"location":null,"local_seo":null,"seo_analyzer_scan_date":"2025-08-24 05:31:16","breadcrumb_settings":null,"limit_modified_date":false,"reviewed_by":null,"open_ai":null,"ai":null,"created":"2020-12-21 12:24:57","updated":"2025-08-24 05:31:16"},"aioseo_breadcrumb":"<div class=\"aioseo-breadcrumbs\"><span class=\"aioseo-breadcrumb\">\n\t<a href=\"https:\/\/candas365.es\/noticias\" title=\"Home\">Home<\/a>\n<\/span><span class=\"aioseo-breadcrumb-separator\">&ndash;<\/span><span class=\"aioseo-breadcrumb\">\n\t<a href=\"https:\/\/candas365.es\/noticias\/category\/actualidad\/\" title=\"Actualidad\">Actualidad<\/a>\n<\/span><span class=\"aioseo-breadcrumb-separator\">&ndash;<\/span><span class=\"aioseo-breadcrumb\">\n\tBernhard Henrich, de decorador de escaparates a candidato al Oscar\n<\/span><\/div>","aioseo_breadcrumb_json":[{"label":"Home","link":"https:\/\/candas365.es\/noticias"},{"label":"Actualidad","link":"https:\/\/candas365.es\/noticias\/category\/actualidad\/"},{"label":"Bernhard Henrich, de decorador de escaparates a candidato al Oscar","link":"https:\/\/candas365.es\/noticias\/bernhard-henrich-de-decorador-de-escaparates-a-candidato-al-oscar\/"}],"_links":{"self":[{"href":"https:\/\/candas365.es\/noticias\/wp-json\/wp\/v2\/posts\/25209","targetHints":{"allow":["GET"]}}],"collection":[{"href":"https:\/\/candas365.es\/noticias\/wp-json\/wp\/v2\/posts"}],"about":[{"href":"https:\/\/candas365.es\/noticias\/wp-json\/wp\/v2\/types\/post"}],"author":[{"embeddable":true,"href":"https:\/\/candas365.es\/noticias\/wp-json\/wp\/v2\/users\/1"}],"replies":[{"embeddable":true,"href":"https:\/\/candas365.es\/noticias\/wp-json\/wp\/v2\/comments?post=25209"}],"version-history":[{"count":0,"href":"https:\/\/candas365.es\/noticias\/wp-json\/wp\/v2\/posts\/25209\/revisions"}],"wp:featuredmedia":[{"embeddable":true,"href":"https:\/\/candas365.es\/noticias\/wp-json\/wp\/v2\/media\/18980"}],"wp:attachment":[{"href":"https:\/\/candas365.es\/noticias\/wp-json\/wp\/v2\/media?parent=25209"}],"wp:term":[{"taxonomy":"category","embeddable":true,"href":"https:\/\/candas365.es\/noticias\/wp-json\/wp\/v2\/categories?post=25209"},{"taxonomy":"post_tag","embeddable":true,"href":"https:\/\/candas365.es\/noticias\/wp-json\/wp\/v2\/tags?post=25209"}],"curies":[{"name":"wp","href":"https:\/\/api.w.org\/{rel}","templated":true}]}}