{"id":25205,"date":"2016-01-27T02:22:47","date_gmt":"2016-01-27T00:52:47","guid":{"rendered":"http:\/\/candas365.es\/noticias\/?p=25205"},"modified":"2016-01-27T02:22:47","modified_gmt":"2016-01-27T00:52:47","slug":"empeora-notablemente-la-imagen-de-la-union-europea-entre-los-alemanes","status":"publish","type":"post","link":"https:\/\/candas365.es\/noticias\/empeora-notablemente-la-imagen-de-la-union-europea-entre-los-alemanes\/","title":{"rendered":"Empeora notablemente la imagen de la Uni\u00f3n Europea entre los alemanes"},"content":{"rendered":"<p><span class=\"dateline\">Berl\u00edn, 26 ene <span class=\"credit\">(dpa)<\/span> &#8211; <\/span>La imagen de la Uni\u00f3n Europea (UE) se ha deteriorado notablemente entre los alemanes, de acuerdo con un sondeo publicado hoy.<\/p>\n<p>Mientras en la primavera boreal de 2015 un 45 por ciento de los alemanes ten\u00eda una imagen positiva de la UE, en noviembre de 2015 s\u00f3lo un 34 por ciento segu\u00eda viendo con buenos ojos a la uni\u00f3n de 28 pa\u00edses de Europa.<\/p>\n<p>Asimismo, de acuerdo con el reciente bar\u00f3metro europeo presentado en Berl\u00edn, un 27 por ciento tiene una imagen negativa de la\u00a0UE, lo que supone diez puntos porcentuales m\u00e1s en comparaci\u00f3n con la \u00faltima encuesta.<\/p>\n<p>Un 38 por ciento no tiene ni una imagen positiva ni una negativa y para el 76 por ciento (antes, un 55 por ciento) el tema de la inmigraci\u00f3n es el problema m\u00e1s importante al que se enfrenta actualmente la UE.<\/p>\n<p>En el caso de Espa\u00f1a, la imagen de la UE apenas se modific\u00f3. Un 33 por ciento la ve de manera positiva, lo que supone un punto porcentual menos que en el anterior sondeo.<\/p>\n<p>Mientras, un 46 por ciento no tiene una imagen de la\u00a0UE ni positiva ni negativa, lo que supone tambi\u00e9n un punto porcentual menos y un 18 por ciento de los espa\u00f1oles tiene una imagen completamente negativa de la\u00a0UE, dos puntos porcentuales m\u00e1s que en la anterior encuesta.<\/p>\n","protected":false},"excerpt":{"rendered":"<p>Berl\u00edn, 26 ene (dpa) &#8211; La imagen de la Uni\u00f3n Europea (UE) se ha deteriorado notablemente entre los alemanes, de acuerdo con un sondeo publicado hoy. Mientras en la primavera boreal de 2015 un 45 por ciento de los alemanes ten\u00eda una imagen positiva de la UE, en noviembre de 2015 s\u00f3lo un 34 por<\/p>\n","protected":false},"author":1,"featured_media":16457,"comment_status":"closed","ping_status":"closed","sticky":false,"template":"","format":"standard","meta":{"footnotes":""},"categories":[343],"tags":[],"class_list":{"0":"post-25205","1":"post","2":"type-post","3":"status-publish","4":"format-standard","5":"has-post-thumbnail","7":"category-actualidad"},"aioseo_notices":[],"aioseo_head":"\n\t\t<!-- All in One SEO Pro 4.9.6.2 - aioseo.com -->\n\t<meta name=\"description\" content=\"Berl\u00edn, 26 ene (dpa) - La imagen de la Uni\u00f3n Europea (UE) se ha deteriorado notablemente entre los alemanes, de acuerdo con un sondeo publicado hoy. Mientras en la primavera boreal de 2015 un 45 por ciento de los alemanes ten\u00eda una imagen positiva de la UE, en noviembre de 2015 s\u00f3lo un 34 por\" \/>\n\t<meta name=\"robots\" content=\"max-image-preview:large\" \/>\n\t<meta name=\"author\" content=\"Cand\u00e1s 365\"\/>\n\t<meta name=\"google-site-verification\" content=\"UA-32230408-1\" \/>\n\t<meta name=\"msvalidate.01\" content=\"354F3CDFB2DA171B47FBE9ABF1F88D5\" \/>\n\t<meta name=\"keywords\" content=\"actualidad\" \/>\n\t<link rel=\"canonical\" href=\"https:\/\/candas365.es\/noticias\/empeora-notablemente-la-imagen-de-la-union-europea-entre-los-alemanes\/\" \/>\n\t<meta name=\"generator\" content=\"All in One SEO Pro (AIOSEO) 4.9.6.2\" \/>\n\t\t<meta property=\"og:locale\" content=\"es_ES\" \/>\n\t\t<meta property=\"og:site_name\" content=\"Cand\u00e1s 365\" \/>\n\t\t<meta property=\"og:type\" content=\"article\" \/>\n\t\t<meta property=\"og:title\" content=\"Empeora notablemente la imagen de la Uni\u00f3n Europea entre los alemanes | Cand\u00e1s 365\" \/>\n\t\t<meta property=\"og:description\" content=\"Berl\u00edn, 26 ene (dpa) - La imagen de la Uni\u00f3n Europea (UE) se ha deteriorado notablemente entre los alemanes, de acuerdo con un sondeo publicado hoy. Mientras en la primavera boreal de 2015 un 45 por ciento de los alemanes ten\u00eda una imagen positiva de la UE, en noviembre de 2015 s\u00f3lo un 34 por\" \/>\n\t\t<meta property=\"og:url\" content=\"https:\/\/candas365.es\/noticias\/empeora-notablemente-la-imagen-de-la-union-europea-entre-los-alemanes\/\" \/>\n\t\t<meta property=\"og:image\" content=\"https:\/\/candas365.es\/noticias\/wp-content\/uploads\/2015\/09\/c365noticias.jpg\" \/>\n\t\t<meta property=\"og:image:secure_url\" content=\"https:\/\/candas365.es\/noticias\/wp-content\/uploads\/2015\/09\/c365noticias.jpg\" \/>\n\t\t<meta property=\"og:image:width\" content=\"655\" \/>\n\t\t<meta property=\"og:image:height\" content=\"360\" \/>\n\t\t<meta property=\"article:published_time\" content=\"2016-01-27T00:52:47+00:00\" \/>\n\t\t<meta property=\"article:modified_time\" content=\"2016-01-27T00:52:47+00:00\" \/>\n\t\t<meta property=\"article:publisher\" content=\"https:\/\/www.facebook.com\/Nachofdezber\" \/>\n\t\t<meta property=\"article:author\" content=\"https:\/\/www.facebook.com\/carrenoactualidad\" \/>\n\t\t<meta name=\"twitter:card\" content=\"summary_large_image\" \/>\n\t\t<meta name=\"twitter:site\" content=\"@NabercoDigital\" \/>\n\t\t<meta name=\"twitter:title\" content=\"Empeora notablemente la imagen de la Uni\u00f3n Europea entre los alemanes | Cand\u00e1s 365\" \/>\n\t\t<meta name=\"twitter:description\" content=\"Berl\u00edn, 26 ene (dpa) - La imagen de la Uni\u00f3n Europea (UE) se ha deteriorado notablemente entre los alemanes, de acuerdo con un sondeo publicado hoy. Mientras en la primavera boreal de 2015 un 45 por ciento de los alemanes ten\u00eda una imagen positiva de la UE, en noviembre de 2015 s\u00f3lo un 34 por\" \/>\n\t\t<meta name=\"twitter:creator\" content=\"@nbasturias\" \/>\n\t\t<meta name=\"twitter:image\" content=\"https:\/\/candas365.es\/noticias\/wp-content\/uploads\/2015\/09\/c365noticias.jpg\" \/>\n\t\t<meta name=\"twitter:label1\" content=\"Escrito por\" \/>\n\t\t<meta name=\"twitter:data1\" content=\"Cand\u00e1s 365\" \/>\n\t\t<meta name=\"twitter:label2\" content=\"Tiempo de lectura estimado\" \/>\n\t\t<meta name=\"twitter:data2\" content=\"1 minuto\" \/>\n\t\t<script type=\"application\/ld+json\" class=\"aioseo-schema\">\n\t\t\t{\"@context\":\"https:\\\/\\\/schema.org\",\"@graph\":[{\"@type\":\"BreadcrumbList\",\"@id\":\"https:\\\/\\\/candas365.es\\\/noticias\\\/empeora-notablemente-la-imagen-de-la-union-europea-entre-los-alemanes\\\/#breadcrumblist\",\"itemListElement\":[{\"@type\":\"ListItem\",\"@id\":\"https:\\\/\\\/candas365.es\\\/noticias#listItem\",\"position\":1,\"name\":\"Home\",\"item\":\"https:\\\/\\\/candas365.es\\\/noticias\",\"nextItem\":{\"@type\":\"ListItem\",\"@id\":\"https:\\\/\\\/candas365.es\\\/noticias\\\/category\\\/actualidad\\\/#listItem\",\"name\":\"Actualidad\"}},{\"@type\":\"ListItem\",\"@id\":\"https:\\\/\\\/candas365.es\\\/noticias\\\/category\\\/actualidad\\\/#listItem\",\"position\":2,\"name\":\"Actualidad\",\"item\":\"https:\\\/\\\/candas365.es\\\/noticias\\\/category\\\/actualidad\\\/\",\"nextItem\":{\"@type\":\"ListItem\",\"@id\":\"https:\\\/\\\/candas365.es\\\/noticias\\\/empeora-notablemente-la-imagen-de-la-union-europea-entre-los-alemanes\\\/#listItem\",\"name\":\"Empeora notablemente la imagen de la Uni\\u00f3n Europea entre los alemanes\"},\"previousItem\":{\"@type\":\"ListItem\",\"@id\":\"https:\\\/\\\/candas365.es\\\/noticias#listItem\",\"name\":\"Home\"}},{\"@type\":\"ListItem\",\"@id\":\"https:\\\/\\\/candas365.es\\\/noticias\\\/empeora-notablemente-la-imagen-de-la-union-europea-entre-los-alemanes\\\/#listItem\",\"position\":3,\"name\":\"Empeora notablemente la imagen de la Uni\\u00f3n Europea entre los alemanes\",\"previousItem\":{\"@type\":\"ListItem\",\"@id\":\"https:\\\/\\\/candas365.es\\\/noticias\\\/category\\\/actualidad\\\/#listItem\",\"name\":\"Actualidad\"}}]},{\"@type\":\"NewsArticle\",\"@id\":\"https:\\\/\\\/candas365.es\\\/noticias\\\/empeora-notablemente-la-imagen-de-la-union-europea-entre-los-alemanes\\\/#newsarticle\",\"name\":\"Empeora notablemente la imagen de la Uni\\u00f3n Europea entre los alemanes | Cand\\u00e1s 365\",\"headline\":\"Empeora notablemente la imagen de la Uni\\u00f3n Europea entre los alemanes\",\"author\":{\"@id\":\"https:\\\/\\\/candas365.es\\\/noticias\\\/author\\\/admin\\\/#author\"},\"publisher\":{\"@id\":\"https:\\\/\\\/candas365.es\\\/noticias\\\/#organization\"},\"image\":{\"@type\":\"ImageObject\",\"url\":\"https:\\\/\\\/candas365.es\\\/noticias\\\/wp-content\\\/uploads\\\/2015\\\/09\\\/c365noticias.jpg\",\"width\":655,\"height\":360},\"datePublished\":\"2016-01-27T02:22:47+01:00\",\"dateModified\":\"2016-01-27T02:22:47+01:00\",\"inLanguage\":\"es-ES\",\"mainEntityOfPage\":{\"@id\":\"https:\\\/\\\/candas365.es\\\/noticias\\\/empeora-notablemente-la-imagen-de-la-union-europea-entre-los-alemanes\\\/#webpage\"},\"isPartOf\":{\"@id\":\"https:\\\/\\\/candas365.es\\\/noticias\\\/empeora-notablemente-la-imagen-de-la-union-europea-entre-los-alemanes\\\/#webpage\"},\"articleSection\":\"Actualidad\",\"dateline\":\"Publicado el enero 27, 2016.\"},{\"@type\":\"Organization\",\"@id\":\"https:\\\/\\\/candas365.es\\\/noticias\\\/#organization\",\"name\":\"Cand\\u00e1s 365\",\"description\":\"Cand\\u00e1s 365 es un diario digital independiente, fundado en 2012, con base en Asturias. Informamos con rigor sobre actualidad, sociedad, cultura y ocio, con una mirada local y global.\",\"url\":\"https:\\\/\\\/candas365.es\\\/noticias\\\/\",\"email\":\"info@candas365.es\",\"telephone\":\"+34652131393\",\"foundingDate\":\"2012-06-10\",\"logo\":{\"@type\":\"ImageObject\",\"url\":\"https:\\\/\\\/candas365.es\\\/noticias\\\/wp-content\\\/uploads\\\/2024\\\/09\\\/Candas-365-Redes.jpg\",\"@id\":\"https:\\\/\\\/candas365.es\\\/noticias\\\/empeora-notablemente-la-imagen-de-la-union-europea-entre-los-alemanes\\\/#organizationLogo\",\"width\":1152,\"height\":864,\"caption\":\"Cand\\u00e1s 365 Redes\"},\"image\":{\"@id\":\"https:\\\/\\\/candas365.es\\\/noticias\\\/empeora-notablemente-la-imagen-de-la-union-europea-entre-los-alemanes\\\/#organizationLogo\"},\"sameAs\":[\"https:\\\/\\\/www.facebook.com\\\/Nachofdezber\",\"https:\\\/\\\/x.com\\\/NabercoDigital\",\"https:\\\/\\\/www.instagram.com\\\/nachofdezber\\\/\",\"https:\\\/\\\/www.youtube.com\\\/channel\\\/UCZP-2wLEB9Rv6erhFmqVnvg\"],\"address\":{\"@id\":\"https:\\\/\\\/candas365.es\\\/noticias\\\/#postaladdress\",\"@type\":\"PostalAddress\",\"streetAddress\":\"san antonio 4, san antonio 4\",\"postalCode\":\"33430\",\"addressLocality\":\"Cand\\u00e1s\",\"addressRegion\":\"Asturias\",\"addressCountry\":\"ES\"}},{\"@type\":\"Person\",\"@id\":\"https:\\\/\\\/candas365.es\\\/noticias\\\/author\\\/admin\\\/#author\",\"url\":\"https:\\\/\\\/candas365.es\\\/noticias\\\/author\\\/admin\\\/\",\"name\":\"Cand\\u00e1s 365\",\"image\":{\"@type\":\"ImageObject\",\"@id\":\"https:\\\/\\\/candas365.es\\\/noticias\\\/empeora-notablemente-la-imagen-de-la-union-europea-entre-los-alemanes\\\/#authorImage\",\"url\":\"https:\\\/\\\/secure.gravatar.com\\\/avatar\\\/496a8e03d0c493ede1718b7934145dbdf8d89be1036b0eec9544e1094c9de390?s=96&d=mm&r=g\",\"width\":96,\"height\":96,\"caption\":\"Cand\\u00e1s 365\"},\"sameAs\":[\"https:\\\/\\\/www.facebook.com\\\/carrenoactualidad\",\"https:\\\/\\\/twitter.com\\\/nbasturias\",\"https:\\\/\\\/www.instagram.com\\\/nachofdezber\\\/\",\"https:\\\/\\\/www.youtube.com\\\/channel\\\/UCZP-2wLEB9Rv6erhFmqVnvg\"]},{\"@type\":\"WebPage\",\"@id\":\"https:\\\/\\\/candas365.es\\\/noticias\\\/empeora-notablemente-la-imagen-de-la-union-europea-entre-los-alemanes\\\/#webpage\",\"url\":\"https:\\\/\\\/candas365.es\\\/noticias\\\/empeora-notablemente-la-imagen-de-la-union-europea-entre-los-alemanes\\\/\",\"name\":\"Empeora notablemente la imagen de la Uni\\u00f3n Europea entre los alemanes | Cand\\u00e1s 365\",\"description\":\"Berl\\u00edn, 26 ene (dpa) - La imagen de la Uni\\u00f3n Europea (UE) se ha deteriorado notablemente entre los alemanes, de acuerdo con un sondeo publicado hoy. Mientras en la primavera boreal de 2015 un 45 por ciento de los alemanes ten\\u00eda una imagen positiva de la UE, en noviembre de 2015 s\\u00f3lo un 34 por\",\"inLanguage\":\"es-ES\",\"isPartOf\":{\"@id\":\"https:\\\/\\\/candas365.es\\\/noticias\\\/#website\"},\"breadcrumb\":{\"@id\":\"https:\\\/\\\/candas365.es\\\/noticias\\\/empeora-notablemente-la-imagen-de-la-union-europea-entre-los-alemanes\\\/#breadcrumblist\"},\"author\":{\"@id\":\"https:\\\/\\\/candas365.es\\\/noticias\\\/author\\\/admin\\\/#author\"},\"creator\":{\"@id\":\"https:\\\/\\\/candas365.es\\\/noticias\\\/author\\\/admin\\\/#author\"},\"image\":{\"@type\":\"ImageObject\",\"url\":\"https:\\\/\\\/candas365.es\\\/noticias\\\/wp-content\\\/uploads\\\/2015\\\/09\\\/c365noticias.jpg\",\"@id\":\"https:\\\/\\\/candas365.es\\\/noticias\\\/empeora-notablemente-la-imagen-de-la-union-europea-entre-los-alemanes\\\/#mainImage\",\"width\":655,\"height\":360},\"primaryImageOfPage\":{\"@id\":\"https:\\\/\\\/candas365.es\\\/noticias\\\/empeora-notablemente-la-imagen-de-la-union-europea-entre-los-alemanes\\\/#mainImage\"},\"datePublished\":\"2016-01-27T02:22:47+01:00\",\"dateModified\":\"2016-01-27T02:22:47+01:00\"},{\"@type\":\"WebSite\",\"@id\":\"https:\\\/\\\/candas365.es\\\/noticias\\\/#website\",\"url\":\"https:\\\/\\\/candas365.es\\\/noticias\\\/\",\"name\":\"Cand\\u00e1s 365\",\"alternateName\":\"Cand\\u00e1s 365 Noticias\",\"description\":\"Actualidad desde Carre\\u00f1o para el mundo\",\"inLanguage\":\"es-ES\",\"publisher\":{\"@id\":\"https:\\\/\\\/candas365.es\\\/noticias\\\/#organization\"}}]}\n\t\t<\/script>\n\t\t<!-- All in One SEO Pro -->\r\n\t\t<title>Empeora notablemente la imagen de la Uni\u00f3n Europea entre los alemanes | Cand\u00e1s 365<\/title>\n\n","aioseo_head_json":{"title":"Empeora notablemente la imagen de la Uni\u00f3n Europea entre los alemanes | Cand\u00e1s 365","description":"Berl\u00edn, 26 ene (dpa) - La imagen de la Uni\u00f3n Europea (UE) se ha deteriorado notablemente entre los alemanes, de acuerdo con un sondeo publicado hoy. Mientras en la primavera boreal de 2015 un 45 por ciento de los alemanes ten\u00eda una imagen positiva de la UE, en noviembre de 2015 s\u00f3lo un 34 por","canonical_url":"https:\/\/candas365.es\/noticias\/empeora-notablemente-la-imagen-de-la-union-europea-entre-los-alemanes\/","robots":"max-image-preview:large","keywords":"actualidad","webmasterTools":{"google-site-verification":"UA-32230408-1","msvalidate.01":"354F3CDFB2DA171B47FBE9ABF1F88D5","miscellaneous":""},"schema":{"@context":"https:\/\/schema.org","@graph":[{"@type":"BreadcrumbList","@id":"https:\/\/candas365.es\/noticias\/empeora-notablemente-la-imagen-de-la-union-europea-entre-los-alemanes\/#breadcrumblist","itemListElement":[{"@type":"ListItem","@id":"https:\/\/candas365.es\/noticias#listItem","position":1,"name":"Home","item":"https:\/\/candas365.es\/noticias","nextItem":{"@type":"ListItem","@id":"https:\/\/candas365.es\/noticias\/category\/actualidad\/#listItem","name":"Actualidad"}},{"@type":"ListItem","@id":"https:\/\/candas365.es\/noticias\/category\/actualidad\/#listItem","position":2,"name":"Actualidad","item":"https:\/\/candas365.es\/noticias\/category\/actualidad\/","nextItem":{"@type":"ListItem","@id":"https:\/\/candas365.es\/noticias\/empeora-notablemente-la-imagen-de-la-union-europea-entre-los-alemanes\/#listItem","name":"Empeora notablemente la imagen de la Uni\u00f3n Europea entre los alemanes"},"previousItem":{"@type":"ListItem","@id":"https:\/\/candas365.es\/noticias#listItem","name":"Home"}},{"@type":"ListItem","@id":"https:\/\/candas365.es\/noticias\/empeora-notablemente-la-imagen-de-la-union-europea-entre-los-alemanes\/#listItem","position":3,"name":"Empeora notablemente la imagen de la Uni\u00f3n Europea entre los alemanes","previousItem":{"@type":"ListItem","@id":"https:\/\/candas365.es\/noticias\/category\/actualidad\/#listItem","name":"Actualidad"}}]},{"@type":"NewsArticle","@id":"https:\/\/candas365.es\/noticias\/empeora-notablemente-la-imagen-de-la-union-europea-entre-los-alemanes\/#newsarticle","name":"Empeora notablemente la imagen de la Uni\u00f3n Europea entre los alemanes | Cand\u00e1s 365","headline":"Empeora notablemente la imagen de la Uni\u00f3n Europea entre los alemanes","author":{"@id":"https:\/\/candas365.es\/noticias\/author\/admin\/#author"},"publisher":{"@id":"https:\/\/candas365.es\/noticias\/#organization"},"image":{"@type":"ImageObject","url":"https:\/\/candas365.es\/noticias\/wp-content\/uploads\/2015\/09\/c365noticias.jpg","width":655,"height":360},"datePublished":"2016-01-27T02:22:47+01:00","dateModified":"2016-01-27T02:22:47+01:00","inLanguage":"es-ES","mainEntityOfPage":{"@id":"https:\/\/candas365.es\/noticias\/empeora-notablemente-la-imagen-de-la-union-europea-entre-los-alemanes\/#webpage"},"isPartOf":{"@id":"https:\/\/candas365.es\/noticias\/empeora-notablemente-la-imagen-de-la-union-europea-entre-los-alemanes\/#webpage"},"articleSection":"Actualidad","dateline":"Publicado el enero 27, 2016."},{"@type":"Organization","@id":"https:\/\/candas365.es\/noticias\/#organization","name":"Cand\u00e1s 365","description":"Cand\u00e1s 365 es un diario digital independiente, fundado en 2012, con base en Asturias. Informamos con rigor sobre actualidad, sociedad, cultura y ocio, con una mirada local y global.","url":"https:\/\/candas365.es\/noticias\/","email":"info@candas365.es","telephone":"+34652131393","foundingDate":"2012-06-10","logo":{"@type":"ImageObject","url":"https:\/\/candas365.es\/noticias\/wp-content\/uploads\/2024\/09\/Candas-365-Redes.jpg","@id":"https:\/\/candas365.es\/noticias\/empeora-notablemente-la-imagen-de-la-union-europea-entre-los-alemanes\/#organizationLogo","width":1152,"height":864,"caption":"Cand\u00e1s 365 Redes"},"image":{"@id":"https:\/\/candas365.es\/noticias\/empeora-notablemente-la-imagen-de-la-union-europea-entre-los-alemanes\/#organizationLogo"},"sameAs":["https:\/\/www.facebook.com\/Nachofdezber","https:\/\/x.com\/NabercoDigital","https:\/\/www.instagram.com\/nachofdezber\/","https:\/\/www.youtube.com\/channel\/UCZP-2wLEB9Rv6erhFmqVnvg"],"address":{"@id":"https:\/\/candas365.es\/noticias\/#postaladdress","@type":"PostalAddress","streetAddress":"san antonio 4, san antonio 4","postalCode":"33430","addressLocality":"Cand\u00e1s","addressRegion":"Asturias","addressCountry":"ES"}},{"@type":"Person","@id":"https:\/\/candas365.es\/noticias\/author\/admin\/#author","url":"https:\/\/candas365.es\/noticias\/author\/admin\/","name":"Cand\u00e1s 365","image":{"@type":"ImageObject","@id":"https:\/\/candas365.es\/noticias\/empeora-notablemente-la-imagen-de-la-union-europea-entre-los-alemanes\/#authorImage","url":"https:\/\/secure.gravatar.com\/avatar\/496a8e03d0c493ede1718b7934145dbdf8d89be1036b0eec9544e1094c9de390?s=96&d=mm&r=g","width":96,"height":96,"caption":"Cand\u00e1s 365"},"sameAs":["https:\/\/www.facebook.com\/carrenoactualidad","https:\/\/twitter.com\/nbasturias","https:\/\/www.instagram.com\/nachofdezber\/","https:\/\/www.youtube.com\/channel\/UCZP-2wLEB9Rv6erhFmqVnvg"]},{"@type":"WebPage","@id":"https:\/\/candas365.es\/noticias\/empeora-notablemente-la-imagen-de-la-union-europea-entre-los-alemanes\/#webpage","url":"https:\/\/candas365.es\/noticias\/empeora-notablemente-la-imagen-de-la-union-europea-entre-los-alemanes\/","name":"Empeora notablemente la imagen de la Uni\u00f3n Europea entre los alemanes | Cand\u00e1s 365","description":"Berl\u00edn, 26 ene (dpa) - La imagen de la Uni\u00f3n Europea (UE) se ha deteriorado notablemente entre los alemanes, de acuerdo con un sondeo publicado hoy. Mientras en la primavera boreal de 2015 un 45 por ciento de los alemanes ten\u00eda una imagen positiva de la UE, en noviembre de 2015 s\u00f3lo un 34 por","inLanguage":"es-ES","isPartOf":{"@id":"https:\/\/candas365.es\/noticias\/#website"},"breadcrumb":{"@id":"https:\/\/candas365.es\/noticias\/empeora-notablemente-la-imagen-de-la-union-europea-entre-los-alemanes\/#breadcrumblist"},"author":{"@id":"https:\/\/candas365.es\/noticias\/author\/admin\/#author"},"creator":{"@id":"https:\/\/candas365.es\/noticias\/author\/admin\/#author"},"image":{"@type":"ImageObject","url":"https:\/\/candas365.es\/noticias\/wp-content\/uploads\/2015\/09\/c365noticias.jpg","@id":"https:\/\/candas365.es\/noticias\/empeora-notablemente-la-imagen-de-la-union-europea-entre-los-alemanes\/#mainImage","width":655,"height":360},"primaryImageOfPage":{"@id":"https:\/\/candas365.es\/noticias\/empeora-notablemente-la-imagen-de-la-union-europea-entre-los-alemanes\/#mainImage"},"datePublished":"2016-01-27T02:22:47+01:00","dateModified":"2016-01-27T02:22:47+01:00"},{"@type":"WebSite","@id":"https:\/\/candas365.es\/noticias\/#website","url":"https:\/\/candas365.es\/noticias\/","name":"Cand\u00e1s 365","alternateName":"Cand\u00e1s 365 Noticias","description":"Actualidad desde Carre\u00f1o para el mundo","inLanguage":"es-ES","publisher":{"@id":"https:\/\/candas365.es\/noticias\/#organization"}}]},"og:locale":"es_ES","og:site_name":"Cand\u00e1s 365","og:type":"article","og:title":"Empeora notablemente la imagen de la Uni\u00f3n Europea entre los alemanes | Cand\u00e1s 365","og:description":"Berl\u00edn, 26 ene (dpa) - La imagen de la Uni\u00f3n Europea (UE) se ha deteriorado notablemente entre los alemanes, de acuerdo con un sondeo publicado hoy. Mientras en la primavera boreal de 2015 un 45 por ciento de los alemanes ten\u00eda una imagen positiva de la UE, en noviembre de 2015 s\u00f3lo un 34 por","og:url":"https:\/\/candas365.es\/noticias\/empeora-notablemente-la-imagen-de-la-union-europea-entre-los-alemanes\/","og:image":"https:\/\/candas365.es\/noticias\/wp-content\/uploads\/2015\/09\/c365noticias.jpg","og:image:secure_url":"https:\/\/candas365.es\/noticias\/wp-content\/uploads\/2015\/09\/c365noticias.jpg","og:image:width":655,"og:image:height":360,"article:published_time":"2016-01-27T00:52:47+00:00","article:modified_time":"2016-01-27T00:52:47+00:00","article:publisher":"https:\/\/www.facebook.com\/Nachofdezber","article:author":"https:\/\/www.facebook.com\/carrenoactualidad","twitter:card":"summary_large_image","twitter:site":"@NabercoDigital","twitter:title":"Empeora notablemente la imagen de la Uni\u00f3n Europea entre los alemanes | Cand\u00e1s 365","twitter:description":"Berl\u00edn, 26 ene (dpa) - La imagen de la Uni\u00f3n Europea (UE) se ha deteriorado notablemente entre los alemanes, de acuerdo con un sondeo publicado hoy. Mientras en la primavera boreal de 2015 un 45 por ciento de los alemanes ten\u00eda una imagen positiva de la UE, en noviembre de 2015 s\u00f3lo un 34 por","twitter:creator":"@nbasturias","twitter:image":"https:\/\/candas365.es\/noticias\/wp-content\/uploads\/2015\/09\/c365noticias.jpg","twitter:label1":"Escrito por","twitter:data1":"Cand\u00e1s 365","twitter:label2":"Tiempo de lectura estimado","twitter:data2":"1 minuto"},"aioseo_meta_data":{"post_id":"25205","title":null,"description":null,"keywords":null,"keyphrases":null,"primary_term":null,"canonical_url":null,"og_title":null,"og_description":null,"og_object_type":"default","og_image_type":"default","og_image_url":null,"og_image_width":null,"og_image_height":null,"og_image_custom_url":null,"og_image_custom_fields":null,"og_video":null,"og_custom_url":null,"og_article_section":null,"og_article_tags":null,"twitter_use_og":false,"twitter_card":"default","twitter_image_type":"default","twitter_image_url":null,"twitter_image_custom_url":null,"twitter_image_custom_fields":null,"twitter_title":null,"twitter_description":null,"schema":{"blockGraphs":[],"customGraphs":[],"default":{"data":{"Article":[],"Course":[],"Dataset":[],"FAQPage":[],"Movie":[],"Person":[],"Product":[],"ProductReview":[],"Car":[],"Recipe":[],"Service":[],"SoftwareApplication":[],"WebPage":[]},"graphName":"","isEnabled":true},"graphs":[]},"schema_type":null,"schema_type_options":null,"pillar_content":false,"robots_default":true,"robots_noindex":false,"robots_noarchive":false,"robots_nosnippet":false,"robots_nofollow":false,"robots_noimageindex":false,"robots_noodp":false,"robots_notranslate":false,"robots_max_snippet":null,"robots_max_videopreview":null,"robots_max_imagepreview":"large","priority":null,"frequency":null,"location":null,"local_seo":null,"seo_analyzer_scan_date":"2025-08-24 05:30:27","breadcrumb_settings":null,"limit_modified_date":false,"reviewed_by":null,"open_ai":null,"ai":null,"created":"2020-12-21 12:24:57","updated":"2025-08-24 05:30:27"},"aioseo_breadcrumb":"<div class=\"aioseo-breadcrumbs\"><span class=\"aioseo-breadcrumb\">\n\t<a href=\"https:\/\/candas365.es\/noticias\" title=\"Home\">Home<\/a>\n<\/span><span class=\"aioseo-breadcrumb-separator\">&ndash;<\/span><span class=\"aioseo-breadcrumb\">\n\t<a href=\"https:\/\/candas365.es\/noticias\/category\/actualidad\/\" title=\"Actualidad\">Actualidad<\/a>\n<\/span><span class=\"aioseo-breadcrumb-separator\">&ndash;<\/span><span class=\"aioseo-breadcrumb\">\n\tEmpeora notablemente la imagen de la Uni\u00f3n Europea entre los alemanes\n<\/span><\/div>","aioseo_breadcrumb_json":[{"label":"Home","link":"https:\/\/candas365.es\/noticias"},{"label":"Actualidad","link":"https:\/\/candas365.es\/noticias\/category\/actualidad\/"},{"label":"Empeora notablemente la imagen de la Uni\u00f3n Europea entre los alemanes","link":"https:\/\/candas365.es\/noticias\/empeora-notablemente-la-imagen-de-la-union-europea-entre-los-alemanes\/"}],"_links":{"self":[{"href":"https:\/\/candas365.es\/noticias\/wp-json\/wp\/v2\/posts\/25205","targetHints":{"allow":["GET"]}}],"collection":[{"href":"https:\/\/candas365.es\/noticias\/wp-json\/wp\/v2\/posts"}],"about":[{"href":"https:\/\/candas365.es\/noticias\/wp-json\/wp\/v2\/types\/post"}],"author":[{"embeddable":true,"href":"https:\/\/candas365.es\/noticias\/wp-json\/wp\/v2\/users\/1"}],"replies":[{"embeddable":true,"href":"https:\/\/candas365.es\/noticias\/wp-json\/wp\/v2\/comments?post=25205"}],"version-history":[{"count":0,"href":"https:\/\/candas365.es\/noticias\/wp-json\/wp\/v2\/posts\/25205\/revisions"}],"wp:featuredmedia":[{"embeddable":true,"href":"https:\/\/candas365.es\/noticias\/wp-json\/wp\/v2\/media\/16457"}],"wp:attachment":[{"href":"https:\/\/candas365.es\/noticias\/wp-json\/wp\/v2\/media?parent=25205"}],"wp:term":[{"taxonomy":"category","embeddable":true,"href":"https:\/\/candas365.es\/noticias\/wp-json\/wp\/v2\/categories?post=25205"},{"taxonomy":"post_tag","embeddable":true,"href":"https:\/\/candas365.es\/noticias\/wp-json\/wp\/v2\/tags?post=25205"}],"curies":[{"name":"wp","href":"https:\/\/api.w.org\/{rel}","templated":true}]}}