{"id":25203,"date":"2016-01-27T02:22:06","date_gmt":"2016-01-27T00:52:06","guid":{"rendered":"http:\/\/candas365.es\/noticias\/?p=25203"},"modified":"2016-01-27T02:22:06","modified_gmt":"2016-01-27T00:52:06","slug":"los-ataques-a-residencias-de-refugiados-se-multiplican-en-alemania","status":"publish","type":"post","link":"https:\/\/candas365.es\/noticias\/los-ataques-a-residencias-de-refugiados-se-multiplican-en-alemania\/","title":{"rendered":"Los ataques a residencias de refugiados se multiplican en Alemania"},"content":{"rendered":"<p><span class=\"dateline\">D\u00fcsseldorf (Alemania), 26 ene <span class=\"credit\">(dpa)<\/span> &#8211; <\/span>El n\u00famero de ataques a residencias de solicitantes de asilo en Renania del Norte-Westfalia se multiplic\u00f3 por ocho en s\u00f3lo un a\u00f1o, seg\u00fan anunci\u00f3 hoy el ministro de Interior del \u00abland\u00bb m\u00e1s poblado de Alemania, Ralf J\u00e4ger.<\/p>\n<p>\u00abHasta ahora hemos identificado a 70 sospechosos y hemos resuelto un 25 por ciento de los casos\u00bb, dijo J\u00e4ger.<\/p>\n<p>Veintiocho de los 214 ataques perpetrados contra asilos de refugiados en 2015 fueron violentos. Cuatro personas resultaron heridas de levedad.<\/p>\n<p>Durante 2015 se registraron un total 214 ataques a este tipo de instituciones en la regi\u00f3n. En todo 2014 hubo 25 ataques comparables.<\/p>\n<p>Seg\u00fan el Ministro socialdem\u00f3crata, el 75 por ciento de los delincuentes proviene del entorno de los refugios.<\/p>\n<p>\u00abEn un tercio de los sucesos no hay antencedentes policiales y en dos tercios no hay ninguna conexi\u00f3n con grupos organizados de ultraderecha\u00bb, seg\u00fan J\u00e4ger. Tampoco hay indicios de que los ataques est\u00e9n organizados en el conjunto de Alemania.<\/p>\n<p>En la mayor\u00eda de los casos, los ataques ten\u00edan intenciones propagand\u00edsticas o pol\u00edticas. Abundaron las amenazas, las pintadas con lemas amenazantes o racistas y tambi\u00e9n de cruces gamadas nazis.<\/p>\n<p>J\u00e4ger cree que este aumento de los delitos se debe a la propaganda, a las falsas informaciones y a la incitaci\u00f3n en Internet.<\/p>\n<p>\u00abLos investigadores han constatado que el tono y la agresividad se est\u00e1n endureciendo en los foros de Internet y en las redes sociales.<\/p>\n<p>En la madrugada de hoy se registr\u00f3 en Sajonia un ataque particularmente violento contra un grupo de refugiados. Seg\u00fan la polic\u00eda regional, un grupo de personas atac\u00f3 un restaurante de comida r\u00e1pida. Iban armadas con bates de b\u00e9isbol y con una espada de samurai.<\/p>\n<p>La Polic\u00eda sajona busca a los implicados e investiga si ten\u00edan motivos pol\u00edticos.<\/p>\n","protected":false},"excerpt":{"rendered":"<p>D\u00fcsseldorf (Alemania), 26 ene (dpa) &#8211; El n\u00famero de ataques a residencias de solicitantes de asilo en Renania del Norte-Westfalia se multiplic\u00f3 por ocho en s\u00f3lo un a\u00f1o, seg\u00fan anunci\u00f3 hoy el ministro de Interior del \u00abland\u00bb m\u00e1s poblado de Alemania, Ralf J\u00e4ger. \u00abHasta ahora hemos identificado a 70 sospechosos y hemos resuelto un 25<\/p>\n","protected":false},"author":1,"featured_media":16457,"comment_status":"closed","ping_status":"closed","sticky":false,"template":"","format":"standard","meta":{"footnotes":""},"categories":[343],"tags":[],"class_list":{"0":"post-25203","1":"post","2":"type-post","3":"status-publish","4":"format-standard","5":"has-post-thumbnail","7":"category-actualidad"},"aioseo_notices":[],"aioseo_head":"\n\t\t<!-- All in One SEO Pro 4.9.6.2 - aioseo.com -->\n\t<meta name=\"description\" content=\"D\u00fcsseldorf (Alemania), 26 ene (dpa) - El n\u00famero de ataques a residencias de solicitantes de asilo en Renania del Norte-Westfalia se multiplic\u00f3 por ocho en s\u00f3lo un a\u00f1o, seg\u00fan anunci\u00f3 hoy el ministro de Interior del &quot;land&quot; m\u00e1s poblado de Alemania, Ralf J\u00e4ger. &quot;Hasta ahora hemos identificado a 70 sospechosos y hemos resuelto un 25\" \/>\n\t<meta name=\"robots\" content=\"max-image-preview:large\" \/>\n\t<meta name=\"author\" content=\"Cand\u00e1s 365\"\/>\n\t<meta name=\"google-site-verification\" content=\"UA-32230408-1\" \/>\n\t<meta name=\"msvalidate.01\" content=\"354F3CDFB2DA171B47FBE9ABF1F88D5\" \/>\n\t<meta name=\"keywords\" content=\"actualidad\" \/>\n\t<link rel=\"canonical\" href=\"https:\/\/candas365.es\/noticias\/los-ataques-a-residencias-de-refugiados-se-multiplican-en-alemania\/\" \/>\n\t<meta name=\"generator\" content=\"All in One SEO Pro (AIOSEO) 4.9.6.2\" \/>\n\t\t<meta property=\"og:locale\" content=\"es_ES\" \/>\n\t\t<meta property=\"og:site_name\" content=\"Cand\u00e1s 365\" \/>\n\t\t<meta property=\"og:type\" content=\"article\" \/>\n\t\t<meta property=\"og:title\" content=\"Los ataques a residencias de refugiados se multiplican en Alemania | Cand\u00e1s 365\" \/>\n\t\t<meta property=\"og:description\" content=\"D\u00fcsseldorf (Alemania), 26 ene (dpa) - El n\u00famero de ataques a residencias de solicitantes de asilo en Renania del Norte-Westfalia se multiplic\u00f3 por ocho en s\u00f3lo un a\u00f1o, seg\u00fan anunci\u00f3 hoy el ministro de Interior del &quot;land&quot; m\u00e1s poblado de Alemania, Ralf J\u00e4ger. &quot;Hasta ahora hemos identificado a 70 sospechosos y hemos resuelto un 25\" \/>\n\t\t<meta property=\"og:url\" content=\"https:\/\/candas365.es\/noticias\/los-ataques-a-residencias-de-refugiados-se-multiplican-en-alemania\/\" \/>\n\t\t<meta property=\"og:image\" content=\"https:\/\/candas365.es\/noticias\/wp-content\/uploads\/2015\/09\/c365noticias.jpg\" \/>\n\t\t<meta property=\"og:image:secure_url\" content=\"https:\/\/candas365.es\/noticias\/wp-content\/uploads\/2015\/09\/c365noticias.jpg\" \/>\n\t\t<meta property=\"og:image:width\" content=\"655\" \/>\n\t\t<meta property=\"og:image:height\" content=\"360\" \/>\n\t\t<meta property=\"article:published_time\" content=\"2016-01-27T00:52:06+00:00\" \/>\n\t\t<meta property=\"article:modified_time\" content=\"2016-01-27T00:52:06+00:00\" \/>\n\t\t<meta property=\"article:publisher\" content=\"https:\/\/www.facebook.com\/Nachofdezber\" \/>\n\t\t<meta property=\"article:author\" content=\"https:\/\/www.facebook.com\/carrenoactualidad\" \/>\n\t\t<meta name=\"twitter:card\" content=\"summary_large_image\" \/>\n\t\t<meta name=\"twitter:site\" content=\"@NabercoDigital\" \/>\n\t\t<meta name=\"twitter:title\" content=\"Los ataques a residencias de refugiados se multiplican en Alemania | Cand\u00e1s 365\" \/>\n\t\t<meta name=\"twitter:description\" content=\"D\u00fcsseldorf (Alemania), 26 ene (dpa) - El n\u00famero de ataques a residencias de solicitantes de asilo en Renania del Norte-Westfalia se multiplic\u00f3 por ocho en s\u00f3lo un a\u00f1o, seg\u00fan anunci\u00f3 hoy el ministro de Interior del &quot;land&quot; m\u00e1s poblado de Alemania, Ralf J\u00e4ger. &quot;Hasta ahora hemos identificado a 70 sospechosos y hemos resuelto un 25\" \/>\n\t\t<meta name=\"twitter:creator\" content=\"@nbasturias\" \/>\n\t\t<meta name=\"twitter:image\" content=\"https:\/\/candas365.es\/noticias\/wp-content\/uploads\/2015\/09\/c365noticias.jpg\" \/>\n\t\t<meta name=\"twitter:label1\" content=\"Escrito por\" \/>\n\t\t<meta name=\"twitter:data1\" content=\"Cand\u00e1s 365\" \/>\n\t\t<meta name=\"twitter:label2\" content=\"Tiempo de lectura estimado\" \/>\n\t\t<meta name=\"twitter:data2\" content=\"2 minutos\" \/>\n\t\t<script type=\"application\/ld+json\" class=\"aioseo-schema\">\n\t\t\t{\"@context\":\"https:\\\/\\\/schema.org\",\"@graph\":[{\"@type\":\"BreadcrumbList\",\"@id\":\"https:\\\/\\\/candas365.es\\\/noticias\\\/los-ataques-a-residencias-de-refugiados-se-multiplican-en-alemania\\\/#breadcrumblist\",\"itemListElement\":[{\"@type\":\"ListItem\",\"@id\":\"https:\\\/\\\/candas365.es\\\/noticias#listItem\",\"position\":1,\"name\":\"Home\",\"item\":\"https:\\\/\\\/candas365.es\\\/noticias\",\"nextItem\":{\"@type\":\"ListItem\",\"@id\":\"https:\\\/\\\/candas365.es\\\/noticias\\\/category\\\/actualidad\\\/#listItem\",\"name\":\"Actualidad\"}},{\"@type\":\"ListItem\",\"@id\":\"https:\\\/\\\/candas365.es\\\/noticias\\\/category\\\/actualidad\\\/#listItem\",\"position\":2,\"name\":\"Actualidad\",\"item\":\"https:\\\/\\\/candas365.es\\\/noticias\\\/category\\\/actualidad\\\/\",\"nextItem\":{\"@type\":\"ListItem\",\"@id\":\"https:\\\/\\\/candas365.es\\\/noticias\\\/los-ataques-a-residencias-de-refugiados-se-multiplican-en-alemania\\\/#listItem\",\"name\":\"Los ataques a residencias de refugiados se multiplican en Alemania\"},\"previousItem\":{\"@type\":\"ListItem\",\"@id\":\"https:\\\/\\\/candas365.es\\\/noticias#listItem\",\"name\":\"Home\"}},{\"@type\":\"ListItem\",\"@id\":\"https:\\\/\\\/candas365.es\\\/noticias\\\/los-ataques-a-residencias-de-refugiados-se-multiplican-en-alemania\\\/#listItem\",\"position\":3,\"name\":\"Los ataques a residencias de refugiados se multiplican en Alemania\",\"previousItem\":{\"@type\":\"ListItem\",\"@id\":\"https:\\\/\\\/candas365.es\\\/noticias\\\/category\\\/actualidad\\\/#listItem\",\"name\":\"Actualidad\"}}]},{\"@type\":\"NewsArticle\",\"@id\":\"https:\\\/\\\/candas365.es\\\/noticias\\\/los-ataques-a-residencias-de-refugiados-se-multiplican-en-alemania\\\/#newsarticle\",\"name\":\"Los ataques a residencias de refugiados se multiplican en Alemania | Cand\\u00e1s 365\",\"headline\":\"Los ataques a residencias de refugiados se multiplican en Alemania\",\"author\":{\"@id\":\"https:\\\/\\\/candas365.es\\\/noticias\\\/author\\\/admin\\\/#author\"},\"publisher\":{\"@id\":\"https:\\\/\\\/candas365.es\\\/noticias\\\/#organization\"},\"image\":{\"@type\":\"ImageObject\",\"url\":\"https:\\\/\\\/candas365.es\\\/noticias\\\/wp-content\\\/uploads\\\/2015\\\/09\\\/c365noticias.jpg\",\"width\":655,\"height\":360},\"datePublished\":\"2016-01-27T02:22:06+01:00\",\"dateModified\":\"2016-01-27T02:22:06+01:00\",\"inLanguage\":\"es-ES\",\"mainEntityOfPage\":{\"@id\":\"https:\\\/\\\/candas365.es\\\/noticias\\\/los-ataques-a-residencias-de-refugiados-se-multiplican-en-alemania\\\/#webpage\"},\"isPartOf\":{\"@id\":\"https:\\\/\\\/candas365.es\\\/noticias\\\/los-ataques-a-residencias-de-refugiados-se-multiplican-en-alemania\\\/#webpage\"},\"articleSection\":\"Actualidad\",\"dateline\":\"Publicado el enero 27, 2016.\"},{\"@type\":\"Organization\",\"@id\":\"https:\\\/\\\/candas365.es\\\/noticias\\\/#organization\",\"name\":\"Cand\\u00e1s 365\",\"description\":\"Cand\\u00e1s 365 es un diario digital independiente, fundado en 2012, con base en Asturias. Informamos con rigor sobre actualidad, sociedad, cultura y ocio, con una mirada local y global.\",\"url\":\"https:\\\/\\\/candas365.es\\\/noticias\\\/\",\"email\":\"info@candas365.es\",\"telephone\":\"+34652131393\",\"foundingDate\":\"2012-06-10\",\"logo\":{\"@type\":\"ImageObject\",\"url\":\"https:\\\/\\\/candas365.es\\\/noticias\\\/wp-content\\\/uploads\\\/2024\\\/09\\\/Candas-365-Redes.jpg\",\"@id\":\"https:\\\/\\\/candas365.es\\\/noticias\\\/los-ataques-a-residencias-de-refugiados-se-multiplican-en-alemania\\\/#organizationLogo\",\"width\":1152,\"height\":864,\"caption\":\"Cand\\u00e1s 365 Redes\"},\"image\":{\"@id\":\"https:\\\/\\\/candas365.es\\\/noticias\\\/los-ataques-a-residencias-de-refugiados-se-multiplican-en-alemania\\\/#organizationLogo\"},\"sameAs\":[\"https:\\\/\\\/www.facebook.com\\\/Nachofdezber\",\"https:\\\/\\\/x.com\\\/NabercoDigital\",\"https:\\\/\\\/www.instagram.com\\\/nachofdezber\\\/\",\"https:\\\/\\\/www.youtube.com\\\/channel\\\/UCZP-2wLEB9Rv6erhFmqVnvg\"],\"address\":{\"@id\":\"https:\\\/\\\/candas365.es\\\/noticias\\\/#postaladdress\",\"@type\":\"PostalAddress\",\"streetAddress\":\"san antonio 4, san antonio 4\",\"postalCode\":\"33430\",\"addressLocality\":\"Cand\\u00e1s\",\"addressRegion\":\"Asturias\",\"addressCountry\":\"ES\"}},{\"@type\":\"Person\",\"@id\":\"https:\\\/\\\/candas365.es\\\/noticias\\\/author\\\/admin\\\/#author\",\"url\":\"https:\\\/\\\/candas365.es\\\/noticias\\\/author\\\/admin\\\/\",\"name\":\"Cand\\u00e1s 365\",\"image\":{\"@type\":\"ImageObject\",\"@id\":\"https:\\\/\\\/candas365.es\\\/noticias\\\/los-ataques-a-residencias-de-refugiados-se-multiplican-en-alemania\\\/#authorImage\",\"url\":\"https:\\\/\\\/secure.gravatar.com\\\/avatar\\\/496a8e03d0c493ede1718b7934145dbdf8d89be1036b0eec9544e1094c9de390?s=96&d=mm&r=g\",\"width\":96,\"height\":96,\"caption\":\"Cand\\u00e1s 365\"},\"sameAs\":[\"https:\\\/\\\/www.facebook.com\\\/carrenoactualidad\",\"https:\\\/\\\/twitter.com\\\/nbasturias\",\"https:\\\/\\\/www.instagram.com\\\/nachofdezber\\\/\",\"https:\\\/\\\/www.youtube.com\\\/channel\\\/UCZP-2wLEB9Rv6erhFmqVnvg\"]},{\"@type\":\"WebPage\",\"@id\":\"https:\\\/\\\/candas365.es\\\/noticias\\\/los-ataques-a-residencias-de-refugiados-se-multiplican-en-alemania\\\/#webpage\",\"url\":\"https:\\\/\\\/candas365.es\\\/noticias\\\/los-ataques-a-residencias-de-refugiados-se-multiplican-en-alemania\\\/\",\"name\":\"Los ataques a residencias de refugiados se multiplican en Alemania | Cand\\u00e1s 365\",\"description\":\"D\\u00fcsseldorf (Alemania), 26 ene (dpa) - El n\\u00famero de ataques a residencias de solicitantes de asilo en Renania del Norte-Westfalia se multiplic\\u00f3 por ocho en s\\u00f3lo un a\\u00f1o, seg\\u00fan anunci\\u00f3 hoy el ministro de Interior del \\\"land\\\" m\\u00e1s poblado de Alemania, Ralf J\\u00e4ger. \\\"Hasta ahora hemos identificado a 70 sospechosos y hemos resuelto un 25\",\"inLanguage\":\"es-ES\",\"isPartOf\":{\"@id\":\"https:\\\/\\\/candas365.es\\\/noticias\\\/#website\"},\"breadcrumb\":{\"@id\":\"https:\\\/\\\/candas365.es\\\/noticias\\\/los-ataques-a-residencias-de-refugiados-se-multiplican-en-alemania\\\/#breadcrumblist\"},\"author\":{\"@id\":\"https:\\\/\\\/candas365.es\\\/noticias\\\/author\\\/admin\\\/#author\"},\"creator\":{\"@id\":\"https:\\\/\\\/candas365.es\\\/noticias\\\/author\\\/admin\\\/#author\"},\"image\":{\"@type\":\"ImageObject\",\"url\":\"https:\\\/\\\/candas365.es\\\/noticias\\\/wp-content\\\/uploads\\\/2015\\\/09\\\/c365noticias.jpg\",\"@id\":\"https:\\\/\\\/candas365.es\\\/noticias\\\/los-ataques-a-residencias-de-refugiados-se-multiplican-en-alemania\\\/#mainImage\",\"width\":655,\"height\":360},\"primaryImageOfPage\":{\"@id\":\"https:\\\/\\\/candas365.es\\\/noticias\\\/los-ataques-a-residencias-de-refugiados-se-multiplican-en-alemania\\\/#mainImage\"},\"datePublished\":\"2016-01-27T02:22:06+01:00\",\"dateModified\":\"2016-01-27T02:22:06+01:00\"},{\"@type\":\"WebSite\",\"@id\":\"https:\\\/\\\/candas365.es\\\/noticias\\\/#website\",\"url\":\"https:\\\/\\\/candas365.es\\\/noticias\\\/\",\"name\":\"Cand\\u00e1s 365\",\"alternateName\":\"Cand\\u00e1s 365 Noticias\",\"description\":\"Actualidad desde Carre\\u00f1o para el mundo\",\"inLanguage\":\"es-ES\",\"publisher\":{\"@id\":\"https:\\\/\\\/candas365.es\\\/noticias\\\/#organization\"}}]}\n\t\t<\/script>\n\t\t<!-- All in One SEO Pro -->\r\n\t\t<title>Los ataques a residencias de refugiados se multiplican en Alemania | Cand\u00e1s 365<\/title>\n\n","aioseo_head_json":{"title":"Los ataques a residencias de refugiados se multiplican en Alemania | Cand\u00e1s 365","description":"D\u00fcsseldorf (Alemania), 26 ene (dpa) - El n\u00famero de ataques a residencias de solicitantes de asilo en Renania del Norte-Westfalia se multiplic\u00f3 por ocho en s\u00f3lo un a\u00f1o, seg\u00fan anunci\u00f3 hoy el ministro de Interior del \"land\" m\u00e1s poblado de Alemania, Ralf J\u00e4ger. \"Hasta ahora hemos identificado a 70 sospechosos y hemos resuelto un 25","canonical_url":"https:\/\/candas365.es\/noticias\/los-ataques-a-residencias-de-refugiados-se-multiplican-en-alemania\/","robots":"max-image-preview:large","keywords":"actualidad","webmasterTools":{"google-site-verification":"UA-32230408-1","msvalidate.01":"354F3CDFB2DA171B47FBE9ABF1F88D5","miscellaneous":""},"schema":{"@context":"https:\/\/schema.org","@graph":[{"@type":"BreadcrumbList","@id":"https:\/\/candas365.es\/noticias\/los-ataques-a-residencias-de-refugiados-se-multiplican-en-alemania\/#breadcrumblist","itemListElement":[{"@type":"ListItem","@id":"https:\/\/candas365.es\/noticias#listItem","position":1,"name":"Home","item":"https:\/\/candas365.es\/noticias","nextItem":{"@type":"ListItem","@id":"https:\/\/candas365.es\/noticias\/category\/actualidad\/#listItem","name":"Actualidad"}},{"@type":"ListItem","@id":"https:\/\/candas365.es\/noticias\/category\/actualidad\/#listItem","position":2,"name":"Actualidad","item":"https:\/\/candas365.es\/noticias\/category\/actualidad\/","nextItem":{"@type":"ListItem","@id":"https:\/\/candas365.es\/noticias\/los-ataques-a-residencias-de-refugiados-se-multiplican-en-alemania\/#listItem","name":"Los ataques a residencias de refugiados se multiplican en Alemania"},"previousItem":{"@type":"ListItem","@id":"https:\/\/candas365.es\/noticias#listItem","name":"Home"}},{"@type":"ListItem","@id":"https:\/\/candas365.es\/noticias\/los-ataques-a-residencias-de-refugiados-se-multiplican-en-alemania\/#listItem","position":3,"name":"Los ataques a residencias de refugiados se multiplican en Alemania","previousItem":{"@type":"ListItem","@id":"https:\/\/candas365.es\/noticias\/category\/actualidad\/#listItem","name":"Actualidad"}}]},{"@type":"NewsArticle","@id":"https:\/\/candas365.es\/noticias\/los-ataques-a-residencias-de-refugiados-se-multiplican-en-alemania\/#newsarticle","name":"Los ataques a residencias de refugiados se multiplican en Alemania | Cand\u00e1s 365","headline":"Los ataques a residencias de refugiados se multiplican en Alemania","author":{"@id":"https:\/\/candas365.es\/noticias\/author\/admin\/#author"},"publisher":{"@id":"https:\/\/candas365.es\/noticias\/#organization"},"image":{"@type":"ImageObject","url":"https:\/\/candas365.es\/noticias\/wp-content\/uploads\/2015\/09\/c365noticias.jpg","width":655,"height":360},"datePublished":"2016-01-27T02:22:06+01:00","dateModified":"2016-01-27T02:22:06+01:00","inLanguage":"es-ES","mainEntityOfPage":{"@id":"https:\/\/candas365.es\/noticias\/los-ataques-a-residencias-de-refugiados-se-multiplican-en-alemania\/#webpage"},"isPartOf":{"@id":"https:\/\/candas365.es\/noticias\/los-ataques-a-residencias-de-refugiados-se-multiplican-en-alemania\/#webpage"},"articleSection":"Actualidad","dateline":"Publicado el enero 27, 2016."},{"@type":"Organization","@id":"https:\/\/candas365.es\/noticias\/#organization","name":"Cand\u00e1s 365","description":"Cand\u00e1s 365 es un diario digital independiente, fundado en 2012, con base en Asturias. Informamos con rigor sobre actualidad, sociedad, cultura y ocio, con una mirada local y global.","url":"https:\/\/candas365.es\/noticias\/","email":"info@candas365.es","telephone":"+34652131393","foundingDate":"2012-06-10","logo":{"@type":"ImageObject","url":"https:\/\/candas365.es\/noticias\/wp-content\/uploads\/2024\/09\/Candas-365-Redes.jpg","@id":"https:\/\/candas365.es\/noticias\/los-ataques-a-residencias-de-refugiados-se-multiplican-en-alemania\/#organizationLogo","width":1152,"height":864,"caption":"Cand\u00e1s 365 Redes"},"image":{"@id":"https:\/\/candas365.es\/noticias\/los-ataques-a-residencias-de-refugiados-se-multiplican-en-alemania\/#organizationLogo"},"sameAs":["https:\/\/www.facebook.com\/Nachofdezber","https:\/\/x.com\/NabercoDigital","https:\/\/www.instagram.com\/nachofdezber\/","https:\/\/www.youtube.com\/channel\/UCZP-2wLEB9Rv6erhFmqVnvg"],"address":{"@id":"https:\/\/candas365.es\/noticias\/#postaladdress","@type":"PostalAddress","streetAddress":"san antonio 4, san antonio 4","postalCode":"33430","addressLocality":"Cand\u00e1s","addressRegion":"Asturias","addressCountry":"ES"}},{"@type":"Person","@id":"https:\/\/candas365.es\/noticias\/author\/admin\/#author","url":"https:\/\/candas365.es\/noticias\/author\/admin\/","name":"Cand\u00e1s 365","image":{"@type":"ImageObject","@id":"https:\/\/candas365.es\/noticias\/los-ataques-a-residencias-de-refugiados-se-multiplican-en-alemania\/#authorImage","url":"https:\/\/secure.gravatar.com\/avatar\/496a8e03d0c493ede1718b7934145dbdf8d89be1036b0eec9544e1094c9de390?s=96&d=mm&r=g","width":96,"height":96,"caption":"Cand\u00e1s 365"},"sameAs":["https:\/\/www.facebook.com\/carrenoactualidad","https:\/\/twitter.com\/nbasturias","https:\/\/www.instagram.com\/nachofdezber\/","https:\/\/www.youtube.com\/channel\/UCZP-2wLEB9Rv6erhFmqVnvg"]},{"@type":"WebPage","@id":"https:\/\/candas365.es\/noticias\/los-ataques-a-residencias-de-refugiados-se-multiplican-en-alemania\/#webpage","url":"https:\/\/candas365.es\/noticias\/los-ataques-a-residencias-de-refugiados-se-multiplican-en-alemania\/","name":"Los ataques a residencias de refugiados se multiplican en Alemania | Cand\u00e1s 365","description":"D\u00fcsseldorf (Alemania), 26 ene (dpa) - El n\u00famero de ataques a residencias de solicitantes de asilo en Renania del Norte-Westfalia se multiplic\u00f3 por ocho en s\u00f3lo un a\u00f1o, seg\u00fan anunci\u00f3 hoy el ministro de Interior del \"land\" m\u00e1s poblado de Alemania, Ralf J\u00e4ger. \"Hasta ahora hemos identificado a 70 sospechosos y hemos resuelto un 25","inLanguage":"es-ES","isPartOf":{"@id":"https:\/\/candas365.es\/noticias\/#website"},"breadcrumb":{"@id":"https:\/\/candas365.es\/noticias\/los-ataques-a-residencias-de-refugiados-se-multiplican-en-alemania\/#breadcrumblist"},"author":{"@id":"https:\/\/candas365.es\/noticias\/author\/admin\/#author"},"creator":{"@id":"https:\/\/candas365.es\/noticias\/author\/admin\/#author"},"image":{"@type":"ImageObject","url":"https:\/\/candas365.es\/noticias\/wp-content\/uploads\/2015\/09\/c365noticias.jpg","@id":"https:\/\/candas365.es\/noticias\/los-ataques-a-residencias-de-refugiados-se-multiplican-en-alemania\/#mainImage","width":655,"height":360},"primaryImageOfPage":{"@id":"https:\/\/candas365.es\/noticias\/los-ataques-a-residencias-de-refugiados-se-multiplican-en-alemania\/#mainImage"},"datePublished":"2016-01-27T02:22:06+01:00","dateModified":"2016-01-27T02:22:06+01:00"},{"@type":"WebSite","@id":"https:\/\/candas365.es\/noticias\/#website","url":"https:\/\/candas365.es\/noticias\/","name":"Cand\u00e1s 365","alternateName":"Cand\u00e1s 365 Noticias","description":"Actualidad desde Carre\u00f1o para el mundo","inLanguage":"es-ES","publisher":{"@id":"https:\/\/candas365.es\/noticias\/#organization"}}]},"og:locale":"es_ES","og:site_name":"Cand\u00e1s 365","og:type":"article","og:title":"Los ataques a residencias de refugiados se multiplican en Alemania | Cand\u00e1s 365","og:description":"D\u00fcsseldorf (Alemania), 26 ene (dpa) - El n\u00famero de ataques a residencias de solicitantes de asilo en Renania del Norte-Westfalia se multiplic\u00f3 por ocho en s\u00f3lo un a\u00f1o, seg\u00fan anunci\u00f3 hoy el ministro de Interior del &quot;land&quot; m\u00e1s poblado de Alemania, Ralf J\u00e4ger. &quot;Hasta ahora hemos identificado a 70 sospechosos y hemos resuelto un 25","og:url":"https:\/\/candas365.es\/noticias\/los-ataques-a-residencias-de-refugiados-se-multiplican-en-alemania\/","og:image":"https:\/\/candas365.es\/noticias\/wp-content\/uploads\/2015\/09\/c365noticias.jpg","og:image:secure_url":"https:\/\/candas365.es\/noticias\/wp-content\/uploads\/2015\/09\/c365noticias.jpg","og:image:width":655,"og:image:height":360,"article:published_time":"2016-01-27T00:52:06+00:00","article:modified_time":"2016-01-27T00:52:06+00:00","article:publisher":"https:\/\/www.facebook.com\/Nachofdezber","article:author":"https:\/\/www.facebook.com\/carrenoactualidad","twitter:card":"summary_large_image","twitter:site":"@NabercoDigital","twitter:title":"Los ataques a residencias de refugiados se multiplican en Alemania | Cand\u00e1s 365","twitter:description":"D\u00fcsseldorf (Alemania), 26 ene (dpa) - El n\u00famero de ataques a residencias de solicitantes de asilo en Renania del Norte-Westfalia se multiplic\u00f3 por ocho en s\u00f3lo un a\u00f1o, seg\u00fan anunci\u00f3 hoy el ministro de Interior del &quot;land&quot; m\u00e1s poblado de Alemania, Ralf J\u00e4ger. &quot;Hasta ahora hemos identificado a 70 sospechosos y hemos resuelto un 25","twitter:creator":"@nbasturias","twitter:image":"https:\/\/candas365.es\/noticias\/wp-content\/uploads\/2015\/09\/c365noticias.jpg","twitter:label1":"Escrito por","twitter:data1":"Cand\u00e1s 365","twitter:label2":"Tiempo de lectura estimado","twitter:data2":"2 minutos"},"aioseo_meta_data":{"post_id":"25203","title":null,"description":null,"keywords":null,"keyphrases":null,"primary_term":null,"canonical_url":null,"og_title":null,"og_description":null,"og_object_type":"default","og_image_type":"default","og_image_url":null,"og_image_width":null,"og_image_height":null,"og_image_custom_url":null,"og_image_custom_fields":null,"og_video":null,"og_custom_url":null,"og_article_section":null,"og_article_tags":null,"twitter_use_og":false,"twitter_card":"default","twitter_image_type":"default","twitter_image_url":null,"twitter_image_custom_url":null,"twitter_image_custom_fields":null,"twitter_title":null,"twitter_description":null,"schema":{"blockGraphs":[],"customGraphs":[],"default":{"data":{"Article":[],"Course":[],"Dataset":[],"FAQPage":[],"Movie":[],"Person":[],"Product":[],"ProductReview":[],"Car":[],"Recipe":[],"Service":[],"SoftwareApplication":[],"WebPage":[]},"graphName":"","isEnabled":true},"graphs":[]},"schema_type":null,"schema_type_options":null,"pillar_content":false,"robots_default":true,"robots_noindex":false,"robots_noarchive":false,"robots_nosnippet":false,"robots_nofollow":false,"robots_noimageindex":false,"robots_noodp":false,"robots_notranslate":false,"robots_max_snippet":null,"robots_max_videopreview":null,"robots_max_imagepreview":"large","priority":null,"frequency":null,"location":null,"local_seo":null,"seo_analyzer_scan_date":"2025-08-24 05:30:26","breadcrumb_settings":null,"limit_modified_date":false,"reviewed_by":null,"open_ai":null,"ai":null,"created":"2020-12-21 12:24:57","updated":"2025-08-24 05:30:26"},"aioseo_breadcrumb":"<div class=\"aioseo-breadcrumbs\"><span class=\"aioseo-breadcrumb\">\n\t<a href=\"https:\/\/candas365.es\/noticias\" title=\"Home\">Home<\/a>\n<\/span><span class=\"aioseo-breadcrumb-separator\">&ndash;<\/span><span class=\"aioseo-breadcrumb\">\n\t<a href=\"https:\/\/candas365.es\/noticias\/category\/actualidad\/\" title=\"Actualidad\">Actualidad<\/a>\n<\/span><span class=\"aioseo-breadcrumb-separator\">&ndash;<\/span><span class=\"aioseo-breadcrumb\">\n\tLos ataques a residencias de refugiados se multiplican en Alemania\n<\/span><\/div>","aioseo_breadcrumb_json":[{"label":"Home","link":"https:\/\/candas365.es\/noticias"},{"label":"Actualidad","link":"https:\/\/candas365.es\/noticias\/category\/actualidad\/"},{"label":"Los ataques a residencias de refugiados se multiplican en Alemania","link":"https:\/\/candas365.es\/noticias\/los-ataques-a-residencias-de-refugiados-se-multiplican-en-alemania\/"}],"_links":{"self":[{"href":"https:\/\/candas365.es\/noticias\/wp-json\/wp\/v2\/posts\/25203","targetHints":{"allow":["GET"]}}],"collection":[{"href":"https:\/\/candas365.es\/noticias\/wp-json\/wp\/v2\/posts"}],"about":[{"href":"https:\/\/candas365.es\/noticias\/wp-json\/wp\/v2\/types\/post"}],"author":[{"embeddable":true,"href":"https:\/\/candas365.es\/noticias\/wp-json\/wp\/v2\/users\/1"}],"replies":[{"embeddable":true,"href":"https:\/\/candas365.es\/noticias\/wp-json\/wp\/v2\/comments?post=25203"}],"version-history":[{"count":0,"href":"https:\/\/candas365.es\/noticias\/wp-json\/wp\/v2\/posts\/25203\/revisions"}],"wp:featuredmedia":[{"embeddable":true,"href":"https:\/\/candas365.es\/noticias\/wp-json\/wp\/v2\/media\/16457"}],"wp:attachment":[{"href":"https:\/\/candas365.es\/noticias\/wp-json\/wp\/v2\/media?parent=25203"}],"wp:term":[{"taxonomy":"category","embeddable":true,"href":"https:\/\/candas365.es\/noticias\/wp-json\/wp\/v2\/categories?post=25203"},{"taxonomy":"post_tag","embeddable":true,"href":"https:\/\/candas365.es\/noticias\/wp-json\/wp\/v2\/tags?post=25203"}],"curies":[{"name":"wp","href":"https:\/\/api.w.org\/{rel}","templated":true}]}}