{"id":25199,"date":"2016-01-27T02:20:41","date_gmt":"2016-01-27T00:50:41","guid":{"rendered":"http:\/\/candas365.es\/noticias\/?p=25199"},"modified":"2016-01-27T02:20:41","modified_gmt":"2016-01-27T00:50:41","slug":"moodys-rebaja-la-calificacion-de-deutsche-bank","status":"publish","type":"post","link":"https:\/\/candas365.es\/noticias\/moodys-rebaja-la-calificacion-de-deutsche-bank\/","title":{"rendered":"Moody&#8217;s rebaja la calificaci\u00f3n de Deutsche Bank"},"content":{"rendered":"<p><span class=\"dateline\">Fr\u00e1ncfort, 26 ene <span class=\"credit\">(dpa)<\/span> &#8211; <\/span>La agencia de calificaci\u00f3n de riesgos Moody&#8217;s rebaj\u00f3 en la madrugada de hoy la nota de solvencia del primer banco alem\u00e1n, Deutsche Bank, de \u00abA3\u00bb a \u00abBaa1\u00bb.<\/p>\n<p>Seg\u00fan anunci\u00f3 la agencia estadounidense, las nuevas leyes de insolvencia para institutos financieros alemanes proyectan sombras sobre la seguridad de la deuda emitida por Deutsche Bank, al que calificaron con una perspectiva \u00abnegativa\u00bb, posible augurio de nuevas rebajas.<\/p>\n<p>Moody&#8217;s revis\u00f3 las calificaciones de los bancos alemanes a la luz de esta nueva legislaci\u00f3n, que obligar\u00e1 a que las entidades protejan mejor los dep\u00f3sitos de sus clientes.<\/p>\n<p>El Commerzbank, segunda entidad del pa\u00eds, mantuvo la misma calificaci\u00f3n de Deutsche Bank, \u00abBaa1\u00bb. La mejora en los resultados operativos lo salv\u00f3 de una nueva rebaja.<\/p>\n<p>Adem\u00e1s, Moody&#8217;s mejor\u00f3 la nota de solvencia del BayernLB, de \u00abA3\u00bb a \u00abA2\u00bb.<\/p>\n","protected":false},"excerpt":{"rendered":"<p>Fr\u00e1ncfort, 26 ene (dpa) &#8211; La agencia de calificaci\u00f3n de riesgos Moody&#8217;s rebaj\u00f3 en la madrugada de hoy la nota de solvencia del primer banco alem\u00e1n, Deutsche Bank, de \u00abA3\u00bb a \u00abBaa1\u00bb. Seg\u00fan anunci\u00f3 la agencia estadounidense, las nuevas leyes de insolvencia para institutos financieros alemanes proyectan sombras sobre la seguridad de la deuda emitida<\/p>\n","protected":false},"author":1,"featured_media":19556,"comment_status":"closed","ping_status":"closed","sticky":false,"template":"","format":"standard","meta":{"footnotes":""},"categories":[343],"tags":[],"class_list":{"0":"post-25199","1":"post","2":"type-post","3":"status-publish","4":"format-standard","5":"has-post-thumbnail","7":"category-actualidad"},"aioseo_notices":[],"aioseo_head":"\n\t\t<!-- All in One SEO Pro 4.9.6.2 - aioseo.com -->\n\t<meta name=\"description\" content=\"Fr\u00e1ncfort, 26 ene (dpa) - La agencia de calificaci\u00f3n de riesgos Moody&#039;s rebaj\u00f3 en la madrugada de hoy la nota de solvencia del primer banco alem\u00e1n, Deutsche Bank, de &quot;A3&quot; a &quot;Baa1&quot;. Seg\u00fan anunci\u00f3 la agencia estadounidense, las nuevas leyes de insolvencia para institutos financieros alemanes proyectan sombras sobre la seguridad de la deuda emitida\" \/>\n\t<meta name=\"robots\" content=\"max-image-preview:large\" \/>\n\t<meta name=\"author\" content=\"Cand\u00e1s 365\"\/>\n\t<meta name=\"google-site-verification\" content=\"UA-32230408-1\" \/>\n\t<meta name=\"msvalidate.01\" content=\"354F3CDFB2DA171B47FBE9ABF1F88D5\" \/>\n\t<meta name=\"keywords\" content=\"actualidad\" \/>\n\t<link rel=\"canonical\" href=\"https:\/\/candas365.es\/noticias\/moodys-rebaja-la-calificacion-de-deutsche-bank\/\" \/>\n\t<meta name=\"generator\" content=\"All in One SEO Pro (AIOSEO) 4.9.6.2\" \/>\n\t\t<meta property=\"og:locale\" content=\"es_ES\" \/>\n\t\t<meta property=\"og:site_name\" content=\"Cand\u00e1s 365\" \/>\n\t\t<meta property=\"og:type\" content=\"article\" \/>\n\t\t<meta property=\"og:title\" content=\"Moody\u2019s rebaja la calificaci\u00f3n de Deutsche Bank | Cand\u00e1s 365\" \/>\n\t\t<meta property=\"og:description\" content=\"Fr\u00e1ncfort, 26 ene (dpa) - La agencia de calificaci\u00f3n de riesgos Moody&#039;s rebaj\u00f3 en la madrugada de hoy la nota de solvencia del primer banco alem\u00e1n, Deutsche Bank, de &quot;A3&quot; a &quot;Baa1&quot;. Seg\u00fan anunci\u00f3 la agencia estadounidense, las nuevas leyes de insolvencia para institutos financieros alemanes proyectan sombras sobre la seguridad de la deuda emitida\" \/>\n\t\t<meta property=\"og:url\" content=\"https:\/\/candas365.es\/noticias\/moodys-rebaja-la-calificacion-de-deutsche-bank\/\" \/>\n\t\t<meta property=\"og:image\" content=\"https:\/\/candas365.es\/noticias\/wp-content\/uploads\/2015\/11\/euros.jpg\" \/>\n\t\t<meta property=\"og:image:secure_url\" content=\"https:\/\/candas365.es\/noticias\/wp-content\/uploads\/2015\/11\/euros.jpg\" \/>\n\t\t<meta property=\"og:image:width\" content=\"655\" \/>\n\t\t<meta property=\"og:image:height\" content=\"360\" \/>\n\t\t<meta property=\"article:published_time\" content=\"2016-01-27T00:50:41+00:00\" \/>\n\t\t<meta property=\"article:modified_time\" content=\"2016-01-27T00:50:41+00:00\" \/>\n\t\t<meta property=\"article:publisher\" content=\"https:\/\/www.facebook.com\/Nachofdezber\" \/>\n\t\t<meta property=\"article:author\" content=\"https:\/\/www.facebook.com\/carrenoactualidad\" \/>\n\t\t<meta name=\"twitter:card\" content=\"summary_large_image\" \/>\n\t\t<meta name=\"twitter:site\" content=\"@NabercoDigital\" \/>\n\t\t<meta name=\"twitter:title\" content=\"Moody\u2019s rebaja la calificaci\u00f3n de Deutsche Bank | Cand\u00e1s 365\" \/>\n\t\t<meta name=\"twitter:description\" content=\"Fr\u00e1ncfort, 26 ene (dpa) - La agencia de calificaci\u00f3n de riesgos Moody&#039;s rebaj\u00f3 en la madrugada de hoy la nota de solvencia del primer banco alem\u00e1n, Deutsche Bank, de &quot;A3&quot; a &quot;Baa1&quot;. Seg\u00fan anunci\u00f3 la agencia estadounidense, las nuevas leyes de insolvencia para institutos financieros alemanes proyectan sombras sobre la seguridad de la deuda emitida\" \/>\n\t\t<meta name=\"twitter:creator\" content=\"@nbasturias\" \/>\n\t\t<meta name=\"twitter:image\" content=\"https:\/\/candas365.es\/noticias\/wp-content\/uploads\/2015\/11\/euros.jpg\" \/>\n\t\t<meta name=\"twitter:label1\" content=\"Escrito por\" \/>\n\t\t<meta name=\"twitter:data1\" content=\"Cand\u00e1s 365\" \/>\n\t\t<meta name=\"twitter:label2\" content=\"Tiempo de lectura estimado\" \/>\n\t\t<meta name=\"twitter:data2\" content=\"1 minuto\" \/>\n\t\t<script type=\"application\/ld+json\" class=\"aioseo-schema\">\n\t\t\t{\"@context\":\"https:\\\/\\\/schema.org\",\"@graph\":[{\"@type\":\"BreadcrumbList\",\"@id\":\"https:\\\/\\\/candas365.es\\\/noticias\\\/moodys-rebaja-la-calificacion-de-deutsche-bank\\\/#breadcrumblist\",\"itemListElement\":[{\"@type\":\"ListItem\",\"@id\":\"https:\\\/\\\/candas365.es\\\/noticias#listItem\",\"position\":1,\"name\":\"Home\",\"item\":\"https:\\\/\\\/candas365.es\\\/noticias\",\"nextItem\":{\"@type\":\"ListItem\",\"@id\":\"https:\\\/\\\/candas365.es\\\/noticias\\\/category\\\/actualidad\\\/#listItem\",\"name\":\"Actualidad\"}},{\"@type\":\"ListItem\",\"@id\":\"https:\\\/\\\/candas365.es\\\/noticias\\\/category\\\/actualidad\\\/#listItem\",\"position\":2,\"name\":\"Actualidad\",\"item\":\"https:\\\/\\\/candas365.es\\\/noticias\\\/category\\\/actualidad\\\/\",\"nextItem\":{\"@type\":\"ListItem\",\"@id\":\"https:\\\/\\\/candas365.es\\\/noticias\\\/moodys-rebaja-la-calificacion-de-deutsche-bank\\\/#listItem\",\"name\":\"Moody&#8217;s rebaja la calificaci\\u00f3n de Deutsche Bank\"},\"previousItem\":{\"@type\":\"ListItem\",\"@id\":\"https:\\\/\\\/candas365.es\\\/noticias#listItem\",\"name\":\"Home\"}},{\"@type\":\"ListItem\",\"@id\":\"https:\\\/\\\/candas365.es\\\/noticias\\\/moodys-rebaja-la-calificacion-de-deutsche-bank\\\/#listItem\",\"position\":3,\"name\":\"Moody&#8217;s rebaja la calificaci\\u00f3n de Deutsche Bank\",\"previousItem\":{\"@type\":\"ListItem\",\"@id\":\"https:\\\/\\\/candas365.es\\\/noticias\\\/category\\\/actualidad\\\/#listItem\",\"name\":\"Actualidad\"}}]},{\"@type\":\"NewsArticle\",\"@id\":\"https:\\\/\\\/candas365.es\\\/noticias\\\/moodys-rebaja-la-calificacion-de-deutsche-bank\\\/#newsarticle\",\"name\":\"Moody\\u2019s rebaja la calificaci\\u00f3n de Deutsche Bank | Cand\\u00e1s 365\",\"headline\":\"Moody&#8217;s rebaja la calificaci\\u00f3n de Deutsche Bank\",\"author\":{\"@id\":\"https:\\\/\\\/candas365.es\\\/noticias\\\/author\\\/admin\\\/#author\"},\"publisher\":{\"@id\":\"https:\\\/\\\/candas365.es\\\/noticias\\\/#organization\"},\"image\":{\"@type\":\"ImageObject\",\"url\":\"https:\\\/\\\/candas365.es\\\/noticias\\\/wp-content\\\/uploads\\\/2015\\\/11\\\/euros.jpg\",\"width\":655,\"height\":360},\"datePublished\":\"2016-01-27T02:20:41+01:00\",\"dateModified\":\"2016-01-27T02:20:41+01:00\",\"inLanguage\":\"es-ES\",\"mainEntityOfPage\":{\"@id\":\"https:\\\/\\\/candas365.es\\\/noticias\\\/moodys-rebaja-la-calificacion-de-deutsche-bank\\\/#webpage\"},\"isPartOf\":{\"@id\":\"https:\\\/\\\/candas365.es\\\/noticias\\\/moodys-rebaja-la-calificacion-de-deutsche-bank\\\/#webpage\"},\"articleSection\":\"Actualidad\",\"dateline\":\"Publicado el enero 27, 2016.\"},{\"@type\":\"Organization\",\"@id\":\"https:\\\/\\\/candas365.es\\\/noticias\\\/#organization\",\"name\":\"Cand\\u00e1s 365\",\"description\":\"Cand\\u00e1s 365 es un diario digital independiente, fundado en 2012, con base en Asturias. Informamos con rigor sobre actualidad, sociedad, cultura y ocio, con una mirada local y global.\",\"url\":\"https:\\\/\\\/candas365.es\\\/noticias\\\/\",\"email\":\"info@candas365.es\",\"telephone\":\"+34652131393\",\"foundingDate\":\"2012-06-10\",\"logo\":{\"@type\":\"ImageObject\",\"url\":\"https:\\\/\\\/candas365.es\\\/noticias\\\/wp-content\\\/uploads\\\/2024\\\/09\\\/Candas-365-Redes.jpg\",\"@id\":\"https:\\\/\\\/candas365.es\\\/noticias\\\/moodys-rebaja-la-calificacion-de-deutsche-bank\\\/#organizationLogo\",\"width\":1152,\"height\":864,\"caption\":\"Cand\\u00e1s 365 Redes\"},\"image\":{\"@id\":\"https:\\\/\\\/candas365.es\\\/noticias\\\/moodys-rebaja-la-calificacion-de-deutsche-bank\\\/#organizationLogo\"},\"sameAs\":[\"https:\\\/\\\/www.facebook.com\\\/Nachofdezber\",\"https:\\\/\\\/x.com\\\/NabercoDigital\",\"https:\\\/\\\/www.instagram.com\\\/nachofdezber\\\/\",\"https:\\\/\\\/www.youtube.com\\\/channel\\\/UCZP-2wLEB9Rv6erhFmqVnvg\"],\"address\":{\"@id\":\"https:\\\/\\\/candas365.es\\\/noticias\\\/#postaladdress\",\"@type\":\"PostalAddress\",\"streetAddress\":\"san antonio 4, san antonio 4\",\"postalCode\":\"33430\",\"addressLocality\":\"Cand\\u00e1s\",\"addressRegion\":\"Asturias\",\"addressCountry\":\"ES\"}},{\"@type\":\"Person\",\"@id\":\"https:\\\/\\\/candas365.es\\\/noticias\\\/author\\\/admin\\\/#author\",\"url\":\"https:\\\/\\\/candas365.es\\\/noticias\\\/author\\\/admin\\\/\",\"name\":\"Cand\\u00e1s 365\",\"image\":{\"@type\":\"ImageObject\",\"@id\":\"https:\\\/\\\/candas365.es\\\/noticias\\\/moodys-rebaja-la-calificacion-de-deutsche-bank\\\/#authorImage\",\"url\":\"https:\\\/\\\/secure.gravatar.com\\\/avatar\\\/496a8e03d0c493ede1718b7934145dbdf8d89be1036b0eec9544e1094c9de390?s=96&d=mm&r=g\",\"width\":96,\"height\":96,\"caption\":\"Cand\\u00e1s 365\"},\"sameAs\":[\"https:\\\/\\\/www.facebook.com\\\/carrenoactualidad\",\"https:\\\/\\\/twitter.com\\\/nbasturias\",\"https:\\\/\\\/www.instagram.com\\\/nachofdezber\\\/\",\"https:\\\/\\\/www.youtube.com\\\/channel\\\/UCZP-2wLEB9Rv6erhFmqVnvg\"]},{\"@type\":\"WebPage\",\"@id\":\"https:\\\/\\\/candas365.es\\\/noticias\\\/moodys-rebaja-la-calificacion-de-deutsche-bank\\\/#webpage\",\"url\":\"https:\\\/\\\/candas365.es\\\/noticias\\\/moodys-rebaja-la-calificacion-de-deutsche-bank\\\/\",\"name\":\"Moody\\u2019s rebaja la calificaci\\u00f3n de Deutsche Bank | Cand\\u00e1s 365\",\"description\":\"Fr\\u00e1ncfort, 26 ene (dpa) - La agencia de calificaci\\u00f3n de riesgos Moody's rebaj\\u00f3 en la madrugada de hoy la nota de solvencia del primer banco alem\\u00e1n, Deutsche Bank, de \\\"A3\\\" a \\\"Baa1\\\". Seg\\u00fan anunci\\u00f3 la agencia estadounidense, las nuevas leyes de insolvencia para institutos financieros alemanes proyectan sombras sobre la seguridad de la deuda emitida\",\"inLanguage\":\"es-ES\",\"isPartOf\":{\"@id\":\"https:\\\/\\\/candas365.es\\\/noticias\\\/#website\"},\"breadcrumb\":{\"@id\":\"https:\\\/\\\/candas365.es\\\/noticias\\\/moodys-rebaja-la-calificacion-de-deutsche-bank\\\/#breadcrumblist\"},\"author\":{\"@id\":\"https:\\\/\\\/candas365.es\\\/noticias\\\/author\\\/admin\\\/#author\"},\"creator\":{\"@id\":\"https:\\\/\\\/candas365.es\\\/noticias\\\/author\\\/admin\\\/#author\"},\"image\":{\"@type\":\"ImageObject\",\"url\":\"https:\\\/\\\/candas365.es\\\/noticias\\\/wp-content\\\/uploads\\\/2015\\\/11\\\/euros.jpg\",\"@id\":\"https:\\\/\\\/candas365.es\\\/noticias\\\/moodys-rebaja-la-calificacion-de-deutsche-bank\\\/#mainImage\",\"width\":655,\"height\":360},\"primaryImageOfPage\":{\"@id\":\"https:\\\/\\\/candas365.es\\\/noticias\\\/moodys-rebaja-la-calificacion-de-deutsche-bank\\\/#mainImage\"},\"datePublished\":\"2016-01-27T02:20:41+01:00\",\"dateModified\":\"2016-01-27T02:20:41+01:00\"},{\"@type\":\"WebSite\",\"@id\":\"https:\\\/\\\/candas365.es\\\/noticias\\\/#website\",\"url\":\"https:\\\/\\\/candas365.es\\\/noticias\\\/\",\"name\":\"Cand\\u00e1s 365\",\"alternateName\":\"Cand\\u00e1s 365 Noticias\",\"description\":\"Actualidad desde Carre\\u00f1o para el mundo\",\"inLanguage\":\"es-ES\",\"publisher\":{\"@id\":\"https:\\\/\\\/candas365.es\\\/noticias\\\/#organization\"}}]}\n\t\t<\/script>\n\t\t<!-- All in One SEO Pro -->\r\n\t\t<title>Moody\u2019s rebaja la calificaci\u00f3n de Deutsche Bank | Cand\u00e1s 365<\/title>\n\n","aioseo_head_json":{"title":"Moody\u2019s rebaja la calificaci\u00f3n de Deutsche Bank | Cand\u00e1s 365","description":"Fr\u00e1ncfort, 26 ene (dpa) - La agencia de calificaci\u00f3n de riesgos Moody's rebaj\u00f3 en la madrugada de hoy la nota de solvencia del primer banco alem\u00e1n, Deutsche Bank, de \"A3\" a \"Baa1\". Seg\u00fan anunci\u00f3 la agencia estadounidense, las nuevas leyes de insolvencia para institutos financieros alemanes proyectan sombras sobre la seguridad de la deuda emitida","canonical_url":"https:\/\/candas365.es\/noticias\/moodys-rebaja-la-calificacion-de-deutsche-bank\/","robots":"max-image-preview:large","keywords":"actualidad","webmasterTools":{"google-site-verification":"UA-32230408-1","msvalidate.01":"354F3CDFB2DA171B47FBE9ABF1F88D5","miscellaneous":""},"schema":{"@context":"https:\/\/schema.org","@graph":[{"@type":"BreadcrumbList","@id":"https:\/\/candas365.es\/noticias\/moodys-rebaja-la-calificacion-de-deutsche-bank\/#breadcrumblist","itemListElement":[{"@type":"ListItem","@id":"https:\/\/candas365.es\/noticias#listItem","position":1,"name":"Home","item":"https:\/\/candas365.es\/noticias","nextItem":{"@type":"ListItem","@id":"https:\/\/candas365.es\/noticias\/category\/actualidad\/#listItem","name":"Actualidad"}},{"@type":"ListItem","@id":"https:\/\/candas365.es\/noticias\/category\/actualidad\/#listItem","position":2,"name":"Actualidad","item":"https:\/\/candas365.es\/noticias\/category\/actualidad\/","nextItem":{"@type":"ListItem","@id":"https:\/\/candas365.es\/noticias\/moodys-rebaja-la-calificacion-de-deutsche-bank\/#listItem","name":"Moody&#8217;s rebaja la calificaci\u00f3n de Deutsche Bank"},"previousItem":{"@type":"ListItem","@id":"https:\/\/candas365.es\/noticias#listItem","name":"Home"}},{"@type":"ListItem","@id":"https:\/\/candas365.es\/noticias\/moodys-rebaja-la-calificacion-de-deutsche-bank\/#listItem","position":3,"name":"Moody&#8217;s rebaja la calificaci\u00f3n de Deutsche Bank","previousItem":{"@type":"ListItem","@id":"https:\/\/candas365.es\/noticias\/category\/actualidad\/#listItem","name":"Actualidad"}}]},{"@type":"NewsArticle","@id":"https:\/\/candas365.es\/noticias\/moodys-rebaja-la-calificacion-de-deutsche-bank\/#newsarticle","name":"Moody\u2019s rebaja la calificaci\u00f3n de Deutsche Bank | Cand\u00e1s 365","headline":"Moody&#8217;s rebaja la calificaci\u00f3n de Deutsche Bank","author":{"@id":"https:\/\/candas365.es\/noticias\/author\/admin\/#author"},"publisher":{"@id":"https:\/\/candas365.es\/noticias\/#organization"},"image":{"@type":"ImageObject","url":"https:\/\/candas365.es\/noticias\/wp-content\/uploads\/2015\/11\/euros.jpg","width":655,"height":360},"datePublished":"2016-01-27T02:20:41+01:00","dateModified":"2016-01-27T02:20:41+01:00","inLanguage":"es-ES","mainEntityOfPage":{"@id":"https:\/\/candas365.es\/noticias\/moodys-rebaja-la-calificacion-de-deutsche-bank\/#webpage"},"isPartOf":{"@id":"https:\/\/candas365.es\/noticias\/moodys-rebaja-la-calificacion-de-deutsche-bank\/#webpage"},"articleSection":"Actualidad","dateline":"Publicado el enero 27, 2016."},{"@type":"Organization","@id":"https:\/\/candas365.es\/noticias\/#organization","name":"Cand\u00e1s 365","description":"Cand\u00e1s 365 es un diario digital independiente, fundado en 2012, con base en Asturias. Informamos con rigor sobre actualidad, sociedad, cultura y ocio, con una mirada local y global.","url":"https:\/\/candas365.es\/noticias\/","email":"info@candas365.es","telephone":"+34652131393","foundingDate":"2012-06-10","logo":{"@type":"ImageObject","url":"https:\/\/candas365.es\/noticias\/wp-content\/uploads\/2024\/09\/Candas-365-Redes.jpg","@id":"https:\/\/candas365.es\/noticias\/moodys-rebaja-la-calificacion-de-deutsche-bank\/#organizationLogo","width":1152,"height":864,"caption":"Cand\u00e1s 365 Redes"},"image":{"@id":"https:\/\/candas365.es\/noticias\/moodys-rebaja-la-calificacion-de-deutsche-bank\/#organizationLogo"},"sameAs":["https:\/\/www.facebook.com\/Nachofdezber","https:\/\/x.com\/NabercoDigital","https:\/\/www.instagram.com\/nachofdezber\/","https:\/\/www.youtube.com\/channel\/UCZP-2wLEB9Rv6erhFmqVnvg"],"address":{"@id":"https:\/\/candas365.es\/noticias\/#postaladdress","@type":"PostalAddress","streetAddress":"san antonio 4, san antonio 4","postalCode":"33430","addressLocality":"Cand\u00e1s","addressRegion":"Asturias","addressCountry":"ES"}},{"@type":"Person","@id":"https:\/\/candas365.es\/noticias\/author\/admin\/#author","url":"https:\/\/candas365.es\/noticias\/author\/admin\/","name":"Cand\u00e1s 365","image":{"@type":"ImageObject","@id":"https:\/\/candas365.es\/noticias\/moodys-rebaja-la-calificacion-de-deutsche-bank\/#authorImage","url":"https:\/\/secure.gravatar.com\/avatar\/496a8e03d0c493ede1718b7934145dbdf8d89be1036b0eec9544e1094c9de390?s=96&d=mm&r=g","width":96,"height":96,"caption":"Cand\u00e1s 365"},"sameAs":["https:\/\/www.facebook.com\/carrenoactualidad","https:\/\/twitter.com\/nbasturias","https:\/\/www.instagram.com\/nachofdezber\/","https:\/\/www.youtube.com\/channel\/UCZP-2wLEB9Rv6erhFmqVnvg"]},{"@type":"WebPage","@id":"https:\/\/candas365.es\/noticias\/moodys-rebaja-la-calificacion-de-deutsche-bank\/#webpage","url":"https:\/\/candas365.es\/noticias\/moodys-rebaja-la-calificacion-de-deutsche-bank\/","name":"Moody\u2019s rebaja la calificaci\u00f3n de Deutsche Bank | Cand\u00e1s 365","description":"Fr\u00e1ncfort, 26 ene (dpa) - La agencia de calificaci\u00f3n de riesgos Moody's rebaj\u00f3 en la madrugada de hoy la nota de solvencia del primer banco alem\u00e1n, Deutsche Bank, de \"A3\" a \"Baa1\". Seg\u00fan anunci\u00f3 la agencia estadounidense, las nuevas leyes de insolvencia para institutos financieros alemanes proyectan sombras sobre la seguridad de la deuda emitida","inLanguage":"es-ES","isPartOf":{"@id":"https:\/\/candas365.es\/noticias\/#website"},"breadcrumb":{"@id":"https:\/\/candas365.es\/noticias\/moodys-rebaja-la-calificacion-de-deutsche-bank\/#breadcrumblist"},"author":{"@id":"https:\/\/candas365.es\/noticias\/author\/admin\/#author"},"creator":{"@id":"https:\/\/candas365.es\/noticias\/author\/admin\/#author"},"image":{"@type":"ImageObject","url":"https:\/\/candas365.es\/noticias\/wp-content\/uploads\/2015\/11\/euros.jpg","@id":"https:\/\/candas365.es\/noticias\/moodys-rebaja-la-calificacion-de-deutsche-bank\/#mainImage","width":655,"height":360},"primaryImageOfPage":{"@id":"https:\/\/candas365.es\/noticias\/moodys-rebaja-la-calificacion-de-deutsche-bank\/#mainImage"},"datePublished":"2016-01-27T02:20:41+01:00","dateModified":"2016-01-27T02:20:41+01:00"},{"@type":"WebSite","@id":"https:\/\/candas365.es\/noticias\/#website","url":"https:\/\/candas365.es\/noticias\/","name":"Cand\u00e1s 365","alternateName":"Cand\u00e1s 365 Noticias","description":"Actualidad desde Carre\u00f1o para el mundo","inLanguage":"es-ES","publisher":{"@id":"https:\/\/candas365.es\/noticias\/#organization"}}]},"og:locale":"es_ES","og:site_name":"Cand\u00e1s 365","og:type":"article","og:title":"Moody\u2019s rebaja la calificaci\u00f3n de Deutsche Bank | Cand\u00e1s 365","og:description":"Fr\u00e1ncfort, 26 ene (dpa) - La agencia de calificaci\u00f3n de riesgos Moody's rebaj\u00f3 en la madrugada de hoy la nota de solvencia del primer banco alem\u00e1n, Deutsche Bank, de &quot;A3&quot; a &quot;Baa1&quot;. Seg\u00fan anunci\u00f3 la agencia estadounidense, las nuevas leyes de insolvencia para institutos financieros alemanes proyectan sombras sobre la seguridad de la deuda emitida","og:url":"https:\/\/candas365.es\/noticias\/moodys-rebaja-la-calificacion-de-deutsche-bank\/","og:image":"https:\/\/candas365.es\/noticias\/wp-content\/uploads\/2015\/11\/euros.jpg","og:image:secure_url":"https:\/\/candas365.es\/noticias\/wp-content\/uploads\/2015\/11\/euros.jpg","og:image:width":655,"og:image:height":360,"article:published_time":"2016-01-27T00:50:41+00:00","article:modified_time":"2016-01-27T00:50:41+00:00","article:publisher":"https:\/\/www.facebook.com\/Nachofdezber","article:author":"https:\/\/www.facebook.com\/carrenoactualidad","twitter:card":"summary_large_image","twitter:site":"@NabercoDigital","twitter:title":"Moody\u2019s rebaja la calificaci\u00f3n de Deutsche Bank | Cand\u00e1s 365","twitter:description":"Fr\u00e1ncfort, 26 ene (dpa) - La agencia de calificaci\u00f3n de riesgos Moody's rebaj\u00f3 en la madrugada de hoy la nota de solvencia del primer banco alem\u00e1n, Deutsche Bank, de &quot;A3&quot; a &quot;Baa1&quot;. Seg\u00fan anunci\u00f3 la agencia estadounidense, las nuevas leyes de insolvencia para institutos financieros alemanes proyectan sombras sobre la seguridad de la deuda emitida","twitter:creator":"@nbasturias","twitter:image":"https:\/\/candas365.es\/noticias\/wp-content\/uploads\/2015\/11\/euros.jpg","twitter:label1":"Escrito por","twitter:data1":"Cand\u00e1s 365","twitter:label2":"Tiempo de lectura estimado","twitter:data2":"1 minuto"},"aioseo_meta_data":{"post_id":"25199","title":null,"description":null,"keywords":null,"keyphrases":null,"primary_term":null,"canonical_url":null,"og_title":null,"og_description":null,"og_object_type":"default","og_image_type":"default","og_image_url":null,"og_image_width":null,"og_image_height":null,"og_image_custom_url":null,"og_image_custom_fields":null,"og_video":null,"og_custom_url":null,"og_article_section":null,"og_article_tags":null,"twitter_use_og":false,"twitter_card":"default","twitter_image_type":"default","twitter_image_url":null,"twitter_image_custom_url":null,"twitter_image_custom_fields":null,"twitter_title":null,"twitter_description":null,"schema":{"blockGraphs":[],"customGraphs":[],"default":{"data":{"Article":[],"Course":[],"Dataset":[],"FAQPage":[],"Movie":[],"Person":[],"Product":[],"ProductReview":[],"Car":[],"Recipe":[],"Service":[],"SoftwareApplication":[],"WebPage":[]},"graphName":"","isEnabled":true},"graphs":[]},"schema_type":null,"schema_type_options":null,"pillar_content":false,"robots_default":true,"robots_noindex":false,"robots_noarchive":false,"robots_nosnippet":false,"robots_nofollow":false,"robots_noimageindex":false,"robots_noodp":false,"robots_notranslate":false,"robots_max_snippet":null,"robots_max_videopreview":null,"robots_max_imagepreview":"large","priority":null,"frequency":null,"location":null,"local_seo":null,"seo_analyzer_scan_date":"2025-08-24 05:30:24","breadcrumb_settings":null,"limit_modified_date":false,"reviewed_by":null,"open_ai":null,"ai":null,"created":"2020-12-21 12:24:57","updated":"2025-08-24 05:30:24"},"aioseo_breadcrumb":"<div class=\"aioseo-breadcrumbs\"><span class=\"aioseo-breadcrumb\">\n\t<a href=\"https:\/\/candas365.es\/noticias\" title=\"Home\">Home<\/a>\n<\/span><span class=\"aioseo-breadcrumb-separator\">&ndash;<\/span><span class=\"aioseo-breadcrumb\">\n\t<a href=\"https:\/\/candas365.es\/noticias\/category\/actualidad\/\" title=\"Actualidad\">Actualidad<\/a>\n<\/span><span class=\"aioseo-breadcrumb-separator\">&ndash;<\/span><span class=\"aioseo-breadcrumb\">\n\tMoody\u2019s rebaja la calificaci\u00f3n de Deutsche Bank\n<\/span><\/div>","aioseo_breadcrumb_json":[{"label":"Home","link":"https:\/\/candas365.es\/noticias"},{"label":"Actualidad","link":"https:\/\/candas365.es\/noticias\/category\/actualidad\/"},{"label":"Moody&#8217;s rebaja la calificaci\u00f3n de Deutsche Bank","link":"https:\/\/candas365.es\/noticias\/moodys-rebaja-la-calificacion-de-deutsche-bank\/"}],"_links":{"self":[{"href":"https:\/\/candas365.es\/noticias\/wp-json\/wp\/v2\/posts\/25199","targetHints":{"allow":["GET"]}}],"collection":[{"href":"https:\/\/candas365.es\/noticias\/wp-json\/wp\/v2\/posts"}],"about":[{"href":"https:\/\/candas365.es\/noticias\/wp-json\/wp\/v2\/types\/post"}],"author":[{"embeddable":true,"href":"https:\/\/candas365.es\/noticias\/wp-json\/wp\/v2\/users\/1"}],"replies":[{"embeddable":true,"href":"https:\/\/candas365.es\/noticias\/wp-json\/wp\/v2\/comments?post=25199"}],"version-history":[{"count":0,"href":"https:\/\/candas365.es\/noticias\/wp-json\/wp\/v2\/posts\/25199\/revisions"}],"wp:featuredmedia":[{"embeddable":true,"href":"https:\/\/candas365.es\/noticias\/wp-json\/wp\/v2\/media\/19556"}],"wp:attachment":[{"href":"https:\/\/candas365.es\/noticias\/wp-json\/wp\/v2\/media?parent=25199"}],"wp:term":[{"taxonomy":"category","embeddable":true,"href":"https:\/\/candas365.es\/noticias\/wp-json\/wp\/v2\/categories?post=25199"},{"taxonomy":"post_tag","embeddable":true,"href":"https:\/\/candas365.es\/noticias\/wp-json\/wp\/v2\/tags?post=25199"}],"curies":[{"name":"wp","href":"https:\/\/api.w.org\/{rel}","templated":true}]}}