{"id":25197,"date":"2016-01-27T02:20:02","date_gmt":"2016-01-27T00:50:02","guid":{"rendered":"http:\/\/candas365.es\/noticias\/?p=25197"},"modified":"2016-01-27T02:20:02","modified_gmt":"2016-01-27T00:50:02","slug":"fritzarro-el-peruano-pizarro-encuentra-socio-en-el-werder-bremen","status":"publish","type":"post","link":"https:\/\/candas365.es\/noticias\/fritzarro-el-peruano-pizarro-encuentra-socio-en-el-werder-bremen\/","title":{"rendered":"\u00abFritzarro\u00bb: el peruano Pizarro encuentra socio en el Werder Bremen"},"content":{"rendered":"<p><span class=\"dateline\">Bremen (Alemania), 26 ene <span class=\"credit\">(dpa)<\/span> &#8211; <\/span>A sus 37 a\u00f1os, el peruano Claudio Pizarro parece haber encontrado su socio ideal en el Werder Bremen: el tambi\u00e9n veterano Clemens Fritz, con quien conforma una dupla que ya se gan\u00f3 el apodo de \u00abFritzarro\u00bb por parte de los aficionados del club alem\u00e1n.<\/p>\n<p>\u00abMe alegro de que ambos est\u00e9n en tan buena forma, son leyendas en el equipo. Espero que sigan jugando as\u00ed de bien\u00bb, dijo el entrenador del equipo, Viktor Skripnik, despu\u00e9s de la victoria que el Bremen logr\u00f3 el domingo por 3-1 en su visita al Schalke.<\/p>\n<p>Pizarro y el capit\u00e1n Fritz, de 35 a\u00f1os, fueron las grandes figuras en el partido que permiti\u00f3 al Bremen conseguir tres puntos de oro en su lucha por evitar el descenso.<\/p>\n<p>Fritz marc\u00f3 el domingo el primer gol del Bremen e hizo los pases para el tanto de Pizarro y el de Anthony Ujah. El delantero peruano, sin embargo, fue el que salt\u00f3 a los titulares de la prensa por haber marcado su gol n\u00famero 179 en la Bundesliga y colocarse as\u00ed en el sexto puesto de la tabla hist\u00f3rica de m\u00e1ximos artilleros en la competici\u00f3n.<\/p>\n<p>Pizarro dijo que espera que Fritz \u00absiga jugando muchos a\u00f1os\u00bb despu\u00e9s de que el capit\u00e1n del Bremen anunciara que planea retirarse en breve.<\/p>\n<p>Pero el buen partido del domingo y los pedidos de su socio no bastaron para que cambie sus planes. \u00abNo\u00bb, dijo lac\u00f3nico Fritz cuando le preguntaron sobre la posibilidad de dar marcha atr\u00e1s con la decisi\u00f3n.<\/p>\n","protected":false},"excerpt":{"rendered":"<p>Bremen (Alemania), 26 ene (dpa) &#8211; A sus 37 a\u00f1os, el peruano Claudio Pizarro parece haber encontrado su socio ideal en el Werder Bremen: el tambi\u00e9n veterano Clemens Fritz, con quien conforma una dupla que ya se gan\u00f3 el apodo de \u00abFritzarro\u00bb por parte de los aficionados del club alem\u00e1n. \u00abMe alegro de que ambos<\/p>\n","protected":false},"author":1,"featured_media":5232,"comment_status":"closed","ping_status":"closed","sticky":false,"template":"","format":"standard","meta":{"footnotes":""},"categories":[343],"tags":[],"class_list":{"0":"post-25197","1":"post","2":"type-post","3":"status-publish","4":"format-standard","5":"has-post-thumbnail","7":"category-actualidad"},"aioseo_notices":[],"aioseo_head":"\n\t\t<!-- All in One SEO Pro 4.9.6.2 - aioseo.com -->\n\t<meta name=\"description\" content=\"Bremen (Alemania), 26 ene (dpa) - A sus 37 a\u00f1os, el peruano Claudio Pizarro parece haber encontrado su socio ideal en el Werder Bremen: el tambi\u00e9n veterano Clemens Fritz, con quien conforma una dupla que ya se gan\u00f3 el apodo de &quot;Fritzarro&quot; por parte de los aficionados del club alem\u00e1n. &quot;Me alegro de que ambos\" \/>\n\t<meta name=\"robots\" content=\"max-image-preview:large\" \/>\n\t<meta name=\"author\" content=\"Cand\u00e1s 365\"\/>\n\t<meta name=\"google-site-verification\" content=\"UA-32230408-1\" \/>\n\t<meta name=\"msvalidate.01\" content=\"354F3CDFB2DA171B47FBE9ABF1F88D5\" \/>\n\t<meta name=\"keywords\" content=\"actualidad\" \/>\n\t<link rel=\"canonical\" href=\"https:\/\/candas365.es\/noticias\/fritzarro-el-peruano-pizarro-encuentra-socio-en-el-werder-bremen\/\" \/>\n\t<meta name=\"generator\" content=\"All in One SEO Pro (AIOSEO) 4.9.6.2\" \/>\n\t\t<meta property=\"og:locale\" content=\"es_ES\" \/>\n\t\t<meta property=\"og:site_name\" content=\"Cand\u00e1s 365\" \/>\n\t\t<meta property=\"og:type\" content=\"article\" \/>\n\t\t<meta property=\"og:title\" content=\"\u00abFritzarro\u00bb: el peruano Pizarro encuentra socio en el Werder Bremen | Cand\u00e1s 365\" \/>\n\t\t<meta property=\"og:description\" content=\"Bremen (Alemania), 26 ene (dpa) - A sus 37 a\u00f1os, el peruano Claudio Pizarro parece haber encontrado su socio ideal en el Werder Bremen: el tambi\u00e9n veterano Clemens Fritz, con quien conforma una dupla que ya se gan\u00f3 el apodo de &quot;Fritzarro&quot; por parte de los aficionados del club alem\u00e1n. &quot;Me alegro de que ambos\" \/>\n\t\t<meta property=\"og:url\" content=\"https:\/\/candas365.es\/noticias\/fritzarro-el-peruano-pizarro-encuentra-socio-en-el-werder-bremen\/\" \/>\n\t\t<meta property=\"og:image\" content=\"https:\/\/candas365.es\/noticias\/wp-content\/uploads\/2014\/11\/DEPORTES.jpg\" \/>\n\t\t<meta property=\"og:image:secure_url\" content=\"https:\/\/candas365.es\/noticias\/wp-content\/uploads\/2014\/11\/DEPORTES.jpg\" \/>\n\t\t<meta property=\"og:image:width\" content=\"336\" \/>\n\t\t<meta property=\"og:image:height\" content=\"280\" \/>\n\t\t<meta property=\"article:published_time\" content=\"2016-01-27T00:50:02+00:00\" \/>\n\t\t<meta property=\"article:modified_time\" content=\"2016-01-27T00:50:02+00:00\" \/>\n\t\t<meta property=\"article:publisher\" content=\"https:\/\/www.facebook.com\/Nachofdezber\" \/>\n\t\t<meta property=\"article:author\" content=\"https:\/\/www.facebook.com\/carrenoactualidad\" \/>\n\t\t<meta name=\"twitter:card\" content=\"summary_large_image\" \/>\n\t\t<meta name=\"twitter:site\" content=\"@NabercoDigital\" \/>\n\t\t<meta name=\"twitter:title\" content=\"\u00abFritzarro\u00bb: el peruano Pizarro encuentra socio en el Werder Bremen | Cand\u00e1s 365\" \/>\n\t\t<meta name=\"twitter:description\" content=\"Bremen (Alemania), 26 ene (dpa) - A sus 37 a\u00f1os, el peruano Claudio Pizarro parece haber encontrado su socio ideal en el Werder Bremen: el tambi\u00e9n veterano Clemens Fritz, con quien conforma una dupla que ya se gan\u00f3 el apodo de &quot;Fritzarro&quot; por parte de los aficionados del club alem\u00e1n. &quot;Me alegro de que ambos\" \/>\n\t\t<meta name=\"twitter:creator\" content=\"@nbasturias\" \/>\n\t\t<meta name=\"twitter:image\" content=\"https:\/\/candas365.es\/noticias\/wp-content\/uploads\/2014\/11\/DEPORTES.jpg\" \/>\n\t\t<meta name=\"twitter:label1\" content=\"Escrito por\" \/>\n\t\t<meta name=\"twitter:data1\" content=\"Cand\u00e1s 365\" \/>\n\t\t<meta name=\"twitter:label2\" content=\"Tiempo de lectura estimado\" \/>\n\t\t<meta name=\"twitter:data2\" content=\"1 minuto\" \/>\n\t\t<script type=\"application\/ld+json\" class=\"aioseo-schema\">\n\t\t\t{\"@context\":\"https:\\\/\\\/schema.org\",\"@graph\":[{\"@type\":\"BreadcrumbList\",\"@id\":\"https:\\\/\\\/candas365.es\\\/noticias\\\/fritzarro-el-peruano-pizarro-encuentra-socio-en-el-werder-bremen\\\/#breadcrumblist\",\"itemListElement\":[{\"@type\":\"ListItem\",\"@id\":\"https:\\\/\\\/candas365.es\\\/noticias#listItem\",\"position\":1,\"name\":\"Home\",\"item\":\"https:\\\/\\\/candas365.es\\\/noticias\",\"nextItem\":{\"@type\":\"ListItem\",\"@id\":\"https:\\\/\\\/candas365.es\\\/noticias\\\/category\\\/actualidad\\\/#listItem\",\"name\":\"Actualidad\"}},{\"@type\":\"ListItem\",\"@id\":\"https:\\\/\\\/candas365.es\\\/noticias\\\/category\\\/actualidad\\\/#listItem\",\"position\":2,\"name\":\"Actualidad\",\"item\":\"https:\\\/\\\/candas365.es\\\/noticias\\\/category\\\/actualidad\\\/\",\"nextItem\":{\"@type\":\"ListItem\",\"@id\":\"https:\\\/\\\/candas365.es\\\/noticias\\\/fritzarro-el-peruano-pizarro-encuentra-socio-en-el-werder-bremen\\\/#listItem\",\"name\":\"\\u00abFritzarro\\u00bb: el peruano Pizarro encuentra socio en el Werder Bremen\"},\"previousItem\":{\"@type\":\"ListItem\",\"@id\":\"https:\\\/\\\/candas365.es\\\/noticias#listItem\",\"name\":\"Home\"}},{\"@type\":\"ListItem\",\"@id\":\"https:\\\/\\\/candas365.es\\\/noticias\\\/fritzarro-el-peruano-pizarro-encuentra-socio-en-el-werder-bremen\\\/#listItem\",\"position\":3,\"name\":\"\\u00abFritzarro\\u00bb: el peruano Pizarro encuentra socio en el Werder Bremen\",\"previousItem\":{\"@type\":\"ListItem\",\"@id\":\"https:\\\/\\\/candas365.es\\\/noticias\\\/category\\\/actualidad\\\/#listItem\",\"name\":\"Actualidad\"}}]},{\"@type\":\"NewsArticle\",\"@id\":\"https:\\\/\\\/candas365.es\\\/noticias\\\/fritzarro-el-peruano-pizarro-encuentra-socio-en-el-werder-bremen\\\/#newsarticle\",\"name\":\"\\u00abFritzarro\\u00bb: el peruano Pizarro encuentra socio en el Werder Bremen | Cand\\u00e1s 365\",\"headline\":\"\\u00abFritzarro\\u00bb: el peruano Pizarro encuentra socio en el Werder Bremen\",\"author\":{\"@id\":\"https:\\\/\\\/candas365.es\\\/noticias\\\/author\\\/admin\\\/#author\"},\"publisher\":{\"@id\":\"https:\\\/\\\/candas365.es\\\/noticias\\\/#organization\"},\"image\":{\"@type\":\"ImageObject\",\"url\":\"https:\\\/\\\/candas365.es\\\/noticias\\\/wp-content\\\/uploads\\\/2014\\\/11\\\/DEPORTES.jpg\",\"width\":336,\"height\":280},\"datePublished\":\"2016-01-27T02:20:02+01:00\",\"dateModified\":\"2016-01-27T02:20:02+01:00\",\"inLanguage\":\"es-ES\",\"mainEntityOfPage\":{\"@id\":\"https:\\\/\\\/candas365.es\\\/noticias\\\/fritzarro-el-peruano-pizarro-encuentra-socio-en-el-werder-bremen\\\/#webpage\"},\"isPartOf\":{\"@id\":\"https:\\\/\\\/candas365.es\\\/noticias\\\/fritzarro-el-peruano-pizarro-encuentra-socio-en-el-werder-bremen\\\/#webpage\"},\"articleSection\":\"Actualidad\",\"dateline\":\"Publicado el enero 27, 2016.\"},{\"@type\":\"Organization\",\"@id\":\"https:\\\/\\\/candas365.es\\\/noticias\\\/#organization\",\"name\":\"Cand\\u00e1s 365\",\"description\":\"Cand\\u00e1s 365 es un diario digital independiente, fundado en 2012, con base en Asturias. Informamos con rigor sobre actualidad, sociedad, cultura y ocio, con una mirada local y global.\",\"url\":\"https:\\\/\\\/candas365.es\\\/noticias\\\/\",\"email\":\"info@candas365.es\",\"telephone\":\"+34652131393\",\"foundingDate\":\"2012-06-10\",\"logo\":{\"@type\":\"ImageObject\",\"url\":\"https:\\\/\\\/candas365.es\\\/noticias\\\/wp-content\\\/uploads\\\/2024\\\/09\\\/Candas-365-Redes.jpg\",\"@id\":\"https:\\\/\\\/candas365.es\\\/noticias\\\/fritzarro-el-peruano-pizarro-encuentra-socio-en-el-werder-bremen\\\/#organizationLogo\",\"width\":1152,\"height\":864,\"caption\":\"Cand\\u00e1s 365 Redes\"},\"image\":{\"@id\":\"https:\\\/\\\/candas365.es\\\/noticias\\\/fritzarro-el-peruano-pizarro-encuentra-socio-en-el-werder-bremen\\\/#organizationLogo\"},\"sameAs\":[\"https:\\\/\\\/www.facebook.com\\\/Nachofdezber\",\"https:\\\/\\\/x.com\\\/NabercoDigital\",\"https:\\\/\\\/www.instagram.com\\\/nachofdezber\\\/\",\"https:\\\/\\\/www.youtube.com\\\/channel\\\/UCZP-2wLEB9Rv6erhFmqVnvg\"],\"address\":{\"@id\":\"https:\\\/\\\/candas365.es\\\/noticias\\\/#postaladdress\",\"@type\":\"PostalAddress\",\"streetAddress\":\"san antonio 4, san antonio 4\",\"postalCode\":\"33430\",\"addressLocality\":\"Cand\\u00e1s\",\"addressRegion\":\"Asturias\",\"addressCountry\":\"ES\"}},{\"@type\":\"Person\",\"@id\":\"https:\\\/\\\/candas365.es\\\/noticias\\\/author\\\/admin\\\/#author\",\"url\":\"https:\\\/\\\/candas365.es\\\/noticias\\\/author\\\/admin\\\/\",\"name\":\"Cand\\u00e1s 365\",\"image\":{\"@type\":\"ImageObject\",\"@id\":\"https:\\\/\\\/candas365.es\\\/noticias\\\/fritzarro-el-peruano-pizarro-encuentra-socio-en-el-werder-bremen\\\/#authorImage\",\"url\":\"https:\\\/\\\/secure.gravatar.com\\\/avatar\\\/496a8e03d0c493ede1718b7934145dbdf8d89be1036b0eec9544e1094c9de390?s=96&d=mm&r=g\",\"width\":96,\"height\":96,\"caption\":\"Cand\\u00e1s 365\"},\"sameAs\":[\"https:\\\/\\\/www.facebook.com\\\/carrenoactualidad\",\"https:\\\/\\\/twitter.com\\\/nbasturias\",\"https:\\\/\\\/www.instagram.com\\\/nachofdezber\\\/\",\"https:\\\/\\\/www.youtube.com\\\/channel\\\/UCZP-2wLEB9Rv6erhFmqVnvg\"]},{\"@type\":\"WebPage\",\"@id\":\"https:\\\/\\\/candas365.es\\\/noticias\\\/fritzarro-el-peruano-pizarro-encuentra-socio-en-el-werder-bremen\\\/#webpage\",\"url\":\"https:\\\/\\\/candas365.es\\\/noticias\\\/fritzarro-el-peruano-pizarro-encuentra-socio-en-el-werder-bremen\\\/\",\"name\":\"\\u00abFritzarro\\u00bb: el peruano Pizarro encuentra socio en el Werder Bremen | Cand\\u00e1s 365\",\"description\":\"Bremen (Alemania), 26 ene (dpa) - A sus 37 a\\u00f1os, el peruano Claudio Pizarro parece haber encontrado su socio ideal en el Werder Bremen: el tambi\\u00e9n veterano Clemens Fritz, con quien conforma una dupla que ya se gan\\u00f3 el apodo de \\\"Fritzarro\\\" por parte de los aficionados del club alem\\u00e1n. \\\"Me alegro de que ambos\",\"inLanguage\":\"es-ES\",\"isPartOf\":{\"@id\":\"https:\\\/\\\/candas365.es\\\/noticias\\\/#website\"},\"breadcrumb\":{\"@id\":\"https:\\\/\\\/candas365.es\\\/noticias\\\/fritzarro-el-peruano-pizarro-encuentra-socio-en-el-werder-bremen\\\/#breadcrumblist\"},\"author\":{\"@id\":\"https:\\\/\\\/candas365.es\\\/noticias\\\/author\\\/admin\\\/#author\"},\"creator\":{\"@id\":\"https:\\\/\\\/candas365.es\\\/noticias\\\/author\\\/admin\\\/#author\"},\"image\":{\"@type\":\"ImageObject\",\"url\":\"https:\\\/\\\/candas365.es\\\/noticias\\\/wp-content\\\/uploads\\\/2014\\\/11\\\/DEPORTES.jpg\",\"@id\":\"https:\\\/\\\/candas365.es\\\/noticias\\\/fritzarro-el-peruano-pizarro-encuentra-socio-en-el-werder-bremen\\\/#mainImage\",\"width\":336,\"height\":280},\"primaryImageOfPage\":{\"@id\":\"https:\\\/\\\/candas365.es\\\/noticias\\\/fritzarro-el-peruano-pizarro-encuentra-socio-en-el-werder-bremen\\\/#mainImage\"},\"datePublished\":\"2016-01-27T02:20:02+01:00\",\"dateModified\":\"2016-01-27T02:20:02+01:00\"},{\"@type\":\"WebSite\",\"@id\":\"https:\\\/\\\/candas365.es\\\/noticias\\\/#website\",\"url\":\"https:\\\/\\\/candas365.es\\\/noticias\\\/\",\"name\":\"Cand\\u00e1s 365\",\"alternateName\":\"Cand\\u00e1s 365 Noticias\",\"description\":\"Actualidad desde Carre\\u00f1o para el mundo\",\"inLanguage\":\"es-ES\",\"publisher\":{\"@id\":\"https:\\\/\\\/candas365.es\\\/noticias\\\/#organization\"}}]}\n\t\t<\/script>\n\t\t<!-- All in One SEO Pro -->\r\n\t\t<title>\u00abFritzarro\u00bb: el peruano Pizarro encuentra socio en el Werder Bremen | Cand\u00e1s 365<\/title>\n\n","aioseo_head_json":{"title":"\u00abFritzarro\u00bb: el peruano Pizarro encuentra socio en el Werder Bremen | Cand\u00e1s 365","description":"Bremen (Alemania), 26 ene (dpa) - A sus 37 a\u00f1os, el peruano Claudio Pizarro parece haber encontrado su socio ideal en el Werder Bremen: el tambi\u00e9n veterano Clemens Fritz, con quien conforma una dupla que ya se gan\u00f3 el apodo de \"Fritzarro\" por parte de los aficionados del club alem\u00e1n. \"Me alegro de que ambos","canonical_url":"https:\/\/candas365.es\/noticias\/fritzarro-el-peruano-pizarro-encuentra-socio-en-el-werder-bremen\/","robots":"max-image-preview:large","keywords":"actualidad","webmasterTools":{"google-site-verification":"UA-32230408-1","msvalidate.01":"354F3CDFB2DA171B47FBE9ABF1F88D5","miscellaneous":""},"schema":{"@context":"https:\/\/schema.org","@graph":[{"@type":"BreadcrumbList","@id":"https:\/\/candas365.es\/noticias\/fritzarro-el-peruano-pizarro-encuentra-socio-en-el-werder-bremen\/#breadcrumblist","itemListElement":[{"@type":"ListItem","@id":"https:\/\/candas365.es\/noticias#listItem","position":1,"name":"Home","item":"https:\/\/candas365.es\/noticias","nextItem":{"@type":"ListItem","@id":"https:\/\/candas365.es\/noticias\/category\/actualidad\/#listItem","name":"Actualidad"}},{"@type":"ListItem","@id":"https:\/\/candas365.es\/noticias\/category\/actualidad\/#listItem","position":2,"name":"Actualidad","item":"https:\/\/candas365.es\/noticias\/category\/actualidad\/","nextItem":{"@type":"ListItem","@id":"https:\/\/candas365.es\/noticias\/fritzarro-el-peruano-pizarro-encuentra-socio-en-el-werder-bremen\/#listItem","name":"\u00abFritzarro\u00bb: el peruano Pizarro encuentra socio en el Werder Bremen"},"previousItem":{"@type":"ListItem","@id":"https:\/\/candas365.es\/noticias#listItem","name":"Home"}},{"@type":"ListItem","@id":"https:\/\/candas365.es\/noticias\/fritzarro-el-peruano-pizarro-encuentra-socio-en-el-werder-bremen\/#listItem","position":3,"name":"\u00abFritzarro\u00bb: el peruano Pizarro encuentra socio en el Werder Bremen","previousItem":{"@type":"ListItem","@id":"https:\/\/candas365.es\/noticias\/category\/actualidad\/#listItem","name":"Actualidad"}}]},{"@type":"NewsArticle","@id":"https:\/\/candas365.es\/noticias\/fritzarro-el-peruano-pizarro-encuentra-socio-en-el-werder-bremen\/#newsarticle","name":"\u00abFritzarro\u00bb: el peruano Pizarro encuentra socio en el Werder Bremen | Cand\u00e1s 365","headline":"\u00abFritzarro\u00bb: el peruano Pizarro encuentra socio en el Werder Bremen","author":{"@id":"https:\/\/candas365.es\/noticias\/author\/admin\/#author"},"publisher":{"@id":"https:\/\/candas365.es\/noticias\/#organization"},"image":{"@type":"ImageObject","url":"https:\/\/candas365.es\/noticias\/wp-content\/uploads\/2014\/11\/DEPORTES.jpg","width":336,"height":280},"datePublished":"2016-01-27T02:20:02+01:00","dateModified":"2016-01-27T02:20:02+01:00","inLanguage":"es-ES","mainEntityOfPage":{"@id":"https:\/\/candas365.es\/noticias\/fritzarro-el-peruano-pizarro-encuentra-socio-en-el-werder-bremen\/#webpage"},"isPartOf":{"@id":"https:\/\/candas365.es\/noticias\/fritzarro-el-peruano-pizarro-encuentra-socio-en-el-werder-bremen\/#webpage"},"articleSection":"Actualidad","dateline":"Publicado el enero 27, 2016."},{"@type":"Organization","@id":"https:\/\/candas365.es\/noticias\/#organization","name":"Cand\u00e1s 365","description":"Cand\u00e1s 365 es un diario digital independiente, fundado en 2012, con base en Asturias. Informamos con rigor sobre actualidad, sociedad, cultura y ocio, con una mirada local y global.","url":"https:\/\/candas365.es\/noticias\/","email":"info@candas365.es","telephone":"+34652131393","foundingDate":"2012-06-10","logo":{"@type":"ImageObject","url":"https:\/\/candas365.es\/noticias\/wp-content\/uploads\/2024\/09\/Candas-365-Redes.jpg","@id":"https:\/\/candas365.es\/noticias\/fritzarro-el-peruano-pizarro-encuentra-socio-en-el-werder-bremen\/#organizationLogo","width":1152,"height":864,"caption":"Cand\u00e1s 365 Redes"},"image":{"@id":"https:\/\/candas365.es\/noticias\/fritzarro-el-peruano-pizarro-encuentra-socio-en-el-werder-bremen\/#organizationLogo"},"sameAs":["https:\/\/www.facebook.com\/Nachofdezber","https:\/\/x.com\/NabercoDigital","https:\/\/www.instagram.com\/nachofdezber\/","https:\/\/www.youtube.com\/channel\/UCZP-2wLEB9Rv6erhFmqVnvg"],"address":{"@id":"https:\/\/candas365.es\/noticias\/#postaladdress","@type":"PostalAddress","streetAddress":"san antonio 4, san antonio 4","postalCode":"33430","addressLocality":"Cand\u00e1s","addressRegion":"Asturias","addressCountry":"ES"}},{"@type":"Person","@id":"https:\/\/candas365.es\/noticias\/author\/admin\/#author","url":"https:\/\/candas365.es\/noticias\/author\/admin\/","name":"Cand\u00e1s 365","image":{"@type":"ImageObject","@id":"https:\/\/candas365.es\/noticias\/fritzarro-el-peruano-pizarro-encuentra-socio-en-el-werder-bremen\/#authorImage","url":"https:\/\/secure.gravatar.com\/avatar\/496a8e03d0c493ede1718b7934145dbdf8d89be1036b0eec9544e1094c9de390?s=96&d=mm&r=g","width":96,"height":96,"caption":"Cand\u00e1s 365"},"sameAs":["https:\/\/www.facebook.com\/carrenoactualidad","https:\/\/twitter.com\/nbasturias","https:\/\/www.instagram.com\/nachofdezber\/","https:\/\/www.youtube.com\/channel\/UCZP-2wLEB9Rv6erhFmqVnvg"]},{"@type":"WebPage","@id":"https:\/\/candas365.es\/noticias\/fritzarro-el-peruano-pizarro-encuentra-socio-en-el-werder-bremen\/#webpage","url":"https:\/\/candas365.es\/noticias\/fritzarro-el-peruano-pizarro-encuentra-socio-en-el-werder-bremen\/","name":"\u00abFritzarro\u00bb: el peruano Pizarro encuentra socio en el Werder Bremen | Cand\u00e1s 365","description":"Bremen (Alemania), 26 ene (dpa) - A sus 37 a\u00f1os, el peruano Claudio Pizarro parece haber encontrado su socio ideal en el Werder Bremen: el tambi\u00e9n veterano Clemens Fritz, con quien conforma una dupla que ya se gan\u00f3 el apodo de \"Fritzarro\" por parte de los aficionados del club alem\u00e1n. \"Me alegro de que ambos","inLanguage":"es-ES","isPartOf":{"@id":"https:\/\/candas365.es\/noticias\/#website"},"breadcrumb":{"@id":"https:\/\/candas365.es\/noticias\/fritzarro-el-peruano-pizarro-encuentra-socio-en-el-werder-bremen\/#breadcrumblist"},"author":{"@id":"https:\/\/candas365.es\/noticias\/author\/admin\/#author"},"creator":{"@id":"https:\/\/candas365.es\/noticias\/author\/admin\/#author"},"image":{"@type":"ImageObject","url":"https:\/\/candas365.es\/noticias\/wp-content\/uploads\/2014\/11\/DEPORTES.jpg","@id":"https:\/\/candas365.es\/noticias\/fritzarro-el-peruano-pizarro-encuentra-socio-en-el-werder-bremen\/#mainImage","width":336,"height":280},"primaryImageOfPage":{"@id":"https:\/\/candas365.es\/noticias\/fritzarro-el-peruano-pizarro-encuentra-socio-en-el-werder-bremen\/#mainImage"},"datePublished":"2016-01-27T02:20:02+01:00","dateModified":"2016-01-27T02:20:02+01:00"},{"@type":"WebSite","@id":"https:\/\/candas365.es\/noticias\/#website","url":"https:\/\/candas365.es\/noticias\/","name":"Cand\u00e1s 365","alternateName":"Cand\u00e1s 365 Noticias","description":"Actualidad desde Carre\u00f1o para el mundo","inLanguage":"es-ES","publisher":{"@id":"https:\/\/candas365.es\/noticias\/#organization"}}]},"og:locale":"es_ES","og:site_name":"Cand\u00e1s 365","og:type":"article","og:title":"\u00abFritzarro\u00bb: el peruano Pizarro encuentra socio en el Werder Bremen | Cand\u00e1s 365","og:description":"Bremen (Alemania), 26 ene (dpa) - A sus 37 a\u00f1os, el peruano Claudio Pizarro parece haber encontrado su socio ideal en el Werder Bremen: el tambi\u00e9n veterano Clemens Fritz, con quien conforma una dupla que ya se gan\u00f3 el apodo de &quot;Fritzarro&quot; por parte de los aficionados del club alem\u00e1n. &quot;Me alegro de que ambos","og:url":"https:\/\/candas365.es\/noticias\/fritzarro-el-peruano-pizarro-encuentra-socio-en-el-werder-bremen\/","og:image":"https:\/\/candas365.es\/noticias\/wp-content\/uploads\/2014\/11\/DEPORTES.jpg","og:image:secure_url":"https:\/\/candas365.es\/noticias\/wp-content\/uploads\/2014\/11\/DEPORTES.jpg","og:image:width":336,"og:image:height":280,"article:published_time":"2016-01-27T00:50:02+00:00","article:modified_time":"2016-01-27T00:50:02+00:00","article:publisher":"https:\/\/www.facebook.com\/Nachofdezber","article:author":"https:\/\/www.facebook.com\/carrenoactualidad","twitter:card":"summary_large_image","twitter:site":"@NabercoDigital","twitter:title":"\u00abFritzarro\u00bb: el peruano Pizarro encuentra socio en el Werder Bremen | Cand\u00e1s 365","twitter:description":"Bremen (Alemania), 26 ene (dpa) - A sus 37 a\u00f1os, el peruano Claudio Pizarro parece haber encontrado su socio ideal en el Werder Bremen: el tambi\u00e9n veterano Clemens Fritz, con quien conforma una dupla que ya se gan\u00f3 el apodo de &quot;Fritzarro&quot; por parte de los aficionados del club alem\u00e1n. &quot;Me alegro de que ambos","twitter:creator":"@nbasturias","twitter:image":"https:\/\/candas365.es\/noticias\/wp-content\/uploads\/2014\/11\/DEPORTES.jpg","twitter:label1":"Escrito por","twitter:data1":"Cand\u00e1s 365","twitter:label2":"Tiempo de lectura estimado","twitter:data2":"1 minuto"},"aioseo_meta_data":{"post_id":"25197","title":null,"description":null,"keywords":null,"keyphrases":null,"primary_term":null,"canonical_url":null,"og_title":null,"og_description":null,"og_object_type":"default","og_image_type":"default","og_image_url":null,"og_image_width":null,"og_image_height":null,"og_image_custom_url":null,"og_image_custom_fields":null,"og_video":null,"og_custom_url":null,"og_article_section":null,"og_article_tags":null,"twitter_use_og":false,"twitter_card":"default","twitter_image_type":"default","twitter_image_url":null,"twitter_image_custom_url":null,"twitter_image_custom_fields":null,"twitter_title":null,"twitter_description":null,"schema":{"blockGraphs":[],"customGraphs":[],"default":{"data":{"Article":[],"Course":[],"Dataset":[],"FAQPage":[],"Movie":[],"Person":[],"Product":[],"ProductReview":[],"Car":[],"Recipe":[],"Service":[],"SoftwareApplication":[],"WebPage":[]},"graphName":"","isEnabled":true},"graphs":[],"defaultGraph":"","defaultPostTypeGraph":""},"schema_type":null,"schema_type_options":null,"pillar_content":false,"robots_default":true,"robots_noindex":false,"robots_noarchive":false,"robots_nosnippet":false,"robots_nofollow":false,"robots_noimageindex":false,"robots_noodp":false,"robots_notranslate":false,"robots_max_snippet":null,"robots_max_videopreview":null,"robots_max_imagepreview":"large","priority":null,"frequency":null,"location":null,"local_seo":null,"seo_analyzer_scan_date":"2025-08-24 05:30:22","breadcrumb_settings":null,"limit_modified_date":false,"reviewed_by":null,"open_ai":null,"ai":null,"created":"2020-12-21 12:24:57","updated":"2025-08-24 05:30:22"},"aioseo_breadcrumb":"<div class=\"aioseo-breadcrumbs\"><span class=\"aioseo-breadcrumb\">\n\t<a href=\"https:\/\/candas365.es\/noticias\" title=\"Home\">Home<\/a>\n<\/span><span class=\"aioseo-breadcrumb-separator\">&ndash;<\/span><span class=\"aioseo-breadcrumb\">\n\t<a href=\"https:\/\/candas365.es\/noticias\/category\/actualidad\/\" title=\"Actualidad\">Actualidad<\/a>\n<\/span><span class=\"aioseo-breadcrumb-separator\">&ndash;<\/span><span class=\"aioseo-breadcrumb\">\n\t\u00abFritzarro\u00bb: el peruano Pizarro encuentra socio en el Werder Bremen\n<\/span><\/div>","aioseo_breadcrumb_json":[{"label":"Home","link":"https:\/\/candas365.es\/noticias"},{"label":"Actualidad","link":"https:\/\/candas365.es\/noticias\/category\/actualidad\/"},{"label":"\u00abFritzarro\u00bb: el peruano Pizarro encuentra socio en el Werder Bremen","link":"https:\/\/candas365.es\/noticias\/fritzarro-el-peruano-pizarro-encuentra-socio-en-el-werder-bremen\/"}],"_links":{"self":[{"href":"https:\/\/candas365.es\/noticias\/wp-json\/wp\/v2\/posts\/25197","targetHints":{"allow":["GET"]}}],"collection":[{"href":"https:\/\/candas365.es\/noticias\/wp-json\/wp\/v2\/posts"}],"about":[{"href":"https:\/\/candas365.es\/noticias\/wp-json\/wp\/v2\/types\/post"}],"author":[{"embeddable":true,"href":"https:\/\/candas365.es\/noticias\/wp-json\/wp\/v2\/users\/1"}],"replies":[{"embeddable":true,"href":"https:\/\/candas365.es\/noticias\/wp-json\/wp\/v2\/comments?post=25197"}],"version-history":[{"count":0,"href":"https:\/\/candas365.es\/noticias\/wp-json\/wp\/v2\/posts\/25197\/revisions"}],"wp:featuredmedia":[{"embeddable":true,"href":"https:\/\/candas365.es\/noticias\/wp-json\/wp\/v2\/media\/5232"}],"wp:attachment":[{"href":"https:\/\/candas365.es\/noticias\/wp-json\/wp\/v2\/media?parent=25197"}],"wp:term":[{"taxonomy":"category","embeddable":true,"href":"https:\/\/candas365.es\/noticias\/wp-json\/wp\/v2\/categories?post=25197"},{"taxonomy":"post_tag","embeddable":true,"href":"https:\/\/candas365.es\/noticias\/wp-json\/wp\/v2\/tags?post=25197"}],"curies":[{"name":"wp","href":"https:\/\/api.w.org\/{rel}","templated":true}]}}