{"id":23655,"date":"2016-01-07T00:52:55","date_gmt":"2016-01-06T23:22:55","guid":{"rendered":"http:\/\/candas365.es\/noticias\/?p=23655"},"modified":"2016-01-07T00:52:55","modified_gmt":"2016-01-06T23:22:55","slug":"los-alemanes-aman-la-pasta-y-la-carne","status":"publish","type":"post","link":"https:\/\/candas365.es\/noticias\/los-alemanes-aman-la-pasta-y-la-carne\/","title":{"rendered":"Los alemanes aman la pasta y la carne"},"content":{"rendered":"<p><img fetchpriority=\"high\" decoding=\"async\" class=\"alignleft size-medium wp-image-10391\" src=\"https:\/\/candas365.es\/noticias\/wp-content\/uploads\/2015\/04\/bar-360x198.jpg\" alt=\"bar\" width=\"360\" height=\"198\" srcset=\"https:\/\/candas365.es\/noticias\/wp-content\/uploads\/2015\/04\/bar-360x198.jpg 360w, https:\/\/candas365.es\/noticias\/wp-content\/uploads\/2015\/04\/bar-650x357.jpg 650w, https:\/\/candas365.es\/noticias\/wp-content\/uploads\/2015\/04\/bar-150x82.jpg 150w, https:\/\/candas365.es\/noticias\/wp-content\/uploads\/2015\/04\/bar-450x247.jpg 450w, https:\/\/candas365.es\/noticias\/wp-content\/uploads\/2015\/04\/bar.jpg 655w\" sizes=\"(max-width: 360px) 100vw, 360px\" \/>Berl\u00edn, 6 ene (dpa) &#8211; Los alemanes aman la pasta y siguen siendo una naci\u00f3n de carn\u00edvoros pese a los riesgos que puede implicar para la salud el consumo de carne, seg\u00fan arroja una encuesta presentada este martes en Berl\u00edn.<\/p>\n<p>En la mesa de un 83 por ciento de los alemanes no faltan ni la carne ni los embutidos, especialmente en el men\u00fa de los hombres y de los habitantes de la antigua Alemania socialista.<\/p>\n<p>S\u00f3lo un seis por ciento de las mujeres y un uno por ciento de los hombres consultados dijeron que nunca comen ni carne ni embutidos, se\u00f1ala la consulta del instituto Forsa incluida en el \u00abInforme de Alimentaci\u00f3n 2016\u00bb que expuso el ministro alem\u00e1n de Agricultura, Christian Schmidt.<\/p>\n<p>Las pastas son el plato preferido de los germanos. Un 35 por ciento mencion\u00f3 los spaghetti, los fideos o la pasta en general como su comida favorita y un seis por ciento se decant\u00f3 por la lasa\u00f1a.<\/p>\n<p>Un 25 por ciento se inclin\u00f3 a favor de comidas con verduras o papas y un 20 por ciento por platos de pescado o sushi. Las ensaladas hacen las delicias de un 15 por ciento de los alemanes y la pizza de un 14 por ciento. Pero m\u00e1s de un 70 por ciento disfruta de la carne y de los embutidos.<\/p>\n<p>Schmidt se manifest\u00f3 conforme con los h\u00e1bitos alimenticios de sus conciudadanos, pero al mismo tiempo demand\u00f3 que se impartan clases en las escuelas para mejorar la alimentaci\u00f3n en vista del creciente n\u00famero de obesos en el pa\u00eds.<\/p>\n<p>A finales de octubre, expertos de la Organizaci\u00f3n Mundial de la Salud llegaron a la conclusi\u00f3n en base a una mir\u00edada de estudios de que el consumo de embutidos y carnes procesadas puede producir c\u00e1ncer.<\/p>\n<p>Sin embargo, en Alemania s\u00f3lo un tres por ciento de los encuestados dijo que prescind\u00eda de comer carne y embutidos. En general, las mujeres se alimentan de forma m\u00e1s sana que los hombres, fue otro de los datos que arroj\u00f3 la consulta.<\/p>\n","protected":false},"excerpt":{"rendered":"<p>Berl\u00edn, 6 ene (dpa) &#8211; Los alemanes aman la pasta y siguen siendo una naci\u00f3n de carn\u00edvoros pese a los riesgos que puede implicar para la salud el consumo de carne, seg\u00fan arroja una encuesta presentada este martes en Berl\u00edn. En la mesa de un 83 por ciento de los alemanes no faltan ni la<\/p>\n","protected":false},"author":1,"featured_media":10391,"comment_status":"closed","ping_status":"closed","sticky":false,"template":"","format":"standard","meta":{"footnotes":""},"categories":[343],"tags":[],"class_list":{"0":"post-23655","1":"post","2":"type-post","3":"status-publish","4":"format-standard","5":"has-post-thumbnail","7":"category-actualidad"},"aioseo_notices":[],"aioseo_head":"\n\t\t<!-- All in One SEO Pro 4.9.6.2 - aioseo.com -->\n\t<meta name=\"description\" content=\"Berl\u00edn, 6 ene (dpa) - Los alemanes aman la pasta y siguen siendo una naci\u00f3n de carn\u00edvoros pese a los riesgos que puede implicar para la salud el consumo de carne, seg\u00fan arroja una encuesta presentada este martes en Berl\u00edn. En la mesa de un 83 por ciento de los alemanes no faltan ni la\" \/>\n\t<meta name=\"robots\" content=\"max-image-preview:large\" \/>\n\t<meta name=\"author\" content=\"Cand\u00e1s 365\"\/>\n\t<meta name=\"google-site-verification\" content=\"UA-32230408-1\" \/>\n\t<meta name=\"msvalidate.01\" content=\"354F3CDFB2DA171B47FBE9ABF1F88D5\" \/>\n\t<meta name=\"keywords\" content=\"actualidad\" \/>\n\t<link rel=\"canonical\" href=\"https:\/\/candas365.es\/noticias\/los-alemanes-aman-la-pasta-y-la-carne\/\" \/>\n\t<meta name=\"generator\" content=\"All in One SEO Pro (AIOSEO) 4.9.6.2\" \/>\n\t\t<meta property=\"og:locale\" content=\"es_ES\" \/>\n\t\t<meta property=\"og:site_name\" content=\"Cand\u00e1s 365\" \/>\n\t\t<meta property=\"og:type\" content=\"article\" \/>\n\t\t<meta property=\"og:title\" content=\"Los alemanes aman la pasta y la carne | Cand\u00e1s 365\" \/>\n\t\t<meta property=\"og:description\" content=\"Berl\u00edn, 6 ene (dpa) - Los alemanes aman la pasta y siguen siendo una naci\u00f3n de carn\u00edvoros pese a los riesgos que puede implicar para la salud el consumo de carne, seg\u00fan arroja una encuesta presentada este martes en Berl\u00edn. En la mesa de un 83 por ciento de los alemanes no faltan ni la\" \/>\n\t\t<meta property=\"og:url\" content=\"https:\/\/candas365.es\/noticias\/los-alemanes-aman-la-pasta-y-la-carne\/\" \/>\n\t\t<meta property=\"og:image\" content=\"https:\/\/candas365.es\/noticias\/wp-content\/uploads\/2015\/04\/bar.jpg\" \/>\n\t\t<meta property=\"og:image:secure_url\" content=\"https:\/\/candas365.es\/noticias\/wp-content\/uploads\/2015\/04\/bar.jpg\" \/>\n\t\t<meta property=\"og:image:width\" content=\"655\" \/>\n\t\t<meta property=\"og:image:height\" content=\"360\" \/>\n\t\t<meta property=\"article:published_time\" content=\"2016-01-06T23:22:55+00:00\" \/>\n\t\t<meta property=\"article:modified_time\" content=\"2016-01-06T23:22:55+00:00\" \/>\n\t\t<meta property=\"article:publisher\" content=\"https:\/\/www.facebook.com\/Nachofdezber\" \/>\n\t\t<meta property=\"article:author\" content=\"https:\/\/www.facebook.com\/carrenoactualidad\" \/>\n\t\t<meta name=\"twitter:card\" content=\"summary_large_image\" \/>\n\t\t<meta name=\"twitter:site\" content=\"@NabercoDigital\" \/>\n\t\t<meta name=\"twitter:title\" content=\"Los alemanes aman la pasta y la carne | Cand\u00e1s 365\" \/>\n\t\t<meta name=\"twitter:description\" content=\"Berl\u00edn, 6 ene (dpa) - Los alemanes aman la pasta y siguen siendo una naci\u00f3n de carn\u00edvoros pese a los riesgos que puede implicar para la salud el consumo de carne, seg\u00fan arroja una encuesta presentada este martes en Berl\u00edn. En la mesa de un 83 por ciento de los alemanes no faltan ni la\" \/>\n\t\t<meta name=\"twitter:creator\" content=\"@nbasturias\" \/>\n\t\t<meta name=\"twitter:image\" content=\"https:\/\/candas365.es\/noticias\/wp-content\/uploads\/2015\/04\/bar.jpg\" \/>\n\t\t<meta name=\"twitter:label1\" content=\"Escrito por\" \/>\n\t\t<meta name=\"twitter:data1\" content=\"Cand\u00e1s 365\" \/>\n\t\t<meta name=\"twitter:label2\" content=\"Tiempo de lectura estimado\" \/>\n\t\t<meta name=\"twitter:data2\" content=\"2 minutos\" \/>\n\t\t<script type=\"application\/ld+json\" class=\"aioseo-schema\">\n\t\t\t{\"@context\":\"https:\\\/\\\/schema.org\",\"@graph\":[{\"@type\":\"BreadcrumbList\",\"@id\":\"https:\\\/\\\/candas365.es\\\/noticias\\\/los-alemanes-aman-la-pasta-y-la-carne\\\/#breadcrumblist\",\"itemListElement\":[{\"@type\":\"ListItem\",\"@id\":\"https:\\\/\\\/candas365.es\\\/noticias#listItem\",\"position\":1,\"name\":\"Home\",\"item\":\"https:\\\/\\\/candas365.es\\\/noticias\",\"nextItem\":{\"@type\":\"ListItem\",\"@id\":\"https:\\\/\\\/candas365.es\\\/noticias\\\/category\\\/actualidad\\\/#listItem\",\"name\":\"Actualidad\"}},{\"@type\":\"ListItem\",\"@id\":\"https:\\\/\\\/candas365.es\\\/noticias\\\/category\\\/actualidad\\\/#listItem\",\"position\":2,\"name\":\"Actualidad\",\"item\":\"https:\\\/\\\/candas365.es\\\/noticias\\\/category\\\/actualidad\\\/\",\"nextItem\":{\"@type\":\"ListItem\",\"@id\":\"https:\\\/\\\/candas365.es\\\/noticias\\\/los-alemanes-aman-la-pasta-y-la-carne\\\/#listItem\",\"name\":\"Los alemanes aman la pasta y la carne\"},\"previousItem\":{\"@type\":\"ListItem\",\"@id\":\"https:\\\/\\\/candas365.es\\\/noticias#listItem\",\"name\":\"Home\"}},{\"@type\":\"ListItem\",\"@id\":\"https:\\\/\\\/candas365.es\\\/noticias\\\/los-alemanes-aman-la-pasta-y-la-carne\\\/#listItem\",\"position\":3,\"name\":\"Los alemanes aman la pasta y la carne\",\"previousItem\":{\"@type\":\"ListItem\",\"@id\":\"https:\\\/\\\/candas365.es\\\/noticias\\\/category\\\/actualidad\\\/#listItem\",\"name\":\"Actualidad\"}}]},{\"@type\":\"NewsArticle\",\"@id\":\"https:\\\/\\\/candas365.es\\\/noticias\\\/los-alemanes-aman-la-pasta-y-la-carne\\\/#newsarticle\",\"name\":\"Los alemanes aman la pasta y la carne | Cand\\u00e1s 365\",\"headline\":\"Los alemanes aman la pasta y la carne\",\"author\":{\"@id\":\"https:\\\/\\\/candas365.es\\\/noticias\\\/author\\\/admin\\\/#author\"},\"publisher\":{\"@id\":\"https:\\\/\\\/candas365.es\\\/noticias\\\/#organization\"},\"image\":{\"@type\":\"ImageObject\",\"url\":\"https:\\\/\\\/candas365.es\\\/noticias\\\/wp-content\\\/uploads\\\/2015\\\/04\\\/bar.jpg\",\"width\":655,\"height\":360},\"datePublished\":\"2016-01-07T00:52:55+01:00\",\"dateModified\":\"2016-01-07T00:52:55+01:00\",\"inLanguage\":\"es-ES\",\"mainEntityOfPage\":{\"@id\":\"https:\\\/\\\/candas365.es\\\/noticias\\\/los-alemanes-aman-la-pasta-y-la-carne\\\/#webpage\"},\"isPartOf\":{\"@id\":\"https:\\\/\\\/candas365.es\\\/noticias\\\/los-alemanes-aman-la-pasta-y-la-carne\\\/#webpage\"},\"articleSection\":\"Actualidad\",\"dateline\":\"Publicado el enero 7, 2016.\"},{\"@type\":\"Organization\",\"@id\":\"https:\\\/\\\/candas365.es\\\/noticias\\\/#organization\",\"name\":\"Cand\\u00e1s 365\",\"description\":\"Cand\\u00e1s 365 es un diario digital independiente, fundado en 2012, con base en Asturias. Informamos con rigor sobre actualidad, sociedad, cultura y ocio, con una mirada local y global.\",\"url\":\"https:\\\/\\\/candas365.es\\\/noticias\\\/\",\"email\":\"info@candas365.es\",\"telephone\":\"+34652131393\",\"foundingDate\":\"2012-06-10\",\"logo\":{\"@type\":\"ImageObject\",\"url\":\"https:\\\/\\\/candas365.es\\\/noticias\\\/wp-content\\\/uploads\\\/2024\\\/09\\\/Candas-365-Redes.jpg\",\"@id\":\"https:\\\/\\\/candas365.es\\\/noticias\\\/los-alemanes-aman-la-pasta-y-la-carne\\\/#organizationLogo\",\"width\":1152,\"height\":864,\"caption\":\"Cand\\u00e1s 365 Redes\"},\"image\":{\"@id\":\"https:\\\/\\\/candas365.es\\\/noticias\\\/los-alemanes-aman-la-pasta-y-la-carne\\\/#organizationLogo\"},\"sameAs\":[\"https:\\\/\\\/www.facebook.com\\\/Nachofdezber\",\"https:\\\/\\\/x.com\\\/NabercoDigital\",\"https:\\\/\\\/www.instagram.com\\\/nachofdezber\\\/\",\"https:\\\/\\\/www.youtube.com\\\/channel\\\/UCZP-2wLEB9Rv6erhFmqVnvg\"],\"address\":{\"@id\":\"https:\\\/\\\/candas365.es\\\/noticias\\\/#postaladdress\",\"@type\":\"PostalAddress\",\"streetAddress\":\"san antonio 4, san antonio 4\",\"postalCode\":\"33430\",\"addressLocality\":\"Cand\\u00e1s\",\"addressRegion\":\"Asturias\",\"addressCountry\":\"ES\"}},{\"@type\":\"Person\",\"@id\":\"https:\\\/\\\/candas365.es\\\/noticias\\\/author\\\/admin\\\/#author\",\"url\":\"https:\\\/\\\/candas365.es\\\/noticias\\\/author\\\/admin\\\/\",\"name\":\"Cand\\u00e1s 365\",\"image\":{\"@type\":\"ImageObject\",\"@id\":\"https:\\\/\\\/candas365.es\\\/noticias\\\/los-alemanes-aman-la-pasta-y-la-carne\\\/#authorImage\",\"url\":\"https:\\\/\\\/secure.gravatar.com\\\/avatar\\\/496a8e03d0c493ede1718b7934145dbdf8d89be1036b0eec9544e1094c9de390?s=96&d=mm&r=g\",\"width\":96,\"height\":96,\"caption\":\"Cand\\u00e1s 365\"},\"sameAs\":[\"https:\\\/\\\/www.facebook.com\\\/carrenoactualidad\",\"https:\\\/\\\/twitter.com\\\/nbasturias\",\"https:\\\/\\\/www.instagram.com\\\/nachofdezber\\\/\",\"https:\\\/\\\/www.youtube.com\\\/channel\\\/UCZP-2wLEB9Rv6erhFmqVnvg\"]},{\"@type\":\"WebPage\",\"@id\":\"https:\\\/\\\/candas365.es\\\/noticias\\\/los-alemanes-aman-la-pasta-y-la-carne\\\/#webpage\",\"url\":\"https:\\\/\\\/candas365.es\\\/noticias\\\/los-alemanes-aman-la-pasta-y-la-carne\\\/\",\"name\":\"Los alemanes aman la pasta y la carne | Cand\\u00e1s 365\",\"description\":\"Berl\\u00edn, 6 ene (dpa) - Los alemanes aman la pasta y siguen siendo una naci\\u00f3n de carn\\u00edvoros pese a los riesgos que puede implicar para la salud el consumo de carne, seg\\u00fan arroja una encuesta presentada este martes en Berl\\u00edn. En la mesa de un 83 por ciento de los alemanes no faltan ni la\",\"inLanguage\":\"es-ES\",\"isPartOf\":{\"@id\":\"https:\\\/\\\/candas365.es\\\/noticias\\\/#website\"},\"breadcrumb\":{\"@id\":\"https:\\\/\\\/candas365.es\\\/noticias\\\/los-alemanes-aman-la-pasta-y-la-carne\\\/#breadcrumblist\"},\"author\":{\"@id\":\"https:\\\/\\\/candas365.es\\\/noticias\\\/author\\\/admin\\\/#author\"},\"creator\":{\"@id\":\"https:\\\/\\\/candas365.es\\\/noticias\\\/author\\\/admin\\\/#author\"},\"image\":{\"@type\":\"ImageObject\",\"url\":\"https:\\\/\\\/candas365.es\\\/noticias\\\/wp-content\\\/uploads\\\/2015\\\/04\\\/bar.jpg\",\"@id\":\"https:\\\/\\\/candas365.es\\\/noticias\\\/los-alemanes-aman-la-pasta-y-la-carne\\\/#mainImage\",\"width\":655,\"height\":360},\"primaryImageOfPage\":{\"@id\":\"https:\\\/\\\/candas365.es\\\/noticias\\\/los-alemanes-aman-la-pasta-y-la-carne\\\/#mainImage\"},\"datePublished\":\"2016-01-07T00:52:55+01:00\",\"dateModified\":\"2016-01-07T00:52:55+01:00\"},{\"@type\":\"WebSite\",\"@id\":\"https:\\\/\\\/candas365.es\\\/noticias\\\/#website\",\"url\":\"https:\\\/\\\/candas365.es\\\/noticias\\\/\",\"name\":\"Cand\\u00e1s 365\",\"alternateName\":\"Cand\\u00e1s 365 Noticias\",\"description\":\"Actualidad desde Carre\\u00f1o para el mundo\",\"inLanguage\":\"es-ES\",\"publisher\":{\"@id\":\"https:\\\/\\\/candas365.es\\\/noticias\\\/#organization\"}}]}\n\t\t<\/script>\n\t\t<!-- All in One SEO Pro -->\r\n\t\t<title>Los alemanes aman la pasta y la carne | Cand\u00e1s 365<\/title>\n\n","aioseo_head_json":{"title":"Los alemanes aman la pasta y la carne | Cand\u00e1s 365","description":"Berl\u00edn, 6 ene (dpa) - Los alemanes aman la pasta y siguen siendo una naci\u00f3n de carn\u00edvoros pese a los riesgos que puede implicar para la salud el consumo de carne, seg\u00fan arroja una encuesta presentada este martes en Berl\u00edn. En la mesa de un 83 por ciento de los alemanes no faltan ni la","canonical_url":"https:\/\/candas365.es\/noticias\/los-alemanes-aman-la-pasta-y-la-carne\/","robots":"max-image-preview:large","keywords":"actualidad","webmasterTools":{"google-site-verification":"UA-32230408-1","msvalidate.01":"354F3CDFB2DA171B47FBE9ABF1F88D5","miscellaneous":""},"schema":{"@context":"https:\/\/schema.org","@graph":[{"@type":"BreadcrumbList","@id":"https:\/\/candas365.es\/noticias\/los-alemanes-aman-la-pasta-y-la-carne\/#breadcrumblist","itemListElement":[{"@type":"ListItem","@id":"https:\/\/candas365.es\/noticias#listItem","position":1,"name":"Home","item":"https:\/\/candas365.es\/noticias","nextItem":{"@type":"ListItem","@id":"https:\/\/candas365.es\/noticias\/category\/actualidad\/#listItem","name":"Actualidad"}},{"@type":"ListItem","@id":"https:\/\/candas365.es\/noticias\/category\/actualidad\/#listItem","position":2,"name":"Actualidad","item":"https:\/\/candas365.es\/noticias\/category\/actualidad\/","nextItem":{"@type":"ListItem","@id":"https:\/\/candas365.es\/noticias\/los-alemanes-aman-la-pasta-y-la-carne\/#listItem","name":"Los alemanes aman la pasta y la carne"},"previousItem":{"@type":"ListItem","@id":"https:\/\/candas365.es\/noticias#listItem","name":"Home"}},{"@type":"ListItem","@id":"https:\/\/candas365.es\/noticias\/los-alemanes-aman-la-pasta-y-la-carne\/#listItem","position":3,"name":"Los alemanes aman la pasta y la carne","previousItem":{"@type":"ListItem","@id":"https:\/\/candas365.es\/noticias\/category\/actualidad\/#listItem","name":"Actualidad"}}]},{"@type":"NewsArticle","@id":"https:\/\/candas365.es\/noticias\/los-alemanes-aman-la-pasta-y-la-carne\/#newsarticle","name":"Los alemanes aman la pasta y la carne | Cand\u00e1s 365","headline":"Los alemanes aman la pasta y la carne","author":{"@id":"https:\/\/candas365.es\/noticias\/author\/admin\/#author"},"publisher":{"@id":"https:\/\/candas365.es\/noticias\/#organization"},"image":{"@type":"ImageObject","url":"https:\/\/candas365.es\/noticias\/wp-content\/uploads\/2015\/04\/bar.jpg","width":655,"height":360},"datePublished":"2016-01-07T00:52:55+01:00","dateModified":"2016-01-07T00:52:55+01:00","inLanguage":"es-ES","mainEntityOfPage":{"@id":"https:\/\/candas365.es\/noticias\/los-alemanes-aman-la-pasta-y-la-carne\/#webpage"},"isPartOf":{"@id":"https:\/\/candas365.es\/noticias\/los-alemanes-aman-la-pasta-y-la-carne\/#webpage"},"articleSection":"Actualidad","dateline":"Publicado el enero 7, 2016."},{"@type":"Organization","@id":"https:\/\/candas365.es\/noticias\/#organization","name":"Cand\u00e1s 365","description":"Cand\u00e1s 365 es un diario digital independiente, fundado en 2012, con base en Asturias. Informamos con rigor sobre actualidad, sociedad, cultura y ocio, con una mirada local y global.","url":"https:\/\/candas365.es\/noticias\/","email":"info@candas365.es","telephone":"+34652131393","foundingDate":"2012-06-10","logo":{"@type":"ImageObject","url":"https:\/\/candas365.es\/noticias\/wp-content\/uploads\/2024\/09\/Candas-365-Redes.jpg","@id":"https:\/\/candas365.es\/noticias\/los-alemanes-aman-la-pasta-y-la-carne\/#organizationLogo","width":1152,"height":864,"caption":"Cand\u00e1s 365 Redes"},"image":{"@id":"https:\/\/candas365.es\/noticias\/los-alemanes-aman-la-pasta-y-la-carne\/#organizationLogo"},"sameAs":["https:\/\/www.facebook.com\/Nachofdezber","https:\/\/x.com\/NabercoDigital","https:\/\/www.instagram.com\/nachofdezber\/","https:\/\/www.youtube.com\/channel\/UCZP-2wLEB9Rv6erhFmqVnvg"],"address":{"@id":"https:\/\/candas365.es\/noticias\/#postaladdress","@type":"PostalAddress","streetAddress":"san antonio 4, san antonio 4","postalCode":"33430","addressLocality":"Cand\u00e1s","addressRegion":"Asturias","addressCountry":"ES"}},{"@type":"Person","@id":"https:\/\/candas365.es\/noticias\/author\/admin\/#author","url":"https:\/\/candas365.es\/noticias\/author\/admin\/","name":"Cand\u00e1s 365","image":{"@type":"ImageObject","@id":"https:\/\/candas365.es\/noticias\/los-alemanes-aman-la-pasta-y-la-carne\/#authorImage","url":"https:\/\/secure.gravatar.com\/avatar\/496a8e03d0c493ede1718b7934145dbdf8d89be1036b0eec9544e1094c9de390?s=96&d=mm&r=g","width":96,"height":96,"caption":"Cand\u00e1s 365"},"sameAs":["https:\/\/www.facebook.com\/carrenoactualidad","https:\/\/twitter.com\/nbasturias","https:\/\/www.instagram.com\/nachofdezber\/","https:\/\/www.youtube.com\/channel\/UCZP-2wLEB9Rv6erhFmqVnvg"]},{"@type":"WebPage","@id":"https:\/\/candas365.es\/noticias\/los-alemanes-aman-la-pasta-y-la-carne\/#webpage","url":"https:\/\/candas365.es\/noticias\/los-alemanes-aman-la-pasta-y-la-carne\/","name":"Los alemanes aman la pasta y la carne | Cand\u00e1s 365","description":"Berl\u00edn, 6 ene (dpa) - Los alemanes aman la pasta y siguen siendo una naci\u00f3n de carn\u00edvoros pese a los riesgos que puede implicar para la salud el consumo de carne, seg\u00fan arroja una encuesta presentada este martes en Berl\u00edn. En la mesa de un 83 por ciento de los alemanes no faltan ni la","inLanguage":"es-ES","isPartOf":{"@id":"https:\/\/candas365.es\/noticias\/#website"},"breadcrumb":{"@id":"https:\/\/candas365.es\/noticias\/los-alemanes-aman-la-pasta-y-la-carne\/#breadcrumblist"},"author":{"@id":"https:\/\/candas365.es\/noticias\/author\/admin\/#author"},"creator":{"@id":"https:\/\/candas365.es\/noticias\/author\/admin\/#author"},"image":{"@type":"ImageObject","url":"https:\/\/candas365.es\/noticias\/wp-content\/uploads\/2015\/04\/bar.jpg","@id":"https:\/\/candas365.es\/noticias\/los-alemanes-aman-la-pasta-y-la-carne\/#mainImage","width":655,"height":360},"primaryImageOfPage":{"@id":"https:\/\/candas365.es\/noticias\/los-alemanes-aman-la-pasta-y-la-carne\/#mainImage"},"datePublished":"2016-01-07T00:52:55+01:00","dateModified":"2016-01-07T00:52:55+01:00"},{"@type":"WebSite","@id":"https:\/\/candas365.es\/noticias\/#website","url":"https:\/\/candas365.es\/noticias\/","name":"Cand\u00e1s 365","alternateName":"Cand\u00e1s 365 Noticias","description":"Actualidad desde Carre\u00f1o para el mundo","inLanguage":"es-ES","publisher":{"@id":"https:\/\/candas365.es\/noticias\/#organization"}}]},"og:locale":"es_ES","og:site_name":"Cand\u00e1s 365","og:type":"article","og:title":"Los alemanes aman la pasta y la carne | Cand\u00e1s 365","og:description":"Berl\u00edn, 6 ene (dpa) - Los alemanes aman la pasta y siguen siendo una naci\u00f3n de carn\u00edvoros pese a los riesgos que puede implicar para la salud el consumo de carne, seg\u00fan arroja una encuesta presentada este martes en Berl\u00edn. En la mesa de un 83 por ciento de los alemanes no faltan ni la","og:url":"https:\/\/candas365.es\/noticias\/los-alemanes-aman-la-pasta-y-la-carne\/","og:image":"https:\/\/candas365.es\/noticias\/wp-content\/uploads\/2015\/04\/bar.jpg","og:image:secure_url":"https:\/\/candas365.es\/noticias\/wp-content\/uploads\/2015\/04\/bar.jpg","og:image:width":655,"og:image:height":360,"article:published_time":"2016-01-06T23:22:55+00:00","article:modified_time":"2016-01-06T23:22:55+00:00","article:publisher":"https:\/\/www.facebook.com\/Nachofdezber","article:author":"https:\/\/www.facebook.com\/carrenoactualidad","twitter:card":"summary_large_image","twitter:site":"@NabercoDigital","twitter:title":"Los alemanes aman la pasta y la carne | Cand\u00e1s 365","twitter:description":"Berl\u00edn, 6 ene (dpa) - Los alemanes aman la pasta y siguen siendo una naci\u00f3n de carn\u00edvoros pese a los riesgos que puede implicar para la salud el consumo de carne, seg\u00fan arroja una encuesta presentada este martes en Berl\u00edn. En la mesa de un 83 por ciento de los alemanes no faltan ni la","twitter:creator":"@nbasturias","twitter:image":"https:\/\/candas365.es\/noticias\/wp-content\/uploads\/2015\/04\/bar.jpg","twitter:label1":"Escrito por","twitter:data1":"Cand\u00e1s 365","twitter:label2":"Tiempo de lectura estimado","twitter:data2":"2 minutos"},"aioseo_meta_data":{"post_id":"23655","title":null,"description":null,"keywords":null,"keyphrases":null,"primary_term":null,"canonical_url":null,"og_title":null,"og_description":null,"og_object_type":"default","og_image_type":"default","og_image_url":null,"og_image_width":null,"og_image_height":null,"og_image_custom_url":null,"og_image_custom_fields":null,"og_video":null,"og_custom_url":null,"og_article_section":null,"og_article_tags":null,"twitter_use_og":false,"twitter_card":"default","twitter_image_type":"default","twitter_image_url":null,"twitter_image_custom_url":null,"twitter_image_custom_fields":null,"twitter_title":null,"twitter_description":null,"schema":{"blockGraphs":[],"customGraphs":[],"default":{"data":{"Article":[],"Course":[],"Dataset":[],"FAQPage":[],"Movie":[],"Person":[],"Product":[],"ProductReview":[],"Car":[],"Recipe":[],"Service":[],"SoftwareApplication":[],"WebPage":[]},"graphName":"","isEnabled":true},"graphs":[],"defaultGraph":"","defaultPostTypeGraph":""},"schema_type":null,"schema_type_options":null,"pillar_content":false,"robots_default":true,"robots_noindex":false,"robots_noarchive":false,"robots_nosnippet":false,"robots_nofollow":false,"robots_noimageindex":false,"robots_noodp":false,"robots_notranslate":false,"robots_max_snippet":null,"robots_max_videopreview":null,"robots_max_imagepreview":"large","priority":null,"frequency":null,"location":null,"local_seo":null,"seo_analyzer_scan_date":"2025-08-24 03:19:18","breadcrumb_settings":null,"limit_modified_date":false,"reviewed_by":null,"open_ai":null,"ai":null,"created":"2020-12-21 12:11:57","updated":"2025-08-24 03:19:18"},"aioseo_breadcrumb":"<div class=\"aioseo-breadcrumbs\"><span class=\"aioseo-breadcrumb\">\n\t<a href=\"https:\/\/candas365.es\/noticias\" title=\"Home\">Home<\/a>\n<\/span><span class=\"aioseo-breadcrumb-separator\">&ndash;<\/span><span class=\"aioseo-breadcrumb\">\n\t<a href=\"https:\/\/candas365.es\/noticias\/category\/actualidad\/\" title=\"Actualidad\">Actualidad<\/a>\n<\/span><span class=\"aioseo-breadcrumb-separator\">&ndash;<\/span><span class=\"aioseo-breadcrumb\">\n\tLos alemanes aman la pasta y la carne\n<\/span><\/div>","aioseo_breadcrumb_json":[{"label":"Home","link":"https:\/\/candas365.es\/noticias"},{"label":"Actualidad","link":"https:\/\/candas365.es\/noticias\/category\/actualidad\/"},{"label":"Los alemanes aman la pasta y la carne","link":"https:\/\/candas365.es\/noticias\/los-alemanes-aman-la-pasta-y-la-carne\/"}],"_links":{"self":[{"href":"https:\/\/candas365.es\/noticias\/wp-json\/wp\/v2\/posts\/23655","targetHints":{"allow":["GET"]}}],"collection":[{"href":"https:\/\/candas365.es\/noticias\/wp-json\/wp\/v2\/posts"}],"about":[{"href":"https:\/\/candas365.es\/noticias\/wp-json\/wp\/v2\/types\/post"}],"author":[{"embeddable":true,"href":"https:\/\/candas365.es\/noticias\/wp-json\/wp\/v2\/users\/1"}],"replies":[{"embeddable":true,"href":"https:\/\/candas365.es\/noticias\/wp-json\/wp\/v2\/comments?post=23655"}],"version-history":[{"count":0,"href":"https:\/\/candas365.es\/noticias\/wp-json\/wp\/v2\/posts\/23655\/revisions"}],"wp:featuredmedia":[{"embeddable":true,"href":"https:\/\/candas365.es\/noticias\/wp-json\/wp\/v2\/media\/10391"}],"wp:attachment":[{"href":"https:\/\/candas365.es\/noticias\/wp-json\/wp\/v2\/media?parent=23655"}],"wp:term":[{"taxonomy":"category","embeddable":true,"href":"https:\/\/candas365.es\/noticias\/wp-json\/wp\/v2\/categories?post=23655"},{"taxonomy":"post_tag","embeddable":true,"href":"https:\/\/candas365.es\/noticias\/wp-json\/wp\/v2\/tags?post=23655"}],"curies":[{"name":"wp","href":"https:\/\/api.w.org\/{rel}","templated":true}]}}