{"id":22378,"date":"2015-12-17T22:01:08","date_gmt":"2015-12-17T20:31:08","guid":{"rendered":"http:\/\/candas365.es\/noticias\/?p=22378"},"modified":"2015-12-17T22:01:08","modified_gmt":"2015-12-17T20:31:08","slug":"el-ano-2015-esta-entre-los-cuatro-anos-mas-calidos-desde-que-existe-registro-en-espana","status":"publish","type":"post","link":"https:\/\/candas365.es\/noticias\/el-ano-2015-esta-entre-los-cuatro-anos-mas-calidos-desde-que-existe-registro-en-espana\/","title":{"rendered":"El a\u00f1o 2015 est\u00e1 entre los cuatro a\u00f1os m\u00e1s c\u00e1lidos desde que existe registro en Espa\u00f1a"},"content":{"rendered":"<p><img fetchpriority=\"high\" decoding=\"async\" class=\"alignleft size-medium wp-image-22379\" src=\"https:\/\/candas365.es\/noticias\/wp-content\/uploads\/2015\/12\/fotonoticia_20151217135445_800-169x300.jpg\" alt=\"fotonoticia_20151217135445_800\" width=\"169\" height=\"300\" srcset=\"https:\/\/candas365.es\/noticias\/wp-content\/uploads\/2015\/12\/fotonoticia_20151217135445_800-169x300.jpg 169w, https:\/\/candas365.es\/noticias\/wp-content\/uploads\/2015\/12\/fotonoticia_20151217135445_800-270x480.jpg 270w, https:\/\/candas365.es\/noticias\/wp-content\/uploads\/2015\/12\/fotonoticia_20151217135445_800-768x1365.jpg 768w, https:\/\/candas365.es\/noticias\/wp-content\/uploads\/2015\/12\/fotonoticia_20151217135445_800-150x267.jpg 150w, https:\/\/candas365.es\/noticias\/wp-content\/uploads\/2015\/12\/fotonoticia_20151217135445_800-450x800.jpg 450w, https:\/\/candas365.es\/noticias\/wp-content\/uploads\/2015\/12\/fotonoticia_20151217135445_800-696x1237.jpg 696w, https:\/\/candas365.es\/noticias\/wp-content\/uploads\/2015\/12\/fotonoticia_20151217135445_800-236x420.jpg 236w, https:\/\/candas365.es\/noticias\/wp-content\/uploads\/2015\/12\/fotonoticia_20151217135445_800.jpg 800w\" sizes=\"(max-width: 169px) 100vw, 169px\" \/>El a\u00f1o 2015 est\u00e1 entre los cuatro a\u00f1os m\u00e1s c\u00e1lidos desde que existe registro en Espa\u00f1a, una tendencia que continuar\u00e1 en 2016, ya que los tres primeros meses tendr\u00e1n temperaturas superiores a la media en toda la Pen\u00ednsula, aunque con numerosas precipitaciones en el noroeste.<\/p>\n<p>Seg\u00fan las predicciones de la Agencia Estatal de Meteorolog\u00eda (AEMET), las temperaturas que se esperan para las dos \u00faltimas semanas del a\u00f1o ir\u00e1n bajando gradualmente hasta alcanzar valores propios de esta \u00e9poca del a\u00f1o. Sin embargo, el resto del invierno se espera que la tendencia cambie de nuevo y que los niveles vuelvan a situarse por encima de la media.<\/p>\n<p>En este periodo de enero a marzo de 2016 tambi\u00e9n se espera que aumenten las precipitaciones en el noroeste del pa\u00eds en una media superior a la que corresponder\u00eda a las mismas fechas en otros a\u00f1os.<\/p>\n<p>En todo caso, la portavoz de la agencia, Ana Casals, ha descartado que est\u00e1 situaci\u00f3n sea consecuencia del cambio clim\u00e1tico, al ser un evento concreto. \u00abLo que s\u00ed se puede atribuir al cambio clim\u00e1tico es que estos acontecimientos sean m\u00e1s extensos o que los a\u00f1os m\u00e1s calurosos est\u00e9n todos en el siglo XXI\u00bb, ha explicado durante la presentaci\u00f3n de la predicci\u00f3n estacional del invierno, el an\u00e1lisis clim\u00e1tico del oto\u00f1o y el balance h\u00eddrico.<\/p>\n<p>Casals ha destacado, por ejemplo, que la ola de calor vivida en el verano de este a\u00f1o ha durado 26 d\u00edas &#8211;entre el 27 de junio y 22 de julio&#8211;, cuando, hasta ahora, la mayor ola de calor vivida en Espa\u00f1a fue en 2003, y tuvo una duraci\u00f3n de 16 d\u00edas \u00abque ya era un periodo excesivamente largo\u00bb.<\/p>\n<p><strong>2015: 0,8\u00baC POR ENCIMA DE LA MEDIA<\/strong><\/p>\n<p>Este es un ejemplo de por qu\u00e9 2015 es uno de los a\u00f1os m\u00e1s calurosos de la historia, con una temperatura media que supera en 0,8\u00baC a los valores normales registrados en el periodo de referencia (1981-2010). As\u00ed, y a la espera de que se contabilicen las dos \u00faltimas semanas, 2015 s\u00f3lo se ve superado por 2014, 2006 y 2011.<\/p>\n<p>En cuanto a los cuadrantes, el noroeste ha registrado un clima c\u00e1lido a lo largo del a\u00f1o, mientras que en el resto de Espa\u00f1a ha llegado a niveles entre &#8216;muy c\u00e1lido&#8217; y &#8216;extremadamente c\u00e1lido&#8217;. Comunidad de Madrid, Castilla-La Mancha, Arag\u00f3n, Navarra y el interior de Andaluc\u00eda son las autonom\u00edas que han sufrido anomal\u00edas t\u00e9rmicas positivas por valor de 1\u00baC.<\/p>\n<p>Frente a la ola de calor antes mencionada, el a\u00f1o tambi\u00e9n ha sufrido un importante episodio de fr\u00edo, en la primera decena de febrero, que dio lugar a precipitaciones y nieve en el norte peninsular que, incluso llegaron a alcanzar la costa y supuso heladas fuertes en las zonas altas.<\/p>\n<p><strong>UN A\u00d1O UN 20% M\u00c1S SECO<\/strong><\/p>\n<p>La AEMET destaca que, en general, 2015 ha sido bastante seco, concretamente un 20 por ciento menos que el valor normal. As\u00ed, si la media del a\u00f1o se sit\u00faa en 600mm, los valores de este a\u00f1o no superan los 450mm, seg\u00fan ha indicado el portavoz, Antonio Maestre.<\/p>\n<p>Los valores normales en este aspecto s\u00f3lo se han superado en el sureste de Andaluc\u00eda, en una franja que se extiende desde el este de Asturias hasta el sureste de Castilla-La Mancha y hasta el sur de la provincia de Valencia, y que incluye a Cantabria, Pa\u00eds Vasco, nordeste de Castilla y Le\u00f3n, Navarra, La Rioja, centro y sur de Arag\u00f3n, y el norte de la Comunidad Valenciana.<\/p>\n<p>\u00abEn el resto de Espa\u00f1a ha sido un a\u00f1o m\u00e1s seco de lo normal, destacando la vertiente Atl\u00e1ntica y de Catalu\u00f1a, en donde las precipitaciones acumuladas en lo que llevamos de a\u00f1o se sit\u00faan por debajo del 75 por ciento del valor normal\u00bb, ha declarado el portavoz.<\/p>\n<p>En este sentido, Maestre ha explicado que las temperaturas por encima de la media vividas en diciembre suelen ser m\u00e1s habituales cuando tambi\u00e9n se da una media elevada de precipitaciones. As\u00ed que lo que ha llamado la atenci\u00f3n de los expertos de este oto\u00f1o es que adem\u00e1s de c\u00e1lido sea seco.<\/p>\n<p>OTO\u00d1O C\u00c1LIDO Y SECO<\/p>\n<p>En l\u00edneas generales, la AEMET ha destacado que el trimestre oto\u00f1al (septiembre-noviembre) ha tenido una temperatura media de 16,2\u00baC, un valor que supera en 0,4\u00baC la media de esta estaci\u00f3n. Es el decimotercer oto\u00f1o m\u00e1s caluroso de la seria hist\u00f3rica, iniciada en 1961, y el sexto desde que se inici\u00f3 el siglo XXI.<\/p>\n<p>La agencia explica que, aunque la estaci\u00f3n comenz\u00f3 con temperaturas relativamente bajas en septiembre, a medida que fue avanzando, \u00e9stas fueron situ\u00e1ndose por encima de la media, especialmente las diurnas de casi todo el mes de noviembre. Las anomal\u00edas t\u00e9rmicas fueron de -0,8\u00baC en septiembre y alcanzaron el 0,5\u00baC en octubre y 1,5\u00baC en noviembre.<\/p>\n<p>El valor m\u00e1ximo corresponde al observatorio Lanzarote-Aeropuerto, el d\u00eda 5 de octubre, con 37,3\u00baC, mientras que las temperaturas m\u00e1s bajas en las estaciones principales han correspondido al Puerto de Navacerrada (-7,8\u00baC el 23 de noviembre) y a Molina de Arag\u00f3n (-7,3\u00baC el 29 de noviembre).<\/p>\n<p>En cuanto a las precipitaciones, se\u00f1ala que ha tenido una media de 165mm, valor que supone un 18 por ciento menos que la media del trimestre. \u00abEn lo que llevamos de siglo se trata del quinto oto\u00f1o m\u00e1s seco, por detr\u00e1s de los a\u00f1os 2004, 2007, 2009 y 2013\u00bb, han concluido.<\/p>\n","protected":false},"excerpt":{"rendered":"<p>El a\u00f1o 2015 est\u00e1 entre los cuatro a\u00f1os m\u00e1s c\u00e1lidos desde que existe registro en Espa\u00f1a, una tendencia que continuar\u00e1 en 2016, ya que los tres primeros meses tendr\u00e1n temperaturas superiores a la media en toda la Pen\u00ednsula, aunque con numerosas precipitaciones en el noroeste. Seg\u00fan las predicciones de la Agencia Estatal de Meteorolog\u00eda (AEMET),<\/p>\n","protected":false},"author":1,"featured_media":22379,"comment_status":"closed","ping_status":"closed","sticky":false,"template":"","format":"standard","meta":{"footnotes":""},"categories":[1],"tags":[],"class_list":{"0":"post-22378","1":"post","2":"type-post","3":"status-publish","4":"format-standard","5":"has-post-thumbnail","7":"category-agenda"},"aioseo_notices":[],"aioseo_head":"\n\t\t<!-- All in One SEO Pro 4.9.6.2 - aioseo.com -->\n\t<meta name=\"description\" content=\"El a\u00f1o 2015 est\u00e1 entre los cuatro a\u00f1os m\u00e1s c\u00e1lidos desde que existe registro en Espa\u00f1a, una tendencia que continuar\u00e1 en 2016, ya que los tres primeros meses tendr\u00e1n temperaturas superiores a la media en toda la Pen\u00ednsula, aunque con numerosas precipitaciones en el noroeste. Seg\u00fan las predicciones de la Agencia Estatal de Meteorolog\u00eda (AEMET),\" \/>\n\t<meta name=\"robots\" content=\"max-image-preview:large\" \/>\n\t<meta name=\"author\" content=\"Cand\u00e1s 365\"\/>\n\t<meta name=\"google-site-verification\" content=\"UA-32230408-1\" \/>\n\t<meta name=\"msvalidate.01\" content=\"354F3CDFB2DA171B47FBE9ABF1F88D5\" \/>\n\t<meta name=\"keywords\" content=\"agenda\" \/>\n\t<link rel=\"canonical\" href=\"https:\/\/candas365.es\/noticias\/el-ano-2015-esta-entre-los-cuatro-anos-mas-calidos-desde-que-existe-registro-en-espana\/\" \/>\n\t<meta name=\"generator\" content=\"All in One SEO Pro (AIOSEO) 4.9.6.2\" \/>\n\t\t<meta property=\"og:locale\" content=\"es_ES\" \/>\n\t\t<meta property=\"og:site_name\" content=\"Cand\u00e1s 365\" \/>\n\t\t<meta property=\"og:type\" content=\"article\" \/>\n\t\t<meta property=\"og:title\" content=\"El a\u00f1o 2015 est\u00e1 entre los cuatro a\u00f1os m\u00e1s c\u00e1lidos desde que existe registro en Espa\u00f1a | Cand\u00e1s 365\" \/>\n\t\t<meta property=\"og:description\" content=\"El a\u00f1o 2015 est\u00e1 entre los cuatro a\u00f1os m\u00e1s c\u00e1lidos desde que existe registro en Espa\u00f1a, una tendencia que continuar\u00e1 en 2016, ya que los tres primeros meses tendr\u00e1n temperaturas superiores a la media en toda la Pen\u00ednsula, aunque con numerosas precipitaciones en el noroeste. Seg\u00fan las predicciones de la Agencia Estatal de Meteorolog\u00eda (AEMET),\" \/>\n\t\t<meta property=\"og:url\" content=\"https:\/\/candas365.es\/noticias\/el-ano-2015-esta-entre-los-cuatro-anos-mas-calidos-desde-que-existe-registro-en-espana\/\" \/>\n\t\t<meta property=\"og:image\" content=\"https:\/\/candas365.es\/noticias\/wp-content\/uploads\/2015\/12\/fotonoticia_20151217135445_800.jpg\" \/>\n\t\t<meta property=\"og:image:secure_url\" content=\"https:\/\/candas365.es\/noticias\/wp-content\/uploads\/2015\/12\/fotonoticia_20151217135445_800.jpg\" \/>\n\t\t<meta property=\"og:image:width\" content=\"800\" \/>\n\t\t<meta property=\"og:image:height\" content=\"1422\" \/>\n\t\t<meta property=\"article:published_time\" content=\"2015-12-17T20:31:08+00:00\" \/>\n\t\t<meta property=\"article:modified_time\" content=\"2015-12-17T20:31:08+00:00\" \/>\n\t\t<meta property=\"article:publisher\" content=\"https:\/\/www.facebook.com\/Nachofdezber\" \/>\n\t\t<meta property=\"article:author\" content=\"https:\/\/www.facebook.com\/carrenoactualidad\" \/>\n\t\t<meta name=\"twitter:card\" content=\"summary_large_image\" \/>\n\t\t<meta name=\"twitter:site\" content=\"@NabercoDigital\" \/>\n\t\t<meta name=\"twitter:title\" content=\"El a\u00f1o 2015 est\u00e1 entre los cuatro a\u00f1os m\u00e1s c\u00e1lidos desde que existe registro en Espa\u00f1a | Cand\u00e1s 365\" \/>\n\t\t<meta name=\"twitter:description\" content=\"El a\u00f1o 2015 est\u00e1 entre los cuatro a\u00f1os m\u00e1s c\u00e1lidos desde que existe registro en Espa\u00f1a, una tendencia que continuar\u00e1 en 2016, ya que los tres primeros meses tendr\u00e1n temperaturas superiores a la media en toda la Pen\u00ednsula, aunque con numerosas precipitaciones en el noroeste. Seg\u00fan las predicciones de la Agencia Estatal de Meteorolog\u00eda (AEMET),\" \/>\n\t\t<meta name=\"twitter:creator\" content=\"@nbasturias\" \/>\n\t\t<meta name=\"twitter:image\" content=\"https:\/\/candas365.es\/noticias\/wp-content\/uploads\/2015\/12\/fotonoticia_20151217135445_800.jpg\" \/>\n\t\t<meta name=\"twitter:label1\" content=\"Escrito por\" \/>\n\t\t<meta name=\"twitter:data1\" content=\"Cand\u00e1s 365\" \/>\n\t\t<meta name=\"twitter:label2\" content=\"Tiempo de lectura estimado\" \/>\n\t\t<meta name=\"twitter:data2\" content=\"5 minutos\" \/>\n\t\t<script type=\"application\/ld+json\" class=\"aioseo-schema\">\n\t\t\t{\"@context\":\"https:\\\/\\\/schema.org\",\"@graph\":[{\"@type\":\"BreadcrumbList\",\"@id\":\"https:\\\/\\\/candas365.es\\\/noticias\\\/el-ano-2015-esta-entre-los-cuatro-anos-mas-calidos-desde-que-existe-registro-en-espana\\\/#breadcrumblist\",\"itemListElement\":[{\"@type\":\"ListItem\",\"@id\":\"https:\\\/\\\/candas365.es\\\/noticias#listItem\",\"position\":1,\"name\":\"Home\",\"item\":\"https:\\\/\\\/candas365.es\\\/noticias\",\"nextItem\":{\"@type\":\"ListItem\",\"@id\":\"https:\\\/\\\/candas365.es\\\/noticias\\\/category\\\/agenda\\\/#listItem\",\"name\":\"Agenda\"}},{\"@type\":\"ListItem\",\"@id\":\"https:\\\/\\\/candas365.es\\\/noticias\\\/category\\\/agenda\\\/#listItem\",\"position\":2,\"name\":\"Agenda\",\"item\":\"https:\\\/\\\/candas365.es\\\/noticias\\\/category\\\/agenda\\\/\",\"nextItem\":{\"@type\":\"ListItem\",\"@id\":\"https:\\\/\\\/candas365.es\\\/noticias\\\/el-ano-2015-esta-entre-los-cuatro-anos-mas-calidos-desde-que-existe-registro-en-espana\\\/#listItem\",\"name\":\"El a\\u00f1o 2015 est\\u00e1 entre los cuatro a\\u00f1os m\\u00e1s c\\u00e1lidos desde que existe registro en Espa\\u00f1a\"},\"previousItem\":{\"@type\":\"ListItem\",\"@id\":\"https:\\\/\\\/candas365.es\\\/noticias#listItem\",\"name\":\"Home\"}},{\"@type\":\"ListItem\",\"@id\":\"https:\\\/\\\/candas365.es\\\/noticias\\\/el-ano-2015-esta-entre-los-cuatro-anos-mas-calidos-desde-que-existe-registro-en-espana\\\/#listItem\",\"position\":3,\"name\":\"El a\\u00f1o 2015 est\\u00e1 entre los cuatro a\\u00f1os m\\u00e1s c\\u00e1lidos desde que existe registro en Espa\\u00f1a\",\"previousItem\":{\"@type\":\"ListItem\",\"@id\":\"https:\\\/\\\/candas365.es\\\/noticias\\\/category\\\/agenda\\\/#listItem\",\"name\":\"Agenda\"}}]},{\"@type\":\"NewsArticle\",\"@id\":\"https:\\\/\\\/candas365.es\\\/noticias\\\/el-ano-2015-esta-entre-los-cuatro-anos-mas-calidos-desde-que-existe-registro-en-espana\\\/#newsarticle\",\"name\":\"El a\\u00f1o 2015 est\\u00e1 entre los cuatro a\\u00f1os m\\u00e1s c\\u00e1lidos desde que existe registro en Espa\\u00f1a | Cand\\u00e1s 365\",\"headline\":\"El a\\u00f1o 2015 est\\u00e1 entre los cuatro a\\u00f1os m\\u00e1s c\\u00e1lidos desde que existe registro en Espa\\u00f1a\",\"author\":{\"@id\":\"https:\\\/\\\/candas365.es\\\/noticias\\\/author\\\/admin\\\/#author\"},\"publisher\":{\"@id\":\"https:\\\/\\\/candas365.es\\\/noticias\\\/#organization\"},\"image\":{\"@type\":\"ImageObject\",\"url\":\"https:\\\/\\\/candas365.es\\\/noticias\\\/wp-content\\\/uploads\\\/2015\\\/12\\\/fotonoticia_20151217135445_800.jpg\",\"width\":800,\"height\":1422},\"datePublished\":\"2015-12-17T22:01:08+01:00\",\"dateModified\":\"2015-12-17T22:01:08+01:00\",\"inLanguage\":\"es-ES\",\"mainEntityOfPage\":{\"@id\":\"https:\\\/\\\/candas365.es\\\/noticias\\\/el-ano-2015-esta-entre-los-cuatro-anos-mas-calidos-desde-que-existe-registro-en-espana\\\/#webpage\"},\"isPartOf\":{\"@id\":\"https:\\\/\\\/candas365.es\\\/noticias\\\/el-ano-2015-esta-entre-los-cuatro-anos-mas-calidos-desde-que-existe-registro-en-espana\\\/#webpage\"},\"articleSection\":\"Agenda\",\"dateline\":\"Publicado el diciembre 17, 2015.\"},{\"@type\":\"Organization\",\"@id\":\"https:\\\/\\\/candas365.es\\\/noticias\\\/#organization\",\"name\":\"Cand\\u00e1s 365\",\"description\":\"Cand\\u00e1s 365 es un diario digital independiente, fundado en 2012, con base en Asturias. Informamos con rigor sobre actualidad, sociedad, cultura y ocio, con una mirada local y global.\",\"url\":\"https:\\\/\\\/candas365.es\\\/noticias\\\/\",\"email\":\"info@candas365.es\",\"telephone\":\"+34652131393\",\"foundingDate\":\"2012-06-10\",\"logo\":{\"@type\":\"ImageObject\",\"url\":\"https:\\\/\\\/candas365.es\\\/noticias\\\/wp-content\\\/uploads\\\/2024\\\/09\\\/Candas-365-Redes.jpg\",\"@id\":\"https:\\\/\\\/candas365.es\\\/noticias\\\/el-ano-2015-esta-entre-los-cuatro-anos-mas-calidos-desde-que-existe-registro-en-espana\\\/#organizationLogo\",\"width\":1152,\"height\":864,\"caption\":\"Cand\\u00e1s 365 Redes\"},\"image\":{\"@id\":\"https:\\\/\\\/candas365.es\\\/noticias\\\/el-ano-2015-esta-entre-los-cuatro-anos-mas-calidos-desde-que-existe-registro-en-espana\\\/#organizationLogo\"},\"sameAs\":[\"https:\\\/\\\/www.facebook.com\\\/Nachofdezber\",\"https:\\\/\\\/x.com\\\/NabercoDigital\",\"https:\\\/\\\/www.instagram.com\\\/nachofdezber\\\/\",\"https:\\\/\\\/www.youtube.com\\\/channel\\\/UCZP-2wLEB9Rv6erhFmqVnvg\"],\"address\":{\"@id\":\"https:\\\/\\\/candas365.es\\\/noticias\\\/#postaladdress\",\"@type\":\"PostalAddress\",\"streetAddress\":\"san antonio 4, san antonio 4\",\"postalCode\":\"33430\",\"addressLocality\":\"Cand\\u00e1s\",\"addressRegion\":\"Asturias\",\"addressCountry\":\"ES\"}},{\"@type\":\"Person\",\"@id\":\"https:\\\/\\\/candas365.es\\\/noticias\\\/author\\\/admin\\\/#author\",\"url\":\"https:\\\/\\\/candas365.es\\\/noticias\\\/author\\\/admin\\\/\",\"name\":\"Cand\\u00e1s 365\",\"image\":{\"@type\":\"ImageObject\",\"@id\":\"https:\\\/\\\/candas365.es\\\/noticias\\\/el-ano-2015-esta-entre-los-cuatro-anos-mas-calidos-desde-que-existe-registro-en-espana\\\/#authorImage\",\"url\":\"https:\\\/\\\/secure.gravatar.com\\\/avatar\\\/496a8e03d0c493ede1718b7934145dbdf8d89be1036b0eec9544e1094c9de390?s=96&d=mm&r=g\",\"width\":96,\"height\":96,\"caption\":\"Cand\\u00e1s 365\"},\"sameAs\":[\"https:\\\/\\\/www.facebook.com\\\/carrenoactualidad\",\"https:\\\/\\\/twitter.com\\\/nbasturias\",\"https:\\\/\\\/www.instagram.com\\\/nachofdezber\\\/\",\"https:\\\/\\\/www.youtube.com\\\/channel\\\/UCZP-2wLEB9Rv6erhFmqVnvg\"]},{\"@type\":\"WebPage\",\"@id\":\"https:\\\/\\\/candas365.es\\\/noticias\\\/el-ano-2015-esta-entre-los-cuatro-anos-mas-calidos-desde-que-existe-registro-en-espana\\\/#webpage\",\"url\":\"https:\\\/\\\/candas365.es\\\/noticias\\\/el-ano-2015-esta-entre-los-cuatro-anos-mas-calidos-desde-que-existe-registro-en-espana\\\/\",\"name\":\"El a\\u00f1o 2015 est\\u00e1 entre los cuatro a\\u00f1os m\\u00e1s c\\u00e1lidos desde que existe registro en Espa\\u00f1a | Cand\\u00e1s 365\",\"description\":\"El a\\u00f1o 2015 est\\u00e1 entre los cuatro a\\u00f1os m\\u00e1s c\\u00e1lidos desde que existe registro en Espa\\u00f1a, una tendencia que continuar\\u00e1 en 2016, ya que los tres primeros meses tendr\\u00e1n temperaturas superiores a la media en toda la Pen\\u00ednsula, aunque con numerosas precipitaciones en el noroeste. Seg\\u00fan las predicciones de la Agencia Estatal de Meteorolog\\u00eda (AEMET),\",\"inLanguage\":\"es-ES\",\"isPartOf\":{\"@id\":\"https:\\\/\\\/candas365.es\\\/noticias\\\/#website\"},\"breadcrumb\":{\"@id\":\"https:\\\/\\\/candas365.es\\\/noticias\\\/el-ano-2015-esta-entre-los-cuatro-anos-mas-calidos-desde-que-existe-registro-en-espana\\\/#breadcrumblist\"},\"author\":{\"@id\":\"https:\\\/\\\/candas365.es\\\/noticias\\\/author\\\/admin\\\/#author\"},\"creator\":{\"@id\":\"https:\\\/\\\/candas365.es\\\/noticias\\\/author\\\/admin\\\/#author\"},\"image\":{\"@type\":\"ImageObject\",\"url\":\"https:\\\/\\\/candas365.es\\\/noticias\\\/wp-content\\\/uploads\\\/2015\\\/12\\\/fotonoticia_20151217135445_800.jpg\",\"@id\":\"https:\\\/\\\/candas365.es\\\/noticias\\\/el-ano-2015-esta-entre-los-cuatro-anos-mas-calidos-desde-que-existe-registro-en-espana\\\/#mainImage\",\"width\":800,\"height\":1422},\"primaryImageOfPage\":{\"@id\":\"https:\\\/\\\/candas365.es\\\/noticias\\\/el-ano-2015-esta-entre-los-cuatro-anos-mas-calidos-desde-que-existe-registro-en-espana\\\/#mainImage\"},\"datePublished\":\"2015-12-17T22:01:08+01:00\",\"dateModified\":\"2015-12-17T22:01:08+01:00\"},{\"@type\":\"WebSite\",\"@id\":\"https:\\\/\\\/candas365.es\\\/noticias\\\/#website\",\"url\":\"https:\\\/\\\/candas365.es\\\/noticias\\\/\",\"name\":\"Cand\\u00e1s 365\",\"alternateName\":\"Cand\\u00e1s 365 Noticias\",\"description\":\"Actualidad desde Carre\\u00f1o para el mundo\",\"inLanguage\":\"es-ES\",\"publisher\":{\"@id\":\"https:\\\/\\\/candas365.es\\\/noticias\\\/#organization\"}}]}\n\t\t<\/script>\n\t\t<!-- All in One SEO Pro -->\r\n\t\t<title>El a\u00f1o 2015 est\u00e1 entre los cuatro a\u00f1os m\u00e1s c\u00e1lidos desde que existe registro en Espa\u00f1a | Cand\u00e1s 365<\/title>\n\n","aioseo_head_json":{"title":"El a\u00f1o 2015 est\u00e1 entre los cuatro a\u00f1os m\u00e1s c\u00e1lidos desde que existe registro en Espa\u00f1a | Cand\u00e1s 365","description":"El a\u00f1o 2015 est\u00e1 entre los cuatro a\u00f1os m\u00e1s c\u00e1lidos desde que existe registro en Espa\u00f1a, una tendencia que continuar\u00e1 en 2016, ya que los tres primeros meses tendr\u00e1n temperaturas superiores a la media en toda la Pen\u00ednsula, aunque con numerosas precipitaciones en el noroeste. Seg\u00fan las predicciones de la Agencia Estatal de Meteorolog\u00eda (AEMET),","canonical_url":"https:\/\/candas365.es\/noticias\/el-ano-2015-esta-entre-los-cuatro-anos-mas-calidos-desde-que-existe-registro-en-espana\/","robots":"max-image-preview:large","keywords":"agenda","webmasterTools":{"google-site-verification":"UA-32230408-1","msvalidate.01":"354F3CDFB2DA171B47FBE9ABF1F88D5","miscellaneous":""},"schema":{"@context":"https:\/\/schema.org","@graph":[{"@type":"BreadcrumbList","@id":"https:\/\/candas365.es\/noticias\/el-ano-2015-esta-entre-los-cuatro-anos-mas-calidos-desde-que-existe-registro-en-espana\/#breadcrumblist","itemListElement":[{"@type":"ListItem","@id":"https:\/\/candas365.es\/noticias#listItem","position":1,"name":"Home","item":"https:\/\/candas365.es\/noticias","nextItem":{"@type":"ListItem","@id":"https:\/\/candas365.es\/noticias\/category\/agenda\/#listItem","name":"Agenda"}},{"@type":"ListItem","@id":"https:\/\/candas365.es\/noticias\/category\/agenda\/#listItem","position":2,"name":"Agenda","item":"https:\/\/candas365.es\/noticias\/category\/agenda\/","nextItem":{"@type":"ListItem","@id":"https:\/\/candas365.es\/noticias\/el-ano-2015-esta-entre-los-cuatro-anos-mas-calidos-desde-que-existe-registro-en-espana\/#listItem","name":"El a\u00f1o 2015 est\u00e1 entre los cuatro a\u00f1os m\u00e1s c\u00e1lidos desde que existe registro en Espa\u00f1a"},"previousItem":{"@type":"ListItem","@id":"https:\/\/candas365.es\/noticias#listItem","name":"Home"}},{"@type":"ListItem","@id":"https:\/\/candas365.es\/noticias\/el-ano-2015-esta-entre-los-cuatro-anos-mas-calidos-desde-que-existe-registro-en-espana\/#listItem","position":3,"name":"El a\u00f1o 2015 est\u00e1 entre los cuatro a\u00f1os m\u00e1s c\u00e1lidos desde que existe registro en Espa\u00f1a","previousItem":{"@type":"ListItem","@id":"https:\/\/candas365.es\/noticias\/category\/agenda\/#listItem","name":"Agenda"}}]},{"@type":"NewsArticle","@id":"https:\/\/candas365.es\/noticias\/el-ano-2015-esta-entre-los-cuatro-anos-mas-calidos-desde-que-existe-registro-en-espana\/#newsarticle","name":"El a\u00f1o 2015 est\u00e1 entre los cuatro a\u00f1os m\u00e1s c\u00e1lidos desde que existe registro en Espa\u00f1a | Cand\u00e1s 365","headline":"El a\u00f1o 2015 est\u00e1 entre los cuatro a\u00f1os m\u00e1s c\u00e1lidos desde que existe registro en Espa\u00f1a","author":{"@id":"https:\/\/candas365.es\/noticias\/author\/admin\/#author"},"publisher":{"@id":"https:\/\/candas365.es\/noticias\/#organization"},"image":{"@type":"ImageObject","url":"https:\/\/candas365.es\/noticias\/wp-content\/uploads\/2015\/12\/fotonoticia_20151217135445_800.jpg","width":800,"height":1422},"datePublished":"2015-12-17T22:01:08+01:00","dateModified":"2015-12-17T22:01:08+01:00","inLanguage":"es-ES","mainEntityOfPage":{"@id":"https:\/\/candas365.es\/noticias\/el-ano-2015-esta-entre-los-cuatro-anos-mas-calidos-desde-que-existe-registro-en-espana\/#webpage"},"isPartOf":{"@id":"https:\/\/candas365.es\/noticias\/el-ano-2015-esta-entre-los-cuatro-anos-mas-calidos-desde-que-existe-registro-en-espana\/#webpage"},"articleSection":"Agenda","dateline":"Publicado el diciembre 17, 2015."},{"@type":"Organization","@id":"https:\/\/candas365.es\/noticias\/#organization","name":"Cand\u00e1s 365","description":"Cand\u00e1s 365 es un diario digital independiente, fundado en 2012, con base en Asturias. Informamos con rigor sobre actualidad, sociedad, cultura y ocio, con una mirada local y global.","url":"https:\/\/candas365.es\/noticias\/","email":"info@candas365.es","telephone":"+34652131393","foundingDate":"2012-06-10","logo":{"@type":"ImageObject","url":"https:\/\/candas365.es\/noticias\/wp-content\/uploads\/2024\/09\/Candas-365-Redes.jpg","@id":"https:\/\/candas365.es\/noticias\/el-ano-2015-esta-entre-los-cuatro-anos-mas-calidos-desde-que-existe-registro-en-espana\/#organizationLogo","width":1152,"height":864,"caption":"Cand\u00e1s 365 Redes"},"image":{"@id":"https:\/\/candas365.es\/noticias\/el-ano-2015-esta-entre-los-cuatro-anos-mas-calidos-desde-que-existe-registro-en-espana\/#organizationLogo"},"sameAs":["https:\/\/www.facebook.com\/Nachofdezber","https:\/\/x.com\/NabercoDigital","https:\/\/www.instagram.com\/nachofdezber\/","https:\/\/www.youtube.com\/channel\/UCZP-2wLEB9Rv6erhFmqVnvg"],"address":{"@id":"https:\/\/candas365.es\/noticias\/#postaladdress","@type":"PostalAddress","streetAddress":"san antonio 4, san antonio 4","postalCode":"33430","addressLocality":"Cand\u00e1s","addressRegion":"Asturias","addressCountry":"ES"}},{"@type":"Person","@id":"https:\/\/candas365.es\/noticias\/author\/admin\/#author","url":"https:\/\/candas365.es\/noticias\/author\/admin\/","name":"Cand\u00e1s 365","image":{"@type":"ImageObject","@id":"https:\/\/candas365.es\/noticias\/el-ano-2015-esta-entre-los-cuatro-anos-mas-calidos-desde-que-existe-registro-en-espana\/#authorImage","url":"https:\/\/secure.gravatar.com\/avatar\/496a8e03d0c493ede1718b7934145dbdf8d89be1036b0eec9544e1094c9de390?s=96&d=mm&r=g","width":96,"height":96,"caption":"Cand\u00e1s 365"},"sameAs":["https:\/\/www.facebook.com\/carrenoactualidad","https:\/\/twitter.com\/nbasturias","https:\/\/www.instagram.com\/nachofdezber\/","https:\/\/www.youtube.com\/channel\/UCZP-2wLEB9Rv6erhFmqVnvg"]},{"@type":"WebPage","@id":"https:\/\/candas365.es\/noticias\/el-ano-2015-esta-entre-los-cuatro-anos-mas-calidos-desde-que-existe-registro-en-espana\/#webpage","url":"https:\/\/candas365.es\/noticias\/el-ano-2015-esta-entre-los-cuatro-anos-mas-calidos-desde-que-existe-registro-en-espana\/","name":"El a\u00f1o 2015 est\u00e1 entre los cuatro a\u00f1os m\u00e1s c\u00e1lidos desde que existe registro en Espa\u00f1a | Cand\u00e1s 365","description":"El a\u00f1o 2015 est\u00e1 entre los cuatro a\u00f1os m\u00e1s c\u00e1lidos desde que existe registro en Espa\u00f1a, una tendencia que continuar\u00e1 en 2016, ya que los tres primeros meses tendr\u00e1n temperaturas superiores a la media en toda la Pen\u00ednsula, aunque con numerosas precipitaciones en el noroeste. Seg\u00fan las predicciones de la Agencia Estatal de Meteorolog\u00eda (AEMET),","inLanguage":"es-ES","isPartOf":{"@id":"https:\/\/candas365.es\/noticias\/#website"},"breadcrumb":{"@id":"https:\/\/candas365.es\/noticias\/el-ano-2015-esta-entre-los-cuatro-anos-mas-calidos-desde-que-existe-registro-en-espana\/#breadcrumblist"},"author":{"@id":"https:\/\/candas365.es\/noticias\/author\/admin\/#author"},"creator":{"@id":"https:\/\/candas365.es\/noticias\/author\/admin\/#author"},"image":{"@type":"ImageObject","url":"https:\/\/candas365.es\/noticias\/wp-content\/uploads\/2015\/12\/fotonoticia_20151217135445_800.jpg","@id":"https:\/\/candas365.es\/noticias\/el-ano-2015-esta-entre-los-cuatro-anos-mas-calidos-desde-que-existe-registro-en-espana\/#mainImage","width":800,"height":1422},"primaryImageOfPage":{"@id":"https:\/\/candas365.es\/noticias\/el-ano-2015-esta-entre-los-cuatro-anos-mas-calidos-desde-que-existe-registro-en-espana\/#mainImage"},"datePublished":"2015-12-17T22:01:08+01:00","dateModified":"2015-12-17T22:01:08+01:00"},{"@type":"WebSite","@id":"https:\/\/candas365.es\/noticias\/#website","url":"https:\/\/candas365.es\/noticias\/","name":"Cand\u00e1s 365","alternateName":"Cand\u00e1s 365 Noticias","description":"Actualidad desde Carre\u00f1o para el mundo","inLanguage":"es-ES","publisher":{"@id":"https:\/\/candas365.es\/noticias\/#organization"}}]},"og:locale":"es_ES","og:site_name":"Cand\u00e1s 365","og:type":"article","og:title":"El a\u00f1o 2015 est\u00e1 entre los cuatro a\u00f1os m\u00e1s c\u00e1lidos desde que existe registro en Espa\u00f1a | Cand\u00e1s 365","og:description":"El a\u00f1o 2015 est\u00e1 entre los cuatro a\u00f1os m\u00e1s c\u00e1lidos desde que existe registro en Espa\u00f1a, una tendencia que continuar\u00e1 en 2016, ya que los tres primeros meses tendr\u00e1n temperaturas superiores a la media en toda la Pen\u00ednsula, aunque con numerosas precipitaciones en el noroeste. Seg\u00fan las predicciones de la Agencia Estatal de Meteorolog\u00eda (AEMET),","og:url":"https:\/\/candas365.es\/noticias\/el-ano-2015-esta-entre-los-cuatro-anos-mas-calidos-desde-que-existe-registro-en-espana\/","og:image":"https:\/\/candas365.es\/noticias\/wp-content\/uploads\/2015\/12\/fotonoticia_20151217135445_800.jpg","og:image:secure_url":"https:\/\/candas365.es\/noticias\/wp-content\/uploads\/2015\/12\/fotonoticia_20151217135445_800.jpg","og:image:width":800,"og:image:height":1422,"article:published_time":"2015-12-17T20:31:08+00:00","article:modified_time":"2015-12-17T20:31:08+00:00","article:publisher":"https:\/\/www.facebook.com\/Nachofdezber","article:author":"https:\/\/www.facebook.com\/carrenoactualidad","twitter:card":"summary_large_image","twitter:site":"@NabercoDigital","twitter:title":"El a\u00f1o 2015 est\u00e1 entre los cuatro a\u00f1os m\u00e1s c\u00e1lidos desde que existe registro en Espa\u00f1a | Cand\u00e1s 365","twitter:description":"El a\u00f1o 2015 est\u00e1 entre los cuatro a\u00f1os m\u00e1s c\u00e1lidos desde que existe registro en Espa\u00f1a, una tendencia que continuar\u00e1 en 2016, ya que los tres primeros meses tendr\u00e1n temperaturas superiores a la media en toda la Pen\u00ednsula, aunque con numerosas precipitaciones en el noroeste. Seg\u00fan las predicciones de la Agencia Estatal de Meteorolog\u00eda (AEMET),","twitter:creator":"@nbasturias","twitter:image":"https:\/\/candas365.es\/noticias\/wp-content\/uploads\/2015\/12\/fotonoticia_20151217135445_800.jpg","twitter:label1":"Escrito por","twitter:data1":"Cand\u00e1s 365","twitter:label2":"Tiempo de lectura estimado","twitter:data2":"5 minutos"},"aioseo_meta_data":{"post_id":"22378","title":null,"description":null,"keywords":null,"keyphrases":null,"primary_term":null,"canonical_url":null,"og_title":null,"og_description":null,"og_object_type":"default","og_image_type":"default","og_image_url":null,"og_image_width":null,"og_image_height":null,"og_image_custom_url":null,"og_image_custom_fields":null,"og_video":null,"og_custom_url":null,"og_article_section":null,"og_article_tags":null,"twitter_use_og":false,"twitter_card":"default","twitter_image_type":"default","twitter_image_url":null,"twitter_image_custom_url":null,"twitter_image_custom_fields":null,"twitter_title":null,"twitter_description":null,"schema":{"blockGraphs":[],"customGraphs":[],"default":{"data":{"Article":[],"Course":[],"Dataset":[],"FAQPage":[],"Movie":[],"Person":[],"Product":[],"ProductReview":[],"Car":[],"Recipe":[],"Service":[],"SoftwareApplication":[],"WebPage":[]},"graphName":"","isEnabled":true},"graphs":[]},"schema_type":null,"schema_type_options":null,"pillar_content":false,"robots_default":true,"robots_noindex":false,"robots_noarchive":false,"robots_nosnippet":false,"robots_nofollow":false,"robots_noimageindex":false,"robots_noodp":false,"robots_notranslate":false,"robots_max_snippet":null,"robots_max_videopreview":null,"robots_max_imagepreview":"large","priority":null,"frequency":null,"location":null,"local_seo":null,"seo_analyzer_scan_date":"2025-08-24 01:18:20","breadcrumb_settings":null,"limit_modified_date":false,"reviewed_by":null,"open_ai":null,"ai":null,"created":"2020-12-21 11:59:58","updated":"2025-08-24 01:18:20"},"aioseo_breadcrumb":"<div class=\"aioseo-breadcrumbs\"><span class=\"aioseo-breadcrumb\">\n\t<a href=\"https:\/\/candas365.es\/noticias\" title=\"Home\">Home<\/a>\n<\/span><span class=\"aioseo-breadcrumb-separator\">&ndash;<\/span><span class=\"aioseo-breadcrumb\">\n\t<a href=\"https:\/\/candas365.es\/noticias\/category\/agenda\/\" title=\"Agenda\">Agenda<\/a>\n<\/span><span class=\"aioseo-breadcrumb-separator\">&ndash;<\/span><span class=\"aioseo-breadcrumb\">\n\tEl a\u00f1o 2015 est\u00e1 entre los cuatro a\u00f1os m\u00e1s c\u00e1lidos desde que existe registro en Espa\u00f1a\n<\/span><\/div>","aioseo_breadcrumb_json":[{"label":"Home","link":"https:\/\/candas365.es\/noticias"},{"label":"Agenda","link":"https:\/\/candas365.es\/noticias\/category\/agenda\/"},{"label":"El a\u00f1o 2015 est\u00e1 entre los cuatro a\u00f1os m\u00e1s c\u00e1lidos desde que existe registro en Espa\u00f1a","link":"https:\/\/candas365.es\/noticias\/el-ano-2015-esta-entre-los-cuatro-anos-mas-calidos-desde-que-existe-registro-en-espana\/"}],"_links":{"self":[{"href":"https:\/\/candas365.es\/noticias\/wp-json\/wp\/v2\/posts\/22378","targetHints":{"allow":["GET"]}}],"collection":[{"href":"https:\/\/candas365.es\/noticias\/wp-json\/wp\/v2\/posts"}],"about":[{"href":"https:\/\/candas365.es\/noticias\/wp-json\/wp\/v2\/types\/post"}],"author":[{"embeddable":true,"href":"https:\/\/candas365.es\/noticias\/wp-json\/wp\/v2\/users\/1"}],"replies":[{"embeddable":true,"href":"https:\/\/candas365.es\/noticias\/wp-json\/wp\/v2\/comments?post=22378"}],"version-history":[{"count":0,"href":"https:\/\/candas365.es\/noticias\/wp-json\/wp\/v2\/posts\/22378\/revisions"}],"wp:featuredmedia":[{"embeddable":true,"href":"https:\/\/candas365.es\/noticias\/wp-json\/wp\/v2\/media\/22379"}],"wp:attachment":[{"href":"https:\/\/candas365.es\/noticias\/wp-json\/wp\/v2\/media?parent=22378"}],"wp:term":[{"taxonomy":"category","embeddable":true,"href":"https:\/\/candas365.es\/noticias\/wp-json\/wp\/v2\/categories?post=22378"},{"taxonomy":"post_tag","embeddable":true,"href":"https:\/\/candas365.es\/noticias\/wp-json\/wp\/v2\/tags?post=22378"}],"curies":[{"name":"wp","href":"https:\/\/api.w.org\/{rel}","templated":true}]}}