{"id":22375,"date":"2015-12-17T21:59:36","date_gmt":"2015-12-17T20:29:36","guid":{"rendered":"http:\/\/candas365.es\/noticias\/?p=22375"},"modified":"2015-12-17T21:59:36","modified_gmt":"2015-12-17T20:29:36","slug":"el-pajaro-azul-pone-en-marcha-una-nueva-edicion-de-la-campana-invitame-a-un-cafe","status":"publish","type":"post","link":"https:\/\/candas365.es\/noticias\/el-pajaro-azul-pone-en-marcha-una-nueva-edicion-de-la-campana-invitame-a-un-cafe\/","title":{"rendered":"El P\u00e1jaro Azul pone en marcha una nueva edici\u00f3n de la campa\u00f1a &#8216;Inv\u00edtame a un caf\u00e9&#8217;"},"content":{"rendered":"<p><img fetchpriority=\"high\" decoding=\"async\" class=\"alignleft size-medium wp-image-22376\" src=\"https:\/\/candas365.es\/noticias\/wp-content\/uploads\/2015\/12\/fotonoticia_20151217114124_800-360x270.jpg\" alt=\"fotonoticia_20151217114124_800\" width=\"360\" height=\"270\" srcset=\"https:\/\/candas365.es\/noticias\/wp-content\/uploads\/2015\/12\/fotonoticia_20151217114124_800-360x270.jpg 360w, https:\/\/candas365.es\/noticias\/wp-content\/uploads\/2015\/12\/fotonoticia_20151217114124_800-640x480.jpg 640w, https:\/\/candas365.es\/noticias\/wp-content\/uploads\/2015\/12\/fotonoticia_20151217114124_800-768x576.jpg 768w, https:\/\/candas365.es\/noticias\/wp-content\/uploads\/2015\/12\/fotonoticia_20151217114124_800-150x113.jpg 150w, https:\/\/candas365.es\/noticias\/wp-content\/uploads\/2015\/12\/fotonoticia_20151217114124_800-450x338.jpg 450w, https:\/\/candas365.es\/noticias\/wp-content\/uploads\/2015\/12\/fotonoticia_20151217114124_800-80x60.jpg 80w, https:\/\/candas365.es\/noticias\/wp-content\/uploads\/2015\/12\/fotonoticia_20151217114124_800-265x198.jpg 265w, https:\/\/candas365.es\/noticias\/wp-content\/uploads\/2015\/12\/fotonoticia_20151217114124_800-696x522.jpg 696w, https:\/\/candas365.es\/noticias\/wp-content\/uploads\/2015\/12\/fotonoticia_20151217114124_800-560x420.jpg 560w, https:\/\/candas365.es\/noticias\/wp-content\/uploads\/2015\/12\/fotonoticia_20151217114124_800-90x67.jpg 90w, https:\/\/candas365.es\/noticias\/wp-content\/uploads\/2015\/12\/fotonoticia_20151217114124_800.jpg 800w\" sizes=\"(max-width: 360px) 100vw, 360px\" \/>La Fundaci\u00f3n El P\u00e1jaro Azul ha presentado este jueves una nueva edici\u00f3n, y ya es la quinta, de la campa\u00f1a del Caf\u00e9 Solidario &#8216;Inv\u00edtame a un caf\u00e9&#8217;, que se desarrollar\u00e1 entre el 18 de diciembre y el 17 de enero en casi una treintena de establecimientos hosteleros de Oviedo y otras ciudades de Asturias.<\/p>\n<p>Esta campa\u00f1a tiene por objetivo recaudar fondos para la alimentaci\u00f3n de los cuarenta ni\u00f1os de la calle acogidos en el centro Baba ya Poveda de Kinshasa, en la Rep\u00fablica Dominicana del Congo.<\/p>\n<p>La presidenta de la Fundaci\u00f3n, Inmaculada Gonz\u00e1lez-Carbajal, ha destacado de la campa\u00f1a que la misma demuestra que \u00abcon un simple gesto como donar el importe de un caf\u00e9, se puede conseguir mucho\u00bb. Y es que ha iondicado que con un s\u00f3lo euro se puede financiar la comida de un ni\u00f1o durante un mes.<\/p>\n<p>Por ello ha animado a todos los ciudadanos a buscar las huchas solidarias colocadas en los establecimientos colaboradores que estas cinco ediciones han permitido recaudar 4.400 euros y ha agradecido a todos los colaboradores su implicaci\u00f3n con la campa\u00f1a.<\/p>\n<p>En la rueda de prensa tambi\u00e9n ha intervenido el presidente de OTEA, Hosteler\u00eda y Turismo de Asturias, Jos\u00e9 Luis \u00c1lvarez Almeida y la concejal del Ayuntamiento de Oviedo, Marisa Ponga, colaboradores de la campa\u00f1a. Ambos han destacado la importancia de la misma y su simbolismo.<\/p>\n<p>Almeida ha manifestado que cuando hace cinco a\u00f1os Inmaculada Gonz\u00e1lez-Carbajal le cont\u00f3 la idea la misma \u00ables enamor\u00f3\u00bb y durante estos d\u00edas la hosteler\u00eda asturiana aporta su grano de arena devolvi\u00e9ndole a la sociedad parte de lo que recibe.<\/p>\n<p>Ha agradecido a los establecimientos participantes su implicaci\u00f3n y ha hecho un llamamiento para que todos, establecimientos y ciudadanos se sumen a la campa\u00f1a.<\/p>\n<p>Por su parte, Marisa Ponga, ha querido enfatizar la labor que hace la Fundaci\u00f3n P\u00e1jaro Az\u00fal y ha asegurado que campa\u00f1as como esta demuestran como \u00abse puede hacer mucho con peque\u00f1os gestos\u00bb.<\/p>\n","protected":false},"excerpt":{"rendered":"<p>La Fundaci\u00f3n El P\u00e1jaro Azul ha presentado este jueves una nueva edici\u00f3n, y ya es la quinta, de la campa\u00f1a del Caf\u00e9 Solidario &#8216;Inv\u00edtame a un caf\u00e9&#8217;, que se desarrollar\u00e1 entre el 18 de diciembre y el 17 de enero en casi una treintena de establecimientos hosteleros de Oviedo y otras ciudades de Asturias. Esta<\/p>\n","protected":false},"author":1,"featured_media":22376,"comment_status":"closed","ping_status":"closed","sticky":false,"template":"","format":"standard","meta":{"footnotes":""},"categories":[1],"tags":[],"class_list":{"0":"post-22375","1":"post","2":"type-post","3":"status-publish","4":"format-standard","5":"has-post-thumbnail","7":"category-agenda"},"aioseo_notices":[],"aioseo_head":"\n\t\t<!-- All in One SEO Pro 4.9.6.2 - aioseo.com -->\n\t<meta name=\"description\" content=\"La Fundaci\u00f3n El P\u00e1jaro Azul ha presentado este jueves una nueva edici\u00f3n, y ya es la quinta, de la campa\u00f1a del Caf\u00e9 Solidario &#039;Inv\u00edtame a un caf\u00e9&#039;, que se desarrollar\u00e1 entre el 18 de diciembre y el 17 de enero en casi una treintena de establecimientos hosteleros de Oviedo y otras ciudades de Asturias. Esta\" \/>\n\t<meta name=\"robots\" content=\"max-image-preview:large\" \/>\n\t<meta name=\"author\" content=\"Cand\u00e1s 365\"\/>\n\t<meta name=\"google-site-verification\" content=\"UA-32230408-1\" \/>\n\t<meta name=\"msvalidate.01\" content=\"354F3CDFB2DA171B47FBE9ABF1F88D5\" \/>\n\t<meta name=\"keywords\" content=\"agenda\" \/>\n\t<link rel=\"canonical\" href=\"https:\/\/candas365.es\/noticias\/el-pajaro-azul-pone-en-marcha-una-nueva-edicion-de-la-campana-invitame-a-un-cafe\/\" \/>\n\t<meta name=\"generator\" content=\"All in One SEO Pro (AIOSEO) 4.9.6.2\" \/>\n\t\t<meta property=\"og:locale\" content=\"es_ES\" \/>\n\t\t<meta property=\"og:site_name\" content=\"Cand\u00e1s 365\" \/>\n\t\t<meta property=\"og:type\" content=\"article\" \/>\n\t\t<meta property=\"og:title\" content=\"El P\u00e1jaro Azul pone en marcha una nueva edici\u00f3n de la campa\u00f1a \u2018Inv\u00edtame a un caf\u00e9\u2019 | Cand\u00e1s 365\" \/>\n\t\t<meta property=\"og:description\" content=\"La Fundaci\u00f3n El P\u00e1jaro Azul ha presentado este jueves una nueva edici\u00f3n, y ya es la quinta, de la campa\u00f1a del Caf\u00e9 Solidario &#039;Inv\u00edtame a un caf\u00e9&#039;, que se desarrollar\u00e1 entre el 18 de diciembre y el 17 de enero en casi una treintena de establecimientos hosteleros de Oviedo y otras ciudades de Asturias. Esta\" \/>\n\t\t<meta property=\"og:url\" content=\"https:\/\/candas365.es\/noticias\/el-pajaro-azul-pone-en-marcha-una-nueva-edicion-de-la-campana-invitame-a-un-cafe\/\" \/>\n\t\t<meta property=\"og:image\" content=\"https:\/\/candas365.es\/noticias\/wp-content\/uploads\/2015\/12\/fotonoticia_20151217114124_800.jpg\" \/>\n\t\t<meta property=\"og:image:secure_url\" content=\"https:\/\/candas365.es\/noticias\/wp-content\/uploads\/2015\/12\/fotonoticia_20151217114124_800.jpg\" \/>\n\t\t<meta property=\"og:image:width\" content=\"800\" \/>\n\t\t<meta property=\"og:image:height\" content=\"600\" \/>\n\t\t<meta property=\"article:published_time\" content=\"2015-12-17T20:29:36+00:00\" \/>\n\t\t<meta property=\"article:modified_time\" content=\"2015-12-17T20:29:36+00:00\" \/>\n\t\t<meta property=\"article:publisher\" content=\"https:\/\/www.facebook.com\/Nachofdezber\" \/>\n\t\t<meta property=\"article:author\" content=\"https:\/\/www.facebook.com\/carrenoactualidad\" \/>\n\t\t<meta name=\"twitter:card\" content=\"summary_large_image\" \/>\n\t\t<meta name=\"twitter:site\" content=\"@NabercoDigital\" \/>\n\t\t<meta name=\"twitter:title\" content=\"El P\u00e1jaro Azul pone en marcha una nueva edici\u00f3n de la campa\u00f1a \u2018Inv\u00edtame a un caf\u00e9\u2019 | Cand\u00e1s 365\" \/>\n\t\t<meta name=\"twitter:description\" content=\"La Fundaci\u00f3n El P\u00e1jaro Azul ha presentado este jueves una nueva edici\u00f3n, y ya es la quinta, de la campa\u00f1a del Caf\u00e9 Solidario &#039;Inv\u00edtame a un caf\u00e9&#039;, que se desarrollar\u00e1 entre el 18 de diciembre y el 17 de enero en casi una treintena de establecimientos hosteleros de Oviedo y otras ciudades de Asturias. Esta\" \/>\n\t\t<meta name=\"twitter:creator\" content=\"@nbasturias\" \/>\n\t\t<meta name=\"twitter:image\" content=\"https:\/\/candas365.es\/noticias\/wp-content\/uploads\/2015\/12\/fotonoticia_20151217114124_800.jpg\" \/>\n\t\t<meta name=\"twitter:label1\" content=\"Escrito por\" \/>\n\t\t<meta name=\"twitter:data1\" content=\"Cand\u00e1s 365\" \/>\n\t\t<meta name=\"twitter:label2\" content=\"Tiempo de lectura estimado\" \/>\n\t\t<meta name=\"twitter:data2\" content=\"2 minutos\" \/>\n\t\t<script type=\"application\/ld+json\" class=\"aioseo-schema\">\n\t\t\t{\"@context\":\"https:\\\/\\\/schema.org\",\"@graph\":[{\"@type\":\"BreadcrumbList\",\"@id\":\"https:\\\/\\\/candas365.es\\\/noticias\\\/el-pajaro-azul-pone-en-marcha-una-nueva-edicion-de-la-campana-invitame-a-un-cafe\\\/#breadcrumblist\",\"itemListElement\":[{\"@type\":\"ListItem\",\"@id\":\"https:\\\/\\\/candas365.es\\\/noticias#listItem\",\"position\":1,\"name\":\"Home\",\"item\":\"https:\\\/\\\/candas365.es\\\/noticias\",\"nextItem\":{\"@type\":\"ListItem\",\"@id\":\"https:\\\/\\\/candas365.es\\\/noticias\\\/category\\\/agenda\\\/#listItem\",\"name\":\"Agenda\"}},{\"@type\":\"ListItem\",\"@id\":\"https:\\\/\\\/candas365.es\\\/noticias\\\/category\\\/agenda\\\/#listItem\",\"position\":2,\"name\":\"Agenda\",\"item\":\"https:\\\/\\\/candas365.es\\\/noticias\\\/category\\\/agenda\\\/\",\"nextItem\":{\"@type\":\"ListItem\",\"@id\":\"https:\\\/\\\/candas365.es\\\/noticias\\\/el-pajaro-azul-pone-en-marcha-una-nueva-edicion-de-la-campana-invitame-a-un-cafe\\\/#listItem\",\"name\":\"El P\\u00e1jaro Azul pone en marcha una nueva edici\\u00f3n de la campa\\u00f1a &#8216;Inv\\u00edtame a un caf\\u00e9&#8217;\"},\"previousItem\":{\"@type\":\"ListItem\",\"@id\":\"https:\\\/\\\/candas365.es\\\/noticias#listItem\",\"name\":\"Home\"}},{\"@type\":\"ListItem\",\"@id\":\"https:\\\/\\\/candas365.es\\\/noticias\\\/el-pajaro-azul-pone-en-marcha-una-nueva-edicion-de-la-campana-invitame-a-un-cafe\\\/#listItem\",\"position\":3,\"name\":\"El P\\u00e1jaro Azul pone en marcha una nueva edici\\u00f3n de la campa\\u00f1a &#8216;Inv\\u00edtame a un caf\\u00e9&#8217;\",\"previousItem\":{\"@type\":\"ListItem\",\"@id\":\"https:\\\/\\\/candas365.es\\\/noticias\\\/category\\\/agenda\\\/#listItem\",\"name\":\"Agenda\"}}]},{\"@type\":\"NewsArticle\",\"@id\":\"https:\\\/\\\/candas365.es\\\/noticias\\\/el-pajaro-azul-pone-en-marcha-una-nueva-edicion-de-la-campana-invitame-a-un-cafe\\\/#newsarticle\",\"name\":\"El P\\u00e1jaro Azul pone en marcha una nueva edici\\u00f3n de la campa\\u00f1a \\u2018Inv\\u00edtame a un caf\\u00e9\\u2019 | Cand\\u00e1s 365\",\"headline\":\"El P\\u00e1jaro Azul pone en marcha una nueva edici\\u00f3n de la campa\\u00f1a &#8216;Inv\\u00edtame a un caf\\u00e9&#8217;\",\"author\":{\"@id\":\"https:\\\/\\\/candas365.es\\\/noticias\\\/author\\\/admin\\\/#author\"},\"publisher\":{\"@id\":\"https:\\\/\\\/candas365.es\\\/noticias\\\/#organization\"},\"image\":{\"@type\":\"ImageObject\",\"url\":\"https:\\\/\\\/candas365.es\\\/noticias\\\/wp-content\\\/uploads\\\/2015\\\/12\\\/fotonoticia_20151217114124_800.jpg\",\"width\":800,\"height\":600},\"datePublished\":\"2015-12-17T21:59:36+01:00\",\"dateModified\":\"2015-12-17T21:59:36+01:00\",\"inLanguage\":\"es-ES\",\"mainEntityOfPage\":{\"@id\":\"https:\\\/\\\/candas365.es\\\/noticias\\\/el-pajaro-azul-pone-en-marcha-una-nueva-edicion-de-la-campana-invitame-a-un-cafe\\\/#webpage\"},\"isPartOf\":{\"@id\":\"https:\\\/\\\/candas365.es\\\/noticias\\\/el-pajaro-azul-pone-en-marcha-una-nueva-edicion-de-la-campana-invitame-a-un-cafe\\\/#webpage\"},\"articleSection\":\"Agenda\",\"dateline\":\"Publicado el diciembre 17, 2015.\"},{\"@type\":\"Organization\",\"@id\":\"https:\\\/\\\/candas365.es\\\/noticias\\\/#organization\",\"name\":\"Cand\\u00e1s 365\",\"description\":\"Cand\\u00e1s 365 es un diario digital independiente, fundado en 2012, con base en Asturias. Informamos con rigor sobre actualidad, sociedad, cultura y ocio, con una mirada local y global.\",\"url\":\"https:\\\/\\\/candas365.es\\\/noticias\\\/\",\"email\":\"info@candas365.es\",\"telephone\":\"+34652131393\",\"foundingDate\":\"2012-06-10\",\"logo\":{\"@type\":\"ImageObject\",\"url\":\"https:\\\/\\\/candas365.es\\\/noticias\\\/wp-content\\\/uploads\\\/2024\\\/09\\\/Candas-365-Redes.jpg\",\"@id\":\"https:\\\/\\\/candas365.es\\\/noticias\\\/el-pajaro-azul-pone-en-marcha-una-nueva-edicion-de-la-campana-invitame-a-un-cafe\\\/#organizationLogo\",\"width\":1152,\"height\":864,\"caption\":\"Cand\\u00e1s 365 Redes\"},\"image\":{\"@id\":\"https:\\\/\\\/candas365.es\\\/noticias\\\/el-pajaro-azul-pone-en-marcha-una-nueva-edicion-de-la-campana-invitame-a-un-cafe\\\/#organizationLogo\"},\"sameAs\":[\"https:\\\/\\\/www.facebook.com\\\/Nachofdezber\",\"https:\\\/\\\/x.com\\\/NabercoDigital\",\"https:\\\/\\\/www.instagram.com\\\/nachofdezber\\\/\",\"https:\\\/\\\/www.youtube.com\\\/channel\\\/UCZP-2wLEB9Rv6erhFmqVnvg\"],\"address\":{\"@id\":\"https:\\\/\\\/candas365.es\\\/noticias\\\/#postaladdress\",\"@type\":\"PostalAddress\",\"streetAddress\":\"san antonio 4, san antonio 4\",\"postalCode\":\"33430\",\"addressLocality\":\"Cand\\u00e1s\",\"addressRegion\":\"Asturias\",\"addressCountry\":\"ES\"}},{\"@type\":\"Person\",\"@id\":\"https:\\\/\\\/candas365.es\\\/noticias\\\/author\\\/admin\\\/#author\",\"url\":\"https:\\\/\\\/candas365.es\\\/noticias\\\/author\\\/admin\\\/\",\"name\":\"Cand\\u00e1s 365\",\"image\":{\"@type\":\"ImageObject\",\"@id\":\"https:\\\/\\\/candas365.es\\\/noticias\\\/el-pajaro-azul-pone-en-marcha-una-nueva-edicion-de-la-campana-invitame-a-un-cafe\\\/#authorImage\",\"url\":\"https:\\\/\\\/secure.gravatar.com\\\/avatar\\\/496a8e03d0c493ede1718b7934145dbdf8d89be1036b0eec9544e1094c9de390?s=96&d=mm&r=g\",\"width\":96,\"height\":96,\"caption\":\"Cand\\u00e1s 365\"},\"sameAs\":[\"https:\\\/\\\/www.facebook.com\\\/carrenoactualidad\",\"https:\\\/\\\/twitter.com\\\/nbasturias\",\"https:\\\/\\\/www.instagram.com\\\/nachofdezber\\\/\",\"https:\\\/\\\/www.youtube.com\\\/channel\\\/UCZP-2wLEB9Rv6erhFmqVnvg\"]},{\"@type\":\"WebPage\",\"@id\":\"https:\\\/\\\/candas365.es\\\/noticias\\\/el-pajaro-azul-pone-en-marcha-una-nueva-edicion-de-la-campana-invitame-a-un-cafe\\\/#webpage\",\"url\":\"https:\\\/\\\/candas365.es\\\/noticias\\\/el-pajaro-azul-pone-en-marcha-una-nueva-edicion-de-la-campana-invitame-a-un-cafe\\\/\",\"name\":\"El P\\u00e1jaro Azul pone en marcha una nueva edici\\u00f3n de la campa\\u00f1a \\u2018Inv\\u00edtame a un caf\\u00e9\\u2019 | Cand\\u00e1s 365\",\"description\":\"La Fundaci\\u00f3n El P\\u00e1jaro Azul ha presentado este jueves una nueva edici\\u00f3n, y ya es la quinta, de la campa\\u00f1a del Caf\\u00e9 Solidario 'Inv\\u00edtame a un caf\\u00e9', que se desarrollar\\u00e1 entre el 18 de diciembre y el 17 de enero en casi una treintena de establecimientos hosteleros de Oviedo y otras ciudades de Asturias. Esta\",\"inLanguage\":\"es-ES\",\"isPartOf\":{\"@id\":\"https:\\\/\\\/candas365.es\\\/noticias\\\/#website\"},\"breadcrumb\":{\"@id\":\"https:\\\/\\\/candas365.es\\\/noticias\\\/el-pajaro-azul-pone-en-marcha-una-nueva-edicion-de-la-campana-invitame-a-un-cafe\\\/#breadcrumblist\"},\"author\":{\"@id\":\"https:\\\/\\\/candas365.es\\\/noticias\\\/author\\\/admin\\\/#author\"},\"creator\":{\"@id\":\"https:\\\/\\\/candas365.es\\\/noticias\\\/author\\\/admin\\\/#author\"},\"image\":{\"@type\":\"ImageObject\",\"url\":\"https:\\\/\\\/candas365.es\\\/noticias\\\/wp-content\\\/uploads\\\/2015\\\/12\\\/fotonoticia_20151217114124_800.jpg\",\"@id\":\"https:\\\/\\\/candas365.es\\\/noticias\\\/el-pajaro-azul-pone-en-marcha-una-nueva-edicion-de-la-campana-invitame-a-un-cafe\\\/#mainImage\",\"width\":800,\"height\":600},\"primaryImageOfPage\":{\"@id\":\"https:\\\/\\\/candas365.es\\\/noticias\\\/el-pajaro-azul-pone-en-marcha-una-nueva-edicion-de-la-campana-invitame-a-un-cafe\\\/#mainImage\"},\"datePublished\":\"2015-12-17T21:59:36+01:00\",\"dateModified\":\"2015-12-17T21:59:36+01:00\"},{\"@type\":\"WebSite\",\"@id\":\"https:\\\/\\\/candas365.es\\\/noticias\\\/#website\",\"url\":\"https:\\\/\\\/candas365.es\\\/noticias\\\/\",\"name\":\"Cand\\u00e1s 365\",\"alternateName\":\"Cand\\u00e1s 365 Noticias\",\"description\":\"Actualidad desde Carre\\u00f1o para el mundo\",\"inLanguage\":\"es-ES\",\"publisher\":{\"@id\":\"https:\\\/\\\/candas365.es\\\/noticias\\\/#organization\"}}]}\n\t\t<\/script>\n\t\t<!-- All in One SEO Pro -->\r\n\t\t<title>El P\u00e1jaro Azul pone en marcha una nueva edici\u00f3n de la campa\u00f1a \u2018Inv\u00edtame a un caf\u00e9\u2019 | Cand\u00e1s 365<\/title>\n\n","aioseo_head_json":{"title":"El P\u00e1jaro Azul pone en marcha una nueva edici\u00f3n de la campa\u00f1a \u2018Inv\u00edtame a un caf\u00e9\u2019 | Cand\u00e1s 365","description":"La Fundaci\u00f3n El P\u00e1jaro Azul ha presentado este jueves una nueva edici\u00f3n, y ya es la quinta, de la campa\u00f1a del Caf\u00e9 Solidario 'Inv\u00edtame a un caf\u00e9', que se desarrollar\u00e1 entre el 18 de diciembre y el 17 de enero en casi una treintena de establecimientos hosteleros de Oviedo y otras ciudades de Asturias. Esta","canonical_url":"https:\/\/candas365.es\/noticias\/el-pajaro-azul-pone-en-marcha-una-nueva-edicion-de-la-campana-invitame-a-un-cafe\/","robots":"max-image-preview:large","keywords":"agenda","webmasterTools":{"google-site-verification":"UA-32230408-1","msvalidate.01":"354F3CDFB2DA171B47FBE9ABF1F88D5","miscellaneous":""},"schema":{"@context":"https:\/\/schema.org","@graph":[{"@type":"BreadcrumbList","@id":"https:\/\/candas365.es\/noticias\/el-pajaro-azul-pone-en-marcha-una-nueva-edicion-de-la-campana-invitame-a-un-cafe\/#breadcrumblist","itemListElement":[{"@type":"ListItem","@id":"https:\/\/candas365.es\/noticias#listItem","position":1,"name":"Home","item":"https:\/\/candas365.es\/noticias","nextItem":{"@type":"ListItem","@id":"https:\/\/candas365.es\/noticias\/category\/agenda\/#listItem","name":"Agenda"}},{"@type":"ListItem","@id":"https:\/\/candas365.es\/noticias\/category\/agenda\/#listItem","position":2,"name":"Agenda","item":"https:\/\/candas365.es\/noticias\/category\/agenda\/","nextItem":{"@type":"ListItem","@id":"https:\/\/candas365.es\/noticias\/el-pajaro-azul-pone-en-marcha-una-nueva-edicion-de-la-campana-invitame-a-un-cafe\/#listItem","name":"El P\u00e1jaro Azul pone en marcha una nueva edici\u00f3n de la campa\u00f1a &#8216;Inv\u00edtame a un caf\u00e9&#8217;"},"previousItem":{"@type":"ListItem","@id":"https:\/\/candas365.es\/noticias#listItem","name":"Home"}},{"@type":"ListItem","@id":"https:\/\/candas365.es\/noticias\/el-pajaro-azul-pone-en-marcha-una-nueva-edicion-de-la-campana-invitame-a-un-cafe\/#listItem","position":3,"name":"El P\u00e1jaro Azul pone en marcha una nueva edici\u00f3n de la campa\u00f1a &#8216;Inv\u00edtame a un caf\u00e9&#8217;","previousItem":{"@type":"ListItem","@id":"https:\/\/candas365.es\/noticias\/category\/agenda\/#listItem","name":"Agenda"}}]},{"@type":"NewsArticle","@id":"https:\/\/candas365.es\/noticias\/el-pajaro-azul-pone-en-marcha-una-nueva-edicion-de-la-campana-invitame-a-un-cafe\/#newsarticle","name":"El P\u00e1jaro Azul pone en marcha una nueva edici\u00f3n de la campa\u00f1a \u2018Inv\u00edtame a un caf\u00e9\u2019 | Cand\u00e1s 365","headline":"El P\u00e1jaro Azul pone en marcha una nueva edici\u00f3n de la campa\u00f1a &#8216;Inv\u00edtame a un caf\u00e9&#8217;","author":{"@id":"https:\/\/candas365.es\/noticias\/author\/admin\/#author"},"publisher":{"@id":"https:\/\/candas365.es\/noticias\/#organization"},"image":{"@type":"ImageObject","url":"https:\/\/candas365.es\/noticias\/wp-content\/uploads\/2015\/12\/fotonoticia_20151217114124_800.jpg","width":800,"height":600},"datePublished":"2015-12-17T21:59:36+01:00","dateModified":"2015-12-17T21:59:36+01:00","inLanguage":"es-ES","mainEntityOfPage":{"@id":"https:\/\/candas365.es\/noticias\/el-pajaro-azul-pone-en-marcha-una-nueva-edicion-de-la-campana-invitame-a-un-cafe\/#webpage"},"isPartOf":{"@id":"https:\/\/candas365.es\/noticias\/el-pajaro-azul-pone-en-marcha-una-nueva-edicion-de-la-campana-invitame-a-un-cafe\/#webpage"},"articleSection":"Agenda","dateline":"Publicado el diciembre 17, 2015."},{"@type":"Organization","@id":"https:\/\/candas365.es\/noticias\/#organization","name":"Cand\u00e1s 365","description":"Cand\u00e1s 365 es un diario digital independiente, fundado en 2012, con base en Asturias. Informamos con rigor sobre actualidad, sociedad, cultura y ocio, con una mirada local y global.","url":"https:\/\/candas365.es\/noticias\/","email":"info@candas365.es","telephone":"+34652131393","foundingDate":"2012-06-10","logo":{"@type":"ImageObject","url":"https:\/\/candas365.es\/noticias\/wp-content\/uploads\/2024\/09\/Candas-365-Redes.jpg","@id":"https:\/\/candas365.es\/noticias\/el-pajaro-azul-pone-en-marcha-una-nueva-edicion-de-la-campana-invitame-a-un-cafe\/#organizationLogo","width":1152,"height":864,"caption":"Cand\u00e1s 365 Redes"},"image":{"@id":"https:\/\/candas365.es\/noticias\/el-pajaro-azul-pone-en-marcha-una-nueva-edicion-de-la-campana-invitame-a-un-cafe\/#organizationLogo"},"sameAs":["https:\/\/www.facebook.com\/Nachofdezber","https:\/\/x.com\/NabercoDigital","https:\/\/www.instagram.com\/nachofdezber\/","https:\/\/www.youtube.com\/channel\/UCZP-2wLEB9Rv6erhFmqVnvg"],"address":{"@id":"https:\/\/candas365.es\/noticias\/#postaladdress","@type":"PostalAddress","streetAddress":"san antonio 4, san antonio 4","postalCode":"33430","addressLocality":"Cand\u00e1s","addressRegion":"Asturias","addressCountry":"ES"}},{"@type":"Person","@id":"https:\/\/candas365.es\/noticias\/author\/admin\/#author","url":"https:\/\/candas365.es\/noticias\/author\/admin\/","name":"Cand\u00e1s 365","image":{"@type":"ImageObject","@id":"https:\/\/candas365.es\/noticias\/el-pajaro-azul-pone-en-marcha-una-nueva-edicion-de-la-campana-invitame-a-un-cafe\/#authorImage","url":"https:\/\/secure.gravatar.com\/avatar\/496a8e03d0c493ede1718b7934145dbdf8d89be1036b0eec9544e1094c9de390?s=96&d=mm&r=g","width":96,"height":96,"caption":"Cand\u00e1s 365"},"sameAs":["https:\/\/www.facebook.com\/carrenoactualidad","https:\/\/twitter.com\/nbasturias","https:\/\/www.instagram.com\/nachofdezber\/","https:\/\/www.youtube.com\/channel\/UCZP-2wLEB9Rv6erhFmqVnvg"]},{"@type":"WebPage","@id":"https:\/\/candas365.es\/noticias\/el-pajaro-azul-pone-en-marcha-una-nueva-edicion-de-la-campana-invitame-a-un-cafe\/#webpage","url":"https:\/\/candas365.es\/noticias\/el-pajaro-azul-pone-en-marcha-una-nueva-edicion-de-la-campana-invitame-a-un-cafe\/","name":"El P\u00e1jaro Azul pone en marcha una nueva edici\u00f3n de la campa\u00f1a \u2018Inv\u00edtame a un caf\u00e9\u2019 | Cand\u00e1s 365","description":"La Fundaci\u00f3n El P\u00e1jaro Azul ha presentado este jueves una nueva edici\u00f3n, y ya es la quinta, de la campa\u00f1a del Caf\u00e9 Solidario 'Inv\u00edtame a un caf\u00e9', que se desarrollar\u00e1 entre el 18 de diciembre y el 17 de enero en casi una treintena de establecimientos hosteleros de Oviedo y otras ciudades de Asturias. Esta","inLanguage":"es-ES","isPartOf":{"@id":"https:\/\/candas365.es\/noticias\/#website"},"breadcrumb":{"@id":"https:\/\/candas365.es\/noticias\/el-pajaro-azul-pone-en-marcha-una-nueva-edicion-de-la-campana-invitame-a-un-cafe\/#breadcrumblist"},"author":{"@id":"https:\/\/candas365.es\/noticias\/author\/admin\/#author"},"creator":{"@id":"https:\/\/candas365.es\/noticias\/author\/admin\/#author"},"image":{"@type":"ImageObject","url":"https:\/\/candas365.es\/noticias\/wp-content\/uploads\/2015\/12\/fotonoticia_20151217114124_800.jpg","@id":"https:\/\/candas365.es\/noticias\/el-pajaro-azul-pone-en-marcha-una-nueva-edicion-de-la-campana-invitame-a-un-cafe\/#mainImage","width":800,"height":600},"primaryImageOfPage":{"@id":"https:\/\/candas365.es\/noticias\/el-pajaro-azul-pone-en-marcha-una-nueva-edicion-de-la-campana-invitame-a-un-cafe\/#mainImage"},"datePublished":"2015-12-17T21:59:36+01:00","dateModified":"2015-12-17T21:59:36+01:00"},{"@type":"WebSite","@id":"https:\/\/candas365.es\/noticias\/#website","url":"https:\/\/candas365.es\/noticias\/","name":"Cand\u00e1s 365","alternateName":"Cand\u00e1s 365 Noticias","description":"Actualidad desde Carre\u00f1o para el mundo","inLanguage":"es-ES","publisher":{"@id":"https:\/\/candas365.es\/noticias\/#organization"}}]},"og:locale":"es_ES","og:site_name":"Cand\u00e1s 365","og:type":"article","og:title":"El P\u00e1jaro Azul pone en marcha una nueva edici\u00f3n de la campa\u00f1a \u2018Inv\u00edtame a un caf\u00e9\u2019 | Cand\u00e1s 365","og:description":"La Fundaci\u00f3n El P\u00e1jaro Azul ha presentado este jueves una nueva edici\u00f3n, y ya es la quinta, de la campa\u00f1a del Caf\u00e9 Solidario 'Inv\u00edtame a un caf\u00e9', que se desarrollar\u00e1 entre el 18 de diciembre y el 17 de enero en casi una treintena de establecimientos hosteleros de Oviedo y otras ciudades de Asturias. Esta","og:url":"https:\/\/candas365.es\/noticias\/el-pajaro-azul-pone-en-marcha-una-nueva-edicion-de-la-campana-invitame-a-un-cafe\/","og:image":"https:\/\/candas365.es\/noticias\/wp-content\/uploads\/2015\/12\/fotonoticia_20151217114124_800.jpg","og:image:secure_url":"https:\/\/candas365.es\/noticias\/wp-content\/uploads\/2015\/12\/fotonoticia_20151217114124_800.jpg","og:image:width":800,"og:image:height":600,"article:published_time":"2015-12-17T20:29:36+00:00","article:modified_time":"2015-12-17T20:29:36+00:00","article:publisher":"https:\/\/www.facebook.com\/Nachofdezber","article:author":"https:\/\/www.facebook.com\/carrenoactualidad","twitter:card":"summary_large_image","twitter:site":"@NabercoDigital","twitter:title":"El P\u00e1jaro Azul pone en marcha una nueva edici\u00f3n de la campa\u00f1a \u2018Inv\u00edtame a un caf\u00e9\u2019 | Cand\u00e1s 365","twitter:description":"La Fundaci\u00f3n El P\u00e1jaro Azul ha presentado este jueves una nueva edici\u00f3n, y ya es la quinta, de la campa\u00f1a del Caf\u00e9 Solidario 'Inv\u00edtame a un caf\u00e9', que se desarrollar\u00e1 entre el 18 de diciembre y el 17 de enero en casi una treintena de establecimientos hosteleros de Oviedo y otras ciudades de Asturias. Esta","twitter:creator":"@nbasturias","twitter:image":"https:\/\/candas365.es\/noticias\/wp-content\/uploads\/2015\/12\/fotonoticia_20151217114124_800.jpg","twitter:label1":"Escrito por","twitter:data1":"Cand\u00e1s 365","twitter:label2":"Tiempo de lectura estimado","twitter:data2":"2 minutos"},"aioseo_meta_data":{"post_id":"22375","title":null,"description":null,"keywords":null,"keyphrases":null,"primary_term":null,"canonical_url":null,"og_title":null,"og_description":null,"og_object_type":"default","og_image_type":"default","og_image_url":null,"og_image_width":null,"og_image_height":null,"og_image_custom_url":null,"og_image_custom_fields":null,"og_video":null,"og_custom_url":null,"og_article_section":null,"og_article_tags":null,"twitter_use_og":false,"twitter_card":"default","twitter_image_type":"default","twitter_image_url":null,"twitter_image_custom_url":null,"twitter_image_custom_fields":null,"twitter_title":null,"twitter_description":null,"schema":{"blockGraphs":[],"customGraphs":[],"default":{"data":{"Article":[],"Course":[],"Dataset":[],"FAQPage":[],"Movie":[],"Person":[],"Product":[],"ProductReview":[],"Car":[],"Recipe":[],"Service":[],"SoftwareApplication":[],"WebPage":[]},"graphName":"","isEnabled":true},"graphs":[],"defaultGraph":"","defaultPostTypeGraph":""},"schema_type":null,"schema_type_options":null,"pillar_content":false,"robots_default":true,"robots_noindex":false,"robots_noarchive":false,"robots_nosnippet":false,"robots_nofollow":false,"robots_noimageindex":false,"robots_noodp":false,"robots_notranslate":false,"robots_max_snippet":null,"robots_max_videopreview":null,"robots_max_imagepreview":"large","priority":null,"frequency":null,"location":null,"local_seo":null,"seo_analyzer_scan_date":"2025-08-24 01:18:19","breadcrumb_settings":null,"limit_modified_date":false,"reviewed_by":null,"open_ai":null,"ai":null,"created":"2020-12-21 11:59:58","updated":"2025-08-24 01:18:19"},"aioseo_breadcrumb":"<div class=\"aioseo-breadcrumbs\"><span class=\"aioseo-breadcrumb\">\n\t<a href=\"https:\/\/candas365.es\/noticias\" title=\"Home\">Home<\/a>\n<\/span><span class=\"aioseo-breadcrumb-separator\">&ndash;<\/span><span class=\"aioseo-breadcrumb\">\n\t<a href=\"https:\/\/candas365.es\/noticias\/category\/agenda\/\" title=\"Agenda\">Agenda<\/a>\n<\/span><span class=\"aioseo-breadcrumb-separator\">&ndash;<\/span><span class=\"aioseo-breadcrumb\">\n\tEl P\u00e1jaro Azul pone en marcha una nueva edici\u00f3n de la campa\u00f1a \u2018Inv\u00edtame a un caf\u00e9\u2019\n<\/span><\/div>","aioseo_breadcrumb_json":[{"label":"Home","link":"https:\/\/candas365.es\/noticias"},{"label":"Agenda","link":"https:\/\/candas365.es\/noticias\/category\/agenda\/"},{"label":"El P\u00e1jaro Azul pone en marcha una nueva edici\u00f3n de la campa\u00f1a &#8216;Inv\u00edtame a un caf\u00e9&#8217;","link":"https:\/\/candas365.es\/noticias\/el-pajaro-azul-pone-en-marcha-una-nueva-edicion-de-la-campana-invitame-a-un-cafe\/"}],"_links":{"self":[{"href":"https:\/\/candas365.es\/noticias\/wp-json\/wp\/v2\/posts\/22375","targetHints":{"allow":["GET"]}}],"collection":[{"href":"https:\/\/candas365.es\/noticias\/wp-json\/wp\/v2\/posts"}],"about":[{"href":"https:\/\/candas365.es\/noticias\/wp-json\/wp\/v2\/types\/post"}],"author":[{"embeddable":true,"href":"https:\/\/candas365.es\/noticias\/wp-json\/wp\/v2\/users\/1"}],"replies":[{"embeddable":true,"href":"https:\/\/candas365.es\/noticias\/wp-json\/wp\/v2\/comments?post=22375"}],"version-history":[{"count":0,"href":"https:\/\/candas365.es\/noticias\/wp-json\/wp\/v2\/posts\/22375\/revisions"}],"wp:featuredmedia":[{"embeddable":true,"href":"https:\/\/candas365.es\/noticias\/wp-json\/wp\/v2\/media\/22376"}],"wp:attachment":[{"href":"https:\/\/candas365.es\/noticias\/wp-json\/wp\/v2\/media?parent=22375"}],"wp:term":[{"taxonomy":"category","embeddable":true,"href":"https:\/\/candas365.es\/noticias\/wp-json\/wp\/v2\/categories?post=22375"},{"taxonomy":"post_tag","embeddable":true,"href":"https:\/\/candas365.es\/noticias\/wp-json\/wp\/v2\/tags?post=22375"}],"curies":[{"name":"wp","href":"https:\/\/api.w.org\/{rel}","templated":true}]}}