{"id":22144,"date":"2015-12-15T01:52:01","date_gmt":"2015-12-15T00:22:01","guid":{"rendered":"http:\/\/candas365.es\/noticias\/?p=22144"},"modified":"2015-12-15T01:52:01","modified_gmt":"2015-12-15T00:22:01","slug":"vueling-conectara-ocho-destinos-con-el-aeropuerto-de-asturias-durante-las-navidades","status":"publish","type":"post","link":"https:\/\/candas365.es\/noticias\/vueling-conectara-ocho-destinos-con-el-aeropuerto-de-asturias-durante-las-navidades\/","title":{"rendered":"Vueling conectar\u00e1 ocho destinos con el Aeropuerto de Asturias durante las navidades"},"content":{"rendered":"<p><img fetchpriority=\"high\" decoding=\"async\" class=\"alignleft size-medium wp-image-22145\" src=\"https:\/\/candas365.es\/noticias\/wp-content\/uploads\/2015\/12\/fotonoticia_20151214191006_800-360x250.jpg\" alt=\"fotonoticia_20151214191006_800\" width=\"360\" height=\"250\" srcset=\"https:\/\/candas365.es\/noticias\/wp-content\/uploads\/2015\/12\/fotonoticia_20151214191006_800-360x250.jpg 360w, https:\/\/candas365.es\/noticias\/wp-content\/uploads\/2015\/12\/fotonoticia_20151214191006_800-650x451.jpg 650w, https:\/\/candas365.es\/noticias\/wp-content\/uploads\/2015\/12\/fotonoticia_20151214191006_800-768x533.jpg 768w, https:\/\/candas365.es\/noticias\/wp-content\/uploads\/2015\/12\/fotonoticia_20151214191006_800-150x104.jpg 150w, https:\/\/candas365.es\/noticias\/wp-content\/uploads\/2015\/12\/fotonoticia_20151214191006_800-450x312.jpg 450w, https:\/\/candas365.es\/noticias\/wp-content\/uploads\/2015\/12\/fotonoticia_20151214191006_800-655x454.jpg 655w, https:\/\/candas365.es\/noticias\/wp-content\/uploads\/2015\/12\/fotonoticia_20151214191006_800-100x70.jpg 100w, https:\/\/candas365.es\/noticias\/wp-content\/uploads\/2015\/12\/fotonoticia_20151214191006_800-218x150.jpg 218w, https:\/\/candas365.es\/noticias\/wp-content\/uploads\/2015\/12\/fotonoticia_20151214191006_800-696x483.jpg 696w, https:\/\/candas365.es\/noticias\/wp-content\/uploads\/2015\/12\/fotonoticia_20151214191006_800-605x420.jpg 605w, https:\/\/candas365.es\/noticias\/wp-content\/uploads\/2015\/12\/fotonoticia_20151214191006_800.jpg 800w\" sizes=\"(max-width: 360px) 100vw, 360px\" \/>Vueling ha lanzado este lunes una promoci\u00f3n especial de Navidad, por la cual conectar\u00e1 Asturias con Alicante, Gran Canaria, Mallorca y Sevilla. Adem\u00e1s, a estas nuevas rutas se suma la conexi\u00f3n que tiene activa durante la campa\u00f1a de invierno con la isla de Lanzarote. En total, la compa\u00f1\u00eda suma ocho destinos directos desde el Aeropuerto de Asturias.<\/p>\n<p>Precisamente, con el fin de incentivar los viajes durante las pr\u00f3ximas fiestas, la aerol\u00ednea ha puesto hoy en marcha una promoci\u00f3n navide\u00f1a con 45.000 plazas a 49,99 euros para volar entre el 18 de diciembre y el 11 de enero, seg\u00fan ha informado Vueling en un comunicado de prensa.<\/p>\n<p>Los usuarios que se quieran beneficiar ya pueden utilizar el c\u00f3digo de descuento, \u00abPROMOCHRISTMAS\u00bb, y realizar la reserva a trav\u00e9s de la p\u00e1gina web de Vueling (www.vueling.com), la App para smartphones y agencias de viajes.<\/p>\n","protected":false},"excerpt":{"rendered":"<p>Vueling ha lanzado este lunes una promoci\u00f3n especial de Navidad, por la cual conectar\u00e1 Asturias con Alicante, Gran Canaria, Mallorca y Sevilla. Adem\u00e1s, a estas nuevas rutas se suma la conexi\u00f3n que tiene activa durante la campa\u00f1a de invierno con la isla de Lanzarote. En total, la compa\u00f1\u00eda suma ocho destinos directos desde el Aeropuerto<\/p>\n","protected":false},"author":1,"featured_media":22145,"comment_status":"closed","ping_status":"closed","sticky":false,"template":"","format":"standard","meta":{"footnotes":""},"categories":[1],"tags":[],"class_list":{"0":"post-22144","1":"post","2":"type-post","3":"status-publish","4":"format-standard","5":"has-post-thumbnail","7":"category-agenda"},"aioseo_notices":[],"aioseo_head":"\n\t\t<!-- All in One SEO Pro 4.9.6.2 - aioseo.com -->\n\t<meta name=\"description\" content=\"Vueling ha lanzado este lunes una promoci\u00f3n especial de Navidad, por la cual conectar\u00e1 Asturias con Alicante, Gran Canaria, Mallorca y Sevilla. Adem\u00e1s, a estas nuevas rutas se suma la conexi\u00f3n que tiene activa durante la campa\u00f1a de invierno con la isla de Lanzarote. En total, la compa\u00f1\u00eda suma ocho destinos directos desde el Aeropuerto\" \/>\n\t<meta name=\"robots\" content=\"max-image-preview:large\" \/>\n\t<meta name=\"author\" content=\"Cand\u00e1s 365\"\/>\n\t<meta name=\"google-site-verification\" content=\"UA-32230408-1\" \/>\n\t<meta name=\"msvalidate.01\" content=\"354F3CDFB2DA171B47FBE9ABF1F88D5\" \/>\n\t<meta name=\"keywords\" content=\"agenda\" \/>\n\t<link rel=\"canonical\" href=\"https:\/\/candas365.es\/noticias\/vueling-conectara-ocho-destinos-con-el-aeropuerto-de-asturias-durante-las-navidades\/\" \/>\n\t<meta name=\"generator\" content=\"All in One SEO Pro (AIOSEO) 4.9.6.2\" \/>\n\t\t<meta property=\"og:locale\" content=\"es_ES\" \/>\n\t\t<meta property=\"og:site_name\" content=\"Cand\u00e1s 365\" \/>\n\t\t<meta property=\"og:type\" content=\"article\" \/>\n\t\t<meta property=\"og:title\" content=\"Vueling conectar\u00e1 ocho destinos con el Aeropuerto de Asturias durante las navidades | Cand\u00e1s 365\" \/>\n\t\t<meta property=\"og:description\" content=\"Vueling ha lanzado este lunes una promoci\u00f3n especial de Navidad, por la cual conectar\u00e1 Asturias con Alicante, Gran Canaria, Mallorca y Sevilla. Adem\u00e1s, a estas nuevas rutas se suma la conexi\u00f3n que tiene activa durante la campa\u00f1a de invierno con la isla de Lanzarote. En total, la compa\u00f1\u00eda suma ocho destinos directos desde el Aeropuerto\" \/>\n\t\t<meta property=\"og:url\" content=\"https:\/\/candas365.es\/noticias\/vueling-conectara-ocho-destinos-con-el-aeropuerto-de-asturias-durante-las-navidades\/\" \/>\n\t\t<meta property=\"og:image\" content=\"https:\/\/candas365.es\/noticias\/wp-content\/uploads\/2015\/12\/fotonoticia_20151214191006_800.jpg\" \/>\n\t\t<meta property=\"og:image:secure_url\" content=\"https:\/\/candas365.es\/noticias\/wp-content\/uploads\/2015\/12\/fotonoticia_20151214191006_800.jpg\" \/>\n\t\t<meta property=\"og:image:width\" content=\"800\" \/>\n\t\t<meta property=\"og:image:height\" content=\"555\" \/>\n\t\t<meta property=\"article:published_time\" content=\"2015-12-15T00:22:01+00:00\" \/>\n\t\t<meta property=\"article:modified_time\" content=\"2015-12-15T00:22:01+00:00\" \/>\n\t\t<meta property=\"article:publisher\" content=\"https:\/\/www.facebook.com\/Nachofdezber\" \/>\n\t\t<meta property=\"article:author\" content=\"https:\/\/www.facebook.com\/carrenoactualidad\" \/>\n\t\t<meta name=\"twitter:card\" content=\"summary_large_image\" \/>\n\t\t<meta name=\"twitter:site\" content=\"@NabercoDigital\" \/>\n\t\t<meta name=\"twitter:title\" content=\"Vueling conectar\u00e1 ocho destinos con el Aeropuerto de Asturias durante las navidades | Cand\u00e1s 365\" \/>\n\t\t<meta name=\"twitter:description\" content=\"Vueling ha lanzado este lunes una promoci\u00f3n especial de Navidad, por la cual conectar\u00e1 Asturias con Alicante, Gran Canaria, Mallorca y Sevilla. Adem\u00e1s, a estas nuevas rutas se suma la conexi\u00f3n que tiene activa durante la campa\u00f1a de invierno con la isla de Lanzarote. En total, la compa\u00f1\u00eda suma ocho destinos directos desde el Aeropuerto\" \/>\n\t\t<meta name=\"twitter:creator\" content=\"@nbasturias\" \/>\n\t\t<meta name=\"twitter:image\" content=\"https:\/\/candas365.es\/noticias\/wp-content\/uploads\/2015\/12\/fotonoticia_20151214191006_800.jpg\" \/>\n\t\t<meta name=\"twitter:label1\" content=\"Escrito por\" \/>\n\t\t<meta name=\"twitter:data1\" content=\"Cand\u00e1s 365\" \/>\n\t\t<meta name=\"twitter:label2\" content=\"Tiempo de lectura estimado\" \/>\n\t\t<meta name=\"twitter:data2\" content=\"1 minuto\" \/>\n\t\t<script type=\"application\/ld+json\" class=\"aioseo-schema\">\n\t\t\t{\"@context\":\"https:\\\/\\\/schema.org\",\"@graph\":[{\"@type\":\"BreadcrumbList\",\"@id\":\"https:\\\/\\\/candas365.es\\\/noticias\\\/vueling-conectara-ocho-destinos-con-el-aeropuerto-de-asturias-durante-las-navidades\\\/#breadcrumblist\",\"itemListElement\":[{\"@type\":\"ListItem\",\"@id\":\"https:\\\/\\\/candas365.es\\\/noticias#listItem\",\"position\":1,\"name\":\"Home\",\"item\":\"https:\\\/\\\/candas365.es\\\/noticias\",\"nextItem\":{\"@type\":\"ListItem\",\"@id\":\"https:\\\/\\\/candas365.es\\\/noticias\\\/category\\\/agenda\\\/#listItem\",\"name\":\"Agenda\"}},{\"@type\":\"ListItem\",\"@id\":\"https:\\\/\\\/candas365.es\\\/noticias\\\/category\\\/agenda\\\/#listItem\",\"position\":2,\"name\":\"Agenda\",\"item\":\"https:\\\/\\\/candas365.es\\\/noticias\\\/category\\\/agenda\\\/\",\"nextItem\":{\"@type\":\"ListItem\",\"@id\":\"https:\\\/\\\/candas365.es\\\/noticias\\\/vueling-conectara-ocho-destinos-con-el-aeropuerto-de-asturias-durante-las-navidades\\\/#listItem\",\"name\":\"Vueling conectar\\u00e1 ocho destinos con el Aeropuerto de Asturias durante las navidades\"},\"previousItem\":{\"@type\":\"ListItem\",\"@id\":\"https:\\\/\\\/candas365.es\\\/noticias#listItem\",\"name\":\"Home\"}},{\"@type\":\"ListItem\",\"@id\":\"https:\\\/\\\/candas365.es\\\/noticias\\\/vueling-conectara-ocho-destinos-con-el-aeropuerto-de-asturias-durante-las-navidades\\\/#listItem\",\"position\":3,\"name\":\"Vueling conectar\\u00e1 ocho destinos con el Aeropuerto de Asturias durante las navidades\",\"previousItem\":{\"@type\":\"ListItem\",\"@id\":\"https:\\\/\\\/candas365.es\\\/noticias\\\/category\\\/agenda\\\/#listItem\",\"name\":\"Agenda\"}}]},{\"@type\":\"NewsArticle\",\"@id\":\"https:\\\/\\\/candas365.es\\\/noticias\\\/vueling-conectara-ocho-destinos-con-el-aeropuerto-de-asturias-durante-las-navidades\\\/#newsarticle\",\"name\":\"Vueling conectar\\u00e1 ocho destinos con el Aeropuerto de Asturias durante las navidades | Cand\\u00e1s 365\",\"headline\":\"Vueling conectar\\u00e1 ocho destinos con el Aeropuerto de Asturias durante las navidades\",\"author\":{\"@id\":\"https:\\\/\\\/candas365.es\\\/noticias\\\/author\\\/admin\\\/#author\"},\"publisher\":{\"@id\":\"https:\\\/\\\/candas365.es\\\/noticias\\\/#organization\"},\"image\":{\"@type\":\"ImageObject\",\"url\":\"https:\\\/\\\/candas365.es\\\/noticias\\\/wp-content\\\/uploads\\\/2015\\\/12\\\/fotonoticia_20151214191006_800.jpg\",\"width\":800,\"height\":555},\"datePublished\":\"2015-12-15T01:52:01+01:00\",\"dateModified\":\"2015-12-15T01:52:01+01:00\",\"inLanguage\":\"es-ES\",\"mainEntityOfPage\":{\"@id\":\"https:\\\/\\\/candas365.es\\\/noticias\\\/vueling-conectara-ocho-destinos-con-el-aeropuerto-de-asturias-durante-las-navidades\\\/#webpage\"},\"isPartOf\":{\"@id\":\"https:\\\/\\\/candas365.es\\\/noticias\\\/vueling-conectara-ocho-destinos-con-el-aeropuerto-de-asturias-durante-las-navidades\\\/#webpage\"},\"articleSection\":\"Agenda\",\"dateline\":\"Publicado el diciembre 15, 2015.\"},{\"@type\":\"Organization\",\"@id\":\"https:\\\/\\\/candas365.es\\\/noticias\\\/#organization\",\"name\":\"Cand\\u00e1s 365\",\"description\":\"Cand\\u00e1s 365 es un diario digital independiente, fundado en 2012, con base en Asturias. Informamos con rigor sobre actualidad, sociedad, cultura y ocio, con una mirada local y global.\",\"url\":\"https:\\\/\\\/candas365.es\\\/noticias\\\/\",\"email\":\"info@candas365.es\",\"telephone\":\"+34652131393\",\"foundingDate\":\"2012-06-10\",\"logo\":{\"@type\":\"ImageObject\",\"url\":\"https:\\\/\\\/candas365.es\\\/noticias\\\/wp-content\\\/uploads\\\/2024\\\/09\\\/Candas-365-Redes.jpg\",\"@id\":\"https:\\\/\\\/candas365.es\\\/noticias\\\/vueling-conectara-ocho-destinos-con-el-aeropuerto-de-asturias-durante-las-navidades\\\/#organizationLogo\",\"width\":1152,\"height\":864,\"caption\":\"Cand\\u00e1s 365 Redes\"},\"image\":{\"@id\":\"https:\\\/\\\/candas365.es\\\/noticias\\\/vueling-conectara-ocho-destinos-con-el-aeropuerto-de-asturias-durante-las-navidades\\\/#organizationLogo\"},\"sameAs\":[\"https:\\\/\\\/www.facebook.com\\\/Nachofdezber\",\"https:\\\/\\\/x.com\\\/NabercoDigital\",\"https:\\\/\\\/www.instagram.com\\\/nachofdezber\\\/\",\"https:\\\/\\\/www.youtube.com\\\/channel\\\/UCZP-2wLEB9Rv6erhFmqVnvg\"],\"address\":{\"@id\":\"https:\\\/\\\/candas365.es\\\/noticias\\\/#postaladdress\",\"@type\":\"PostalAddress\",\"streetAddress\":\"san antonio 4, san antonio 4\",\"postalCode\":\"33430\",\"addressLocality\":\"Cand\\u00e1s\",\"addressRegion\":\"Asturias\",\"addressCountry\":\"ES\"}},{\"@type\":\"Person\",\"@id\":\"https:\\\/\\\/candas365.es\\\/noticias\\\/author\\\/admin\\\/#author\",\"url\":\"https:\\\/\\\/candas365.es\\\/noticias\\\/author\\\/admin\\\/\",\"name\":\"Cand\\u00e1s 365\",\"image\":{\"@type\":\"ImageObject\",\"@id\":\"https:\\\/\\\/candas365.es\\\/noticias\\\/vueling-conectara-ocho-destinos-con-el-aeropuerto-de-asturias-durante-las-navidades\\\/#authorImage\",\"url\":\"https:\\\/\\\/secure.gravatar.com\\\/avatar\\\/496a8e03d0c493ede1718b7934145dbdf8d89be1036b0eec9544e1094c9de390?s=96&d=mm&r=g\",\"width\":96,\"height\":96,\"caption\":\"Cand\\u00e1s 365\"},\"sameAs\":[\"https:\\\/\\\/www.facebook.com\\\/carrenoactualidad\",\"https:\\\/\\\/twitter.com\\\/nbasturias\",\"https:\\\/\\\/www.instagram.com\\\/nachofdezber\\\/\",\"https:\\\/\\\/www.youtube.com\\\/channel\\\/UCZP-2wLEB9Rv6erhFmqVnvg\"]},{\"@type\":\"WebPage\",\"@id\":\"https:\\\/\\\/candas365.es\\\/noticias\\\/vueling-conectara-ocho-destinos-con-el-aeropuerto-de-asturias-durante-las-navidades\\\/#webpage\",\"url\":\"https:\\\/\\\/candas365.es\\\/noticias\\\/vueling-conectara-ocho-destinos-con-el-aeropuerto-de-asturias-durante-las-navidades\\\/\",\"name\":\"Vueling conectar\\u00e1 ocho destinos con el Aeropuerto de Asturias durante las navidades | Cand\\u00e1s 365\",\"description\":\"Vueling ha lanzado este lunes una promoci\\u00f3n especial de Navidad, por la cual conectar\\u00e1 Asturias con Alicante, Gran Canaria, Mallorca y Sevilla. Adem\\u00e1s, a estas nuevas rutas se suma la conexi\\u00f3n que tiene activa durante la campa\\u00f1a de invierno con la isla de Lanzarote. En total, la compa\\u00f1\\u00eda suma ocho destinos directos desde el Aeropuerto\",\"inLanguage\":\"es-ES\",\"isPartOf\":{\"@id\":\"https:\\\/\\\/candas365.es\\\/noticias\\\/#website\"},\"breadcrumb\":{\"@id\":\"https:\\\/\\\/candas365.es\\\/noticias\\\/vueling-conectara-ocho-destinos-con-el-aeropuerto-de-asturias-durante-las-navidades\\\/#breadcrumblist\"},\"author\":{\"@id\":\"https:\\\/\\\/candas365.es\\\/noticias\\\/author\\\/admin\\\/#author\"},\"creator\":{\"@id\":\"https:\\\/\\\/candas365.es\\\/noticias\\\/author\\\/admin\\\/#author\"},\"image\":{\"@type\":\"ImageObject\",\"url\":\"https:\\\/\\\/candas365.es\\\/noticias\\\/wp-content\\\/uploads\\\/2015\\\/12\\\/fotonoticia_20151214191006_800.jpg\",\"@id\":\"https:\\\/\\\/candas365.es\\\/noticias\\\/vueling-conectara-ocho-destinos-con-el-aeropuerto-de-asturias-durante-las-navidades\\\/#mainImage\",\"width\":800,\"height\":555},\"primaryImageOfPage\":{\"@id\":\"https:\\\/\\\/candas365.es\\\/noticias\\\/vueling-conectara-ocho-destinos-con-el-aeropuerto-de-asturias-durante-las-navidades\\\/#mainImage\"},\"datePublished\":\"2015-12-15T01:52:01+01:00\",\"dateModified\":\"2015-12-15T01:52:01+01:00\"},{\"@type\":\"WebSite\",\"@id\":\"https:\\\/\\\/candas365.es\\\/noticias\\\/#website\",\"url\":\"https:\\\/\\\/candas365.es\\\/noticias\\\/\",\"name\":\"Cand\\u00e1s 365\",\"alternateName\":\"Cand\\u00e1s 365 Noticias\",\"description\":\"Actualidad desde Carre\\u00f1o para el mundo\",\"inLanguage\":\"es-ES\",\"publisher\":{\"@id\":\"https:\\\/\\\/candas365.es\\\/noticias\\\/#organization\"}}]}\n\t\t<\/script>\n\t\t<!-- All in One SEO Pro -->\r\n\t\t<title>Vueling conectar\u00e1 ocho destinos con el Aeropuerto de Asturias durante las navidades | Cand\u00e1s 365<\/title>\n\n","aioseo_head_json":{"title":"Vueling conectar\u00e1 ocho destinos con el Aeropuerto de Asturias durante las navidades | Cand\u00e1s 365","description":"Vueling ha lanzado este lunes una promoci\u00f3n especial de Navidad, por la cual conectar\u00e1 Asturias con Alicante, Gran Canaria, Mallorca y Sevilla. Adem\u00e1s, a estas nuevas rutas se suma la conexi\u00f3n que tiene activa durante la campa\u00f1a de invierno con la isla de Lanzarote. En total, la compa\u00f1\u00eda suma ocho destinos directos desde el Aeropuerto","canonical_url":"https:\/\/candas365.es\/noticias\/vueling-conectara-ocho-destinos-con-el-aeropuerto-de-asturias-durante-las-navidades\/","robots":"max-image-preview:large","keywords":"agenda","webmasterTools":{"google-site-verification":"UA-32230408-1","msvalidate.01":"354F3CDFB2DA171B47FBE9ABF1F88D5","miscellaneous":""},"schema":{"@context":"https:\/\/schema.org","@graph":[{"@type":"BreadcrumbList","@id":"https:\/\/candas365.es\/noticias\/vueling-conectara-ocho-destinos-con-el-aeropuerto-de-asturias-durante-las-navidades\/#breadcrumblist","itemListElement":[{"@type":"ListItem","@id":"https:\/\/candas365.es\/noticias#listItem","position":1,"name":"Home","item":"https:\/\/candas365.es\/noticias","nextItem":{"@type":"ListItem","@id":"https:\/\/candas365.es\/noticias\/category\/agenda\/#listItem","name":"Agenda"}},{"@type":"ListItem","@id":"https:\/\/candas365.es\/noticias\/category\/agenda\/#listItem","position":2,"name":"Agenda","item":"https:\/\/candas365.es\/noticias\/category\/agenda\/","nextItem":{"@type":"ListItem","@id":"https:\/\/candas365.es\/noticias\/vueling-conectara-ocho-destinos-con-el-aeropuerto-de-asturias-durante-las-navidades\/#listItem","name":"Vueling conectar\u00e1 ocho destinos con el Aeropuerto de Asturias durante las navidades"},"previousItem":{"@type":"ListItem","@id":"https:\/\/candas365.es\/noticias#listItem","name":"Home"}},{"@type":"ListItem","@id":"https:\/\/candas365.es\/noticias\/vueling-conectara-ocho-destinos-con-el-aeropuerto-de-asturias-durante-las-navidades\/#listItem","position":3,"name":"Vueling conectar\u00e1 ocho destinos con el Aeropuerto de Asturias durante las navidades","previousItem":{"@type":"ListItem","@id":"https:\/\/candas365.es\/noticias\/category\/agenda\/#listItem","name":"Agenda"}}]},{"@type":"NewsArticle","@id":"https:\/\/candas365.es\/noticias\/vueling-conectara-ocho-destinos-con-el-aeropuerto-de-asturias-durante-las-navidades\/#newsarticle","name":"Vueling conectar\u00e1 ocho destinos con el Aeropuerto de Asturias durante las navidades | Cand\u00e1s 365","headline":"Vueling conectar\u00e1 ocho destinos con el Aeropuerto de Asturias durante las navidades","author":{"@id":"https:\/\/candas365.es\/noticias\/author\/admin\/#author"},"publisher":{"@id":"https:\/\/candas365.es\/noticias\/#organization"},"image":{"@type":"ImageObject","url":"https:\/\/candas365.es\/noticias\/wp-content\/uploads\/2015\/12\/fotonoticia_20151214191006_800.jpg","width":800,"height":555},"datePublished":"2015-12-15T01:52:01+01:00","dateModified":"2015-12-15T01:52:01+01:00","inLanguage":"es-ES","mainEntityOfPage":{"@id":"https:\/\/candas365.es\/noticias\/vueling-conectara-ocho-destinos-con-el-aeropuerto-de-asturias-durante-las-navidades\/#webpage"},"isPartOf":{"@id":"https:\/\/candas365.es\/noticias\/vueling-conectara-ocho-destinos-con-el-aeropuerto-de-asturias-durante-las-navidades\/#webpage"},"articleSection":"Agenda","dateline":"Publicado el diciembre 15, 2015."},{"@type":"Organization","@id":"https:\/\/candas365.es\/noticias\/#organization","name":"Cand\u00e1s 365","description":"Cand\u00e1s 365 es un diario digital independiente, fundado en 2012, con base en Asturias. Informamos con rigor sobre actualidad, sociedad, cultura y ocio, con una mirada local y global.","url":"https:\/\/candas365.es\/noticias\/","email":"info@candas365.es","telephone":"+34652131393","foundingDate":"2012-06-10","logo":{"@type":"ImageObject","url":"https:\/\/candas365.es\/noticias\/wp-content\/uploads\/2024\/09\/Candas-365-Redes.jpg","@id":"https:\/\/candas365.es\/noticias\/vueling-conectara-ocho-destinos-con-el-aeropuerto-de-asturias-durante-las-navidades\/#organizationLogo","width":1152,"height":864,"caption":"Cand\u00e1s 365 Redes"},"image":{"@id":"https:\/\/candas365.es\/noticias\/vueling-conectara-ocho-destinos-con-el-aeropuerto-de-asturias-durante-las-navidades\/#organizationLogo"},"sameAs":["https:\/\/www.facebook.com\/Nachofdezber","https:\/\/x.com\/NabercoDigital","https:\/\/www.instagram.com\/nachofdezber\/","https:\/\/www.youtube.com\/channel\/UCZP-2wLEB9Rv6erhFmqVnvg"],"address":{"@id":"https:\/\/candas365.es\/noticias\/#postaladdress","@type":"PostalAddress","streetAddress":"san antonio 4, san antonio 4","postalCode":"33430","addressLocality":"Cand\u00e1s","addressRegion":"Asturias","addressCountry":"ES"}},{"@type":"Person","@id":"https:\/\/candas365.es\/noticias\/author\/admin\/#author","url":"https:\/\/candas365.es\/noticias\/author\/admin\/","name":"Cand\u00e1s 365","image":{"@type":"ImageObject","@id":"https:\/\/candas365.es\/noticias\/vueling-conectara-ocho-destinos-con-el-aeropuerto-de-asturias-durante-las-navidades\/#authorImage","url":"https:\/\/secure.gravatar.com\/avatar\/496a8e03d0c493ede1718b7934145dbdf8d89be1036b0eec9544e1094c9de390?s=96&d=mm&r=g","width":96,"height":96,"caption":"Cand\u00e1s 365"},"sameAs":["https:\/\/www.facebook.com\/carrenoactualidad","https:\/\/twitter.com\/nbasturias","https:\/\/www.instagram.com\/nachofdezber\/","https:\/\/www.youtube.com\/channel\/UCZP-2wLEB9Rv6erhFmqVnvg"]},{"@type":"WebPage","@id":"https:\/\/candas365.es\/noticias\/vueling-conectara-ocho-destinos-con-el-aeropuerto-de-asturias-durante-las-navidades\/#webpage","url":"https:\/\/candas365.es\/noticias\/vueling-conectara-ocho-destinos-con-el-aeropuerto-de-asturias-durante-las-navidades\/","name":"Vueling conectar\u00e1 ocho destinos con el Aeropuerto de Asturias durante las navidades | Cand\u00e1s 365","description":"Vueling ha lanzado este lunes una promoci\u00f3n especial de Navidad, por la cual conectar\u00e1 Asturias con Alicante, Gran Canaria, Mallorca y Sevilla. Adem\u00e1s, a estas nuevas rutas se suma la conexi\u00f3n que tiene activa durante la campa\u00f1a de invierno con la isla de Lanzarote. En total, la compa\u00f1\u00eda suma ocho destinos directos desde el Aeropuerto","inLanguage":"es-ES","isPartOf":{"@id":"https:\/\/candas365.es\/noticias\/#website"},"breadcrumb":{"@id":"https:\/\/candas365.es\/noticias\/vueling-conectara-ocho-destinos-con-el-aeropuerto-de-asturias-durante-las-navidades\/#breadcrumblist"},"author":{"@id":"https:\/\/candas365.es\/noticias\/author\/admin\/#author"},"creator":{"@id":"https:\/\/candas365.es\/noticias\/author\/admin\/#author"},"image":{"@type":"ImageObject","url":"https:\/\/candas365.es\/noticias\/wp-content\/uploads\/2015\/12\/fotonoticia_20151214191006_800.jpg","@id":"https:\/\/candas365.es\/noticias\/vueling-conectara-ocho-destinos-con-el-aeropuerto-de-asturias-durante-las-navidades\/#mainImage","width":800,"height":555},"primaryImageOfPage":{"@id":"https:\/\/candas365.es\/noticias\/vueling-conectara-ocho-destinos-con-el-aeropuerto-de-asturias-durante-las-navidades\/#mainImage"},"datePublished":"2015-12-15T01:52:01+01:00","dateModified":"2015-12-15T01:52:01+01:00"},{"@type":"WebSite","@id":"https:\/\/candas365.es\/noticias\/#website","url":"https:\/\/candas365.es\/noticias\/","name":"Cand\u00e1s 365","alternateName":"Cand\u00e1s 365 Noticias","description":"Actualidad desde Carre\u00f1o para el mundo","inLanguage":"es-ES","publisher":{"@id":"https:\/\/candas365.es\/noticias\/#organization"}}]},"og:locale":"es_ES","og:site_name":"Cand\u00e1s 365","og:type":"article","og:title":"Vueling conectar\u00e1 ocho destinos con el Aeropuerto de Asturias durante las navidades | Cand\u00e1s 365","og:description":"Vueling ha lanzado este lunes una promoci\u00f3n especial de Navidad, por la cual conectar\u00e1 Asturias con Alicante, Gran Canaria, Mallorca y Sevilla. Adem\u00e1s, a estas nuevas rutas se suma la conexi\u00f3n que tiene activa durante la campa\u00f1a de invierno con la isla de Lanzarote. En total, la compa\u00f1\u00eda suma ocho destinos directos desde el Aeropuerto","og:url":"https:\/\/candas365.es\/noticias\/vueling-conectara-ocho-destinos-con-el-aeropuerto-de-asturias-durante-las-navidades\/","og:image":"https:\/\/candas365.es\/noticias\/wp-content\/uploads\/2015\/12\/fotonoticia_20151214191006_800.jpg","og:image:secure_url":"https:\/\/candas365.es\/noticias\/wp-content\/uploads\/2015\/12\/fotonoticia_20151214191006_800.jpg","og:image:width":800,"og:image:height":555,"article:published_time":"2015-12-15T00:22:01+00:00","article:modified_time":"2015-12-15T00:22:01+00:00","article:publisher":"https:\/\/www.facebook.com\/Nachofdezber","article:author":"https:\/\/www.facebook.com\/carrenoactualidad","twitter:card":"summary_large_image","twitter:site":"@NabercoDigital","twitter:title":"Vueling conectar\u00e1 ocho destinos con el Aeropuerto de Asturias durante las navidades | Cand\u00e1s 365","twitter:description":"Vueling ha lanzado este lunes una promoci\u00f3n especial de Navidad, por la cual conectar\u00e1 Asturias con Alicante, Gran Canaria, Mallorca y Sevilla. Adem\u00e1s, a estas nuevas rutas se suma la conexi\u00f3n que tiene activa durante la campa\u00f1a de invierno con la isla de Lanzarote. En total, la compa\u00f1\u00eda suma ocho destinos directos desde el Aeropuerto","twitter:creator":"@nbasturias","twitter:image":"https:\/\/candas365.es\/noticias\/wp-content\/uploads\/2015\/12\/fotonoticia_20151214191006_800.jpg","twitter:label1":"Escrito por","twitter:data1":"Cand\u00e1s 365","twitter:label2":"Tiempo de lectura estimado","twitter:data2":"1 minuto"},"aioseo_meta_data":{"post_id":"22144","title":null,"description":null,"keywords":null,"keyphrases":null,"primary_term":null,"canonical_url":null,"og_title":null,"og_description":null,"og_object_type":"default","og_image_type":"default","og_image_url":null,"og_image_width":null,"og_image_height":null,"og_image_custom_url":null,"og_image_custom_fields":null,"og_video":null,"og_custom_url":null,"og_article_section":null,"og_article_tags":null,"twitter_use_og":false,"twitter_card":"default","twitter_image_type":"default","twitter_image_url":null,"twitter_image_custom_url":null,"twitter_image_custom_fields":null,"twitter_title":null,"twitter_description":null,"schema":{"blockGraphs":[],"customGraphs":[],"default":{"data":{"Article":[],"Course":[],"Dataset":[],"FAQPage":[],"Movie":[],"Person":[],"Product":[],"ProductReview":[],"Car":[],"Recipe":[],"Service":[],"SoftwareApplication":[],"WebPage":[]},"graphName":"","isEnabled":true},"graphs":[],"defaultGraph":"","defaultPostTypeGraph":""},"schema_type":null,"schema_type_options":null,"pillar_content":false,"robots_default":true,"robots_noindex":false,"robots_noarchive":false,"robots_nosnippet":false,"robots_nofollow":false,"robots_noimageindex":false,"robots_noodp":false,"robots_notranslate":false,"robots_max_snippet":null,"robots_max_videopreview":null,"robots_max_imagepreview":"large","priority":null,"frequency":null,"location":null,"local_seo":null,"seo_analyzer_scan_date":"2025-08-24 00:57:18","breadcrumb_settings":null,"limit_modified_date":false,"reviewed_by":null,"open_ai":null,"ai":null,"created":"2020-12-21 11:58:01","updated":"2025-08-24 00:57:18"},"aioseo_breadcrumb":"<div class=\"aioseo-breadcrumbs\"><span class=\"aioseo-breadcrumb\">\n\t<a href=\"https:\/\/candas365.es\/noticias\" title=\"Home\">Home<\/a>\n<\/span><span class=\"aioseo-breadcrumb-separator\">&ndash;<\/span><span class=\"aioseo-breadcrumb\">\n\t<a href=\"https:\/\/candas365.es\/noticias\/category\/agenda\/\" title=\"Agenda\">Agenda<\/a>\n<\/span><span class=\"aioseo-breadcrumb-separator\">&ndash;<\/span><span class=\"aioseo-breadcrumb\">\n\tVueling conectar\u00e1 ocho destinos con el Aeropuerto de Asturias durante las navidades\n<\/span><\/div>","aioseo_breadcrumb_json":[{"label":"Home","link":"https:\/\/candas365.es\/noticias"},{"label":"Agenda","link":"https:\/\/candas365.es\/noticias\/category\/agenda\/"},{"label":"Vueling conectar\u00e1 ocho destinos con el Aeropuerto de Asturias durante las navidades","link":"https:\/\/candas365.es\/noticias\/vueling-conectara-ocho-destinos-con-el-aeropuerto-de-asturias-durante-las-navidades\/"}],"_links":{"self":[{"href":"https:\/\/candas365.es\/noticias\/wp-json\/wp\/v2\/posts\/22144","targetHints":{"allow":["GET"]}}],"collection":[{"href":"https:\/\/candas365.es\/noticias\/wp-json\/wp\/v2\/posts"}],"about":[{"href":"https:\/\/candas365.es\/noticias\/wp-json\/wp\/v2\/types\/post"}],"author":[{"embeddable":true,"href":"https:\/\/candas365.es\/noticias\/wp-json\/wp\/v2\/users\/1"}],"replies":[{"embeddable":true,"href":"https:\/\/candas365.es\/noticias\/wp-json\/wp\/v2\/comments?post=22144"}],"version-history":[{"count":0,"href":"https:\/\/candas365.es\/noticias\/wp-json\/wp\/v2\/posts\/22144\/revisions"}],"wp:featuredmedia":[{"embeddable":true,"href":"https:\/\/candas365.es\/noticias\/wp-json\/wp\/v2\/media\/22145"}],"wp:attachment":[{"href":"https:\/\/candas365.es\/noticias\/wp-json\/wp\/v2\/media?parent=22144"}],"wp:term":[{"taxonomy":"category","embeddable":true,"href":"https:\/\/candas365.es\/noticias\/wp-json\/wp\/v2\/categories?post=22144"},{"taxonomy":"post_tag","embeddable":true,"href":"https:\/\/candas365.es\/noticias\/wp-json\/wp\/v2\/tags?post=22144"}],"curies":[{"name":"wp","href":"https:\/\/api.w.org\/{rel}","templated":true}]}}