{"id":21840,"date":"2015-12-11T01:00:57","date_gmt":"2015-12-10T23:30:57","guid":{"rendered":"http:\/\/candas365.es\/noticias\/?p=21840"},"modified":"2015-12-11T01:00:57","modified_gmt":"2015-12-10T23:30:57","slug":"malu-actuara-el-3-de-junio-en-gijon","status":"publish","type":"post","link":"https:\/\/candas365.es\/noticias\/malu-actuara-el-3-de-junio-en-gijon\/","title":{"rendered":"Mal\u00fa actuar\u00e1 el 3 de junio en Gij\u00f3n"},"content":{"rendered":"<p><img fetchpriority=\"high\" decoding=\"async\" class=\"alignleft size-medium wp-image-21841\" src=\"https:\/\/candas365.es\/noticias\/wp-content\/uploads\/2015\/12\/fotonoticia_20151210195450_800-360x240.jpg\" alt=\"fotonoticia_20151210195450_800\" width=\"360\" height=\"240\" srcset=\"https:\/\/candas365.es\/noticias\/wp-content\/uploads\/2015\/12\/fotonoticia_20151210195450_800-360x240.jpg 360w, https:\/\/candas365.es\/noticias\/wp-content\/uploads\/2015\/12\/fotonoticia_20151210195450_800-650x433.jpg 650w, https:\/\/candas365.es\/noticias\/wp-content\/uploads\/2015\/12\/fotonoticia_20151210195450_800-768x512.jpg 768w, https:\/\/candas365.es\/noticias\/wp-content\/uploads\/2015\/12\/fotonoticia_20151210195450_800-150x100.jpg 150w, https:\/\/candas365.es\/noticias\/wp-content\/uploads\/2015\/12\/fotonoticia_20151210195450_800-450x300.jpg 450w, https:\/\/candas365.es\/noticias\/wp-content\/uploads\/2015\/12\/fotonoticia_20151210195450_800-655x436.jpg 655w, https:\/\/candas365.es\/noticias\/wp-content\/uploads\/2015\/12\/fotonoticia_20151210195450_800-696x464.jpg 696w, https:\/\/candas365.es\/noticias\/wp-content\/uploads\/2015\/12\/fotonoticia_20151210195450_800-630x420.jpg 630w, https:\/\/candas365.es\/noticias\/wp-content\/uploads\/2015\/12\/fotonoticia_20151210195450_800-84x55.jpg 84w, https:\/\/candas365.es\/noticias\/wp-content\/uploads\/2015\/12\/fotonoticia_20151210195450_800.jpg 800w\" sizes=\"(max-width: 360px) 100vw, 360px\" \/>Mal\u00fa anuncia las primeras fechas de su gira 2016, con la que recorrer\u00e1 Espa\u00f1a para presentar su \u00faltimo disco, Caos, actualmente encaramado al primer puesto en la lista de ventas espa\u00f1ola.<\/p>\n<p>La artista actuar\u00e1 el 3 de junio en Gij\u00f3n, en el Palacio de los Deportes de la capital c\u00e1ntabra.<\/p>\n<p>Una gira que visitar\u00e1 las principales ciudades espa\u00f1olas y en la que la voz femenina indiscutible del pop espa\u00f1ol presentar\u00e1 por primera vez en directo su \u00faltimo trabajo &#8216;Caos&#8217; y har\u00e1 repaso de sus grandes \u00e9xitos.<\/p>\n<p>PRIMERAS FECHAS DEL TOUR CAOS<\/p>\n<p>16 abril &#8211; Plaza de Toros Los Califas &#8211; C\u00f3rdoba<\/p>\n<p>23 abril &#8211; Pol\u00edgono Cepansa &#8211; Don Benito<\/p>\n<p>30 abril &#8211; Pabell\u00f3n M. Fontajau &#8211; Girona<\/p>\n<p>06 mayo &#8211; Bilbao Arena Miribilla<\/p>\n<p>12 mayo &#8211; BarclayCard Center &#8211; Madrid<\/p>\n<p>20 mayo &#8211; Palau Sant Jordi &#8211; Barcelona<\/p>\n<p>03 junio &#8211; Palacio de Deportes La Gu\u00eda &#8211; Gij\u00f3n<\/p>\n<p>04 junio &#8211; Palacio de Deportes &#8211; Santander<\/p>\n<p>17 junio &#8211; Plaza de Toros &#8211; Valencia<\/p>\n<p>15 julio &#8211; Palacio de Deportes Mart\u00edn Carpena &#8211; M\u00e1laga<\/p>\n<p>30 julio &#8211; Plaza de Toros &#8211; Algeciras<\/p>\n<p>13 agosto &#8211; Plaza de Toros &#8211; Benidorm<\/p>\n<p>18 agosto &#8211; Plaza de Toros &#8211; Puerto de Santa Mar\u00eda<\/p>\n<p>20 agosto &#8211; Palacio Juegos Mediterr\u00e1neo &#8211; Almer\u00eda<\/p>\n<p>25 agosto &#8211; Plaza de Toros &#8211; Palma de Mallorca<\/p>\n<p>23 septiembre &#8211; Auditorio Roc\u00edo Jurado &#8211; Sevilla<\/p>\n<p>30 septiembre &#8211; Palacio de Deportes &#8211; Granada<\/p>\n","protected":false},"excerpt":{"rendered":"<p>Mal\u00fa anuncia las primeras fechas de su gira 2016, con la que recorrer\u00e1 Espa\u00f1a para presentar su \u00faltimo disco, Caos, actualmente encaramado al primer puesto en la lista de ventas espa\u00f1ola. La artista actuar\u00e1 el 3 de junio en Gij\u00f3n, en el Palacio de los Deportes de la capital c\u00e1ntabra. Una gira que visitar\u00e1 las<\/p>\n","protected":false},"author":1,"featured_media":21841,"comment_status":"closed","ping_status":"closed","sticky":false,"template":"","format":"standard","meta":{"footnotes":""},"categories":[1],"tags":[],"class_list":{"0":"post-21840","1":"post","2":"type-post","3":"status-publish","4":"format-standard","5":"has-post-thumbnail","7":"category-agenda"},"aioseo_notices":[],"aioseo_head":"\n\t\t<!-- All in One SEO Pro 4.9.6.2 - aioseo.com -->\n\t<meta name=\"description\" content=\"Mal\u00fa anuncia las primeras fechas de su gira 2016, con la que recorrer\u00e1 Espa\u00f1a para presentar su \u00faltimo disco, Caos, actualmente encaramado al primer puesto en la lista de ventas espa\u00f1ola. La artista actuar\u00e1 el 3 de junio en Gij\u00f3n, en el Palacio de los Deportes de la capital c\u00e1ntabra. Una gira que visitar\u00e1 las\" \/>\n\t<meta name=\"robots\" content=\"max-image-preview:large\" \/>\n\t<meta name=\"author\" content=\"Cand\u00e1s 365\"\/>\n\t<meta name=\"google-site-verification\" content=\"UA-32230408-1\" \/>\n\t<meta name=\"msvalidate.01\" content=\"354F3CDFB2DA171B47FBE9ABF1F88D5\" \/>\n\t<meta name=\"keywords\" content=\"agenda\" \/>\n\t<link rel=\"canonical\" href=\"https:\/\/candas365.es\/noticias\/malu-actuara-el-3-de-junio-en-gijon\/\" \/>\n\t<meta name=\"generator\" content=\"All in One SEO Pro (AIOSEO) 4.9.6.2\" \/>\n\t\t<meta property=\"og:locale\" content=\"es_ES\" \/>\n\t\t<meta property=\"og:site_name\" content=\"Cand\u00e1s 365\" \/>\n\t\t<meta property=\"og:type\" content=\"article\" \/>\n\t\t<meta property=\"og:title\" content=\"Mal\u00fa actuar\u00e1 el 3 de junio en Gij\u00f3n | Cand\u00e1s 365\" \/>\n\t\t<meta property=\"og:description\" content=\"Mal\u00fa anuncia las primeras fechas de su gira 2016, con la que recorrer\u00e1 Espa\u00f1a para presentar su \u00faltimo disco, Caos, actualmente encaramado al primer puesto en la lista de ventas espa\u00f1ola. La artista actuar\u00e1 el 3 de junio en Gij\u00f3n, en el Palacio de los Deportes de la capital c\u00e1ntabra. Una gira que visitar\u00e1 las\" \/>\n\t\t<meta property=\"og:url\" content=\"https:\/\/candas365.es\/noticias\/malu-actuara-el-3-de-junio-en-gijon\/\" \/>\n\t\t<meta property=\"og:image\" content=\"https:\/\/candas365.es\/noticias\/wp-content\/uploads\/2015\/12\/fotonoticia_20151210195450_800.jpg\" \/>\n\t\t<meta property=\"og:image:secure_url\" content=\"https:\/\/candas365.es\/noticias\/wp-content\/uploads\/2015\/12\/fotonoticia_20151210195450_800.jpg\" \/>\n\t\t<meta property=\"og:image:width\" content=\"800\" \/>\n\t\t<meta property=\"og:image:height\" content=\"533\" \/>\n\t\t<meta property=\"article:published_time\" content=\"2015-12-10T23:30:57+00:00\" \/>\n\t\t<meta property=\"article:modified_time\" content=\"2015-12-10T23:30:57+00:00\" \/>\n\t\t<meta property=\"article:publisher\" content=\"https:\/\/www.facebook.com\/Nachofdezber\" \/>\n\t\t<meta property=\"article:author\" content=\"https:\/\/www.facebook.com\/carrenoactualidad\" \/>\n\t\t<meta name=\"twitter:card\" content=\"summary_large_image\" \/>\n\t\t<meta name=\"twitter:site\" content=\"@NabercoDigital\" \/>\n\t\t<meta name=\"twitter:title\" content=\"Mal\u00fa actuar\u00e1 el 3 de junio en Gij\u00f3n | Cand\u00e1s 365\" \/>\n\t\t<meta name=\"twitter:description\" content=\"Mal\u00fa anuncia las primeras fechas de su gira 2016, con la que recorrer\u00e1 Espa\u00f1a para presentar su \u00faltimo disco, Caos, actualmente encaramado al primer puesto en la lista de ventas espa\u00f1ola. La artista actuar\u00e1 el 3 de junio en Gij\u00f3n, en el Palacio de los Deportes de la capital c\u00e1ntabra. Una gira que visitar\u00e1 las\" \/>\n\t\t<meta name=\"twitter:creator\" content=\"@nbasturias\" \/>\n\t\t<meta name=\"twitter:image\" content=\"https:\/\/candas365.es\/noticias\/wp-content\/uploads\/2015\/12\/fotonoticia_20151210195450_800.jpg\" \/>\n\t\t<meta name=\"twitter:label1\" content=\"Escrito por\" \/>\n\t\t<meta name=\"twitter:data1\" content=\"Cand\u00e1s 365\" \/>\n\t\t<meta name=\"twitter:label2\" content=\"Tiempo de lectura estimado\" \/>\n\t\t<meta name=\"twitter:data2\" content=\"1 minuto\" \/>\n\t\t<script type=\"application\/ld+json\" class=\"aioseo-schema\">\n\t\t\t{\"@context\":\"https:\\\/\\\/schema.org\",\"@graph\":[{\"@type\":\"BreadcrumbList\",\"@id\":\"https:\\\/\\\/candas365.es\\\/noticias\\\/malu-actuara-el-3-de-junio-en-gijon\\\/#breadcrumblist\",\"itemListElement\":[{\"@type\":\"ListItem\",\"@id\":\"https:\\\/\\\/candas365.es\\\/noticias#listItem\",\"position\":1,\"name\":\"Home\",\"item\":\"https:\\\/\\\/candas365.es\\\/noticias\",\"nextItem\":{\"@type\":\"ListItem\",\"@id\":\"https:\\\/\\\/candas365.es\\\/noticias\\\/category\\\/agenda\\\/#listItem\",\"name\":\"Agenda\"}},{\"@type\":\"ListItem\",\"@id\":\"https:\\\/\\\/candas365.es\\\/noticias\\\/category\\\/agenda\\\/#listItem\",\"position\":2,\"name\":\"Agenda\",\"item\":\"https:\\\/\\\/candas365.es\\\/noticias\\\/category\\\/agenda\\\/\",\"nextItem\":{\"@type\":\"ListItem\",\"@id\":\"https:\\\/\\\/candas365.es\\\/noticias\\\/malu-actuara-el-3-de-junio-en-gijon\\\/#listItem\",\"name\":\"Mal\\u00fa actuar\\u00e1 el 3 de junio en Gij\\u00f3n\"},\"previousItem\":{\"@type\":\"ListItem\",\"@id\":\"https:\\\/\\\/candas365.es\\\/noticias#listItem\",\"name\":\"Home\"}},{\"@type\":\"ListItem\",\"@id\":\"https:\\\/\\\/candas365.es\\\/noticias\\\/malu-actuara-el-3-de-junio-en-gijon\\\/#listItem\",\"position\":3,\"name\":\"Mal\\u00fa actuar\\u00e1 el 3 de junio en Gij\\u00f3n\",\"previousItem\":{\"@type\":\"ListItem\",\"@id\":\"https:\\\/\\\/candas365.es\\\/noticias\\\/category\\\/agenda\\\/#listItem\",\"name\":\"Agenda\"}}]},{\"@type\":\"NewsArticle\",\"@id\":\"https:\\\/\\\/candas365.es\\\/noticias\\\/malu-actuara-el-3-de-junio-en-gijon\\\/#newsarticle\",\"name\":\"Mal\\u00fa actuar\\u00e1 el 3 de junio en Gij\\u00f3n | Cand\\u00e1s 365\",\"headline\":\"Mal\\u00fa actuar\\u00e1 el 3 de junio en Gij\\u00f3n\",\"author\":{\"@id\":\"https:\\\/\\\/candas365.es\\\/noticias\\\/author\\\/admin\\\/#author\"},\"publisher\":{\"@id\":\"https:\\\/\\\/candas365.es\\\/noticias\\\/#organization\"},\"image\":{\"@type\":\"ImageObject\",\"url\":\"https:\\\/\\\/candas365.es\\\/noticias\\\/wp-content\\\/uploads\\\/2015\\\/12\\\/fotonoticia_20151210195450_800.jpg\",\"width\":800,\"height\":533},\"datePublished\":\"2015-12-11T01:00:57+01:00\",\"dateModified\":\"2015-12-11T01:00:57+01:00\",\"inLanguage\":\"es-ES\",\"mainEntityOfPage\":{\"@id\":\"https:\\\/\\\/candas365.es\\\/noticias\\\/malu-actuara-el-3-de-junio-en-gijon\\\/#webpage\"},\"isPartOf\":{\"@id\":\"https:\\\/\\\/candas365.es\\\/noticias\\\/malu-actuara-el-3-de-junio-en-gijon\\\/#webpage\"},\"articleSection\":\"Agenda\",\"dateline\":\"Publicado el diciembre 11, 2015.\"},{\"@type\":\"Organization\",\"@id\":\"https:\\\/\\\/candas365.es\\\/noticias\\\/#organization\",\"name\":\"Cand\\u00e1s 365\",\"description\":\"Cand\\u00e1s 365 es un diario digital independiente, fundado en 2012, con base en Asturias. Informamos con rigor sobre actualidad, sociedad, cultura y ocio, con una mirada local y global.\",\"url\":\"https:\\\/\\\/candas365.es\\\/noticias\\\/\",\"email\":\"info@candas365.es\",\"telephone\":\"+34652131393\",\"foundingDate\":\"2012-06-10\",\"logo\":{\"@type\":\"ImageObject\",\"url\":\"https:\\\/\\\/candas365.es\\\/noticias\\\/wp-content\\\/uploads\\\/2024\\\/09\\\/Candas-365-Redes.jpg\",\"@id\":\"https:\\\/\\\/candas365.es\\\/noticias\\\/malu-actuara-el-3-de-junio-en-gijon\\\/#organizationLogo\",\"width\":1152,\"height\":864,\"caption\":\"Cand\\u00e1s 365 Redes\"},\"image\":{\"@id\":\"https:\\\/\\\/candas365.es\\\/noticias\\\/malu-actuara-el-3-de-junio-en-gijon\\\/#organizationLogo\"},\"sameAs\":[\"https:\\\/\\\/www.facebook.com\\\/Nachofdezber\",\"https:\\\/\\\/x.com\\\/NabercoDigital\",\"https:\\\/\\\/www.instagram.com\\\/nachofdezber\\\/\",\"https:\\\/\\\/www.youtube.com\\\/channel\\\/UCZP-2wLEB9Rv6erhFmqVnvg\"],\"address\":{\"@id\":\"https:\\\/\\\/candas365.es\\\/noticias\\\/#postaladdress\",\"@type\":\"PostalAddress\",\"streetAddress\":\"san antonio 4, san antonio 4\",\"postalCode\":\"33430\",\"addressLocality\":\"Cand\\u00e1s\",\"addressRegion\":\"Asturias\",\"addressCountry\":\"ES\"}},{\"@type\":\"Person\",\"@id\":\"https:\\\/\\\/candas365.es\\\/noticias\\\/author\\\/admin\\\/#author\",\"url\":\"https:\\\/\\\/candas365.es\\\/noticias\\\/author\\\/admin\\\/\",\"name\":\"Cand\\u00e1s 365\",\"image\":{\"@type\":\"ImageObject\",\"@id\":\"https:\\\/\\\/candas365.es\\\/noticias\\\/malu-actuara-el-3-de-junio-en-gijon\\\/#authorImage\",\"url\":\"https:\\\/\\\/secure.gravatar.com\\\/avatar\\\/496a8e03d0c493ede1718b7934145dbdf8d89be1036b0eec9544e1094c9de390?s=96&d=mm&r=g\",\"width\":96,\"height\":96,\"caption\":\"Cand\\u00e1s 365\"},\"sameAs\":[\"https:\\\/\\\/www.facebook.com\\\/carrenoactualidad\",\"https:\\\/\\\/twitter.com\\\/nbasturias\",\"https:\\\/\\\/www.instagram.com\\\/nachofdezber\\\/\",\"https:\\\/\\\/www.youtube.com\\\/channel\\\/UCZP-2wLEB9Rv6erhFmqVnvg\"]},{\"@type\":\"WebPage\",\"@id\":\"https:\\\/\\\/candas365.es\\\/noticias\\\/malu-actuara-el-3-de-junio-en-gijon\\\/#webpage\",\"url\":\"https:\\\/\\\/candas365.es\\\/noticias\\\/malu-actuara-el-3-de-junio-en-gijon\\\/\",\"name\":\"Mal\\u00fa actuar\\u00e1 el 3 de junio en Gij\\u00f3n | Cand\\u00e1s 365\",\"description\":\"Mal\\u00fa anuncia las primeras fechas de su gira 2016, con la que recorrer\\u00e1 Espa\\u00f1a para presentar su \\u00faltimo disco, Caos, actualmente encaramado al primer puesto en la lista de ventas espa\\u00f1ola. La artista actuar\\u00e1 el 3 de junio en Gij\\u00f3n, en el Palacio de los Deportes de la capital c\\u00e1ntabra. Una gira que visitar\\u00e1 las\",\"inLanguage\":\"es-ES\",\"isPartOf\":{\"@id\":\"https:\\\/\\\/candas365.es\\\/noticias\\\/#website\"},\"breadcrumb\":{\"@id\":\"https:\\\/\\\/candas365.es\\\/noticias\\\/malu-actuara-el-3-de-junio-en-gijon\\\/#breadcrumblist\"},\"author\":{\"@id\":\"https:\\\/\\\/candas365.es\\\/noticias\\\/author\\\/admin\\\/#author\"},\"creator\":{\"@id\":\"https:\\\/\\\/candas365.es\\\/noticias\\\/author\\\/admin\\\/#author\"},\"image\":{\"@type\":\"ImageObject\",\"url\":\"https:\\\/\\\/candas365.es\\\/noticias\\\/wp-content\\\/uploads\\\/2015\\\/12\\\/fotonoticia_20151210195450_800.jpg\",\"@id\":\"https:\\\/\\\/candas365.es\\\/noticias\\\/malu-actuara-el-3-de-junio-en-gijon\\\/#mainImage\",\"width\":800,\"height\":533},\"primaryImageOfPage\":{\"@id\":\"https:\\\/\\\/candas365.es\\\/noticias\\\/malu-actuara-el-3-de-junio-en-gijon\\\/#mainImage\"},\"datePublished\":\"2015-12-11T01:00:57+01:00\",\"dateModified\":\"2015-12-11T01:00:57+01:00\"},{\"@type\":\"WebSite\",\"@id\":\"https:\\\/\\\/candas365.es\\\/noticias\\\/#website\",\"url\":\"https:\\\/\\\/candas365.es\\\/noticias\\\/\",\"name\":\"Cand\\u00e1s 365\",\"alternateName\":\"Cand\\u00e1s 365 Noticias\",\"description\":\"Actualidad desde Carre\\u00f1o para el mundo\",\"inLanguage\":\"es-ES\",\"publisher\":{\"@id\":\"https:\\\/\\\/candas365.es\\\/noticias\\\/#organization\"}}]}\n\t\t<\/script>\n\t\t<!-- All in One SEO Pro -->\r\n\t\t<title>Mal\u00fa actuar\u00e1 el 3 de junio en Gij\u00f3n | Cand\u00e1s 365<\/title>\n\n","aioseo_head_json":{"title":"Mal\u00fa actuar\u00e1 el 3 de junio en Gij\u00f3n | Cand\u00e1s 365","description":"Mal\u00fa anuncia las primeras fechas de su gira 2016, con la que recorrer\u00e1 Espa\u00f1a para presentar su \u00faltimo disco, Caos, actualmente encaramado al primer puesto en la lista de ventas espa\u00f1ola. La artista actuar\u00e1 el 3 de junio en Gij\u00f3n, en el Palacio de los Deportes de la capital c\u00e1ntabra. Una gira que visitar\u00e1 las","canonical_url":"https:\/\/candas365.es\/noticias\/malu-actuara-el-3-de-junio-en-gijon\/","robots":"max-image-preview:large","keywords":"agenda","webmasterTools":{"google-site-verification":"UA-32230408-1","msvalidate.01":"354F3CDFB2DA171B47FBE9ABF1F88D5","miscellaneous":""},"schema":{"@context":"https:\/\/schema.org","@graph":[{"@type":"BreadcrumbList","@id":"https:\/\/candas365.es\/noticias\/malu-actuara-el-3-de-junio-en-gijon\/#breadcrumblist","itemListElement":[{"@type":"ListItem","@id":"https:\/\/candas365.es\/noticias#listItem","position":1,"name":"Home","item":"https:\/\/candas365.es\/noticias","nextItem":{"@type":"ListItem","@id":"https:\/\/candas365.es\/noticias\/category\/agenda\/#listItem","name":"Agenda"}},{"@type":"ListItem","@id":"https:\/\/candas365.es\/noticias\/category\/agenda\/#listItem","position":2,"name":"Agenda","item":"https:\/\/candas365.es\/noticias\/category\/agenda\/","nextItem":{"@type":"ListItem","@id":"https:\/\/candas365.es\/noticias\/malu-actuara-el-3-de-junio-en-gijon\/#listItem","name":"Mal\u00fa actuar\u00e1 el 3 de junio en Gij\u00f3n"},"previousItem":{"@type":"ListItem","@id":"https:\/\/candas365.es\/noticias#listItem","name":"Home"}},{"@type":"ListItem","@id":"https:\/\/candas365.es\/noticias\/malu-actuara-el-3-de-junio-en-gijon\/#listItem","position":3,"name":"Mal\u00fa actuar\u00e1 el 3 de junio en Gij\u00f3n","previousItem":{"@type":"ListItem","@id":"https:\/\/candas365.es\/noticias\/category\/agenda\/#listItem","name":"Agenda"}}]},{"@type":"NewsArticle","@id":"https:\/\/candas365.es\/noticias\/malu-actuara-el-3-de-junio-en-gijon\/#newsarticle","name":"Mal\u00fa actuar\u00e1 el 3 de junio en Gij\u00f3n | Cand\u00e1s 365","headline":"Mal\u00fa actuar\u00e1 el 3 de junio en Gij\u00f3n","author":{"@id":"https:\/\/candas365.es\/noticias\/author\/admin\/#author"},"publisher":{"@id":"https:\/\/candas365.es\/noticias\/#organization"},"image":{"@type":"ImageObject","url":"https:\/\/candas365.es\/noticias\/wp-content\/uploads\/2015\/12\/fotonoticia_20151210195450_800.jpg","width":800,"height":533},"datePublished":"2015-12-11T01:00:57+01:00","dateModified":"2015-12-11T01:00:57+01:00","inLanguage":"es-ES","mainEntityOfPage":{"@id":"https:\/\/candas365.es\/noticias\/malu-actuara-el-3-de-junio-en-gijon\/#webpage"},"isPartOf":{"@id":"https:\/\/candas365.es\/noticias\/malu-actuara-el-3-de-junio-en-gijon\/#webpage"},"articleSection":"Agenda","dateline":"Publicado el diciembre 11, 2015."},{"@type":"Organization","@id":"https:\/\/candas365.es\/noticias\/#organization","name":"Cand\u00e1s 365","description":"Cand\u00e1s 365 es un diario digital independiente, fundado en 2012, con base en Asturias. Informamos con rigor sobre actualidad, sociedad, cultura y ocio, con una mirada local y global.","url":"https:\/\/candas365.es\/noticias\/","email":"info@candas365.es","telephone":"+34652131393","foundingDate":"2012-06-10","logo":{"@type":"ImageObject","url":"https:\/\/candas365.es\/noticias\/wp-content\/uploads\/2024\/09\/Candas-365-Redes.jpg","@id":"https:\/\/candas365.es\/noticias\/malu-actuara-el-3-de-junio-en-gijon\/#organizationLogo","width":1152,"height":864,"caption":"Cand\u00e1s 365 Redes"},"image":{"@id":"https:\/\/candas365.es\/noticias\/malu-actuara-el-3-de-junio-en-gijon\/#organizationLogo"},"sameAs":["https:\/\/www.facebook.com\/Nachofdezber","https:\/\/x.com\/NabercoDigital","https:\/\/www.instagram.com\/nachofdezber\/","https:\/\/www.youtube.com\/channel\/UCZP-2wLEB9Rv6erhFmqVnvg"],"address":{"@id":"https:\/\/candas365.es\/noticias\/#postaladdress","@type":"PostalAddress","streetAddress":"san antonio 4, san antonio 4","postalCode":"33430","addressLocality":"Cand\u00e1s","addressRegion":"Asturias","addressCountry":"ES"}},{"@type":"Person","@id":"https:\/\/candas365.es\/noticias\/author\/admin\/#author","url":"https:\/\/candas365.es\/noticias\/author\/admin\/","name":"Cand\u00e1s 365","image":{"@type":"ImageObject","@id":"https:\/\/candas365.es\/noticias\/malu-actuara-el-3-de-junio-en-gijon\/#authorImage","url":"https:\/\/secure.gravatar.com\/avatar\/496a8e03d0c493ede1718b7934145dbdf8d89be1036b0eec9544e1094c9de390?s=96&d=mm&r=g","width":96,"height":96,"caption":"Cand\u00e1s 365"},"sameAs":["https:\/\/www.facebook.com\/carrenoactualidad","https:\/\/twitter.com\/nbasturias","https:\/\/www.instagram.com\/nachofdezber\/","https:\/\/www.youtube.com\/channel\/UCZP-2wLEB9Rv6erhFmqVnvg"]},{"@type":"WebPage","@id":"https:\/\/candas365.es\/noticias\/malu-actuara-el-3-de-junio-en-gijon\/#webpage","url":"https:\/\/candas365.es\/noticias\/malu-actuara-el-3-de-junio-en-gijon\/","name":"Mal\u00fa actuar\u00e1 el 3 de junio en Gij\u00f3n | Cand\u00e1s 365","description":"Mal\u00fa anuncia las primeras fechas de su gira 2016, con la que recorrer\u00e1 Espa\u00f1a para presentar su \u00faltimo disco, Caos, actualmente encaramado al primer puesto en la lista de ventas espa\u00f1ola. La artista actuar\u00e1 el 3 de junio en Gij\u00f3n, en el Palacio de los Deportes de la capital c\u00e1ntabra. Una gira que visitar\u00e1 las","inLanguage":"es-ES","isPartOf":{"@id":"https:\/\/candas365.es\/noticias\/#website"},"breadcrumb":{"@id":"https:\/\/candas365.es\/noticias\/malu-actuara-el-3-de-junio-en-gijon\/#breadcrumblist"},"author":{"@id":"https:\/\/candas365.es\/noticias\/author\/admin\/#author"},"creator":{"@id":"https:\/\/candas365.es\/noticias\/author\/admin\/#author"},"image":{"@type":"ImageObject","url":"https:\/\/candas365.es\/noticias\/wp-content\/uploads\/2015\/12\/fotonoticia_20151210195450_800.jpg","@id":"https:\/\/candas365.es\/noticias\/malu-actuara-el-3-de-junio-en-gijon\/#mainImage","width":800,"height":533},"primaryImageOfPage":{"@id":"https:\/\/candas365.es\/noticias\/malu-actuara-el-3-de-junio-en-gijon\/#mainImage"},"datePublished":"2015-12-11T01:00:57+01:00","dateModified":"2015-12-11T01:00:57+01:00"},{"@type":"WebSite","@id":"https:\/\/candas365.es\/noticias\/#website","url":"https:\/\/candas365.es\/noticias\/","name":"Cand\u00e1s 365","alternateName":"Cand\u00e1s 365 Noticias","description":"Actualidad desde Carre\u00f1o para el mundo","inLanguage":"es-ES","publisher":{"@id":"https:\/\/candas365.es\/noticias\/#organization"}}]},"og:locale":"es_ES","og:site_name":"Cand\u00e1s 365","og:type":"article","og:title":"Mal\u00fa actuar\u00e1 el 3 de junio en Gij\u00f3n | Cand\u00e1s 365","og:description":"Mal\u00fa anuncia las primeras fechas de su gira 2016, con la que recorrer\u00e1 Espa\u00f1a para presentar su \u00faltimo disco, Caos, actualmente encaramado al primer puesto en la lista de ventas espa\u00f1ola. La artista actuar\u00e1 el 3 de junio en Gij\u00f3n, en el Palacio de los Deportes de la capital c\u00e1ntabra. Una gira que visitar\u00e1 las","og:url":"https:\/\/candas365.es\/noticias\/malu-actuara-el-3-de-junio-en-gijon\/","og:image":"https:\/\/candas365.es\/noticias\/wp-content\/uploads\/2015\/12\/fotonoticia_20151210195450_800.jpg","og:image:secure_url":"https:\/\/candas365.es\/noticias\/wp-content\/uploads\/2015\/12\/fotonoticia_20151210195450_800.jpg","og:image:width":800,"og:image:height":533,"article:published_time":"2015-12-10T23:30:57+00:00","article:modified_time":"2015-12-10T23:30:57+00:00","article:publisher":"https:\/\/www.facebook.com\/Nachofdezber","article:author":"https:\/\/www.facebook.com\/carrenoactualidad","twitter:card":"summary_large_image","twitter:site":"@NabercoDigital","twitter:title":"Mal\u00fa actuar\u00e1 el 3 de junio en Gij\u00f3n | Cand\u00e1s 365","twitter:description":"Mal\u00fa anuncia las primeras fechas de su gira 2016, con la que recorrer\u00e1 Espa\u00f1a para presentar su \u00faltimo disco, Caos, actualmente encaramado al primer puesto en la lista de ventas espa\u00f1ola. La artista actuar\u00e1 el 3 de junio en Gij\u00f3n, en el Palacio de los Deportes de la capital c\u00e1ntabra. Una gira que visitar\u00e1 las","twitter:creator":"@nbasturias","twitter:image":"https:\/\/candas365.es\/noticias\/wp-content\/uploads\/2015\/12\/fotonoticia_20151210195450_800.jpg","twitter:label1":"Escrito por","twitter:data1":"Cand\u00e1s 365","twitter:label2":"Tiempo de lectura estimado","twitter:data2":"1 minuto"},"aioseo_meta_data":{"post_id":"21840","title":null,"description":null,"keywords":null,"keyphrases":null,"primary_term":null,"canonical_url":null,"og_title":null,"og_description":null,"og_object_type":"default","og_image_type":"default","og_image_url":null,"og_image_width":null,"og_image_height":null,"og_image_custom_url":null,"og_image_custom_fields":null,"og_video":null,"og_custom_url":null,"og_article_section":null,"og_article_tags":null,"twitter_use_og":false,"twitter_card":"default","twitter_image_type":"default","twitter_image_url":null,"twitter_image_custom_url":null,"twitter_image_custom_fields":null,"twitter_title":null,"twitter_description":null,"schema":{"blockGraphs":[],"customGraphs":[],"default":{"data":{"Article":[],"Course":[],"Dataset":[],"FAQPage":[],"Movie":[],"Person":[],"Product":[],"ProductReview":[],"Car":[],"Recipe":[],"Service":[],"SoftwareApplication":[],"WebPage":[]},"graphName":"","isEnabled":true},"graphs":[],"defaultGraph":"","defaultPostTypeGraph":""},"schema_type":null,"schema_type_options":null,"pillar_content":false,"robots_default":true,"robots_noindex":false,"robots_noarchive":false,"robots_nosnippet":false,"robots_nofollow":false,"robots_noimageindex":false,"robots_noodp":false,"robots_notranslate":false,"robots_max_snippet":null,"robots_max_videopreview":null,"robots_max_imagepreview":"large","priority":null,"frequency":null,"location":null,"local_seo":null,"seo_analyzer_scan_date":"2025-08-24 00:29:14","breadcrumb_settings":null,"limit_modified_date":false,"reviewed_by":null,"open_ai":null,"ai":null,"created":"2020-12-21 11:55:45","updated":"2025-08-24 00:29:14"},"aioseo_breadcrumb":"<div class=\"aioseo-breadcrumbs\"><span class=\"aioseo-breadcrumb\">\n\t<a href=\"https:\/\/candas365.es\/noticias\" title=\"Home\">Home<\/a>\n<\/span><span class=\"aioseo-breadcrumb-separator\">&ndash;<\/span><span class=\"aioseo-breadcrumb\">\n\t<a href=\"https:\/\/candas365.es\/noticias\/category\/agenda\/\" title=\"Agenda\">Agenda<\/a>\n<\/span><span class=\"aioseo-breadcrumb-separator\">&ndash;<\/span><span class=\"aioseo-breadcrumb\">\n\tMal\u00fa actuar\u00e1 el 3 de junio en Gij\u00f3n\n<\/span><\/div>","aioseo_breadcrumb_json":[{"label":"Home","link":"https:\/\/candas365.es\/noticias"},{"label":"Agenda","link":"https:\/\/candas365.es\/noticias\/category\/agenda\/"},{"label":"Mal\u00fa actuar\u00e1 el 3 de junio en Gij\u00f3n","link":"https:\/\/candas365.es\/noticias\/malu-actuara-el-3-de-junio-en-gijon\/"}],"_links":{"self":[{"href":"https:\/\/candas365.es\/noticias\/wp-json\/wp\/v2\/posts\/21840","targetHints":{"allow":["GET"]}}],"collection":[{"href":"https:\/\/candas365.es\/noticias\/wp-json\/wp\/v2\/posts"}],"about":[{"href":"https:\/\/candas365.es\/noticias\/wp-json\/wp\/v2\/types\/post"}],"author":[{"embeddable":true,"href":"https:\/\/candas365.es\/noticias\/wp-json\/wp\/v2\/users\/1"}],"replies":[{"embeddable":true,"href":"https:\/\/candas365.es\/noticias\/wp-json\/wp\/v2\/comments?post=21840"}],"version-history":[{"count":0,"href":"https:\/\/candas365.es\/noticias\/wp-json\/wp\/v2\/posts\/21840\/revisions"}],"wp:featuredmedia":[{"embeddable":true,"href":"https:\/\/candas365.es\/noticias\/wp-json\/wp\/v2\/media\/21841"}],"wp:attachment":[{"href":"https:\/\/candas365.es\/noticias\/wp-json\/wp\/v2\/media?parent=21840"}],"wp:term":[{"taxonomy":"category","embeddable":true,"href":"https:\/\/candas365.es\/noticias\/wp-json\/wp\/v2\/categories?post=21840"},{"taxonomy":"post_tag","embeddable":true,"href":"https:\/\/candas365.es\/noticias\/wp-json\/wp\/v2\/tags?post=21840"}],"curies":[{"name":"wp","href":"https:\/\/api.w.org\/{rel}","templated":true}]}}