{"id":21832,"date":"2015-12-11T00:54:12","date_gmt":"2015-12-10T23:24:12","guid":{"rendered":"http:\/\/candas365.es\/noticias\/?p=21832"},"modified":"2015-12-11T00:54:12","modified_gmt":"2015-12-10T23:24:12","slug":"el-cancer-de-colon-es-el-mas-comun-en-asturias-con-el-1125-de-los-casos","status":"publish","type":"post","link":"https:\/\/candas365.es\/noticias\/el-cancer-de-colon-es-el-mas-comun-en-asturias-con-el-1125-de-los-casos\/","title":{"rendered":"El c\u00e1ncer de colon es el m\u00e1s com\u00fan en Asturias, con el 11,25% de los casos"},"content":{"rendered":"<p><img fetchpriority=\"high\" decoding=\"async\" class=\"alignleft size-medium wp-image-21833\" src=\"https:\/\/candas365.es\/noticias\/wp-content\/uploads\/2015\/12\/fotonoticia_20151210142410_800-360x240.jpg\" alt=\"fotonoticia_20151210142410_800\" width=\"360\" height=\"240\" srcset=\"https:\/\/candas365.es\/noticias\/wp-content\/uploads\/2015\/12\/fotonoticia_20151210142410_800-360x240.jpg 360w, https:\/\/candas365.es\/noticias\/wp-content\/uploads\/2015\/12\/fotonoticia_20151210142410_800-650x433.jpg 650w, https:\/\/candas365.es\/noticias\/wp-content\/uploads\/2015\/12\/fotonoticia_20151210142410_800-768x512.jpg 768w, https:\/\/candas365.es\/noticias\/wp-content\/uploads\/2015\/12\/fotonoticia_20151210142410_800-150x100.jpg 150w, https:\/\/candas365.es\/noticias\/wp-content\/uploads\/2015\/12\/fotonoticia_20151210142410_800-450x300.jpg 450w, https:\/\/candas365.es\/noticias\/wp-content\/uploads\/2015\/12\/fotonoticia_20151210142410_800-655x436.jpg 655w, https:\/\/candas365.es\/noticias\/wp-content\/uploads\/2015\/12\/fotonoticia_20151210142410_800-696x464.jpg 696w, https:\/\/candas365.es\/noticias\/wp-content\/uploads\/2015\/12\/fotonoticia_20151210142410_800-630x420.jpg 630w, https:\/\/candas365.es\/noticias\/wp-content\/uploads\/2015\/12\/fotonoticia_20151210142410_800-84x55.jpg 84w, https:\/\/candas365.es\/noticias\/wp-content\/uploads\/2015\/12\/fotonoticia_20151210142410_800.jpg 800w\" sizes=\"(max-width: 360px) 100vw, 360px\" \/>El 18 por ciento de los tumores que se detectan en Asturias son digestivos y en concreto el c\u00e1ncer colorrectal es m\u00e1s frecuente, ya que supone el 11,25 de los casos. Le siguen de cerca el de mama con un 9,9% y el de pulm\u00f3n con un 7,5%.<\/p>\n<p>As\u00ed lo han anunciado este jueves, en una rueda de prensa celebrada en el Auditorio Pr\u00edncipe Felipe y que se integra dentro de 23 Simposio Internacional del Grupo de Tratamiento de los Tumores Digestivos (TTD), el jefe de la Secci\u00f3n del \u00c1rea de Digestivo del HUCA, Jos\u00e9 Mar\u00eda Vi\u00e9itez, y el encargado del Servicio de Oncolog\u00eda M\u00e9dica del Hospital Reina Sof\u00eda de C\u00f3rdoba, Enrique Aranda.<\/p>\n<p>El primero de estos m\u00e9dicos ha se\u00f1alado que el aumento del c\u00e1ncer de colon se debe a los nuevos h\u00e1bitos de vida y al incremento de la esperanza de vida. \u00abHemos abandonado la dieta mediterr\u00e1nea y adem\u00e1s influye el sobrepeso\u00bb, ha asegurado. Por su parte, el doctor Aranda ha indicado que el aumento de los casos es debido a que cada vez m\u00e1s tenemos \u00abuna dieta rica en grasa animal, se fuma\u00bb y adem\u00e1s se bebe m\u00e1s alcohol.<\/p>\n<p>Para evitar que los casos se traten cuando no se pueda dar marcha atr\u00e1s, ambos m\u00e9dicos han destacado que es \u00abimprescindible\u00bb que el cribado se extienda a toda la poblaci\u00f3n entre 50 y 69 a\u00f1os. Esta prueba consiste en hacer un test para ver si hay sangre oculta en las heces. \u00abSi el resultado es positivo se debe someter al paciente a una clonoscopia\u00bb, sin embargo si es negativo, el ciudadano se volver\u00e1 a someter a este ensayo a los dos a\u00f1os, seg\u00fan ha explicado el doctor Vi\u00e9tiez. En la actualidad, esta prueba se est\u00e1 realizando s\u00f3lo en el \u00e1rea sanitaria IV y en Avil\u00e9s.<\/p>\n<p>Por \u00faltimo, ambos doctores han destacado que \u00abcasi todos los tumores tienen una mayor incidencia en los hombres\u00bb. Aunque todav\u00eda no se saben las causas cient\u00edficas de esta incidencia, Vi\u00e9itez ha afirmado que se puede deber a que \u00ablas mujeres tienen unos h\u00e1bitos de vida m\u00e1s saludables\u00bb, ya que \u00abfuman menos y beben menos\u00bb que los varones.<\/p>\n","protected":false},"excerpt":{"rendered":"<p>El 18 por ciento de los tumores que se detectan en Asturias son digestivos y en concreto el c\u00e1ncer colorrectal es m\u00e1s frecuente, ya que supone el 11,25 de los casos. Le siguen de cerca el de mama con un 9,9% y el de pulm\u00f3n con un 7,5%. As\u00ed lo han anunciado este jueves, en<\/p>\n","protected":false},"author":1,"featured_media":21833,"comment_status":"closed","ping_status":"closed","sticky":false,"template":"","format":"standard","meta":{"footnotes":""},"categories":[1],"tags":[],"class_list":{"0":"post-21832","1":"post","2":"type-post","3":"status-publish","4":"format-standard","5":"has-post-thumbnail","7":"category-agenda"},"aioseo_notices":[],"aioseo_head":"\n\t\t<!-- All in One SEO Pro 4.9.6.2 - aioseo.com -->\n\t<meta name=\"description\" content=\"El 18 por ciento de los tumores que se detectan en Asturias son digestivos y en concreto el c\u00e1ncer colorrectal es m\u00e1s frecuente, ya que supone el 11,25 de los casos. Le siguen de cerca el de mama con un 9,9% y el de pulm\u00f3n con un 7,5%. As\u00ed lo han anunciado este jueves, en\" \/>\n\t<meta name=\"robots\" content=\"max-image-preview:large\" \/>\n\t<meta name=\"author\" content=\"Cand\u00e1s 365\"\/>\n\t<meta name=\"google-site-verification\" content=\"UA-32230408-1\" \/>\n\t<meta name=\"msvalidate.01\" content=\"354F3CDFB2DA171B47FBE9ABF1F88D5\" \/>\n\t<meta name=\"keywords\" content=\"agenda\" \/>\n\t<link rel=\"canonical\" href=\"https:\/\/candas365.es\/noticias\/el-cancer-de-colon-es-el-mas-comun-en-asturias-con-el-1125-de-los-casos\/\" \/>\n\t<meta name=\"generator\" content=\"All in One SEO Pro (AIOSEO) 4.9.6.2\" \/>\n\t\t<meta property=\"og:locale\" content=\"es_ES\" \/>\n\t\t<meta property=\"og:site_name\" content=\"Cand\u00e1s 365\" \/>\n\t\t<meta property=\"og:type\" content=\"article\" \/>\n\t\t<meta property=\"og:title\" content=\"El c\u00e1ncer de colon es el m\u00e1s com\u00fan en Asturias, con el 11,25% de los casos | Cand\u00e1s 365\" \/>\n\t\t<meta property=\"og:description\" content=\"El 18 por ciento de los tumores que se detectan en Asturias son digestivos y en concreto el c\u00e1ncer colorrectal es m\u00e1s frecuente, ya que supone el 11,25 de los casos. Le siguen de cerca el de mama con un 9,9% y el de pulm\u00f3n con un 7,5%. As\u00ed lo han anunciado este jueves, en\" \/>\n\t\t<meta property=\"og:url\" content=\"https:\/\/candas365.es\/noticias\/el-cancer-de-colon-es-el-mas-comun-en-asturias-con-el-1125-de-los-casos\/\" \/>\n\t\t<meta property=\"og:image\" content=\"https:\/\/candas365.es\/noticias\/wp-content\/uploads\/2015\/12\/fotonoticia_20151210142410_800.jpg\" \/>\n\t\t<meta property=\"og:image:secure_url\" content=\"https:\/\/candas365.es\/noticias\/wp-content\/uploads\/2015\/12\/fotonoticia_20151210142410_800.jpg\" \/>\n\t\t<meta property=\"og:image:width\" content=\"800\" \/>\n\t\t<meta property=\"og:image:height\" content=\"533\" \/>\n\t\t<meta property=\"article:published_time\" content=\"2015-12-10T23:24:12+00:00\" \/>\n\t\t<meta property=\"article:modified_time\" content=\"2015-12-10T23:24:12+00:00\" \/>\n\t\t<meta property=\"article:publisher\" content=\"https:\/\/www.facebook.com\/Nachofdezber\" \/>\n\t\t<meta property=\"article:author\" content=\"https:\/\/www.facebook.com\/carrenoactualidad\" \/>\n\t\t<meta name=\"twitter:card\" content=\"summary_large_image\" \/>\n\t\t<meta name=\"twitter:site\" content=\"@NabercoDigital\" \/>\n\t\t<meta name=\"twitter:title\" content=\"El c\u00e1ncer de colon es el m\u00e1s com\u00fan en Asturias, con el 11,25% de los casos | Cand\u00e1s 365\" \/>\n\t\t<meta name=\"twitter:description\" content=\"El 18 por ciento de los tumores que se detectan en Asturias son digestivos y en concreto el c\u00e1ncer colorrectal es m\u00e1s frecuente, ya que supone el 11,25 de los casos. Le siguen de cerca el de mama con un 9,9% y el de pulm\u00f3n con un 7,5%. As\u00ed lo han anunciado este jueves, en\" \/>\n\t\t<meta name=\"twitter:creator\" content=\"@nbasturias\" \/>\n\t\t<meta name=\"twitter:image\" content=\"https:\/\/candas365.es\/noticias\/wp-content\/uploads\/2015\/12\/fotonoticia_20151210142410_800.jpg\" \/>\n\t\t<meta name=\"twitter:label1\" content=\"Escrito por\" \/>\n\t\t<meta name=\"twitter:data1\" content=\"Cand\u00e1s 365\" \/>\n\t\t<meta name=\"twitter:label2\" content=\"Tiempo de lectura estimado\" \/>\n\t\t<meta name=\"twitter:data2\" content=\"2 minutos\" \/>\n\t\t<script type=\"application\/ld+json\" class=\"aioseo-schema\">\n\t\t\t{\"@context\":\"https:\\\/\\\/schema.org\",\"@graph\":[{\"@type\":\"BreadcrumbList\",\"@id\":\"https:\\\/\\\/candas365.es\\\/noticias\\\/el-cancer-de-colon-es-el-mas-comun-en-asturias-con-el-1125-de-los-casos\\\/#breadcrumblist\",\"itemListElement\":[{\"@type\":\"ListItem\",\"@id\":\"https:\\\/\\\/candas365.es\\\/noticias#listItem\",\"position\":1,\"name\":\"Home\",\"item\":\"https:\\\/\\\/candas365.es\\\/noticias\",\"nextItem\":{\"@type\":\"ListItem\",\"@id\":\"https:\\\/\\\/candas365.es\\\/noticias\\\/category\\\/agenda\\\/#listItem\",\"name\":\"Agenda\"}},{\"@type\":\"ListItem\",\"@id\":\"https:\\\/\\\/candas365.es\\\/noticias\\\/category\\\/agenda\\\/#listItem\",\"position\":2,\"name\":\"Agenda\",\"item\":\"https:\\\/\\\/candas365.es\\\/noticias\\\/category\\\/agenda\\\/\",\"nextItem\":{\"@type\":\"ListItem\",\"@id\":\"https:\\\/\\\/candas365.es\\\/noticias\\\/el-cancer-de-colon-es-el-mas-comun-en-asturias-con-el-1125-de-los-casos\\\/#listItem\",\"name\":\"El c\\u00e1ncer de colon es el m\\u00e1s com\\u00fan en Asturias, con el 11,25% de los casos\"},\"previousItem\":{\"@type\":\"ListItem\",\"@id\":\"https:\\\/\\\/candas365.es\\\/noticias#listItem\",\"name\":\"Home\"}},{\"@type\":\"ListItem\",\"@id\":\"https:\\\/\\\/candas365.es\\\/noticias\\\/el-cancer-de-colon-es-el-mas-comun-en-asturias-con-el-1125-de-los-casos\\\/#listItem\",\"position\":3,\"name\":\"El c\\u00e1ncer de colon es el m\\u00e1s com\\u00fan en Asturias, con el 11,25% de los casos\",\"previousItem\":{\"@type\":\"ListItem\",\"@id\":\"https:\\\/\\\/candas365.es\\\/noticias\\\/category\\\/agenda\\\/#listItem\",\"name\":\"Agenda\"}}]},{\"@type\":\"NewsArticle\",\"@id\":\"https:\\\/\\\/candas365.es\\\/noticias\\\/el-cancer-de-colon-es-el-mas-comun-en-asturias-con-el-1125-de-los-casos\\\/#newsarticle\",\"name\":\"El c\\u00e1ncer de colon es el m\\u00e1s com\\u00fan en Asturias, con el 11,25% de los casos | Cand\\u00e1s 365\",\"headline\":\"El c\\u00e1ncer de colon es el m\\u00e1s com\\u00fan en Asturias, con el 11,25% de los casos\",\"author\":{\"@id\":\"https:\\\/\\\/candas365.es\\\/noticias\\\/author\\\/admin\\\/#author\"},\"publisher\":{\"@id\":\"https:\\\/\\\/candas365.es\\\/noticias\\\/#organization\"},\"image\":{\"@type\":\"ImageObject\",\"url\":\"https:\\\/\\\/candas365.es\\\/noticias\\\/wp-content\\\/uploads\\\/2015\\\/12\\\/fotonoticia_20151210142410_800.jpg\",\"width\":800,\"height\":533},\"datePublished\":\"2015-12-11T00:54:12+01:00\",\"dateModified\":\"2015-12-11T00:54:12+01:00\",\"inLanguage\":\"es-ES\",\"mainEntityOfPage\":{\"@id\":\"https:\\\/\\\/candas365.es\\\/noticias\\\/el-cancer-de-colon-es-el-mas-comun-en-asturias-con-el-1125-de-los-casos\\\/#webpage\"},\"isPartOf\":{\"@id\":\"https:\\\/\\\/candas365.es\\\/noticias\\\/el-cancer-de-colon-es-el-mas-comun-en-asturias-con-el-1125-de-los-casos\\\/#webpage\"},\"articleSection\":\"Agenda\",\"dateline\":\"Publicado el diciembre 11, 2015.\"},{\"@type\":\"Organization\",\"@id\":\"https:\\\/\\\/candas365.es\\\/noticias\\\/#organization\",\"name\":\"Cand\\u00e1s 365\",\"description\":\"Cand\\u00e1s 365 es un diario digital independiente, fundado en 2012, con base en Asturias. Informamos con rigor sobre actualidad, sociedad, cultura y ocio, con una mirada local y global.\",\"url\":\"https:\\\/\\\/candas365.es\\\/noticias\\\/\",\"email\":\"info@candas365.es\",\"telephone\":\"+34652131393\",\"foundingDate\":\"2012-06-10\",\"logo\":{\"@type\":\"ImageObject\",\"url\":\"https:\\\/\\\/candas365.es\\\/noticias\\\/wp-content\\\/uploads\\\/2024\\\/09\\\/Candas-365-Redes.jpg\",\"@id\":\"https:\\\/\\\/candas365.es\\\/noticias\\\/el-cancer-de-colon-es-el-mas-comun-en-asturias-con-el-1125-de-los-casos\\\/#organizationLogo\",\"width\":1152,\"height\":864,\"caption\":\"Cand\\u00e1s 365 Redes\"},\"image\":{\"@id\":\"https:\\\/\\\/candas365.es\\\/noticias\\\/el-cancer-de-colon-es-el-mas-comun-en-asturias-con-el-1125-de-los-casos\\\/#organizationLogo\"},\"sameAs\":[\"https:\\\/\\\/www.facebook.com\\\/Nachofdezber\",\"https:\\\/\\\/x.com\\\/NabercoDigital\",\"https:\\\/\\\/www.instagram.com\\\/nachofdezber\\\/\",\"https:\\\/\\\/www.youtube.com\\\/channel\\\/UCZP-2wLEB9Rv6erhFmqVnvg\"],\"address\":{\"@id\":\"https:\\\/\\\/candas365.es\\\/noticias\\\/#postaladdress\",\"@type\":\"PostalAddress\",\"streetAddress\":\"san antonio 4, san antonio 4\",\"postalCode\":\"33430\",\"addressLocality\":\"Cand\\u00e1s\",\"addressRegion\":\"Asturias\",\"addressCountry\":\"ES\"}},{\"@type\":\"Person\",\"@id\":\"https:\\\/\\\/candas365.es\\\/noticias\\\/author\\\/admin\\\/#author\",\"url\":\"https:\\\/\\\/candas365.es\\\/noticias\\\/author\\\/admin\\\/\",\"name\":\"Cand\\u00e1s 365\",\"image\":{\"@type\":\"ImageObject\",\"@id\":\"https:\\\/\\\/candas365.es\\\/noticias\\\/el-cancer-de-colon-es-el-mas-comun-en-asturias-con-el-1125-de-los-casos\\\/#authorImage\",\"url\":\"https:\\\/\\\/secure.gravatar.com\\\/avatar\\\/496a8e03d0c493ede1718b7934145dbdf8d89be1036b0eec9544e1094c9de390?s=96&d=mm&r=g\",\"width\":96,\"height\":96,\"caption\":\"Cand\\u00e1s 365\"},\"sameAs\":[\"https:\\\/\\\/www.facebook.com\\\/carrenoactualidad\",\"https:\\\/\\\/twitter.com\\\/nbasturias\",\"https:\\\/\\\/www.instagram.com\\\/nachofdezber\\\/\",\"https:\\\/\\\/www.youtube.com\\\/channel\\\/UCZP-2wLEB9Rv6erhFmqVnvg\"]},{\"@type\":\"WebPage\",\"@id\":\"https:\\\/\\\/candas365.es\\\/noticias\\\/el-cancer-de-colon-es-el-mas-comun-en-asturias-con-el-1125-de-los-casos\\\/#webpage\",\"url\":\"https:\\\/\\\/candas365.es\\\/noticias\\\/el-cancer-de-colon-es-el-mas-comun-en-asturias-con-el-1125-de-los-casos\\\/\",\"name\":\"El c\\u00e1ncer de colon es el m\\u00e1s com\\u00fan en Asturias, con el 11,25% de los casos | Cand\\u00e1s 365\",\"description\":\"El 18 por ciento de los tumores que se detectan en Asturias son digestivos y en concreto el c\\u00e1ncer colorrectal es m\\u00e1s frecuente, ya que supone el 11,25 de los casos. Le siguen de cerca el de mama con un 9,9% y el de pulm\\u00f3n con un 7,5%. As\\u00ed lo han anunciado este jueves, en\",\"inLanguage\":\"es-ES\",\"isPartOf\":{\"@id\":\"https:\\\/\\\/candas365.es\\\/noticias\\\/#website\"},\"breadcrumb\":{\"@id\":\"https:\\\/\\\/candas365.es\\\/noticias\\\/el-cancer-de-colon-es-el-mas-comun-en-asturias-con-el-1125-de-los-casos\\\/#breadcrumblist\"},\"author\":{\"@id\":\"https:\\\/\\\/candas365.es\\\/noticias\\\/author\\\/admin\\\/#author\"},\"creator\":{\"@id\":\"https:\\\/\\\/candas365.es\\\/noticias\\\/author\\\/admin\\\/#author\"},\"image\":{\"@type\":\"ImageObject\",\"url\":\"https:\\\/\\\/candas365.es\\\/noticias\\\/wp-content\\\/uploads\\\/2015\\\/12\\\/fotonoticia_20151210142410_800.jpg\",\"@id\":\"https:\\\/\\\/candas365.es\\\/noticias\\\/el-cancer-de-colon-es-el-mas-comun-en-asturias-con-el-1125-de-los-casos\\\/#mainImage\",\"width\":800,\"height\":533},\"primaryImageOfPage\":{\"@id\":\"https:\\\/\\\/candas365.es\\\/noticias\\\/el-cancer-de-colon-es-el-mas-comun-en-asturias-con-el-1125-de-los-casos\\\/#mainImage\"},\"datePublished\":\"2015-12-11T00:54:12+01:00\",\"dateModified\":\"2015-12-11T00:54:12+01:00\"},{\"@type\":\"WebSite\",\"@id\":\"https:\\\/\\\/candas365.es\\\/noticias\\\/#website\",\"url\":\"https:\\\/\\\/candas365.es\\\/noticias\\\/\",\"name\":\"Cand\\u00e1s 365\",\"alternateName\":\"Cand\\u00e1s 365 Noticias\",\"description\":\"Actualidad desde Carre\\u00f1o para el mundo\",\"inLanguage\":\"es-ES\",\"publisher\":{\"@id\":\"https:\\\/\\\/candas365.es\\\/noticias\\\/#organization\"}}]}\n\t\t<\/script>\n\t\t<!-- All in One SEO Pro -->\r\n\t\t<title>El c\u00e1ncer de colon es el m\u00e1s com\u00fan en Asturias, con el 11,25% de los casos | Cand\u00e1s 365<\/title>\n\n","aioseo_head_json":{"title":"El c\u00e1ncer de colon es el m\u00e1s com\u00fan en Asturias, con el 11,25% de los casos | Cand\u00e1s 365","description":"El 18 por ciento de los tumores que se detectan en Asturias son digestivos y en concreto el c\u00e1ncer colorrectal es m\u00e1s frecuente, ya que supone el 11,25 de los casos. Le siguen de cerca el de mama con un 9,9% y el de pulm\u00f3n con un 7,5%. As\u00ed lo han anunciado este jueves, en","canonical_url":"https:\/\/candas365.es\/noticias\/el-cancer-de-colon-es-el-mas-comun-en-asturias-con-el-1125-de-los-casos\/","robots":"max-image-preview:large","keywords":"agenda","webmasterTools":{"google-site-verification":"UA-32230408-1","msvalidate.01":"354F3CDFB2DA171B47FBE9ABF1F88D5","miscellaneous":""},"schema":{"@context":"https:\/\/schema.org","@graph":[{"@type":"BreadcrumbList","@id":"https:\/\/candas365.es\/noticias\/el-cancer-de-colon-es-el-mas-comun-en-asturias-con-el-1125-de-los-casos\/#breadcrumblist","itemListElement":[{"@type":"ListItem","@id":"https:\/\/candas365.es\/noticias#listItem","position":1,"name":"Home","item":"https:\/\/candas365.es\/noticias","nextItem":{"@type":"ListItem","@id":"https:\/\/candas365.es\/noticias\/category\/agenda\/#listItem","name":"Agenda"}},{"@type":"ListItem","@id":"https:\/\/candas365.es\/noticias\/category\/agenda\/#listItem","position":2,"name":"Agenda","item":"https:\/\/candas365.es\/noticias\/category\/agenda\/","nextItem":{"@type":"ListItem","@id":"https:\/\/candas365.es\/noticias\/el-cancer-de-colon-es-el-mas-comun-en-asturias-con-el-1125-de-los-casos\/#listItem","name":"El c\u00e1ncer de colon es el m\u00e1s com\u00fan en Asturias, con el 11,25% de los casos"},"previousItem":{"@type":"ListItem","@id":"https:\/\/candas365.es\/noticias#listItem","name":"Home"}},{"@type":"ListItem","@id":"https:\/\/candas365.es\/noticias\/el-cancer-de-colon-es-el-mas-comun-en-asturias-con-el-1125-de-los-casos\/#listItem","position":3,"name":"El c\u00e1ncer de colon es el m\u00e1s com\u00fan en Asturias, con el 11,25% de los casos","previousItem":{"@type":"ListItem","@id":"https:\/\/candas365.es\/noticias\/category\/agenda\/#listItem","name":"Agenda"}}]},{"@type":"NewsArticle","@id":"https:\/\/candas365.es\/noticias\/el-cancer-de-colon-es-el-mas-comun-en-asturias-con-el-1125-de-los-casos\/#newsarticle","name":"El c\u00e1ncer de colon es el m\u00e1s com\u00fan en Asturias, con el 11,25% de los casos | Cand\u00e1s 365","headline":"El c\u00e1ncer de colon es el m\u00e1s com\u00fan en Asturias, con el 11,25% de los casos","author":{"@id":"https:\/\/candas365.es\/noticias\/author\/admin\/#author"},"publisher":{"@id":"https:\/\/candas365.es\/noticias\/#organization"},"image":{"@type":"ImageObject","url":"https:\/\/candas365.es\/noticias\/wp-content\/uploads\/2015\/12\/fotonoticia_20151210142410_800.jpg","width":800,"height":533},"datePublished":"2015-12-11T00:54:12+01:00","dateModified":"2015-12-11T00:54:12+01:00","inLanguage":"es-ES","mainEntityOfPage":{"@id":"https:\/\/candas365.es\/noticias\/el-cancer-de-colon-es-el-mas-comun-en-asturias-con-el-1125-de-los-casos\/#webpage"},"isPartOf":{"@id":"https:\/\/candas365.es\/noticias\/el-cancer-de-colon-es-el-mas-comun-en-asturias-con-el-1125-de-los-casos\/#webpage"},"articleSection":"Agenda","dateline":"Publicado el diciembre 11, 2015."},{"@type":"Organization","@id":"https:\/\/candas365.es\/noticias\/#organization","name":"Cand\u00e1s 365","description":"Cand\u00e1s 365 es un diario digital independiente, fundado en 2012, con base en Asturias. Informamos con rigor sobre actualidad, sociedad, cultura y ocio, con una mirada local y global.","url":"https:\/\/candas365.es\/noticias\/","email":"info@candas365.es","telephone":"+34652131393","foundingDate":"2012-06-10","logo":{"@type":"ImageObject","url":"https:\/\/candas365.es\/noticias\/wp-content\/uploads\/2024\/09\/Candas-365-Redes.jpg","@id":"https:\/\/candas365.es\/noticias\/el-cancer-de-colon-es-el-mas-comun-en-asturias-con-el-1125-de-los-casos\/#organizationLogo","width":1152,"height":864,"caption":"Cand\u00e1s 365 Redes"},"image":{"@id":"https:\/\/candas365.es\/noticias\/el-cancer-de-colon-es-el-mas-comun-en-asturias-con-el-1125-de-los-casos\/#organizationLogo"},"sameAs":["https:\/\/www.facebook.com\/Nachofdezber","https:\/\/x.com\/NabercoDigital","https:\/\/www.instagram.com\/nachofdezber\/","https:\/\/www.youtube.com\/channel\/UCZP-2wLEB9Rv6erhFmqVnvg"],"address":{"@id":"https:\/\/candas365.es\/noticias\/#postaladdress","@type":"PostalAddress","streetAddress":"san antonio 4, san antonio 4","postalCode":"33430","addressLocality":"Cand\u00e1s","addressRegion":"Asturias","addressCountry":"ES"}},{"@type":"Person","@id":"https:\/\/candas365.es\/noticias\/author\/admin\/#author","url":"https:\/\/candas365.es\/noticias\/author\/admin\/","name":"Cand\u00e1s 365","image":{"@type":"ImageObject","@id":"https:\/\/candas365.es\/noticias\/el-cancer-de-colon-es-el-mas-comun-en-asturias-con-el-1125-de-los-casos\/#authorImage","url":"https:\/\/secure.gravatar.com\/avatar\/496a8e03d0c493ede1718b7934145dbdf8d89be1036b0eec9544e1094c9de390?s=96&d=mm&r=g","width":96,"height":96,"caption":"Cand\u00e1s 365"},"sameAs":["https:\/\/www.facebook.com\/carrenoactualidad","https:\/\/twitter.com\/nbasturias","https:\/\/www.instagram.com\/nachofdezber\/","https:\/\/www.youtube.com\/channel\/UCZP-2wLEB9Rv6erhFmqVnvg"]},{"@type":"WebPage","@id":"https:\/\/candas365.es\/noticias\/el-cancer-de-colon-es-el-mas-comun-en-asturias-con-el-1125-de-los-casos\/#webpage","url":"https:\/\/candas365.es\/noticias\/el-cancer-de-colon-es-el-mas-comun-en-asturias-con-el-1125-de-los-casos\/","name":"El c\u00e1ncer de colon es el m\u00e1s com\u00fan en Asturias, con el 11,25% de los casos | Cand\u00e1s 365","description":"El 18 por ciento de los tumores que se detectan en Asturias son digestivos y en concreto el c\u00e1ncer colorrectal es m\u00e1s frecuente, ya que supone el 11,25 de los casos. Le siguen de cerca el de mama con un 9,9% y el de pulm\u00f3n con un 7,5%. As\u00ed lo han anunciado este jueves, en","inLanguage":"es-ES","isPartOf":{"@id":"https:\/\/candas365.es\/noticias\/#website"},"breadcrumb":{"@id":"https:\/\/candas365.es\/noticias\/el-cancer-de-colon-es-el-mas-comun-en-asturias-con-el-1125-de-los-casos\/#breadcrumblist"},"author":{"@id":"https:\/\/candas365.es\/noticias\/author\/admin\/#author"},"creator":{"@id":"https:\/\/candas365.es\/noticias\/author\/admin\/#author"},"image":{"@type":"ImageObject","url":"https:\/\/candas365.es\/noticias\/wp-content\/uploads\/2015\/12\/fotonoticia_20151210142410_800.jpg","@id":"https:\/\/candas365.es\/noticias\/el-cancer-de-colon-es-el-mas-comun-en-asturias-con-el-1125-de-los-casos\/#mainImage","width":800,"height":533},"primaryImageOfPage":{"@id":"https:\/\/candas365.es\/noticias\/el-cancer-de-colon-es-el-mas-comun-en-asturias-con-el-1125-de-los-casos\/#mainImage"},"datePublished":"2015-12-11T00:54:12+01:00","dateModified":"2015-12-11T00:54:12+01:00"},{"@type":"WebSite","@id":"https:\/\/candas365.es\/noticias\/#website","url":"https:\/\/candas365.es\/noticias\/","name":"Cand\u00e1s 365","alternateName":"Cand\u00e1s 365 Noticias","description":"Actualidad desde Carre\u00f1o para el mundo","inLanguage":"es-ES","publisher":{"@id":"https:\/\/candas365.es\/noticias\/#organization"}}]},"og:locale":"es_ES","og:site_name":"Cand\u00e1s 365","og:type":"article","og:title":"El c\u00e1ncer de colon es el m\u00e1s com\u00fan en Asturias, con el 11,25% de los casos | Cand\u00e1s 365","og:description":"El 18 por ciento de los tumores que se detectan en Asturias son digestivos y en concreto el c\u00e1ncer colorrectal es m\u00e1s frecuente, ya que supone el 11,25 de los casos. Le siguen de cerca el de mama con un 9,9% y el de pulm\u00f3n con un 7,5%. As\u00ed lo han anunciado este jueves, en","og:url":"https:\/\/candas365.es\/noticias\/el-cancer-de-colon-es-el-mas-comun-en-asturias-con-el-1125-de-los-casos\/","og:image":"https:\/\/candas365.es\/noticias\/wp-content\/uploads\/2015\/12\/fotonoticia_20151210142410_800.jpg","og:image:secure_url":"https:\/\/candas365.es\/noticias\/wp-content\/uploads\/2015\/12\/fotonoticia_20151210142410_800.jpg","og:image:width":800,"og:image:height":533,"article:published_time":"2015-12-10T23:24:12+00:00","article:modified_time":"2015-12-10T23:24:12+00:00","article:publisher":"https:\/\/www.facebook.com\/Nachofdezber","article:author":"https:\/\/www.facebook.com\/carrenoactualidad","twitter:card":"summary_large_image","twitter:site":"@NabercoDigital","twitter:title":"El c\u00e1ncer de colon es el m\u00e1s com\u00fan en Asturias, con el 11,25% de los casos | Cand\u00e1s 365","twitter:description":"El 18 por ciento de los tumores que se detectan en Asturias son digestivos y en concreto el c\u00e1ncer colorrectal es m\u00e1s frecuente, ya que supone el 11,25 de los casos. Le siguen de cerca el de mama con un 9,9% y el de pulm\u00f3n con un 7,5%. As\u00ed lo han anunciado este jueves, en","twitter:creator":"@nbasturias","twitter:image":"https:\/\/candas365.es\/noticias\/wp-content\/uploads\/2015\/12\/fotonoticia_20151210142410_800.jpg","twitter:label1":"Escrito por","twitter:data1":"Cand\u00e1s 365","twitter:label2":"Tiempo de lectura estimado","twitter:data2":"2 minutos"},"aioseo_meta_data":{"post_id":"21832","title":null,"description":null,"keywords":null,"keyphrases":null,"primary_term":null,"canonical_url":null,"og_title":null,"og_description":null,"og_object_type":"default","og_image_type":"default","og_image_url":null,"og_image_width":null,"og_image_height":null,"og_image_custom_url":null,"og_image_custom_fields":null,"og_video":null,"og_custom_url":null,"og_article_section":null,"og_article_tags":null,"twitter_use_og":false,"twitter_card":"default","twitter_image_type":"default","twitter_image_url":null,"twitter_image_custom_url":null,"twitter_image_custom_fields":null,"twitter_title":null,"twitter_description":null,"schema":{"blockGraphs":[],"customGraphs":[],"default":{"data":{"Article":[],"Course":[],"Dataset":[],"FAQPage":[],"Movie":[],"Person":[],"Product":[],"ProductReview":[],"Car":[],"Recipe":[],"Service":[],"SoftwareApplication":[],"WebPage":[]},"graphName":"","isEnabled":true},"graphs":[],"defaultGraph":"","defaultPostTypeGraph":""},"schema_type":null,"schema_type_options":null,"pillar_content":false,"robots_default":true,"robots_noindex":false,"robots_noarchive":false,"robots_nosnippet":false,"robots_nofollow":false,"robots_noimageindex":false,"robots_noodp":false,"robots_notranslate":false,"robots_max_snippet":null,"robots_max_videopreview":null,"robots_max_imagepreview":"large","priority":null,"frequency":null,"location":null,"local_seo":null,"seo_analyzer_scan_date":"2025-08-24 00:27:17","breadcrumb_settings":null,"limit_modified_date":false,"reviewed_by":null,"open_ai":null,"ai":null,"created":"2020-12-21 11:55:45","updated":"2025-08-24 00:27:17"},"aioseo_breadcrumb":"<div class=\"aioseo-breadcrumbs\"><span class=\"aioseo-breadcrumb\">\n\t<a href=\"https:\/\/candas365.es\/noticias\" title=\"Home\">Home<\/a>\n<\/span><span class=\"aioseo-breadcrumb-separator\">&ndash;<\/span><span class=\"aioseo-breadcrumb\">\n\t<a href=\"https:\/\/candas365.es\/noticias\/category\/agenda\/\" title=\"Agenda\">Agenda<\/a>\n<\/span><span class=\"aioseo-breadcrumb-separator\">&ndash;<\/span><span class=\"aioseo-breadcrumb\">\n\tEl c\u00e1ncer de colon es el m\u00e1s com\u00fan en Asturias, con el 11,25% de los casos\n<\/span><\/div>","aioseo_breadcrumb_json":[{"label":"Home","link":"https:\/\/candas365.es\/noticias"},{"label":"Agenda","link":"https:\/\/candas365.es\/noticias\/category\/agenda\/"},{"label":"El c\u00e1ncer de colon es el m\u00e1s com\u00fan en Asturias, con el 11,25% de los casos","link":"https:\/\/candas365.es\/noticias\/el-cancer-de-colon-es-el-mas-comun-en-asturias-con-el-1125-de-los-casos\/"}],"_links":{"self":[{"href":"https:\/\/candas365.es\/noticias\/wp-json\/wp\/v2\/posts\/21832","targetHints":{"allow":["GET"]}}],"collection":[{"href":"https:\/\/candas365.es\/noticias\/wp-json\/wp\/v2\/posts"}],"about":[{"href":"https:\/\/candas365.es\/noticias\/wp-json\/wp\/v2\/types\/post"}],"author":[{"embeddable":true,"href":"https:\/\/candas365.es\/noticias\/wp-json\/wp\/v2\/users\/1"}],"replies":[{"embeddable":true,"href":"https:\/\/candas365.es\/noticias\/wp-json\/wp\/v2\/comments?post=21832"}],"version-history":[{"count":0,"href":"https:\/\/candas365.es\/noticias\/wp-json\/wp\/v2\/posts\/21832\/revisions"}],"wp:featuredmedia":[{"embeddable":true,"href":"https:\/\/candas365.es\/noticias\/wp-json\/wp\/v2\/media\/21833"}],"wp:attachment":[{"href":"https:\/\/candas365.es\/noticias\/wp-json\/wp\/v2\/media?parent=21832"}],"wp:term":[{"taxonomy":"category","embeddable":true,"href":"https:\/\/candas365.es\/noticias\/wp-json\/wp\/v2\/categories?post=21832"},{"taxonomy":"post_tag","embeddable":true,"href":"https:\/\/candas365.es\/noticias\/wp-json\/wp\/v2\/tags?post=21832"}],"curies":[{"name":"wp","href":"https:\/\/api.w.org\/{rel}","templated":true}]}}