{"id":1999,"date":"2014-10-02T04:13:02","date_gmt":"2014-10-02T06:13:02","guid":{"rendered":"http:\/\/candas365.es\/noticias\/?p=1999"},"modified":"2014-10-02T04:13:02","modified_gmt":"2014-10-02T06:13:02","slug":"detenido-un-hombre-por-recaudar-donativos-mediante-un-perfil-falso-de-facebook","status":"publish","type":"post","link":"https:\/\/candas365.es\/noticias\/detenido-un-hombre-por-recaudar-donativos-mediante-un-perfil-falso-de-facebook\/","title":{"rendered":"Detenido un hombre por recaudar donativos mediante un perfil falso de Facebook"},"content":{"rendered":"<p><img fetchpriority=\"high\" decoding=\"async\" class=\"alignleft size-full wp-image-276\" src=\"https:\/\/candas365.es\/noticias\/wp-content\/uploads\/2014\/09\/civil.jpg\" alt=\"civil\" width=\"360\" height=\"239\" srcset=\"https:\/\/candas365.es\/noticias\/wp-content\/uploads\/2014\/09\/civil.jpg 360w, https:\/\/candas365.es\/noticias\/wp-content\/uploads\/2014\/09\/civil-150x100.jpg 150w, https:\/\/candas365.es\/noticias\/wp-content\/uploads\/2014\/09\/civil-84x55.jpg 84w\" sizes=\"(max-width: 360px) 100vw, 360px\" \/>OVIEDO, 1 Oct. (EUROPA PRESS) &#8211;<\/p>\n<p>La Guardia Civil de la Comandancia de Oviedo ha detenido a un joven de 24 a\u00f1os, vecino de Pola de Lena (Asturias), por un presunto delito de falsificaci\u00f3n de documento privado y una falta de estafa tras crear una cuenta en la red social de facebook haci\u00e9ndose pasar por la madre de una menor conocida en la regi\u00f3n por sufrir varias patolog\u00edas desde su nacimiento, estaf\u00f3 a varias personas que donaban dinero como ayuda a los cuidados que la menor requiere, aprovech\u00e1ndose de las enfermedades de la menor como reclamo para obtener el dinero.<\/p>\n<p>Las investigaciones se iniciaron el pasado mes de enero cuando en el Puesto de la Guardia Civil de Pola de Lena se recibi\u00f3 una denuncia por una presunta estafa, dicha estafa se perpetr\u00f3 tras la creaci\u00f3n por parte del detenido de una cuanta en la red social de farebook.<\/p>\n<p>El administrador de esta cuenta falsa capt\u00f3 a varias personas, siendo una de ellas la persona que regenta un establecimiento p\u00fablico de Pola de Lena, al objeto de que \u00e9sta recaudara en el establecimiento donativos para posteriormente luego recibir el importe de los donativos a trav\u00e9s de Ukash (dinero electr\u00f3nico) con el objeto de no ser descubierta su identidad.<\/p>\n<p>Tras hacerse cargo de las investigaciones el Equipo de Polic\u00eda Judicial de la Guardia Civil de Mieres, se pudo comprobar que la cuenta falsa creada en la red social se usaban numerosas fotograf\u00edas de la menor obtenidas de la p\u00e1gina autentica y cuya administradora es la madre de la ni\u00f1a, y todo ello al objeto de crear verosimilitud y enga\u00f1o en las personas que captaba.<\/p>\n<p>Asimismo en la investigaci\u00f3n llevada a cabo se descubri\u00f3 que el detenido se conectaba a internet mediante una red Wifi propiedad de un vecino, tras haberle obtenido de forma ilegal su contrase\u00f1a de acceso. Las diligencias instruidas son puestas junto con el detenido a disposici\u00f3n de la Autoridad Judicial.<\/p>\n","protected":false},"excerpt":{"rendered":"<p>OVIEDO, 1 Oct. (EUROPA PRESS) &#8211; La Guardia Civil de la Comandancia de Oviedo ha detenido a un joven de 24 a\u00f1os, vecino de Pola de Lena (Asturias), por un presunto delito de falsificaci\u00f3n de documento privado y una falta de estafa tras crear una cuenta en la red social de facebook haci\u00e9ndose pasar por<\/p>\n","protected":false},"author":1,"featured_media":276,"comment_status":"closed","ping_status":"closed","sticky":false,"template":"","format":"standard","meta":{"footnotes":""},"categories":[7],"tags":[],"class_list":{"0":"post-1999","1":"post","2":"type-post","3":"status-publish","4":"format-standard","5":"has-post-thumbnail","7":"category-asturias"},"aioseo_notices":[],"aioseo_head":"\n\t\t<!-- All in One SEO Pro 4.9.6.2 - aioseo.com -->\n\t<meta name=\"description\" content=\"OVIEDO, 1 Oct. (EUROPA PRESS) - La Guardia Civil de la Comandancia de Oviedo ha detenido a un joven de 24 a\u00f1os, vecino de Pola de Lena (Asturias), por un presunto delito de falsificaci\u00f3n de documento privado y una falta de estafa tras crear una cuenta en la red social de facebook haci\u00e9ndose pasar por\" \/>\n\t<meta name=\"robots\" content=\"max-image-preview:large\" \/>\n\t<meta name=\"author\" content=\"Cand\u00e1s 365\"\/>\n\t<meta name=\"google-site-verification\" content=\"UA-32230408-1\" \/>\n\t<meta name=\"msvalidate.01\" content=\"354F3CDFB2DA171B47FBE9ABF1F88D5\" \/>\n\t<meta name=\"keywords\" content=\"asturias\" \/>\n\t<link rel=\"canonical\" href=\"https:\/\/candas365.es\/noticias\/detenido-un-hombre-por-recaudar-donativos-mediante-un-perfil-falso-de-facebook\/\" \/>\n\t<meta name=\"generator\" content=\"All in One SEO Pro (AIOSEO) 4.9.6.2\" \/>\n\t\t<meta property=\"og:locale\" content=\"es_ES\" \/>\n\t\t<meta property=\"og:site_name\" content=\"Cand\u00e1s 365\" \/>\n\t\t<meta property=\"og:type\" content=\"article\" \/>\n\t\t<meta property=\"og:title\" content=\"Detenido un hombre por recaudar donativos mediante un perfil falso de Facebook | Cand\u00e1s 365\" \/>\n\t\t<meta property=\"og:description\" content=\"OVIEDO, 1 Oct. (EUROPA PRESS) - La Guardia Civil de la Comandancia de Oviedo ha detenido a un joven de 24 a\u00f1os, vecino de Pola de Lena (Asturias), por un presunto delito de falsificaci\u00f3n de documento privado y una falta de estafa tras crear una cuenta en la red social de facebook haci\u00e9ndose pasar por\" \/>\n\t\t<meta property=\"og:url\" content=\"https:\/\/candas365.es\/noticias\/detenido-un-hombre-por-recaudar-donativos-mediante-un-perfil-falso-de-facebook\/\" \/>\n\t\t<meta property=\"og:image\" content=\"https:\/\/candas365.es\/noticias\/wp-content\/uploads\/2014\/09\/civil.jpg\" \/>\n\t\t<meta property=\"og:image:secure_url\" content=\"https:\/\/candas365.es\/noticias\/wp-content\/uploads\/2014\/09\/civil.jpg\" \/>\n\t\t<meta property=\"og:image:width\" content=\"360\" \/>\n\t\t<meta property=\"og:image:height\" content=\"239\" \/>\n\t\t<meta property=\"article:published_time\" content=\"2014-10-02T06:13:02+00:00\" \/>\n\t\t<meta property=\"article:modified_time\" content=\"2014-10-02T06:13:02+00:00\" \/>\n\t\t<meta property=\"article:publisher\" content=\"https:\/\/www.facebook.com\/Nachofdezber\" \/>\n\t\t<meta property=\"article:author\" content=\"https:\/\/www.facebook.com\/carrenoactualidad\" \/>\n\t\t<meta name=\"twitter:card\" content=\"summary_large_image\" \/>\n\t\t<meta name=\"twitter:site\" content=\"@NabercoDigital\" \/>\n\t\t<meta name=\"twitter:title\" content=\"Detenido un hombre por recaudar donativos mediante un perfil falso de Facebook | Cand\u00e1s 365\" \/>\n\t\t<meta name=\"twitter:description\" content=\"OVIEDO, 1 Oct. (EUROPA PRESS) - La Guardia Civil de la Comandancia de Oviedo ha detenido a un joven de 24 a\u00f1os, vecino de Pola de Lena (Asturias), por un presunto delito de falsificaci\u00f3n de documento privado y una falta de estafa tras crear una cuenta en la red social de facebook haci\u00e9ndose pasar por\" \/>\n\t\t<meta name=\"twitter:creator\" content=\"@nbasturias\" \/>\n\t\t<meta name=\"twitter:image\" content=\"https:\/\/candas365.es\/noticias\/wp-content\/uploads\/2014\/09\/civil.jpg\" \/>\n\t\t<meta name=\"twitter:label1\" content=\"Escrito por\" \/>\n\t\t<meta name=\"twitter:data1\" content=\"Cand\u00e1s 365\" \/>\n\t\t<meta name=\"twitter:label2\" content=\"Tiempo de lectura estimado\" \/>\n\t\t<meta name=\"twitter:data2\" content=\"2 minutos\" \/>\n\t\t<script type=\"application\/ld+json\" class=\"aioseo-schema\">\n\t\t\t{\"@context\":\"https:\\\/\\\/schema.org\",\"@graph\":[{\"@type\":\"BreadcrumbList\",\"@id\":\"https:\\\/\\\/candas365.es\\\/noticias\\\/detenido-un-hombre-por-recaudar-donativos-mediante-un-perfil-falso-de-facebook\\\/#breadcrumblist\",\"itemListElement\":[{\"@type\":\"ListItem\",\"@id\":\"https:\\\/\\\/candas365.es\\\/noticias#listItem\",\"position\":1,\"name\":\"Home\",\"item\":\"https:\\\/\\\/candas365.es\\\/noticias\",\"nextItem\":{\"@type\":\"ListItem\",\"@id\":\"https:\\\/\\\/candas365.es\\\/noticias\\\/category\\\/asturias\\\/#listItem\",\"name\":\"Asturias\"}},{\"@type\":\"ListItem\",\"@id\":\"https:\\\/\\\/candas365.es\\\/noticias\\\/category\\\/asturias\\\/#listItem\",\"position\":2,\"name\":\"Asturias\",\"item\":\"https:\\\/\\\/candas365.es\\\/noticias\\\/category\\\/asturias\\\/\",\"nextItem\":{\"@type\":\"ListItem\",\"@id\":\"https:\\\/\\\/candas365.es\\\/noticias\\\/detenido-un-hombre-por-recaudar-donativos-mediante-un-perfil-falso-de-facebook\\\/#listItem\",\"name\":\"Detenido un hombre por recaudar donativos mediante un perfil falso de Facebook\"},\"previousItem\":{\"@type\":\"ListItem\",\"@id\":\"https:\\\/\\\/candas365.es\\\/noticias#listItem\",\"name\":\"Home\"}},{\"@type\":\"ListItem\",\"@id\":\"https:\\\/\\\/candas365.es\\\/noticias\\\/detenido-un-hombre-por-recaudar-donativos-mediante-un-perfil-falso-de-facebook\\\/#listItem\",\"position\":3,\"name\":\"Detenido un hombre por recaudar donativos mediante un perfil falso de Facebook\",\"previousItem\":{\"@type\":\"ListItem\",\"@id\":\"https:\\\/\\\/candas365.es\\\/noticias\\\/category\\\/asturias\\\/#listItem\",\"name\":\"Asturias\"}}]},{\"@type\":\"NewsArticle\",\"@id\":\"https:\\\/\\\/candas365.es\\\/noticias\\\/detenido-un-hombre-por-recaudar-donativos-mediante-un-perfil-falso-de-facebook\\\/#newsarticle\",\"name\":\"Detenido un hombre por recaudar donativos mediante un perfil falso de Facebook | Cand\\u00e1s 365\",\"headline\":\"Detenido un hombre por recaudar donativos mediante un perfil falso de Facebook\",\"author\":{\"@id\":\"https:\\\/\\\/candas365.es\\\/noticias\\\/author\\\/admin\\\/#author\"},\"publisher\":{\"@id\":\"https:\\\/\\\/candas365.es\\\/noticias\\\/#organization\"},\"image\":{\"@type\":\"ImageObject\",\"url\":\"https:\\\/\\\/candas365.es\\\/noticias\\\/wp-content\\\/uploads\\\/2014\\\/09\\\/civil.jpg\",\"width\":360,\"height\":239},\"datePublished\":\"2014-10-02T04:13:02+02:00\",\"dateModified\":\"2014-10-02T04:13:02+02:00\",\"inLanguage\":\"es-ES\",\"mainEntityOfPage\":{\"@id\":\"https:\\\/\\\/candas365.es\\\/noticias\\\/detenido-un-hombre-por-recaudar-donativos-mediante-un-perfil-falso-de-facebook\\\/#webpage\"},\"isPartOf\":{\"@id\":\"https:\\\/\\\/candas365.es\\\/noticias\\\/detenido-un-hombre-por-recaudar-donativos-mediante-un-perfil-falso-de-facebook\\\/#webpage\"},\"articleSection\":\"Asturias\",\"dateline\":\"Publicado el octubre 2, 2014.\"},{\"@type\":\"Organization\",\"@id\":\"https:\\\/\\\/candas365.es\\\/noticias\\\/#organization\",\"name\":\"Cand\\u00e1s 365\",\"description\":\"Cand\\u00e1s 365 es un diario digital independiente, fundado en 2012, con base en Asturias. Informamos con rigor sobre actualidad, sociedad, cultura y ocio, con una mirada local y global.\",\"url\":\"https:\\\/\\\/candas365.es\\\/noticias\\\/\",\"email\":\"info@candas365.es\",\"telephone\":\"+34652131393\",\"foundingDate\":\"2012-06-10\",\"logo\":{\"@type\":\"ImageObject\",\"url\":\"https:\\\/\\\/candas365.es\\\/noticias\\\/wp-content\\\/uploads\\\/2024\\\/09\\\/Candas-365-Redes.jpg\",\"@id\":\"https:\\\/\\\/candas365.es\\\/noticias\\\/detenido-un-hombre-por-recaudar-donativos-mediante-un-perfil-falso-de-facebook\\\/#organizationLogo\",\"width\":1152,\"height\":864,\"caption\":\"Cand\\u00e1s 365 Redes\"},\"image\":{\"@id\":\"https:\\\/\\\/candas365.es\\\/noticias\\\/detenido-un-hombre-por-recaudar-donativos-mediante-un-perfil-falso-de-facebook\\\/#organizationLogo\"},\"sameAs\":[\"https:\\\/\\\/www.facebook.com\\\/Nachofdezber\",\"https:\\\/\\\/x.com\\\/NabercoDigital\",\"https:\\\/\\\/www.instagram.com\\\/nachofdezber\\\/\",\"https:\\\/\\\/www.youtube.com\\\/channel\\\/UCZP-2wLEB9Rv6erhFmqVnvg\"],\"address\":{\"@id\":\"https:\\\/\\\/candas365.es\\\/noticias\\\/#postaladdress\",\"@type\":\"PostalAddress\",\"streetAddress\":\"san antonio 4, san antonio 4\",\"postalCode\":\"33430\",\"addressLocality\":\"Cand\\u00e1s\",\"addressRegion\":\"Asturias\",\"addressCountry\":\"ES\"}},{\"@type\":\"Person\",\"@id\":\"https:\\\/\\\/candas365.es\\\/noticias\\\/author\\\/admin\\\/#author\",\"url\":\"https:\\\/\\\/candas365.es\\\/noticias\\\/author\\\/admin\\\/\",\"name\":\"Cand\\u00e1s 365\",\"image\":{\"@type\":\"ImageObject\",\"@id\":\"https:\\\/\\\/candas365.es\\\/noticias\\\/detenido-un-hombre-por-recaudar-donativos-mediante-un-perfil-falso-de-facebook\\\/#authorImage\",\"url\":\"https:\\\/\\\/secure.gravatar.com\\\/avatar\\\/496a8e03d0c493ede1718b7934145dbdf8d89be1036b0eec9544e1094c9de390?s=96&d=mm&r=g\",\"width\":96,\"height\":96,\"caption\":\"Cand\\u00e1s 365\"},\"sameAs\":[\"https:\\\/\\\/www.facebook.com\\\/carrenoactualidad\",\"https:\\\/\\\/twitter.com\\\/nbasturias\",\"https:\\\/\\\/www.instagram.com\\\/nachofdezber\\\/\",\"https:\\\/\\\/www.youtube.com\\\/channel\\\/UCZP-2wLEB9Rv6erhFmqVnvg\"]},{\"@type\":\"WebPage\",\"@id\":\"https:\\\/\\\/candas365.es\\\/noticias\\\/detenido-un-hombre-por-recaudar-donativos-mediante-un-perfil-falso-de-facebook\\\/#webpage\",\"url\":\"https:\\\/\\\/candas365.es\\\/noticias\\\/detenido-un-hombre-por-recaudar-donativos-mediante-un-perfil-falso-de-facebook\\\/\",\"name\":\"Detenido un hombre por recaudar donativos mediante un perfil falso de Facebook | Cand\\u00e1s 365\",\"description\":\"OVIEDO, 1 Oct. (EUROPA PRESS) - La Guardia Civil de la Comandancia de Oviedo ha detenido a un joven de 24 a\\u00f1os, vecino de Pola de Lena (Asturias), por un presunto delito de falsificaci\\u00f3n de documento privado y una falta de estafa tras crear una cuenta en la red social de facebook haci\\u00e9ndose pasar por\",\"inLanguage\":\"es-ES\",\"isPartOf\":{\"@id\":\"https:\\\/\\\/candas365.es\\\/noticias\\\/#website\"},\"breadcrumb\":{\"@id\":\"https:\\\/\\\/candas365.es\\\/noticias\\\/detenido-un-hombre-por-recaudar-donativos-mediante-un-perfil-falso-de-facebook\\\/#breadcrumblist\"},\"author\":{\"@id\":\"https:\\\/\\\/candas365.es\\\/noticias\\\/author\\\/admin\\\/#author\"},\"creator\":{\"@id\":\"https:\\\/\\\/candas365.es\\\/noticias\\\/author\\\/admin\\\/#author\"},\"image\":{\"@type\":\"ImageObject\",\"url\":\"https:\\\/\\\/candas365.es\\\/noticias\\\/wp-content\\\/uploads\\\/2014\\\/09\\\/civil.jpg\",\"@id\":\"https:\\\/\\\/candas365.es\\\/noticias\\\/detenido-un-hombre-por-recaudar-donativos-mediante-un-perfil-falso-de-facebook\\\/#mainImage\",\"width\":360,\"height\":239},\"primaryImageOfPage\":{\"@id\":\"https:\\\/\\\/candas365.es\\\/noticias\\\/detenido-un-hombre-por-recaudar-donativos-mediante-un-perfil-falso-de-facebook\\\/#mainImage\"},\"datePublished\":\"2014-10-02T04:13:02+02:00\",\"dateModified\":\"2014-10-02T04:13:02+02:00\"},{\"@type\":\"WebSite\",\"@id\":\"https:\\\/\\\/candas365.es\\\/noticias\\\/#website\",\"url\":\"https:\\\/\\\/candas365.es\\\/noticias\\\/\",\"name\":\"Cand\\u00e1s 365\",\"alternateName\":\"Cand\\u00e1s 365 Noticias\",\"description\":\"Actualidad desde Carre\\u00f1o para el mundo\",\"inLanguage\":\"es-ES\",\"publisher\":{\"@id\":\"https:\\\/\\\/candas365.es\\\/noticias\\\/#organization\"}}]}\n\t\t<\/script>\n\t\t<!-- All in One SEO Pro -->\r\n\t\t<title>Detenido un hombre por recaudar donativos mediante un perfil falso de Facebook | Cand\u00e1s 365<\/title>\n\n","aioseo_head_json":{"title":"Detenido un hombre por recaudar donativos mediante un perfil falso de Facebook | Cand\u00e1s 365","description":"OVIEDO, 1 Oct. (EUROPA PRESS) - La Guardia Civil de la Comandancia de Oviedo ha detenido a un joven de 24 a\u00f1os, vecino de Pola de Lena (Asturias), por un presunto delito de falsificaci\u00f3n de documento privado y una falta de estafa tras crear una cuenta en la red social de facebook haci\u00e9ndose pasar por","canonical_url":"https:\/\/candas365.es\/noticias\/detenido-un-hombre-por-recaudar-donativos-mediante-un-perfil-falso-de-facebook\/","robots":"max-image-preview:large","keywords":"asturias","webmasterTools":{"google-site-verification":"UA-32230408-1","msvalidate.01":"354F3CDFB2DA171B47FBE9ABF1F88D5","miscellaneous":""},"schema":{"@context":"https:\/\/schema.org","@graph":[{"@type":"BreadcrumbList","@id":"https:\/\/candas365.es\/noticias\/detenido-un-hombre-por-recaudar-donativos-mediante-un-perfil-falso-de-facebook\/#breadcrumblist","itemListElement":[{"@type":"ListItem","@id":"https:\/\/candas365.es\/noticias#listItem","position":1,"name":"Home","item":"https:\/\/candas365.es\/noticias","nextItem":{"@type":"ListItem","@id":"https:\/\/candas365.es\/noticias\/category\/asturias\/#listItem","name":"Asturias"}},{"@type":"ListItem","@id":"https:\/\/candas365.es\/noticias\/category\/asturias\/#listItem","position":2,"name":"Asturias","item":"https:\/\/candas365.es\/noticias\/category\/asturias\/","nextItem":{"@type":"ListItem","@id":"https:\/\/candas365.es\/noticias\/detenido-un-hombre-por-recaudar-donativos-mediante-un-perfil-falso-de-facebook\/#listItem","name":"Detenido un hombre por recaudar donativos mediante un perfil falso de Facebook"},"previousItem":{"@type":"ListItem","@id":"https:\/\/candas365.es\/noticias#listItem","name":"Home"}},{"@type":"ListItem","@id":"https:\/\/candas365.es\/noticias\/detenido-un-hombre-por-recaudar-donativos-mediante-un-perfil-falso-de-facebook\/#listItem","position":3,"name":"Detenido un hombre por recaudar donativos mediante un perfil falso de Facebook","previousItem":{"@type":"ListItem","@id":"https:\/\/candas365.es\/noticias\/category\/asturias\/#listItem","name":"Asturias"}}]},{"@type":"NewsArticle","@id":"https:\/\/candas365.es\/noticias\/detenido-un-hombre-por-recaudar-donativos-mediante-un-perfil-falso-de-facebook\/#newsarticle","name":"Detenido un hombre por recaudar donativos mediante un perfil falso de Facebook | Cand\u00e1s 365","headline":"Detenido un hombre por recaudar donativos mediante un perfil falso de Facebook","author":{"@id":"https:\/\/candas365.es\/noticias\/author\/admin\/#author"},"publisher":{"@id":"https:\/\/candas365.es\/noticias\/#organization"},"image":{"@type":"ImageObject","url":"https:\/\/candas365.es\/noticias\/wp-content\/uploads\/2014\/09\/civil.jpg","width":360,"height":239},"datePublished":"2014-10-02T04:13:02+02:00","dateModified":"2014-10-02T04:13:02+02:00","inLanguage":"es-ES","mainEntityOfPage":{"@id":"https:\/\/candas365.es\/noticias\/detenido-un-hombre-por-recaudar-donativos-mediante-un-perfil-falso-de-facebook\/#webpage"},"isPartOf":{"@id":"https:\/\/candas365.es\/noticias\/detenido-un-hombre-por-recaudar-donativos-mediante-un-perfil-falso-de-facebook\/#webpage"},"articleSection":"Asturias","dateline":"Publicado el octubre 2, 2014."},{"@type":"Organization","@id":"https:\/\/candas365.es\/noticias\/#organization","name":"Cand\u00e1s 365","description":"Cand\u00e1s 365 es un diario digital independiente, fundado en 2012, con base en Asturias. Informamos con rigor sobre actualidad, sociedad, cultura y ocio, con una mirada local y global.","url":"https:\/\/candas365.es\/noticias\/","email":"info@candas365.es","telephone":"+34652131393","foundingDate":"2012-06-10","logo":{"@type":"ImageObject","url":"https:\/\/candas365.es\/noticias\/wp-content\/uploads\/2024\/09\/Candas-365-Redes.jpg","@id":"https:\/\/candas365.es\/noticias\/detenido-un-hombre-por-recaudar-donativos-mediante-un-perfil-falso-de-facebook\/#organizationLogo","width":1152,"height":864,"caption":"Cand\u00e1s 365 Redes"},"image":{"@id":"https:\/\/candas365.es\/noticias\/detenido-un-hombre-por-recaudar-donativos-mediante-un-perfil-falso-de-facebook\/#organizationLogo"},"sameAs":["https:\/\/www.facebook.com\/Nachofdezber","https:\/\/x.com\/NabercoDigital","https:\/\/www.instagram.com\/nachofdezber\/","https:\/\/www.youtube.com\/channel\/UCZP-2wLEB9Rv6erhFmqVnvg"],"address":{"@id":"https:\/\/candas365.es\/noticias\/#postaladdress","@type":"PostalAddress","streetAddress":"san antonio 4, san antonio 4","postalCode":"33430","addressLocality":"Cand\u00e1s","addressRegion":"Asturias","addressCountry":"ES"}},{"@type":"Person","@id":"https:\/\/candas365.es\/noticias\/author\/admin\/#author","url":"https:\/\/candas365.es\/noticias\/author\/admin\/","name":"Cand\u00e1s 365","image":{"@type":"ImageObject","@id":"https:\/\/candas365.es\/noticias\/detenido-un-hombre-por-recaudar-donativos-mediante-un-perfil-falso-de-facebook\/#authorImage","url":"https:\/\/secure.gravatar.com\/avatar\/496a8e03d0c493ede1718b7934145dbdf8d89be1036b0eec9544e1094c9de390?s=96&d=mm&r=g","width":96,"height":96,"caption":"Cand\u00e1s 365"},"sameAs":["https:\/\/www.facebook.com\/carrenoactualidad","https:\/\/twitter.com\/nbasturias","https:\/\/www.instagram.com\/nachofdezber\/","https:\/\/www.youtube.com\/channel\/UCZP-2wLEB9Rv6erhFmqVnvg"]},{"@type":"WebPage","@id":"https:\/\/candas365.es\/noticias\/detenido-un-hombre-por-recaudar-donativos-mediante-un-perfil-falso-de-facebook\/#webpage","url":"https:\/\/candas365.es\/noticias\/detenido-un-hombre-por-recaudar-donativos-mediante-un-perfil-falso-de-facebook\/","name":"Detenido un hombre por recaudar donativos mediante un perfil falso de Facebook | Cand\u00e1s 365","description":"OVIEDO, 1 Oct. (EUROPA PRESS) - La Guardia Civil de la Comandancia de Oviedo ha detenido a un joven de 24 a\u00f1os, vecino de Pola de Lena (Asturias), por un presunto delito de falsificaci\u00f3n de documento privado y una falta de estafa tras crear una cuenta en la red social de facebook haci\u00e9ndose pasar por","inLanguage":"es-ES","isPartOf":{"@id":"https:\/\/candas365.es\/noticias\/#website"},"breadcrumb":{"@id":"https:\/\/candas365.es\/noticias\/detenido-un-hombre-por-recaudar-donativos-mediante-un-perfil-falso-de-facebook\/#breadcrumblist"},"author":{"@id":"https:\/\/candas365.es\/noticias\/author\/admin\/#author"},"creator":{"@id":"https:\/\/candas365.es\/noticias\/author\/admin\/#author"},"image":{"@type":"ImageObject","url":"https:\/\/candas365.es\/noticias\/wp-content\/uploads\/2014\/09\/civil.jpg","@id":"https:\/\/candas365.es\/noticias\/detenido-un-hombre-por-recaudar-donativos-mediante-un-perfil-falso-de-facebook\/#mainImage","width":360,"height":239},"primaryImageOfPage":{"@id":"https:\/\/candas365.es\/noticias\/detenido-un-hombre-por-recaudar-donativos-mediante-un-perfil-falso-de-facebook\/#mainImage"},"datePublished":"2014-10-02T04:13:02+02:00","dateModified":"2014-10-02T04:13:02+02:00"},{"@type":"WebSite","@id":"https:\/\/candas365.es\/noticias\/#website","url":"https:\/\/candas365.es\/noticias\/","name":"Cand\u00e1s 365","alternateName":"Cand\u00e1s 365 Noticias","description":"Actualidad desde Carre\u00f1o para el mundo","inLanguage":"es-ES","publisher":{"@id":"https:\/\/candas365.es\/noticias\/#organization"}}]},"og:locale":"es_ES","og:site_name":"Cand\u00e1s 365","og:type":"article","og:title":"Detenido un hombre por recaudar donativos mediante un perfil falso de Facebook | Cand\u00e1s 365","og:description":"OVIEDO, 1 Oct. (EUROPA PRESS) - La Guardia Civil de la Comandancia de Oviedo ha detenido a un joven de 24 a\u00f1os, vecino de Pola de Lena (Asturias), por un presunto delito de falsificaci\u00f3n de documento privado y una falta de estafa tras crear una cuenta en la red social de facebook haci\u00e9ndose pasar por","og:url":"https:\/\/candas365.es\/noticias\/detenido-un-hombre-por-recaudar-donativos-mediante-un-perfil-falso-de-facebook\/","og:image":"https:\/\/candas365.es\/noticias\/wp-content\/uploads\/2014\/09\/civil.jpg","og:image:secure_url":"https:\/\/candas365.es\/noticias\/wp-content\/uploads\/2014\/09\/civil.jpg","og:image:width":360,"og:image:height":239,"article:published_time":"2014-10-02T06:13:02+00:00","article:modified_time":"2014-10-02T06:13:02+00:00","article:publisher":"https:\/\/www.facebook.com\/Nachofdezber","article:author":"https:\/\/www.facebook.com\/carrenoactualidad","twitter:card":"summary_large_image","twitter:site":"@NabercoDigital","twitter:title":"Detenido un hombre por recaudar donativos mediante un perfil falso de Facebook | Cand\u00e1s 365","twitter:description":"OVIEDO, 1 Oct. (EUROPA PRESS) - La Guardia Civil de la Comandancia de Oviedo ha detenido a un joven de 24 a\u00f1os, vecino de Pola de Lena (Asturias), por un presunto delito de falsificaci\u00f3n de documento privado y una falta de estafa tras crear una cuenta en la red social de facebook haci\u00e9ndose pasar por","twitter:creator":"@nbasturias","twitter:image":"https:\/\/candas365.es\/noticias\/wp-content\/uploads\/2014\/09\/civil.jpg","twitter:label1":"Escrito por","twitter:data1":"Cand\u00e1s 365","twitter:label2":"Tiempo de lectura estimado","twitter:data2":"2 minutos"},"aioseo_meta_data":{"post_id":"1999","title":null,"description":null,"keywords":null,"keyphrases":null,"primary_term":null,"canonical_url":null,"og_title":null,"og_description":null,"og_object_type":"default","og_image_type":"default","og_image_url":null,"og_image_width":null,"og_image_height":null,"og_image_custom_url":null,"og_image_custom_fields":null,"og_video":null,"og_custom_url":null,"og_article_section":null,"og_article_tags":null,"twitter_use_og":false,"twitter_card":"default","twitter_image_type":"default","twitter_image_url":null,"twitter_image_custom_url":null,"twitter_image_custom_fields":null,"twitter_title":null,"twitter_description":null,"schema":{"blockGraphs":[],"customGraphs":[],"default":{"data":{"Article":[],"Course":[],"Dataset":[],"FAQPage":[],"Movie":[],"Person":[],"Product":[],"ProductReview":[],"Car":[],"Recipe":[],"Service":[],"SoftwareApplication":[],"WebPage":[]},"graphName":"","isEnabled":true},"graphs":[],"defaultGraph":"","defaultPostTypeGraph":""},"schema_type":null,"schema_type_options":null,"pillar_content":false,"robots_default":true,"robots_noindex":false,"robots_noarchive":false,"robots_nosnippet":false,"robots_nofollow":false,"robots_noimageindex":false,"robots_noodp":false,"robots_notranslate":false,"robots_max_snippet":null,"robots_max_videopreview":null,"robots_max_imagepreview":"large","priority":null,"frequency":null,"location":null,"local_seo":null,"seo_analyzer_scan_date":"2025-08-22 22:17:09","breadcrumb_settings":null,"limit_modified_date":false,"reviewed_by":null,"open_ai":null,"ai":null,"created":"2020-12-21 10:41:20","updated":"2025-08-22 22:17:09"},"aioseo_breadcrumb":"<div class=\"aioseo-breadcrumbs\"><span class=\"aioseo-breadcrumb\">\n\t<a href=\"https:\/\/candas365.es\/noticias\" title=\"Home\">Home<\/a>\n<\/span><span class=\"aioseo-breadcrumb-separator\">&ndash;<\/span><span class=\"aioseo-breadcrumb\">\n\t<a href=\"https:\/\/candas365.es\/noticias\/category\/asturias\/\" title=\"Asturias\">Asturias<\/a>\n<\/span><span class=\"aioseo-breadcrumb-separator\">&ndash;<\/span><span class=\"aioseo-breadcrumb\">\n\tDetenido un hombre por recaudar donativos mediante un perfil falso de Facebook\n<\/span><\/div>","aioseo_breadcrumb_json":[{"label":"Home","link":"https:\/\/candas365.es\/noticias"},{"label":"Asturias","link":"https:\/\/candas365.es\/noticias\/category\/asturias\/"},{"label":"Detenido un hombre por recaudar donativos mediante un perfil falso de Facebook","link":"https:\/\/candas365.es\/noticias\/detenido-un-hombre-por-recaudar-donativos-mediante-un-perfil-falso-de-facebook\/"}],"_links":{"self":[{"href":"https:\/\/candas365.es\/noticias\/wp-json\/wp\/v2\/posts\/1999","targetHints":{"allow":["GET"]}}],"collection":[{"href":"https:\/\/candas365.es\/noticias\/wp-json\/wp\/v2\/posts"}],"about":[{"href":"https:\/\/candas365.es\/noticias\/wp-json\/wp\/v2\/types\/post"}],"author":[{"embeddable":true,"href":"https:\/\/candas365.es\/noticias\/wp-json\/wp\/v2\/users\/1"}],"replies":[{"embeddable":true,"href":"https:\/\/candas365.es\/noticias\/wp-json\/wp\/v2\/comments?post=1999"}],"version-history":[{"count":0,"href":"https:\/\/candas365.es\/noticias\/wp-json\/wp\/v2\/posts\/1999\/revisions"}],"wp:featuredmedia":[{"embeddable":true,"href":"https:\/\/candas365.es\/noticias\/wp-json\/wp\/v2\/media\/276"}],"wp:attachment":[{"href":"https:\/\/candas365.es\/noticias\/wp-json\/wp\/v2\/media?parent=1999"}],"wp:term":[{"taxonomy":"category","embeddable":true,"href":"https:\/\/candas365.es\/noticias\/wp-json\/wp\/v2\/categories?post=1999"},{"taxonomy":"post_tag","embeddable":true,"href":"https:\/\/candas365.es\/noticias\/wp-json\/wp\/v2\/tags?post=1999"}],"curies":[{"name":"wp","href":"https:\/\/api.w.org\/{rel}","templated":true}]}}