{"id":198045,"date":"2026-09-06T11:43:58","date_gmt":"2026-09-06T09:43:58","guid":{"rendered":"https:\/\/candas365.es\/noticias\/?p=198045"},"modified":"2026-09-06T11:43:58","modified_gmt":"2026-09-06T09:43:58","slug":"dos-fallecidos-en-un-accidente-en-degana","status":"publish","type":"post","link":"https:\/\/candas365.es\/noticias\/dos-fallecidos-en-un-accidente-en-degana\/","title":{"rendered":"Dos fallecidos en un accidente en Dega\u00f1a"},"content":{"rendered":"<p>El SEPA ha informado del fallecimiento de dos varones en un <a href=\"https:\/\/candas365.es\/noticias\/category\/sucesos\/\"><span style=\"color: #ff6600;\"><strong>accidente de tr\u00e1fico<\/strong><\/span><\/a> en Dega\u00f1a. El suceso ocurri\u00f3 en la AS-15, a la altura del punto kilom\u00e9trico 103, de Cerredo a La Collada.<\/p>\n<figure id=\"attachment_198046\" aria-describedby=\"caption-attachment-198046\" style=\"width: 650px\" class=\"wp-caption aligncenter\"><img fetchpriority=\"high\" decoding=\"async\" class=\"size-large wp-image-198046\" src=\"https:\/\/candas365.es\/noticias\/wp-content\/uploads\/2026\/09\/Dos-fallecidos-en-un-accidente-en-Degana-650x431.jpg\" alt=\"Dos fallecidos en un accidente en Dega\u00f1a\" width=\"650\" height=\"431\" srcset=\"https:\/\/candas365.es\/noticias\/wp-content\/uploads\/2026\/09\/Dos-fallecidos-en-un-accidente-en-Degana-650x431.jpg 650w, https:\/\/candas365.es\/noticias\/wp-content\/uploads\/2026\/09\/Dos-fallecidos-en-un-accidente-en-Degana-360x239.jpg 360w, https:\/\/candas365.es\/noticias\/wp-content\/uploads\/2026\/09\/Dos-fallecidos-en-un-accidente-en-Degana-768x509.jpg 768w, https:\/\/candas365.es\/noticias\/wp-content\/uploads\/2026\/09\/Dos-fallecidos-en-un-accidente-en-Degana-150x99.jpg 150w, https:\/\/candas365.es\/noticias\/wp-content\/uploads\/2026\/09\/Dos-fallecidos-en-un-accidente-en-Degana-450x298.jpg 450w, https:\/\/candas365.es\/noticias\/wp-content\/uploads\/2026\/09\/Dos-fallecidos-en-un-accidente-en-Degana-1200x795.jpg 1200w, https:\/\/candas365.es\/noticias\/wp-content\/uploads\/2026\/09\/Dos-fallecidos-en-un-accidente-en-Degana.jpg 1263w\" sizes=\"(max-width: 650px) 100vw, 650px\" \/><figcaption id=\"caption-attachment-198046\" class=\"wp-caption-text\">Foto: Prensa SEPA<\/figcaption><\/figure>\n<div class=\"x_elementToProof\" data-olk-copy-source=\"MessageBody\">El Centro de Coordinaci\u00f3n de Emergencias recibi\u00f3 el aviso, a trav\u00e9s del 112 de Castilla y Le\u00f3n, a las 1:15 horas de esta madrugada. En este aviso de indic\u00f3 que hab\u00eda un coche volcado, y no hab\u00eda nadie en su interior, en una zona boscosa. De inmediato se moviliz\u00f3 a tres efectivos de Bomberos del Servicio de Emergencias del Principado de Asturias (SEPA), con base en Cangas del Narcea, que se trasladaron con el furg\u00f3n multisocorro y el veh\u00edculo primera salida. Posteriormente, el alertante indic\u00f3 que en el interior del coche hab\u00eda personas. Adem\u00e1s de los bomberos del <span style=\"color: #ff6600;\"><a style=\"color: #ff6600;\" href=\"https:\/\/www.112asturias.es\/\" target=\"_blank\" rel=\"noopener\"><strong>SEPA<\/strong><\/a><\/span> se solicit\u00f3, a trav\u00e9s del 112 de Castilla y Le\u00f3n, la colaboraci\u00f3n de los bomberos de Villablino.<\/div>\n<div class=\"x_elementToProof\">Una vez en la zona, los bomberos abrieron acceso para que el personal sanitario pudiera acceder hasta los accidentados que resultaron fallecidos. Tras la pertinente autorizaci\u00f3n, los bomberos procedieron a excarcelar ambos cuerpos sin vida del veh\u00edculo siniestrado que estaba volcado. Para ello retiraron los asientos y la puerta y el pilar central del coche por el lado del acompa\u00f1ante. Los bomberos dieron por finalizada la intervenci\u00f3n a su llegada a base, a las 7:49 horas.<\/div>\n<div class=\"x_elementToProof\">La sala del 112 del SEPA inform\u00f3 del suceso a la Guardia Civil y al Servicio de Atenci\u00f3n M\u00e9dica Urgente (SAMU), que activ\u00f3 al m\u00e9dico y la ambulancia de soporte vital b\u00e1sico de la zona y la UVI M\u00f3vil de Cangas del Narcea.<\/div>\n","protected":false},"excerpt":{"rendered":"<p>El SEPA ha informado del fallecimiento de dos varones en un accidente de tr\u00e1fico en Dega\u00f1a. El suceso ocurri\u00f3 en la AS-15, a la altura del punto kilom\u00e9trico 103, de Cerredo a La Collada. El Centro de Coordinaci\u00f3n de Emergencias recibi\u00f3 el aviso, a trav\u00e9s del 112 de Castilla y Le\u00f3n, a las 1:15 horas<\/p>\n","protected":false},"author":1,"featured_media":198046,"comment_status":"closed","ping_status":"closed","sticky":false,"template":"","format":"standard","meta":{"footnotes":""},"categories":[487],"tags":[391],"class_list":["post-198045","post","type-post","status-publish","format-standard","has-post-thumbnail","category-sucesos","tag-sucesos"],"aioseo_notices":[],"aioseo_head":"\n\t\t<!-- All in One SEO Pro 5.0.1.1 - aioseo.com -->\n\t<meta name=\"description\" content=\"El SEPA ha informado del fallecimiento de dos varones en un accidente de tr\u00e1fico en Dega\u00f1a. El suceso ocurri\u00f3 en la AS-15, a la altura del punto kilom\u00e9trico 103\" \/>\n\t<meta name=\"robots\" content=\"max-image-preview:large\" \/>\n\t<meta name=\"author\" content=\"Cand\u00e1s 365\"\/>\n\t<meta name=\"google-site-verification\" content=\"UA-32230408-1\" \/>\n\t<meta name=\"msvalidate.01\" content=\"354F3CDFB2DA171B47FBE9ABF1F88D5\" \/>\n\t<meta name=\"keywords\" content=\"sucesos\" \/>\n\t<link rel=\"canonical\" href=\"https:\/\/candas365.es\/noticias\/dos-fallecidos-en-un-accidente-en-degana\/\" \/>\n\t<meta name=\"generator\" content=\"All in One SEO Pro (AIOSEO) 5.0.1.1\" \/>\n\t\t<meta property=\"og:locale\" content=\"es_ES\" \/>\n\t\t<meta property=\"og:site_name\" content=\"Cand\u00e1s 365\" \/>\n\t\t<meta property=\"og:type\" content=\"article\" \/>\n\t\t<meta property=\"og:title\" content=\"Dos fallecidos en un accidente en Dega\u00f1a \u2013 Cand\u00e1s 365\" \/>\n\t\t<meta property=\"og:description\" content=\"El SEPA ha informado del fallecimiento de dos varones en un accidente de tr\u00e1fico en Dega\u00f1a. El suceso ocurri\u00f3 en la AS-15, a la altura del punto kilom\u00e9trico 103\" \/>\n\t\t<meta property=\"og:url\" content=\"https:\/\/candas365.es\/noticias\/dos-fallecidos-en-un-accidente-en-degana\/\" \/>\n\t\t<meta property=\"og:image\" content=\"https:\/\/candas365.es\/noticias\/wp-content\/uploads\/2026\/09\/Dos-fallecidos-en-un-accidente-en-Degana.jpg\" \/>\n\t\t<meta property=\"og:image:secure_url\" content=\"https:\/\/candas365.es\/noticias\/wp-content\/uploads\/2026\/09\/Dos-fallecidos-en-un-accidente-en-Degana.jpg\" \/>\n\t\t<meta property=\"og:image:width\" content=\"1263\" \/>\n\t\t<meta property=\"og:image:height\" content=\"837\" \/>\n\t\t<meta property=\"article:published_time\" content=\"2026-09-06T09:43:58+00:00\" \/>\n\t\t<meta property=\"article:modified_time\" content=\"2026-09-06T09:43:58+00:00\" \/>\n\t\t<meta property=\"article:publisher\" content=\"https:\/\/www.facebook.com\/Nachofdezber\" \/>\n\t\t<meta property=\"article:author\" content=\"https:\/\/www.facebook.com\/Nachofdezber\" \/>\n\t\t<meta name=\"twitter:card\" content=\"summary_large_image\" \/>\n\t\t<meta name=\"twitter:site\" content=\"@candas365\" \/>\n\t\t<meta name=\"twitter:title\" content=\"Dos fallecidos en un accidente en Dega\u00f1a \u2013 Cand\u00e1s 365\" \/>\n\t\t<meta name=\"twitter:description\" content=\"El SEPA ha informado del fallecimiento de dos varones en un accidente de tr\u00e1fico en Dega\u00f1a. El suceso ocurri\u00f3 en la AS-15, a la altura del punto kilom\u00e9trico 103\" \/>\n\t\t<meta name=\"twitter:creator\" content=\"@candas365\" \/>\n\t\t<meta name=\"twitter:image\" content=\"https:\/\/candas365.es\/noticias\/wp-content\/uploads\/2026\/09\/Dos-fallecidos-en-un-accidente-en-Degana.jpg\" \/>\n\t\t<meta name=\"twitter:label1\" content=\"Escrito por\" \/>\n\t\t<meta name=\"twitter:data1\" content=\"Cand\u00e1s 365\" \/>\n\t\t<meta name=\"twitter:label2\" content=\"Tiempo de lectura estimado\" \/>\n\t\t<meta name=\"twitter:data2\" content=\"1 minuto\" \/>\n\t\t<script type=\"application\/ld+json\" class=\"aioseo-schema\">\n\t\t\t{\"@context\":\"https:\\\/\\\/schema.org\",\"@graph\":[{\"@type\":\"BreadcrumbList\",\"@id\":\"https:\\\/\\\/candas365.es\\\/noticias\\\/dos-fallecidos-en-un-accidente-en-degana\\\/#breadcrumblist\",\"itemListElement\":[{\"@type\":\"ListItem\",\"@id\":\"https:\\\/\\\/candas365.es\\\/noticias#listItem\",\"position\":1,\"name\":\"Home\",\"item\":\"https:\\\/\\\/candas365.es\\\/noticias\",\"nextItem\":{\"@type\":\"ListItem\",\"@id\":\"https:\\\/\\\/candas365.es\\\/noticias\\\/category\\\/sucesos\\\/#listItem\",\"name\":\"Sucesos\"}},{\"@type\":\"ListItem\",\"@id\":\"https:\\\/\\\/candas365.es\\\/noticias\\\/category\\\/sucesos\\\/#listItem\",\"position\":2,\"name\":\"Sucesos\",\"item\":\"https:\\\/\\\/candas365.es\\\/noticias\\\/category\\\/sucesos\\\/\",\"nextItem\":{\"@type\":\"ListItem\",\"@id\":\"https:\\\/\\\/candas365.es\\\/noticias\\\/dos-fallecidos-en-un-accidente-en-degana\\\/#listItem\",\"name\":\"Dos fallecidos en un accidente en Dega\\u00f1a\"},\"previousItem\":{\"@type\":\"ListItem\",\"@id\":\"https:\\\/\\\/candas365.es\\\/noticias#listItem\",\"name\":\"Home\"}},{\"@type\":\"ListItem\",\"@id\":\"https:\\\/\\\/candas365.es\\\/noticias\\\/dos-fallecidos-en-un-accidente-en-degana\\\/#listItem\",\"position\":3,\"name\":\"Dos fallecidos en un accidente en Dega\\u00f1a\",\"previousItem\":{\"@type\":\"ListItem\",\"@id\":\"https:\\\/\\\/candas365.es\\\/noticias\\\/category\\\/sucesos\\\/#listItem\",\"name\":\"Sucesos\"}}]},{\"@type\":\"NewsArticle\",\"@id\":\"https:\\\/\\\/candas365.es\\\/noticias\\\/dos-fallecidos-en-un-accidente-en-degana\\\/#newsarticle\",\"name\":\"Dos fallecidos en un accidente en Dega\\u00f1a | Cand\\u00e1s 365\",\"headline\":\"Dos fallecidos en un accidente en Dega\\u00f1a\",\"author\":{\"@id\":\"https:\\\/\\\/candas365.es\\\/noticias\\\/author\\\/admin\\\/#author\"},\"publisher\":{\"@id\":\"https:\\\/\\\/candas365.es\\\/noticias\\\/#organization\"},\"image\":{\"@type\":\"ImageObject\",\"url\":\"https:\\\/\\\/candas365.es\\\/noticias\\\/wp-content\\\/uploads\\\/2026\\\/09\\\/Dos-fallecidos-en-un-accidente-en-Degana.jpg\",\"width\":1263,\"height\":837,\"caption\":\"Foto: Prensa SEPA\"},\"datePublished\":\"2026-09-06T11:43:58+02:00\",\"dateModified\":\"2026-09-06T11:43:58+02:00\",\"inLanguage\":\"es-ES\",\"mainEntityOfPage\":{\"@id\":\"https:\\\/\\\/candas365.es\\\/noticias\\\/dos-fallecidos-en-un-accidente-en-degana\\\/#webpage\"},\"isPartOf\":{\"@id\":\"https:\\\/\\\/candas365.es\\\/noticias\\\/dos-fallecidos-en-un-accidente-en-degana\\\/#webpage\"},\"articleSection\":\"Sucesos, sucesos\",\"dateline\":\"Publicado el septiembre 6, 2026.\"},{\"@type\":\"Organization\",\"@id\":\"https:\\\/\\\/candas365.es\\\/noticias\\\/#organization\",\"name\":\"Cand\\u00e1s 365\",\"description\":\"Cand\\u00e1s 365 es un diario digital independiente, fundado en 2012, con base en Asturias. Informamos con rigor sobre actualidad, sociedad, cultura y ocio, con una mirada local y global.\",\"url\":\"https:\\\/\\\/candas365.es\\\/noticias\\\/\",\"email\":\"info@candas365.es\",\"telephone\":\"+34652131393\",\"foundingDate\":\"2012-06-10\",\"logo\":{\"@type\":\"ImageObject\",\"url\":\"https:\\\/\\\/candas365.es\\\/noticias\\\/wp-content\\\/uploads\\\/2024\\\/09\\\/Candas-365-Redes.jpg\",\"@id\":\"https:\\\/\\\/candas365.es\\\/noticias\\\/dos-fallecidos-en-un-accidente-en-degana\\\/#organizationLogo\",\"width\":1152,\"height\":864,\"caption\":\"Cand\\u00e1s 365 Redes\"},\"image\":{\"@id\":\"https:\\\/\\\/candas365.es\\\/noticias\\\/dos-fallecidos-en-un-accidente-en-degana\\\/#organizationLogo\"},\"sameAs\":[\"https:\\\/\\\/www.facebook.com\\\/Nachofdezber\",\"https:\\\/\\\/x.com\\\/candas365\",\"https:\\\/\\\/www.instagram.com\\\/nachofdezber\\\/\",\"https:\\\/\\\/www.youtube.com\\\/channel\\\/UCZP-2wLEB9Rv6erhFmqVnvg\"],\"address\":{\"@id\":\"https:\\\/\\\/candas365.es\\\/noticias\\\/#postaladdress\",\"@type\":\"PostalAddress\",\"streetAddress\":\"san antonio 4, san antonio 4\",\"postalCode\":\"33430\",\"addressLocality\":\"Cand\\u00e1s\",\"addressRegion\":\"Asturias\",\"addressCountry\":\"ES\"}},{\"@type\":\"Person\",\"@id\":\"https:\\\/\\\/candas365.es\\\/noticias\\\/author\\\/admin\\\/#author\",\"url\":\"https:\\\/\\\/candas365.es\\\/noticias\\\/author\\\/admin\\\/\",\"name\":\"Cand\\u00e1s 365\",\"image\":{\"@type\":\"ImageObject\",\"@id\":\"https:\\\/\\\/candas365.es\\\/noticias\\\/dos-fallecidos-en-un-accidente-en-degana\\\/#authorImage\",\"url\":\"https:\\\/\\\/candas365.es\\\/noticias\\\/wp-content\\\/uploads\\\/2026\\\/07\\\/cropped-eyevuvEl_400x400-96x96.jpg\",\"width\":96,\"height\":96,\"caption\":\"Cand\\u00e1s 365\"},\"sameAs\":[\"https:\\\/\\\/www.facebook.com\\\/Nachofdezber\",\"https:\\\/\\\/x.com\\\/candas365\",\"https:\\\/\\\/www.instagram.com\\\/nachofdezber\\\/\",\"https:\\\/\\\/www.youtube.com\\\/channel\\\/UCZP-2wLEB9Rv6erhFmqVnvg\"]},{\"@type\":\"WebPage\",\"@id\":\"https:\\\/\\\/candas365.es\\\/noticias\\\/dos-fallecidos-en-un-accidente-en-degana\\\/#webpage\",\"url\":\"https:\\\/\\\/candas365.es\\\/noticias\\\/dos-fallecidos-en-un-accidente-en-degana\\\/\",\"name\":\"Dos fallecidos en un accidente en Dega\\u00f1a | Cand\\u00e1s 365\",\"description\":\"El SEPA ha informado del fallecimiento de dos varones en un accidente de tr\\u00e1fico en Dega\\u00f1a. El suceso ocurri\\u00f3 en la AS-15, a la altura del punto kilom\\u00e9trico 103\",\"inLanguage\":\"es-ES\",\"isPartOf\":{\"@id\":\"https:\\\/\\\/candas365.es\\\/noticias\\\/#website\"},\"breadcrumb\":{\"@id\":\"https:\\\/\\\/candas365.es\\\/noticias\\\/dos-fallecidos-en-un-accidente-en-degana\\\/#breadcrumblist\"},\"author\":{\"@id\":\"https:\\\/\\\/candas365.es\\\/noticias\\\/author\\\/admin\\\/#author\"},\"creator\":{\"@id\":\"https:\\\/\\\/candas365.es\\\/noticias\\\/author\\\/admin\\\/#author\"},\"image\":{\"@type\":\"ImageObject\",\"url\":\"https:\\\/\\\/candas365.es\\\/noticias\\\/wp-content\\\/uploads\\\/2026\\\/09\\\/Dos-fallecidos-en-un-accidente-en-Degana.jpg\",\"@id\":\"https:\\\/\\\/candas365.es\\\/noticias\\\/dos-fallecidos-en-un-accidente-en-degana\\\/#mainImage\",\"width\":1263,\"height\":837,\"caption\":\"Foto: Prensa SEPA\"},\"primaryImageOfPage\":{\"@id\":\"https:\\\/\\\/candas365.es\\\/noticias\\\/dos-fallecidos-en-un-accidente-en-degana\\\/#mainImage\"},\"datePublished\":\"2026-09-06T11:43:58+02:00\",\"dateModified\":\"2026-09-06T11:43:58+02:00\"},{\"@type\":\"WebSite\",\"@id\":\"https:\\\/\\\/candas365.es\\\/noticias\\\/#website\",\"url\":\"https:\\\/\\\/candas365.es\\\/noticias\\\/\",\"name\":\"Cand\\u00e1s 365\",\"alternateName\":\"Cand\\u00e1s 365 Noticias\",\"description\":\"Actualidad desde Carre\\u00f1o para el mundo\",\"inLanguage\":\"es-ES\",\"publisher\":{\"@id\":\"https:\\\/\\\/candas365.es\\\/noticias\\\/#organization\"}}]}\n\t\t<\/script>\n\t\t<!-- All in One SEO Pro -->\r\n\t\t<title>Dos fallecidos en un accidente en Dega\u00f1a | Cand\u00e1s 365<\/title>\n\n","aioseo_head_json":{"title":"Dos fallecidos en un accidente en Dega\u00f1a | Cand\u00e1s 365","description":"El SEPA ha informado del fallecimiento de dos varones en un accidente de tr\u00e1fico en Dega\u00f1a. El suceso ocurri\u00f3 en la AS-15, a la altura del punto kilom\u00e9trico 103","canonical_url":"https:\/\/candas365.es\/noticias\/dos-fallecidos-en-un-accidente-en-degana\/","robots":"max-image-preview:large","keywords":"sucesos","webmasterTools":{"google-site-verification":"UA-32230408-1","msvalidate.01":"354F3CDFB2DA171B47FBE9ABF1F88D5","miscellaneous":""},"schema":{"@context":"https:\/\/schema.org","@graph":[{"@type":"BreadcrumbList","@id":"https:\/\/candas365.es\/noticias\/dos-fallecidos-en-un-accidente-en-degana\/#breadcrumblist","itemListElement":[{"@type":"ListItem","@id":"https:\/\/candas365.es\/noticias#listItem","position":1,"name":"Home","item":"https:\/\/candas365.es\/noticias","nextItem":{"@type":"ListItem","@id":"https:\/\/candas365.es\/noticias\/category\/sucesos\/#listItem","name":"Sucesos"}},{"@type":"ListItem","@id":"https:\/\/candas365.es\/noticias\/category\/sucesos\/#listItem","position":2,"name":"Sucesos","item":"https:\/\/candas365.es\/noticias\/category\/sucesos\/","nextItem":{"@type":"ListItem","@id":"https:\/\/candas365.es\/noticias\/dos-fallecidos-en-un-accidente-en-degana\/#listItem","name":"Dos fallecidos en un accidente en Dega\u00f1a"},"previousItem":{"@type":"ListItem","@id":"https:\/\/candas365.es\/noticias#listItem","name":"Home"}},{"@type":"ListItem","@id":"https:\/\/candas365.es\/noticias\/dos-fallecidos-en-un-accidente-en-degana\/#listItem","position":3,"name":"Dos fallecidos en un accidente en Dega\u00f1a","previousItem":{"@type":"ListItem","@id":"https:\/\/candas365.es\/noticias\/category\/sucesos\/#listItem","name":"Sucesos"}}]},{"@type":"NewsArticle","@id":"https:\/\/candas365.es\/noticias\/dos-fallecidos-en-un-accidente-en-degana\/#newsarticle","name":"Dos fallecidos en un accidente en Dega\u00f1a | Cand\u00e1s 365","headline":"Dos fallecidos en un accidente en Dega\u00f1a","author":{"@id":"https:\/\/candas365.es\/noticias\/author\/admin\/#author"},"publisher":{"@id":"https:\/\/candas365.es\/noticias\/#organization"},"image":{"@type":"ImageObject","url":"https:\/\/candas365.es\/noticias\/wp-content\/uploads\/2026\/09\/Dos-fallecidos-en-un-accidente-en-Degana.jpg","width":1263,"height":837,"caption":"Foto: Prensa SEPA"},"datePublished":"2026-09-06T11:43:58+02:00","dateModified":"2026-09-06T11:43:58+02:00","inLanguage":"es-ES","mainEntityOfPage":{"@id":"https:\/\/candas365.es\/noticias\/dos-fallecidos-en-un-accidente-en-degana\/#webpage"},"isPartOf":{"@id":"https:\/\/candas365.es\/noticias\/dos-fallecidos-en-un-accidente-en-degana\/#webpage"},"articleSection":"Sucesos, sucesos","dateline":"Publicado el septiembre 6, 2026."},{"@type":"Organization","@id":"https:\/\/candas365.es\/noticias\/#organization","name":"Cand\u00e1s 365","description":"Cand\u00e1s 365 es un diario digital independiente, fundado en 2012, con base en Asturias. Informamos con rigor sobre actualidad, sociedad, cultura y ocio, con una mirada local y global.","url":"https:\/\/candas365.es\/noticias\/","email":"info@candas365.es","telephone":"+34652131393","foundingDate":"2012-06-10","logo":{"@type":"ImageObject","url":"https:\/\/candas365.es\/noticias\/wp-content\/uploads\/2024\/09\/Candas-365-Redes.jpg","@id":"https:\/\/candas365.es\/noticias\/dos-fallecidos-en-un-accidente-en-degana\/#organizationLogo","width":1152,"height":864,"caption":"Cand\u00e1s 365 Redes"},"image":{"@id":"https:\/\/candas365.es\/noticias\/dos-fallecidos-en-un-accidente-en-degana\/#organizationLogo"},"sameAs":["https:\/\/www.facebook.com\/Nachofdezber","https:\/\/x.com\/candas365","https:\/\/www.instagram.com\/nachofdezber\/","https:\/\/www.youtube.com\/channel\/UCZP-2wLEB9Rv6erhFmqVnvg"],"address":{"@id":"https:\/\/candas365.es\/noticias\/#postaladdress","@type":"PostalAddress","streetAddress":"san antonio 4, san antonio 4","postalCode":"33430","addressLocality":"Cand\u00e1s","addressRegion":"Asturias","addressCountry":"ES"}},{"@type":"Person","@id":"https:\/\/candas365.es\/noticias\/author\/admin\/#author","url":"https:\/\/candas365.es\/noticias\/author\/admin\/","name":"Cand\u00e1s 365","image":{"@type":"ImageObject","@id":"https:\/\/candas365.es\/noticias\/dos-fallecidos-en-un-accidente-en-degana\/#authorImage","url":"https:\/\/candas365.es\/noticias\/wp-content\/uploads\/2026\/07\/cropped-eyevuvEl_400x400-96x96.jpg","width":96,"height":96,"caption":"Cand\u00e1s 365"},"sameAs":["https:\/\/www.facebook.com\/Nachofdezber","https:\/\/x.com\/candas365","https:\/\/www.instagram.com\/nachofdezber\/","https:\/\/www.youtube.com\/channel\/UCZP-2wLEB9Rv6erhFmqVnvg"]},{"@type":"WebPage","@id":"https:\/\/candas365.es\/noticias\/dos-fallecidos-en-un-accidente-en-degana\/#webpage","url":"https:\/\/candas365.es\/noticias\/dos-fallecidos-en-un-accidente-en-degana\/","name":"Dos fallecidos en un accidente en Dega\u00f1a | Cand\u00e1s 365","description":"El SEPA ha informado del fallecimiento de dos varones en un accidente de tr\u00e1fico en Dega\u00f1a. El suceso ocurri\u00f3 en la AS-15, a la altura del punto kilom\u00e9trico 103","inLanguage":"es-ES","isPartOf":{"@id":"https:\/\/candas365.es\/noticias\/#website"},"breadcrumb":{"@id":"https:\/\/candas365.es\/noticias\/dos-fallecidos-en-un-accidente-en-degana\/#breadcrumblist"},"author":{"@id":"https:\/\/candas365.es\/noticias\/author\/admin\/#author"},"creator":{"@id":"https:\/\/candas365.es\/noticias\/author\/admin\/#author"},"image":{"@type":"ImageObject","url":"https:\/\/candas365.es\/noticias\/wp-content\/uploads\/2026\/09\/Dos-fallecidos-en-un-accidente-en-Degana.jpg","@id":"https:\/\/candas365.es\/noticias\/dos-fallecidos-en-un-accidente-en-degana\/#mainImage","width":1263,"height":837,"caption":"Foto: Prensa SEPA"},"primaryImageOfPage":{"@id":"https:\/\/candas365.es\/noticias\/dos-fallecidos-en-un-accidente-en-degana\/#mainImage"},"datePublished":"2026-09-06T11:43:58+02:00","dateModified":"2026-09-06T11:43:58+02:00"},{"@type":"WebSite","@id":"https:\/\/candas365.es\/noticias\/#website","url":"https:\/\/candas365.es\/noticias\/","name":"Cand\u00e1s 365","alternateName":"Cand\u00e1s 365 Noticias","description":"Actualidad desde Carre\u00f1o para el mundo","inLanguage":"es-ES","publisher":{"@id":"https:\/\/candas365.es\/noticias\/#organization"}}]},"og:locale":"es_ES","og:site_name":"Cand\u00e1s 365","og:type":"article","og:title":"Dos fallecidos en un accidente en Dega\u00f1a \u2013 Cand\u00e1s 365","og:description":"El SEPA ha informado del fallecimiento de dos varones en un accidente de tr\u00e1fico en Dega\u00f1a. El suceso ocurri\u00f3 en la AS-15, a la altura del punto kilom\u00e9trico 103","og:url":"https:\/\/candas365.es\/noticias\/dos-fallecidos-en-un-accidente-en-degana\/","og:image":"https:\/\/candas365.es\/noticias\/wp-content\/uploads\/2026\/09\/Dos-fallecidos-en-un-accidente-en-Degana.jpg","og:image:secure_url":"https:\/\/candas365.es\/noticias\/wp-content\/uploads\/2026\/09\/Dos-fallecidos-en-un-accidente-en-Degana.jpg","og:image:width":1263,"og:image:height":837,"article:published_time":"2026-09-06T09:43:58+00:00","article:modified_time":"2026-09-06T09:43:58+00:00","article:publisher":"https:\/\/www.facebook.com\/Nachofdezber","article:author":"https:\/\/www.facebook.com\/Nachofdezber","twitter:card":"summary_large_image","twitter:site":"@candas365","twitter:title":"Dos fallecidos en un accidente en Dega\u00f1a \u2013 Cand\u00e1s 365","twitter:description":"El SEPA ha informado del fallecimiento de dos varones en un accidente de tr\u00e1fico en Dega\u00f1a. El suceso ocurri\u00f3 en la AS-15, a la altura del punto kilom\u00e9trico 103","twitter:creator":"@candas365","twitter:image":"https:\/\/candas365.es\/noticias\/wp-content\/uploads\/2026\/09\/Dos-fallecidos-en-un-accidente-en-Degana.jpg","twitter:label1":"Escrito por","twitter:data1":"Cand\u00e1s 365","twitter:label2":"Tiempo de lectura estimado","twitter:data2":"1 minuto"},"aioseo_meta_data":{"post_id":"198045","title":null,"description":"El SEPA ha informado del fallecimiento de dos varones en un accidente de tr\u00e1fico en Dega\u00f1a. El suceso ocurri\u00f3 en la AS-15, a la altura del punto kilom\u00e9trico 103","keywords":null,"keyphrases":{"focus":{"keyphrase":"accidente en Dega\u00f1a","score":0,"analysis":[]},"additional":[]},"primary_term":null,"canonical_url":null,"og_title":"#post_title #separator_sa #site_title","og_description":"El SEPA ha informado del fallecimiento de dos varones en un accidente de tr\u00e1fico en Dega\u00f1a. El suceso ocurri\u00f3 en la AS-15, a la altura del punto kilom\u00e9trico 103","og_object_type":"default","og_image_type":"default","og_image_url":null,"og_image_width":null,"og_image_height":null,"og_image_custom_url":null,"og_image_custom_fields":null,"og_video":"","og_custom_url":null,"og_article_section":null,"og_article_tags":null,"twitter_use_og":false,"twitter_card":"default","twitter_image_type":"default","twitter_image_url":null,"twitter_image_custom_url":null,"twitter_image_custom_fields":null,"twitter_title":"#post_title #separator_sa #site_title","twitter_description":"El SEPA ha informado del fallecimiento de dos varones en un accidente de tr\u00e1fico en Dega\u00f1a. El suceso ocurri\u00f3 en la AS-15, a la altura del punto kilom\u00e9trico 103","schema":{"blockGraphs":[],"customGraphs":[],"default":{"data":{"Article":[],"Course":[],"Dataset":[],"FAQPage":[],"Movie":[],"Person":[],"Product":[],"ProductReview":[],"Car":[],"Recipe":[],"Service":[],"SoftwareApplication":[],"WebPage":[]},"graphName":"NewsArticle","isEnabled":true},"graphs":[]},"schema_type":"default","schema_type_options":null,"pillar_content":false,"robots_default":true,"robots_noindex":false,"robots_noarchive":false,"robots_nosnippet":false,"robots_nofollow":false,"robots_noimageindex":false,"robots_noodp":false,"robots_notranslate":false,"robots_max_snippet":"-1","robots_max_videopreview":"-1","robots_max_imagepreview":"large","priority":null,"frequency":"default","location":null,"local_seo":null,"seo_analyzer_scan_date":"2026-09-06 09:44:38","breadcrumb_settings":null,"limit_modified_date":false,"reviewed_by":"0","open_ai":null,"ai":{"faqs":[],"keyPoints":[],"schemas":[],"titles":[],"descriptions":[],"socialPosts":{"email":{"subject":"","preview":"","content":""},"linkedin":[],"twitter":[],"facebook":[],"instagram":[]}},"created":"2026-09-06 09:35:38","updated":"2026-09-06 10:11:01","focus_keyword":"accidente en Dega\u00f1a","additional_keywords":null,"truseo_locale":null},"aioseo_breadcrumb":"<div class=\"aioseo-breadcrumbs\"><span class=\"aioseo-breadcrumb\">\n\t<a href=\"https:\/\/candas365.es\/noticias\" title=\"Home\">Home<\/a>\n<\/span><span class=\"aioseo-breadcrumb-separator\">&ndash;<\/span><span class=\"aioseo-breadcrumb\">\n\t<a href=\"https:\/\/candas365.es\/noticias\/category\/sucesos\/\" title=\"Sucesos\">Sucesos<\/a>\n<\/span><span class=\"aioseo-breadcrumb-separator\">&ndash;<\/span><span class=\"aioseo-breadcrumb\">\n\tDos fallecidos en un accidente en Dega\u00f1a\n<\/span><\/div>","aioseo_breadcrumb_json":[{"label":"Home","link":"https:\/\/candas365.es\/noticias"},{"label":"Sucesos","link":"https:\/\/candas365.es\/noticias\/category\/sucesos\/"},{"label":"Dos fallecidos en un accidente en Dega\u00f1a","link":"https:\/\/candas365.es\/noticias\/dos-fallecidos-en-un-accidente-en-degana\/"}],"_links":{"self":[{"href":"https:\/\/candas365.es\/noticias\/wp-json\/wp\/v2\/posts\/198045","targetHints":{"allow":["GET"]}}],"collection":[{"href":"https:\/\/candas365.es\/noticias\/wp-json\/wp\/v2\/posts"}],"about":[{"href":"https:\/\/candas365.es\/noticias\/wp-json\/wp\/v2\/types\/post"}],"author":[{"embeddable":true,"href":"https:\/\/candas365.es\/noticias\/wp-json\/wp\/v2\/users\/1"}],"replies":[{"embeddable":true,"href":"https:\/\/candas365.es\/noticias\/wp-json\/wp\/v2\/comments?post=198045"}],"version-history":[{"count":1,"href":"https:\/\/candas365.es\/noticias\/wp-json\/wp\/v2\/posts\/198045\/revisions"}],"predecessor-version":[{"id":198047,"href":"https:\/\/candas365.es\/noticias\/wp-json\/wp\/v2\/posts\/198045\/revisions\/198047"}],"wp:featuredmedia":[{"embeddable":true,"href":"https:\/\/candas365.es\/noticias\/wp-json\/wp\/v2\/media\/198046"}],"wp:attachment":[{"href":"https:\/\/candas365.es\/noticias\/wp-json\/wp\/v2\/media?parent=198045"}],"wp:term":[{"taxonomy":"category","embeddable":true,"href":"https:\/\/candas365.es\/noticias\/wp-json\/wp\/v2\/categories?post=198045"},{"taxonomy":"post_tag","embeddable":true,"href":"https:\/\/candas365.es\/noticias\/wp-json\/wp\/v2\/tags?post=198045"}],"curies":[{"name":"wp","href":"https:\/\/api.w.org\/{rel}","templated":true}]}}