{"id":198042,"date":"2026-09-06T11:25:11","date_gmt":"2026-09-06T09:25:11","guid":{"rendered":"https:\/\/candas365.es\/noticias\/?p=198042"},"modified":"2026-09-06T11:25:11","modified_gmt":"2026-09-06T09:25:11","slug":"las-desigualdades-socioeconomicas-afectan-a-la-salud","status":"publish","type":"post","link":"https:\/\/candas365.es\/noticias\/las-desigualdades-socioeconomicas-afectan-a-la-salud\/","title":{"rendered":"Las desigualdades socioecon\u00f3micas afectan a la salud"},"content":{"rendered":"<p>Un estudio afirma que <strong>las desigualdades socioecon\u00f3micas afectan a la <a href=\"https:\/\/candas365.es\/noticias\/category\/salud\/\"><span style=\"color: #ff6600;\">salud<\/span><\/a><\/strong> de las personas, ya que las m\u00e1s pobres muestran una movilidad y funcionalidad reducidas en comparaci\u00f3n con las que disponen de m\u00e1s recursos.<\/p>\n<figure id=\"attachment_198043\" aria-describedby=\"caption-attachment-198043\" style=\"width: 650px\" class=\"wp-caption aligncenter\"><img fetchpriority=\"high\" decoding=\"async\" class=\"size-large wp-image-198043\" src=\"https:\/\/candas365.es\/noticias\/wp-content\/uploads\/2026\/09\/Las-desigualdades-socioeconomicas-afectan-a-la-salud-650x424.jpg\" alt=\"Las desigualdades socioecon\u00f3micas afectan a la salud\" width=\"650\" height=\"424\" srcset=\"https:\/\/candas365.es\/noticias\/wp-content\/uploads\/2026\/09\/Las-desigualdades-socioeconomicas-afectan-a-la-salud-650x424.jpg 650w, https:\/\/candas365.es\/noticias\/wp-content\/uploads\/2026\/09\/Las-desigualdades-socioeconomicas-afectan-a-la-salud-360x235.jpg 360w, https:\/\/candas365.es\/noticias\/wp-content\/uploads\/2026\/09\/Las-desigualdades-socioeconomicas-afectan-a-la-salud-768x501.jpg 768w, https:\/\/candas365.es\/noticias\/wp-content\/uploads\/2026\/09\/Las-desigualdades-socioeconomicas-afectan-a-la-salud-150x98.jpg 150w, https:\/\/candas365.es\/noticias\/wp-content\/uploads\/2026\/09\/Las-desigualdades-socioeconomicas-afectan-a-la-salud-450x294.jpg 450w, https:\/\/candas365.es\/noticias\/wp-content\/uploads\/2026\/09\/Las-desigualdades-socioeconomicas-afectan-a-la-salud-1200x783.jpg 1200w, https:\/\/candas365.es\/noticias\/wp-content\/uploads\/2026\/09\/Las-desigualdades-socioeconomicas-afectan-a-la-salud.jpg 1270w\" sizes=\"(max-width: 650px) 100vw, 650px\" \/><figcaption id=\"caption-attachment-198043\" class=\"wp-caption-text\">Foto: 123rf.com<\/figcaption><\/figure>\n<div class=\"srvm-nw__body\">\n<p>Esa es la conclusi\u00f3n principal de un estudio realizado por ocho investigadores pertenecientes a instituciones de Canad\u00e1, Reino Unido o Suiza y publicado en la revista \u2018PLOS Medicine\u2019.<\/p>\n<p>La funci\u00f3n f\u00edsica disminuye con la edad, pero existe una variaci\u00f3n significativa en la tasa de deterioro entre las poblaciones. Se sabe que la riqueza influye en la salud y la discapacidad, pero existen pocos estudios que comparen diferentes pa\u00edses, lo que ayudar\u00eda a identificar las pol\u00edticas y estructuras que contribuyen a las desigualdades en salud y envejecimiento.<\/p>\n<p>Para abordar esta brecha, los autores de la nueva investigaci\u00f3n compararon datos de dos estudios longitudinales sobre el envejecimiento y analizaron a 8.511 personas en el Estudio Longitudinal Ingl\u00e9s sobre el Envejecimiento y a 22.605 en el Estudio Longitudinal Canadiense sobre el Envejecimiento, todas entre los 50 y los 85 a\u00f1os.<\/p>\n<p>Los investigadores examinaron la asociaci\u00f3n entre la riqueza y diferentes funciones f\u00edsicas, incluyendo la velocidad al caminar, la fuerza de agarre, la funci\u00f3n pulmonar, la audici\u00f3n, las dificultades autoinformadas para realizar actividades cotidianas, como vestirse, ba\u00f1arse y comer, entre otras.<\/p>\n<p>Los autores hallaron que las personas con menos recursos econ\u00f3micos tend\u00edan a tener niveles m\u00e1s bajos de funcionalidad y sufr\u00edan mayores deterioros en la movilidad y la capacidad para realizar actividades cotidianas a medida que envejec\u00edan.<\/p>\n<h1>HASTA 15 A\u00d1OS<\/h1>\n<p>Las desigualdades econ\u00f3micas eran m\u00e1s evidentes en Inglaterra que en Canad\u00e1 y persist\u00edan incluso despu\u00e9s de que los autores ajustaran los datos seg\u00fan las enfermedades cr\u00f3nicas, el estado ponderal y comportamientos como el tabaquismo.<\/p>\n<p>Las diferencias llegaban a ser de hasta 15 a\u00f1os en el envejecimiento aparente, con la persona de 60 a\u00f1os m\u00e1s pobre de Inglaterra con la misma velocidad al caminar que la persona de 75 a\u00f1os m\u00e1s rica.<\/p>\n<p>Las mujeres con menos recursos econ\u00f3micos tambi\u00e9n presentaban m\u00e1s dificultades con la movilidad y las actividades cotidianas que los hombres del mismo grupo socioecon\u00f3mico, pero ten\u00edan mejor funci\u00f3n pulmonar.<\/p>\n<p>Los autores se\u00f1alan que las pol\u00edticas para un envejecimiento saludable deber\u00edan centrarse en las personas con menos recursos econ\u00f3micos y que se necesitan cambios estructurales amplios para reducir estas desigualdades.<\/p>\n<p>\u201cLo que m\u00e1s nos sorprendi\u00f3 fue la enorme diferencia en la riqueza entre Inglaterra y Canad\u00e1. En algo tan b\u00e1sico como la velocidad al caminar, las personas con menos recursos econ\u00f3micos eran funcionalmente mayores en unos 15 a\u00f1os en Inglaterra, frente a 9 en Canad\u00e1\u201d, indica Silvia Stringhini, de las universidades de Ginebra (Suiza) y Columbia Brit\u00e1nica (Canad\u00e1).<\/p>\n<p>\u201cNuestro estudio no puede explicar con exactitud por qu\u00e9 dos pa\u00edses con sanidad universal y una desigualdad de ingresos similar presentan diferencias tan grandes, pero s\u00ed nos indica que la diferencia es real y sustancial\u201d, a\u00f1adi\u00f3.<\/p>\n<h2>MUJERES Y HOMBRES<\/h2>\n<p>Stephanie Schrempft, de los Hospitales Universitarios de Ginebra, subraya que \u201clas diferencias en la salud seg\u00fan la riqueza no son nada nuevo, pero casi nadie ha estudiado c\u00f3mo se desarrolla el envejecimiento funcional a lo largo del tiempo en distintos pa\u00edses\u201d.<\/p>\n<p>\u201cAl seguir a adultos mayores de Inglaterra y Canad\u00e1 en paralelo, pudimos observar que tener menos recursos econ\u00f3micos no solo implica peor salud en promedio, sino tambi\u00e9n una p\u00e9rdida m\u00e1s r\u00e1pida de independencia f\u00edsica con la edad\u201d, apostilla.<\/p>\n<p>Schrempft concluye: \u201cUna de las cosas que me pareci\u00f3 m\u00e1s interesante fue que la desventaja de la pobreza no afectaba por igual a mujeres y hombres. Las mujeres con menos recursos ten\u00edan m\u00e1s dificultades con la movilidad y las actividades cotidianas, pero presentaban una mejor funci\u00f3n pulmonar que los hombres con menos recursos. Este tipo de matices se pierden cuando se trata a las personas desfavorecidas como un solo grupo\u201d.<\/p>\n<\/div>\n<div id=\"end-scroll\" class=\"srvm-nw__code\">\n<p>(<a href=\"https:\/\/www.servimedia.es\/\" target=\"_blank\" rel=\"noopener\"><span style=\"color: #ff6600;\"><strong>SERVIMEDIA<\/strong><\/span><\/a>)<\/p>\n<\/div>\n","protected":false},"excerpt":{"rendered":"<p>Un estudio afirma que las desigualdades socioecon\u00f3micas afectan a la salud de las personas, ya que las m\u00e1s pobres muestran una movilidad y funcionalidad reducidas en comparaci\u00f3n con las que disponen de m\u00e1s recursos. Esa es la conclusi\u00f3n principal de un estudio realizado por ocho investigadores pertenecientes a instituciones de Canad\u00e1, Reino Unido o Suiza<\/p>\n","protected":false},"author":1,"featured_media":198043,"comment_status":"closed","ping_status":"closed","sticky":false,"template":"","format":"standard","meta":{"footnotes":""},"categories":[316,372],"tags":[378],"class_list":["post-198042","post","type-post","status-publish","format-standard","has-post-thumbnail","category-destacadas","category-salud","tag-salud"],"aioseo_notices":[],"aioseo_head":"\n\t\t<!-- All in One SEO Pro 5.0.1.1 - aioseo.com -->\n\t<meta name=\"description\" content=\"Un estudio afirma que las desigualdades socioecon\u00f3micas afectan a la salud de las personas, ya que las m\u00e1s pobres muestran una movilidad y funcionalidad\" \/>\n\t<meta name=\"robots\" content=\"max-image-preview:large\" \/>\n\t<meta name=\"author\" content=\"Cand\u00e1s 365\"\/>\n\t<meta name=\"google-site-verification\" content=\"UA-32230408-1\" \/>\n\t<meta name=\"msvalidate.01\" content=\"354F3CDFB2DA171B47FBE9ABF1F88D5\" \/>\n\t<meta name=\"keywords\" content=\"destacadas,salud\" \/>\n\t<link rel=\"canonical\" href=\"https:\/\/candas365.es\/noticias\/las-desigualdades-socioeconomicas-afectan-a-la-salud\/\" \/>\n\t<meta name=\"generator\" content=\"All in One SEO Pro (AIOSEO) 5.0.1.1\" \/>\n\t\t<meta property=\"og:locale\" content=\"es_ES\" \/>\n\t\t<meta property=\"og:site_name\" content=\"Cand\u00e1s 365\" \/>\n\t\t<meta property=\"og:type\" content=\"article\" \/>\n\t\t<meta property=\"og:title\" content=\"Las desigualdades socioecon\u00f3micas afectan a la salud \u2013 Cand\u00e1s 365\" \/>\n\t\t<meta property=\"og:description\" content=\"Un estudio afirma que las desigualdades socioecon\u00f3micas afectan a la salud de las personas, ya que las m\u00e1s pobres muestran una movilidad y funcionalidad reducidas\" \/>\n\t\t<meta property=\"og:url\" content=\"https:\/\/candas365.es\/noticias\/las-desigualdades-socioeconomicas-afectan-a-la-salud\/\" \/>\n\t\t<meta property=\"og:image\" content=\"https:\/\/candas365.es\/noticias\/wp-content\/uploads\/2026\/09\/Las-desigualdades-socioeconomicas-afectan-a-la-salud.jpg\" \/>\n\t\t<meta property=\"og:image:secure_url\" content=\"https:\/\/candas365.es\/noticias\/wp-content\/uploads\/2026\/09\/Las-desigualdades-socioeconomicas-afectan-a-la-salud.jpg\" \/>\n\t\t<meta property=\"og:image:width\" content=\"1270\" \/>\n\t\t<meta property=\"og:image:height\" content=\"829\" \/>\n\t\t<meta property=\"article:published_time\" content=\"2026-09-06T09:25:11+00:00\" \/>\n\t\t<meta property=\"article:modified_time\" content=\"2026-09-06T09:25:11+00:00\" \/>\n\t\t<meta property=\"article:publisher\" content=\"https:\/\/www.facebook.com\/Nachofdezber\" \/>\n\t\t<meta property=\"article:author\" content=\"https:\/\/www.facebook.com\/Nachofdezber\" \/>\n\t\t<meta name=\"twitter:card\" content=\"summary_large_image\" \/>\n\t\t<meta name=\"twitter:site\" content=\"@candas365\" \/>\n\t\t<meta name=\"twitter:title\" content=\"Las desigualdades socioecon\u00f3micas afectan a la salud \u2013 Cand\u00e1s 365\" \/>\n\t\t<meta name=\"twitter:description\" content=\"Un estudio afirma que las desigualdades socioecon\u00f3micas afectan a la salud de las personas, ya que las m\u00e1s pobres muestran una movilidad y funcionalidad reducidas\" \/>\n\t\t<meta name=\"twitter:creator\" content=\"@candas365\" \/>\n\t\t<meta name=\"twitter:image\" content=\"https:\/\/candas365.es\/noticias\/wp-content\/uploads\/2026\/09\/Las-desigualdades-socioeconomicas-afectan-a-la-salud.jpg\" \/>\n\t\t<meta name=\"twitter:label1\" content=\"Escrito por\" \/>\n\t\t<meta name=\"twitter:data1\" content=\"Cand\u00e1s 365\" \/>\n\t\t<meta name=\"twitter:label2\" content=\"Tiempo de lectura estimado\" \/>\n\t\t<meta name=\"twitter:data2\" content=\"3 minutos\" \/>\n\t\t<script type=\"application\/ld+json\" class=\"aioseo-schema\">\n\t\t\t{\"@context\":\"https:\\\/\\\/schema.org\",\"@graph\":[{\"@type\":\"BreadcrumbList\",\"@id\":\"https:\\\/\\\/candas365.es\\\/noticias\\\/las-desigualdades-socioeconomicas-afectan-a-la-salud\\\/#breadcrumblist\",\"itemListElement\":[{\"@type\":\"ListItem\",\"@id\":\"https:\\\/\\\/candas365.es\\\/noticias#listItem\",\"position\":1,\"name\":\"Home\",\"item\":\"https:\\\/\\\/candas365.es\\\/noticias\",\"nextItem\":{\"@type\":\"ListItem\",\"@id\":\"https:\\\/\\\/candas365.es\\\/noticias\\\/category\\\/destacadas\\\/#listItem\",\"name\":\"Destacadas\"}},{\"@type\":\"ListItem\",\"@id\":\"https:\\\/\\\/candas365.es\\\/noticias\\\/category\\\/destacadas\\\/#listItem\",\"position\":2,\"name\":\"Destacadas\",\"item\":\"https:\\\/\\\/candas365.es\\\/noticias\\\/category\\\/destacadas\\\/\",\"nextItem\":{\"@type\":\"ListItem\",\"@id\":\"https:\\\/\\\/candas365.es\\\/noticias\\\/las-desigualdades-socioeconomicas-afectan-a-la-salud\\\/#listItem\",\"name\":\"Las desigualdades socioecon\\u00f3micas afectan a la salud\"},\"previousItem\":{\"@type\":\"ListItem\",\"@id\":\"https:\\\/\\\/candas365.es\\\/noticias#listItem\",\"name\":\"Home\"}},{\"@type\":\"ListItem\",\"@id\":\"https:\\\/\\\/candas365.es\\\/noticias\\\/las-desigualdades-socioeconomicas-afectan-a-la-salud\\\/#listItem\",\"position\":3,\"name\":\"Las desigualdades socioecon\\u00f3micas afectan a la salud\",\"previousItem\":{\"@type\":\"ListItem\",\"@id\":\"https:\\\/\\\/candas365.es\\\/noticias\\\/category\\\/destacadas\\\/#listItem\",\"name\":\"Destacadas\"}}]},{\"@type\":\"NewsArticle\",\"@id\":\"https:\\\/\\\/candas365.es\\\/noticias\\\/las-desigualdades-socioeconomicas-afectan-a-la-salud\\\/#newsarticle\",\"name\":\"Las desigualdades socioecon\\u00f3micas afectan a la salud | Cand\\u00e1s 365\",\"headline\":\"Las desigualdades socioecon\\u00f3micas afectan a la salud\",\"author\":{\"@id\":\"https:\\\/\\\/candas365.es\\\/noticias\\\/author\\\/admin\\\/#author\"},\"publisher\":{\"@id\":\"https:\\\/\\\/candas365.es\\\/noticias\\\/#organization\"},\"image\":{\"@type\":\"ImageObject\",\"url\":\"https:\\\/\\\/candas365.es\\\/noticias\\\/wp-content\\\/uploads\\\/2026\\\/09\\\/Las-desigualdades-socioeconomicas-afectan-a-la-salud.jpg\",\"width\":1270,\"height\":829,\"caption\":\"Foto: 123rf.com\"},\"datePublished\":\"2026-09-06T11:25:11+02:00\",\"dateModified\":\"2026-09-06T11:25:11+02:00\",\"inLanguage\":\"es-ES\",\"mainEntityOfPage\":{\"@id\":\"https:\\\/\\\/candas365.es\\\/noticias\\\/las-desigualdades-socioeconomicas-afectan-a-la-salud\\\/#webpage\"},\"isPartOf\":{\"@id\":\"https:\\\/\\\/candas365.es\\\/noticias\\\/las-desigualdades-socioeconomicas-afectan-a-la-salud\\\/#webpage\"},\"articleSection\":\"Destacadas, Salud, Salud\",\"dateline\":\"Publicado el septiembre 6, 2026.\"},{\"@type\":\"Organization\",\"@id\":\"https:\\\/\\\/candas365.es\\\/noticias\\\/#organization\",\"name\":\"Cand\\u00e1s 365\",\"description\":\"Cand\\u00e1s 365 es un diario digital independiente, fundado en 2012, con base en Asturias. Informamos con rigor sobre actualidad, sociedad, cultura y ocio, con una mirada local y global.\",\"url\":\"https:\\\/\\\/candas365.es\\\/noticias\\\/\",\"email\":\"info@candas365.es\",\"telephone\":\"+34652131393\",\"foundingDate\":\"2012-06-10\",\"logo\":{\"@type\":\"ImageObject\",\"url\":\"https:\\\/\\\/candas365.es\\\/noticias\\\/wp-content\\\/uploads\\\/2024\\\/09\\\/Candas-365-Redes.jpg\",\"@id\":\"https:\\\/\\\/candas365.es\\\/noticias\\\/las-desigualdades-socioeconomicas-afectan-a-la-salud\\\/#organizationLogo\",\"width\":1152,\"height\":864,\"caption\":\"Cand\\u00e1s 365 Redes\"},\"image\":{\"@id\":\"https:\\\/\\\/candas365.es\\\/noticias\\\/las-desigualdades-socioeconomicas-afectan-a-la-salud\\\/#organizationLogo\"},\"sameAs\":[\"https:\\\/\\\/www.facebook.com\\\/Nachofdezber\",\"https:\\\/\\\/x.com\\\/candas365\",\"https:\\\/\\\/www.instagram.com\\\/nachofdezber\\\/\",\"https:\\\/\\\/www.youtube.com\\\/channel\\\/UCZP-2wLEB9Rv6erhFmqVnvg\"],\"address\":{\"@id\":\"https:\\\/\\\/candas365.es\\\/noticias\\\/#postaladdress\",\"@type\":\"PostalAddress\",\"streetAddress\":\"san antonio 4, san antonio 4\",\"postalCode\":\"33430\",\"addressLocality\":\"Cand\\u00e1s\",\"addressRegion\":\"Asturias\",\"addressCountry\":\"ES\"}},{\"@type\":\"Person\",\"@id\":\"https:\\\/\\\/candas365.es\\\/noticias\\\/author\\\/admin\\\/#author\",\"url\":\"https:\\\/\\\/candas365.es\\\/noticias\\\/author\\\/admin\\\/\",\"name\":\"Cand\\u00e1s 365\",\"image\":{\"@type\":\"ImageObject\",\"@id\":\"https:\\\/\\\/candas365.es\\\/noticias\\\/las-desigualdades-socioeconomicas-afectan-a-la-salud\\\/#authorImage\",\"url\":\"https:\\\/\\\/candas365.es\\\/noticias\\\/wp-content\\\/uploads\\\/2026\\\/07\\\/cropped-eyevuvEl_400x400-96x96.jpg\",\"width\":96,\"height\":96,\"caption\":\"Cand\\u00e1s 365\"},\"sameAs\":[\"https:\\\/\\\/www.facebook.com\\\/Nachofdezber\",\"https:\\\/\\\/x.com\\\/candas365\",\"https:\\\/\\\/www.instagram.com\\\/nachofdezber\\\/\",\"https:\\\/\\\/www.youtube.com\\\/channel\\\/UCZP-2wLEB9Rv6erhFmqVnvg\"]},{\"@type\":\"WebPage\",\"@id\":\"https:\\\/\\\/candas365.es\\\/noticias\\\/las-desigualdades-socioeconomicas-afectan-a-la-salud\\\/#webpage\",\"url\":\"https:\\\/\\\/candas365.es\\\/noticias\\\/las-desigualdades-socioeconomicas-afectan-a-la-salud\\\/\",\"name\":\"Las desigualdades socioecon\\u00f3micas afectan a la salud | Cand\\u00e1s 365\",\"description\":\"Un estudio afirma que las desigualdades socioecon\\u00f3micas afectan a la salud de las personas, ya que las m\\u00e1s pobres muestran una movilidad y funcionalidad\",\"inLanguage\":\"es-ES\",\"isPartOf\":{\"@id\":\"https:\\\/\\\/candas365.es\\\/noticias\\\/#website\"},\"breadcrumb\":{\"@id\":\"https:\\\/\\\/candas365.es\\\/noticias\\\/las-desigualdades-socioeconomicas-afectan-a-la-salud\\\/#breadcrumblist\"},\"author\":{\"@id\":\"https:\\\/\\\/candas365.es\\\/noticias\\\/author\\\/admin\\\/#author\"},\"creator\":{\"@id\":\"https:\\\/\\\/candas365.es\\\/noticias\\\/author\\\/admin\\\/#author\"},\"image\":{\"@type\":\"ImageObject\",\"url\":\"https:\\\/\\\/candas365.es\\\/noticias\\\/wp-content\\\/uploads\\\/2026\\\/09\\\/Las-desigualdades-socioeconomicas-afectan-a-la-salud.jpg\",\"@id\":\"https:\\\/\\\/candas365.es\\\/noticias\\\/las-desigualdades-socioeconomicas-afectan-a-la-salud\\\/#mainImage\",\"width\":1270,\"height\":829,\"caption\":\"Foto: 123rf.com\"},\"primaryImageOfPage\":{\"@id\":\"https:\\\/\\\/candas365.es\\\/noticias\\\/las-desigualdades-socioeconomicas-afectan-a-la-salud\\\/#mainImage\"},\"datePublished\":\"2026-09-06T11:25:11+02:00\",\"dateModified\":\"2026-09-06T11:25:11+02:00\"},{\"@type\":\"WebSite\",\"@id\":\"https:\\\/\\\/candas365.es\\\/noticias\\\/#website\",\"url\":\"https:\\\/\\\/candas365.es\\\/noticias\\\/\",\"name\":\"Cand\\u00e1s 365\",\"alternateName\":\"Cand\\u00e1s 365 Noticias\",\"description\":\"Actualidad desde Carre\\u00f1o para el mundo\",\"inLanguage\":\"es-ES\",\"publisher\":{\"@id\":\"https:\\\/\\\/candas365.es\\\/noticias\\\/#organization\"}}]}\n\t\t<\/script>\n\t\t<!-- All in One SEO Pro -->\r\n\t\t<title>Las desigualdades socioecon\u00f3micas afectan a la salud | Cand\u00e1s 365<\/title>\n\n","aioseo_head_json":{"title":"Las desigualdades socioecon\u00f3micas afectan a la salud | Cand\u00e1s 365","description":"Un estudio afirma que las desigualdades socioecon\u00f3micas afectan a la salud de las personas, ya que las m\u00e1s pobres muestran una movilidad y funcionalidad","canonical_url":"https:\/\/candas365.es\/noticias\/las-desigualdades-socioeconomicas-afectan-a-la-salud\/","robots":"max-image-preview:large","keywords":"destacadas,salud","webmasterTools":{"google-site-verification":"UA-32230408-1","msvalidate.01":"354F3CDFB2DA171B47FBE9ABF1F88D5","miscellaneous":""},"schema":{"@context":"https:\/\/schema.org","@graph":[{"@type":"BreadcrumbList","@id":"https:\/\/candas365.es\/noticias\/las-desigualdades-socioeconomicas-afectan-a-la-salud\/#breadcrumblist","itemListElement":[{"@type":"ListItem","@id":"https:\/\/candas365.es\/noticias#listItem","position":1,"name":"Home","item":"https:\/\/candas365.es\/noticias","nextItem":{"@type":"ListItem","@id":"https:\/\/candas365.es\/noticias\/category\/destacadas\/#listItem","name":"Destacadas"}},{"@type":"ListItem","@id":"https:\/\/candas365.es\/noticias\/category\/destacadas\/#listItem","position":2,"name":"Destacadas","item":"https:\/\/candas365.es\/noticias\/category\/destacadas\/","nextItem":{"@type":"ListItem","@id":"https:\/\/candas365.es\/noticias\/las-desigualdades-socioeconomicas-afectan-a-la-salud\/#listItem","name":"Las desigualdades socioecon\u00f3micas afectan a la salud"},"previousItem":{"@type":"ListItem","@id":"https:\/\/candas365.es\/noticias#listItem","name":"Home"}},{"@type":"ListItem","@id":"https:\/\/candas365.es\/noticias\/las-desigualdades-socioeconomicas-afectan-a-la-salud\/#listItem","position":3,"name":"Las desigualdades socioecon\u00f3micas afectan a la salud","previousItem":{"@type":"ListItem","@id":"https:\/\/candas365.es\/noticias\/category\/destacadas\/#listItem","name":"Destacadas"}}]},{"@type":"NewsArticle","@id":"https:\/\/candas365.es\/noticias\/las-desigualdades-socioeconomicas-afectan-a-la-salud\/#newsarticle","name":"Las desigualdades socioecon\u00f3micas afectan a la salud | Cand\u00e1s 365","headline":"Las desigualdades socioecon\u00f3micas afectan a la salud","author":{"@id":"https:\/\/candas365.es\/noticias\/author\/admin\/#author"},"publisher":{"@id":"https:\/\/candas365.es\/noticias\/#organization"},"image":{"@type":"ImageObject","url":"https:\/\/candas365.es\/noticias\/wp-content\/uploads\/2026\/09\/Las-desigualdades-socioeconomicas-afectan-a-la-salud.jpg","width":1270,"height":829,"caption":"Foto: 123rf.com"},"datePublished":"2026-09-06T11:25:11+02:00","dateModified":"2026-09-06T11:25:11+02:00","inLanguage":"es-ES","mainEntityOfPage":{"@id":"https:\/\/candas365.es\/noticias\/las-desigualdades-socioeconomicas-afectan-a-la-salud\/#webpage"},"isPartOf":{"@id":"https:\/\/candas365.es\/noticias\/las-desigualdades-socioeconomicas-afectan-a-la-salud\/#webpage"},"articleSection":"Destacadas, Salud, Salud","dateline":"Publicado el septiembre 6, 2026."},{"@type":"Organization","@id":"https:\/\/candas365.es\/noticias\/#organization","name":"Cand\u00e1s 365","description":"Cand\u00e1s 365 es un diario digital independiente, fundado en 2012, con base en Asturias. Informamos con rigor sobre actualidad, sociedad, cultura y ocio, con una mirada local y global.","url":"https:\/\/candas365.es\/noticias\/","email":"info@candas365.es","telephone":"+34652131393","foundingDate":"2012-06-10","logo":{"@type":"ImageObject","url":"https:\/\/candas365.es\/noticias\/wp-content\/uploads\/2024\/09\/Candas-365-Redes.jpg","@id":"https:\/\/candas365.es\/noticias\/las-desigualdades-socioeconomicas-afectan-a-la-salud\/#organizationLogo","width":1152,"height":864,"caption":"Cand\u00e1s 365 Redes"},"image":{"@id":"https:\/\/candas365.es\/noticias\/las-desigualdades-socioeconomicas-afectan-a-la-salud\/#organizationLogo"},"sameAs":["https:\/\/www.facebook.com\/Nachofdezber","https:\/\/x.com\/candas365","https:\/\/www.instagram.com\/nachofdezber\/","https:\/\/www.youtube.com\/channel\/UCZP-2wLEB9Rv6erhFmqVnvg"],"address":{"@id":"https:\/\/candas365.es\/noticias\/#postaladdress","@type":"PostalAddress","streetAddress":"san antonio 4, san antonio 4","postalCode":"33430","addressLocality":"Cand\u00e1s","addressRegion":"Asturias","addressCountry":"ES"}},{"@type":"Person","@id":"https:\/\/candas365.es\/noticias\/author\/admin\/#author","url":"https:\/\/candas365.es\/noticias\/author\/admin\/","name":"Cand\u00e1s 365","image":{"@type":"ImageObject","@id":"https:\/\/candas365.es\/noticias\/las-desigualdades-socioeconomicas-afectan-a-la-salud\/#authorImage","url":"https:\/\/candas365.es\/noticias\/wp-content\/uploads\/2026\/07\/cropped-eyevuvEl_400x400-96x96.jpg","width":96,"height":96,"caption":"Cand\u00e1s 365"},"sameAs":["https:\/\/www.facebook.com\/Nachofdezber","https:\/\/x.com\/candas365","https:\/\/www.instagram.com\/nachofdezber\/","https:\/\/www.youtube.com\/channel\/UCZP-2wLEB9Rv6erhFmqVnvg"]},{"@type":"WebPage","@id":"https:\/\/candas365.es\/noticias\/las-desigualdades-socioeconomicas-afectan-a-la-salud\/#webpage","url":"https:\/\/candas365.es\/noticias\/las-desigualdades-socioeconomicas-afectan-a-la-salud\/","name":"Las desigualdades socioecon\u00f3micas afectan a la salud | Cand\u00e1s 365","description":"Un estudio afirma que las desigualdades socioecon\u00f3micas afectan a la salud de las personas, ya que las m\u00e1s pobres muestran una movilidad y funcionalidad","inLanguage":"es-ES","isPartOf":{"@id":"https:\/\/candas365.es\/noticias\/#website"},"breadcrumb":{"@id":"https:\/\/candas365.es\/noticias\/las-desigualdades-socioeconomicas-afectan-a-la-salud\/#breadcrumblist"},"author":{"@id":"https:\/\/candas365.es\/noticias\/author\/admin\/#author"},"creator":{"@id":"https:\/\/candas365.es\/noticias\/author\/admin\/#author"},"image":{"@type":"ImageObject","url":"https:\/\/candas365.es\/noticias\/wp-content\/uploads\/2026\/09\/Las-desigualdades-socioeconomicas-afectan-a-la-salud.jpg","@id":"https:\/\/candas365.es\/noticias\/las-desigualdades-socioeconomicas-afectan-a-la-salud\/#mainImage","width":1270,"height":829,"caption":"Foto: 123rf.com"},"primaryImageOfPage":{"@id":"https:\/\/candas365.es\/noticias\/las-desigualdades-socioeconomicas-afectan-a-la-salud\/#mainImage"},"datePublished":"2026-09-06T11:25:11+02:00","dateModified":"2026-09-06T11:25:11+02:00"},{"@type":"WebSite","@id":"https:\/\/candas365.es\/noticias\/#website","url":"https:\/\/candas365.es\/noticias\/","name":"Cand\u00e1s 365","alternateName":"Cand\u00e1s 365 Noticias","description":"Actualidad desde Carre\u00f1o para el mundo","inLanguage":"es-ES","publisher":{"@id":"https:\/\/candas365.es\/noticias\/#organization"}}]},"og:locale":"es_ES","og:site_name":"Cand\u00e1s 365","og:type":"article","og:title":"Las desigualdades socioecon\u00f3micas afectan a la salud \u2013 Cand\u00e1s 365","og:description":"Un estudio afirma que las desigualdades socioecon\u00f3micas afectan a la salud de las personas, ya que las m\u00e1s pobres muestran una movilidad y funcionalidad reducidas","og:url":"https:\/\/candas365.es\/noticias\/las-desigualdades-socioeconomicas-afectan-a-la-salud\/","og:image":"https:\/\/candas365.es\/noticias\/wp-content\/uploads\/2026\/09\/Las-desigualdades-socioeconomicas-afectan-a-la-salud.jpg","og:image:secure_url":"https:\/\/candas365.es\/noticias\/wp-content\/uploads\/2026\/09\/Las-desigualdades-socioeconomicas-afectan-a-la-salud.jpg","og:image:width":1270,"og:image:height":829,"article:published_time":"2026-09-06T09:25:11+00:00","article:modified_time":"2026-09-06T09:25:11+00:00","article:publisher":"https:\/\/www.facebook.com\/Nachofdezber","article:author":"https:\/\/www.facebook.com\/Nachofdezber","twitter:card":"summary_large_image","twitter:site":"@candas365","twitter:title":"Las desigualdades socioecon\u00f3micas afectan a la salud \u2013 Cand\u00e1s 365","twitter:description":"Un estudio afirma que las desigualdades socioecon\u00f3micas afectan a la salud de las personas, ya que las m\u00e1s pobres muestran una movilidad y funcionalidad reducidas","twitter:creator":"@candas365","twitter:image":"https:\/\/candas365.es\/noticias\/wp-content\/uploads\/2026\/09\/Las-desigualdades-socioeconomicas-afectan-a-la-salud.jpg","twitter:label1":"Escrito por","twitter:data1":"Cand\u00e1s 365","twitter:label2":"Tiempo de lectura estimado","twitter:data2":"3 minutos"},"aioseo_meta_data":{"post_id":"198042","title":null,"description":"Un estudio afirma que las desigualdades socioecon\u00f3micas afectan a la salud de las personas, ya que las m\u00e1s pobres muestran una movilidad y funcionalidad","keywords":null,"keyphrases":{"focus":{"keyphrase":"desigualdades socioecon\u00f3micas","score":0,"analysis":[]},"additional":[{"keyphrase":"salud","score":0}]},"primary_term":null,"canonical_url":null,"og_title":"#post_title #separator_sa #site_title","og_description":"Un estudio afirma que las desigualdades socioecon\u00f3micas afectan a la salud de las personas, ya que las m\u00e1s pobres muestran una movilidad y funcionalidad reducidas","og_object_type":"default","og_image_type":"default","og_image_url":null,"og_image_width":null,"og_image_height":null,"og_image_custom_url":null,"og_image_custom_fields":null,"og_video":"","og_custom_url":null,"og_article_section":null,"og_article_tags":null,"twitter_use_og":false,"twitter_card":"default","twitter_image_type":"default","twitter_image_url":null,"twitter_image_custom_url":null,"twitter_image_custom_fields":null,"twitter_title":"#post_title #separator_sa #site_title","twitter_description":"Un estudio afirma que las desigualdades socioecon\u00f3micas afectan a la salud de las personas, ya que las m\u00e1s pobres muestran una movilidad y funcionalidad reducidas","schema":{"blockGraphs":[],"customGraphs":[],"default":{"data":{"Article":[],"Course":[],"Dataset":[],"FAQPage":[],"Movie":[],"Person":[],"Product":[],"ProductReview":[],"Car":[],"Recipe":[],"Service":[],"SoftwareApplication":[],"WebPage":[]},"graphName":"NewsArticle","isEnabled":true},"graphs":[]},"schema_type":"default","schema_type_options":null,"pillar_content":false,"robots_default":true,"robots_noindex":false,"robots_noarchive":false,"robots_nosnippet":false,"robots_nofollow":false,"robots_noimageindex":false,"robots_noodp":false,"robots_notranslate":false,"robots_max_snippet":"-1","robots_max_videopreview":"-1","robots_max_imagepreview":"large","priority":null,"frequency":"default","location":null,"local_seo":null,"seo_analyzer_scan_date":"2026-09-06 09:26:27","breadcrumb_settings":null,"limit_modified_date":false,"reviewed_by":"0","open_ai":null,"ai":{"faqs":[],"keyPoints":[],"schemas":[],"titles":[],"descriptions":[],"socialPosts":{"email":{"subject":"","preview":"","content":""},"linkedin":[],"twitter":[],"facebook":[],"instagram":[]}},"created":"2026-09-06 09:17:34","updated":"2026-09-06 10:11:01","focus_keyword":"desigualdades socioecon\u00f3micas","additional_keywords":[{"word":"salud","score":87,"items":{"introductionKeyword":{"score":9},"keyphraseLength":{"score":9},"keyphraseDensity":{"score":9},"functionWordsInKeyphrase":{"score":9},"textCompetingLinks":{"score":2},"imageKeyphrase":{"score":9}}}],"truseo_locale":null},"aioseo_breadcrumb":"<div class=\"aioseo-breadcrumbs\"><span class=\"aioseo-breadcrumb\">\n\t<a href=\"https:\/\/candas365.es\/noticias\" title=\"Home\">Home<\/a>\n<\/span><span class=\"aioseo-breadcrumb-separator\">&ndash;<\/span><span class=\"aioseo-breadcrumb\">\n\t<a href=\"https:\/\/candas365.es\/noticias\/category\/destacadas\/\" title=\"Destacadas\">Destacadas<\/a>\n<\/span><span class=\"aioseo-breadcrumb-separator\">&ndash;<\/span><span class=\"aioseo-breadcrumb\">\n\tLas desigualdades socioecon\u00f3micas afectan a la salud\n<\/span><\/div>","aioseo_breadcrumb_json":[{"label":"Home","link":"https:\/\/candas365.es\/noticias"},{"label":"Destacadas","link":"https:\/\/candas365.es\/noticias\/category\/destacadas\/"},{"label":"Las desigualdades socioecon\u00f3micas afectan a la salud","link":"https:\/\/candas365.es\/noticias\/las-desigualdades-socioeconomicas-afectan-a-la-salud\/"}],"_links":{"self":[{"href":"https:\/\/candas365.es\/noticias\/wp-json\/wp\/v2\/posts\/198042","targetHints":{"allow":["GET"]}}],"collection":[{"href":"https:\/\/candas365.es\/noticias\/wp-json\/wp\/v2\/posts"}],"about":[{"href":"https:\/\/candas365.es\/noticias\/wp-json\/wp\/v2\/types\/post"}],"author":[{"embeddable":true,"href":"https:\/\/candas365.es\/noticias\/wp-json\/wp\/v2\/users\/1"}],"replies":[{"embeddable":true,"href":"https:\/\/candas365.es\/noticias\/wp-json\/wp\/v2\/comments?post=198042"}],"version-history":[{"count":1,"href":"https:\/\/candas365.es\/noticias\/wp-json\/wp\/v2\/posts\/198042\/revisions"}],"predecessor-version":[{"id":198044,"href":"https:\/\/candas365.es\/noticias\/wp-json\/wp\/v2\/posts\/198042\/revisions\/198044"}],"wp:featuredmedia":[{"embeddable":true,"href":"https:\/\/candas365.es\/noticias\/wp-json\/wp\/v2\/media\/198043"}],"wp:attachment":[{"href":"https:\/\/candas365.es\/noticias\/wp-json\/wp\/v2\/media?parent=198042"}],"wp:term":[{"taxonomy":"category","embeddable":true,"href":"https:\/\/candas365.es\/noticias\/wp-json\/wp\/v2\/categories?post=198042"},{"taxonomy":"post_tag","embeddable":true,"href":"https:\/\/candas365.es\/noticias\/wp-json\/wp\/v2\/tags?post=198042"}],"curies":[{"name":"wp","href":"https:\/\/api.w.org\/{rel}","templated":true}]}}