{"id":198039,"date":"2026-09-06T11:14:58","date_gmt":"2026-09-06T09:14:58","guid":{"rendered":"https:\/\/candas365.es\/noticias\/?p=198039"},"modified":"2026-09-06T11:14:58","modified_gmt":"2026-09-06T09:14:58","slug":"alertan-del-aumento-de-picaduras-de-insectos-y-medusas","status":"publish","type":"post","link":"https:\/\/candas365.es\/noticias\/alertan-del-aumento-de-picaduras-de-insectos-y-medusas\/","title":{"rendered":"Alertan del aumento de picaduras de insectos y medusas"},"content":{"rendered":"<p>El verano 2026 a\u00fan sigue ofreciendo d\u00edas de sol y playa en muchos lugares de Espa\u00f1a y tambi\u00e9n son noticias los casos de <span style=\"color: #ff6600;\"><a style=\"color: #ff6600;\" href=\"https:\/\/candas365.es\/noticias\/category\/salud\/\"><strong>picaduras de insectos y medusas<\/strong><\/a><\/span>.<\/p>\n<figure id=\"attachment_198040\" aria-describedby=\"caption-attachment-198040\" style=\"width: 650px\" class=\"wp-caption aligncenter\"><img fetchpriority=\"high\" decoding=\"async\" class=\"size-large wp-image-198040\" src=\"https:\/\/candas365.es\/noticias\/wp-content\/uploads\/2026\/09\/Alertan-del-aumento-de-picaduras-de-insectos-y-medusas-650x449.jpg\" alt=\"Alertan del aumento de picaduras de insectos y medusas\" width=\"650\" height=\"449\" srcset=\"https:\/\/candas365.es\/noticias\/wp-content\/uploads\/2026\/09\/Alertan-del-aumento-de-picaduras-de-insectos-y-medusas-650x449.jpg 650w, https:\/\/candas365.es\/noticias\/wp-content\/uploads\/2026\/09\/Alertan-del-aumento-de-picaduras-de-insectos-y-medusas-360x248.jpg 360w, https:\/\/candas365.es\/noticias\/wp-content\/uploads\/2026\/09\/Alertan-del-aumento-de-picaduras-de-insectos-y-medusas-768x530.jpg 768w, https:\/\/candas365.es\/noticias\/wp-content\/uploads\/2026\/09\/Alertan-del-aumento-de-picaduras-de-insectos-y-medusas-150x104.jpg 150w, https:\/\/candas365.es\/noticias\/wp-content\/uploads\/2026\/09\/Alertan-del-aumento-de-picaduras-de-insectos-y-medusas-450x311.jpg 450w, https:\/\/candas365.es\/noticias\/wp-content\/uploads\/2026\/09\/Alertan-del-aumento-de-picaduras-de-insectos-y-medusas-1200x828.jpg 1200w, https:\/\/candas365.es\/noticias\/wp-content\/uploads\/2026\/09\/Alertan-del-aumento-de-picaduras-de-insectos-y-medusas.jpg 1230w\" sizes=\"(max-width: 650px) 100vw, 650px\" \/><figcaption id=\"caption-attachment-198040\" class=\"wp-caption-text\">Cad\u00e1veres de velutinas en las que se distinguen los aguijones | Foto de Servimedia\/Eduardo Fdez<\/figcaption><\/figure>\n<p>Alerg\u00f3logos y farmac\u00e9uticos alertaron del aumento de las picaduras de insectos y medusas durante el verano y recordaron que algunas de ellas pueden desencadenar una anafilaxia, la reacci\u00f3n al\u00e9rgica m\u00e1s grave, capaz de poner en peligro la vida del paciente en cuesti\u00f3n de minutos. Por ello, insistieron en extremar las medidas de prevenci\u00f3n, reconocer los s\u00edntomas de alarma y disponer de adrenalina de rescate cuando haya sido prescrita por un especialista.<\/p>\n<div class=\"srvm-nw__body\">\n<p>La Sociedad Espa\u00f1ola de Inmunolog\u00eda Cl\u00ednica, Alergolog\u00eda y Asma Pedi\u00e1trica (Seicap) advirti\u00f3 de que durante las vacaciones aumenta el riesgo de reacciones al\u00e9rgicas debido al mayor tiempo que ni\u00f1os y adolescentes pasan al aire libre, especialmente en playas, piscinas y entornos rurales, donde se incrementa la exposici\u00f3n a medusas, avispas y abejas.<\/p>\n<p>Los pediatras alerg\u00f3logos subrayaron que las familias deben extremar las precauciones y llevar siempre la medicaci\u00f3n indicada por el especialista para actuar en caso de reacci\u00f3n grave. Adem\u00e1s, recordaron la importancia de conservar correctamente los autoinyectores de adrenalina, protegi\u00e9ndolos de las altas temperaturas y de la exposici\u00f3n directa al sol.<\/p>\n<p>Por su parte, el Consejo General de Colegios Farmac\u00e9uticos se\u00f1al\u00f3 que \u00ablas picaduras de insectos constituyen un problema de salud p\u00fablica no solo por las reacciones que pueden provocar, sino tambi\u00e9n por su capacidad para transmitir enfermedades\u00bb. As\u00ed, insisti\u00f3 en que la prevenci\u00f3n sigue siendo la medida m\u00e1s eficaz.<\/p>\n<p>Entre las recomendaciones figuran utilizar repelentes autorizados, instalar mosquiteras, evitar perfumes intensos, vestir ropa que cubra buena parte del cuerpo y limitar la exposici\u00f3n al aire libre al amanecer y al anochecer, momentos de mayor actividad de muchos insectos.<\/p>\n<h1>REACCIONES GRAVES<\/h1>\n<p>La farmac\u00e9utica especializada en alergias Amapola Munuera record\u00f3 que las picaduras de himen\u00f3pteros, como abejas y avispas, figuran entre las principales causas de anafilaxia.<\/p>\n<p>\u00abAnte la duda de si se trata o no de una anafilaxia y dada la seguridad de la medicaci\u00f3n de rescate, existe la indicaci\u00f3n de administraci\u00f3n inmediata de adrenalina intramuscular. El principal riesgo es no ponerla a tiempo de salvar al paciente\u00bb, advirti\u00f3. En la medida de lo posible los expertos recomiendan que esta administraci\u00f3n sea realizada por personal sanitario, que controlar\u00e1 posteriormente las reacciones secundarias que provoca la adrenalina.<\/p>\n<p>Seg\u00fan explic\u00f3, los principales signos de alarma de posible anafilaxis son la aparici\u00f3n de picor, enrojecimiento o inflamaci\u00f3n acompa\u00f1ados de dificultad respiratoria, mareo, p\u00e9rdida de conciencia o una ca\u00edda brusca de la tensi\u00f3n arterial. Los especialistas recordaron que una reacci\u00f3n anafil\u00e1ctica requiere asistencia m\u00e9dica urgente incluso despu\u00e9s de administrar la adrenalina, ya que los s\u00edntomas pueden reaparecer o agravarse en poco tiempo.<\/p>\n<h2>C\u00d3MO ACTUAR<\/h2>\n<p>En el caso de las picaduras de abejas y avispas, los farmac\u00e9uticos recomendaron retirar cuanto antes el aguij\u00f3n, en el caso de la abeja, para evitar que siga liberando veneno y aplicar fr\u00edo local para aliviar el dolor y la inflamaci\u00f3n. Si la lesi\u00f3n se produce por el contacto con los tent\u00e1culos de medusa, aconsejaron retirar con cuidado los restos adheridos a la piel, lavar la zona con agua de mar y aplicar hielo de forma intermitente. Tambi\u00e9n recuerdan que no debe utilizarse agua dulce, alcohol o amoniaco sobre la lesi\u00f3n.<\/p>\n<p>La Seicap destac\u00f3 asimismo la importancia de revisar peri\u00f3dicamente los autoinyectores de adrenalina. Aunque no necesitan refrigeraci\u00f3n, deben mantenerse alejados del calor extremo y sustituirse si la soluci\u00f3n deja de ser transparente e incolora.<\/p>\n<p>Los expertos concluyeron que la combinaci\u00f3n de prevenci\u00f3n, r\u00e1pida identificaci\u00f3n de los s\u00edntomas y acceso inmediato a la adrenalina puede resultar decisiva para evitar complicaciones graves durante los meses de verano.<\/p>\n<h1>VELUTINAS Y MEDUSAS<\/h1>\n<p>La preocupaci\u00f3n por las picaduras de himen\u00f3pteros coincide con la expansi\u00f3n de la avispa velutina o avispa asi\u00e1tica en distintas zonas de Espa\u00f1a. Los especialistas recuerdan que, aunque la mayor\u00eda de las picaduras producen \u00fanicamente reacciones locales, esta especie puede desencadenar anafilaxias potencialmente mortales en personas al\u00e9rgicas y cuadros graves cuando se producen ataques con m\u00faltiples picaduras<\/p>\n<p>Este verano coincide adem\u00e1s con un repunte de la presencia de las medusas conocidas como carabelas portuguesas en varias zonas del Cant\u00e1brico. Solo en las playas de San Sebasti\u00e1n se registraron unas 120 picaduras (en realidad contacto con sus tent\u00e1culos urticantes) en una sola jornada y Cruz Roja Cantabria inform\u00f3 de que ya ha atendido cerca de 900 casos este verano. Aunque la mayor\u00eda provocan lesiones leves, los especialistas recuerdan que pueden desencadenar reacciones al\u00e9rgicas graves en personas sensibles, ni\u00f1os o mayores.<\/p>\n<\/div>\n<div id=\"end-scroll\" class=\"srvm-nw__code\">\n<p>(<a href=\"https:\/\/www.servimedia.es\/\" target=\"_blank\" rel=\"noopener\"><span style=\"color: #ff6600;\"><strong>SERVIMEDIA<\/strong><\/span><\/a>)<\/p>\n<\/div>\n","protected":false},"excerpt":{"rendered":"<p>El verano 2026 a\u00fan sigue ofreciendo d\u00edas de sol y playa en muchos lugares de Espa\u00f1a y tambi\u00e9n son noticias los casos de picaduras de insectos y medusas. Alerg\u00f3logos y farmac\u00e9uticos alertaron del aumento de las picaduras de insectos y medusas durante el verano y recordaron que algunas de ellas pueden desencadenar una anafilaxia, la<\/p>\n","protected":false},"author":1,"featured_media":198040,"comment_status":"closed","ping_status":"closed","sticky":false,"template":"","format":"standard","meta":{"footnotes":""},"categories":[372],"tags":[378],"class_list":["post-198039","post","type-post","status-publish","format-standard","has-post-thumbnail","category-salud","tag-salud"],"aioseo_notices":[],"aioseo_head":"\n\t\t<!-- All in One SEO Pro 5.0.1.1 - aioseo.com -->\n\t<meta name=\"description\" content=\"El verano 2026 a\u00fan sigue ofreciendo d\u00edas de sol y playa en muchos lugares de Espa\u00f1a y tambi\u00e9n son noticias los casos de picaduras de insectos y medusas.\" \/>\n\t<meta name=\"robots\" content=\"max-image-preview:large\" \/>\n\t<meta name=\"author\" content=\"Cand\u00e1s 365\"\/>\n\t<meta name=\"google-site-verification\" content=\"UA-32230408-1\" \/>\n\t<meta name=\"msvalidate.01\" content=\"354F3CDFB2DA171B47FBE9ABF1F88D5\" \/>\n\t<meta name=\"keywords\" content=\"salud\" \/>\n\t<link rel=\"canonical\" href=\"https:\/\/candas365.es\/noticias\/alertan-del-aumento-de-picaduras-de-insectos-y-medusas\/\" \/>\n\t<meta name=\"generator\" content=\"All in One SEO Pro (AIOSEO) 5.0.1.1\" \/>\n\t\t<meta property=\"og:locale\" content=\"es_ES\" \/>\n\t\t<meta property=\"og:site_name\" content=\"Cand\u00e1s 365\" \/>\n\t\t<meta property=\"og:type\" content=\"article\" \/>\n\t\t<meta property=\"og:title\" content=\"Alertan del aumento de picaduras de insectos y medusas \u2013 Cand\u00e1s 365\" \/>\n\t\t<meta property=\"og:description\" content=\"El verano 2026 a\u00fan sigue ofreciendo d\u00edas de sol y playa en muchos lugares de Espa\u00f1a y tambi\u00e9n son noticias los casos de picaduras de insectos y medusas.\" \/>\n\t\t<meta property=\"og:url\" content=\"https:\/\/candas365.es\/noticias\/alertan-del-aumento-de-picaduras-de-insectos-y-medusas\/\" \/>\n\t\t<meta property=\"og:image\" content=\"https:\/\/candas365.es\/noticias\/wp-content\/uploads\/2026\/09\/Alertan-del-aumento-de-picaduras-de-insectos-y-medusas.jpg\" \/>\n\t\t<meta property=\"og:image:secure_url\" content=\"https:\/\/candas365.es\/noticias\/wp-content\/uploads\/2026\/09\/Alertan-del-aumento-de-picaduras-de-insectos-y-medusas.jpg\" \/>\n\t\t<meta property=\"og:image:width\" content=\"1230\" \/>\n\t\t<meta property=\"og:image:height\" content=\"849\" \/>\n\t\t<meta property=\"article:published_time\" content=\"2026-09-06T09:14:58+00:00\" \/>\n\t\t<meta property=\"article:modified_time\" content=\"2026-09-06T09:14:58+00:00\" \/>\n\t\t<meta property=\"article:publisher\" content=\"https:\/\/www.facebook.com\/Nachofdezber\" \/>\n\t\t<meta property=\"article:author\" content=\"https:\/\/www.facebook.com\/Nachofdezber\" \/>\n\t\t<meta name=\"twitter:card\" content=\"summary_large_image\" \/>\n\t\t<meta name=\"twitter:site\" content=\"@candas365\" \/>\n\t\t<meta name=\"twitter:title\" content=\"Alertan del aumento de picaduras de insectos y medusas \u2013 Cand\u00e1s 365\" \/>\n\t\t<meta name=\"twitter:description\" content=\"El verano 2026 a\u00fan sigue ofreciendo d\u00edas de sol y playa en muchos lugares de Espa\u00f1a y tambi\u00e9n son noticias los casos de picaduras de insectos y medusas.\" \/>\n\t\t<meta name=\"twitter:creator\" content=\"@candas365\" \/>\n\t\t<meta name=\"twitter:image\" content=\"https:\/\/candas365.es\/noticias\/wp-content\/uploads\/2026\/09\/Alertan-del-aumento-de-picaduras-de-insectos-y-medusas.jpg\" \/>\n\t\t<meta name=\"twitter:label1\" content=\"Escrito por\" \/>\n\t\t<meta name=\"twitter:data1\" content=\"Cand\u00e1s 365\" \/>\n\t\t<meta name=\"twitter:label2\" content=\"Tiempo de lectura estimado\" \/>\n\t\t<meta name=\"twitter:data2\" content=\"4 minutos\" \/>\n\t\t<script type=\"application\/ld+json\" class=\"aioseo-schema\">\n\t\t\t{\"@context\":\"https:\\\/\\\/schema.org\",\"@graph\":[{\"@type\":\"BreadcrumbList\",\"@id\":\"https:\\\/\\\/candas365.es\\\/noticias\\\/alertan-del-aumento-de-picaduras-de-insectos-y-medusas\\\/#breadcrumblist\",\"itemListElement\":[{\"@type\":\"ListItem\",\"@id\":\"https:\\\/\\\/candas365.es\\\/noticias#listItem\",\"position\":1,\"name\":\"Home\",\"item\":\"https:\\\/\\\/candas365.es\\\/noticias\",\"nextItem\":{\"@type\":\"ListItem\",\"@id\":\"https:\\\/\\\/candas365.es\\\/noticias\\\/category\\\/salud\\\/#listItem\",\"name\":\"Salud\"}},{\"@type\":\"ListItem\",\"@id\":\"https:\\\/\\\/candas365.es\\\/noticias\\\/category\\\/salud\\\/#listItem\",\"position\":2,\"name\":\"Salud\",\"item\":\"https:\\\/\\\/candas365.es\\\/noticias\\\/category\\\/salud\\\/\",\"nextItem\":{\"@type\":\"ListItem\",\"@id\":\"https:\\\/\\\/candas365.es\\\/noticias\\\/alertan-del-aumento-de-picaduras-de-insectos-y-medusas\\\/#listItem\",\"name\":\"Alertan del aumento de picaduras de insectos y medusas\"},\"previousItem\":{\"@type\":\"ListItem\",\"@id\":\"https:\\\/\\\/candas365.es\\\/noticias#listItem\",\"name\":\"Home\"}},{\"@type\":\"ListItem\",\"@id\":\"https:\\\/\\\/candas365.es\\\/noticias\\\/alertan-del-aumento-de-picaduras-de-insectos-y-medusas\\\/#listItem\",\"position\":3,\"name\":\"Alertan del aumento de picaduras de insectos y medusas\",\"previousItem\":{\"@type\":\"ListItem\",\"@id\":\"https:\\\/\\\/candas365.es\\\/noticias\\\/category\\\/salud\\\/#listItem\",\"name\":\"Salud\"}}]},{\"@type\":\"NewsArticle\",\"@id\":\"https:\\\/\\\/candas365.es\\\/noticias\\\/alertan-del-aumento-de-picaduras-de-insectos-y-medusas\\\/#newsarticle\",\"name\":\"Alertan del aumento de picaduras de insectos y medusas | Cand\\u00e1s 365\",\"headline\":\"Alertan del aumento de picaduras de insectos y medusas\",\"author\":{\"@id\":\"https:\\\/\\\/candas365.es\\\/noticias\\\/author\\\/admin\\\/#author\"},\"publisher\":{\"@id\":\"https:\\\/\\\/candas365.es\\\/noticias\\\/#organization\"},\"image\":{\"@type\":\"ImageObject\",\"url\":\"https:\\\/\\\/candas365.es\\\/noticias\\\/wp-content\\\/uploads\\\/2026\\\/09\\\/Alertan-del-aumento-de-picaduras-de-insectos-y-medusas.jpg\",\"width\":1230,\"height\":849,\"caption\":\"Cad\\u00e1veres de velutinas en las que se distinguen los aguijones | Foto de Servimedia\\\/Eduardo Fdez\"},\"datePublished\":\"2026-09-06T11:14:58+02:00\",\"dateModified\":\"2026-09-06T11:14:58+02:00\",\"inLanguage\":\"es-ES\",\"mainEntityOfPage\":{\"@id\":\"https:\\\/\\\/candas365.es\\\/noticias\\\/alertan-del-aumento-de-picaduras-de-insectos-y-medusas\\\/#webpage\"},\"isPartOf\":{\"@id\":\"https:\\\/\\\/candas365.es\\\/noticias\\\/alertan-del-aumento-de-picaduras-de-insectos-y-medusas\\\/#webpage\"},\"articleSection\":\"Salud, Salud\",\"dateline\":\"Publicado el septiembre 6, 2026.\"},{\"@type\":\"Organization\",\"@id\":\"https:\\\/\\\/candas365.es\\\/noticias\\\/#organization\",\"name\":\"Cand\\u00e1s 365\",\"description\":\"Cand\\u00e1s 365 es un diario digital independiente, fundado en 2012, con base en Asturias. Informamos con rigor sobre actualidad, sociedad, cultura y ocio, con una mirada local y global.\",\"url\":\"https:\\\/\\\/candas365.es\\\/noticias\\\/\",\"email\":\"info@candas365.es\",\"telephone\":\"+34652131393\",\"foundingDate\":\"2012-06-10\",\"logo\":{\"@type\":\"ImageObject\",\"url\":\"https:\\\/\\\/candas365.es\\\/noticias\\\/wp-content\\\/uploads\\\/2024\\\/09\\\/Candas-365-Redes.jpg\",\"@id\":\"https:\\\/\\\/candas365.es\\\/noticias\\\/alertan-del-aumento-de-picaduras-de-insectos-y-medusas\\\/#organizationLogo\",\"width\":1152,\"height\":864,\"caption\":\"Cand\\u00e1s 365 Redes\"},\"image\":{\"@id\":\"https:\\\/\\\/candas365.es\\\/noticias\\\/alertan-del-aumento-de-picaduras-de-insectos-y-medusas\\\/#organizationLogo\"},\"sameAs\":[\"https:\\\/\\\/www.facebook.com\\\/Nachofdezber\",\"https:\\\/\\\/x.com\\\/candas365\",\"https:\\\/\\\/www.instagram.com\\\/nachofdezber\\\/\",\"https:\\\/\\\/www.youtube.com\\\/channel\\\/UCZP-2wLEB9Rv6erhFmqVnvg\"],\"address\":{\"@id\":\"https:\\\/\\\/candas365.es\\\/noticias\\\/#postaladdress\",\"@type\":\"PostalAddress\",\"streetAddress\":\"san antonio 4, san antonio 4\",\"postalCode\":\"33430\",\"addressLocality\":\"Cand\\u00e1s\",\"addressRegion\":\"Asturias\",\"addressCountry\":\"ES\"}},{\"@type\":\"Person\",\"@id\":\"https:\\\/\\\/candas365.es\\\/noticias\\\/author\\\/admin\\\/#author\",\"url\":\"https:\\\/\\\/candas365.es\\\/noticias\\\/author\\\/admin\\\/\",\"name\":\"Cand\\u00e1s 365\",\"image\":{\"@type\":\"ImageObject\",\"@id\":\"https:\\\/\\\/candas365.es\\\/noticias\\\/alertan-del-aumento-de-picaduras-de-insectos-y-medusas\\\/#authorImage\",\"url\":\"https:\\\/\\\/candas365.es\\\/noticias\\\/wp-content\\\/uploads\\\/2026\\\/07\\\/cropped-eyevuvEl_400x400-96x96.jpg\",\"width\":96,\"height\":96,\"caption\":\"Cand\\u00e1s 365\"},\"sameAs\":[\"https:\\\/\\\/www.facebook.com\\\/Nachofdezber\",\"https:\\\/\\\/x.com\\\/candas365\",\"https:\\\/\\\/www.instagram.com\\\/nachofdezber\\\/\",\"https:\\\/\\\/www.youtube.com\\\/channel\\\/UCZP-2wLEB9Rv6erhFmqVnvg\"]},{\"@type\":\"WebPage\",\"@id\":\"https:\\\/\\\/candas365.es\\\/noticias\\\/alertan-del-aumento-de-picaduras-de-insectos-y-medusas\\\/#webpage\",\"url\":\"https:\\\/\\\/candas365.es\\\/noticias\\\/alertan-del-aumento-de-picaduras-de-insectos-y-medusas\\\/\",\"name\":\"Alertan del aumento de picaduras de insectos y medusas | Cand\\u00e1s 365\",\"description\":\"El verano 2026 a\\u00fan sigue ofreciendo d\\u00edas de sol y playa en muchos lugares de Espa\\u00f1a y tambi\\u00e9n son noticias los casos de picaduras de insectos y medusas.\",\"inLanguage\":\"es-ES\",\"isPartOf\":{\"@id\":\"https:\\\/\\\/candas365.es\\\/noticias\\\/#website\"},\"breadcrumb\":{\"@id\":\"https:\\\/\\\/candas365.es\\\/noticias\\\/alertan-del-aumento-de-picaduras-de-insectos-y-medusas\\\/#breadcrumblist\"},\"author\":{\"@id\":\"https:\\\/\\\/candas365.es\\\/noticias\\\/author\\\/admin\\\/#author\"},\"creator\":{\"@id\":\"https:\\\/\\\/candas365.es\\\/noticias\\\/author\\\/admin\\\/#author\"},\"image\":{\"@type\":\"ImageObject\",\"url\":\"https:\\\/\\\/candas365.es\\\/noticias\\\/wp-content\\\/uploads\\\/2026\\\/09\\\/Alertan-del-aumento-de-picaduras-de-insectos-y-medusas.jpg\",\"@id\":\"https:\\\/\\\/candas365.es\\\/noticias\\\/alertan-del-aumento-de-picaduras-de-insectos-y-medusas\\\/#mainImage\",\"width\":1230,\"height\":849,\"caption\":\"Cad\\u00e1veres de velutinas en las que se distinguen los aguijones | Foto de Servimedia\\\/Eduardo Fdez\"},\"primaryImageOfPage\":{\"@id\":\"https:\\\/\\\/candas365.es\\\/noticias\\\/alertan-del-aumento-de-picaduras-de-insectos-y-medusas\\\/#mainImage\"},\"datePublished\":\"2026-09-06T11:14:58+02:00\",\"dateModified\":\"2026-09-06T11:14:58+02:00\"},{\"@type\":\"WebSite\",\"@id\":\"https:\\\/\\\/candas365.es\\\/noticias\\\/#website\",\"url\":\"https:\\\/\\\/candas365.es\\\/noticias\\\/\",\"name\":\"Cand\\u00e1s 365\",\"alternateName\":\"Cand\\u00e1s 365 Noticias\",\"description\":\"Actualidad desde Carre\\u00f1o para el mundo\",\"inLanguage\":\"es-ES\",\"publisher\":{\"@id\":\"https:\\\/\\\/candas365.es\\\/noticias\\\/#organization\"}}]}\n\t\t<\/script>\n\t\t<!-- All in One SEO Pro -->\r\n\t\t<title>Alertan del aumento de picaduras de insectos y medusas | Cand\u00e1s 365<\/title>\n\n","aioseo_head_json":{"title":"Alertan del aumento de picaduras de insectos y medusas | Cand\u00e1s 365","description":"El verano 2026 a\u00fan sigue ofreciendo d\u00edas de sol y playa en muchos lugares de Espa\u00f1a y tambi\u00e9n son noticias los casos de picaduras de insectos y medusas.","canonical_url":"https:\/\/candas365.es\/noticias\/alertan-del-aumento-de-picaduras-de-insectos-y-medusas\/","robots":"max-image-preview:large","keywords":"salud","webmasterTools":{"google-site-verification":"UA-32230408-1","msvalidate.01":"354F3CDFB2DA171B47FBE9ABF1F88D5","miscellaneous":""},"schema":{"@context":"https:\/\/schema.org","@graph":[{"@type":"BreadcrumbList","@id":"https:\/\/candas365.es\/noticias\/alertan-del-aumento-de-picaduras-de-insectos-y-medusas\/#breadcrumblist","itemListElement":[{"@type":"ListItem","@id":"https:\/\/candas365.es\/noticias#listItem","position":1,"name":"Home","item":"https:\/\/candas365.es\/noticias","nextItem":{"@type":"ListItem","@id":"https:\/\/candas365.es\/noticias\/category\/salud\/#listItem","name":"Salud"}},{"@type":"ListItem","@id":"https:\/\/candas365.es\/noticias\/category\/salud\/#listItem","position":2,"name":"Salud","item":"https:\/\/candas365.es\/noticias\/category\/salud\/","nextItem":{"@type":"ListItem","@id":"https:\/\/candas365.es\/noticias\/alertan-del-aumento-de-picaduras-de-insectos-y-medusas\/#listItem","name":"Alertan del aumento de picaduras de insectos y medusas"},"previousItem":{"@type":"ListItem","@id":"https:\/\/candas365.es\/noticias#listItem","name":"Home"}},{"@type":"ListItem","@id":"https:\/\/candas365.es\/noticias\/alertan-del-aumento-de-picaduras-de-insectos-y-medusas\/#listItem","position":3,"name":"Alertan del aumento de picaduras de insectos y medusas","previousItem":{"@type":"ListItem","@id":"https:\/\/candas365.es\/noticias\/category\/salud\/#listItem","name":"Salud"}}]},{"@type":"NewsArticle","@id":"https:\/\/candas365.es\/noticias\/alertan-del-aumento-de-picaduras-de-insectos-y-medusas\/#newsarticle","name":"Alertan del aumento de picaduras de insectos y medusas | Cand\u00e1s 365","headline":"Alertan del aumento de picaduras de insectos y medusas","author":{"@id":"https:\/\/candas365.es\/noticias\/author\/admin\/#author"},"publisher":{"@id":"https:\/\/candas365.es\/noticias\/#organization"},"image":{"@type":"ImageObject","url":"https:\/\/candas365.es\/noticias\/wp-content\/uploads\/2026\/09\/Alertan-del-aumento-de-picaduras-de-insectos-y-medusas.jpg","width":1230,"height":849,"caption":"Cad\u00e1veres de velutinas en las que se distinguen los aguijones | Foto de Servimedia\/Eduardo Fdez"},"datePublished":"2026-09-06T11:14:58+02:00","dateModified":"2026-09-06T11:14:58+02:00","inLanguage":"es-ES","mainEntityOfPage":{"@id":"https:\/\/candas365.es\/noticias\/alertan-del-aumento-de-picaduras-de-insectos-y-medusas\/#webpage"},"isPartOf":{"@id":"https:\/\/candas365.es\/noticias\/alertan-del-aumento-de-picaduras-de-insectos-y-medusas\/#webpage"},"articleSection":"Salud, Salud","dateline":"Publicado el septiembre 6, 2026."},{"@type":"Organization","@id":"https:\/\/candas365.es\/noticias\/#organization","name":"Cand\u00e1s 365","description":"Cand\u00e1s 365 es un diario digital independiente, fundado en 2012, con base en Asturias. Informamos con rigor sobre actualidad, sociedad, cultura y ocio, con una mirada local y global.","url":"https:\/\/candas365.es\/noticias\/","email":"info@candas365.es","telephone":"+34652131393","foundingDate":"2012-06-10","logo":{"@type":"ImageObject","url":"https:\/\/candas365.es\/noticias\/wp-content\/uploads\/2024\/09\/Candas-365-Redes.jpg","@id":"https:\/\/candas365.es\/noticias\/alertan-del-aumento-de-picaduras-de-insectos-y-medusas\/#organizationLogo","width":1152,"height":864,"caption":"Cand\u00e1s 365 Redes"},"image":{"@id":"https:\/\/candas365.es\/noticias\/alertan-del-aumento-de-picaduras-de-insectos-y-medusas\/#organizationLogo"},"sameAs":["https:\/\/www.facebook.com\/Nachofdezber","https:\/\/x.com\/candas365","https:\/\/www.instagram.com\/nachofdezber\/","https:\/\/www.youtube.com\/channel\/UCZP-2wLEB9Rv6erhFmqVnvg"],"address":{"@id":"https:\/\/candas365.es\/noticias\/#postaladdress","@type":"PostalAddress","streetAddress":"san antonio 4, san antonio 4","postalCode":"33430","addressLocality":"Cand\u00e1s","addressRegion":"Asturias","addressCountry":"ES"}},{"@type":"Person","@id":"https:\/\/candas365.es\/noticias\/author\/admin\/#author","url":"https:\/\/candas365.es\/noticias\/author\/admin\/","name":"Cand\u00e1s 365","image":{"@type":"ImageObject","@id":"https:\/\/candas365.es\/noticias\/alertan-del-aumento-de-picaduras-de-insectos-y-medusas\/#authorImage","url":"https:\/\/candas365.es\/noticias\/wp-content\/uploads\/2026\/07\/cropped-eyevuvEl_400x400-96x96.jpg","width":96,"height":96,"caption":"Cand\u00e1s 365"},"sameAs":["https:\/\/www.facebook.com\/Nachofdezber","https:\/\/x.com\/candas365","https:\/\/www.instagram.com\/nachofdezber\/","https:\/\/www.youtube.com\/channel\/UCZP-2wLEB9Rv6erhFmqVnvg"]},{"@type":"WebPage","@id":"https:\/\/candas365.es\/noticias\/alertan-del-aumento-de-picaduras-de-insectos-y-medusas\/#webpage","url":"https:\/\/candas365.es\/noticias\/alertan-del-aumento-de-picaduras-de-insectos-y-medusas\/","name":"Alertan del aumento de picaduras de insectos y medusas | Cand\u00e1s 365","description":"El verano 2026 a\u00fan sigue ofreciendo d\u00edas de sol y playa en muchos lugares de Espa\u00f1a y tambi\u00e9n son noticias los casos de picaduras de insectos y medusas.","inLanguage":"es-ES","isPartOf":{"@id":"https:\/\/candas365.es\/noticias\/#website"},"breadcrumb":{"@id":"https:\/\/candas365.es\/noticias\/alertan-del-aumento-de-picaduras-de-insectos-y-medusas\/#breadcrumblist"},"author":{"@id":"https:\/\/candas365.es\/noticias\/author\/admin\/#author"},"creator":{"@id":"https:\/\/candas365.es\/noticias\/author\/admin\/#author"},"image":{"@type":"ImageObject","url":"https:\/\/candas365.es\/noticias\/wp-content\/uploads\/2026\/09\/Alertan-del-aumento-de-picaduras-de-insectos-y-medusas.jpg","@id":"https:\/\/candas365.es\/noticias\/alertan-del-aumento-de-picaduras-de-insectos-y-medusas\/#mainImage","width":1230,"height":849,"caption":"Cad\u00e1veres de velutinas en las que se distinguen los aguijones | Foto de Servimedia\/Eduardo Fdez"},"primaryImageOfPage":{"@id":"https:\/\/candas365.es\/noticias\/alertan-del-aumento-de-picaduras-de-insectos-y-medusas\/#mainImage"},"datePublished":"2026-09-06T11:14:58+02:00","dateModified":"2026-09-06T11:14:58+02:00"},{"@type":"WebSite","@id":"https:\/\/candas365.es\/noticias\/#website","url":"https:\/\/candas365.es\/noticias\/","name":"Cand\u00e1s 365","alternateName":"Cand\u00e1s 365 Noticias","description":"Actualidad desde Carre\u00f1o para el mundo","inLanguage":"es-ES","publisher":{"@id":"https:\/\/candas365.es\/noticias\/#organization"}}]},"og:locale":"es_ES","og:site_name":"Cand\u00e1s 365","og:type":"article","og:title":"Alertan del aumento de picaduras de insectos y medusas \u2013 Cand\u00e1s 365","og:description":"El verano 2026 a\u00fan sigue ofreciendo d\u00edas de sol y playa en muchos lugares de Espa\u00f1a y tambi\u00e9n son noticias los casos de picaduras de insectos y medusas.","og:url":"https:\/\/candas365.es\/noticias\/alertan-del-aumento-de-picaduras-de-insectos-y-medusas\/","og:image":"https:\/\/candas365.es\/noticias\/wp-content\/uploads\/2026\/09\/Alertan-del-aumento-de-picaduras-de-insectos-y-medusas.jpg","og:image:secure_url":"https:\/\/candas365.es\/noticias\/wp-content\/uploads\/2026\/09\/Alertan-del-aumento-de-picaduras-de-insectos-y-medusas.jpg","og:image:width":1230,"og:image:height":849,"article:published_time":"2026-09-06T09:14:58+00:00","article:modified_time":"2026-09-06T09:14:58+00:00","article:publisher":"https:\/\/www.facebook.com\/Nachofdezber","article:author":"https:\/\/www.facebook.com\/Nachofdezber","twitter:card":"summary_large_image","twitter:site":"@candas365","twitter:title":"Alertan del aumento de picaduras de insectos y medusas \u2013 Cand\u00e1s 365","twitter:description":"El verano 2026 a\u00fan sigue ofreciendo d\u00edas de sol y playa en muchos lugares de Espa\u00f1a y tambi\u00e9n son noticias los casos de picaduras de insectos y medusas.","twitter:creator":"@candas365","twitter:image":"https:\/\/candas365.es\/noticias\/wp-content\/uploads\/2026\/09\/Alertan-del-aumento-de-picaduras-de-insectos-y-medusas.jpg","twitter:label1":"Escrito por","twitter:data1":"Cand\u00e1s 365","twitter:label2":"Tiempo de lectura estimado","twitter:data2":"4 minutos"},"aioseo_meta_data":{"post_id":"198039","title":null,"description":"El verano 2026 a\u00fan sigue ofreciendo d\u00edas de sol y playa en muchos lugares de Espa\u00f1a y tambi\u00e9n son noticias los casos de picaduras de insectos y medusas.","keywords":null,"keyphrases":{"focus":{"keyphrase":"picaduras de insectos","score":0,"analysis":[]},"additional":[]},"primary_term":null,"canonical_url":null,"og_title":"#post_title #separator_sa #site_title","og_description":"El verano 2026 a\u00fan sigue ofreciendo d\u00edas de sol y playa en muchos lugares de Espa\u00f1a y tambi\u00e9n son noticias los casos de picaduras de insectos y medusas.","og_object_type":"default","og_image_type":"default","og_image_url":null,"og_image_width":null,"og_image_height":null,"og_image_custom_url":null,"og_image_custom_fields":null,"og_video":"","og_custom_url":null,"og_article_section":null,"og_article_tags":null,"twitter_use_og":true,"twitter_card":"default","twitter_image_type":"default","twitter_image_url":null,"twitter_image_custom_url":null,"twitter_image_custom_fields":null,"twitter_title":null,"twitter_description":null,"schema":{"blockGraphs":[],"customGraphs":[],"default":{"data":{"Article":[],"Course":[],"Dataset":[],"FAQPage":[],"Movie":[],"Person":[],"Product":[],"ProductReview":[],"Car":[],"Recipe":[],"Service":[],"SoftwareApplication":[],"WebPage":[]},"graphName":"NewsArticle","isEnabled":true},"graphs":[]},"schema_type":"default","schema_type_options":null,"pillar_content":false,"robots_default":true,"robots_noindex":false,"robots_noarchive":false,"robots_nosnippet":false,"robots_nofollow":false,"robots_noimageindex":false,"robots_noodp":false,"robots_notranslate":false,"robots_max_snippet":"-1","robots_max_videopreview":"-1","robots_max_imagepreview":"large","priority":null,"frequency":"default","location":null,"local_seo":null,"seo_analyzer_scan_date":"2026-09-06 09:15:30","breadcrumb_settings":null,"limit_modified_date":false,"reviewed_by":"0","open_ai":null,"ai":{"faqs":[],"keyPoints":[],"schemas":[],"titles":[],"descriptions":[],"socialPosts":{"email":{"subject":"","preview":"","content":""},"linkedin":[],"twitter":[],"facebook":[],"instagram":[]}},"created":"2026-09-06 09:09:13","updated":"2026-09-06 10:11:01","focus_keyword":"picaduras de insectos","additional_keywords":null,"truseo_locale":null},"aioseo_breadcrumb":"<div class=\"aioseo-breadcrumbs\"><span class=\"aioseo-breadcrumb\">\n\t<a href=\"https:\/\/candas365.es\/noticias\" title=\"Home\">Home<\/a>\n<\/span><span class=\"aioseo-breadcrumb-separator\">&ndash;<\/span><span class=\"aioseo-breadcrumb\">\n\t<a href=\"https:\/\/candas365.es\/noticias\/category\/salud\/\" title=\"Salud\">Salud<\/a>\n<\/span><span class=\"aioseo-breadcrumb-separator\">&ndash;<\/span><span class=\"aioseo-breadcrumb\">\n\tAlertan del aumento de picaduras de insectos y medusas\n<\/span><\/div>","aioseo_breadcrumb_json":[{"label":"Home","link":"https:\/\/candas365.es\/noticias"},{"label":"Salud","link":"https:\/\/candas365.es\/noticias\/category\/salud\/"},{"label":"Alertan del aumento de picaduras de insectos y medusas","link":"https:\/\/candas365.es\/noticias\/alertan-del-aumento-de-picaduras-de-insectos-y-medusas\/"}],"_links":{"self":[{"href":"https:\/\/candas365.es\/noticias\/wp-json\/wp\/v2\/posts\/198039","targetHints":{"allow":["GET"]}}],"collection":[{"href":"https:\/\/candas365.es\/noticias\/wp-json\/wp\/v2\/posts"}],"about":[{"href":"https:\/\/candas365.es\/noticias\/wp-json\/wp\/v2\/types\/post"}],"author":[{"embeddable":true,"href":"https:\/\/candas365.es\/noticias\/wp-json\/wp\/v2\/users\/1"}],"replies":[{"embeddable":true,"href":"https:\/\/candas365.es\/noticias\/wp-json\/wp\/v2\/comments?post=198039"}],"version-history":[{"count":1,"href":"https:\/\/candas365.es\/noticias\/wp-json\/wp\/v2\/posts\/198039\/revisions"}],"predecessor-version":[{"id":198041,"href":"https:\/\/candas365.es\/noticias\/wp-json\/wp\/v2\/posts\/198039\/revisions\/198041"}],"wp:featuredmedia":[{"embeddable":true,"href":"https:\/\/candas365.es\/noticias\/wp-json\/wp\/v2\/media\/198040"}],"wp:attachment":[{"href":"https:\/\/candas365.es\/noticias\/wp-json\/wp\/v2\/media?parent=198039"}],"wp:term":[{"taxonomy":"category","embeddable":true,"href":"https:\/\/candas365.es\/noticias\/wp-json\/wp\/v2\/categories?post=198039"},{"taxonomy":"post_tag","embeddable":true,"href":"https:\/\/candas365.es\/noticias\/wp-json\/wp\/v2\/tags?post=198039"}],"curies":[{"name":"wp","href":"https:\/\/api.w.org\/{rel}","templated":true}]}}