{"id":198036,"date":"2026-09-04T22:23:14","date_gmt":"2026-09-04T20:23:14","guid":{"rendered":"https:\/\/candas365.es\/noticias\/?p=198036"},"modified":"2026-09-04T22:23:14","modified_gmt":"2026-09-04T20:23:14","slug":"el-camino-llena-santiago-de-compostela-de-peregrinos","status":"publish","type":"post","link":"https:\/\/candas365.es\/noticias\/el-camino-llena-santiago-de-compostela-de-peregrinos\/","title":{"rendered":"El \u00abCamino\u00bb llena Santiago de Compostela de peregrinos"},"content":{"rendered":"<p>El <a href=\"https:\/\/candas365.es\/noticias\/category\/turismo\/\"><span style=\"color: #ff6600;\"><strong>Camino de Santiago<\/strong><\/span><\/a> no es una moda, es una tradici\u00f3n y cada a\u00f1o miles de personas lo hacen, la prueba de ello es que Santiago de Compostela ya ha recibido durante el verano 2026 m\u00e1s de 235.000 peregrinos.<\/p>\n<figure id=\"attachment_198037\" aria-describedby=\"caption-attachment-198037\" style=\"width: 650px\" class=\"wp-caption aligncenter\"><img fetchpriority=\"high\" decoding=\"async\" class=\"size-large wp-image-198037\" src=\"https:\/\/candas365.es\/noticias\/wp-content\/uploads\/2026\/09\/El-Camino-llena-Santiago-de-Compostela-de-peregrinos--650x429.jpg\" alt=\"El Camino llena Santiago de Compostela de peregrinos \" width=\"650\" height=\"429\" srcset=\"https:\/\/candas365.es\/noticias\/wp-content\/uploads\/2026\/09\/El-Camino-llena-Santiago-de-Compostela-de-peregrinos--650x429.jpg 650w, https:\/\/candas365.es\/noticias\/wp-content\/uploads\/2026\/09\/El-Camino-llena-Santiago-de-Compostela-de-peregrinos--360x238.jpg 360w, https:\/\/candas365.es\/noticias\/wp-content\/uploads\/2026\/09\/El-Camino-llena-Santiago-de-Compostela-de-peregrinos--768x507.jpg 768w, https:\/\/candas365.es\/noticias\/wp-content\/uploads\/2026\/09\/El-Camino-llena-Santiago-de-Compostela-de-peregrinos--150x99.jpg 150w, https:\/\/candas365.es\/noticias\/wp-content\/uploads\/2026\/09\/El-Camino-llena-Santiago-de-Compostela-de-peregrinos--450x297.jpg 450w, https:\/\/candas365.es\/noticias\/wp-content\/uploads\/2026\/09\/El-Camino-llena-Santiago-de-Compostela-de-peregrinos--1200x792.jpg 1200w, https:\/\/candas365.es\/noticias\/wp-content\/uploads\/2026\/09\/El-Camino-llena-Santiago-de-Compostela-de-peregrinos-.jpg 1253w\" sizes=\"(max-width: 650px) 100vw, 650px\" \/><figcaption id=\"caption-attachment-198037\" class=\"wp-caption-text\">Carlos Castro &#8211; Europa Press &#8211; Archivo<\/figcaption><\/figure>\n<p>Seg\u00fan los datos de la Oficina del Peregrino, entre el 1 de junio y el 31 de agosto recogieron su compostela 235.801 peregrinos, de los que algo m\u00e1s de la mitad, 121.667, eran extranjeros.<\/p>\n<p>Del total, m\u00e1s del 40% se sigue decantando por el Camino Franc\u00e9s y, de hecho, el 29,2% de todos los peregrinos que llegaron este verano a Compostela hab\u00eda salido de la localidad lucense de Sarria. A continuaci\u00f3n, son el Camino Portugu\u00e9s (19,4%) y el Portugu\u00e9s por la costa (17,9%) los m\u00e1s demandados.<\/p>\n<blockquote><p>En el otro lado de la balanza, el resto de las rutas que contabiliza la Oficina del Peregrino no llegan al 10% del total de caminantes.<\/p><\/blockquote>\n<p>El mes con m\u00e1s peregrinos fue el de agosto, cuando llegaron a Santiago 84.856 peregrinos, un 10% m\u00e1s que el a\u00f1o anterior. El 57% de ellos era de origen espa\u00f1ol.<\/p>\n<p>Por otra parte, el mes en el que hubo m\u00e1s peregrinos extranjeros fue junio, cuando supusieron el 66% de las compostelas recogidas. En ese mes llegaron 79.401 caminantes, un 7% m\u00e1s que el a\u00f1o anterior.<\/p>\n<p>Finalmente, en el mes de julio llegaron a Santiago 71.541 peregrinos, un 7% m\u00e1s que hace un a\u00f1o. El 54% eran de origen nacional.<\/p>\n<p>Entre las nacionalidades m\u00e1s frecuentes estuvieron, en primer lugar, los italianos, seguidos de los estadounidenses, portugueses y alemanes. En cuanto a las comunidades aut\u00f3nomas, destacan los llegados de Andaluc\u00eda, Madrid, Valencia y Catalu\u00f1a.<\/p>\n<p>EUROPA PRESS<\/p>\n","protected":false},"excerpt":{"rendered":"<p>El Camino de Santiago no es una moda, es una tradici\u00f3n y cada a\u00f1o miles de personas lo hacen, la prueba de ello es que Santiago de Compostela ya ha recibido durante el verano 2026 m\u00e1s de 235.000 peregrinos. Seg\u00fan los datos de la Oficina del Peregrino, entre el 1 de junio y el 31<\/p>\n","protected":false},"author":1,"featured_media":198037,"comment_status":"closed","ping_status":"closed","sticky":false,"template":"","format":"standard","meta":{"footnotes":""},"categories":[359],"tags":[412],"class_list":["post-198036","post","type-post","status-publish","format-standard","has-post-thumbnail","category-turismo","tag-turismo"],"aioseo_notices":[],"aioseo_head":"\n\t\t<!-- All in One SEO Pro 5.0.1.1 - aioseo.com -->\n\t<meta name=\"description\" content=\"El Camino de Santiago no es una moda, es una tradici\u00f3n y cada a\u00f1o miles de personas lo hacen, la prueba de ello es que Santiago de Compostela ya ha recibido\" \/>\n\t<meta name=\"robots\" content=\"max-image-preview:large\" \/>\n\t<meta name=\"author\" content=\"Cand\u00e1s 365\"\/>\n\t<meta name=\"google-site-verification\" content=\"UA-32230408-1\" \/>\n\t<meta name=\"msvalidate.01\" content=\"354F3CDFB2DA171B47FBE9ABF1F88D5\" \/>\n\t<meta name=\"keywords\" content=\"turismo\" \/>\n\t<link rel=\"canonical\" href=\"https:\/\/candas365.es\/noticias\/el-camino-llena-santiago-de-compostela-de-peregrinos\/\" \/>\n\t<meta name=\"generator\" content=\"All in One SEO Pro (AIOSEO) 5.0.1.1\" \/>\n\t\t<meta property=\"og:locale\" content=\"es_ES\" \/>\n\t\t<meta property=\"og:site_name\" content=\"Cand\u00e1s 365\" \/>\n\t\t<meta property=\"og:type\" content=\"article\" \/>\n\t\t<meta property=\"og:title\" content=\"El \u00abCamino\u00bb llena Santiago de Compostela de peregrinos \u2013 Cand\u00e1s 365\" \/>\n\t\t<meta property=\"og:description\" content=\"El Camino de Santiago no es una moda, es una tradici\u00f3n y cada a\u00f1o miles de personas lo hacen, la prueba de ello es que Santiago de Compostela ya ha recibido\" \/>\n\t\t<meta property=\"og:url\" content=\"https:\/\/candas365.es\/noticias\/el-camino-llena-santiago-de-compostela-de-peregrinos\/\" \/>\n\t\t<meta property=\"og:image\" content=\"https:\/\/candas365.es\/noticias\/wp-content\/uploads\/2026\/09\/El-Camino-llena-Santiago-de-Compostela-de-peregrinos-.jpg\" \/>\n\t\t<meta property=\"og:image:secure_url\" content=\"https:\/\/candas365.es\/noticias\/wp-content\/uploads\/2026\/09\/El-Camino-llena-Santiago-de-Compostela-de-peregrinos-.jpg\" \/>\n\t\t<meta property=\"og:image:width\" content=\"1253\" \/>\n\t\t<meta property=\"og:image:height\" content=\"827\" \/>\n\t\t<meta property=\"article:published_time\" content=\"2026-09-04T20:23:14+00:00\" \/>\n\t\t<meta property=\"article:modified_time\" content=\"2026-09-04T20:23:14+00:00\" \/>\n\t\t<meta property=\"article:publisher\" content=\"https:\/\/www.facebook.com\/Nachofdezber\" \/>\n\t\t<meta property=\"article:author\" content=\"https:\/\/www.facebook.com\/Nachofdezber\" \/>\n\t\t<meta name=\"twitter:card\" content=\"summary_large_image\" \/>\n\t\t<meta name=\"twitter:site\" content=\"@candas365\" \/>\n\t\t<meta name=\"twitter:title\" content=\"El \u00abCamino\u00bb llena Santiago de Compostela de peregrinos \u2013 Cand\u00e1s 365\" \/>\n\t\t<meta name=\"twitter:description\" content=\"El Camino de Santiago no es una moda, es una tradici\u00f3n y cada a\u00f1o miles de personas lo hacen, la prueba de ello es que Santiago de Compostela ya ha recibido\" \/>\n\t\t<meta name=\"twitter:creator\" content=\"@candas365\" \/>\n\t\t<meta name=\"twitter:image\" content=\"https:\/\/candas365.es\/noticias\/wp-content\/uploads\/2026\/09\/El-Camino-llena-Santiago-de-Compostela-de-peregrinos-.jpg\" \/>\n\t\t<meta name=\"twitter:label1\" content=\"Escrito por\" \/>\n\t\t<meta name=\"twitter:data1\" content=\"Cand\u00e1s 365\" \/>\n\t\t<meta name=\"twitter:label2\" content=\"Tiempo de lectura estimado\" \/>\n\t\t<meta name=\"twitter:data2\" content=\"1 minuto\" \/>\n\t\t<script type=\"application\/ld+json\" class=\"aioseo-schema\">\n\t\t\t{\"@context\":\"https:\\\/\\\/schema.org\",\"@graph\":[{\"@type\":\"BreadcrumbList\",\"@id\":\"https:\\\/\\\/candas365.es\\\/noticias\\\/el-camino-llena-santiago-de-compostela-de-peregrinos\\\/#breadcrumblist\",\"itemListElement\":[{\"@type\":\"ListItem\",\"@id\":\"https:\\\/\\\/candas365.es\\\/noticias#listItem\",\"position\":1,\"name\":\"Home\",\"item\":\"https:\\\/\\\/candas365.es\\\/noticias\",\"nextItem\":{\"@type\":\"ListItem\",\"@id\":\"https:\\\/\\\/candas365.es\\\/noticias\\\/category\\\/turismo\\\/#listItem\",\"name\":\"Turismo\"}},{\"@type\":\"ListItem\",\"@id\":\"https:\\\/\\\/candas365.es\\\/noticias\\\/category\\\/turismo\\\/#listItem\",\"position\":2,\"name\":\"Turismo\",\"item\":\"https:\\\/\\\/candas365.es\\\/noticias\\\/category\\\/turismo\\\/\",\"nextItem\":{\"@type\":\"ListItem\",\"@id\":\"https:\\\/\\\/candas365.es\\\/noticias\\\/el-camino-llena-santiago-de-compostela-de-peregrinos\\\/#listItem\",\"name\":\"El \\u00abCamino\\u00bb llena Santiago de Compostela de peregrinos\"},\"previousItem\":{\"@type\":\"ListItem\",\"@id\":\"https:\\\/\\\/candas365.es\\\/noticias#listItem\",\"name\":\"Home\"}},{\"@type\":\"ListItem\",\"@id\":\"https:\\\/\\\/candas365.es\\\/noticias\\\/el-camino-llena-santiago-de-compostela-de-peregrinos\\\/#listItem\",\"position\":3,\"name\":\"El \\u00abCamino\\u00bb llena Santiago de Compostela de peregrinos\",\"previousItem\":{\"@type\":\"ListItem\",\"@id\":\"https:\\\/\\\/candas365.es\\\/noticias\\\/category\\\/turismo\\\/#listItem\",\"name\":\"Turismo\"}}]},{\"@type\":\"NewsArticle\",\"@id\":\"https:\\\/\\\/candas365.es\\\/noticias\\\/el-camino-llena-santiago-de-compostela-de-peregrinos\\\/#newsarticle\",\"name\":\"El \\u00abCamino\\u00bb llena Santiago de Compostela de peregrinos | Cand\\u00e1s 365\",\"headline\":\"El \\u00abCamino\\u00bb llena Santiago de Compostela de peregrinos\",\"author\":{\"@id\":\"https:\\\/\\\/candas365.es\\\/noticias\\\/author\\\/admin\\\/#author\"},\"publisher\":{\"@id\":\"https:\\\/\\\/candas365.es\\\/noticias\\\/#organization\"},\"image\":{\"@type\":\"ImageObject\",\"url\":\"https:\\\/\\\/candas365.es\\\/noticias\\\/wp-content\\\/uploads\\\/2026\\\/09\\\/El-Camino-llena-Santiago-de-Compostela-de-peregrinos-.jpg\",\"width\":1253,\"height\":827,\"caption\":\"Carlos Castro - Europa Press - Archivo\"},\"datePublished\":\"2026-09-04T22:23:14+02:00\",\"dateModified\":\"2026-09-04T22:23:14+02:00\",\"inLanguage\":\"es-ES\",\"mainEntityOfPage\":{\"@id\":\"https:\\\/\\\/candas365.es\\\/noticias\\\/el-camino-llena-santiago-de-compostela-de-peregrinos\\\/#webpage\"},\"isPartOf\":{\"@id\":\"https:\\\/\\\/candas365.es\\\/noticias\\\/el-camino-llena-santiago-de-compostela-de-peregrinos\\\/#webpage\"},\"articleSection\":\"Turismo, turismo\",\"dateline\":\"Publicado el septiembre 4, 2026.\"},{\"@type\":\"Organization\",\"@id\":\"https:\\\/\\\/candas365.es\\\/noticias\\\/#organization\",\"name\":\"Cand\\u00e1s 365\",\"description\":\"Cand\\u00e1s 365 es un diario digital independiente, fundado en 2012, con base en Asturias. Informamos con rigor sobre actualidad, sociedad, cultura y ocio, con una mirada local y global.\",\"url\":\"https:\\\/\\\/candas365.es\\\/noticias\\\/\",\"email\":\"info@candas365.es\",\"telephone\":\"+34652131393\",\"foundingDate\":\"2012-06-10\",\"logo\":{\"@type\":\"ImageObject\",\"url\":\"https:\\\/\\\/candas365.es\\\/noticias\\\/wp-content\\\/uploads\\\/2024\\\/09\\\/Candas-365-Redes.jpg\",\"@id\":\"https:\\\/\\\/candas365.es\\\/noticias\\\/el-camino-llena-santiago-de-compostela-de-peregrinos\\\/#organizationLogo\",\"width\":1152,\"height\":864,\"caption\":\"Cand\\u00e1s 365 Redes\"},\"image\":{\"@id\":\"https:\\\/\\\/candas365.es\\\/noticias\\\/el-camino-llena-santiago-de-compostela-de-peregrinos\\\/#organizationLogo\"},\"sameAs\":[\"https:\\\/\\\/www.facebook.com\\\/Nachofdezber\",\"https:\\\/\\\/x.com\\\/candas365\",\"https:\\\/\\\/www.instagram.com\\\/nachofdezber\\\/\",\"https:\\\/\\\/www.youtube.com\\\/channel\\\/UCZP-2wLEB9Rv6erhFmqVnvg\"],\"address\":{\"@id\":\"https:\\\/\\\/candas365.es\\\/noticias\\\/#postaladdress\",\"@type\":\"PostalAddress\",\"streetAddress\":\"san antonio 4, san antonio 4\",\"postalCode\":\"33430\",\"addressLocality\":\"Cand\\u00e1s\",\"addressRegion\":\"Asturias\",\"addressCountry\":\"ES\"}},{\"@type\":\"Person\",\"@id\":\"https:\\\/\\\/candas365.es\\\/noticias\\\/author\\\/admin\\\/#author\",\"url\":\"https:\\\/\\\/candas365.es\\\/noticias\\\/author\\\/admin\\\/\",\"name\":\"Cand\\u00e1s 365\",\"image\":{\"@type\":\"ImageObject\",\"@id\":\"https:\\\/\\\/candas365.es\\\/noticias\\\/el-camino-llena-santiago-de-compostela-de-peregrinos\\\/#authorImage\",\"url\":\"https:\\\/\\\/candas365.es\\\/noticias\\\/wp-content\\\/uploads\\\/2026\\\/07\\\/cropped-eyevuvEl_400x400-96x96.jpg\",\"width\":96,\"height\":96,\"caption\":\"Cand\\u00e1s 365\"},\"sameAs\":[\"https:\\\/\\\/www.facebook.com\\\/Nachofdezber\",\"https:\\\/\\\/x.com\\\/candas365\",\"https:\\\/\\\/www.instagram.com\\\/nachofdezber\\\/\",\"https:\\\/\\\/www.youtube.com\\\/channel\\\/UCZP-2wLEB9Rv6erhFmqVnvg\"]},{\"@type\":\"WebPage\",\"@id\":\"https:\\\/\\\/candas365.es\\\/noticias\\\/el-camino-llena-santiago-de-compostela-de-peregrinos\\\/#webpage\",\"url\":\"https:\\\/\\\/candas365.es\\\/noticias\\\/el-camino-llena-santiago-de-compostela-de-peregrinos\\\/\",\"name\":\"El \\u00abCamino\\u00bb llena Santiago de Compostela de peregrinos | Cand\\u00e1s 365\",\"description\":\"El Camino de Santiago no es una moda, es una tradici\\u00f3n y cada a\\u00f1o miles de personas lo hacen, la prueba de ello es que Santiago de Compostela ya ha recibido\",\"inLanguage\":\"es-ES\",\"isPartOf\":{\"@id\":\"https:\\\/\\\/candas365.es\\\/noticias\\\/#website\"},\"breadcrumb\":{\"@id\":\"https:\\\/\\\/candas365.es\\\/noticias\\\/el-camino-llena-santiago-de-compostela-de-peregrinos\\\/#breadcrumblist\"},\"author\":{\"@id\":\"https:\\\/\\\/candas365.es\\\/noticias\\\/author\\\/admin\\\/#author\"},\"creator\":{\"@id\":\"https:\\\/\\\/candas365.es\\\/noticias\\\/author\\\/admin\\\/#author\"},\"image\":{\"@type\":\"ImageObject\",\"url\":\"https:\\\/\\\/candas365.es\\\/noticias\\\/wp-content\\\/uploads\\\/2026\\\/09\\\/El-Camino-llena-Santiago-de-Compostela-de-peregrinos-.jpg\",\"@id\":\"https:\\\/\\\/candas365.es\\\/noticias\\\/el-camino-llena-santiago-de-compostela-de-peregrinos\\\/#mainImage\",\"width\":1253,\"height\":827,\"caption\":\"Carlos Castro - Europa Press - Archivo\"},\"primaryImageOfPage\":{\"@id\":\"https:\\\/\\\/candas365.es\\\/noticias\\\/el-camino-llena-santiago-de-compostela-de-peregrinos\\\/#mainImage\"},\"datePublished\":\"2026-09-04T22:23:14+02:00\",\"dateModified\":\"2026-09-04T22:23:14+02:00\"},{\"@type\":\"WebSite\",\"@id\":\"https:\\\/\\\/candas365.es\\\/noticias\\\/#website\",\"url\":\"https:\\\/\\\/candas365.es\\\/noticias\\\/\",\"name\":\"Cand\\u00e1s 365\",\"alternateName\":\"Cand\\u00e1s 365 Noticias\",\"description\":\"Actualidad desde Carre\\u00f1o para el mundo\",\"inLanguage\":\"es-ES\",\"publisher\":{\"@id\":\"https:\\\/\\\/candas365.es\\\/noticias\\\/#organization\"}}]}\n\t\t<\/script>\n\t\t<!-- All in One SEO Pro -->\r\n\t\t<title>El \u00abCamino\u00bb llena Santiago de Compostela de peregrinos | Cand\u00e1s 365<\/title>\n\n","aioseo_head_json":{"title":"El \u00abCamino\u00bb llena Santiago de Compostela de peregrinos | Cand\u00e1s 365","description":"El Camino de Santiago no es una moda, es una tradici\u00f3n y cada a\u00f1o miles de personas lo hacen, la prueba de ello es que Santiago de Compostela ya ha recibido","canonical_url":"https:\/\/candas365.es\/noticias\/el-camino-llena-santiago-de-compostela-de-peregrinos\/","robots":"max-image-preview:large","keywords":"turismo","webmasterTools":{"google-site-verification":"UA-32230408-1","msvalidate.01":"354F3CDFB2DA171B47FBE9ABF1F88D5","miscellaneous":""},"schema":{"@context":"https:\/\/schema.org","@graph":[{"@type":"BreadcrumbList","@id":"https:\/\/candas365.es\/noticias\/el-camino-llena-santiago-de-compostela-de-peregrinos\/#breadcrumblist","itemListElement":[{"@type":"ListItem","@id":"https:\/\/candas365.es\/noticias#listItem","position":1,"name":"Home","item":"https:\/\/candas365.es\/noticias","nextItem":{"@type":"ListItem","@id":"https:\/\/candas365.es\/noticias\/category\/turismo\/#listItem","name":"Turismo"}},{"@type":"ListItem","@id":"https:\/\/candas365.es\/noticias\/category\/turismo\/#listItem","position":2,"name":"Turismo","item":"https:\/\/candas365.es\/noticias\/category\/turismo\/","nextItem":{"@type":"ListItem","@id":"https:\/\/candas365.es\/noticias\/el-camino-llena-santiago-de-compostela-de-peregrinos\/#listItem","name":"El \u00abCamino\u00bb llena Santiago de Compostela de peregrinos"},"previousItem":{"@type":"ListItem","@id":"https:\/\/candas365.es\/noticias#listItem","name":"Home"}},{"@type":"ListItem","@id":"https:\/\/candas365.es\/noticias\/el-camino-llena-santiago-de-compostela-de-peregrinos\/#listItem","position":3,"name":"El \u00abCamino\u00bb llena Santiago de Compostela de peregrinos","previousItem":{"@type":"ListItem","@id":"https:\/\/candas365.es\/noticias\/category\/turismo\/#listItem","name":"Turismo"}}]},{"@type":"NewsArticle","@id":"https:\/\/candas365.es\/noticias\/el-camino-llena-santiago-de-compostela-de-peregrinos\/#newsarticle","name":"El \u00abCamino\u00bb llena Santiago de Compostela de peregrinos | Cand\u00e1s 365","headline":"El \u00abCamino\u00bb llena Santiago de Compostela de peregrinos","author":{"@id":"https:\/\/candas365.es\/noticias\/author\/admin\/#author"},"publisher":{"@id":"https:\/\/candas365.es\/noticias\/#organization"},"image":{"@type":"ImageObject","url":"https:\/\/candas365.es\/noticias\/wp-content\/uploads\/2026\/09\/El-Camino-llena-Santiago-de-Compostela-de-peregrinos-.jpg","width":1253,"height":827,"caption":"Carlos Castro - Europa Press - Archivo"},"datePublished":"2026-09-04T22:23:14+02:00","dateModified":"2026-09-04T22:23:14+02:00","inLanguage":"es-ES","mainEntityOfPage":{"@id":"https:\/\/candas365.es\/noticias\/el-camino-llena-santiago-de-compostela-de-peregrinos\/#webpage"},"isPartOf":{"@id":"https:\/\/candas365.es\/noticias\/el-camino-llena-santiago-de-compostela-de-peregrinos\/#webpage"},"articleSection":"Turismo, turismo","dateline":"Publicado el septiembre 4, 2026."},{"@type":"Organization","@id":"https:\/\/candas365.es\/noticias\/#organization","name":"Cand\u00e1s 365","description":"Cand\u00e1s 365 es un diario digital independiente, fundado en 2012, con base en Asturias. Informamos con rigor sobre actualidad, sociedad, cultura y ocio, con una mirada local y global.","url":"https:\/\/candas365.es\/noticias\/","email":"info@candas365.es","telephone":"+34652131393","foundingDate":"2012-06-10","logo":{"@type":"ImageObject","url":"https:\/\/candas365.es\/noticias\/wp-content\/uploads\/2024\/09\/Candas-365-Redes.jpg","@id":"https:\/\/candas365.es\/noticias\/el-camino-llena-santiago-de-compostela-de-peregrinos\/#organizationLogo","width":1152,"height":864,"caption":"Cand\u00e1s 365 Redes"},"image":{"@id":"https:\/\/candas365.es\/noticias\/el-camino-llena-santiago-de-compostela-de-peregrinos\/#organizationLogo"},"sameAs":["https:\/\/www.facebook.com\/Nachofdezber","https:\/\/x.com\/candas365","https:\/\/www.instagram.com\/nachofdezber\/","https:\/\/www.youtube.com\/channel\/UCZP-2wLEB9Rv6erhFmqVnvg"],"address":{"@id":"https:\/\/candas365.es\/noticias\/#postaladdress","@type":"PostalAddress","streetAddress":"san antonio 4, san antonio 4","postalCode":"33430","addressLocality":"Cand\u00e1s","addressRegion":"Asturias","addressCountry":"ES"}},{"@type":"Person","@id":"https:\/\/candas365.es\/noticias\/author\/admin\/#author","url":"https:\/\/candas365.es\/noticias\/author\/admin\/","name":"Cand\u00e1s 365","image":{"@type":"ImageObject","@id":"https:\/\/candas365.es\/noticias\/el-camino-llena-santiago-de-compostela-de-peregrinos\/#authorImage","url":"https:\/\/candas365.es\/noticias\/wp-content\/uploads\/2026\/07\/cropped-eyevuvEl_400x400-96x96.jpg","width":96,"height":96,"caption":"Cand\u00e1s 365"},"sameAs":["https:\/\/www.facebook.com\/Nachofdezber","https:\/\/x.com\/candas365","https:\/\/www.instagram.com\/nachofdezber\/","https:\/\/www.youtube.com\/channel\/UCZP-2wLEB9Rv6erhFmqVnvg"]},{"@type":"WebPage","@id":"https:\/\/candas365.es\/noticias\/el-camino-llena-santiago-de-compostela-de-peregrinos\/#webpage","url":"https:\/\/candas365.es\/noticias\/el-camino-llena-santiago-de-compostela-de-peregrinos\/","name":"El \u00abCamino\u00bb llena Santiago de Compostela de peregrinos | Cand\u00e1s 365","description":"El Camino de Santiago no es una moda, es una tradici\u00f3n y cada a\u00f1o miles de personas lo hacen, la prueba de ello es que Santiago de Compostela ya ha recibido","inLanguage":"es-ES","isPartOf":{"@id":"https:\/\/candas365.es\/noticias\/#website"},"breadcrumb":{"@id":"https:\/\/candas365.es\/noticias\/el-camino-llena-santiago-de-compostela-de-peregrinos\/#breadcrumblist"},"author":{"@id":"https:\/\/candas365.es\/noticias\/author\/admin\/#author"},"creator":{"@id":"https:\/\/candas365.es\/noticias\/author\/admin\/#author"},"image":{"@type":"ImageObject","url":"https:\/\/candas365.es\/noticias\/wp-content\/uploads\/2026\/09\/El-Camino-llena-Santiago-de-Compostela-de-peregrinos-.jpg","@id":"https:\/\/candas365.es\/noticias\/el-camino-llena-santiago-de-compostela-de-peregrinos\/#mainImage","width":1253,"height":827,"caption":"Carlos Castro - Europa Press - Archivo"},"primaryImageOfPage":{"@id":"https:\/\/candas365.es\/noticias\/el-camino-llena-santiago-de-compostela-de-peregrinos\/#mainImage"},"datePublished":"2026-09-04T22:23:14+02:00","dateModified":"2026-09-04T22:23:14+02:00"},{"@type":"WebSite","@id":"https:\/\/candas365.es\/noticias\/#website","url":"https:\/\/candas365.es\/noticias\/","name":"Cand\u00e1s 365","alternateName":"Cand\u00e1s 365 Noticias","description":"Actualidad desde Carre\u00f1o para el mundo","inLanguage":"es-ES","publisher":{"@id":"https:\/\/candas365.es\/noticias\/#organization"}}]},"og:locale":"es_ES","og:site_name":"Cand\u00e1s 365","og:type":"article","og:title":"El \u00abCamino\u00bb llena Santiago de Compostela de peregrinos \u2013 Cand\u00e1s 365","og:description":"El Camino de Santiago no es una moda, es una tradici\u00f3n y cada a\u00f1o miles de personas lo hacen, la prueba de ello es que Santiago de Compostela ya ha recibido","og:url":"https:\/\/candas365.es\/noticias\/el-camino-llena-santiago-de-compostela-de-peregrinos\/","og:image":"https:\/\/candas365.es\/noticias\/wp-content\/uploads\/2026\/09\/El-Camino-llena-Santiago-de-Compostela-de-peregrinos-.jpg","og:image:secure_url":"https:\/\/candas365.es\/noticias\/wp-content\/uploads\/2026\/09\/El-Camino-llena-Santiago-de-Compostela-de-peregrinos-.jpg","og:image:width":1253,"og:image:height":827,"article:published_time":"2026-09-04T20:23:14+00:00","article:modified_time":"2026-09-04T20:23:14+00:00","article:publisher":"https:\/\/www.facebook.com\/Nachofdezber","article:author":"https:\/\/www.facebook.com\/Nachofdezber","twitter:card":"summary_large_image","twitter:site":"@candas365","twitter:title":"El \u00abCamino\u00bb llena Santiago de Compostela de peregrinos \u2013 Cand\u00e1s 365","twitter:description":"El Camino de Santiago no es una moda, es una tradici\u00f3n y cada a\u00f1o miles de personas lo hacen, la prueba de ello es que Santiago de Compostela ya ha recibido","twitter:creator":"@candas365","twitter:image":"https:\/\/candas365.es\/noticias\/wp-content\/uploads\/2026\/09\/El-Camino-llena-Santiago-de-Compostela-de-peregrinos-.jpg","twitter:label1":"Escrito por","twitter:data1":"Cand\u00e1s 365","twitter:label2":"Tiempo de lectura estimado","twitter:data2":"1 minuto"},"aioseo_meta_data":{"post_id":"198036","title":null,"description":"El Camino de Santiago no es una moda, es una tradici\u00f3n y cada a\u00f1o miles de personas lo hacen, la prueba de ello es que Santiago de Compostela ya ha recibido","keywords":null,"keyphrases":{"focus":{"keyphrase":"Compostela peregrinos","score":0,"analysis":[]},"additional":[{"keyphrase":"Camino de Santiago","score":0}]},"primary_term":null,"canonical_url":null,"og_title":"#post_title #separator_sa #site_title","og_description":"El Camino de Santiago no es una moda, es una tradici\u00f3n y cada a\u00f1o miles de personas lo hacen, la prueba de ello es que Santiago de Compostela ya ha recibido","og_object_type":"default","og_image_type":"default","og_image_url":null,"og_image_width":null,"og_image_height":null,"og_image_custom_url":null,"og_image_custom_fields":null,"og_video":"","og_custom_url":null,"og_article_section":null,"og_article_tags":null,"twitter_use_og":true,"twitter_card":"default","twitter_image_type":"default","twitter_image_url":null,"twitter_image_custom_url":null,"twitter_image_custom_fields":null,"twitter_title":null,"twitter_description":null,"schema":{"blockGraphs":[],"customGraphs":[],"default":{"data":{"Article":[],"Course":[],"Dataset":[],"FAQPage":[],"Movie":[],"Person":[],"Product":[],"ProductReview":[],"Car":[],"Recipe":[],"Service":[],"SoftwareApplication":[],"WebPage":[]},"graphName":"NewsArticle","isEnabled":true},"graphs":[]},"schema_type":"default","schema_type_options":null,"pillar_content":false,"robots_default":true,"robots_noindex":false,"robots_noarchive":false,"robots_nosnippet":false,"robots_nofollow":false,"robots_noimageindex":false,"robots_noodp":false,"robots_notranslate":false,"robots_max_snippet":"-1","robots_max_videopreview":"-1","robots_max_imagepreview":"large","priority":null,"frequency":"default","location":null,"local_seo":null,"seo_analyzer_scan_date":"2026-09-04 20:23:26","breadcrumb_settings":null,"limit_modified_date":false,"reviewed_by":"0","open_ai":null,"ai":{"faqs":[],"keyPoints":[],"schemas":[],"titles":[],"descriptions":[],"socialPosts":{"email":{"subject":"","preview":"","content":""},"linkedin":[],"twitter":[],"facebook":[],"instagram":[]}},"created":"2026-09-04 20:12:09","updated":"2026-09-04 20:28:08","focus_keyword":"Compostela peregrinos","additional_keywords":[{"word":"Camino de Santiago","score":78,"items":{"introductionKeyword":{"score":9},"keyphraseLength":{"score":9},"keyphraseDensity":{"score":4},"functionWordsInKeyphrase":{"score":9},"textCompetingLinks":{"score":2},"imageKeyphrase":{"score":9}}}],"truseo_locale":null},"aioseo_breadcrumb":"<div class=\"aioseo-breadcrumbs\"><span class=\"aioseo-breadcrumb\">\n\t<a href=\"https:\/\/candas365.es\/noticias\" title=\"Home\">Home<\/a>\n<\/span><span class=\"aioseo-breadcrumb-separator\">&ndash;<\/span><span class=\"aioseo-breadcrumb\">\n\t<a href=\"https:\/\/candas365.es\/noticias\/category\/turismo\/\" title=\"Turismo\">Turismo<\/a>\n<\/span><span class=\"aioseo-breadcrumb-separator\">&ndash;<\/span><span class=\"aioseo-breadcrumb\">\n\tEl \u00abCamino\u00bb llena Santiago de Compostela de peregrinos\n<\/span><\/div>","aioseo_breadcrumb_json":[{"label":"Home","link":"https:\/\/candas365.es\/noticias"},{"label":"Turismo","link":"https:\/\/candas365.es\/noticias\/category\/turismo\/"},{"label":"El \u00abCamino\u00bb llena Santiago de Compostela de peregrinos","link":"https:\/\/candas365.es\/noticias\/el-camino-llena-santiago-de-compostela-de-peregrinos\/"}],"_links":{"self":[{"href":"https:\/\/candas365.es\/noticias\/wp-json\/wp\/v2\/posts\/198036","targetHints":{"allow":["GET"]}}],"collection":[{"href":"https:\/\/candas365.es\/noticias\/wp-json\/wp\/v2\/posts"}],"about":[{"href":"https:\/\/candas365.es\/noticias\/wp-json\/wp\/v2\/types\/post"}],"author":[{"embeddable":true,"href":"https:\/\/candas365.es\/noticias\/wp-json\/wp\/v2\/users\/1"}],"replies":[{"embeddable":true,"href":"https:\/\/candas365.es\/noticias\/wp-json\/wp\/v2\/comments?post=198036"}],"version-history":[{"count":1,"href":"https:\/\/candas365.es\/noticias\/wp-json\/wp\/v2\/posts\/198036\/revisions"}],"predecessor-version":[{"id":198038,"href":"https:\/\/candas365.es\/noticias\/wp-json\/wp\/v2\/posts\/198036\/revisions\/198038"}],"wp:featuredmedia":[{"embeddable":true,"href":"https:\/\/candas365.es\/noticias\/wp-json\/wp\/v2\/media\/198037"}],"wp:attachment":[{"href":"https:\/\/candas365.es\/noticias\/wp-json\/wp\/v2\/media?parent=198036"}],"wp:term":[{"taxonomy":"category","embeddable":true,"href":"https:\/\/candas365.es\/noticias\/wp-json\/wp\/v2\/categories?post=198036"},{"taxonomy":"post_tag","embeddable":true,"href":"https:\/\/candas365.es\/noticias\/wp-json\/wp\/v2\/tags?post=198036"}],"curies":[{"name":"wp","href":"https:\/\/api.w.org\/{rel}","templated":true}]}}