{"id":198033,"date":"2026-09-04T22:08:15","date_gmt":"2026-09-04T20:08:15","guid":{"rendered":"https:\/\/candas365.es\/noticias\/?p=198033"},"modified":"2026-09-04T22:08:15","modified_gmt":"2026-09-04T20:08:15","slug":"fuerteventura-se-prepara-para-su-gala-del-turismo-2026","status":"publish","type":"post","link":"https:\/\/candas365.es\/noticias\/fuerteventura-se-prepara-para-su-gala-del-turismo-2026\/","title":{"rendered":"Fuerteventura se prepara para su Gala del Turismo 2026"},"content":{"rendered":"<p>Fuerteventura ya ha comenzado su cuenta atr\u00e1s para vivir y celebrar la Gala de los Premios Distinguidos del Turismo de Fuerteventura 2026.<\/p>\n<figure id=\"attachment_198034\" aria-describedby=\"caption-attachment-198034\" style=\"width: 647px\" class=\"wp-caption aligncenter\"><img fetchpriority=\"high\" decoding=\"async\" class=\"size-large wp-image-198034\" src=\"https:\/\/candas365.es\/noticias\/wp-content\/uploads\/2026\/09\/Fuerteventura-se-prepara-para-su-Gala-del-Turismo-2026-647x480.jpg\" alt=\"Fuerteventura se prepara para su Gala del Turismo 2026\" width=\"647\" height=\"480\" srcset=\"https:\/\/candas365.es\/noticias\/wp-content\/uploads\/2026\/09\/Fuerteventura-se-prepara-para-su-Gala-del-Turismo-2026-647x480.jpg 647w, https:\/\/candas365.es\/noticias\/wp-content\/uploads\/2026\/09\/Fuerteventura-se-prepara-para-su-Gala-del-Turismo-2026-360x267.jpg 360w, https:\/\/candas365.es\/noticias\/wp-content\/uploads\/2026\/09\/Fuerteventura-se-prepara-para-su-Gala-del-Turismo-2026-768x569.jpg 768w, https:\/\/candas365.es\/noticias\/wp-content\/uploads\/2026\/09\/Fuerteventura-se-prepara-para-su-Gala-del-Turismo-2026-150x111.jpg 150w, https:\/\/candas365.es\/noticias\/wp-content\/uploads\/2026\/09\/Fuerteventura-se-prepara-para-su-Gala-del-Turismo-2026-450x334.jpg 450w, https:\/\/candas365.es\/noticias\/wp-content\/uploads\/2026\/09\/Fuerteventura-se-prepara-para-su-Gala-del-Turismo-2026.jpg 1118w\" sizes=\"(max-width: 647px) 100vw, 647px\" \/><figcaption id=\"caption-attachment-198034\" class=\"wp-caption-text\">Iglesia de Betancuria (Fuerteventura) &#8211; CEDIDO POR CABILDO DE FUERTEVENTURA &#8211; Archivo<\/figcaption><\/figure>\n<p>El Patronato Insular de Turismo celebrar\u00e1 el viernes, 25 de septiembre, <strong>la Gala de los Premios Distinguidos del Turismo de Fuerteventura 2026 en el caso hist\u00f3rico de Betancuria.<\/strong><\/p>\n<p>As\u00ed lo ha informado el Cabildo, que a\u00f1ade que, en concreto, la cita ser\u00e1 en la Plaza de Santa Mar\u00eda de Betancuria, de 20.30 a 23.30 horas, y reunir\u00e1 a los principales representantes del sector tur\u00edstico de la isla para reconocer la labor de quienes han contribuido al desarrollo, la calidad y la sostenibilidad del destino.<\/p>\n<p><strong>Betancuria no celebraba una gala de estas caracter\u00edsticas desde el a\u00f1o 2009 y es uno de los municipios con mayor concentraci\u00f3n de legado patrimonial de Canarias<\/strong>, con un Conjunto Hist\u00f3rico declarado de Bien de Inter\u00e9s Cultural en 1979 y desde el a\u00f1o 2020 consta en el cat\u00e1logo de los Pueblos m\u00e1s Bonitos de Espa\u00f1a.<\/p>\n<p>Los Premios Distinguidos, denominados Playas de Oro, constituyen el principal reconocimiento institucional vinculado al turismo en Fuerteventura y cuentan con una trayectoria ininterrumpida desde 1986.<\/p>\n<p>Los galardonados de esta edici\u00f3n son: Playas de Oro en la modalidad Empresa: Agualoe S.L., empresa majorera reconocida por su contribuci\u00f3n a la calidad y excelencia del sector tur\u00edstico de la isla; y Playas de Oro en la modalidad Trayectoria Individual: Ra\u00fal D\u00e1vila Falc\u00f3n, en reconocimiento a una trayectoria profesional destacada y sostenida en el tiempo al servicio del turismo de Fuerteventura.<\/p>\n<p>Adem\u00e1s, el premio Playas de Oro en la modalidad Fuerteventura Destino Azulser\u00e1 para S\u00f6nke Schallmey, en reconocimiento a su compromiso con la conservaci\u00f3n del entorno marino y las playas de la isla; y Playas de Oro en la modalidad Cliente para Uwe Krug, en reconocimiento a su fidelidad como turista que ha elegido Fuerteventura como destino vacacional a\u00f1o tras a\u00f1o.<\/p>\n<p>Finalmente, habr\u00e1 una Menci\u00f3n Especial del Patronato Insular de <a href=\"https:\/\/candas365.es\/noticias\/category\/turismo\/\"><span style=\"color: #ff6600;\"><strong>Turismo<\/strong><\/span><\/a> de Fuerteventura a Santiago Travieso Quintana, a t\u00edtulo p\u00f3stumo, en reconocimiento a su contribuci\u00f3n al turismo de Fuerteventura.<\/p>\n<p class=\"ladillo\">EUROPA PRESS<\/p>\n","protected":false},"excerpt":{"rendered":"<p>Fuerteventura ya ha comenzado su cuenta atr\u00e1s para vivir y celebrar la Gala de los Premios Distinguidos del Turismo de Fuerteventura 2026. El Patronato Insular de Turismo celebrar\u00e1 el viernes, 25 de septiembre, la Gala de los Premios Distinguidos del Turismo de Fuerteventura 2026 en el caso hist\u00f3rico de Betancuria. As\u00ed lo ha informado el<\/p>\n","protected":false},"author":1,"featured_media":198034,"comment_status":"closed","ping_status":"closed","sticky":false,"template":"","format":"standard","meta":{"footnotes":""},"categories":[359],"tags":[412],"class_list":["post-198033","post","type-post","status-publish","format-standard","has-post-thumbnail","category-turismo","tag-turismo"],"aioseo_notices":[],"aioseo_head":"\n\t\t<!-- All in One SEO Pro 5.0.1.1 - aioseo.com -->\n\t<meta name=\"description\" content=\"Fuerteventura ya ha comenzado su cuenta atr\u00e1s para vivir y celebrar la Gala de los Premios Distinguidos del Turismo de Fuerteventura 2026.\" \/>\n\t<meta name=\"robots\" content=\"max-image-preview:large\" \/>\n\t<meta name=\"author\" content=\"Cand\u00e1s 365\"\/>\n\t<meta name=\"google-site-verification\" content=\"UA-32230408-1\" \/>\n\t<meta name=\"msvalidate.01\" content=\"354F3CDFB2DA171B47FBE9ABF1F88D5\" \/>\n\t<meta name=\"keywords\" content=\"turismo\" \/>\n\t<link rel=\"canonical\" href=\"https:\/\/candas365.es\/noticias\/fuerteventura-se-prepara-para-su-gala-del-turismo-2026\/\" \/>\n\t<meta name=\"generator\" content=\"All in One SEO Pro (AIOSEO) 5.0.1.1\" \/>\n\t\t<meta property=\"og:locale\" content=\"es_ES\" \/>\n\t\t<meta property=\"og:site_name\" content=\"Cand\u00e1s 365\" \/>\n\t\t<meta property=\"og:type\" content=\"article\" \/>\n\t\t<meta property=\"og:title\" content=\"Fuerteventura se prepara para su Gala del Turismo 2026 \u2013 Cand\u00e1s 365\" \/>\n\t\t<meta property=\"og:description\" content=\"Fuerteventura ya ha comenzado su cuenta atr\u00e1s para vivir y celebrar la Gala de los Premios Distinguidos del Turismo de Fuerteventura 2026.\" \/>\n\t\t<meta property=\"og:url\" content=\"https:\/\/candas365.es\/noticias\/fuerteventura-se-prepara-para-su-gala-del-turismo-2026\/\" \/>\n\t\t<meta property=\"og:image\" content=\"https:\/\/candas365.es\/noticias\/wp-content\/uploads\/2026\/09\/Fuerteventura-se-prepara-para-su-Gala-del-Turismo-2026.jpg\" \/>\n\t\t<meta property=\"og:image:secure_url\" content=\"https:\/\/candas365.es\/noticias\/wp-content\/uploads\/2026\/09\/Fuerteventura-se-prepara-para-su-Gala-del-Turismo-2026.jpg\" \/>\n\t\t<meta property=\"og:image:width\" content=\"1118\" \/>\n\t\t<meta property=\"og:image:height\" content=\"829\" \/>\n\t\t<meta property=\"article:published_time\" content=\"2026-09-04T20:08:15+00:00\" \/>\n\t\t<meta property=\"article:modified_time\" content=\"2026-09-04T20:08:15+00:00\" \/>\n\t\t<meta property=\"article:publisher\" content=\"https:\/\/www.facebook.com\/Nachofdezber\" \/>\n\t\t<meta property=\"article:author\" content=\"https:\/\/www.facebook.com\/Nachofdezber\" \/>\n\t\t<meta name=\"twitter:card\" content=\"summary_large_image\" \/>\n\t\t<meta name=\"twitter:site\" content=\"@candas365\" \/>\n\t\t<meta name=\"twitter:title\" content=\"Fuerteventura se prepara para su Gala del Turismo 2026 \u2013 Cand\u00e1s 365\" \/>\n\t\t<meta name=\"twitter:description\" content=\"Fuerteventura ya ha comenzado su cuenta atr\u00e1s para vivir y celebrar la Gala de los Premios Distinguidos del Turismo de Fuerteventura 2026.\" \/>\n\t\t<meta name=\"twitter:creator\" content=\"@candas365\" \/>\n\t\t<meta name=\"twitter:image\" content=\"https:\/\/candas365.es\/noticias\/wp-content\/uploads\/2026\/09\/Fuerteventura-se-prepara-para-su-Gala-del-Turismo-2026.jpg\" \/>\n\t\t<meta name=\"twitter:label1\" content=\"Escrito por\" \/>\n\t\t<meta name=\"twitter:data1\" content=\"Cand\u00e1s 365\" \/>\n\t\t<meta name=\"twitter:label2\" content=\"Tiempo de lectura estimado\" \/>\n\t\t<meta name=\"twitter:data2\" content=\"2 minutos\" \/>\n\t\t<script type=\"application\/ld+json\" class=\"aioseo-schema\">\n\t\t\t{\"@context\":\"https:\\\/\\\/schema.org\",\"@graph\":[{\"@type\":\"BreadcrumbList\",\"@id\":\"https:\\\/\\\/candas365.es\\\/noticias\\\/fuerteventura-se-prepara-para-su-gala-del-turismo-2026\\\/#breadcrumblist\",\"itemListElement\":[{\"@type\":\"ListItem\",\"@id\":\"https:\\\/\\\/candas365.es\\\/noticias#listItem\",\"position\":1,\"name\":\"Home\",\"item\":\"https:\\\/\\\/candas365.es\\\/noticias\",\"nextItem\":{\"@type\":\"ListItem\",\"@id\":\"https:\\\/\\\/candas365.es\\\/noticias\\\/category\\\/turismo\\\/#listItem\",\"name\":\"Turismo\"}},{\"@type\":\"ListItem\",\"@id\":\"https:\\\/\\\/candas365.es\\\/noticias\\\/category\\\/turismo\\\/#listItem\",\"position\":2,\"name\":\"Turismo\",\"item\":\"https:\\\/\\\/candas365.es\\\/noticias\\\/category\\\/turismo\\\/\",\"nextItem\":{\"@type\":\"ListItem\",\"@id\":\"https:\\\/\\\/candas365.es\\\/noticias\\\/fuerteventura-se-prepara-para-su-gala-del-turismo-2026\\\/#listItem\",\"name\":\"Fuerteventura se prepara para su Gala del Turismo 2026\"},\"previousItem\":{\"@type\":\"ListItem\",\"@id\":\"https:\\\/\\\/candas365.es\\\/noticias#listItem\",\"name\":\"Home\"}},{\"@type\":\"ListItem\",\"@id\":\"https:\\\/\\\/candas365.es\\\/noticias\\\/fuerteventura-se-prepara-para-su-gala-del-turismo-2026\\\/#listItem\",\"position\":3,\"name\":\"Fuerteventura se prepara para su Gala del Turismo 2026\",\"previousItem\":{\"@type\":\"ListItem\",\"@id\":\"https:\\\/\\\/candas365.es\\\/noticias\\\/category\\\/turismo\\\/#listItem\",\"name\":\"Turismo\"}}]},{\"@type\":\"NewsArticle\",\"@id\":\"https:\\\/\\\/candas365.es\\\/noticias\\\/fuerteventura-se-prepara-para-su-gala-del-turismo-2026\\\/#newsarticle\",\"name\":\"Fuerteventura se prepara para su Gala del Turismo 2026 | Cand\\u00e1s 365\",\"headline\":\"Fuerteventura se prepara para su Gala del Turismo 2026\",\"author\":{\"@id\":\"https:\\\/\\\/candas365.es\\\/noticias\\\/author\\\/admin\\\/#author\"},\"publisher\":{\"@id\":\"https:\\\/\\\/candas365.es\\\/noticias\\\/#organization\"},\"image\":{\"@type\":\"ImageObject\",\"url\":\"https:\\\/\\\/candas365.es\\\/noticias\\\/wp-content\\\/uploads\\\/2026\\\/09\\\/Fuerteventura-se-prepara-para-su-Gala-del-Turismo-2026.jpg\",\"width\":1118,\"height\":829,\"caption\":\"Iglesia de Betancuria (Fuerteventura) - CEDIDO POR CABILDO DE FUERTEVENTURA - Archivo\"},\"datePublished\":\"2026-09-04T22:08:15+02:00\",\"dateModified\":\"2026-09-04T22:08:15+02:00\",\"inLanguage\":\"es-ES\",\"mainEntityOfPage\":{\"@id\":\"https:\\\/\\\/candas365.es\\\/noticias\\\/fuerteventura-se-prepara-para-su-gala-del-turismo-2026\\\/#webpage\"},\"isPartOf\":{\"@id\":\"https:\\\/\\\/candas365.es\\\/noticias\\\/fuerteventura-se-prepara-para-su-gala-del-turismo-2026\\\/#webpage\"},\"articleSection\":\"Turismo, turismo\",\"dateline\":\"Publicado el septiembre 4, 2026.\"},{\"@type\":\"Organization\",\"@id\":\"https:\\\/\\\/candas365.es\\\/noticias\\\/#organization\",\"name\":\"Cand\\u00e1s 365\",\"description\":\"Cand\\u00e1s 365 es un diario digital independiente, fundado en 2012, con base en Asturias. Informamos con rigor sobre actualidad, sociedad, cultura y ocio, con una mirada local y global.\",\"url\":\"https:\\\/\\\/candas365.es\\\/noticias\\\/\",\"email\":\"info@candas365.es\",\"telephone\":\"+34652131393\",\"foundingDate\":\"2012-06-10\",\"logo\":{\"@type\":\"ImageObject\",\"url\":\"https:\\\/\\\/candas365.es\\\/noticias\\\/wp-content\\\/uploads\\\/2024\\\/09\\\/Candas-365-Redes.jpg\",\"@id\":\"https:\\\/\\\/candas365.es\\\/noticias\\\/fuerteventura-se-prepara-para-su-gala-del-turismo-2026\\\/#organizationLogo\",\"width\":1152,\"height\":864,\"caption\":\"Cand\\u00e1s 365 Redes\"},\"image\":{\"@id\":\"https:\\\/\\\/candas365.es\\\/noticias\\\/fuerteventura-se-prepara-para-su-gala-del-turismo-2026\\\/#organizationLogo\"},\"sameAs\":[\"https:\\\/\\\/www.facebook.com\\\/Nachofdezber\",\"https:\\\/\\\/x.com\\\/candas365\",\"https:\\\/\\\/www.instagram.com\\\/nachofdezber\\\/\",\"https:\\\/\\\/www.youtube.com\\\/channel\\\/UCZP-2wLEB9Rv6erhFmqVnvg\"],\"address\":{\"@id\":\"https:\\\/\\\/candas365.es\\\/noticias\\\/#postaladdress\",\"@type\":\"PostalAddress\",\"streetAddress\":\"san antonio 4, san antonio 4\",\"postalCode\":\"33430\",\"addressLocality\":\"Cand\\u00e1s\",\"addressRegion\":\"Asturias\",\"addressCountry\":\"ES\"}},{\"@type\":\"Person\",\"@id\":\"https:\\\/\\\/candas365.es\\\/noticias\\\/author\\\/admin\\\/#author\",\"url\":\"https:\\\/\\\/candas365.es\\\/noticias\\\/author\\\/admin\\\/\",\"name\":\"Cand\\u00e1s 365\",\"image\":{\"@type\":\"ImageObject\",\"@id\":\"https:\\\/\\\/candas365.es\\\/noticias\\\/fuerteventura-se-prepara-para-su-gala-del-turismo-2026\\\/#authorImage\",\"url\":\"https:\\\/\\\/candas365.es\\\/noticias\\\/wp-content\\\/uploads\\\/2026\\\/07\\\/cropped-eyevuvEl_400x400-96x96.jpg\",\"width\":96,\"height\":96,\"caption\":\"Cand\\u00e1s 365\"},\"sameAs\":[\"https:\\\/\\\/www.facebook.com\\\/Nachofdezber\",\"https:\\\/\\\/x.com\\\/candas365\",\"https:\\\/\\\/www.instagram.com\\\/nachofdezber\\\/\",\"https:\\\/\\\/www.youtube.com\\\/channel\\\/UCZP-2wLEB9Rv6erhFmqVnvg\"]},{\"@type\":\"WebPage\",\"@id\":\"https:\\\/\\\/candas365.es\\\/noticias\\\/fuerteventura-se-prepara-para-su-gala-del-turismo-2026\\\/#webpage\",\"url\":\"https:\\\/\\\/candas365.es\\\/noticias\\\/fuerteventura-se-prepara-para-su-gala-del-turismo-2026\\\/\",\"name\":\"Fuerteventura se prepara para su Gala del Turismo 2026 | Cand\\u00e1s 365\",\"description\":\"Fuerteventura ya ha comenzado su cuenta atr\\u00e1s para vivir y celebrar la Gala de los Premios Distinguidos del Turismo de Fuerteventura 2026.\",\"inLanguage\":\"es-ES\",\"isPartOf\":{\"@id\":\"https:\\\/\\\/candas365.es\\\/noticias\\\/#website\"},\"breadcrumb\":{\"@id\":\"https:\\\/\\\/candas365.es\\\/noticias\\\/fuerteventura-se-prepara-para-su-gala-del-turismo-2026\\\/#breadcrumblist\"},\"author\":{\"@id\":\"https:\\\/\\\/candas365.es\\\/noticias\\\/author\\\/admin\\\/#author\"},\"creator\":{\"@id\":\"https:\\\/\\\/candas365.es\\\/noticias\\\/author\\\/admin\\\/#author\"},\"image\":{\"@type\":\"ImageObject\",\"url\":\"https:\\\/\\\/candas365.es\\\/noticias\\\/wp-content\\\/uploads\\\/2026\\\/09\\\/Fuerteventura-se-prepara-para-su-Gala-del-Turismo-2026.jpg\",\"@id\":\"https:\\\/\\\/candas365.es\\\/noticias\\\/fuerteventura-se-prepara-para-su-gala-del-turismo-2026\\\/#mainImage\",\"width\":1118,\"height\":829,\"caption\":\"Iglesia de Betancuria (Fuerteventura) - CEDIDO POR CABILDO DE FUERTEVENTURA - Archivo\"},\"primaryImageOfPage\":{\"@id\":\"https:\\\/\\\/candas365.es\\\/noticias\\\/fuerteventura-se-prepara-para-su-gala-del-turismo-2026\\\/#mainImage\"},\"datePublished\":\"2026-09-04T22:08:15+02:00\",\"dateModified\":\"2026-09-04T22:08:15+02:00\"},{\"@type\":\"WebSite\",\"@id\":\"https:\\\/\\\/candas365.es\\\/noticias\\\/#website\",\"url\":\"https:\\\/\\\/candas365.es\\\/noticias\\\/\",\"name\":\"Cand\\u00e1s 365\",\"alternateName\":\"Cand\\u00e1s 365 Noticias\",\"description\":\"Actualidad desde Carre\\u00f1o para el mundo\",\"inLanguage\":\"es-ES\",\"publisher\":{\"@id\":\"https:\\\/\\\/candas365.es\\\/noticias\\\/#organization\"}}]}\n\t\t<\/script>\n\t\t<!-- All in One SEO Pro -->\r\n\t\t<title>Fuerteventura se prepara para su Gala del Turismo 2026 | Cand\u00e1s 365<\/title>\n\n","aioseo_head_json":{"title":"Fuerteventura se prepara para su Gala del Turismo 2026 | Cand\u00e1s 365","description":"Fuerteventura ya ha comenzado su cuenta atr\u00e1s para vivir y celebrar la Gala de los Premios Distinguidos del Turismo de Fuerteventura 2026.","canonical_url":"https:\/\/candas365.es\/noticias\/fuerteventura-se-prepara-para-su-gala-del-turismo-2026\/","robots":"max-image-preview:large","keywords":"turismo","webmasterTools":{"google-site-verification":"UA-32230408-1","msvalidate.01":"354F3CDFB2DA171B47FBE9ABF1F88D5","miscellaneous":""},"schema":{"@context":"https:\/\/schema.org","@graph":[{"@type":"BreadcrumbList","@id":"https:\/\/candas365.es\/noticias\/fuerteventura-se-prepara-para-su-gala-del-turismo-2026\/#breadcrumblist","itemListElement":[{"@type":"ListItem","@id":"https:\/\/candas365.es\/noticias#listItem","position":1,"name":"Home","item":"https:\/\/candas365.es\/noticias","nextItem":{"@type":"ListItem","@id":"https:\/\/candas365.es\/noticias\/category\/turismo\/#listItem","name":"Turismo"}},{"@type":"ListItem","@id":"https:\/\/candas365.es\/noticias\/category\/turismo\/#listItem","position":2,"name":"Turismo","item":"https:\/\/candas365.es\/noticias\/category\/turismo\/","nextItem":{"@type":"ListItem","@id":"https:\/\/candas365.es\/noticias\/fuerteventura-se-prepara-para-su-gala-del-turismo-2026\/#listItem","name":"Fuerteventura se prepara para su Gala del Turismo 2026"},"previousItem":{"@type":"ListItem","@id":"https:\/\/candas365.es\/noticias#listItem","name":"Home"}},{"@type":"ListItem","@id":"https:\/\/candas365.es\/noticias\/fuerteventura-se-prepara-para-su-gala-del-turismo-2026\/#listItem","position":3,"name":"Fuerteventura se prepara para su Gala del Turismo 2026","previousItem":{"@type":"ListItem","@id":"https:\/\/candas365.es\/noticias\/category\/turismo\/#listItem","name":"Turismo"}}]},{"@type":"NewsArticle","@id":"https:\/\/candas365.es\/noticias\/fuerteventura-se-prepara-para-su-gala-del-turismo-2026\/#newsarticle","name":"Fuerteventura se prepara para su Gala del Turismo 2026 | Cand\u00e1s 365","headline":"Fuerteventura se prepara para su Gala del Turismo 2026","author":{"@id":"https:\/\/candas365.es\/noticias\/author\/admin\/#author"},"publisher":{"@id":"https:\/\/candas365.es\/noticias\/#organization"},"image":{"@type":"ImageObject","url":"https:\/\/candas365.es\/noticias\/wp-content\/uploads\/2026\/09\/Fuerteventura-se-prepara-para-su-Gala-del-Turismo-2026.jpg","width":1118,"height":829,"caption":"Iglesia de Betancuria (Fuerteventura) - CEDIDO POR CABILDO DE FUERTEVENTURA - Archivo"},"datePublished":"2026-09-04T22:08:15+02:00","dateModified":"2026-09-04T22:08:15+02:00","inLanguage":"es-ES","mainEntityOfPage":{"@id":"https:\/\/candas365.es\/noticias\/fuerteventura-se-prepara-para-su-gala-del-turismo-2026\/#webpage"},"isPartOf":{"@id":"https:\/\/candas365.es\/noticias\/fuerteventura-se-prepara-para-su-gala-del-turismo-2026\/#webpage"},"articleSection":"Turismo, turismo","dateline":"Publicado el septiembre 4, 2026."},{"@type":"Organization","@id":"https:\/\/candas365.es\/noticias\/#organization","name":"Cand\u00e1s 365","description":"Cand\u00e1s 365 es un diario digital independiente, fundado en 2012, con base en Asturias. Informamos con rigor sobre actualidad, sociedad, cultura y ocio, con una mirada local y global.","url":"https:\/\/candas365.es\/noticias\/","email":"info@candas365.es","telephone":"+34652131393","foundingDate":"2012-06-10","logo":{"@type":"ImageObject","url":"https:\/\/candas365.es\/noticias\/wp-content\/uploads\/2024\/09\/Candas-365-Redes.jpg","@id":"https:\/\/candas365.es\/noticias\/fuerteventura-se-prepara-para-su-gala-del-turismo-2026\/#organizationLogo","width":1152,"height":864,"caption":"Cand\u00e1s 365 Redes"},"image":{"@id":"https:\/\/candas365.es\/noticias\/fuerteventura-se-prepara-para-su-gala-del-turismo-2026\/#organizationLogo"},"sameAs":["https:\/\/www.facebook.com\/Nachofdezber","https:\/\/x.com\/candas365","https:\/\/www.instagram.com\/nachofdezber\/","https:\/\/www.youtube.com\/channel\/UCZP-2wLEB9Rv6erhFmqVnvg"],"address":{"@id":"https:\/\/candas365.es\/noticias\/#postaladdress","@type":"PostalAddress","streetAddress":"san antonio 4, san antonio 4","postalCode":"33430","addressLocality":"Cand\u00e1s","addressRegion":"Asturias","addressCountry":"ES"}},{"@type":"Person","@id":"https:\/\/candas365.es\/noticias\/author\/admin\/#author","url":"https:\/\/candas365.es\/noticias\/author\/admin\/","name":"Cand\u00e1s 365","image":{"@type":"ImageObject","@id":"https:\/\/candas365.es\/noticias\/fuerteventura-se-prepara-para-su-gala-del-turismo-2026\/#authorImage","url":"https:\/\/candas365.es\/noticias\/wp-content\/uploads\/2026\/07\/cropped-eyevuvEl_400x400-96x96.jpg","width":96,"height":96,"caption":"Cand\u00e1s 365"},"sameAs":["https:\/\/www.facebook.com\/Nachofdezber","https:\/\/x.com\/candas365","https:\/\/www.instagram.com\/nachofdezber\/","https:\/\/www.youtube.com\/channel\/UCZP-2wLEB9Rv6erhFmqVnvg"]},{"@type":"WebPage","@id":"https:\/\/candas365.es\/noticias\/fuerteventura-se-prepara-para-su-gala-del-turismo-2026\/#webpage","url":"https:\/\/candas365.es\/noticias\/fuerteventura-se-prepara-para-su-gala-del-turismo-2026\/","name":"Fuerteventura se prepara para su Gala del Turismo 2026 | Cand\u00e1s 365","description":"Fuerteventura ya ha comenzado su cuenta atr\u00e1s para vivir y celebrar la Gala de los Premios Distinguidos del Turismo de Fuerteventura 2026.","inLanguage":"es-ES","isPartOf":{"@id":"https:\/\/candas365.es\/noticias\/#website"},"breadcrumb":{"@id":"https:\/\/candas365.es\/noticias\/fuerteventura-se-prepara-para-su-gala-del-turismo-2026\/#breadcrumblist"},"author":{"@id":"https:\/\/candas365.es\/noticias\/author\/admin\/#author"},"creator":{"@id":"https:\/\/candas365.es\/noticias\/author\/admin\/#author"},"image":{"@type":"ImageObject","url":"https:\/\/candas365.es\/noticias\/wp-content\/uploads\/2026\/09\/Fuerteventura-se-prepara-para-su-Gala-del-Turismo-2026.jpg","@id":"https:\/\/candas365.es\/noticias\/fuerteventura-se-prepara-para-su-gala-del-turismo-2026\/#mainImage","width":1118,"height":829,"caption":"Iglesia de Betancuria (Fuerteventura) - CEDIDO POR CABILDO DE FUERTEVENTURA - Archivo"},"primaryImageOfPage":{"@id":"https:\/\/candas365.es\/noticias\/fuerteventura-se-prepara-para-su-gala-del-turismo-2026\/#mainImage"},"datePublished":"2026-09-04T22:08:15+02:00","dateModified":"2026-09-04T22:08:15+02:00"},{"@type":"WebSite","@id":"https:\/\/candas365.es\/noticias\/#website","url":"https:\/\/candas365.es\/noticias\/","name":"Cand\u00e1s 365","alternateName":"Cand\u00e1s 365 Noticias","description":"Actualidad desde Carre\u00f1o para el mundo","inLanguage":"es-ES","publisher":{"@id":"https:\/\/candas365.es\/noticias\/#organization"}}]},"og:locale":"es_ES","og:site_name":"Cand\u00e1s 365","og:type":"article","og:title":"Fuerteventura se prepara para su Gala del Turismo 2026 \u2013 Cand\u00e1s 365","og:description":"Fuerteventura ya ha comenzado su cuenta atr\u00e1s para vivir y celebrar la Gala de los Premios Distinguidos del Turismo de Fuerteventura 2026.","og:url":"https:\/\/candas365.es\/noticias\/fuerteventura-se-prepara-para-su-gala-del-turismo-2026\/","og:image":"https:\/\/candas365.es\/noticias\/wp-content\/uploads\/2026\/09\/Fuerteventura-se-prepara-para-su-Gala-del-Turismo-2026.jpg","og:image:secure_url":"https:\/\/candas365.es\/noticias\/wp-content\/uploads\/2026\/09\/Fuerteventura-se-prepara-para-su-Gala-del-Turismo-2026.jpg","og:image:width":1118,"og:image:height":829,"article:published_time":"2026-09-04T20:08:15+00:00","article:modified_time":"2026-09-04T20:08:15+00:00","article:publisher":"https:\/\/www.facebook.com\/Nachofdezber","article:author":"https:\/\/www.facebook.com\/Nachofdezber","twitter:card":"summary_large_image","twitter:site":"@candas365","twitter:title":"Fuerteventura se prepara para su Gala del Turismo 2026 \u2013 Cand\u00e1s 365","twitter:description":"Fuerteventura ya ha comenzado su cuenta atr\u00e1s para vivir y celebrar la Gala de los Premios Distinguidos del Turismo de Fuerteventura 2026.","twitter:creator":"@candas365","twitter:image":"https:\/\/candas365.es\/noticias\/wp-content\/uploads\/2026\/09\/Fuerteventura-se-prepara-para-su-Gala-del-Turismo-2026.jpg","twitter:label1":"Escrito por","twitter:data1":"Cand\u00e1s 365","twitter:label2":"Tiempo de lectura estimado","twitter:data2":"2 minutos"},"aioseo_meta_data":{"post_id":"198033","title":null,"description":"Fuerteventura ya ha comenzado su cuenta atr\u00e1s para vivir y celebrar la Gala de los Premios Distinguidos del Turismo de Fuerteventura 2026.","keywords":null,"keyphrases":{"focus":{"keyphrase":"Gala del Turismo 2026","score":0,"analysis":[]},"additional":[{"keyphrase":"Fuerteventura","score":0}]},"primary_term":null,"canonical_url":null,"og_title":"#post_title #separator_sa #site_title","og_description":"Fuerteventura ya ha comenzado su cuenta atr\u00e1s para vivir y celebrar la Gala de los Premios Distinguidos del Turismo de Fuerteventura 2026.","og_object_type":"default","og_image_type":"default","og_image_url":null,"og_image_width":null,"og_image_height":null,"og_image_custom_url":null,"og_image_custom_fields":null,"og_video":"","og_custom_url":null,"og_article_section":null,"og_article_tags":null,"twitter_use_og":true,"twitter_card":"default","twitter_image_type":"default","twitter_image_url":null,"twitter_image_custom_url":null,"twitter_image_custom_fields":null,"twitter_title":null,"twitter_description":null,"schema":{"blockGraphs":[],"customGraphs":[],"default":{"data":{"Article":[],"Course":[],"Dataset":[],"FAQPage":[],"Movie":[],"Person":[],"Product":[],"ProductReview":[],"Car":[],"Recipe":[],"Service":[],"SoftwareApplication":[],"WebPage":[]},"graphName":"NewsArticle","isEnabled":true},"graphs":[]},"schema_type":"default","schema_type_options":null,"pillar_content":false,"robots_default":true,"robots_noindex":false,"robots_noarchive":false,"robots_nosnippet":false,"robots_nofollow":false,"robots_noimageindex":false,"robots_noodp":false,"robots_notranslate":false,"robots_max_snippet":"-1","robots_max_videopreview":"-1","robots_max_imagepreview":"large","priority":null,"frequency":"default","location":null,"local_seo":null,"seo_analyzer_scan_date":"2026-09-04 20:08:20","breadcrumb_settings":null,"limit_modified_date":false,"reviewed_by":"0","open_ai":null,"ai":{"faqs":[],"keyPoints":[],"schemas":[],"titles":[],"descriptions":[],"socialPosts":{"email":{"subject":"","preview":"","content":""},"linkedin":[],"twitter":[],"facebook":[],"instagram":[]}},"created":"2026-09-04 20:01:14","updated":"2026-09-04 20:28:08","focus_keyword":"Gala del Turismo 2026","additional_keywords":[{"word":"Fuerteventura","score":83,"items":{"introductionKeyword":{"score":9},"keyphraseLength":{"score":9},"keyphraseDensity":{"score":0},"functionWordsInKeyphrase":{"score":9},"textCompetingLinks":{"score":9},"imageKeyphrase":{"score":9}}}],"truseo_locale":null},"aioseo_breadcrumb":"<div class=\"aioseo-breadcrumbs\"><span class=\"aioseo-breadcrumb\">\n\t<a href=\"https:\/\/candas365.es\/noticias\" title=\"Home\">Home<\/a>\n<\/span><span class=\"aioseo-breadcrumb-separator\">&ndash;<\/span><span class=\"aioseo-breadcrumb\">\n\t<a href=\"https:\/\/candas365.es\/noticias\/category\/turismo\/\" title=\"Turismo\">Turismo<\/a>\n<\/span><span class=\"aioseo-breadcrumb-separator\">&ndash;<\/span><span class=\"aioseo-breadcrumb\">\n\tFuerteventura se prepara para su Gala del Turismo 2026\n<\/span><\/div>","aioseo_breadcrumb_json":[{"label":"Home","link":"https:\/\/candas365.es\/noticias"},{"label":"Turismo","link":"https:\/\/candas365.es\/noticias\/category\/turismo\/"},{"label":"Fuerteventura se prepara para su Gala del Turismo 2026","link":"https:\/\/candas365.es\/noticias\/fuerteventura-se-prepara-para-su-gala-del-turismo-2026\/"}],"_links":{"self":[{"href":"https:\/\/candas365.es\/noticias\/wp-json\/wp\/v2\/posts\/198033","targetHints":{"allow":["GET"]}}],"collection":[{"href":"https:\/\/candas365.es\/noticias\/wp-json\/wp\/v2\/posts"}],"about":[{"href":"https:\/\/candas365.es\/noticias\/wp-json\/wp\/v2\/types\/post"}],"author":[{"embeddable":true,"href":"https:\/\/candas365.es\/noticias\/wp-json\/wp\/v2\/users\/1"}],"replies":[{"embeddable":true,"href":"https:\/\/candas365.es\/noticias\/wp-json\/wp\/v2\/comments?post=198033"}],"version-history":[{"count":1,"href":"https:\/\/candas365.es\/noticias\/wp-json\/wp\/v2\/posts\/198033\/revisions"}],"predecessor-version":[{"id":198035,"href":"https:\/\/candas365.es\/noticias\/wp-json\/wp\/v2\/posts\/198033\/revisions\/198035"}],"wp:featuredmedia":[{"embeddable":true,"href":"https:\/\/candas365.es\/noticias\/wp-json\/wp\/v2\/media\/198034"}],"wp:attachment":[{"href":"https:\/\/candas365.es\/noticias\/wp-json\/wp\/v2\/media?parent=198033"}],"wp:term":[{"taxonomy":"category","embeddable":true,"href":"https:\/\/candas365.es\/noticias\/wp-json\/wp\/v2\/categories?post=198033"},{"taxonomy":"post_tag","embeddable":true,"href":"https:\/\/candas365.es\/noticias\/wp-json\/wp\/v2\/tags?post=198033"}],"curies":[{"name":"wp","href":"https:\/\/api.w.org\/{rel}","templated":true}]}}