{"id":198030,"date":"2026-09-04T21:55:56","date_gmt":"2026-09-04T19:55:56","guid":{"rendered":"https:\/\/candas365.es\/noticias\/?p=198030"},"modified":"2026-09-04T21:55:56","modified_gmt":"2026-09-04T19:55:56","slug":"espana-sigue-sumando-turistas","status":"publish","type":"post","link":"https:\/\/candas365.es\/noticias\/espana-sigue-sumando-turistas\/","title":{"rendered":"Espa\u00f1a sigue sumando turistas"},"content":{"rendered":"<p>Espa\u00f1a sigue sumando <a href=\"https:\/\/candas365.es\/noticias\/category\/turismo\/\"><span style=\"color: #ff6600;\"><strong>turistas durante el a\u00f1o 2026<\/strong><\/span><\/a>, con cifras que gener\u00e1n optimismo en el sector, y eso a\u00fan sin tener contabilizados los datos de la campa\u00f1a de verano.<\/p>\n<figure id=\"attachment_198031\" aria-describedby=\"caption-attachment-198031\" style=\"width: 650px\" class=\"wp-caption aligncenter\"><img fetchpriority=\"high\" decoding=\"async\" class=\"size-large wp-image-198031\" src=\"https:\/\/candas365.es\/noticias\/wp-content\/uploads\/2026\/09\/Espana-sigue-sumando-turistas-650x419.jpg\" alt=\"Espa\u00f1a sigue sumando turistas\" width=\"650\" height=\"419\" srcset=\"https:\/\/candas365.es\/noticias\/wp-content\/uploads\/2026\/09\/Espana-sigue-sumando-turistas-650x419.jpg 650w, https:\/\/candas365.es\/noticias\/wp-content\/uploads\/2026\/09\/Espana-sigue-sumando-turistas-360x232.jpg 360w, https:\/\/candas365.es\/noticias\/wp-content\/uploads\/2026\/09\/Espana-sigue-sumando-turistas-768x495.jpg 768w, https:\/\/candas365.es\/noticias\/wp-content\/uploads\/2026\/09\/Espana-sigue-sumando-turistas-150x97.jpg 150w, https:\/\/candas365.es\/noticias\/wp-content\/uploads\/2026\/09\/Espana-sigue-sumando-turistas-450x290.jpg 450w, https:\/\/candas365.es\/noticias\/wp-content\/uploads\/2026\/09\/Espana-sigue-sumando-turistas-1200x773.jpg 1200w, https:\/\/candas365.es\/noticias\/wp-content\/uploads\/2026\/09\/Espana-sigue-sumando-turistas.jpg 1273w\" sizes=\"(max-width: 650px) 100vw, 650px\" \/><figcaption id=\"caption-attachment-198031\" class=\"wp-caption-text\">Nacho Cubero &#8211; Europa Press &#8211; Archivo<\/figcaption><\/figure>\n<p>Espa\u00f1a recibi\u00f3 m\u00e1s de 58,1 millones de turistas internacionales en los siete primeros meses de 2026, lo que representa un aumento del 4,6% en comparaci\u00f3n con el mismo periodo del a\u00f1o anterior, seg\u00fan los datos hechos p\u00fablicos este martes por el Instituto Nacional de Estad\u00edstica (INE).<\/p>\n<p>Este repunte registrado hasta el mes de julio vino impulsado en gran medida por la buena marcha del propio mes de julio, en el que visitaron el pa\u00eds un total de 11,5 millones de viajeros internacionales, cifra que supone un incremento anual del 4,6% respecto a julio de 2025.<\/p>\n<p>El crecimiento en la llegada de visitantes tuvo una traslaci\u00f3n directa en el gasto tur\u00edstico. Entre enero y julio, el desembolso total de los visitantes internacionales se elev\u00f3 un 7,8%, superando los 82.054 millones de euros.<\/p>\n<p>Solo en el mes de julio, el gasto tur\u00edstico roz\u00f3 los 18.218 millones de euros, con una notable subida del 10,9% en tasa interanual. El gasto medio por turista durante el s\u00e9ptimo mes del a\u00f1o se situ\u00f3 en 1.579 euros (+5,9%), mientras que el gasto diario se increment\u00f3 un 3,7%, hasta los 218 euros.<\/p>\n<h1 class=\"ladillo\">REINO UNIDO, PRINCIPAL MERCADO EMISOR<\/h1>\n<p>Por mercados emisores, Reino Unido se mantuvo como el principal pa\u00eds de origen de los turistas que visitaron Espa\u00f1a. En los siete primeros meses del a\u00f1o, llegaron 11,5 millones de brit\u00e1nicos (+4,6%), seguidos por Francia, con m\u00e1s de 7,2 millones (+1,2%), y Alemania, con cerca de 6,9 millones (-0,5%).<\/p>\n<p>Analizando \u00fanicamente los datos de julio, Reino Unido volvi\u00f3 a encabezar la lista con casi 2,2 millones de turistas, un 5,6% m\u00e1s que en el mismo mes del a\u00f1o anterior. Le siguieron Francia, con cerca de 1,6 millones de visitantes (+2,3%), y Alemania, con 1,2 millones (+2,3%). Destacaron tambi\u00e9n los notables incrementos registrados por Italia, con 717.118 turistas (+16,9%), y Suiza, con 303.158 viajeros (+13,2%).<\/p>\n<p>En lo que respecta al volumen de gasto en el mes de julio, los brit\u00e1nicos lideraron el volumen total con 3.038 millones de euros (un 16,7% del total y un 4,8% m\u00e1s que un a\u00f1o antes). Alemania ocup\u00f3 el segundo lugar con 1.751 millones (+11,5%), mientras que los turistas franceses sumaron 1.644 millones de euros (+12,6%).<\/p>\n<h2 class=\"ladillo\">CATALU\u00d1A Y BALEARES LIDERAN EN LLEGADAS Y GASTO<\/h2>\n<p>En el acumulado del a\u00f1o, Catalu\u00f1a se posicion\u00f3 como la comunidad aut\u00f3noma de destino principal que m\u00e1s turistas recibi\u00f3, con 11,9 millones (+2,9%), seguida de Islas Baleares, con casi 9,2 millones (+1,8%), y Canarias, con 9 millones (-0,6%). Asimismo, Catalu\u00f1a concentr\u00f3 la mayor cuota del gasto acumulado hasta julio con un 18,9% del total, por delante de Canarias (17,1%) y Andaluc\u00eda (15,2%).<\/p>\n<p>Sin embargo, atendiendo \u00fanicamente al comportamiento del mes de julio, el destino prioritario para los viajeros internacionales fueron las Islas Baleares, captando el 22,3% de las llegadas totales con m\u00e1s de 2,56 millones de personas (+0,1%), seguida por Catalu\u00f1a (2,37 millones, un 0,8% m\u00e1s) y Andaluc\u00eda (1,68 millones, un 9,5% m\u00e1s).<\/p>\n<p>De la misma manera, Baleares fue la autonom\u00eda que registr\u00f3 un mayor desembolso econ\u00f3mico por parte de los visitantes durante julio, aglutinando 4.145 millones de euros (el 22,8% del total y un 8,3% m\u00e1s que en 2025). Le siguieron Catalu\u00f1a, con 3.707 millones de euros (+13%), y Andaluc\u00eda, con 2.691 millones, lo que supuso un repunte interanual del 23,4%.<\/p>\n<h2 class=\"ladillo\">CRECE EL ALOJAMIENTO EN VIVIENDA DE ALQUILER<\/h2>\n<p>Atendiendo al tipo de estancia en julio, el alojamiento de mercado creci\u00f3 un 4% interanual. Dentro de esta modalidad, la vivienda en alquiler experiment\u00f3 un alza del 12% hasta rozar los 1,5 millones de turistas, frente al aumento del 3,8% registrado por los hoteles (7,64 millones). Por su parte, el alojamiento de no mercado se increment\u00f3 un 8%.<\/p>\n<p>La estancia mayoritaria entre los turistas en el s\u00e9ptimo mes del a\u00f1o se situ\u00f3 en el tramo de cuatro a siete noches, sumando m\u00e1s de 5,7 millones de personas (+8,7%). Adem\u00e1s, la inmensa mayor\u00eda de los viajeros decidi\u00f3 organizar su desplazamiento por cuenta propia: casi 8,5 millones viajaron sin paquete tur\u00edstico (+3,7%), mientras que cerca de 3,1 millones optaron por contratarlo (+7,5%).<\/p>\n<p>EUROPA PRESS<\/p>\n","protected":false},"excerpt":{"rendered":"<p>Espa\u00f1a sigue sumando turistas durante el a\u00f1o 2026, con cifras que gener\u00e1n optimismo en el sector, y eso a\u00fan sin tener contabilizados los datos de la campa\u00f1a de verano. Espa\u00f1a recibi\u00f3 m\u00e1s de 58,1 millones de turistas internacionales en los siete primeros meses de 2026, lo que representa un aumento del 4,6% en comparaci\u00f3n con<\/p>\n","protected":false},"author":1,"featured_media":198031,"comment_status":"closed","ping_status":"closed","sticky":false,"template":"","format":"standard","meta":{"footnotes":""},"categories":[359],"tags":[466,412],"class_list":["post-198030","post","type-post","status-publish","format-standard","has-post-thumbnail","category-turismo","tag-espana","tag-turismo"],"aioseo_notices":[],"aioseo_head":"\n\t\t<!-- All in One SEO Pro 5.0.1.1 - aioseo.com -->\n\t<meta name=\"description\" content=\"Espa\u00f1a sigue sumando turistas durante el a\u00f1o 2026, con cifras que gener\u00e1n optimismo en el sector, y eso a\u00fan sin tener contabilizados los datos de la campa\u00f1a\" \/>\n\t<meta name=\"robots\" content=\"max-image-preview:large\" \/>\n\t<meta name=\"author\" content=\"Cand\u00e1s 365\"\/>\n\t<meta name=\"google-site-verification\" content=\"UA-32230408-1\" \/>\n\t<meta name=\"msvalidate.01\" content=\"354F3CDFB2DA171B47FBE9ABF1F88D5\" \/>\n\t<meta name=\"keywords\" content=\"turismo\" \/>\n\t<link rel=\"canonical\" href=\"https:\/\/candas365.es\/noticias\/espana-sigue-sumando-turistas\/\" \/>\n\t<meta name=\"generator\" content=\"All in One SEO Pro (AIOSEO) 5.0.1.1\" \/>\n\t\t<meta property=\"og:locale\" content=\"es_ES\" \/>\n\t\t<meta property=\"og:site_name\" content=\"Cand\u00e1s 365\" \/>\n\t\t<meta property=\"og:type\" content=\"article\" \/>\n\t\t<meta property=\"og:title\" content=\"Espa\u00f1a sigue sumando turistas \u2013 Cand\u00e1s 365\" \/>\n\t\t<meta property=\"og:description\" content=\"Espa\u00f1a sigue sumando turistas durante el a\u00f1o 2026, con cifras que gener\u00e1n optimismo en el sector, y eso a\u00fan sin tener contabilizados los datos de la campa\u00f1a\" \/>\n\t\t<meta property=\"og:url\" content=\"https:\/\/candas365.es\/noticias\/espana-sigue-sumando-turistas\/\" \/>\n\t\t<meta property=\"og:image\" content=\"https:\/\/candas365.es\/noticias\/wp-content\/uploads\/2026\/09\/Espana-sigue-sumando-turistas.jpg\" \/>\n\t\t<meta property=\"og:image:secure_url\" content=\"https:\/\/candas365.es\/noticias\/wp-content\/uploads\/2026\/09\/Espana-sigue-sumando-turistas.jpg\" \/>\n\t\t<meta property=\"og:image:width\" content=\"1273\" \/>\n\t\t<meta property=\"og:image:height\" content=\"820\" \/>\n\t\t<meta property=\"article:published_time\" content=\"2026-09-04T19:55:56+00:00\" \/>\n\t\t<meta property=\"article:modified_time\" content=\"2026-09-04T19:55:56+00:00\" \/>\n\t\t<meta property=\"article:publisher\" content=\"https:\/\/www.facebook.com\/Nachofdezber\" \/>\n\t\t<meta property=\"article:author\" content=\"https:\/\/www.facebook.com\/Nachofdezber\" \/>\n\t\t<meta name=\"twitter:card\" content=\"summary_large_image\" \/>\n\t\t<meta name=\"twitter:site\" content=\"@candas365\" \/>\n\t\t<meta name=\"twitter:title\" content=\"Espa\u00f1a sigue sumando turistas \u2013 Cand\u00e1s 365\" \/>\n\t\t<meta name=\"twitter:description\" content=\"Espa\u00f1a sigue sumando turistas durante el a\u00f1o 2026, con cifras que gener\u00e1n optimismo en el sector, y eso a\u00fan sin tener contabilizados los datos de la campa\u00f1a\" \/>\n\t\t<meta name=\"twitter:creator\" content=\"@candas365\" \/>\n\t\t<meta name=\"twitter:image\" content=\"https:\/\/candas365.es\/noticias\/wp-content\/uploads\/2026\/09\/Espana-sigue-sumando-turistas.jpg\" \/>\n\t\t<meta name=\"twitter:label1\" content=\"Escrito por\" \/>\n\t\t<meta name=\"twitter:data1\" content=\"Cand\u00e1s 365\" \/>\n\t\t<meta name=\"twitter:label2\" content=\"Tiempo de lectura estimado\" \/>\n\t\t<meta name=\"twitter:data2\" content=\"3 minutos\" \/>\n\t\t<script type=\"application\/ld+json\" class=\"aioseo-schema\">\n\t\t\t{\"@context\":\"https:\\\/\\\/schema.org\",\"@graph\":[{\"@type\":\"BreadcrumbList\",\"@id\":\"https:\\\/\\\/candas365.es\\\/noticias\\\/espana-sigue-sumando-turistas\\\/#breadcrumblist\",\"itemListElement\":[{\"@type\":\"ListItem\",\"@id\":\"https:\\\/\\\/candas365.es\\\/noticias#listItem\",\"position\":1,\"name\":\"Home\",\"item\":\"https:\\\/\\\/candas365.es\\\/noticias\",\"nextItem\":{\"@type\":\"ListItem\",\"@id\":\"https:\\\/\\\/candas365.es\\\/noticias\\\/category\\\/turismo\\\/#listItem\",\"name\":\"Turismo\"}},{\"@type\":\"ListItem\",\"@id\":\"https:\\\/\\\/candas365.es\\\/noticias\\\/category\\\/turismo\\\/#listItem\",\"position\":2,\"name\":\"Turismo\",\"item\":\"https:\\\/\\\/candas365.es\\\/noticias\\\/category\\\/turismo\\\/\",\"nextItem\":{\"@type\":\"ListItem\",\"@id\":\"https:\\\/\\\/candas365.es\\\/noticias\\\/espana-sigue-sumando-turistas\\\/#listItem\",\"name\":\"Espa\\u00f1a sigue sumando turistas\"},\"previousItem\":{\"@type\":\"ListItem\",\"@id\":\"https:\\\/\\\/candas365.es\\\/noticias#listItem\",\"name\":\"Home\"}},{\"@type\":\"ListItem\",\"@id\":\"https:\\\/\\\/candas365.es\\\/noticias\\\/espana-sigue-sumando-turistas\\\/#listItem\",\"position\":3,\"name\":\"Espa\\u00f1a sigue sumando turistas\",\"previousItem\":{\"@type\":\"ListItem\",\"@id\":\"https:\\\/\\\/candas365.es\\\/noticias\\\/category\\\/turismo\\\/#listItem\",\"name\":\"Turismo\"}}]},{\"@type\":\"NewsArticle\",\"@id\":\"https:\\\/\\\/candas365.es\\\/noticias\\\/espana-sigue-sumando-turistas\\\/#newsarticle\",\"name\":\"Espa\\u00f1a sigue sumando turistas | Cand\\u00e1s 365\",\"headline\":\"Espa\\u00f1a sigue sumando turistas\",\"author\":{\"@id\":\"https:\\\/\\\/candas365.es\\\/noticias\\\/author\\\/admin\\\/#author\"},\"publisher\":{\"@id\":\"https:\\\/\\\/candas365.es\\\/noticias\\\/#organization\"},\"image\":{\"@type\":\"ImageObject\",\"url\":\"https:\\\/\\\/candas365.es\\\/noticias\\\/wp-content\\\/uploads\\\/2026\\\/09\\\/Espana-sigue-sumando-turistas.jpg\",\"width\":1273,\"height\":820,\"caption\":\"Nacho Cubero - Europa Press - Archivo\"},\"datePublished\":\"2026-09-04T21:55:56+02:00\",\"dateModified\":\"2026-09-04T21:55:56+02:00\",\"inLanguage\":\"es-ES\",\"mainEntityOfPage\":{\"@id\":\"https:\\\/\\\/candas365.es\\\/noticias\\\/espana-sigue-sumando-turistas\\\/#webpage\"},\"isPartOf\":{\"@id\":\"https:\\\/\\\/candas365.es\\\/noticias\\\/espana-sigue-sumando-turistas\\\/#webpage\"},\"articleSection\":\"Turismo, Espa\\u00f1a, turismo\",\"dateline\":\"Publicado el septiembre 4, 2026.\"},{\"@type\":\"Organization\",\"@id\":\"https:\\\/\\\/candas365.es\\\/noticias\\\/#organization\",\"name\":\"Cand\\u00e1s 365\",\"description\":\"Cand\\u00e1s 365 es un diario digital independiente, fundado en 2012, con base en Asturias. Informamos con rigor sobre actualidad, sociedad, cultura y ocio, con una mirada local y global.\",\"url\":\"https:\\\/\\\/candas365.es\\\/noticias\\\/\",\"email\":\"info@candas365.es\",\"telephone\":\"+34652131393\",\"foundingDate\":\"2012-06-10\",\"logo\":{\"@type\":\"ImageObject\",\"url\":\"https:\\\/\\\/candas365.es\\\/noticias\\\/wp-content\\\/uploads\\\/2024\\\/09\\\/Candas-365-Redes.jpg\",\"@id\":\"https:\\\/\\\/candas365.es\\\/noticias\\\/espana-sigue-sumando-turistas\\\/#organizationLogo\",\"width\":1152,\"height\":864,\"caption\":\"Cand\\u00e1s 365 Redes\"},\"image\":{\"@id\":\"https:\\\/\\\/candas365.es\\\/noticias\\\/espana-sigue-sumando-turistas\\\/#organizationLogo\"},\"sameAs\":[\"https:\\\/\\\/www.facebook.com\\\/Nachofdezber\",\"https:\\\/\\\/x.com\\\/candas365\",\"https:\\\/\\\/www.instagram.com\\\/nachofdezber\\\/\",\"https:\\\/\\\/www.youtube.com\\\/channel\\\/UCZP-2wLEB9Rv6erhFmqVnvg\"],\"address\":{\"@id\":\"https:\\\/\\\/candas365.es\\\/noticias\\\/#postaladdress\",\"@type\":\"PostalAddress\",\"streetAddress\":\"san antonio 4, san antonio 4\",\"postalCode\":\"33430\",\"addressLocality\":\"Cand\\u00e1s\",\"addressRegion\":\"Asturias\",\"addressCountry\":\"ES\"}},{\"@type\":\"Person\",\"@id\":\"https:\\\/\\\/candas365.es\\\/noticias\\\/author\\\/admin\\\/#author\",\"url\":\"https:\\\/\\\/candas365.es\\\/noticias\\\/author\\\/admin\\\/\",\"name\":\"Cand\\u00e1s 365\",\"image\":{\"@type\":\"ImageObject\",\"@id\":\"https:\\\/\\\/candas365.es\\\/noticias\\\/espana-sigue-sumando-turistas\\\/#authorImage\",\"url\":\"https:\\\/\\\/candas365.es\\\/noticias\\\/wp-content\\\/uploads\\\/2026\\\/07\\\/cropped-eyevuvEl_400x400-96x96.jpg\",\"width\":96,\"height\":96,\"caption\":\"Cand\\u00e1s 365\"},\"sameAs\":[\"https:\\\/\\\/www.facebook.com\\\/Nachofdezber\",\"https:\\\/\\\/x.com\\\/candas365\",\"https:\\\/\\\/www.instagram.com\\\/nachofdezber\\\/\",\"https:\\\/\\\/www.youtube.com\\\/channel\\\/UCZP-2wLEB9Rv6erhFmqVnvg\"]},{\"@type\":\"WebPage\",\"@id\":\"https:\\\/\\\/candas365.es\\\/noticias\\\/espana-sigue-sumando-turistas\\\/#webpage\",\"url\":\"https:\\\/\\\/candas365.es\\\/noticias\\\/espana-sigue-sumando-turistas\\\/\",\"name\":\"Espa\\u00f1a sigue sumando turistas | Cand\\u00e1s 365\",\"description\":\"Espa\\u00f1a sigue sumando turistas durante el a\\u00f1o 2026, con cifras que gener\\u00e1n optimismo en el sector, y eso a\\u00fan sin tener contabilizados los datos de la campa\\u00f1a\",\"inLanguage\":\"es-ES\",\"isPartOf\":{\"@id\":\"https:\\\/\\\/candas365.es\\\/noticias\\\/#website\"},\"breadcrumb\":{\"@id\":\"https:\\\/\\\/candas365.es\\\/noticias\\\/espana-sigue-sumando-turistas\\\/#breadcrumblist\"},\"author\":{\"@id\":\"https:\\\/\\\/candas365.es\\\/noticias\\\/author\\\/admin\\\/#author\"},\"creator\":{\"@id\":\"https:\\\/\\\/candas365.es\\\/noticias\\\/author\\\/admin\\\/#author\"},\"image\":{\"@type\":\"ImageObject\",\"url\":\"https:\\\/\\\/candas365.es\\\/noticias\\\/wp-content\\\/uploads\\\/2026\\\/09\\\/Espana-sigue-sumando-turistas.jpg\",\"@id\":\"https:\\\/\\\/candas365.es\\\/noticias\\\/espana-sigue-sumando-turistas\\\/#mainImage\",\"width\":1273,\"height\":820,\"caption\":\"Nacho Cubero - Europa Press - Archivo\"},\"primaryImageOfPage\":{\"@id\":\"https:\\\/\\\/candas365.es\\\/noticias\\\/espana-sigue-sumando-turistas\\\/#mainImage\"},\"datePublished\":\"2026-09-04T21:55:56+02:00\",\"dateModified\":\"2026-09-04T21:55:56+02:00\"},{\"@type\":\"WebSite\",\"@id\":\"https:\\\/\\\/candas365.es\\\/noticias\\\/#website\",\"url\":\"https:\\\/\\\/candas365.es\\\/noticias\\\/\",\"name\":\"Cand\\u00e1s 365\",\"alternateName\":\"Cand\\u00e1s 365 Noticias\",\"description\":\"Actualidad desde Carre\\u00f1o para el mundo\",\"inLanguage\":\"es-ES\",\"publisher\":{\"@id\":\"https:\\\/\\\/candas365.es\\\/noticias\\\/#organization\"}}]}\n\t\t<\/script>\n\t\t<!-- All in One SEO Pro -->\r\n\t\t<title>Espa\u00f1a sigue sumando turistas | Cand\u00e1s 365<\/title>\n\n","aioseo_head_json":{"title":"Espa\u00f1a sigue sumando turistas | Cand\u00e1s 365","description":"Espa\u00f1a sigue sumando turistas durante el a\u00f1o 2026, con cifras que gener\u00e1n optimismo en el sector, y eso a\u00fan sin tener contabilizados los datos de la campa\u00f1a","canonical_url":"https:\/\/candas365.es\/noticias\/espana-sigue-sumando-turistas\/","robots":"max-image-preview:large","keywords":"turismo","webmasterTools":{"google-site-verification":"UA-32230408-1","msvalidate.01":"354F3CDFB2DA171B47FBE9ABF1F88D5","miscellaneous":""},"schema":{"@context":"https:\/\/schema.org","@graph":[{"@type":"BreadcrumbList","@id":"https:\/\/candas365.es\/noticias\/espana-sigue-sumando-turistas\/#breadcrumblist","itemListElement":[{"@type":"ListItem","@id":"https:\/\/candas365.es\/noticias#listItem","position":1,"name":"Home","item":"https:\/\/candas365.es\/noticias","nextItem":{"@type":"ListItem","@id":"https:\/\/candas365.es\/noticias\/category\/turismo\/#listItem","name":"Turismo"}},{"@type":"ListItem","@id":"https:\/\/candas365.es\/noticias\/category\/turismo\/#listItem","position":2,"name":"Turismo","item":"https:\/\/candas365.es\/noticias\/category\/turismo\/","nextItem":{"@type":"ListItem","@id":"https:\/\/candas365.es\/noticias\/espana-sigue-sumando-turistas\/#listItem","name":"Espa\u00f1a sigue sumando turistas"},"previousItem":{"@type":"ListItem","@id":"https:\/\/candas365.es\/noticias#listItem","name":"Home"}},{"@type":"ListItem","@id":"https:\/\/candas365.es\/noticias\/espana-sigue-sumando-turistas\/#listItem","position":3,"name":"Espa\u00f1a sigue sumando turistas","previousItem":{"@type":"ListItem","@id":"https:\/\/candas365.es\/noticias\/category\/turismo\/#listItem","name":"Turismo"}}]},{"@type":"NewsArticle","@id":"https:\/\/candas365.es\/noticias\/espana-sigue-sumando-turistas\/#newsarticle","name":"Espa\u00f1a sigue sumando turistas | Cand\u00e1s 365","headline":"Espa\u00f1a sigue sumando turistas","author":{"@id":"https:\/\/candas365.es\/noticias\/author\/admin\/#author"},"publisher":{"@id":"https:\/\/candas365.es\/noticias\/#organization"},"image":{"@type":"ImageObject","url":"https:\/\/candas365.es\/noticias\/wp-content\/uploads\/2026\/09\/Espana-sigue-sumando-turistas.jpg","width":1273,"height":820,"caption":"Nacho Cubero - Europa Press - Archivo"},"datePublished":"2026-09-04T21:55:56+02:00","dateModified":"2026-09-04T21:55:56+02:00","inLanguage":"es-ES","mainEntityOfPage":{"@id":"https:\/\/candas365.es\/noticias\/espana-sigue-sumando-turistas\/#webpage"},"isPartOf":{"@id":"https:\/\/candas365.es\/noticias\/espana-sigue-sumando-turistas\/#webpage"},"articleSection":"Turismo, Espa\u00f1a, turismo","dateline":"Publicado el septiembre 4, 2026."},{"@type":"Organization","@id":"https:\/\/candas365.es\/noticias\/#organization","name":"Cand\u00e1s 365","description":"Cand\u00e1s 365 es un diario digital independiente, fundado en 2012, con base en Asturias. Informamos con rigor sobre actualidad, sociedad, cultura y ocio, con una mirada local y global.","url":"https:\/\/candas365.es\/noticias\/","email":"info@candas365.es","telephone":"+34652131393","foundingDate":"2012-06-10","logo":{"@type":"ImageObject","url":"https:\/\/candas365.es\/noticias\/wp-content\/uploads\/2024\/09\/Candas-365-Redes.jpg","@id":"https:\/\/candas365.es\/noticias\/espana-sigue-sumando-turistas\/#organizationLogo","width":1152,"height":864,"caption":"Cand\u00e1s 365 Redes"},"image":{"@id":"https:\/\/candas365.es\/noticias\/espana-sigue-sumando-turistas\/#organizationLogo"},"sameAs":["https:\/\/www.facebook.com\/Nachofdezber","https:\/\/x.com\/candas365","https:\/\/www.instagram.com\/nachofdezber\/","https:\/\/www.youtube.com\/channel\/UCZP-2wLEB9Rv6erhFmqVnvg"],"address":{"@id":"https:\/\/candas365.es\/noticias\/#postaladdress","@type":"PostalAddress","streetAddress":"san antonio 4, san antonio 4","postalCode":"33430","addressLocality":"Cand\u00e1s","addressRegion":"Asturias","addressCountry":"ES"}},{"@type":"Person","@id":"https:\/\/candas365.es\/noticias\/author\/admin\/#author","url":"https:\/\/candas365.es\/noticias\/author\/admin\/","name":"Cand\u00e1s 365","image":{"@type":"ImageObject","@id":"https:\/\/candas365.es\/noticias\/espana-sigue-sumando-turistas\/#authorImage","url":"https:\/\/candas365.es\/noticias\/wp-content\/uploads\/2026\/07\/cropped-eyevuvEl_400x400-96x96.jpg","width":96,"height":96,"caption":"Cand\u00e1s 365"},"sameAs":["https:\/\/www.facebook.com\/Nachofdezber","https:\/\/x.com\/candas365","https:\/\/www.instagram.com\/nachofdezber\/","https:\/\/www.youtube.com\/channel\/UCZP-2wLEB9Rv6erhFmqVnvg"]},{"@type":"WebPage","@id":"https:\/\/candas365.es\/noticias\/espana-sigue-sumando-turistas\/#webpage","url":"https:\/\/candas365.es\/noticias\/espana-sigue-sumando-turistas\/","name":"Espa\u00f1a sigue sumando turistas | Cand\u00e1s 365","description":"Espa\u00f1a sigue sumando turistas durante el a\u00f1o 2026, con cifras que gener\u00e1n optimismo en el sector, y eso a\u00fan sin tener contabilizados los datos de la campa\u00f1a","inLanguage":"es-ES","isPartOf":{"@id":"https:\/\/candas365.es\/noticias\/#website"},"breadcrumb":{"@id":"https:\/\/candas365.es\/noticias\/espana-sigue-sumando-turistas\/#breadcrumblist"},"author":{"@id":"https:\/\/candas365.es\/noticias\/author\/admin\/#author"},"creator":{"@id":"https:\/\/candas365.es\/noticias\/author\/admin\/#author"},"image":{"@type":"ImageObject","url":"https:\/\/candas365.es\/noticias\/wp-content\/uploads\/2026\/09\/Espana-sigue-sumando-turistas.jpg","@id":"https:\/\/candas365.es\/noticias\/espana-sigue-sumando-turistas\/#mainImage","width":1273,"height":820,"caption":"Nacho Cubero - Europa Press - Archivo"},"primaryImageOfPage":{"@id":"https:\/\/candas365.es\/noticias\/espana-sigue-sumando-turistas\/#mainImage"},"datePublished":"2026-09-04T21:55:56+02:00","dateModified":"2026-09-04T21:55:56+02:00"},{"@type":"WebSite","@id":"https:\/\/candas365.es\/noticias\/#website","url":"https:\/\/candas365.es\/noticias\/","name":"Cand\u00e1s 365","alternateName":"Cand\u00e1s 365 Noticias","description":"Actualidad desde Carre\u00f1o para el mundo","inLanguage":"es-ES","publisher":{"@id":"https:\/\/candas365.es\/noticias\/#organization"}}]},"og:locale":"es_ES","og:site_name":"Cand\u00e1s 365","og:type":"article","og:title":"Espa\u00f1a sigue sumando turistas \u2013 Cand\u00e1s 365","og:description":"Espa\u00f1a sigue sumando turistas durante el a\u00f1o 2026, con cifras que gener\u00e1n optimismo en el sector, y eso a\u00fan sin tener contabilizados los datos de la campa\u00f1a","og:url":"https:\/\/candas365.es\/noticias\/espana-sigue-sumando-turistas\/","og:image":"https:\/\/candas365.es\/noticias\/wp-content\/uploads\/2026\/09\/Espana-sigue-sumando-turistas.jpg","og:image:secure_url":"https:\/\/candas365.es\/noticias\/wp-content\/uploads\/2026\/09\/Espana-sigue-sumando-turistas.jpg","og:image:width":1273,"og:image:height":820,"article:published_time":"2026-09-04T19:55:56+00:00","article:modified_time":"2026-09-04T19:55:56+00:00","article:publisher":"https:\/\/www.facebook.com\/Nachofdezber","article:author":"https:\/\/www.facebook.com\/Nachofdezber","twitter:card":"summary_large_image","twitter:site":"@candas365","twitter:title":"Espa\u00f1a sigue sumando turistas \u2013 Cand\u00e1s 365","twitter:description":"Espa\u00f1a sigue sumando turistas durante el a\u00f1o 2026, con cifras que gener\u00e1n optimismo en el sector, y eso a\u00fan sin tener contabilizados los datos de la campa\u00f1a","twitter:creator":"@candas365","twitter:image":"https:\/\/candas365.es\/noticias\/wp-content\/uploads\/2026\/09\/Espana-sigue-sumando-turistas.jpg","twitter:label1":"Escrito por","twitter:data1":"Cand\u00e1s 365","twitter:label2":"Tiempo de lectura estimado","twitter:data2":"3 minutos"},"aioseo_meta_data":{"post_id":"198030","title":null,"description":"Espa\u00f1a sigue sumando turistas durante el a\u00f1o 2026, con cifras que gener\u00e1n optimismo en el sector, y eso a\u00fan sin tener contabilizados los datos de la campa\u00f1a","keywords":null,"keyphrases":{"focus":{"keyphrase":"turistas","score":0,"analysis":[]},"additional":[{"keyphrase":"Espa\u00f1a turistas","score":100},{"keyphrase":"Espa\u00f1a","score":0}]},"primary_term":null,"canonical_url":null,"og_title":"#post_title #separator_sa #site_title","og_description":"Espa\u00f1a sigue sumando turistas durante el a\u00f1o 2026, con cifras que gener\u00e1n optimismo en el sector, y eso a\u00fan sin tener contabilizados los datos de la campa\u00f1a","og_object_type":"default","og_image_type":"default","og_image_url":null,"og_image_width":null,"og_image_height":null,"og_image_custom_url":null,"og_image_custom_fields":null,"og_video":"","og_custom_url":null,"og_article_section":null,"og_article_tags":null,"twitter_use_og":true,"twitter_card":"default","twitter_image_type":"default","twitter_image_url":null,"twitter_image_custom_url":null,"twitter_image_custom_fields":null,"twitter_title":null,"twitter_description":null,"schema":{"blockGraphs":[],"customGraphs":[],"default":{"data":{"Article":[],"Course":[],"Dataset":[],"FAQPage":[],"Movie":[],"Person":[],"Product":[],"ProductReview":[],"Car":[],"Recipe":[],"Service":[],"SoftwareApplication":[],"WebPage":[]},"graphName":"NewsArticle","isEnabled":true},"graphs":[]},"schema_type":"default","schema_type_options":null,"pillar_content":false,"robots_default":true,"robots_noindex":false,"robots_noarchive":false,"robots_nosnippet":false,"robots_nofollow":false,"robots_noimageindex":false,"robots_noodp":false,"robots_notranslate":false,"robots_max_snippet":"-1","robots_max_videopreview":"-1","robots_max_imagepreview":"large","priority":null,"frequency":"default","location":null,"local_seo":null,"seo_analyzer_scan_date":"2026-09-04 19:56:30","breadcrumb_settings":null,"limit_modified_date":false,"reviewed_by":"0","open_ai":null,"ai":{"faqs":[],"keyPoints":[],"schemas":[],"titles":[],"descriptions":[],"socialPosts":{"email":{"subject":"","preview":"","content":""},"linkedin":[],"twitter":[],"facebook":[],"instagram":[]}},"created":"2026-09-04 19:47:29","updated":"2026-09-04 20:28:08","focus_keyword":"turistas","additional_keywords":[{"word":"Espa\u00f1a turistas","score":100,"items":{"introductionKeyword":{"score":9},"keyphraseLength":{"score":9},"keyphraseDensity":{"score":9},"functionWordsInKeyphrase":{"score":9},"textCompetingLinks":{"score":9},"imageKeyphrase":{"score":9}}},{"word":"Espa\u00f1a","score":91,"items":{"introductionKeyword":{"score":9},"keyphraseLength":{"score":9},"keyphraseDensity":{"score":4},"functionWordsInKeyphrase":{"score":9},"textCompetingLinks":{"score":9},"imageKeyphrase":{"score":9}}}],"truseo_locale":null},"aioseo_breadcrumb":"<div class=\"aioseo-breadcrumbs\"><span class=\"aioseo-breadcrumb\">\n\t<a href=\"https:\/\/candas365.es\/noticias\" title=\"Home\">Home<\/a>\n<\/span><span class=\"aioseo-breadcrumb-separator\">&ndash;<\/span><span class=\"aioseo-breadcrumb\">\n\t<a href=\"https:\/\/candas365.es\/noticias\/category\/turismo\/\" title=\"Turismo\">Turismo<\/a>\n<\/span><span class=\"aioseo-breadcrumb-separator\">&ndash;<\/span><span class=\"aioseo-breadcrumb\">\n\tEspa\u00f1a sigue sumando turistas\n<\/span><\/div>","aioseo_breadcrumb_json":[{"label":"Home","link":"https:\/\/candas365.es\/noticias"},{"label":"Turismo","link":"https:\/\/candas365.es\/noticias\/category\/turismo\/"},{"label":"Espa\u00f1a sigue sumando turistas","link":"https:\/\/candas365.es\/noticias\/espana-sigue-sumando-turistas\/"}],"_links":{"self":[{"href":"https:\/\/candas365.es\/noticias\/wp-json\/wp\/v2\/posts\/198030","targetHints":{"allow":["GET"]}}],"collection":[{"href":"https:\/\/candas365.es\/noticias\/wp-json\/wp\/v2\/posts"}],"about":[{"href":"https:\/\/candas365.es\/noticias\/wp-json\/wp\/v2\/types\/post"}],"author":[{"embeddable":true,"href":"https:\/\/candas365.es\/noticias\/wp-json\/wp\/v2\/users\/1"}],"replies":[{"embeddable":true,"href":"https:\/\/candas365.es\/noticias\/wp-json\/wp\/v2\/comments?post=198030"}],"version-history":[{"count":1,"href":"https:\/\/candas365.es\/noticias\/wp-json\/wp\/v2\/posts\/198030\/revisions"}],"predecessor-version":[{"id":198032,"href":"https:\/\/candas365.es\/noticias\/wp-json\/wp\/v2\/posts\/198030\/revisions\/198032"}],"wp:featuredmedia":[{"embeddable":true,"href":"https:\/\/candas365.es\/noticias\/wp-json\/wp\/v2\/media\/198031"}],"wp:attachment":[{"href":"https:\/\/candas365.es\/noticias\/wp-json\/wp\/v2\/media?parent=198030"}],"wp:term":[{"taxonomy":"category","embeddable":true,"href":"https:\/\/candas365.es\/noticias\/wp-json\/wp\/v2\/categories?post=198030"},{"taxonomy":"post_tag","embeddable":true,"href":"https:\/\/candas365.es\/noticias\/wp-json\/wp\/v2\/tags?post=198030"}],"curies":[{"name":"wp","href":"https:\/\/api.w.org\/{rel}","templated":true}]}}