{"id":198027,"date":"2026-09-04T21:22:42","date_gmt":"2026-09-04T19:22:42","guid":{"rendered":"https:\/\/candas365.es\/noticias\/?p=198027"},"modified":"2026-09-04T21:22:42","modified_gmt":"2026-09-04T19:22:42","slug":"volkswagen-pacta-recortes-sin-precedentes","status":"publish","type":"post","link":"https:\/\/candas365.es\/noticias\/volkswagen-pacta-recortes-sin-precedentes\/","title":{"rendered":"Volkswagen pacta recortes sin precedentes"},"content":{"rendered":"<p>Wolfsburgo (Alemania), 4 sep (<a href=\"https:\/\/www.dpa-news.de\/\" target=\"_blank\" rel=\"noopener\"><span style=\"color: #ff6600;\"><strong>dpa<\/strong><\/span><\/a>) &#8211; El acuerdo sorpresa sobre un paquete integral de recortes que incluye la eliminaci\u00f3n de 50.000 puestos de trabajo en <a href=\"https:\/\/candas365.es\/noticias\/category\/canal-empresas\/\"><span style=\"color: #ff6600;\"><strong>Volkswagen<\/strong><\/span><\/a>, el mayor fabricante de autos de Europa, caus\u00f3 hoy consternaci\u00f3n en Alemania, donde el futuro de cuatro plantas importantes sigue siendo incierto.<\/p>\n<figure id=\"attachment_198028\" aria-describedby=\"caption-attachment-198028\" style=\"width: 650px\" class=\"wp-caption aligncenter\"><img fetchpriority=\"high\" decoding=\"async\" class=\"size-large wp-image-198028\" src=\"https:\/\/candas365.es\/noticias\/wp-content\/uploads\/2026\/09\/Volkswagen-pacta-recortes-sin-precedentes-650x429.jpg\" alt=\"Volkswagen pacta recortes sin precedentes\" width=\"650\" height=\"429\" srcset=\"https:\/\/candas365.es\/noticias\/wp-content\/uploads\/2026\/09\/Volkswagen-pacta-recortes-sin-precedentes-650x429.jpg 650w, https:\/\/candas365.es\/noticias\/wp-content\/uploads\/2026\/09\/Volkswagen-pacta-recortes-sin-precedentes-360x238.jpg 360w, https:\/\/candas365.es\/noticias\/wp-content\/uploads\/2026\/09\/Volkswagen-pacta-recortes-sin-precedentes-768x507.jpg 768w, https:\/\/candas365.es\/noticias\/wp-content\/uploads\/2026\/09\/Volkswagen-pacta-recortes-sin-precedentes-150x99.jpg 150w, https:\/\/candas365.es\/noticias\/wp-content\/uploads\/2026\/09\/Volkswagen-pacta-recortes-sin-precedentes-450x297.jpg 450w, https:\/\/candas365.es\/noticias\/wp-content\/uploads\/2026\/09\/Volkswagen-pacta-recortes-sin-precedentes-1200x792.jpg 1200w, https:\/\/candas365.es\/noticias\/wp-content\/uploads\/2026\/09\/Volkswagen-pacta-recortes-sin-precedentes.jpg 1253w\" sizes=\"(max-width: 650px) 100vw, 650px\" \/><figcaption id=\"caption-attachment-198028\" class=\"wp-caption-text\">F\u00e1brica principal del grupo Volkswagen en Wolfsburgo. Foto: Moritz Frankenberg\/dpa<\/figcaption><\/figure>\n<p>El alcalde de Hannover, Belit Onay, dijo sentirse \u00abextremadamente frustrado\u00bb por el acuerdo sobre el llamado \u00abPlan Futuro 2030\u00bb de la empresa, que fue aprobado por unanimidad en una reuni\u00f3n del consejo de supervisi\u00f3n el jueves por la noche.<\/p>\n<p>La ciudad del norte de Alemania alberga una de las cuatro plantas \u2014junto con Emden, Zwickau y Neckarsulm\u2014 en las que Volkswagen afirm\u00f3 que no puede garantizar la producci\u00f3n m\u00e1s all\u00e1 de 2031, por lo que se est\u00e1n evaluando usos alternativos para ellas.<\/p>\n<p>\u00abPersiste la incertidumbre para el personal, y las pr\u00f3ximas semanas ser\u00e1n dif\u00edciles\u00bb, dijo el alcalde de Emden, Tim Kruithoff.<\/p>\n<p>Los inversionistas se mostraron m\u00e1s impresionados por los planes del fabricante de autos: en el \u00edndice burs\u00e1til alem\u00e1n DAX, las acciones preferentes de Volkswagen subieron hoy casi un 10 %.<\/p>\n<p>El grupo Volkswagen \u2014propietario de marcas como Audi, Porsche, Seat y \u0160koda\u2014 es uno de varios fabricantes de autos alemanes que buscan ser m\u00e1s eficientes y rentables ante la intensa competencia de China. La empresa anunci\u00f3 50.000 recortes de empleo para 2024, lo que significa que el total de puestos de trabajo perdidos para finales de la d\u00e9cada alcanzar\u00e1 ahora las seis cifras.<\/p>\n<p>Sin embargo, no todos los recortes se realizar\u00e1n en Alemania. Olaf Lies, primer ministro del estado norte\u00f1o de Baja Sajonia, donde Volkswagen tiene su sede, dijo hoy que solo la mitad de los 50.000 recortes afectar\u00edan a Alemania. La empresa contaba con alrededor de 284.000 empleados en todo el pa\u00eds a finales de 2025.<\/p>\n<p>El director general, Oliver Blume, calific\u00f3 el acuerdo \u2014que recibi\u00f3 el respaldo de los representantes sindicales y del comit\u00e9 de empresa tras semanas de especulaciones sobre los recortes\u2014 como una \u00abse\u00f1al contundente para el futuro del grupo Volkswagen\u00bb.<\/p>\n<p>El portavoz del Gobierno alem\u00e1n Sebastian Hille tambi\u00e9n elogi\u00f3 hoy el acuerdo .<\/p>\n<p>Pero a\u00fan quedan preguntas por resolver, especialmente en lo que respecta al futuro de las cuatro plantas afectadas. Entre las opciones que se est\u00e1n analizando se encuentran el uso temporal de las plantas para la producci\u00f3n de material de defensa o la fabricaci\u00f3n de modelos de Volkswagen que hasta ahora solo se han producido en f\u00e1bricas chinas.<\/p>\n","protected":false},"excerpt":{"rendered":"<p>Wolfsburgo (Alemania), 4 sep (dpa) &#8211; El acuerdo sorpresa sobre un paquete integral de recortes que incluye la eliminaci\u00f3n de 50.000 puestos de trabajo en Volkswagen, el mayor fabricante de autos de Europa, caus\u00f3 hoy consternaci\u00f3n en Alemania, donde el futuro de cuatro plantas importantes sigue siendo incierto. El alcalde de Hannover, Belit Onay, dijo<\/p>\n","protected":false},"author":1,"featured_media":198028,"comment_status":"closed","ping_status":"closed","sticky":false,"template":"","format":"standard","meta":{"footnotes":""},"categories":[151],"tags":[383,420],"class_list":["post-198027","post","type-post","status-publish","format-standard","has-post-thumbnail","category-canal-empresas","tag-empresas","tag-motor"],"aioseo_notices":[],"aioseo_head":"\n\t\t<!-- All in One SEO Pro 5.0.1.1 - aioseo.com -->\n\t<meta name=\"description\" content=\"Wolfsburgo (Alemania), 4 sep (dpa) - El acuerdo sorpresa sobre un paquete integral de recortes que incluye la eliminaci\u00f3n de 50.000 puestos de trabajo en Volkswagen\" \/>\n\t<meta name=\"robots\" content=\"max-image-preview:large\" \/>\n\t<meta name=\"author\" content=\"Cand\u00e1s 365\"\/>\n\t<meta name=\"google-site-verification\" content=\"UA-32230408-1\" \/>\n\t<meta name=\"msvalidate.01\" content=\"354F3CDFB2DA171B47FBE9ABF1F88D5\" \/>\n\t<meta name=\"keywords\" content=\"canal empresas\" \/>\n\t<link rel=\"canonical\" href=\"https:\/\/candas365.es\/noticias\/volkswagen-pacta-recortes-sin-precedentes\/\" \/>\n\t<meta name=\"generator\" content=\"All in One SEO Pro (AIOSEO) 5.0.1.1\" \/>\n\t\t<meta property=\"og:locale\" content=\"es_ES\" \/>\n\t\t<meta property=\"og:site_name\" content=\"Cand\u00e1s 365\" \/>\n\t\t<meta property=\"og:type\" content=\"article\" \/>\n\t\t<meta property=\"og:title\" content=\"Volkswagen pacta recortes sin precedentes \u2013 Cand\u00e1s 365\" \/>\n\t\t<meta property=\"og:description\" content=\"Wolfsburgo (Alemania), 4 sep (dpa) - El acuerdo sorpresa sobre un paquete integral de recortes que incluye la eliminaci\u00f3n de 50.000 puestos de trabajo en Volkswagen\" \/>\n\t\t<meta property=\"og:url\" content=\"https:\/\/candas365.es\/noticias\/volkswagen-pacta-recortes-sin-precedentes\/\" \/>\n\t\t<meta property=\"og:image\" content=\"https:\/\/candas365.es\/noticias\/wp-content\/uploads\/2026\/09\/Volkswagen-pacta-recortes-sin-precedentes.jpg\" \/>\n\t\t<meta property=\"og:image:secure_url\" content=\"https:\/\/candas365.es\/noticias\/wp-content\/uploads\/2026\/09\/Volkswagen-pacta-recortes-sin-precedentes.jpg\" \/>\n\t\t<meta property=\"og:image:width\" content=\"1253\" \/>\n\t\t<meta property=\"og:image:height\" content=\"827\" \/>\n\t\t<meta property=\"article:published_time\" content=\"2026-09-04T19:22:42+00:00\" \/>\n\t\t<meta property=\"article:modified_time\" content=\"2026-09-04T19:22:42+00:00\" \/>\n\t\t<meta property=\"article:publisher\" content=\"https:\/\/www.facebook.com\/Nachofdezber\" \/>\n\t\t<meta property=\"article:author\" content=\"https:\/\/www.facebook.com\/Nachofdezber\" \/>\n\t\t<meta name=\"twitter:card\" content=\"summary_large_image\" \/>\n\t\t<meta name=\"twitter:site\" content=\"@candas365\" \/>\n\t\t<meta name=\"twitter:title\" content=\"Volkswagen pacta recortes sin precedentes \u2013 Cand\u00e1s 365\" \/>\n\t\t<meta name=\"twitter:description\" content=\"Wolfsburgo (Alemania), 4 sep (dpa) - El acuerdo sorpresa sobre un paquete integral de recortes que incluye la eliminaci\u00f3n de 50.000 puestos de trabajo en Volkswagen\" \/>\n\t\t<meta name=\"twitter:creator\" content=\"@candas365\" \/>\n\t\t<meta name=\"twitter:image\" content=\"https:\/\/candas365.es\/noticias\/wp-content\/uploads\/2026\/09\/Volkswagen-pacta-recortes-sin-precedentes.jpg\" \/>\n\t\t<meta name=\"twitter:label1\" content=\"Escrito por\" \/>\n\t\t<meta name=\"twitter:data1\" content=\"Cand\u00e1s 365\" \/>\n\t\t<meta name=\"twitter:label2\" content=\"Tiempo de lectura estimado\" \/>\n\t\t<meta name=\"twitter:data2\" content=\"2 minutos\" \/>\n\t\t<script type=\"application\/ld+json\" class=\"aioseo-schema\">\n\t\t\t{\"@context\":\"https:\\\/\\\/schema.org\",\"@graph\":[{\"@type\":\"BreadcrumbList\",\"@id\":\"https:\\\/\\\/candas365.es\\\/noticias\\\/volkswagen-pacta-recortes-sin-precedentes\\\/#breadcrumblist\",\"itemListElement\":[{\"@type\":\"ListItem\",\"@id\":\"https:\\\/\\\/candas365.es\\\/noticias#listItem\",\"position\":1,\"name\":\"Home\",\"item\":\"https:\\\/\\\/candas365.es\\\/noticias\",\"nextItem\":{\"@type\":\"ListItem\",\"@id\":\"https:\\\/\\\/candas365.es\\\/noticias\\\/category\\\/canal-empresas\\\/#listItem\",\"name\":\"Canal Empresas\"}},{\"@type\":\"ListItem\",\"@id\":\"https:\\\/\\\/candas365.es\\\/noticias\\\/category\\\/canal-empresas\\\/#listItem\",\"position\":2,\"name\":\"Canal Empresas\",\"item\":\"https:\\\/\\\/candas365.es\\\/noticias\\\/category\\\/canal-empresas\\\/\",\"nextItem\":{\"@type\":\"ListItem\",\"@id\":\"https:\\\/\\\/candas365.es\\\/noticias\\\/volkswagen-pacta-recortes-sin-precedentes\\\/#listItem\",\"name\":\"Volkswagen pacta recortes sin precedentes\"},\"previousItem\":{\"@type\":\"ListItem\",\"@id\":\"https:\\\/\\\/candas365.es\\\/noticias#listItem\",\"name\":\"Home\"}},{\"@type\":\"ListItem\",\"@id\":\"https:\\\/\\\/candas365.es\\\/noticias\\\/volkswagen-pacta-recortes-sin-precedentes\\\/#listItem\",\"position\":3,\"name\":\"Volkswagen pacta recortes sin precedentes\",\"previousItem\":{\"@type\":\"ListItem\",\"@id\":\"https:\\\/\\\/candas365.es\\\/noticias\\\/category\\\/canal-empresas\\\/#listItem\",\"name\":\"Canal Empresas\"}}]},{\"@type\":\"NewsArticle\",\"@id\":\"https:\\\/\\\/candas365.es\\\/noticias\\\/volkswagen-pacta-recortes-sin-precedentes\\\/#newsarticle\",\"name\":\"Volkswagen pacta recortes sin precedentes | Cand\\u00e1s 365\",\"headline\":\"Volkswagen pacta recortes sin precedentes\",\"author\":{\"@id\":\"https:\\\/\\\/candas365.es\\\/noticias\\\/author\\\/admin\\\/#author\"},\"publisher\":{\"@id\":\"https:\\\/\\\/candas365.es\\\/noticias\\\/#organization\"},\"image\":{\"@type\":\"ImageObject\",\"url\":\"https:\\\/\\\/candas365.es\\\/noticias\\\/wp-content\\\/uploads\\\/2026\\\/09\\\/Volkswagen-pacta-recortes-sin-precedentes.jpg\",\"width\":1253,\"height\":827,\"caption\":\"F\\u00e1brica principal del grupo Volkswagen en Wolfsburgo. Foto: Moritz Frankenberg\\\/dpa\"},\"datePublished\":\"2026-09-04T21:22:42+02:00\",\"dateModified\":\"2026-09-04T21:22:42+02:00\",\"inLanguage\":\"es-ES\",\"mainEntityOfPage\":{\"@id\":\"https:\\\/\\\/candas365.es\\\/noticias\\\/volkswagen-pacta-recortes-sin-precedentes\\\/#webpage\"},\"isPartOf\":{\"@id\":\"https:\\\/\\\/candas365.es\\\/noticias\\\/volkswagen-pacta-recortes-sin-precedentes\\\/#webpage\"},\"articleSection\":\"Canal Empresas, empresas, Motor\",\"dateline\":\"Publicado el septiembre 4, 2026.\"},{\"@type\":\"Organization\",\"@id\":\"https:\\\/\\\/candas365.es\\\/noticias\\\/#organization\",\"name\":\"Cand\\u00e1s 365\",\"description\":\"Cand\\u00e1s 365 es un diario digital independiente, fundado en 2012, con base en Asturias. Informamos con rigor sobre actualidad, sociedad, cultura y ocio, con una mirada local y global.\",\"url\":\"https:\\\/\\\/candas365.es\\\/noticias\\\/\",\"email\":\"info@candas365.es\",\"telephone\":\"+34652131393\",\"foundingDate\":\"2012-06-10\",\"logo\":{\"@type\":\"ImageObject\",\"url\":\"https:\\\/\\\/candas365.es\\\/noticias\\\/wp-content\\\/uploads\\\/2024\\\/09\\\/Candas-365-Redes.jpg\",\"@id\":\"https:\\\/\\\/candas365.es\\\/noticias\\\/volkswagen-pacta-recortes-sin-precedentes\\\/#organizationLogo\",\"width\":1152,\"height\":864,\"caption\":\"Cand\\u00e1s 365 Redes\"},\"image\":{\"@id\":\"https:\\\/\\\/candas365.es\\\/noticias\\\/volkswagen-pacta-recortes-sin-precedentes\\\/#organizationLogo\"},\"sameAs\":[\"https:\\\/\\\/www.facebook.com\\\/Nachofdezber\",\"https:\\\/\\\/x.com\\\/candas365\",\"https:\\\/\\\/www.instagram.com\\\/nachofdezber\\\/\",\"https:\\\/\\\/www.youtube.com\\\/channel\\\/UCZP-2wLEB9Rv6erhFmqVnvg\"],\"address\":{\"@id\":\"https:\\\/\\\/candas365.es\\\/noticias\\\/#postaladdress\",\"@type\":\"PostalAddress\",\"streetAddress\":\"san antonio 4, san antonio 4\",\"postalCode\":\"33430\",\"addressLocality\":\"Cand\\u00e1s\",\"addressRegion\":\"Asturias\",\"addressCountry\":\"ES\"}},{\"@type\":\"Person\",\"@id\":\"https:\\\/\\\/candas365.es\\\/noticias\\\/author\\\/admin\\\/#author\",\"url\":\"https:\\\/\\\/candas365.es\\\/noticias\\\/author\\\/admin\\\/\",\"name\":\"Cand\\u00e1s 365\",\"image\":{\"@type\":\"ImageObject\",\"@id\":\"https:\\\/\\\/candas365.es\\\/noticias\\\/volkswagen-pacta-recortes-sin-precedentes\\\/#authorImage\",\"url\":\"https:\\\/\\\/candas365.es\\\/noticias\\\/wp-content\\\/uploads\\\/2026\\\/07\\\/cropped-eyevuvEl_400x400-96x96.jpg\",\"width\":96,\"height\":96,\"caption\":\"Cand\\u00e1s 365\"},\"sameAs\":[\"https:\\\/\\\/www.facebook.com\\\/Nachofdezber\",\"https:\\\/\\\/x.com\\\/candas365\",\"https:\\\/\\\/www.instagram.com\\\/nachofdezber\\\/\",\"https:\\\/\\\/www.youtube.com\\\/channel\\\/UCZP-2wLEB9Rv6erhFmqVnvg\"]},{\"@type\":\"WebPage\",\"@id\":\"https:\\\/\\\/candas365.es\\\/noticias\\\/volkswagen-pacta-recortes-sin-precedentes\\\/#webpage\",\"url\":\"https:\\\/\\\/candas365.es\\\/noticias\\\/volkswagen-pacta-recortes-sin-precedentes\\\/\",\"name\":\"Volkswagen pacta recortes sin precedentes | Cand\\u00e1s 365\",\"description\":\"Wolfsburgo (Alemania), 4 sep (dpa) - El acuerdo sorpresa sobre un paquete integral de recortes que incluye la eliminaci\\u00f3n de 50.000 puestos de trabajo en Volkswagen\",\"inLanguage\":\"es-ES\",\"isPartOf\":{\"@id\":\"https:\\\/\\\/candas365.es\\\/noticias\\\/#website\"},\"breadcrumb\":{\"@id\":\"https:\\\/\\\/candas365.es\\\/noticias\\\/volkswagen-pacta-recortes-sin-precedentes\\\/#breadcrumblist\"},\"author\":{\"@id\":\"https:\\\/\\\/candas365.es\\\/noticias\\\/author\\\/admin\\\/#author\"},\"creator\":{\"@id\":\"https:\\\/\\\/candas365.es\\\/noticias\\\/author\\\/admin\\\/#author\"},\"image\":{\"@type\":\"ImageObject\",\"url\":\"https:\\\/\\\/candas365.es\\\/noticias\\\/wp-content\\\/uploads\\\/2026\\\/09\\\/Volkswagen-pacta-recortes-sin-precedentes.jpg\",\"@id\":\"https:\\\/\\\/candas365.es\\\/noticias\\\/volkswagen-pacta-recortes-sin-precedentes\\\/#mainImage\",\"width\":1253,\"height\":827,\"caption\":\"F\\u00e1brica principal del grupo Volkswagen en Wolfsburgo. Foto: Moritz Frankenberg\\\/dpa\"},\"primaryImageOfPage\":{\"@id\":\"https:\\\/\\\/candas365.es\\\/noticias\\\/volkswagen-pacta-recortes-sin-precedentes\\\/#mainImage\"},\"datePublished\":\"2026-09-04T21:22:42+02:00\",\"dateModified\":\"2026-09-04T21:22:42+02:00\"},{\"@type\":\"WebSite\",\"@id\":\"https:\\\/\\\/candas365.es\\\/noticias\\\/#website\",\"url\":\"https:\\\/\\\/candas365.es\\\/noticias\\\/\",\"name\":\"Cand\\u00e1s 365\",\"alternateName\":\"Cand\\u00e1s 365 Noticias\",\"description\":\"Actualidad desde Carre\\u00f1o para el mundo\",\"inLanguage\":\"es-ES\",\"publisher\":{\"@id\":\"https:\\\/\\\/candas365.es\\\/noticias\\\/#organization\"}}]}\n\t\t<\/script>\n\t\t<!-- All in One SEO Pro -->\r\n\t\t<title>Volkswagen pacta recortes sin precedentes | Cand\u00e1s 365<\/title>\n\n","aioseo_head_json":{"title":"Volkswagen pacta recortes sin precedentes | Cand\u00e1s 365","description":"Wolfsburgo (Alemania), 4 sep (dpa) - El acuerdo sorpresa sobre un paquete integral de recortes que incluye la eliminaci\u00f3n de 50.000 puestos de trabajo en Volkswagen","canonical_url":"https:\/\/candas365.es\/noticias\/volkswagen-pacta-recortes-sin-precedentes\/","robots":"max-image-preview:large","keywords":"canal empresas","webmasterTools":{"google-site-verification":"UA-32230408-1","msvalidate.01":"354F3CDFB2DA171B47FBE9ABF1F88D5","miscellaneous":""},"schema":{"@context":"https:\/\/schema.org","@graph":[{"@type":"BreadcrumbList","@id":"https:\/\/candas365.es\/noticias\/volkswagen-pacta-recortes-sin-precedentes\/#breadcrumblist","itemListElement":[{"@type":"ListItem","@id":"https:\/\/candas365.es\/noticias#listItem","position":1,"name":"Home","item":"https:\/\/candas365.es\/noticias","nextItem":{"@type":"ListItem","@id":"https:\/\/candas365.es\/noticias\/category\/canal-empresas\/#listItem","name":"Canal Empresas"}},{"@type":"ListItem","@id":"https:\/\/candas365.es\/noticias\/category\/canal-empresas\/#listItem","position":2,"name":"Canal Empresas","item":"https:\/\/candas365.es\/noticias\/category\/canal-empresas\/","nextItem":{"@type":"ListItem","@id":"https:\/\/candas365.es\/noticias\/volkswagen-pacta-recortes-sin-precedentes\/#listItem","name":"Volkswagen pacta recortes sin precedentes"},"previousItem":{"@type":"ListItem","@id":"https:\/\/candas365.es\/noticias#listItem","name":"Home"}},{"@type":"ListItem","@id":"https:\/\/candas365.es\/noticias\/volkswagen-pacta-recortes-sin-precedentes\/#listItem","position":3,"name":"Volkswagen pacta recortes sin precedentes","previousItem":{"@type":"ListItem","@id":"https:\/\/candas365.es\/noticias\/category\/canal-empresas\/#listItem","name":"Canal Empresas"}}]},{"@type":"NewsArticle","@id":"https:\/\/candas365.es\/noticias\/volkswagen-pacta-recortes-sin-precedentes\/#newsarticle","name":"Volkswagen pacta recortes sin precedentes | Cand\u00e1s 365","headline":"Volkswagen pacta recortes sin precedentes","author":{"@id":"https:\/\/candas365.es\/noticias\/author\/admin\/#author"},"publisher":{"@id":"https:\/\/candas365.es\/noticias\/#organization"},"image":{"@type":"ImageObject","url":"https:\/\/candas365.es\/noticias\/wp-content\/uploads\/2026\/09\/Volkswagen-pacta-recortes-sin-precedentes.jpg","width":1253,"height":827,"caption":"F\u00e1brica principal del grupo Volkswagen en Wolfsburgo. Foto: Moritz Frankenberg\/dpa"},"datePublished":"2026-09-04T21:22:42+02:00","dateModified":"2026-09-04T21:22:42+02:00","inLanguage":"es-ES","mainEntityOfPage":{"@id":"https:\/\/candas365.es\/noticias\/volkswagen-pacta-recortes-sin-precedentes\/#webpage"},"isPartOf":{"@id":"https:\/\/candas365.es\/noticias\/volkswagen-pacta-recortes-sin-precedentes\/#webpage"},"articleSection":"Canal Empresas, empresas, Motor","dateline":"Publicado el septiembre 4, 2026."},{"@type":"Organization","@id":"https:\/\/candas365.es\/noticias\/#organization","name":"Cand\u00e1s 365","description":"Cand\u00e1s 365 es un diario digital independiente, fundado en 2012, con base en Asturias. Informamos con rigor sobre actualidad, sociedad, cultura y ocio, con una mirada local y global.","url":"https:\/\/candas365.es\/noticias\/","email":"info@candas365.es","telephone":"+34652131393","foundingDate":"2012-06-10","logo":{"@type":"ImageObject","url":"https:\/\/candas365.es\/noticias\/wp-content\/uploads\/2024\/09\/Candas-365-Redes.jpg","@id":"https:\/\/candas365.es\/noticias\/volkswagen-pacta-recortes-sin-precedentes\/#organizationLogo","width":1152,"height":864,"caption":"Cand\u00e1s 365 Redes"},"image":{"@id":"https:\/\/candas365.es\/noticias\/volkswagen-pacta-recortes-sin-precedentes\/#organizationLogo"},"sameAs":["https:\/\/www.facebook.com\/Nachofdezber","https:\/\/x.com\/candas365","https:\/\/www.instagram.com\/nachofdezber\/","https:\/\/www.youtube.com\/channel\/UCZP-2wLEB9Rv6erhFmqVnvg"],"address":{"@id":"https:\/\/candas365.es\/noticias\/#postaladdress","@type":"PostalAddress","streetAddress":"san antonio 4, san antonio 4","postalCode":"33430","addressLocality":"Cand\u00e1s","addressRegion":"Asturias","addressCountry":"ES"}},{"@type":"Person","@id":"https:\/\/candas365.es\/noticias\/author\/admin\/#author","url":"https:\/\/candas365.es\/noticias\/author\/admin\/","name":"Cand\u00e1s 365","image":{"@type":"ImageObject","@id":"https:\/\/candas365.es\/noticias\/volkswagen-pacta-recortes-sin-precedentes\/#authorImage","url":"https:\/\/candas365.es\/noticias\/wp-content\/uploads\/2026\/07\/cropped-eyevuvEl_400x400-96x96.jpg","width":96,"height":96,"caption":"Cand\u00e1s 365"},"sameAs":["https:\/\/www.facebook.com\/Nachofdezber","https:\/\/x.com\/candas365","https:\/\/www.instagram.com\/nachofdezber\/","https:\/\/www.youtube.com\/channel\/UCZP-2wLEB9Rv6erhFmqVnvg"]},{"@type":"WebPage","@id":"https:\/\/candas365.es\/noticias\/volkswagen-pacta-recortes-sin-precedentes\/#webpage","url":"https:\/\/candas365.es\/noticias\/volkswagen-pacta-recortes-sin-precedentes\/","name":"Volkswagen pacta recortes sin precedentes | Cand\u00e1s 365","description":"Wolfsburgo (Alemania), 4 sep (dpa) - El acuerdo sorpresa sobre un paquete integral de recortes que incluye la eliminaci\u00f3n de 50.000 puestos de trabajo en Volkswagen","inLanguage":"es-ES","isPartOf":{"@id":"https:\/\/candas365.es\/noticias\/#website"},"breadcrumb":{"@id":"https:\/\/candas365.es\/noticias\/volkswagen-pacta-recortes-sin-precedentes\/#breadcrumblist"},"author":{"@id":"https:\/\/candas365.es\/noticias\/author\/admin\/#author"},"creator":{"@id":"https:\/\/candas365.es\/noticias\/author\/admin\/#author"},"image":{"@type":"ImageObject","url":"https:\/\/candas365.es\/noticias\/wp-content\/uploads\/2026\/09\/Volkswagen-pacta-recortes-sin-precedentes.jpg","@id":"https:\/\/candas365.es\/noticias\/volkswagen-pacta-recortes-sin-precedentes\/#mainImage","width":1253,"height":827,"caption":"F\u00e1brica principal del grupo Volkswagen en Wolfsburgo. Foto: Moritz Frankenberg\/dpa"},"primaryImageOfPage":{"@id":"https:\/\/candas365.es\/noticias\/volkswagen-pacta-recortes-sin-precedentes\/#mainImage"},"datePublished":"2026-09-04T21:22:42+02:00","dateModified":"2026-09-04T21:22:42+02:00"},{"@type":"WebSite","@id":"https:\/\/candas365.es\/noticias\/#website","url":"https:\/\/candas365.es\/noticias\/","name":"Cand\u00e1s 365","alternateName":"Cand\u00e1s 365 Noticias","description":"Actualidad desde Carre\u00f1o para el mundo","inLanguage":"es-ES","publisher":{"@id":"https:\/\/candas365.es\/noticias\/#organization"}}]},"og:locale":"es_ES","og:site_name":"Cand\u00e1s 365","og:type":"article","og:title":"Volkswagen pacta recortes sin precedentes \u2013 Cand\u00e1s 365","og:description":"Wolfsburgo (Alemania), 4 sep (dpa) - El acuerdo sorpresa sobre un paquete integral de recortes que incluye la eliminaci\u00f3n de 50.000 puestos de trabajo en Volkswagen","og:url":"https:\/\/candas365.es\/noticias\/volkswagen-pacta-recortes-sin-precedentes\/","og:image":"https:\/\/candas365.es\/noticias\/wp-content\/uploads\/2026\/09\/Volkswagen-pacta-recortes-sin-precedentes.jpg","og:image:secure_url":"https:\/\/candas365.es\/noticias\/wp-content\/uploads\/2026\/09\/Volkswagen-pacta-recortes-sin-precedentes.jpg","og:image:width":1253,"og:image:height":827,"article:published_time":"2026-09-04T19:22:42+00:00","article:modified_time":"2026-09-04T19:22:42+00:00","article:publisher":"https:\/\/www.facebook.com\/Nachofdezber","article:author":"https:\/\/www.facebook.com\/Nachofdezber","twitter:card":"summary_large_image","twitter:site":"@candas365","twitter:title":"Volkswagen pacta recortes sin precedentes \u2013 Cand\u00e1s 365","twitter:description":"Wolfsburgo (Alemania), 4 sep (dpa) - El acuerdo sorpresa sobre un paquete integral de recortes que incluye la eliminaci\u00f3n de 50.000 puestos de trabajo en Volkswagen","twitter:creator":"@candas365","twitter:image":"https:\/\/candas365.es\/noticias\/wp-content\/uploads\/2026\/09\/Volkswagen-pacta-recortes-sin-precedentes.jpg","twitter:label1":"Escrito por","twitter:data1":"Cand\u00e1s 365","twitter:label2":"Tiempo de lectura estimado","twitter:data2":"2 minutos"},"aioseo_meta_data":{"post_id":"198027","title":null,"description":"Wolfsburgo (Alemania), 4 sep (dpa) - El acuerdo sorpresa sobre un paquete integral de recortes que incluye la eliminaci\u00f3n de 50.000 puestos de trabajo en Volkswagen","keywords":null,"keyphrases":{"focus":{"keyphrase":"Volkswagen","score":0,"analysis":[]},"additional":[]},"primary_term":null,"canonical_url":null,"og_title":"#post_title #separator_sa #site_title","og_description":"Wolfsburgo (Alemania), 4 sep (dpa) - El acuerdo sorpresa sobre un paquete integral de recortes que incluye la eliminaci\u00f3n de 50.000 puestos de trabajo en Volkswagen","og_object_type":"default","og_image_type":"default","og_image_url":null,"og_image_width":null,"og_image_height":null,"og_image_custom_url":null,"og_image_custom_fields":null,"og_video":"","og_custom_url":null,"og_article_section":null,"og_article_tags":null,"twitter_use_og":true,"twitter_card":"default","twitter_image_type":"default","twitter_image_url":null,"twitter_image_custom_url":null,"twitter_image_custom_fields":null,"twitter_title":null,"twitter_description":null,"schema":{"blockGraphs":[],"customGraphs":[],"default":{"data":{"Article":[],"Course":[],"Dataset":[],"FAQPage":[],"Movie":[],"Person":[],"Product":[],"ProductReview":[],"Car":[],"Recipe":[],"Service":[],"SoftwareApplication":[],"WebPage":[]},"graphName":"NewsArticle","isEnabled":true},"graphs":[]},"schema_type":"default","schema_type_options":null,"pillar_content":false,"robots_default":true,"robots_noindex":false,"robots_noarchive":false,"robots_nosnippet":false,"robots_nofollow":false,"robots_noimageindex":false,"robots_noodp":false,"robots_notranslate":false,"robots_max_snippet":"-1","robots_max_videopreview":"-1","robots_max_imagepreview":"large","priority":null,"frequency":"default","location":null,"local_seo":null,"seo_analyzer_scan_date":"2026-09-04 19:25:06","breadcrumb_settings":null,"limit_modified_date":false,"reviewed_by":"0","open_ai":null,"ai":{"faqs":[],"keyPoints":[],"schemas":[],"titles":[],"descriptions":[],"socialPosts":{"email":{"subject":"","preview":"","content":""},"linkedin":[],"twitter":[],"facebook":[],"instagram":[]}},"created":"2026-09-04 19:16:34","updated":"2026-09-04 19:25:06","focus_keyword":"Volkswagen","additional_keywords":null,"truseo_locale":null},"aioseo_breadcrumb":"<div class=\"aioseo-breadcrumbs\"><span class=\"aioseo-breadcrumb\">\n\t<a href=\"https:\/\/candas365.es\/noticias\" title=\"Home\">Home<\/a>\n<\/span><span class=\"aioseo-breadcrumb-separator\">&ndash;<\/span><span class=\"aioseo-breadcrumb\">\n\t<a href=\"https:\/\/candas365.es\/noticias\/category\/canal-empresas\/\" title=\"Canal Empresas\">Canal Empresas<\/a>\n<\/span><span class=\"aioseo-breadcrumb-separator\">&ndash;<\/span><span class=\"aioseo-breadcrumb\">\n\tVolkswagen pacta recortes sin precedentes\n<\/span><\/div>","aioseo_breadcrumb_json":[{"label":"Home","link":"https:\/\/candas365.es\/noticias"},{"label":"Canal Empresas","link":"https:\/\/candas365.es\/noticias\/category\/canal-empresas\/"},{"label":"Volkswagen pacta recortes sin precedentes","link":"https:\/\/candas365.es\/noticias\/volkswagen-pacta-recortes-sin-precedentes\/"}],"_links":{"self":[{"href":"https:\/\/candas365.es\/noticias\/wp-json\/wp\/v2\/posts\/198027","targetHints":{"allow":["GET"]}}],"collection":[{"href":"https:\/\/candas365.es\/noticias\/wp-json\/wp\/v2\/posts"}],"about":[{"href":"https:\/\/candas365.es\/noticias\/wp-json\/wp\/v2\/types\/post"}],"author":[{"embeddable":true,"href":"https:\/\/candas365.es\/noticias\/wp-json\/wp\/v2\/users\/1"}],"replies":[{"embeddable":true,"href":"https:\/\/candas365.es\/noticias\/wp-json\/wp\/v2\/comments?post=198027"}],"version-history":[{"count":1,"href":"https:\/\/candas365.es\/noticias\/wp-json\/wp\/v2\/posts\/198027\/revisions"}],"predecessor-version":[{"id":198029,"href":"https:\/\/candas365.es\/noticias\/wp-json\/wp\/v2\/posts\/198027\/revisions\/198029"}],"wp:featuredmedia":[{"embeddable":true,"href":"https:\/\/candas365.es\/noticias\/wp-json\/wp\/v2\/media\/198028"}],"wp:attachment":[{"href":"https:\/\/candas365.es\/noticias\/wp-json\/wp\/v2\/media?parent=198027"}],"wp:term":[{"taxonomy":"category","embeddable":true,"href":"https:\/\/candas365.es\/noticias\/wp-json\/wp\/v2\/categories?post=198027"},{"taxonomy":"post_tag","embeddable":true,"href":"https:\/\/candas365.es\/noticias\/wp-json\/wp\/v2\/tags?post=198027"}],"curies":[{"name":"wp","href":"https:\/\/api.w.org\/{rel}","templated":true}]}}