{"id":198024,"date":"2026-09-04T21:07:43","date_gmt":"2026-09-04T19:07:43","guid":{"rendered":"https:\/\/candas365.es\/noticias\/?p=198024"},"modified":"2026-09-04T21:08:28","modified_gmt":"2026-09-04T19:08:28","slug":"iberia-recupera-los-vuelos-directos-de-madrid-a-caracas","status":"publish","type":"post","link":"https:\/\/candas365.es\/noticias\/iberia-recupera-los-vuelos-directos-de-madrid-a-caracas\/","title":{"rendered":"Iberia recupera los vuelos directos de Madrid a Caracas"},"content":{"rendered":"<p>Iberia ha reanudado los <a href=\"https:\/\/candas365.es\/noticias\/category\/turismo\/\"><span style=\"color: #ff6600;\"><strong>vuelos directos entre Madrid y Caracas<\/strong><\/span><\/a> desde el 3 de septiembre de 2026. Los vuelos se hab\u00edan interrumpido por los terremotos.<\/p>\n<figure id=\"attachment_198025\" aria-describedby=\"caption-attachment-198025\" style=\"width: 650px\" class=\"wp-caption aligncenter\"><img fetchpriority=\"high\" decoding=\"async\" class=\"size-large wp-image-198025\" src=\"https:\/\/candas365.es\/noticias\/wp-content\/uploads\/2026\/09\/Iberia-recupera-los-vuelos-directos-de-Madrid-a-Caracas-650x429.jpg\" alt=\"Iberia recupera los vuelos directos de Madrid a Caracas\" width=\"650\" height=\"429\" srcset=\"https:\/\/candas365.es\/noticias\/wp-content\/uploads\/2026\/09\/Iberia-recupera-los-vuelos-directos-de-Madrid-a-Caracas-650x429.jpg 650w, https:\/\/candas365.es\/noticias\/wp-content\/uploads\/2026\/09\/Iberia-recupera-los-vuelos-directos-de-Madrid-a-Caracas-360x237.jpg 360w, https:\/\/candas365.es\/noticias\/wp-content\/uploads\/2026\/09\/Iberia-recupera-los-vuelos-directos-de-Madrid-a-Caracas-768x506.jpg 768w, https:\/\/candas365.es\/noticias\/wp-content\/uploads\/2026\/09\/Iberia-recupera-los-vuelos-directos-de-Madrid-a-Caracas-150x99.jpg 150w, https:\/\/candas365.es\/noticias\/wp-content\/uploads\/2026\/09\/Iberia-recupera-los-vuelos-directos-de-Madrid-a-Caracas-450x297.jpg 450w, https:\/\/candas365.es\/noticias\/wp-content\/uploads\/2026\/09\/Iberia-recupera-los-vuelos-directos-de-Madrid-a-Caracas-1200x791.jpg 1200w, https:\/\/candas365.es\/noticias\/wp-content\/uploads\/2026\/09\/Iberia-recupera-los-vuelos-directos-de-Madrid-a-Caracas.jpg 1245w\" sizes=\"(max-width: 650px) 100vw, 650px\" \/><figcaption id=\"caption-attachment-198025\" class=\"wp-caption-text\">AIRBUS &#8211; Archivo<\/figcaption><\/figure>\n<p>Iberia ha reanudado los vuelos directos entre Madrid y el Aeropuerto Internacional Sim\u00f3n Bol\u00edvar de Maiquet\u00eda en Caracas (Venezuela) desde este jueves, 3 de septiembre, despu\u00e9s de que la operativa se viera afectada con motivo de los terremotos sufridos en el pa\u00eds latinoamericano del pasado junio.<\/p>\n<p>As\u00ed, la aerol\u00ednea liderada por Marco Sansavini vuelve a la capital con tres frecuencias semanales &#8211;lunes, jueves y domingo&#8211;, seg\u00fan ha confirmado la compa\u00f1\u00eda a\u00e9rea a Europa Press.<\/p>\n<p>Tras la suspensi\u00f3n temporal de las actividades en el mencionado aeropuerto, Iberia retom\u00f3 los vuelos con Venezuela el pasado 9 de julio, aunque operando en el Aeropuerto Internacional Arturo Michelena en la ciudad venezolana de Valencia. Adem\u00e1s, los trayectos de regreso a Madrid realizaron una escala t\u00e9cnica en Santo Domingo (Rep\u00fablica Dominicana).<\/p>\n<p>Por su parte, Air Europa ya opera desde el martes en Caracas, coincidiendo con la reactivaci\u00f3n de la actividad ese mismo d\u00eda en el Aeropuerto Internacional Sim\u00f3n Bol\u00edvar de Maiquet\u00eda.<\/p>\n<p>En un comunicado, el presidente de la Comisi\u00f3n Presidencial para la Evaluaci\u00f3n de Habitabilidad de Infraestructuras, Francisco Garc\u00e9s, inform\u00f3 que se habilitaron terminales temporales que cuentan con m\u00e1s de 10.000 metros cuadrados para la atenci\u00f3n al p\u00fablico y abarcan el 25% de la capacidad operativa habitual de la terminal.<\/p>\n<p>Las autoridades instan a los viajeros a ser previsibles y llegar a la instalaci\u00f3n con dos horas de anticipaci\u00f3n para los trayectos nacionales y tres horas en el caso de los itinerarios internacionales.<\/p>\n<h1 class=\"ladillo\">PLUS ULTRA REACTIVAR\u00c1 VUELOS EL 8 DE SEPTIEMBRE<\/h1>\n<p>Por otro lado, m\u00e1s tarde, el 8 de septiembre, ser\u00e1 la fecha de regreso de Plus Ultra mediante una frecuencia los martes con Caracas, aunque mantendr\u00e1 el resto de su operativa a Valencia hasta que el aeropuerto de la capital permita la normalidad y la recuperaci\u00f3n total de los vuelos.<\/p>\n<p>Con respecto a otras compa\u00f1\u00edas, American Airlines tambi\u00e9n ha confirmado que reanudar\u00e1 sus vuelos directos entre Miami y Caracas a partir de este jueves, al igual que Iberia. De su lado, Copa Airlines reactiv\u00f3 la semana pasada sus conexiones con Caracas, alcanzando 29 frecuencias semanales entre Panam\u00e1 y el pa\u00eds latinoamericano.<\/p>\n<p>EUROPA PRESS<\/p>\n","protected":false},"excerpt":{"rendered":"<p>Iberia ha reanudado los vuelos directos entre Madrid y Caracas desde el 3 de septiembre de 2026. Los vuelos se hab\u00edan interrumpido por los terremotos. Iberia ha reanudado los vuelos directos entre Madrid y el Aeropuerto Internacional Sim\u00f3n Bol\u00edvar de Maiquet\u00eda en Caracas (Venezuela) desde este jueves, 3 de septiembre, despu\u00e9s de que la operativa<\/p>\n","protected":false},"author":1,"featured_media":198025,"comment_status":"closed","ping_status":"closed","sticky":false,"template":"","format":"standard","meta":{"footnotes":""},"categories":[359],"tags":[411],"class_list":["post-198024","post","type-post","status-publish","format-standard","has-post-thumbnail","category-turismo","tag-viajes"],"aioseo_notices":[],"aioseo_head":"\n\t\t<!-- All in One SEO Pro 5.0.1.1 - aioseo.com -->\n\t<meta name=\"description\" content=\"Iberia ha reanudado los vuelos directos entre Madrid y Caracas desde el 3 de septiembre de 2026. Los vuelos se hab\u00edan interrumpido por los terremotos.\" \/>\n\t<meta name=\"robots\" content=\"max-image-preview:large\" \/>\n\t<meta name=\"author\" content=\"Cand\u00e1s 365\"\/>\n\t<meta name=\"google-site-verification\" content=\"UA-32230408-1\" \/>\n\t<meta name=\"msvalidate.01\" content=\"354F3CDFB2DA171B47FBE9ABF1F88D5\" \/>\n\t<meta name=\"keywords\" content=\"turismo\" \/>\n\t<link rel=\"canonical\" href=\"https:\/\/candas365.es\/noticias\/iberia-recupera-los-vuelos-directos-de-madrid-a-caracas\/\" \/>\n\t<meta name=\"generator\" content=\"All in One SEO Pro (AIOSEO) 5.0.1.1\" \/>\n\t\t<meta property=\"og:locale\" content=\"es_ES\" \/>\n\t\t<meta property=\"og:site_name\" content=\"Cand\u00e1s 365\" \/>\n\t\t<meta property=\"og:type\" content=\"article\" \/>\n\t\t<meta property=\"og:title\" content=\"Iberia recupera los vuelos directos de Madrid a Caracas \u2013 Cand\u00e1s 365\" \/>\n\t\t<meta property=\"og:description\" content=\"Iberia ha reanudado los vuelos directos entre Madrid y Caracas desde el 3 de septiembre de 2026. Los vuelos se hab\u00edan interrumpido por los terremotos.\" \/>\n\t\t<meta property=\"og:url\" content=\"https:\/\/candas365.es\/noticias\/iberia-recupera-los-vuelos-directos-de-madrid-a-caracas\/\" \/>\n\t\t<meta property=\"og:image\" content=\"https:\/\/candas365.es\/noticias\/wp-content\/uploads\/2026\/09\/Iberia-recupera-los-vuelos-directos-de-Madrid-a-Caracas.jpg\" \/>\n\t\t<meta property=\"og:image:secure_url\" content=\"https:\/\/candas365.es\/noticias\/wp-content\/uploads\/2026\/09\/Iberia-recupera-los-vuelos-directos-de-Madrid-a-Caracas.jpg\" \/>\n\t\t<meta property=\"og:image:width\" content=\"1245\" \/>\n\t\t<meta property=\"og:image:height\" content=\"821\" \/>\n\t\t<meta property=\"article:published_time\" content=\"2026-09-04T19:07:43+00:00\" \/>\n\t\t<meta property=\"article:modified_time\" content=\"2026-09-04T19:08:28+00:00\" \/>\n\t\t<meta property=\"article:publisher\" content=\"https:\/\/www.facebook.com\/Nachofdezber\" \/>\n\t\t<meta property=\"article:author\" content=\"https:\/\/www.facebook.com\/Nachofdezber\" \/>\n\t\t<meta name=\"twitter:card\" content=\"summary_large_image\" \/>\n\t\t<meta name=\"twitter:site\" content=\"@candas365\" \/>\n\t\t<meta name=\"twitter:title\" content=\"Iberia recupera los vuelos directos de Madrid a Caracas \u2013 Cand\u00e1s 365\" \/>\n\t\t<meta name=\"twitter:description\" content=\"Iberia ha reanudado los vuelos directos entre Madrid y Caracas desde el 3 de septiembre de 2026. Los vuelos se hab\u00edan interrumpido por los terremotos.\" \/>\n\t\t<meta name=\"twitter:creator\" content=\"@candas365\" \/>\n\t\t<meta name=\"twitter:image\" content=\"https:\/\/candas365.es\/noticias\/wp-content\/uploads\/2026\/09\/Iberia-recupera-los-vuelos-directos-de-Madrid-a-Caracas.jpg\" \/>\n\t\t<meta name=\"twitter:label1\" content=\"Escrito por\" \/>\n\t\t<meta name=\"twitter:data1\" content=\"Cand\u00e1s 365\" \/>\n\t\t<meta name=\"twitter:label2\" content=\"Tiempo de lectura estimado\" \/>\n\t\t<meta name=\"twitter:data2\" content=\"2 minutos\" \/>\n\t\t<script type=\"application\/ld+json\" class=\"aioseo-schema\">\n\t\t\t{\"@context\":\"https:\\\/\\\/schema.org\",\"@graph\":[{\"@type\":\"BreadcrumbList\",\"@id\":\"https:\\\/\\\/candas365.es\\\/noticias\\\/iberia-recupera-los-vuelos-directos-de-madrid-a-caracas\\\/#breadcrumblist\",\"itemListElement\":[{\"@type\":\"ListItem\",\"@id\":\"https:\\\/\\\/candas365.es\\\/noticias#listItem\",\"position\":1,\"name\":\"Home\",\"item\":\"https:\\\/\\\/candas365.es\\\/noticias\",\"nextItem\":{\"@type\":\"ListItem\",\"@id\":\"https:\\\/\\\/candas365.es\\\/noticias\\\/category\\\/turismo\\\/#listItem\",\"name\":\"Turismo\"}},{\"@type\":\"ListItem\",\"@id\":\"https:\\\/\\\/candas365.es\\\/noticias\\\/category\\\/turismo\\\/#listItem\",\"position\":2,\"name\":\"Turismo\",\"item\":\"https:\\\/\\\/candas365.es\\\/noticias\\\/category\\\/turismo\\\/\",\"nextItem\":{\"@type\":\"ListItem\",\"@id\":\"https:\\\/\\\/candas365.es\\\/noticias\\\/iberia-recupera-los-vuelos-directos-de-madrid-a-caracas\\\/#listItem\",\"name\":\"Iberia recupera los vuelos directos de Madrid a Caracas\"},\"previousItem\":{\"@type\":\"ListItem\",\"@id\":\"https:\\\/\\\/candas365.es\\\/noticias#listItem\",\"name\":\"Home\"}},{\"@type\":\"ListItem\",\"@id\":\"https:\\\/\\\/candas365.es\\\/noticias\\\/iberia-recupera-los-vuelos-directos-de-madrid-a-caracas\\\/#listItem\",\"position\":3,\"name\":\"Iberia recupera los vuelos directos de Madrid a Caracas\",\"previousItem\":{\"@type\":\"ListItem\",\"@id\":\"https:\\\/\\\/candas365.es\\\/noticias\\\/category\\\/turismo\\\/#listItem\",\"name\":\"Turismo\"}}]},{\"@type\":\"NewsArticle\",\"@id\":\"https:\\\/\\\/candas365.es\\\/noticias\\\/iberia-recupera-los-vuelos-directos-de-madrid-a-caracas\\\/#newsarticle\",\"name\":\"Iberia recupera los vuelos directos de Madrid a Caracas | Cand\\u00e1s 365\",\"headline\":\"Iberia recupera los vuelos directos de Madrid a Caracas\",\"author\":{\"@id\":\"https:\\\/\\\/candas365.es\\\/noticias\\\/author\\\/admin\\\/#author\"},\"publisher\":{\"@id\":\"https:\\\/\\\/candas365.es\\\/noticias\\\/#organization\"},\"image\":{\"@type\":\"ImageObject\",\"url\":\"https:\\\/\\\/candas365.es\\\/noticias\\\/wp-content\\\/uploads\\\/2026\\\/09\\\/Iberia-recupera-los-vuelos-directos-de-Madrid-a-Caracas.jpg\",\"width\":1245,\"height\":821,\"caption\":\"AIRBUS - Archivo\"},\"datePublished\":\"2026-09-04T21:07:43+02:00\",\"dateModified\":\"2026-09-04T21:08:28+02:00\",\"inLanguage\":\"es-ES\",\"mainEntityOfPage\":{\"@id\":\"https:\\\/\\\/candas365.es\\\/noticias\\\/iberia-recupera-los-vuelos-directos-de-madrid-a-caracas\\\/#webpage\"},\"isPartOf\":{\"@id\":\"https:\\\/\\\/candas365.es\\\/noticias\\\/iberia-recupera-los-vuelos-directos-de-madrid-a-caracas\\\/#webpage\"},\"articleSection\":\"Turismo, viajes\",\"dateline\":\"Publicado el septiembre 4, 2026.\"},{\"@type\":\"Organization\",\"@id\":\"https:\\\/\\\/candas365.es\\\/noticias\\\/#organization\",\"name\":\"Cand\\u00e1s 365\",\"description\":\"Cand\\u00e1s 365 es un diario digital independiente, fundado en 2012, con base en Asturias. Informamos con rigor sobre actualidad, sociedad, cultura y ocio, con una mirada local y global.\",\"url\":\"https:\\\/\\\/candas365.es\\\/noticias\\\/\",\"email\":\"info@candas365.es\",\"telephone\":\"+34652131393\",\"foundingDate\":\"2012-06-10\",\"logo\":{\"@type\":\"ImageObject\",\"url\":\"https:\\\/\\\/candas365.es\\\/noticias\\\/wp-content\\\/uploads\\\/2024\\\/09\\\/Candas-365-Redes.jpg\",\"@id\":\"https:\\\/\\\/candas365.es\\\/noticias\\\/iberia-recupera-los-vuelos-directos-de-madrid-a-caracas\\\/#organizationLogo\",\"width\":1152,\"height\":864,\"caption\":\"Cand\\u00e1s 365 Redes\"},\"image\":{\"@id\":\"https:\\\/\\\/candas365.es\\\/noticias\\\/iberia-recupera-los-vuelos-directos-de-madrid-a-caracas\\\/#organizationLogo\"},\"sameAs\":[\"https:\\\/\\\/www.facebook.com\\\/Nachofdezber\",\"https:\\\/\\\/x.com\\\/candas365\",\"https:\\\/\\\/www.instagram.com\\\/nachofdezber\\\/\",\"https:\\\/\\\/www.youtube.com\\\/channel\\\/UCZP-2wLEB9Rv6erhFmqVnvg\"],\"address\":{\"@id\":\"https:\\\/\\\/candas365.es\\\/noticias\\\/#postaladdress\",\"@type\":\"PostalAddress\",\"streetAddress\":\"san antonio 4, san antonio 4\",\"postalCode\":\"33430\",\"addressLocality\":\"Cand\\u00e1s\",\"addressRegion\":\"Asturias\",\"addressCountry\":\"ES\"}},{\"@type\":\"Person\",\"@id\":\"https:\\\/\\\/candas365.es\\\/noticias\\\/author\\\/admin\\\/#author\",\"url\":\"https:\\\/\\\/candas365.es\\\/noticias\\\/author\\\/admin\\\/\",\"name\":\"Cand\\u00e1s 365\",\"image\":{\"@type\":\"ImageObject\",\"@id\":\"https:\\\/\\\/candas365.es\\\/noticias\\\/iberia-recupera-los-vuelos-directos-de-madrid-a-caracas\\\/#authorImage\",\"url\":\"https:\\\/\\\/candas365.es\\\/noticias\\\/wp-content\\\/uploads\\\/2026\\\/07\\\/cropped-eyevuvEl_400x400-96x96.jpg\",\"width\":96,\"height\":96,\"caption\":\"Cand\\u00e1s 365\"},\"sameAs\":[\"https:\\\/\\\/www.facebook.com\\\/Nachofdezber\",\"https:\\\/\\\/x.com\\\/candas365\",\"https:\\\/\\\/www.instagram.com\\\/nachofdezber\\\/\",\"https:\\\/\\\/www.youtube.com\\\/channel\\\/UCZP-2wLEB9Rv6erhFmqVnvg\"]},{\"@type\":\"WebPage\",\"@id\":\"https:\\\/\\\/candas365.es\\\/noticias\\\/iberia-recupera-los-vuelos-directos-de-madrid-a-caracas\\\/#webpage\",\"url\":\"https:\\\/\\\/candas365.es\\\/noticias\\\/iberia-recupera-los-vuelos-directos-de-madrid-a-caracas\\\/\",\"name\":\"Iberia recupera los vuelos directos de Madrid a Caracas | Cand\\u00e1s 365\",\"description\":\"Iberia ha reanudado los vuelos directos entre Madrid y Caracas desde el 3 de septiembre de 2026. Los vuelos se hab\\u00edan interrumpido por los terremotos.\",\"inLanguage\":\"es-ES\",\"isPartOf\":{\"@id\":\"https:\\\/\\\/candas365.es\\\/noticias\\\/#website\"},\"breadcrumb\":{\"@id\":\"https:\\\/\\\/candas365.es\\\/noticias\\\/iberia-recupera-los-vuelos-directos-de-madrid-a-caracas\\\/#breadcrumblist\"},\"author\":{\"@id\":\"https:\\\/\\\/candas365.es\\\/noticias\\\/author\\\/admin\\\/#author\"},\"creator\":{\"@id\":\"https:\\\/\\\/candas365.es\\\/noticias\\\/author\\\/admin\\\/#author\"},\"image\":{\"@type\":\"ImageObject\",\"url\":\"https:\\\/\\\/candas365.es\\\/noticias\\\/wp-content\\\/uploads\\\/2026\\\/09\\\/Iberia-recupera-los-vuelos-directos-de-Madrid-a-Caracas.jpg\",\"@id\":\"https:\\\/\\\/candas365.es\\\/noticias\\\/iberia-recupera-los-vuelos-directos-de-madrid-a-caracas\\\/#mainImage\",\"width\":1245,\"height\":821,\"caption\":\"AIRBUS - Archivo\"},\"primaryImageOfPage\":{\"@id\":\"https:\\\/\\\/candas365.es\\\/noticias\\\/iberia-recupera-los-vuelos-directos-de-madrid-a-caracas\\\/#mainImage\"},\"datePublished\":\"2026-09-04T21:07:43+02:00\",\"dateModified\":\"2026-09-04T21:08:28+02:00\"},{\"@type\":\"WebSite\",\"@id\":\"https:\\\/\\\/candas365.es\\\/noticias\\\/#website\",\"url\":\"https:\\\/\\\/candas365.es\\\/noticias\\\/\",\"name\":\"Cand\\u00e1s 365\",\"alternateName\":\"Cand\\u00e1s 365 Noticias\",\"description\":\"Actualidad desde Carre\\u00f1o para el mundo\",\"inLanguage\":\"es-ES\",\"publisher\":{\"@id\":\"https:\\\/\\\/candas365.es\\\/noticias\\\/#organization\"}}]}\n\t\t<\/script>\n\t\t<!-- All in One SEO Pro -->\r\n\t\t<title>Iberia recupera los vuelos directos de Madrid a Caracas | Cand\u00e1s 365<\/title>\n\n","aioseo_head_json":{"title":"Iberia recupera los vuelos directos de Madrid a Caracas | Cand\u00e1s 365","description":"Iberia ha reanudado los vuelos directos entre Madrid y Caracas desde el 3 de septiembre de 2026. Los vuelos se hab\u00edan interrumpido por los terremotos.","canonical_url":"https:\/\/candas365.es\/noticias\/iberia-recupera-los-vuelos-directos-de-madrid-a-caracas\/","robots":"max-image-preview:large","keywords":"turismo","webmasterTools":{"google-site-verification":"UA-32230408-1","msvalidate.01":"354F3CDFB2DA171B47FBE9ABF1F88D5","miscellaneous":""},"schema":{"@context":"https:\/\/schema.org","@graph":[{"@type":"BreadcrumbList","@id":"https:\/\/candas365.es\/noticias\/iberia-recupera-los-vuelos-directos-de-madrid-a-caracas\/#breadcrumblist","itemListElement":[{"@type":"ListItem","@id":"https:\/\/candas365.es\/noticias#listItem","position":1,"name":"Home","item":"https:\/\/candas365.es\/noticias","nextItem":{"@type":"ListItem","@id":"https:\/\/candas365.es\/noticias\/category\/turismo\/#listItem","name":"Turismo"}},{"@type":"ListItem","@id":"https:\/\/candas365.es\/noticias\/category\/turismo\/#listItem","position":2,"name":"Turismo","item":"https:\/\/candas365.es\/noticias\/category\/turismo\/","nextItem":{"@type":"ListItem","@id":"https:\/\/candas365.es\/noticias\/iberia-recupera-los-vuelos-directos-de-madrid-a-caracas\/#listItem","name":"Iberia recupera los vuelos directos de Madrid a Caracas"},"previousItem":{"@type":"ListItem","@id":"https:\/\/candas365.es\/noticias#listItem","name":"Home"}},{"@type":"ListItem","@id":"https:\/\/candas365.es\/noticias\/iberia-recupera-los-vuelos-directos-de-madrid-a-caracas\/#listItem","position":3,"name":"Iberia recupera los vuelos directos de Madrid a Caracas","previousItem":{"@type":"ListItem","@id":"https:\/\/candas365.es\/noticias\/category\/turismo\/#listItem","name":"Turismo"}}]},{"@type":"NewsArticle","@id":"https:\/\/candas365.es\/noticias\/iberia-recupera-los-vuelos-directos-de-madrid-a-caracas\/#newsarticle","name":"Iberia recupera los vuelos directos de Madrid a Caracas | Cand\u00e1s 365","headline":"Iberia recupera los vuelos directos de Madrid a Caracas","author":{"@id":"https:\/\/candas365.es\/noticias\/author\/admin\/#author"},"publisher":{"@id":"https:\/\/candas365.es\/noticias\/#organization"},"image":{"@type":"ImageObject","url":"https:\/\/candas365.es\/noticias\/wp-content\/uploads\/2026\/09\/Iberia-recupera-los-vuelos-directos-de-Madrid-a-Caracas.jpg","width":1245,"height":821,"caption":"AIRBUS - Archivo"},"datePublished":"2026-09-04T21:07:43+02:00","dateModified":"2026-09-04T21:08:28+02:00","inLanguage":"es-ES","mainEntityOfPage":{"@id":"https:\/\/candas365.es\/noticias\/iberia-recupera-los-vuelos-directos-de-madrid-a-caracas\/#webpage"},"isPartOf":{"@id":"https:\/\/candas365.es\/noticias\/iberia-recupera-los-vuelos-directos-de-madrid-a-caracas\/#webpage"},"articleSection":"Turismo, viajes","dateline":"Publicado el septiembre 4, 2026."},{"@type":"Organization","@id":"https:\/\/candas365.es\/noticias\/#organization","name":"Cand\u00e1s 365","description":"Cand\u00e1s 365 es un diario digital independiente, fundado en 2012, con base en Asturias. Informamos con rigor sobre actualidad, sociedad, cultura y ocio, con una mirada local y global.","url":"https:\/\/candas365.es\/noticias\/","email":"info@candas365.es","telephone":"+34652131393","foundingDate":"2012-06-10","logo":{"@type":"ImageObject","url":"https:\/\/candas365.es\/noticias\/wp-content\/uploads\/2024\/09\/Candas-365-Redes.jpg","@id":"https:\/\/candas365.es\/noticias\/iberia-recupera-los-vuelos-directos-de-madrid-a-caracas\/#organizationLogo","width":1152,"height":864,"caption":"Cand\u00e1s 365 Redes"},"image":{"@id":"https:\/\/candas365.es\/noticias\/iberia-recupera-los-vuelos-directos-de-madrid-a-caracas\/#organizationLogo"},"sameAs":["https:\/\/www.facebook.com\/Nachofdezber","https:\/\/x.com\/candas365","https:\/\/www.instagram.com\/nachofdezber\/","https:\/\/www.youtube.com\/channel\/UCZP-2wLEB9Rv6erhFmqVnvg"],"address":{"@id":"https:\/\/candas365.es\/noticias\/#postaladdress","@type":"PostalAddress","streetAddress":"san antonio 4, san antonio 4","postalCode":"33430","addressLocality":"Cand\u00e1s","addressRegion":"Asturias","addressCountry":"ES"}},{"@type":"Person","@id":"https:\/\/candas365.es\/noticias\/author\/admin\/#author","url":"https:\/\/candas365.es\/noticias\/author\/admin\/","name":"Cand\u00e1s 365","image":{"@type":"ImageObject","@id":"https:\/\/candas365.es\/noticias\/iberia-recupera-los-vuelos-directos-de-madrid-a-caracas\/#authorImage","url":"https:\/\/candas365.es\/noticias\/wp-content\/uploads\/2026\/07\/cropped-eyevuvEl_400x400-96x96.jpg","width":96,"height":96,"caption":"Cand\u00e1s 365"},"sameAs":["https:\/\/www.facebook.com\/Nachofdezber","https:\/\/x.com\/candas365","https:\/\/www.instagram.com\/nachofdezber\/","https:\/\/www.youtube.com\/channel\/UCZP-2wLEB9Rv6erhFmqVnvg"]},{"@type":"WebPage","@id":"https:\/\/candas365.es\/noticias\/iberia-recupera-los-vuelos-directos-de-madrid-a-caracas\/#webpage","url":"https:\/\/candas365.es\/noticias\/iberia-recupera-los-vuelos-directos-de-madrid-a-caracas\/","name":"Iberia recupera los vuelos directos de Madrid a Caracas | Cand\u00e1s 365","description":"Iberia ha reanudado los vuelos directos entre Madrid y Caracas desde el 3 de septiembre de 2026. Los vuelos se hab\u00edan interrumpido por los terremotos.","inLanguage":"es-ES","isPartOf":{"@id":"https:\/\/candas365.es\/noticias\/#website"},"breadcrumb":{"@id":"https:\/\/candas365.es\/noticias\/iberia-recupera-los-vuelos-directos-de-madrid-a-caracas\/#breadcrumblist"},"author":{"@id":"https:\/\/candas365.es\/noticias\/author\/admin\/#author"},"creator":{"@id":"https:\/\/candas365.es\/noticias\/author\/admin\/#author"},"image":{"@type":"ImageObject","url":"https:\/\/candas365.es\/noticias\/wp-content\/uploads\/2026\/09\/Iberia-recupera-los-vuelos-directos-de-Madrid-a-Caracas.jpg","@id":"https:\/\/candas365.es\/noticias\/iberia-recupera-los-vuelos-directos-de-madrid-a-caracas\/#mainImage","width":1245,"height":821,"caption":"AIRBUS - Archivo"},"primaryImageOfPage":{"@id":"https:\/\/candas365.es\/noticias\/iberia-recupera-los-vuelos-directos-de-madrid-a-caracas\/#mainImage"},"datePublished":"2026-09-04T21:07:43+02:00","dateModified":"2026-09-04T21:08:28+02:00"},{"@type":"WebSite","@id":"https:\/\/candas365.es\/noticias\/#website","url":"https:\/\/candas365.es\/noticias\/","name":"Cand\u00e1s 365","alternateName":"Cand\u00e1s 365 Noticias","description":"Actualidad desde Carre\u00f1o para el mundo","inLanguage":"es-ES","publisher":{"@id":"https:\/\/candas365.es\/noticias\/#organization"}}]},"og:locale":"es_ES","og:site_name":"Cand\u00e1s 365","og:type":"article","og:title":"Iberia recupera los vuelos directos de Madrid a Caracas \u2013 Cand\u00e1s 365","og:description":"Iberia ha reanudado los vuelos directos entre Madrid y Caracas desde el 3 de septiembre de 2026. Los vuelos se hab\u00edan interrumpido por los terremotos.","og:url":"https:\/\/candas365.es\/noticias\/iberia-recupera-los-vuelos-directos-de-madrid-a-caracas\/","og:image":"https:\/\/candas365.es\/noticias\/wp-content\/uploads\/2026\/09\/Iberia-recupera-los-vuelos-directos-de-Madrid-a-Caracas.jpg","og:image:secure_url":"https:\/\/candas365.es\/noticias\/wp-content\/uploads\/2026\/09\/Iberia-recupera-los-vuelos-directos-de-Madrid-a-Caracas.jpg","og:image:width":1245,"og:image:height":821,"article:published_time":"2026-09-04T19:07:43+00:00","article:modified_time":"2026-09-04T19:08:28+00:00","article:publisher":"https:\/\/www.facebook.com\/Nachofdezber","article:author":"https:\/\/www.facebook.com\/Nachofdezber","twitter:card":"summary_large_image","twitter:site":"@candas365","twitter:title":"Iberia recupera los vuelos directos de Madrid a Caracas \u2013 Cand\u00e1s 365","twitter:description":"Iberia ha reanudado los vuelos directos entre Madrid y Caracas desde el 3 de septiembre de 2026. Los vuelos se hab\u00edan interrumpido por los terremotos.","twitter:creator":"@candas365","twitter:image":"https:\/\/candas365.es\/noticias\/wp-content\/uploads\/2026\/09\/Iberia-recupera-los-vuelos-directos-de-Madrid-a-Caracas.jpg","twitter:label1":"Escrito por","twitter:data1":"Cand\u00e1s 365","twitter:label2":"Tiempo de lectura estimado","twitter:data2":"2 minutos"},"aioseo_meta_data":{"post_id":"198024","title":null,"description":"Iberia ha reanudado los vuelos directos entre Madrid y Caracas desde el 3 de septiembre de 2026. Los vuelos se hab\u00edan interrumpido por los terremotos.","keywords":null,"keyphrases":{"focus":{"keyphrase":"Iberia","score":0,"analysis":[]},"additional":[{"keyphrase":"Madrid a Caracas","score":0}]},"primary_term":null,"canonical_url":null,"og_title":"#post_title #separator_sa #site_title","og_description":"Iberia ha reanudado los vuelos directos entre Madrid y Caracas desde el 3 de septiembre de 2026. Los vuelos se hab\u00edan interrumpido por los terremotos.","og_object_type":"default","og_image_type":"default","og_image_url":null,"og_image_width":null,"og_image_height":null,"og_image_custom_url":null,"og_image_custom_fields":null,"og_video":"","og_custom_url":null,"og_article_section":null,"og_article_tags":null,"twitter_use_og":true,"twitter_card":"default","twitter_image_type":"default","twitter_image_url":null,"twitter_image_custom_url":null,"twitter_image_custom_fields":null,"twitter_title":null,"twitter_description":null,"schema":{"blockGraphs":[],"customGraphs":[],"default":{"data":{"Article":[],"Course":[],"Dataset":[],"FAQPage":[],"Movie":[],"Person":[],"Product":[],"ProductReview":[],"Car":[],"Recipe":[],"Service":[],"SoftwareApplication":[],"WebPage":[]},"graphName":"NewsArticle","isEnabled":true},"graphs":[]},"schema_type":"default","schema_type_options":null,"pillar_content":false,"robots_default":true,"robots_noindex":false,"robots_noarchive":false,"robots_nosnippet":false,"robots_nofollow":false,"robots_noimageindex":false,"robots_noodp":false,"robots_notranslate":false,"robots_max_snippet":"-1","robots_max_videopreview":"-1","robots_max_imagepreview":"large","priority":null,"frequency":"default","location":null,"local_seo":null,"seo_analyzer_scan_date":"2026-09-04 19:10:50","breadcrumb_settings":null,"limit_modified_date":false,"reviewed_by":"0","open_ai":null,"ai":{"faqs":[],"keyPoints":[],"schemas":[],"titles":[],"descriptions":[],"socialPosts":{"email":{"subject":"","preview":"","content":""},"linkedin":[],"twitter":[],"facebook":[],"instagram":[]}},"created":"2026-09-04 19:02:32","updated":"2026-09-04 19:23:57","focus_keyword":"Iberia","additional_keywords":[{"word":"Madrid a Caracas","score":100,"items":{"introductionKeyword":{"score":9},"keyphraseLength":{"score":9},"keyphraseDensity":{"score":9},"functionWordsInKeyphrase":{"score":9},"textCompetingLinks":{"score":9},"imageKeyphrase":{"score":9}}}],"truseo_locale":null},"aioseo_breadcrumb":"<div class=\"aioseo-breadcrumbs\"><span class=\"aioseo-breadcrumb\">\n\t<a href=\"https:\/\/candas365.es\/noticias\" title=\"Home\">Home<\/a>\n<\/span><span class=\"aioseo-breadcrumb-separator\">&ndash;<\/span><span class=\"aioseo-breadcrumb\">\n\t<a href=\"https:\/\/candas365.es\/noticias\/category\/turismo\/\" title=\"Turismo\">Turismo<\/a>\n<\/span><span class=\"aioseo-breadcrumb-separator\">&ndash;<\/span><span class=\"aioseo-breadcrumb\">\n\tIberia recupera los vuelos directos de Madrid a Caracas\n<\/span><\/div>","aioseo_breadcrumb_json":[{"label":"Home","link":"https:\/\/candas365.es\/noticias"},{"label":"Turismo","link":"https:\/\/candas365.es\/noticias\/category\/turismo\/"},{"label":"Iberia recupera los vuelos directos de Madrid a Caracas","link":"https:\/\/candas365.es\/noticias\/iberia-recupera-los-vuelos-directos-de-madrid-a-caracas\/"}],"_links":{"self":[{"href":"https:\/\/candas365.es\/noticias\/wp-json\/wp\/v2\/posts\/198024","targetHints":{"allow":["GET"]}}],"collection":[{"href":"https:\/\/candas365.es\/noticias\/wp-json\/wp\/v2\/posts"}],"about":[{"href":"https:\/\/candas365.es\/noticias\/wp-json\/wp\/v2\/types\/post"}],"author":[{"embeddable":true,"href":"https:\/\/candas365.es\/noticias\/wp-json\/wp\/v2\/users\/1"}],"replies":[{"embeddable":true,"href":"https:\/\/candas365.es\/noticias\/wp-json\/wp\/v2\/comments?post=198024"}],"version-history":[{"count":1,"href":"https:\/\/candas365.es\/noticias\/wp-json\/wp\/v2\/posts\/198024\/revisions"}],"predecessor-version":[{"id":198026,"href":"https:\/\/candas365.es\/noticias\/wp-json\/wp\/v2\/posts\/198024\/revisions\/198026"}],"wp:featuredmedia":[{"embeddable":true,"href":"https:\/\/candas365.es\/noticias\/wp-json\/wp\/v2\/media\/198025"}],"wp:attachment":[{"href":"https:\/\/candas365.es\/noticias\/wp-json\/wp\/v2\/media?parent=198024"}],"wp:term":[{"taxonomy":"category","embeddable":true,"href":"https:\/\/candas365.es\/noticias\/wp-json\/wp\/v2\/categories?post=198024"},{"taxonomy":"post_tag","embeddable":true,"href":"https:\/\/candas365.es\/noticias\/wp-json\/wp\/v2\/tags?post=198024"}],"curies":[{"name":"wp","href":"https:\/\/api.w.org\/{rel}","templated":true}]}}