{"id":198021,"date":"2026-09-04T20:57:59","date_gmt":"2026-09-04T18:57:59","guid":{"rendered":"https:\/\/candas365.es\/noticias\/?p=198021"},"modified":"2026-09-04T20:58:24","modified_gmt":"2026-09-04T18:58:24","slug":"fiestaventura-2026-en-portaventura-world","status":"publish","type":"post","link":"https:\/\/candas365.es\/noticias\/fiestaventura-2026-en-portaventura-world\/","title":{"rendered":"FiestAventura 2026 en PortAventura World"},"content":{"rendered":"<p>S\u00e1bado de despedidas en PortAventura World el 5 de septiembre de 2026, con el \u00faltimo pase del <span style=\"color: #ff6600;\"><strong><a style=\"color: #ff6600;\" title=\"espect\u00e1culo nocturno FiestAventura\" href=\"https:\/\/candas365.es\/noticias\/category\/revista\/\">espect\u00e1culo nocturno FiestAventura<\/a><\/strong><\/span> en el Lago de Mediterr\u00e0nia de PortAventura Park.<\/p>\n<figure id=\"attachment_198022\" aria-describedby=\"caption-attachment-198022\" style=\"width: 650px\" class=\"wp-caption aligncenter\"><img fetchpriority=\"high\" decoding=\"async\" class=\"size-large wp-image-198022\" src=\"https:\/\/candas365.es\/noticias\/wp-content\/uploads\/2026\/09\/FiestAventura-2026-en-PortAventura-World-650x451.jpg\" alt=\"FiestAventura 2026 en PortAventura World\" width=\"650\" height=\"451\" srcset=\"https:\/\/candas365.es\/noticias\/wp-content\/uploads\/2026\/09\/FiestAventura-2026-en-PortAventura-World-650x451.jpg 650w, https:\/\/candas365.es\/noticias\/wp-content\/uploads\/2026\/09\/FiestAventura-2026-en-PortAventura-World-360x250.jpg 360w, https:\/\/candas365.es\/noticias\/wp-content\/uploads\/2026\/09\/FiestAventura-2026-en-PortAventura-World-768x533.jpg 768w, https:\/\/candas365.es\/noticias\/wp-content\/uploads\/2026\/09\/FiestAventura-2026-en-PortAventura-World-150x104.jpg 150w, https:\/\/candas365.es\/noticias\/wp-content\/uploads\/2026\/09\/FiestAventura-2026-en-PortAventura-World-450x312.jpg 450w, https:\/\/candas365.es\/noticias\/wp-content\/uploads\/2026\/09\/FiestAventura-2026-en-PortAventura-World.jpg 1184w\" sizes=\"(max-width: 650px) 100vw, 650px\" \/><figcaption id=\"caption-attachment-198022\" class=\"wp-caption-text\">PORTAVENTURA WORLD &#8211; Archivo<\/figcaption><\/figure>\n<p>PortAventura World ofrecera este s\u00e1bado s\u00e1bado 5 de septiembre el \u00faltimo pase del espect\u00e1culo nocturno FiestAventura en el Lago de Mediterr\u00e0nia de PortAventura Park. El show, uno de los m\u00e1s emblem\u00e1ticos del parque, concluye as\u00ed una trayectoria de 27 temporadas y dar\u00e1 paso a una nueva propuesta de cara el pr\u00f3ximo a\u00f1o.<\/p>\n<p>Tras m\u00e1s de un cuarto de siglo transformando las noches estivales de la Costa Daurada en un despliegue de fuego, agua y sonido, uno de los espect\u00e1culos m\u00e1s ic\u00f3nicos de la industria del entretenimiento en Europa se prepara para su \u00faltima funci\u00f3n.<\/p>\n<p>FiestAventura, el emblem\u00e1tico show nocturno que ten\u00eda lugar sobre el lago del parque de ocio bajar\u00e1 definitivamente el tel\u00f3n el pr\u00f3ximo s\u00e1bado 5 de septiembre, coincidiendo con el cierre de la temporada alta y del horario nocturno del complejo tur\u00edstico. Esta despedida marca el fin de una era para PortAventura World tras 27 temporadas ininterrumpidas de historia.<\/p>\n<p>Desde su gran estreno el 20 de marzo de 1999, la producci\u00f3n se consolid\u00f3 como una propuesta vanguardista al convertirse en el primer gran espect\u00e1culo nocturno permanente de un parque tem\u00e1tico europeo capaz de integrar, de manera plenamente sincronizada, pirotecnia, efectos acu\u00e1ticos, proyecciones, iluminaci\u00f3n, escenograf\u00eda y m\u00fasica sobre una superficie acu\u00e1tica de gran escala.<\/p>\n<p>Ese car\u00e1cter pionero fue reconocido internacionalmente en el a\u00f1o 2000 con el Thea Award for Outstanding Achievement &#8211; Live Show, galard\u00f3n otorgado por la Themed Entertainment Association y considerado uno de los m\u00e1ximos reconocimientos en la industria del ocio tem\u00e1tico.<\/p>\n<p>El valor art\u00edstico del montaje ha contado desde sus or\u00edgenes con nombres de gran prestigio internacional. La direcci\u00f3n creativa inicial corri\u00f3 a cargo de Craig Hanna, de la firma Universal Creative, con evoluciones posteriores desarrolladas por el dise\u00f1ador Phil Hettema, mientras que la \u00e9pica banda sonora original fue compuesta por el maestro Jos\u00e9 Nieto e interpretada por la Orquesta Sinf\u00f3nica Nacional de Bratislava.<\/p>\n<p>A trav\u00e9s de este hilo musical y visual, el espect\u00e1culo invita al espectador a realizar un viaje narrativo por las \u00e1reas del parque -M\u00e9xico, Far West, China y Polynesia- hasta alcanzar su apote\u00f3sico final.<\/p>\n<h1 class=\"ladillo\">SIEMPRE A LA VANGUARDIA TECNOL\u00d3GICA.<\/h1>\n<p>A lo largo de sus casi tres d\u00e9cadas de trayectoria, FiestAventura ha sabido actualizarse para mantenerse a la vanguardia tecnol\u00f3gica del sector. En 2006 incorpor\u00f3 fuentes danzantes y nuevos efectos multimedia, mientras que en 2010 afront\u00f3 una renovaci\u00f3n profunda de sus proyecciones, pirotecnia y banda sonora.<\/p>\n<p>Tras peque\u00f1os reajustes de escenas en 2011, el show vivi\u00f3 su mayor hito reciente con motivo del 30 aniversario de PortAventura World, integrando una avanzada coreograf\u00eda de drones sincronizada con el resto de elementos del lago.<\/p>\n<p>Desde la direcci\u00f3n del resort justifican la retirada del show dentro de su pol\u00edtica de innovaci\u00f3n constante para seguir sorprendiendo al p\u00fablico, especialmente dado el alto porcentaje de visitantes que repiten estancia en el parque.<\/p>\n<p>Aunque desde la compa\u00f1\u00eda reconocen la innegable carga emotiva que supone despedir una producci\u00f3n tan ligada a la identidad del recinto, priman la voluntad de seguir renovando la oferta con nuevas propuestas de valor.<\/p>\n<p>Para acompa\u00f1ar esta hist\u00f3rica despedida, desde el pasado 22 de agosto y hasta el pase final del 5 de septiembre, las motos de agua, los especialistas en flyboard y las plataformas del show realizan cada noche un saludo especial al t\u00e9rmino del espect\u00e1culo, acompa\u00f1ado por la m\u00fasica post-show original de 1999.<\/p>\n<p>Pese a que FiestAventura concluye definitivamente su andadura, la actividad no desaparecer\u00e1 del Lago de Mediterr\u00e0nia, donde el parque ya prev\u00e9 el estreno de un nuevo gran espect\u00e1culo nocturno de cara al a\u00f1o 2027.<\/p>\n<p>EUROPA PRESS<\/p>\n","protected":false},"excerpt":{"rendered":"<p>S\u00e1bado de despedidas en PortAventura World el 5 de septiembre de 2026, con el \u00faltimo pase del espect\u00e1culo nocturno FiestAventura en el Lago de Mediterr\u00e0nia de PortAventura Park. PortAventura World ofrecera este s\u00e1bado s\u00e1bado 5 de septiembre el \u00faltimo pase del espect\u00e1culo nocturno FiestAventura en el Lago de Mediterr\u00e0nia de PortAventura Park. El show, uno<\/p>\n","protected":false},"author":1,"featured_media":198022,"comment_status":"closed","ping_status":"closed","sticky":false,"template":"","format":"standard","meta":{"footnotes":""},"categories":[142],"tags":[465],"class_list":["post-198021","post","type-post","status-publish","format-standard","has-post-thumbnail","category-revista","tag-ocio"],"aioseo_notices":[],"aioseo_head":"\n\t\t<!-- All in One SEO Pro 5.0.1.1 - aioseo.com -->\n\t<meta name=\"description\" content=\"S\u00e1bado de despedidas en PortAventura World el 5 de septiembre de 2026, con el \u00faltimo pase del espect\u00e1culo nocturno FiestAventura en el Lago de Mediterr\u00e0nia\" \/>\n\t<meta name=\"robots\" content=\"max-image-preview:large\" \/>\n\t<meta name=\"author\" content=\"Cand\u00e1s 365\"\/>\n\t<meta name=\"google-site-verification\" content=\"UA-32230408-1\" \/>\n\t<meta name=\"msvalidate.01\" content=\"354F3CDFB2DA171B47FBE9ABF1F88D5\" \/>\n\t<meta name=\"keywords\" content=\"revista\" \/>\n\t<link rel=\"canonical\" href=\"https:\/\/candas365.es\/noticias\/fiestaventura-2026-en-portaventura-world\/\" \/>\n\t<meta name=\"generator\" content=\"All in One SEO Pro (AIOSEO) 5.0.1.1\" \/>\n\t\t<meta property=\"og:locale\" content=\"es_ES\" \/>\n\t\t<meta property=\"og:site_name\" content=\"Cand\u00e1s 365\" \/>\n\t\t<meta property=\"og:type\" content=\"article\" \/>\n\t\t<meta property=\"og:title\" content=\"FiestAventura 2026 en PortAventura World \u2013 Cand\u00e1s 365\" \/>\n\t\t<meta property=\"og:description\" content=\"S\u00e1bado de despedidas en PortAventura World el 5 de septiembre de 2026, con el \u00faltimo pase del espect\u00e1culo nocturno FiestAventura en el Lago de Mediterr\u00e0nia\" \/>\n\t\t<meta property=\"og:url\" content=\"https:\/\/candas365.es\/noticias\/fiestaventura-2026-en-portaventura-world\/\" \/>\n\t\t<meta property=\"og:image\" content=\"https:\/\/candas365.es\/noticias\/wp-content\/uploads\/2026\/09\/FiestAventura-2026-en-PortAventura-World.jpg\" \/>\n\t\t<meta property=\"og:image:secure_url\" content=\"https:\/\/candas365.es\/noticias\/wp-content\/uploads\/2026\/09\/FiestAventura-2026-en-PortAventura-World.jpg\" \/>\n\t\t<meta property=\"og:image:width\" content=\"1184\" \/>\n\t\t<meta property=\"og:image:height\" content=\"822\" \/>\n\t\t<meta property=\"article:published_time\" content=\"2026-09-04T18:57:59+00:00\" \/>\n\t\t<meta property=\"article:modified_time\" content=\"2026-09-04T18:58:24+00:00\" \/>\n\t\t<meta property=\"article:publisher\" content=\"https:\/\/www.facebook.com\/Nachofdezber\" \/>\n\t\t<meta property=\"article:author\" content=\"https:\/\/www.facebook.com\/Nachofdezber\" \/>\n\t\t<meta name=\"twitter:card\" content=\"summary_large_image\" \/>\n\t\t<meta name=\"twitter:site\" content=\"@candas365\" \/>\n\t\t<meta name=\"twitter:title\" content=\"FiestAventura 2026 en PortAventura World \u2013 Cand\u00e1s 365\" \/>\n\t\t<meta name=\"twitter:description\" content=\"S\u00e1bado de despedidas en PortAventura World el 5 de septiembre de 2026, con el \u00faltimo pase del espect\u00e1culo nocturno FiestAventura en el Lago de Mediterr\u00e0nia\" \/>\n\t\t<meta name=\"twitter:creator\" content=\"@candas365\" \/>\n\t\t<meta name=\"twitter:image\" content=\"https:\/\/candas365.es\/noticias\/wp-content\/uploads\/2026\/09\/FiestAventura-2026-en-PortAventura-World.jpg\" \/>\n\t\t<meta name=\"twitter:label1\" content=\"Escrito por\" \/>\n\t\t<meta name=\"twitter:data1\" content=\"Cand\u00e1s 365\" \/>\n\t\t<meta name=\"twitter:label2\" content=\"Tiempo de lectura estimado\" \/>\n\t\t<meta name=\"twitter:data2\" content=\"3 minutos\" \/>\n\t\t<script type=\"application\/ld+json\" class=\"aioseo-schema\">\n\t\t\t{\"@context\":\"https:\\\/\\\/schema.org\",\"@graph\":[{\"@type\":\"BreadcrumbList\",\"@id\":\"https:\\\/\\\/candas365.es\\\/noticias\\\/fiestaventura-2026-en-portaventura-world\\\/#breadcrumblist\",\"itemListElement\":[{\"@type\":\"ListItem\",\"@id\":\"https:\\\/\\\/candas365.es\\\/noticias#listItem\",\"position\":1,\"name\":\"Home\",\"item\":\"https:\\\/\\\/candas365.es\\\/noticias\",\"nextItem\":{\"@type\":\"ListItem\",\"@id\":\"https:\\\/\\\/candas365.es\\\/noticias\\\/category\\\/revista\\\/#listItem\",\"name\":\"Revista\"}},{\"@type\":\"ListItem\",\"@id\":\"https:\\\/\\\/candas365.es\\\/noticias\\\/category\\\/revista\\\/#listItem\",\"position\":2,\"name\":\"Revista\",\"item\":\"https:\\\/\\\/candas365.es\\\/noticias\\\/category\\\/revista\\\/\",\"nextItem\":{\"@type\":\"ListItem\",\"@id\":\"https:\\\/\\\/candas365.es\\\/noticias\\\/fiestaventura-2026-en-portaventura-world\\\/#listItem\",\"name\":\"FiestAventura 2026 en PortAventura World\"},\"previousItem\":{\"@type\":\"ListItem\",\"@id\":\"https:\\\/\\\/candas365.es\\\/noticias#listItem\",\"name\":\"Home\"}},{\"@type\":\"ListItem\",\"@id\":\"https:\\\/\\\/candas365.es\\\/noticias\\\/fiestaventura-2026-en-portaventura-world\\\/#listItem\",\"position\":3,\"name\":\"FiestAventura 2026 en PortAventura World\",\"previousItem\":{\"@type\":\"ListItem\",\"@id\":\"https:\\\/\\\/candas365.es\\\/noticias\\\/category\\\/revista\\\/#listItem\",\"name\":\"Revista\"}}]},{\"@type\":\"NewsArticle\",\"@id\":\"https:\\\/\\\/candas365.es\\\/noticias\\\/fiestaventura-2026-en-portaventura-world\\\/#newsarticle\",\"name\":\"FiestAventura 2026 en PortAventura World | Cand\\u00e1s 365\",\"headline\":\"FiestAventura 2026 en PortAventura World\",\"author\":{\"@id\":\"https:\\\/\\\/candas365.es\\\/noticias\\\/author\\\/admin\\\/#author\"},\"publisher\":{\"@id\":\"https:\\\/\\\/candas365.es\\\/noticias\\\/#organization\"},\"image\":{\"@type\":\"ImageObject\",\"url\":\"https:\\\/\\\/candas365.es\\\/noticias\\\/wp-content\\\/uploads\\\/2026\\\/09\\\/FiestAventura-2026-en-PortAventura-World.jpg\",\"width\":1184,\"height\":822,\"caption\":\"PORTAVENTURA WORLD - Archivo\"},\"datePublished\":\"2026-09-04T20:57:59+02:00\",\"dateModified\":\"2026-09-04T20:58:24+02:00\",\"inLanguage\":\"es-ES\",\"mainEntityOfPage\":{\"@id\":\"https:\\\/\\\/candas365.es\\\/noticias\\\/fiestaventura-2026-en-portaventura-world\\\/#webpage\"},\"isPartOf\":{\"@id\":\"https:\\\/\\\/candas365.es\\\/noticias\\\/fiestaventura-2026-en-portaventura-world\\\/#webpage\"},\"articleSection\":\"Revista, Ocio\",\"dateline\":\"Publicado el septiembre 4, 2026.\"},{\"@type\":\"Organization\",\"@id\":\"https:\\\/\\\/candas365.es\\\/noticias\\\/#organization\",\"name\":\"Cand\\u00e1s 365\",\"description\":\"Cand\\u00e1s 365 es un diario digital independiente, fundado en 2012, con base en Asturias. Informamos con rigor sobre actualidad, sociedad, cultura y ocio, con una mirada local y global.\",\"url\":\"https:\\\/\\\/candas365.es\\\/noticias\\\/\",\"email\":\"info@candas365.es\",\"telephone\":\"+34652131393\",\"foundingDate\":\"2012-06-10\",\"logo\":{\"@type\":\"ImageObject\",\"url\":\"https:\\\/\\\/candas365.es\\\/noticias\\\/wp-content\\\/uploads\\\/2024\\\/09\\\/Candas-365-Redes.jpg\",\"@id\":\"https:\\\/\\\/candas365.es\\\/noticias\\\/fiestaventura-2026-en-portaventura-world\\\/#organizationLogo\",\"width\":1152,\"height\":864,\"caption\":\"Cand\\u00e1s 365 Redes\"},\"image\":{\"@id\":\"https:\\\/\\\/candas365.es\\\/noticias\\\/fiestaventura-2026-en-portaventura-world\\\/#organizationLogo\"},\"sameAs\":[\"https:\\\/\\\/www.facebook.com\\\/Nachofdezber\",\"https:\\\/\\\/x.com\\\/candas365\",\"https:\\\/\\\/www.instagram.com\\\/nachofdezber\\\/\",\"https:\\\/\\\/www.youtube.com\\\/channel\\\/UCZP-2wLEB9Rv6erhFmqVnvg\"],\"address\":{\"@id\":\"https:\\\/\\\/candas365.es\\\/noticias\\\/#postaladdress\",\"@type\":\"PostalAddress\",\"streetAddress\":\"san antonio 4, san antonio 4\",\"postalCode\":\"33430\",\"addressLocality\":\"Cand\\u00e1s\",\"addressRegion\":\"Asturias\",\"addressCountry\":\"ES\"}},{\"@type\":\"Person\",\"@id\":\"https:\\\/\\\/candas365.es\\\/noticias\\\/author\\\/admin\\\/#author\",\"url\":\"https:\\\/\\\/candas365.es\\\/noticias\\\/author\\\/admin\\\/\",\"name\":\"Cand\\u00e1s 365\",\"image\":{\"@type\":\"ImageObject\",\"@id\":\"https:\\\/\\\/candas365.es\\\/noticias\\\/fiestaventura-2026-en-portaventura-world\\\/#authorImage\",\"url\":\"https:\\\/\\\/candas365.es\\\/noticias\\\/wp-content\\\/uploads\\\/2026\\\/07\\\/cropped-eyevuvEl_400x400-96x96.jpg\",\"width\":96,\"height\":96,\"caption\":\"Cand\\u00e1s 365\"},\"sameAs\":[\"https:\\\/\\\/www.facebook.com\\\/Nachofdezber\",\"https:\\\/\\\/x.com\\\/candas365\",\"https:\\\/\\\/www.instagram.com\\\/nachofdezber\\\/\",\"https:\\\/\\\/www.youtube.com\\\/channel\\\/UCZP-2wLEB9Rv6erhFmqVnvg\"]},{\"@type\":\"WebPage\",\"@id\":\"https:\\\/\\\/candas365.es\\\/noticias\\\/fiestaventura-2026-en-portaventura-world\\\/#webpage\",\"url\":\"https:\\\/\\\/candas365.es\\\/noticias\\\/fiestaventura-2026-en-portaventura-world\\\/\",\"name\":\"FiestAventura 2026 en PortAventura World | Cand\\u00e1s 365\",\"description\":\"S\\u00e1bado de despedidas en PortAventura World el 5 de septiembre de 2026, con el \\u00faltimo pase del espect\\u00e1culo nocturno FiestAventura en el Lago de Mediterr\\u00e0nia\",\"inLanguage\":\"es-ES\",\"isPartOf\":{\"@id\":\"https:\\\/\\\/candas365.es\\\/noticias\\\/#website\"},\"breadcrumb\":{\"@id\":\"https:\\\/\\\/candas365.es\\\/noticias\\\/fiestaventura-2026-en-portaventura-world\\\/#breadcrumblist\"},\"author\":{\"@id\":\"https:\\\/\\\/candas365.es\\\/noticias\\\/author\\\/admin\\\/#author\"},\"creator\":{\"@id\":\"https:\\\/\\\/candas365.es\\\/noticias\\\/author\\\/admin\\\/#author\"},\"image\":{\"@type\":\"ImageObject\",\"url\":\"https:\\\/\\\/candas365.es\\\/noticias\\\/wp-content\\\/uploads\\\/2026\\\/09\\\/FiestAventura-2026-en-PortAventura-World.jpg\",\"@id\":\"https:\\\/\\\/candas365.es\\\/noticias\\\/fiestaventura-2026-en-portaventura-world\\\/#mainImage\",\"width\":1184,\"height\":822,\"caption\":\"PORTAVENTURA WORLD - Archivo\"},\"primaryImageOfPage\":{\"@id\":\"https:\\\/\\\/candas365.es\\\/noticias\\\/fiestaventura-2026-en-portaventura-world\\\/#mainImage\"},\"datePublished\":\"2026-09-04T20:57:59+02:00\",\"dateModified\":\"2026-09-04T20:58:24+02:00\"},{\"@type\":\"WebSite\",\"@id\":\"https:\\\/\\\/candas365.es\\\/noticias\\\/#website\",\"url\":\"https:\\\/\\\/candas365.es\\\/noticias\\\/\",\"name\":\"Cand\\u00e1s 365\",\"alternateName\":\"Cand\\u00e1s 365 Noticias\",\"description\":\"Actualidad desde Carre\\u00f1o para el mundo\",\"inLanguage\":\"es-ES\",\"publisher\":{\"@id\":\"https:\\\/\\\/candas365.es\\\/noticias\\\/#organization\"}}]}\n\t\t<\/script>\n\t\t<!-- All in One SEO Pro -->\r\n\t\t<title>FiestAventura 2026 en PortAventura World | Cand\u00e1s 365<\/title>\n\n","aioseo_head_json":{"title":"FiestAventura 2026 en PortAventura World | Cand\u00e1s 365","description":"S\u00e1bado de despedidas en PortAventura World el 5 de septiembre de 2026, con el \u00faltimo pase del espect\u00e1culo nocturno FiestAventura en el Lago de Mediterr\u00e0nia","canonical_url":"https:\/\/candas365.es\/noticias\/fiestaventura-2026-en-portaventura-world\/","robots":"max-image-preview:large","keywords":"revista","webmasterTools":{"google-site-verification":"UA-32230408-1","msvalidate.01":"354F3CDFB2DA171B47FBE9ABF1F88D5","miscellaneous":""},"schema":{"@context":"https:\/\/schema.org","@graph":[{"@type":"BreadcrumbList","@id":"https:\/\/candas365.es\/noticias\/fiestaventura-2026-en-portaventura-world\/#breadcrumblist","itemListElement":[{"@type":"ListItem","@id":"https:\/\/candas365.es\/noticias#listItem","position":1,"name":"Home","item":"https:\/\/candas365.es\/noticias","nextItem":{"@type":"ListItem","@id":"https:\/\/candas365.es\/noticias\/category\/revista\/#listItem","name":"Revista"}},{"@type":"ListItem","@id":"https:\/\/candas365.es\/noticias\/category\/revista\/#listItem","position":2,"name":"Revista","item":"https:\/\/candas365.es\/noticias\/category\/revista\/","nextItem":{"@type":"ListItem","@id":"https:\/\/candas365.es\/noticias\/fiestaventura-2026-en-portaventura-world\/#listItem","name":"FiestAventura 2026 en PortAventura World"},"previousItem":{"@type":"ListItem","@id":"https:\/\/candas365.es\/noticias#listItem","name":"Home"}},{"@type":"ListItem","@id":"https:\/\/candas365.es\/noticias\/fiestaventura-2026-en-portaventura-world\/#listItem","position":3,"name":"FiestAventura 2026 en PortAventura World","previousItem":{"@type":"ListItem","@id":"https:\/\/candas365.es\/noticias\/category\/revista\/#listItem","name":"Revista"}}]},{"@type":"NewsArticle","@id":"https:\/\/candas365.es\/noticias\/fiestaventura-2026-en-portaventura-world\/#newsarticle","name":"FiestAventura 2026 en PortAventura World | Cand\u00e1s 365","headline":"FiestAventura 2026 en PortAventura World","author":{"@id":"https:\/\/candas365.es\/noticias\/author\/admin\/#author"},"publisher":{"@id":"https:\/\/candas365.es\/noticias\/#organization"},"image":{"@type":"ImageObject","url":"https:\/\/candas365.es\/noticias\/wp-content\/uploads\/2026\/09\/FiestAventura-2026-en-PortAventura-World.jpg","width":1184,"height":822,"caption":"PORTAVENTURA WORLD - Archivo"},"datePublished":"2026-09-04T20:57:59+02:00","dateModified":"2026-09-04T20:58:24+02:00","inLanguage":"es-ES","mainEntityOfPage":{"@id":"https:\/\/candas365.es\/noticias\/fiestaventura-2026-en-portaventura-world\/#webpage"},"isPartOf":{"@id":"https:\/\/candas365.es\/noticias\/fiestaventura-2026-en-portaventura-world\/#webpage"},"articleSection":"Revista, Ocio","dateline":"Publicado el septiembre 4, 2026."},{"@type":"Organization","@id":"https:\/\/candas365.es\/noticias\/#organization","name":"Cand\u00e1s 365","description":"Cand\u00e1s 365 es un diario digital independiente, fundado en 2012, con base en Asturias. Informamos con rigor sobre actualidad, sociedad, cultura y ocio, con una mirada local y global.","url":"https:\/\/candas365.es\/noticias\/","email":"info@candas365.es","telephone":"+34652131393","foundingDate":"2012-06-10","logo":{"@type":"ImageObject","url":"https:\/\/candas365.es\/noticias\/wp-content\/uploads\/2024\/09\/Candas-365-Redes.jpg","@id":"https:\/\/candas365.es\/noticias\/fiestaventura-2026-en-portaventura-world\/#organizationLogo","width":1152,"height":864,"caption":"Cand\u00e1s 365 Redes"},"image":{"@id":"https:\/\/candas365.es\/noticias\/fiestaventura-2026-en-portaventura-world\/#organizationLogo"},"sameAs":["https:\/\/www.facebook.com\/Nachofdezber","https:\/\/x.com\/candas365","https:\/\/www.instagram.com\/nachofdezber\/","https:\/\/www.youtube.com\/channel\/UCZP-2wLEB9Rv6erhFmqVnvg"],"address":{"@id":"https:\/\/candas365.es\/noticias\/#postaladdress","@type":"PostalAddress","streetAddress":"san antonio 4, san antonio 4","postalCode":"33430","addressLocality":"Cand\u00e1s","addressRegion":"Asturias","addressCountry":"ES"}},{"@type":"Person","@id":"https:\/\/candas365.es\/noticias\/author\/admin\/#author","url":"https:\/\/candas365.es\/noticias\/author\/admin\/","name":"Cand\u00e1s 365","image":{"@type":"ImageObject","@id":"https:\/\/candas365.es\/noticias\/fiestaventura-2026-en-portaventura-world\/#authorImage","url":"https:\/\/candas365.es\/noticias\/wp-content\/uploads\/2026\/07\/cropped-eyevuvEl_400x400-96x96.jpg","width":96,"height":96,"caption":"Cand\u00e1s 365"},"sameAs":["https:\/\/www.facebook.com\/Nachofdezber","https:\/\/x.com\/candas365","https:\/\/www.instagram.com\/nachofdezber\/","https:\/\/www.youtube.com\/channel\/UCZP-2wLEB9Rv6erhFmqVnvg"]},{"@type":"WebPage","@id":"https:\/\/candas365.es\/noticias\/fiestaventura-2026-en-portaventura-world\/#webpage","url":"https:\/\/candas365.es\/noticias\/fiestaventura-2026-en-portaventura-world\/","name":"FiestAventura 2026 en PortAventura World | Cand\u00e1s 365","description":"S\u00e1bado de despedidas en PortAventura World el 5 de septiembre de 2026, con el \u00faltimo pase del espect\u00e1culo nocturno FiestAventura en el Lago de Mediterr\u00e0nia","inLanguage":"es-ES","isPartOf":{"@id":"https:\/\/candas365.es\/noticias\/#website"},"breadcrumb":{"@id":"https:\/\/candas365.es\/noticias\/fiestaventura-2026-en-portaventura-world\/#breadcrumblist"},"author":{"@id":"https:\/\/candas365.es\/noticias\/author\/admin\/#author"},"creator":{"@id":"https:\/\/candas365.es\/noticias\/author\/admin\/#author"},"image":{"@type":"ImageObject","url":"https:\/\/candas365.es\/noticias\/wp-content\/uploads\/2026\/09\/FiestAventura-2026-en-PortAventura-World.jpg","@id":"https:\/\/candas365.es\/noticias\/fiestaventura-2026-en-portaventura-world\/#mainImage","width":1184,"height":822,"caption":"PORTAVENTURA WORLD - Archivo"},"primaryImageOfPage":{"@id":"https:\/\/candas365.es\/noticias\/fiestaventura-2026-en-portaventura-world\/#mainImage"},"datePublished":"2026-09-04T20:57:59+02:00","dateModified":"2026-09-04T20:58:24+02:00"},{"@type":"WebSite","@id":"https:\/\/candas365.es\/noticias\/#website","url":"https:\/\/candas365.es\/noticias\/","name":"Cand\u00e1s 365","alternateName":"Cand\u00e1s 365 Noticias","description":"Actualidad desde Carre\u00f1o para el mundo","inLanguage":"es-ES","publisher":{"@id":"https:\/\/candas365.es\/noticias\/#organization"}}]},"og:locale":"es_ES","og:site_name":"Cand\u00e1s 365","og:type":"article","og:title":"FiestAventura 2026 en PortAventura World \u2013 Cand\u00e1s 365","og:description":"S\u00e1bado de despedidas en PortAventura World el 5 de septiembre de 2026, con el \u00faltimo pase del espect\u00e1culo nocturno FiestAventura en el Lago de Mediterr\u00e0nia","og:url":"https:\/\/candas365.es\/noticias\/fiestaventura-2026-en-portaventura-world\/","og:image":"https:\/\/candas365.es\/noticias\/wp-content\/uploads\/2026\/09\/FiestAventura-2026-en-PortAventura-World.jpg","og:image:secure_url":"https:\/\/candas365.es\/noticias\/wp-content\/uploads\/2026\/09\/FiestAventura-2026-en-PortAventura-World.jpg","og:image:width":1184,"og:image:height":822,"article:published_time":"2026-09-04T18:57:59+00:00","article:modified_time":"2026-09-04T18:58:24+00:00","article:publisher":"https:\/\/www.facebook.com\/Nachofdezber","article:author":"https:\/\/www.facebook.com\/Nachofdezber","twitter:card":"summary_large_image","twitter:site":"@candas365","twitter:title":"FiestAventura 2026 en PortAventura World \u2013 Cand\u00e1s 365","twitter:description":"S\u00e1bado de despedidas en PortAventura World el 5 de septiembre de 2026, con el \u00faltimo pase del espect\u00e1culo nocturno FiestAventura en el Lago de Mediterr\u00e0nia","twitter:creator":"@candas365","twitter:image":"https:\/\/candas365.es\/noticias\/wp-content\/uploads\/2026\/09\/FiestAventura-2026-en-PortAventura-World.jpg","twitter:label1":"Escrito por","twitter:data1":"Cand\u00e1s 365","twitter:label2":"Tiempo de lectura estimado","twitter:data2":"3 minutos"},"aioseo_meta_data":{"post_id":"198021","title":null,"description":"S\u00e1bado de despedidas en PortAventura World el 5 de septiembre de 2026, con el \u00faltimo pase del espect\u00e1culo nocturno FiestAventura en el Lago de Mediterr\u00e0nia","keywords":null,"keyphrases":{"focus":{"keyphrase":"FiestAventura","score":0,"analysis":[]},"additional":[{"keyphrase":"PortAventura World","score":0}]},"primary_term":null,"canonical_url":null,"og_title":"#post_title #separator_sa #site_title","og_description":"S\u00e1bado de despedidas en PortAventura World el 5 de septiembre de 2026, con el \u00faltimo pase del espect\u00e1culo nocturno FiestAventura en el Lago de Mediterr\u00e0nia","og_object_type":"default","og_image_type":"default","og_image_url":null,"og_image_width":null,"og_image_height":null,"og_image_custom_url":null,"og_image_custom_fields":null,"og_video":"","og_custom_url":null,"og_article_section":null,"og_article_tags":null,"twitter_use_og":true,"twitter_card":"default","twitter_image_type":"default","twitter_image_url":null,"twitter_image_custom_url":null,"twitter_image_custom_fields":null,"twitter_title":null,"twitter_description":null,"schema":{"blockGraphs":[],"customGraphs":[],"default":{"data":{"Article":[],"Course":[],"Dataset":[],"FAQPage":[],"Movie":[],"Person":[],"Product":[],"ProductReview":[],"Car":[],"Recipe":[],"Service":[],"SoftwareApplication":[],"WebPage":[]},"graphName":"NewsArticle","isEnabled":true},"graphs":[]},"schema_type":"default","schema_type_options":null,"pillar_content":false,"robots_default":true,"robots_noindex":false,"robots_noarchive":false,"robots_nosnippet":false,"robots_nofollow":false,"robots_noimageindex":false,"robots_noodp":false,"robots_notranslate":false,"robots_max_snippet":"-1","robots_max_videopreview":"-1","robots_max_imagepreview":"large","priority":null,"frequency":"default","location":null,"local_seo":null,"seo_analyzer_scan_date":"2026-09-04 19:00:46","breadcrumb_settings":null,"limit_modified_date":false,"reviewed_by":"0","open_ai":null,"ai":{"faqs":[],"keyPoints":[],"schemas":[],"titles":[],"descriptions":[],"socialPosts":{"email":{"subject":"","preview":"","content":""},"linkedin":[],"twitter":[],"facebook":[],"instagram":[]}},"created":"2026-09-04 18:52:20","updated":"2026-09-04 19:23:57","focus_keyword":"FiestAventura","additional_keywords":[{"word":"PortAventura World","score":100,"items":{"introductionKeyword":{"score":9},"keyphraseLength":{"score":9},"keyphraseDensity":{"score":9},"functionWordsInKeyphrase":{"score":9},"textCompetingLinks":{"score":9},"imageKeyphrase":{"score":9}}}],"truseo_locale":null},"aioseo_breadcrumb":"<div class=\"aioseo-breadcrumbs\"><span class=\"aioseo-breadcrumb\">\n\t<a href=\"https:\/\/candas365.es\/noticias\" title=\"Home\">Home<\/a>\n<\/span><span class=\"aioseo-breadcrumb-separator\">&ndash;<\/span><span class=\"aioseo-breadcrumb\">\n\t<a href=\"https:\/\/candas365.es\/noticias\/category\/revista\/\" title=\"Revista\">Revista<\/a>\n<\/span><span class=\"aioseo-breadcrumb-separator\">&ndash;<\/span><span class=\"aioseo-breadcrumb\">\n\tFiestAventura 2026 en PortAventura World\n<\/span><\/div>","aioseo_breadcrumb_json":[{"label":"Home","link":"https:\/\/candas365.es\/noticias"},{"label":"Revista","link":"https:\/\/candas365.es\/noticias\/category\/revista\/"},{"label":"FiestAventura 2026 en PortAventura World","link":"https:\/\/candas365.es\/noticias\/fiestaventura-2026-en-portaventura-world\/"}],"_links":{"self":[{"href":"https:\/\/candas365.es\/noticias\/wp-json\/wp\/v2\/posts\/198021","targetHints":{"allow":["GET"]}}],"collection":[{"href":"https:\/\/candas365.es\/noticias\/wp-json\/wp\/v2\/posts"}],"about":[{"href":"https:\/\/candas365.es\/noticias\/wp-json\/wp\/v2\/types\/post"}],"author":[{"embeddable":true,"href":"https:\/\/candas365.es\/noticias\/wp-json\/wp\/v2\/users\/1"}],"replies":[{"embeddable":true,"href":"https:\/\/candas365.es\/noticias\/wp-json\/wp\/v2\/comments?post=198021"}],"version-history":[{"count":1,"href":"https:\/\/candas365.es\/noticias\/wp-json\/wp\/v2\/posts\/198021\/revisions"}],"predecessor-version":[{"id":198023,"href":"https:\/\/candas365.es\/noticias\/wp-json\/wp\/v2\/posts\/198021\/revisions\/198023"}],"wp:featuredmedia":[{"embeddable":true,"href":"https:\/\/candas365.es\/noticias\/wp-json\/wp\/v2\/media\/198022"}],"wp:attachment":[{"href":"https:\/\/candas365.es\/noticias\/wp-json\/wp\/v2\/media?parent=198021"}],"wp:term":[{"taxonomy":"category","embeddable":true,"href":"https:\/\/candas365.es\/noticias\/wp-json\/wp\/v2\/categories?post=198021"},{"taxonomy":"post_tag","embeddable":true,"href":"https:\/\/candas365.es\/noticias\/wp-json\/wp\/v2\/tags?post=198021"}],"curies":[{"name":"wp","href":"https:\/\/api.w.org\/{rel}","templated":true}]}}