{"id":198012,"date":"2026-09-04T18:04:58","date_gmt":"2026-09-04T16:04:58","guid":{"rendered":"https:\/\/candas365.es\/noticias\/?p=198012"},"modified":"2026-09-04T18:04:58","modified_gmt":"2026-09-04T16:04:58","slug":"gran-exposicion-del-pintor-franz-marc-en-alemania","status":"publish","type":"post","link":"https:\/\/candas365.es\/noticias\/gran-exposicion-del-pintor-franz-marc-en-alemania\/","title":{"rendered":"Gran exposici\u00f3n del pintor Franz Marc en Alemania"},"content":{"rendered":"<p><span class=\"dateline\">D\u00fcsseldorf, 4 sep\u00a0<span class=\"credit\">(<a href=\"https:\/\/www.dpa-news.de\/\" target=\"_blank\" rel=\"noopener\"><span style=\"color: #ff6600;\"><strong>dpa<\/strong><\/span><\/a>)<\/span>\u00a0&#8211;\u00a0<\/span>Con sus caballos, vacas, gatos y ciervos en vivos colores, las obras del pintor alem\u00e1n Franz Marc est\u00e1n entre\u00a0las m\u00e1s famosas de la vanguardia de comienzos del siglo XX\u00a0y se expondr\u00e1n desde la semana que viene en <a href=\"https:\/\/candas365.es\/noticias\/category\/internacional\/\"><span style=\"color: #ff6600;\"><strong>Alemania<\/strong><\/span><\/a>.<\/p>\n<figure id=\"attachment_198013\" aria-describedby=\"caption-attachment-198013\" style=\"width: 650px\" class=\"wp-caption aligncenter\"><img fetchpriority=\"high\" decoding=\"async\" class=\"size-large wp-image-198013\" src=\"https:\/\/candas365.es\/noticias\/wp-content\/uploads\/2026\/09\/Gran-exposicion-del-pintor-Franz-Marc-en-Alemania-650x428.jpg\" alt=\"Gran exposici\u00f3n del pintor Franz Marc en Alemania\" width=\"650\" height=\"428\" srcset=\"https:\/\/candas365.es\/noticias\/wp-content\/uploads\/2026\/09\/Gran-exposicion-del-pintor-Franz-Marc-en-Alemania-650x428.jpg 650w, https:\/\/candas365.es\/noticias\/wp-content\/uploads\/2026\/09\/Gran-exposicion-del-pintor-Franz-Marc-en-Alemania-360x237.jpg 360w, https:\/\/candas365.es\/noticias\/wp-content\/uploads\/2026\/09\/Gran-exposicion-del-pintor-Franz-Marc-en-Alemania-768x506.jpg 768w, https:\/\/candas365.es\/noticias\/wp-content\/uploads\/2026\/09\/Gran-exposicion-del-pintor-Franz-Marc-en-Alemania-150x99.jpg 150w, https:\/\/candas365.es\/noticias\/wp-content\/uploads\/2026\/09\/Gran-exposicion-del-pintor-Franz-Marc-en-Alemania-450x296.jpg 450w, https:\/\/candas365.es\/noticias\/wp-content\/uploads\/2026\/09\/Gran-exposicion-del-pintor-Franz-Marc-en-Alemania-1200x790.jpg 1200w, https:\/\/candas365.es\/noticias\/wp-content\/uploads\/2026\/09\/Gran-exposicion-del-pintor-Franz-Marc-en-Alemania.jpg 1248w\" sizes=\"(max-width: 650px) 100vw, 650px\" \/><figcaption id=\"caption-attachment-198013\" class=\"wp-caption-text\">Foto: Rolf Vennenbernd\/dpa<\/figcaption><\/figure>\n<p>En una gran muestra\u00a0en la Kunstsammlung NRW de D\u00fcsseldorf, a partir del 12 de septiembre podr\u00e1n verse m\u00e1s de 120 pinturas y obras sobre papel del cofundador del grupo de artistas \u00abBlauer Reiter\u00bb. Marc falleci\u00f3 en 1916 en la batalla de Verd\u00fan con solo 36 a\u00f1os.<\/p>\n<p>La exposici\u00f3n \u00abFranz Marc. La b\u00fasqueda de un mundo mejor\u00bb re\u00fane obras maestras de museos alemanes e internacionales, as\u00ed como de colecciones privadas que, seg\u00fan la Kunstsammlung, rara vez suelen salir a pr\u00e9stamo.<\/p>\n<p>Entretanto, ya arribaron las grandes cajas de transporte con las valiosas obras de arte procedentes de Madrid, Chicago, Washington, del Museo Guggenheim y del Museo de Arte Moderno (MoMA) de Nueva York.<\/p>\n<p>Un primer vistazo al montaje de la exposici\u00f3n promete que los visitantes podr\u00e1n contemplar de cerca numerosas pinturas de fama mundial y deleitarse con sus vivos colores.<\/p>\n<p>Franz Marc pertenece, gracias a sus emblem\u00e1ticas pinturas de animales de gran riqueza crom\u00e1tica, a los artistas m\u00e1s populares del arte moderno.<\/p>\n<p>\u00abCuando pensamos en Franz Marc, nos vienen inmediatamente a la mente los caballos azules\u00bb, afirma la comisaria Susanne Meyer-B\u00fcser.<\/p>\n<p>La obra completa del artista se compone de tan solo 244 pinturas y aproximadamente la misma cantidad de acuarelas y dibujos, realizados en apenas unos pocos a\u00f1os antes de la Primera Guerra Mundial, entre 1904 y 1914.<\/p>\n<p>En la Kunstsammlung (K20) se recorre toda la trayectoria art\u00edstica de Marc, que abarc\u00f3 desde obras del impresionismo tard\u00edo hasta las pinturas de animales y la abstracci\u00f3n total de inspiraci\u00f3n cubista.<\/p>\n<p>Incluso en el campo de batalla, Marc sigui\u00f3 dibujando conmovedoras im\u00e1genes de caballos pastando apaciblemente, de ciervos y golondrinas, pero nunca los combates ni la muerte.<\/p>\n<p>En D\u00fcsseldorf se exhibir\u00e1n brillantes pinturas de caballos, vacas, gatos, perros y monos, pero tambi\u00e9n desnudos femeninos que dejan entrever la influencia de Paul Gauguin, as\u00ed como composiciones abstractas en color en \u00faltimos cuadros de Marc, donde\u00a0los animales pasaron cada vez m\u00e1s a un segundo plano.<\/p>\n<p>Ya en 1913, un viaje de Marc al Tirol del Sur, pol\u00edticamente dividido, provoc\u00f3 que sus visiones de paisajes antes arm\u00f3nicos se convirtieran en escenarios dist\u00f3picos con criaturas animales solitarias y demacradas.<\/p>\n<h1><strong>Franz Marc llega al coraz\u00f3n<\/strong><\/h1>\n<p>\u00abEfectivamente tiene algo que llega al coraz\u00f3n de la gente\u00bb, afirma Meyer-B\u00fcser. El t\u00edtulo de la exposici\u00f3n, \u00abLa b\u00fasqueda de un mundo mejor\u00bb, apela tambi\u00e9n a un tema del esp\u00edritu de la \u00e9poca actual: \u00abun sentimiento que est\u00e1 en el aire\u00bb y el anhelo de un espacio de armon\u00eda y tranquilidad.<\/p>\n<p>Tambi\u00e9n Marc se hallaba\u00a0entonces en esa b\u00fasqueda. \u00abLa gente estaba abrumada por todas las innovaciones que tra\u00edan la industrializaci\u00f3n y la tecnolog\u00eda. Y no encontraban un lugar para s\u00ed mismos\u00bb.<\/p>\n<p>\u00abFranz Marc. La b\u00fasqueda de un mundo mejor\u00bb estar\u00e1 abierta hasta el 24 de enero de 2027 en D\u00fcsseldorf y posteriormente se presentar\u00e1 en el Kunstmuseum Bern, del 26 de febrero al 4 de julio de 2027.<\/p>\n","protected":false},"excerpt":{"rendered":"<p>D\u00fcsseldorf, 4 sep\u00a0(dpa)\u00a0&#8211;\u00a0Con sus caballos, vacas, gatos y ciervos en vivos colores, las obras del pintor alem\u00e1n Franz Marc est\u00e1n entre\u00a0las m\u00e1s famosas de la vanguardia de comienzos del siglo XX\u00a0y se expondr\u00e1n desde la semana que viene en Alemania. En una gran muestra\u00a0en la Kunstsammlung NRW de D\u00fcsseldorf, a partir del 12 de septiembre<\/p>\n","protected":false},"author":1,"featured_media":198013,"comment_status":"closed","ping_status":"closed","sticky":false,"template":"","format":"standard","meta":{"footnotes":""},"categories":[142],"tags":[430],"class_list":["post-198012","post","type-post","status-publish","format-standard","has-post-thumbnail","category-revista","tag-cultura"],"aioseo_notices":[],"aioseo_head":"\n\t\t<!-- All in One SEO Pro 5.0.1.1 - aioseo.com -->\n\t<meta name=\"description\" content=\"D\u00fcsseldorf, 4 sep (dpa) - Con sus caballos, vacas, gatos y ciervos en vivos colores, las obras del pintor alem\u00e1n Franz Marc est\u00e1n entre las m\u00e1s famosas\" \/>\n\t<meta name=\"robots\" content=\"max-image-preview:large\" \/>\n\t<meta name=\"author\" content=\"Cand\u00e1s 365\"\/>\n\t<meta name=\"google-site-verification\" content=\"UA-32230408-1\" \/>\n\t<meta name=\"msvalidate.01\" content=\"354F3CDFB2DA171B47FBE9ABF1F88D5\" \/>\n\t<meta name=\"keywords\" content=\"revista\" \/>\n\t<link rel=\"canonical\" href=\"https:\/\/candas365.es\/noticias\/gran-exposicion-del-pintor-franz-marc-en-alemania\/\" \/>\n\t<meta name=\"generator\" content=\"All in One SEO Pro (AIOSEO) 5.0.1.1\" \/>\n\t\t<meta property=\"og:locale\" content=\"es_ES\" \/>\n\t\t<meta property=\"og:site_name\" content=\"Cand\u00e1s 365\" \/>\n\t\t<meta property=\"og:type\" content=\"article\" \/>\n\t\t<meta property=\"og:title\" content=\"Gran exposici\u00f3n del pintor Franz Marc en Alemania \u2013 Cand\u00e1s 365\" \/>\n\t\t<meta property=\"og:description\" content=\"D\u00fcsseldorf, 4 sep (dpa) - Con sus caballos, vacas, gatos y ciervos en vivos colores, las obras del pintor alem\u00e1n Franz Marc est\u00e1n entre las m\u00e1s famosas\" \/>\n\t\t<meta property=\"og:url\" content=\"https:\/\/candas365.es\/noticias\/gran-exposicion-del-pintor-franz-marc-en-alemania\/\" \/>\n\t\t<meta property=\"og:image\" content=\"https:\/\/candas365.es\/noticias\/wp-content\/uploads\/2026\/09\/Gran-exposicion-del-pintor-Franz-Marc-en-Alemania.jpg\" \/>\n\t\t<meta property=\"og:image:secure_url\" content=\"https:\/\/candas365.es\/noticias\/wp-content\/uploads\/2026\/09\/Gran-exposicion-del-pintor-Franz-Marc-en-Alemania.jpg\" \/>\n\t\t<meta property=\"og:image:width\" content=\"1248\" \/>\n\t\t<meta property=\"og:image:height\" content=\"822\" \/>\n\t\t<meta property=\"article:published_time\" content=\"2026-09-04T16:04:58+00:00\" \/>\n\t\t<meta property=\"article:modified_time\" content=\"2026-09-04T16:04:58+00:00\" \/>\n\t\t<meta property=\"article:publisher\" content=\"https:\/\/www.facebook.com\/Nachofdezber\" \/>\n\t\t<meta property=\"article:author\" content=\"https:\/\/www.facebook.com\/Nachofdezber\" \/>\n\t\t<meta name=\"twitter:card\" content=\"summary_large_image\" \/>\n\t\t<meta name=\"twitter:site\" content=\"@candas365\" \/>\n\t\t<meta name=\"twitter:title\" content=\"Gran exposici\u00f3n del pintor Franz Marc en Alemania \u2013 Cand\u00e1s 365\" \/>\n\t\t<meta name=\"twitter:description\" content=\"D\u00fcsseldorf, 4 sep (dpa) - Con sus caballos, vacas, gatos y ciervos en vivos colores, las obras del pintor alem\u00e1n Franz Marc est\u00e1n entre las m\u00e1s famosas\" \/>\n\t\t<meta name=\"twitter:creator\" content=\"@candas365\" \/>\n\t\t<meta name=\"twitter:image\" content=\"https:\/\/candas365.es\/noticias\/wp-content\/uploads\/2026\/09\/Gran-exposicion-del-pintor-Franz-Marc-en-Alemania.jpg\" \/>\n\t\t<meta name=\"twitter:label1\" content=\"Escrito por\" \/>\n\t\t<meta name=\"twitter:data1\" content=\"Cand\u00e1s 365\" \/>\n\t\t<meta name=\"twitter:label2\" content=\"Tiempo de lectura estimado\" \/>\n\t\t<meta name=\"twitter:data2\" content=\"3 minutos\" \/>\n\t\t<script type=\"application\/ld+json\" class=\"aioseo-schema\">\n\t\t\t{\"@context\":\"https:\\\/\\\/schema.org\",\"@graph\":[{\"@type\":\"BreadcrumbList\",\"@id\":\"https:\\\/\\\/candas365.es\\\/noticias\\\/gran-exposicion-del-pintor-franz-marc-en-alemania\\\/#breadcrumblist\",\"itemListElement\":[{\"@type\":\"ListItem\",\"@id\":\"https:\\\/\\\/candas365.es\\\/noticias#listItem\",\"position\":1,\"name\":\"Home\",\"item\":\"https:\\\/\\\/candas365.es\\\/noticias\",\"nextItem\":{\"@type\":\"ListItem\",\"@id\":\"https:\\\/\\\/candas365.es\\\/noticias\\\/category\\\/revista\\\/#listItem\",\"name\":\"Revista\"}},{\"@type\":\"ListItem\",\"@id\":\"https:\\\/\\\/candas365.es\\\/noticias\\\/category\\\/revista\\\/#listItem\",\"position\":2,\"name\":\"Revista\",\"item\":\"https:\\\/\\\/candas365.es\\\/noticias\\\/category\\\/revista\\\/\",\"nextItem\":{\"@type\":\"ListItem\",\"@id\":\"https:\\\/\\\/candas365.es\\\/noticias\\\/gran-exposicion-del-pintor-franz-marc-en-alemania\\\/#listItem\",\"name\":\"Gran exposici\\u00f3n del pintor Franz Marc en Alemania\"},\"previousItem\":{\"@type\":\"ListItem\",\"@id\":\"https:\\\/\\\/candas365.es\\\/noticias#listItem\",\"name\":\"Home\"}},{\"@type\":\"ListItem\",\"@id\":\"https:\\\/\\\/candas365.es\\\/noticias\\\/gran-exposicion-del-pintor-franz-marc-en-alemania\\\/#listItem\",\"position\":3,\"name\":\"Gran exposici\\u00f3n del pintor Franz Marc en Alemania\",\"previousItem\":{\"@type\":\"ListItem\",\"@id\":\"https:\\\/\\\/candas365.es\\\/noticias\\\/category\\\/revista\\\/#listItem\",\"name\":\"Revista\"}}]},{\"@type\":\"NewsArticle\",\"@id\":\"https:\\\/\\\/candas365.es\\\/noticias\\\/gran-exposicion-del-pintor-franz-marc-en-alemania\\\/#newsarticle\",\"name\":\"Gran exposici\\u00f3n del pintor Franz Marc en Alemania | Cand\\u00e1s 365\",\"headline\":\"Gran exposici\\u00f3n del pintor Franz Marc en Alemania\",\"author\":{\"@id\":\"https:\\\/\\\/candas365.es\\\/noticias\\\/author\\\/admin\\\/#author\"},\"publisher\":{\"@id\":\"https:\\\/\\\/candas365.es\\\/noticias\\\/#organization\"},\"image\":{\"@type\":\"ImageObject\",\"url\":\"https:\\\/\\\/candas365.es\\\/noticias\\\/wp-content\\\/uploads\\\/2026\\\/09\\\/Gran-exposicion-del-pintor-Franz-Marc-en-Alemania.jpg\",\"width\":1248,\"height\":822,\"caption\":\"Foto: Rolf Vennenbernd\\\/dpa\"},\"datePublished\":\"2026-09-04T18:04:58+02:00\",\"dateModified\":\"2026-09-04T18:04:58+02:00\",\"inLanguage\":\"es-ES\",\"mainEntityOfPage\":{\"@id\":\"https:\\\/\\\/candas365.es\\\/noticias\\\/gran-exposicion-del-pintor-franz-marc-en-alemania\\\/#webpage\"},\"isPartOf\":{\"@id\":\"https:\\\/\\\/candas365.es\\\/noticias\\\/gran-exposicion-del-pintor-franz-marc-en-alemania\\\/#webpage\"},\"articleSection\":\"Revista, cultura\",\"dateline\":\"Publicado el septiembre 4, 2026.\"},{\"@type\":\"Organization\",\"@id\":\"https:\\\/\\\/candas365.es\\\/noticias\\\/#organization\",\"name\":\"Cand\\u00e1s 365\",\"description\":\"Cand\\u00e1s 365 es un diario digital independiente, fundado en 2012, con base en Asturias. Informamos con rigor sobre actualidad, sociedad, cultura y ocio, con una mirada local y global.\",\"url\":\"https:\\\/\\\/candas365.es\\\/noticias\\\/\",\"email\":\"info@candas365.es\",\"telephone\":\"+34652131393\",\"foundingDate\":\"2012-06-10\",\"logo\":{\"@type\":\"ImageObject\",\"url\":\"https:\\\/\\\/candas365.es\\\/noticias\\\/wp-content\\\/uploads\\\/2024\\\/09\\\/Candas-365-Redes.jpg\",\"@id\":\"https:\\\/\\\/candas365.es\\\/noticias\\\/gran-exposicion-del-pintor-franz-marc-en-alemania\\\/#organizationLogo\",\"width\":1152,\"height\":864,\"caption\":\"Cand\\u00e1s 365 Redes\"},\"image\":{\"@id\":\"https:\\\/\\\/candas365.es\\\/noticias\\\/gran-exposicion-del-pintor-franz-marc-en-alemania\\\/#organizationLogo\"},\"sameAs\":[\"https:\\\/\\\/www.facebook.com\\\/Nachofdezber\",\"https:\\\/\\\/x.com\\\/candas365\",\"https:\\\/\\\/www.instagram.com\\\/nachofdezber\\\/\",\"https:\\\/\\\/www.youtube.com\\\/channel\\\/UCZP-2wLEB9Rv6erhFmqVnvg\"],\"address\":{\"@id\":\"https:\\\/\\\/candas365.es\\\/noticias\\\/#postaladdress\",\"@type\":\"PostalAddress\",\"streetAddress\":\"san antonio 4, san antonio 4\",\"postalCode\":\"33430\",\"addressLocality\":\"Cand\\u00e1s\",\"addressRegion\":\"Asturias\",\"addressCountry\":\"ES\"}},{\"@type\":\"Person\",\"@id\":\"https:\\\/\\\/candas365.es\\\/noticias\\\/author\\\/admin\\\/#author\",\"url\":\"https:\\\/\\\/candas365.es\\\/noticias\\\/author\\\/admin\\\/\",\"name\":\"Cand\\u00e1s 365\",\"image\":{\"@type\":\"ImageObject\",\"@id\":\"https:\\\/\\\/candas365.es\\\/noticias\\\/gran-exposicion-del-pintor-franz-marc-en-alemania\\\/#authorImage\",\"url\":\"https:\\\/\\\/candas365.es\\\/noticias\\\/wp-content\\\/uploads\\\/2026\\\/07\\\/cropped-eyevuvEl_400x400-96x96.jpg\",\"width\":96,\"height\":96,\"caption\":\"Cand\\u00e1s 365\"},\"sameAs\":[\"https:\\\/\\\/www.facebook.com\\\/Nachofdezber\",\"https:\\\/\\\/x.com\\\/candas365\",\"https:\\\/\\\/www.instagram.com\\\/nachofdezber\\\/\",\"https:\\\/\\\/www.youtube.com\\\/channel\\\/UCZP-2wLEB9Rv6erhFmqVnvg\"]},{\"@type\":\"WebPage\",\"@id\":\"https:\\\/\\\/candas365.es\\\/noticias\\\/gran-exposicion-del-pintor-franz-marc-en-alemania\\\/#webpage\",\"url\":\"https:\\\/\\\/candas365.es\\\/noticias\\\/gran-exposicion-del-pintor-franz-marc-en-alemania\\\/\",\"name\":\"Gran exposici\\u00f3n del pintor Franz Marc en Alemania | Cand\\u00e1s 365\",\"description\":\"D\\u00fcsseldorf, 4 sep (dpa) - Con sus caballos, vacas, gatos y ciervos en vivos colores, las obras del pintor alem\\u00e1n Franz Marc est\\u00e1n entre las m\\u00e1s famosas\",\"inLanguage\":\"es-ES\",\"isPartOf\":{\"@id\":\"https:\\\/\\\/candas365.es\\\/noticias\\\/#website\"},\"breadcrumb\":{\"@id\":\"https:\\\/\\\/candas365.es\\\/noticias\\\/gran-exposicion-del-pintor-franz-marc-en-alemania\\\/#breadcrumblist\"},\"author\":{\"@id\":\"https:\\\/\\\/candas365.es\\\/noticias\\\/author\\\/admin\\\/#author\"},\"creator\":{\"@id\":\"https:\\\/\\\/candas365.es\\\/noticias\\\/author\\\/admin\\\/#author\"},\"image\":{\"@type\":\"ImageObject\",\"url\":\"https:\\\/\\\/candas365.es\\\/noticias\\\/wp-content\\\/uploads\\\/2026\\\/09\\\/Gran-exposicion-del-pintor-Franz-Marc-en-Alemania.jpg\",\"@id\":\"https:\\\/\\\/candas365.es\\\/noticias\\\/gran-exposicion-del-pintor-franz-marc-en-alemania\\\/#mainImage\",\"width\":1248,\"height\":822,\"caption\":\"Foto: Rolf Vennenbernd\\\/dpa\"},\"primaryImageOfPage\":{\"@id\":\"https:\\\/\\\/candas365.es\\\/noticias\\\/gran-exposicion-del-pintor-franz-marc-en-alemania\\\/#mainImage\"},\"datePublished\":\"2026-09-04T18:04:58+02:00\",\"dateModified\":\"2026-09-04T18:04:58+02:00\"},{\"@type\":\"WebSite\",\"@id\":\"https:\\\/\\\/candas365.es\\\/noticias\\\/#website\",\"url\":\"https:\\\/\\\/candas365.es\\\/noticias\\\/\",\"name\":\"Cand\\u00e1s 365\",\"alternateName\":\"Cand\\u00e1s 365 Noticias\",\"description\":\"Actualidad desde Carre\\u00f1o para el mundo\",\"inLanguage\":\"es-ES\",\"publisher\":{\"@id\":\"https:\\\/\\\/candas365.es\\\/noticias\\\/#organization\"}}]}\n\t\t<\/script>\n\t\t<!-- All in One SEO Pro -->\r\n\t\t<title>Gran exposici\u00f3n del pintor Franz Marc en Alemania | Cand\u00e1s 365<\/title>\n\n","aioseo_head_json":{"title":"Gran exposici\u00f3n del pintor Franz Marc en Alemania | Cand\u00e1s 365","description":"D\u00fcsseldorf, 4 sep (dpa) - Con sus caballos, vacas, gatos y ciervos en vivos colores, las obras del pintor alem\u00e1n Franz Marc est\u00e1n entre las m\u00e1s famosas","canonical_url":"https:\/\/candas365.es\/noticias\/gran-exposicion-del-pintor-franz-marc-en-alemania\/","robots":"max-image-preview:large","keywords":"revista","webmasterTools":{"google-site-verification":"UA-32230408-1","msvalidate.01":"354F3CDFB2DA171B47FBE9ABF1F88D5","miscellaneous":""},"schema":{"@context":"https:\/\/schema.org","@graph":[{"@type":"BreadcrumbList","@id":"https:\/\/candas365.es\/noticias\/gran-exposicion-del-pintor-franz-marc-en-alemania\/#breadcrumblist","itemListElement":[{"@type":"ListItem","@id":"https:\/\/candas365.es\/noticias#listItem","position":1,"name":"Home","item":"https:\/\/candas365.es\/noticias","nextItem":{"@type":"ListItem","@id":"https:\/\/candas365.es\/noticias\/category\/revista\/#listItem","name":"Revista"}},{"@type":"ListItem","@id":"https:\/\/candas365.es\/noticias\/category\/revista\/#listItem","position":2,"name":"Revista","item":"https:\/\/candas365.es\/noticias\/category\/revista\/","nextItem":{"@type":"ListItem","@id":"https:\/\/candas365.es\/noticias\/gran-exposicion-del-pintor-franz-marc-en-alemania\/#listItem","name":"Gran exposici\u00f3n del pintor Franz Marc en Alemania"},"previousItem":{"@type":"ListItem","@id":"https:\/\/candas365.es\/noticias#listItem","name":"Home"}},{"@type":"ListItem","@id":"https:\/\/candas365.es\/noticias\/gran-exposicion-del-pintor-franz-marc-en-alemania\/#listItem","position":3,"name":"Gran exposici\u00f3n del pintor Franz Marc en Alemania","previousItem":{"@type":"ListItem","@id":"https:\/\/candas365.es\/noticias\/category\/revista\/#listItem","name":"Revista"}}]},{"@type":"NewsArticle","@id":"https:\/\/candas365.es\/noticias\/gran-exposicion-del-pintor-franz-marc-en-alemania\/#newsarticle","name":"Gran exposici\u00f3n del pintor Franz Marc en Alemania | Cand\u00e1s 365","headline":"Gran exposici\u00f3n del pintor Franz Marc en Alemania","author":{"@id":"https:\/\/candas365.es\/noticias\/author\/admin\/#author"},"publisher":{"@id":"https:\/\/candas365.es\/noticias\/#organization"},"image":{"@type":"ImageObject","url":"https:\/\/candas365.es\/noticias\/wp-content\/uploads\/2026\/09\/Gran-exposicion-del-pintor-Franz-Marc-en-Alemania.jpg","width":1248,"height":822,"caption":"Foto: Rolf Vennenbernd\/dpa"},"datePublished":"2026-09-04T18:04:58+02:00","dateModified":"2026-09-04T18:04:58+02:00","inLanguage":"es-ES","mainEntityOfPage":{"@id":"https:\/\/candas365.es\/noticias\/gran-exposicion-del-pintor-franz-marc-en-alemania\/#webpage"},"isPartOf":{"@id":"https:\/\/candas365.es\/noticias\/gran-exposicion-del-pintor-franz-marc-en-alemania\/#webpage"},"articleSection":"Revista, cultura","dateline":"Publicado el septiembre 4, 2026."},{"@type":"Organization","@id":"https:\/\/candas365.es\/noticias\/#organization","name":"Cand\u00e1s 365","description":"Cand\u00e1s 365 es un diario digital independiente, fundado en 2012, con base en Asturias. Informamos con rigor sobre actualidad, sociedad, cultura y ocio, con una mirada local y global.","url":"https:\/\/candas365.es\/noticias\/","email":"info@candas365.es","telephone":"+34652131393","foundingDate":"2012-06-10","logo":{"@type":"ImageObject","url":"https:\/\/candas365.es\/noticias\/wp-content\/uploads\/2024\/09\/Candas-365-Redes.jpg","@id":"https:\/\/candas365.es\/noticias\/gran-exposicion-del-pintor-franz-marc-en-alemania\/#organizationLogo","width":1152,"height":864,"caption":"Cand\u00e1s 365 Redes"},"image":{"@id":"https:\/\/candas365.es\/noticias\/gran-exposicion-del-pintor-franz-marc-en-alemania\/#organizationLogo"},"sameAs":["https:\/\/www.facebook.com\/Nachofdezber","https:\/\/x.com\/candas365","https:\/\/www.instagram.com\/nachofdezber\/","https:\/\/www.youtube.com\/channel\/UCZP-2wLEB9Rv6erhFmqVnvg"],"address":{"@id":"https:\/\/candas365.es\/noticias\/#postaladdress","@type":"PostalAddress","streetAddress":"san antonio 4, san antonio 4","postalCode":"33430","addressLocality":"Cand\u00e1s","addressRegion":"Asturias","addressCountry":"ES"}},{"@type":"Person","@id":"https:\/\/candas365.es\/noticias\/author\/admin\/#author","url":"https:\/\/candas365.es\/noticias\/author\/admin\/","name":"Cand\u00e1s 365","image":{"@type":"ImageObject","@id":"https:\/\/candas365.es\/noticias\/gran-exposicion-del-pintor-franz-marc-en-alemania\/#authorImage","url":"https:\/\/candas365.es\/noticias\/wp-content\/uploads\/2026\/07\/cropped-eyevuvEl_400x400-96x96.jpg","width":96,"height":96,"caption":"Cand\u00e1s 365"},"sameAs":["https:\/\/www.facebook.com\/Nachofdezber","https:\/\/x.com\/candas365","https:\/\/www.instagram.com\/nachofdezber\/","https:\/\/www.youtube.com\/channel\/UCZP-2wLEB9Rv6erhFmqVnvg"]},{"@type":"WebPage","@id":"https:\/\/candas365.es\/noticias\/gran-exposicion-del-pintor-franz-marc-en-alemania\/#webpage","url":"https:\/\/candas365.es\/noticias\/gran-exposicion-del-pintor-franz-marc-en-alemania\/","name":"Gran exposici\u00f3n del pintor Franz Marc en Alemania | Cand\u00e1s 365","description":"D\u00fcsseldorf, 4 sep (dpa) - Con sus caballos, vacas, gatos y ciervos en vivos colores, las obras del pintor alem\u00e1n Franz Marc est\u00e1n entre las m\u00e1s famosas","inLanguage":"es-ES","isPartOf":{"@id":"https:\/\/candas365.es\/noticias\/#website"},"breadcrumb":{"@id":"https:\/\/candas365.es\/noticias\/gran-exposicion-del-pintor-franz-marc-en-alemania\/#breadcrumblist"},"author":{"@id":"https:\/\/candas365.es\/noticias\/author\/admin\/#author"},"creator":{"@id":"https:\/\/candas365.es\/noticias\/author\/admin\/#author"},"image":{"@type":"ImageObject","url":"https:\/\/candas365.es\/noticias\/wp-content\/uploads\/2026\/09\/Gran-exposicion-del-pintor-Franz-Marc-en-Alemania.jpg","@id":"https:\/\/candas365.es\/noticias\/gran-exposicion-del-pintor-franz-marc-en-alemania\/#mainImage","width":1248,"height":822,"caption":"Foto: Rolf Vennenbernd\/dpa"},"primaryImageOfPage":{"@id":"https:\/\/candas365.es\/noticias\/gran-exposicion-del-pintor-franz-marc-en-alemania\/#mainImage"},"datePublished":"2026-09-04T18:04:58+02:00","dateModified":"2026-09-04T18:04:58+02:00"},{"@type":"WebSite","@id":"https:\/\/candas365.es\/noticias\/#website","url":"https:\/\/candas365.es\/noticias\/","name":"Cand\u00e1s 365","alternateName":"Cand\u00e1s 365 Noticias","description":"Actualidad desde Carre\u00f1o para el mundo","inLanguage":"es-ES","publisher":{"@id":"https:\/\/candas365.es\/noticias\/#organization"}}]},"og:locale":"es_ES","og:site_name":"Cand\u00e1s 365","og:type":"article","og:title":"Gran exposici\u00f3n del pintor Franz Marc en Alemania \u2013 Cand\u00e1s 365","og:description":"D\u00fcsseldorf, 4 sep (dpa) - Con sus caballos, vacas, gatos y ciervos en vivos colores, las obras del pintor alem\u00e1n Franz Marc est\u00e1n entre las m\u00e1s famosas","og:url":"https:\/\/candas365.es\/noticias\/gran-exposicion-del-pintor-franz-marc-en-alemania\/","og:image":"https:\/\/candas365.es\/noticias\/wp-content\/uploads\/2026\/09\/Gran-exposicion-del-pintor-Franz-Marc-en-Alemania.jpg","og:image:secure_url":"https:\/\/candas365.es\/noticias\/wp-content\/uploads\/2026\/09\/Gran-exposicion-del-pintor-Franz-Marc-en-Alemania.jpg","og:image:width":1248,"og:image:height":822,"article:published_time":"2026-09-04T16:04:58+00:00","article:modified_time":"2026-09-04T16:04:58+00:00","article:publisher":"https:\/\/www.facebook.com\/Nachofdezber","article:author":"https:\/\/www.facebook.com\/Nachofdezber","twitter:card":"summary_large_image","twitter:site":"@candas365","twitter:title":"Gran exposici\u00f3n del pintor Franz Marc en Alemania \u2013 Cand\u00e1s 365","twitter:description":"D\u00fcsseldorf, 4 sep (dpa) - Con sus caballos, vacas, gatos y ciervos en vivos colores, las obras del pintor alem\u00e1n Franz Marc est\u00e1n entre las m\u00e1s famosas","twitter:creator":"@candas365","twitter:image":"https:\/\/candas365.es\/noticias\/wp-content\/uploads\/2026\/09\/Gran-exposicion-del-pintor-Franz-Marc-en-Alemania.jpg","twitter:label1":"Escrito por","twitter:data1":"Cand\u00e1s 365","twitter:label2":"Tiempo de lectura estimado","twitter:data2":"3 minutos"},"aioseo_meta_data":{"post_id":"198012","title":null,"description":"D\u00fcsseldorf, 4 sep (dpa) - Con sus caballos, vacas, gatos y ciervos en vivos colores, las obras del pintor alem\u00e1n Franz Marc est\u00e1n entre las m\u00e1s famosas","keywords":null,"keyphrases":{"focus":{"keyphrase":"Franz Marc","score":0,"analysis":[]},"additional":[{"keyphrase":"exposici\u00f3n Franz Marc","score":0}]},"primary_term":null,"canonical_url":null,"og_title":"#post_title #separator_sa #site_title","og_description":"D\u00fcsseldorf, 4 sep (dpa) - Con sus caballos, vacas, gatos y ciervos en vivos colores, las obras del pintor alem\u00e1n Franz Marc est\u00e1n entre las m\u00e1s famosas","og_object_type":"default","og_image_type":"default","og_image_url":null,"og_image_width":null,"og_image_height":null,"og_image_custom_url":null,"og_image_custom_fields":null,"og_video":"","og_custom_url":null,"og_article_section":null,"og_article_tags":null,"twitter_use_og":true,"twitter_card":"default","twitter_image_type":"default","twitter_image_url":null,"twitter_image_custom_url":null,"twitter_image_custom_fields":null,"twitter_title":null,"twitter_description":null,"schema":{"blockGraphs":[],"customGraphs":[],"default":{"data":{"Article":[],"Course":[],"Dataset":[],"FAQPage":[],"Movie":[],"Person":[],"Product":[],"ProductReview":[],"Car":[],"Recipe":[],"Service":[],"SoftwareApplication":[],"WebPage":[]},"graphName":"NewsArticle","isEnabled":true},"graphs":[]},"schema_type":"default","schema_type_options":null,"pillar_content":false,"robots_default":true,"robots_noindex":false,"robots_noarchive":false,"robots_nosnippet":false,"robots_nofollow":false,"robots_noimageindex":false,"robots_noodp":false,"robots_notranslate":false,"robots_max_snippet":"-1","robots_max_videopreview":"-1","robots_max_imagepreview":"large","priority":null,"frequency":"default","location":null,"local_seo":null,"seo_analyzer_scan_date":"2026-09-04 16:05:13","breadcrumb_settings":null,"limit_modified_date":false,"reviewed_by":"0","open_ai":null,"ai":{"faqs":[],"keyPoints":[],"schemas":[],"titles":[],"descriptions":[],"socialPosts":{"email":{"subject":"","preview":"","content":""},"linkedin":[],"twitter":[],"facebook":[],"instagram":[]}},"created":"2026-09-04 15:59:17","updated":"2026-09-04 16:13:09","focus_keyword":"Franz Marc","additional_keywords":[{"word":"exposici\u00f3n Franz Marc","score":80,"items":{"introductionKeyword":{"score":3},"keyphraseLength":{"score":9},"keyphraseDensity":{"score":4},"functionWordsInKeyphrase":{"score":9},"textCompetingLinks":{"score":9},"imageKeyphrase":{"score":9}}}],"truseo_locale":null},"aioseo_breadcrumb":"<div class=\"aioseo-breadcrumbs\"><span class=\"aioseo-breadcrumb\">\n\t<a href=\"https:\/\/candas365.es\/noticias\" title=\"Home\">Home<\/a>\n<\/span><span class=\"aioseo-breadcrumb-separator\">&ndash;<\/span><span class=\"aioseo-breadcrumb\">\n\t<a href=\"https:\/\/candas365.es\/noticias\/category\/revista\/\" title=\"Revista\">Revista<\/a>\n<\/span><span class=\"aioseo-breadcrumb-separator\">&ndash;<\/span><span class=\"aioseo-breadcrumb\">\n\tGran exposici\u00f3n del pintor Franz Marc en Alemania\n<\/span><\/div>","aioseo_breadcrumb_json":[{"label":"Home","link":"https:\/\/candas365.es\/noticias"},{"label":"Revista","link":"https:\/\/candas365.es\/noticias\/category\/revista\/"},{"label":"Gran exposici\u00f3n del pintor Franz Marc en Alemania","link":"https:\/\/candas365.es\/noticias\/gran-exposicion-del-pintor-franz-marc-en-alemania\/"}],"_links":{"self":[{"href":"https:\/\/candas365.es\/noticias\/wp-json\/wp\/v2\/posts\/198012","targetHints":{"allow":["GET"]}}],"collection":[{"href":"https:\/\/candas365.es\/noticias\/wp-json\/wp\/v2\/posts"}],"about":[{"href":"https:\/\/candas365.es\/noticias\/wp-json\/wp\/v2\/types\/post"}],"author":[{"embeddable":true,"href":"https:\/\/candas365.es\/noticias\/wp-json\/wp\/v2\/users\/1"}],"replies":[{"embeddable":true,"href":"https:\/\/candas365.es\/noticias\/wp-json\/wp\/v2\/comments?post=198012"}],"version-history":[{"count":1,"href":"https:\/\/candas365.es\/noticias\/wp-json\/wp\/v2\/posts\/198012\/revisions"}],"predecessor-version":[{"id":198014,"href":"https:\/\/candas365.es\/noticias\/wp-json\/wp\/v2\/posts\/198012\/revisions\/198014"}],"wp:featuredmedia":[{"embeddable":true,"href":"https:\/\/candas365.es\/noticias\/wp-json\/wp\/v2\/media\/198013"}],"wp:attachment":[{"href":"https:\/\/candas365.es\/noticias\/wp-json\/wp\/v2\/media?parent=198012"}],"wp:term":[{"taxonomy":"category","embeddable":true,"href":"https:\/\/candas365.es\/noticias\/wp-json\/wp\/v2\/categories?post=198012"},{"taxonomy":"post_tag","embeddable":true,"href":"https:\/\/candas365.es\/noticias\/wp-json\/wp\/v2\/tags?post=198012"}],"curies":[{"name":"wp","href":"https:\/\/api.w.org\/{rel}","templated":true}]}}