{"id":198009,"date":"2026-09-04T17:57:10","date_gmt":"2026-09-04T15:57:10","guid":{"rendered":"https:\/\/candas365.es\/noticias\/?p=198009"},"modified":"2026-09-04T17:57:10","modified_gmt":"2026-09-04T15:57:10","slug":"el-aeropuerto-internacional-de-berlin-vuelve-a-la-normalidad","status":"publish","type":"post","link":"https:\/\/candas365.es\/noticias\/el-aeropuerto-internacional-de-berlin-vuelve-a-la-normalidad\/","title":{"rendered":"El aeropuerto internacional de Berl\u00edn vuelve a la normalidad"},"content":{"rendered":"<p><span class=\"dateline\">Berl\u00edn, 4 sep\u00a0<span class=\"credit\">(<a href=\"https:\/\/www.dpa-news.de\/\" target=\"_blank\" rel=\"noopener\"><span style=\"color: #ff6600;\"><strong>dpa<\/strong><\/span><\/a>)<\/span>\u00a0&#8211;\u00a0<\/span>Las operaciones de vuelo en el aeropuerto internacional de <a href=\"https:\/\/candas365.es\/noticias\/category\/internacional\/\"><span style=\"color: #ff6600;\"><strong>Berl\u00edn<\/strong><\/span><\/a> se desarrollaban hoy con normalidad, despu\u00e9s de que una alerta por materiales presuntamente peligrosos, que se revelaron inocuos, obligara a evacuar la Terminal 1 la noche anterior.<\/p>\n<figure id=\"attachment_198010\" aria-describedby=\"caption-attachment-198010\" style=\"width: 650px\" class=\"wp-caption aligncenter\"><img fetchpriority=\"high\" decoding=\"async\" class=\"size-large wp-image-198010\" src=\"https:\/\/candas365.es\/noticias\/wp-content\/uploads\/2026\/09\/El-aeropuerto-internacional-de-Berlin-vuelve-a-la-normalidad-650x436.jpg\" alt=\"El aeropuerto internacional de Berl\u00edn vuelve a la normalidad\" width=\"650\" height=\"436\" srcset=\"https:\/\/candas365.es\/noticias\/wp-content\/uploads\/2026\/09\/El-aeropuerto-internacional-de-Berlin-vuelve-a-la-normalidad-650x436.jpg 650w, https:\/\/candas365.es\/noticias\/wp-content\/uploads\/2026\/09\/El-aeropuerto-internacional-de-Berlin-vuelve-a-la-normalidad-360x242.jpg 360w, https:\/\/candas365.es\/noticias\/wp-content\/uploads\/2026\/09\/El-aeropuerto-internacional-de-Berlin-vuelve-a-la-normalidad-768x516.jpg 768w, https:\/\/candas365.es\/noticias\/wp-content\/uploads\/2026\/09\/El-aeropuerto-internacional-de-Berlin-vuelve-a-la-normalidad-150x101.jpg 150w, https:\/\/candas365.es\/noticias\/wp-content\/uploads\/2026\/09\/El-aeropuerto-internacional-de-Berlin-vuelve-a-la-normalidad-450x302.jpg 450w, https:\/\/candas365.es\/noticias\/wp-content\/uploads\/2026\/09\/El-aeropuerto-internacional-de-Berlin-vuelve-a-la-normalidad-1200x805.jpg 1200w, https:\/\/candas365.es\/noticias\/wp-content\/uploads\/2026\/09\/El-aeropuerto-internacional-de-Berlin-vuelve-a-la-normalidad.jpg 1238w\" sizes=\"(max-width: 650px) 100vw, 650px\" \/><figcaption id=\"caption-attachment-198010\" class=\"wp-caption-text\">Foto: Michael Ukas\/dpa<\/figcaption><\/figure>\n<p>La p\u00e1gina de informaci\u00f3n de vuelos del aeropuerto BER mostraba solo un peque\u00f1o n\u00famero de cancelaciones a ra\u00edz del incidente.<\/p>\n<p>\u00abPara la madrugada del viernes, las aerol\u00edneas han cancelado dos salidas, ya que las aeronaves en cuesti\u00f3n no pudieron aterrizar en BER el jueves por la noche\u00bb, dijo una portavoz.<\/p>\n<p>Los pasajeros que no pudieron volar el jueves o el viernes ser\u00e1n informados por sus aerol\u00edneas sobre opciones alternativas de viaje, agreg\u00f3.<\/p>\n<p>La Terminal 1 fue evacuada despu\u00e9s de que una mujer de nacionalidad moldava, de 52 a\u00f1os, informara a los agentes en el puesto de la Polic\u00eda Federal que llevaba una sustancia peligrosa. Se pidi\u00f3 a todos los pasajeros que abandonaran el edificio.<\/p>\n<p>La mujer \u00abdeclar\u00f3 que llevaba ropa contaminada con una sustancia peligrosa\u00bb, anunci\u00f3 hoy la Polic\u00eda Federal. Los bomberos aseguraron la ropa, y la sustancia fue clasificada como inocua. La Polic\u00eda Federal detuvo a la mujer provisionalmente.<\/p>\n<p>Las operaciones de vuelo no se suspendieron, pero se produjeron retrasos y hubo cancelaciones aisladas. La polic\u00eda despej\u00f3 la terminal alrededor de las 8:45 de la tarde (18:45 GMT), y m\u00e1s tarde esa misma noche se dio el aviso de que todo estaba en orden.<\/p>\n<p>Seg\u00fan la Polic\u00eda Federal, no hubo peligro en ning\u00fan momento, seg\u00fan los hallazgos actuales.<\/p>\n<p>Inicialmente no se proporcionaron detalles sobre la sustancia que fue examinada. Se espera que los resultados de la investigaci\u00f3n est\u00e9n disponibles en los pr\u00f3ximos d\u00edas. \u00abTodav\u00eda estamos en proceso de evaluaci\u00f3n\u00bb, dijo un portavoz hoy por la ma\u00f1ana.<\/p>\n","protected":false},"excerpt":{"rendered":"<p>Berl\u00edn, 4 sep\u00a0(dpa)\u00a0&#8211;\u00a0Las operaciones de vuelo en el aeropuerto internacional de Berl\u00edn se desarrollaban hoy con normalidad, despu\u00e9s de que una alerta por materiales presuntamente peligrosos, que se revelaron inocuos, obligara a evacuar la Terminal 1 la noche anterior. La p\u00e1gina de informaci\u00f3n de vuelos del aeropuerto BER mostraba solo un peque\u00f1o n\u00famero de cancelaciones<\/p>\n","protected":false},"author":1,"featured_media":198010,"comment_status":"closed","ping_status":"closed","sticky":false,"template":"","format":"standard","meta":{"footnotes":""},"categories":[485],"tags":[417,418],"class_list":["post-198009","post","type-post","status-publish","format-standard","has-post-thumbnail","category-internacional","tag-alemania","tag-internacional"],"aioseo_notices":[],"aioseo_head":"\n\t\t<!-- All in One SEO Pro 5.0.1.1 - aioseo.com -->\n\t<meta name=\"description\" content=\"Berl\u00edn, 4 sep (dpa) - Las operaciones de vuelo en el aeropuerto internacional de Berl\u00edn se desarrollaban hoy con normalidad, despu\u00e9s de que una alerta\" \/>\n\t<meta name=\"robots\" content=\"max-image-preview:large\" \/>\n\t<meta name=\"author\" content=\"Cand\u00e1s 365\"\/>\n\t<meta name=\"google-site-verification\" content=\"UA-32230408-1\" \/>\n\t<meta name=\"msvalidate.01\" content=\"354F3CDFB2DA171B47FBE9ABF1F88D5\" \/>\n\t<meta name=\"keywords\" content=\"internacional\" \/>\n\t<link rel=\"canonical\" href=\"https:\/\/candas365.es\/noticias\/el-aeropuerto-internacional-de-berlin-vuelve-a-la-normalidad\/\" \/>\n\t<meta name=\"generator\" content=\"All in One SEO Pro (AIOSEO) 5.0.1.1\" \/>\n\t\t<meta property=\"og:locale\" content=\"es_ES\" \/>\n\t\t<meta property=\"og:site_name\" content=\"Cand\u00e1s 365\" \/>\n\t\t<meta property=\"og:type\" content=\"article\" \/>\n\t\t<meta property=\"og:title\" content=\"El aeropuerto internacional de Berl\u00edn vuelve a la normalidad \u2013 Cand\u00e1s 365\" \/>\n\t\t<meta property=\"og:description\" content=\"Berl\u00edn, 4 sep (dpa) - Las operaciones de vuelo en el aeropuerto internacional de Berl\u00edn se desarrollaban hoy con normalidad, despu\u00e9s de que una alerta\" \/>\n\t\t<meta property=\"og:url\" content=\"https:\/\/candas365.es\/noticias\/el-aeropuerto-internacional-de-berlin-vuelve-a-la-normalidad\/\" \/>\n\t\t<meta property=\"og:image\" content=\"https:\/\/candas365.es\/noticias\/wp-content\/uploads\/2026\/09\/El-aeropuerto-internacional-de-Berlin-vuelve-a-la-normalidad.jpg\" \/>\n\t\t<meta property=\"og:image:secure_url\" content=\"https:\/\/candas365.es\/noticias\/wp-content\/uploads\/2026\/09\/El-aeropuerto-internacional-de-Berlin-vuelve-a-la-normalidad.jpg\" \/>\n\t\t<meta property=\"og:image:width\" content=\"1238\" \/>\n\t\t<meta property=\"og:image:height\" content=\"831\" \/>\n\t\t<meta property=\"article:published_time\" content=\"2026-09-04T15:57:10+00:00\" \/>\n\t\t<meta property=\"article:modified_time\" content=\"2026-09-04T15:57:10+00:00\" \/>\n\t\t<meta property=\"article:publisher\" content=\"https:\/\/www.facebook.com\/Nachofdezber\" \/>\n\t\t<meta property=\"article:author\" content=\"https:\/\/www.facebook.com\/Nachofdezber\" \/>\n\t\t<meta name=\"twitter:card\" content=\"summary_large_image\" \/>\n\t\t<meta name=\"twitter:site\" content=\"@candas365\" \/>\n\t\t<meta name=\"twitter:title\" content=\"El aeropuerto internacional de Berl\u00edn vuelve a la normalidad \u2013 Cand\u00e1s 365\" \/>\n\t\t<meta name=\"twitter:description\" content=\"Berl\u00edn, 4 sep (dpa) - Las operaciones de vuelo en el aeropuerto internacional de Berl\u00edn se desarrollaban hoy con normalidad, despu\u00e9s de que una alerta\" \/>\n\t\t<meta name=\"twitter:creator\" content=\"@candas365\" \/>\n\t\t<meta name=\"twitter:image\" content=\"https:\/\/candas365.es\/noticias\/wp-content\/uploads\/2026\/09\/El-aeropuerto-internacional-de-Berlin-vuelve-a-la-normalidad.jpg\" \/>\n\t\t<meta name=\"twitter:label1\" content=\"Escrito por\" \/>\n\t\t<meta name=\"twitter:data1\" content=\"Cand\u00e1s 365\" \/>\n\t\t<meta name=\"twitter:label2\" content=\"Tiempo de lectura estimado\" \/>\n\t\t<meta name=\"twitter:data2\" content=\"2 minutos\" \/>\n\t\t<script type=\"application\/ld+json\" class=\"aioseo-schema\">\n\t\t\t{\"@context\":\"https:\\\/\\\/schema.org\",\"@graph\":[{\"@type\":\"BreadcrumbList\",\"@id\":\"https:\\\/\\\/candas365.es\\\/noticias\\\/el-aeropuerto-internacional-de-berlin-vuelve-a-la-normalidad\\\/#breadcrumblist\",\"itemListElement\":[{\"@type\":\"ListItem\",\"@id\":\"https:\\\/\\\/candas365.es\\\/noticias#listItem\",\"position\":1,\"name\":\"Home\",\"item\":\"https:\\\/\\\/candas365.es\\\/noticias\",\"nextItem\":{\"@type\":\"ListItem\",\"@id\":\"https:\\\/\\\/candas365.es\\\/noticias\\\/category\\\/internacional\\\/#listItem\",\"name\":\"Internacional\"}},{\"@type\":\"ListItem\",\"@id\":\"https:\\\/\\\/candas365.es\\\/noticias\\\/category\\\/internacional\\\/#listItem\",\"position\":2,\"name\":\"Internacional\",\"item\":\"https:\\\/\\\/candas365.es\\\/noticias\\\/category\\\/internacional\\\/\",\"nextItem\":{\"@type\":\"ListItem\",\"@id\":\"https:\\\/\\\/candas365.es\\\/noticias\\\/el-aeropuerto-internacional-de-berlin-vuelve-a-la-normalidad\\\/#listItem\",\"name\":\"El aeropuerto internacional de Berl\\u00edn vuelve a la normalidad\"},\"previousItem\":{\"@type\":\"ListItem\",\"@id\":\"https:\\\/\\\/candas365.es\\\/noticias#listItem\",\"name\":\"Home\"}},{\"@type\":\"ListItem\",\"@id\":\"https:\\\/\\\/candas365.es\\\/noticias\\\/el-aeropuerto-internacional-de-berlin-vuelve-a-la-normalidad\\\/#listItem\",\"position\":3,\"name\":\"El aeropuerto internacional de Berl\\u00edn vuelve a la normalidad\",\"previousItem\":{\"@type\":\"ListItem\",\"@id\":\"https:\\\/\\\/candas365.es\\\/noticias\\\/category\\\/internacional\\\/#listItem\",\"name\":\"Internacional\"}}]},{\"@type\":\"NewsArticle\",\"@id\":\"https:\\\/\\\/candas365.es\\\/noticias\\\/el-aeropuerto-internacional-de-berlin-vuelve-a-la-normalidad\\\/#newsarticle\",\"name\":\"El aeropuerto internacional de Berl\\u00edn vuelve a la normalidad | Cand\\u00e1s 365\",\"headline\":\"El aeropuerto internacional de Berl\\u00edn vuelve a la normalidad\",\"author\":{\"@id\":\"https:\\\/\\\/candas365.es\\\/noticias\\\/author\\\/admin\\\/#author\"},\"publisher\":{\"@id\":\"https:\\\/\\\/candas365.es\\\/noticias\\\/#organization\"},\"image\":{\"@type\":\"ImageObject\",\"url\":\"https:\\\/\\\/candas365.es\\\/noticias\\\/wp-content\\\/uploads\\\/2026\\\/09\\\/El-aeropuerto-internacional-de-Berlin-vuelve-a-la-normalidad.jpg\",\"width\":1238,\"height\":831,\"caption\":\"Foto: Michael Ukas\\\/dpa\"},\"datePublished\":\"2026-09-04T17:57:10+02:00\",\"dateModified\":\"2026-09-04T17:57:10+02:00\",\"inLanguage\":\"es-ES\",\"mainEntityOfPage\":{\"@id\":\"https:\\\/\\\/candas365.es\\\/noticias\\\/el-aeropuerto-internacional-de-berlin-vuelve-a-la-normalidad\\\/#webpage\"},\"isPartOf\":{\"@id\":\"https:\\\/\\\/candas365.es\\\/noticias\\\/el-aeropuerto-internacional-de-berlin-vuelve-a-la-normalidad\\\/#webpage\"},\"articleSection\":\"Internacional, Alemania, Internacional\",\"dateline\":\"Publicado el septiembre 4, 2026.\"},{\"@type\":\"Organization\",\"@id\":\"https:\\\/\\\/candas365.es\\\/noticias\\\/#organization\",\"name\":\"Cand\\u00e1s 365\",\"description\":\"Cand\\u00e1s 365 es un diario digital independiente, fundado en 2012, con base en Asturias. Informamos con rigor sobre actualidad, sociedad, cultura y ocio, con una mirada local y global.\",\"url\":\"https:\\\/\\\/candas365.es\\\/noticias\\\/\",\"email\":\"info@candas365.es\",\"telephone\":\"+34652131393\",\"foundingDate\":\"2012-06-10\",\"logo\":{\"@type\":\"ImageObject\",\"url\":\"https:\\\/\\\/candas365.es\\\/noticias\\\/wp-content\\\/uploads\\\/2024\\\/09\\\/Candas-365-Redes.jpg\",\"@id\":\"https:\\\/\\\/candas365.es\\\/noticias\\\/el-aeropuerto-internacional-de-berlin-vuelve-a-la-normalidad\\\/#organizationLogo\",\"width\":1152,\"height\":864,\"caption\":\"Cand\\u00e1s 365 Redes\"},\"image\":{\"@id\":\"https:\\\/\\\/candas365.es\\\/noticias\\\/el-aeropuerto-internacional-de-berlin-vuelve-a-la-normalidad\\\/#organizationLogo\"},\"sameAs\":[\"https:\\\/\\\/www.facebook.com\\\/Nachofdezber\",\"https:\\\/\\\/x.com\\\/candas365\",\"https:\\\/\\\/www.instagram.com\\\/nachofdezber\\\/\",\"https:\\\/\\\/www.youtube.com\\\/channel\\\/UCZP-2wLEB9Rv6erhFmqVnvg\"],\"address\":{\"@id\":\"https:\\\/\\\/candas365.es\\\/noticias\\\/#postaladdress\",\"@type\":\"PostalAddress\",\"streetAddress\":\"san antonio 4, san antonio 4\",\"postalCode\":\"33430\",\"addressLocality\":\"Cand\\u00e1s\",\"addressRegion\":\"Asturias\",\"addressCountry\":\"ES\"}},{\"@type\":\"Person\",\"@id\":\"https:\\\/\\\/candas365.es\\\/noticias\\\/author\\\/admin\\\/#author\",\"url\":\"https:\\\/\\\/candas365.es\\\/noticias\\\/author\\\/admin\\\/\",\"name\":\"Cand\\u00e1s 365\",\"image\":{\"@type\":\"ImageObject\",\"@id\":\"https:\\\/\\\/candas365.es\\\/noticias\\\/el-aeropuerto-internacional-de-berlin-vuelve-a-la-normalidad\\\/#authorImage\",\"url\":\"https:\\\/\\\/candas365.es\\\/noticias\\\/wp-content\\\/uploads\\\/2026\\\/07\\\/cropped-eyevuvEl_400x400-96x96.jpg\",\"width\":96,\"height\":96,\"caption\":\"Cand\\u00e1s 365\"},\"sameAs\":[\"https:\\\/\\\/www.facebook.com\\\/Nachofdezber\",\"https:\\\/\\\/x.com\\\/candas365\",\"https:\\\/\\\/www.instagram.com\\\/nachofdezber\\\/\",\"https:\\\/\\\/www.youtube.com\\\/channel\\\/UCZP-2wLEB9Rv6erhFmqVnvg\"]},{\"@type\":\"WebPage\",\"@id\":\"https:\\\/\\\/candas365.es\\\/noticias\\\/el-aeropuerto-internacional-de-berlin-vuelve-a-la-normalidad\\\/#webpage\",\"url\":\"https:\\\/\\\/candas365.es\\\/noticias\\\/el-aeropuerto-internacional-de-berlin-vuelve-a-la-normalidad\\\/\",\"name\":\"El aeropuerto internacional de Berl\\u00edn vuelve a la normalidad | Cand\\u00e1s 365\",\"description\":\"Berl\\u00edn, 4 sep (dpa) - Las operaciones de vuelo en el aeropuerto internacional de Berl\\u00edn se desarrollaban hoy con normalidad, despu\\u00e9s de que una alerta\",\"inLanguage\":\"es-ES\",\"isPartOf\":{\"@id\":\"https:\\\/\\\/candas365.es\\\/noticias\\\/#website\"},\"breadcrumb\":{\"@id\":\"https:\\\/\\\/candas365.es\\\/noticias\\\/el-aeropuerto-internacional-de-berlin-vuelve-a-la-normalidad\\\/#breadcrumblist\"},\"author\":{\"@id\":\"https:\\\/\\\/candas365.es\\\/noticias\\\/author\\\/admin\\\/#author\"},\"creator\":{\"@id\":\"https:\\\/\\\/candas365.es\\\/noticias\\\/author\\\/admin\\\/#author\"},\"image\":{\"@type\":\"ImageObject\",\"url\":\"https:\\\/\\\/candas365.es\\\/noticias\\\/wp-content\\\/uploads\\\/2026\\\/09\\\/El-aeropuerto-internacional-de-Berlin-vuelve-a-la-normalidad.jpg\",\"@id\":\"https:\\\/\\\/candas365.es\\\/noticias\\\/el-aeropuerto-internacional-de-berlin-vuelve-a-la-normalidad\\\/#mainImage\",\"width\":1238,\"height\":831,\"caption\":\"Foto: Michael Ukas\\\/dpa\"},\"primaryImageOfPage\":{\"@id\":\"https:\\\/\\\/candas365.es\\\/noticias\\\/el-aeropuerto-internacional-de-berlin-vuelve-a-la-normalidad\\\/#mainImage\"},\"datePublished\":\"2026-09-04T17:57:10+02:00\",\"dateModified\":\"2026-09-04T17:57:10+02:00\"},{\"@type\":\"WebSite\",\"@id\":\"https:\\\/\\\/candas365.es\\\/noticias\\\/#website\",\"url\":\"https:\\\/\\\/candas365.es\\\/noticias\\\/\",\"name\":\"Cand\\u00e1s 365\",\"alternateName\":\"Cand\\u00e1s 365 Noticias\",\"description\":\"Actualidad desde Carre\\u00f1o para el mundo\",\"inLanguage\":\"es-ES\",\"publisher\":{\"@id\":\"https:\\\/\\\/candas365.es\\\/noticias\\\/#organization\"}}]}\n\t\t<\/script>\n\t\t<!-- All in One SEO Pro -->\r\n\t\t<title>El aeropuerto internacional de Berl\u00edn vuelve a la normalidad | Cand\u00e1s 365<\/title>\n\n","aioseo_head_json":{"title":"El aeropuerto internacional de Berl\u00edn vuelve a la normalidad | Cand\u00e1s 365","description":"Berl\u00edn, 4 sep (dpa) - Las operaciones de vuelo en el aeropuerto internacional de Berl\u00edn se desarrollaban hoy con normalidad, despu\u00e9s de que una alerta","canonical_url":"https:\/\/candas365.es\/noticias\/el-aeropuerto-internacional-de-berlin-vuelve-a-la-normalidad\/","robots":"max-image-preview:large","keywords":"internacional","webmasterTools":{"google-site-verification":"UA-32230408-1","msvalidate.01":"354F3CDFB2DA171B47FBE9ABF1F88D5","miscellaneous":""},"schema":{"@context":"https:\/\/schema.org","@graph":[{"@type":"BreadcrumbList","@id":"https:\/\/candas365.es\/noticias\/el-aeropuerto-internacional-de-berlin-vuelve-a-la-normalidad\/#breadcrumblist","itemListElement":[{"@type":"ListItem","@id":"https:\/\/candas365.es\/noticias#listItem","position":1,"name":"Home","item":"https:\/\/candas365.es\/noticias","nextItem":{"@type":"ListItem","@id":"https:\/\/candas365.es\/noticias\/category\/internacional\/#listItem","name":"Internacional"}},{"@type":"ListItem","@id":"https:\/\/candas365.es\/noticias\/category\/internacional\/#listItem","position":2,"name":"Internacional","item":"https:\/\/candas365.es\/noticias\/category\/internacional\/","nextItem":{"@type":"ListItem","@id":"https:\/\/candas365.es\/noticias\/el-aeropuerto-internacional-de-berlin-vuelve-a-la-normalidad\/#listItem","name":"El aeropuerto internacional de Berl\u00edn vuelve a la normalidad"},"previousItem":{"@type":"ListItem","@id":"https:\/\/candas365.es\/noticias#listItem","name":"Home"}},{"@type":"ListItem","@id":"https:\/\/candas365.es\/noticias\/el-aeropuerto-internacional-de-berlin-vuelve-a-la-normalidad\/#listItem","position":3,"name":"El aeropuerto internacional de Berl\u00edn vuelve a la normalidad","previousItem":{"@type":"ListItem","@id":"https:\/\/candas365.es\/noticias\/category\/internacional\/#listItem","name":"Internacional"}}]},{"@type":"NewsArticle","@id":"https:\/\/candas365.es\/noticias\/el-aeropuerto-internacional-de-berlin-vuelve-a-la-normalidad\/#newsarticle","name":"El aeropuerto internacional de Berl\u00edn vuelve a la normalidad | Cand\u00e1s 365","headline":"El aeropuerto internacional de Berl\u00edn vuelve a la normalidad","author":{"@id":"https:\/\/candas365.es\/noticias\/author\/admin\/#author"},"publisher":{"@id":"https:\/\/candas365.es\/noticias\/#organization"},"image":{"@type":"ImageObject","url":"https:\/\/candas365.es\/noticias\/wp-content\/uploads\/2026\/09\/El-aeropuerto-internacional-de-Berlin-vuelve-a-la-normalidad.jpg","width":1238,"height":831,"caption":"Foto: Michael Ukas\/dpa"},"datePublished":"2026-09-04T17:57:10+02:00","dateModified":"2026-09-04T17:57:10+02:00","inLanguage":"es-ES","mainEntityOfPage":{"@id":"https:\/\/candas365.es\/noticias\/el-aeropuerto-internacional-de-berlin-vuelve-a-la-normalidad\/#webpage"},"isPartOf":{"@id":"https:\/\/candas365.es\/noticias\/el-aeropuerto-internacional-de-berlin-vuelve-a-la-normalidad\/#webpage"},"articleSection":"Internacional, Alemania, Internacional","dateline":"Publicado el septiembre 4, 2026."},{"@type":"Organization","@id":"https:\/\/candas365.es\/noticias\/#organization","name":"Cand\u00e1s 365","description":"Cand\u00e1s 365 es un diario digital independiente, fundado en 2012, con base en Asturias. Informamos con rigor sobre actualidad, sociedad, cultura y ocio, con una mirada local y global.","url":"https:\/\/candas365.es\/noticias\/","email":"info@candas365.es","telephone":"+34652131393","foundingDate":"2012-06-10","logo":{"@type":"ImageObject","url":"https:\/\/candas365.es\/noticias\/wp-content\/uploads\/2024\/09\/Candas-365-Redes.jpg","@id":"https:\/\/candas365.es\/noticias\/el-aeropuerto-internacional-de-berlin-vuelve-a-la-normalidad\/#organizationLogo","width":1152,"height":864,"caption":"Cand\u00e1s 365 Redes"},"image":{"@id":"https:\/\/candas365.es\/noticias\/el-aeropuerto-internacional-de-berlin-vuelve-a-la-normalidad\/#organizationLogo"},"sameAs":["https:\/\/www.facebook.com\/Nachofdezber","https:\/\/x.com\/candas365","https:\/\/www.instagram.com\/nachofdezber\/","https:\/\/www.youtube.com\/channel\/UCZP-2wLEB9Rv6erhFmqVnvg"],"address":{"@id":"https:\/\/candas365.es\/noticias\/#postaladdress","@type":"PostalAddress","streetAddress":"san antonio 4, san antonio 4","postalCode":"33430","addressLocality":"Cand\u00e1s","addressRegion":"Asturias","addressCountry":"ES"}},{"@type":"Person","@id":"https:\/\/candas365.es\/noticias\/author\/admin\/#author","url":"https:\/\/candas365.es\/noticias\/author\/admin\/","name":"Cand\u00e1s 365","image":{"@type":"ImageObject","@id":"https:\/\/candas365.es\/noticias\/el-aeropuerto-internacional-de-berlin-vuelve-a-la-normalidad\/#authorImage","url":"https:\/\/candas365.es\/noticias\/wp-content\/uploads\/2026\/07\/cropped-eyevuvEl_400x400-96x96.jpg","width":96,"height":96,"caption":"Cand\u00e1s 365"},"sameAs":["https:\/\/www.facebook.com\/Nachofdezber","https:\/\/x.com\/candas365","https:\/\/www.instagram.com\/nachofdezber\/","https:\/\/www.youtube.com\/channel\/UCZP-2wLEB9Rv6erhFmqVnvg"]},{"@type":"WebPage","@id":"https:\/\/candas365.es\/noticias\/el-aeropuerto-internacional-de-berlin-vuelve-a-la-normalidad\/#webpage","url":"https:\/\/candas365.es\/noticias\/el-aeropuerto-internacional-de-berlin-vuelve-a-la-normalidad\/","name":"El aeropuerto internacional de Berl\u00edn vuelve a la normalidad | Cand\u00e1s 365","description":"Berl\u00edn, 4 sep (dpa) - Las operaciones de vuelo en el aeropuerto internacional de Berl\u00edn se desarrollaban hoy con normalidad, despu\u00e9s de que una alerta","inLanguage":"es-ES","isPartOf":{"@id":"https:\/\/candas365.es\/noticias\/#website"},"breadcrumb":{"@id":"https:\/\/candas365.es\/noticias\/el-aeropuerto-internacional-de-berlin-vuelve-a-la-normalidad\/#breadcrumblist"},"author":{"@id":"https:\/\/candas365.es\/noticias\/author\/admin\/#author"},"creator":{"@id":"https:\/\/candas365.es\/noticias\/author\/admin\/#author"},"image":{"@type":"ImageObject","url":"https:\/\/candas365.es\/noticias\/wp-content\/uploads\/2026\/09\/El-aeropuerto-internacional-de-Berlin-vuelve-a-la-normalidad.jpg","@id":"https:\/\/candas365.es\/noticias\/el-aeropuerto-internacional-de-berlin-vuelve-a-la-normalidad\/#mainImage","width":1238,"height":831,"caption":"Foto: Michael Ukas\/dpa"},"primaryImageOfPage":{"@id":"https:\/\/candas365.es\/noticias\/el-aeropuerto-internacional-de-berlin-vuelve-a-la-normalidad\/#mainImage"},"datePublished":"2026-09-04T17:57:10+02:00","dateModified":"2026-09-04T17:57:10+02:00"},{"@type":"WebSite","@id":"https:\/\/candas365.es\/noticias\/#website","url":"https:\/\/candas365.es\/noticias\/","name":"Cand\u00e1s 365","alternateName":"Cand\u00e1s 365 Noticias","description":"Actualidad desde Carre\u00f1o para el mundo","inLanguage":"es-ES","publisher":{"@id":"https:\/\/candas365.es\/noticias\/#organization"}}]},"og:locale":"es_ES","og:site_name":"Cand\u00e1s 365","og:type":"article","og:title":"El aeropuerto internacional de Berl\u00edn vuelve a la normalidad \u2013 Cand\u00e1s 365","og:description":"Berl\u00edn, 4 sep (dpa) - Las operaciones de vuelo en el aeropuerto internacional de Berl\u00edn se desarrollaban hoy con normalidad, despu\u00e9s de que una alerta","og:url":"https:\/\/candas365.es\/noticias\/el-aeropuerto-internacional-de-berlin-vuelve-a-la-normalidad\/","og:image":"https:\/\/candas365.es\/noticias\/wp-content\/uploads\/2026\/09\/El-aeropuerto-internacional-de-Berlin-vuelve-a-la-normalidad.jpg","og:image:secure_url":"https:\/\/candas365.es\/noticias\/wp-content\/uploads\/2026\/09\/El-aeropuerto-internacional-de-Berlin-vuelve-a-la-normalidad.jpg","og:image:width":1238,"og:image:height":831,"article:published_time":"2026-09-04T15:57:10+00:00","article:modified_time":"2026-09-04T15:57:10+00:00","article:publisher":"https:\/\/www.facebook.com\/Nachofdezber","article:author":"https:\/\/www.facebook.com\/Nachofdezber","twitter:card":"summary_large_image","twitter:site":"@candas365","twitter:title":"El aeropuerto internacional de Berl\u00edn vuelve a la normalidad \u2013 Cand\u00e1s 365","twitter:description":"Berl\u00edn, 4 sep (dpa) - Las operaciones de vuelo en el aeropuerto internacional de Berl\u00edn se desarrollaban hoy con normalidad, despu\u00e9s de que una alerta","twitter:creator":"@candas365","twitter:image":"https:\/\/candas365.es\/noticias\/wp-content\/uploads\/2026\/09\/El-aeropuerto-internacional-de-Berlin-vuelve-a-la-normalidad.jpg","twitter:label1":"Escrito por","twitter:data1":"Cand\u00e1s 365","twitter:label2":"Tiempo de lectura estimado","twitter:data2":"2 minutos"},"aioseo_meta_data":{"post_id":"198009","title":null,"description":"Berl\u00edn, 4 sep (dpa) - Las operaciones de vuelo en el aeropuerto internacional de Berl\u00edn se desarrollaban hoy con normalidad, despu\u00e9s de que una alerta","keywords":null,"keyphrases":{"focus":{"keyphrase":"aeropuerto de Berl\u00edn","score":0,"analysis":[]},"additional":[]},"primary_term":null,"canonical_url":null,"og_title":"#post_title #separator_sa #site_title","og_description":"Berl\u00edn, 4 sep (dpa) - Las operaciones de vuelo en el aeropuerto internacional de Berl\u00edn se desarrollaban hoy con normalidad, despu\u00e9s de que una alerta","og_object_type":"default","og_image_type":"default","og_image_url":null,"og_image_width":null,"og_image_height":null,"og_image_custom_url":null,"og_image_custom_fields":null,"og_video":"","og_custom_url":null,"og_article_section":null,"og_article_tags":null,"twitter_use_og":false,"twitter_card":"default","twitter_image_type":"default","twitter_image_url":null,"twitter_image_custom_url":null,"twitter_image_custom_fields":null,"twitter_title":null,"twitter_description":null,"schema":{"blockGraphs":[],"customGraphs":[],"default":{"data":{"Article":[],"Course":[],"Dataset":[],"FAQPage":[],"Movie":[],"Person":[],"Product":[],"ProductReview":[],"Car":[],"Recipe":[],"Service":[],"SoftwareApplication":[],"WebPage":[]},"graphName":"NewsArticle","isEnabled":true},"graphs":[]},"schema_type":"default","schema_type_options":null,"pillar_content":false,"robots_default":true,"robots_noindex":false,"robots_noarchive":false,"robots_nosnippet":false,"robots_nofollow":false,"robots_noimageindex":false,"robots_noodp":false,"robots_notranslate":false,"robots_max_snippet":"-1","robots_max_videopreview":"-1","robots_max_imagepreview":"large","priority":null,"frequency":"default","location":null,"local_seo":null,"seo_analyzer_scan_date":"2026-09-04 15:58:22","breadcrumb_settings":null,"limit_modified_date":false,"reviewed_by":"0","open_ai":null,"ai":{"faqs":[],"keyPoints":[],"schemas":[],"titles":[],"descriptions":[],"socialPosts":{"email":{"subject":"","preview":"","content":""},"linkedin":[],"twitter":[],"facebook":[],"instagram":[]}},"created":"2026-09-04 15:51:46","updated":"2026-09-04 16:13:08","focus_keyword":"aeropuerto de Berl\u00edn","additional_keywords":null,"truseo_locale":null},"aioseo_breadcrumb":"<div class=\"aioseo-breadcrumbs\"><span class=\"aioseo-breadcrumb\">\n\t<a href=\"https:\/\/candas365.es\/noticias\" title=\"Home\">Home<\/a>\n<\/span><span class=\"aioseo-breadcrumb-separator\">&ndash;<\/span><span class=\"aioseo-breadcrumb\">\n\t<a href=\"https:\/\/candas365.es\/noticias\/category\/internacional\/\" title=\"Internacional\">Internacional<\/a>\n<\/span><span class=\"aioseo-breadcrumb-separator\">&ndash;<\/span><span class=\"aioseo-breadcrumb\">\n\tEl aeropuerto internacional de Berl\u00edn vuelve a la normalidad\n<\/span><\/div>","aioseo_breadcrumb_json":[{"label":"Home","link":"https:\/\/candas365.es\/noticias"},{"label":"Internacional","link":"https:\/\/candas365.es\/noticias\/category\/internacional\/"},{"label":"El aeropuerto internacional de Berl\u00edn vuelve a la normalidad","link":"https:\/\/candas365.es\/noticias\/el-aeropuerto-internacional-de-berlin-vuelve-a-la-normalidad\/"}],"_links":{"self":[{"href":"https:\/\/candas365.es\/noticias\/wp-json\/wp\/v2\/posts\/198009","targetHints":{"allow":["GET"]}}],"collection":[{"href":"https:\/\/candas365.es\/noticias\/wp-json\/wp\/v2\/posts"}],"about":[{"href":"https:\/\/candas365.es\/noticias\/wp-json\/wp\/v2\/types\/post"}],"author":[{"embeddable":true,"href":"https:\/\/candas365.es\/noticias\/wp-json\/wp\/v2\/users\/1"}],"replies":[{"embeddable":true,"href":"https:\/\/candas365.es\/noticias\/wp-json\/wp\/v2\/comments?post=198009"}],"version-history":[{"count":1,"href":"https:\/\/candas365.es\/noticias\/wp-json\/wp\/v2\/posts\/198009\/revisions"}],"predecessor-version":[{"id":198011,"href":"https:\/\/candas365.es\/noticias\/wp-json\/wp\/v2\/posts\/198009\/revisions\/198011"}],"wp:featuredmedia":[{"embeddable":true,"href":"https:\/\/candas365.es\/noticias\/wp-json\/wp\/v2\/media\/198010"}],"wp:attachment":[{"href":"https:\/\/candas365.es\/noticias\/wp-json\/wp\/v2\/media?parent=198009"}],"wp:term":[{"taxonomy":"category","embeddable":true,"href":"https:\/\/candas365.es\/noticias\/wp-json\/wp\/v2\/categories?post=198009"},{"taxonomy":"post_tag","embeddable":true,"href":"https:\/\/candas365.es\/noticias\/wp-json\/wp\/v2\/tags?post=198009"}],"curies":[{"name":"wp","href":"https:\/\/api.w.org\/{rel}","templated":true}]}}