{"id":198006,"date":"2026-09-04T17:49:46","date_gmt":"2026-09-04T15:49:46","guid":{"rendered":"https:\/\/candas365.es\/noticias\/?p=198006"},"modified":"2026-09-04T17:49:46","modified_gmt":"2026-09-04T15:49:46","slug":"polemica-en-la-oktoberfest-de-munich-2026","status":"publish","type":"post","link":"https:\/\/candas365.es\/noticias\/polemica-en-la-oktoberfest-de-munich-2026\/","title":{"rendered":"Polemica en la Oktoberfest de M\u00fanich 2026"},"content":{"rendered":"<p><span class=\"dateline\">M\u00fanich, 4 sep\u00a0<span class=\"credit\">(<a href=\"https:\/\/www.dpa-news.de\/\" target=\"_blank\" rel=\"noopener\"><span style=\"color: #ff6600;\"><strong>dpa<\/strong><\/span><\/a>)<\/span>\u00a0&#8211;\u00a0<\/span>Una parte de los feriantes de la <span style=\"color: #ff6600;\"><a style=\"color: #ff6600;\" href=\"https:\/\/candas365.es\/noticias\/category\/internacional\/\"><strong>Oktoberfest<\/strong><\/a><\/span> pretende boicotear el tradicional desfile por la Fiesta de la Cerveza de M\u00fanich, en repudio ante\u00a0exigencias de modificar figuras femeninas por estereotipos racistas y sexistas en sus\u00a0atracciones.<\/p>\n<figure id=\"attachment_198007\" aria-describedby=\"caption-attachment-198007\" style=\"width: 650px\" class=\"wp-caption aligncenter\"><img fetchpriority=\"high\" decoding=\"async\" class=\"size-large wp-image-198007\" src=\"https:\/\/candas365.es\/noticias\/wp-content\/uploads\/2026\/09\/Polemica-en-la-Oktoberfest-de-Munich-2026-650x446.jpg\" alt=\"Polemica en la Oktoberfest de M\u00fanich 2026\" width=\"650\" height=\"446\" srcset=\"https:\/\/candas365.es\/noticias\/wp-content\/uploads\/2026\/09\/Polemica-en-la-Oktoberfest-de-Munich-2026-650x446.jpg 650w, https:\/\/candas365.es\/noticias\/wp-content\/uploads\/2026\/09\/Polemica-en-la-Oktoberfest-de-Munich-2026-360x247.jpg 360w, https:\/\/candas365.es\/noticias\/wp-content\/uploads\/2026\/09\/Polemica-en-la-Oktoberfest-de-Munich-2026-768x527.jpg 768w, https:\/\/candas365.es\/noticias\/wp-content\/uploads\/2026\/09\/Polemica-en-la-Oktoberfest-de-Munich-2026-150x103.jpg 150w, https:\/\/candas365.es\/noticias\/wp-content\/uploads\/2026\/09\/Polemica-en-la-Oktoberfest-de-Munich-2026-450x309.jpg 450w, https:\/\/candas365.es\/noticias\/wp-content\/uploads\/2026\/09\/Polemica-en-la-Oktoberfest-de-Munich-2026-1200x824.jpg 1200w, https:\/\/candas365.es\/noticias\/wp-content\/uploads\/2026\/09\/Polemica-en-la-Oktoberfest-de-Munich-2026.jpg 1223w\" sizes=\"(max-width: 650px) 100vw, 650px\" \/><figcaption id=\"caption-attachment-198007\" class=\"wp-caption-text\">Foto: Sven Hoppe\/dpa<\/figcaption><\/figure>\n<p>\u00abAnte el ataque debido a supuestos estereotipos racistas en la fachada de la atracci\u00f3n tradicional &#8216;Teufelsrad&#8217;, cancelamos por la presente nuestra participaci\u00f3n\u00bb, se\u00f1ala una carta de la asociaci\u00f3n de feriantes y comerciantes de mercados.<\/p>\n<p>La misiva, a la que tuvo acceso la agencia dpa, dirigida a la Concejal\u00eda de Econom\u00eda de M\u00fanich tambi\u00e9n habla de \u00abmedidas de censura\u00bb y \u00abmaquillaje forzado\u00bb.<\/p>\n<p>\u00abLos feriantes se defienden contra la censura\u00bb, a\u00f1ade la carta. \u00abEl dise\u00f1o de la atracci\u00f3n forma parte de la competencia central del empresario como garante del riesgo econ\u00f3mico\u00bb.<\/p>\n<p>Seg\u00fan indicaciones del presidente Patrick Arens, entre 60 y 70 atracciones de la \u00abWiesn\u00bb, como es conocida la Oktoberfest por el lugar donde se celebra, est\u00e1n asociadas a su gremio. Esto representa solo una parte del total de los puestos.<\/p>\n<p><strong>El tradicional desfile<\/strong><\/p>\n<p>El tradicional desfile al que se refiere la carta siempre se realiza\u00a0poco antes del comienzo de la Oktoberfest de M\u00fanich. El alcalde \u2014este a\u00f1o, por primera vez, Dominik Krause, de Los Verdes\u2014 y el director de la Wiesn presentan all\u00ed las novedades de la fiesta popular.<\/p>\n<p>La atracci\u00f3n tradicional \u00abTeufelsrad\u00bb hab\u00eda remodelado las figuras femeninas situadas sobre la entrada y las hab\u00eda vestido de forma m\u00e1s recatada, tras advertencias de la Oficina Municipal para la Igualdad. Una figura que antes llevaba \u00fanicamente bikini y una guirnalda de flores viste ahora vestido y zapatos.<\/p>\n<p><strong>\u00abTambi\u00e9n se puede exagerar\u00bb<\/strong><\/p>\n<p>Mientras tanto, la propia ciudad cuestiona el\u00a0sentido de esta exigencia. No solo el director de la \u00abWiesn\u00bb, Christian Scharpf, anunci\u00f3 conversaciones con la Oficina para la Igualdad sobre una mayor \u00abmoderaci\u00f3n\u00bb, sino que tambi\u00e9n la segunda alcaldesa, Mona Fuchs, afirm\u00f3: \u00abTambi\u00e9n se puede exagerar\u00bb.<\/p>\n<p>Seg\u00fan informaciones de los medios, el \u00abTeufelsrad\u00bb no es la \u00fanica atracci\u00f3n del popular festival de la cerveza a la\u00a0que se le solicit\u00f3 una remodelaci\u00f3n.<\/p>\n","protected":false},"excerpt":{"rendered":"<p>M\u00fanich, 4 sep\u00a0(dpa)\u00a0&#8211;\u00a0Una parte de los feriantes de la Oktoberfest pretende boicotear el tradicional desfile por la Fiesta de la Cerveza de M\u00fanich, en repudio ante\u00a0exigencias de modificar figuras femeninas por estereotipos racistas y sexistas en sus\u00a0atracciones. \u00abAnte el ataque debido a supuestos estereotipos racistas en la fachada de la atracci\u00f3n tradicional &#8216;Teufelsrad&#8217;, cancelamos por<\/p>\n","protected":false},"author":1,"featured_media":198007,"comment_status":"closed","ping_status":"closed","sticky":false,"template":"","format":"standard","meta":{"footnotes":""},"categories":[485],"tags":[417,418],"class_list":["post-198006","post","type-post","status-publish","format-standard","has-post-thumbnail","category-internacional","tag-alemania","tag-internacional"],"aioseo_notices":[],"aioseo_head":"\n\t\t<!-- All in One SEO Pro 5.0.1.1 - aioseo.com -->\n\t<meta name=\"description\" content=\"M\u00fanich, 4 sep (dpa) - Una parte de los feriantes de la Oktoberfest pretende boicotear el tradicional desfile por la Fiesta de la Cerveza de M\u00fanich\" \/>\n\t<meta name=\"robots\" content=\"max-image-preview:large\" \/>\n\t<meta name=\"author\" content=\"Cand\u00e1s 365\"\/>\n\t<meta name=\"google-site-verification\" content=\"UA-32230408-1\" \/>\n\t<meta name=\"msvalidate.01\" content=\"354F3CDFB2DA171B47FBE9ABF1F88D5\" \/>\n\t<meta name=\"keywords\" content=\"internacional\" \/>\n\t<link rel=\"canonical\" href=\"https:\/\/candas365.es\/noticias\/polemica-en-la-oktoberfest-de-munich-2026\/\" \/>\n\t<meta name=\"generator\" content=\"All in One SEO Pro (AIOSEO) 5.0.1.1\" \/>\n\t\t<meta property=\"og:locale\" content=\"es_ES\" \/>\n\t\t<meta property=\"og:site_name\" content=\"Cand\u00e1s 365\" \/>\n\t\t<meta property=\"og:type\" content=\"article\" \/>\n\t\t<meta property=\"og:title\" content=\"Polemica en la Oktoberfest de M\u00fanich 2026 \u2013 Cand\u00e1s 365\" \/>\n\t\t<meta property=\"og:description\" content=\"M\u00fanich, 4 sep (dpa) - Una parte de los feriantes de la Oktoberfest pretende boicotear el tradicional desfile por la Fiesta de la Cerveza de M\u00fanich\" \/>\n\t\t<meta property=\"og:url\" content=\"https:\/\/candas365.es\/noticias\/polemica-en-la-oktoberfest-de-munich-2026\/\" \/>\n\t\t<meta property=\"og:image\" content=\"https:\/\/candas365.es\/noticias\/wp-content\/uploads\/2026\/09\/Polemica-en-la-Oktoberfest-de-Munich-2026.jpg\" \/>\n\t\t<meta property=\"og:image:secure_url\" content=\"https:\/\/candas365.es\/noticias\/wp-content\/uploads\/2026\/09\/Polemica-en-la-Oktoberfest-de-Munich-2026.jpg\" \/>\n\t\t<meta property=\"og:image:width\" content=\"1223\" \/>\n\t\t<meta property=\"og:image:height\" content=\"840\" \/>\n\t\t<meta property=\"article:published_time\" content=\"2026-09-04T15:49:46+00:00\" \/>\n\t\t<meta property=\"article:modified_time\" content=\"2026-09-04T15:49:46+00:00\" \/>\n\t\t<meta property=\"article:publisher\" content=\"https:\/\/www.facebook.com\/Nachofdezber\" \/>\n\t\t<meta property=\"article:author\" content=\"https:\/\/www.facebook.com\/Nachofdezber\" \/>\n\t\t<meta name=\"twitter:card\" content=\"summary_large_image\" \/>\n\t\t<meta name=\"twitter:site\" content=\"@candas365\" \/>\n\t\t<meta name=\"twitter:title\" content=\"Polemica en la Oktoberfest de M\u00fanich 2026 \u2013 Cand\u00e1s 365\" \/>\n\t\t<meta name=\"twitter:description\" content=\"M\u00fanich, 4 sep (dpa) - Una parte de los feriantes de la Oktoberfest pretende boicotear el tradicional desfile por la Fiesta de la Cerveza de M\u00fanich\" \/>\n\t\t<meta name=\"twitter:creator\" content=\"@candas365\" \/>\n\t\t<meta name=\"twitter:image\" content=\"https:\/\/candas365.es\/noticias\/wp-content\/uploads\/2026\/09\/Polemica-en-la-Oktoberfest-de-Munich-2026.jpg\" \/>\n\t\t<meta name=\"twitter:label1\" content=\"Escrito por\" \/>\n\t\t<meta name=\"twitter:data1\" content=\"Cand\u00e1s 365\" \/>\n\t\t<meta name=\"twitter:label2\" content=\"Tiempo de lectura estimado\" \/>\n\t\t<meta name=\"twitter:data2\" content=\"2 minutos\" \/>\n\t\t<script type=\"application\/ld+json\" class=\"aioseo-schema\">\n\t\t\t{\"@context\":\"https:\\\/\\\/schema.org\",\"@graph\":[{\"@type\":\"BreadcrumbList\",\"@id\":\"https:\\\/\\\/candas365.es\\\/noticias\\\/polemica-en-la-oktoberfest-de-munich-2026\\\/#breadcrumblist\",\"itemListElement\":[{\"@type\":\"ListItem\",\"@id\":\"https:\\\/\\\/candas365.es\\\/noticias#listItem\",\"position\":1,\"name\":\"Home\",\"item\":\"https:\\\/\\\/candas365.es\\\/noticias\",\"nextItem\":{\"@type\":\"ListItem\",\"@id\":\"https:\\\/\\\/candas365.es\\\/noticias\\\/category\\\/internacional\\\/#listItem\",\"name\":\"Internacional\"}},{\"@type\":\"ListItem\",\"@id\":\"https:\\\/\\\/candas365.es\\\/noticias\\\/category\\\/internacional\\\/#listItem\",\"position\":2,\"name\":\"Internacional\",\"item\":\"https:\\\/\\\/candas365.es\\\/noticias\\\/category\\\/internacional\\\/\",\"nextItem\":{\"@type\":\"ListItem\",\"@id\":\"https:\\\/\\\/candas365.es\\\/noticias\\\/polemica-en-la-oktoberfest-de-munich-2026\\\/#listItem\",\"name\":\"Polemica en la Oktoberfest de M\\u00fanich 2026\"},\"previousItem\":{\"@type\":\"ListItem\",\"@id\":\"https:\\\/\\\/candas365.es\\\/noticias#listItem\",\"name\":\"Home\"}},{\"@type\":\"ListItem\",\"@id\":\"https:\\\/\\\/candas365.es\\\/noticias\\\/polemica-en-la-oktoberfest-de-munich-2026\\\/#listItem\",\"position\":3,\"name\":\"Polemica en la Oktoberfest de M\\u00fanich 2026\",\"previousItem\":{\"@type\":\"ListItem\",\"@id\":\"https:\\\/\\\/candas365.es\\\/noticias\\\/category\\\/internacional\\\/#listItem\",\"name\":\"Internacional\"}}]},{\"@type\":\"NewsArticle\",\"@id\":\"https:\\\/\\\/candas365.es\\\/noticias\\\/polemica-en-la-oktoberfest-de-munich-2026\\\/#newsarticle\",\"name\":\"Polemica en la Oktoberfest de M\\u00fanich 2026 | Cand\\u00e1s 365\",\"headline\":\"Polemica en la Oktoberfest de M\\u00fanich 2026\",\"author\":{\"@id\":\"https:\\\/\\\/candas365.es\\\/noticias\\\/author\\\/admin\\\/#author\"},\"publisher\":{\"@id\":\"https:\\\/\\\/candas365.es\\\/noticias\\\/#organization\"},\"image\":{\"@type\":\"ImageObject\",\"url\":\"https:\\\/\\\/candas365.es\\\/noticias\\\/wp-content\\\/uploads\\\/2026\\\/09\\\/Polemica-en-la-Oktoberfest-de-Munich-2026.jpg\",\"width\":1223,\"height\":840,\"caption\":\"Foto: Sven Hoppe\\\/dpa\"},\"datePublished\":\"2026-09-04T17:49:46+02:00\",\"dateModified\":\"2026-09-04T17:49:46+02:00\",\"inLanguage\":\"es-ES\",\"mainEntityOfPage\":{\"@id\":\"https:\\\/\\\/candas365.es\\\/noticias\\\/polemica-en-la-oktoberfest-de-munich-2026\\\/#webpage\"},\"isPartOf\":{\"@id\":\"https:\\\/\\\/candas365.es\\\/noticias\\\/polemica-en-la-oktoberfest-de-munich-2026\\\/#webpage\"},\"articleSection\":\"Internacional, Alemania, Internacional\",\"dateline\":\"Publicado el septiembre 4, 2026.\"},{\"@type\":\"Organization\",\"@id\":\"https:\\\/\\\/candas365.es\\\/noticias\\\/#organization\",\"name\":\"Cand\\u00e1s 365\",\"description\":\"Cand\\u00e1s 365 es un diario digital independiente, fundado en 2012, con base en Asturias. Informamos con rigor sobre actualidad, sociedad, cultura y ocio, con una mirada local y global.\",\"url\":\"https:\\\/\\\/candas365.es\\\/noticias\\\/\",\"email\":\"info@candas365.es\",\"telephone\":\"+34652131393\",\"foundingDate\":\"2012-06-10\",\"logo\":{\"@type\":\"ImageObject\",\"url\":\"https:\\\/\\\/candas365.es\\\/noticias\\\/wp-content\\\/uploads\\\/2024\\\/09\\\/Candas-365-Redes.jpg\",\"@id\":\"https:\\\/\\\/candas365.es\\\/noticias\\\/polemica-en-la-oktoberfest-de-munich-2026\\\/#organizationLogo\",\"width\":1152,\"height\":864,\"caption\":\"Cand\\u00e1s 365 Redes\"},\"image\":{\"@id\":\"https:\\\/\\\/candas365.es\\\/noticias\\\/polemica-en-la-oktoberfest-de-munich-2026\\\/#organizationLogo\"},\"sameAs\":[\"https:\\\/\\\/www.facebook.com\\\/Nachofdezber\",\"https:\\\/\\\/x.com\\\/candas365\",\"https:\\\/\\\/www.instagram.com\\\/nachofdezber\\\/\",\"https:\\\/\\\/www.youtube.com\\\/channel\\\/UCZP-2wLEB9Rv6erhFmqVnvg\"],\"address\":{\"@id\":\"https:\\\/\\\/candas365.es\\\/noticias\\\/#postaladdress\",\"@type\":\"PostalAddress\",\"streetAddress\":\"san antonio 4, san antonio 4\",\"postalCode\":\"33430\",\"addressLocality\":\"Cand\\u00e1s\",\"addressRegion\":\"Asturias\",\"addressCountry\":\"ES\"}},{\"@type\":\"Person\",\"@id\":\"https:\\\/\\\/candas365.es\\\/noticias\\\/author\\\/admin\\\/#author\",\"url\":\"https:\\\/\\\/candas365.es\\\/noticias\\\/author\\\/admin\\\/\",\"name\":\"Cand\\u00e1s 365\",\"image\":{\"@type\":\"ImageObject\",\"@id\":\"https:\\\/\\\/candas365.es\\\/noticias\\\/polemica-en-la-oktoberfest-de-munich-2026\\\/#authorImage\",\"url\":\"https:\\\/\\\/candas365.es\\\/noticias\\\/wp-content\\\/uploads\\\/2026\\\/07\\\/cropped-eyevuvEl_400x400-96x96.jpg\",\"width\":96,\"height\":96,\"caption\":\"Cand\\u00e1s 365\"},\"sameAs\":[\"https:\\\/\\\/www.facebook.com\\\/Nachofdezber\",\"https:\\\/\\\/x.com\\\/candas365\",\"https:\\\/\\\/www.instagram.com\\\/nachofdezber\\\/\",\"https:\\\/\\\/www.youtube.com\\\/channel\\\/UCZP-2wLEB9Rv6erhFmqVnvg\"]},{\"@type\":\"WebPage\",\"@id\":\"https:\\\/\\\/candas365.es\\\/noticias\\\/polemica-en-la-oktoberfest-de-munich-2026\\\/#webpage\",\"url\":\"https:\\\/\\\/candas365.es\\\/noticias\\\/polemica-en-la-oktoberfest-de-munich-2026\\\/\",\"name\":\"Polemica en la Oktoberfest de M\\u00fanich 2026 | Cand\\u00e1s 365\",\"description\":\"M\\u00fanich, 4 sep (dpa) - Una parte de los feriantes de la Oktoberfest pretende boicotear el tradicional desfile por la Fiesta de la Cerveza de M\\u00fanich\",\"inLanguage\":\"es-ES\",\"isPartOf\":{\"@id\":\"https:\\\/\\\/candas365.es\\\/noticias\\\/#website\"},\"breadcrumb\":{\"@id\":\"https:\\\/\\\/candas365.es\\\/noticias\\\/polemica-en-la-oktoberfest-de-munich-2026\\\/#breadcrumblist\"},\"author\":{\"@id\":\"https:\\\/\\\/candas365.es\\\/noticias\\\/author\\\/admin\\\/#author\"},\"creator\":{\"@id\":\"https:\\\/\\\/candas365.es\\\/noticias\\\/author\\\/admin\\\/#author\"},\"image\":{\"@type\":\"ImageObject\",\"url\":\"https:\\\/\\\/candas365.es\\\/noticias\\\/wp-content\\\/uploads\\\/2026\\\/09\\\/Polemica-en-la-Oktoberfest-de-Munich-2026.jpg\",\"@id\":\"https:\\\/\\\/candas365.es\\\/noticias\\\/polemica-en-la-oktoberfest-de-munich-2026\\\/#mainImage\",\"width\":1223,\"height\":840,\"caption\":\"Foto: Sven Hoppe\\\/dpa\"},\"primaryImageOfPage\":{\"@id\":\"https:\\\/\\\/candas365.es\\\/noticias\\\/polemica-en-la-oktoberfest-de-munich-2026\\\/#mainImage\"},\"datePublished\":\"2026-09-04T17:49:46+02:00\",\"dateModified\":\"2026-09-04T17:49:46+02:00\"},{\"@type\":\"WebSite\",\"@id\":\"https:\\\/\\\/candas365.es\\\/noticias\\\/#website\",\"url\":\"https:\\\/\\\/candas365.es\\\/noticias\\\/\",\"name\":\"Cand\\u00e1s 365\",\"alternateName\":\"Cand\\u00e1s 365 Noticias\",\"description\":\"Actualidad desde Carre\\u00f1o para el mundo\",\"inLanguage\":\"es-ES\",\"publisher\":{\"@id\":\"https:\\\/\\\/candas365.es\\\/noticias\\\/#organization\"}}]}\n\t\t<\/script>\n\t\t<!-- All in One SEO Pro -->\r\n\t\t<title>Polemica en la Oktoberfest de M\u00fanich 2026 | Cand\u00e1s 365<\/title>\n\n","aioseo_head_json":{"title":"Polemica en la Oktoberfest de M\u00fanich 2026 | Cand\u00e1s 365","description":"M\u00fanich, 4 sep (dpa) - Una parte de los feriantes de la Oktoberfest pretende boicotear el tradicional desfile por la Fiesta de la Cerveza de M\u00fanich","canonical_url":"https:\/\/candas365.es\/noticias\/polemica-en-la-oktoberfest-de-munich-2026\/","robots":"max-image-preview:large","keywords":"internacional","webmasterTools":{"google-site-verification":"UA-32230408-1","msvalidate.01":"354F3CDFB2DA171B47FBE9ABF1F88D5","miscellaneous":""},"schema":{"@context":"https:\/\/schema.org","@graph":[{"@type":"BreadcrumbList","@id":"https:\/\/candas365.es\/noticias\/polemica-en-la-oktoberfest-de-munich-2026\/#breadcrumblist","itemListElement":[{"@type":"ListItem","@id":"https:\/\/candas365.es\/noticias#listItem","position":1,"name":"Home","item":"https:\/\/candas365.es\/noticias","nextItem":{"@type":"ListItem","@id":"https:\/\/candas365.es\/noticias\/category\/internacional\/#listItem","name":"Internacional"}},{"@type":"ListItem","@id":"https:\/\/candas365.es\/noticias\/category\/internacional\/#listItem","position":2,"name":"Internacional","item":"https:\/\/candas365.es\/noticias\/category\/internacional\/","nextItem":{"@type":"ListItem","@id":"https:\/\/candas365.es\/noticias\/polemica-en-la-oktoberfest-de-munich-2026\/#listItem","name":"Polemica en la Oktoberfest de M\u00fanich 2026"},"previousItem":{"@type":"ListItem","@id":"https:\/\/candas365.es\/noticias#listItem","name":"Home"}},{"@type":"ListItem","@id":"https:\/\/candas365.es\/noticias\/polemica-en-la-oktoberfest-de-munich-2026\/#listItem","position":3,"name":"Polemica en la Oktoberfest de M\u00fanich 2026","previousItem":{"@type":"ListItem","@id":"https:\/\/candas365.es\/noticias\/category\/internacional\/#listItem","name":"Internacional"}}]},{"@type":"NewsArticle","@id":"https:\/\/candas365.es\/noticias\/polemica-en-la-oktoberfest-de-munich-2026\/#newsarticle","name":"Polemica en la Oktoberfest de M\u00fanich 2026 | Cand\u00e1s 365","headline":"Polemica en la Oktoberfest de M\u00fanich 2026","author":{"@id":"https:\/\/candas365.es\/noticias\/author\/admin\/#author"},"publisher":{"@id":"https:\/\/candas365.es\/noticias\/#organization"},"image":{"@type":"ImageObject","url":"https:\/\/candas365.es\/noticias\/wp-content\/uploads\/2026\/09\/Polemica-en-la-Oktoberfest-de-Munich-2026.jpg","width":1223,"height":840,"caption":"Foto: Sven Hoppe\/dpa"},"datePublished":"2026-09-04T17:49:46+02:00","dateModified":"2026-09-04T17:49:46+02:00","inLanguage":"es-ES","mainEntityOfPage":{"@id":"https:\/\/candas365.es\/noticias\/polemica-en-la-oktoberfest-de-munich-2026\/#webpage"},"isPartOf":{"@id":"https:\/\/candas365.es\/noticias\/polemica-en-la-oktoberfest-de-munich-2026\/#webpage"},"articleSection":"Internacional, Alemania, Internacional","dateline":"Publicado el septiembre 4, 2026."},{"@type":"Organization","@id":"https:\/\/candas365.es\/noticias\/#organization","name":"Cand\u00e1s 365","description":"Cand\u00e1s 365 es un diario digital independiente, fundado en 2012, con base en Asturias. Informamos con rigor sobre actualidad, sociedad, cultura y ocio, con una mirada local y global.","url":"https:\/\/candas365.es\/noticias\/","email":"info@candas365.es","telephone":"+34652131393","foundingDate":"2012-06-10","logo":{"@type":"ImageObject","url":"https:\/\/candas365.es\/noticias\/wp-content\/uploads\/2024\/09\/Candas-365-Redes.jpg","@id":"https:\/\/candas365.es\/noticias\/polemica-en-la-oktoberfest-de-munich-2026\/#organizationLogo","width":1152,"height":864,"caption":"Cand\u00e1s 365 Redes"},"image":{"@id":"https:\/\/candas365.es\/noticias\/polemica-en-la-oktoberfest-de-munich-2026\/#organizationLogo"},"sameAs":["https:\/\/www.facebook.com\/Nachofdezber","https:\/\/x.com\/candas365","https:\/\/www.instagram.com\/nachofdezber\/","https:\/\/www.youtube.com\/channel\/UCZP-2wLEB9Rv6erhFmqVnvg"],"address":{"@id":"https:\/\/candas365.es\/noticias\/#postaladdress","@type":"PostalAddress","streetAddress":"san antonio 4, san antonio 4","postalCode":"33430","addressLocality":"Cand\u00e1s","addressRegion":"Asturias","addressCountry":"ES"}},{"@type":"Person","@id":"https:\/\/candas365.es\/noticias\/author\/admin\/#author","url":"https:\/\/candas365.es\/noticias\/author\/admin\/","name":"Cand\u00e1s 365","image":{"@type":"ImageObject","@id":"https:\/\/candas365.es\/noticias\/polemica-en-la-oktoberfest-de-munich-2026\/#authorImage","url":"https:\/\/candas365.es\/noticias\/wp-content\/uploads\/2026\/07\/cropped-eyevuvEl_400x400-96x96.jpg","width":96,"height":96,"caption":"Cand\u00e1s 365"},"sameAs":["https:\/\/www.facebook.com\/Nachofdezber","https:\/\/x.com\/candas365","https:\/\/www.instagram.com\/nachofdezber\/","https:\/\/www.youtube.com\/channel\/UCZP-2wLEB9Rv6erhFmqVnvg"]},{"@type":"WebPage","@id":"https:\/\/candas365.es\/noticias\/polemica-en-la-oktoberfest-de-munich-2026\/#webpage","url":"https:\/\/candas365.es\/noticias\/polemica-en-la-oktoberfest-de-munich-2026\/","name":"Polemica en la Oktoberfest de M\u00fanich 2026 | Cand\u00e1s 365","description":"M\u00fanich, 4 sep (dpa) - Una parte de los feriantes de la Oktoberfest pretende boicotear el tradicional desfile por la Fiesta de la Cerveza de M\u00fanich","inLanguage":"es-ES","isPartOf":{"@id":"https:\/\/candas365.es\/noticias\/#website"},"breadcrumb":{"@id":"https:\/\/candas365.es\/noticias\/polemica-en-la-oktoberfest-de-munich-2026\/#breadcrumblist"},"author":{"@id":"https:\/\/candas365.es\/noticias\/author\/admin\/#author"},"creator":{"@id":"https:\/\/candas365.es\/noticias\/author\/admin\/#author"},"image":{"@type":"ImageObject","url":"https:\/\/candas365.es\/noticias\/wp-content\/uploads\/2026\/09\/Polemica-en-la-Oktoberfest-de-Munich-2026.jpg","@id":"https:\/\/candas365.es\/noticias\/polemica-en-la-oktoberfest-de-munich-2026\/#mainImage","width":1223,"height":840,"caption":"Foto: Sven Hoppe\/dpa"},"primaryImageOfPage":{"@id":"https:\/\/candas365.es\/noticias\/polemica-en-la-oktoberfest-de-munich-2026\/#mainImage"},"datePublished":"2026-09-04T17:49:46+02:00","dateModified":"2026-09-04T17:49:46+02:00"},{"@type":"WebSite","@id":"https:\/\/candas365.es\/noticias\/#website","url":"https:\/\/candas365.es\/noticias\/","name":"Cand\u00e1s 365","alternateName":"Cand\u00e1s 365 Noticias","description":"Actualidad desde Carre\u00f1o para el mundo","inLanguage":"es-ES","publisher":{"@id":"https:\/\/candas365.es\/noticias\/#organization"}}]},"og:locale":"es_ES","og:site_name":"Cand\u00e1s 365","og:type":"article","og:title":"Polemica en la Oktoberfest de M\u00fanich 2026 \u2013 Cand\u00e1s 365","og:description":"M\u00fanich, 4 sep (dpa) - Una parte de los feriantes de la Oktoberfest pretende boicotear el tradicional desfile por la Fiesta de la Cerveza de M\u00fanich","og:url":"https:\/\/candas365.es\/noticias\/polemica-en-la-oktoberfest-de-munich-2026\/","og:image":"https:\/\/candas365.es\/noticias\/wp-content\/uploads\/2026\/09\/Polemica-en-la-Oktoberfest-de-Munich-2026.jpg","og:image:secure_url":"https:\/\/candas365.es\/noticias\/wp-content\/uploads\/2026\/09\/Polemica-en-la-Oktoberfest-de-Munich-2026.jpg","og:image:width":1223,"og:image:height":840,"article:published_time":"2026-09-04T15:49:46+00:00","article:modified_time":"2026-09-04T15:49:46+00:00","article:publisher":"https:\/\/www.facebook.com\/Nachofdezber","article:author":"https:\/\/www.facebook.com\/Nachofdezber","twitter:card":"summary_large_image","twitter:site":"@candas365","twitter:title":"Polemica en la Oktoberfest de M\u00fanich 2026 \u2013 Cand\u00e1s 365","twitter:description":"M\u00fanich, 4 sep (dpa) - Una parte de los feriantes de la Oktoberfest pretende boicotear el tradicional desfile por la Fiesta de la Cerveza de M\u00fanich","twitter:creator":"@candas365","twitter:image":"https:\/\/candas365.es\/noticias\/wp-content\/uploads\/2026\/09\/Polemica-en-la-Oktoberfest-de-Munich-2026.jpg","twitter:label1":"Escrito por","twitter:data1":"Cand\u00e1s 365","twitter:label2":"Tiempo de lectura estimado","twitter:data2":"2 minutos"},"aioseo_meta_data":{"post_id":"198006","title":null,"description":"M\u00fanich, 4 sep (dpa) - Una parte de los feriantes de la Oktoberfest pretende boicotear el tradicional desfile por la Fiesta de la Cerveza de M\u00fanich","keywords":null,"keyphrases":{"focus":{"keyphrase":"Oktoberfest de M\u00fanich","score":0,"analysis":[]},"additional":[]},"primary_term":null,"canonical_url":null,"og_title":"#post_title #separator_sa #site_title","og_description":"M\u00fanich, 4 sep (dpa) - Una parte de los feriantes de la Oktoberfest pretende boicotear el tradicional desfile por la Fiesta de la Cerveza de M\u00fanich","og_object_type":"default","og_image_type":"default","og_image_url":null,"og_image_width":null,"og_image_height":null,"og_image_custom_url":null,"og_image_custom_fields":null,"og_video":"","og_custom_url":null,"og_article_section":null,"og_article_tags":null,"twitter_use_og":true,"twitter_card":"default","twitter_image_type":"default","twitter_image_url":null,"twitter_image_custom_url":null,"twitter_image_custom_fields":null,"twitter_title":null,"twitter_description":null,"schema":{"blockGraphs":[],"customGraphs":[],"default":{"data":{"Article":[],"Course":[],"Dataset":[],"FAQPage":[],"Movie":[],"Person":[],"Product":[],"ProductReview":[],"Car":[],"Recipe":[],"Service":[],"SoftwareApplication":[],"WebPage":[]},"graphName":"NewsArticle","isEnabled":true},"graphs":[]},"schema_type":"default","schema_type_options":null,"pillar_content":false,"robots_default":true,"robots_noindex":false,"robots_noarchive":false,"robots_nosnippet":false,"robots_nofollow":false,"robots_noimageindex":false,"robots_noodp":false,"robots_notranslate":false,"robots_max_snippet":"-1","robots_max_videopreview":"-1","robots_max_imagepreview":"large","priority":null,"frequency":"default","location":null,"local_seo":null,"seo_analyzer_scan_date":"2026-09-04 15:50:00","breadcrumb_settings":null,"limit_modified_date":false,"reviewed_by":"0","open_ai":null,"ai":{"faqs":[],"keyPoints":[],"schemas":[],"titles":[],"descriptions":[],"socialPosts":{"email":{"subject":"","preview":"","content":""},"linkedin":[],"twitter":[],"facebook":[],"instagram":[]}},"created":"2026-09-04 15:41:01","updated":"2026-09-04 16:13:08","focus_keyword":"Oktoberfest de M\u00fanich","additional_keywords":null,"truseo_locale":null},"aioseo_breadcrumb":"<div class=\"aioseo-breadcrumbs\"><span class=\"aioseo-breadcrumb\">\n\t<a href=\"https:\/\/candas365.es\/noticias\" title=\"Home\">Home<\/a>\n<\/span><span class=\"aioseo-breadcrumb-separator\">&ndash;<\/span><span class=\"aioseo-breadcrumb\">\n\t<a href=\"https:\/\/candas365.es\/noticias\/category\/internacional\/\" title=\"Internacional\">Internacional<\/a>\n<\/span><span class=\"aioseo-breadcrumb-separator\">&ndash;<\/span><span class=\"aioseo-breadcrumb\">\n\tPolemica en la Oktoberfest de M\u00fanich 2026\n<\/span><\/div>","aioseo_breadcrumb_json":[{"label":"Home","link":"https:\/\/candas365.es\/noticias"},{"label":"Internacional","link":"https:\/\/candas365.es\/noticias\/category\/internacional\/"},{"label":"Polemica en la Oktoberfest de M\u00fanich 2026","link":"https:\/\/candas365.es\/noticias\/polemica-en-la-oktoberfest-de-munich-2026\/"}],"_links":{"self":[{"href":"https:\/\/candas365.es\/noticias\/wp-json\/wp\/v2\/posts\/198006","targetHints":{"allow":["GET"]}}],"collection":[{"href":"https:\/\/candas365.es\/noticias\/wp-json\/wp\/v2\/posts"}],"about":[{"href":"https:\/\/candas365.es\/noticias\/wp-json\/wp\/v2\/types\/post"}],"author":[{"embeddable":true,"href":"https:\/\/candas365.es\/noticias\/wp-json\/wp\/v2\/users\/1"}],"replies":[{"embeddable":true,"href":"https:\/\/candas365.es\/noticias\/wp-json\/wp\/v2\/comments?post=198006"}],"version-history":[{"count":1,"href":"https:\/\/candas365.es\/noticias\/wp-json\/wp\/v2\/posts\/198006\/revisions"}],"predecessor-version":[{"id":198008,"href":"https:\/\/candas365.es\/noticias\/wp-json\/wp\/v2\/posts\/198006\/revisions\/198008"}],"wp:featuredmedia":[{"embeddable":true,"href":"https:\/\/candas365.es\/noticias\/wp-json\/wp\/v2\/media\/198007"}],"wp:attachment":[{"href":"https:\/\/candas365.es\/noticias\/wp-json\/wp\/v2\/media?parent=198006"}],"wp:term":[{"taxonomy":"category","embeddable":true,"href":"https:\/\/candas365.es\/noticias\/wp-json\/wp\/v2\/categories?post=198006"},{"taxonomy":"post_tag","embeddable":true,"href":"https:\/\/candas365.es\/noticias\/wp-json\/wp\/v2\/tags?post=198006"}],"curies":[{"name":"wp","href":"https:\/\/api.w.org\/{rel}","templated":true}]}}