{"id":198003,"date":"2026-09-04T16:10:21","date_gmt":"2026-09-04T14:10:21","guid":{"rendered":"https:\/\/candas365.es\/noticias\/?p=198003"},"modified":"2026-09-04T16:10:21","modified_gmt":"2026-09-04T14:10:21","slug":"la-princesa-leonor-comenzara-su-etapa-universitaria","status":"publish","type":"post","link":"https:\/\/candas365.es\/noticias\/la-princesa-leonor-comenzara-su-etapa-universitaria\/","title":{"rendered":"La princesa Leonor comenzar\u00e1 su etapa universitaria"},"content":{"rendered":"<p>La <a href=\"https:\/\/candas365.es\/noticias\/category\/actualidad\/\"><span style=\"color: #ff6600;\"><strong>princesa Leonor<\/strong><\/span><\/a> comenzar\u00e1 su etapa universitaria en la Universidad Carlos III de Madrid, donde cursar\u00e1 el grado de Ciencias Pol\u00edticas tras su paso por los tres ej\u00e9rcitos. Una experiencia que espera con \u00abganas\u00bb despu\u00e9s de tres a\u00f1os de formaci\u00f3n castrense que la han transformado, tal y como manifest\u00f3 antes del verano al asegurar que ya no es \u00abla misma persona que lleg\u00f3 a Zaragoza a mediados de agosto de 2023\u00bb.<\/p>\n<figure id=\"attachment_198004\" aria-describedby=\"caption-attachment-198004\" style=\"width: 650px\" class=\"wp-caption aligncenter\"><img fetchpriority=\"high\" decoding=\"async\" class=\"size-large wp-image-198004\" src=\"https:\/\/candas365.es\/noticias\/wp-content\/uploads\/2026\/09\/La-princesa-Leonor-comenzara-su-etapa-universitaria-650x423.jpg\" alt=\"La princesa Leonor comenzar\u00e1 su etapa universitaria\" width=\"650\" height=\"423\" srcset=\"https:\/\/candas365.es\/noticias\/wp-content\/uploads\/2026\/09\/La-princesa-Leonor-comenzara-su-etapa-universitaria-650x423.jpg 650w, https:\/\/candas365.es\/noticias\/wp-content\/uploads\/2026\/09\/La-princesa-Leonor-comenzara-su-etapa-universitaria-360x234.jpg 360w, https:\/\/candas365.es\/noticias\/wp-content\/uploads\/2026\/09\/La-princesa-Leonor-comenzara-su-etapa-universitaria-768x500.jpg 768w, https:\/\/candas365.es\/noticias\/wp-content\/uploads\/2026\/09\/La-princesa-Leonor-comenzara-su-etapa-universitaria-150x98.jpg 150w, https:\/\/candas365.es\/noticias\/wp-content\/uploads\/2026\/09\/La-princesa-Leonor-comenzara-su-etapa-universitaria-450x293.jpg 450w, https:\/\/candas365.es\/noticias\/wp-content\/uploads\/2026\/09\/La-princesa-Leonor-comenzara-su-etapa-universitaria-1200x781.jpg 1200w, https:\/\/candas365.es\/noticias\/wp-content\/uploads\/2026\/09\/La-princesa-Leonor-comenzara-su-etapa-universitaria.jpg 1258w\" sizes=\"(max-width: 650px) 100vw, 650px\" \/><figcaption id=\"caption-attachment-198004\" class=\"wp-caption-text\">La Princesa de Asturias y Girona durante su visita al conjunto arqueol\u00f3gico de Emp\u00faries | Foto de Fundaci\u00f3n Princesa de Girona<\/figcaption><\/figure>\n<p>Lo dijo en junio durante la ceremonia de entrega de la medalla de oro de la Regi\u00f3n de Murcia en el Palacio de San Esteban, sede de la presidencia auton\u00f3mica, en uno de sus \u00faltimos actos antes de abandonar la Academia General del Aire (AGA) en San Javier, donde aprendi\u00f3 a pilotar. En aquel discurso, la Princesa de Asturias afirm\u00f3 que esperaba con \u00abganas y con la intenci\u00f3n de avanzar m\u00e1s\u00bb en su preparaci\u00f3n la etapa universitaria que ahora comienza.<\/p>\n<p>El lunes la heredera cambiar\u00e1 los uniformes por las aulas en el Campus de Getafe de la UC3M, centro elegido para cursar el Grado de Ciencias Pol\u00edticas. La Universidad ya trasmiti\u00f3 \u00abla m\u00e1s afectuosa bienvenida\u00bb a la princesa Leonor tras el anuncio realizado por la Casa del Rey y puso en valor, en un comunicado, su satisfacci\u00f3n porque la hija mayor de los Reyes optara por formarse en un centro de \u00abp\u00fablico\u00bb de \u00abcar\u00e1cter innovador\u00bb.<\/p>\n<p>Fue en abril cuando el Palacio de la Zarzuela hizo p\u00fablico que la princesa hab\u00eda \u00absuperado satisfactoriamente el proceso de selecci\u00f3n\u00bb de la UC3M para cursar Ciencias Pol\u00edticas, un grado que tiene como objetivo \u201cformar especialistas y profesionales preparados para comprender y analizar la pol\u00edtica en toda su complejidad, con rigor y profundidad\u201d, seg\u00fan consta en la p\u00e1gina web de la Universidad.<\/p>\n<p>El programa acad\u00e9mico que desde el lunes 7 de septiembre iniciar\u00e1 Leonor de Borb\u00f3n y Ortiz tiene una duraci\u00f3n de cuatro a\u00f1os e incluye, entre otras, materias relacionadas con la Ciencia Pol\u00edtica, las Humanidades, el Derecho, la Econom\u00eda, la Sociolog\u00eda, la Historia y las Relaciones Internacionales.<\/p>\n<p>La elecci\u00f3n de la carrera universitaria y el centro seleccionado para que la Princesa contin\u00fae con su formaci\u00f3n, tras su paso por los tres ej\u00e9rcitos, la tom\u00f3 la propia Leonor de acuerdo con los Reyes a principios del mes de abril. Y en la consideraci\u00f3n de este Grado de Ciencias Pol\u00edticas se tuvo en cuenta el completo programa que ofrece la Universidad, una de las m\u00e1s prestigiosas de Madrid, aunque es previsible que la Princesa de Asturias complete estos estudios con clases espec\u00edficas en materias como Derecho Constitucional y finanzas y econom\u00eda, como tambi\u00e9n ocurri\u00f3 con su padre.<\/p>\n<p>La Princesa cursar\u00e1 as\u00ed este grado homologado junto a los m\u00e1s de 24.600 alumnos que se forman actualmente en la UC3M, de los cuales el 20% son estudiantes internacionales y el mismo porcentaje son alumnos que estudian con becas del Ministerio de Educaci\u00f3n, de la Comunidad de Madrid o de alguno de los programas propios de la UC3M.<\/p>\n<p>Do\u00f1a Leonor compatibilizar\u00e1 este periodo de su educaci\u00f3n superior, de acuerdo con el correspondiente calendario universitario, con sus compromisos institucionales como heredera de la Corona, al igual que ha hecho durante el periodo del bachillerato y los tres a\u00f1os en las academias militares. Tendr\u00e1 as\u00ed que enfrentarse a los ex\u00e1menes cuando lo hagan el resto de los alumnos, no habr\u00e1 excepciones para ella en su formaci\u00f3n en la universidad p\u00fablica madrile\u00f1a y su agenda institucional seguir\u00e1 siendo muy limitada a fin de que pueda continuar centrada en su formaci\u00f3n.<\/p>\n<div class=\"srvm-nw__body\">\n<h1>UN BUEN EXPEDIENTE<\/h1>\n<p>Al haber cursado sus estudios de Bachillerato en el extranjero, y no haber realizado la prueba de acceso a la universidad (EBAU), la solicitud de la princesa Leonor se enmarca en lo que la Universidad Carlos III denomina \u2018early admission\u2019. Un procedimiento de admisi\u00f3n anticipada, propio de la UC3M, para estudiantes internacionales y por el que acceden a la universidad madrile\u00f1a cada a\u00f1o en torno a 300 alumnos.<\/p>\n<p>Seg\u00fan consta en la web del centro, esta v\u00eda de acceso est\u00e1 abierta a los alumnos que tengan \u201cun buen expediente\u201d. \u201cUna comisi\u00f3n nombrada por el Rector resolver\u00e1 la Admisi\u00f3n. Se valorar\u00e1 la nota media del expediente acad\u00e9mico y las calificaciones en las asignaturas consideradas afines a los contenidos del Grado solicitado\u201d.<\/p>\n<p>Una condici\u00f3n que la Princesa cumpli\u00f3, ya que su expediente en el Bachillerato Internacional cursado en el UWC Atlantic College de Gales era \u201cmuy bueno\u201d, como \u201cbrillantes\u201d han sido sus calificaciones en el Ej\u00e9rcito.<\/p>\n<h1>INQUIETUD POR LOS PROBLEMAS POL\u00cdTICOS<\/h1>\n<p>La UC3M destaca en su p\u00e1gina web que su alumnado ha obtenido la nota de admisi\u00f3n m\u00e1s elevada de las universidades madrile\u00f1as en el 79% de los programas de grado que imparte y se sit\u00faa en el Top 5 de las mejores universidades espa\u00f1olas por el n\u00famero global de indicadores de alto rendimiento, seg\u00fan el Ranking CYD 2025.<\/p>\n<p>A nivel internacional, en 2025 ocup\u00f3 el puesto 285 del prestigioso ranking QS World University y en 2024 se situ\u00f3 en la posici\u00f3n 24 mundial por su compromiso con la paz y la justicia entre las 2.000 instituciones que eval\u00faa THE Impact Rankings 2024.<\/p>\n<p>La Princesa comenzar\u00e1 as\u00ed sus estudios universitarios en una instituci\u00f3n p\u00fablica con orientaci\u00f3n internacional y joven, se cre\u00f3 en 1989, y cuyo primer rector fue Gregorio Peces-Barba, uno de los siete \u2018padres\u2019 de la Constituci\u00f3n de 1978.<\/p>\n<p>Seg\u00fan consta en la p\u00e1gina web de la UC3M, la titulaci\u00f3n que cursar\u00e1 la Princesa de Asturias est\u00e1 enfocada hacia \u201cel acceso a la administraci\u00f3n p\u00fablica y el an\u00e1lisis pol\u00edtico como salidas profesionales, con especial atenci\u00f3n a las nuevas demandas relacionadas con la gesti\u00f3n de calidad, la consultor\u00eda externa o la evaluaci\u00f3n de programas p\u00fablicos. No obstante, tambi\u00e9n est\u00e1 encontrando salidas profesionales dentro de las ONGs, fundaciones y entidades de cooperaci\u00f3n internacional\u201d.<\/p>\n<p>En las aulas de la Carlos III, la princesa Leonor estudiar\u00e1 Pol\u00edtica Mundial, Sociolog\u00eda, Derecho e Historia Pol\u00edtica y Social, entre otras materias.<\/p>\n<p>Seg\u00fan el v\u00eddeo de presentaci\u00f3n del Grado, esta formaci\u00f3n est\u00e1 dirigida a quienes tienen inquietud por \u201centender los problemas pol\u00edticos y sociales de nuestro tiempo y ser parte de la respuesta\u201d. Entre el profesorado de Ciencias Pol\u00edticas destacan algunos rostros como el de Pablo Sim\u00f3n, analista habitual de varias tertulias televisivas, y que sale en ese mismo v\u00eddeo.<\/p>\n<p>Uno de los aspectos que tendr\u00e1 que gestionar en los pr\u00f3ximos meses la princesa Leonor ser\u00e1 su adaptaci\u00f3n a la vida universitaria, despu\u00e9s de cursar el bachillerato en un centro en el extranjero y formarse en un ambiente militar, la heredera de la Corona espa\u00f1ola convivir\u00e1 con miles de estudiantes entre los que despertar\u00e1, sin lugar a duda, gran expectaci\u00f3n.<\/p>\n<div class=\"srvm-nw__img\">\n<h2 class=\"srvm-nw__img-footer\"><span style=\"font-size: 14px;\">FORMACI\u00d3N MILITAR \u2018AD HOC\u2019<\/span><\/h2>\n<\/div>\n<p>La formaci\u00f3n universitaria de la princesa Leonor ser\u00e1 igual a la del resto de los egresados de Ciencias Pol\u00edticas de la Carlos III. No se ha programado para ella un plan de estudios espec\u00edfico, al contrario de lo que ha ocurrido con su formaci\u00f3n militar.<\/p>\n<p>Al igual que su padre, la Princesa de Asturias realiz\u00f3 su formaci\u00f3n castrense en los tres ej\u00e9rcitos. El primer curso se form\u00f3 en la Academia General Militar de Zaragoza y en julio de 2025 concluy\u00f3 su instrucci\u00f3n como guardiamarina de la Armada a bordo del buque-escuela &#8216;Juan Sebasti\u00e1n Elcano&#8217;.<\/p>\n<p>La \u00faltima etapa de su formaci\u00f3n militar en el Ej\u00e9rcito del Aire y del Espacio, en la Academia General del Aire de San Javier (Murcia), super\u00f3 uno de los hitos m\u00e1s complejos: aprender a pilotar un avi\u00f3n. Su primer vuelo en solitario tuvo lugar el 18 de diciembre y para lograrlo la Princesa recibi\u00f3 una formaci\u00f3n intensiva para adquirir los conocimientos aeron\u00e1uticos y del modelo de avi\u00f3n en el que se instruye y vuela (Pilatus PC-21 (E.27)). Una formaci\u00f3n en la que particip\u00f3 la capit\u00e1n Elena Guti\u00e9rrez, la primera mujer del Ej\u00e9rcito en pilotar un Eurofighter en solitario.<\/p>\n<p>Adem\u00e1s, durante el \u00faltimo curso realiz\u00f3 una formaci\u00f3n de paracaidista con la que no cuenta su padre, el Rey, ni tampoco su abuelo Juan Carlos I.<\/p>\n<p>La realizaci\u00f3n de la formaci\u00f3n militar conllevar\u00e1 la concesi\u00f3n a la Princesa de Asturias de los empleos de Teniente del Cuerpo General del Ej\u00e9rcito de Tierra, especialidad fundamental Infanter\u00eda, Alf\u00e9rez de Nav\u00edo del Cuerpo General de la Armada y Teniente del Cuerpo General del Ej\u00e9rcito del Aire y del Espacio, empleos que son los primeros de las respectivas escalas de oficiales.<\/p>\n<p>Tras su paso por los tres ej\u00e9rcitos, la princesa Leonor no es \u00abla misma persona que lleg\u00f3 a Zaragoza a mediados de agosto de 2023\u00bb. Lo dijo ella misma en junio, durante el acto de entrega de la medalla de oro de la Regi\u00f3n de Murcia en el Palacio de San Esteban, sede de la presidencia auton\u00f3mica. En ese mismo discurso, la princesa de Asturias afirm\u00f3 que espera con \u00abganas\u00bb la nueva etapa que iniciar\u00e1 este lunes como alumna del Grado de Ciencias Pol\u00edticas de la Universidad Carlos III de Madrid.<\/p>\n<\/div>\n<div id=\"end-scroll\" class=\"srvm-nw__code\">\n<p>(<a href=\"https:\/\/www.servimedia.es\/\" target=\"_blank\" rel=\"noopener\"><span style=\"color: #ff6600;\"><strong>SERVIMEDIA<\/strong><\/span><\/a>)<\/p>\n<\/div>\n","protected":false},"excerpt":{"rendered":"<p>La princesa Leonor comenzar\u00e1 su etapa universitaria en la Universidad Carlos III de Madrid, donde cursar\u00e1 el grado de Ciencias Pol\u00edticas tras su paso por los tres ej\u00e9rcitos. Una experiencia que espera con \u00abganas\u00bb despu\u00e9s de tres a\u00f1os de formaci\u00f3n castrense que la han transformado, tal y como manifest\u00f3 antes del verano al asegurar que<\/p>\n","protected":false},"author":1,"featured_media":198004,"comment_status":"closed","ping_status":"closed","sticky":false,"template":"","format":"standard","meta":{"footnotes":""},"categories":[343],"tags":[419,466],"class_list":["post-198003","post","type-post","status-publish","format-standard","has-post-thumbnail","category-actualidad","tag-educacion","tag-espana"],"aioseo_notices":[],"aioseo_head":"\n\t\t<!-- All in One SEO Pro 5.0.1.1 - aioseo.com -->\n\t<meta name=\"description\" content=\"La princesa Leonor comenzar\u00e1 su etapa universitaria en la Universidad Carlos III de Madrid, donde cursar\u00e1 el grado de Ciencias Pol\u00edticas tras su paso\" \/>\n\t<meta name=\"robots\" content=\"max-image-preview:large\" \/>\n\t<meta name=\"author\" content=\"Cand\u00e1s 365\"\/>\n\t<meta name=\"google-site-verification\" content=\"UA-32230408-1\" \/>\n\t<meta name=\"msvalidate.01\" content=\"354F3CDFB2DA171B47FBE9ABF1F88D5\" \/>\n\t<meta name=\"keywords\" content=\"actualidad\" \/>\n\t<link rel=\"canonical\" href=\"https:\/\/candas365.es\/noticias\/la-princesa-leonor-comenzara-su-etapa-universitaria\/\" \/>\n\t<meta name=\"generator\" content=\"All in One SEO Pro (AIOSEO) 5.0.1.1\" \/>\n\t\t<meta property=\"og:locale\" content=\"es_ES\" \/>\n\t\t<meta property=\"og:site_name\" content=\"Cand\u00e1s 365\" \/>\n\t\t<meta property=\"og:type\" content=\"article\" \/>\n\t\t<meta property=\"og:title\" content=\"La princesa Leonor comenzar\u00e1 su etapa universitaria \u2013 Cand\u00e1s 365\" \/>\n\t\t<meta property=\"og:description\" content=\"La princesa Leonor comenzar\u00e1 su etapa universitaria en la Universidad Carlos III de Madrid, donde cursar\u00e1 el grado de Ciencias Pol\u00edticas tras su paso\" \/>\n\t\t<meta property=\"og:url\" content=\"https:\/\/candas365.es\/noticias\/la-princesa-leonor-comenzara-su-etapa-universitaria\/\" \/>\n\t\t<meta property=\"og:image\" content=\"https:\/\/candas365.es\/noticias\/wp-content\/uploads\/2026\/09\/La-princesa-Leonor-comenzara-su-etapa-universitaria.jpg\" \/>\n\t\t<meta property=\"og:image:secure_url\" content=\"https:\/\/candas365.es\/noticias\/wp-content\/uploads\/2026\/09\/La-princesa-Leonor-comenzara-su-etapa-universitaria.jpg\" \/>\n\t\t<meta property=\"og:image:width\" content=\"1258\" \/>\n\t\t<meta property=\"og:image:height\" content=\"819\" \/>\n\t\t<meta property=\"article:published_time\" content=\"2026-09-04T14:10:21+00:00\" \/>\n\t\t<meta property=\"article:modified_time\" content=\"2026-09-04T14:10:21+00:00\" \/>\n\t\t<meta property=\"article:publisher\" content=\"https:\/\/www.facebook.com\/Nachofdezber\" \/>\n\t\t<meta property=\"article:author\" content=\"https:\/\/www.facebook.com\/Nachofdezber\" \/>\n\t\t<meta name=\"twitter:card\" content=\"summary_large_image\" \/>\n\t\t<meta name=\"twitter:site\" content=\"@candas365\" \/>\n\t\t<meta name=\"twitter:title\" content=\"La princesa Leonor comenzar\u00e1 su etapa universitaria \u2013 Cand\u00e1s 365\" \/>\n\t\t<meta name=\"twitter:description\" content=\"La princesa Leonor comenzar\u00e1 su etapa universitaria en la Universidad Carlos III de Madrid, donde cursar\u00e1 el grado de Ciencias Pol\u00edticas tras su paso\" \/>\n\t\t<meta name=\"twitter:creator\" content=\"@candas365\" \/>\n\t\t<meta name=\"twitter:image\" content=\"https:\/\/candas365.es\/noticias\/wp-content\/uploads\/2026\/09\/La-princesa-Leonor-comenzara-su-etapa-universitaria.jpg\" \/>\n\t\t<meta name=\"twitter:label1\" content=\"Escrito por\" \/>\n\t\t<meta name=\"twitter:data1\" content=\"Cand\u00e1s 365\" \/>\n\t\t<meta name=\"twitter:label2\" content=\"Tiempo de lectura estimado\" \/>\n\t\t<meta name=\"twitter:data2\" content=\"8 minutos\" \/>\n\t\t<script type=\"application\/ld+json\" class=\"aioseo-schema\">\n\t\t\t{\"@context\":\"https:\\\/\\\/schema.org\",\"@graph\":[{\"@type\":\"BreadcrumbList\",\"@id\":\"https:\\\/\\\/candas365.es\\\/noticias\\\/la-princesa-leonor-comenzara-su-etapa-universitaria\\\/#breadcrumblist\",\"itemListElement\":[{\"@type\":\"ListItem\",\"@id\":\"https:\\\/\\\/candas365.es\\\/noticias#listItem\",\"position\":1,\"name\":\"Home\",\"item\":\"https:\\\/\\\/candas365.es\\\/noticias\",\"nextItem\":{\"@type\":\"ListItem\",\"@id\":\"https:\\\/\\\/candas365.es\\\/noticias\\\/category\\\/actualidad\\\/#listItem\",\"name\":\"Actualidad\"}},{\"@type\":\"ListItem\",\"@id\":\"https:\\\/\\\/candas365.es\\\/noticias\\\/category\\\/actualidad\\\/#listItem\",\"position\":2,\"name\":\"Actualidad\",\"item\":\"https:\\\/\\\/candas365.es\\\/noticias\\\/category\\\/actualidad\\\/\",\"nextItem\":{\"@type\":\"ListItem\",\"@id\":\"https:\\\/\\\/candas365.es\\\/noticias\\\/la-princesa-leonor-comenzara-su-etapa-universitaria\\\/#listItem\",\"name\":\"La princesa Leonor comenzar\\u00e1 su etapa universitaria\"},\"previousItem\":{\"@type\":\"ListItem\",\"@id\":\"https:\\\/\\\/candas365.es\\\/noticias#listItem\",\"name\":\"Home\"}},{\"@type\":\"ListItem\",\"@id\":\"https:\\\/\\\/candas365.es\\\/noticias\\\/la-princesa-leonor-comenzara-su-etapa-universitaria\\\/#listItem\",\"position\":3,\"name\":\"La princesa Leonor comenzar\\u00e1 su etapa universitaria\",\"previousItem\":{\"@type\":\"ListItem\",\"@id\":\"https:\\\/\\\/candas365.es\\\/noticias\\\/category\\\/actualidad\\\/#listItem\",\"name\":\"Actualidad\"}}]},{\"@type\":\"NewsArticle\",\"@id\":\"https:\\\/\\\/candas365.es\\\/noticias\\\/la-princesa-leonor-comenzara-su-etapa-universitaria\\\/#newsarticle\",\"name\":\"La princesa Leonor comenzar\\u00e1 su etapa universitaria | Cand\\u00e1s 365\",\"headline\":\"La princesa Leonor comenzar\\u00e1 su etapa universitaria\",\"author\":{\"@id\":\"https:\\\/\\\/candas365.es\\\/noticias\\\/author\\\/admin\\\/#author\"},\"publisher\":{\"@id\":\"https:\\\/\\\/candas365.es\\\/noticias\\\/#organization\"},\"image\":{\"@type\":\"ImageObject\",\"url\":\"https:\\\/\\\/candas365.es\\\/noticias\\\/wp-content\\\/uploads\\\/2026\\\/09\\\/La-princesa-Leonor-comenzara-su-etapa-universitaria.jpg\",\"width\":1258,\"height\":819,\"caption\":\"La Princesa de Asturias y Girona durante su visita al conjunto arqueol\\u00f3gico de Emp\\u00faries | Foto de Fundaci\\u00f3n Princesa de Girona\"},\"datePublished\":\"2026-09-04T16:10:21+02:00\",\"dateModified\":\"2026-09-04T16:10:21+02:00\",\"inLanguage\":\"es-ES\",\"mainEntityOfPage\":{\"@id\":\"https:\\\/\\\/candas365.es\\\/noticias\\\/la-princesa-leonor-comenzara-su-etapa-universitaria\\\/#webpage\"},\"isPartOf\":{\"@id\":\"https:\\\/\\\/candas365.es\\\/noticias\\\/la-princesa-leonor-comenzara-su-etapa-universitaria\\\/#webpage\"},\"articleSection\":\"Actualidad, educaci\\u00f3n, Espa\\u00f1a\",\"dateline\":\"Publicado el septiembre 4, 2026.\"},{\"@type\":\"Organization\",\"@id\":\"https:\\\/\\\/candas365.es\\\/noticias\\\/#organization\",\"name\":\"Cand\\u00e1s 365\",\"description\":\"Cand\\u00e1s 365 es un diario digital independiente, fundado en 2012, con base en Asturias. Informamos con rigor sobre actualidad, sociedad, cultura y ocio, con una mirada local y global.\",\"url\":\"https:\\\/\\\/candas365.es\\\/noticias\\\/\",\"email\":\"info@candas365.es\",\"telephone\":\"+34652131393\",\"foundingDate\":\"2012-06-10\",\"logo\":{\"@type\":\"ImageObject\",\"url\":\"https:\\\/\\\/candas365.es\\\/noticias\\\/wp-content\\\/uploads\\\/2024\\\/09\\\/Candas-365-Redes.jpg\",\"@id\":\"https:\\\/\\\/candas365.es\\\/noticias\\\/la-princesa-leonor-comenzara-su-etapa-universitaria\\\/#organizationLogo\",\"width\":1152,\"height\":864,\"caption\":\"Cand\\u00e1s 365 Redes\"},\"image\":{\"@id\":\"https:\\\/\\\/candas365.es\\\/noticias\\\/la-princesa-leonor-comenzara-su-etapa-universitaria\\\/#organizationLogo\"},\"sameAs\":[\"https:\\\/\\\/www.facebook.com\\\/Nachofdezber\",\"https:\\\/\\\/x.com\\\/candas365\",\"https:\\\/\\\/www.instagram.com\\\/nachofdezber\\\/\",\"https:\\\/\\\/www.youtube.com\\\/channel\\\/UCZP-2wLEB9Rv6erhFmqVnvg\"],\"address\":{\"@id\":\"https:\\\/\\\/candas365.es\\\/noticias\\\/#postaladdress\",\"@type\":\"PostalAddress\",\"streetAddress\":\"san antonio 4, san antonio 4\",\"postalCode\":\"33430\",\"addressLocality\":\"Cand\\u00e1s\",\"addressRegion\":\"Asturias\",\"addressCountry\":\"ES\"}},{\"@type\":\"Person\",\"@id\":\"https:\\\/\\\/candas365.es\\\/noticias\\\/author\\\/admin\\\/#author\",\"url\":\"https:\\\/\\\/candas365.es\\\/noticias\\\/author\\\/admin\\\/\",\"name\":\"Cand\\u00e1s 365\",\"image\":{\"@type\":\"ImageObject\",\"@id\":\"https:\\\/\\\/candas365.es\\\/noticias\\\/la-princesa-leonor-comenzara-su-etapa-universitaria\\\/#authorImage\",\"url\":\"https:\\\/\\\/candas365.es\\\/noticias\\\/wp-content\\\/uploads\\\/2026\\\/07\\\/cropped-eyevuvEl_400x400-96x96.jpg\",\"width\":96,\"height\":96,\"caption\":\"Cand\\u00e1s 365\"},\"sameAs\":[\"https:\\\/\\\/www.facebook.com\\\/Nachofdezber\",\"https:\\\/\\\/x.com\\\/candas365\",\"https:\\\/\\\/www.instagram.com\\\/nachofdezber\\\/\",\"https:\\\/\\\/www.youtube.com\\\/channel\\\/UCZP-2wLEB9Rv6erhFmqVnvg\"]},{\"@type\":\"WebPage\",\"@id\":\"https:\\\/\\\/candas365.es\\\/noticias\\\/la-princesa-leonor-comenzara-su-etapa-universitaria\\\/#webpage\",\"url\":\"https:\\\/\\\/candas365.es\\\/noticias\\\/la-princesa-leonor-comenzara-su-etapa-universitaria\\\/\",\"name\":\"La princesa Leonor comenzar\\u00e1 su etapa universitaria | Cand\\u00e1s 365\",\"description\":\"La princesa Leonor comenzar\\u00e1 su etapa universitaria en la Universidad Carlos III de Madrid, donde cursar\\u00e1 el grado de Ciencias Pol\\u00edticas tras su paso\",\"inLanguage\":\"es-ES\",\"isPartOf\":{\"@id\":\"https:\\\/\\\/candas365.es\\\/noticias\\\/#website\"},\"breadcrumb\":{\"@id\":\"https:\\\/\\\/candas365.es\\\/noticias\\\/la-princesa-leonor-comenzara-su-etapa-universitaria\\\/#breadcrumblist\"},\"author\":{\"@id\":\"https:\\\/\\\/candas365.es\\\/noticias\\\/author\\\/admin\\\/#author\"},\"creator\":{\"@id\":\"https:\\\/\\\/candas365.es\\\/noticias\\\/author\\\/admin\\\/#author\"},\"image\":{\"@type\":\"ImageObject\",\"url\":\"https:\\\/\\\/candas365.es\\\/noticias\\\/wp-content\\\/uploads\\\/2026\\\/09\\\/La-princesa-Leonor-comenzara-su-etapa-universitaria.jpg\",\"@id\":\"https:\\\/\\\/candas365.es\\\/noticias\\\/la-princesa-leonor-comenzara-su-etapa-universitaria\\\/#mainImage\",\"width\":1258,\"height\":819,\"caption\":\"La Princesa de Asturias y Girona durante su visita al conjunto arqueol\\u00f3gico de Emp\\u00faries | Foto de Fundaci\\u00f3n Princesa de Girona\"},\"primaryImageOfPage\":{\"@id\":\"https:\\\/\\\/candas365.es\\\/noticias\\\/la-princesa-leonor-comenzara-su-etapa-universitaria\\\/#mainImage\"},\"datePublished\":\"2026-09-04T16:10:21+02:00\",\"dateModified\":\"2026-09-04T16:10:21+02:00\"},{\"@type\":\"WebSite\",\"@id\":\"https:\\\/\\\/candas365.es\\\/noticias\\\/#website\",\"url\":\"https:\\\/\\\/candas365.es\\\/noticias\\\/\",\"name\":\"Cand\\u00e1s 365\",\"alternateName\":\"Cand\\u00e1s 365 Noticias\",\"description\":\"Actualidad desde Carre\\u00f1o para el mundo\",\"inLanguage\":\"es-ES\",\"publisher\":{\"@id\":\"https:\\\/\\\/candas365.es\\\/noticias\\\/#organization\"}}]}\n\t\t<\/script>\n\t\t<!-- All in One SEO Pro -->\r\n\t\t<title>La princesa Leonor comenzar\u00e1 su etapa universitaria | Cand\u00e1s 365<\/title>\n\n","aioseo_head_json":{"title":"La princesa Leonor comenzar\u00e1 su etapa universitaria | Cand\u00e1s 365","description":"La princesa Leonor comenzar\u00e1 su etapa universitaria en la Universidad Carlos III de Madrid, donde cursar\u00e1 el grado de Ciencias Pol\u00edticas tras su paso","canonical_url":"https:\/\/candas365.es\/noticias\/la-princesa-leonor-comenzara-su-etapa-universitaria\/","robots":"max-image-preview:large","keywords":"actualidad","webmasterTools":{"google-site-verification":"UA-32230408-1","msvalidate.01":"354F3CDFB2DA171B47FBE9ABF1F88D5","miscellaneous":""},"schema":{"@context":"https:\/\/schema.org","@graph":[{"@type":"BreadcrumbList","@id":"https:\/\/candas365.es\/noticias\/la-princesa-leonor-comenzara-su-etapa-universitaria\/#breadcrumblist","itemListElement":[{"@type":"ListItem","@id":"https:\/\/candas365.es\/noticias#listItem","position":1,"name":"Home","item":"https:\/\/candas365.es\/noticias","nextItem":{"@type":"ListItem","@id":"https:\/\/candas365.es\/noticias\/category\/actualidad\/#listItem","name":"Actualidad"}},{"@type":"ListItem","@id":"https:\/\/candas365.es\/noticias\/category\/actualidad\/#listItem","position":2,"name":"Actualidad","item":"https:\/\/candas365.es\/noticias\/category\/actualidad\/","nextItem":{"@type":"ListItem","@id":"https:\/\/candas365.es\/noticias\/la-princesa-leonor-comenzara-su-etapa-universitaria\/#listItem","name":"La princesa Leonor comenzar\u00e1 su etapa universitaria"},"previousItem":{"@type":"ListItem","@id":"https:\/\/candas365.es\/noticias#listItem","name":"Home"}},{"@type":"ListItem","@id":"https:\/\/candas365.es\/noticias\/la-princesa-leonor-comenzara-su-etapa-universitaria\/#listItem","position":3,"name":"La princesa Leonor comenzar\u00e1 su etapa universitaria","previousItem":{"@type":"ListItem","@id":"https:\/\/candas365.es\/noticias\/category\/actualidad\/#listItem","name":"Actualidad"}}]},{"@type":"NewsArticle","@id":"https:\/\/candas365.es\/noticias\/la-princesa-leonor-comenzara-su-etapa-universitaria\/#newsarticle","name":"La princesa Leonor comenzar\u00e1 su etapa universitaria | Cand\u00e1s 365","headline":"La princesa Leonor comenzar\u00e1 su etapa universitaria","author":{"@id":"https:\/\/candas365.es\/noticias\/author\/admin\/#author"},"publisher":{"@id":"https:\/\/candas365.es\/noticias\/#organization"},"image":{"@type":"ImageObject","url":"https:\/\/candas365.es\/noticias\/wp-content\/uploads\/2026\/09\/La-princesa-Leonor-comenzara-su-etapa-universitaria.jpg","width":1258,"height":819,"caption":"La Princesa de Asturias y Girona durante su visita al conjunto arqueol\u00f3gico de Emp\u00faries | Foto de Fundaci\u00f3n Princesa de Girona"},"datePublished":"2026-09-04T16:10:21+02:00","dateModified":"2026-09-04T16:10:21+02:00","inLanguage":"es-ES","mainEntityOfPage":{"@id":"https:\/\/candas365.es\/noticias\/la-princesa-leonor-comenzara-su-etapa-universitaria\/#webpage"},"isPartOf":{"@id":"https:\/\/candas365.es\/noticias\/la-princesa-leonor-comenzara-su-etapa-universitaria\/#webpage"},"articleSection":"Actualidad, educaci\u00f3n, Espa\u00f1a","dateline":"Publicado el septiembre 4, 2026."},{"@type":"Organization","@id":"https:\/\/candas365.es\/noticias\/#organization","name":"Cand\u00e1s 365","description":"Cand\u00e1s 365 es un diario digital independiente, fundado en 2012, con base en Asturias. Informamos con rigor sobre actualidad, sociedad, cultura y ocio, con una mirada local y global.","url":"https:\/\/candas365.es\/noticias\/","email":"info@candas365.es","telephone":"+34652131393","foundingDate":"2012-06-10","logo":{"@type":"ImageObject","url":"https:\/\/candas365.es\/noticias\/wp-content\/uploads\/2024\/09\/Candas-365-Redes.jpg","@id":"https:\/\/candas365.es\/noticias\/la-princesa-leonor-comenzara-su-etapa-universitaria\/#organizationLogo","width":1152,"height":864,"caption":"Cand\u00e1s 365 Redes"},"image":{"@id":"https:\/\/candas365.es\/noticias\/la-princesa-leonor-comenzara-su-etapa-universitaria\/#organizationLogo"},"sameAs":["https:\/\/www.facebook.com\/Nachofdezber","https:\/\/x.com\/candas365","https:\/\/www.instagram.com\/nachofdezber\/","https:\/\/www.youtube.com\/channel\/UCZP-2wLEB9Rv6erhFmqVnvg"],"address":{"@id":"https:\/\/candas365.es\/noticias\/#postaladdress","@type":"PostalAddress","streetAddress":"san antonio 4, san antonio 4","postalCode":"33430","addressLocality":"Cand\u00e1s","addressRegion":"Asturias","addressCountry":"ES"}},{"@type":"Person","@id":"https:\/\/candas365.es\/noticias\/author\/admin\/#author","url":"https:\/\/candas365.es\/noticias\/author\/admin\/","name":"Cand\u00e1s 365","image":{"@type":"ImageObject","@id":"https:\/\/candas365.es\/noticias\/la-princesa-leonor-comenzara-su-etapa-universitaria\/#authorImage","url":"https:\/\/candas365.es\/noticias\/wp-content\/uploads\/2026\/07\/cropped-eyevuvEl_400x400-96x96.jpg","width":96,"height":96,"caption":"Cand\u00e1s 365"},"sameAs":["https:\/\/www.facebook.com\/Nachofdezber","https:\/\/x.com\/candas365","https:\/\/www.instagram.com\/nachofdezber\/","https:\/\/www.youtube.com\/channel\/UCZP-2wLEB9Rv6erhFmqVnvg"]},{"@type":"WebPage","@id":"https:\/\/candas365.es\/noticias\/la-princesa-leonor-comenzara-su-etapa-universitaria\/#webpage","url":"https:\/\/candas365.es\/noticias\/la-princesa-leonor-comenzara-su-etapa-universitaria\/","name":"La princesa Leonor comenzar\u00e1 su etapa universitaria | Cand\u00e1s 365","description":"La princesa Leonor comenzar\u00e1 su etapa universitaria en la Universidad Carlos III de Madrid, donde cursar\u00e1 el grado de Ciencias Pol\u00edticas tras su paso","inLanguage":"es-ES","isPartOf":{"@id":"https:\/\/candas365.es\/noticias\/#website"},"breadcrumb":{"@id":"https:\/\/candas365.es\/noticias\/la-princesa-leonor-comenzara-su-etapa-universitaria\/#breadcrumblist"},"author":{"@id":"https:\/\/candas365.es\/noticias\/author\/admin\/#author"},"creator":{"@id":"https:\/\/candas365.es\/noticias\/author\/admin\/#author"},"image":{"@type":"ImageObject","url":"https:\/\/candas365.es\/noticias\/wp-content\/uploads\/2026\/09\/La-princesa-Leonor-comenzara-su-etapa-universitaria.jpg","@id":"https:\/\/candas365.es\/noticias\/la-princesa-leonor-comenzara-su-etapa-universitaria\/#mainImage","width":1258,"height":819,"caption":"La Princesa de Asturias y Girona durante su visita al conjunto arqueol\u00f3gico de Emp\u00faries | Foto de Fundaci\u00f3n Princesa de Girona"},"primaryImageOfPage":{"@id":"https:\/\/candas365.es\/noticias\/la-princesa-leonor-comenzara-su-etapa-universitaria\/#mainImage"},"datePublished":"2026-09-04T16:10:21+02:00","dateModified":"2026-09-04T16:10:21+02:00"},{"@type":"WebSite","@id":"https:\/\/candas365.es\/noticias\/#website","url":"https:\/\/candas365.es\/noticias\/","name":"Cand\u00e1s 365","alternateName":"Cand\u00e1s 365 Noticias","description":"Actualidad desde Carre\u00f1o para el mundo","inLanguage":"es-ES","publisher":{"@id":"https:\/\/candas365.es\/noticias\/#organization"}}]},"og:locale":"es_ES","og:site_name":"Cand\u00e1s 365","og:type":"article","og:title":"La princesa Leonor comenzar\u00e1 su etapa universitaria \u2013 Cand\u00e1s 365","og:description":"La princesa Leonor comenzar\u00e1 su etapa universitaria en la Universidad Carlos III de Madrid, donde cursar\u00e1 el grado de Ciencias Pol\u00edticas tras su paso","og:url":"https:\/\/candas365.es\/noticias\/la-princesa-leonor-comenzara-su-etapa-universitaria\/","og:image":"https:\/\/candas365.es\/noticias\/wp-content\/uploads\/2026\/09\/La-princesa-Leonor-comenzara-su-etapa-universitaria.jpg","og:image:secure_url":"https:\/\/candas365.es\/noticias\/wp-content\/uploads\/2026\/09\/La-princesa-Leonor-comenzara-su-etapa-universitaria.jpg","og:image:width":1258,"og:image:height":819,"article:published_time":"2026-09-04T14:10:21+00:00","article:modified_time":"2026-09-04T14:10:21+00:00","article:publisher":"https:\/\/www.facebook.com\/Nachofdezber","article:author":"https:\/\/www.facebook.com\/Nachofdezber","twitter:card":"summary_large_image","twitter:site":"@candas365","twitter:title":"La princesa Leonor comenzar\u00e1 su etapa universitaria \u2013 Cand\u00e1s 365","twitter:description":"La princesa Leonor comenzar\u00e1 su etapa universitaria en la Universidad Carlos III de Madrid, donde cursar\u00e1 el grado de Ciencias Pol\u00edticas tras su paso","twitter:creator":"@candas365","twitter:image":"https:\/\/candas365.es\/noticias\/wp-content\/uploads\/2026\/09\/La-princesa-Leonor-comenzara-su-etapa-universitaria.jpg","twitter:label1":"Escrito por","twitter:data1":"Cand\u00e1s 365","twitter:label2":"Tiempo de lectura estimado","twitter:data2":"8 minutos"},"aioseo_meta_data":{"post_id":"198003","title":null,"description":"La princesa Leonor comenzar\u00e1 su etapa universitaria en la Universidad Carlos III de Madrid, donde cursar\u00e1 el grado de Ciencias Pol\u00edticas tras su paso","keywords":null,"keyphrases":{"focus":{"keyphrase":"princesa Leonor","score":0,"analysis":[]},"additional":[]},"primary_term":null,"canonical_url":null,"og_title":"#post_title #separator_sa #site_title","og_description":"La princesa Leonor comenzar\u00e1 su etapa universitaria en la Universidad Carlos III de Madrid, donde cursar\u00e1 el grado de Ciencias Pol\u00edticas tras su paso","og_object_type":"default","og_image_type":"default","og_image_url":null,"og_image_width":null,"og_image_height":null,"og_image_custom_url":null,"og_image_custom_fields":null,"og_video":"","og_custom_url":null,"og_article_section":null,"og_article_tags":null,"twitter_use_og":true,"twitter_card":"default","twitter_image_type":"default","twitter_image_url":null,"twitter_image_custom_url":null,"twitter_image_custom_fields":null,"twitter_title":null,"twitter_description":null,"schema":{"blockGraphs":[],"customGraphs":[],"default":{"data":{"Article":[],"Course":[],"Dataset":[],"FAQPage":[],"Movie":[],"Person":[],"Product":[],"ProductReview":[],"Car":[],"Recipe":[],"Service":[],"SoftwareApplication":[],"WebPage":[]},"graphName":"NewsArticle","isEnabled":true},"graphs":[]},"schema_type":"default","schema_type_options":null,"pillar_content":false,"robots_default":true,"robots_noindex":false,"robots_noarchive":false,"robots_nosnippet":false,"robots_nofollow":false,"robots_noimageindex":false,"robots_noodp":false,"robots_notranslate":false,"robots_max_snippet":"-1","robots_max_videopreview":"-1","robots_max_imagepreview":"large","priority":null,"frequency":"default","location":null,"local_seo":null,"seo_analyzer_scan_date":"2026-09-04 14:11:00","breadcrumb_settings":null,"limit_modified_date":false,"reviewed_by":"0","open_ai":null,"ai":{"faqs":[],"keyPoints":[],"schemas":[],"titles":[],"descriptions":[],"socialPosts":{"email":{"subject":"","preview":"","content":""},"linkedin":[],"twitter":[],"facebook":[],"instagram":[]}},"created":"2026-09-04 13:37:41","updated":"2026-09-04 15:10:19","focus_keyword":"princesa Leonor","additional_keywords":null,"truseo_locale":null},"aioseo_breadcrumb":"<div class=\"aioseo-breadcrumbs\"><span class=\"aioseo-breadcrumb\">\n\t<a href=\"https:\/\/candas365.es\/noticias\" title=\"Home\">Home<\/a>\n<\/span><span class=\"aioseo-breadcrumb-separator\">&ndash;<\/span><span class=\"aioseo-breadcrumb\">\n\t<a href=\"https:\/\/candas365.es\/noticias\/category\/actualidad\/\" title=\"Actualidad\">Actualidad<\/a>\n<\/span><span class=\"aioseo-breadcrumb-separator\">&ndash;<\/span><span class=\"aioseo-breadcrumb\">\n\tLa princesa Leonor comenzar\u00e1 su etapa universitaria\n<\/span><\/div>","aioseo_breadcrumb_json":[{"label":"Home","link":"https:\/\/candas365.es\/noticias"},{"label":"Actualidad","link":"https:\/\/candas365.es\/noticias\/category\/actualidad\/"},{"label":"La princesa Leonor comenzar\u00e1 su etapa universitaria","link":"https:\/\/candas365.es\/noticias\/la-princesa-leonor-comenzara-su-etapa-universitaria\/"}],"_links":{"self":[{"href":"https:\/\/candas365.es\/noticias\/wp-json\/wp\/v2\/posts\/198003","targetHints":{"allow":["GET"]}}],"collection":[{"href":"https:\/\/candas365.es\/noticias\/wp-json\/wp\/v2\/posts"}],"about":[{"href":"https:\/\/candas365.es\/noticias\/wp-json\/wp\/v2\/types\/post"}],"author":[{"embeddable":true,"href":"https:\/\/candas365.es\/noticias\/wp-json\/wp\/v2\/users\/1"}],"replies":[{"embeddable":true,"href":"https:\/\/candas365.es\/noticias\/wp-json\/wp\/v2\/comments?post=198003"}],"version-history":[{"count":1,"href":"https:\/\/candas365.es\/noticias\/wp-json\/wp\/v2\/posts\/198003\/revisions"}],"predecessor-version":[{"id":198005,"href":"https:\/\/candas365.es\/noticias\/wp-json\/wp\/v2\/posts\/198003\/revisions\/198005"}],"wp:featuredmedia":[{"embeddable":true,"href":"https:\/\/candas365.es\/noticias\/wp-json\/wp\/v2\/media\/198004"}],"wp:attachment":[{"href":"https:\/\/candas365.es\/noticias\/wp-json\/wp\/v2\/media?parent=198003"}],"wp:term":[{"taxonomy":"category","embeddable":true,"href":"https:\/\/candas365.es\/noticias\/wp-json\/wp\/v2\/categories?post=198003"},{"taxonomy":"post_tag","embeddable":true,"href":"https:\/\/candas365.es\/noticias\/wp-json\/wp\/v2\/tags?post=198003"}],"curies":[{"name":"wp","href":"https:\/\/api.w.org\/{rel}","templated":true}]}}