{"id":198000,"date":"2026-09-04T15:32:56","date_gmt":"2026-09-04T13:32:56","guid":{"rendered":"https:\/\/candas365.es\/noticias\/?p=198000"},"modified":"2026-09-04T15:32:56","modified_gmt":"2026-09-04T13:32:56","slug":"asturias-y-los-retos-del-nuevo-curso-escolar","status":"publish","type":"post","link":"https:\/\/candas365.es\/noticias\/asturias-y-los-retos-del-nuevo-curso-escolar\/","title":{"rendered":"Asturias y los retos del nuevo curso escolar"},"content":{"rendered":"<p>En Asturias, se han reunido las direcciones de los centros p\u00fablicos y concertados para abordar el inicio del curso escolar 2026-2027. Entre las prioridades del nuevo a\u00f1o acad\u00e9mico, figuran completar los acuerdos educativos para ambas redes \u2013<strong>en especial, el pacto Asturias Educa<\/strong>\u2013, y facilitar diferentes herramientas que ayuden a reforzar la autoridad del profesorado, adquirir competencias por parte del alumnado o tramitar sanciones y reclamaciones.<\/p>\n<figure id=\"attachment_198001\" aria-describedby=\"caption-attachment-198001\" style=\"width: 650px\" class=\"wp-caption aligncenter\"><img fetchpriority=\"high\" decoding=\"async\" class=\"size-large wp-image-198001\" src=\"https:\/\/candas365.es\/noticias\/wp-content\/uploads\/2026\/09\/Asturias-y-los-retos-del-nuevo-curso-escolar-650x442.jpg\" alt=\"Asturias y los retos del nuevo curso escolar\" width=\"650\" height=\"442\" srcset=\"https:\/\/candas365.es\/noticias\/wp-content\/uploads\/2026\/09\/Asturias-y-los-retos-del-nuevo-curso-escolar-650x442.jpg 650w, https:\/\/candas365.es\/noticias\/wp-content\/uploads\/2026\/09\/Asturias-y-los-retos-del-nuevo-curso-escolar-360x245.jpg 360w, https:\/\/candas365.es\/noticias\/wp-content\/uploads\/2026\/09\/Asturias-y-los-retos-del-nuevo-curso-escolar-768x522.jpg 768w, https:\/\/candas365.es\/noticias\/wp-content\/uploads\/2026\/09\/Asturias-y-los-retos-del-nuevo-curso-escolar-150x102.jpg 150w, https:\/\/candas365.es\/noticias\/wp-content\/uploads\/2026\/09\/Asturias-y-los-retos-del-nuevo-curso-escolar-450x306.jpg 450w, https:\/\/candas365.es\/noticias\/wp-content\/uploads\/2026\/09\/Asturias-y-los-retos-del-nuevo-curso-escolar-1200x816.jpg 1200w, https:\/\/candas365.es\/noticias\/wp-content\/uploads\/2026\/09\/Asturias-y-los-retos-del-nuevo-curso-escolar.jpg 1222w\" sizes=\"(max-width: 650px) 100vw, 650px\" \/><figcaption id=\"caption-attachment-198001\" class=\"wp-caption-text\">Foto: Prensa Principado de Asturias<\/figcaption><\/figure>\n<p>La consejera, Eva Ledo, ha presidido en el sal\u00f3n de actos del IES Aramo, en <a href=\"https:\/\/candas365.es\/noticias\/category\/asturias\/\"><span style=\"color: #ff6600;\"><strong>Oviedo\/Uvi\u00e9u<\/strong><\/span><\/a>, tres encuentros consecutivos con las direcciones de Secundaria, Formaci\u00f3n Profesional y otras ense\u00f1anzas; de Infantil, Primaria y Centros de Educaci\u00f3n Especial; y de la red concertada. En las reuniones tambi\u00e9n han participado los cinco directores generales, el secretario general t\u00e9cnico, el jefe del Servicio de Inspecci\u00f3n Educativa (SIE) y los responsables de los distintos servicios de la consejer\u00eda.<\/p>\n<p>Entre las principales prioridades para el nuevo curso figura culminar los compromisos recogidos en el pacto Asturias Educa, la hoja de ruta del presente mandato para reforzar la ense\u00f1anza p\u00fablica mediante una inversi\u00f3n sin precedentes que alcanza los 45 millones. El acuerdo afronta su \u00faltimo curso de vigencia con gran parte de las medidas ya ejecutadas o ajustadas al calendario pactado con las organizaciones sindicales, en \u00e1mbitos como la atenci\u00f3n a la diversidad, las retribuciones del profesorado, los reconocimientos m\u00e9dicos, las incapacidades temporales o la especialidad docente de asturiano.<\/p>\n<p>En este contexto, la consejera ha anunciado que el decreto de equidad, pendiente de la incorporaci\u00f3n de una memoria econ\u00f3mica, saldr\u00e1 pr\u00f3ximamente a informaci\u00f3n p\u00fablica. Adem\u00e1s, durante este curso se aplicar\u00e1n nuevas medidas acordadas para reducir las ratios de alumnado, incrementar las plantillas docentes y avanzar en el proceso de desburocratizaci\u00f3n de los centros.<\/p>\n<p>Con el objetivo de facilitar la labor diaria de los equipos directivos, la Inspecci\u00f3n Educativa elaborar\u00e1 un documento que recoger\u00e1 los pasos necesarios para iniciar procedimientos sancionadores ante conductas contrarias a las normas de convivencia. Asimismo, el SIE desarrollar\u00e1 un protocolo espec\u00edfico para la tramitaci\u00f3n de reclamaciones relacionadas con la evaluaci\u00f3n del alumnado.<strong> \u201cEs fundamental facilitar la gesti\u00f3n a los equipos directivos y proporcionarles seguridad en el desarrollo de sus funciones\u201d, ha se\u00f1alado Ledo, quien ha recordado que las evaluaciones deben ajustarse a los criterios y procedimientos recogidos en las programaciones de los centros.<\/strong><\/p>\n<p>La consejera tambi\u00e9n ha avanzado que el departamento ultima un borrador de programaci\u00f3n docente personalizado mediante un agente de inteligencia artificial, concebido como una herramienta de apoyo para mejorar la organizaci\u00f3n de los procesos de ense\u00f1anza y aprendizaje.<\/p>\n<p>Otra de las novedades anunciadas afecta a la comunicaci\u00f3n entre los centros y la Administraci\u00f3n educativa. <strong>El portal Educastur incorporar\u00e1 un directorio actualizado con la estructura organizativa de la consejer\u00eda y los contactos de sus distintos departamentos para agilizar la atenci\u00f3n a las consultas y necesidades de los equipos directivos. \u201cQueremos estar muy atentos a las necesidades de los centros y dar una respuesta lo m\u00e1s r\u00e1pida posible\u201d, ha explicado la titular de Educaci\u00f3n.<\/strong><\/p>\n<p>El refuerzo de la autoridad del profesorado constituye igualmente una de las l\u00edneas estrat\u00e9gicas del nuevo curso. A las medidas ya contempladas en el pacto Asturias Educa se sumar\u00e1 una gu\u00eda dirigida a los equipos directivos que recopilar\u00e1 el marco normativo vigente, los canales de actuaci\u00f3n y las competencias de cada \u00f3rgano. \u201cEl docente es la autoridad p\u00fablica en el centro\u201d, ha subrayado Ledo.<\/p>\n<p>Por otra parte, la consejer\u00eda impulsar\u00e1 actuaciones dirigidas a fortalecer las competencias matem\u00e1tica y ling\u00fc\u00edstica del alumnado, as\u00ed como el desarrollo del pensamiento cr\u00edtico. Para ello pondr\u00e1 a disposici\u00f3n de los centros infograf\u00edas con orientaciones pr\u00e1cticas y acciones formativas en \u00e1mbitos como las metodolog\u00edas activas, la evaluaci\u00f3n por competencias o el bienestar emocional. Asimismo, el portal Educastur ofrecer\u00e1 materiales espec\u00edficos dirigidos a profesorado y familias con recomendaciones sobre el uso de dispositivos m\u00f3viles y redes sociales, adaptadas a las distintas etapas educativas.<\/p>\n<p>Durante el encuentro con las direcciones de la ense\u00f1anza concertada, la consejera repas\u00f3 tambi\u00e9n el grado de cumplimiento del acuerdo suscrito en octubre de 2025 con patronales y sindicatos del sector. Entre los avances ya materializados figuran las mejoras salariales y la paga extraordinaria de antig\u00fcedad. Adem\u00e1s, este curso se har\u00e1 efectivo el incremento de la ratio de profesorado por unidad en Educaci\u00f3n Infantil, una medida que permitir\u00e1 mejorar la atenci\u00f3n al alumnado, reforzar las plantillas y contribuir al mantenimiento del empleo docente.<\/p>\n<p>Por \u00faltimo, los directores generales presentaron las principales novedades previstas para el curso en sus respectivos \u00e1mbitos de actuaci\u00f3n, entre ellas cambios normativos, convocatorias, jornadas formativas y actuaciones de mejora en infraestructuras educativas.<\/p>\n","protected":false},"excerpt":{"rendered":"<p>En Asturias, se han reunido las direcciones de los centros p\u00fablicos y concertados para abordar el inicio del curso escolar 2026-2027. Entre las prioridades del nuevo a\u00f1o acad\u00e9mico, figuran completar los acuerdos educativos para ambas redes \u2013en especial, el pacto Asturias Educa\u2013, y facilitar diferentes herramientas que ayuden a reforzar la autoridad del profesorado, adquirir<\/p>\n","protected":false},"author":1,"featured_media":198001,"comment_status":"closed","ping_status":"closed","sticky":false,"template":"","format":"standard","meta":{"footnotes":""},"categories":[7],"tags":[380,419],"class_list":["post-198000","post","type-post","status-publish","format-standard","has-post-thumbnail","category-asturias","tag-asturias","tag-educacion"],"aioseo_notices":[],"aioseo_head":"\n\t\t<!-- All in One SEO Pro 5.0.1.1 - aioseo.com -->\n\t<meta name=\"description\" content=\"En Asturias, se han reunido las direcciones de los centros p\u00fablicos y concertados para abordar el inicio del curso escolar 2026-2027. Entre las prioridades\" \/>\n\t<meta name=\"robots\" content=\"max-image-preview:large\" \/>\n\t<meta name=\"author\" content=\"Cand\u00e1s 365\"\/>\n\t<meta name=\"google-site-verification\" content=\"UA-32230408-1\" \/>\n\t<meta name=\"msvalidate.01\" content=\"354F3CDFB2DA171B47FBE9ABF1F88D5\" \/>\n\t<meta name=\"keywords\" content=\"asturias\" \/>\n\t<link rel=\"canonical\" href=\"https:\/\/candas365.es\/noticias\/asturias-y-los-retos-del-nuevo-curso-escolar\/\" \/>\n\t<meta name=\"generator\" content=\"All in One SEO Pro (AIOSEO) 5.0.1.1\" \/>\n\t\t<meta property=\"og:locale\" content=\"es_ES\" \/>\n\t\t<meta property=\"og:site_name\" content=\"Cand\u00e1s 365\" \/>\n\t\t<meta property=\"og:type\" content=\"article\" \/>\n\t\t<meta property=\"og:title\" content=\"Asturias y los retos del nuevo curso escolar \u2013 Cand\u00e1s 365\" \/>\n\t\t<meta property=\"og:description\" content=\"En Asturias, se han reunido las direcciones de los centros p\u00fablicos y concertados para abordar el inicio del curso escolar 2026-2027. Entre las prioridades del nuevo\" \/>\n\t\t<meta property=\"og:url\" content=\"https:\/\/candas365.es\/noticias\/asturias-y-los-retos-del-nuevo-curso-escolar\/\" \/>\n\t\t<meta property=\"og:image\" content=\"https:\/\/candas365.es\/noticias\/wp-content\/uploads\/2026\/09\/Asturias-y-los-retos-del-nuevo-curso-escolar.jpg\" \/>\n\t\t<meta property=\"og:image:secure_url\" content=\"https:\/\/candas365.es\/noticias\/wp-content\/uploads\/2026\/09\/Asturias-y-los-retos-del-nuevo-curso-escolar.jpg\" \/>\n\t\t<meta property=\"og:image:width\" content=\"1222\" \/>\n\t\t<meta property=\"og:image:height\" content=\"831\" \/>\n\t\t<meta property=\"article:published_time\" content=\"2026-09-04T13:32:56+00:00\" \/>\n\t\t<meta property=\"article:modified_time\" content=\"2026-09-04T13:32:56+00:00\" \/>\n\t\t<meta property=\"article:publisher\" content=\"https:\/\/www.facebook.com\/Nachofdezber\" \/>\n\t\t<meta property=\"article:author\" content=\"https:\/\/www.facebook.com\/Nachofdezber\" \/>\n\t\t<meta name=\"twitter:card\" content=\"summary_large_image\" \/>\n\t\t<meta name=\"twitter:site\" content=\"@candas365\" \/>\n\t\t<meta name=\"twitter:title\" content=\"Asturias y los retos del nuevo curso escolar \u2013 Cand\u00e1s 365\" \/>\n\t\t<meta name=\"twitter:description\" content=\"En Asturias, se han reunido las direcciones de los centros p\u00fablicos y concertados para abordar el inicio del curso escolar 2026-2027. Entre las prioridades del nuevo\" \/>\n\t\t<meta name=\"twitter:creator\" content=\"@candas365\" \/>\n\t\t<meta name=\"twitter:image\" content=\"https:\/\/candas365.es\/noticias\/wp-content\/uploads\/2026\/09\/Asturias-y-los-retos-del-nuevo-curso-escolar.jpg\" \/>\n\t\t<meta name=\"twitter:label1\" content=\"Escrito por\" \/>\n\t\t<meta name=\"twitter:data1\" content=\"Cand\u00e1s 365\" \/>\n\t\t<meta name=\"twitter:label2\" content=\"Tiempo de lectura estimado\" \/>\n\t\t<meta name=\"twitter:data2\" content=\"4 minutos\" \/>\n\t\t<script type=\"application\/ld+json\" class=\"aioseo-schema\">\n\t\t\t{\"@context\":\"https:\\\/\\\/schema.org\",\"@graph\":[{\"@type\":\"BreadcrumbList\",\"@id\":\"https:\\\/\\\/candas365.es\\\/noticias\\\/asturias-y-los-retos-del-nuevo-curso-escolar\\\/#breadcrumblist\",\"itemListElement\":[{\"@type\":\"ListItem\",\"@id\":\"https:\\\/\\\/candas365.es\\\/noticias#listItem\",\"position\":1,\"name\":\"Home\",\"item\":\"https:\\\/\\\/candas365.es\\\/noticias\",\"nextItem\":{\"@type\":\"ListItem\",\"@id\":\"https:\\\/\\\/candas365.es\\\/noticias\\\/category\\\/asturias\\\/#listItem\",\"name\":\"Asturias\"}},{\"@type\":\"ListItem\",\"@id\":\"https:\\\/\\\/candas365.es\\\/noticias\\\/category\\\/asturias\\\/#listItem\",\"position\":2,\"name\":\"Asturias\",\"item\":\"https:\\\/\\\/candas365.es\\\/noticias\\\/category\\\/asturias\\\/\",\"nextItem\":{\"@type\":\"ListItem\",\"@id\":\"https:\\\/\\\/candas365.es\\\/noticias\\\/asturias-y-los-retos-del-nuevo-curso-escolar\\\/#listItem\",\"name\":\"Asturias y los retos del nuevo curso escolar\"},\"previousItem\":{\"@type\":\"ListItem\",\"@id\":\"https:\\\/\\\/candas365.es\\\/noticias#listItem\",\"name\":\"Home\"}},{\"@type\":\"ListItem\",\"@id\":\"https:\\\/\\\/candas365.es\\\/noticias\\\/asturias-y-los-retos-del-nuevo-curso-escolar\\\/#listItem\",\"position\":3,\"name\":\"Asturias y los retos del nuevo curso escolar\",\"previousItem\":{\"@type\":\"ListItem\",\"@id\":\"https:\\\/\\\/candas365.es\\\/noticias\\\/category\\\/asturias\\\/#listItem\",\"name\":\"Asturias\"}}]},{\"@type\":\"NewsArticle\",\"@id\":\"https:\\\/\\\/candas365.es\\\/noticias\\\/asturias-y-los-retos-del-nuevo-curso-escolar\\\/#newsarticle\",\"name\":\"Asturias y los retos del nuevo curso escolar | Cand\\u00e1s 365\",\"headline\":\"Asturias y los retos del nuevo curso escolar\",\"author\":{\"@id\":\"https:\\\/\\\/candas365.es\\\/noticias\\\/author\\\/admin\\\/#author\"},\"publisher\":{\"@id\":\"https:\\\/\\\/candas365.es\\\/noticias\\\/#organization\"},\"image\":{\"@type\":\"ImageObject\",\"url\":\"https:\\\/\\\/candas365.es\\\/noticias\\\/wp-content\\\/uploads\\\/2026\\\/09\\\/Asturias-y-los-retos-del-nuevo-curso-escolar.jpg\",\"width\":1222,\"height\":831,\"caption\":\"Foto: Prensa Principado de Asturias\"},\"datePublished\":\"2026-09-04T15:32:56+02:00\",\"dateModified\":\"2026-09-04T15:32:56+02:00\",\"inLanguage\":\"es-ES\",\"mainEntityOfPage\":{\"@id\":\"https:\\\/\\\/candas365.es\\\/noticias\\\/asturias-y-los-retos-del-nuevo-curso-escolar\\\/#webpage\"},\"isPartOf\":{\"@id\":\"https:\\\/\\\/candas365.es\\\/noticias\\\/asturias-y-los-retos-del-nuevo-curso-escolar\\\/#webpage\"},\"articleSection\":\"Asturias, Asturias, educaci\\u00f3n\",\"dateline\":\"Publicado el septiembre 4, 2026.\"},{\"@type\":\"Organization\",\"@id\":\"https:\\\/\\\/candas365.es\\\/noticias\\\/#organization\",\"name\":\"Cand\\u00e1s 365\",\"description\":\"Cand\\u00e1s 365 es un diario digital independiente, fundado en 2012, con base en Asturias. Informamos con rigor sobre actualidad, sociedad, cultura y ocio, con una mirada local y global.\",\"url\":\"https:\\\/\\\/candas365.es\\\/noticias\\\/\",\"email\":\"info@candas365.es\",\"telephone\":\"+34652131393\",\"foundingDate\":\"2012-06-10\",\"logo\":{\"@type\":\"ImageObject\",\"url\":\"https:\\\/\\\/candas365.es\\\/noticias\\\/wp-content\\\/uploads\\\/2024\\\/09\\\/Candas-365-Redes.jpg\",\"@id\":\"https:\\\/\\\/candas365.es\\\/noticias\\\/asturias-y-los-retos-del-nuevo-curso-escolar\\\/#organizationLogo\",\"width\":1152,\"height\":864,\"caption\":\"Cand\\u00e1s 365 Redes\"},\"image\":{\"@id\":\"https:\\\/\\\/candas365.es\\\/noticias\\\/asturias-y-los-retos-del-nuevo-curso-escolar\\\/#organizationLogo\"},\"sameAs\":[\"https:\\\/\\\/www.facebook.com\\\/Nachofdezber\",\"https:\\\/\\\/x.com\\\/candas365\",\"https:\\\/\\\/www.instagram.com\\\/nachofdezber\\\/\",\"https:\\\/\\\/www.youtube.com\\\/channel\\\/UCZP-2wLEB9Rv6erhFmqVnvg\"],\"address\":{\"@id\":\"https:\\\/\\\/candas365.es\\\/noticias\\\/#postaladdress\",\"@type\":\"PostalAddress\",\"streetAddress\":\"san antonio 4, san antonio 4\",\"postalCode\":\"33430\",\"addressLocality\":\"Cand\\u00e1s\",\"addressRegion\":\"Asturias\",\"addressCountry\":\"ES\"}},{\"@type\":\"Person\",\"@id\":\"https:\\\/\\\/candas365.es\\\/noticias\\\/author\\\/admin\\\/#author\",\"url\":\"https:\\\/\\\/candas365.es\\\/noticias\\\/author\\\/admin\\\/\",\"name\":\"Cand\\u00e1s 365\",\"image\":{\"@type\":\"ImageObject\",\"@id\":\"https:\\\/\\\/candas365.es\\\/noticias\\\/asturias-y-los-retos-del-nuevo-curso-escolar\\\/#authorImage\",\"url\":\"https:\\\/\\\/candas365.es\\\/noticias\\\/wp-content\\\/uploads\\\/2026\\\/07\\\/cropped-eyevuvEl_400x400-96x96.jpg\",\"width\":96,\"height\":96,\"caption\":\"Cand\\u00e1s 365\"},\"sameAs\":[\"https:\\\/\\\/www.facebook.com\\\/Nachofdezber\",\"https:\\\/\\\/x.com\\\/candas365\",\"https:\\\/\\\/www.instagram.com\\\/nachofdezber\\\/\",\"https:\\\/\\\/www.youtube.com\\\/channel\\\/UCZP-2wLEB9Rv6erhFmqVnvg\"]},{\"@type\":\"WebPage\",\"@id\":\"https:\\\/\\\/candas365.es\\\/noticias\\\/asturias-y-los-retos-del-nuevo-curso-escolar\\\/#webpage\",\"url\":\"https:\\\/\\\/candas365.es\\\/noticias\\\/asturias-y-los-retos-del-nuevo-curso-escolar\\\/\",\"name\":\"Asturias y los retos del nuevo curso escolar | Cand\\u00e1s 365\",\"description\":\"En Asturias, se han reunido las direcciones de los centros p\\u00fablicos y concertados para abordar el inicio del curso escolar 2026-2027. Entre las prioridades\",\"inLanguage\":\"es-ES\",\"isPartOf\":{\"@id\":\"https:\\\/\\\/candas365.es\\\/noticias\\\/#website\"},\"breadcrumb\":{\"@id\":\"https:\\\/\\\/candas365.es\\\/noticias\\\/asturias-y-los-retos-del-nuevo-curso-escolar\\\/#breadcrumblist\"},\"author\":{\"@id\":\"https:\\\/\\\/candas365.es\\\/noticias\\\/author\\\/admin\\\/#author\"},\"creator\":{\"@id\":\"https:\\\/\\\/candas365.es\\\/noticias\\\/author\\\/admin\\\/#author\"},\"image\":{\"@type\":\"ImageObject\",\"url\":\"https:\\\/\\\/candas365.es\\\/noticias\\\/wp-content\\\/uploads\\\/2026\\\/09\\\/Asturias-y-los-retos-del-nuevo-curso-escolar.jpg\",\"@id\":\"https:\\\/\\\/candas365.es\\\/noticias\\\/asturias-y-los-retos-del-nuevo-curso-escolar\\\/#mainImage\",\"width\":1222,\"height\":831,\"caption\":\"Foto: Prensa Principado de Asturias\"},\"primaryImageOfPage\":{\"@id\":\"https:\\\/\\\/candas365.es\\\/noticias\\\/asturias-y-los-retos-del-nuevo-curso-escolar\\\/#mainImage\"},\"datePublished\":\"2026-09-04T15:32:56+02:00\",\"dateModified\":\"2026-09-04T15:32:56+02:00\"},{\"@type\":\"WebSite\",\"@id\":\"https:\\\/\\\/candas365.es\\\/noticias\\\/#website\",\"url\":\"https:\\\/\\\/candas365.es\\\/noticias\\\/\",\"name\":\"Cand\\u00e1s 365\",\"alternateName\":\"Cand\\u00e1s 365 Noticias\",\"description\":\"Actualidad desde Carre\\u00f1o para el mundo\",\"inLanguage\":\"es-ES\",\"publisher\":{\"@id\":\"https:\\\/\\\/candas365.es\\\/noticias\\\/#organization\"}}]}\n\t\t<\/script>\n\t\t<!-- All in One SEO Pro -->\r\n\t\t<title>Asturias y los retos del nuevo curso escolar | Cand\u00e1s 365<\/title>\n\n","aioseo_head_json":{"title":"Asturias y los retos del nuevo curso escolar | Cand\u00e1s 365","description":"En Asturias, se han reunido las direcciones de los centros p\u00fablicos y concertados para abordar el inicio del curso escolar 2026-2027. Entre las prioridades","canonical_url":"https:\/\/candas365.es\/noticias\/asturias-y-los-retos-del-nuevo-curso-escolar\/","robots":"max-image-preview:large","keywords":"asturias","webmasterTools":{"google-site-verification":"UA-32230408-1","msvalidate.01":"354F3CDFB2DA171B47FBE9ABF1F88D5","miscellaneous":""},"schema":{"@context":"https:\/\/schema.org","@graph":[{"@type":"BreadcrumbList","@id":"https:\/\/candas365.es\/noticias\/asturias-y-los-retos-del-nuevo-curso-escolar\/#breadcrumblist","itemListElement":[{"@type":"ListItem","@id":"https:\/\/candas365.es\/noticias#listItem","position":1,"name":"Home","item":"https:\/\/candas365.es\/noticias","nextItem":{"@type":"ListItem","@id":"https:\/\/candas365.es\/noticias\/category\/asturias\/#listItem","name":"Asturias"}},{"@type":"ListItem","@id":"https:\/\/candas365.es\/noticias\/category\/asturias\/#listItem","position":2,"name":"Asturias","item":"https:\/\/candas365.es\/noticias\/category\/asturias\/","nextItem":{"@type":"ListItem","@id":"https:\/\/candas365.es\/noticias\/asturias-y-los-retos-del-nuevo-curso-escolar\/#listItem","name":"Asturias y los retos del nuevo curso escolar"},"previousItem":{"@type":"ListItem","@id":"https:\/\/candas365.es\/noticias#listItem","name":"Home"}},{"@type":"ListItem","@id":"https:\/\/candas365.es\/noticias\/asturias-y-los-retos-del-nuevo-curso-escolar\/#listItem","position":3,"name":"Asturias y los retos del nuevo curso escolar","previousItem":{"@type":"ListItem","@id":"https:\/\/candas365.es\/noticias\/category\/asturias\/#listItem","name":"Asturias"}}]},{"@type":"NewsArticle","@id":"https:\/\/candas365.es\/noticias\/asturias-y-los-retos-del-nuevo-curso-escolar\/#newsarticle","name":"Asturias y los retos del nuevo curso escolar | Cand\u00e1s 365","headline":"Asturias y los retos del nuevo curso escolar","author":{"@id":"https:\/\/candas365.es\/noticias\/author\/admin\/#author"},"publisher":{"@id":"https:\/\/candas365.es\/noticias\/#organization"},"image":{"@type":"ImageObject","url":"https:\/\/candas365.es\/noticias\/wp-content\/uploads\/2026\/09\/Asturias-y-los-retos-del-nuevo-curso-escolar.jpg","width":1222,"height":831,"caption":"Foto: Prensa Principado de Asturias"},"datePublished":"2026-09-04T15:32:56+02:00","dateModified":"2026-09-04T15:32:56+02:00","inLanguage":"es-ES","mainEntityOfPage":{"@id":"https:\/\/candas365.es\/noticias\/asturias-y-los-retos-del-nuevo-curso-escolar\/#webpage"},"isPartOf":{"@id":"https:\/\/candas365.es\/noticias\/asturias-y-los-retos-del-nuevo-curso-escolar\/#webpage"},"articleSection":"Asturias, Asturias, educaci\u00f3n","dateline":"Publicado el septiembre 4, 2026."},{"@type":"Organization","@id":"https:\/\/candas365.es\/noticias\/#organization","name":"Cand\u00e1s 365","description":"Cand\u00e1s 365 es un diario digital independiente, fundado en 2012, con base en Asturias. Informamos con rigor sobre actualidad, sociedad, cultura y ocio, con una mirada local y global.","url":"https:\/\/candas365.es\/noticias\/","email":"info@candas365.es","telephone":"+34652131393","foundingDate":"2012-06-10","logo":{"@type":"ImageObject","url":"https:\/\/candas365.es\/noticias\/wp-content\/uploads\/2024\/09\/Candas-365-Redes.jpg","@id":"https:\/\/candas365.es\/noticias\/asturias-y-los-retos-del-nuevo-curso-escolar\/#organizationLogo","width":1152,"height":864,"caption":"Cand\u00e1s 365 Redes"},"image":{"@id":"https:\/\/candas365.es\/noticias\/asturias-y-los-retos-del-nuevo-curso-escolar\/#organizationLogo"},"sameAs":["https:\/\/www.facebook.com\/Nachofdezber","https:\/\/x.com\/candas365","https:\/\/www.instagram.com\/nachofdezber\/","https:\/\/www.youtube.com\/channel\/UCZP-2wLEB9Rv6erhFmqVnvg"],"address":{"@id":"https:\/\/candas365.es\/noticias\/#postaladdress","@type":"PostalAddress","streetAddress":"san antonio 4, san antonio 4","postalCode":"33430","addressLocality":"Cand\u00e1s","addressRegion":"Asturias","addressCountry":"ES"}},{"@type":"Person","@id":"https:\/\/candas365.es\/noticias\/author\/admin\/#author","url":"https:\/\/candas365.es\/noticias\/author\/admin\/","name":"Cand\u00e1s 365","image":{"@type":"ImageObject","@id":"https:\/\/candas365.es\/noticias\/asturias-y-los-retos-del-nuevo-curso-escolar\/#authorImage","url":"https:\/\/candas365.es\/noticias\/wp-content\/uploads\/2026\/07\/cropped-eyevuvEl_400x400-96x96.jpg","width":96,"height":96,"caption":"Cand\u00e1s 365"},"sameAs":["https:\/\/www.facebook.com\/Nachofdezber","https:\/\/x.com\/candas365","https:\/\/www.instagram.com\/nachofdezber\/","https:\/\/www.youtube.com\/channel\/UCZP-2wLEB9Rv6erhFmqVnvg"]},{"@type":"WebPage","@id":"https:\/\/candas365.es\/noticias\/asturias-y-los-retos-del-nuevo-curso-escolar\/#webpage","url":"https:\/\/candas365.es\/noticias\/asturias-y-los-retos-del-nuevo-curso-escolar\/","name":"Asturias y los retos del nuevo curso escolar | Cand\u00e1s 365","description":"En Asturias, se han reunido las direcciones de los centros p\u00fablicos y concertados para abordar el inicio del curso escolar 2026-2027. Entre las prioridades","inLanguage":"es-ES","isPartOf":{"@id":"https:\/\/candas365.es\/noticias\/#website"},"breadcrumb":{"@id":"https:\/\/candas365.es\/noticias\/asturias-y-los-retos-del-nuevo-curso-escolar\/#breadcrumblist"},"author":{"@id":"https:\/\/candas365.es\/noticias\/author\/admin\/#author"},"creator":{"@id":"https:\/\/candas365.es\/noticias\/author\/admin\/#author"},"image":{"@type":"ImageObject","url":"https:\/\/candas365.es\/noticias\/wp-content\/uploads\/2026\/09\/Asturias-y-los-retos-del-nuevo-curso-escolar.jpg","@id":"https:\/\/candas365.es\/noticias\/asturias-y-los-retos-del-nuevo-curso-escolar\/#mainImage","width":1222,"height":831,"caption":"Foto: Prensa Principado de Asturias"},"primaryImageOfPage":{"@id":"https:\/\/candas365.es\/noticias\/asturias-y-los-retos-del-nuevo-curso-escolar\/#mainImage"},"datePublished":"2026-09-04T15:32:56+02:00","dateModified":"2026-09-04T15:32:56+02:00"},{"@type":"WebSite","@id":"https:\/\/candas365.es\/noticias\/#website","url":"https:\/\/candas365.es\/noticias\/","name":"Cand\u00e1s 365","alternateName":"Cand\u00e1s 365 Noticias","description":"Actualidad desde Carre\u00f1o para el mundo","inLanguage":"es-ES","publisher":{"@id":"https:\/\/candas365.es\/noticias\/#organization"}}]},"og:locale":"es_ES","og:site_name":"Cand\u00e1s 365","og:type":"article","og:title":"Asturias y los retos del nuevo curso escolar \u2013 Cand\u00e1s 365","og:description":"En Asturias, se han reunido las direcciones de los centros p\u00fablicos y concertados para abordar el inicio del curso escolar 2026-2027. Entre las prioridades del nuevo","og:url":"https:\/\/candas365.es\/noticias\/asturias-y-los-retos-del-nuevo-curso-escolar\/","og:image":"https:\/\/candas365.es\/noticias\/wp-content\/uploads\/2026\/09\/Asturias-y-los-retos-del-nuevo-curso-escolar.jpg","og:image:secure_url":"https:\/\/candas365.es\/noticias\/wp-content\/uploads\/2026\/09\/Asturias-y-los-retos-del-nuevo-curso-escolar.jpg","og:image:width":1222,"og:image:height":831,"article:published_time":"2026-09-04T13:32:56+00:00","article:modified_time":"2026-09-04T13:32:56+00:00","article:publisher":"https:\/\/www.facebook.com\/Nachofdezber","article:author":"https:\/\/www.facebook.com\/Nachofdezber","twitter:card":"summary_large_image","twitter:site":"@candas365","twitter:title":"Asturias y los retos del nuevo curso escolar \u2013 Cand\u00e1s 365","twitter:description":"En Asturias, se han reunido las direcciones de los centros p\u00fablicos y concertados para abordar el inicio del curso escolar 2026-2027. Entre las prioridades del nuevo","twitter:creator":"@candas365","twitter:image":"https:\/\/candas365.es\/noticias\/wp-content\/uploads\/2026\/09\/Asturias-y-los-retos-del-nuevo-curso-escolar.jpg","twitter:label1":"Escrito por","twitter:data1":"Cand\u00e1s 365","twitter:label2":"Tiempo de lectura estimado","twitter:data2":"4 minutos"},"aioseo_meta_data":{"post_id":"198000","title":null,"description":"En Asturias, se han reunido las direcciones de los centros p\u00fablicos y concertados para abordar el inicio del curso escolar 2026-2027. Entre las prioridades","keywords":null,"keyphrases":{"focus":{"keyphrase":"Asturias","score":0,"analysis":[]},"additional":[{"keyphrase":"curso escolar","score":0}]},"primary_term":null,"canonical_url":null,"og_title":"#post_title #separator_sa #site_title","og_description":"En Asturias, se han reunido las direcciones de los centros p\u00fablicos y concertados para abordar el inicio del curso escolar 2026-2027. Entre las prioridades del nuevo","og_object_type":"default","og_image_type":"default","og_image_url":null,"og_image_width":null,"og_image_height":null,"og_image_custom_url":null,"og_image_custom_fields":null,"og_video":"","og_custom_url":null,"og_article_section":null,"og_article_tags":null,"twitter_use_og":true,"twitter_card":"default","twitter_image_type":"default","twitter_image_url":null,"twitter_image_custom_url":null,"twitter_image_custom_fields":null,"twitter_title":null,"twitter_description":null,"schema":{"blockGraphs":[],"customGraphs":[],"default":{"data":{"Article":[],"Course":[],"Dataset":[],"FAQPage":[],"Movie":[],"Person":[],"Product":[],"ProductReview":[],"Car":[],"Recipe":[],"Service":[],"SoftwareApplication":[],"WebPage":[]},"graphName":"NewsArticle","isEnabled":true},"graphs":[]},"schema_type":"default","schema_type_options":null,"pillar_content":false,"robots_default":true,"robots_noindex":false,"robots_noarchive":false,"robots_nosnippet":false,"robots_nofollow":false,"robots_noimageindex":false,"robots_noodp":false,"robots_notranslate":false,"robots_max_snippet":"-1","robots_max_videopreview":"-1","robots_max_imagepreview":"large","priority":null,"frequency":"default","location":null,"local_seo":null,"seo_analyzer_scan_date":"2026-09-04 13:34:19","breadcrumb_settings":null,"limit_modified_date":false,"reviewed_by":"0","open_ai":null,"ai":{"faqs":[],"keyPoints":[],"schemas":[],"titles":[],"descriptions":[],"socialPosts":{"email":{"subject":"","preview":"","content":""},"linkedin":[],"twitter":[],"facebook":[],"instagram":[]}},"created":"2026-09-04 13:27:33","updated":"2026-09-04 14:05:10","focus_keyword":"Asturias","additional_keywords":[{"word":"curso escolar","score":91,"items":{"introductionKeyword":{"score":9},"keyphraseLength":{"score":9},"keyphraseDensity":{"score":4},"functionWordsInKeyphrase":{"score":9},"textCompetingLinks":{"score":9},"imageKeyphrase":{"score":9}}}],"truseo_locale":null},"aioseo_breadcrumb":"<div class=\"aioseo-breadcrumbs\"><span class=\"aioseo-breadcrumb\">\n\t<a href=\"https:\/\/candas365.es\/noticias\" title=\"Home\">Home<\/a>\n<\/span><span class=\"aioseo-breadcrumb-separator\">&ndash;<\/span><span class=\"aioseo-breadcrumb\">\n\t<a href=\"https:\/\/candas365.es\/noticias\/category\/asturias\/\" title=\"Asturias\">Asturias<\/a>\n<\/span><span class=\"aioseo-breadcrumb-separator\">&ndash;<\/span><span class=\"aioseo-breadcrumb\">\n\tAsturias y los retos del nuevo curso escolar\n<\/span><\/div>","aioseo_breadcrumb_json":[{"label":"Home","link":"https:\/\/candas365.es\/noticias"},{"label":"Asturias","link":"https:\/\/candas365.es\/noticias\/category\/asturias\/"},{"label":"Asturias y los retos del nuevo curso escolar","link":"https:\/\/candas365.es\/noticias\/asturias-y-los-retos-del-nuevo-curso-escolar\/"}],"_links":{"self":[{"href":"https:\/\/candas365.es\/noticias\/wp-json\/wp\/v2\/posts\/198000","targetHints":{"allow":["GET"]}}],"collection":[{"href":"https:\/\/candas365.es\/noticias\/wp-json\/wp\/v2\/posts"}],"about":[{"href":"https:\/\/candas365.es\/noticias\/wp-json\/wp\/v2\/types\/post"}],"author":[{"embeddable":true,"href":"https:\/\/candas365.es\/noticias\/wp-json\/wp\/v2\/users\/1"}],"replies":[{"embeddable":true,"href":"https:\/\/candas365.es\/noticias\/wp-json\/wp\/v2\/comments?post=198000"}],"version-history":[{"count":1,"href":"https:\/\/candas365.es\/noticias\/wp-json\/wp\/v2\/posts\/198000\/revisions"}],"predecessor-version":[{"id":198002,"href":"https:\/\/candas365.es\/noticias\/wp-json\/wp\/v2\/posts\/198000\/revisions\/198002"}],"wp:featuredmedia":[{"embeddable":true,"href":"https:\/\/candas365.es\/noticias\/wp-json\/wp\/v2\/media\/198001"}],"wp:attachment":[{"href":"https:\/\/candas365.es\/noticias\/wp-json\/wp\/v2\/media?parent=198000"}],"wp:term":[{"taxonomy":"category","embeddable":true,"href":"https:\/\/candas365.es\/noticias\/wp-json\/wp\/v2\/categories?post=198000"},{"taxonomy":"post_tag","embeddable":true,"href":"https:\/\/candas365.es\/noticias\/wp-json\/wp\/v2\/tags?post=198000"}],"curies":[{"name":"wp","href":"https:\/\/api.w.org\/{rel}","templated":true}]}}