{"id":197997,"date":"2026-09-04T14:24:39","date_gmt":"2026-09-04T12:24:39","guid":{"rendered":"https:\/\/candas365.es\/noticias\/?p=197997"},"modified":"2026-09-04T14:24:39","modified_gmt":"2026-09-04T12:24:39","slug":"asturias-recibe-fondos-para-politicas-de-vivienda-publica","status":"publish","type":"post","link":"https:\/\/candas365.es\/noticias\/asturias-recibe-fondos-para-politicas-de-vivienda-publica\/","title":{"rendered":"Asturias recibe fondos para pol\u00edticas de vivienda p\u00fablica"},"content":{"rendered":"<p>El <a href=\"https:\/\/actualidad.asturias.es\/\" target=\"_blank\" rel=\"noopener\"><strong>P<span style=\"color: #ff6600;\">rincipado de Asturias<\/span><\/strong><\/a> recibir\u00e1 2.958.594 euros de financiaci\u00f3n estatal para desarrollar las pol\u00edticas de vivienda p\u00fablica en las zonas de mercado residencial tensionado. <strong>Estos recursos forman parte del nuevo fondo anunciado por el Ministerio de Vivienda y Agenda Urbana para las comunidades aut\u00f3nomas que est\u00e1n aplicando la Ley 12\/2023, de derecho a la vivienda.<\/strong><\/p>\n<figure id=\"attachment_197998\" aria-describedby=\"caption-attachment-197998\" style=\"width: 650px\" class=\"wp-caption aligncenter\"><img fetchpriority=\"high\" decoding=\"async\" class=\"size-large wp-image-197998\" src=\"https:\/\/candas365.es\/noticias\/wp-content\/uploads\/2026\/09\/Asturias-recibe-fondos-para-politicas-de-vivienda-publica-650x438.jpg\" alt=\"Asturias recibe fondos para pol\u00edticas de vivienda p\u00fablica\" width=\"650\" height=\"438\" srcset=\"https:\/\/candas365.es\/noticias\/wp-content\/uploads\/2026\/09\/Asturias-recibe-fondos-para-politicas-de-vivienda-publica-650x438.jpg 650w, https:\/\/candas365.es\/noticias\/wp-content\/uploads\/2026\/09\/Asturias-recibe-fondos-para-politicas-de-vivienda-publica-360x242.jpg 360w, https:\/\/candas365.es\/noticias\/wp-content\/uploads\/2026\/09\/Asturias-recibe-fondos-para-politicas-de-vivienda-publica-768x517.jpg 768w, https:\/\/candas365.es\/noticias\/wp-content\/uploads\/2026\/09\/Asturias-recibe-fondos-para-politicas-de-vivienda-publica-150x101.jpg 150w, https:\/\/candas365.es\/noticias\/wp-content\/uploads\/2026\/09\/Asturias-recibe-fondos-para-politicas-de-vivienda-publica-450x303.jpg 450w, https:\/\/candas365.es\/noticias\/wp-content\/uploads\/2026\/09\/Asturias-recibe-fondos-para-politicas-de-vivienda-publica-1200x808.jpg 1200w, https:\/\/candas365.es\/noticias\/wp-content\/uploads\/2026\/09\/Asturias-recibe-fondos-para-politicas-de-vivienda-publica.jpg 1230w\" sizes=\"(max-width: 650px) 100vw, 650px\" \/><figcaption id=\"caption-attachment-197998\" class=\"wp-caption-text\">Foto: Prensa Principado de Asturias<\/figcaption><\/figure>\n<p>Para la Consejer\u00eda de Ordenaci\u00f3n de Territorio, Urbanismo, Vivienda y Derechos Ciudadanos, que dirige Ovidio Zapico, se trata de los primeros recursos estatales espec\u00edficamente vinculados a la aplicaci\u00f3n de las <a href=\"https:\/\/candas365.es\/noticias\/category\/asturias\/\"><span style=\"color: #ff6600;\"><strong>zonas tensionadas en Asturias<\/strong><\/span><\/a> y supone un reconocimiento a la estrategia desarrollada para afrontar el problema del acceso a la vivienda desde una perspectiva integral.<\/p>\n<p>El director general de Vivienda, Daniel S\u00e1nchez, ha afirmado que \u201cdeclarar una zona tensionada no consiste \u00fanicamente en intervenir sobre los alquileres: significa reconocer que existe un desequilibrio y poner en marcha un conjunto de pol\u00edticas p\u00fablicas para corregirlo\u201d. \u201cLo importante ahora es que esa declaraci\u00f3n empieza a tener tambi\u00e9n una traducci\u00f3n econ\u00f3mica.<\/p>\n<p><strong>Asturias va a disponer de casi tres millones adicionales para actuar all\u00ed donde hemos acreditado que existe un problema de acceso a la vivienda.<\/strong> Es dinero para construir m\u00e1s vivienda p\u00fablica, para ampliar la oferta asequible y para corregir las causas que han generado la tensi\u00f3n del mercado\u201d, ha a\u00f1adido.<\/p>\n<p>La financiaci\u00f3n se enmarca en el art\u00edculo 18 de la Ley 12\/2023, que establece que la declaraci\u00f3n de una zona tensionada debe ir acompa\u00f1ada de un plan espec\u00edfico para corregir los desequilibrios detectados y contempla programas estatales de colaboraci\u00f3n, financiaci\u00f3n y ayudas adicionales. La consejer\u00eda considera especialmente relevante que la norma vincule estas declaraciones con el incremento de la oferta de vivienda social y asequible. La declaraci\u00f3n puede producirse, entre otros supuestos, cuando el esfuerzo econ\u00f3mico de los hogares para acceder a una vivienda supera el 30% de sus ingresos o cuando los precios de compra o alquiler han crecido durante cinco a\u00f1os por encima de la evoluci\u00f3n del IPC en los t\u00e9rminos establecidos por la ley.<\/p>\n<h1><strong>\u201cNo elegimos entre regular y construir. Haremos las dos cosas\u201d<\/strong><\/h1>\n<p>El Principado considera que la declaraci\u00f3n de zonas tensionadas debe entenderse como el punto de partida para desplegar pol\u00edticas p\u00fablicas destinadas a mejorar el acceso a la vivienda y no como una medida aislada de control de precios.<\/p>\n<p>\u201cHay quien pretende presentar las zonas tensionadas como si fueran una pol\u00edtica exclusivamente de limitaci\u00f3n de precios. Eso es desconocer lo que dice la propia Ley de Vivienda. El art\u00edculo 18 establece un diagn\u00f3stico, una declaraci\u00f3n y, despu\u00e9s, un plan espec\u00edfico para corregir los desequilibrios. Y corregir esos desequilibrios significa aumentar la vivienda p\u00fablica y asequible, movilizar recursos y actuar sobre la oferta\u201d, ha explicado S\u00e1nchez. Los 2,9 millones permitir\u00e1n reforzar las actuaciones p\u00fablicas en los \u00e1mbitos donde los indicadores han acreditado una mayor dificultad de acceso a la vivienda.<\/p>\n<p>En esta l\u00ednea, el Gobierno de Asturias defiende que la pol\u00edtica de zonas tensionadas debe formar parte de una estrategia m\u00e1s amplia de vivienda, que combine la protecci\u00f3n de los hogares frente a incrementos desproporcionados de los alquileres con el aumento estructural del parque p\u00fablico y asequible<strong>. \u201cNo vamos a elegir entre regular y construir. Vamos a hacer las dos cosas. Hay que proteger a quien hoy est\u00e1 pagando un alquiler que no puede asumir y, al mismo tiempo, aumentar la oferta p\u00fablica para que dentro de unos a\u00f1os haya menos hogares sometidos a esa presi\u00f3n\u201d, ha subrayado el director general de Vivienda<\/strong><\/p>\n<p>El Ejecutivo auton\u00f3mico considera, adem\u00e1s, que la llegada de estos recursos demuestra que la aplicaci\u00f3n de la Ley estatal de Vivienda permite movilizar financiaci\u00f3n adicional para las comunidades que est\u00e1n utilizando sus instrumentos. \u201cDurante mucho tiempo se nos ha dicho que declarar zonas tensionadas no servir\u00eda para nada. Hoy tenemos una primera respuesta muy concreta: Asturias ha sido incluida entre las comunidades que recibir\u00e1n financiaci\u00f3n estatal espec\u00edfica para actuar en esas zonas. Son los primeros 2,9 millones, y nuestro objetivo es convertirlos en m\u00e1s vivienda p\u00fablica, m\u00e1s alquiler asequible y m\u00e1s capacidad de respuesta\u201d, ha concluido S\u00e1nchez.<\/p>\n","protected":false},"excerpt":{"rendered":"<p>El Principado de Asturias recibir\u00e1 2.958.594 euros de financiaci\u00f3n estatal para desarrollar las pol\u00edticas de vivienda p\u00fablica en las zonas de mercado residencial tensionado. Estos recursos forman parte del nuevo fondo anunciado por el Ministerio de Vivienda y Agenda Urbana para las comunidades aut\u00f3nomas que est\u00e1n aplicando la Ley 12\/2023, de derecho a la vivienda.<\/p>\n","protected":false},"author":1,"featured_media":197998,"comment_status":"closed","ping_status":"closed","sticky":false,"template":"","format":"standard","meta":{"footnotes":""},"categories":[7],"tags":[380],"class_list":["post-197997","post","type-post","status-publish","format-standard","has-post-thumbnail","category-asturias","tag-asturias"],"aioseo_notices":[],"aioseo_head":"\n\t\t<!-- All in One SEO Pro 5.0.1.1 - aioseo.com -->\n\t<meta name=\"description\" content=\"El Principado de Asturias recibir\u00e1 2.958.594 euros de financiaci\u00f3n estatal para desarrollar las pol\u00edticas de vivienda p\u00fablica en las zonas de mercado\" \/>\n\t<meta name=\"robots\" content=\"max-image-preview:large\" \/>\n\t<meta name=\"author\" content=\"Cand\u00e1s 365\"\/>\n\t<meta name=\"google-site-verification\" content=\"UA-32230408-1\" \/>\n\t<meta name=\"msvalidate.01\" content=\"354F3CDFB2DA171B47FBE9ABF1F88D5\" \/>\n\t<meta name=\"keywords\" content=\"asturias\" \/>\n\t<link rel=\"canonical\" href=\"https:\/\/candas365.es\/noticias\/asturias-recibe-fondos-para-politicas-de-vivienda-publica\/\" \/>\n\t<meta name=\"generator\" content=\"All in One SEO Pro (AIOSEO) 5.0.1.1\" \/>\n\t\t<meta property=\"og:locale\" content=\"es_ES\" \/>\n\t\t<meta property=\"og:site_name\" content=\"Cand\u00e1s 365\" \/>\n\t\t<meta property=\"og:type\" content=\"article\" \/>\n\t\t<meta property=\"og:title\" content=\"Asturias recibe fondos para pol\u00edticas de vivienda p\u00fablica \u2013 Cand\u00e1s 365\" \/>\n\t\t<meta property=\"og:description\" content=\"El Principado de Asturias recibir\u00e1 2.958.594 euros de financiaci\u00f3n estatal para desarrollar las pol\u00edticas de vivienda p\u00fablica en las zonas de mercado\" \/>\n\t\t<meta property=\"og:url\" content=\"https:\/\/candas365.es\/noticias\/asturias-recibe-fondos-para-politicas-de-vivienda-publica\/\" \/>\n\t\t<meta property=\"og:image\" content=\"https:\/\/candas365.es\/noticias\/wp-content\/uploads\/2026\/09\/Asturias-recibe-fondos-para-politicas-de-vivienda-publica.jpg\" \/>\n\t\t<meta property=\"og:image:secure_url\" content=\"https:\/\/candas365.es\/noticias\/wp-content\/uploads\/2026\/09\/Asturias-recibe-fondos-para-politicas-de-vivienda-publica.jpg\" \/>\n\t\t<meta property=\"og:image:width\" content=\"1230\" \/>\n\t\t<meta property=\"og:image:height\" content=\"828\" \/>\n\t\t<meta property=\"article:published_time\" content=\"2026-09-04T12:24:39+00:00\" \/>\n\t\t<meta property=\"article:modified_time\" content=\"2026-09-04T12:24:39+00:00\" \/>\n\t\t<meta property=\"article:publisher\" content=\"https:\/\/www.facebook.com\/Nachofdezber\" \/>\n\t\t<meta property=\"article:author\" content=\"https:\/\/www.facebook.com\/Nachofdezber\" \/>\n\t\t<meta name=\"twitter:card\" content=\"summary_large_image\" \/>\n\t\t<meta name=\"twitter:site\" content=\"@candas365\" \/>\n\t\t<meta name=\"twitter:title\" content=\"Asturias recibe fondos para pol\u00edticas de vivienda p\u00fablica \u2013 Cand\u00e1s 365\" \/>\n\t\t<meta name=\"twitter:description\" content=\"El Principado de Asturias recibir\u00e1 2.958.594 euros de financiaci\u00f3n estatal para desarrollar las pol\u00edticas de vivienda p\u00fablica en las zonas de mercado\" \/>\n\t\t<meta name=\"twitter:creator\" content=\"@candas365\" \/>\n\t\t<meta name=\"twitter:image\" content=\"https:\/\/candas365.es\/noticias\/wp-content\/uploads\/2026\/09\/Asturias-recibe-fondos-para-politicas-de-vivienda-publica.jpg\" \/>\n\t\t<meta name=\"twitter:label1\" content=\"Escrito por\" \/>\n\t\t<meta name=\"twitter:data1\" content=\"Cand\u00e1s 365\" \/>\n\t\t<meta name=\"twitter:label2\" content=\"Tiempo de lectura estimado\" \/>\n\t\t<meta name=\"twitter:data2\" content=\"4 minutos\" \/>\n\t\t<script type=\"application\/ld+json\" class=\"aioseo-schema\">\n\t\t\t{\"@context\":\"https:\\\/\\\/schema.org\",\"@graph\":[{\"@type\":\"BreadcrumbList\",\"@id\":\"https:\\\/\\\/candas365.es\\\/noticias\\\/asturias-recibe-fondos-para-politicas-de-vivienda-publica\\\/#breadcrumblist\",\"itemListElement\":[{\"@type\":\"ListItem\",\"@id\":\"https:\\\/\\\/candas365.es\\\/noticias#listItem\",\"position\":1,\"name\":\"Home\",\"item\":\"https:\\\/\\\/candas365.es\\\/noticias\",\"nextItem\":{\"@type\":\"ListItem\",\"@id\":\"https:\\\/\\\/candas365.es\\\/noticias\\\/category\\\/asturias\\\/#listItem\",\"name\":\"Asturias\"}},{\"@type\":\"ListItem\",\"@id\":\"https:\\\/\\\/candas365.es\\\/noticias\\\/category\\\/asturias\\\/#listItem\",\"position\":2,\"name\":\"Asturias\",\"item\":\"https:\\\/\\\/candas365.es\\\/noticias\\\/category\\\/asturias\\\/\",\"nextItem\":{\"@type\":\"ListItem\",\"@id\":\"https:\\\/\\\/candas365.es\\\/noticias\\\/asturias-recibe-fondos-para-politicas-de-vivienda-publica\\\/#listItem\",\"name\":\"Asturias recibe fondos para pol\\u00edticas de vivienda p\\u00fablica\"},\"previousItem\":{\"@type\":\"ListItem\",\"@id\":\"https:\\\/\\\/candas365.es\\\/noticias#listItem\",\"name\":\"Home\"}},{\"@type\":\"ListItem\",\"@id\":\"https:\\\/\\\/candas365.es\\\/noticias\\\/asturias-recibe-fondos-para-politicas-de-vivienda-publica\\\/#listItem\",\"position\":3,\"name\":\"Asturias recibe fondos para pol\\u00edticas de vivienda p\\u00fablica\",\"previousItem\":{\"@type\":\"ListItem\",\"@id\":\"https:\\\/\\\/candas365.es\\\/noticias\\\/category\\\/asturias\\\/#listItem\",\"name\":\"Asturias\"}}]},{\"@type\":\"NewsArticle\",\"@id\":\"https:\\\/\\\/candas365.es\\\/noticias\\\/asturias-recibe-fondos-para-politicas-de-vivienda-publica\\\/#newsarticle\",\"name\":\"Asturias recibe fondos para pol\\u00edticas de vivienda p\\u00fablica | Cand\\u00e1s 365\",\"headline\":\"Asturias recibe fondos para pol\\u00edticas de vivienda p\\u00fablica\",\"author\":{\"@id\":\"https:\\\/\\\/candas365.es\\\/noticias\\\/author\\\/admin\\\/#author\"},\"publisher\":{\"@id\":\"https:\\\/\\\/candas365.es\\\/noticias\\\/#organization\"},\"image\":{\"@type\":\"ImageObject\",\"url\":\"https:\\\/\\\/candas365.es\\\/noticias\\\/wp-content\\\/uploads\\\/2026\\\/09\\\/Asturias-recibe-fondos-para-politicas-de-vivienda-publica.jpg\",\"width\":1230,\"height\":828,\"caption\":\"Foto: Prensa Principado de Asturias\"},\"datePublished\":\"2026-09-04T14:24:39+02:00\",\"dateModified\":\"2026-09-04T14:24:39+02:00\",\"inLanguage\":\"es-ES\",\"mainEntityOfPage\":{\"@id\":\"https:\\\/\\\/candas365.es\\\/noticias\\\/asturias-recibe-fondos-para-politicas-de-vivienda-publica\\\/#webpage\"},\"isPartOf\":{\"@id\":\"https:\\\/\\\/candas365.es\\\/noticias\\\/asturias-recibe-fondos-para-politicas-de-vivienda-publica\\\/#webpage\"},\"articleSection\":\"Asturias, Asturias\",\"dateline\":\"Publicado el septiembre 4, 2026.\"},{\"@type\":\"Organization\",\"@id\":\"https:\\\/\\\/candas365.es\\\/noticias\\\/#organization\",\"name\":\"Cand\\u00e1s 365\",\"description\":\"Cand\\u00e1s 365 es un diario digital independiente, fundado en 2012, con base en Asturias. Informamos con rigor sobre actualidad, sociedad, cultura y ocio, con una mirada local y global.\",\"url\":\"https:\\\/\\\/candas365.es\\\/noticias\\\/\",\"email\":\"info@candas365.es\",\"telephone\":\"+34652131393\",\"foundingDate\":\"2012-06-10\",\"logo\":{\"@type\":\"ImageObject\",\"url\":\"https:\\\/\\\/candas365.es\\\/noticias\\\/wp-content\\\/uploads\\\/2024\\\/09\\\/Candas-365-Redes.jpg\",\"@id\":\"https:\\\/\\\/candas365.es\\\/noticias\\\/asturias-recibe-fondos-para-politicas-de-vivienda-publica\\\/#organizationLogo\",\"width\":1152,\"height\":864,\"caption\":\"Cand\\u00e1s 365 Redes\"},\"image\":{\"@id\":\"https:\\\/\\\/candas365.es\\\/noticias\\\/asturias-recibe-fondos-para-politicas-de-vivienda-publica\\\/#organizationLogo\"},\"sameAs\":[\"https:\\\/\\\/www.facebook.com\\\/Nachofdezber\",\"https:\\\/\\\/x.com\\\/candas365\",\"https:\\\/\\\/www.instagram.com\\\/nachofdezber\\\/\",\"https:\\\/\\\/www.youtube.com\\\/channel\\\/UCZP-2wLEB9Rv6erhFmqVnvg\"],\"address\":{\"@id\":\"https:\\\/\\\/candas365.es\\\/noticias\\\/#postaladdress\",\"@type\":\"PostalAddress\",\"streetAddress\":\"san antonio 4, san antonio 4\",\"postalCode\":\"33430\",\"addressLocality\":\"Cand\\u00e1s\",\"addressRegion\":\"Asturias\",\"addressCountry\":\"ES\"}},{\"@type\":\"Person\",\"@id\":\"https:\\\/\\\/candas365.es\\\/noticias\\\/author\\\/admin\\\/#author\",\"url\":\"https:\\\/\\\/candas365.es\\\/noticias\\\/author\\\/admin\\\/\",\"name\":\"Cand\\u00e1s 365\",\"image\":{\"@type\":\"ImageObject\",\"@id\":\"https:\\\/\\\/candas365.es\\\/noticias\\\/asturias-recibe-fondos-para-politicas-de-vivienda-publica\\\/#authorImage\",\"url\":\"https:\\\/\\\/candas365.es\\\/noticias\\\/wp-content\\\/uploads\\\/2026\\\/07\\\/cropped-eyevuvEl_400x400-96x96.jpg\",\"width\":96,\"height\":96,\"caption\":\"Cand\\u00e1s 365\"},\"sameAs\":[\"https:\\\/\\\/www.facebook.com\\\/Nachofdezber\",\"https:\\\/\\\/x.com\\\/candas365\",\"https:\\\/\\\/www.instagram.com\\\/nachofdezber\\\/\",\"https:\\\/\\\/www.youtube.com\\\/channel\\\/UCZP-2wLEB9Rv6erhFmqVnvg\"]},{\"@type\":\"WebPage\",\"@id\":\"https:\\\/\\\/candas365.es\\\/noticias\\\/asturias-recibe-fondos-para-politicas-de-vivienda-publica\\\/#webpage\",\"url\":\"https:\\\/\\\/candas365.es\\\/noticias\\\/asturias-recibe-fondos-para-politicas-de-vivienda-publica\\\/\",\"name\":\"Asturias recibe fondos para pol\\u00edticas de vivienda p\\u00fablica | Cand\\u00e1s 365\",\"description\":\"El Principado de Asturias recibir\\u00e1 2.958.594 euros de financiaci\\u00f3n estatal para desarrollar las pol\\u00edticas de vivienda p\\u00fablica en las zonas de mercado\",\"inLanguage\":\"es-ES\",\"isPartOf\":{\"@id\":\"https:\\\/\\\/candas365.es\\\/noticias\\\/#website\"},\"breadcrumb\":{\"@id\":\"https:\\\/\\\/candas365.es\\\/noticias\\\/asturias-recibe-fondos-para-politicas-de-vivienda-publica\\\/#breadcrumblist\"},\"author\":{\"@id\":\"https:\\\/\\\/candas365.es\\\/noticias\\\/author\\\/admin\\\/#author\"},\"creator\":{\"@id\":\"https:\\\/\\\/candas365.es\\\/noticias\\\/author\\\/admin\\\/#author\"},\"image\":{\"@type\":\"ImageObject\",\"url\":\"https:\\\/\\\/candas365.es\\\/noticias\\\/wp-content\\\/uploads\\\/2026\\\/09\\\/Asturias-recibe-fondos-para-politicas-de-vivienda-publica.jpg\",\"@id\":\"https:\\\/\\\/candas365.es\\\/noticias\\\/asturias-recibe-fondos-para-politicas-de-vivienda-publica\\\/#mainImage\",\"width\":1230,\"height\":828,\"caption\":\"Foto: Prensa Principado de Asturias\"},\"primaryImageOfPage\":{\"@id\":\"https:\\\/\\\/candas365.es\\\/noticias\\\/asturias-recibe-fondos-para-politicas-de-vivienda-publica\\\/#mainImage\"},\"datePublished\":\"2026-09-04T14:24:39+02:00\",\"dateModified\":\"2026-09-04T14:24:39+02:00\"},{\"@type\":\"WebSite\",\"@id\":\"https:\\\/\\\/candas365.es\\\/noticias\\\/#website\",\"url\":\"https:\\\/\\\/candas365.es\\\/noticias\\\/\",\"name\":\"Cand\\u00e1s 365\",\"alternateName\":\"Cand\\u00e1s 365 Noticias\",\"description\":\"Actualidad desde Carre\\u00f1o para el mundo\",\"inLanguage\":\"es-ES\",\"publisher\":{\"@id\":\"https:\\\/\\\/candas365.es\\\/noticias\\\/#organization\"}}]}\n\t\t<\/script>\n\t\t<!-- All in One SEO Pro -->\r\n\t\t<title>Asturias recibe fondos para pol\u00edticas de vivienda p\u00fablica | Cand\u00e1s 365<\/title>\n\n","aioseo_head_json":{"title":"Asturias recibe fondos para pol\u00edticas de vivienda p\u00fablica | Cand\u00e1s 365","description":"El Principado de Asturias recibir\u00e1 2.958.594 euros de financiaci\u00f3n estatal para desarrollar las pol\u00edticas de vivienda p\u00fablica en las zonas de mercado","canonical_url":"https:\/\/candas365.es\/noticias\/asturias-recibe-fondos-para-politicas-de-vivienda-publica\/","robots":"max-image-preview:large","keywords":"asturias","webmasterTools":{"google-site-verification":"UA-32230408-1","msvalidate.01":"354F3CDFB2DA171B47FBE9ABF1F88D5","miscellaneous":""},"schema":{"@context":"https:\/\/schema.org","@graph":[{"@type":"BreadcrumbList","@id":"https:\/\/candas365.es\/noticias\/asturias-recibe-fondos-para-politicas-de-vivienda-publica\/#breadcrumblist","itemListElement":[{"@type":"ListItem","@id":"https:\/\/candas365.es\/noticias#listItem","position":1,"name":"Home","item":"https:\/\/candas365.es\/noticias","nextItem":{"@type":"ListItem","@id":"https:\/\/candas365.es\/noticias\/category\/asturias\/#listItem","name":"Asturias"}},{"@type":"ListItem","@id":"https:\/\/candas365.es\/noticias\/category\/asturias\/#listItem","position":2,"name":"Asturias","item":"https:\/\/candas365.es\/noticias\/category\/asturias\/","nextItem":{"@type":"ListItem","@id":"https:\/\/candas365.es\/noticias\/asturias-recibe-fondos-para-politicas-de-vivienda-publica\/#listItem","name":"Asturias recibe fondos para pol\u00edticas de vivienda p\u00fablica"},"previousItem":{"@type":"ListItem","@id":"https:\/\/candas365.es\/noticias#listItem","name":"Home"}},{"@type":"ListItem","@id":"https:\/\/candas365.es\/noticias\/asturias-recibe-fondos-para-politicas-de-vivienda-publica\/#listItem","position":3,"name":"Asturias recibe fondos para pol\u00edticas de vivienda p\u00fablica","previousItem":{"@type":"ListItem","@id":"https:\/\/candas365.es\/noticias\/category\/asturias\/#listItem","name":"Asturias"}}]},{"@type":"NewsArticle","@id":"https:\/\/candas365.es\/noticias\/asturias-recibe-fondos-para-politicas-de-vivienda-publica\/#newsarticle","name":"Asturias recibe fondos para pol\u00edticas de vivienda p\u00fablica | Cand\u00e1s 365","headline":"Asturias recibe fondos para pol\u00edticas de vivienda p\u00fablica","author":{"@id":"https:\/\/candas365.es\/noticias\/author\/admin\/#author"},"publisher":{"@id":"https:\/\/candas365.es\/noticias\/#organization"},"image":{"@type":"ImageObject","url":"https:\/\/candas365.es\/noticias\/wp-content\/uploads\/2026\/09\/Asturias-recibe-fondos-para-politicas-de-vivienda-publica.jpg","width":1230,"height":828,"caption":"Foto: Prensa Principado de Asturias"},"datePublished":"2026-09-04T14:24:39+02:00","dateModified":"2026-09-04T14:24:39+02:00","inLanguage":"es-ES","mainEntityOfPage":{"@id":"https:\/\/candas365.es\/noticias\/asturias-recibe-fondos-para-politicas-de-vivienda-publica\/#webpage"},"isPartOf":{"@id":"https:\/\/candas365.es\/noticias\/asturias-recibe-fondos-para-politicas-de-vivienda-publica\/#webpage"},"articleSection":"Asturias, Asturias","dateline":"Publicado el septiembre 4, 2026."},{"@type":"Organization","@id":"https:\/\/candas365.es\/noticias\/#organization","name":"Cand\u00e1s 365","description":"Cand\u00e1s 365 es un diario digital independiente, fundado en 2012, con base en Asturias. Informamos con rigor sobre actualidad, sociedad, cultura y ocio, con una mirada local y global.","url":"https:\/\/candas365.es\/noticias\/","email":"info@candas365.es","telephone":"+34652131393","foundingDate":"2012-06-10","logo":{"@type":"ImageObject","url":"https:\/\/candas365.es\/noticias\/wp-content\/uploads\/2024\/09\/Candas-365-Redes.jpg","@id":"https:\/\/candas365.es\/noticias\/asturias-recibe-fondos-para-politicas-de-vivienda-publica\/#organizationLogo","width":1152,"height":864,"caption":"Cand\u00e1s 365 Redes"},"image":{"@id":"https:\/\/candas365.es\/noticias\/asturias-recibe-fondos-para-politicas-de-vivienda-publica\/#organizationLogo"},"sameAs":["https:\/\/www.facebook.com\/Nachofdezber","https:\/\/x.com\/candas365","https:\/\/www.instagram.com\/nachofdezber\/","https:\/\/www.youtube.com\/channel\/UCZP-2wLEB9Rv6erhFmqVnvg"],"address":{"@id":"https:\/\/candas365.es\/noticias\/#postaladdress","@type":"PostalAddress","streetAddress":"san antonio 4, san antonio 4","postalCode":"33430","addressLocality":"Cand\u00e1s","addressRegion":"Asturias","addressCountry":"ES"}},{"@type":"Person","@id":"https:\/\/candas365.es\/noticias\/author\/admin\/#author","url":"https:\/\/candas365.es\/noticias\/author\/admin\/","name":"Cand\u00e1s 365","image":{"@type":"ImageObject","@id":"https:\/\/candas365.es\/noticias\/asturias-recibe-fondos-para-politicas-de-vivienda-publica\/#authorImage","url":"https:\/\/candas365.es\/noticias\/wp-content\/uploads\/2026\/07\/cropped-eyevuvEl_400x400-96x96.jpg","width":96,"height":96,"caption":"Cand\u00e1s 365"},"sameAs":["https:\/\/www.facebook.com\/Nachofdezber","https:\/\/x.com\/candas365","https:\/\/www.instagram.com\/nachofdezber\/","https:\/\/www.youtube.com\/channel\/UCZP-2wLEB9Rv6erhFmqVnvg"]},{"@type":"WebPage","@id":"https:\/\/candas365.es\/noticias\/asturias-recibe-fondos-para-politicas-de-vivienda-publica\/#webpage","url":"https:\/\/candas365.es\/noticias\/asturias-recibe-fondos-para-politicas-de-vivienda-publica\/","name":"Asturias recibe fondos para pol\u00edticas de vivienda p\u00fablica | Cand\u00e1s 365","description":"El Principado de Asturias recibir\u00e1 2.958.594 euros de financiaci\u00f3n estatal para desarrollar las pol\u00edticas de vivienda p\u00fablica en las zonas de mercado","inLanguage":"es-ES","isPartOf":{"@id":"https:\/\/candas365.es\/noticias\/#website"},"breadcrumb":{"@id":"https:\/\/candas365.es\/noticias\/asturias-recibe-fondos-para-politicas-de-vivienda-publica\/#breadcrumblist"},"author":{"@id":"https:\/\/candas365.es\/noticias\/author\/admin\/#author"},"creator":{"@id":"https:\/\/candas365.es\/noticias\/author\/admin\/#author"},"image":{"@type":"ImageObject","url":"https:\/\/candas365.es\/noticias\/wp-content\/uploads\/2026\/09\/Asturias-recibe-fondos-para-politicas-de-vivienda-publica.jpg","@id":"https:\/\/candas365.es\/noticias\/asturias-recibe-fondos-para-politicas-de-vivienda-publica\/#mainImage","width":1230,"height":828,"caption":"Foto: Prensa Principado de Asturias"},"primaryImageOfPage":{"@id":"https:\/\/candas365.es\/noticias\/asturias-recibe-fondos-para-politicas-de-vivienda-publica\/#mainImage"},"datePublished":"2026-09-04T14:24:39+02:00","dateModified":"2026-09-04T14:24:39+02:00"},{"@type":"WebSite","@id":"https:\/\/candas365.es\/noticias\/#website","url":"https:\/\/candas365.es\/noticias\/","name":"Cand\u00e1s 365","alternateName":"Cand\u00e1s 365 Noticias","description":"Actualidad desde Carre\u00f1o para el mundo","inLanguage":"es-ES","publisher":{"@id":"https:\/\/candas365.es\/noticias\/#organization"}}]},"og:locale":"es_ES","og:site_name":"Cand\u00e1s 365","og:type":"article","og:title":"Asturias recibe fondos para pol\u00edticas de vivienda p\u00fablica \u2013 Cand\u00e1s 365","og:description":"El Principado de Asturias recibir\u00e1 2.958.594 euros de financiaci\u00f3n estatal para desarrollar las pol\u00edticas de vivienda p\u00fablica en las zonas de mercado","og:url":"https:\/\/candas365.es\/noticias\/asturias-recibe-fondos-para-politicas-de-vivienda-publica\/","og:image":"https:\/\/candas365.es\/noticias\/wp-content\/uploads\/2026\/09\/Asturias-recibe-fondos-para-politicas-de-vivienda-publica.jpg","og:image:secure_url":"https:\/\/candas365.es\/noticias\/wp-content\/uploads\/2026\/09\/Asturias-recibe-fondos-para-politicas-de-vivienda-publica.jpg","og:image:width":1230,"og:image:height":828,"article:published_time":"2026-09-04T12:24:39+00:00","article:modified_time":"2026-09-04T12:24:39+00:00","article:publisher":"https:\/\/www.facebook.com\/Nachofdezber","article:author":"https:\/\/www.facebook.com\/Nachofdezber","twitter:card":"summary_large_image","twitter:site":"@candas365","twitter:title":"Asturias recibe fondos para pol\u00edticas de vivienda p\u00fablica \u2013 Cand\u00e1s 365","twitter:description":"El Principado de Asturias recibir\u00e1 2.958.594 euros de financiaci\u00f3n estatal para desarrollar las pol\u00edticas de vivienda p\u00fablica en las zonas de mercado","twitter:creator":"@candas365","twitter:image":"https:\/\/candas365.es\/noticias\/wp-content\/uploads\/2026\/09\/Asturias-recibe-fondos-para-politicas-de-vivienda-publica.jpg","twitter:label1":"Escrito por","twitter:data1":"Cand\u00e1s 365","twitter:label2":"Tiempo de lectura estimado","twitter:data2":"4 minutos"},"aioseo_meta_data":{"post_id":"197997","title":null,"description":"El Principado de Asturias recibir\u00e1 2.958.594 euros de financiaci\u00f3n estatal para desarrollar las pol\u00edticas de vivienda p\u00fablica en las zonas de mercado","keywords":null,"keyphrases":{"focus":{"keyphrase":"vivienda p\u00fablica","score":0,"analysis":[]},"additional":[{"keyphrase":"Asturias","score":0}]},"primary_term":null,"canonical_url":null,"og_title":"#post_title #separator_sa #site_title","og_description":"El Principado de Asturias recibir\u00e1 2.958.594 euros de financiaci\u00f3n estatal para desarrollar las pol\u00edticas de vivienda p\u00fablica en las zonas de mercado","og_object_type":"default","og_image_type":"default","og_image_url":null,"og_image_width":null,"og_image_height":null,"og_image_custom_url":null,"og_image_custom_fields":null,"og_video":"","og_custom_url":null,"og_article_section":null,"og_article_tags":null,"twitter_use_og":false,"twitter_card":"default","twitter_image_type":"default","twitter_image_url":null,"twitter_image_custom_url":null,"twitter_image_custom_fields":null,"twitter_title":"#post_title #separator_sa #site_title","twitter_description":"El Principado de Asturias recibir\u00e1 2.958.594 euros de financiaci\u00f3n estatal para desarrollar las pol\u00edticas de vivienda p\u00fablica en las zonas de mercado","schema":{"blockGraphs":[],"customGraphs":[],"default":{"data":{"Article":[],"Course":[],"Dataset":[],"FAQPage":[],"Movie":[],"Person":[],"Product":[],"ProductReview":[],"Car":[],"Recipe":[],"Service":[],"SoftwareApplication":[],"WebPage":[]},"graphName":"NewsArticle","isEnabled":true},"graphs":[]},"schema_type":"default","schema_type_options":null,"pillar_content":false,"robots_default":true,"robots_noindex":false,"robots_noarchive":false,"robots_nosnippet":false,"robots_nofollow":false,"robots_noimageindex":false,"robots_noodp":false,"robots_notranslate":false,"robots_max_snippet":"-1","robots_max_videopreview":"-1","robots_max_imagepreview":"large","priority":null,"frequency":"default","location":null,"local_seo":null,"seo_analyzer_scan_date":"2026-09-04 12:24:50","breadcrumb_settings":null,"limit_modified_date":false,"reviewed_by":"0","open_ai":null,"ai":{"faqs":[],"keyPoints":[],"schemas":[],"titles":[],"descriptions":[],"socialPosts":{"email":{"subject":"","preview":"","content":""},"linkedin":[],"twitter":[],"facebook":[],"instagram":[]}},"created":"2026-09-04 12:14:13","updated":"2026-09-04 13:01:12","focus_keyword":"vivienda p\u00fablica","additional_keywords":[{"word":"Asturias","score":100,"items":{"introductionKeyword":{"score":9},"keyphraseLength":{"score":9},"keyphraseDensity":{"score":9},"functionWordsInKeyphrase":{"score":9},"textCompetingLinks":{"score":9},"imageKeyphrase":{"score":9}}}],"truseo_locale":null},"aioseo_breadcrumb":"<div class=\"aioseo-breadcrumbs\"><span class=\"aioseo-breadcrumb\">\n\t<a href=\"https:\/\/candas365.es\/noticias\" title=\"Home\">Home<\/a>\n<\/span><span class=\"aioseo-breadcrumb-separator\">&ndash;<\/span><span class=\"aioseo-breadcrumb\">\n\t<a href=\"https:\/\/candas365.es\/noticias\/category\/asturias\/\" title=\"Asturias\">Asturias<\/a>\n<\/span><span class=\"aioseo-breadcrumb-separator\">&ndash;<\/span><span class=\"aioseo-breadcrumb\">\n\tAsturias recibe fondos para pol\u00edticas de vivienda p\u00fablica\n<\/span><\/div>","aioseo_breadcrumb_json":[{"label":"Home","link":"https:\/\/candas365.es\/noticias"},{"label":"Asturias","link":"https:\/\/candas365.es\/noticias\/category\/asturias\/"},{"label":"Asturias recibe fondos para pol\u00edticas de vivienda p\u00fablica","link":"https:\/\/candas365.es\/noticias\/asturias-recibe-fondos-para-politicas-de-vivienda-publica\/"}],"_links":{"self":[{"href":"https:\/\/candas365.es\/noticias\/wp-json\/wp\/v2\/posts\/197997","targetHints":{"allow":["GET"]}}],"collection":[{"href":"https:\/\/candas365.es\/noticias\/wp-json\/wp\/v2\/posts"}],"about":[{"href":"https:\/\/candas365.es\/noticias\/wp-json\/wp\/v2\/types\/post"}],"author":[{"embeddable":true,"href":"https:\/\/candas365.es\/noticias\/wp-json\/wp\/v2\/users\/1"}],"replies":[{"embeddable":true,"href":"https:\/\/candas365.es\/noticias\/wp-json\/wp\/v2\/comments?post=197997"}],"version-history":[{"count":1,"href":"https:\/\/candas365.es\/noticias\/wp-json\/wp\/v2\/posts\/197997\/revisions"}],"predecessor-version":[{"id":197999,"href":"https:\/\/candas365.es\/noticias\/wp-json\/wp\/v2\/posts\/197997\/revisions\/197999"}],"wp:featuredmedia":[{"embeddable":true,"href":"https:\/\/candas365.es\/noticias\/wp-json\/wp\/v2\/media\/197998"}],"wp:attachment":[{"href":"https:\/\/candas365.es\/noticias\/wp-json\/wp\/v2\/media?parent=197997"}],"wp:term":[{"taxonomy":"category","embeddable":true,"href":"https:\/\/candas365.es\/noticias\/wp-json\/wp\/v2\/categories?post=197997"},{"taxonomy":"post_tag","embeddable":true,"href":"https:\/\/candas365.es\/noticias\/wp-json\/wp\/v2\/tags?post=197997"}],"curies":[{"name":"wp","href":"https:\/\/api.w.org\/{rel}","templated":true}]}}