{"id":197994,"date":"2026-09-04T14:09:19","date_gmt":"2026-09-04T12:09:19","guid":{"rendered":"https:\/\/candas365.es\/noticias\/?p=197994"},"modified":"2026-09-04T14:09:19","modified_gmt":"2026-09-04T12:09:19","slug":"aumentan-las-compras-de-segunda-mano-en-espana","status":"publish","type":"post","link":"https:\/\/candas365.es\/noticias\/aumentan-las-compras-de-segunda-mano-en-espana\/","title":{"rendered":"Aumentan las compras de segunda mano en Espa\u00f1a"},"content":{"rendered":"<p>Una encuesta afirma que cada vez son m\u00e1s los <a href=\"https:\/\/candas365.es\/noticias\/category\/economia\/\"><span style=\"color: #ff6600;\"><strong>consumidores en Espa\u00f1a que compran productos de segunda mano<\/strong><\/span><\/a>, ya sea a trav\u00e9s de particulares, tiendas o empresas especializadas.<\/p>\n<figure id=\"attachment_197995\" aria-describedby=\"caption-attachment-197995\" style=\"width: 650px\" class=\"wp-caption aligncenter\"><img fetchpriority=\"high\" decoding=\"async\" class=\"size-large wp-image-197995\" src=\"https:\/\/candas365.es\/noticias\/wp-content\/uploads\/2026\/09\/Aumentan-las-compras-de-segunda-mano-en-Espana-650x363.jpg\" alt=\"Aumentan las compras de segunda mano en Espa\u00f1a\" width=\"650\" height=\"363\" srcset=\"https:\/\/candas365.es\/noticias\/wp-content\/uploads\/2026\/09\/Aumentan-las-compras-de-segunda-mano-en-Espana-650x363.jpg 650w, https:\/\/candas365.es\/noticias\/wp-content\/uploads\/2026\/09\/Aumentan-las-compras-de-segunda-mano-en-Espana-360x201.jpg 360w, https:\/\/candas365.es\/noticias\/wp-content\/uploads\/2026\/09\/Aumentan-las-compras-de-segunda-mano-en-Espana-768x429.jpg 768w, https:\/\/candas365.es\/noticias\/wp-content\/uploads\/2026\/09\/Aumentan-las-compras-de-segunda-mano-en-Espana-150x84.jpg 150w, https:\/\/candas365.es\/noticias\/wp-content\/uploads\/2026\/09\/Aumentan-las-compras-de-segunda-mano-en-Espana-450x251.jpg 450w, https:\/\/candas365.es\/noticias\/wp-content\/uploads\/2026\/09\/Aumentan-las-compras-de-segunda-mano-en-Espana-1200x670.jpg 1200w, https:\/\/candas365.es\/noticias\/wp-content\/uploads\/2026\/09\/Aumentan-las-compras-de-segunda-mano-en-Espana.jpg 1248w\" sizes=\"(max-width: 650px) 100vw, 650px\" \/><figcaption id=\"caption-attachment-197995\" class=\"wp-caption-text\">Una mujer abre un paquete de Amazon | Foto de Amazon<\/figcaption><\/figure>\n<div id=\"#start-scroll\" class=\"srvm-nw__intro\">\n<p>Dos de cada tres consumidores en Espa\u00f1a, en concreto el 67%, han comprado productos de segunda mano, ya sea a trav\u00e9s de particulares, tiendas o empresas especializadas.<\/p>\n<\/div>\n<div class=\"srvm-nw__body\">\n<p>As\u00ed lo desvela una encuesta realizada por Beruby para Amazon seg\u00fan la cual para m\u00e1s del 75% el ahorro es la principal motivaci\u00f3n para comprar este tipo de productos, tal y como precis\u00f3 este viernes la plataforma en un comunicado.<\/p>\n<p>En 2025, las ventas de segunda mano en Amazon superaron los 2.000 millones de euros en Europa y permitieron ahorrar a los clientes m\u00e1s de 380 millones de euros, m\u00e1s de 30 millones en Espa\u00f1a<\/p>\n<p>La vuelta al cole es uno de los periodos de mayor gasto para los hogares espa\u00f1oles y en los que m\u00e1s se aprecia el aumento del coste de la vida y la creciente inflaci\u00f3n. As\u00ed, m\u00e1s de la mitad de los consumidores (51,5%) considera que tendr\u00e1 que gastar m\u00e1s esta vuelta, un aumento derivado de la subida de precios que percibe el 67% de los encuestados.<\/p>\n<p>En este escenario, el 74% considera que comprar productos de segunda mano podr\u00eda reducir el gasto total de la vuelta al cole en m\u00e1s de un 20%.<\/p>\n<p>Entre los productos con mayor disposici\u00f3n a comprarse de segunda mano o reacondicionados destacan los libros de texto (87,2%), el mobiliario de estudio (75,6%), los dispositivos electr\u00f3nicos como tabletas u ordenadores (73,7%), los instrumentos musicales (63,5%) y el material deportivo (59,5%).<\/p>\n<p>Otras de las estrategias a las que recurren los hogares para reducir sus gastos son aprovechar promociones, descuentos y eventos de ofertas (59,2%), comparar precios online (54,1%) y reutilizar productos de cursos anteriores (38,9%).<\/p>\n<h1>D\u00cdA DE OFERTAS<\/h1>\n<p>En esta l\u00ednea, Amazon lanza -por segundo a\u00f1o consecutivo- los D\u00edas de Ofertas de Segunda Mano y los clientes que compran productos devueltos y reacondicionados en Amazon ya ahorran de media un 20% sobre los precios de venta recomendados.<\/p>\n<p>A este ahorro se suma el hecho de que hasta el 10 de septiembre podr\u00e1n encontrar descuentos adicionales en miles de productos de alta calidad de marcas l\u00edderes.<\/p>\n<p>\u00abNuestra inversi\u00f3n m\u00e1s reciente, de m\u00e1s de 4.000 millones de d\u00f3lares en mejorar la red log\u00edstica encargada de gestionar las devoluciones en Europa, permite que cada vez m\u00e1s productos devueltos tengan una segunda oportunidad. Esto va acompa\u00f1ado de un crecimiento en las ventas de productos de segunda mano que ya han superado los 2.000 millones de euros en Europa\u00bb, afirm\u00f3 al respecto la directora general de Amazon en Espa\u00f1a y Portugal, Ruth D\u00edaz.<\/p>\n<p>En este sentido, calcul\u00f3 que s\u00f3lo en Espa\u00f1a, los clientes han ahorrado \u201cm\u00e1s de 30 millones de euros comprando productos de segunda mano en Amazon el a\u00f1o pasado\u201d. \u201cLos D\u00edas de Ofertas de Segunda Mano ofrecen a los clientes un ahorro a\u00fan mayor, con cada producto rigurosamente inspeccionado por nuestros especialistas cualificados\u00bb, abund\u00f3.<\/p>\n<p>Junto a ello, m\u00e1s del 90% de los encuestados consideran que comprar productos de segunda mano est\u00e1 mejor visto que hace unos a\u00f1os y el 73% se muestra de acuerdo con que esta pr\u00e1ctica est\u00e1 cada vez m\u00e1s normalizada.<\/p>\n<p>Para m\u00e1s del 75% es una manera de acceder a productos de mayor calidad sin aumentar el presupuesto y para el 72% contribuye a un consumo m\u00e1s responsable se\u00f1alando que es m\u00e1s relevante que un producto funcione correctamente que el hecho de que sea nuevo.<\/p>\n<h3>CONFIANZA<\/h3>\n<p>Seg\u00fan la encuesta, los factores que m\u00e1s refuerzan la confianza a la hora de elegir productos de segunda mano o reacondicionados son disponer de garant\u00eda (52%), tener una descripci\u00f3n detallada de su estado (42%), que el producto haya sido revisado por profesionales (38%) y tener opciones de devoluci\u00f3n (31%).<\/p>\n<p>Con el objetivo de que el cliente cuente con la m\u00e1xima informaci\u00f3n a la hora de realizar su compra, Amazon desarrolla herramientas para ayudar a los clientes a acertar con su compra.<\/p>\n<p>Los res\u00famenes de rese\u00f1as generados con IA y la informaci\u00f3n detallada de producto permiten elegir con mayor confianza. La tecnolog\u00eda de recomendaci\u00f3n de talla logra que m\u00e1s del 90% de los clientes que siguen la sugerencia queden satisfechos con su compra.<\/p>\n<p>Adem\u00e1s, Amazon identifica productos con altas tasas de devoluci\u00f3n y avisa a los compradores para que revisen las descripciones y rese\u00f1as antes de comprar.<\/p>\n<h3>DEVOLUCIONES<\/h3>\n<p>Cuando se producen devoluciones, la prioridad es mantener los productos en uso y Amazon inspecciona todos los art\u00edculos devueltos: los prueba, limpia y repara cuando es necesario y los pone de nuevo a la venta con descuento.<\/p>\n<p>El precio refleja el estado del art\u00edculo, con mayores descuentos en productos en estado \u201cusado\u201d frente a los que est\u00e1n \u201ccomo nuevo\u201d. Los productos que no son aptos para la reventa pero que se encuentran en buen estado se donan a organizaciones sin \u00e1nimo de lucro en toda Europa.<\/p>\n<p>En 2025, Amazon y sus vendedores colaboradores donaron m\u00e1s de 35 millones de art\u00edculos en toda Europa, incluyendo muchas devoluciones.<\/p>\n<p>Amazon vende art\u00edculos usados, devueltos y reacondicionados a trav\u00e9s de dos programas principales, ambos respaldados por las pol\u00edticas de atenci\u00f3n al cliente y devoluciones de la plataforma.<\/p>\n<p>En concreto, Amazon Segunda Mano ofrece productos usados y de caja abierta a precios con descuento. Estos art\u00edculos pasan por una inspecci\u00f3n exhaustiva y se publican con descripciones de su estado -desde \u201cComo Nuevo\u201d hasta \u201cAceptable\u201d- para que los clientes puedan tomar una decisi\u00f3n informada a un precio que refleja el estado del producto.<\/p>\n<p>A su vez, Amazon Renewed ofrece productos reacondicionados vendidos por vendedores asociados y cualificados de Amazon. Cada producto es inspeccionado, limpiado y probado profesionalmente antes de ser ofrecido a precios competitivos.<\/p>\n<p>Amazon ha ofrecido productos de segunda mano durante m\u00e1s de 20 a\u00f1os en Europa, comenzando con vendedores en Reino Unido y Alemania en 2002. En Espa\u00f1a, ha vendido productos de segunda mano desde su lanzamiento hace 15 a\u00f1os.<\/p>\n<p>Desde entonces, la compa\u00f1\u00eda ha seguido invirtiendo en su oferta de segunda mano, vendiendo productos devueltos y de caja abierta desde 2009 e introduciendo productos reacondicionados profesionalmente en 2014 y hoy comprar de segunda mano en Amazon ofrece la misma amplia selecci\u00f3n, gran valor y la comodidad que los clientes esperan de la plataforma.<\/p>\n<\/div>\n<div id=\"end-scroll\" class=\"srvm-nw__code\">\n<p>(<a href=\"https:\/\/www.servimedia.es\/\" target=\"_blank\" rel=\"noopener\"><span style=\"color: #ff6600;\"><strong>SERVIMEDIA<\/strong><\/span><\/a>)<\/p>\n<\/div>\n","protected":false},"excerpt":{"rendered":"<p>Una encuesta afirma que cada vez son m\u00e1s los consumidores en Espa\u00f1a que compran productos de segunda mano, ya sea a trav\u00e9s de particulares, tiendas o empresas especializadas. Dos de cada tres consumidores en Espa\u00f1a, en concreto el 67%, han comprado productos de segunda mano, ya sea a trav\u00e9s de particulares, tiendas o empresas especializadas.<\/p>\n","protected":false},"author":1,"featured_media":197995,"comment_status":"closed","ping_status":"closed","sticky":false,"template":"","format":"standard","meta":{"footnotes":""},"categories":[486],"tags":[437],"class_list":["post-197994","post","type-post","status-publish","format-standard","has-post-thumbnail","category-economia","tag-economia"],"aioseo_notices":[],"aioseo_head":"\n\t\t<!-- All in One SEO Pro 5.0.1.1 - aioseo.com -->\n\t<meta name=\"description\" content=\"Una encuesta afirma que cada vez son m\u00e1s los consumidores en Espa\u00f1a que compran productos de segunda mano, ya sea a trav\u00e9s de particulares\" \/>\n\t<meta name=\"robots\" content=\"max-image-preview:large\" \/>\n\t<meta name=\"author\" content=\"Cand\u00e1s 365\"\/>\n\t<meta name=\"google-site-verification\" content=\"UA-32230408-1\" \/>\n\t<meta name=\"msvalidate.01\" content=\"354F3CDFB2DA171B47FBE9ABF1F88D5\" \/>\n\t<meta name=\"keywords\" content=\"econom\u00eda\" \/>\n\t<link rel=\"canonical\" href=\"https:\/\/candas365.es\/noticias\/aumentan-las-compras-de-segunda-mano-en-espana\/\" \/>\n\t<meta name=\"generator\" content=\"All in One SEO Pro (AIOSEO) 5.0.1.1\" \/>\n\t\t<meta property=\"og:locale\" content=\"es_ES\" \/>\n\t\t<meta property=\"og:site_name\" content=\"Cand\u00e1s 365\" \/>\n\t\t<meta property=\"og:type\" content=\"article\" \/>\n\t\t<meta property=\"og:title\" content=\"Aumentan las compras de segunda mano en Espa\u00f1a \u2013 Cand\u00e1s 365\" \/>\n\t\t<meta property=\"og:description\" content=\"Una encuesta afirma que cada vez son m\u00e1s los consumidores en Espa\u00f1a que compran productos de segunda mano, ya sea a trav\u00e9s de particulares\" \/>\n\t\t<meta property=\"og:url\" content=\"https:\/\/candas365.es\/noticias\/aumentan-las-compras-de-segunda-mano-en-espana\/\" \/>\n\t\t<meta property=\"og:image\" content=\"https:\/\/candas365.es\/noticias\/wp-content\/uploads\/2026\/09\/Aumentan-las-compras-de-segunda-mano-en-Espana.jpg\" \/>\n\t\t<meta property=\"og:image:secure_url\" content=\"https:\/\/candas365.es\/noticias\/wp-content\/uploads\/2026\/09\/Aumentan-las-compras-de-segunda-mano-en-Espana.jpg\" \/>\n\t\t<meta property=\"og:image:width\" content=\"1248\" \/>\n\t\t<meta property=\"og:image:height\" content=\"697\" \/>\n\t\t<meta property=\"article:published_time\" content=\"2026-09-04T12:09:19+00:00\" \/>\n\t\t<meta property=\"article:modified_time\" content=\"2026-09-04T12:09:19+00:00\" \/>\n\t\t<meta property=\"article:publisher\" content=\"https:\/\/www.facebook.com\/Nachofdezber\" \/>\n\t\t<meta property=\"article:author\" content=\"https:\/\/www.facebook.com\/Nachofdezber\" \/>\n\t\t<meta name=\"twitter:card\" content=\"summary_large_image\" \/>\n\t\t<meta name=\"twitter:site\" content=\"@candas365\" \/>\n\t\t<meta name=\"twitter:title\" content=\"Aumentan las compras de segunda mano en Espa\u00f1a \u2013 Cand\u00e1s 365\" \/>\n\t\t<meta name=\"twitter:description\" content=\"Una encuesta afirma que cada vez son m\u00e1s los consumidores en Espa\u00f1a que compran productos de segunda mano, ya sea a trav\u00e9s de particulares\" \/>\n\t\t<meta name=\"twitter:creator\" content=\"@candas365\" \/>\n\t\t<meta name=\"twitter:image\" content=\"https:\/\/candas365.es\/noticias\/wp-content\/uploads\/2026\/09\/Aumentan-las-compras-de-segunda-mano-en-Espana.jpg\" \/>\n\t\t<meta name=\"twitter:label1\" content=\"Escrito por\" \/>\n\t\t<meta name=\"twitter:data1\" content=\"Cand\u00e1s 365\" \/>\n\t\t<meta name=\"twitter:label2\" content=\"Tiempo de lectura estimado\" \/>\n\t\t<meta name=\"twitter:data2\" content=\"5 minutos\" \/>\n\t\t<script type=\"application\/ld+json\" class=\"aioseo-schema\">\n\t\t\t{\"@context\":\"https:\\\/\\\/schema.org\",\"@graph\":[{\"@type\":\"BreadcrumbList\",\"@id\":\"https:\\\/\\\/candas365.es\\\/noticias\\\/aumentan-las-compras-de-segunda-mano-en-espana\\\/#breadcrumblist\",\"itemListElement\":[{\"@type\":\"ListItem\",\"@id\":\"https:\\\/\\\/candas365.es\\\/noticias#listItem\",\"position\":1,\"name\":\"Home\",\"item\":\"https:\\\/\\\/candas365.es\\\/noticias\",\"nextItem\":{\"@type\":\"ListItem\",\"@id\":\"https:\\\/\\\/candas365.es\\\/noticias\\\/category\\\/economia\\\/#listItem\",\"name\":\"Econom\\u00eda\"}},{\"@type\":\"ListItem\",\"@id\":\"https:\\\/\\\/candas365.es\\\/noticias\\\/category\\\/economia\\\/#listItem\",\"position\":2,\"name\":\"Econom\\u00eda\",\"item\":\"https:\\\/\\\/candas365.es\\\/noticias\\\/category\\\/economia\\\/\",\"nextItem\":{\"@type\":\"ListItem\",\"@id\":\"https:\\\/\\\/candas365.es\\\/noticias\\\/aumentan-las-compras-de-segunda-mano-en-espana\\\/#listItem\",\"name\":\"Aumentan las compras de segunda mano en Espa\\u00f1a\"},\"previousItem\":{\"@type\":\"ListItem\",\"@id\":\"https:\\\/\\\/candas365.es\\\/noticias#listItem\",\"name\":\"Home\"}},{\"@type\":\"ListItem\",\"@id\":\"https:\\\/\\\/candas365.es\\\/noticias\\\/aumentan-las-compras-de-segunda-mano-en-espana\\\/#listItem\",\"position\":3,\"name\":\"Aumentan las compras de segunda mano en Espa\\u00f1a\",\"previousItem\":{\"@type\":\"ListItem\",\"@id\":\"https:\\\/\\\/candas365.es\\\/noticias\\\/category\\\/economia\\\/#listItem\",\"name\":\"Econom\\u00eda\"}}]},{\"@type\":\"NewsArticle\",\"@id\":\"https:\\\/\\\/candas365.es\\\/noticias\\\/aumentan-las-compras-de-segunda-mano-en-espana\\\/#newsarticle\",\"name\":\"Aumentan las compras de segunda mano en Espa\\u00f1a | Cand\\u00e1s 365\",\"headline\":\"Aumentan las compras de segunda mano en Espa\\u00f1a\",\"author\":{\"@id\":\"https:\\\/\\\/candas365.es\\\/noticias\\\/author\\\/admin\\\/#author\"},\"publisher\":{\"@id\":\"https:\\\/\\\/candas365.es\\\/noticias\\\/#organization\"},\"image\":{\"@type\":\"ImageObject\",\"url\":\"https:\\\/\\\/candas365.es\\\/noticias\\\/wp-content\\\/uploads\\\/2026\\\/09\\\/Aumentan-las-compras-de-segunda-mano-en-Espana.jpg\",\"width\":1248,\"height\":697,\"caption\":\"Una mujer abre un paquete de Amazon | Foto de Amazon\"},\"datePublished\":\"2026-09-04T14:09:19+02:00\",\"dateModified\":\"2026-09-04T14:09:19+02:00\",\"inLanguage\":\"es-ES\",\"mainEntityOfPage\":{\"@id\":\"https:\\\/\\\/candas365.es\\\/noticias\\\/aumentan-las-compras-de-segunda-mano-en-espana\\\/#webpage\"},\"isPartOf\":{\"@id\":\"https:\\\/\\\/candas365.es\\\/noticias\\\/aumentan-las-compras-de-segunda-mano-en-espana\\\/#webpage\"},\"articleSection\":\"Econom\\u00eda, Econom\\u00eda\",\"dateline\":\"Publicado el septiembre 4, 2026.\"},{\"@type\":\"Organization\",\"@id\":\"https:\\\/\\\/candas365.es\\\/noticias\\\/#organization\",\"name\":\"Cand\\u00e1s 365\",\"description\":\"Cand\\u00e1s 365 es un diario digital independiente, fundado en 2012, con base en Asturias. Informamos con rigor sobre actualidad, sociedad, cultura y ocio, con una mirada local y global.\",\"url\":\"https:\\\/\\\/candas365.es\\\/noticias\\\/\",\"email\":\"info@candas365.es\",\"telephone\":\"+34652131393\",\"foundingDate\":\"2012-06-10\",\"logo\":{\"@type\":\"ImageObject\",\"url\":\"https:\\\/\\\/candas365.es\\\/noticias\\\/wp-content\\\/uploads\\\/2024\\\/09\\\/Candas-365-Redes.jpg\",\"@id\":\"https:\\\/\\\/candas365.es\\\/noticias\\\/aumentan-las-compras-de-segunda-mano-en-espana\\\/#organizationLogo\",\"width\":1152,\"height\":864,\"caption\":\"Cand\\u00e1s 365 Redes\"},\"image\":{\"@id\":\"https:\\\/\\\/candas365.es\\\/noticias\\\/aumentan-las-compras-de-segunda-mano-en-espana\\\/#organizationLogo\"},\"sameAs\":[\"https:\\\/\\\/www.facebook.com\\\/Nachofdezber\",\"https:\\\/\\\/x.com\\\/candas365\",\"https:\\\/\\\/www.instagram.com\\\/nachofdezber\\\/\",\"https:\\\/\\\/www.youtube.com\\\/channel\\\/UCZP-2wLEB9Rv6erhFmqVnvg\"],\"address\":{\"@id\":\"https:\\\/\\\/candas365.es\\\/noticias\\\/#postaladdress\",\"@type\":\"PostalAddress\",\"streetAddress\":\"san antonio 4, san antonio 4\",\"postalCode\":\"33430\",\"addressLocality\":\"Cand\\u00e1s\",\"addressRegion\":\"Asturias\",\"addressCountry\":\"ES\"}},{\"@type\":\"Person\",\"@id\":\"https:\\\/\\\/candas365.es\\\/noticias\\\/author\\\/admin\\\/#author\",\"url\":\"https:\\\/\\\/candas365.es\\\/noticias\\\/author\\\/admin\\\/\",\"name\":\"Cand\\u00e1s 365\",\"image\":{\"@type\":\"ImageObject\",\"@id\":\"https:\\\/\\\/candas365.es\\\/noticias\\\/aumentan-las-compras-de-segunda-mano-en-espana\\\/#authorImage\",\"url\":\"https:\\\/\\\/candas365.es\\\/noticias\\\/wp-content\\\/uploads\\\/2026\\\/07\\\/cropped-eyevuvEl_400x400-96x96.jpg\",\"width\":96,\"height\":96,\"caption\":\"Cand\\u00e1s 365\"},\"sameAs\":[\"https:\\\/\\\/www.facebook.com\\\/Nachofdezber\",\"https:\\\/\\\/x.com\\\/candas365\",\"https:\\\/\\\/www.instagram.com\\\/nachofdezber\\\/\",\"https:\\\/\\\/www.youtube.com\\\/channel\\\/UCZP-2wLEB9Rv6erhFmqVnvg\"]},{\"@type\":\"WebPage\",\"@id\":\"https:\\\/\\\/candas365.es\\\/noticias\\\/aumentan-las-compras-de-segunda-mano-en-espana\\\/#webpage\",\"url\":\"https:\\\/\\\/candas365.es\\\/noticias\\\/aumentan-las-compras-de-segunda-mano-en-espana\\\/\",\"name\":\"Aumentan las compras de segunda mano en Espa\\u00f1a | Cand\\u00e1s 365\",\"description\":\"Una encuesta afirma que cada vez son m\\u00e1s los consumidores en Espa\\u00f1a que compran productos de segunda mano, ya sea a trav\\u00e9s de particulares\",\"inLanguage\":\"es-ES\",\"isPartOf\":{\"@id\":\"https:\\\/\\\/candas365.es\\\/noticias\\\/#website\"},\"breadcrumb\":{\"@id\":\"https:\\\/\\\/candas365.es\\\/noticias\\\/aumentan-las-compras-de-segunda-mano-en-espana\\\/#breadcrumblist\"},\"author\":{\"@id\":\"https:\\\/\\\/candas365.es\\\/noticias\\\/author\\\/admin\\\/#author\"},\"creator\":{\"@id\":\"https:\\\/\\\/candas365.es\\\/noticias\\\/author\\\/admin\\\/#author\"},\"image\":{\"@type\":\"ImageObject\",\"url\":\"https:\\\/\\\/candas365.es\\\/noticias\\\/wp-content\\\/uploads\\\/2026\\\/09\\\/Aumentan-las-compras-de-segunda-mano-en-Espana.jpg\",\"@id\":\"https:\\\/\\\/candas365.es\\\/noticias\\\/aumentan-las-compras-de-segunda-mano-en-espana\\\/#mainImage\",\"width\":1248,\"height\":697,\"caption\":\"Una mujer abre un paquete de Amazon | Foto de Amazon\"},\"primaryImageOfPage\":{\"@id\":\"https:\\\/\\\/candas365.es\\\/noticias\\\/aumentan-las-compras-de-segunda-mano-en-espana\\\/#mainImage\"},\"datePublished\":\"2026-09-04T14:09:19+02:00\",\"dateModified\":\"2026-09-04T14:09:19+02:00\"},{\"@type\":\"WebSite\",\"@id\":\"https:\\\/\\\/candas365.es\\\/noticias\\\/#website\",\"url\":\"https:\\\/\\\/candas365.es\\\/noticias\\\/\",\"name\":\"Cand\\u00e1s 365\",\"alternateName\":\"Cand\\u00e1s 365 Noticias\",\"description\":\"Actualidad desde Carre\\u00f1o para el mundo\",\"inLanguage\":\"es-ES\",\"publisher\":{\"@id\":\"https:\\\/\\\/candas365.es\\\/noticias\\\/#organization\"}}]}\n\t\t<\/script>\n\t\t<!-- All in One SEO Pro -->\r\n\t\t<title>Aumentan las compras de segunda mano en Espa\u00f1a | Cand\u00e1s 365<\/title>\n\n","aioseo_head_json":{"title":"Aumentan las compras de segunda mano en Espa\u00f1a | Cand\u00e1s 365","description":"Una encuesta afirma que cada vez son m\u00e1s los consumidores en Espa\u00f1a que compran productos de segunda mano, ya sea a trav\u00e9s de particulares","canonical_url":"https:\/\/candas365.es\/noticias\/aumentan-las-compras-de-segunda-mano-en-espana\/","robots":"max-image-preview:large","keywords":"econom\u00eda","webmasterTools":{"google-site-verification":"UA-32230408-1","msvalidate.01":"354F3CDFB2DA171B47FBE9ABF1F88D5","miscellaneous":""},"schema":{"@context":"https:\/\/schema.org","@graph":[{"@type":"BreadcrumbList","@id":"https:\/\/candas365.es\/noticias\/aumentan-las-compras-de-segunda-mano-en-espana\/#breadcrumblist","itemListElement":[{"@type":"ListItem","@id":"https:\/\/candas365.es\/noticias#listItem","position":1,"name":"Home","item":"https:\/\/candas365.es\/noticias","nextItem":{"@type":"ListItem","@id":"https:\/\/candas365.es\/noticias\/category\/economia\/#listItem","name":"Econom\u00eda"}},{"@type":"ListItem","@id":"https:\/\/candas365.es\/noticias\/category\/economia\/#listItem","position":2,"name":"Econom\u00eda","item":"https:\/\/candas365.es\/noticias\/category\/economia\/","nextItem":{"@type":"ListItem","@id":"https:\/\/candas365.es\/noticias\/aumentan-las-compras-de-segunda-mano-en-espana\/#listItem","name":"Aumentan las compras de segunda mano en Espa\u00f1a"},"previousItem":{"@type":"ListItem","@id":"https:\/\/candas365.es\/noticias#listItem","name":"Home"}},{"@type":"ListItem","@id":"https:\/\/candas365.es\/noticias\/aumentan-las-compras-de-segunda-mano-en-espana\/#listItem","position":3,"name":"Aumentan las compras de segunda mano en Espa\u00f1a","previousItem":{"@type":"ListItem","@id":"https:\/\/candas365.es\/noticias\/category\/economia\/#listItem","name":"Econom\u00eda"}}]},{"@type":"NewsArticle","@id":"https:\/\/candas365.es\/noticias\/aumentan-las-compras-de-segunda-mano-en-espana\/#newsarticle","name":"Aumentan las compras de segunda mano en Espa\u00f1a | Cand\u00e1s 365","headline":"Aumentan las compras de segunda mano en Espa\u00f1a","author":{"@id":"https:\/\/candas365.es\/noticias\/author\/admin\/#author"},"publisher":{"@id":"https:\/\/candas365.es\/noticias\/#organization"},"image":{"@type":"ImageObject","url":"https:\/\/candas365.es\/noticias\/wp-content\/uploads\/2026\/09\/Aumentan-las-compras-de-segunda-mano-en-Espana.jpg","width":1248,"height":697,"caption":"Una mujer abre un paquete de Amazon | Foto de Amazon"},"datePublished":"2026-09-04T14:09:19+02:00","dateModified":"2026-09-04T14:09:19+02:00","inLanguage":"es-ES","mainEntityOfPage":{"@id":"https:\/\/candas365.es\/noticias\/aumentan-las-compras-de-segunda-mano-en-espana\/#webpage"},"isPartOf":{"@id":"https:\/\/candas365.es\/noticias\/aumentan-las-compras-de-segunda-mano-en-espana\/#webpage"},"articleSection":"Econom\u00eda, Econom\u00eda","dateline":"Publicado el septiembre 4, 2026."},{"@type":"Organization","@id":"https:\/\/candas365.es\/noticias\/#organization","name":"Cand\u00e1s 365","description":"Cand\u00e1s 365 es un diario digital independiente, fundado en 2012, con base en Asturias. Informamos con rigor sobre actualidad, sociedad, cultura y ocio, con una mirada local y global.","url":"https:\/\/candas365.es\/noticias\/","email":"info@candas365.es","telephone":"+34652131393","foundingDate":"2012-06-10","logo":{"@type":"ImageObject","url":"https:\/\/candas365.es\/noticias\/wp-content\/uploads\/2024\/09\/Candas-365-Redes.jpg","@id":"https:\/\/candas365.es\/noticias\/aumentan-las-compras-de-segunda-mano-en-espana\/#organizationLogo","width":1152,"height":864,"caption":"Cand\u00e1s 365 Redes"},"image":{"@id":"https:\/\/candas365.es\/noticias\/aumentan-las-compras-de-segunda-mano-en-espana\/#organizationLogo"},"sameAs":["https:\/\/www.facebook.com\/Nachofdezber","https:\/\/x.com\/candas365","https:\/\/www.instagram.com\/nachofdezber\/","https:\/\/www.youtube.com\/channel\/UCZP-2wLEB9Rv6erhFmqVnvg"],"address":{"@id":"https:\/\/candas365.es\/noticias\/#postaladdress","@type":"PostalAddress","streetAddress":"san antonio 4, san antonio 4","postalCode":"33430","addressLocality":"Cand\u00e1s","addressRegion":"Asturias","addressCountry":"ES"}},{"@type":"Person","@id":"https:\/\/candas365.es\/noticias\/author\/admin\/#author","url":"https:\/\/candas365.es\/noticias\/author\/admin\/","name":"Cand\u00e1s 365","image":{"@type":"ImageObject","@id":"https:\/\/candas365.es\/noticias\/aumentan-las-compras-de-segunda-mano-en-espana\/#authorImage","url":"https:\/\/candas365.es\/noticias\/wp-content\/uploads\/2026\/07\/cropped-eyevuvEl_400x400-96x96.jpg","width":96,"height":96,"caption":"Cand\u00e1s 365"},"sameAs":["https:\/\/www.facebook.com\/Nachofdezber","https:\/\/x.com\/candas365","https:\/\/www.instagram.com\/nachofdezber\/","https:\/\/www.youtube.com\/channel\/UCZP-2wLEB9Rv6erhFmqVnvg"]},{"@type":"WebPage","@id":"https:\/\/candas365.es\/noticias\/aumentan-las-compras-de-segunda-mano-en-espana\/#webpage","url":"https:\/\/candas365.es\/noticias\/aumentan-las-compras-de-segunda-mano-en-espana\/","name":"Aumentan las compras de segunda mano en Espa\u00f1a | Cand\u00e1s 365","description":"Una encuesta afirma que cada vez son m\u00e1s los consumidores en Espa\u00f1a que compran productos de segunda mano, ya sea a trav\u00e9s de particulares","inLanguage":"es-ES","isPartOf":{"@id":"https:\/\/candas365.es\/noticias\/#website"},"breadcrumb":{"@id":"https:\/\/candas365.es\/noticias\/aumentan-las-compras-de-segunda-mano-en-espana\/#breadcrumblist"},"author":{"@id":"https:\/\/candas365.es\/noticias\/author\/admin\/#author"},"creator":{"@id":"https:\/\/candas365.es\/noticias\/author\/admin\/#author"},"image":{"@type":"ImageObject","url":"https:\/\/candas365.es\/noticias\/wp-content\/uploads\/2026\/09\/Aumentan-las-compras-de-segunda-mano-en-Espana.jpg","@id":"https:\/\/candas365.es\/noticias\/aumentan-las-compras-de-segunda-mano-en-espana\/#mainImage","width":1248,"height":697,"caption":"Una mujer abre un paquete de Amazon | Foto de Amazon"},"primaryImageOfPage":{"@id":"https:\/\/candas365.es\/noticias\/aumentan-las-compras-de-segunda-mano-en-espana\/#mainImage"},"datePublished":"2026-09-04T14:09:19+02:00","dateModified":"2026-09-04T14:09:19+02:00"},{"@type":"WebSite","@id":"https:\/\/candas365.es\/noticias\/#website","url":"https:\/\/candas365.es\/noticias\/","name":"Cand\u00e1s 365","alternateName":"Cand\u00e1s 365 Noticias","description":"Actualidad desde Carre\u00f1o para el mundo","inLanguage":"es-ES","publisher":{"@id":"https:\/\/candas365.es\/noticias\/#organization"}}]},"og:locale":"es_ES","og:site_name":"Cand\u00e1s 365","og:type":"article","og:title":"Aumentan las compras de segunda mano en Espa\u00f1a \u2013 Cand\u00e1s 365","og:description":"Una encuesta afirma que cada vez son m\u00e1s los consumidores en Espa\u00f1a que compran productos de segunda mano, ya sea a trav\u00e9s de particulares","og:url":"https:\/\/candas365.es\/noticias\/aumentan-las-compras-de-segunda-mano-en-espana\/","og:image":"https:\/\/candas365.es\/noticias\/wp-content\/uploads\/2026\/09\/Aumentan-las-compras-de-segunda-mano-en-Espana.jpg","og:image:secure_url":"https:\/\/candas365.es\/noticias\/wp-content\/uploads\/2026\/09\/Aumentan-las-compras-de-segunda-mano-en-Espana.jpg","og:image:width":1248,"og:image:height":697,"article:published_time":"2026-09-04T12:09:19+00:00","article:modified_time":"2026-09-04T12:09:19+00:00","article:publisher":"https:\/\/www.facebook.com\/Nachofdezber","article:author":"https:\/\/www.facebook.com\/Nachofdezber","twitter:card":"summary_large_image","twitter:site":"@candas365","twitter:title":"Aumentan las compras de segunda mano en Espa\u00f1a \u2013 Cand\u00e1s 365","twitter:description":"Una encuesta afirma que cada vez son m\u00e1s los consumidores en Espa\u00f1a que compran productos de segunda mano, ya sea a trav\u00e9s de particulares","twitter:creator":"@candas365","twitter:image":"https:\/\/candas365.es\/noticias\/wp-content\/uploads\/2026\/09\/Aumentan-las-compras-de-segunda-mano-en-Espana.jpg","twitter:label1":"Escrito por","twitter:data1":"Cand\u00e1s 365","twitter:label2":"Tiempo de lectura estimado","twitter:data2":"5 minutos"},"aioseo_meta_data":{"post_id":"197994","title":null,"description":"Una encuesta afirma que cada vez son m\u00e1s los consumidores en Espa\u00f1a que compran productos de segunda mano, ya sea a trav\u00e9s de particulares","keywords":null,"keyphrases":{"focus":{"keyphrase":"segunda mano","score":0,"analysis":[]},"additional":[]},"primary_term":null,"canonical_url":null,"og_title":"#post_title #separator_sa #site_title","og_description":"Una encuesta afirma que cada vez son m\u00e1s los consumidores en Espa\u00f1a que compran productos de segunda mano, ya sea a trav\u00e9s de particulares","og_object_type":"default","og_image_type":"default","og_image_url":null,"og_image_width":null,"og_image_height":null,"og_image_custom_url":null,"og_image_custom_fields":null,"og_video":"","og_custom_url":null,"og_article_section":null,"og_article_tags":null,"twitter_use_og":true,"twitter_card":"default","twitter_image_type":"default","twitter_image_url":null,"twitter_image_custom_url":null,"twitter_image_custom_fields":null,"twitter_title":null,"twitter_description":null,"schema":{"blockGraphs":[],"customGraphs":[],"default":{"data":{"Article":[],"Course":[],"Dataset":[],"FAQPage":[],"Movie":[],"Person":[],"Product":[],"ProductReview":[],"Car":[],"Recipe":[],"Service":[],"SoftwareApplication":[],"WebPage":[]},"graphName":"NewsArticle","isEnabled":true},"graphs":[]},"schema_type":"default","schema_type_options":null,"pillar_content":false,"robots_default":true,"robots_noindex":false,"robots_noarchive":false,"robots_nosnippet":false,"robots_nofollow":false,"robots_noimageindex":false,"robots_noodp":false,"robots_notranslate":false,"robots_max_snippet":"-1","robots_max_videopreview":"-1","robots_max_imagepreview":"large","priority":null,"frequency":"default","location":null,"local_seo":null,"seo_analyzer_scan_date":"2026-09-04 12:10:24","breadcrumb_settings":null,"limit_modified_date":false,"reviewed_by":"0","open_ai":null,"ai":{"faqs":[],"keyPoints":[],"schemas":[],"titles":[],"descriptions":[],"socialPosts":{"email":{"subject":"","preview":"","content":""},"linkedin":[],"twitter":[],"facebook":[],"instagram":[]}},"created":"2026-09-04 12:02:10","updated":"2026-09-04 13:01:12","focus_keyword":"segunda mano","additional_keywords":null,"truseo_locale":null},"aioseo_breadcrumb":"<div class=\"aioseo-breadcrumbs\"><span class=\"aioseo-breadcrumb\">\n\t<a href=\"https:\/\/candas365.es\/noticias\" title=\"Home\">Home<\/a>\n<\/span><span class=\"aioseo-breadcrumb-separator\">&ndash;<\/span><span class=\"aioseo-breadcrumb\">\n\t<a href=\"https:\/\/candas365.es\/noticias\/category\/economia\/\" title=\"Econom\u00eda\">Econom\u00eda<\/a>\n<\/span><span class=\"aioseo-breadcrumb-separator\">&ndash;<\/span><span class=\"aioseo-breadcrumb\">\n\tAumentan las compras de segunda mano en Espa\u00f1a\n<\/span><\/div>","aioseo_breadcrumb_json":[{"label":"Home","link":"https:\/\/candas365.es\/noticias"},{"label":"Econom\u00eda","link":"https:\/\/candas365.es\/noticias\/category\/economia\/"},{"label":"Aumentan las compras de segunda mano en Espa\u00f1a","link":"https:\/\/candas365.es\/noticias\/aumentan-las-compras-de-segunda-mano-en-espana\/"}],"_links":{"self":[{"href":"https:\/\/candas365.es\/noticias\/wp-json\/wp\/v2\/posts\/197994","targetHints":{"allow":["GET"]}}],"collection":[{"href":"https:\/\/candas365.es\/noticias\/wp-json\/wp\/v2\/posts"}],"about":[{"href":"https:\/\/candas365.es\/noticias\/wp-json\/wp\/v2\/types\/post"}],"author":[{"embeddable":true,"href":"https:\/\/candas365.es\/noticias\/wp-json\/wp\/v2\/users\/1"}],"replies":[{"embeddable":true,"href":"https:\/\/candas365.es\/noticias\/wp-json\/wp\/v2\/comments?post=197994"}],"version-history":[{"count":1,"href":"https:\/\/candas365.es\/noticias\/wp-json\/wp\/v2\/posts\/197994\/revisions"}],"predecessor-version":[{"id":197996,"href":"https:\/\/candas365.es\/noticias\/wp-json\/wp\/v2\/posts\/197994\/revisions\/197996"}],"wp:featuredmedia":[{"embeddable":true,"href":"https:\/\/candas365.es\/noticias\/wp-json\/wp\/v2\/media\/197995"}],"wp:attachment":[{"href":"https:\/\/candas365.es\/noticias\/wp-json\/wp\/v2\/media?parent=197994"}],"wp:term":[{"taxonomy":"category","embeddable":true,"href":"https:\/\/candas365.es\/noticias\/wp-json\/wp\/v2\/categories?post=197994"},{"taxonomy":"post_tag","embeddable":true,"href":"https:\/\/candas365.es\/noticias\/wp-json\/wp\/v2\/tags?post=197994"}],"curies":[{"name":"wp","href":"https:\/\/api.w.org\/{rel}","templated":true}]}}