{"id":197988,"date":"2026-09-04T08:59:48","date_gmt":"2026-09-04T06:59:48","guid":{"rendered":"https:\/\/candas365.es\/noticias\/?p=197988"},"modified":"2026-09-04T08:59:48","modified_gmt":"2026-09-04T06:59:48","slug":"record-de-temperatura-en-los-mares-de-espana","status":"publish","type":"post","link":"https:\/\/candas365.es\/noticias\/record-de-temperatura-en-los-mares-de-espana\/","title":{"rendered":"R\u00e9cord de temperatura en los mares de Espa\u00f1a"},"content":{"rendered":"<p>El verano de 2026 est\u00e1 siendo noticia por el calor y por las temperaturas de las aguas superficiales de los <a href=\"https:\/\/candas365.es\/noticias\/category\/sociedad\/\"><span style=\"color: #ff6600;\"><strong>mares que rodean a Espa\u00f1a<\/strong><\/span><\/a>, pues han batido r\u00e9cords hist\u00f3ricos en el Mediterr\u00e1neo, que ha superado por primera vez los 33 grados, mientras que el Cant\u00e1brico ha rebasado los 28 y el Atl\u00e1ntico Norte ha superado los 22.<\/p>\n<figure id=\"attachment_197989\" aria-describedby=\"caption-attachment-197989\" style=\"width: 650px\" class=\"wp-caption aligncenter\"><img fetchpriority=\"high\" decoding=\"async\" class=\"size-large wp-image-197989\" src=\"https:\/\/candas365.es\/noticias\/wp-content\/uploads\/2026\/09\/Record-de-temperatura-en-los-mares-de-Espana-650x428.jpg\" alt=\"R\u00e9cord de temperatura en los mares de Espa\u00f1a\" width=\"650\" height=\"428\" srcset=\"https:\/\/candas365.es\/noticias\/wp-content\/uploads\/2026\/09\/Record-de-temperatura-en-los-mares-de-Espana-650x428.jpg 650w, https:\/\/candas365.es\/noticias\/wp-content\/uploads\/2026\/09\/Record-de-temperatura-en-los-mares-de-Espana-360x237.jpg 360w, https:\/\/candas365.es\/noticias\/wp-content\/uploads\/2026\/09\/Record-de-temperatura-en-los-mares-de-Espana-768x506.jpg 768w, https:\/\/candas365.es\/noticias\/wp-content\/uploads\/2026\/09\/Record-de-temperatura-en-los-mares-de-Espana-150x99.jpg 150w, https:\/\/candas365.es\/noticias\/wp-content\/uploads\/2026\/09\/Record-de-temperatura-en-los-mares-de-Espana-450x296.jpg 450w, https:\/\/candas365.es\/noticias\/wp-content\/uploads\/2026\/09\/Record-de-temperatura-en-los-mares-de-Espana.jpg 1181w\" sizes=\"(max-width: 650px) 100vw, 650px\" \/><figcaption id=\"caption-attachment-197989\" class=\"wp-caption-text\">Activistas de Greenpeace, con una sart\u00e9n gigante en un mar y una pancarta en la que se lee &#8216;planeta frito&#8217; | Foto de Greenpeace<\/figcaption><\/figure>\n<div class=\"srvm-nw__body\">\n<p>As\u00ed se desprende de un an\u00e1lisis realizado por Servimedia a partir de las mediciones de temperatura de las 28 boyas (15 exteriores y 13 costeras) que gestiona Puertos del Estado, organismo dependiente del Ministerio de Transportes, Movilidad y Agenda Urbana.<\/p>\n<p>Doce boyas han contabilizado este verano r\u00e9cords hist\u00f3ricos de calor en sus aguas y una lo ha igualado, repartidas por el Mediterr\u00e1neo, el Cant\u00e1brico y el Atl\u00e1ntico Norte. Solamente el golfo de C\u00e1diz y Canarias se libran del calentamiento hist\u00f3rico de los \u00faltimos meses.<\/p>\n<h1>MEDITERR\u00c1NEO<\/h1>\n<p>Las aguas superficiales del Mediterr\u00e1neo espa\u00f1ol se calentaron por encima de los 33 grados por primera vez desde que hay datos, puesto que la boya de la isla Dragonera (al oeste de Mallorca) marc\u00f3 33,02 grados el pasado 5 de agosto, lo que supone no solo la temperatura m\u00e1s alta jam\u00e1s registrada en ese lugar (cuya toma de datos comenz\u00f3 en 2006), sino en cualquier punto de esa cuenca marina.<\/p>\n<p>Adem\u00e1s, otras seis boyas mediterr\u00e1neas han marcado valores t\u00e9rmicos r\u00e9cord en las \u00faltimas semanas, con 32,36 grados en Mah\u00f3n (Menorca) el 8 de agosto; 30,70 en la boya costera de Tarragona el 9 de agosto; 30,31 en la boya exterior de Tarragona el 13 de agosto; 29,77 en el cabo de Palos (Murcia) el 21 de julio; 29,18 en el cabo de Begur (Girona) el 16 de agosto, y 28,84 en el cabo de Gata (Almer\u00eda) el 19 de agosto.<\/p>\n<h2>CANT\u00c1BRICO<\/h2>\n<p>Respecto al Cant\u00e1brico, la primera ola de calor del verano contribuy\u00f3 a que esa cuenca marina superara por primera vez los 28 grados desde al menos 1990, a\u00f1o en que comienza la toma de datos en alguna de sus boyas. Concretamente, la boya costera de Pasaia II (Guip\u00fazcoa) marc\u00f3 28,4 grados el 23 de junio.<\/p>\n<p>Este mes de agosto se ha sumado a los r\u00e9cords cant\u00e1bricos con 25,27 grados en la boya exterior de Bilbao-Vizcaya el pasado d\u00eda 12 y 23,13 grados en la boya exterior de Estaca de Bares (A Coru\u00f1a) el d\u00eda 13.<\/p>\n<h3>ATL\u00c1NTICO NORTE<\/h3>\n<p>Por \u00faltimo, las aguas superficiales del Atl\u00e1ntico Norte espa\u00f1ol han superado este est\u00edo los 22 grados desde al menos 1998, cuando comienza el registro hist\u00f3rico en dos de sus boyas. As\u00ed, la de Villano-Sisargas (A Coru\u00f1a) marc\u00f3 22,17 grados el pasado 13 de agosto.<\/p>\n<p>La boya exterior de cabo Silleiro (Pontevedra) midi\u00f3 21,29 grados el pasado 24 de julio, r\u00e9cord en ese lugar en casi tres d\u00e9cadas de serie de datos.<\/p>\n<h1>CRISIS CLIM\u00c1TICA<\/h1>\n<p>Las aguas que rodean la Pen\u00ednsula Ib\u00e9rica se calientan un 67% m\u00e1s r\u00e1pido que la media mundial, a un ritmo de 0,25 grados por d\u00e9cada, seg\u00fan Greenpeace, que ha reclamado a las administraciones p\u00fablicas \u201cuna respuesta urgente y ambiciosa\u201d que pase por reducir \u201cde forma dr\u00e1stica\u201d las emisiones de gases de efecto invernadero, \u201cacelerar\u201d el abandono de los combustibles f\u00f3siles y reforzar la protecci\u00f3n y restauraci\u00f3n de los ecosistemas marinos.<\/p>\n<p>\u00abLos mares se est\u00e1n calentando mucho m\u00e1s r\u00e1pido de lo que pueden adaptarse sus ecosistemas. Cada nuevo r\u00e9cord confirma que la crisis clim\u00e1tica ya est\u00e1 aqu\u00ed y que retrasar la acci\u00f3n solo har\u00e1 que los impactos sean cada vez m\u00e1s graves para la biodiversidad y para las personas\u00bb, apunt\u00f3 Elvira Jim\u00e9nez, responsable de Adaptaci\u00f3n al Cambio Clim\u00e1tico de Greenpeace.<\/p>\n<p>El calentamiento del mar tiene consecuencias directas sobre el clima. Un agua m\u00e1s c\u00e1lida evapora m\u00e1s humedad hacia la atm\u00f3sfera y proporciona combustible adicional a tormentas y episodios de lluvias torrenciales, que pueden ser m\u00e1s intensos y destructivos.<\/p>\n<p>Adem\u00e1s, el cambio en la densidad del agua y la p\u00e9rdida de gradientes de temperatura alteran las corrientes oce\u00e1nicas, fundamentales para distribuir el calor por el planeta, contribuyendo a una mayor inestabilidad clim\u00e1tica. Los ecosistemas marinos son, adem\u00e1s, grandes sumideros de carbono, capaces de absorber un 30% del di\u00f3xido de carbono en la atm\u00f3sfera, seg\u00fan Greenpeace.<\/p>\n<p>El aumento de la temperatura del agua tambi\u00e9n acelera la subida del nivel del mar por expansi\u00f3n t\u00e9rmica, agravando la erosi\u00f3n del litoral y el riesgo de inundaciones costeras. Numerosas playas espa\u00f1olas muestran signos de retroceso y p\u00e9rdida de arena por la combinaci\u00f3n entre los impactos del cambio clim\u00e1tico y la presi\u00f3n urban\u00edstica sobre la costa.<\/p>\n<h2>CONSECUENCIAS EN LA BIODIVERSIDAD<\/h2>\n<p>Las consecuencias del calentamiento no se limitan al clima. La biodiversidad marina tambi\u00e9n acusa un deterioro acelerado. Las especies adaptadas a aguas templadas encuentran cada vez m\u00e1s dificultades para sobrevivir y migran a aguas m\u00e1s fr\u00edas o, en el caso de especies que no tienen capacidad para desplazarse, sufren impactos sobre sus ciclos vitales e incluso mortandades.<\/p>\n<p>Con mayor temperatura del agua, especies propias de mares m\u00e1s c\u00e1lidos colonizan nuevos espacios, dando lugar a un fen\u00f3meno de tropicalizaci\u00f3n, como el que experimenta el Mediterr\u00e1neo. A ello se suma la reducci\u00f3n del ox\u00edgeno disponible en agua m\u00e1s caliente, lo que incrementa el estr\u00e9s sobre los ecosistemas.<\/p>\n<p>Como consecuencia, muchas especies comerciales se desplazan hacia latitudes m\u00e1s fr\u00edas, alterando la actividad pesquera e impactando especialmente en las pesquer\u00edas artesanales que dependen de los caladeros cercanos.<\/p>\n<p>Adem\u00e1s, ello aumenta la presencia de especies invasoras que desplazan a la fauna aut\u00f3ctona y organismos especialmente vulnerables y que conforman adem\u00e1s el h\u00e1bitat vital para otras especies, como los corales, o las praderas de posidonia oce\u00e1nica, pueden superar sus l\u00edmites de tolerancia t\u00e9rmica y sufrir episodios masivos de mortalidad.<\/p>\n<p>La degradaci\u00f3n de estos ecosistemas marinos supone tambi\u00e9n una amenaza para miles de personas que dependen de ellos para su sustento, desde el sector pesquero hasta las comunidades costeras, cuya econom\u00eda est\u00e1 ligada a la salud del mar.<\/p>\n<\/div>\n<div id=\"end-scroll\" class=\"srvm-nw__code\">\n<p>(<a href=\"https:\/\/www.servimedia.es\/\" target=\"_blank\" rel=\"noopener\"><span style=\"color: #ff6600;\"><strong>SERVIMEDIA<\/strong><\/span><\/a>)<\/p>\n<\/div>\n","protected":false},"excerpt":{"rendered":"<p>El verano de 2026 est\u00e1 siendo noticia por el calor y por las temperaturas de las aguas superficiales de los mares que rodean a Espa\u00f1a, pues han batido r\u00e9cords hist\u00f3ricos en el Mediterr\u00e1neo, que ha superado por primera vez los 33 grados, mientras que el Cant\u00e1brico ha rebasado los 28 y el Atl\u00e1ntico Norte ha<\/p>\n","protected":false},"author":1,"featured_media":197989,"comment_status":"closed","ping_status":"closed","sticky":false,"template":"","format":"standard","meta":{"footnotes":""},"categories":[316,143],"tags":[453,422],"class_list":["post-197988","post","type-post","status-publish","format-standard","has-post-thumbnail","category-destacadas","category-sociedad","tag-naturaleza","tag-reportajes"],"aioseo_notices":[],"aioseo_head":"\n\t\t<!-- All in One SEO Pro 5.0.1.1 - aioseo.com -->\n\t<meta name=\"description\" content=\"El verano de 2026 est\u00e1 siendo noticia por el calor y por las temperaturas de las aguas superficiales de los mares que rodean a Espa\u00f1a, pues han batido r\u00e9cords\" \/>\n\t<meta name=\"robots\" content=\"max-image-preview:large\" \/>\n\t<meta name=\"author\" content=\"Cand\u00e1s 365\"\/>\n\t<meta name=\"google-site-verification\" content=\"UA-32230408-1\" \/>\n\t<meta name=\"msvalidate.01\" content=\"354F3CDFB2DA171B47FBE9ABF1F88D5\" \/>\n\t<meta name=\"keywords\" content=\"destacadas,sociedad\" \/>\n\t<link rel=\"canonical\" href=\"https:\/\/candas365.es\/noticias\/record-de-temperatura-en-los-mares-de-espana\/\" \/>\n\t<meta name=\"generator\" content=\"All in One SEO Pro (AIOSEO) 5.0.1.1\" \/>\n\t\t<meta property=\"og:locale\" content=\"es_ES\" \/>\n\t\t<meta property=\"og:site_name\" content=\"Cand\u00e1s 365\" \/>\n\t\t<meta property=\"og:type\" content=\"article\" \/>\n\t\t<meta property=\"og:title\" content=\"R\u00e9cord de temperatura en los mares de Espa\u00f1a \u2013 Cand\u00e1s 365\" \/>\n\t\t<meta property=\"og:description\" content=\"El verano de 2026 est\u00e1 siendo noticia por el calor y por las temperaturas de las aguas superficiales de los mares que rodean a Espa\u00f1a, pues han batido r\u00e9cords\" \/>\n\t\t<meta property=\"og:url\" content=\"https:\/\/candas365.es\/noticias\/record-de-temperatura-en-los-mares-de-espana\/\" \/>\n\t\t<meta property=\"og:image\" content=\"https:\/\/candas365.es\/noticias\/wp-content\/uploads\/2026\/09\/Record-de-temperatura-en-los-mares-de-Espana.jpg\" \/>\n\t\t<meta property=\"og:image:secure_url\" content=\"https:\/\/candas365.es\/noticias\/wp-content\/uploads\/2026\/09\/Record-de-temperatura-en-los-mares-de-Espana.jpg\" \/>\n\t\t<meta property=\"og:image:width\" content=\"1181\" \/>\n\t\t<meta property=\"og:image:height\" content=\"778\" \/>\n\t\t<meta property=\"article:published_time\" content=\"2026-09-04T06:59:48+00:00\" \/>\n\t\t<meta property=\"article:modified_time\" content=\"2026-09-04T06:59:48+00:00\" \/>\n\t\t<meta property=\"article:publisher\" content=\"https:\/\/www.facebook.com\/Nachofdezber\" \/>\n\t\t<meta property=\"article:author\" content=\"https:\/\/www.facebook.com\/Nachofdezber\" \/>\n\t\t<meta name=\"twitter:card\" content=\"summary_large_image\" \/>\n\t\t<meta name=\"twitter:site\" content=\"@candas365\" \/>\n\t\t<meta name=\"twitter:title\" content=\"R\u00e9cord de temperatura en los mares de Espa\u00f1a \u2013 Cand\u00e1s 365\" \/>\n\t\t<meta name=\"twitter:description\" content=\"El verano de 2026 est\u00e1 siendo noticia por el calor y por las temperaturas de las aguas superficiales de los mares que rodean a Espa\u00f1a, pues han batido r\u00e9cords\" \/>\n\t\t<meta name=\"twitter:creator\" content=\"@candas365\" \/>\n\t\t<meta name=\"twitter:image\" content=\"https:\/\/candas365.es\/noticias\/wp-content\/uploads\/2026\/09\/Record-de-temperatura-en-los-mares-de-Espana.jpg\" \/>\n\t\t<meta name=\"twitter:label1\" content=\"Escrito por\" \/>\n\t\t<meta name=\"twitter:data1\" content=\"Cand\u00e1s 365\" \/>\n\t\t<meta name=\"twitter:label2\" content=\"Tiempo de lectura estimado\" \/>\n\t\t<meta name=\"twitter:data2\" content=\"5 minutos\" \/>\n\t\t<script type=\"application\/ld+json\" class=\"aioseo-schema\">\n\t\t\t{\"@context\":\"https:\\\/\\\/schema.org\",\"@graph\":[{\"@type\":\"BreadcrumbList\",\"@id\":\"https:\\\/\\\/candas365.es\\\/noticias\\\/record-de-temperatura-en-los-mares-de-espana\\\/#breadcrumblist\",\"itemListElement\":[{\"@type\":\"ListItem\",\"@id\":\"https:\\\/\\\/candas365.es\\\/noticias#listItem\",\"position\":1,\"name\":\"Home\",\"item\":\"https:\\\/\\\/candas365.es\\\/noticias\",\"nextItem\":{\"@type\":\"ListItem\",\"@id\":\"https:\\\/\\\/candas365.es\\\/noticias\\\/category\\\/sociedad\\\/#listItem\",\"name\":\"Sociedad\"}},{\"@type\":\"ListItem\",\"@id\":\"https:\\\/\\\/candas365.es\\\/noticias\\\/category\\\/sociedad\\\/#listItem\",\"position\":2,\"name\":\"Sociedad\",\"item\":\"https:\\\/\\\/candas365.es\\\/noticias\\\/category\\\/sociedad\\\/\",\"nextItem\":{\"@type\":\"ListItem\",\"@id\":\"https:\\\/\\\/candas365.es\\\/noticias\\\/record-de-temperatura-en-los-mares-de-espana\\\/#listItem\",\"name\":\"R\\u00e9cord de temperatura en los mares de Espa\\u00f1a\"},\"previousItem\":{\"@type\":\"ListItem\",\"@id\":\"https:\\\/\\\/candas365.es\\\/noticias#listItem\",\"name\":\"Home\"}},{\"@type\":\"ListItem\",\"@id\":\"https:\\\/\\\/candas365.es\\\/noticias\\\/record-de-temperatura-en-los-mares-de-espana\\\/#listItem\",\"position\":3,\"name\":\"R\\u00e9cord de temperatura en los mares de Espa\\u00f1a\",\"previousItem\":{\"@type\":\"ListItem\",\"@id\":\"https:\\\/\\\/candas365.es\\\/noticias\\\/category\\\/sociedad\\\/#listItem\",\"name\":\"Sociedad\"}}]},{\"@type\":\"NewsArticle\",\"@id\":\"https:\\\/\\\/candas365.es\\\/noticias\\\/record-de-temperatura-en-los-mares-de-espana\\\/#newsarticle\",\"name\":\"R\\u00e9cord de temperatura en los mares de Espa\\u00f1a | Cand\\u00e1s 365\",\"headline\":\"R\\u00e9cord de temperatura en los mares de Espa\\u00f1a\",\"author\":{\"@id\":\"https:\\\/\\\/candas365.es\\\/noticias\\\/author\\\/admin\\\/#author\"},\"publisher\":{\"@id\":\"https:\\\/\\\/candas365.es\\\/noticias\\\/#organization\"},\"image\":{\"@type\":\"ImageObject\",\"url\":\"https:\\\/\\\/candas365.es\\\/noticias\\\/wp-content\\\/uploads\\\/2026\\\/09\\\/Record-de-temperatura-en-los-mares-de-Espana.jpg\",\"width\":1181,\"height\":778,\"caption\":\"Activistas de Greenpeace, con una sart\\u00e9n gigante en un mar y una pancarta en la que se lee 'planeta frito' | Foto de Greenpeace\"},\"datePublished\":\"2026-09-04T08:59:48+02:00\",\"dateModified\":\"2026-09-04T08:59:48+02:00\",\"inLanguage\":\"es-ES\",\"mainEntityOfPage\":{\"@id\":\"https:\\\/\\\/candas365.es\\\/noticias\\\/record-de-temperatura-en-los-mares-de-espana\\\/#webpage\"},\"isPartOf\":{\"@id\":\"https:\\\/\\\/candas365.es\\\/noticias\\\/record-de-temperatura-en-los-mares-de-espana\\\/#webpage\"},\"articleSection\":\"Destacadas, Sociedad, naturaleza, Reportajes\",\"dateline\":\"Publicado el septiembre 4, 2026.\"},{\"@type\":\"Organization\",\"@id\":\"https:\\\/\\\/candas365.es\\\/noticias\\\/#organization\",\"name\":\"Cand\\u00e1s 365\",\"description\":\"Cand\\u00e1s 365 es un diario digital independiente, fundado en 2012, con base en Asturias. Informamos con rigor sobre actualidad, sociedad, cultura y ocio, con una mirada local y global.\",\"url\":\"https:\\\/\\\/candas365.es\\\/noticias\\\/\",\"email\":\"info@candas365.es\",\"telephone\":\"+34652131393\",\"foundingDate\":\"2012-06-10\",\"logo\":{\"@type\":\"ImageObject\",\"url\":\"https:\\\/\\\/candas365.es\\\/noticias\\\/wp-content\\\/uploads\\\/2024\\\/09\\\/Candas-365-Redes.jpg\",\"@id\":\"https:\\\/\\\/candas365.es\\\/noticias\\\/record-de-temperatura-en-los-mares-de-espana\\\/#organizationLogo\",\"width\":1152,\"height\":864,\"caption\":\"Cand\\u00e1s 365 Redes\"},\"image\":{\"@id\":\"https:\\\/\\\/candas365.es\\\/noticias\\\/record-de-temperatura-en-los-mares-de-espana\\\/#organizationLogo\"},\"sameAs\":[\"https:\\\/\\\/www.facebook.com\\\/Nachofdezber\",\"https:\\\/\\\/x.com\\\/candas365\",\"https:\\\/\\\/www.instagram.com\\\/nachofdezber\\\/\",\"https:\\\/\\\/www.youtube.com\\\/channel\\\/UCZP-2wLEB9Rv6erhFmqVnvg\"],\"address\":{\"@id\":\"https:\\\/\\\/candas365.es\\\/noticias\\\/#postaladdress\",\"@type\":\"PostalAddress\",\"streetAddress\":\"san antonio 4, san antonio 4\",\"postalCode\":\"33430\",\"addressLocality\":\"Cand\\u00e1s\",\"addressRegion\":\"Asturias\",\"addressCountry\":\"ES\"}},{\"@type\":\"Person\",\"@id\":\"https:\\\/\\\/candas365.es\\\/noticias\\\/author\\\/admin\\\/#author\",\"url\":\"https:\\\/\\\/candas365.es\\\/noticias\\\/author\\\/admin\\\/\",\"name\":\"Cand\\u00e1s 365\",\"image\":{\"@type\":\"ImageObject\",\"@id\":\"https:\\\/\\\/candas365.es\\\/noticias\\\/record-de-temperatura-en-los-mares-de-espana\\\/#authorImage\",\"url\":\"https:\\\/\\\/candas365.es\\\/noticias\\\/wp-content\\\/uploads\\\/2026\\\/07\\\/cropped-eyevuvEl_400x400-96x96.jpg\",\"width\":96,\"height\":96,\"caption\":\"Cand\\u00e1s 365\"},\"sameAs\":[\"https:\\\/\\\/www.facebook.com\\\/Nachofdezber\",\"https:\\\/\\\/x.com\\\/candas365\",\"https:\\\/\\\/www.instagram.com\\\/nachofdezber\\\/\",\"https:\\\/\\\/www.youtube.com\\\/channel\\\/UCZP-2wLEB9Rv6erhFmqVnvg\"]},{\"@type\":\"WebPage\",\"@id\":\"https:\\\/\\\/candas365.es\\\/noticias\\\/record-de-temperatura-en-los-mares-de-espana\\\/#webpage\",\"url\":\"https:\\\/\\\/candas365.es\\\/noticias\\\/record-de-temperatura-en-los-mares-de-espana\\\/\",\"name\":\"R\\u00e9cord de temperatura en los mares de Espa\\u00f1a | Cand\\u00e1s 365\",\"description\":\"El verano de 2026 est\\u00e1 siendo noticia por el calor y por las temperaturas de las aguas superficiales de los mares que rodean a Espa\\u00f1a, pues han batido r\\u00e9cords\",\"inLanguage\":\"es-ES\",\"isPartOf\":{\"@id\":\"https:\\\/\\\/candas365.es\\\/noticias\\\/#website\"},\"breadcrumb\":{\"@id\":\"https:\\\/\\\/candas365.es\\\/noticias\\\/record-de-temperatura-en-los-mares-de-espana\\\/#breadcrumblist\"},\"author\":{\"@id\":\"https:\\\/\\\/candas365.es\\\/noticias\\\/author\\\/admin\\\/#author\"},\"creator\":{\"@id\":\"https:\\\/\\\/candas365.es\\\/noticias\\\/author\\\/admin\\\/#author\"},\"image\":{\"@type\":\"ImageObject\",\"url\":\"https:\\\/\\\/candas365.es\\\/noticias\\\/wp-content\\\/uploads\\\/2026\\\/09\\\/Record-de-temperatura-en-los-mares-de-Espana.jpg\",\"@id\":\"https:\\\/\\\/candas365.es\\\/noticias\\\/record-de-temperatura-en-los-mares-de-espana\\\/#mainImage\",\"width\":1181,\"height\":778,\"caption\":\"Activistas de Greenpeace, con una sart\\u00e9n gigante en un mar y una pancarta en la que se lee 'planeta frito' | Foto de Greenpeace\"},\"primaryImageOfPage\":{\"@id\":\"https:\\\/\\\/candas365.es\\\/noticias\\\/record-de-temperatura-en-los-mares-de-espana\\\/#mainImage\"},\"datePublished\":\"2026-09-04T08:59:48+02:00\",\"dateModified\":\"2026-09-04T08:59:48+02:00\"},{\"@type\":\"WebSite\",\"@id\":\"https:\\\/\\\/candas365.es\\\/noticias\\\/#website\",\"url\":\"https:\\\/\\\/candas365.es\\\/noticias\\\/\",\"name\":\"Cand\\u00e1s 365\",\"alternateName\":\"Cand\\u00e1s 365 Noticias\",\"description\":\"Actualidad desde Carre\\u00f1o para el mundo\",\"inLanguage\":\"es-ES\",\"publisher\":{\"@id\":\"https:\\\/\\\/candas365.es\\\/noticias\\\/#organization\"}}]}\n\t\t<\/script>\n\t\t<!-- All in One SEO Pro -->\r\n\t\t<title>R\u00e9cord de temperatura en los mares de Espa\u00f1a | Cand\u00e1s 365<\/title>\n\n","aioseo_head_json":{"title":"R\u00e9cord de temperatura en los mares de Espa\u00f1a | Cand\u00e1s 365","description":"El verano de 2026 est\u00e1 siendo noticia por el calor y por las temperaturas de las aguas superficiales de los mares que rodean a Espa\u00f1a, pues han batido r\u00e9cords","canonical_url":"https:\/\/candas365.es\/noticias\/record-de-temperatura-en-los-mares-de-espana\/","robots":"max-image-preview:large","keywords":"destacadas,sociedad","webmasterTools":{"google-site-verification":"UA-32230408-1","msvalidate.01":"354F3CDFB2DA171B47FBE9ABF1F88D5","miscellaneous":""},"schema":{"@context":"https:\/\/schema.org","@graph":[{"@type":"BreadcrumbList","@id":"https:\/\/candas365.es\/noticias\/record-de-temperatura-en-los-mares-de-espana\/#breadcrumblist","itemListElement":[{"@type":"ListItem","@id":"https:\/\/candas365.es\/noticias#listItem","position":1,"name":"Home","item":"https:\/\/candas365.es\/noticias","nextItem":{"@type":"ListItem","@id":"https:\/\/candas365.es\/noticias\/category\/sociedad\/#listItem","name":"Sociedad"}},{"@type":"ListItem","@id":"https:\/\/candas365.es\/noticias\/category\/sociedad\/#listItem","position":2,"name":"Sociedad","item":"https:\/\/candas365.es\/noticias\/category\/sociedad\/","nextItem":{"@type":"ListItem","@id":"https:\/\/candas365.es\/noticias\/record-de-temperatura-en-los-mares-de-espana\/#listItem","name":"R\u00e9cord de temperatura en los mares de Espa\u00f1a"},"previousItem":{"@type":"ListItem","@id":"https:\/\/candas365.es\/noticias#listItem","name":"Home"}},{"@type":"ListItem","@id":"https:\/\/candas365.es\/noticias\/record-de-temperatura-en-los-mares-de-espana\/#listItem","position":3,"name":"R\u00e9cord de temperatura en los mares de Espa\u00f1a","previousItem":{"@type":"ListItem","@id":"https:\/\/candas365.es\/noticias\/category\/sociedad\/#listItem","name":"Sociedad"}}]},{"@type":"NewsArticle","@id":"https:\/\/candas365.es\/noticias\/record-de-temperatura-en-los-mares-de-espana\/#newsarticle","name":"R\u00e9cord de temperatura en los mares de Espa\u00f1a | Cand\u00e1s 365","headline":"R\u00e9cord de temperatura en los mares de Espa\u00f1a","author":{"@id":"https:\/\/candas365.es\/noticias\/author\/admin\/#author"},"publisher":{"@id":"https:\/\/candas365.es\/noticias\/#organization"},"image":{"@type":"ImageObject","url":"https:\/\/candas365.es\/noticias\/wp-content\/uploads\/2026\/09\/Record-de-temperatura-en-los-mares-de-Espana.jpg","width":1181,"height":778,"caption":"Activistas de Greenpeace, con una sart\u00e9n gigante en un mar y una pancarta en la que se lee 'planeta frito' | Foto de Greenpeace"},"datePublished":"2026-09-04T08:59:48+02:00","dateModified":"2026-09-04T08:59:48+02:00","inLanguage":"es-ES","mainEntityOfPage":{"@id":"https:\/\/candas365.es\/noticias\/record-de-temperatura-en-los-mares-de-espana\/#webpage"},"isPartOf":{"@id":"https:\/\/candas365.es\/noticias\/record-de-temperatura-en-los-mares-de-espana\/#webpage"},"articleSection":"Destacadas, Sociedad, naturaleza, Reportajes","dateline":"Publicado el septiembre 4, 2026."},{"@type":"Organization","@id":"https:\/\/candas365.es\/noticias\/#organization","name":"Cand\u00e1s 365","description":"Cand\u00e1s 365 es un diario digital independiente, fundado en 2012, con base en Asturias. Informamos con rigor sobre actualidad, sociedad, cultura y ocio, con una mirada local y global.","url":"https:\/\/candas365.es\/noticias\/","email":"info@candas365.es","telephone":"+34652131393","foundingDate":"2012-06-10","logo":{"@type":"ImageObject","url":"https:\/\/candas365.es\/noticias\/wp-content\/uploads\/2024\/09\/Candas-365-Redes.jpg","@id":"https:\/\/candas365.es\/noticias\/record-de-temperatura-en-los-mares-de-espana\/#organizationLogo","width":1152,"height":864,"caption":"Cand\u00e1s 365 Redes"},"image":{"@id":"https:\/\/candas365.es\/noticias\/record-de-temperatura-en-los-mares-de-espana\/#organizationLogo"},"sameAs":["https:\/\/www.facebook.com\/Nachofdezber","https:\/\/x.com\/candas365","https:\/\/www.instagram.com\/nachofdezber\/","https:\/\/www.youtube.com\/channel\/UCZP-2wLEB9Rv6erhFmqVnvg"],"address":{"@id":"https:\/\/candas365.es\/noticias\/#postaladdress","@type":"PostalAddress","streetAddress":"san antonio 4, san antonio 4","postalCode":"33430","addressLocality":"Cand\u00e1s","addressRegion":"Asturias","addressCountry":"ES"}},{"@type":"Person","@id":"https:\/\/candas365.es\/noticias\/author\/admin\/#author","url":"https:\/\/candas365.es\/noticias\/author\/admin\/","name":"Cand\u00e1s 365","image":{"@type":"ImageObject","@id":"https:\/\/candas365.es\/noticias\/record-de-temperatura-en-los-mares-de-espana\/#authorImage","url":"https:\/\/candas365.es\/noticias\/wp-content\/uploads\/2026\/07\/cropped-eyevuvEl_400x400-96x96.jpg","width":96,"height":96,"caption":"Cand\u00e1s 365"},"sameAs":["https:\/\/www.facebook.com\/Nachofdezber","https:\/\/x.com\/candas365","https:\/\/www.instagram.com\/nachofdezber\/","https:\/\/www.youtube.com\/channel\/UCZP-2wLEB9Rv6erhFmqVnvg"]},{"@type":"WebPage","@id":"https:\/\/candas365.es\/noticias\/record-de-temperatura-en-los-mares-de-espana\/#webpage","url":"https:\/\/candas365.es\/noticias\/record-de-temperatura-en-los-mares-de-espana\/","name":"R\u00e9cord de temperatura en los mares de Espa\u00f1a | Cand\u00e1s 365","description":"El verano de 2026 est\u00e1 siendo noticia por el calor y por las temperaturas de las aguas superficiales de los mares que rodean a Espa\u00f1a, pues han batido r\u00e9cords","inLanguage":"es-ES","isPartOf":{"@id":"https:\/\/candas365.es\/noticias\/#website"},"breadcrumb":{"@id":"https:\/\/candas365.es\/noticias\/record-de-temperatura-en-los-mares-de-espana\/#breadcrumblist"},"author":{"@id":"https:\/\/candas365.es\/noticias\/author\/admin\/#author"},"creator":{"@id":"https:\/\/candas365.es\/noticias\/author\/admin\/#author"},"image":{"@type":"ImageObject","url":"https:\/\/candas365.es\/noticias\/wp-content\/uploads\/2026\/09\/Record-de-temperatura-en-los-mares-de-Espana.jpg","@id":"https:\/\/candas365.es\/noticias\/record-de-temperatura-en-los-mares-de-espana\/#mainImage","width":1181,"height":778,"caption":"Activistas de Greenpeace, con una sart\u00e9n gigante en un mar y una pancarta en la que se lee 'planeta frito' | Foto de Greenpeace"},"primaryImageOfPage":{"@id":"https:\/\/candas365.es\/noticias\/record-de-temperatura-en-los-mares-de-espana\/#mainImage"},"datePublished":"2026-09-04T08:59:48+02:00","dateModified":"2026-09-04T08:59:48+02:00"},{"@type":"WebSite","@id":"https:\/\/candas365.es\/noticias\/#website","url":"https:\/\/candas365.es\/noticias\/","name":"Cand\u00e1s 365","alternateName":"Cand\u00e1s 365 Noticias","description":"Actualidad desde Carre\u00f1o para el mundo","inLanguage":"es-ES","publisher":{"@id":"https:\/\/candas365.es\/noticias\/#organization"}}]},"og:locale":"es_ES","og:site_name":"Cand\u00e1s 365","og:type":"article","og:title":"R\u00e9cord de temperatura en los mares de Espa\u00f1a \u2013 Cand\u00e1s 365","og:description":"El verano de 2026 est\u00e1 siendo noticia por el calor y por las temperaturas de las aguas superficiales de los mares que rodean a Espa\u00f1a, pues han batido r\u00e9cords","og:url":"https:\/\/candas365.es\/noticias\/record-de-temperatura-en-los-mares-de-espana\/","og:image":"https:\/\/candas365.es\/noticias\/wp-content\/uploads\/2026\/09\/Record-de-temperatura-en-los-mares-de-Espana.jpg","og:image:secure_url":"https:\/\/candas365.es\/noticias\/wp-content\/uploads\/2026\/09\/Record-de-temperatura-en-los-mares-de-Espana.jpg","og:image:width":1181,"og:image:height":778,"article:published_time":"2026-09-04T06:59:48+00:00","article:modified_time":"2026-09-04T06:59:48+00:00","article:publisher":"https:\/\/www.facebook.com\/Nachofdezber","article:author":"https:\/\/www.facebook.com\/Nachofdezber","twitter:card":"summary_large_image","twitter:site":"@candas365","twitter:title":"R\u00e9cord de temperatura en los mares de Espa\u00f1a \u2013 Cand\u00e1s 365","twitter:description":"El verano de 2026 est\u00e1 siendo noticia por el calor y por las temperaturas de las aguas superficiales de los mares que rodean a Espa\u00f1a, pues han batido r\u00e9cords","twitter:creator":"@candas365","twitter:image":"https:\/\/candas365.es\/noticias\/wp-content\/uploads\/2026\/09\/Record-de-temperatura-en-los-mares-de-Espana.jpg","twitter:label1":"Escrito por","twitter:data1":"Cand\u00e1s 365","twitter:label2":"Tiempo de lectura estimado","twitter:data2":"5 minutos"},"aioseo_meta_data":{"post_id":"197988","title":null,"description":"El verano de 2026 est\u00e1 siendo noticia por el calor y por las temperaturas de las aguas superficiales de los mares que rodean a Espa\u00f1a, pues han batido r\u00e9cords","keywords":null,"keyphrases":{"focus":{"keyphrase":"mares de Espa\u00f1a","score":0,"analysis":[]},"additional":[]},"primary_term":null,"canonical_url":null,"og_title":"#post_title #separator_sa #site_title","og_description":"El verano de 2026 est\u00e1 siendo noticia por el calor y por las temperaturas de las aguas superficiales de los mares que rodean a Espa\u00f1a, pues han batido r\u00e9cords","og_object_type":"default","og_image_type":"default","og_image_url":null,"og_image_width":null,"og_image_height":null,"og_image_custom_url":null,"og_image_custom_fields":null,"og_video":"","og_custom_url":null,"og_article_section":null,"og_article_tags":null,"twitter_use_og":true,"twitter_card":"default","twitter_image_type":"default","twitter_image_url":null,"twitter_image_custom_url":null,"twitter_image_custom_fields":null,"twitter_title":null,"twitter_description":null,"schema":{"blockGraphs":[],"customGraphs":[],"default":{"data":{"Article":[],"Course":[],"Dataset":[],"FAQPage":[],"Movie":[],"Person":[],"Product":[],"ProductReview":[],"Car":[],"Recipe":[],"Service":[],"SoftwareApplication":[],"WebPage":[]},"graphName":"NewsArticle","isEnabled":true},"graphs":[]},"schema_type":"default","schema_type_options":null,"pillar_content":false,"robots_default":true,"robots_noindex":false,"robots_noarchive":false,"robots_nosnippet":false,"robots_nofollow":false,"robots_noimageindex":false,"robots_noodp":false,"robots_notranslate":false,"robots_max_snippet":"-1","robots_max_videopreview":"-1","robots_max_imagepreview":"large","priority":null,"frequency":"default","location":null,"local_seo":null,"seo_analyzer_scan_date":"2026-09-04 07:00:25","breadcrumb_settings":null,"limit_modified_date":false,"reviewed_by":"0","open_ai":null,"ai":{"faqs":[],"keyPoints":[],"schemas":[],"titles":[],"descriptions":[],"socialPosts":{"email":{"subject":"","preview":"","content":""},"linkedin":[],"twitter":[],"facebook":[],"instagram":[]}},"created":"2026-09-04 06:50:18","updated":"2026-09-04 07:34:17","focus_keyword":"mares de Espa\u00f1a","additional_keywords":null,"truseo_locale":null},"aioseo_breadcrumb":"<div class=\"aioseo-breadcrumbs\"><span class=\"aioseo-breadcrumb\">\n\t<a href=\"https:\/\/candas365.es\/noticias\" title=\"Home\">Home<\/a>\n<\/span><span class=\"aioseo-breadcrumb-separator\">&ndash;<\/span><span class=\"aioseo-breadcrumb\">\n\t<a href=\"https:\/\/candas365.es\/noticias\/category\/sociedad\/\" title=\"Sociedad\">Sociedad<\/a>\n<\/span><span class=\"aioseo-breadcrumb-separator\">&ndash;<\/span><span class=\"aioseo-breadcrumb\">\n\tR\u00e9cord de temperatura en los mares de Espa\u00f1a\n<\/span><\/div>","aioseo_breadcrumb_json":[{"label":"Home","link":"https:\/\/candas365.es\/noticias"},{"label":"Sociedad","link":"https:\/\/candas365.es\/noticias\/category\/sociedad\/"},{"label":"R\u00e9cord de temperatura en los mares de Espa\u00f1a","link":"https:\/\/candas365.es\/noticias\/record-de-temperatura-en-los-mares-de-espana\/"}],"_links":{"self":[{"href":"https:\/\/candas365.es\/noticias\/wp-json\/wp\/v2\/posts\/197988","targetHints":{"allow":["GET"]}}],"collection":[{"href":"https:\/\/candas365.es\/noticias\/wp-json\/wp\/v2\/posts"}],"about":[{"href":"https:\/\/candas365.es\/noticias\/wp-json\/wp\/v2\/types\/post"}],"author":[{"embeddable":true,"href":"https:\/\/candas365.es\/noticias\/wp-json\/wp\/v2\/users\/1"}],"replies":[{"embeddable":true,"href":"https:\/\/candas365.es\/noticias\/wp-json\/wp\/v2\/comments?post=197988"}],"version-history":[{"count":1,"href":"https:\/\/candas365.es\/noticias\/wp-json\/wp\/v2\/posts\/197988\/revisions"}],"predecessor-version":[{"id":197990,"href":"https:\/\/candas365.es\/noticias\/wp-json\/wp\/v2\/posts\/197988\/revisions\/197990"}],"wp:featuredmedia":[{"embeddable":true,"href":"https:\/\/candas365.es\/noticias\/wp-json\/wp\/v2\/media\/197989"}],"wp:attachment":[{"href":"https:\/\/candas365.es\/noticias\/wp-json\/wp\/v2\/media?parent=197988"}],"wp:term":[{"taxonomy":"category","embeddable":true,"href":"https:\/\/candas365.es\/noticias\/wp-json\/wp\/v2\/categories?post=197988"},{"taxonomy":"post_tag","embeddable":true,"href":"https:\/\/candas365.es\/noticias\/wp-json\/wp\/v2\/tags?post=197988"}],"curies":[{"name":"wp","href":"https:\/\/api.w.org\/{rel}","templated":true}]}}