{"id":197976,"date":"2026-09-03T15:53:43","date_gmt":"2026-09-03T13:53:43","guid":{"rendered":"https:\/\/candas365.es\/noticias\/?p=197976"},"modified":"2026-09-03T15:53:43","modified_gmt":"2026-09-03T13:53:43","slug":"la-puesta-en-escena-de-ulrich-siegmund","status":"publish","type":"post","link":"https:\/\/candas365.es\/noticias\/la-puesta-en-escena-de-ulrich-siegmund\/","title":{"rendered":"La puesta en escena de Ulrich Siegmund"},"content":{"rendered":"<p><span class=\"dateline\">Tangerm\u00fcnde (Alemania), 1 sep\u00a0<span class=\"credit\">(<a href=\"https:\/\/www.dpa-news.de\/\" target=\"_blank\" rel=\"noopener\"><span style=\"color: #ff6600;\"><strong>dpa<\/strong><\/span><\/a>)<\/span>\u00a0&#8211;\u00a0<\/span>Sin importar el lugar que visite como parte de la campa\u00f1a electoral en Sajonia-Anhalt, a Ulrich Siegmund le aguardan siempre colas de gente esperando a hacerse una foto con \u00e9l.<\/p>\n<figure id=\"attachment_197977\" aria-describedby=\"caption-attachment-197977\" style=\"width: 650px\" class=\"wp-caption aligncenter\"><img fetchpriority=\"high\" decoding=\"async\" class=\"size-large wp-image-197977\" src=\"https:\/\/candas365.es\/noticias\/wp-content\/uploads\/2026\/09\/La-puesta-en-escena-de-Ulrich-Siegmund-650x426.jpg\" alt=\"La puesta en escena de Ulrich Siegmund\" width=\"650\" height=\"426\" srcset=\"https:\/\/candas365.es\/noticias\/wp-content\/uploads\/2026\/09\/La-puesta-en-escena-de-Ulrich-Siegmund-650x426.jpg 650w, https:\/\/candas365.es\/noticias\/wp-content\/uploads\/2026\/09\/La-puesta-en-escena-de-Ulrich-Siegmund-360x236.jpg 360w, https:\/\/candas365.es\/noticias\/wp-content\/uploads\/2026\/09\/La-puesta-en-escena-de-Ulrich-Siegmund-768x503.jpg 768w, https:\/\/candas365.es\/noticias\/wp-content\/uploads\/2026\/09\/La-puesta-en-escena-de-Ulrich-Siegmund-150x98.jpg 150w, https:\/\/candas365.es\/noticias\/wp-content\/uploads\/2026\/09\/La-puesta-en-escena-de-Ulrich-Siegmund-450x295.jpg 450w, https:\/\/candas365.es\/noticias\/wp-content\/uploads\/2026\/09\/La-puesta-en-escena-de-Ulrich-Siegmund-1200x786.jpg 1200w, https:\/\/candas365.es\/noticias\/wp-content\/uploads\/2026\/09\/La-puesta-en-escena-de-Ulrich-Siegmund.jpg 1246w\" sizes=\"(max-width: 650px) 100vw, 650px\" \/><figcaption id=\"caption-attachment-197977\" class=\"wp-caption-text\">Foto: Klaus-Dietmar Gabbert\/dp\/dpa<\/figcaption><\/figure>\n<p>El candidato principal de la ultraderechista <a href=\"https:\/\/candas365.es\/noticias\/tag\/politica\/\"><span style=\"color: #ff6600;\"><strong>Alternativa para Alemania<\/strong><\/span><\/a> (AfD)\u00a0en esa regi\u00f3n del este del pa\u00eds, que celebra elecciones el 6 de septiembre, se prodiga entonces en abrazos, sonrisas, palabras amables con sus potenciales votantes.<\/p>\n<p>En claro contraste con la hostilidad que reciben muchos pol\u00edticos en el pa\u00eds europeo, Siegemund se destaca por hacer sentir bien a sus seguidores, con medios sencillos, rehuyendo propuestas concretas y esquivando cuestionamientos, aunque sea a costa de perder su sonrisa.<\/p>\n<p>En Sajonia-Anhalt, el candidato de la AfD, que aspira por primera vez a alcanzar el Gobierno en solitario en una regi\u00f3n alemana con un apoyo en torno al 40 % seg\u00fan los sondeos, es aclamado como una estrella del pop.<\/p>\n<p>En cierto modo, el fen\u00f3meno del pol\u00edtico ultraderechista tiene que ver con la pandemia de coronavirus, ya que Siegmund aprovech\u00f3 la crisis para ampliar cada vez m\u00e1s su actividad en las redes sociales, ganando cientos de miles de seguidores gracias a sus cr\u00edticas a las medidas adoptadas entonces por el Gobierno.<\/p>\n<p>A eso debe sum\u00e1rsele que el pol\u00edtico, de 35 a\u00f1os, es un h\u00e1bil orador parlamentario, capaz de arremeter con dureza contra sus rivales y, al instante siguiente, ganarse la simpat\u00eda de los jubilados con un cumplido hacia ellos; sin duda, trata de elegir siempre sus palabras a conciencia.<\/p>\n<h2><strong>De la CDU a la AfD<\/strong><\/h2>\n<p>Siendo m\u00e1s joven, Siegmund fue miembro de la Uni\u00f3n Dem\u00f3crata Cristiana (CDU) durante un breve periodo de tiempo, tras lo cual se decant\u00f3 finalmente por la AfD. En 2016 logr\u00f3 entrar en el Parlamento de Sajonia-Anhalt y, desde agosto de 2022, dirige el grupo parlamentario junto con Oliver Kirchner como copresidente.<\/p>\n<p>Unos meses m\u00e1s tarde, fue objeto de grandes cr\u00edticas a nivel nacional por primera vez, al conocerse su participaci\u00f3n en una reuni\u00f3n celebrada en noviembre de 2023 en Postdam con la presencia del austriaco Martin Sellner, antiguo l\u00edder del movimiento conocido como Movimiento Identitario.<\/p>\n<p>Seg\u00fan los medios de comunicaci\u00f3n, la participaci\u00f3n de Sellner gir\u00f3 en torno al concepto de \u00abremigracion\u00bb, t\u00e9rmino usado por los extremistas para referirse a la deportaci\u00f3n de un gran n\u00famero de personas de origen extranjero de Alemania o de otros pa\u00edses, incluso por la fuerza.<\/p>\n<p>A ra\u00edz de la pol\u00e9mica, el Parlamento de Sajonia-Anhalt destituy\u00f3 a Siegmund como presidente de la Comisi\u00f3n de Asuntos Sociales.<\/p>\n<h1><strong>Acusaciones de nepotismo<\/strong><\/h1>\n<p>Siegmund tambi\u00e9n se vio envuelto de lleno en el esc\u00e1ndalo de nepotismo que afect\u00f3 la AfD hace unos meses. Seg\u00fan los informes period\u00edsticos, su padre percibi\u00f3 supuestamente durante un tiempo m\u00e1s de 7.500 euros (8.700 d\u00f3lares) al mes, en calidad de empleado en la oficina del Bundestag (Parlamento) de un compa\u00f1ero de partido.<\/p>\n<p>El hoy candidato principal para las elecciones regionales intent\u00f3 rebatir las cr\u00edticas surgidas entonces, tambi\u00e9n sobre otros casos similares en la AfD, alegando que en el partido se apostaba por personas en las que se pod\u00eda confiar.<\/p>\n<p>Sin embargo, ni la reuni\u00f3n de Potsdam ni el esc\u00e1ndalo de nepotismo parecen desempe\u00f1ar un papel relevante en la campa\u00f1a electoral de Sajonia-Anhalt, como tampoco el hecho de que la agrupaci\u00f3n de la AfD en esa regi\u00f3n haya sido confirmada como partido de extrema derecha por los servicios de inteligencia.<\/p>\n<h3><strong>Trayectoria poco convencional<\/strong><\/h3>\n<p>Nacido en 1990, Siegemund no sigui\u00f3 una trayectoria educativa convencional. Seg\u00fan su propio relato, de joven ganaba algo de dinero a tiempo parcial como camarero y ayudante en la construcci\u00f3n. Poco antes de terminar la secundaria, abandon\u00f3 el instituto y comenz\u00f3 una formaci\u00f3n profesional como t\u00e9cnico en comercio exterior.<\/p>\n<p>A esto le siguieron otras etapas en el \u00e1mbito de las ventas y una licenciatura en Psicolog\u00eda Empresarial y Administraci\u00f3n de Empresas hecha en una universidad a distancia de Hamburgo. Posteriormente, seg\u00fan \u00e9l, se dedic\u00f3 a la venta de ambientadores. \u00abSiegmund es un &#8216;vendedor de velas perfumadas'\u00bb, brome\u00f3 recientemente el pol\u00edtico de la CDU Philipp Amthor.<\/p>\n<p>El pol\u00edtico de la AfD tiene una hija peque\u00f1a con su esposa Julia; viven en la peque\u00f1a localidad de Tangerm\u00fcnde, situada a poco m\u00e1s de cien kil\u00f3metros al oeste de Ber\u00edn. All\u00ed se ha dado de baja de la Iglesia cat\u00f3lica.<\/p>\n<p>En su tiempo libre va al gimnasio, cuando encuentra tiempo para ello. Antes sol\u00eda leer con frecuencia libros de Wilhelm Busch, seg\u00fan \u00e9l mismo, adem\u00e1s de dedicarse a la b\u00fasqueda de objetos con un detector de metales como afici\u00f3n.<\/p>\n<p>\u00abNo hay motivo para que un ciudadano honrado tenga miedo. Aqu\u00ed no hay ninguna excavadora arrasando el pa\u00eds y destruy\u00e9ndolo todo\u00bb, coment\u00f3 al ser preguntado sobre su objetivo declarado de liderar el primer Gobierno regional de la AfD en solitario.<\/p>\n<p><i class=\"lang-es\"><span class=\" readonly\" title=\"\">Por Christopher Kissmann (dpa)<\/span><\/i><\/p>\n","protected":false},"excerpt":{"rendered":"<p>Tangerm\u00fcnde (Alemania), 1 sep\u00a0(dpa)\u00a0&#8211;\u00a0Sin importar el lugar que visite como parte de la campa\u00f1a electoral en Sajonia-Anhalt, a Ulrich Siegmund le aguardan siempre colas de gente esperando a hacerse una foto con \u00e9l. El candidato principal de la ultraderechista Alternativa para Alemania (AfD)\u00a0en esa regi\u00f3n del este del pa\u00eds, que celebra elecciones el 6 de<\/p>\n","protected":false},"author":1,"featured_media":197977,"comment_status":"closed","ping_status":"closed","sticky":false,"template":"","format":"standard","meta":{"footnotes":""},"categories":[485],"tags":[470],"class_list":["post-197976","post","type-post","status-publish","format-standard","has-post-thumbnail","category-internacional","tag-politica"],"aioseo_notices":[],"aioseo_head":"\n\t\t<!-- All in One SEO Pro 5.0.1.1 - aioseo.com -->\n\t<meta name=\"description\" content=\"Tangerm\u00fcnde (Alemania), 1 sep (dpa) - Sin importar el lugar que visite como parte de la campa\u00f1a electoral en Sajonia-Anhalt, a Ulrich Siegmund le aguardan\" \/>\n\t<meta name=\"robots\" content=\"max-image-preview:large\" \/>\n\t<meta name=\"author\" content=\"Cand\u00e1s 365\"\/>\n\t<meta name=\"google-site-verification\" content=\"UA-32230408-1\" \/>\n\t<meta name=\"msvalidate.01\" content=\"354F3CDFB2DA171B47FBE9ABF1F88D5\" \/>\n\t<meta name=\"keywords\" content=\"internacional\" \/>\n\t<link rel=\"canonical\" href=\"https:\/\/candas365.es\/noticias\/la-puesta-en-escena-de-ulrich-siegmund\/\" \/>\n\t<meta name=\"generator\" content=\"All in One SEO Pro (AIOSEO) 5.0.1.1\" \/>\n\t\t<meta property=\"og:locale\" content=\"es_ES\" \/>\n\t\t<meta property=\"og:site_name\" content=\"Cand\u00e1s 365\" \/>\n\t\t<meta property=\"og:type\" content=\"article\" \/>\n\t\t<meta property=\"og:title\" content=\"La puesta en escena de Ulrich Siegmund \u2013 Cand\u00e1s 365\" \/>\n\t\t<meta property=\"og:description\" content=\"Tangerm\u00fcnde (Alemania), 1 sep (dpa) - Sin importar el lugar que visite como parte de la campa\u00f1a electoral en Sajonia-Anhalt, a Ulrich Siegmund le aguardan\" \/>\n\t\t<meta property=\"og:url\" content=\"https:\/\/candas365.es\/noticias\/la-puesta-en-escena-de-ulrich-siegmund\/\" \/>\n\t\t<meta property=\"og:image\" content=\"https:\/\/candas365.es\/noticias\/wp-content\/uploads\/2026\/09\/La-puesta-en-escena-de-Ulrich-Siegmund.jpg\" \/>\n\t\t<meta property=\"og:image:secure_url\" content=\"https:\/\/candas365.es\/noticias\/wp-content\/uploads\/2026\/09\/La-puesta-en-escena-de-Ulrich-Siegmund.jpg\" \/>\n\t\t<meta property=\"og:image:width\" content=\"1246\" \/>\n\t\t<meta property=\"og:image:height\" content=\"816\" \/>\n\t\t<meta property=\"article:published_time\" content=\"2026-09-03T13:53:43+00:00\" \/>\n\t\t<meta property=\"article:modified_time\" content=\"2026-09-03T13:53:43+00:00\" \/>\n\t\t<meta property=\"article:publisher\" content=\"https:\/\/www.facebook.com\/Nachofdezber\" \/>\n\t\t<meta property=\"article:author\" content=\"https:\/\/www.facebook.com\/Nachofdezber\" \/>\n\t\t<meta name=\"twitter:card\" content=\"summary_large_image\" \/>\n\t\t<meta name=\"twitter:site\" content=\"@candas365\" \/>\n\t\t<meta name=\"twitter:title\" content=\"La puesta en escena de Ulrich Siegmund \u2013 Cand\u00e1s 365\" \/>\n\t\t<meta name=\"twitter:description\" content=\"Tangerm\u00fcnde (Alemania), 1 sep (dpa) - Sin importar el lugar que visite como parte de la campa\u00f1a electoral en Sajonia-Anhalt, a Ulrich Siegmund le aguardan\" \/>\n\t\t<meta name=\"twitter:creator\" content=\"@candas365\" \/>\n\t\t<meta name=\"twitter:image\" content=\"https:\/\/candas365.es\/noticias\/wp-content\/uploads\/2026\/09\/La-puesta-en-escena-de-Ulrich-Siegmund.jpg\" \/>\n\t\t<meta name=\"twitter:label1\" content=\"Escrito por\" \/>\n\t\t<meta name=\"twitter:data1\" content=\"Cand\u00e1s 365\" \/>\n\t\t<meta name=\"twitter:label2\" content=\"Tiempo de lectura estimado\" \/>\n\t\t<meta name=\"twitter:data2\" content=\"4 minutos\" \/>\n\t\t<script type=\"application\/ld+json\" class=\"aioseo-schema\">\n\t\t\t{\"@context\":\"https:\\\/\\\/schema.org\",\"@graph\":[{\"@type\":\"BreadcrumbList\",\"@id\":\"https:\\\/\\\/candas365.es\\\/noticias\\\/la-puesta-en-escena-de-ulrich-siegmund\\\/#breadcrumblist\",\"itemListElement\":[{\"@type\":\"ListItem\",\"@id\":\"https:\\\/\\\/candas365.es\\\/noticias#listItem\",\"position\":1,\"name\":\"Home\",\"item\":\"https:\\\/\\\/candas365.es\\\/noticias\",\"nextItem\":{\"@type\":\"ListItem\",\"@id\":\"https:\\\/\\\/candas365.es\\\/noticias\\\/category\\\/internacional\\\/#listItem\",\"name\":\"Internacional\"}},{\"@type\":\"ListItem\",\"@id\":\"https:\\\/\\\/candas365.es\\\/noticias\\\/category\\\/internacional\\\/#listItem\",\"position\":2,\"name\":\"Internacional\",\"item\":\"https:\\\/\\\/candas365.es\\\/noticias\\\/category\\\/internacional\\\/\",\"nextItem\":{\"@type\":\"ListItem\",\"@id\":\"https:\\\/\\\/candas365.es\\\/noticias\\\/la-puesta-en-escena-de-ulrich-siegmund\\\/#listItem\",\"name\":\"La puesta en escena de Ulrich Siegmund\"},\"previousItem\":{\"@type\":\"ListItem\",\"@id\":\"https:\\\/\\\/candas365.es\\\/noticias#listItem\",\"name\":\"Home\"}},{\"@type\":\"ListItem\",\"@id\":\"https:\\\/\\\/candas365.es\\\/noticias\\\/la-puesta-en-escena-de-ulrich-siegmund\\\/#listItem\",\"position\":3,\"name\":\"La puesta en escena de Ulrich Siegmund\",\"previousItem\":{\"@type\":\"ListItem\",\"@id\":\"https:\\\/\\\/candas365.es\\\/noticias\\\/category\\\/internacional\\\/#listItem\",\"name\":\"Internacional\"}}]},{\"@type\":\"NewsArticle\",\"@id\":\"https:\\\/\\\/candas365.es\\\/noticias\\\/la-puesta-en-escena-de-ulrich-siegmund\\\/#newsarticle\",\"name\":\"La puesta en escena de Ulrich Siegmund | Cand\\u00e1s 365\",\"headline\":\"La puesta en escena de Ulrich Siegmund\",\"author\":{\"@id\":\"https:\\\/\\\/candas365.es\\\/noticias\\\/author\\\/admin\\\/#author\"},\"publisher\":{\"@id\":\"https:\\\/\\\/candas365.es\\\/noticias\\\/#organization\"},\"image\":{\"@type\":\"ImageObject\",\"url\":\"https:\\\/\\\/candas365.es\\\/noticias\\\/wp-content\\\/uploads\\\/2026\\\/09\\\/La-puesta-en-escena-de-Ulrich-Siegmund.jpg\",\"width\":1246,\"height\":816,\"caption\":\"Foto: Klaus-Dietmar Gabbert\\\/dp\\\/dpa\"},\"datePublished\":\"2026-09-03T15:53:43+02:00\",\"dateModified\":\"2026-09-03T15:53:43+02:00\",\"inLanguage\":\"es-ES\",\"mainEntityOfPage\":{\"@id\":\"https:\\\/\\\/candas365.es\\\/noticias\\\/la-puesta-en-escena-de-ulrich-siegmund\\\/#webpage\"},\"isPartOf\":{\"@id\":\"https:\\\/\\\/candas365.es\\\/noticias\\\/la-puesta-en-escena-de-ulrich-siegmund\\\/#webpage\"},\"articleSection\":\"Internacional, pol\\u00edtica\",\"dateline\":\"Publicado el septiembre 3, 2026.\"},{\"@type\":\"Organization\",\"@id\":\"https:\\\/\\\/candas365.es\\\/noticias\\\/#organization\",\"name\":\"Cand\\u00e1s 365\",\"description\":\"Cand\\u00e1s 365 es un diario digital independiente, fundado en 2012, con base en Asturias. Informamos con rigor sobre actualidad, sociedad, cultura y ocio, con una mirada local y global.\",\"url\":\"https:\\\/\\\/candas365.es\\\/noticias\\\/\",\"email\":\"info@candas365.es\",\"telephone\":\"+34652131393\",\"foundingDate\":\"2012-06-10\",\"logo\":{\"@type\":\"ImageObject\",\"url\":\"https:\\\/\\\/candas365.es\\\/noticias\\\/wp-content\\\/uploads\\\/2024\\\/09\\\/Candas-365-Redes.jpg\",\"@id\":\"https:\\\/\\\/candas365.es\\\/noticias\\\/la-puesta-en-escena-de-ulrich-siegmund\\\/#organizationLogo\",\"width\":1152,\"height\":864,\"caption\":\"Cand\\u00e1s 365 Redes\"},\"image\":{\"@id\":\"https:\\\/\\\/candas365.es\\\/noticias\\\/la-puesta-en-escena-de-ulrich-siegmund\\\/#organizationLogo\"},\"sameAs\":[\"https:\\\/\\\/www.facebook.com\\\/Nachofdezber\",\"https:\\\/\\\/x.com\\\/candas365\",\"https:\\\/\\\/www.instagram.com\\\/nachofdezber\\\/\",\"https:\\\/\\\/www.youtube.com\\\/channel\\\/UCZP-2wLEB9Rv6erhFmqVnvg\"],\"address\":{\"@id\":\"https:\\\/\\\/candas365.es\\\/noticias\\\/#postaladdress\",\"@type\":\"PostalAddress\",\"streetAddress\":\"san antonio 4, san antonio 4\",\"postalCode\":\"33430\",\"addressLocality\":\"Cand\\u00e1s\",\"addressRegion\":\"Asturias\",\"addressCountry\":\"ES\"}},{\"@type\":\"Person\",\"@id\":\"https:\\\/\\\/candas365.es\\\/noticias\\\/author\\\/admin\\\/#author\",\"url\":\"https:\\\/\\\/candas365.es\\\/noticias\\\/author\\\/admin\\\/\",\"name\":\"Cand\\u00e1s 365\",\"image\":{\"@type\":\"ImageObject\",\"@id\":\"https:\\\/\\\/candas365.es\\\/noticias\\\/la-puesta-en-escena-de-ulrich-siegmund\\\/#authorImage\",\"url\":\"https:\\\/\\\/candas365.es\\\/noticias\\\/wp-content\\\/uploads\\\/2026\\\/07\\\/cropped-eyevuvEl_400x400-96x96.jpg\",\"width\":96,\"height\":96,\"caption\":\"Cand\\u00e1s 365\"},\"sameAs\":[\"https:\\\/\\\/www.facebook.com\\\/Nachofdezber\",\"https:\\\/\\\/x.com\\\/candas365\",\"https:\\\/\\\/www.instagram.com\\\/nachofdezber\\\/\",\"https:\\\/\\\/www.youtube.com\\\/channel\\\/UCZP-2wLEB9Rv6erhFmqVnvg\"]},{\"@type\":\"WebPage\",\"@id\":\"https:\\\/\\\/candas365.es\\\/noticias\\\/la-puesta-en-escena-de-ulrich-siegmund\\\/#webpage\",\"url\":\"https:\\\/\\\/candas365.es\\\/noticias\\\/la-puesta-en-escena-de-ulrich-siegmund\\\/\",\"name\":\"La puesta en escena de Ulrich Siegmund | Cand\\u00e1s 365\",\"description\":\"Tangerm\\u00fcnde (Alemania), 1 sep (dpa) - Sin importar el lugar que visite como parte de la campa\\u00f1a electoral en Sajonia-Anhalt, a Ulrich Siegmund le aguardan\",\"inLanguage\":\"es-ES\",\"isPartOf\":{\"@id\":\"https:\\\/\\\/candas365.es\\\/noticias\\\/#website\"},\"breadcrumb\":{\"@id\":\"https:\\\/\\\/candas365.es\\\/noticias\\\/la-puesta-en-escena-de-ulrich-siegmund\\\/#breadcrumblist\"},\"author\":{\"@id\":\"https:\\\/\\\/candas365.es\\\/noticias\\\/author\\\/admin\\\/#author\"},\"creator\":{\"@id\":\"https:\\\/\\\/candas365.es\\\/noticias\\\/author\\\/admin\\\/#author\"},\"image\":{\"@type\":\"ImageObject\",\"url\":\"https:\\\/\\\/candas365.es\\\/noticias\\\/wp-content\\\/uploads\\\/2026\\\/09\\\/La-puesta-en-escena-de-Ulrich-Siegmund.jpg\",\"@id\":\"https:\\\/\\\/candas365.es\\\/noticias\\\/la-puesta-en-escena-de-ulrich-siegmund\\\/#mainImage\",\"width\":1246,\"height\":816,\"caption\":\"Foto: Klaus-Dietmar Gabbert\\\/dp\\\/dpa\"},\"primaryImageOfPage\":{\"@id\":\"https:\\\/\\\/candas365.es\\\/noticias\\\/la-puesta-en-escena-de-ulrich-siegmund\\\/#mainImage\"},\"datePublished\":\"2026-09-03T15:53:43+02:00\",\"dateModified\":\"2026-09-03T15:53:43+02:00\"},{\"@type\":\"WebSite\",\"@id\":\"https:\\\/\\\/candas365.es\\\/noticias\\\/#website\",\"url\":\"https:\\\/\\\/candas365.es\\\/noticias\\\/\",\"name\":\"Cand\\u00e1s 365\",\"alternateName\":\"Cand\\u00e1s 365 Noticias\",\"description\":\"Actualidad desde Carre\\u00f1o para el mundo\",\"inLanguage\":\"es-ES\",\"publisher\":{\"@id\":\"https:\\\/\\\/candas365.es\\\/noticias\\\/#organization\"}}]}\n\t\t<\/script>\n\t\t<!-- All in One SEO Pro -->\r\n\t\t<title>La puesta en escena de Ulrich Siegmund | Cand\u00e1s 365<\/title>\n\n","aioseo_head_json":{"title":"La puesta en escena de Ulrich Siegmund | Cand\u00e1s 365","description":"Tangerm\u00fcnde (Alemania), 1 sep (dpa) - Sin importar el lugar que visite como parte de la campa\u00f1a electoral en Sajonia-Anhalt, a Ulrich Siegmund le aguardan","canonical_url":"https:\/\/candas365.es\/noticias\/la-puesta-en-escena-de-ulrich-siegmund\/","robots":"max-image-preview:large","keywords":"internacional","webmasterTools":{"google-site-verification":"UA-32230408-1","msvalidate.01":"354F3CDFB2DA171B47FBE9ABF1F88D5","miscellaneous":""},"schema":{"@context":"https:\/\/schema.org","@graph":[{"@type":"BreadcrumbList","@id":"https:\/\/candas365.es\/noticias\/la-puesta-en-escena-de-ulrich-siegmund\/#breadcrumblist","itemListElement":[{"@type":"ListItem","@id":"https:\/\/candas365.es\/noticias#listItem","position":1,"name":"Home","item":"https:\/\/candas365.es\/noticias","nextItem":{"@type":"ListItem","@id":"https:\/\/candas365.es\/noticias\/category\/internacional\/#listItem","name":"Internacional"}},{"@type":"ListItem","@id":"https:\/\/candas365.es\/noticias\/category\/internacional\/#listItem","position":2,"name":"Internacional","item":"https:\/\/candas365.es\/noticias\/category\/internacional\/","nextItem":{"@type":"ListItem","@id":"https:\/\/candas365.es\/noticias\/la-puesta-en-escena-de-ulrich-siegmund\/#listItem","name":"La puesta en escena de Ulrich Siegmund"},"previousItem":{"@type":"ListItem","@id":"https:\/\/candas365.es\/noticias#listItem","name":"Home"}},{"@type":"ListItem","@id":"https:\/\/candas365.es\/noticias\/la-puesta-en-escena-de-ulrich-siegmund\/#listItem","position":3,"name":"La puesta en escena de Ulrich Siegmund","previousItem":{"@type":"ListItem","@id":"https:\/\/candas365.es\/noticias\/category\/internacional\/#listItem","name":"Internacional"}}]},{"@type":"NewsArticle","@id":"https:\/\/candas365.es\/noticias\/la-puesta-en-escena-de-ulrich-siegmund\/#newsarticle","name":"La puesta en escena de Ulrich Siegmund | Cand\u00e1s 365","headline":"La puesta en escena de Ulrich Siegmund","author":{"@id":"https:\/\/candas365.es\/noticias\/author\/admin\/#author"},"publisher":{"@id":"https:\/\/candas365.es\/noticias\/#organization"},"image":{"@type":"ImageObject","url":"https:\/\/candas365.es\/noticias\/wp-content\/uploads\/2026\/09\/La-puesta-en-escena-de-Ulrich-Siegmund.jpg","width":1246,"height":816,"caption":"Foto: Klaus-Dietmar Gabbert\/dp\/dpa"},"datePublished":"2026-09-03T15:53:43+02:00","dateModified":"2026-09-03T15:53:43+02:00","inLanguage":"es-ES","mainEntityOfPage":{"@id":"https:\/\/candas365.es\/noticias\/la-puesta-en-escena-de-ulrich-siegmund\/#webpage"},"isPartOf":{"@id":"https:\/\/candas365.es\/noticias\/la-puesta-en-escena-de-ulrich-siegmund\/#webpage"},"articleSection":"Internacional, pol\u00edtica","dateline":"Publicado el septiembre 3, 2026."},{"@type":"Organization","@id":"https:\/\/candas365.es\/noticias\/#organization","name":"Cand\u00e1s 365","description":"Cand\u00e1s 365 es un diario digital independiente, fundado en 2012, con base en Asturias. Informamos con rigor sobre actualidad, sociedad, cultura y ocio, con una mirada local y global.","url":"https:\/\/candas365.es\/noticias\/","email":"info@candas365.es","telephone":"+34652131393","foundingDate":"2012-06-10","logo":{"@type":"ImageObject","url":"https:\/\/candas365.es\/noticias\/wp-content\/uploads\/2024\/09\/Candas-365-Redes.jpg","@id":"https:\/\/candas365.es\/noticias\/la-puesta-en-escena-de-ulrich-siegmund\/#organizationLogo","width":1152,"height":864,"caption":"Cand\u00e1s 365 Redes"},"image":{"@id":"https:\/\/candas365.es\/noticias\/la-puesta-en-escena-de-ulrich-siegmund\/#organizationLogo"},"sameAs":["https:\/\/www.facebook.com\/Nachofdezber","https:\/\/x.com\/candas365","https:\/\/www.instagram.com\/nachofdezber\/","https:\/\/www.youtube.com\/channel\/UCZP-2wLEB9Rv6erhFmqVnvg"],"address":{"@id":"https:\/\/candas365.es\/noticias\/#postaladdress","@type":"PostalAddress","streetAddress":"san antonio 4, san antonio 4","postalCode":"33430","addressLocality":"Cand\u00e1s","addressRegion":"Asturias","addressCountry":"ES"}},{"@type":"Person","@id":"https:\/\/candas365.es\/noticias\/author\/admin\/#author","url":"https:\/\/candas365.es\/noticias\/author\/admin\/","name":"Cand\u00e1s 365","image":{"@type":"ImageObject","@id":"https:\/\/candas365.es\/noticias\/la-puesta-en-escena-de-ulrich-siegmund\/#authorImage","url":"https:\/\/candas365.es\/noticias\/wp-content\/uploads\/2026\/07\/cropped-eyevuvEl_400x400-96x96.jpg","width":96,"height":96,"caption":"Cand\u00e1s 365"},"sameAs":["https:\/\/www.facebook.com\/Nachofdezber","https:\/\/x.com\/candas365","https:\/\/www.instagram.com\/nachofdezber\/","https:\/\/www.youtube.com\/channel\/UCZP-2wLEB9Rv6erhFmqVnvg"]},{"@type":"WebPage","@id":"https:\/\/candas365.es\/noticias\/la-puesta-en-escena-de-ulrich-siegmund\/#webpage","url":"https:\/\/candas365.es\/noticias\/la-puesta-en-escena-de-ulrich-siegmund\/","name":"La puesta en escena de Ulrich Siegmund | Cand\u00e1s 365","description":"Tangerm\u00fcnde (Alemania), 1 sep (dpa) - Sin importar el lugar que visite como parte de la campa\u00f1a electoral en Sajonia-Anhalt, a Ulrich Siegmund le aguardan","inLanguage":"es-ES","isPartOf":{"@id":"https:\/\/candas365.es\/noticias\/#website"},"breadcrumb":{"@id":"https:\/\/candas365.es\/noticias\/la-puesta-en-escena-de-ulrich-siegmund\/#breadcrumblist"},"author":{"@id":"https:\/\/candas365.es\/noticias\/author\/admin\/#author"},"creator":{"@id":"https:\/\/candas365.es\/noticias\/author\/admin\/#author"},"image":{"@type":"ImageObject","url":"https:\/\/candas365.es\/noticias\/wp-content\/uploads\/2026\/09\/La-puesta-en-escena-de-Ulrich-Siegmund.jpg","@id":"https:\/\/candas365.es\/noticias\/la-puesta-en-escena-de-ulrich-siegmund\/#mainImage","width":1246,"height":816,"caption":"Foto: Klaus-Dietmar Gabbert\/dp\/dpa"},"primaryImageOfPage":{"@id":"https:\/\/candas365.es\/noticias\/la-puesta-en-escena-de-ulrich-siegmund\/#mainImage"},"datePublished":"2026-09-03T15:53:43+02:00","dateModified":"2026-09-03T15:53:43+02:00"},{"@type":"WebSite","@id":"https:\/\/candas365.es\/noticias\/#website","url":"https:\/\/candas365.es\/noticias\/","name":"Cand\u00e1s 365","alternateName":"Cand\u00e1s 365 Noticias","description":"Actualidad desde Carre\u00f1o para el mundo","inLanguage":"es-ES","publisher":{"@id":"https:\/\/candas365.es\/noticias\/#organization"}}]},"og:locale":"es_ES","og:site_name":"Cand\u00e1s 365","og:type":"article","og:title":"La puesta en escena de Ulrich Siegmund \u2013 Cand\u00e1s 365","og:description":"Tangerm\u00fcnde (Alemania), 1 sep (dpa) - Sin importar el lugar que visite como parte de la campa\u00f1a electoral en Sajonia-Anhalt, a Ulrich Siegmund le aguardan","og:url":"https:\/\/candas365.es\/noticias\/la-puesta-en-escena-de-ulrich-siegmund\/","og:image":"https:\/\/candas365.es\/noticias\/wp-content\/uploads\/2026\/09\/La-puesta-en-escena-de-Ulrich-Siegmund.jpg","og:image:secure_url":"https:\/\/candas365.es\/noticias\/wp-content\/uploads\/2026\/09\/La-puesta-en-escena-de-Ulrich-Siegmund.jpg","og:image:width":1246,"og:image:height":816,"article:published_time":"2026-09-03T13:53:43+00:00","article:modified_time":"2026-09-03T13:53:43+00:00","article:publisher":"https:\/\/www.facebook.com\/Nachofdezber","article:author":"https:\/\/www.facebook.com\/Nachofdezber","twitter:card":"summary_large_image","twitter:site":"@candas365","twitter:title":"La puesta en escena de Ulrich Siegmund \u2013 Cand\u00e1s 365","twitter:description":"Tangerm\u00fcnde (Alemania), 1 sep (dpa) - Sin importar el lugar que visite como parte de la campa\u00f1a electoral en Sajonia-Anhalt, a Ulrich Siegmund le aguardan","twitter:creator":"@candas365","twitter:image":"https:\/\/candas365.es\/noticias\/wp-content\/uploads\/2026\/09\/La-puesta-en-escena-de-Ulrich-Siegmund.jpg","twitter:label1":"Escrito por","twitter:data1":"Cand\u00e1s 365","twitter:label2":"Tiempo de lectura estimado","twitter:data2":"4 minutos"},"aioseo_meta_data":{"post_id":"197976","title":null,"description":"Tangerm\u00fcnde (Alemania), 1 sep (dpa) - Sin importar el lugar que visite como parte de la campa\u00f1a electoral en Sajonia-Anhalt, a Ulrich Siegmund le aguardan","keywords":null,"keyphrases":{"focus":{"keyphrase":"Ulrich Siegmund","score":0,"analysis":[]},"additional":[]},"primary_term":null,"canonical_url":null,"og_title":"#post_title #separator_sa #site_title","og_description":"Tangerm\u00fcnde (Alemania), 1 sep (dpa) - Sin importar el lugar que visite como parte de la campa\u00f1a electoral en Sajonia-Anhalt, a Ulrich Siegmund le aguardan","og_object_type":"default","og_image_type":"default","og_image_url":null,"og_image_width":null,"og_image_height":null,"og_image_custom_url":null,"og_image_custom_fields":null,"og_video":"","og_custom_url":null,"og_article_section":null,"og_article_tags":null,"twitter_use_og":true,"twitter_card":"default","twitter_image_type":"default","twitter_image_url":null,"twitter_image_custom_url":null,"twitter_image_custom_fields":null,"twitter_title":null,"twitter_description":null,"schema":{"blockGraphs":[],"customGraphs":[],"default":{"data":{"Article":[],"Course":[],"Dataset":[],"FAQPage":[],"Movie":[],"Person":[],"Product":[],"ProductReview":[],"Car":[],"Recipe":[],"Service":[],"SoftwareApplication":[],"WebPage":[]},"graphName":"NewsArticle","isEnabled":true},"graphs":[]},"schema_type":"default","schema_type_options":null,"pillar_content":false,"robots_default":true,"robots_noindex":false,"robots_noarchive":false,"robots_nosnippet":false,"robots_nofollow":false,"robots_noimageindex":false,"robots_noodp":false,"robots_notranslate":false,"robots_max_snippet":"-1","robots_max_videopreview":"-1","robots_max_imagepreview":"large","priority":null,"frequency":"default","location":null,"local_seo":null,"seo_analyzer_scan_date":"2026-09-03 13:54:49","breadcrumb_settings":null,"limit_modified_date":false,"reviewed_by":"0","open_ai":null,"ai":{"faqs":[],"keyPoints":[],"schemas":[],"titles":[],"descriptions":[],"socialPosts":{"email":{"subject":"","preview":"","content":""},"linkedin":[],"twitter":[],"facebook":[],"instagram":[]}},"created":"2026-09-03 13:47:29","updated":"2026-09-03 14:21:45","focus_keyword":"Ulrich Siegmund","additional_keywords":null,"truseo_locale":null},"aioseo_breadcrumb":"<div class=\"aioseo-breadcrumbs\"><span class=\"aioseo-breadcrumb\">\n\t<a href=\"https:\/\/candas365.es\/noticias\" title=\"Home\">Home<\/a>\n<\/span><span class=\"aioseo-breadcrumb-separator\">&ndash;<\/span><span class=\"aioseo-breadcrumb\">\n\t<a href=\"https:\/\/candas365.es\/noticias\/category\/internacional\/\" title=\"Internacional\">Internacional<\/a>\n<\/span><span class=\"aioseo-breadcrumb-separator\">&ndash;<\/span><span class=\"aioseo-breadcrumb\">\n\tLa puesta en escena de Ulrich Siegmund\n<\/span><\/div>","aioseo_breadcrumb_json":[{"label":"Home","link":"https:\/\/candas365.es\/noticias"},{"label":"Internacional","link":"https:\/\/candas365.es\/noticias\/category\/internacional\/"},{"label":"La puesta en escena de Ulrich Siegmund","link":"https:\/\/candas365.es\/noticias\/la-puesta-en-escena-de-ulrich-siegmund\/"}],"_links":{"self":[{"href":"https:\/\/candas365.es\/noticias\/wp-json\/wp\/v2\/posts\/197976","targetHints":{"allow":["GET"]}}],"collection":[{"href":"https:\/\/candas365.es\/noticias\/wp-json\/wp\/v2\/posts"}],"about":[{"href":"https:\/\/candas365.es\/noticias\/wp-json\/wp\/v2\/types\/post"}],"author":[{"embeddable":true,"href":"https:\/\/candas365.es\/noticias\/wp-json\/wp\/v2\/users\/1"}],"replies":[{"embeddable":true,"href":"https:\/\/candas365.es\/noticias\/wp-json\/wp\/v2\/comments?post=197976"}],"version-history":[{"count":1,"href":"https:\/\/candas365.es\/noticias\/wp-json\/wp\/v2\/posts\/197976\/revisions"}],"predecessor-version":[{"id":197978,"href":"https:\/\/candas365.es\/noticias\/wp-json\/wp\/v2\/posts\/197976\/revisions\/197978"}],"wp:featuredmedia":[{"embeddable":true,"href":"https:\/\/candas365.es\/noticias\/wp-json\/wp\/v2\/media\/197977"}],"wp:attachment":[{"href":"https:\/\/candas365.es\/noticias\/wp-json\/wp\/v2\/media?parent=197976"}],"wp:term":[{"taxonomy":"category","embeddable":true,"href":"https:\/\/candas365.es\/noticias\/wp-json\/wp\/v2\/categories?post=197976"},{"taxonomy":"post_tag","embeddable":true,"href":"https:\/\/candas365.es\/noticias\/wp-json\/wp\/v2\/tags?post=197976"}],"curies":[{"name":"wp","href":"https:\/\/api.w.org\/{rel}","templated":true}]}}