{"id":197973,"date":"2026-09-03T15:45:01","date_gmt":"2026-09-03T13:45:01","guid":{"rendered":"https:\/\/candas365.es\/noticias\/?p=197973"},"modified":"2026-09-03T15:45:01","modified_gmt":"2026-09-03T13:45:01","slug":"afd-carga-contra-la-bauhaus-en-alemania","status":"publish","type":"post","link":"https:\/\/candas365.es\/noticias\/afd-carga-contra-la-bauhaus-en-alemania\/","title":{"rendered":"AfD carga contra la Bauhaus en Alemania"},"content":{"rendered":"<p><span class=\"dateline\">Dessau-Rosslau (Alemania), 1 sep\u00a0<span class=\"credit\">(<a href=\"https:\/\/www.dpa-news.de\/\" target=\"_blank\" rel=\"noopener\"><span style=\"color: #ff6600;\"><strong>dpa<\/strong><\/span><\/a>)<\/span>\u00a0&#8211;\u00a0<\/span>Hace un siglo, la Bauhaus revolucion\u00f3 la forma de ver el mundo mediante el impulso de un estilo de dise\u00f1o minimalista, al tiempo que se convert\u00eda en blanco de los ataques del nazismo.<\/p>\n<figure id=\"attachment_197974\" aria-describedby=\"caption-attachment-197974\" style=\"width: 639px\" class=\"wp-caption aligncenter\"><img fetchpriority=\"high\" decoding=\"async\" class=\"size-large wp-image-197974\" src=\"https:\/\/candas365.es\/noticias\/wp-content\/uploads\/2026\/09\/AfD-carga-contra-la-Bauhaus-en-Alemania-639x480.jpg\" alt=\"AfD carga contra la Bauhaus en Alemania\" width=\"639\" height=\"480\" srcset=\"https:\/\/candas365.es\/noticias\/wp-content\/uploads\/2026\/09\/AfD-carga-contra-la-Bauhaus-en-Alemania-639x480.jpg 639w, https:\/\/candas365.es\/noticias\/wp-content\/uploads\/2026\/09\/AfD-carga-contra-la-Bauhaus-en-Alemania-360x270.jpg 360w, https:\/\/candas365.es\/noticias\/wp-content\/uploads\/2026\/09\/AfD-carga-contra-la-Bauhaus-en-Alemania-768x577.jpg 768w, https:\/\/candas365.es\/noticias\/wp-content\/uploads\/2026\/09\/AfD-carga-contra-la-Bauhaus-en-Alemania-150x113.jpg 150w, https:\/\/candas365.es\/noticias\/wp-content\/uploads\/2026\/09\/AfD-carga-contra-la-Bauhaus-en-Alemania-450x338.jpg 450w, https:\/\/candas365.es\/noticias\/wp-content\/uploads\/2026\/09\/AfD-carga-contra-la-Bauhaus-en-Alemania.jpg 1126w\" sizes=\"(max-width: 639px) 100vw, 639px\" \/><figcaption id=\"caption-attachment-197974\" class=\"wp-caption-text\">Foto: Jan Woitas\/dpa<\/figcaption><\/figure>\n<p>Hoy, exactamente en el mismo lugar donde entonces luch\u00f3 por su supervivencia, la escuela vuelve a ser objeto de embates pol\u00edticos luego de que la agrupaci\u00f3n pol\u00edtica de extrema derecha <a href=\"https:\/\/candas365.es\/noticias\/tag\/politica\/\"><span style=\"color: #ff6600;\"><strong>Alternativa para Alemania<\/strong><\/span><\/a> (AfD) en la regi\u00f3n de Sajonia-Anhalt la declar\u00f3 como un \u00abcamino equivocado de la modernidad\u00bb.<\/p>\n<p>Este partido pol\u00edtico de extrema derecha aspira a entrar en el Gobierno regional en las pr\u00f3ximas elecciones regionales, que se celebran este pr\u00f3ximo domingo.<\/p>\n<p>La Bauhaus, fundada en 1919 por Walter Gropius y otros en Weimar, es conocida en todo el mundo. La escuela de arte ten\u00eda como objetivo unir la artesan\u00eda, la arquitectura, el arte y la vida pr\u00e1cticamente como un laboratorio experimental para una nueva configuraci\u00f3n de la sociedad.<\/p>\n<p>M\u00e1s tarde, la Bauhaus se traslad\u00f3 a Dessau y Berl\u00edn, donde tuvo que cerrar debido a la presi\u00f3n pol\u00edtica. Sin embargo, sus enfoques y formas de dise\u00f1o siguen influyendo en el arte y la arquitectura hasta el d\u00eda de hoy.<\/p>\n<p>Por ejemplo, est\u00e1n las Casas de los Maestros en Dessau, edificios en Chicago o Tel Aviv y objetos de dise\u00f1o como la l\u00e1mpara esf\u00e9rica o la silla de tubos de acero con estructura oscilante.<\/p>\n<h1><strong>C\u00f3mo la AfD convierte a la Bauhaus en un enemigo<\/strong><\/h1>\n<p>La AfD, por su parte, critica a la Bauhaus. Con motivo de las celebraciones por el centenario de la escuela, afirm\u00f3 que se deb\u00eda evitar una \u00abglorificaci\u00f3n unilateral del legado de la Bauhaus\u00bb.<\/p>\n<p>\u00abLa difusi\u00f3n internacional del estilo Bauhaus condujo a una especie de &#8216;uniformidad&#8217;\u00a0global\u00bb, seg\u00fan la tesis de la AfD, que habla\u00a0de \u00aberrores arquitect\u00f3nicos hist\u00f3ricos\u00bb.<\/p>\n<p>Asimismo, la decisi\u00f3n del Gobierno regional de Sajonia-Anhalt de apoyar\u00a0su campa\u00f1a institucional en la Bauhaus bajo el lema \u00ab#moderndenken\u00bb\u00a0(#pensarmoderno) gener\u00f3 el rechazo de la AfD, que propuso sustituirlo por \u00ab#deutschdenken\u00bb\u00a0(#pensaralem\u00e1n).<\/p>\n<p>El hecho de que un Gobierno regional, ante la abundancia de la gran historia alemana que va desde Ot\u00f3n I hasta Bismarck y Nietzsche, \u00abno recurra a ning\u00fan otro tema m\u00e1s que a una escuela de arquitectura controvertida, es en s\u00ed misma\u00a0una clara se\u00f1al del trastorno de identidad que criticamos y que sanaremos\u00bb, sostiene el programa electoral, al que la AfD denomin\u00f3 \u00abprograma de gobierno\u00bb.<\/p>\n<p>El vicepresidente regional de la AfD, Hans-Thomas Tillschneider, utiliz\u00f3 en octubre de 2024 un lenguaje dr\u00e1stico en el Parlamento de Magdeburgo: \u00abLa Bauhaus viol\u00f3, con todo el arte del mundo, la necesidad humana de seguridad y comodidad\u00bb.<\/p>\n<h2><strong>Advertencia desde la carterade Cultura<\/strong><\/h2>\n<p>Antes de las elecciones al Parlamento regional, se form\u00f3 ahora una alianza que respalda el legado de la Bauhaus.<\/p>\n<p>El secretario de Estado de Cultura, Wolfram Weimer, advirti\u00f3 que la financiaci\u00f3n de la instituci\u00f3n de la Bauhaus en Dessau debe estar asegurada incluso en caso de que la AfD llegue a gobernar.<\/p>\n<p>\u00abQuien ataca esto\u00a0se vincula directamente con la persecuci\u00f3n de la Bauhaus por parte de los nazis, quienes persiguieron brutalmente a maestros de la Bauhaus como Feininger, Kandinsky, Klee o Schlemmer\u00bb, declar\u00f3 Weimer al peri\u00f3dico \u00abAugsburger Allgemeine\u00bb.<\/p>\n<p>Mientras tanto, el tambi\u00e9n puso en marcha un \u00abManifiesto de la Bauhaus\u00bb\u00a0a nivel nacional, en el que creadores culturales, artesanos, arquitectos e iglesias abogan por la libertad del arte y una sociedad abierta al mundo.<\/p>\n<p>Turingia y Anhalt fueron las regiones de aquella \u00e9poca donde los nazis tuvieron \u00e9xito por primera vez en Alemania. En 1930, el\u00a0Partido Nacionalsocialista Obrero Alem\u00e1n (NSDAP) logr\u00f3 por primera vez formar parte de un Gobierno regional en Turingia. En mayo de 1932, Alfred Freyberg se convirti\u00f3 en Anhalt en el primer jefe de Gobierno del NSDAP en Alemania.<\/p>\n<p>Tres meses despu\u00e9s, el consejo municipal de Dessau decidi\u00f3, a petici\u00f3n del NSDAP, cerrar all\u00ed la Bauhaus a partir del 1 de octubre.<\/p>\n<h3><strong>\u00abUn vocabulario similar al de hace 100 a\u00f1os\u00bb<\/strong><\/h3>\n<p>La directora de la Fundaci\u00f3n Bauhaus Dessau, Barbara Steiner, observa con preocupaci\u00f3n las elecciones regionales. Advirti\u00f3 que la AfD obtendr\u00e1 muchos m\u00e1s votos que en las \u00faltimas elecciones al Parlamento de Magdeburgo y que esto tendr\u00e1 consecuencias.\u00a0Seg\u00fan ella, en el programa de la AfD\u00a0\u00abse trata de promover la idea de una cultura nacionalista alemana y \u00e9tnica\u00bb.<\/p>\n<p>\u00abCuriosamente, la AfD utiliza un vocabulario similar al de hace 100 a\u00f1os para criticar a la Bauhaus: hostilidad hacia la tradici\u00f3n, p\u00e9rdida de la patria, desarraigo, sustituibilidad, uniformidad, cosmopolitismo\u00bb, se\u00f1al\u00f3 Steiner. Subray\u00f3 no obstante que el hecho de que la Bauhaus sea mundialmente conocida\u00a0garantiza que siga llamando la atenci\u00f3n.<\/p>\n<p><i class=\"lang-es\"><span class=\" readonly\" title=\"\">Por D\u00f6rthe Hein y Julia Kilian (dpa)<\/span><\/i><\/p>\n","protected":false},"excerpt":{"rendered":"<p>Dessau-Rosslau (Alemania), 1 sep\u00a0(dpa)\u00a0&#8211;\u00a0Hace un siglo, la Bauhaus revolucion\u00f3 la forma de ver el mundo mediante el impulso de un estilo de dise\u00f1o minimalista, al tiempo que se convert\u00eda en blanco de los ataques del nazismo. Hoy, exactamente en el mismo lugar donde entonces luch\u00f3 por su supervivencia, la escuela vuelve a ser objeto de<\/p>\n","protected":false},"author":1,"featured_media":197974,"comment_status":"closed","ping_status":"closed","sticky":false,"template":"","format":"standard","meta":{"footnotes":""},"categories":[485],"tags":[417,470],"class_list":["post-197973","post","type-post","status-publish","format-standard","has-post-thumbnail","category-internacional","tag-alemania","tag-politica"],"aioseo_notices":[],"aioseo_head":"\n\t\t<!-- All in One SEO Pro 5.0.1.1 - aioseo.com -->\n\t<meta name=\"description\" content=\"Dessau-Rosslau (Alemania), 1 sep (dpa) - Hace un siglo, la Bauhaus revolucion\u00f3 la forma de ver el mundo mediante el impulso de un estilo de dise\u00f1o minimalista\" \/>\n\t<meta name=\"robots\" content=\"max-image-preview:large\" \/>\n\t<meta name=\"author\" content=\"Cand\u00e1s 365\"\/>\n\t<meta name=\"google-site-verification\" content=\"UA-32230408-1\" \/>\n\t<meta name=\"msvalidate.01\" content=\"354F3CDFB2DA171B47FBE9ABF1F88D5\" \/>\n\t<meta name=\"keywords\" content=\"internacional\" \/>\n\t<link rel=\"canonical\" href=\"https:\/\/candas365.es\/noticias\/afd-carga-contra-la-bauhaus-en-alemania\/\" \/>\n\t<meta name=\"generator\" content=\"All in One SEO Pro (AIOSEO) 5.0.1.1\" \/>\n\t\t<meta property=\"og:locale\" content=\"es_ES\" \/>\n\t\t<meta property=\"og:site_name\" content=\"Cand\u00e1s 365\" \/>\n\t\t<meta property=\"og:type\" content=\"article\" \/>\n\t\t<meta property=\"og:title\" content=\"AfD carga contra la Bauhaus en Alemania \u2013 Cand\u00e1s 365\" \/>\n\t\t<meta property=\"og:description\" content=\"Dessau-Rosslau (Alemania), 1 sep (dpa) - Hace un siglo, la Bauhaus revolucion\u00f3 la forma de ver el mundo mediante el impulso de un estilo de dise\u00f1o minimalista\" \/>\n\t\t<meta property=\"og:url\" content=\"https:\/\/candas365.es\/noticias\/afd-carga-contra-la-bauhaus-en-alemania\/\" \/>\n\t\t<meta property=\"og:image\" content=\"https:\/\/candas365.es\/noticias\/wp-content\/uploads\/2026\/09\/AfD-carga-contra-la-Bauhaus-en-Alemania.jpg\" \/>\n\t\t<meta property=\"og:image:secure_url\" content=\"https:\/\/candas365.es\/noticias\/wp-content\/uploads\/2026\/09\/AfD-carga-contra-la-Bauhaus-en-Alemania.jpg\" \/>\n\t\t<meta property=\"og:image:width\" content=\"1126\" \/>\n\t\t<meta property=\"og:image:height\" content=\"846\" \/>\n\t\t<meta property=\"article:published_time\" content=\"2026-09-03T13:45:01+00:00\" \/>\n\t\t<meta property=\"article:modified_time\" content=\"2026-09-03T13:45:01+00:00\" \/>\n\t\t<meta property=\"article:publisher\" content=\"https:\/\/www.facebook.com\/Nachofdezber\" \/>\n\t\t<meta property=\"article:author\" content=\"https:\/\/www.facebook.com\/Nachofdezber\" \/>\n\t\t<meta name=\"twitter:card\" content=\"summary_large_image\" \/>\n\t\t<meta name=\"twitter:site\" content=\"@candas365\" \/>\n\t\t<meta name=\"twitter:title\" content=\"AfD carga contra la Bauhaus en Alemania \u2013 Cand\u00e1s 365\" \/>\n\t\t<meta name=\"twitter:description\" content=\"Dessau-Rosslau (Alemania), 1 sep (dpa) - Hace un siglo, la Bauhaus revolucion\u00f3 la forma de ver el mundo mediante el impulso de un estilo de dise\u00f1o minimalista\" \/>\n\t\t<meta name=\"twitter:creator\" content=\"@candas365\" \/>\n\t\t<meta name=\"twitter:image\" content=\"https:\/\/candas365.es\/noticias\/wp-content\/uploads\/2026\/09\/AfD-carga-contra-la-Bauhaus-en-Alemania.jpg\" \/>\n\t\t<meta name=\"twitter:label1\" content=\"Escrito por\" \/>\n\t\t<meta name=\"twitter:data1\" content=\"Cand\u00e1s 365\" \/>\n\t\t<meta name=\"twitter:label2\" content=\"Tiempo de lectura estimado\" \/>\n\t\t<meta name=\"twitter:data2\" content=\"4 minutos\" \/>\n\t\t<script type=\"application\/ld+json\" class=\"aioseo-schema\">\n\t\t\t{\"@context\":\"https:\\\/\\\/schema.org\",\"@graph\":[{\"@type\":\"BreadcrumbList\",\"@id\":\"https:\\\/\\\/candas365.es\\\/noticias\\\/afd-carga-contra-la-bauhaus-en-alemania\\\/#breadcrumblist\",\"itemListElement\":[{\"@type\":\"ListItem\",\"@id\":\"https:\\\/\\\/candas365.es\\\/noticias#listItem\",\"position\":1,\"name\":\"Home\",\"item\":\"https:\\\/\\\/candas365.es\\\/noticias\",\"nextItem\":{\"@type\":\"ListItem\",\"@id\":\"https:\\\/\\\/candas365.es\\\/noticias\\\/category\\\/internacional\\\/#listItem\",\"name\":\"Internacional\"}},{\"@type\":\"ListItem\",\"@id\":\"https:\\\/\\\/candas365.es\\\/noticias\\\/category\\\/internacional\\\/#listItem\",\"position\":2,\"name\":\"Internacional\",\"item\":\"https:\\\/\\\/candas365.es\\\/noticias\\\/category\\\/internacional\\\/\",\"nextItem\":{\"@type\":\"ListItem\",\"@id\":\"https:\\\/\\\/candas365.es\\\/noticias\\\/afd-carga-contra-la-bauhaus-en-alemania\\\/#listItem\",\"name\":\"AfD carga contra la Bauhaus en Alemania\"},\"previousItem\":{\"@type\":\"ListItem\",\"@id\":\"https:\\\/\\\/candas365.es\\\/noticias#listItem\",\"name\":\"Home\"}},{\"@type\":\"ListItem\",\"@id\":\"https:\\\/\\\/candas365.es\\\/noticias\\\/afd-carga-contra-la-bauhaus-en-alemania\\\/#listItem\",\"position\":3,\"name\":\"AfD carga contra la Bauhaus en Alemania\",\"previousItem\":{\"@type\":\"ListItem\",\"@id\":\"https:\\\/\\\/candas365.es\\\/noticias\\\/category\\\/internacional\\\/#listItem\",\"name\":\"Internacional\"}}]},{\"@type\":\"NewsArticle\",\"@id\":\"https:\\\/\\\/candas365.es\\\/noticias\\\/afd-carga-contra-la-bauhaus-en-alemania\\\/#newsarticle\",\"name\":\"AfD carga contra la Bauhaus en Alemania | Cand\\u00e1s 365\",\"headline\":\"AfD carga contra la Bauhaus en Alemania\",\"author\":{\"@id\":\"https:\\\/\\\/candas365.es\\\/noticias\\\/author\\\/admin\\\/#author\"},\"publisher\":{\"@id\":\"https:\\\/\\\/candas365.es\\\/noticias\\\/#organization\"},\"image\":{\"@type\":\"ImageObject\",\"url\":\"https:\\\/\\\/candas365.es\\\/noticias\\\/wp-content\\\/uploads\\\/2026\\\/09\\\/AfD-carga-contra-la-Bauhaus-en-Alemania.jpg\",\"width\":1126,\"height\":846,\"caption\":\"Foto: Jan Woitas\\\/dpa\"},\"datePublished\":\"2026-09-03T15:45:01+02:00\",\"dateModified\":\"2026-09-03T15:45:01+02:00\",\"inLanguage\":\"es-ES\",\"mainEntityOfPage\":{\"@id\":\"https:\\\/\\\/candas365.es\\\/noticias\\\/afd-carga-contra-la-bauhaus-en-alemania\\\/#webpage\"},\"isPartOf\":{\"@id\":\"https:\\\/\\\/candas365.es\\\/noticias\\\/afd-carga-contra-la-bauhaus-en-alemania\\\/#webpage\"},\"articleSection\":\"Internacional, Alemania, pol\\u00edtica\",\"dateline\":\"Publicado el septiembre 3, 2026.\"},{\"@type\":\"Organization\",\"@id\":\"https:\\\/\\\/candas365.es\\\/noticias\\\/#organization\",\"name\":\"Cand\\u00e1s 365\",\"description\":\"Cand\\u00e1s 365 es un diario digital independiente, fundado en 2012, con base en Asturias. Informamos con rigor sobre actualidad, sociedad, cultura y ocio, con una mirada local y global.\",\"url\":\"https:\\\/\\\/candas365.es\\\/noticias\\\/\",\"email\":\"info@candas365.es\",\"telephone\":\"+34652131393\",\"foundingDate\":\"2012-06-10\",\"logo\":{\"@type\":\"ImageObject\",\"url\":\"https:\\\/\\\/candas365.es\\\/noticias\\\/wp-content\\\/uploads\\\/2024\\\/09\\\/Candas-365-Redes.jpg\",\"@id\":\"https:\\\/\\\/candas365.es\\\/noticias\\\/afd-carga-contra-la-bauhaus-en-alemania\\\/#organizationLogo\",\"width\":1152,\"height\":864,\"caption\":\"Cand\\u00e1s 365 Redes\"},\"image\":{\"@id\":\"https:\\\/\\\/candas365.es\\\/noticias\\\/afd-carga-contra-la-bauhaus-en-alemania\\\/#organizationLogo\"},\"sameAs\":[\"https:\\\/\\\/www.facebook.com\\\/Nachofdezber\",\"https:\\\/\\\/x.com\\\/candas365\",\"https:\\\/\\\/www.instagram.com\\\/nachofdezber\\\/\",\"https:\\\/\\\/www.youtube.com\\\/channel\\\/UCZP-2wLEB9Rv6erhFmqVnvg\"],\"address\":{\"@id\":\"https:\\\/\\\/candas365.es\\\/noticias\\\/#postaladdress\",\"@type\":\"PostalAddress\",\"streetAddress\":\"san antonio 4, san antonio 4\",\"postalCode\":\"33430\",\"addressLocality\":\"Cand\\u00e1s\",\"addressRegion\":\"Asturias\",\"addressCountry\":\"ES\"}},{\"@type\":\"Person\",\"@id\":\"https:\\\/\\\/candas365.es\\\/noticias\\\/author\\\/admin\\\/#author\",\"url\":\"https:\\\/\\\/candas365.es\\\/noticias\\\/author\\\/admin\\\/\",\"name\":\"Cand\\u00e1s 365\",\"image\":{\"@type\":\"ImageObject\",\"@id\":\"https:\\\/\\\/candas365.es\\\/noticias\\\/afd-carga-contra-la-bauhaus-en-alemania\\\/#authorImage\",\"url\":\"https:\\\/\\\/candas365.es\\\/noticias\\\/wp-content\\\/uploads\\\/2026\\\/07\\\/cropped-eyevuvEl_400x400-96x96.jpg\",\"width\":96,\"height\":96,\"caption\":\"Cand\\u00e1s 365\"},\"sameAs\":[\"https:\\\/\\\/www.facebook.com\\\/Nachofdezber\",\"https:\\\/\\\/x.com\\\/candas365\",\"https:\\\/\\\/www.instagram.com\\\/nachofdezber\\\/\",\"https:\\\/\\\/www.youtube.com\\\/channel\\\/UCZP-2wLEB9Rv6erhFmqVnvg\"]},{\"@type\":\"WebPage\",\"@id\":\"https:\\\/\\\/candas365.es\\\/noticias\\\/afd-carga-contra-la-bauhaus-en-alemania\\\/#webpage\",\"url\":\"https:\\\/\\\/candas365.es\\\/noticias\\\/afd-carga-contra-la-bauhaus-en-alemania\\\/\",\"name\":\"AfD carga contra la Bauhaus en Alemania | Cand\\u00e1s 365\",\"description\":\"Dessau-Rosslau (Alemania), 1 sep (dpa) - Hace un siglo, la Bauhaus revolucion\\u00f3 la forma de ver el mundo mediante el impulso de un estilo de dise\\u00f1o minimalista\",\"inLanguage\":\"es-ES\",\"isPartOf\":{\"@id\":\"https:\\\/\\\/candas365.es\\\/noticias\\\/#website\"},\"breadcrumb\":{\"@id\":\"https:\\\/\\\/candas365.es\\\/noticias\\\/afd-carga-contra-la-bauhaus-en-alemania\\\/#breadcrumblist\"},\"author\":{\"@id\":\"https:\\\/\\\/candas365.es\\\/noticias\\\/author\\\/admin\\\/#author\"},\"creator\":{\"@id\":\"https:\\\/\\\/candas365.es\\\/noticias\\\/author\\\/admin\\\/#author\"},\"image\":{\"@type\":\"ImageObject\",\"url\":\"https:\\\/\\\/candas365.es\\\/noticias\\\/wp-content\\\/uploads\\\/2026\\\/09\\\/AfD-carga-contra-la-Bauhaus-en-Alemania.jpg\",\"@id\":\"https:\\\/\\\/candas365.es\\\/noticias\\\/afd-carga-contra-la-bauhaus-en-alemania\\\/#mainImage\",\"width\":1126,\"height\":846,\"caption\":\"Foto: Jan Woitas\\\/dpa\"},\"primaryImageOfPage\":{\"@id\":\"https:\\\/\\\/candas365.es\\\/noticias\\\/afd-carga-contra-la-bauhaus-en-alemania\\\/#mainImage\"},\"datePublished\":\"2026-09-03T15:45:01+02:00\",\"dateModified\":\"2026-09-03T15:45:01+02:00\"},{\"@type\":\"WebSite\",\"@id\":\"https:\\\/\\\/candas365.es\\\/noticias\\\/#website\",\"url\":\"https:\\\/\\\/candas365.es\\\/noticias\\\/\",\"name\":\"Cand\\u00e1s 365\",\"alternateName\":\"Cand\\u00e1s 365 Noticias\",\"description\":\"Actualidad desde Carre\\u00f1o para el mundo\",\"inLanguage\":\"es-ES\",\"publisher\":{\"@id\":\"https:\\\/\\\/candas365.es\\\/noticias\\\/#organization\"}}]}\n\t\t<\/script>\n\t\t<!-- All in One SEO Pro -->\r\n\t\t<title>AfD carga contra la Bauhaus en Alemania | Cand\u00e1s 365<\/title>\n\n","aioseo_head_json":{"title":"AfD carga contra la Bauhaus en Alemania | Cand\u00e1s 365","description":"Dessau-Rosslau (Alemania), 1 sep (dpa) - Hace un siglo, la Bauhaus revolucion\u00f3 la forma de ver el mundo mediante el impulso de un estilo de dise\u00f1o minimalista","canonical_url":"https:\/\/candas365.es\/noticias\/afd-carga-contra-la-bauhaus-en-alemania\/","robots":"max-image-preview:large","keywords":"internacional","webmasterTools":{"google-site-verification":"UA-32230408-1","msvalidate.01":"354F3CDFB2DA171B47FBE9ABF1F88D5","miscellaneous":""},"schema":{"@context":"https:\/\/schema.org","@graph":[{"@type":"BreadcrumbList","@id":"https:\/\/candas365.es\/noticias\/afd-carga-contra-la-bauhaus-en-alemania\/#breadcrumblist","itemListElement":[{"@type":"ListItem","@id":"https:\/\/candas365.es\/noticias#listItem","position":1,"name":"Home","item":"https:\/\/candas365.es\/noticias","nextItem":{"@type":"ListItem","@id":"https:\/\/candas365.es\/noticias\/category\/internacional\/#listItem","name":"Internacional"}},{"@type":"ListItem","@id":"https:\/\/candas365.es\/noticias\/category\/internacional\/#listItem","position":2,"name":"Internacional","item":"https:\/\/candas365.es\/noticias\/category\/internacional\/","nextItem":{"@type":"ListItem","@id":"https:\/\/candas365.es\/noticias\/afd-carga-contra-la-bauhaus-en-alemania\/#listItem","name":"AfD carga contra la Bauhaus en Alemania"},"previousItem":{"@type":"ListItem","@id":"https:\/\/candas365.es\/noticias#listItem","name":"Home"}},{"@type":"ListItem","@id":"https:\/\/candas365.es\/noticias\/afd-carga-contra-la-bauhaus-en-alemania\/#listItem","position":3,"name":"AfD carga contra la Bauhaus en Alemania","previousItem":{"@type":"ListItem","@id":"https:\/\/candas365.es\/noticias\/category\/internacional\/#listItem","name":"Internacional"}}]},{"@type":"NewsArticle","@id":"https:\/\/candas365.es\/noticias\/afd-carga-contra-la-bauhaus-en-alemania\/#newsarticle","name":"AfD carga contra la Bauhaus en Alemania | Cand\u00e1s 365","headline":"AfD carga contra la Bauhaus en Alemania","author":{"@id":"https:\/\/candas365.es\/noticias\/author\/admin\/#author"},"publisher":{"@id":"https:\/\/candas365.es\/noticias\/#organization"},"image":{"@type":"ImageObject","url":"https:\/\/candas365.es\/noticias\/wp-content\/uploads\/2026\/09\/AfD-carga-contra-la-Bauhaus-en-Alemania.jpg","width":1126,"height":846,"caption":"Foto: Jan Woitas\/dpa"},"datePublished":"2026-09-03T15:45:01+02:00","dateModified":"2026-09-03T15:45:01+02:00","inLanguage":"es-ES","mainEntityOfPage":{"@id":"https:\/\/candas365.es\/noticias\/afd-carga-contra-la-bauhaus-en-alemania\/#webpage"},"isPartOf":{"@id":"https:\/\/candas365.es\/noticias\/afd-carga-contra-la-bauhaus-en-alemania\/#webpage"},"articleSection":"Internacional, Alemania, pol\u00edtica","dateline":"Publicado el septiembre 3, 2026."},{"@type":"Organization","@id":"https:\/\/candas365.es\/noticias\/#organization","name":"Cand\u00e1s 365","description":"Cand\u00e1s 365 es un diario digital independiente, fundado en 2012, con base en Asturias. Informamos con rigor sobre actualidad, sociedad, cultura y ocio, con una mirada local y global.","url":"https:\/\/candas365.es\/noticias\/","email":"info@candas365.es","telephone":"+34652131393","foundingDate":"2012-06-10","logo":{"@type":"ImageObject","url":"https:\/\/candas365.es\/noticias\/wp-content\/uploads\/2024\/09\/Candas-365-Redes.jpg","@id":"https:\/\/candas365.es\/noticias\/afd-carga-contra-la-bauhaus-en-alemania\/#organizationLogo","width":1152,"height":864,"caption":"Cand\u00e1s 365 Redes"},"image":{"@id":"https:\/\/candas365.es\/noticias\/afd-carga-contra-la-bauhaus-en-alemania\/#organizationLogo"},"sameAs":["https:\/\/www.facebook.com\/Nachofdezber","https:\/\/x.com\/candas365","https:\/\/www.instagram.com\/nachofdezber\/","https:\/\/www.youtube.com\/channel\/UCZP-2wLEB9Rv6erhFmqVnvg"],"address":{"@id":"https:\/\/candas365.es\/noticias\/#postaladdress","@type":"PostalAddress","streetAddress":"san antonio 4, san antonio 4","postalCode":"33430","addressLocality":"Cand\u00e1s","addressRegion":"Asturias","addressCountry":"ES"}},{"@type":"Person","@id":"https:\/\/candas365.es\/noticias\/author\/admin\/#author","url":"https:\/\/candas365.es\/noticias\/author\/admin\/","name":"Cand\u00e1s 365","image":{"@type":"ImageObject","@id":"https:\/\/candas365.es\/noticias\/afd-carga-contra-la-bauhaus-en-alemania\/#authorImage","url":"https:\/\/candas365.es\/noticias\/wp-content\/uploads\/2026\/07\/cropped-eyevuvEl_400x400-96x96.jpg","width":96,"height":96,"caption":"Cand\u00e1s 365"},"sameAs":["https:\/\/www.facebook.com\/Nachofdezber","https:\/\/x.com\/candas365","https:\/\/www.instagram.com\/nachofdezber\/","https:\/\/www.youtube.com\/channel\/UCZP-2wLEB9Rv6erhFmqVnvg"]},{"@type":"WebPage","@id":"https:\/\/candas365.es\/noticias\/afd-carga-contra-la-bauhaus-en-alemania\/#webpage","url":"https:\/\/candas365.es\/noticias\/afd-carga-contra-la-bauhaus-en-alemania\/","name":"AfD carga contra la Bauhaus en Alemania | Cand\u00e1s 365","description":"Dessau-Rosslau (Alemania), 1 sep (dpa) - Hace un siglo, la Bauhaus revolucion\u00f3 la forma de ver el mundo mediante el impulso de un estilo de dise\u00f1o minimalista","inLanguage":"es-ES","isPartOf":{"@id":"https:\/\/candas365.es\/noticias\/#website"},"breadcrumb":{"@id":"https:\/\/candas365.es\/noticias\/afd-carga-contra-la-bauhaus-en-alemania\/#breadcrumblist"},"author":{"@id":"https:\/\/candas365.es\/noticias\/author\/admin\/#author"},"creator":{"@id":"https:\/\/candas365.es\/noticias\/author\/admin\/#author"},"image":{"@type":"ImageObject","url":"https:\/\/candas365.es\/noticias\/wp-content\/uploads\/2026\/09\/AfD-carga-contra-la-Bauhaus-en-Alemania.jpg","@id":"https:\/\/candas365.es\/noticias\/afd-carga-contra-la-bauhaus-en-alemania\/#mainImage","width":1126,"height":846,"caption":"Foto: Jan Woitas\/dpa"},"primaryImageOfPage":{"@id":"https:\/\/candas365.es\/noticias\/afd-carga-contra-la-bauhaus-en-alemania\/#mainImage"},"datePublished":"2026-09-03T15:45:01+02:00","dateModified":"2026-09-03T15:45:01+02:00"},{"@type":"WebSite","@id":"https:\/\/candas365.es\/noticias\/#website","url":"https:\/\/candas365.es\/noticias\/","name":"Cand\u00e1s 365","alternateName":"Cand\u00e1s 365 Noticias","description":"Actualidad desde Carre\u00f1o para el mundo","inLanguage":"es-ES","publisher":{"@id":"https:\/\/candas365.es\/noticias\/#organization"}}]},"og:locale":"es_ES","og:site_name":"Cand\u00e1s 365","og:type":"article","og:title":"AfD carga contra la Bauhaus en Alemania \u2013 Cand\u00e1s 365","og:description":"Dessau-Rosslau (Alemania), 1 sep (dpa) - Hace un siglo, la Bauhaus revolucion\u00f3 la forma de ver el mundo mediante el impulso de un estilo de dise\u00f1o minimalista","og:url":"https:\/\/candas365.es\/noticias\/afd-carga-contra-la-bauhaus-en-alemania\/","og:image":"https:\/\/candas365.es\/noticias\/wp-content\/uploads\/2026\/09\/AfD-carga-contra-la-Bauhaus-en-Alemania.jpg","og:image:secure_url":"https:\/\/candas365.es\/noticias\/wp-content\/uploads\/2026\/09\/AfD-carga-contra-la-Bauhaus-en-Alemania.jpg","og:image:width":1126,"og:image:height":846,"article:published_time":"2026-09-03T13:45:01+00:00","article:modified_time":"2026-09-03T13:45:01+00:00","article:publisher":"https:\/\/www.facebook.com\/Nachofdezber","article:author":"https:\/\/www.facebook.com\/Nachofdezber","twitter:card":"summary_large_image","twitter:site":"@candas365","twitter:title":"AfD carga contra la Bauhaus en Alemania \u2013 Cand\u00e1s 365","twitter:description":"Dessau-Rosslau (Alemania), 1 sep (dpa) - Hace un siglo, la Bauhaus revolucion\u00f3 la forma de ver el mundo mediante el impulso de un estilo de dise\u00f1o minimalista","twitter:creator":"@candas365","twitter:image":"https:\/\/candas365.es\/noticias\/wp-content\/uploads\/2026\/09\/AfD-carga-contra-la-Bauhaus-en-Alemania.jpg","twitter:label1":"Escrito por","twitter:data1":"Cand\u00e1s 365","twitter:label2":"Tiempo de lectura estimado","twitter:data2":"4 minutos"},"aioseo_meta_data":{"post_id":"197973","title":null,"description":"Dessau-Rosslau (Alemania), 1 sep (dpa) - Hace un siglo, la Bauhaus revolucion\u00f3 la forma de ver el mundo mediante el impulso de un estilo de dise\u00f1o minimalista","keywords":null,"keyphrases":{"focus":{"keyphrase":"Bauhaus","score":0,"analysis":[]},"additional":[]},"primary_term":null,"canonical_url":null,"og_title":"#post_title #separator_sa #site_title","og_description":"Dessau-Rosslau (Alemania), 1 sep (dpa) - Hace un siglo, la Bauhaus revolucion\u00f3 la forma de ver el mundo mediante el impulso de un estilo de dise\u00f1o minimalista","og_object_type":"default","og_image_type":"default","og_image_url":null,"og_image_width":null,"og_image_height":null,"og_image_custom_url":null,"og_image_custom_fields":null,"og_video":"","og_custom_url":null,"og_article_section":null,"og_article_tags":null,"twitter_use_og":true,"twitter_card":"default","twitter_image_type":"default","twitter_image_url":null,"twitter_image_custom_url":null,"twitter_image_custom_fields":null,"twitter_title":null,"twitter_description":null,"schema":{"blockGraphs":[],"customGraphs":[],"default":{"data":{"Article":[],"Course":[],"Dataset":[],"FAQPage":[],"Movie":[],"Person":[],"Product":[],"ProductReview":[],"Car":[],"Recipe":[],"Service":[],"SoftwareApplication":[],"WebPage":[]},"graphName":"NewsArticle","isEnabled":true},"graphs":[]},"schema_type":"default","schema_type_options":null,"pillar_content":false,"robots_default":true,"robots_noindex":false,"robots_noarchive":false,"robots_nosnippet":false,"robots_nofollow":false,"robots_noimageindex":false,"robots_noodp":false,"robots_notranslate":false,"robots_max_snippet":"-1","robots_max_videopreview":"-1","robots_max_imagepreview":"large","priority":null,"frequency":"default","location":null,"local_seo":null,"seo_analyzer_scan_date":"2026-09-03 13:45:29","breadcrumb_settings":null,"limit_modified_date":false,"reviewed_by":"0","open_ai":null,"ai":{"faqs":[],"keyPoints":[],"schemas":[],"titles":[],"descriptions":[],"socialPosts":{"email":{"subject":"","preview":"","content":""},"linkedin":[],"twitter":[],"facebook":[],"instagram":[]}},"created":"2026-09-03 13:36:17","updated":"2026-09-03 14:21:44","focus_keyword":"Bauhaus","additional_keywords":null,"truseo_locale":null},"aioseo_breadcrumb":"<div class=\"aioseo-breadcrumbs\"><span class=\"aioseo-breadcrumb\">\n\t<a href=\"https:\/\/candas365.es\/noticias\" title=\"Home\">Home<\/a>\n<\/span><span class=\"aioseo-breadcrumb-separator\">&ndash;<\/span><span class=\"aioseo-breadcrumb\">\n\t<a href=\"https:\/\/candas365.es\/noticias\/category\/internacional\/\" title=\"Internacional\">Internacional<\/a>\n<\/span><span class=\"aioseo-breadcrumb-separator\">&ndash;<\/span><span class=\"aioseo-breadcrumb\">\n\tAfD carga contra la Bauhaus en Alemania\n<\/span><\/div>","aioseo_breadcrumb_json":[{"label":"Home","link":"https:\/\/candas365.es\/noticias"},{"label":"Internacional","link":"https:\/\/candas365.es\/noticias\/category\/internacional\/"},{"label":"AfD carga contra la Bauhaus en Alemania","link":"https:\/\/candas365.es\/noticias\/afd-carga-contra-la-bauhaus-en-alemania\/"}],"_links":{"self":[{"href":"https:\/\/candas365.es\/noticias\/wp-json\/wp\/v2\/posts\/197973","targetHints":{"allow":["GET"]}}],"collection":[{"href":"https:\/\/candas365.es\/noticias\/wp-json\/wp\/v2\/posts"}],"about":[{"href":"https:\/\/candas365.es\/noticias\/wp-json\/wp\/v2\/types\/post"}],"author":[{"embeddable":true,"href":"https:\/\/candas365.es\/noticias\/wp-json\/wp\/v2\/users\/1"}],"replies":[{"embeddable":true,"href":"https:\/\/candas365.es\/noticias\/wp-json\/wp\/v2\/comments?post=197973"}],"version-history":[{"count":1,"href":"https:\/\/candas365.es\/noticias\/wp-json\/wp\/v2\/posts\/197973\/revisions"}],"predecessor-version":[{"id":197975,"href":"https:\/\/candas365.es\/noticias\/wp-json\/wp\/v2\/posts\/197973\/revisions\/197975"}],"wp:featuredmedia":[{"embeddable":true,"href":"https:\/\/candas365.es\/noticias\/wp-json\/wp\/v2\/media\/197974"}],"wp:attachment":[{"href":"https:\/\/candas365.es\/noticias\/wp-json\/wp\/v2\/media?parent=197973"}],"wp:term":[{"taxonomy":"category","embeddable":true,"href":"https:\/\/candas365.es\/noticias\/wp-json\/wp\/v2\/categories?post=197973"},{"taxonomy":"post_tag","embeddable":true,"href":"https:\/\/candas365.es\/noticias\/wp-json\/wp\/v2\/tags?post=197973"}],"curies":[{"name":"wp","href":"https:\/\/api.w.org\/{rel}","templated":true}]}}